{"id":1730191,"date":"2026-03-11T06:56:36","date_gmt":"2026-03-11T09:56:36","guid":{"rendered":"https:\/\/www.estrategiaconcursos.com.br\/blog\/?p=1730191"},"modified":"2026-03-11T06:56:38","modified_gmt":"2026-03-11T09:56:38","slug":"concurso-prefeitura-rio-preto-da-eva","status":"publish","type":"post","link":"https:\/\/www.estrategiaconcursos.com.br\/blog\/concurso-prefeitura-rio-preto-da-eva\/","title":{"rendered":"Concurso Rio Preto da Eva (AM): PS 2026 aberto"},"content":{"rendered":"\n<p style=\"font-size:clamp(16.293px, 1.018rem + ((1vw - 3.2px) * 0.854), 25px);\"><strong><em>A Prefeitura de Rio Preto da Eva, no Amazonas, publicou edital de Processo Seletivo Simplificado em 2026 para cadastro reserva na \u00e1rea de educa\u00e7\u00e3o, com 30 fun\u00e7\u00f5es de n\u00edvel m\u00e9dio e superior.<\/em><\/strong><\/p>\n\n\n\n<p>Rio Preto da Eva \u00e9 um munic\u00edpio localizado na regi\u00e3o metropolitana de Manaus, no estado do Amazonas. A Prefeitura, por meio da Secretaria Municipal de Educa\u00e7\u00e3o, Cultura e Desporto (SEMECD), abriu processo seletivo simplificado voltado \u00e0 forma\u00e7\u00e3o de cadastro reserva para cargos da rede municipal de ensino. O munic\u00edpio mant\u00e9m hist\u00f3rico frequente de sele\u00e7\u00f5es p\u00fablicas, com registros de certames desde 2013.<\/p>\n\n\n\n<ul class=\"wp-block-list has-very-light-gray-to-cyan-bluish-gray-gradient-background has-background\">\n<li><strong>Prefeitura de Rio Preto da Eva <em>&#8211; <span style=\"text-decoration: underline;\">pr\u00f3ximo concurso<\/span><\/em><\/strong><\/li>\n<li><strong>Status:<\/strong> edital publicado (inscri\u00e7\u00f5es abertas)<\/li>\n<\/ul>\n\n\n\n<h2 class=\"wp-block-heading\" id=\"situacao-atual\">Situa\u00e7\u00e3o atual do concurso Prefeitura de Rio Preto da Eva<\/h2>\n\n\n\n<p>A Prefeitura de Rio Preto da Eva publicou edital de Processo Seletivo Simplificado em fevereiro de 2026 para forma\u00e7\u00e3o de cadastro reserva em cargos da rede municipal de ensino. A sele\u00e7\u00e3o contempla profissionais de n\u00edvel m\u00e9dio e superior, com 30 fun\u00e7\u00f5es na \u00e1rea de educa\u00e7\u00e3o. Os interessados devem acompanhar os prazos e orienta\u00e7\u00f5es diretamente no site oficial da Prefeitura.<\/p>\n\n\n\n<h2 class=\"wp-block-heading\" id=\"ultimo-concurso\">\u00daltimo concurso Prefeitura de Rio Preto da Eva<\/h2>\n\n\n\n<p>O certame mais recente da Prefeitura de Rio Preto da Eva foi publicado em fevereiro de 2026, por meio da SEMECD. Trata-se de Processo Seletivo Simplificado destinado \u00e0 forma\u00e7\u00e3o de cadastro reserva para a rede municipal de ensino, com remunera\u00e7\u00f5es de R$ 1.621,00 a R$ 3.100,00 e exig\u00eancia de n\u00edvel m\u00e9dio e superior. Os cargos contemplados s\u00e3o:<\/p>\n\n\n\n<ul class=\"wp-block-list\">\n<li>Professor de Educa\u00e7\u00e3o Infantil Creche\/Pr\u00e9-escola<\/li>\n<li>Professor do Ensino Fundamental \u2013 Anos Iniciais (1\u00ba ao 5\u00ba ano)<\/li>\n<li>Professor de Educa\u00e7\u00e3o F\u00edsica<\/li>\n<li>Professor de L\u00edngua Portuguesa<\/li>\n<li>Professor de L\u00edngua Inglesa<\/li>\n<li>Professor de Matem\u00e1tica<\/li>\n<li>Professor de Geografia<\/li>\n<li>Professor de Hist\u00f3ria<\/li>\n<li>Professor de Ci\u00eancias<\/li>\n<li>Professor de Artes<\/li>\n<li>Professor de Educa\u00e7\u00e3o F\u00edsica \u2013 Educa\u00e7\u00e3o Infantil<\/li>\n<li>Professor de Educa\u00e7\u00e3o F\u00edsica do 1\u00ba ao 5\u00ba Ano<\/li>\n<li>Professor Ind\u00edgena de Pr\u00e9-escola<\/li>\n<li>Professor Ind\u00edgena do Ensino Fundamental \u2013 Anos Iniciais<\/li>\n<li>Professor \u2013 AEE<\/li>\n<li>Professor Ind\u00edgena \u2013 AEE<\/li>\n<li>Auxiliar de Vida (Educa\u00e7\u00e3o Especial)<\/li>\n<li>Professor de Educa\u00e7\u00e3o Infantil \u2013 Pr\u00e9-escola<\/li>\n<li>Professor do Ensino Fundamental \u2013 Anos Iniciais<\/li>\n<li>Professor de Educa\u00e7\u00e3o F\u00edsica do 1\u00ba ao 5\u00ba Ano<\/li>\n<li>Professor de Educa\u00e7\u00e3o F\u00edsica do Ensino Fundamental \u2013 Anos Finais<\/li>\n<li>Professor de L\u00edngua Portuguesa<\/li>\n<li>Professor de L\u00edngua Inglesa<\/li>\n<li>Professor de Matem\u00e1tica<\/li>\n<li>Professor de Geografia<\/li>\n<li>Professor de Hist\u00f3ria<\/li>\n<li>Professor de Ci\u00eancias<\/li>\n<li>Professor de Artes<\/li>\n<li>Professor de AEE<\/li>\n<li>Auxiliar de Vida (Educa\u00e7\u00e3o Especial)<\/li>\n<\/ul>\n\n\n\n<ul class=\"wp-block-list has-very-light-gray-to-cyan-bluish-gray-gradient-background has-background\">\n<li><strong>Prefeitura de Rio Preto da Eva <em>&#8211; <span style=\"text-decoration: underline;\">\u00faltimo concurso<\/span><\/em><\/strong><\/li>\n<li><strong>Ano:<\/strong> 2026<\/li>\n<li><strong>Sal\u00e1rio:<\/strong> de R$ 1.621,00 a R$ 3.100,00<\/li>\n<li><strong>Escolaridade:<\/strong> n\u00edvel m\u00e9dio e superior<\/li>\n<\/ul>\n\n\n\n<h2 class=\"wp-block-heading\" id=\"linha-do-tempo\">Linha do tempo<\/h2>\n\n\n\n<ul class=\"wp-block-list\">\n<li><strong>2025:<\/strong> Processo Seletivo com 50 vagas para cargos de n\u00edvel m\u00e9dio e superior, com sal\u00e1rios de at\u00e9 R$ 3.870,00. No mesmo ano, outro processo seletivo ofereceu 258 vagas com remunera\u00e7\u00f5es de at\u00e9 R$ 2.500,00.<\/li>\n<li><strong>2024:<\/strong> Processo Seletivo com 28 vagas para Vigia Escolar (n\u00edvel m\u00e9dio), com sal\u00e1rio de at\u00e9 R$ 1.450,00. Outro certame ofereceu 76 vagas para Motorista de Transporte Escolar, Auxiliar de Vida Escolar e Auxiliar Administrativo \u2013 Rural.<\/li>\n<li><strong>2023:<\/strong> Processo Seletivo com 197 vagas para cargos de n\u00edvel m\u00e9dio e superior, com sal\u00e1rios de at\u00e9 R$ 2.200,00. Outra sele\u00e7\u00e3o ofertou 9 vagas para Monitores de Transporte Escolar.<\/li>\n<li><strong>2022:<\/strong> Processo Seletivo com 204 vagas para cargos de n\u00edvel m\u00e9dio e superior, com sal\u00e1rios de at\u00e9 R$ 2.200,00.<\/li>\n<li><strong>2019:<\/strong> Processo Seletivo com 60 vagas para cargos de n\u00edvel superior, com sal\u00e1rios de at\u00e9 R$ 1.548,32.<\/li>\n<li><strong>2015:<\/strong> Concurso P\u00fablico com 198 vagas para cargos de n\u00edvel fundamental, m\u00e9dio e superior, com sal\u00e1rios de at\u00e9 R$ 1.390,39.<\/li>\n<li><strong>2013:<\/strong> Sele\u00e7\u00e3o com 434 vagas para Professor do Ensino Infantil e Fundamental, com sal\u00e1rios de at\u00e9 R$ 1.030,21.<\/li>\n<\/ul>\n\n\n\n<h2 class=\"wp-block-heading has-text-align-center\" id=\"mapa-regiao\">Veja Concursos Abertos na mesma regiao<\/h2>\n\n\n\n<iframe\n  src=\"https:\/\/www.estrategiaconcursos.com.br\/blog\/mapa-concursos\/embed?situacoes=Inscri%C3%A7%C3%B5es%20abertas&amp;estado=AM\"\n  width=\"100%\"\n  height=\"400\"\n  style=\"border: none; display: block;\"\n  title=\"Mapa de Concursos Publicos em Amazonas\"\n  loading=\"lazy\"><\/iframe>\n\n\n\n<h2 class=\"wp-block-heading has-text-align-center\" id=\"cursos\">Quer saber tudo sobre concursos previstos?<br \/>Confira nossos artigos!<\/h2>\n\n\n\n<ul class=\"wp-block-list\">\n<li><a href=\"https:\/\/www.estrategiaconcursos.com.br\/blog\/concursos-abertos\/\" target=\"_blank\" rel=\"noreferrer noopener\">Concursos Abertos<\/a><\/li>\n<li><a href=\"https:\/\/www.estrategiaconcursos.com.br\/blog\/concursos-2026\/\" target=\"_blank\" rel=\"noreferrer noopener\">Concursos 2026<\/a><\/li>\n<li><a href=\"https:\/\/www.estrategiaconcursos.com.br\/blog\/concursos-amazonas\/\" target=\"_blank\" rel=\"noreferrer noopener\">Concursos Amazonas<\/a><\/li>\n<\/ul>\n\n\n\n<div class=\"estrategia\" id=\"box-assinatura\">\n  <h3 class=\"titulo-assinatura\">Assinatura Concursos<\/h3>\n  <p class=\"subtitulo-assinatura\">Assinatura de 1 ano ou 2 anos<\/p>\n  <div class=\"box-botao\">\n    <a class=\"btn-assinatura\" target=\"_blank\" href=\"https:\/\/www.estrategiaconcursos.com.br\/assinaturas\/\" role=\"button\" rel=\"noopener noreferrer\">ASSINE AGORA<\/a>\n  <\/div>\n<\/div>\n\n\n\n<h3 class=\"wp-block-heading\" id=\"ficha\">Informa\u00e7\u00f5es do pr\u00f3ximo concurso Prefeitura de Rio Preto da Eva<\/h3>\n\n\n\n<ul class=\"wp-block-list\">\n<li><strong>Status:<\/strong> edital publicado (inscri\u00e7\u00f5es abertas)<\/li>\n<li><strong>Cargos:<\/strong> Professor (diversas especialidades) e Auxiliar de Vida (Educa\u00e7\u00e3o Especial)<\/li>\n<li><strong>Escolaridade:<\/strong> n\u00edvel m\u00e9dio e superior<\/li>\n<\/ul>\n\n\n\n<h3 class=\"wp-block-heading\">Informa\u00e7\u00f5es do \u00faltimo concurso Prefeitura de Rio Preto da Eva<\/h3>\n\n\n\n<ul class=\"wp-block-list\">\n<li><strong>Ano:<\/strong> 2026<\/li>\n<li><strong>Tipo:<\/strong> Processo Seletivo Simplificado (cadastro reserva)<\/li>\n<li><strong>Cargos:<\/strong> 30 fun\u00e7\u00f5es na \u00e1rea de educa\u00e7\u00e3o<\/li>\n<\/ul>\n\n\n\n<h3 class=\"wp-block-heading\">Fontes consultadas<\/h3>\n\n\n\n<ul class=\"wp-block-list\">\n<li><a href=\"https:\/\/riopretodaeva.am.gov.br\/\" target=\"_blank\" rel=\"noreferrer noopener\">Prefeitura Municipal de Rio Preto da Eva \u2013 AM<\/a><\/li>\n<li><a href=\"https:\/\/riopretodaeva.am.gov.br\/portal-da-transparencia\/\" target=\"_blank\" rel=\"noreferrer noopener\">Portal da Transpar\u00eancia \u2013 Prefeitura Municipal de Rio Preto da Eva \u2013 AM<\/a><\/li>\n<li><a href=\"https:\/\/riopretodaeva.am.gov.br\/o-municipio\/\" target=\"_blank\" rel=\"noreferrer noopener\">O Munic\u00edpio \u2013 Prefeitura Municipal de Rio Preto da Eva \u2013 AM<\/a><\/li>\n<\/ul>\n\n\n\n<div class=\"container\" id=\"boxes\">\n  <div class=\"row\">\n    <div class=\"col-sm\">\n      <div class=\"banner-prefeituras-ec\" id=\"box-assinatura\">\n        <h2 class=\"titulo-assinatura\" style=\"text-align: left;\">Concursos Prefeituras<\/h2>\n        <p class=\"subtitulo-assinatura\" style=\"text-align: left;\">Prepara\u00e7\u00e3o completa para a carreira!<\/p>\n        <div class=\"box-botao\" style=\"text-align: left;\">\n          <a class=\"btn-assinatura\" target=\"_blank\" href=\"https:\/\/www.estrategiaconcursos.com.br\/pesquisa\/?q=prefeitura+Rio+Preto+da+Eva\" role=\"button\" rel=\"noopener noreferrer\">EXPLORAR CURSOS<\/a>\n        <\/div>\n      <\/div>\n    <\/div>\n  <\/div>\n<\/div>\n\n","protected":false},"excerpt":{"rendered":"<p>A Prefeitura de Rio Preto da Eva, no Amazonas, publicou edital de Processo Seletivo Simplificado em 2026 para cadastro reserva na \u00e1rea de educa\u00e7\u00e3o, com 30 fun\u00e7\u00f5es de n\u00edvel m\u00e9dio e superior. Rio Preto da Eva \u00e9 um munic\u00edpio localizado na regi\u00e3o metropolitana de Manaus, no estado do Amazonas. A Prefeitura, por meio da Secretaria [&hellip;]<\/p>\n","protected":false},"author":344,"featured_media":1540739,"comment_status":"open","ping_status":"closed","sticky":false,"template":"","format":"standard","meta":{"post_tipo":"news_page","footnotes":""},"categories":[222278],"tags":[],"tax_estado":[219966],"class_list":["post-1730191","post","type-post","status-publish","format-standard","has-post-thumbnail","hentry","category-prefeituras","tax_estado-am"],"acf":[],"yoast_head":"<!-- This site is optimized with the Yoast SEO Premium plugin v27.2 (Yoast SEO v27.2) - https:\/\/yoast.com\/product\/yoast-seo-premium-wordpress\/ -->\n<title>Concurso Rio Preto da Eva (AM): PS 2026 aberto<\/title>\n<meta name=\"description\" content=\"A Prefeitura de Rio Preto da Eva (AM) abriu processo seletivo 2026 com 30 fun\u00e7\u00f5es na educa\u00e7\u00e3o, n\u00edveis m\u00e9dio e superior. Veja o edital e como participar.\" \/>\n<meta name=\"robots\" content=\"index, follow, max-snippet:-1, max-image-preview:large, max-video-preview:-1\" \/>\n<link rel=\"canonical\" href=\"https:\/\/www.estrategiaconcursos.com.br\/blog\/concurso-prefeitura-rio-preto-da-eva\/\" \/>\n<meta property=\"og:locale\" content=\"pt_BR\" \/>\n<meta property=\"og:type\" content=\"article\" \/>\n<meta property=\"og:title\" content=\"Concurso Rio Preto da Eva (AM): PS 2026 aberto\" \/>\n<meta property=\"og:description\" content=\"A Prefeitura de Rio Preto da Eva (AM) abriu processo seletivo 2026 com 30 fun\u00e7\u00f5es na educa\u00e7\u00e3o, n\u00edveis m\u00e9dio e superior. Veja o edital e como participar.\" \/>\n<meta property=\"og:url\" content=\"https:\/\/www.estrategiaconcursos.com.br\/blog\/concurso-prefeitura-rio-preto-da-eva\/\" \/>\n<meta property=\"og:site_name\" content=\"Estrat\u00e9gia Concursos\" \/>\n<meta property=\"article:author\" content=\"https:\/\/www.facebook.com\/coachluiseduardo\/\" \/>\n<meta property=\"article:published_time\" content=\"2026-03-11T09:56:36+00:00\" \/>\n<meta property=\"article:modified_time\" content=\"2026-03-11T09:56:38+00:00\" \/>\n<meta property=\"og:image\" content=\"https:\/\/dhg1h5j42swfq.cloudfront.net\/2025\/03\/05201612\/concursos-prefeituras-1024x536-1.jpg\" \/>\n\t<meta property=\"og:image:width\" content=\"1024\" \/>\n\t<meta property=\"og:image:height\" content=\"536\" \/>\n\t<meta property=\"og:image:type\" content=\"image\/jpeg\" \/>\n<meta name=\"author\" content=\"Luis Eduardo\" \/>\n<meta name=\"twitter:card\" content=\"summary_large_image\" \/>\n<meta name=\"twitter:creator\" content=\"@EstratConcursos\" \/>\n<meta name=\"twitter:site\" content=\"@EstratConcursos\" \/>\n<meta name=\"twitter:label1\" content=\"Escrito por\" \/>\n\t<meta name=\"twitter:data1\" content=\"Luis Eduardo\" \/>\n\t<meta name=\"twitter:label2\" content=\"Est. tempo de leitura\" \/>\n\t<meta name=\"twitter:data2\" content=\"4 minutos\" \/>\n<script type=\"application\/ld+json\" class=\"yoast-schema-graph\">{\"@context\":\"https:\/\/schema.org\",\"@graph\":[{\"@type\":\"NewsArticle\",\"@id\":\"https:\/\/www.estrategiaconcursos.com.br\/blog\/concurso-prefeitura-rio-preto-da-eva\/#article\",\"isPartOf\":{\"@id\":\"https:\/\/www.estrategiaconcursos.com.br\/blog\/concurso-prefeitura-rio-preto-da-eva\/\"},\"author\":{\"name\":\"Luis Eduardo\",\"@id\":\"https:\/\/www.estrategiaconcursos.com.br\/blog\/#\/schema\/person\/0906ff564105056f3b05978d503ee214\"},\"headline\":\"Concurso Rio Preto da Eva (AM): PS 2026 aberto\",\"datePublished\":\"2026-03-11T09:56:36+00:00\",\"dateModified\":\"2026-03-11T09:56:38+00:00\",\"mainEntityOfPage\":{\"@id\":\"https:\/\/www.estrategiaconcursos.com.br\/blog\/concurso-prefeitura-rio-preto-da-eva\/\"},\"wordCount\":760,\"commentCount\":0,\"publisher\":{\"@id\":\"https:\/\/www.estrategiaconcursos.com.br\/blog\/#organization\"},\"image\":{\"@id\":\"https:\/\/www.estrategiaconcursos.com.br\/blog\/concurso-prefeitura-rio-preto-da-eva\/#primaryimage\"},\"thumbnailUrl\":\"https:\/\/dhg1h5j42swfq.cloudfront.net\/2025\/03\/05201612\/concursos-prefeituras-1024x536-1.jpg\",\"articleSection\":[\"Prefeituras\"],\"inLanguage\":\"pt-BR\",\"potentialAction\":[{\"@type\":\"CommentAction\",\"name\":\"Comment\",\"target\":[\"https:\/\/www.estrategiaconcursos.com.br\/blog\/concurso-prefeitura-rio-preto-da-eva\/#respond\"]}],\"copyrightYear\":\"2026\",\"copyrightHolder\":{\"@id\":\"https:\/\/www.estrategiaconcursos.com.br\/blog\/#organization\"}},{\"@type\":\"WebPage\",\"@id\":\"https:\/\/www.estrategiaconcursos.com.br\/blog\/concurso-prefeitura-rio-preto-da-eva\/\",\"url\":\"https:\/\/www.estrategiaconcursos.com.br\/blog\/concurso-prefeitura-rio-preto-da-eva\/\",\"name\":\"Concurso Rio Preto da Eva (AM): PS 2026 aberto\",\"isPartOf\":{\"@id\":\"https:\/\/www.estrategiaconcursos.com.br\/blog\/#website\"},\"primaryImageOfPage\":{\"@id\":\"https:\/\/www.estrategiaconcursos.com.br\/blog\/concurso-prefeitura-rio-preto-da-eva\/#primaryimage\"},\"image\":{\"@id\":\"https:\/\/www.estrategiaconcursos.com.br\/blog\/concurso-prefeitura-rio-preto-da-eva\/#primaryimage\"},\"thumbnailUrl\":\"https:\/\/dhg1h5j42swfq.cloudfront.net\/2025\/03\/05201612\/concursos-prefeituras-1024x536-1.jpg\",\"datePublished\":\"2026-03-11T09:56:36+00:00\",\"dateModified\":\"2026-03-11T09:56:38+00:00\",\"description\":\"A Prefeitura de Rio Preto da Eva (AM) abriu processo seletivo 2026 com 30 fun\u00e7\u00f5es na educa\u00e7\u00e3o, n\u00edveis m\u00e9dio e superior. Veja o edital e como participar.\",\"breadcrumb\":{\"@id\":\"https:\/\/www.estrategiaconcursos.com.br\/blog\/concurso-prefeitura-rio-preto-da-eva\/#breadcrumb\"},\"inLanguage\":\"pt-BR\",\"potentialAction\":[{\"@type\":\"ReadAction\",\"target\":[\"https:\/\/www.estrategiaconcursos.com.br\/blog\/concurso-prefeitura-rio-preto-da-eva\/\"]}]},{\"@type\":\"ImageObject\",\"inLanguage\":\"pt-BR\",\"@id\":\"https:\/\/www.estrategiaconcursos.com.br\/blog\/concurso-prefeitura-rio-preto-da-eva\/#primaryimage\",\"url\":\"https:\/\/dhg1h5j42swfq.cloudfront.net\/2025\/03\/05201612\/concursos-prefeituras-1024x536-1.jpg\",\"contentUrl\":\"https:\/\/dhg1h5j42swfq.cloudfront.net\/2025\/03\/05201612\/concursos-prefeituras-1024x536-1.jpg\",\"width\":1024,\"height\":536,\"caption\":\"Concurso\"},{\"@type\":\"BreadcrumbList\",\"@id\":\"https:\/\/www.estrategiaconcursos.com.br\/blog\/concurso-prefeitura-rio-preto-da-eva\/#breadcrumb\",\"itemListElement\":[{\"@type\":\"ListItem\",\"position\":1,\"name\":\"In\u00edcio\",\"item\":\"https:\/\/www.estrategiaconcursos.com.br\/blog\/\"},{\"@type\":\"ListItem\",\"position\":2,\"name\":\"Concurso Rio Preto da Eva (AM): PS 2026 aberto\"}]},{\"@type\":\"WebSite\",\"@id\":\"https:\/\/www.estrategiaconcursos.com.br\/blog\/#website\",\"url\":\"https:\/\/www.estrategiaconcursos.com.br\/blog\/\",\"name\":\"Estrat\u00e9gia Concursos\",\"description\":\"O blog da Estrat\u00e9gia Concursos traz not\u00edcias sobre concursos e artigos de professores oferecendo cursos para concursos (pdf + videaulas) no site.\",\"publisher\":{\"@id\":\"https:\/\/www.estrategiaconcursos.com.br\/blog\/#organization\"},\"potentialAction\":[{\"@type\":\"SearchAction\",\"target\":{\"@type\":\"EntryPoint\",\"urlTemplate\":\"https:\/\/www.estrategiaconcursos.com.br\/blog\/?s={search_term_string}\"},\"query-input\":{\"@type\":\"PropertyValueSpecification\",\"valueRequired\":true,\"valueName\":\"search_term_string\"}}],\"inLanguage\":\"pt-BR\"},{\"@type\":\"Organization\",\"@id\":\"https:\/\/www.estrategiaconcursos.com.br\/blog\/#organization\",\"name\":\"Estrat\u00e9gia Concursos\",\"url\":\"https:\/\/www.estrategiaconcursos.com.br\/blog\/\",\"logo\":{\"@type\":\"ImageObject\",\"inLanguage\":\"pt-BR\",\"@id\":\"https:\/\/www.estrategiaconcursos.com.br\/blog\/#\/schema\/logo\/image\/\",\"url\":\"https:\/\/dhg1h5j42swfq.cloudfront.net\/2025\/06\/03203428\/logo_concursos-1.jpg\",\"contentUrl\":\"https:\/\/dhg1h5j42swfq.cloudfront.net\/2025\/06\/03203428\/logo_concursos-1.jpg\",\"width\":230,\"height\":60,\"caption\":\"Estrat\u00e9gia Concursos\"},\"image\":{\"@id\":\"https:\/\/www.estrategiaconcursos.com.br\/blog\/#\/schema\/logo\/image\/\"},\"sameAs\":[\"https:\/\/x.com\/EstratConcursos\"]},{\"@type\":\"Person\",\"@id\":\"https:\/\/www.estrategiaconcursos.com.br\/blog\/#\/schema\/person\/0906ff564105056f3b05978d503ee214\",\"name\":\"Luis Eduardo\",\"image\":{\"@type\":\"ImageObject\",\"inLanguage\":\"pt-BR\",\"@id\":\"https:\/\/secure.gravatar.com\/avatar\/3ce09d3c01f86018c4f3b15b9e6389f2ac325bc19863fdb79cd37fefb38517d1?s=96&d=mm&r=g\",\"url\":\"https:\/\/secure.gravatar.com\/avatar\/3ce09d3c01f86018c4f3b15b9e6389f2ac325bc19863fdb79cd37fefb38517d1?s=96&d=mm&r=g\",\"contentUrl\":\"https:\/\/secure.gravatar.com\/avatar\/3ce09d3c01f86018c4f3b15b9e6389f2ac325bc19863fdb79cd37fefb38517d1?s=96&d=mm&r=g\",\"caption\":\"Luis Eduardo\"},\"sameAs\":[\"https:\/\/www.facebook.com\/coachluiseduardo\/\"],\"url\":\"https:\/\/www.estrategiaconcursos.com.br\/blog\/author\/luiseduardoestrategiaconcursos-com-br\/\"}]}<\/script>\n<!-- \/ Yoast SEO Premium plugin. -->","yoast_head_json":{"title":"Concurso Rio Preto da Eva (AM): PS 2026 aberto","description":"A Prefeitura de Rio Preto da Eva (AM) abriu processo seletivo 2026 com 30 fun\u00e7\u00f5es na educa\u00e7\u00e3o, n\u00edveis m\u00e9dio e superior. Veja o edital e como participar.","robots":{"index":"index","follow":"follow","max-snippet":"max-snippet:-1","max-image-preview":"max-image-preview:large","max-video-preview":"max-video-preview:-1"},"canonical":"https:\/\/www.estrategiaconcursos.com.br\/blog\/concurso-prefeitura-rio-preto-da-eva\/","og_locale":"pt_BR","og_type":"article","og_title":"Concurso Rio Preto da Eva (AM): PS 2026 aberto","og_description":"A Prefeitura de Rio Preto da Eva (AM) abriu processo seletivo 2026 com 30 fun\u00e7\u00f5es na educa\u00e7\u00e3o, n\u00edveis m\u00e9dio e superior. Veja o edital e como participar.","og_url":"https:\/\/www.estrategiaconcursos.com.br\/blog\/concurso-prefeitura-rio-preto-da-eva\/","og_site_name":"Estrat\u00e9gia Concursos","article_author":"https:\/\/www.facebook.com\/coachluiseduardo\/","article_published_time":"2026-03-11T09:56:36+00:00","article_modified_time":"2026-03-11T09:56:38+00:00","og_image":[{"width":1024,"height":536,"url":"https:\/\/dhg1h5j42swfq.cloudfront.net\/2025\/03\/05201612\/concursos-prefeituras-1024x536-1.jpg","type":"image\/jpeg"}],"author":"Luis Eduardo","twitter_card":"summary_large_image","twitter_creator":"@EstratConcursos","twitter_site":"@EstratConcursos","twitter_misc":{"Escrito por":"Luis Eduardo","Est. tempo de leitura":"4 minutos"},"schema":{"@context":"https:\/\/schema.org","@graph":[{"@type":"NewsArticle","@id":"https:\/\/www.estrategiaconcursos.com.br\/blog\/concurso-prefeitura-rio-preto-da-eva\/#article","isPartOf":{"@id":"https:\/\/www.estrategiaconcursos.com.br\/blog\/concurso-prefeitura-rio-preto-da-eva\/"},"author":{"name":"Luis Eduardo","@id":"https:\/\/www.estrategiaconcursos.com.br\/blog\/#\/schema\/person\/0906ff564105056f3b05978d503ee214"},"headline":"Concurso Rio Preto da Eva (AM): PS 2026 aberto","datePublished":"2026-03-11T09:56:36+00:00","dateModified":"2026-03-11T09:56:38+00:00","mainEntityOfPage":{"@id":"https:\/\/www.estrategiaconcursos.com.br\/blog\/concurso-prefeitura-rio-preto-da-eva\/"},"wordCount":760,"commentCount":0,"publisher":{"@id":"https:\/\/www.estrategiaconcursos.com.br\/blog\/#organization"},"image":{"@id":"https:\/\/www.estrategiaconcursos.com.br\/blog\/concurso-prefeitura-rio-preto-da-eva\/#primaryimage"},"thumbnailUrl":"https:\/\/dhg1h5j42swfq.cloudfront.net\/2025\/03\/05201612\/concursos-prefeituras-1024x536-1.jpg","articleSection":["Prefeituras"],"inLanguage":"pt-BR","potentialAction":[{"@type":"CommentAction","name":"Comment","target":["https:\/\/www.estrategiaconcursos.com.br\/blog\/concurso-prefeitura-rio-preto-da-eva\/#respond"]}],"copyrightYear":"2026","copyrightHolder":{"@id":"https:\/\/www.estrategiaconcursos.com.br\/blog\/#organization"}},{"@type":"WebPage","@id":"https:\/\/www.estrategiaconcursos.com.br\/blog\/concurso-prefeitura-rio-preto-da-eva\/","url":"https:\/\/www.estrategiaconcursos.com.br\/blog\/concurso-prefeitura-rio-preto-da-eva\/","name":"Concurso Rio Preto da Eva (AM): PS 2026 aberto","isPartOf":{"@id":"https:\/\/www.estrategiaconcursos.com.br\/blog\/#website"},"primaryImageOfPage":{"@id":"https:\/\/www.estrategiaconcursos.com.br\/blog\/concurso-prefeitura-rio-preto-da-eva\/#primaryimage"},"image":{"@id":"https:\/\/www.estrategiaconcursos.com.br\/blog\/concurso-prefeitura-rio-preto-da-eva\/#primaryimage"},"thumbnailUrl":"https:\/\/dhg1h5j42swfq.cloudfront.net\/2025\/03\/05201612\/concursos-prefeituras-1024x536-1.jpg","datePublished":"2026-03-11T09:56:36+00:00","dateModified":"2026-03-11T09:56:38+00:00","description":"A Prefeitura de Rio Preto da Eva (AM) abriu processo seletivo 2026 com 30 fun\u00e7\u00f5es na educa\u00e7\u00e3o, n\u00edveis m\u00e9dio e superior. Veja o edital e como participar.","breadcrumb":{"@id":"https:\/\/www.estrategiaconcursos.com.br\/blog\/concurso-prefeitura-rio-preto-da-eva\/#breadcrumb"},"inLanguage":"pt-BR","potentialAction":[{"@type":"ReadAction","target":["https:\/\/www.estrategiaconcursos.com.br\/blog\/concurso-prefeitura-rio-preto-da-eva\/"]}]},{"@type":"ImageObject","inLanguage":"pt-BR","@id":"https:\/\/www.estrategiaconcursos.com.br\/blog\/concurso-prefeitura-rio-preto-da-eva\/#primaryimage","url":"https:\/\/dhg1h5j42swfq.cloudfront.net\/2025\/03\/05201612\/concursos-prefeituras-1024x536-1.jpg","contentUrl":"https:\/\/dhg1h5j42swfq.cloudfront.net\/2025\/03\/05201612\/concursos-prefeituras-1024x536-1.jpg","width":1024,"height":536,"caption":"Concurso"},{"@type":"BreadcrumbList","@id":"https:\/\/www.estrategiaconcursos.com.br\/blog\/concurso-prefeitura-rio-preto-da-eva\/#breadcrumb","itemListElement":[{"@type":"ListItem","position":1,"name":"In\u00edcio","item":"https:\/\/www.estrategiaconcursos.com.br\/blog\/"},{"@type":"ListItem","position":2,"name":"Concurso Rio Preto da Eva (AM): PS 2026 aberto"}]},{"@type":"WebSite","@id":"https:\/\/www.estrategiaconcursos.com.br\/blog\/#website","url":"https:\/\/www.estrategiaconcursos.com.br\/blog\/","name":"Estrat\u00e9gia Concursos","description":"O blog da Estrat\u00e9gia Concursos traz not\u00edcias sobre concursos e artigos de professores oferecendo cursos para concursos (pdf + videaulas) no site.","publisher":{"@id":"https:\/\/www.estrategiaconcursos.com.br\/blog\/#organization"},"potentialAction":[{"@type":"SearchAction","target":{"@type":"EntryPoint","urlTemplate":"https:\/\/www.estrategiaconcursos.com.br\/blog\/?s={search_term_string}"},"query-input":{"@type":"PropertyValueSpecification","valueRequired":true,"valueName":"search_term_string"}}],"inLanguage":"pt-BR"},{"@type":"Organization","@id":"https:\/\/www.estrategiaconcursos.com.br\/blog\/#organization","name":"Estrat\u00e9gia Concursos","url":"https:\/\/www.estrategiaconcursos.com.br\/blog\/","logo":{"@type":"ImageObject","inLanguage":"pt-BR","@id":"https:\/\/www.estrategiaconcursos.com.br\/blog\/#\/schema\/logo\/image\/","url":"https:\/\/dhg1h5j42swfq.cloudfront.net\/2025\/06\/03203428\/logo_concursos-1.jpg","contentUrl":"https:\/\/dhg1h5j42swfq.cloudfront.net\/2025\/06\/03203428\/logo_concursos-1.jpg","width":230,"height":60,"caption":"Estrat\u00e9gia Concursos"},"image":{"@id":"https:\/\/www.estrategiaconcursos.com.br\/blog\/#\/schema\/logo\/image\/"},"sameAs":["https:\/\/x.com\/EstratConcursos"]},{"@type":"Person","@id":"https:\/\/www.estrategiaconcursos.com.br\/blog\/#\/schema\/person\/0906ff564105056f3b05978d503ee214","name":"Luis Eduardo","image":{"@type":"ImageObject","inLanguage":"pt-BR","@id":"https:\/\/secure.gravatar.com\/avatar\/3ce09d3c01f86018c4f3b15b9e6389f2ac325bc19863fdb79cd37fefb38517d1?s=96&d=mm&r=g","url":"https:\/\/secure.gravatar.com\/avatar\/3ce09d3c01f86018c4f3b15b9e6389f2ac325bc19863fdb79cd37fefb38517d1?s=96&d=mm&r=g","contentUrl":"https:\/\/secure.gravatar.com\/avatar\/3ce09d3c01f86018c4f3b15b9e6389f2ac325bc19863fdb79cd37fefb38517d1?s=96&d=mm&r=g","caption":"Luis Eduardo"},"sameAs":["https:\/\/www.facebook.com\/coachluiseduardo\/"],"url":"https:\/\/www.estrategiaconcursos.com.br\/blog\/author\/luiseduardoestrategiaconcursos-com-br\/"}]}},"_links":{"self":[{"href":"https:\/\/www.estrategiaconcursos.com.br\/blog\/wp-json\/wp\/v2\/posts\/1730191","targetHints":{"allow":["GET"]}}],"collection":[{"href":"https:\/\/www.estrategiaconcursos.com.br\/blog\/wp-json\/wp\/v2\/posts"}],"about":[{"href":"https:\/\/www.estrategiaconcursos.com.br\/blog\/wp-json\/wp\/v2\/types\/post"}],"author":[{"embeddable":true,"href":"https:\/\/www.estrategiaconcursos.com.br\/blog\/wp-json\/wp\/v2\/users\/344"}],"replies":[{"embeddable":true,"href":"https:\/\/www.estrategiaconcursos.com.br\/blog\/wp-json\/wp\/v2\/comments?post=1730191"}],"version-history":[{"count":3,"href":"https:\/\/www.estrategiaconcursos.com.br\/blog\/wp-json\/wp\/v2\/posts\/1730191\/revisions"}],"predecessor-version":[{"id":1730194,"href":"https:\/\/www.estrategiaconcursos.com.br\/blog\/wp-json\/wp\/v2\/posts\/1730191\/revisions\/1730194"}],"wp:featuredmedia":[{"embeddable":true,"href":"https:\/\/www.estrategiaconcursos.com.br\/blog\/wp-json\/wp\/v2\/media\/1540739"}],"wp:attachment":[{"href":"https:\/\/www.estrategiaconcursos.com.br\/blog\/wp-json\/wp\/v2\/media?parent=1730191"}],"wp:term":[{"taxonomy":"category","embeddable":true,"href":"https:\/\/www.estrategiaconcursos.com.br\/blog\/wp-json\/wp\/v2\/categories?post=1730191"},{"taxonomy":"post_tag","embeddable":true,"href":"https:\/\/www.estrategiaconcursos.com.br\/blog\/wp-json\/wp\/v2\/tags?post=1730191"},{"taxonomy":"tax_estado","embeddable":true,"href":"https:\/\/www.estrategiaconcursos.com.br\/blog\/wp-json\/wp\/v2\/tax_estado?post=1730191"}],"curies":[{"name":"wp","href":"https:\/\/api.w.org\/{rel}","templated":true}]}}