{"id":1730071,"date":"2026-04-12T07:43:00","date_gmt":"2026-04-12T10:43:00","guid":{"rendered":"https:\/\/www.estrategiaconcursos.com.br\/blog\/?p=1730071"},"modified":"2026-04-14T09:02:21","modified_gmt":"2026-04-14T12:02:21","slug":"concurso-pm-rn-edital-publicado-2026","status":"publish","type":"post","link":"https:\/\/www.estrategiaconcursos.com.br\/blog\/concurso-pm-rn-edital-publicado-2026\/","title":{"rendered":"Edital PM RN publicado! 146 para Pra\u00e7as da Sa\u00fade e M\u00fasicos"},"content":{"rendered":"\n<p style=\"font-size:clamp(15.197px, 0.95rem + ((1vw - 3.2px) * 0.765), 23px);\"><strong><em>Concurso PM RN tem edital publicado com vagas de n\u00edvel superior. Provas em junho!<\/em><\/strong><\/p>\n\n\n\n<p>Foi publicado o aguardado <strong>edital PM RN<\/strong> (<a href=\"https:\/\/www.estrategiaconcursos.com.br\/cursosPorConcurso\/policia-militar-rn\/\" target=\"_blank\" rel=\"noreferrer noopener\">Pol\u00edcia Militar do Estado do Rio Grande do Norte<\/a>).<\/p>\n\n\n\n<p>S\u00e3o ofertadas <strong>146 vagas para Pra\u00e7as de Sa\u00fade e M\u00fasicos. <\/strong>O sal\u00e1rio inicial \u00e9 de <strong>R$ 4.245,64 para o posto de Soldado (ap\u00f3s forma\u00e7\u00e3o)<\/strong>.<\/p>\n\n\n\n<p>\u00c9 exigida gradua\u00e7\u00e3o em n\u00edvel superior nos graus bacharelado, licenciatura ou tecn\u00f3logo (este apenas para Sa\u00fade) e comprova\u00e7\u00e3o de habilita\u00e7\u00e3o t\u00e9cnica na \u00e1rea exigida, acompanhada de registro no conselho profissional.<\/p>\n\n\n\n<p>Sob organiza\u00e7\u00e3o do Idecan, as inscri\u00e7\u00f5es j\u00e1 est\u00e3o encerradas e puderam ser realizadas at\u00e9 o dia 13 de abril, ao custo de R$ 130,00. As <strong>provas s\u00e3o previstas em 14 de junho<\/strong>.<\/p>\n\n\n\n<ul class=\"wp-block-list has-very-light-gray-to-cyan-bluish-gray-gradient-background has-background\">\n<li><strong>Edital PM RN Pra\u00e7as &#8211; 2026<\/strong><\/li>\n\n\n\n<li><strong>Banca: <\/strong><a href=\"https:\/\/concurso.idecan.org.br\/Concurso.aspx?ID=222\" target=\"_blank\" rel=\"noreferrer noopener\">Idecan<\/a><\/li>\n\n\n\n<li><strong style=\"background-color: initial; color: initial;\">Vagas<\/strong><span style=\"background-color: initial; color: initial;\">: <\/span>146<\/li>\n\n\n\n<li><strong>Sal\u00e1rio<\/strong>: R$ 4.245,64 (ap\u00f3s forma\u00e7\u00e3o)<\/li>\n\n\n\n<li><strong>Edital:<\/strong> <a href=\"https:\/\/dhg1h5j42swfq.cloudfront.net\/2026\/03\/17115437\/edital-pmrn-2026.pdf\" target=\"_blank\" rel=\"noreferrer noopener nofollow\">PM RN-2026<\/a><\/li>\n<\/ul>\n\n\n\n<div class=\"container\" id=\"boxes\">\n  <div class=\"row\"> \n\n    <div class=\"col-sm\">\n      <div class=\"banner-policia-militar\" id=\"box-assinatura\">\n        <h3 class=\"titulo-assinatura\">Concurso PM RN<\/h3>\n        <p class=\"subtitulo-assinatura\">Rumo \u00e0 carreira policial dos seus sonhos! \u2b50<\/p>\n        <div class=\"box-botao\">\n          <a class=\"btn-assinatura\" target=\"_blank\" href=\"https:\/\/www.estrategiaconcursos.com.br\/cursosPorConcurso\/policia-militar-rn\/\" role=\"button\" rel=\"noopener noreferrer\">VER CURSOS<\/a>\n        <\/div>\n      <\/div>\n     \n\n  <\/div>\n<\/div><\/div>\n\n\n\n<h2 class=\"wp-block-heading\" id=\"datas\">Principais datas do concurso<\/h2>\n\n\n\n<ul class=\"wp-block-list\">\n<li><strong>Inscri\u00e7\u00f5es<\/strong>: <s>11 de mar\u00e7o a 13 de abril<\/s><\/li>\n\n\n\n<li><strong>Isen\u00e7\u00e3o da taxa<\/strong>: <s>11 e 12 de mar\u00e7o<\/s><\/li>\n\n\n\n<li><strong>\u00daltimo dia para pagamento<\/strong>: 14 de abril<\/li>\n\n\n\n<li><strong>Prova<\/strong>: 14 de junho<\/li>\n<\/ul>\n\n\n\n<h2 class=\"wp-block-heading\" id=\"cargos-vagas\">Cargos e vagas do edital PM RN Pra\u00e7as<\/h2>\n\n\n\n<figure class=\"wp-block-table is-style-stripes\"><table class=\"has-very-light-gray-to-cyan-bluish-gray-gradient-background has-background has-fixed-layout\"><thead><tr><th class=\"has-text-align-center\" data-align=\"center\">Cargo<\/th><th class=\"has-text-align-center\" data-align=\"center\">Vagas<\/th><th class=\"has-text-align-center\" data-align=\"center\">Sal\u00e1rio<\/th><\/tr><\/thead><tbody><tr><td class=\"has-text-align-center\" data-align=\"center\">Pra\u00e7as de Sa\u00fade<\/td><td class=\"has-text-align-center\" data-align=\"center\">125<\/td><td class=\"has-text-align-center\" data-align=\"center\">R$ 4.245,64<br \/>(ap\u00f3s forma\u00e7\u00e3o)<\/td><\/tr><tr><td class=\"has-text-align-center\" data-align=\"center\">Pra\u00e7as M\u00fasicos<\/td><td class=\"has-text-align-center\" data-align=\"center\">21<\/td><td class=\"has-text-align-center\" data-align=\"center\">R$ 4.245,64<br \/>(ap\u00f3s forma\u00e7\u00e3o)<\/td><\/tr><\/tbody><\/table><figcaption class=\"wp-element-caption\">Quadro de cargos e vagas para PM RN<\/figcaption><\/figure>\n\n\n\n<p>Durante o CFP o Aluno-Soldado far\u00e1 jus \u00e0 remunera\u00e7\u00e3o inicial correspondente ao subs\u00eddio da gradua\u00e7\u00e3o de Aluno Soldado de R$ 1.621,00, acrescido do aux\u00edlio-alimenta\u00e7\u00e3o de R$ 20,00.<\/p>\n\n\n\n<p>Conclu\u00eddo com aproveitamento no Curso de Forma\u00e7\u00e3o de Pra\u00e7as (CFP), o policial militar perceber\u00e1 a remunera\u00e7\u00e3o referente \u00e0 <a href=\"https:\/\/dhg1h5j42swfq.cloudfront.net\/2026\/03\/11012146\/salarios-rn.pdf\" target=\"_blank\" rel=\"noreferrer noopener nofollow\">gradua\u00e7\u00e3o de Soldado<\/a>, fixado em R$ 4.245,64.<\/p>\n\n\n\n<p><span style=\"text-decoration: underline;\"><strong>Especialidades Pra\u00e7as de Sa\u00fade:<\/strong><\/span><\/p>\n\n\n\n<ul class=\"wp-block-list\">\n<li>T\u00e9cnico de Radiologia: 16 vagas<\/li>\n\n\n\n<li>T\u00e9cnico de Farm\u00e1cia: 13 vagas<\/li>\n\n\n\n<li>T\u00e9cnico de Enfermagem: 70 vagas<\/li>\n\n\n\n<li>T\u00e9cnico de Laborat\u00f3rio de An\u00e1lises Cl\u00ednicas: 13 vagas<\/li>\n\n\n\n<li>T\u00e9cnico de Sa\u00fade Bucal: 13 vagas<\/li>\n<\/ul>\n\n\n\n<p><span style=\"text-decoration: underline;\"><strong>Especialidades Pra\u00e7as M\u00fasicos:<\/strong><\/span><\/p>\n\n\n\n<ul class=\"wp-block-list\">\n<li>M\u00fasico &#8211; Flauta Transversal em D\u00f3: 2 vagas<\/li>\n\n\n\n<li>M\u00fasico &#8211; Clarinetes em Si Bemol: 3 vagas<\/li>\n\n\n\n<li>M\u00fasico &#8211; Saxofone Alto em Mi Bemol: 2 vagas<\/li>\n\n\n\n<li>M\u00fasico &#8211; Saxofone Tenor em Si Bemol: 2 vagas<\/li>\n\n\n\n<li>M\u00fasico &#8211; Euphonium em Si Bemol: 1 vaga<\/li>\n\n\n\n<li>M\u00fasico &#8211; Trompete em Si Bemol: 3 vaga<\/li>\n\n\n\n<li>M\u00fasico &#8211; Trombone de Vara Tenor: 1 vaga<\/li>\n\n\n\n<li>M\u00fasico &#8211; Trompa em F\u00e1\/Si Bemol: 1 vaga<\/li>\n\n\n\n<li>M\u00fasico &#8211; Trombone Baixo: 1 vaga<\/li>\n\n\n\n<li>M\u00fasico &#8211; Tuba Si Bemol\/D\u00f3: 2 vagas<\/li>\n\n\n\n<li>M\u00fasico &#8211; Bateria: 2 vagas<\/li>\n\n\n\n<li>M\u00fasico &#8211; Percuss\u00e3o erudita (t\u00edmpano, caixa clara, glockenspiel): 1 vaga<\/li>\n<\/ul>\n\n\n\n<h3 class=\"wp-block-heading\" id=\"h-requisitos-dos-cargos\">Requisitos dos cargos<\/h3>\n\n\n\n<ul class=\"wp-block-list\">\n<li>Ter as seguintes estaturas: no m\u00ednimo 1,60m, se for do sexo masculino, e 1,55m, se for do sexo feminino;<\/li>\n\n\n\n<li>Ter nascido entre 1\u00ba de janeiro de 1991 e 31 de dezembro de 2005;<\/li>\n\n\n\n<li>Ser habilitado para a condu\u00e7\u00e3o de ve\u00edculo automotor, no m\u00ednimo, na categoria \u201cB\u201d;<\/li>\n\n\n\n<li>QPS: gradua\u00e7\u00e3o em n\u00edvel superior, nos graus bacharelado, licenciatura ou tecn\u00f3logo, e comprovada habilita\u00e7\u00e3o t\u00e9cnica na \u00e1rea exigida, acompanhada de registro no conselho profissional competente;<\/li>\n\n\n\n<li>QPM: gradua\u00e7\u00e3o em n\u00edvel superior, nos graus bacharelado, licenciatura ou tecn\u00f3logo, e comprovada habilita\u00e7\u00e3o t\u00e9cnica no instrumento exigido;<\/li>\n\n\n\n<li>Para ambos os quadros o diploma dever\u00e1 ser devidamente comprovado por meio de fotoc\u00f3pia autenticada em cart\u00f3rio, do diploma, certificado ou declara\u00e7\u00e3o, reconhecido legalmente por Secretaria da Educa\u00e7\u00e3o de quaisquer das Unidades Federativas do Brasil ou pelo Minist\u00e9rio da Educa\u00e7\u00e3o, acompanhado do hist\u00f3rico escolar correspondente, registrado no \u00f3rg\u00e3o competente.<\/li>\n<\/ul>\n\n\n\n<h2 class=\"wp-block-heading\" id=\"medio\">Etapas e provas do edital PM RN<\/h2>\n\n\n\n<p>Os candidatos ser\u00e3o avaliados mediante aplica\u00e7\u00e3o das seguintes etapas:<\/p>\n\n\n\n<ul class=\"wp-block-list\">\n<li><strong>Exame Intelectual (prova de m\u00faltipla escolha)<\/strong> &#8211; de car\u00e1ter eliminat\u00f3rio e classificat\u00f3rio;<\/li>\n\n\n\n<li><strong>Exame Intelectual \u2013 Exame de Habilita\u00e7\u00e3o Musical (EHM)<\/strong> &#8211; de car\u00e1ter eliminat\u00f3rio e classificat\u00f3rio;<\/li>\n\n\n\n<li><strong>Exame Intelectual \u2013 Exame de Habilita\u00e7\u00e3o Profissional (EHP)<\/strong> &#8211; de car\u00e1ter eliminat\u00f3rio e classificat\u00f3rio;<\/li>\n\n\n\n<li><strong>Exame de Avalia\u00e7\u00e3o de Condicionamento F\u00edsico<\/strong> &#8211; de car\u00e1ter eliminat\u00f3rio;<\/li>\n\n\n\n<li><strong>Inspe\u00e7\u00e3o de Sa\u00fade<\/strong> &#8211; de car\u00e1ter eliminat\u00f3rio;<\/li>\n\n\n\n<li><strong>Exame de Avalia\u00e7\u00e3o Psicol\u00f3gica<\/strong> &#8211; de car\u00e1ter eliminat\u00f3rio;<\/li>\n\n\n\n<li><strong>Exame de Heteroidentifica\u00e7\u00e3o<\/strong> &#8211; de car\u00e1ter eliminat\u00f3rio;<\/li>\n\n\n\n<li><strong>Investiga\u00e7\u00e3o Social<\/strong> &#8211; de car\u00e1ter eliminat\u00f3rio.<\/li>\n<\/ul>\n\n\n\n<h3 class=\"wp-block-heading\" id=\"h-exame-intelectual-prova-de-multipla-escolha\">Exame Intelectual (prova de m\u00faltipla escolha)<\/h3>\n\n\n\n<p>A prova do edital PM RN ser\u00e1 aplicada no dia 14 de junho, no turno da tarde (14h \u00e0s 18h), nas cidades de Natal, Mossor\u00f3, Pau dos Ferros, Caic\u00f3, Nova Cruz e Jo\u00e3o C\u00e2mara.<\/p>\n\n\n\n<p>A avalia\u00e7\u00e3o contar\u00e1 com 60 quest\u00f5es de m\u00faltipla escolha e 5 alternativas, sendo apenas uma a correta.<\/p>\n\n\n\n<figure class=\"wp-block-image aligncenter size-full\"><img loading=\"lazy\" decoding=\"async\" width=\"776\" height=\"182\" src=\"https:\/\/dhg1h5j42swfq.cloudfront.net\/2026\/03\/11014919\/image-65.png\" alt=\"Disciplinas das provas do edital PM RN\" class=\"wp-image-1730078\" srcset=\"https:\/\/dhg1h5j42swfq.cloudfront.net\/2026\/03\/11014919\/image-65.png 776w, https:\/\/dhg1h5j42swfq.cloudfront.net\/2026\/03\/11014919\/image-65-300x70.png 300w, https:\/\/dhg1h5j42swfq.cloudfront.net\/2026\/03\/11014919\/image-65-768x180.png 768w, https:\/\/dhg1h5j42swfq.cloudfront.net\/2026\/03\/11014919\/image-65-150x35.png 150w\" sizes=\"auto, (max-width: 776px) 100vw, 776px\" \/><figcaption class=\"wp-element-caption\">Disciplinas das provas do edital PM RN<\/figcaption><\/figure>\n\n\n\n<p>Ser\u00e1 considerado habilitado o candidato que obtiver m\u00e9dia de 60% de ACERTOS e n\u00e3o zerar nenhuma prova.<\/p>\n\n\n\n<h3 class=\"wp-block-heading\" id=\"h-exame-de-habilitacao-musical-ehm\">Exame de Habilita\u00e7\u00e3o Musical (EHM)<\/h3>\n\n\n\n<p>O EHM constar\u00e1 de uma prova pr\u00e1tica, na qual o candidato dever\u00e1 executar 3 pe\u00e7as:<\/p>\n\n\n\n<ul class=\"wp-block-list\">\n<li><strong>A) Leitura \u00e0 primeira vista <\/strong>\n<ul class=\"wp-block-list\">\n<li>I- As pe\u00e7as para leitura \u00e0 primeira vista ser\u00e3o fornecidas pela contratada quando da realiza\u00e7\u00e3o do EHM.<\/li>\n\n\n\n<li>II &#8211; Ser\u00e3o avaliadas a interpreta\u00e7\u00e3o musical e sua conformidade com o estilo da obra, a afina\u00e7\u00e3o, a articula\u00e7\u00e3o, a din\u00e2mica, a precis\u00e3o r\u00edtmica e sonoridade.<\/li>\n<\/ul>\n<\/li>\n\n\n\n<li><strong>B) Execu\u00e7\u00e3o de uma pe\u00e7a de livre escolha do candidato, resguardando as caracter\u00edsticas t\u00e9cnicas de utiliza\u00e7\u00e3o do instrumento para o qual o candidato se inscreveu e de pelo menos, n\u00edvel m\u00e9dio de dificuldade, apresentada pelo candidato para a Comiss\u00e3o de Avalia\u00e7\u00e3o do EHM<\/strong>\n<ul class=\"wp-block-list\">\n<li>I &#8211; O candidato dever\u00e1 entregar \u00e0 Banca Examinadora, no seu hor\u00e1rio de prova, 3 c\u00f3pias em partituras da pe\u00e7a de livre escolha que ser\u00e1 executada.<\/li>\n\n\n\n<li>II &#8211; A n\u00e3o entrega da pe\u00e7a de livre escolha ensejar\u00e1 em elimina\u00e7\u00e3o autom\u00e1tica do candidato sem possibilidade de segunda chamada.<\/li>\n<\/ul>\n<\/li>\n\n\n\n<li><strong>C) Execu\u00e7\u00e3o de uma pe\u00e7a de confronto relativa ao instrumento de inscri\u00e7\u00e3o do candidato a ser informada no edital de convoca\u00e7\u00e3o para o EHM<\/strong><\/li>\n<\/ul>\n\n\n\n<p>O exame do edital PM RN valer\u00e1 10,0 pontos sendo que ser\u00e1 eliminado do concurso o candidato que obtiver m\u00e9dia inferior a 60%.<\/p>\n\n\n\n<p>Exame de Avalia\u00e7\u00e3o de Condicionamento F\u00edsico (EACF)<\/p>\n\n\n\n<p>O exame da avalia\u00e7\u00e3o de condicionamento f\u00edsico ser\u00e1 realizado em 2 jornadas e consistir\u00e1 dos exerc\u00edcios especificados a seguir, a serem realizados na sequ\u00eancia ora apresentada:<\/p>\n\n\n\n<figure class=\"wp-block-image aligncenter size-full\"><img loading=\"lazy\" decoding=\"async\" width=\"785\" height=\"118\" src=\"https:\/\/dhg1h5j42swfq.cloudfront.net\/2026\/03\/11020929\/image-67.png\" alt=\"\" class=\"wp-image-1730098\" srcset=\"https:\/\/dhg1h5j42swfq.cloudfront.net\/2026\/03\/11020929\/image-67.png 785w, https:\/\/dhg1h5j42swfq.cloudfront.net\/2026\/03\/11020929\/image-67-300x45.png 300w, https:\/\/dhg1h5j42swfq.cloudfront.net\/2026\/03\/11020929\/image-67-768x115.png 768w, https:\/\/dhg1h5j42swfq.cloudfront.net\/2026\/03\/11020929\/image-67-150x23.png 150w\" sizes=\"auto, (max-width: 785px) 100vw, 785px\" \/><\/figure>\n\n\n\n<figure class=\"wp-block-image aligncenter size-full\"><img loading=\"lazy\" decoding=\"async\" width=\"775\" height=\"103\" src=\"https:\/\/dhg1h5j42swfq.cloudfront.net\/2026\/03\/11020942\/image-68.png\" alt=\"TAF do concurso Pol\u00edcia Militar RN\" class=\"wp-image-1730099\" srcset=\"https:\/\/dhg1h5j42swfq.cloudfront.net\/2026\/03\/11020942\/image-68.png 775w, https:\/\/dhg1h5j42swfq.cloudfront.net\/2026\/03\/11020942\/image-68-300x40.png 300w, https:\/\/dhg1h5j42swfq.cloudfront.net\/2026\/03\/11020942\/image-68-768x102.png 768w, https:\/\/dhg1h5j42swfq.cloudfront.net\/2026\/03\/11020942\/image-68-150x20.png 150w\" sizes=\"auto, (max-width: 775px) 100vw, 775px\" \/><figcaption class=\"wp-element-caption\">TAF do concurso Pol\u00edcia Militar RN<\/figcaption><\/figure>\n\n\n\n<p class=\"has-text-align-center has-very-light-gray-to-cyan-bluish-gray-gradient-background has-background\" style=\"font-size:clamp(14.642px, 0.915rem + ((1vw - 3.2px) * 0.721), 22px);\"><strong>Saiba mais: <a href=\"https:\/\/www.estrategiaconcursos.com.br\/blog\/concurso-pm-rn\/\" target=\"_blank\" rel=\"noreferrer noopener\">Concurso PM RN 2026<\/a><\/strong><\/p>\n\n\n\n<hr class=\"wp-block-separator has-alpha-channel-opacity\"\/>\n\n\n\n<h2 class=\"wp-block-heading has-text-align-center\" id=\"h-quer-saber-tudo-sobre-concursos-previstos-confira-nossos-artigos\">Quer saber tudo sobre concursos previstos?<br \/>Confira nossos artigos!<\/h2>\n\n\n\n<ul class=\"wp-block-list\">\n<li><a href=\"https:\/\/www.estrategiaconcursos.com.br\/blog\/concursos-de-policia\/\" target=\"_blank\" rel=\"noreferrer noopener\"><\/a><a href=\"https:\/\/www.estrategiaconcursos.com.br\/blog\/concursos-de-policia\/\" target=\"_blank\" rel=\"noreferrer noopener\">Concursos de Pol\u00edcia<\/a><\/li>\n\n\n\n<li><a href=\"https:\/\/www.estrategiaconcursos.com.br\/blog\/concursos-policia-militar\" target=\"_blank\" rel=\"noreferrer noopener\">Concursos Pol\u00edcia Militar<\/a><\/li>\n\n\n\n<li><a href=\"https:\/\/www.estrategiaconcursos.com.br\/blog\/concursos-area-da-saude\/\" target=\"_blank\" rel=\"noreferrer noopener\">Concursos Sa\u00fade<\/a><\/li>\n\n\n\n<li><a href=\"https:\/\/www.estrategiaconcursos.com.br\/blog\/concursos-abertos\/\" target=\"_blank\" rel=\"noreferrer noopener\">Concursos Abertos<\/a><\/li>\n\n\n\n<li><a href=\"https:\/\/www.estrategiaconcursos.com.br\/blog\/concursos-2026\/\" target=\"_blank\" rel=\"noreferrer noopener\">Concursos 2026<\/a><\/li>\n<\/ul>\n\n\n\n<h2 class=\"wp-block-heading has-text-align-center\" id=\"curso\">Quer estudar para o concurso Pol\u00edcia Militar RN?<\/h2>\n\n\n\n<div class=\"container\" id=\"boxes\">\n  <div class=\"row\"> \n\n    <div class=\"col-sm\">\n      <div class=\"banner-policia-militar\" id=\"box-assinatura\">\n        <h3 class=\"titulo-assinatura\">Concurso PM RN<\/h3>\n        <p class=\"subtitulo-assinatura\">Rumo \u00e0 carreira policial dos seus sonhos! \u2b50<\/p>\n        <div class=\"box-botao\">\n          <a class=\"btn-assinatura\" target=\"_blank\" href=\"https:\/\/www.estrategiaconcursos.com.br\/cursosPorConcurso\/policia-militar-rn\/\" role=\"button\" rel=\"noopener noreferrer\">VER CURSOS<\/a>\n        <\/div>\n      <\/div>\n     \n\n  <\/div>\n<\/div><\/div>\n\n\n\n<div class=\"container\" id=\"boxes\">\n  <div class=\"row\">\n\n    <div class=\"col-sm\">\n      <div class=\"estrategia\" id=\"box-assinatura\">\n        <h3 class=\"titulo-assinatura\">Assinatura Concursos<\/h3>\n        <p class=\"subtitulo-assinatura\">Assinatura de 1 ano ou 2 anos<\/p>\n        <div class=\"box-botao\">\n          <a class=\"btn-assinatura\" target=\"_blank\" href=\"https:\/\/www.estrategiaconcursos.com.br\/assinaturas\/\" role=\"button\" rel=\"noopener noreferrer\">ASSINE AGORA<\/a>\n        <\/div>\n      <\/div><\/div><\/div><\/div>\n\n\n\n<figure class=\"wp-block-image size-large is-resized\"><img loading=\"lazy\" decoding=\"async\" width=\"1024\" height=\"632\" src=\"https:\/\/dhg1h5j42swfq.cloudfront.net\/2021\/04\/21160615\/ficha-tecnica-1-1024x632-1-5.png\" alt=\"Ficha t\u00e9cnica\" class=\"wp-image-720430\" style=\"aspect-ratio:1.620253164556962;width:262px;height:auto\" srcset=\"https:\/\/dhg1h5j42swfq.cloudfront.net\/2021\/04\/21160615\/ficha-tecnica-1-1024x632-1-5.png 1024w, https:\/\/dhg1h5j42swfq.cloudfront.net\/2021\/04\/21160615\/ficha-tecnica-1-1024x632-1-5-300x185.png 300w, https:\/\/dhg1h5j42swfq.cloudfront.net\/2021\/04\/21160615\/ficha-tecnica-1-1024x632-1-5-768x474.png 768w, https:\/\/dhg1h5j42swfq.cloudfront.net\/2021\/04\/21160615\/ficha-tecnica-1-1024x632-1-5-610x376.png 610w\" sizes=\"auto, (max-width: 1024px) 100vw, 1024px\" \/><\/figure>\n\n\n\n<h3 class=\"wp-block-heading\" id=\"ficha\">Informa\u00e7\u00f5es do edital PM RN Pra\u00e7as<\/h3>\n\n\n\n<ul class=\"wp-block-list\">\n<li><strong style=\"color: initial;\">Prova<\/strong><span style=\"color: initial;\">: <\/span>14\/06\/2026<\/li>\n\n\n\n<li><strong>Vagas<\/strong>: 146<\/li>\n\n\n\n<li><strong>Cargos<\/strong>: Pra\u00e7as Sa\u00fade e Pra\u00e7as M\u00fasicos<\/li>\n\n\n\n<li><strong>Banca<\/strong>: Idecan<\/li>\n\n\n\n<li><strong>Escolaridade<\/strong>: n\u00edvel superior<\/li>\n\n\n\n<li><strong>Edital:<\/strong> <a href=\"https:\/\/dhg1h5j42swfq.cloudfront.net\/2026\/03\/17115437\/edital-pmrn-2026.pdf\" target=\"_blank\" rel=\"noreferrer noopener nofollow\">PM RN-2026<\/a><\/li>\n<\/ul>\n","protected":false},"excerpt":{"rendered":"<p>Concurso PM RN tem edital publicado com vagas de n\u00edvel superior. Provas em junho! Foi publicado o aguardado edital PM RN (Pol\u00edcia Militar do Estado do Rio Grande do Norte). S\u00e3o ofertadas 146 vagas para Pra\u00e7as de Sa\u00fade e M\u00fasicos. O sal\u00e1rio inicial \u00e9 de R$ 4.245,64 para o posto de Soldado (ap\u00f3s forma\u00e7\u00e3o). \u00c9 [&hellip;]<\/p>\n","protected":false},"author":2134,"featured_media":856360,"comment_status":"open","ping_status":"closed","sticky":false,"template":"","format":"standard","meta":{"post_tipo":"news","footnotes":""},"categories":[220187,220219],"tags":[],"tax_estado":[219983],"class_list":["post-1730071","post","type-post","status-publish","format-standard","has-post-thumbnail","hentry","category-policial-pracas","category-noticias","tax_estado-rn"],"acf":[],"yoast_head":"<!-- This site is optimized with the Yoast SEO Premium plugin v27.2 (Yoast SEO v27.2) - https:\/\/yoast.com\/product\/yoast-seo-premium-wordpress\/ -->\n<title>Edital PM RN publicado! 146 para Pra\u00e7as da Sa\u00fade e M\u00fasicos<\/title>\n<meta name=\"description\" content=\"Foi publicado o aguardado edital do novo concurso PM RN com oferta de 146 vagas para Pra\u00e7as. Provas em junho. Saiba mais aqui!\" \/>\n<meta name=\"robots\" content=\"index, follow, max-snippet:-1, max-image-preview:large, max-video-preview:-1\" \/>\n<link rel=\"canonical\" href=\"https:\/\/www.estrategiaconcursos.com.br\/blog\/concurso-pm-rn-edital-publicado-2026\/\" \/>\n<meta property=\"og:locale\" content=\"pt_BR\" \/>\n<meta property=\"og:type\" content=\"article\" \/>\n<meta property=\"og:title\" content=\"Edital PM RN publicado! 146 para Pra\u00e7as da Sa\u00fade e M\u00fasicos\" \/>\n<meta property=\"og:description\" content=\"Foi publicado o aguardado edital do novo concurso PM RN com oferta de 146 vagas para Pra\u00e7as. Provas em junho. Saiba mais aqui!\" \/>\n<meta property=\"og:url\" content=\"https:\/\/www.estrategiaconcursos.com.br\/blog\/concurso-pm-rn-edital-publicado-2026\/\" \/>\n<meta property=\"og:site_name\" content=\"Estrat\u00e9gia Concursos\" \/>\n<meta property=\"article:published_time\" content=\"2026-04-12T10:43:00+00:00\" \/>\n<meta property=\"article:modified_time\" content=\"2026-04-14T12:02:21+00:00\" \/>\n<meta property=\"og:image\" content=\"https:\/\/dhg1h5j42swfq.cloudfront.net\/2021\/09\/08135529\/pm-rn.jpg\" \/>\n\t<meta property=\"og:image:width\" content=\"768\" \/>\n\t<meta property=\"og:image:height\" content=\"432\" \/>\n\t<meta property=\"og:image:type\" content=\"image\/jpeg\" \/>\n<meta name=\"author\" content=\"Rafaela Teixeira\" \/>\n<meta name=\"twitter:card\" content=\"summary_large_image\" \/>\n<meta name=\"twitter:creator\" content=\"@EstratConcursos\" \/>\n<meta name=\"twitter:site\" content=\"@EstratConcursos\" \/>\n<meta name=\"twitter:label1\" content=\"Escrito por\" \/>\n\t<meta name=\"twitter:data1\" content=\"Rafaela Teixeira\" \/>\n\t<meta name=\"twitter:label2\" content=\"Est. tempo de leitura\" \/>\n\t<meta name=\"twitter:data2\" content=\"6 minutos\" \/>\n<script type=\"application\/ld+json\" class=\"yoast-schema-graph\">{\"@context\":\"https:\/\/schema.org\",\"@graph\":[{\"@type\":\"NewsArticle\",\"@id\":\"https:\/\/www.estrategiaconcursos.com.br\/blog\/concurso-pm-rn-edital-publicado-2026\/#article\",\"isPartOf\":{\"@id\":\"https:\/\/www.estrategiaconcursos.com.br\/blog\/concurso-pm-rn-edital-publicado-2026\/\"},\"author\":{\"name\":\"Rafaela Teixeira\",\"@id\":\"https:\/\/www.estrategiaconcursos.com.br\/blog\/#\/schema\/person\/e75352021ea7f60781c599934f916eb1\"},\"headline\":\"Edital PM RN publicado! 146 para Pra\u00e7as da Sa\u00fade e M\u00fasicos\",\"datePublished\":\"2026-04-12T10:43:00+00:00\",\"dateModified\":\"2026-04-14T12:02:21+00:00\",\"mainEntityOfPage\":{\"@id\":\"https:\/\/www.estrategiaconcursos.com.br\/blog\/concurso-pm-rn-edital-publicado-2026\/\"},\"wordCount\":1172,\"commentCount\":0,\"publisher\":{\"@id\":\"https:\/\/www.estrategiaconcursos.com.br\/blog\/#organization\"},\"image\":{\"@id\":\"https:\/\/www.estrategiaconcursos.com.br\/blog\/concurso-pm-rn-edital-publicado-2026\/#primaryimage\"},\"thumbnailUrl\":\"https:\/\/dhg1h5j42swfq.cloudfront.net\/2021\/09\/08135529\/pm-rn.jpg\",\"articleSection\":[\"Policial (PM\/BM - Pra\u00e7as)\",\"\u00daltimas not\u00edcias\"],\"inLanguage\":\"pt-BR\",\"potentialAction\":[{\"@type\":\"CommentAction\",\"name\":\"Comment\",\"target\":[\"https:\/\/www.estrategiaconcursos.com.br\/blog\/concurso-pm-rn-edital-publicado-2026\/#respond\"]}],\"copyrightYear\":\"2026\",\"copyrightHolder\":{\"@id\":\"https:\/\/www.estrategiaconcursos.com.br\/blog\/#organization\"}},{\"@type\":\"WebPage\",\"@id\":\"https:\/\/www.estrategiaconcursos.com.br\/blog\/concurso-pm-rn-edital-publicado-2026\/\",\"url\":\"https:\/\/www.estrategiaconcursos.com.br\/blog\/concurso-pm-rn-edital-publicado-2026\/\",\"name\":\"Edital PM RN publicado! 146 para Pra\u00e7as da Sa\u00fade e M\u00fasicos\",\"isPartOf\":{\"@id\":\"https:\/\/www.estrategiaconcursos.com.br\/blog\/#website\"},\"primaryImageOfPage\":{\"@id\":\"https:\/\/www.estrategiaconcursos.com.br\/blog\/concurso-pm-rn-edital-publicado-2026\/#primaryimage\"},\"image\":{\"@id\":\"https:\/\/www.estrategiaconcursos.com.br\/blog\/concurso-pm-rn-edital-publicado-2026\/#primaryimage\"},\"thumbnailUrl\":\"https:\/\/dhg1h5j42swfq.cloudfront.net\/2021\/09\/08135529\/pm-rn.jpg\",\"datePublished\":\"2026-04-12T10:43:00+00:00\",\"dateModified\":\"2026-04-14T12:02:21+00:00\",\"description\":\"Foi publicado o aguardado edital do novo concurso PM RN com oferta de 146 vagas para Pra\u00e7as. Provas em junho. Saiba mais aqui!\",\"breadcrumb\":{\"@id\":\"https:\/\/www.estrategiaconcursos.com.br\/blog\/concurso-pm-rn-edital-publicado-2026\/#breadcrumb\"},\"inLanguage\":\"pt-BR\",\"potentialAction\":[{\"@type\":\"ReadAction\",\"target\":[\"https:\/\/www.estrategiaconcursos.com.br\/blog\/concurso-pm-rn-edital-publicado-2026\/\"]}]},{\"@type\":\"ImageObject\",\"inLanguage\":\"pt-BR\",\"@id\":\"https:\/\/www.estrategiaconcursos.com.br\/blog\/concurso-pm-rn-edital-publicado-2026\/#primaryimage\",\"url\":\"https:\/\/dhg1h5j42swfq.cloudfront.net\/2021\/09\/08135529\/pm-rn.jpg\",\"contentUrl\":\"https:\/\/dhg1h5j42swfq.cloudfront.net\/2021\/09\/08135529\/pm-rn.jpg\",\"width\":768,\"height\":432,\"caption\":\"concurso pm rn\"},{\"@type\":\"BreadcrumbList\",\"@id\":\"https:\/\/www.estrategiaconcursos.com.br\/blog\/concurso-pm-rn-edital-publicado-2026\/#breadcrumb\",\"itemListElement\":[{\"@type\":\"ListItem\",\"position\":1,\"name\":\"In\u00edcio\",\"item\":\"https:\/\/www.estrategiaconcursos.com.br\/blog\/\"},{\"@type\":\"ListItem\",\"position\":2,\"name\":\"Edital PM RN publicado! 146 para Pra\u00e7as da Sa\u00fade e M\u00fasicos\"}]},{\"@type\":\"WebSite\",\"@id\":\"https:\/\/www.estrategiaconcursos.com.br\/blog\/#website\",\"url\":\"https:\/\/www.estrategiaconcursos.com.br\/blog\/\",\"name\":\"Estrat\u00e9gia Concursos\",\"description\":\"O blog da Estrat\u00e9gia Concursos traz not\u00edcias sobre concursos e artigos de professores oferecendo cursos para concursos (pdf + videaulas) no site.\",\"publisher\":{\"@id\":\"https:\/\/www.estrategiaconcursos.com.br\/blog\/#organization\"},\"potentialAction\":[{\"@type\":\"SearchAction\",\"target\":{\"@type\":\"EntryPoint\",\"urlTemplate\":\"https:\/\/www.estrategiaconcursos.com.br\/blog\/?s={search_term_string}\"},\"query-input\":{\"@type\":\"PropertyValueSpecification\",\"valueRequired\":true,\"valueName\":\"search_term_string\"}}],\"inLanguage\":\"pt-BR\"},{\"@type\":\"Organization\",\"@id\":\"https:\/\/www.estrategiaconcursos.com.br\/blog\/#organization\",\"name\":\"Estrat\u00e9gia Concursos\",\"url\":\"https:\/\/www.estrategiaconcursos.com.br\/blog\/\",\"logo\":{\"@type\":\"ImageObject\",\"inLanguage\":\"pt-BR\",\"@id\":\"https:\/\/www.estrategiaconcursos.com.br\/blog\/#\/schema\/logo\/image\/\",\"url\":\"https:\/\/dhg1h5j42swfq.cloudfront.net\/2025\/06\/03203428\/logo_concursos-1.jpg\",\"contentUrl\":\"https:\/\/dhg1h5j42swfq.cloudfront.net\/2025\/06\/03203428\/logo_concursos-1.jpg\",\"width\":230,\"height\":60,\"caption\":\"Estrat\u00e9gia Concursos\"},\"image\":{\"@id\":\"https:\/\/www.estrategiaconcursos.com.br\/blog\/#\/schema\/logo\/image\/\"},\"sameAs\":[\"https:\/\/x.com\/EstratConcursos\"]},{\"@type\":\"Person\",\"@id\":\"https:\/\/www.estrategiaconcursos.com.br\/blog\/#\/schema\/person\/e75352021ea7f60781c599934f916eb1\",\"name\":\"Rafaela Teixeira\",\"image\":{\"@type\":\"ImageObject\",\"inLanguage\":\"pt-BR\",\"@id\":\"https:\/\/secure.gravatar.com\/avatar\/8a349a2b22039b1ee88fc06461487c950fd6aa411ea8af8633314b43334ae793?s=96&d=mm&r=g\",\"url\":\"https:\/\/secure.gravatar.com\/avatar\/8a349a2b22039b1ee88fc06461487c950fd6aa411ea8af8633314b43334ae793?s=96&d=mm&r=g\",\"contentUrl\":\"https:\/\/secure.gravatar.com\/avatar\/8a349a2b22039b1ee88fc06461487c950fd6aa411ea8af8633314b43334ae793?s=96&d=mm&r=g\",\"caption\":\"Rafaela Teixeira\"},\"description\":\"Rafaela Teixeira \u00e9 advogada conveniada \u00e0 Defensoria P\u00fablica de S\u00e3o Paulo pela OAB, com experi\u00eancia em reda\u00e7\u00e3o jur\u00eddica e atua\u00e7\u00e3o em institui\u00e7\u00f5es p\u00fablicas, incluindo est\u00e1gio no TRE-SP. Possui mais de 7 anos de experi\u00eancia na produ\u00e7\u00e3o de conte\u00fados voltados ao nicho de concursos p\u00fablicos, com foco em apura\u00e7\u00e3o jornal\u00edstica cont\u00ednua, an\u00e1lise de editais e obten\u00e7\u00e3o de informa\u00e7\u00f5es diretamente junto a \u00f3rg\u00e3os e fontes oficiais. No Blog do Estrat\u00e9gia Concursos, atua como Analista de Conte\u00fado S\u00eanior, respons\u00e1vel pelo jornalismo do per\u00edodo noturno e da madrugada, com atua\u00e7\u00e3o transversal na cobertura de concursos p\u00fablicos, garantindo a continuidade, fluidez e confiabilidade das publica\u00e7\u00f5es e dos bastidores dos certames.\",\"url\":\"https:\/\/www.estrategiaconcursos.com.br\/blog\/author\/rafaela-teixeira\/\"}]}<\/script>\n<!-- \/ Yoast SEO Premium plugin. -->","yoast_head_json":{"title":"Edital PM RN publicado! 146 para Pra\u00e7as da Sa\u00fade e M\u00fasicos","description":"Foi publicado o aguardado edital do novo concurso PM RN com oferta de 146 vagas para Pra\u00e7as. Provas em junho. Saiba mais aqui!","robots":{"index":"index","follow":"follow","max-snippet":"max-snippet:-1","max-image-preview":"max-image-preview:large","max-video-preview":"max-video-preview:-1"},"canonical":"https:\/\/www.estrategiaconcursos.com.br\/blog\/concurso-pm-rn-edital-publicado-2026\/","og_locale":"pt_BR","og_type":"article","og_title":"Edital PM RN publicado! 146 para Pra\u00e7as da Sa\u00fade e M\u00fasicos","og_description":"Foi publicado o aguardado edital do novo concurso PM RN com oferta de 146 vagas para Pra\u00e7as. Provas em junho. Saiba mais aqui!","og_url":"https:\/\/www.estrategiaconcursos.com.br\/blog\/concurso-pm-rn-edital-publicado-2026\/","og_site_name":"Estrat\u00e9gia Concursos","article_published_time":"2026-04-12T10:43:00+00:00","article_modified_time":"2026-04-14T12:02:21+00:00","og_image":[{"width":768,"height":432,"url":"https:\/\/dhg1h5j42swfq.cloudfront.net\/2021\/09\/08135529\/pm-rn.jpg","type":"image\/jpeg"}],"author":"Rafaela Teixeira","twitter_card":"summary_large_image","twitter_creator":"@EstratConcursos","twitter_site":"@EstratConcursos","twitter_misc":{"Escrito por":"Rafaela Teixeira","Est. tempo de leitura":"6 minutos"},"schema":{"@context":"https:\/\/schema.org","@graph":[{"@type":"NewsArticle","@id":"https:\/\/www.estrategiaconcursos.com.br\/blog\/concurso-pm-rn-edital-publicado-2026\/#article","isPartOf":{"@id":"https:\/\/www.estrategiaconcursos.com.br\/blog\/concurso-pm-rn-edital-publicado-2026\/"},"author":{"name":"Rafaela Teixeira","@id":"https:\/\/www.estrategiaconcursos.com.br\/blog\/#\/schema\/person\/e75352021ea7f60781c599934f916eb1"},"headline":"Edital PM RN publicado! 146 para Pra\u00e7as da Sa\u00fade e M\u00fasicos","datePublished":"2026-04-12T10:43:00+00:00","dateModified":"2026-04-14T12:02:21+00:00","mainEntityOfPage":{"@id":"https:\/\/www.estrategiaconcursos.com.br\/blog\/concurso-pm-rn-edital-publicado-2026\/"},"wordCount":1172,"commentCount":0,"publisher":{"@id":"https:\/\/www.estrategiaconcursos.com.br\/blog\/#organization"},"image":{"@id":"https:\/\/www.estrategiaconcursos.com.br\/blog\/concurso-pm-rn-edital-publicado-2026\/#primaryimage"},"thumbnailUrl":"https:\/\/dhg1h5j42swfq.cloudfront.net\/2021\/09\/08135529\/pm-rn.jpg","articleSection":["Policial (PM\/BM - Pra\u00e7as)","\u00daltimas not\u00edcias"],"inLanguage":"pt-BR","potentialAction":[{"@type":"CommentAction","name":"Comment","target":["https:\/\/www.estrategiaconcursos.com.br\/blog\/concurso-pm-rn-edital-publicado-2026\/#respond"]}],"copyrightYear":"2026","copyrightHolder":{"@id":"https:\/\/www.estrategiaconcursos.com.br\/blog\/#organization"}},{"@type":"WebPage","@id":"https:\/\/www.estrategiaconcursos.com.br\/blog\/concurso-pm-rn-edital-publicado-2026\/","url":"https:\/\/www.estrategiaconcursos.com.br\/blog\/concurso-pm-rn-edital-publicado-2026\/","name":"Edital PM RN publicado! 146 para Pra\u00e7as da Sa\u00fade e M\u00fasicos","isPartOf":{"@id":"https:\/\/www.estrategiaconcursos.com.br\/blog\/#website"},"primaryImageOfPage":{"@id":"https:\/\/www.estrategiaconcursos.com.br\/blog\/concurso-pm-rn-edital-publicado-2026\/#primaryimage"},"image":{"@id":"https:\/\/www.estrategiaconcursos.com.br\/blog\/concurso-pm-rn-edital-publicado-2026\/#primaryimage"},"thumbnailUrl":"https:\/\/dhg1h5j42swfq.cloudfront.net\/2021\/09\/08135529\/pm-rn.jpg","datePublished":"2026-04-12T10:43:00+00:00","dateModified":"2026-04-14T12:02:21+00:00","description":"Foi publicado o aguardado edital do novo concurso PM RN com oferta de 146 vagas para Pra\u00e7as. Provas em junho. Saiba mais aqui!","breadcrumb":{"@id":"https:\/\/www.estrategiaconcursos.com.br\/blog\/concurso-pm-rn-edital-publicado-2026\/#breadcrumb"},"inLanguage":"pt-BR","potentialAction":[{"@type":"ReadAction","target":["https:\/\/www.estrategiaconcursos.com.br\/blog\/concurso-pm-rn-edital-publicado-2026\/"]}]},{"@type":"ImageObject","inLanguage":"pt-BR","@id":"https:\/\/www.estrategiaconcursos.com.br\/blog\/concurso-pm-rn-edital-publicado-2026\/#primaryimage","url":"https:\/\/dhg1h5j42swfq.cloudfront.net\/2021\/09\/08135529\/pm-rn.jpg","contentUrl":"https:\/\/dhg1h5j42swfq.cloudfront.net\/2021\/09\/08135529\/pm-rn.jpg","width":768,"height":432,"caption":"concurso pm rn"},{"@type":"BreadcrumbList","@id":"https:\/\/www.estrategiaconcursos.com.br\/blog\/concurso-pm-rn-edital-publicado-2026\/#breadcrumb","itemListElement":[{"@type":"ListItem","position":1,"name":"In\u00edcio","item":"https:\/\/www.estrategiaconcursos.com.br\/blog\/"},{"@type":"ListItem","position":2,"name":"Edital PM RN publicado! 146 para Pra\u00e7as da Sa\u00fade e M\u00fasicos"}]},{"@type":"WebSite","@id":"https:\/\/www.estrategiaconcursos.com.br\/blog\/#website","url":"https:\/\/www.estrategiaconcursos.com.br\/blog\/","name":"Estrat\u00e9gia Concursos","description":"O blog da Estrat\u00e9gia Concursos traz not\u00edcias sobre concursos e artigos de professores oferecendo cursos para concursos (pdf + videaulas) no site.","publisher":{"@id":"https:\/\/www.estrategiaconcursos.com.br\/blog\/#organization"},"potentialAction":[{"@type":"SearchAction","target":{"@type":"EntryPoint","urlTemplate":"https:\/\/www.estrategiaconcursos.com.br\/blog\/?s={search_term_string}"},"query-input":{"@type":"PropertyValueSpecification","valueRequired":true,"valueName":"search_term_string"}}],"inLanguage":"pt-BR"},{"@type":"Organization","@id":"https:\/\/www.estrategiaconcursos.com.br\/blog\/#organization","name":"Estrat\u00e9gia Concursos","url":"https:\/\/www.estrategiaconcursos.com.br\/blog\/","logo":{"@type":"ImageObject","inLanguage":"pt-BR","@id":"https:\/\/www.estrategiaconcursos.com.br\/blog\/#\/schema\/logo\/image\/","url":"https:\/\/dhg1h5j42swfq.cloudfront.net\/2025\/06\/03203428\/logo_concursos-1.jpg","contentUrl":"https:\/\/dhg1h5j42swfq.cloudfront.net\/2025\/06\/03203428\/logo_concursos-1.jpg","width":230,"height":60,"caption":"Estrat\u00e9gia Concursos"},"image":{"@id":"https:\/\/www.estrategiaconcursos.com.br\/blog\/#\/schema\/logo\/image\/"},"sameAs":["https:\/\/x.com\/EstratConcursos"]},{"@type":"Person","@id":"https:\/\/www.estrategiaconcursos.com.br\/blog\/#\/schema\/person\/e75352021ea7f60781c599934f916eb1","name":"Rafaela Teixeira","image":{"@type":"ImageObject","inLanguage":"pt-BR","@id":"https:\/\/secure.gravatar.com\/avatar\/8a349a2b22039b1ee88fc06461487c950fd6aa411ea8af8633314b43334ae793?s=96&d=mm&r=g","url":"https:\/\/secure.gravatar.com\/avatar\/8a349a2b22039b1ee88fc06461487c950fd6aa411ea8af8633314b43334ae793?s=96&d=mm&r=g","contentUrl":"https:\/\/secure.gravatar.com\/avatar\/8a349a2b22039b1ee88fc06461487c950fd6aa411ea8af8633314b43334ae793?s=96&d=mm&r=g","caption":"Rafaela Teixeira"},"description":"Rafaela Teixeira \u00e9 advogada conveniada \u00e0 Defensoria P\u00fablica de S\u00e3o Paulo pela OAB, com experi\u00eancia em reda\u00e7\u00e3o jur\u00eddica e atua\u00e7\u00e3o em institui\u00e7\u00f5es p\u00fablicas, incluindo est\u00e1gio no TRE-SP. Possui mais de 7 anos de experi\u00eancia na produ\u00e7\u00e3o de conte\u00fados voltados ao nicho de concursos p\u00fablicos, com foco em apura\u00e7\u00e3o jornal\u00edstica cont\u00ednua, an\u00e1lise de editais e obten\u00e7\u00e3o de informa\u00e7\u00f5es diretamente junto a \u00f3rg\u00e3os e fontes oficiais. No Blog do Estrat\u00e9gia Concursos, atua como Analista de Conte\u00fado S\u00eanior, respons\u00e1vel pelo jornalismo do per\u00edodo noturno e da madrugada, com atua\u00e7\u00e3o transversal na cobertura de concursos p\u00fablicos, garantindo a continuidade, fluidez e confiabilidade das publica\u00e7\u00f5es e dos bastidores dos certames.","url":"https:\/\/www.estrategiaconcursos.com.br\/blog\/author\/rafaela-teixeira\/"}]}},"_links":{"self":[{"href":"https:\/\/www.estrategiaconcursos.com.br\/blog\/wp-json\/wp\/v2\/posts\/1730071","targetHints":{"allow":["GET"]}}],"collection":[{"href":"https:\/\/www.estrategiaconcursos.com.br\/blog\/wp-json\/wp\/v2\/posts"}],"about":[{"href":"https:\/\/www.estrategiaconcursos.com.br\/blog\/wp-json\/wp\/v2\/types\/post"}],"author":[{"embeddable":true,"href":"https:\/\/www.estrategiaconcursos.com.br\/blog\/wp-json\/wp\/v2\/users\/2134"}],"replies":[{"embeddable":true,"href":"https:\/\/www.estrategiaconcursos.com.br\/blog\/wp-json\/wp\/v2\/comments?post=1730071"}],"version-history":[{"count":29,"href":"https:\/\/www.estrategiaconcursos.com.br\/blog\/wp-json\/wp\/v2\/posts\/1730071\/revisions"}],"predecessor-version":[{"id":1753114,"href":"https:\/\/www.estrategiaconcursos.com.br\/blog\/wp-json\/wp\/v2\/posts\/1730071\/revisions\/1753114"}],"wp:featuredmedia":[{"embeddable":true,"href":"https:\/\/www.estrategiaconcursos.com.br\/blog\/wp-json\/wp\/v2\/media\/856360"}],"wp:attachment":[{"href":"https:\/\/www.estrategiaconcursos.com.br\/blog\/wp-json\/wp\/v2\/media?parent=1730071"}],"wp:term":[{"taxonomy":"category","embeddable":true,"href":"https:\/\/www.estrategiaconcursos.com.br\/blog\/wp-json\/wp\/v2\/categories?post=1730071"},{"taxonomy":"post_tag","embeddable":true,"href":"https:\/\/www.estrategiaconcursos.com.br\/blog\/wp-json\/wp\/v2\/tags?post=1730071"},{"taxonomy":"tax_estado","embeddable":true,"href":"https:\/\/www.estrategiaconcursos.com.br\/blog\/wp-json\/wp\/v2\/tax_estado?post=1730071"}],"curies":[{"name":"wp","href":"https:\/\/api.w.org\/{rel}","templated":true}]}}