{"id":1730022,"date":"2026-03-10T22:31:48","date_gmt":"2026-03-11T01:31:48","guid":{"rendered":"https:\/\/www.estrategiaconcursos.com.br\/blog\/?p=1730022"},"modified":"2026-03-10T22:31:50","modified_gmt":"2026-03-11T01:31:50","slug":"concurso-prefeitura-boca-do-acre","status":"publish","type":"post","link":"https:\/\/www.estrategiaconcursos.com.br\/blog\/concurso-prefeitura-boca-do-acre\/","title":{"rendered":"Concurso Boca do Acre (AM): sem novo edital previsto"},"content":{"rendered":"\n<p style=\"font-size:clamp(16.293px, 1.018rem + ((1vw - 3.2px) * 0.854), 25px);\"><strong><em>A Prefeitura de Boca do Acre, no Amazonas, realizou processo seletivo em 2025 com 495 vagas tempor\u00e1rias para contrata\u00e7\u00e3o na \u00e1rea da educa\u00e7\u00e3o municipal.<\/em><\/strong><\/p>\n\n\n\n<p>Boca do Acre \u00e9 um munic\u00edpio localizado no sul do Amazonas, na fronteira com o Acre. A Prefeitura possui hist\u00f3rico frequente de processos seletivos para contrata\u00e7\u00e3o tempor\u00e1ria, com registros anuais desde 2013. O artigo re\u00fane as informa\u00e7\u00f5es dispon\u00edveis sobre o \u00faltimo certame e o hist\u00f3rico de sele\u00e7\u00f5es do munic\u00edpio.<\/p>\n\n\n\n<ul class=\"wp-block-list has-very-light-gray-to-cyan-bluish-gray-gradient-background has-background\">\n<li><strong>Prefeitura de Boca do Acre <em>&#8211; <span style=\"text-decoration: underline;\">pr\u00f3ximo concurso<\/span><\/em><\/strong><\/li>\n<li><strong>Status:<\/strong> sem novo edital previsto<\/li>\n<\/ul>\n\n\n\n<h2 class=\"wp-block-heading\" id=\"situacao-atual\">Situa\u00e7\u00e3o atual do concurso Prefeitura de Boca do Acre<\/h2>\n\n\n\n<p>At\u00e9 esta atualiza\u00e7\u00e3o, n\u00e3o h\u00e1 confirma\u00e7\u00e3o oficial de novo processo seletivo ou concurso p\u00fablico com inscri\u00e7\u00f5es abertas para a Prefeitura de Boca do Acre. O site oficial do munic\u00edpio possui se\u00e7\u00e3o de publica\u00e7\u00f5es onde eventuais editais s\u00e3o divulgados. Os candidatos interessados podem acompanhar o portal da Prefeitura para novas oportunidades.<\/p>\n\n\n\n<h2 class=\"wp-block-heading\" id=\"ultimo-concurso\">\u00daltimo processo seletivo Prefeitura de Boca do Acre<\/h2>\n\n\n\n<p>Em fevereiro de 2025, a Prefeitura de Boca do Acre publicou processo seletivo simplificado para contrata\u00e7\u00e3o tempor\u00e1ria de 495 profissionais, destinado \u00e0 Secretaria Municipal de Educa\u00e7\u00e3o (SEMED). A sele\u00e7\u00e3o contemplou cargos de n\u00edveis fundamental, m\u00e9dio e superior, com remunera\u00e7\u00e3o de at\u00e9 R$ 1.518,00. Confira abaixo todos os cargos oferecidos:<\/p>\n\n\n\n<ul class=\"wp-block-list\">\n<li>Professor Ensino Fundamental \u2013 N\u00edvel Superior<\/li>\n<li>Professor Ensino Fundamental \u2013 N\u00edvel M\u00e9dio<\/li>\n<li>Professor Educa\u00e7\u00e3o Infantil e Ensino Fundamental\/Anos Iniciais<\/li>\n<li>Professor de Ci\u00eancias<\/li>\n<li>Professor de Educa\u00e7\u00e3o F\u00edsica<\/li>\n<li>Professor de Geografia<\/li>\n<li>Professor de Hist\u00f3ria (1 vaga)<\/li>\n<li>Professor de L\u00edngua Portuguesa<\/li>\n<li>Professor de L\u00edngua Inglesa<\/li>\n<li>Professor de Matem\u00e1tica<\/li>\n<li>Professor de Educa\u00e7\u00e3o Especial<\/li>\n<li>Professor de M\u00fasica<\/li>\n<li>Professor de Artes<\/li>\n<li>Professor de Libras<\/li>\n<li>Professor Ind\u00edgena<\/li>\n<li>Pedagogo<\/li>\n<li>Assistente Educacional<\/li>\n<li>Psic\u00f3logo Educacional<\/li>\n<li>Fonoaudi\u00f3logo Educacional<\/li>\n<li>Terapeuta Ocupacional<\/li>\n<li>Nutricionista<\/li>\n<li>Profissional de Apoio Escolar<\/li>\n<li>Auxiliar Administrativo<\/li>\n<li>Motorista de Transporte Escolar<\/li>\n<li>Motorista de Transporte Escolar Rural Fluvial<\/li>\n<li>Auxiliar de Servi\u00e7os Gerais<\/li>\n<li>Merendeira<\/li>\n<li>Porteiro<\/li>\n<li>Vigia<\/li>\n<\/ul>\n\n\n\n<ul class=\"wp-block-list has-very-light-gray-to-cyan-bluish-gray-gradient-background has-background\">\n<li><strong>Prefeitura de Boca do Acre <em>&#8211; <span style=\"text-decoration: underline;\">\u00faltimo processo seletivo<\/span><\/em><\/strong><\/li>\n<li><strong>Ano:<\/strong> 2025<\/li>\n<li><strong>Vagas:<\/strong> 495<\/li>\n<li><strong>Remunera\u00e7\u00e3o:<\/strong> at\u00e9 R$ 1.518,00<\/li>\n<li><strong>Escolaridade:<\/strong> fundamental, m\u00e9dio e superior<\/li>\n<li><strong>Tipo:<\/strong> processo seletivo simplificado (contrata\u00e7\u00e3o tempor\u00e1ria)<\/li>\n<\/ul>\n\n\n\n<h2 class=\"wp-block-heading\" id=\"linha-do-tempo\">Linha do tempo<\/h2>\n\n\n\n<ul class=\"wp-block-list\">\n<li><strong>2024<\/strong> \u2013 Processo seletivo da Prefeitura com 87 vagas de n\u00edvel fundamental incompleto, remunera\u00e7\u00e3o de at\u00e9 R$ 1.412,00.<\/li>\n<li><strong>2023<\/strong> \u2013 Processo seletivo com 326 vagas para cargos de n\u00edveis fundamental, m\u00e9dio e superior, com sal\u00e1rios de at\u00e9 R$ 3.400,00. No mesmo ano, sele\u00e7\u00e3o espec\u00edfica para 121 vagas nas \u00e1reas de n\u00edvel fundamental, m\u00e9dio e t\u00e9cnico, al\u00e9m de processo para Nutricionista e Gari.<\/li>\n<li><strong>2021<\/strong> \u2013 Sele\u00e7\u00e3o com 124 vagas para diversos cargos, com remunera\u00e7\u00e3o de at\u00e9 R$ 1.800,00. Tamb\u00e9m houve reabertura de processo com 184 vagas.<\/li>\n<li><strong>2018<\/strong> \u2013 Processo seletivo com 128 vagas para Agente Comunit\u00e1rio de Sa\u00fade e de Endemias, com sal\u00e1rio de at\u00e9 R$ 1.014,00.<\/li>\n<li><strong>2016<\/strong> \u2013 Sele\u00e7\u00e3o na \u00e1rea da Educa\u00e7\u00e3o com 117 vagas, remunera\u00e7\u00e3o de at\u00e9 R$ 1.200,00.<\/li>\n<li><strong>2015<\/strong> \u2013 Concurso organizado pelo Instituto Abar\u00e9-Et\u00ea com 50 vagas para Agente e Auxiliar de Servi\u00e7os Gerais. Provas aplicadas para cargos como Administrador, Enfermeiro, Professor de Matem\u00e1tica, M\u00e9dico Cl\u00ednico Geral, Nutricionista e Pedagogo.<\/li>\n<li><strong>2014<\/strong> \u2013 Sele\u00e7\u00e3o com 195 vagas para cargos de n\u00edveis fundamental, m\u00e9dio e superior.<\/li>\n<li><strong>2013<\/strong> \u2013 Processos seletivos com vagas para Professor, Pedagogo, Auxiliar de Servi\u00e7os Gerais, Vigia e Motorista, al\u00e9m de 115 vagas de n\u00edvel fundamental.<\/li>\n<\/ul>\n\n\n\n<h2 class=\"wp-block-heading has-text-align-center\" id=\"mapa-regiao\">Veja Concursos Abertos na mesma regi\u00e3o<\/h2>\n\n\n\n<iframe\n  src=\"https:\/\/www.estrategiaconcursos.com.br\/blog\/mapa-concursos\/embed?situacoes=Inscri%C3%A7%C3%B5es%20abertas&amp;estado=AM\"\n  width=\"100%\"\n  height=\"400\"\n  style=\"border: none; display: block;\"\n  title=\"Mapa de Concursos P\u00fablicos no Amazonas\"\n  loading=\"lazy\"><\/iframe>\n\n\n\n<h2 class=\"wp-block-heading has-text-align-center\" id=\"cursos\">Quer saber tudo sobre concursos previstos?<br \/>Confira nossos artigos!<\/h2>\n\n\n\n<ul class=\"wp-block-list\">\n<li><a href=\"https:\/\/www.estrategiaconcursos.com.br\/blog\/concursos-abertos\/\" target=\"_blank\" rel=\"noreferrer noopener\">Concursos Abertos<\/a><\/li>\n<li><a href=\"https:\/\/www.estrategiaconcursos.com.br\/blog\/concursos-2026\/\" target=\"_blank\" rel=\"noreferrer noopener\">Concursos 2026<\/a><\/li>\n<li><a href=\"https:\/\/www.estrategiaconcursos.com.br\/blog\/concursos-amazonas\/\" target=\"_blank\" rel=\"noreferrer noopener\">Concursos Amazonas<\/a><\/li>\n<\/ul>\n\n\n\n<div class=\"estrategia\" id=\"box-assinatura\">\n  <h3 class=\"titulo-assinatura\">Assinatura Concursos<\/h3>\n  <p class=\"subtitulo-assinatura\">Assinatura de 1 ano ou 2 anos<\/p>\n  <div class=\"box-botao\">\n    <a class=\"btn-assinatura\" target=\"_blank\" href=\"https:\/\/www.estrategiaconcursos.com.br\/assinaturas\/\" role=\"button\" rel=\"noopener noreferrer\">ASSINE AGORA<\/a>\n  <\/div>\n<\/div>\n\n\n\n<h3 class=\"wp-block-heading\" id=\"ficha\">Informa\u00e7\u00f5es do pr\u00f3ximo concurso Prefeitura de Boca do Acre<\/h3>\n\n\n\n<ul class=\"wp-block-list\">\n<li><strong>Data prevista:<\/strong> a definir<\/li>\n<li><strong>Status:<\/strong> sem novo edital previsto<\/li>\n<\/ul>\n\n\n\n<h3 class=\"wp-block-heading\">Informa\u00e7\u00f5es do \u00faltimo processo seletivo Prefeitura de Boca do Acre<\/h3>\n\n\n\n<ul class=\"wp-block-list\">\n<li><strong>Ano:<\/strong> 2025<\/li>\n<li><strong>Vagas:<\/strong> 495<\/li>\n<li><strong>Remunera\u00e7\u00e3o:<\/strong> at\u00e9 R$ 1.518,00<\/li>\n<li><strong>Escolaridade:<\/strong> fundamental, m\u00e9dio e superior<\/li>\n<li><strong>Tipo:<\/strong> processo seletivo simplificado (contrata\u00e7\u00e3o tempor\u00e1ria)<\/li>\n<\/ul>\n\n\n\n<h3 class=\"wp-block-heading\">Fontes consultadas<\/h3>\n\n\n\n<ul class=\"wp-block-list\">\n<li><a href=\"https:\/\/www.bocadoacre.am.gov.br\/index.php\/imprensa\/agenda-do-prefeito\/pg.php?area=PUBLICACOES\" target=\"_blank\" rel=\"noreferrer noopener\">Prefeitura de Boca do Acre\/AM \u2013 Publica\u00e7\u00f5es<\/a><\/li>\n<\/ul>\n\n\n\n<div class=\"container\" id=\"boxes\">\n  <div class=\"row\">\n    <div class=\"col-sm\">\n      <div class=\"banner-prefeituras-ec\" id=\"box-assinatura\">\n        <h2 class=\"titulo-assinatura\" style=\"text-align: left;\">Concursos Prefeituras<\/h2>\n        <p class=\"subtitulo-assinatura\" style=\"text-align: left;\">Prepara\u00e7\u00e3o completa para a carreira!<\/p>\n        <div class=\"box-botao\" style=\"text-align: left;\">\n          <a class=\"btn-assinatura\" target=\"_blank\" href=\"https:\/\/www.estrategiaconcursos.com.br\/pesquisa\/?q=prefeitura+Boca+do+Acre\" role=\"button\" rel=\"noopener noreferrer\">EXPLORAR CURSOS<\/a>\n        <\/div>\n      <\/div>\n    <\/div>\n  <\/div>\n<\/div>\n\n","protected":false},"excerpt":{"rendered":"<p>A Prefeitura de Boca do Acre, no Amazonas, realizou processo seletivo em 2025 com 495 vagas tempor\u00e1rias para contrata\u00e7\u00e3o na \u00e1rea da educa\u00e7\u00e3o municipal. Boca do Acre \u00e9 um munic\u00edpio localizado no sul do Amazonas, na fronteira com o Acre. A Prefeitura possui hist\u00f3rico frequente de processos seletivos para contrata\u00e7\u00e3o tempor\u00e1ria, com registros anuais desde [&hellip;]<\/p>\n","protected":false},"author":344,"featured_media":1540739,"comment_status":"open","ping_status":"closed","sticky":false,"template":"","format":"standard","meta":{"post_tipo":"news_page","footnotes":""},"categories":[222278],"tags":[],"tax_estado":[219966],"class_list":["post-1730022","post","type-post","status-publish","format-standard","has-post-thumbnail","hentry","category-prefeituras","tax_estado-am"],"acf":[],"yoast_head":"<!-- This site is optimized with the Yoast SEO Premium plugin v27.2 (Yoast SEO v27.2) - https:\/\/yoast.com\/product\/yoast-seo-premium-wordpress\/ -->\n<title>Concurso Boca do Acre (AM): sem novo edital previsto<\/title>\n<meta name=\"description\" content=\"Boca do Acre (AM) realizou PS 2025 com 495 vagas tempor\u00e1rias na educa\u00e7\u00e3o, com sal\u00e1rios de at\u00e9 R$ 1.518. Veja hist\u00f3rico e situa\u00e7\u00e3o atual.\" \/>\n<meta name=\"robots\" content=\"index, follow, max-snippet:-1, max-image-preview:large, max-video-preview:-1\" \/>\n<link rel=\"canonical\" href=\"https:\/\/www.estrategiaconcursos.com.br\/blog\/concurso-prefeitura-boca-do-acre\/\" \/>\n<meta property=\"og:locale\" content=\"pt_BR\" \/>\n<meta property=\"og:type\" content=\"article\" \/>\n<meta property=\"og:title\" content=\"Concurso Boca do Acre (AM): sem novo edital previsto\" \/>\n<meta property=\"og:description\" content=\"Boca do Acre (AM) realizou PS 2025 com 495 vagas tempor\u00e1rias na educa\u00e7\u00e3o, com sal\u00e1rios de at\u00e9 R$ 1.518. Veja hist\u00f3rico e situa\u00e7\u00e3o atual.\" \/>\n<meta property=\"og:url\" content=\"https:\/\/www.estrategiaconcursos.com.br\/blog\/concurso-prefeitura-boca-do-acre\/\" \/>\n<meta property=\"og:site_name\" content=\"Estrat\u00e9gia Concursos\" \/>\n<meta property=\"article:author\" content=\"https:\/\/www.facebook.com\/coachluiseduardo\/\" \/>\n<meta property=\"article:published_time\" content=\"2026-03-11T01:31:48+00:00\" \/>\n<meta property=\"article:modified_time\" content=\"2026-03-11T01:31:50+00:00\" \/>\n<meta property=\"og:image\" content=\"https:\/\/dhg1h5j42swfq.cloudfront.net\/2025\/03\/05201612\/concursos-prefeituras-1024x536-1.jpg\" \/>\n\t<meta property=\"og:image:width\" content=\"1024\" \/>\n\t<meta property=\"og:image:height\" content=\"536\" \/>\n\t<meta property=\"og:image:type\" content=\"image\/jpeg\" \/>\n<meta name=\"author\" content=\"Luis Eduardo\" \/>\n<meta name=\"twitter:card\" content=\"summary_large_image\" \/>\n<meta name=\"twitter:creator\" content=\"@EstratConcursos\" \/>\n<meta name=\"twitter:site\" content=\"@EstratConcursos\" \/>\n<meta name=\"twitter:label1\" content=\"Escrito por\" \/>\n\t<meta name=\"twitter:data1\" content=\"Luis Eduardo\" \/>\n\t<meta name=\"twitter:label2\" content=\"Est. tempo de leitura\" \/>\n\t<meta name=\"twitter:data2\" content=\"3 minutos\" \/>\n<script type=\"application\/ld+json\" class=\"yoast-schema-graph\">{\"@context\":\"https:\/\/schema.org\",\"@graph\":[{\"@type\":\"NewsArticle\",\"@id\":\"https:\/\/www.estrategiaconcursos.com.br\/blog\/concurso-prefeitura-boca-do-acre\/#article\",\"isPartOf\":{\"@id\":\"https:\/\/www.estrategiaconcursos.com.br\/blog\/concurso-prefeitura-boca-do-acre\/\"},\"author\":{\"name\":\"Luis Eduardo\",\"@id\":\"https:\/\/www.estrategiaconcursos.com.br\/blog\/#\/schema\/person\/0906ff564105056f3b05978d503ee214\"},\"headline\":\"Concurso Boca do Acre (AM): sem novo edital previsto\",\"datePublished\":\"2026-03-11T01:31:48+00:00\",\"dateModified\":\"2026-03-11T01:31:50+00:00\",\"mainEntityOfPage\":{\"@id\":\"https:\/\/www.estrategiaconcursos.com.br\/blog\/concurso-prefeitura-boca-do-acre\/\"},\"wordCount\":666,\"commentCount\":0,\"publisher\":{\"@id\":\"https:\/\/www.estrategiaconcursos.com.br\/blog\/#organization\"},\"image\":{\"@id\":\"https:\/\/www.estrategiaconcursos.com.br\/blog\/concurso-prefeitura-boca-do-acre\/#primaryimage\"},\"thumbnailUrl\":\"https:\/\/dhg1h5j42swfq.cloudfront.net\/2025\/03\/05201612\/concursos-prefeituras-1024x536-1.jpg\",\"articleSection\":[\"Prefeituras\"],\"inLanguage\":\"pt-BR\",\"potentialAction\":[{\"@type\":\"CommentAction\",\"name\":\"Comment\",\"target\":[\"https:\/\/www.estrategiaconcursos.com.br\/blog\/concurso-prefeitura-boca-do-acre\/#respond\"]}],\"copyrightYear\":\"2026\",\"copyrightHolder\":{\"@id\":\"https:\/\/www.estrategiaconcursos.com.br\/blog\/#organization\"}},{\"@type\":\"WebPage\",\"@id\":\"https:\/\/www.estrategiaconcursos.com.br\/blog\/concurso-prefeitura-boca-do-acre\/\",\"url\":\"https:\/\/www.estrategiaconcursos.com.br\/blog\/concurso-prefeitura-boca-do-acre\/\",\"name\":\"Concurso Boca do Acre (AM): sem novo edital previsto\",\"isPartOf\":{\"@id\":\"https:\/\/www.estrategiaconcursos.com.br\/blog\/#website\"},\"primaryImageOfPage\":{\"@id\":\"https:\/\/www.estrategiaconcursos.com.br\/blog\/concurso-prefeitura-boca-do-acre\/#primaryimage\"},\"image\":{\"@id\":\"https:\/\/www.estrategiaconcursos.com.br\/blog\/concurso-prefeitura-boca-do-acre\/#primaryimage\"},\"thumbnailUrl\":\"https:\/\/dhg1h5j42swfq.cloudfront.net\/2025\/03\/05201612\/concursos-prefeituras-1024x536-1.jpg\",\"datePublished\":\"2026-03-11T01:31:48+00:00\",\"dateModified\":\"2026-03-11T01:31:50+00:00\",\"description\":\"Boca do Acre (AM) realizou PS 2025 com 495 vagas tempor\u00e1rias na educa\u00e7\u00e3o, com sal\u00e1rios de at\u00e9 R$ 1.518. Veja hist\u00f3rico e situa\u00e7\u00e3o atual.\",\"breadcrumb\":{\"@id\":\"https:\/\/www.estrategiaconcursos.com.br\/blog\/concurso-prefeitura-boca-do-acre\/#breadcrumb\"},\"inLanguage\":\"pt-BR\",\"potentialAction\":[{\"@type\":\"ReadAction\",\"target\":[\"https:\/\/www.estrategiaconcursos.com.br\/blog\/concurso-prefeitura-boca-do-acre\/\"]}]},{\"@type\":\"ImageObject\",\"inLanguage\":\"pt-BR\",\"@id\":\"https:\/\/www.estrategiaconcursos.com.br\/blog\/concurso-prefeitura-boca-do-acre\/#primaryimage\",\"url\":\"https:\/\/dhg1h5j42swfq.cloudfront.net\/2025\/03\/05201612\/concursos-prefeituras-1024x536-1.jpg\",\"contentUrl\":\"https:\/\/dhg1h5j42swfq.cloudfront.net\/2025\/03\/05201612\/concursos-prefeituras-1024x536-1.jpg\",\"width\":1024,\"height\":536,\"caption\":\"Concurso\"},{\"@type\":\"BreadcrumbList\",\"@id\":\"https:\/\/www.estrategiaconcursos.com.br\/blog\/concurso-prefeitura-boca-do-acre\/#breadcrumb\",\"itemListElement\":[{\"@type\":\"ListItem\",\"position\":1,\"name\":\"In\u00edcio\",\"item\":\"https:\/\/www.estrategiaconcursos.com.br\/blog\/\"},{\"@type\":\"ListItem\",\"position\":2,\"name\":\"Concurso Boca do Acre (AM): sem novo edital previsto\"}]},{\"@type\":\"WebSite\",\"@id\":\"https:\/\/www.estrategiaconcursos.com.br\/blog\/#website\",\"url\":\"https:\/\/www.estrategiaconcursos.com.br\/blog\/\",\"name\":\"Estrat\u00e9gia Concursos\",\"description\":\"O blog da Estrat\u00e9gia Concursos traz not\u00edcias sobre concursos e artigos de professores oferecendo cursos para concursos (pdf + videaulas) no site.\",\"publisher\":{\"@id\":\"https:\/\/www.estrategiaconcursos.com.br\/blog\/#organization\"},\"potentialAction\":[{\"@type\":\"SearchAction\",\"target\":{\"@type\":\"EntryPoint\",\"urlTemplate\":\"https:\/\/www.estrategiaconcursos.com.br\/blog\/?s={search_term_string}\"},\"query-input\":{\"@type\":\"PropertyValueSpecification\",\"valueRequired\":true,\"valueName\":\"search_term_string\"}}],\"inLanguage\":\"pt-BR\"},{\"@type\":\"Organization\",\"@id\":\"https:\/\/www.estrategiaconcursos.com.br\/blog\/#organization\",\"name\":\"Estrat\u00e9gia Concursos\",\"url\":\"https:\/\/www.estrategiaconcursos.com.br\/blog\/\",\"logo\":{\"@type\":\"ImageObject\",\"inLanguage\":\"pt-BR\",\"@id\":\"https:\/\/www.estrategiaconcursos.com.br\/blog\/#\/schema\/logo\/image\/\",\"url\":\"https:\/\/dhg1h5j42swfq.cloudfront.net\/2025\/06\/03203428\/logo_concursos-1.jpg\",\"contentUrl\":\"https:\/\/dhg1h5j42swfq.cloudfront.net\/2025\/06\/03203428\/logo_concursos-1.jpg\",\"width\":230,\"height\":60,\"caption\":\"Estrat\u00e9gia Concursos\"},\"image\":{\"@id\":\"https:\/\/www.estrategiaconcursos.com.br\/blog\/#\/schema\/logo\/image\/\"},\"sameAs\":[\"https:\/\/x.com\/EstratConcursos\"]},{\"@type\":\"Person\",\"@id\":\"https:\/\/www.estrategiaconcursos.com.br\/blog\/#\/schema\/person\/0906ff564105056f3b05978d503ee214\",\"name\":\"Luis Eduardo\",\"image\":{\"@type\":\"ImageObject\",\"inLanguage\":\"pt-BR\",\"@id\":\"https:\/\/secure.gravatar.com\/avatar\/3ce09d3c01f86018c4f3b15b9e6389f2ac325bc19863fdb79cd37fefb38517d1?s=96&d=mm&r=g\",\"url\":\"https:\/\/secure.gravatar.com\/avatar\/3ce09d3c01f86018c4f3b15b9e6389f2ac325bc19863fdb79cd37fefb38517d1?s=96&d=mm&r=g\",\"contentUrl\":\"https:\/\/secure.gravatar.com\/avatar\/3ce09d3c01f86018c4f3b15b9e6389f2ac325bc19863fdb79cd37fefb38517d1?s=96&d=mm&r=g\",\"caption\":\"Luis Eduardo\"},\"sameAs\":[\"https:\/\/www.facebook.com\/coachluiseduardo\/\"],\"url\":\"https:\/\/www.estrategiaconcursos.com.br\/blog\/author\/luiseduardoestrategiaconcursos-com-br\/\"}]}<\/script>\n<!-- \/ Yoast SEO Premium plugin. -->","yoast_head_json":{"title":"Concurso Boca do Acre (AM): sem novo edital previsto","description":"Boca do Acre (AM) realizou PS 2025 com 495 vagas tempor\u00e1rias na educa\u00e7\u00e3o, com sal\u00e1rios de at\u00e9 R$ 1.518. Veja hist\u00f3rico e situa\u00e7\u00e3o atual.","robots":{"index":"index","follow":"follow","max-snippet":"max-snippet:-1","max-image-preview":"max-image-preview:large","max-video-preview":"max-video-preview:-1"},"canonical":"https:\/\/www.estrategiaconcursos.com.br\/blog\/concurso-prefeitura-boca-do-acre\/","og_locale":"pt_BR","og_type":"article","og_title":"Concurso Boca do Acre (AM): sem novo edital previsto","og_description":"Boca do Acre (AM) realizou PS 2025 com 495 vagas tempor\u00e1rias na educa\u00e7\u00e3o, com sal\u00e1rios de at\u00e9 R$ 1.518. Veja hist\u00f3rico e situa\u00e7\u00e3o atual.","og_url":"https:\/\/www.estrategiaconcursos.com.br\/blog\/concurso-prefeitura-boca-do-acre\/","og_site_name":"Estrat\u00e9gia Concursos","article_author":"https:\/\/www.facebook.com\/coachluiseduardo\/","article_published_time":"2026-03-11T01:31:48+00:00","article_modified_time":"2026-03-11T01:31:50+00:00","og_image":[{"width":1024,"height":536,"url":"https:\/\/dhg1h5j42swfq.cloudfront.net\/2025\/03\/05201612\/concursos-prefeituras-1024x536-1.jpg","type":"image\/jpeg"}],"author":"Luis Eduardo","twitter_card":"summary_large_image","twitter_creator":"@EstratConcursos","twitter_site":"@EstratConcursos","twitter_misc":{"Escrito por":"Luis Eduardo","Est. tempo de leitura":"3 minutos"},"schema":{"@context":"https:\/\/schema.org","@graph":[{"@type":"NewsArticle","@id":"https:\/\/www.estrategiaconcursos.com.br\/blog\/concurso-prefeitura-boca-do-acre\/#article","isPartOf":{"@id":"https:\/\/www.estrategiaconcursos.com.br\/blog\/concurso-prefeitura-boca-do-acre\/"},"author":{"name":"Luis Eduardo","@id":"https:\/\/www.estrategiaconcursos.com.br\/blog\/#\/schema\/person\/0906ff564105056f3b05978d503ee214"},"headline":"Concurso Boca do Acre (AM): sem novo edital previsto","datePublished":"2026-03-11T01:31:48+00:00","dateModified":"2026-03-11T01:31:50+00:00","mainEntityOfPage":{"@id":"https:\/\/www.estrategiaconcursos.com.br\/blog\/concurso-prefeitura-boca-do-acre\/"},"wordCount":666,"commentCount":0,"publisher":{"@id":"https:\/\/www.estrategiaconcursos.com.br\/blog\/#organization"},"image":{"@id":"https:\/\/www.estrategiaconcursos.com.br\/blog\/concurso-prefeitura-boca-do-acre\/#primaryimage"},"thumbnailUrl":"https:\/\/dhg1h5j42swfq.cloudfront.net\/2025\/03\/05201612\/concursos-prefeituras-1024x536-1.jpg","articleSection":["Prefeituras"],"inLanguage":"pt-BR","potentialAction":[{"@type":"CommentAction","name":"Comment","target":["https:\/\/www.estrategiaconcursos.com.br\/blog\/concurso-prefeitura-boca-do-acre\/#respond"]}],"copyrightYear":"2026","copyrightHolder":{"@id":"https:\/\/www.estrategiaconcursos.com.br\/blog\/#organization"}},{"@type":"WebPage","@id":"https:\/\/www.estrategiaconcursos.com.br\/blog\/concurso-prefeitura-boca-do-acre\/","url":"https:\/\/www.estrategiaconcursos.com.br\/blog\/concurso-prefeitura-boca-do-acre\/","name":"Concurso Boca do Acre (AM): sem novo edital previsto","isPartOf":{"@id":"https:\/\/www.estrategiaconcursos.com.br\/blog\/#website"},"primaryImageOfPage":{"@id":"https:\/\/www.estrategiaconcursos.com.br\/blog\/concurso-prefeitura-boca-do-acre\/#primaryimage"},"image":{"@id":"https:\/\/www.estrategiaconcursos.com.br\/blog\/concurso-prefeitura-boca-do-acre\/#primaryimage"},"thumbnailUrl":"https:\/\/dhg1h5j42swfq.cloudfront.net\/2025\/03\/05201612\/concursos-prefeituras-1024x536-1.jpg","datePublished":"2026-03-11T01:31:48+00:00","dateModified":"2026-03-11T01:31:50+00:00","description":"Boca do Acre (AM) realizou PS 2025 com 495 vagas tempor\u00e1rias na educa\u00e7\u00e3o, com sal\u00e1rios de at\u00e9 R$ 1.518. Veja hist\u00f3rico e situa\u00e7\u00e3o atual.","breadcrumb":{"@id":"https:\/\/www.estrategiaconcursos.com.br\/blog\/concurso-prefeitura-boca-do-acre\/#breadcrumb"},"inLanguage":"pt-BR","potentialAction":[{"@type":"ReadAction","target":["https:\/\/www.estrategiaconcursos.com.br\/blog\/concurso-prefeitura-boca-do-acre\/"]}]},{"@type":"ImageObject","inLanguage":"pt-BR","@id":"https:\/\/www.estrategiaconcursos.com.br\/blog\/concurso-prefeitura-boca-do-acre\/#primaryimage","url":"https:\/\/dhg1h5j42swfq.cloudfront.net\/2025\/03\/05201612\/concursos-prefeituras-1024x536-1.jpg","contentUrl":"https:\/\/dhg1h5j42swfq.cloudfront.net\/2025\/03\/05201612\/concursos-prefeituras-1024x536-1.jpg","width":1024,"height":536,"caption":"Concurso"},{"@type":"BreadcrumbList","@id":"https:\/\/www.estrategiaconcursos.com.br\/blog\/concurso-prefeitura-boca-do-acre\/#breadcrumb","itemListElement":[{"@type":"ListItem","position":1,"name":"In\u00edcio","item":"https:\/\/www.estrategiaconcursos.com.br\/blog\/"},{"@type":"ListItem","position":2,"name":"Concurso Boca do Acre (AM): sem novo edital previsto"}]},{"@type":"WebSite","@id":"https:\/\/www.estrategiaconcursos.com.br\/blog\/#website","url":"https:\/\/www.estrategiaconcursos.com.br\/blog\/","name":"Estrat\u00e9gia Concursos","description":"O blog da Estrat\u00e9gia Concursos traz not\u00edcias sobre concursos e artigos de professores oferecendo cursos para concursos (pdf + videaulas) no site.","publisher":{"@id":"https:\/\/www.estrategiaconcursos.com.br\/blog\/#organization"},"potentialAction":[{"@type":"SearchAction","target":{"@type":"EntryPoint","urlTemplate":"https:\/\/www.estrategiaconcursos.com.br\/blog\/?s={search_term_string}"},"query-input":{"@type":"PropertyValueSpecification","valueRequired":true,"valueName":"search_term_string"}}],"inLanguage":"pt-BR"},{"@type":"Organization","@id":"https:\/\/www.estrategiaconcursos.com.br\/blog\/#organization","name":"Estrat\u00e9gia Concursos","url":"https:\/\/www.estrategiaconcursos.com.br\/blog\/","logo":{"@type":"ImageObject","inLanguage":"pt-BR","@id":"https:\/\/www.estrategiaconcursos.com.br\/blog\/#\/schema\/logo\/image\/","url":"https:\/\/dhg1h5j42swfq.cloudfront.net\/2025\/06\/03203428\/logo_concursos-1.jpg","contentUrl":"https:\/\/dhg1h5j42swfq.cloudfront.net\/2025\/06\/03203428\/logo_concursos-1.jpg","width":230,"height":60,"caption":"Estrat\u00e9gia Concursos"},"image":{"@id":"https:\/\/www.estrategiaconcursos.com.br\/blog\/#\/schema\/logo\/image\/"},"sameAs":["https:\/\/x.com\/EstratConcursos"]},{"@type":"Person","@id":"https:\/\/www.estrategiaconcursos.com.br\/blog\/#\/schema\/person\/0906ff564105056f3b05978d503ee214","name":"Luis Eduardo","image":{"@type":"ImageObject","inLanguage":"pt-BR","@id":"https:\/\/secure.gravatar.com\/avatar\/3ce09d3c01f86018c4f3b15b9e6389f2ac325bc19863fdb79cd37fefb38517d1?s=96&d=mm&r=g","url":"https:\/\/secure.gravatar.com\/avatar\/3ce09d3c01f86018c4f3b15b9e6389f2ac325bc19863fdb79cd37fefb38517d1?s=96&d=mm&r=g","contentUrl":"https:\/\/secure.gravatar.com\/avatar\/3ce09d3c01f86018c4f3b15b9e6389f2ac325bc19863fdb79cd37fefb38517d1?s=96&d=mm&r=g","caption":"Luis Eduardo"},"sameAs":["https:\/\/www.facebook.com\/coachluiseduardo\/"],"url":"https:\/\/www.estrategiaconcursos.com.br\/blog\/author\/luiseduardoestrategiaconcursos-com-br\/"}]}},"_links":{"self":[{"href":"https:\/\/www.estrategiaconcursos.com.br\/blog\/wp-json\/wp\/v2\/posts\/1730022","targetHints":{"allow":["GET"]}}],"collection":[{"href":"https:\/\/www.estrategiaconcursos.com.br\/blog\/wp-json\/wp\/v2\/posts"}],"about":[{"href":"https:\/\/www.estrategiaconcursos.com.br\/blog\/wp-json\/wp\/v2\/types\/post"}],"author":[{"embeddable":true,"href":"https:\/\/www.estrategiaconcursos.com.br\/blog\/wp-json\/wp\/v2\/users\/344"}],"replies":[{"embeddable":true,"href":"https:\/\/www.estrategiaconcursos.com.br\/blog\/wp-json\/wp\/v2\/comments?post=1730022"}],"version-history":[{"count":3,"href":"https:\/\/www.estrategiaconcursos.com.br\/blog\/wp-json\/wp\/v2\/posts\/1730022\/revisions"}],"predecessor-version":[{"id":1730025,"href":"https:\/\/www.estrategiaconcursos.com.br\/blog\/wp-json\/wp\/v2\/posts\/1730022\/revisions\/1730025"}],"wp:featuredmedia":[{"embeddable":true,"href":"https:\/\/www.estrategiaconcursos.com.br\/blog\/wp-json\/wp\/v2\/media\/1540739"}],"wp:attachment":[{"href":"https:\/\/www.estrategiaconcursos.com.br\/blog\/wp-json\/wp\/v2\/media?parent=1730022"}],"wp:term":[{"taxonomy":"category","embeddable":true,"href":"https:\/\/www.estrategiaconcursos.com.br\/blog\/wp-json\/wp\/v2\/categories?post=1730022"},{"taxonomy":"post_tag","embeddable":true,"href":"https:\/\/www.estrategiaconcursos.com.br\/blog\/wp-json\/wp\/v2\/tags?post=1730022"},{"taxonomy":"tax_estado","embeddable":true,"href":"https:\/\/www.estrategiaconcursos.com.br\/blog\/wp-json\/wp\/v2\/tax_estado?post=1730022"}],"curies":[{"name":"wp","href":"https:\/\/api.w.org\/{rel}","templated":true}]}}