{"id":1729879,"date":"2026-03-10T22:00:13","date_gmt":"2026-03-11T01:00:13","guid":{"rendered":"https:\/\/www.estrategiaconcursos.com.br\/blog\/?p=1729879"},"modified":"2026-03-11T17:26:06","modified_gmt":"2026-03-11T20:26:06","slug":"concursos-federais-aprovada-criacao-24-mil-cargos","status":"publish","type":"post","link":"https:\/\/www.estrategiaconcursos.com.br\/blog\/concursos-federais-aprovada-criacao-24-mil-cargos\/","title":{"rendered":"Concursos Federais: aprovada cria\u00e7\u00e3o de mais de 24 mil cargos"},"content":{"rendered":"\n<p style=\"font-size:clamp(14.082px, 0.88rem + ((1vw - 3.2px) * 0.678), 21px);\"><strong><em>PL 5.874\/2025 prev\u00ea cria\u00e7\u00e3o de mais de 24 mil cargos e abre oportunidades em concursos federais<\/em>. <em>Texto segue para san\u00e7\u00e3o presidencial!<\/em><\/strong><\/p>\n\n\n\n<details class='resumo-estrategia-noticias'> <summary>Resumo da not\u00edcia<\/summary> <div class='content'> <ul> <li>Os concursos federais ser\u00e3o impactados pela aprova\u00e7\u00e3o da cria\u00e7\u00e3o de mais de 24 mil novos cargos efetivos.<\/li> <li>A proposta legislativa visa fortalecer \u00f3rg\u00e3os estrat\u00e9gicos e carreiras do Poder Executivo em diversas \u00e1reas.<\/li> <li>As novas vagas autorizadas servir\u00e3o de base para a publica\u00e7\u00e3o de futuros editais ao longo dos pr\u00f3ximos anos.<\/li> <\/ul> <\/div> <\/details>\n\n\n\n<p>O Plen\u00e1rio do Senado Federal aprovou o <a href=\"https:\/\/www25.senado.leg.br\/web\/atividade\/materias\/-\/materia\/172946\" target=\"_blank\" rel=\"noreferrer noopener\">Projeto de Lei n\u00ba 5.874\/2025<\/a>, que reestrutura diversas carreiras do servi\u00e7o p\u00fablico federal e prev\u00ea a cria\u00e7\u00e3o de <strong>mais de 24 mil novos cargos efetivos<\/strong> no \u00e2mbito do Poder Executivo. <\/p>\n\n\n\n<ul class=\"wp-block-list\">\n<li><strong>200 novos cargos de especialista em regula\u00e7\u00e3o e vigil\u00e2ncia sanit\u00e1ria<\/strong> e <strong>25 de t\u00e9cnico em regula\u00e7\u00e3o e vigil\u00e2ncia sanit\u00e1ria<\/strong> para a <strong>Ag\u00eancia Nacional de Vigil\u00e2ncia Sanit\u00e1ria (Anvisa)<\/strong>;<\/li>\n\n\n\n<li><strong>3.800 novos cargos de professor do magist\u00e9rio superior<\/strong> e <strong>2.200 de analista em educa\u00e7\u00e3o<\/strong> para as universidades federais;<\/li>\n\n\n\n<li><strong>9.587 novos cargos de professor do ensino b\u00e1sico, t\u00e9cnico e tecnol\u00f3gico<\/strong>, <strong>4.286 de t\u00e9cnico em educa\u00e7\u00e3o<\/strong> e <strong>2.490 de analista em educa\u00e7\u00e3o<\/strong> para as institui\u00e7\u00f5es da <strong>Rede Federal de Educa\u00e7\u00e3o Profissional, Cient\u00edfica e Tecnol\u00f3gica<\/strong>;<\/li>\n\n\n\n<li><strong>750 novos cargos de Analista T\u00e9cnico de Desenvolvimento Socioecon\u00f4mico (ATDS)<\/strong> e <strong>750 de Analista T\u00e9cnico de Justi\u00e7a e Defesa (ATJD)<\/strong> no <strong>Minist\u00e9rio da Gest\u00e3o e da Inova\u00e7\u00e3o em Servi\u00e7os P\u00fablicos (MGI)<\/strong>.<\/li>\n<\/ul>\n\n\n\n<p>Segundo o relator da proposta no Senado, senador <strong>Randolfe Rodrigues (PT-AP)<\/strong>, o texto faz parte de um amplo plano de <strong>reestrutura\u00e7\u00e3o e valoriza\u00e7\u00e3o das carreiras do servi\u00e7o p\u00fablico federal<\/strong>, que poder\u00e1 beneficiar cerca de <strong>270 mil servidores<\/strong>.<\/p>\n\n\n\n<p>Durante a vota\u00e7\u00e3o, o parlamentar destacou que a proposta representa um dos maiores esfor\u00e7os recentes de reorganiza\u00e7\u00e3o das carreiras p\u00fablicas no pa\u00eds.<\/p>\n\n\n\n<ul class=\"wp-block-list\">\n<li><a href=\"https:\/\/dhg1h5j42swfq.cloudfront.net\/2026\/03\/10215834\/redacao-final-doc-sf266483111198-20260211.pdf\" target=\"_blank\" rel=\"noreferrer noopener nofollow\">Confira o PL na \u00edntegra<\/a><\/li>\n<\/ul>\n\n\n\n<div class=\"container\" id=\"boxes\">\n  <div class=\"row\">\n\n    <div class=\"col-sm\">\n      <div class=\"banner-estrat-corj\" id=\"box-assinatura\">\n        <h2 class=\"titulo-assinatura\" style=\"text-align: left;\">Cursos para Concursos<\/h2>\n        <p class=\"subtitulo-assinatura\" style=\"text-align: left;\">Conhe\u00e7a os cursos<\/p>\n        <div class=\"box-botao\" style=\"text-align: left;\">\n          <a class=\"btn-assinatura\" target=\"_blank\" href=\"https:\/\/www.estrategiaconcursos.com.br\/cursos\/concurso\/\" role=\"button\" rel=\"noopener noreferrer\">CLIQUE AQUI<\/a>\n        <\/div>\n      <\/div><\/div><\/div><\/div>\n\n\n\n<p>Dentre outras medidas aprovadas, est\u00e1 a cria\u00e7\u00e3o do <strong>Programa de Reconhecimento de Saberes e Compet\u00eancias na Educa\u00e7\u00e3o<\/strong>, que concede adicional de qualifica\u00e7\u00e3o aos t\u00e9cnicos-administrativos que atuam na rede p\u00fablica de ensino b\u00e1sico e superior.<\/p>\n\n\n\n<ul class=\"wp-block-list\">\n<li>Implementa\u00e7\u00e3o de <strong>nova tabela de remunera\u00e7\u00e3o<\/strong> para os cargos de <strong>m\u00e9dico e m\u00e9dico veterin\u00e1rio<\/strong> no plano de carreira da Educa\u00e7\u00e3o;<\/li>\n\n\n\n<li><strong>Revis\u00e3o do plano especial de cargos da Cultura<\/strong>;<\/li>\n\n\n\n<li><strong>Atualiza\u00e7\u00e3o das tabelas de remunera\u00e7\u00e3o<\/strong> para a carreira tribut\u00e1ria e aduaneira da Receita Federal e para os auditores-fiscais do trabalho;<\/li>\n\n\n\n<li><strong>Reorganiza\u00e7\u00e3o da carreira de perito federal territorial<\/strong>;<\/li>\n\n\n\n<li>Possibilidade de <strong>trabalho em regime especial de turnos ou escalas<\/strong> na Secretaria Nacional de Defesa Civil;<\/li>\n\n\n\n<li><strong>Amplia\u00e7\u00e3o do direito \u00e0 indeniza\u00e7\u00e3o por exerc\u00edcio em unidades de fronteiras internacionais<\/strong>, contemplando servidores do <strong>Servi\u00e7o Florestal Brasileiro, ICMBio, Anvisa e Abin<\/strong>.<\/li>\n<\/ul>\n\n\n\n<p>Agora, ap\u00f3s aprova\u00e7\u00e3o, conv\u00e9m destacar que o projeto seguir\u00e1 para san\u00e7\u00e3o presidencial.<\/p>\n\n\n\n<p class=\"has-text-align-center\"><em>Para saber de todas as informa\u00e7\u00f5es sobre os concursos federais, bem como da cria\u00e7\u00e3o de mais de 24 mil novos cargos, n\u00e3o deixe de conferir nosso artigo completo sobre a sele\u00e7\u00e3o:<\/em><\/p>\n\n\n\n<p class=\"has-text-align-center has-background has-medium-font-size\" style=\"background-color:#dbe1e7\"><strong><a href=\"https:\/\/www.estrategiaconcursos.com.br\/blog\/concursos-FEDERAIS\/\" target=\"_blank\" rel=\"noreferrer noopener\">Concursos Federais<\/a><\/strong><\/p>\n\n\n\n<hr class=\"wp-block-separator has-alpha-channel-opacity\"\/>\n\n\n\n<h2 class=\"wp-block-heading has-text-align-center\" id=\"h-quer-saber-tudo-sobre-concursos-previstos-confira-nossos-artigos\">Quer saber tudo sobre concursos previstos?<br \/>Confira nossos artigos!<\/h2>\n\n\n\n<ul class=\"wp-block-list\">\n<li><a href=\"https:\/\/www.estrategiaconcursos.com.br\/blog\/concursos-abertos\/\" target=\"_blank\" rel=\"noreferrer noopener\">Concursos Abertos<\/a><\/li>\n\n\n\n<li><a href=\"https:\/\/www.estrategiaconcursos.com.br\/blog\/concursos-2026\/\" target=\"_blank\" rel=\"noreferrer noopener\">Concursos 2026<\/a><\/li>\n<\/ul>\n\n\n\n<div class=\"container\" id=\"boxes\">\n    <div class=\"row\">\n  \n      <div class=\"col-sm\">\n        <div class=\"estrategia\" id=\"box-assinatura\">\n          <h3 class=\"titulo-assinatura\">Assinatura Concursos<\/h3>\n          <p class=\"subtitulo-assinatura\">Assinatura de 1 ano ou 2 anos<\/p>\n          <div class=\"box-botao\">\n            <a class=\"btn-assinatura\" target=\"_blank\" href=\"https:\/\/www.estrategiaconcursos.com.br\/assinaturas\/\" role=\"button\" rel=\"noopener noreferrer\">ASSINE AGORA<\/a>\n          <\/div>\n        <\/div><\/div><\/div><\/div>\n\n\n\n<p><\/p>\n","protected":false},"excerpt":{"rendered":"<p>PL 5.874\/2025 prev\u00ea cria\u00e7\u00e3o de mais de 24 mil cargos e abre oportunidades em concursos federais. Texto segue para san\u00e7\u00e3o presidencial! Resumo da not\u00edcia Os concursos federais ser\u00e3o impactados pela aprova\u00e7\u00e3o da cria\u00e7\u00e3o de mais de 24 mil novos cargos efetivos. A proposta legislativa visa fortalecer \u00f3rg\u00e3os estrat\u00e9gicos e carreiras do Poder Executivo em diversas [&hellip;]<\/p>\n","protected":false},"author":2134,"featured_media":1209622,"comment_status":"open","ping_status":"closed","sticky":false,"template":"","format":"standard","meta":{"post_tipo":"news","footnotes":""},"categories":[214992,220219],"tags":[],"tax_estado":[219963],"class_list":["post-1729879","post","type-post","status-publish","format-standard","has-post-thumbnail","hentry","category-concursos-administrativos","category-noticias","tax_estado-concursos-federais"],"acf":[],"yoast_head":"<!-- This site is optimized with the Yoast SEO Premium plugin v27.2 (Yoast SEO v27.2) - https:\/\/yoast.com\/product\/yoast-seo-premium-wordpress\/ -->\n<title>Concursos Federais: aprovada cria\u00e7\u00e3o de mais de 24 mil cargos<\/title>\n<meta name=\"description\" content=\"PL 5.874\/2025 cria mais de 24 mil cargos e abre oportunidades em concursos federais. Confira todos os detalhes neste artigo!\" \/>\n<meta name=\"robots\" content=\"index, follow, max-snippet:-1, max-image-preview:large, max-video-preview:-1\" \/>\n<link rel=\"canonical\" href=\"https:\/\/www.estrategiaconcursos.com.br\/blog\/concursos-federais-aprovada-criacao-24-mil-cargos\/\" \/>\n<meta property=\"og:locale\" content=\"pt_BR\" \/>\n<meta property=\"og:type\" content=\"article\" \/>\n<meta property=\"og:title\" content=\"Concursos Federais: aprovada cria\u00e7\u00e3o de mais de 24 mil cargos\" \/>\n<meta property=\"og:description\" content=\"PL 5.874\/2025 cria mais de 24 mil cargos e abre oportunidades em concursos federais. Confira todos os detalhes neste artigo!\" \/>\n<meta property=\"og:url\" content=\"https:\/\/www.estrategiaconcursos.com.br\/blog\/concursos-federais-aprovada-criacao-24-mil-cargos\/\" \/>\n<meta property=\"og:site_name\" content=\"Estrat\u00e9gia Concursos\" \/>\n<meta property=\"article:published_time\" content=\"2026-03-11T01:00:13+00:00\" \/>\n<meta property=\"article:modified_time\" content=\"2026-03-11T20:26:06+00:00\" \/>\n<meta property=\"og:image\" content=\"https:\/\/dhg1h5j42swfq.cloudfront.net\/2023\/05\/02151653\/concursos-federais.jpg\" \/>\n\t<meta property=\"og:image:width\" content=\"768\" \/>\n\t<meta property=\"og:image:height\" content=\"432\" \/>\n\t<meta property=\"og:image:type\" content=\"image\/jpeg\" \/>\n<meta name=\"author\" content=\"Rafaela Teixeira\" \/>\n<meta name=\"twitter:card\" content=\"summary_large_image\" \/>\n<meta name=\"twitter:creator\" content=\"@EstratConcursos\" \/>\n<meta name=\"twitter:site\" content=\"@EstratConcursos\" \/>\n<meta name=\"twitter:label1\" content=\"Escrito por\" \/>\n\t<meta name=\"twitter:data1\" content=\"Rafaela Teixeira\" \/>\n\t<meta name=\"twitter:label2\" content=\"Est. tempo de leitura\" \/>\n\t<meta name=\"twitter:data2\" content=\"3 minutos\" \/>\n<script type=\"application\/ld+json\" class=\"yoast-schema-graph\">{\"@context\":\"https:\/\/schema.org\",\"@graph\":[{\"@type\":\"NewsArticle\",\"@id\":\"https:\/\/www.estrategiaconcursos.com.br\/blog\/concursos-federais-aprovada-criacao-24-mil-cargos\/#article\",\"isPartOf\":{\"@id\":\"https:\/\/www.estrategiaconcursos.com.br\/blog\/concursos-federais-aprovada-criacao-24-mil-cargos\/\"},\"author\":{\"name\":\"Rafaela Teixeira\",\"@id\":\"https:\/\/www.estrategiaconcursos.com.br\/blog\/#\/schema\/person\/e75352021ea7f60781c599934f916eb1\"},\"headline\":\"Concursos Federais: aprovada cria\u00e7\u00e3o de mais de 24 mil cargos\",\"datePublished\":\"2026-03-11T01:00:13+00:00\",\"dateModified\":\"2026-03-11T20:26:06+00:00\",\"mainEntityOfPage\":{\"@id\":\"https:\/\/www.estrategiaconcursos.com.br\/blog\/concursos-federais-aprovada-criacao-24-mil-cargos\/\"},\"wordCount\":565,\"commentCount\":0,\"publisher\":{\"@id\":\"https:\/\/www.estrategiaconcursos.com.br\/blog\/#organization\"},\"image\":{\"@id\":\"https:\/\/www.estrategiaconcursos.com.br\/blog\/concursos-federais-aprovada-criacao-24-mil-cargos\/#primaryimage\"},\"thumbnailUrl\":\"https:\/\/dhg1h5j42swfq.cloudfront.net\/2023\/05\/02151653\/concursos-federais.jpg\",\"articleSection\":[\"Executivo (Administrativa)\",\"\u00daltimas not\u00edcias\"],\"inLanguage\":\"pt-BR\",\"potentialAction\":[{\"@type\":\"CommentAction\",\"name\":\"Comment\",\"target\":[\"https:\/\/www.estrategiaconcursos.com.br\/blog\/concursos-federais-aprovada-criacao-24-mil-cargos\/#respond\"]}],\"copyrightYear\":\"2026\",\"copyrightHolder\":{\"@id\":\"https:\/\/www.estrategiaconcursos.com.br\/blog\/#organization\"}},{\"@type\":\"WebPage\",\"@id\":\"https:\/\/www.estrategiaconcursos.com.br\/blog\/concursos-federais-aprovada-criacao-24-mil-cargos\/\",\"url\":\"https:\/\/www.estrategiaconcursos.com.br\/blog\/concursos-federais-aprovada-criacao-24-mil-cargos\/\",\"name\":\"Concursos Federais: aprovada cria\u00e7\u00e3o de mais de 24 mil cargos\",\"isPartOf\":{\"@id\":\"https:\/\/www.estrategiaconcursos.com.br\/blog\/#website\"},\"primaryImageOfPage\":{\"@id\":\"https:\/\/www.estrategiaconcursos.com.br\/blog\/concursos-federais-aprovada-criacao-24-mil-cargos\/#primaryimage\"},\"image\":{\"@id\":\"https:\/\/www.estrategiaconcursos.com.br\/blog\/concursos-federais-aprovada-criacao-24-mil-cargos\/#primaryimage\"},\"thumbnailUrl\":\"https:\/\/dhg1h5j42swfq.cloudfront.net\/2023\/05\/02151653\/concursos-federais.jpg\",\"datePublished\":\"2026-03-11T01:00:13+00:00\",\"dateModified\":\"2026-03-11T20:26:06+00:00\",\"description\":\"PL 5.874\/2025 cria mais de 24 mil cargos e abre oportunidades em concursos federais. Confira todos os detalhes neste artigo!\",\"breadcrumb\":{\"@id\":\"https:\/\/www.estrategiaconcursos.com.br\/blog\/concursos-federais-aprovada-criacao-24-mil-cargos\/#breadcrumb\"},\"inLanguage\":\"pt-BR\",\"potentialAction\":[{\"@type\":\"ReadAction\",\"target\":[\"https:\/\/www.estrategiaconcursos.com.br\/blog\/concursos-federais-aprovada-criacao-24-mil-cargos\/\"]}]},{\"@type\":\"ImageObject\",\"inLanguage\":\"pt-BR\",\"@id\":\"https:\/\/www.estrategiaconcursos.com.br\/blog\/concursos-federais-aprovada-criacao-24-mil-cargos\/#primaryimage\",\"url\":\"https:\/\/dhg1h5j42swfq.cloudfront.net\/2023\/05\/02151653\/concursos-federais.jpg\",\"contentUrl\":\"https:\/\/dhg1h5j42swfq.cloudfront.net\/2023\/05\/02151653\/concursos-federais.jpg\",\"width\":768,\"height\":432,\"caption\":\"Concursos federais: ministra confirma novos concursos em 2026\"},{\"@type\":\"BreadcrumbList\",\"@id\":\"https:\/\/www.estrategiaconcursos.com.br\/blog\/concursos-federais-aprovada-criacao-24-mil-cargos\/#breadcrumb\",\"itemListElement\":[{\"@type\":\"ListItem\",\"position\":1,\"name\":\"In\u00edcio\",\"item\":\"https:\/\/www.estrategiaconcursos.com.br\/blog\/\"},{\"@type\":\"ListItem\",\"position\":2,\"name\":\"Concursos Federais: aprovada cria\u00e7\u00e3o de mais de 24 mil cargos\"}]},{\"@type\":\"WebSite\",\"@id\":\"https:\/\/www.estrategiaconcursos.com.br\/blog\/#website\",\"url\":\"https:\/\/www.estrategiaconcursos.com.br\/blog\/\",\"name\":\"Estrat\u00e9gia Concursos\",\"description\":\"O blog da Estrat\u00e9gia Concursos traz not\u00edcias sobre concursos e artigos de professores oferecendo cursos para concursos (pdf + videaulas) no site.\",\"publisher\":{\"@id\":\"https:\/\/www.estrategiaconcursos.com.br\/blog\/#organization\"},\"potentialAction\":[{\"@type\":\"SearchAction\",\"target\":{\"@type\":\"EntryPoint\",\"urlTemplate\":\"https:\/\/www.estrategiaconcursos.com.br\/blog\/?s={search_term_string}\"},\"query-input\":{\"@type\":\"PropertyValueSpecification\",\"valueRequired\":true,\"valueName\":\"search_term_string\"}}],\"inLanguage\":\"pt-BR\"},{\"@type\":\"Organization\",\"@id\":\"https:\/\/www.estrategiaconcursos.com.br\/blog\/#organization\",\"name\":\"Estrat\u00e9gia Concursos\",\"url\":\"https:\/\/www.estrategiaconcursos.com.br\/blog\/\",\"logo\":{\"@type\":\"ImageObject\",\"inLanguage\":\"pt-BR\",\"@id\":\"https:\/\/www.estrategiaconcursos.com.br\/blog\/#\/schema\/logo\/image\/\",\"url\":\"https:\/\/dhg1h5j42swfq.cloudfront.net\/2025\/06\/03203428\/logo_concursos-1.jpg\",\"contentUrl\":\"https:\/\/dhg1h5j42swfq.cloudfront.net\/2025\/06\/03203428\/logo_concursos-1.jpg\",\"width\":230,\"height\":60,\"caption\":\"Estrat\u00e9gia Concursos\"},\"image\":{\"@id\":\"https:\/\/www.estrategiaconcursos.com.br\/blog\/#\/schema\/logo\/image\/\"},\"sameAs\":[\"https:\/\/x.com\/EstratConcursos\"]},{\"@type\":\"Person\",\"@id\":\"https:\/\/www.estrategiaconcursos.com.br\/blog\/#\/schema\/person\/e75352021ea7f60781c599934f916eb1\",\"name\":\"Rafaela Teixeira\",\"image\":{\"@type\":\"ImageObject\",\"inLanguage\":\"pt-BR\",\"@id\":\"https:\/\/secure.gravatar.com\/avatar\/8a349a2b22039b1ee88fc06461487c950fd6aa411ea8af8633314b43334ae793?s=96&d=mm&r=g\",\"url\":\"https:\/\/secure.gravatar.com\/avatar\/8a349a2b22039b1ee88fc06461487c950fd6aa411ea8af8633314b43334ae793?s=96&d=mm&r=g\",\"contentUrl\":\"https:\/\/secure.gravatar.com\/avatar\/8a349a2b22039b1ee88fc06461487c950fd6aa411ea8af8633314b43334ae793?s=96&d=mm&r=g\",\"caption\":\"Rafaela Teixeira\"},\"description\":\"Rafaela Teixeira \u00e9 advogada conveniada \u00e0 Defensoria P\u00fablica de S\u00e3o Paulo pela OAB, com experi\u00eancia em reda\u00e7\u00e3o jur\u00eddica e atua\u00e7\u00e3o em institui\u00e7\u00f5es p\u00fablicas, incluindo est\u00e1gio no TRE-SP. Possui mais de 7 anos de experi\u00eancia na produ\u00e7\u00e3o de conte\u00fados voltados ao nicho de concursos p\u00fablicos, com foco em apura\u00e7\u00e3o jornal\u00edstica cont\u00ednua, an\u00e1lise de editais e obten\u00e7\u00e3o de informa\u00e7\u00f5es diretamente junto a \u00f3rg\u00e3os e fontes oficiais. No Blog do Estrat\u00e9gia Concursos, atua como Analista de Conte\u00fado S\u00eanior, respons\u00e1vel pelo jornalismo do per\u00edodo noturno e da madrugada, com atua\u00e7\u00e3o transversal na cobertura de concursos p\u00fablicos, garantindo a continuidade, fluidez e confiabilidade das publica\u00e7\u00f5es e dos bastidores dos certames.\",\"url\":\"https:\/\/www.estrategiaconcursos.com.br\/blog\/author\/rafaela-teixeira\/\"}]}<\/script>\n<!-- \/ Yoast SEO Premium plugin. -->","yoast_head_json":{"title":"Concursos Federais: aprovada cria\u00e7\u00e3o de mais de 24 mil cargos","description":"PL 5.874\/2025 cria mais de 24 mil cargos e abre oportunidades em concursos federais. Confira todos os detalhes neste artigo!","robots":{"index":"index","follow":"follow","max-snippet":"max-snippet:-1","max-image-preview":"max-image-preview:large","max-video-preview":"max-video-preview:-1"},"canonical":"https:\/\/www.estrategiaconcursos.com.br\/blog\/concursos-federais-aprovada-criacao-24-mil-cargos\/","og_locale":"pt_BR","og_type":"article","og_title":"Concursos Federais: aprovada cria\u00e7\u00e3o de mais de 24 mil cargos","og_description":"PL 5.874\/2025 cria mais de 24 mil cargos e abre oportunidades em concursos federais. Confira todos os detalhes neste artigo!","og_url":"https:\/\/www.estrategiaconcursos.com.br\/blog\/concursos-federais-aprovada-criacao-24-mil-cargos\/","og_site_name":"Estrat\u00e9gia Concursos","article_published_time":"2026-03-11T01:00:13+00:00","article_modified_time":"2026-03-11T20:26:06+00:00","og_image":[{"width":768,"height":432,"url":"https:\/\/dhg1h5j42swfq.cloudfront.net\/2023\/05\/02151653\/concursos-federais.jpg","type":"image\/jpeg"}],"author":"Rafaela Teixeira","twitter_card":"summary_large_image","twitter_creator":"@EstratConcursos","twitter_site":"@EstratConcursos","twitter_misc":{"Escrito por":"Rafaela Teixeira","Est. tempo de leitura":"3 minutos"},"schema":{"@context":"https:\/\/schema.org","@graph":[{"@type":"NewsArticle","@id":"https:\/\/www.estrategiaconcursos.com.br\/blog\/concursos-federais-aprovada-criacao-24-mil-cargos\/#article","isPartOf":{"@id":"https:\/\/www.estrategiaconcursos.com.br\/blog\/concursos-federais-aprovada-criacao-24-mil-cargos\/"},"author":{"name":"Rafaela Teixeira","@id":"https:\/\/www.estrategiaconcursos.com.br\/blog\/#\/schema\/person\/e75352021ea7f60781c599934f916eb1"},"headline":"Concursos Federais: aprovada cria\u00e7\u00e3o de mais de 24 mil cargos","datePublished":"2026-03-11T01:00:13+00:00","dateModified":"2026-03-11T20:26:06+00:00","mainEntityOfPage":{"@id":"https:\/\/www.estrategiaconcursos.com.br\/blog\/concursos-federais-aprovada-criacao-24-mil-cargos\/"},"wordCount":565,"commentCount":0,"publisher":{"@id":"https:\/\/www.estrategiaconcursos.com.br\/blog\/#organization"},"image":{"@id":"https:\/\/www.estrategiaconcursos.com.br\/blog\/concursos-federais-aprovada-criacao-24-mil-cargos\/#primaryimage"},"thumbnailUrl":"https:\/\/dhg1h5j42swfq.cloudfront.net\/2023\/05\/02151653\/concursos-federais.jpg","articleSection":["Executivo (Administrativa)","\u00daltimas not\u00edcias"],"inLanguage":"pt-BR","potentialAction":[{"@type":"CommentAction","name":"Comment","target":["https:\/\/www.estrategiaconcursos.com.br\/blog\/concursos-federais-aprovada-criacao-24-mil-cargos\/#respond"]}],"copyrightYear":"2026","copyrightHolder":{"@id":"https:\/\/www.estrategiaconcursos.com.br\/blog\/#organization"}},{"@type":"WebPage","@id":"https:\/\/www.estrategiaconcursos.com.br\/blog\/concursos-federais-aprovada-criacao-24-mil-cargos\/","url":"https:\/\/www.estrategiaconcursos.com.br\/blog\/concursos-federais-aprovada-criacao-24-mil-cargos\/","name":"Concursos Federais: aprovada cria\u00e7\u00e3o de mais de 24 mil cargos","isPartOf":{"@id":"https:\/\/www.estrategiaconcursos.com.br\/blog\/#website"},"primaryImageOfPage":{"@id":"https:\/\/www.estrategiaconcursos.com.br\/blog\/concursos-federais-aprovada-criacao-24-mil-cargos\/#primaryimage"},"image":{"@id":"https:\/\/www.estrategiaconcursos.com.br\/blog\/concursos-federais-aprovada-criacao-24-mil-cargos\/#primaryimage"},"thumbnailUrl":"https:\/\/dhg1h5j42swfq.cloudfront.net\/2023\/05\/02151653\/concursos-federais.jpg","datePublished":"2026-03-11T01:00:13+00:00","dateModified":"2026-03-11T20:26:06+00:00","description":"PL 5.874\/2025 cria mais de 24 mil cargos e abre oportunidades em concursos federais. Confira todos os detalhes neste artigo!","breadcrumb":{"@id":"https:\/\/www.estrategiaconcursos.com.br\/blog\/concursos-federais-aprovada-criacao-24-mil-cargos\/#breadcrumb"},"inLanguage":"pt-BR","potentialAction":[{"@type":"ReadAction","target":["https:\/\/www.estrategiaconcursos.com.br\/blog\/concursos-federais-aprovada-criacao-24-mil-cargos\/"]}]},{"@type":"ImageObject","inLanguage":"pt-BR","@id":"https:\/\/www.estrategiaconcursos.com.br\/blog\/concursos-federais-aprovada-criacao-24-mil-cargos\/#primaryimage","url":"https:\/\/dhg1h5j42swfq.cloudfront.net\/2023\/05\/02151653\/concursos-federais.jpg","contentUrl":"https:\/\/dhg1h5j42swfq.cloudfront.net\/2023\/05\/02151653\/concursos-federais.jpg","width":768,"height":432,"caption":"Concursos federais: ministra confirma novos concursos em 2026"},{"@type":"BreadcrumbList","@id":"https:\/\/www.estrategiaconcursos.com.br\/blog\/concursos-federais-aprovada-criacao-24-mil-cargos\/#breadcrumb","itemListElement":[{"@type":"ListItem","position":1,"name":"In\u00edcio","item":"https:\/\/www.estrategiaconcursos.com.br\/blog\/"},{"@type":"ListItem","position":2,"name":"Concursos Federais: aprovada cria\u00e7\u00e3o de mais de 24 mil cargos"}]},{"@type":"WebSite","@id":"https:\/\/www.estrategiaconcursos.com.br\/blog\/#website","url":"https:\/\/www.estrategiaconcursos.com.br\/blog\/","name":"Estrat\u00e9gia Concursos","description":"O blog da Estrat\u00e9gia Concursos traz not\u00edcias sobre concursos e artigos de professores oferecendo cursos para concursos (pdf + videaulas) no site.","publisher":{"@id":"https:\/\/www.estrategiaconcursos.com.br\/blog\/#organization"},"potentialAction":[{"@type":"SearchAction","target":{"@type":"EntryPoint","urlTemplate":"https:\/\/www.estrategiaconcursos.com.br\/blog\/?s={search_term_string}"},"query-input":{"@type":"PropertyValueSpecification","valueRequired":true,"valueName":"search_term_string"}}],"inLanguage":"pt-BR"},{"@type":"Organization","@id":"https:\/\/www.estrategiaconcursos.com.br\/blog\/#organization","name":"Estrat\u00e9gia Concursos","url":"https:\/\/www.estrategiaconcursos.com.br\/blog\/","logo":{"@type":"ImageObject","inLanguage":"pt-BR","@id":"https:\/\/www.estrategiaconcursos.com.br\/blog\/#\/schema\/logo\/image\/","url":"https:\/\/dhg1h5j42swfq.cloudfront.net\/2025\/06\/03203428\/logo_concursos-1.jpg","contentUrl":"https:\/\/dhg1h5j42swfq.cloudfront.net\/2025\/06\/03203428\/logo_concursos-1.jpg","width":230,"height":60,"caption":"Estrat\u00e9gia Concursos"},"image":{"@id":"https:\/\/www.estrategiaconcursos.com.br\/blog\/#\/schema\/logo\/image\/"},"sameAs":["https:\/\/x.com\/EstratConcursos"]},{"@type":"Person","@id":"https:\/\/www.estrategiaconcursos.com.br\/blog\/#\/schema\/person\/e75352021ea7f60781c599934f916eb1","name":"Rafaela Teixeira","image":{"@type":"ImageObject","inLanguage":"pt-BR","@id":"https:\/\/secure.gravatar.com\/avatar\/8a349a2b22039b1ee88fc06461487c950fd6aa411ea8af8633314b43334ae793?s=96&d=mm&r=g","url":"https:\/\/secure.gravatar.com\/avatar\/8a349a2b22039b1ee88fc06461487c950fd6aa411ea8af8633314b43334ae793?s=96&d=mm&r=g","contentUrl":"https:\/\/secure.gravatar.com\/avatar\/8a349a2b22039b1ee88fc06461487c950fd6aa411ea8af8633314b43334ae793?s=96&d=mm&r=g","caption":"Rafaela Teixeira"},"description":"Rafaela Teixeira \u00e9 advogada conveniada \u00e0 Defensoria P\u00fablica de S\u00e3o Paulo pela OAB, com experi\u00eancia em reda\u00e7\u00e3o jur\u00eddica e atua\u00e7\u00e3o em institui\u00e7\u00f5es p\u00fablicas, incluindo est\u00e1gio no TRE-SP. Possui mais de 7 anos de experi\u00eancia na produ\u00e7\u00e3o de conte\u00fados voltados ao nicho de concursos p\u00fablicos, com foco em apura\u00e7\u00e3o jornal\u00edstica cont\u00ednua, an\u00e1lise de editais e obten\u00e7\u00e3o de informa\u00e7\u00f5es diretamente junto a \u00f3rg\u00e3os e fontes oficiais. No Blog do Estrat\u00e9gia Concursos, atua como Analista de Conte\u00fado S\u00eanior, respons\u00e1vel pelo jornalismo do per\u00edodo noturno e da madrugada, com atua\u00e7\u00e3o transversal na cobertura de concursos p\u00fablicos, garantindo a continuidade, fluidez e confiabilidade das publica\u00e7\u00f5es e dos bastidores dos certames.","url":"https:\/\/www.estrategiaconcursos.com.br\/blog\/author\/rafaela-teixeira\/"}]}},"_links":{"self":[{"href":"https:\/\/www.estrategiaconcursos.com.br\/blog\/wp-json\/wp\/v2\/posts\/1729879","targetHints":{"allow":["GET"]}}],"collection":[{"href":"https:\/\/www.estrategiaconcursos.com.br\/blog\/wp-json\/wp\/v2\/posts"}],"about":[{"href":"https:\/\/www.estrategiaconcursos.com.br\/blog\/wp-json\/wp\/v2\/types\/post"}],"author":[{"embeddable":true,"href":"https:\/\/www.estrategiaconcursos.com.br\/blog\/wp-json\/wp\/v2\/users\/2134"}],"replies":[{"embeddable":true,"href":"https:\/\/www.estrategiaconcursos.com.br\/blog\/wp-json\/wp\/v2\/comments?post=1729879"}],"version-history":[{"count":9,"href":"https:\/\/www.estrategiaconcursos.com.br\/blog\/wp-json\/wp\/v2\/posts\/1729879\/revisions"}],"predecessor-version":[{"id":1731164,"href":"https:\/\/www.estrategiaconcursos.com.br\/blog\/wp-json\/wp\/v2\/posts\/1729879\/revisions\/1731164"}],"wp:featuredmedia":[{"embeddable":true,"href":"https:\/\/www.estrategiaconcursos.com.br\/blog\/wp-json\/wp\/v2\/media\/1209622"}],"wp:attachment":[{"href":"https:\/\/www.estrategiaconcursos.com.br\/blog\/wp-json\/wp\/v2\/media?parent=1729879"}],"wp:term":[{"taxonomy":"category","embeddable":true,"href":"https:\/\/www.estrategiaconcursos.com.br\/blog\/wp-json\/wp\/v2\/categories?post=1729879"},{"taxonomy":"post_tag","embeddable":true,"href":"https:\/\/www.estrategiaconcursos.com.br\/blog\/wp-json\/wp\/v2\/tags?post=1729879"},{"taxonomy":"tax_estado","embeddable":true,"href":"https:\/\/www.estrategiaconcursos.com.br\/blog\/wp-json\/wp\/v2\/tax_estado?post=1729879"}],"curies":[{"name":"wp","href":"https:\/\/api.w.org\/{rel}","templated":true}]}}