{"id":1729741,"date":"2026-03-16T11:38:00","date_gmt":"2026-03-16T14:38:00","guid":{"rendered":"https:\/\/www.estrategiaconcursos.com.br\/blog\/?p=1729741"},"modified":"2026-03-16T11:45:22","modified_gmt":"2026-03-16T14:45:22","slug":"alteracoes-legislativas-codigo-penal-2025","status":"publish","type":"post","link":"https:\/\/www.estrategiaconcursos.com.br\/blog\/alteracoes-legislativas-codigo-penal-2025\/","title":{"rendered":"Altera\u00e7\u00f5es legislativas no C\u00f3digo Penal (CP) em 2025 que estar\u00e3o na sua prova!"},"content":{"rendered":"\n<p>Ol\u00e1, leitores! Tudo bem com voc\u00eas? Altera\u00e7\u00f5es legislativas s\u00e3o, historicamente, um dos assuntos mais cobrados em provas de concursos p\u00fablicos. Em 2025, o C\u00f3digo Penal (CP) passou por diversas altera\u00e7\u00f5es legislativas relevantes, com impactos diretos na dosimetria das penas.<\/p>\n\n\n\n<p>Pensando nisso, este artigo buscar\u00e1 atualiz\u00e1-los!<\/p>\n\n\n\n<figure class=\"wp-block-image alignwide size-full\"><img loading=\"lazy\" decoding=\"async\" width=\"601\" height=\"400\" src=\"https:\/\/dhg1h5j42swfq.cloudfront.net\/2020\/04\/27152807\/politize-imagem-codigo-penal.jpg\" alt=\"Altera\u00e7\u00f5es legislativas no CP\" class=\"wp-image-507712\" srcset=\"https:\/\/dhg1h5j42swfq.cloudfront.net\/2020\/04\/27152807\/politize-imagem-codigo-penal.jpg 601w, https:\/\/dhg1h5j42swfq.cloudfront.net\/2020\/04\/27152807\/politize-imagem-codigo-penal-300x200.jpg 300w\" sizes=\"auto, (max-width: 601px) 100vw, 601px\" \/><\/figure>\n\n\n\n<h2 class=\"wp-block-heading\" id=\"h-alteracoes-legislativas-no-cp-em-2025\"><strong>Altera\u00e7\u00f5es legislativas<\/strong> <strong>no CP em 2025<\/strong><\/h2>\n\n\n\n<h2 class=\"wp-block-heading has-contrast-color has-text-color has-link-color wp-elements-e881ccfa215f32c3160a4e2ff9eab944\" id=\"h-inclusao-no-cp-da-inteligencia-artificial-como-causa-de-aumento\"><strong>Inclus\u00e3o no CP da intelig\u00eancia artificial como causa de aumento<\/strong><\/h2>\n\n\n\n<p id=\"h-inclusao-no-codigo-penal-da-inteligencia-artificial-como-causa-de-aumento\">A primeira altera\u00e7\u00e3o promovida pelo legislador no C\u00f3digo Penal (CP) ocorreu por meio da <a href=\"https:\/\/www.planalto.gov.br\/ccivil_03\/_ato2023-2026\/2025\/Lei\/L15123.htm\" target=\"_blank\" rel=\"noreferrer noopener\">Lei n\u00ba 15.123\/2025<\/a>, que acrescentou um par\u00e1grafo \u00fanico ao <strong>art. 147-B (viol\u00eancia psicol\u00f3gica contra a mulher)<\/strong><\/p>\n\n\n\n<p>Nesse contexto, foi criada uma <strong>causa de aumento de pena<\/strong> para os casos em que a viol\u00eancia psicol\u00f3gica contra mulher seja praticada mediante uso de <strong>intelig\u00eancia artificial ou outro meio que altere imagem ou som da v\u00edtima.<\/strong><\/p>\n\n\n\n<p>Essa inova\u00e7\u00e3o reflete a preocupa\u00e7\u00e3o do legislador com o uso de <em><strong>deepfakes<\/strong><\/em> e outras tecnologias digitais voltadas \u00e0 manipula\u00e7\u00e3o de imagens e sons, frequentemente empregadas para <strong>humilhar, expor ou controlar a v\u00edtima.<\/strong><\/p>\n\n\n\n<p>Embora possa parecer uma altera\u00e7\u00e3o pontual, trata-se da primeira vez em que o termo <strong>\u201cintelig\u00eancia artificial\u201d foi expressamente<\/strong> utilizado no C\u00f3digo Penal.<\/p>\n\n\n\n<p>Al\u00e9m disso, o ano de 2025 ficou marcado pelo uso massivo dessa tecnologia. Quem, naquele per\u00edodo, n\u00e3o recorreu pelo menos uma vez a uma IA para gerar uma foto em uma <em>thread<\/em> ou n\u00e3o viu algu\u00e9m fazendo isso?<\/p>\n\n\n\n<p>Por essa raz\u00e3o, \u00e9 bastante prov\u00e1vel que essa modifica\u00e7\u00e3o seja objeto de cobran\u00e7a em provas de concursos.<\/p>\n\n\n\n<h2 class=\"wp-block-heading\" id=\"h-nova-qualificadora-no-homicidio-e-nova-causa-de-aumento-na-lesao-corporal-no-cp\"><strong>Nova qualificadora no homic\u00eddio e nova causa de aumento na les\u00e3o corporal<\/strong> <strong>no CP<\/strong><\/h2>\n\n\n\n<p>Outra altera\u00e7\u00e3o importante foi introduzida pela <a href=\"https:\/\/www.planalto.gov.br\/ccivil_03\/_ato2023-2026\/2025\/lei\/l15134.htm\" target=\"_blank\" rel=\"noreferrer noopener\">Lei 15.134\/2025<\/a>, que <strong>endureceu<\/strong> as penas dos crimes praticadas <strong>contra membro do Poder Judici\u00e1rio, Minist\u00e9rio P\u00fablico, Defensoria P\u00fablica, Advocacia P\u00fablica e oficiais de justi\u00e7a, quando cometidos no exerc\u00edcio da fun\u00e7\u00e3o ou em raz\u00e3o dela.<\/strong><\/p>\n\n\n\n<p>Nesse sentido, uma das primeiras das altera\u00e7\u00f5es legislativas feitas por essa legisla\u00e7\u00e3o no CP em 2025 ocorreu no crime de <strong>homic\u00eddio<\/strong>, com a cria\u00e7\u00e3o de uma <strong>nova qualificadora <\/strong>quando a v\u00edtima for uma das pessoas mencionadas acima, conforme tabela comparativa:<\/p>\n\n\n\n<figure class=\"wp-block-table is-style-stripes\"><table class=\"has-accent-3-color has-base-background-color has-text-color has-background has-link-color has-fixed-layout\"><tbody><tr><td><strong>Antes da Lei 15.134\/2025<\/strong><\/td><td><strong>Depois da Lei 15.134\/2025<\/strong><\/td><\/tr><tr><td>Art. 121. \u00a7 2\u00ba <br \/>VII \u2013 contra autoridade ou agente descrito nos arts. 142 e 144 da Constitui\u00e7\u00e3o Federal, integrantes do sistema prisional e da For\u00e7a Nacional de Seguran\u00e7a P\u00fablica, no exerc\u00edcio da fun\u00e7\u00e3o ou em decorr\u00eancia dela, ou contra seu c\u00f4njuge, companheiro ou parente consangu\u00edneo at\u00e9 terceiro grau, em raz\u00e3o dessa condi\u00e7\u00e3o: <\/td><td>Art. 121. \u00a7 2\u00ba <br \/>VII \u2013 contra: <br \/><br \/>a) autoridade ou agente descrito nos arts. 142 e 144 da Constitui\u00e7\u00e3o Federal, integrantes do sistema prisional e da For\u00e7a Nacional de Seguran\u00e7a P\u00fablica, no exerc\u00edcio da fun\u00e7\u00e3o ou em decorr\u00eancia dela, ou contra seu c\u00f4njuge, companheiro ou parente consangu\u00edneo at\u00e9 o terceiro grau, em raz\u00e3o dessa condi\u00e7\u00e3o; <br \/><br \/>b) membro do <strong>Poder Judici\u00e1rio, do Minist\u00e9rio P\u00fablico, da Defensoria P\u00fablica ou da Advocacia P\u00fablica, <\/strong>de que tratam os arts. 131 e 132 da Constitui\u00e7\u00e3o Federal, <strong>ou oficial de justi\u00e7a,<\/strong> no <em>exerc\u00edcio da fun\u00e7\u00e3o ou em decorr\u00eancia dela<\/em>, ou contra seu c\u00f4njuge, companheiro ou parente, <span style=\"text-decoration: underline;\">inclusive por afinidade<\/span>, <strong>at\u00e9 o terceiro grau,<\/strong> em raz\u00e3o dessa condi\u00e7\u00e3o;<\/td><\/tr><\/tbody><\/table><\/figure>\n\n\n\n<p>Nota-se que essa prote\u00e7\u00e3o se estende tamb\u00e9m ao c\u00f4njuge, companheiro ou parente, inclusive por afinidade, <strong>at\u00e9 o terceiro grau<\/strong>, em <strong>decorr\u00eancia dessa condi\u00e7\u00e3o.<\/strong><\/p>\n\n\n\n<p>Ademais, houve tamb\u00e9m altera\u00e7\u00e3o no \u00a712\u00ba do art. 129, relativo ao crime de <strong>les\u00e3o corporal,<\/strong> que passou a incluir essas mesmas v\u00edtimas na <strong>causa de aumento de pena<\/strong>, a qual antes apenas abarcava os agentes de seguran\u00e7a p\u00fablica:<\/p>\n\n\n\n<figure class=\"wp-block-table is-style-stripes\"><table class=\"has-light-green-cyan-background-color has-background has-fixed-layout\"><tbody><tr><td><strong>Antes da Lei 15.134\/2025<\/strong><\/td><td><strong>Depois da Lei 15.134\/2025<\/strong><\/td><\/tr><tr><td>Art. 129. (&#8230;) \u00a7 12. Se a les\u00e3o for praticada contra autoridade ou agente descrito nos arts. 142 e 144 da Constitui\u00e7\u00e3o Federal, integrantes do sistema prisional e da For\u00e7a Nacional de Seguran\u00e7a P\u00fablica, no exerc\u00edcio da fun\u00e7\u00e3o ou em decorr\u00eancia dela, ou contra seu c\u00f4njuge, companheiro ou parente consangu\u00edneo at\u00e9 terceiro grau, em raz\u00e3o dessa condi\u00e7\u00e3o, a pena \u00e9 aumentada de um a dois ter\u00e7os. <\/td><td>Art. 129. (&#8230;) \u00a7 12. <strong>Aumenta-se <\/strong>a pena de 1\/3 (um ter\u00e7o) a 2\/3 (dois ter\u00e7os) se a <strong>les\u00e3o dolosa for praticada contra:<\/strong> <br \/><br \/>I &#8211; autoridade ou agente descrito nos arts. 142 e 144 da Constitui\u00e7\u00e3o Federal, integrantes do sistema prisional e da For\u00e7a Nacional de Seguran\u00e7a P\u00fablica, no exerc\u00edcio da fun\u00e7\u00e3o ou em decorr\u00eancia dela, ou contra seu c\u00f4njuge, companheiro ou parente consangu\u00edneo at\u00e9 o terceiro grau, em raz\u00e3o dessa condi\u00e7\u00e3o; <br \/><br \/>II \u2013 membro do <strong>Poder Judici\u00e1rio, do Minist\u00e9rio P\u00fablico, da Defensoria P\u00fablica ou da Advocacia P\u00fablica<\/strong>, de que tratam os arts. 131 e 132 da Constitui\u00e7\u00e3o Federal, ou oficial de justi\u00e7a, no exerc\u00edcio da fun\u00e7\u00e3o ou em decorr\u00eancia dela, ou contra seu c\u00f4njuge, companheiro ou parente, <span style=\"text-decoration: underline;\">inclusive por afinidade<\/span>, <strong>at\u00e9 o terceiro grau,<\/strong> em raz\u00e3o dessa condi\u00e7\u00e3o.<\/td><\/tr><\/tbody><\/table><\/figure>\n\n\n\n<p>Ainda, observa-se diferen\u00e7a relevante: enquanto a al\u00ednea referente aos agentes de seguran\u00e7a p\u00fablica menciona parentes consangu\u00edneos, a nova previs\u00e3o <strong>inclui expressamente parentes por afinidade.<\/strong><\/p>\n\n\n\n<p>Embora possa parecer uma mudan\u00e7a pontual, a inclus\u00e3o ou exclus\u00e3o da express\u00e3o \u201cpor afinidade\u201d pode ser decisiva para que uma assertiva em prova seja considerada correta ou incorreta.<\/p>\n\n\n\n<h2 class=\"wp-block-heading\" id=\"h-alteracoes-legislativas-para-crimes-praticados-em-instituicao-de-ensino-em-2025\"><strong>Altera\u00e7\u00f5es legislativas para crimes praticados em institui\u00e7\u00e3o de ensino em 2025<\/strong><\/h2>\n\n\n\n<p>Visando recrudescer o tratamento penal dispensado ao autor de crime praticado nas <strong>depend\u00eancias de institui\u00e7\u00e3o de ensino<\/strong>, foi editada a <a href=\"https:\/\/www.planalto.gov.br\/ccivil_03\/_ato2023-2026\/2025\/lei\/L15159.htm\" type=\"link\" id=\"https:\/\/www.planalto.gov.br\/ccivil_03\/_ato2023-2026\/2025\/lei\/L15159.htm\" target=\"_blank\" rel=\"noreferrer noopener\">Lei 15.159\/2025<\/a>, com importantes altera\u00e7\u00f5es legislativas no CP em 2025.<\/p>\n\n\n\n<p>Nesse sentido, a referida legisla\u00e7\u00e3o introduziu uma <strong>nova agravante gen\u00e9rica<\/strong> (art. 61, II, \u201cm\u201d, CP) no C\u00f3digo Penal, a qual poder\u00e1 ser aplicada na segunda fase da dosimetria da pena a qualquer delito praticado em depend\u00eancias de institui\u00e7\u00e3o de ensino.<\/p>\n\n\n\n<p>Ressalta-se ainda que, para <strong>evitar o <em>bis in idem<\/em><\/strong>, veda-se a aplica\u00e7\u00e3o dessa agravante gen\u00e9rica quando a mesma circunst\u00e2ncia j\u00e1 funcionar como elementar do tipo penal, qualificadora ou causa de aumento da pena.<\/p>\n\n\n\n<p>Ademais, a mencionada legisla\u00e7\u00e3o incluiu a mesma reda\u00e7\u00e3o para <strong>qualificar o homic\u00eddio<\/strong> (art. 121, \u00a72\u00ba, X, CP), al\u00e9m de prever <strong>duas causas aumento de pena<\/strong> para o homic\u00eddio cometido nas depend\u00eancias de institui\u00e7\u00e3o de ensino com rela\u00e7\u00e3o a determinadas v\u00edtimas e autores, vejamos:<\/p>\n\n\n\n<figure class=\"wp-block-table\"><table class=\"has-light-green-cyan-background-color has-background has-fixed-layout\"><tbody><tr><td>Art. 121  \u00a7 2\u00ba-C. A pena do homic\u00eddio <strong>cometido nas depend\u00eancias de institui\u00e7\u00e3o de ensino<\/strong> \u00e9 aumentada de: <br \/><br \/>I &#8211; 1\/3 (um ter\u00e7o) at\u00e9 a metade se a <strong>v\u00edtima<\/strong> \u00e9 <strong>pessoa com defici\u00eancia ou<\/strong> com doen\u00e7a que acarrete <strong>condi\u00e7\u00e3o limitante ou de vulnerabilidade f\u00edsica ou mental; <\/strong><br \/><br \/>II &#8211; 2\/3 (dois ter\u00e7os) se o <strong>autor<\/strong> \u00e9 <span style=\"text-decoration: underline;\">ascendente, padrasto ou madrasta, tio, irm\u00e3o, c\u00f4njuge, companheiro, tutor, curador, preceptor ou empregador da v\u00edtima <\/span><strong>ou por qualquer outro t\u00edtulo tem autoridade<\/strong> sobre ela <strong>ou<\/strong>, ainda, se \u00e9 <strong>professor ou funcion\u00e1rio da institui\u00e7\u00e3o de ensino. &nbsp;<\/strong><\/td><\/tr><\/tbody><\/table><\/figure>\n\n\n\n<p>Ainda, no mesmo sentido, incluiu o \u00a712\u00ba no art. 129, que disp\u00f5e sobre <strong>les\u00e3o corporal dolosa<\/strong>, fazendo com que a puni\u00e7\u00e3o mais severa acima tamb\u00e9m abarquem esse crime, mas na qualidade de <strong>causa de aumento de pena <\/strong>somente, conforme nota-se abaixo:<\/p>\n\n\n\n<figure class=\"wp-block-table\"><table class=\"has-light-green-cyan-background-color has-background has-fixed-layout\"><tbody><tr><td>Art. 129 \u00a712\u00ba <br \/><br \/>I &#8211; 1\/3 (um ter\u00e7o) a 2\/3 (dois ter\u00e7os) se a <strong>les\u00e3o dolosa<\/strong> for praticada: <br \/><br \/>c) nas <strong>depend\u00eancias de institui\u00e7\u00e3o de ensino; <\/strong><br \/><br \/>II &#8211; 2\/3 (dois ter\u00e7os) ao dobro se a <strong>les\u00e3o dolosa for praticada nas depend\u00eancias de institui\u00e7\u00e3o de ensino e: <\/strong><br \/><br \/>a) a <strong>v\u00edtima<\/strong> for <strong>pessoa com defici\u00eancia ou<\/strong> com doen\u00e7a que acarrete <strong>condi\u00e7\u00e3o limitante ou de vulnerabilidade f\u00edsica ou mental; ou <\/strong><br \/><br \/>b) o <strong>autor<\/strong> for <span style=\"text-decoration: underline;\">ascendente, padrasto ou madrasta, tio, irm\u00e3o, c\u00f4njuge, companheiro, tutor, curador, preceptor ou empregador da v\u00edtima<\/span> <strong>ou por qualquer outro t\u00edtulo tiver autoridade<\/strong> sobre ela <strong>ou<\/strong>, ainda, for <strong>professor ou funcion\u00e1rio da institui\u00e7\u00e3o de ensino.<\/strong><\/td><\/tr><\/tbody><\/table><\/figure>\n\n\n\n<p>Ressalta-se que a distin\u00e7\u00e3o entre qualificadora e causa de aumento \u00e9 ponto sens\u00edvel para prova, uma vez que as bancas podem tentar confundi-lo misturando esses institutos.<\/p>\n\n\n\n<h2 class=\"wp-block-heading\" id=\"h-alteracoes-legislativas-na-prescricao-e-nas-circunstancias-atenuantes-genericas-no-cp\"><strong>Altera\u00e7\u00f5es legislativas na prescri\u00e7\u00e3o e nas circunst\u00e2ncias atenuantes gen\u00e9ricas<\/strong> <strong>no CP<\/strong><\/h2>\n\n\n\n<p>J\u00e1 a <a href=\"https:\/\/www.planalto.gov.br\/ccivil_03\/_ato2023-2026\/2025\/Lei\/L15160.htm\" type=\"link\" id=\"https:\/\/www.planalto.gov.br\/ccivil_03\/_ato2023-2026\/2025\/Lei\/L15160.htm\" target=\"_blank\" rel=\"noreferrer noopener\">Lei 15.160\/2025<\/a> realizou duas altera\u00e7\u00f5es legislativas no CP: criou <strong>uma exce\u00e7\u00e3o \u00e0 redu\u00e7\u00e3o do prazo de prescri\u00e7\u00e3o<\/strong> (art. 115, CP) <strong>e outra<\/strong> <strong>\u00e0 circunst\u00e2ncia atenuante gen\u00e9rica<\/strong> <strong>do inciso I do art. 65<\/strong>.<\/p>\n\n\n\n<p>As exce\u00e7\u00f5es estabelecidas refere-se aos crimes que envolvam <strong>viol\u00eancia sexual contra a mulher.<\/strong><\/p>\n\n\n\n<p>Em termos pr\u00e1ticos, a partir dessa modifica\u00e7\u00e3o, mesmo que o r\u00e9u seja menor de 21 anos, no tempo de crime, ou maior de 70 anos, na data da senten\u00e7a, <strong>n\u00e3o haver\u00e1 redu\u00e7\u00e3o do prazo prescricional nem aplica\u00e7\u00e3o da atenuante gen\u00e9rica <\/strong>quando se tratar de delitos de viol\u00eancia sexual contra a mulher, como o estupro (art. 213, CP) ou o ass\u00e9dio sexual (art. 216-A, CP).<\/p>\n\n\n\n<h2 class=\"wp-block-heading\" id=\"h-endurecimento-de-penas-contra-vulneraveis-no-cp\"><strong>Endurecimento de penas contra vulner\u00e1veis<\/strong> <strong>no CP<\/strong><\/h2>\n\n\n\n<p>A <a href=\"https:\/\/www2.camara.leg.br\/legin\/fed\/lei\/2025\/lei-15163-3-julho-2025-797690-publicacaooriginal-175807-pl.html\" target=\"_blank\" rel=\"noreferrer noopener\">Lei 15.163\/2025<\/a> aumentou significativamente as penas dos crimes praticados contra pessoas vulner\u00e1veis ou em situa\u00e7\u00e3o de vulnerabilidade no CP.<\/p>\n\n\n\n<p>Nesse contexto, a pena do <strong>crime de abandono de incapaz<\/strong> (art. 133, CP) <strong>e de maus-tratos <\/strong>(art. 136,CP) foram aumentadas, tanto na figura simples, quanto na qualificada:<\/p>\n\n\n\n<div class=\"wp-block-group has-global-padding is-layout-constrained wp-container-core-group-is-layout-e53d726c wp-block-group-is-layout-constrained\" style=\"margin-top:var(--wp--preset--spacing--20);margin-bottom:var(--wp--preset--spacing--20);padding-top:var(--wp--preset--spacing--20);padding-right:var(--wp--preset--spacing--20);padding-bottom:var(--wp--preset--spacing--20);padding-left:var(--wp--preset--spacing--20)\">\n<figure class=\"wp-block-table is-style-stripes\"><table class=\"has-light-green-cyan-background-color has-background has-fixed-layout\"><tbody><tr><td><strong>Antes da Lei 15.163\/2025<\/strong><\/td><td><strong>Depois da Lei 15.163\/2025<\/strong><\/td><\/tr><tr><td>Abandono de incapaz <br \/><br \/>Art. 133. Pena &#8211; deten\u00e7\u00e3o, de 6 meses a 3 anos.&nbsp;<br \/><br \/> \u00a7 1\u00ba Se do abandono resulta les\u00e3o corporal de natureza grave: <br \/><br \/>Pena &#8211; reclus\u00e3o, de 1 a 5 anos. <br \/><br \/>\u00a7 2\u00ba Se resulta a morte:<br \/><br \/>Pena &#8211; reclus\u00e3o, de 4 a 12 anos.<\/td><td>Abandono de incapaz <br \/><br \/>Art. 133. Pena &#8211;<strong>reclus\u00e3o, de 2 (dois) a 5 (cinco) anos.<\/strong>&nbsp; <br \/><br \/>\u00a7 1\u00ba Se do abandono resulta les\u00e3o corporal de natureza grave: <br \/><br \/>Pena &#8211; <strong>reclus\u00e3o, de 3 (tr\u00eas) a 7 (sete) anos.<\/strong> <br \/><br \/>\u00a7 2\u00ba Se resulta a morte: <br \/><br \/>Pena &#8211; <strong>reclus\u00e3o, de 8 (oito) a 14 (quatorze) anos.<\/strong><\/td><\/tr><tr><td>Maus-tratos <br \/><br \/>Art. 136. <br \/><br \/>Pena &#8211; deten\u00e7\u00e3o, de 2 meses a 1m ano, ou multa. <br \/><br \/>\u00a7 1\u00ba Se do fato resulta les\u00e3o corporal de natureza grave: <br \/>Pena &#8211; reclus\u00e3o, de 1 a 4 anos. <br \/><br \/>\u00a7 2\u00ba Se resulta a morte: <br \/>Pena &#8211; reclus\u00e3o, de 4 a 12 anos.<\/td><td>Maus-tratos <br \/><br \/>Art. 136. <br \/><br \/><strong>Pena &#8211; reclus\u00e3o, de 2 (dois) a 5 (cinco) anos<\/strong>. <br \/><br \/>\u00a7 1\u00ba Se do fato resulta les\u00e3o corporal de natureza grave: <br \/><strong>Pena &#8211; reclus\u00e3o, de 3 (tr\u00eas) a 7 (sete) anos<\/strong>. <br \/><br \/>\u00a7 2\u00ba Se resulta a morte: <br \/><strong>Pena &#8211; reclus\u00e3o, de 8 (oito) a 14 (quatorze) anos<\/strong>.<\/td><\/tr><\/tbody><\/table><\/figure>\n<\/div>\n\n\n\n<p>Sabemos que decorar penas n\u00e3o \u00e9 o estudo mais produtivo, por\u00e9m \u00e9 importante saber desse endurecimento, ainda que em linhas gerais.<\/p>\n\n\n\n<h2 class=\"wp-block-heading\" id=\"h-alteracoes-legislativas-envolvendo-servicos-essenciais-e-cabos-de-infraestrutura-no-cp\"><strong>Altera\u00e7\u00f5es legislativas envolvendo servi\u00e7os essenciais e cabos de infraestrutura<\/strong> <strong>no CP<\/strong><\/h2>\n\n\n\n<p>A <a href=\"https:\/\/www.planalto.gov.br\/ccivil_03\/_ato2023-2026\/2025\/lei\/l15181.htm\" target=\"_blank\" rel=\"noreferrer noopener\">Lei 15.181\/2025<\/a> surgiu como uma resposta legislativa direta ao aumento alarmante de furtos e roubos de cabos de cobre no Brasil nos \u00faltimos anos.<\/p>\n\n\n\n<p>Com isso, a legisla\u00e7\u00e3o criou duas altera\u00e7\u00f5es legislativas relevantes no CP em 2025, uma vez que incluiu<strong> duas figuras qualificadas<\/strong> para o crime de <strong>furto<\/strong>: quando houver furto de bens que comprometem os servi\u00e7os essenciais e quando houver furto de cabos e equipamentos de infraestrutura.<\/p>\n\n\n\n<figure class=\"wp-block-table\"><table class=\"has-light-green-cyan-background-color has-background has-fixed-layout\"><tbody><tr><td>Art. 155 (&#8230;) <br \/><br \/>Furto qualificado <br \/><br \/>\u00a7 4\u00ba &#8211; A pena \u00e9 de reclus\u00e3o de dois a oito anos, e multa, se o crime \u00e9 cometido: (&#8230;) <br \/><br \/>V &#8211;<strong> contra quaisquer bens<\/strong> que <strong>comprometam o funcionamento <\/strong>de \u00f3rg\u00e3os da Uni\u00e3o, de Estado ou de Munic\u00edpio ou de <strong>estabelecimentos p\u00fablicos ou privados que prestem servi\u00e7os p\u00fablicos essenciais.&nbsp;&nbsp;<\/strong><br \/><br \/>\u00a7 8\u00ba A pena \u00e9 de reclus\u00e3o de 2 (dois) a 8 (oito) anos e multa, se a <strong>subtra\u00e7\u00e3o <\/strong>for de <strong>fios, cabos ou equipamentos <\/strong>utilizados para<strong> fornecimento ou transmiss\u00e3o de energia el\u00e9trica ou de telefonia ou para transfer\u00eancia de dados<\/strong>, bem como <strong>equipamentos ou materiais ferrovi\u00e1rios ou metrovi\u00e1rios<\/strong>, aplic\u00e1vel, em <strong>qualquer caso<\/strong>, o disposto no \u00a7 2\u00ba deste artigo. <\/td><\/tr><\/tbody><\/table><\/figure>\n\n\n\n<p>Nesse sentido, a mesma legisla\u00e7\u00e3o tamb\u00e9m incluiu <strong>uma nova qualificadora e causa de aumento<\/strong> ao crime de <strong>roubo<\/strong>, bem como <strong>nova causa de aumento de pena <\/strong>para o crime de <strong>recepta\u00e7\u00e3o,<\/strong> vejamos:<\/p>\n\n\n\n<figure class=\"wp-block-table\"><table class=\"has-light-green-cyan-background-color has-background has-fixed-layout\"><tbody><tr><td>Art. 157 <br \/><br \/>\u00a7 1\u00ba-A A pena \u00e9 de <strong>reclus\u00e3o de 6 (seis) a 12 (doze) anos<\/strong> e multa, se a <strong>subtra\u00e7\u00e3o<\/strong> for cometida contra <strong>quaisquer bens que comprometam o funcionamento de \u00f3rg\u00e3os da Uni\u00e3o, de Estado ou de Munic\u00edpio ou de estabelecimentos p\u00fablicos ou privados que prestem servi\u00e7os p\u00fablicos essenciais. <\/strong><br \/><br \/>\u00a7 2\u00ba A pena aumenta-se de 1\/3 (um ter\u00e7o) at\u00e9 metade: <br \/><br \/>VIII \u2013 se a <strong>subtra\u00e7\u00e3o <\/strong>for de <strong>fios, cabos ou equipamentos utilizados para fornecimento ou transmiss\u00e3o de energia el\u00e9trica ou de telefonia ou para transfer\u00eancia de dados,<\/strong> bem como <strong>equipamentos ou materiais ferrovi\u00e1rios ou metrovi\u00e1rios.&nbsp;&nbsp;<\/strong>&nbsp;&nbsp;<br \/><br \/> Art. 180 <br \/><br \/> \u00a7 7\u00ba Se a <strong>recepta\u00e7\u00e3o<\/strong> for de <strong>fios, cabos ou equipamentos utilizados para fornecimento ou transmiss\u00e3o de energia el\u00e9trica ou de telefonia, transfer\u00eancia de dados, <span style=\"text-decoration: underline;\">ou <\/span><\/strong>de <strong>cargas transportadas em modais log\u00edsticos ferrovi\u00e1rios ou metrovi\u00e1rios<\/strong>, aplica-se em <strong>dobro a pena <\/strong>prevista no caput ou no \u00a7 1\u00ba deste artigo, conforme o caso.&nbsp;&nbsp;&nbsp;<\/td><\/tr><\/tbody><\/table><\/figure>\n\n\n\n<p>Nota-se que a <strong>subtra\u00e7\u00e3o de cabos e equipamentos de infraestrutura<\/strong> pode configurar <strong>qualificadora no furto ou causa de aumento no roubo e na recepta\u00e7\u00e3o.<\/strong> <span style=\"text-decoration: underline;\">Esse detalhe \u00e9 de extrema import\u00e2ncia para fins de prova.<\/span><\/p>\n\n\n\n<p>Por fim, houve tamb\u00e9m altera\u00e7\u00e3o no <strong>crime de interrup\u00e7\u00e3o de servi\u00e7os <\/strong>(art. 266, CP), estabelecendo que a <strong>pena ser\u00e1 dobrada<\/strong> quando a pr\u00e1tica ocorrer em estado de calamidade p\u00fablica ou mediante subtra\u00e7\u00e3o, dano ou destrui\u00e7\u00e3o de equipamentos de telecomunica\u00e7\u00f5es.<\/p>\n\n\n\n<h2 class=\"wp-block-heading\" id=\"h-ampliacao-da-protecao-a-pessoa-com-deficiencia\"><strong>Amplia\u00e7\u00e3o da prote\u00e7\u00e3o \u00e0 pessoa com defici\u00eancia<\/strong><\/h2>\n\n\n\n<p>Outra altera\u00e7\u00e3o singela, mas relevante no C\u00f3digo Penal foi a trazida pela <a href=\"https:\/\/www.planalto.gov.br\/ccivil_03\/_ato2023-2026\/2025\/lei\/L15229.htm\" type=\"link\" id=\"https:\/\/www.planalto.gov.br\/ccivil_03\/_ato2023-2026\/2025\/lei\/L15229.htm\" target=\"_blank\" rel=\"noreferrer noopener\">Lei 15.229\/2025<\/a>, que <strong>retirou o termo \u201cmental\u201d <\/strong>do dispositivo que previa que o <strong>estelionato<\/strong> cometido contra pessoa com defici\u00eancia seria processado mediante <strong>a\u00e7\u00e3o penal p\u00fablica incondicionada.<\/strong><\/p>\n\n\n\n<figure class=\"wp-block-table is-style-stripes\"><table class=\"has-light-green-cyan-background-color has-background has-fixed-layout\"><tbody><tr><td><strong>Antes da Lei 15.229\/2025<\/strong><\/td><td><strong>Depois da Lei 15.229\/2025<\/strong><\/td><\/tr><tr><td>Art. 171 <br \/> \u00a7 5\u00ba <br \/>III &#8211; pessoa com defici\u00eancia <span style=\"text-decoration: underline;\">mental<\/span>; ou<\/td><td>Art. 171.<br \/>\u00a7 5\u00ba  <br \/>III \u2013 pessoa com defici\u00eancia; ou<\/td><\/tr><\/tbody><\/table><\/figure>\n\n\n\n<p>Embora possa parecer uma modifica\u00e7\u00e3o m\u00ednima, a mudan\u00e7a possui grande relev\u00e2ncia, pois amplia a aplica\u00e7\u00e3o da norma para outras formas de defici\u00eancia, como f\u00edsica e sensorial, previstas no art. 2\u00ba do Estatuto da Pessoa com Defici\u00eancia (Lei n\u00ba 13.146\/2015).<\/p>\n\n\n\n<p>Assim, essas v\u00edtimas passaram a contar com maior prote\u00e7\u00e3o, j\u00e1 que n\u00e3o ser\u00e1 mais necess\u00e1ria sua representa\u00e7\u00e3o para o in\u00edcio da a\u00e7\u00e3o penal.<\/p>\n\n\n\n<h2 class=\"wp-block-heading\" id=\"h-responsabilizacao-de-quem-contrata-associacao-criminosa\"><strong>Responsabiliza\u00e7\u00e3o de quem contrata associa\u00e7\u00e3o criminosa<\/strong><\/h2>\n\n\n\n<p>Encaminhando para o final das altera\u00e7\u00f5es legislativas estudadas, temos a modifica\u00e7\u00e3o promovida pela <a href=\"https:\/\/www2.camara.leg.br\/legin\/fed\/lei\/2025\/lei-15245-29-outubro-2025-798213-publicacaooriginal-176869-pl.html\" type=\"link\" id=\"https:\/\/www2.camara.leg.br\/legin\/fed\/lei\/2025\/lei-15245-29-outubro-2025-798213-publicacaooriginal-176869-pl.html\" target=\"_blank\" rel=\"noreferrer noopener\">Lei n\u00ba 15.245\/2025<\/a> no <strong>crime de associa\u00e7\u00e3o criminosa <\/strong>(art. 288, CP).<\/p>\n\n\n\n<p>A inova\u00e7\u00e3o legislativa passou a punir tamb\u00e9m o <strong>terceiro que contrata ou solicita os servi\u00e7os da associa\u00e7\u00e3o criminosa<\/strong>, vejamos:<\/p>\n\n\n\n<figure class=\"wp-block-table\"><table class=\"has-light-green-cyan-background-color has-background has-fixed-layout\"><tbody><tr><td>Art. 288 (&#8230;) \u00a7 2\u00ba Incorre na <strong>pena prevista no caput <\/strong>deste artigo quem, de qualquer modo, solicitar ou contratar o cometimento de crime a integrante de associa\u00e7\u00e3o criminosa, <span style=\"text-decoration: underline;\">independentemente da aplica\u00e7\u00e3o da pena correspondente ao crime solicitado ou contratado.<\/span>&nbsp;&nbsp;&nbsp;&nbsp;<\/td><\/tr><\/tbody><\/table><\/figure>\n\n\n\n<p>Importa destacar que esse <strong>terceiro<\/strong> ser\u00e1 responsabilizado de forma <strong>equiparada aos associados<\/strong>, mas de maneira <strong>aut\u00f4noma <\/strong>em rela\u00e7\u00e3o aos <strong>integrantes da associa\u00e7\u00e3o<\/strong>, o que amplia o alcance da norma e refor\u00e7a a repress\u00e3o penal contra quem fomenta ou se beneficia da atividade criminosa.<\/p>\n\n\n\n<h2 class=\"wp-block-heading\" id=\"h-alteracoes-legislativas-para-o-aumento-expressivo-de-penas-nos-crimes-contra-a-dignidade-sexual\"><strong>Altera\u00e7\u00f5es legislativas<\/strong> <strong>para o aumento expressivo de penas nos crimes contra a dignidade sexual<\/strong><\/h2>\n\n\n\n<p>A \u00faltima mudan\u00e7a legislativa realizada no C\u00f3digo Penal foi promovida pela <a href=\"https:\/\/www.planalto.gov.br\/ccivil_03\/_ato2023-2026\/2025\/lei\/l15280.htm\" target=\"_blank\" rel=\"noreferrer noopener\">Lei 15.280\/2025<\/a>, que <strong>endureceu<\/strong> as puni\u00e7\u00f5es para <strong>crimes contra a dignidade sexual.<\/strong><\/p>\n\n\n\n<p>A primeira modifica\u00e7\u00e3o percept\u00edvel foi o dr\u00e1stico aumento das penas desses delitos com a imposi\u00e7\u00e3o tamb\u00e9m de multa.<\/p>\n\n\n\n<p>Essa modifica\u00e7\u00e3o impacta diretamente os regimes iniciais de cumprimento da pena, bem como a possibilidade de aplica\u00e7\u00e3o de instrumentos de justi\u00e7a negociada, como o acordo de n\u00e3o persecu\u00e7\u00e3o penal (ANPP) e a suspens\u00e3o condicional do processo.<\/p>\n\n\n\n<p>Para melhor compreens\u00e3o, vejamos o quadro comparativo abaixo:<\/p>\n\n\n\n<div class=\"wp-block-group has-global-padding is-layout-constrained wp-block-group-is-layout-constrained\">\n<figure class=\"wp-block-table is-style-stripes\"><table class=\"has-light-green-cyan-background-color has-background has-fixed-layout\"><thead><tr><td><strong>Crime<\/strong><\/td><td><strong>Pena anterior<\/strong><\/td><td><strong>Nova pena (Lei 15.280\/2025)<\/strong><\/td><\/tr><\/thead><tbody><tr><td>Estupro de vulner\u00e1vel (art. 217-A,&nbsp;<em>caput<\/em>)<\/td><td>8 a 15 anos<\/td><td>10 a 18 anos + multa<\/td><\/tr><tr><td>Estupro com les\u00e3o grave (art. 217-A, \u00a7 3\u00ba)<\/td><td>10 a 20 anos<\/td><td>12 a 24 anos + multa<\/td><\/tr><tr><td>Estupro com resultado morte (art. 217-A, \u00a7 4\u00ba)<\/td><td>12 a 30 anos<\/td><td>20 a 40 anos + multa<\/td><\/tr><tr><td>Corrup\u00e7\u00e3o de menores (art. 218)<\/td><td>2 a 5 anos<\/td><td>6 a 14 anos + multa<\/td><\/tr><tr><td>Satisfa\u00e7\u00e3o de lasc\u00edvia (art. 218-A)<\/td><td>2 a 4 anos<\/td><td>5 a 12 anos + multa<\/td><\/tr><tr><td>Explora\u00e7\u00e3o sexual de vulner\u00e1vel (art. 218-B)<\/td><td>4 a 10 anos<\/td><td>7 a 16 anos + multa<\/td><\/tr><tr><td>Divulga\u00e7\u00e3o de cena de estupro (art. 218-C)<\/td><td>1 a 5 anos<\/td><td>4 a 10 anos + multa<\/td><\/tr><\/tbody><\/table><\/figure>\n<\/div>\n\n\n\n<p>Al\u00e9m disso, foi criado <strong>um novo crime contra a administra\u00e7\u00e3o da justi\u00e7a,<\/strong> com a inser\u00e7\u00e3o do <em><strong>art. 338-A do CP,<\/strong><\/em> que tipifica o <strong>descumprimento de medidas protetivas de urg\u00eancia.<\/strong><\/p>\n\n\n\n<p>Trata-se de <strong>delito aut\u00f4nomo,<\/strong> cuja <strong>concess\u00e3o de fian\u00e7a fica condicionada<\/strong> \u00e0 aprecia\u00e7\u00e3o da autoridade judicial, vejamos:<\/p>\n\n\n\n<figure class=\"wp-block-table is-style-regular\"><table class=\"has-light-green-cyan-background-color has-background has-fixed-layout\"><tbody><tr><td><strong>Descumprimento de medidas protetivas de urg\u00eancia <\/strong><br \/><br \/>Art. 338-A. Descumprir decis\u00e3o judicial que defere medidas protetivas de urg\u00eancia: <br \/><br \/>Pena \u2013 reclus\u00e3o, de 2 (dois) a 5 (cinco) anos, e multa. <br \/><br \/> \u00a7 1\u00ba A configura\u00e7\u00e3o do crime <strong>independe da compet\u00eancia civil ou criminal do juiz que deferiu as medidas. <\/strong><br \/><br \/>\u00a7 2\u00ba Na hip\u00f3tese de pris\u00e3o em flagrante, <strong>apenas a autoridade judicial pode conceder fian\u00e7a. <\/strong><br \/><br \/> \u00a7 3\u00ba O disposto neste artigo <strong>n\u00e3o exclui a aplica\u00e7\u00e3o de outras san\u00e7\u00f5es cab\u00edveis. <\/strong><\/td><\/tr><\/tbody><\/table><\/figure>\n\n\n\n<h2 class=\"wp-block-heading\" id=\"h-consideracoes-finais\"><strong>Considera\u00e7\u00f5es finais <\/strong><\/h2>\n\n\n\n<p>Nota-se ainda, para fins de prova, que todas as mudan\u00e7as destacadas foram mais gravosas&nbsp;aos r\u00e9us (<em><strong>novatio legis in pejus<\/strong><\/em>), raz\u00e3o pela qual somente se aplicam a fatos ocorridos ap\u00f3s a sua vig\u00eancia, em respeito ao <strong>princ\u00edpio da irretroatividade <\/strong>da lei penal.<\/p>\n\n\n\n<p>Portanto, leitores, esse foi um breve artigo sobre as altera\u00e7\u00f5es legislativas promovidas no C\u00f3digo Penal em 2025, que muito provavelmente ser\u00e3o objeto de cobran\u00e7a em provas de concursos p\u00fablico.<\/p>\n\n\n\n<p>At\u00e9 a pr\u00f3xima!<\/p>\n\n\n\n<h2 class=\"wp-block-heading has-text-align-center\" id=\"cursos-assinatura\">Quer saber tudo sobre concursos previstos?<br \/>Confira nossos artigos<\/h2>\n\n\n\n<p class=\"has-text-align-center has-black-color has-light-green-cyan-background-color has-text-color has-background\"><a href=\"https:\/\/www.estrategiaconcursos.com.br\/blog\/concursos-abertos\/\" target=\"_blank\" rel=\"noreferrer noopener\">Concursos abertos<\/a><\/p>\n\n\n\n<p class=\"has-text-align-center has-black-color has-light-green-cyan-background-color has-text-color has-background\"><a href=\"https:\/\/www.estrategiaconcursos.com.br\/blog\/concursos-2026\/\">Concursos 2026<\/a><\/p>\n\n\n\n<p><\/p>\n","protected":false},"excerpt":{"rendered":"<p>Ol\u00e1, leitores! Tudo bem com voc\u00eas? Altera\u00e7\u00f5es legislativas s\u00e3o, historicamente, um dos assuntos mais cobrados em provas de concursos p\u00fablicos. Em 2025, o C\u00f3digo Penal (CP) passou por diversas altera\u00e7\u00f5es legislativas relevantes, com impactos diretos na dosimetria das penas. Pensando nisso, este artigo buscar\u00e1 atualiz\u00e1-los! Altera\u00e7\u00f5es legislativas no CP em 2025 Inclus\u00e3o no CP da [&hellip;]<\/p>\n","protected":false},"author":3155,"featured_media":507712,"comment_status":"open","ping_status":"closed","sticky":false,"template":"","format":"standard","meta":{"post_tipo":"article","footnotes":""},"categories":[1,222240,164300,220242,6741,220185,2185,220016,220193,220194,220195,220196,220197,2017,222238,220188,1988,220189,220190,220186,220187,220737,1984,222239,222235,222236,222237],"tags":[222122,2376,220288,2164],"tax_estado":[219964,219965,219966,219967,219968,219969,219963,219970,219971,219972,219973,219974,219975,219976,219977,219978,219979,219980,219981,219982,219983,219984,219985,219986,219987,219988,222299,219989,219990],"class_list":["post-1729741","post","type-post","status-publish","format-standard","has-post-thumbnail","hentry","category-cursos-e-concursos","category-defensoria-publica-2","category-concurso-diplomacia","category-estrategia-militares","category-forcas-armadas-oficiais","category-forcas-armadas-pracas","category-carreiras-juridicas","category-cartorios","category-defensoria-publica","category-delegado","category-magistratura","category-procuradorias","category-promotor-de-justica","category-concursos-legislativos","category-ministerio-publico","category-policial-agente-penitenciario","category-policia","category-policial-guarda-civis","category-policial-peritos","category-policial-oficial","category-policial-pracas","category-tribunais-tribunais","category-tribunais","category-tribunais-regionais-federais","category-tribunal-de-justica","category-tribunal-regional-do-trabalho","category-tribunal-regional-eleitoral","tag-222122","tag-alteracoes-legislativas","tag-codigo-penal","tag-lei","tax_estado-ac","tax_estado-al","tax_estado-am","tax_estado-ap","tax_estado-ba","tax_estado-ce","tax_estado-concursos-federais","tax_estado-df","tax_estado-es","tax_estado-go","tax_estado-ma","tax_estado-mg","tax_estado-ms","tax_estado-mt","tax_estado-pa","tax_estado-pb","tax_estado-pe","tax_estado-pi","tax_estado-pr","tax_estado-rj","tax_estado-rn","tax_estado-ro","tax_estado-rr","tax_estado-rs","tax_estado-sc","tax_estado-se","tax_estado-sem-estado-definido","tax_estado-sp","tax_estado-to"],"acf":[],"yoast_head":"<!-- This site is optimized with the Yoast SEO Premium plugin v27.2 (Yoast SEO v27.2) - https:\/\/yoast.com\/product\/yoast-seo-premium-wordpress\/ -->\n<title>Altera\u00e7\u00f5es legislativas no CP em 2025 que estar\u00e3o na sua prova<\/title>\n<meta name=\"description\" content=\"Veja as altera\u00e7\u00f5es legislativas promovidas no C\u00f3digo Penal (CP) em 2025 que provavelmente estar\u00e3o na sua prova de concurso p\u00fablico.\" \/>\n<meta name=\"robots\" content=\"index, follow, max-snippet:-1, max-image-preview:large, max-video-preview:-1\" \/>\n<link rel=\"canonical\" href=\"https:\/\/www.estrategiaconcursos.com.br\/blog\/alteracoes-legislativas-codigo-penal-2025\/\" \/>\n<meta property=\"og:locale\" content=\"pt_BR\" \/>\n<meta property=\"og:type\" content=\"article\" \/>\n<meta property=\"og:title\" content=\"Altera\u00e7\u00f5es legislativas no C\u00f3digo Penal (CP) em 2025 que estar\u00e3o na sua prova!\" \/>\n<meta property=\"og:description\" content=\"Veja as altera\u00e7\u00f5es legislativas promovidas no C\u00f3digo Penal (CP) em 2025 que provavelmente estar\u00e3o na sua prova de concurso p\u00fablico.\" \/>\n<meta property=\"og:url\" content=\"https:\/\/www.estrategiaconcursos.com.br\/blog\/alteracoes-legislativas-codigo-penal-2025\/\" \/>\n<meta property=\"og:site_name\" content=\"Estrat\u00e9gia Concursos\" \/>\n<meta property=\"article:published_time\" content=\"2026-03-16T14:38:00+00:00\" \/>\n<meta property=\"article:modified_time\" content=\"2026-03-16T14:45:22+00:00\" \/>\n<meta property=\"og:image\" content=\"https:\/\/dhg1h5j42swfq.cloudfront.net\/2020\/04\/27152807\/politize-imagem-codigo-penal.jpg\" \/>\n\t<meta property=\"og:image:width\" content=\"601\" \/>\n\t<meta property=\"og:image:height\" content=\"400\" \/>\n\t<meta property=\"og:image:type\" content=\"image\/jpeg\" \/>\n<meta name=\"author\" content=\"Gabriela Maia de Gouv\u00eaa\" \/>\n<meta name=\"twitter:card\" content=\"summary_large_image\" \/>\n<meta name=\"twitter:creator\" content=\"@EstratConcursos\" \/>\n<meta name=\"twitter:site\" content=\"@EstratConcursos\" \/>\n<meta name=\"twitter:label1\" content=\"Escrito por\" \/>\n\t<meta name=\"twitter:data1\" content=\"Gabriela Maia de Gouv\u00eaa\" \/>\n\t<meta name=\"twitter:label2\" content=\"Est. tempo de leitura\" \/>\n\t<meta name=\"twitter:data2\" content=\"15 minutos\" \/>\n<script type=\"application\/ld+json\" class=\"yoast-schema-graph\">{\"@context\":\"https:\/\/schema.org\",\"@graph\":[{\"@type\":\"NewsArticle\",\"@id\":\"https:\/\/www.estrategiaconcursos.com.br\/blog\/alteracoes-legislativas-codigo-penal-2025\/#article\",\"isPartOf\":{\"@id\":\"https:\/\/www.estrategiaconcursos.com.br\/blog\/alteracoes-legislativas-codigo-penal-2025\/\"},\"author\":{\"name\":\"Gabriela Maia de Gouv\u00eaa\",\"@id\":\"https:\/\/www.estrategiaconcursos.com.br\/blog\/#\/schema\/person\/397114bde0bdaf837d74de2ddd03890e\"},\"headline\":\"Altera\u00e7\u00f5es legislativas no C\u00f3digo Penal (CP) em 2025 que estar\u00e3o na sua prova!\",\"datePublished\":\"2026-03-16T14:38:00+00:00\",\"dateModified\":\"2026-03-16T14:45:22+00:00\",\"mainEntityOfPage\":{\"@id\":\"https:\/\/www.estrategiaconcursos.com.br\/blog\/alteracoes-legislativas-codigo-penal-2025\/\"},\"wordCount\":3004,\"commentCount\":0,\"publisher\":{\"@id\":\"https:\/\/www.estrategiaconcursos.com.br\/blog\/#organization\"},\"image\":{\"@id\":\"https:\/\/www.estrategiaconcursos.com.br\/blog\/alteracoes-legislativas-codigo-penal-2025\/#primaryimage\"},\"thumbnailUrl\":\"https:\/\/dhg1h5j42swfq.cloudfront.net\/2020\/04\/27152807\/politize-imagem-codigo-penal.jpg\",\"keywords\":[\"2025\",\"Altera\u00e7\u00f5es Legislativas\",\"C\u00f3digo Penal\",\"lei\"],\"articleSection\":[\"Concursos P\u00fablicos\",\"Defensoria P\u00fablica\",\"Diplomacia (CACD)\",\"Estrat\u00e9gia Militares\",\"For\u00e7as Armadas (Oficiais)\",\"For\u00e7as Armadas (Pra\u00e7as)\",\"Jur\u00eddico\",\"Jur\u00eddico - Cart\u00f3rios\",\"Jur\u00eddico - Defensoria P\u00fablica\",\"Jur\u00eddico - Delegado\",\"Jur\u00eddico - Magistratura\",\"Jur\u00eddico - Procuradorias\",\"Jur\u00eddico - Promotor de Justi\u00e7a\",\"Legislativo\",\"Minist\u00e9rio P\u00fablico\",\"Policial (Agente Penitenci\u00e1rio)\",\"Policial (Agente, Escriv\u00e3o e Investigador)\",\"Policial (Guardas Civis)\",\"Policial (Peritos, Papiloscopistas)\",\"Policial (PM\/BM - Oficial)\",\"Policial (PM\/BM - Pra\u00e7as)\",\"Tribunais\",\"Tribunais\",\"Tribunais Regionais Federais\",\"Tribunal de Justi\u00e7a\",\"Tribunal Regional do Trabalho\",\"Tribunal Regional Eleitoral\"],\"inLanguage\":\"pt-BR\",\"potentialAction\":[{\"@type\":\"CommentAction\",\"name\":\"Comment\",\"target\":[\"https:\/\/www.estrategiaconcursos.com.br\/blog\/alteracoes-legislativas-codigo-penal-2025\/#respond\"]}],\"copyrightYear\":\"2026\",\"copyrightHolder\":{\"@id\":\"https:\/\/www.estrategiaconcursos.com.br\/blog\/#organization\"}},{\"@type\":\"WebPage\",\"@id\":\"https:\/\/www.estrategiaconcursos.com.br\/blog\/alteracoes-legislativas-codigo-penal-2025\/\",\"url\":\"https:\/\/www.estrategiaconcursos.com.br\/blog\/alteracoes-legislativas-codigo-penal-2025\/\",\"name\":\"Altera\u00e7\u00f5es legislativas no CP em 2025 que estar\u00e3o na sua prova\",\"isPartOf\":{\"@id\":\"https:\/\/www.estrategiaconcursos.com.br\/blog\/#website\"},\"primaryImageOfPage\":{\"@id\":\"https:\/\/www.estrategiaconcursos.com.br\/blog\/alteracoes-legislativas-codigo-penal-2025\/#primaryimage\"},\"image\":{\"@id\":\"https:\/\/www.estrategiaconcursos.com.br\/blog\/alteracoes-legislativas-codigo-penal-2025\/#primaryimage\"},\"thumbnailUrl\":\"https:\/\/dhg1h5j42swfq.cloudfront.net\/2020\/04\/27152807\/politize-imagem-codigo-penal.jpg\",\"datePublished\":\"2026-03-16T14:38:00+00:00\",\"dateModified\":\"2026-03-16T14:45:22+00:00\",\"description\":\"Veja as altera\u00e7\u00f5es legislativas promovidas no C\u00f3digo Penal (CP) em 2025 que provavelmente estar\u00e3o na sua prova de concurso p\u00fablico.\",\"breadcrumb\":{\"@id\":\"https:\/\/www.estrategiaconcursos.com.br\/blog\/alteracoes-legislativas-codigo-penal-2025\/#breadcrumb\"},\"inLanguage\":\"pt-BR\",\"potentialAction\":[{\"@type\":\"ReadAction\",\"target\":[\"https:\/\/www.estrategiaconcursos.com.br\/blog\/alteracoes-legislativas-codigo-penal-2025\/\"]}]},{\"@type\":\"ImageObject\",\"inLanguage\":\"pt-BR\",\"@id\":\"https:\/\/www.estrategiaconcursos.com.br\/blog\/alteracoes-legislativas-codigo-penal-2025\/#primaryimage\",\"url\":\"https:\/\/dhg1h5j42swfq.cloudfront.net\/2020\/04\/27152807\/politize-imagem-codigo-penal.jpg\",\"contentUrl\":\"https:\/\/dhg1h5j42swfq.cloudfront.net\/2020\/04\/27152807\/politize-imagem-codigo-penal.jpg\",\"width\":601,\"height\":400},{\"@type\":\"BreadcrumbList\",\"@id\":\"https:\/\/www.estrategiaconcursos.com.br\/blog\/alteracoes-legislativas-codigo-penal-2025\/#breadcrumb\",\"itemListElement\":[{\"@type\":\"ListItem\",\"position\":1,\"name\":\"In\u00edcio\",\"item\":\"https:\/\/www.estrategiaconcursos.com.br\/blog\/\"},{\"@type\":\"ListItem\",\"position\":2,\"name\":\"Altera\u00e7\u00f5es legislativas no C\u00f3digo Penal (CP) em 2025 que estar\u00e3o na sua prova!\"}]},{\"@type\":\"WebSite\",\"@id\":\"https:\/\/www.estrategiaconcursos.com.br\/blog\/#website\",\"url\":\"https:\/\/www.estrategiaconcursos.com.br\/blog\/\",\"name\":\"Estrat\u00e9gia Concursos\",\"description\":\"O blog da Estrat\u00e9gia Concursos traz not\u00edcias sobre concursos e artigos de professores oferecendo cursos para concursos (pdf + videaulas) no site.\",\"publisher\":{\"@id\":\"https:\/\/www.estrategiaconcursos.com.br\/blog\/#organization\"},\"potentialAction\":[{\"@type\":\"SearchAction\",\"target\":{\"@type\":\"EntryPoint\",\"urlTemplate\":\"https:\/\/www.estrategiaconcursos.com.br\/blog\/?s={search_term_string}\"},\"query-input\":{\"@type\":\"PropertyValueSpecification\",\"valueRequired\":true,\"valueName\":\"search_term_string\"}}],\"inLanguage\":\"pt-BR\"},{\"@type\":\"Organization\",\"@id\":\"https:\/\/www.estrategiaconcursos.com.br\/blog\/#organization\",\"name\":\"Estrat\u00e9gia Concursos\",\"url\":\"https:\/\/www.estrategiaconcursos.com.br\/blog\/\",\"logo\":{\"@type\":\"ImageObject\",\"inLanguage\":\"pt-BR\",\"@id\":\"https:\/\/www.estrategiaconcursos.com.br\/blog\/#\/schema\/logo\/image\/\",\"url\":\"https:\/\/dhg1h5j42swfq.cloudfront.net\/2025\/06\/03203428\/logo_concursos-1.jpg\",\"contentUrl\":\"https:\/\/dhg1h5j42swfq.cloudfront.net\/2025\/06\/03203428\/logo_concursos-1.jpg\",\"width\":230,\"height\":60,\"caption\":\"Estrat\u00e9gia Concursos\"},\"image\":{\"@id\":\"https:\/\/www.estrategiaconcursos.com.br\/blog\/#\/schema\/logo\/image\/\"},\"sameAs\":[\"https:\/\/x.com\/EstratConcursos\"]},{\"@type\":\"Person\",\"@id\":\"https:\/\/www.estrategiaconcursos.com.br\/blog\/#\/schema\/person\/397114bde0bdaf837d74de2ddd03890e\",\"name\":\"Gabriela Maia de Gouv\u00eaa\",\"image\":{\"@type\":\"ImageObject\",\"inLanguage\":\"pt-BR\",\"@id\":\"https:\/\/secure.gravatar.com\/avatar\/24d6e5c2e4cf00887977754d8924ae085afca43e3d83b8ece7f45d4e6f18f859?s=96&d=mm&r=g\",\"url\":\"https:\/\/secure.gravatar.com\/avatar\/24d6e5c2e4cf00887977754d8924ae085afca43e3d83b8ece7f45d4e6f18f859?s=96&d=mm&r=g\",\"contentUrl\":\"https:\/\/secure.gravatar.com\/avatar\/24d6e5c2e4cf00887977754d8924ae085afca43e3d83b8ece7f45d4e6f18f859?s=96&d=mm&r=g\",\"caption\":\"Gabriela Maia de Gouv\u00eaa\"},\"description\":\"Advogada. Aprovada em 1\u00ba lugar para o cargo de Analista do Minist\u00e9rio P\u00fablico de S\u00e3o Paulo - regi\u00e3o de Taubat\u00e9\/SP (2026). Habilitada no ENAM 2025.2. Aprovada em 6\u00ba lugar na ampla concorr\u00eancia em AJOF no TRT-15 - regi\u00e3o de S\u00e3o Jos\u00e9 dos Campos (2025). Outras aprova\u00e7\u00f5es: Escrevente T\u00e9cnico Judici\u00e1rio - TJSP (interior, 2024); T\u00e9cnico judici\u00e1rio - \u00e1rea administrativa do TRF-3 (2024); e AJAJ no TRE\/SP (2024).\",\"url\":\"https:\/\/www.estrategiaconcursos.com.br\/blog\/author\/gabrielamaiadegouveagmail-com\/\"}]}<\/script>\n<!-- \/ Yoast SEO Premium plugin. -->","yoast_head_json":{"title":"Altera\u00e7\u00f5es legislativas no CP em 2025 que estar\u00e3o na sua prova","description":"Veja as altera\u00e7\u00f5es legislativas promovidas no C\u00f3digo Penal (CP) em 2025 que provavelmente estar\u00e3o na sua prova de concurso p\u00fablico.","robots":{"index":"index","follow":"follow","max-snippet":"max-snippet:-1","max-image-preview":"max-image-preview:large","max-video-preview":"max-video-preview:-1"},"canonical":"https:\/\/www.estrategiaconcursos.com.br\/blog\/alteracoes-legislativas-codigo-penal-2025\/","og_locale":"pt_BR","og_type":"article","og_title":"Altera\u00e7\u00f5es legislativas no C\u00f3digo Penal (CP) em 2025 que estar\u00e3o na sua prova!","og_description":"Veja as altera\u00e7\u00f5es legislativas promovidas no C\u00f3digo Penal (CP) em 2025 que provavelmente estar\u00e3o na sua prova de concurso p\u00fablico.","og_url":"https:\/\/www.estrategiaconcursos.com.br\/blog\/alteracoes-legislativas-codigo-penal-2025\/","og_site_name":"Estrat\u00e9gia Concursos","article_published_time":"2026-03-16T14:38:00+00:00","article_modified_time":"2026-03-16T14:45:22+00:00","og_image":[{"width":601,"height":400,"url":"https:\/\/dhg1h5j42swfq.cloudfront.net\/2020\/04\/27152807\/politize-imagem-codigo-penal.jpg","type":"image\/jpeg"}],"author":"Gabriela Maia de Gouv\u00eaa","twitter_card":"summary_large_image","twitter_creator":"@EstratConcursos","twitter_site":"@EstratConcursos","twitter_misc":{"Escrito por":"Gabriela Maia de Gouv\u00eaa","Est. tempo de leitura":"15 minutos"},"schema":{"@context":"https:\/\/schema.org","@graph":[{"@type":"NewsArticle","@id":"https:\/\/www.estrategiaconcursos.com.br\/blog\/alteracoes-legislativas-codigo-penal-2025\/#article","isPartOf":{"@id":"https:\/\/www.estrategiaconcursos.com.br\/blog\/alteracoes-legislativas-codigo-penal-2025\/"},"author":{"name":"Gabriela Maia de Gouv\u00eaa","@id":"https:\/\/www.estrategiaconcursos.com.br\/blog\/#\/schema\/person\/397114bde0bdaf837d74de2ddd03890e"},"headline":"Altera\u00e7\u00f5es legislativas no C\u00f3digo Penal (CP) em 2025 que estar\u00e3o na sua prova!","datePublished":"2026-03-16T14:38:00+00:00","dateModified":"2026-03-16T14:45:22+00:00","mainEntityOfPage":{"@id":"https:\/\/www.estrategiaconcursos.com.br\/blog\/alteracoes-legislativas-codigo-penal-2025\/"},"wordCount":3004,"commentCount":0,"publisher":{"@id":"https:\/\/www.estrategiaconcursos.com.br\/blog\/#organization"},"image":{"@id":"https:\/\/www.estrategiaconcursos.com.br\/blog\/alteracoes-legislativas-codigo-penal-2025\/#primaryimage"},"thumbnailUrl":"https:\/\/dhg1h5j42swfq.cloudfront.net\/2020\/04\/27152807\/politize-imagem-codigo-penal.jpg","keywords":["2025","Altera\u00e7\u00f5es Legislativas","C\u00f3digo Penal","lei"],"articleSection":["Concursos P\u00fablicos","Defensoria P\u00fablica","Diplomacia (CACD)","Estrat\u00e9gia Militares","For\u00e7as Armadas (Oficiais)","For\u00e7as Armadas (Pra\u00e7as)","Jur\u00eddico","Jur\u00eddico - Cart\u00f3rios","Jur\u00eddico - Defensoria P\u00fablica","Jur\u00eddico - Delegado","Jur\u00eddico - Magistratura","Jur\u00eddico - Procuradorias","Jur\u00eddico - Promotor de Justi\u00e7a","Legislativo","Minist\u00e9rio P\u00fablico","Policial (Agente Penitenci\u00e1rio)","Policial (Agente, Escriv\u00e3o e Investigador)","Policial (Guardas Civis)","Policial (Peritos, Papiloscopistas)","Policial (PM\/BM - Oficial)","Policial (PM\/BM - Pra\u00e7as)","Tribunais","Tribunais","Tribunais Regionais Federais","Tribunal de Justi\u00e7a","Tribunal Regional do Trabalho","Tribunal Regional Eleitoral"],"inLanguage":"pt-BR","potentialAction":[{"@type":"CommentAction","name":"Comment","target":["https:\/\/www.estrategiaconcursos.com.br\/blog\/alteracoes-legislativas-codigo-penal-2025\/#respond"]}],"copyrightYear":"2026","copyrightHolder":{"@id":"https:\/\/www.estrategiaconcursos.com.br\/blog\/#organization"}},{"@type":"WebPage","@id":"https:\/\/www.estrategiaconcursos.com.br\/blog\/alteracoes-legislativas-codigo-penal-2025\/","url":"https:\/\/www.estrategiaconcursos.com.br\/blog\/alteracoes-legislativas-codigo-penal-2025\/","name":"Altera\u00e7\u00f5es legislativas no CP em 2025 que estar\u00e3o na sua prova","isPartOf":{"@id":"https:\/\/www.estrategiaconcursos.com.br\/blog\/#website"},"primaryImageOfPage":{"@id":"https:\/\/www.estrategiaconcursos.com.br\/blog\/alteracoes-legislativas-codigo-penal-2025\/#primaryimage"},"image":{"@id":"https:\/\/www.estrategiaconcursos.com.br\/blog\/alteracoes-legislativas-codigo-penal-2025\/#primaryimage"},"thumbnailUrl":"https:\/\/dhg1h5j42swfq.cloudfront.net\/2020\/04\/27152807\/politize-imagem-codigo-penal.jpg","datePublished":"2026-03-16T14:38:00+00:00","dateModified":"2026-03-16T14:45:22+00:00","description":"Veja as altera\u00e7\u00f5es legislativas promovidas no C\u00f3digo Penal (CP) em 2025 que provavelmente estar\u00e3o na sua prova de concurso p\u00fablico.","breadcrumb":{"@id":"https:\/\/www.estrategiaconcursos.com.br\/blog\/alteracoes-legislativas-codigo-penal-2025\/#breadcrumb"},"inLanguage":"pt-BR","potentialAction":[{"@type":"ReadAction","target":["https:\/\/www.estrategiaconcursos.com.br\/blog\/alteracoes-legislativas-codigo-penal-2025\/"]}]},{"@type":"ImageObject","inLanguage":"pt-BR","@id":"https:\/\/www.estrategiaconcursos.com.br\/blog\/alteracoes-legislativas-codigo-penal-2025\/#primaryimage","url":"https:\/\/dhg1h5j42swfq.cloudfront.net\/2020\/04\/27152807\/politize-imagem-codigo-penal.jpg","contentUrl":"https:\/\/dhg1h5j42swfq.cloudfront.net\/2020\/04\/27152807\/politize-imagem-codigo-penal.jpg","width":601,"height":400},{"@type":"BreadcrumbList","@id":"https:\/\/www.estrategiaconcursos.com.br\/blog\/alteracoes-legislativas-codigo-penal-2025\/#breadcrumb","itemListElement":[{"@type":"ListItem","position":1,"name":"In\u00edcio","item":"https:\/\/www.estrategiaconcursos.com.br\/blog\/"},{"@type":"ListItem","position":2,"name":"Altera\u00e7\u00f5es legislativas no C\u00f3digo Penal (CP) em 2025 que estar\u00e3o na sua prova!"}]},{"@type":"WebSite","@id":"https:\/\/www.estrategiaconcursos.com.br\/blog\/#website","url":"https:\/\/www.estrategiaconcursos.com.br\/blog\/","name":"Estrat\u00e9gia Concursos","description":"O blog da Estrat\u00e9gia Concursos traz not\u00edcias sobre concursos e artigos de professores oferecendo cursos para concursos (pdf + videaulas) no site.","publisher":{"@id":"https:\/\/www.estrategiaconcursos.com.br\/blog\/#organization"},"potentialAction":[{"@type":"SearchAction","target":{"@type":"EntryPoint","urlTemplate":"https:\/\/www.estrategiaconcursos.com.br\/blog\/?s={search_term_string}"},"query-input":{"@type":"PropertyValueSpecification","valueRequired":true,"valueName":"search_term_string"}}],"inLanguage":"pt-BR"},{"@type":"Organization","@id":"https:\/\/www.estrategiaconcursos.com.br\/blog\/#organization","name":"Estrat\u00e9gia Concursos","url":"https:\/\/www.estrategiaconcursos.com.br\/blog\/","logo":{"@type":"ImageObject","inLanguage":"pt-BR","@id":"https:\/\/www.estrategiaconcursos.com.br\/blog\/#\/schema\/logo\/image\/","url":"https:\/\/dhg1h5j42swfq.cloudfront.net\/2025\/06\/03203428\/logo_concursos-1.jpg","contentUrl":"https:\/\/dhg1h5j42swfq.cloudfront.net\/2025\/06\/03203428\/logo_concursos-1.jpg","width":230,"height":60,"caption":"Estrat\u00e9gia Concursos"},"image":{"@id":"https:\/\/www.estrategiaconcursos.com.br\/blog\/#\/schema\/logo\/image\/"},"sameAs":["https:\/\/x.com\/EstratConcursos"]},{"@type":"Person","@id":"https:\/\/www.estrategiaconcursos.com.br\/blog\/#\/schema\/person\/397114bde0bdaf837d74de2ddd03890e","name":"Gabriela Maia de Gouv\u00eaa","image":{"@type":"ImageObject","inLanguage":"pt-BR","@id":"https:\/\/secure.gravatar.com\/avatar\/24d6e5c2e4cf00887977754d8924ae085afca43e3d83b8ece7f45d4e6f18f859?s=96&d=mm&r=g","url":"https:\/\/secure.gravatar.com\/avatar\/24d6e5c2e4cf00887977754d8924ae085afca43e3d83b8ece7f45d4e6f18f859?s=96&d=mm&r=g","contentUrl":"https:\/\/secure.gravatar.com\/avatar\/24d6e5c2e4cf00887977754d8924ae085afca43e3d83b8ece7f45d4e6f18f859?s=96&d=mm&r=g","caption":"Gabriela Maia de Gouv\u00eaa"},"description":"Advogada. Aprovada em 1\u00ba lugar para o cargo de Analista do Minist\u00e9rio P\u00fablico de S\u00e3o Paulo - regi\u00e3o de Taubat\u00e9\/SP (2026). Habilitada no ENAM 2025.2. Aprovada em 6\u00ba lugar na ampla concorr\u00eancia em AJOF no TRT-15 - regi\u00e3o de S\u00e3o Jos\u00e9 dos Campos (2025). Outras aprova\u00e7\u00f5es: Escrevente T\u00e9cnico Judici\u00e1rio - TJSP (interior, 2024); T\u00e9cnico judici\u00e1rio - \u00e1rea administrativa do TRF-3 (2024); e AJAJ no TRE\/SP (2024).","url":"https:\/\/www.estrategiaconcursos.com.br\/blog\/author\/gabrielamaiadegouveagmail-com\/"}]}},"_links":{"self":[{"href":"https:\/\/www.estrategiaconcursos.com.br\/blog\/wp-json\/wp\/v2\/posts\/1729741","targetHints":{"allow":["GET"]}}],"collection":[{"href":"https:\/\/www.estrategiaconcursos.com.br\/blog\/wp-json\/wp\/v2\/posts"}],"about":[{"href":"https:\/\/www.estrategiaconcursos.com.br\/blog\/wp-json\/wp\/v2\/types\/post"}],"author":[{"embeddable":true,"href":"https:\/\/www.estrategiaconcursos.com.br\/blog\/wp-json\/wp\/v2\/users\/3155"}],"replies":[{"embeddable":true,"href":"https:\/\/www.estrategiaconcursos.com.br\/blog\/wp-json\/wp\/v2\/comments?post=1729741"}],"version-history":[{"count":25,"href":"https:\/\/www.estrategiaconcursos.com.br\/blog\/wp-json\/wp\/v2\/posts\/1729741\/revisions"}],"predecessor-version":[{"id":1734925,"href":"https:\/\/www.estrategiaconcursos.com.br\/blog\/wp-json\/wp\/v2\/posts\/1729741\/revisions\/1734925"}],"wp:featuredmedia":[{"embeddable":true,"href":"https:\/\/www.estrategiaconcursos.com.br\/blog\/wp-json\/wp\/v2\/media\/507712"}],"wp:attachment":[{"href":"https:\/\/www.estrategiaconcursos.com.br\/blog\/wp-json\/wp\/v2\/media?parent=1729741"}],"wp:term":[{"taxonomy":"category","embeddable":true,"href":"https:\/\/www.estrategiaconcursos.com.br\/blog\/wp-json\/wp\/v2\/categories?post=1729741"},{"taxonomy":"post_tag","embeddable":true,"href":"https:\/\/www.estrategiaconcursos.com.br\/blog\/wp-json\/wp\/v2\/tags?post=1729741"},{"taxonomy":"tax_estado","embeddable":true,"href":"https:\/\/www.estrategiaconcursos.com.br\/blog\/wp-json\/wp\/v2\/tax_estado?post=1729741"}],"curies":[{"name":"wp","href":"https:\/\/api.w.org\/{rel}","templated":true}]}}