{"id":1729473,"date":"2026-03-10T16:23:22","date_gmt":"2026-03-10T19:23:22","guid":{"rendered":"https:\/\/www.estrategiaconcursos.com.br\/blog\/?p=1729473"},"modified":"2026-03-10T16:52:18","modified_gmt":"2026-03-10T19:52:18","slug":"concurso-iss-e-cgm-porto-velho-termo-de-referencia","status":"publish","type":"post","link":"https:\/\/www.estrategiaconcursos.com.br\/blog\/concurso-iss-e-cgm-porto-velho-termo-de-referencia\/","title":{"rendered":"ISS e CGM Porto Velho: termo de refer\u00eancia traz novos detalhes"},"content":{"rendered":"\n<p>Com o <a href=\"https:\/\/www.estrategiaconcursos.com.br\/blog\/concursos-iss-e-cgm-porto-velho-cebraspe-banca\/\" target=\"_blank\" rel=\"noreferrer noopener\">Cebraspe j\u00e1 definido como a banca<\/a> dos novos concursos p\u00fablicos da <strong><a href=\"https:\/\/www.estrategiaconcursos.com.br\/cursosPorConcurso\/prefeitura-municipal-de-porto-velho-ro\/\" target=\"_blank\" rel=\"noreferrer noopener\">Prefeitura de Porto Velho<\/a> (CGM e ISS)<\/strong>, mais detalhes foram revelados por meio do Termo de Refer\u00eancia.<\/p>\n\n\n\n<p>O documento, divulgado nesta ter\u00e7a-feira (10), revela que ser\u00e3o ofertadas no total <strong>46 vagas<\/strong>, sendo 6 vagas imediatas mais 10 em cadastro reserva para a CGM (Controladoria-Geral) e 15 imediatas mas 15 CR para o ISS (Secretaria de Economia):<\/p>\n\n\n\n<figure class=\"wp-block-table is-style-stripes\"><table class=\"has-fixed-layout\"><thead><tr><td class=\"has-text-align-center\" data-align=\"center\"><strong>Cargo<\/strong><\/td><td class=\"has-text-align-center\" data-align=\"center\"><strong>Grupo<\/strong><\/td><td class=\"has-text-align-center\" data-align=\"center\"><strong>Vaga de preenchimento imediato<\/strong><\/td><td class=\"has-text-align-center\" data-align=\"center\"><strong>Cadastro reserva<\/strong><\/td><\/tr><\/thead><tbody><tr><td class=\"has-text-align-center\" data-align=\"center\">Auditor (CGM)<\/td><td class=\"has-text-align-center\" data-align=\"center\">GCI-NS-01<\/td><td class=\"has-text-align-center\" data-align=\"center\">02<\/td><td class=\"has-text-align-center\" data-align=\"center\">&#8211;<\/td><\/tr><tr><td class=\"has-text-align-center\" data-align=\"center\">Contador (CGM)<\/td><td class=\"has-text-align-center\" data-align=\"center\">GCI-NS-02<\/td><td class=\"has-text-align-center\" data-align=\"center\">&#8211;<\/td><td class=\"has-text-align-center\" data-align=\"center\">05<\/td><\/tr><tr><td class=\"has-text-align-center\" data-align=\"center\">T\u00e9cnico de Controle Interno<\/td><td class=\"has-text-align-center\" data-align=\"center\">GCI-NS-03<\/td><td class=\"has-text-align-center\" data-align=\"center\">04<\/td><td class=\"has-text-align-center\" data-align=\"center\">05<\/td><\/tr><\/tbody><tfoot><tr><td class=\"has-text-align-center\" data-align=\"center\"><strong>TOTAL<\/strong><\/td><td class=\"has-text-align-center\" data-align=\"center\">&#8211;<\/td><td class=\"has-text-align-center\" data-align=\"center\"><strong>06<\/strong><\/td><td class=\"has-text-align-center\" data-align=\"center\"><strong>10<\/strong><\/td><\/tr><\/tfoot><\/table><\/figure>\n\n\n\n<figure class=\"wp-block-table is-style-stripes\"><table class=\"has-fixed-layout\"><thead><tr><td class=\"has-text-align-center\" data-align=\"center\"><strong>Cargo<\/strong><\/td><td class=\"has-text-align-center\" data-align=\"center\"><strong>Grupo<\/strong><\/td><td class=\"has-text-align-center\" data-align=\"center\"><strong>Vaga de preenchimento imediato<\/strong><\/td><td class=\"has-text-align-center\" data-align=\"center\"><strong>Cadastro reserva<\/strong><\/td><\/tr><\/thead><tbody><tr><td class=\"has-text-align-center\" data-align=\"center\">Auditor Fiscal da Receita Municipal<\/td><td class=\"has-text-align-center\" data-align=\"center\">TAF-NS-01<\/td><td class=\"has-text-align-center\" data-align=\"center\">10<\/td><td class=\"has-text-align-center\" data-align=\"center\">10<\/td><\/tr><tr><td class=\"has-text-align-center\" data-align=\"center\">Assistente de Arrecada\u00e7\u00e3o (SEMEC)<\/td><td class=\"has-text-align-center\" data-align=\"center\">TAF-NS-10<\/td><td class=\"has-text-align-center\" data-align=\"center\">5<\/td><td class=\"has-text-align-center\" data-align=\"center\">5<\/td><\/tr><\/tbody><tfoot><tr><td class=\"has-text-align-center\" data-align=\"center\"><strong>TOTAL<\/strong><\/td><td class=\"has-text-align-center\" data-align=\"center\">&#8211;<\/td><td class=\"has-text-align-center\" data-align=\"center\"><strong>15<\/strong><\/td><td class=\"has-text-align-center\" data-align=\"center\"><strong>15<\/strong><\/td><\/tr><\/tfoot><\/table><\/figure>\n\n\n\n<p>Conforme o documento, todos os cargos mencionados exigem forma\u00e7\u00e3o de <strong>n\u00edvel superior<\/strong>.<\/p>\n\n\n\n<p>Os quantitativos foram definidos com base no planejamento institucional da Administra\u00e7\u00e3o, considerando a <strong>necessidade de recomposi\u00e7\u00e3o do quadro funcional<\/strong>, as <strong>vac\u00e2ncias<\/strong> existentes e a previs\u00e3o de atendimento \u00e0s <strong>demandas atuais e futuras<\/strong> dos \u00f3rg\u00e3os envolvidos. <\/p>\n\n\n\n<p>As reservas <strong>legais de vagas destinadas a pessoas com defici\u00eancia (PCD)<\/strong> e a <strong>candidatos negros<\/strong> ser\u00e3o observadas em conformidade com a legisla\u00e7\u00e3o municipal vigente, aplicando-se os percentuais legais e os crit\u00e9rios de fracionamento e de ordem de classifica\u00e7\u00e3o definidos no regulamento do certame.<\/p>\n\n\n\n<p>Al\u00e9m dos cargos e vagas, o TR tamb\u00e9m revela as etapas de prova e o cronograma previsto. Veja mais neste artigo!<\/p>\n\n\n\n<div class=\"container\" id=\"boxes\">\n  <div class=\"row\">\n\n    <div class=\"col-sm\">\n      <div class=\"banner-estrat-corj\" id=\"box-assinatura\">\n        <h2 class=\"titulo-assinatura\" style=\"text-align: left;\">Cursos para Concursos em Porto Velho<\/h2>\n        <p class=\"subtitulo-assinatura\" style=\"text-align: left;\">Conhe\u00e7a os cursos<\/p>\n        <div class=\"box-botao\" style=\"text-align: left;\">\n          <a class=\"btn-assinatura\" target=\"_blank\" href=\"https:\/\/www.estrategiaconcursos.com.br\/cursosPorConcurso\/prefeitura-municipal-de-porto-velho-ro\/\" role=\"button\" rel=\"noopener noreferrer\">CLIQUE AQUI<\/a>\n        <\/div>\n      <\/div><\/div><\/div><\/div>\n\n\n\n<h2 class=\"wp-block-heading\" id=\"h-etapas-de-prova-previstas-para-os-concursos-iss-e-cgm-porto-velho\">Etapas de prova previstas para os concursos ISS e CGM Porto Velho<\/h2>\n\n\n\n<h3 class=\"wp-block-heading\">Provas Objetivas<\/h3>\n\n\n\n<p id=\"p-rc_d88ec7c78f83ea39-19\">As quest\u00f5es ser\u00e3o de m\u00faltipla escolha, com <strong>5 alternativas<\/strong> e apenas <strong>uma correta<\/strong><sup><\/sup><sup><\/sup><sup><\/sup><sup><\/sup><sup><\/sup><sup><\/sup><sup><\/sup><sup><\/sup><sup><\/sup>.<\/p>\n\n\n\n<ul class=\"wp-block-list\">\n<li><strong>CGM (Auditor, Contador e T\u00e9cnico):<\/strong>\n<ul class=\"wp-block-list\">\n<li><strong>Quantidade:<\/strong> 80 quest\u00f5es;<\/li>\n\n\n\n<li><strong>Divis\u00e3o:<\/strong> 30 de conhecimentos gerais (comuns aos cargos) e 50 de conhecimentos espec\u00edficos.<\/li>\n<\/ul>\n<\/li>\n\n\n\n<li><strong>SEMEC (Auditor Fiscal e Assistente):<\/strong>\n<ul class=\"wp-block-list\">\n<li><strong>Quantidade:<\/strong> 120 quest\u00f5es;<\/li>\n\n\n\n<li><strong>Divis\u00e3o:<\/strong> 60 de conhecimentos gerais e 60 de conhecimentos espec\u00edficos.<\/li>\n<\/ul>\n<\/li>\n<\/ul>\n\n\n\n<h3 class=\"wp-block-heading\" id=\"h-provas-discursivas\">Provas Discursivas<\/h3>\n\n\n\n<p id=\"p-rc_d88ec7c78f83ea39-24\">Ser\u00e3o corrigidas as provas dos candidatos aprovados na etapa objetiva at\u00e9 o limite de <strong>6 vezes o n\u00famero de vagas<\/strong> (ou o m\u00ednimo de 20 corre\u00e7\u00f5es)<sup><\/sup><sup><\/sup><sup><\/sup><sup><\/sup>.<\/p>\n\n\n\n<ul class=\"wp-block-list\">\n<li><strong>Estrutura CGM:<\/strong>\n<ul class=\"wp-block-list\">\n<li>1 reda\u00e7\u00e3o de at\u00e9 40 linhas sobre temas da atualidade;<\/li>\n\n\n\n<li>1 quest\u00e3o discursiva de at\u00e9 15 linhas sobre conhecimentos espec\u00edficos do cargo.<\/li>\n<\/ul>\n<\/li>\n\n\n\n<li><strong>Estrutura SEMEC:<\/strong>\n<ul class=\"wp-block-list\">\n<li>1 quest\u00e3o discursiva de at\u00e9 45 linhas sobre conte\u00fado espec\u00edfico da \u00e1rea.<\/li>\n<\/ul>\n<\/li>\n\n\n\n<li><strong>Crit\u00e9rios de Corre\u00e7\u00e3o:<\/strong>\n<ul class=\"wp-block-list\">\n<li>Avalia\u00e7\u00e3o dupla (conte\u00fado e l\u00edngua portuguesa);<\/li>\n\n\n\n<li>As notas s\u00e3o consideradas convergentes se a diferen\u00e7a for de at\u00e9 <strong>25% da nota m\u00e1xima<\/strong>. Caso contr\u00e1rio, haver\u00e1 uma terceira corre\u00e7\u00e3o.<\/li>\n<\/ul>\n<\/li>\n<\/ul>\n\n\n\n<h3 class=\"wp-block-heading\" id=\"h-prova-de-titulos-somente-semec\">Prova de T\u00edtulos (somente SEMEC)<\/h3>\n\n\n\n<p id=\"p-rc_d88ec7c78f83ea39-30\">Esta etapa possui car\u00e1ter <strong>apenas classificat\u00f3rio<\/strong>, com pontua\u00e7\u00e3o m\u00e1xima de <strong>5 pontos<\/strong><sup><\/sup><sup><\/sup><sup><\/sup><sup><\/sup><sup><\/sup><sup><\/sup><sup><\/sup><sup><\/sup><sup><\/sup>.<\/p>\n\n\n\n<ul class=\"wp-block-list\">\n<li><strong>Especializa\u00e7\u00e3o:<\/strong> 1 ponto.<\/li>\n\n\n\n<li><strong>Mestrado:<\/strong> 3 pontos.<\/li>\n\n\n\n<li><strong>Doutorado:<\/strong> 5 pontos.<\/li>\n<\/ul>\n\n\n\n<h2 class=\"wp-block-heading\" id=\"h-cronograma-previsto\">Cronograma previsto<\/h2>\n\n\n\n<ul class=\"wp-block-list\">\n<li><strong>Publica\u00e7\u00e3o do Edital<\/strong> (T0) \u2013 Com anteced\u00eancia m\u00ednima de 30 dias em rela\u00e7\u00e3o \u00e0s provas. Per\u00edodo de Inscri\u00e7\u00f5es \u2013 Dura\u00e7\u00e3o m\u00ednima de 15 dias;<\/li>\n\n\n\n<li><strong>Aplica\u00e7\u00e3o das Provas <\/strong>(em dois domingos distintos, antes de dezembro e sem coincidir com o ENEM 2026);<\/li>\n\n\n\n<li><strong>Publica\u00e7\u00f5es oficiais<\/strong> (editais, comunicados, resultados, prazos de recurso) \u2013 Realizadas em dias \u00fateis, observando a rotina dos di\u00e1rios e portais oficiais;<\/li>\n\n\n\n<li><strong>Resultado final e Homologa\u00e7\u00e3o<\/strong> \u2013 Prazo global estimado de at\u00e9 180 dias contados de T0 (publica\u00e7\u00e3o do edital) at\u00e9 a homologa\u00e7\u00e3o.<\/li>\n\n\n\n<li><strong>Nomea\u00e7\u00f5es <\/strong>\u2013 1\u00ba semestre de 2026.<\/li>\n<\/ul>\n\n\n\n<p><strong>1\u00ba Domingo:<\/strong><\/p>\n\n\n\n<figure class=\"wp-block-table is-style-stripes\"><table class=\"has-fixed-layout\"><thead><tr><td class=\"has-text-align-center\" data-align=\"center\"><strong>Turno<\/strong><\/td><td class=\"has-text-align-center\" data-align=\"center\"><strong>Cargo\/Prova (CGM)<\/strong><\/td><td class=\"has-text-align-center\" data-align=\"center\"><strong>Cargo\/Prova (SEMEC)<\/strong><\/td><\/tr><\/thead><tbody><tr><td class=\"has-text-align-center\" data-align=\"center\"><strong>MANH\u00c3<\/strong><\/td><td class=\"has-text-align-center\" data-align=\"center\">Auditor \u2013 Prova objetiva.<\/td><td class=\"has-text-align-center\" data-align=\"center\">Auditor Fiscal da Receita Municipal \u2013 Prova objetiva de conhecimentos gerais.<\/td><\/tr><tr><td class=\"has-text-align-center\" data-align=\"center\"><strong>TARDE<\/strong><\/td><td class=\"has-text-align-center\" data-align=\"center\">Auditor \u2013 Prova discursiva.<\/td><td class=\"has-text-align-center\" data-align=\"center\">Auditor Fiscal da Receita Municipal \u2013 Prova objetiva de conhecimentos espec\u00edficos e prova discursiva.<\/td><\/tr><\/tbody><\/table><\/figure>\n\n\n\n<p><strong>2\u00ba Domingo:<\/strong><\/p>\n\n\n\n<figure class=\"wp-block-table is-style-stripes\"><table class=\"has-fixed-layout\"><thead><tr><td class=\"has-text-align-center\" data-align=\"center\"><strong>Turno<\/strong><\/td><td class=\"has-text-align-center\" data-align=\"center\"><strong>Cargo\/Prova (CGM)<\/strong><\/td><td class=\"has-text-align-center\" data-align=\"center\"><strong>Cargo\/Prova (SEMEC)<\/strong><\/td><\/tr><\/thead><tbody><tr><td class=\"has-text-align-center\" data-align=\"center\"><strong>MANH\u00c3<\/strong><\/td><td class=\"has-text-align-center\" data-align=\"center\">T\u00e9cnico de Controle Interno \u2013 Prova objetiva; Contador \u2013 Prova objetiva.<\/td><td class=\"has-text-align-center\" data-align=\"center\">Assistente de Arrecada\u00e7\u00e3o \u2013 Prova objetiva de conhecimentos gerais.<\/td><\/tr><tr><td class=\"has-text-align-center\" data-align=\"center\"><strong>TARDE<\/strong><\/td><td class=\"has-text-align-center\" data-align=\"center\">T\u00e9cnico de Controle Interno \u2013 Prova discursiva; Contador \u2013 Prova discursiva.<\/td><td class=\"has-text-align-center\" data-align=\"center\">Assistente de Arrecada\u00e7\u00e3o \u2013 Prova objetiva de conhecimentos espec\u00edficos e prova discursiva.<\/td><\/tr><\/tbody><\/table><\/figure>\n\n\n\n<p>&gt;&gt;&gt;<strong><a href=\"https:\/\/dhg1h5j42swfq.cloudfront.net\/2026\/03\/10161118\/sei_0607862_termo_de_referencia_de_bens_e_servico_212-1.pdf\" target=\"_blank\" rel=\"noreferrer noopener nofollow\">Confira o Termo de Refer\u00eancia na \u00edntegra<\/a><\/strong>.<\/p>\n\n\n\n<figure class=\"wp-block-image aligncenter size-large is-resized\"><img decoding=\"async\" src=\"https:\/\/dhg1h5j42swfq.cloudfront.net\/2020\/09\/18141901\/Coruja_Concursos%404x-506x1024.png\" alt=\"ISS e CGM Porto Velho: termo de refer\u00eancia traz novos detalhes\" class=\"wp-image-574355\" style=\"width:20px;height:auto\"\/><\/figure>\n\n\n\n<p class=\"has-text-align-center\"><em>Para ficar por dentro de todas as informa\u00e7\u00f5es sobre os concursos ISS e CGM Porto Velho organizados pelo <a href=\"https:\/\/www.cebraspe.org.br\/concursos\/\" target=\"_blank\" rel=\"noreferrer noopener\">Cebraspe<\/a>, al\u00e9m dos detalhes do Termo de Refer\u00eancia, n\u00e3o deixe de conferir nossos artigos completos sobre as sele\u00e7\u00f5es:<\/em><\/p>\n\n\n\n<p class=\"has-text-align-center has-background\" style=\"background-color:#d0dce9\"><strong><a href=\"https:\/\/www.estrategiaconcursos.com.br\/blog\/concurso-cgm-porto-velho\/\" target=\"_blank\" rel=\"noreferrer noopener\">Concurso CGM Porto Velho<\/a> | <a href=\"https:\/\/www.estrategiaconcursos.com.br\/blog\/concurso-iss-porto-velho\/\" target=\"_blank\" rel=\"noreferrer noopener\">Concurso ISS Porto Velho<\/a><\/strong><\/p>\n\n\n\n<hr class=\"wp-block-separator has-alpha-channel-opacity\"\/>\n\n\n\n<h2 class=\"wp-block-heading has-text-align-center\" id=\"cursos\"><em>Quer estudar para os concursos ISS e CGM Porto Velho?<\/em><\/h2>\n\n\n\n<div class=\"container\" id=\"boxes\">\n  <div class=\"row\">\n\n    <div class=\"col-sm\">\n      <div class=\"estrategia\" id=\"box-assinatura\">\n        <h3 class=\"titulo-assinatura\">Assinatura Concursos<\/h3>\n        <p class=\"subtitulo-assinatura\">Assinatura de 1 ano ou 2 anos<\/p>\n        <div class=\"box-botao\">\n          <a class=\"btn-assinatura\" target=\"_blank\" href=\"https:\/\/www.estrategiaconcursos.com.br\/assinaturas\/\" role=\"button\" rel=\"noopener noreferrer\">ASSINE AGORA<\/a>\n        <\/div>\n      <\/div><\/div><\/div><\/div>\n\n\n\n<h2 class=\"wp-block-heading has-text-align-center\" id=\"h-quer-saber-tudo-sobre-concursos-previstos-confira-os-nossos-artigos\">Quer saber tudo sobre concursos previstos?<br \/>Confira os nossos artigos!<\/h2>\n\n\n\n<ul class=\"wp-block-list\">\n<li><a href=\"https:\/\/www.estrategiaconcursos.com.br\/blog\/concursos-abertos\/\" target=\"_blank\" rel=\"noreferrer noopener\">Concursos Abertos<\/a><\/li>\n\n\n\n<li><a href=\"https:\/\/www.estrategiaconcursos.com.br\/blog\/concursos-controle\/\" target=\"_blank\" rel=\"noreferrer noopener\">Concursos Controle<\/a><\/li>\n\n\n\n<li><a href=\"https:\/\/www.estrategiaconcursos.com.br\/blog\/concursos-controle\/\" target=\"_blank\" rel=\"noreferrer noopener\">Concursos Fiscais<\/a><\/li>\n\n\n\n<li><a href=\"https:\/\/www.estrategiaconcursos.com.br\/blog\/concursos-2026\/\" target=\"_blank\" rel=\"noreferrer noopener nofollow\">Concursos 2026<\/a><\/li>\n<\/ul>\n","protected":false},"excerpt":{"rendered":"<p>Com o Cebraspe j\u00e1 definido como a banca dos novos concursos p\u00fablicos da Prefeitura de Porto Velho (CGM e ISS), mais detalhes foram revelados por meio do Termo de Refer\u00eancia. O documento, divulgado nesta ter\u00e7a-feira (10), revela que ser\u00e3o ofertadas no total 46 vagas, sendo 6 vagas imediatas mais 10 em cadastro reserva para a [&hellip;]<\/p>\n","protected":false},"author":659,"featured_media":1673233,"comment_status":"open","ping_status":"closed","sticky":false,"template":"","format":"standard","meta":{"post_tipo":"news","footnotes":""},"categories":[220180,220183,220219],"tags":[],"tax_estado":[219984],"class_list":["post-1729473","post","type-post","status-publish","format-standard","has-post-thumbnail","hentry","category-controle-gestao","category-fiscal-municipal","category-noticias","tax_estado-ro"],"acf":[],"yoast_head":"<!-- This site is optimized with the Yoast SEO Premium plugin v27.2 (Yoast SEO v27.2) - https:\/\/yoast.com\/product\/yoast-seo-premium-wordpress\/ -->\n<title>ISS e CGM Porto Velho: termo de refer\u00eancia traz novos detalhes<\/title>\n<meta name=\"description\" content=\"Saiba tudo sobre os concursos da Prefeitura de Porto Velho (ISS e CGM) e o Termo de Refer\u00eancia, com 46 vagas dispon\u00edveis para diversos cargos\" \/>\n<meta name=\"robots\" content=\"index, follow, max-snippet:-1, max-image-preview:large, max-video-preview:-1\" \/>\n<link rel=\"canonical\" href=\"https:\/\/www.estrategiaconcursos.com.br\/blog\/concurso-iss-e-cgm-porto-velho-termo-de-referencia\/\" \/>\n<meta property=\"og:locale\" content=\"pt_BR\" \/>\n<meta property=\"og:type\" content=\"article\" \/>\n<meta property=\"og:title\" content=\"ISS e CGM Porto Velho: termo de refer\u00eancia traz novos detalhes\" \/>\n<meta property=\"og:description\" content=\"Saiba tudo sobre os concursos da Prefeitura de Porto Velho (ISS e CGM) e o Termo de Refer\u00eancia, com 46 vagas dispon\u00edveis para diversos cargos\" \/>\n<meta property=\"og:url\" content=\"https:\/\/www.estrategiaconcursos.com.br\/blog\/concurso-iss-e-cgm-porto-velho-termo-de-referencia\/\" \/>\n<meta property=\"og:site_name\" content=\"Estrat\u00e9gia Concursos\" \/>\n<meta property=\"article:published_time\" content=\"2026-03-10T19:23:22+00:00\" \/>\n<meta property=\"article:modified_time\" content=\"2026-03-10T19:52:18+00:00\" \/>\n<meta property=\"og:image\" content=\"https:\/\/dhg1h5j42swfq.cloudfront.net\/2025\/11\/20085752\/prefeitura-de-porto-velho.jpg\" \/>\n\t<meta property=\"og:image:width\" content=\"768\" \/>\n\t<meta property=\"og:image:height\" content=\"432\" \/>\n\t<meta property=\"og:image:type\" content=\"image\/jpeg\" \/>\n<meta name=\"author\" content=\"Camila Leite\" \/>\n<meta name=\"twitter:card\" content=\"summary_large_image\" \/>\n<meta name=\"twitter:creator\" content=\"@EstratConcursos\" \/>\n<meta name=\"twitter:site\" content=\"@EstratConcursos\" \/>\n<meta name=\"twitter:label1\" content=\"Escrito por\" \/>\n\t<meta name=\"twitter:data1\" content=\"Camila Leite\" \/>\n\t<meta name=\"twitter:label2\" content=\"Est. tempo de leitura\" \/>\n\t<meta name=\"twitter:data2\" content=\"4 minutos\" \/>\n<script type=\"application\/ld+json\" class=\"yoast-schema-graph\">{\"@context\":\"https:\/\/schema.org\",\"@graph\":[{\"@type\":\"NewsArticle\",\"@id\":\"https:\/\/www.estrategiaconcursos.com.br\/blog\/concurso-iss-e-cgm-porto-velho-termo-de-referencia\/#article\",\"isPartOf\":{\"@id\":\"https:\/\/www.estrategiaconcursos.com.br\/blog\/concurso-iss-e-cgm-porto-velho-termo-de-referencia\/\"},\"author\":{\"name\":\"Camila Leite\",\"@id\":\"https:\/\/www.estrategiaconcursos.com.br\/blog\/#\/schema\/person\/84ecdc6eb58d3cf1689bf76c5cd8fb38\"},\"headline\":\"ISS e CGM Porto Velho: termo de refer\u00eancia traz novos detalhes\",\"datePublished\":\"2026-03-10T19:23:22+00:00\",\"dateModified\":\"2026-03-10T19:52:18+00:00\",\"mainEntityOfPage\":{\"@id\":\"https:\/\/www.estrategiaconcursos.com.br\/blog\/concurso-iss-e-cgm-porto-velho-termo-de-referencia\/\"},\"wordCount\":749,\"commentCount\":0,\"publisher\":{\"@id\":\"https:\/\/www.estrategiaconcursos.com.br\/blog\/#organization\"},\"image\":{\"@id\":\"https:\/\/www.estrategiaconcursos.com.br\/blog\/concurso-iss-e-cgm-porto-velho-termo-de-referencia\/#primaryimage\"},\"thumbnailUrl\":\"https:\/\/dhg1h5j42swfq.cloudfront.net\/2025\/11\/20085752\/prefeitura-de-porto-velho.jpg\",\"articleSection\":[\"Controladorias\/Gest\u00e3o (CGU, CGE, STN, EPPGG)\",\"Fiscal - Municipal (ISS)\",\"\u00daltimas not\u00edcias\"],\"inLanguage\":\"pt-BR\",\"potentialAction\":[{\"@type\":\"CommentAction\",\"name\":\"Comment\",\"target\":[\"https:\/\/www.estrategiaconcursos.com.br\/blog\/concurso-iss-e-cgm-porto-velho-termo-de-referencia\/#respond\"]}],\"copyrightYear\":\"2026\",\"copyrightHolder\":{\"@id\":\"https:\/\/www.estrategiaconcursos.com.br\/blog\/#organization\"}},{\"@type\":\"WebPage\",\"@id\":\"https:\/\/www.estrategiaconcursos.com.br\/blog\/concurso-iss-e-cgm-porto-velho-termo-de-referencia\/\",\"url\":\"https:\/\/www.estrategiaconcursos.com.br\/blog\/concurso-iss-e-cgm-porto-velho-termo-de-referencia\/\",\"name\":\"ISS e CGM Porto Velho: termo de refer\u00eancia traz novos detalhes\",\"isPartOf\":{\"@id\":\"https:\/\/www.estrategiaconcursos.com.br\/blog\/#website\"},\"primaryImageOfPage\":{\"@id\":\"https:\/\/www.estrategiaconcursos.com.br\/blog\/concurso-iss-e-cgm-porto-velho-termo-de-referencia\/#primaryimage\"},\"image\":{\"@id\":\"https:\/\/www.estrategiaconcursos.com.br\/blog\/concurso-iss-e-cgm-porto-velho-termo-de-referencia\/#primaryimage\"},\"thumbnailUrl\":\"https:\/\/dhg1h5j42swfq.cloudfront.net\/2025\/11\/20085752\/prefeitura-de-porto-velho.jpg\",\"datePublished\":\"2026-03-10T19:23:22+00:00\",\"dateModified\":\"2026-03-10T19:52:18+00:00\",\"description\":\"Saiba tudo sobre os concursos da Prefeitura de Porto Velho (ISS e CGM) e o Termo de Refer\u00eancia, com 46 vagas dispon\u00edveis para diversos cargos\",\"breadcrumb\":{\"@id\":\"https:\/\/www.estrategiaconcursos.com.br\/blog\/concurso-iss-e-cgm-porto-velho-termo-de-referencia\/#breadcrumb\"},\"inLanguage\":\"pt-BR\",\"potentialAction\":[{\"@type\":\"ReadAction\",\"target\":[\"https:\/\/www.estrategiaconcursos.com.br\/blog\/concurso-iss-e-cgm-porto-velho-termo-de-referencia\/\"]}]},{\"@type\":\"ImageObject\",\"inLanguage\":\"pt-BR\",\"@id\":\"https:\/\/www.estrategiaconcursos.com.br\/blog\/concurso-iss-e-cgm-porto-velho-termo-de-referencia\/#primaryimage\",\"url\":\"https:\/\/dhg1h5j42swfq.cloudfront.net\/2025\/11\/20085752\/prefeitura-de-porto-velho.jpg\",\"contentUrl\":\"https:\/\/dhg1h5j42swfq.cloudfront.net\/2025\/11\/20085752\/prefeitura-de-porto-velho.jpg\",\"width\":768,\"height\":432},{\"@type\":\"BreadcrumbList\",\"@id\":\"https:\/\/www.estrategiaconcursos.com.br\/blog\/concurso-iss-e-cgm-porto-velho-termo-de-referencia\/#breadcrumb\",\"itemListElement\":[{\"@type\":\"ListItem\",\"position\":1,\"name\":\"In\u00edcio\",\"item\":\"https:\/\/www.estrategiaconcursos.com.br\/blog\/\"},{\"@type\":\"ListItem\",\"position\":2,\"name\":\"ISS e CGM Porto Velho: termo de refer\u00eancia traz novos detalhes\"}]},{\"@type\":\"WebSite\",\"@id\":\"https:\/\/www.estrategiaconcursos.com.br\/blog\/#website\",\"url\":\"https:\/\/www.estrategiaconcursos.com.br\/blog\/\",\"name\":\"Estrat\u00e9gia Concursos\",\"description\":\"O blog da Estrat\u00e9gia Concursos traz not\u00edcias sobre concursos e artigos de professores oferecendo cursos para concursos (pdf + videaulas) no site.\",\"publisher\":{\"@id\":\"https:\/\/www.estrategiaconcursos.com.br\/blog\/#organization\"},\"potentialAction\":[{\"@type\":\"SearchAction\",\"target\":{\"@type\":\"EntryPoint\",\"urlTemplate\":\"https:\/\/www.estrategiaconcursos.com.br\/blog\/?s={search_term_string}\"},\"query-input\":{\"@type\":\"PropertyValueSpecification\",\"valueRequired\":true,\"valueName\":\"search_term_string\"}}],\"inLanguage\":\"pt-BR\"},{\"@type\":\"Organization\",\"@id\":\"https:\/\/www.estrategiaconcursos.com.br\/blog\/#organization\",\"name\":\"Estrat\u00e9gia Concursos\",\"url\":\"https:\/\/www.estrategiaconcursos.com.br\/blog\/\",\"logo\":{\"@type\":\"ImageObject\",\"inLanguage\":\"pt-BR\",\"@id\":\"https:\/\/www.estrategiaconcursos.com.br\/blog\/#\/schema\/logo\/image\/\",\"url\":\"https:\/\/dhg1h5j42swfq.cloudfront.net\/2025\/06\/03203428\/logo_concursos-1.jpg\",\"contentUrl\":\"https:\/\/dhg1h5j42swfq.cloudfront.net\/2025\/06\/03203428\/logo_concursos-1.jpg\",\"width\":230,\"height\":60,\"caption\":\"Estrat\u00e9gia Concursos\"},\"image\":{\"@id\":\"https:\/\/www.estrategiaconcursos.com.br\/blog\/#\/schema\/logo\/image\/\"},\"sameAs\":[\"https:\/\/x.com\/EstratConcursos\"]},{\"@type\":\"Person\",\"@id\":\"https:\/\/www.estrategiaconcursos.com.br\/blog\/#\/schema\/person\/84ecdc6eb58d3cf1689bf76c5cd8fb38\",\"name\":\"Camila Leite\",\"image\":{\"@type\":\"ImageObject\",\"inLanguage\":\"pt-BR\",\"@id\":\"https:\/\/secure.gravatar.com\/avatar\/f2f8faef639c8a2bfb7fb909912a56917f4c3a0aed064500168e2fb8ea55cf61?s=96&d=mm&r=g\",\"url\":\"https:\/\/secure.gravatar.com\/avatar\/f2f8faef639c8a2bfb7fb909912a56917f4c3a0aed064500168e2fb8ea55cf61?s=96&d=mm&r=g\",\"contentUrl\":\"https:\/\/secure.gravatar.com\/avatar\/f2f8faef639c8a2bfb7fb909912a56917f4c3a0aed064500168e2fb8ea55cf61?s=96&d=mm&r=g\",\"caption\":\"Camila Leite\"},\"description\":\"Formada em Design Gr\u00e1fico e em Propaganda e Marketing pela UNIP, integra a equipe de jornalismo do Estrat\u00e9gia Concursos desde 2018. Ao longo dos anos, construiu uma s\u00f3lida experi\u00eancia na produ\u00e7\u00e3o de conte\u00fado informativo e relevante para concurseiros. Desde 2020, atua na cobertura das \u00e1reas Fiscal \u2014 com \u00eanfase nas Secretarias de Fazenda (Sefaz) das regi\u00f5es Sul e Sudeste \u2014, al\u00e9m da cobertura de concursos federais, como CNU, Petrobras, CGU, Receita Federal, ag\u00eancias reguladoras (Anvisa, ANAC, entre outras) e INSS. Mant\u00e9m contato direto com os principais \u00f3rg\u00e3os p\u00fablicos, acompanhando editais, atualiza\u00e7\u00f5es e movimenta\u00e7\u00f5es importantes para os candidatos.\",\"sameAs\":[\"https:\/\/www.linkedin.com\/in\/camila-pinheiro-leite-9ba135b6\/\"],\"url\":\"https:\/\/www.estrategiaconcursos.com.br\/blog\/author\/camila-leiteestrategiaconcursos-com-br\/\"}]}<\/script>\n<!-- \/ Yoast SEO Premium plugin. -->","yoast_head_json":{"title":"ISS e CGM Porto Velho: termo de refer\u00eancia traz novos detalhes","description":"Saiba tudo sobre os concursos da Prefeitura de Porto Velho (ISS e CGM) e o Termo de Refer\u00eancia, com 46 vagas dispon\u00edveis para diversos cargos","robots":{"index":"index","follow":"follow","max-snippet":"max-snippet:-1","max-image-preview":"max-image-preview:large","max-video-preview":"max-video-preview:-1"},"canonical":"https:\/\/www.estrategiaconcursos.com.br\/blog\/concurso-iss-e-cgm-porto-velho-termo-de-referencia\/","og_locale":"pt_BR","og_type":"article","og_title":"ISS e CGM Porto Velho: termo de refer\u00eancia traz novos detalhes","og_description":"Saiba tudo sobre os concursos da Prefeitura de Porto Velho (ISS e CGM) e o Termo de Refer\u00eancia, com 46 vagas dispon\u00edveis para diversos cargos","og_url":"https:\/\/www.estrategiaconcursos.com.br\/blog\/concurso-iss-e-cgm-porto-velho-termo-de-referencia\/","og_site_name":"Estrat\u00e9gia Concursos","article_published_time":"2026-03-10T19:23:22+00:00","article_modified_time":"2026-03-10T19:52:18+00:00","og_image":[{"width":768,"height":432,"url":"https:\/\/dhg1h5j42swfq.cloudfront.net\/2025\/11\/20085752\/prefeitura-de-porto-velho.jpg","type":"image\/jpeg"}],"author":"Camila Leite","twitter_card":"summary_large_image","twitter_creator":"@EstratConcursos","twitter_site":"@EstratConcursos","twitter_misc":{"Escrito por":"Camila Leite","Est. tempo de leitura":"4 minutos"},"schema":{"@context":"https:\/\/schema.org","@graph":[{"@type":"NewsArticle","@id":"https:\/\/www.estrategiaconcursos.com.br\/blog\/concurso-iss-e-cgm-porto-velho-termo-de-referencia\/#article","isPartOf":{"@id":"https:\/\/www.estrategiaconcursos.com.br\/blog\/concurso-iss-e-cgm-porto-velho-termo-de-referencia\/"},"author":{"name":"Camila Leite","@id":"https:\/\/www.estrategiaconcursos.com.br\/blog\/#\/schema\/person\/84ecdc6eb58d3cf1689bf76c5cd8fb38"},"headline":"ISS e CGM Porto Velho: termo de refer\u00eancia traz novos detalhes","datePublished":"2026-03-10T19:23:22+00:00","dateModified":"2026-03-10T19:52:18+00:00","mainEntityOfPage":{"@id":"https:\/\/www.estrategiaconcursos.com.br\/blog\/concurso-iss-e-cgm-porto-velho-termo-de-referencia\/"},"wordCount":749,"commentCount":0,"publisher":{"@id":"https:\/\/www.estrategiaconcursos.com.br\/blog\/#organization"},"image":{"@id":"https:\/\/www.estrategiaconcursos.com.br\/blog\/concurso-iss-e-cgm-porto-velho-termo-de-referencia\/#primaryimage"},"thumbnailUrl":"https:\/\/dhg1h5j42swfq.cloudfront.net\/2025\/11\/20085752\/prefeitura-de-porto-velho.jpg","articleSection":["Controladorias\/Gest\u00e3o (CGU, CGE, STN, EPPGG)","Fiscal - Municipal (ISS)","\u00daltimas not\u00edcias"],"inLanguage":"pt-BR","potentialAction":[{"@type":"CommentAction","name":"Comment","target":["https:\/\/www.estrategiaconcursos.com.br\/blog\/concurso-iss-e-cgm-porto-velho-termo-de-referencia\/#respond"]}],"copyrightYear":"2026","copyrightHolder":{"@id":"https:\/\/www.estrategiaconcursos.com.br\/blog\/#organization"}},{"@type":"WebPage","@id":"https:\/\/www.estrategiaconcursos.com.br\/blog\/concurso-iss-e-cgm-porto-velho-termo-de-referencia\/","url":"https:\/\/www.estrategiaconcursos.com.br\/blog\/concurso-iss-e-cgm-porto-velho-termo-de-referencia\/","name":"ISS e CGM Porto Velho: termo de refer\u00eancia traz novos detalhes","isPartOf":{"@id":"https:\/\/www.estrategiaconcursos.com.br\/blog\/#website"},"primaryImageOfPage":{"@id":"https:\/\/www.estrategiaconcursos.com.br\/blog\/concurso-iss-e-cgm-porto-velho-termo-de-referencia\/#primaryimage"},"image":{"@id":"https:\/\/www.estrategiaconcursos.com.br\/blog\/concurso-iss-e-cgm-porto-velho-termo-de-referencia\/#primaryimage"},"thumbnailUrl":"https:\/\/dhg1h5j42swfq.cloudfront.net\/2025\/11\/20085752\/prefeitura-de-porto-velho.jpg","datePublished":"2026-03-10T19:23:22+00:00","dateModified":"2026-03-10T19:52:18+00:00","description":"Saiba tudo sobre os concursos da Prefeitura de Porto Velho (ISS e CGM) e o Termo de Refer\u00eancia, com 46 vagas dispon\u00edveis para diversos cargos","breadcrumb":{"@id":"https:\/\/www.estrategiaconcursos.com.br\/blog\/concurso-iss-e-cgm-porto-velho-termo-de-referencia\/#breadcrumb"},"inLanguage":"pt-BR","potentialAction":[{"@type":"ReadAction","target":["https:\/\/www.estrategiaconcursos.com.br\/blog\/concurso-iss-e-cgm-porto-velho-termo-de-referencia\/"]}]},{"@type":"ImageObject","inLanguage":"pt-BR","@id":"https:\/\/www.estrategiaconcursos.com.br\/blog\/concurso-iss-e-cgm-porto-velho-termo-de-referencia\/#primaryimage","url":"https:\/\/dhg1h5j42swfq.cloudfront.net\/2025\/11\/20085752\/prefeitura-de-porto-velho.jpg","contentUrl":"https:\/\/dhg1h5j42swfq.cloudfront.net\/2025\/11\/20085752\/prefeitura-de-porto-velho.jpg","width":768,"height":432},{"@type":"BreadcrumbList","@id":"https:\/\/www.estrategiaconcursos.com.br\/blog\/concurso-iss-e-cgm-porto-velho-termo-de-referencia\/#breadcrumb","itemListElement":[{"@type":"ListItem","position":1,"name":"In\u00edcio","item":"https:\/\/www.estrategiaconcursos.com.br\/blog\/"},{"@type":"ListItem","position":2,"name":"ISS e CGM Porto Velho: termo de refer\u00eancia traz novos detalhes"}]},{"@type":"WebSite","@id":"https:\/\/www.estrategiaconcursos.com.br\/blog\/#website","url":"https:\/\/www.estrategiaconcursos.com.br\/blog\/","name":"Estrat\u00e9gia Concursos","description":"O blog da Estrat\u00e9gia Concursos traz not\u00edcias sobre concursos e artigos de professores oferecendo cursos para concursos (pdf + videaulas) no site.","publisher":{"@id":"https:\/\/www.estrategiaconcursos.com.br\/blog\/#organization"},"potentialAction":[{"@type":"SearchAction","target":{"@type":"EntryPoint","urlTemplate":"https:\/\/www.estrategiaconcursos.com.br\/blog\/?s={search_term_string}"},"query-input":{"@type":"PropertyValueSpecification","valueRequired":true,"valueName":"search_term_string"}}],"inLanguage":"pt-BR"},{"@type":"Organization","@id":"https:\/\/www.estrategiaconcursos.com.br\/blog\/#organization","name":"Estrat\u00e9gia Concursos","url":"https:\/\/www.estrategiaconcursos.com.br\/blog\/","logo":{"@type":"ImageObject","inLanguage":"pt-BR","@id":"https:\/\/www.estrategiaconcursos.com.br\/blog\/#\/schema\/logo\/image\/","url":"https:\/\/dhg1h5j42swfq.cloudfront.net\/2025\/06\/03203428\/logo_concursos-1.jpg","contentUrl":"https:\/\/dhg1h5j42swfq.cloudfront.net\/2025\/06\/03203428\/logo_concursos-1.jpg","width":230,"height":60,"caption":"Estrat\u00e9gia Concursos"},"image":{"@id":"https:\/\/www.estrategiaconcursos.com.br\/blog\/#\/schema\/logo\/image\/"},"sameAs":["https:\/\/x.com\/EstratConcursos"]},{"@type":"Person","@id":"https:\/\/www.estrategiaconcursos.com.br\/blog\/#\/schema\/person\/84ecdc6eb58d3cf1689bf76c5cd8fb38","name":"Camila Leite","image":{"@type":"ImageObject","inLanguage":"pt-BR","@id":"https:\/\/secure.gravatar.com\/avatar\/f2f8faef639c8a2bfb7fb909912a56917f4c3a0aed064500168e2fb8ea55cf61?s=96&d=mm&r=g","url":"https:\/\/secure.gravatar.com\/avatar\/f2f8faef639c8a2bfb7fb909912a56917f4c3a0aed064500168e2fb8ea55cf61?s=96&d=mm&r=g","contentUrl":"https:\/\/secure.gravatar.com\/avatar\/f2f8faef639c8a2bfb7fb909912a56917f4c3a0aed064500168e2fb8ea55cf61?s=96&d=mm&r=g","caption":"Camila Leite"},"description":"Formada em Design Gr\u00e1fico e em Propaganda e Marketing pela UNIP, integra a equipe de jornalismo do Estrat\u00e9gia Concursos desde 2018. Ao longo dos anos, construiu uma s\u00f3lida experi\u00eancia na produ\u00e7\u00e3o de conte\u00fado informativo e relevante para concurseiros. Desde 2020, atua na cobertura das \u00e1reas Fiscal \u2014 com \u00eanfase nas Secretarias de Fazenda (Sefaz) das regi\u00f5es Sul e Sudeste \u2014, al\u00e9m da cobertura de concursos federais, como CNU, Petrobras, CGU, Receita Federal, ag\u00eancias reguladoras (Anvisa, ANAC, entre outras) e INSS. Mant\u00e9m contato direto com os principais \u00f3rg\u00e3os p\u00fablicos, acompanhando editais, atualiza\u00e7\u00f5es e movimenta\u00e7\u00f5es importantes para os candidatos.","sameAs":["https:\/\/www.linkedin.com\/in\/camila-pinheiro-leite-9ba135b6\/"],"url":"https:\/\/www.estrategiaconcursos.com.br\/blog\/author\/camila-leiteestrategiaconcursos-com-br\/"}]}},"_links":{"self":[{"href":"https:\/\/www.estrategiaconcursos.com.br\/blog\/wp-json\/wp\/v2\/posts\/1729473","targetHints":{"allow":["GET"]}}],"collection":[{"href":"https:\/\/www.estrategiaconcursos.com.br\/blog\/wp-json\/wp\/v2\/posts"}],"about":[{"href":"https:\/\/www.estrategiaconcursos.com.br\/blog\/wp-json\/wp\/v2\/types\/post"}],"author":[{"embeddable":true,"href":"https:\/\/www.estrategiaconcursos.com.br\/blog\/wp-json\/wp\/v2\/users\/659"}],"replies":[{"embeddable":true,"href":"https:\/\/www.estrategiaconcursos.com.br\/blog\/wp-json\/wp\/v2\/comments?post=1729473"}],"version-history":[{"count":4,"href":"https:\/\/www.estrategiaconcursos.com.br\/blog\/wp-json\/wp\/v2\/posts\/1729473\/revisions"}],"predecessor-version":[{"id":1729678,"href":"https:\/\/www.estrategiaconcursos.com.br\/blog\/wp-json\/wp\/v2\/posts\/1729473\/revisions\/1729678"}],"wp:featuredmedia":[{"embeddable":true,"href":"https:\/\/www.estrategiaconcursos.com.br\/blog\/wp-json\/wp\/v2\/media\/1673233"}],"wp:attachment":[{"href":"https:\/\/www.estrategiaconcursos.com.br\/blog\/wp-json\/wp\/v2\/media?parent=1729473"}],"wp:term":[{"taxonomy":"category","embeddable":true,"href":"https:\/\/www.estrategiaconcursos.com.br\/blog\/wp-json\/wp\/v2\/categories?post=1729473"},{"taxonomy":"post_tag","embeddable":true,"href":"https:\/\/www.estrategiaconcursos.com.br\/blog\/wp-json\/wp\/v2\/tags?post=1729473"},{"taxonomy":"tax_estado","embeddable":true,"href":"https:\/\/www.estrategiaconcursos.com.br\/blog\/wp-json\/wp\/v2\/tax_estado?post=1729473"}],"curies":[{"name":"wp","href":"https:\/\/api.w.org\/{rel}","templated":true}]}}