{"id":1729250,"date":"2026-03-10T15:33:59","date_gmt":"2026-03-10T18:33:59","guid":{"rendered":"https:\/\/www.estrategiaconcursos.com.br\/blog\/?p=1729250"},"modified":"2026-03-18T08:23:07","modified_gmt":"2026-03-18T11:23:07","slug":"concurso-pm-es-2026-detalhes-edital","status":"publish","type":"post","link":"https:\/\/www.estrategiaconcursos.com.br\/blog\/concurso-pm-es-2026-detalhes-edital\/","title":{"rendered":"Concurso PM ES: documentos revelam detalhes; edital iminente"},"content":{"rendered":"\n<p><strong><em>Novo edital do concurso PM ES \u00e9 previsto no m\u00eas de mar\u00e7o; Idecan \u00e9 a banca!<\/em><\/strong><\/p>\n\n\n\n<details class='resumo-estrategia-noticias'> <summary>Resumo da not\u00edcia<\/summary> <div class='content'> <ul> <li>Termo de refer\u00eancia revela detalhes do novo concurso PM ES.<\/li> <li>Estudo t\u00e9cnico revela as etapas previstas e a estimativa de inscritos.<\/li> <li>Carreira oferece sal\u00e1rio inicial de R$ 5.520,63.<\/li> <\/ul> <\/div> <\/details>\n\n\n\n<p>Novos documentos foram publicados no Portal Nacional de Contrata\u00e7\u00f5es P\u00fablicas (PNCP) acerca do pr\u00f3ximo <strong>concurso PM ES<\/strong> (<a href=\"https:\/\/www.estrategiaconcursos.com.br\/cursosPorConcurso\/policia-militar-do-espirito-santo-pm-es\/\" target=\"_blank\" rel=\"noreferrer noopener\">Pol\u00edcia Militar do Esp\u00edrito Santo<\/a>).<\/p>\n\n\n\n<p id=\"termo\">O <a href=\"https:\/\/dhg1h5j42swfq.cloudfront.net\/2026\/03\/10152749\/termo_de_referencia_consolidado_-_cfsd_2026_-_.pdf\" target=\"_blank\" rel=\"noreferrer noopener nofollow\">termo de refer\u00eancia<\/a> traz atualiza\u00e7\u00f5es importantes sobre o cronograma, locais de prova e os crit\u00e9rios t\u00e9cnicos que a banca deve seguir.<\/p>\n\n\n\n<div id=\"boxes\" class=\"container\">\n<div class=\"row\">\n<div class=\"col-sm\">\n<div id=\"box-assinatura\" class=\"banner-policia-militar\">\n<h3 class=\"titulo-assinatura\">Concurso PM ES<\/h3>\n<p class=\"subtitulo-assinatura\">Prepara\u00e7\u00e3o completa para a carreira na PM ES<\/p>\n<div class=\"box-botao\"><a class=\"btn-assinatura\" role=\"button\" href=\"https:\/\/www.estrategiaconcursos.com.br\/cursosPorConcurso\/policia-militar-do-espirito-santo-pm-es\/?utm_source=blog&#038;utm_medium=banner&#038;utm_campaign=pmes-conv-x-ec-fn\" target=\"_blank\" rel=\"noopener noreferrer\">EXPLORAR CURSOS<\/a><\/div>\n<\/div>\n\n<\/div>\n<\/div>\n<\/div>\n\n\n\n<h2 class=\"wp-block-heading\">Cidades de Realiza\u00e7\u00e3o das Provas<\/h2>\n\n\n\n<p id=\"p-rc_e1c48ccb364b7d31-67\">O candidato dever\u00e1 escolher uma dessas cidades para realizar a <strong>primeira etapa<\/strong> (Exame Intelectual)<sup><\/sup>:<\/p>\n\n\n\n<ul class=\"wp-block-list\">\n<li>Alegre<\/li>\n\n\n\n<li>Aracruz<\/li>\n\n\n\n<li>Barra de S\u00e3o Francisco<\/li>\n\n\n\n<li>Cachoeiro de Itapemirim<\/li>\n\n\n\n<li>Colatina<\/li>\n\n\n\n<li>Linhares<\/li>\n\n\n\n<li>Nova Ven\u00e9cia<\/li>\n\n\n\n<li>S\u00e3o Mateus<\/li>\n\n\n\n<li>Venda Nova do Imigrante<\/li>\n\n\n\n<li>Regi\u00e3o Metropolitana da Grande Vit\u00f3ria (Vit\u00f3ria, Cariacica, Serra, Vila Velha, Guarapari, Fund\u00e3o e Viana)<\/li>\n<\/ul>\n\n\n\n<p id=\"p-rc_e1c48ccb364b7d31-78\">As <strong>demais etapas<\/strong> (TAF, Psicol\u00f3gico e Prova Pr\u00e1tica) ser\u00e3o realizadas exclusivamente na Grande Vit\u00f3ria.<\/p>\n\n\n\n<h2 class=\"wp-block-heading\" id=\"h-estrutura-das-provas\">Estrutura das Provas<\/h2>\n\n\n\n<ul class=\"wp-block-list\">\n<li><strong>Soldado Combatente:<\/strong> 80 quest\u00f5es (20 de Portugu\u00eas, 20 de Racioc\u00ednio L\u00f3gico\/Matem\u00e1tica, 20 de Geografia e 20 de Hist\u00f3ria);<\/li>\n\n\n\n<li><strong>Soldado M\u00fasico:<\/strong> 80 quest\u00f5es (20 de Portugu\u00eas, 20 de Racioc\u00ednio L\u00f3gico\/Matem\u00e1tica e 40 de Conhecimentos Espec\u00edficos de M\u00fasica);<\/li>\n\n\n\n<li><strong>Reda\u00e7\u00e3o:<\/strong> texto dissertativo de at\u00e9 30 linhas, valendo 40 pontos; e<\/li>\n\n\n\n<li><strong>Crit\u00e9rios de aprova\u00e7\u00e3o:<\/strong> m\u00ednimo de 50% na prova objetiva total, 30% em cada \u00e1rea de conhecimento e 50% (20 pontos) na reda\u00e7\u00e3o.<\/li>\n<\/ul>\n\n\n\n<h2 class=\"wp-block-heading\" id=\"h-tabela-do-taf\">Tabela do TAF<\/h2>\n\n\n\n<p id=\"p-rc_e1c48ccb364b7d31-83\">Os \u00edndices m\u00ednimos para aprova\u00e7\u00e3o no <strong>Teste de Avalia\u00e7\u00e3o F\u00edsica (TAF)<\/strong> s\u00e3o:<\/p>\n\n\n\n<ul class=\"wp-block-list\">\n<li><strong>Masculino:<\/strong> 04 barras fixas, agilidade em 10,5 seg, 35 abdominais (1 min) e 2.400m em 12min; e<\/li>\n\n\n\n<li><strong>Feminino:<\/strong> 01 barra fixa, agilidade em 11,5 seg, 30 abdominais (1 min) e 2.400m em 15min54seg.<\/li>\n<\/ul>\n\n\n\n<p>O <a href=\"https:\/\/dhg1h5j42swfq.cloudfront.net\/2026\/03\/10152910\/estudo_tecnico_preliminar_consolidado_-_atualizado_apos_recomendacoes_da_pge_-_cfsd_2026.pdf\" target=\"_blank\" rel=\"noreferrer noopener nofollow\">estudo t\u00e9cnico preliminar<\/a> tamb\u00e9m revela importantes detalhes do certame.<\/p>\n\n\n\n<h2 class=\"wp-block-heading\" id=\"h-vagas-ofertadas\">Vagas ofertadas<\/h2>\n\n\n\n<p id=\"p-rc_4c7dd45099eada6a-39\">O documento prev\u00ea a abertura de <strong>1.008 vagas<\/strong> no total, distribu\u00eddas da seguinte maneira:<\/p>\n\n\n\n<ul class=\"wp-block-list\">\n<li><strong>Soldado Combatente:<\/strong> 1.000 vagas; e<\/li>\n\n\n\n<li><strong>Soldado M\u00fasico:<\/strong> 08 vagas + cadastro de reserva (CR).<\/li>\n<\/ul>\n\n\n\n<h2 class=\"wp-block-heading\" id=\"h-etapas-do-concurso\">Etapas do concurso<\/h2>\n\n\n\n<p id=\"p-rc_4c7dd45099eada6a-42\">O IDECAN ser\u00e1 respons\u00e1vel pelas etapas iniciais do certame: <\/p>\n\n\n\n<ul start=\"1\" class=\"wp-block-list\">\n<li><strong>Exame Intelectual<\/strong> (Prova objetiva e reda\u00e7\u00e3o);<\/li>\n\n\n\n<li><strong>Aferi\u00e7\u00e3o de Idade<\/strong>;<\/li>\n\n\n\n<li><strong>Teste de Aptid\u00e3o F\u00edsica (TAF)<\/strong>;<\/li>\n\n\n\n<li><strong>Avalia\u00e7\u00e3o Psicol\u00f3gica<\/strong>; e<\/li>\n\n\n\n<li><strong>Prova Pr\u00e1tica de M\u00fasica<\/strong> (exclusiva para o cargo de M\u00fasico).<\/li>\n<\/ul>\n\n\n\n<p id=\"p-rc_4c7dd45099eada6a-48\">As etapas de Investiga\u00e7\u00e3o Social, Exames de Sa\u00fade e a matr\u00edcula no curso de forma\u00e7\u00e3o ficar\u00e3o sob responsabilidade direta da <strong>Pol\u00edcia Militar<\/strong>.<\/p>\n\n\n\n<h2 class=\"wp-block-heading\" id=\"h-requisitos-e-estimativas\">Requisitos e estimativas<\/h2>\n\n\n\n<ul class=\"wp-block-list\">\n<li><strong>Escolaridade:<\/strong> n\u00edvel m\u00e9dio;<\/li>\n\n\n\n<li><strong>Idade:<\/strong> a idade m\u00e1xima \u00e9 verificada no <strong>primeiro dia de inscri\u00e7\u00e3o<\/strong> e a idade m\u00ednima na <strong>data da matr\u00edcula<\/strong> no curso;<\/li>\n\n\n\n<li><strong>Inscritos:<\/strong> A PMES estima em <strong>32.000 candidatos inscritos<\/strong> no concurso.<\/li>\n<\/ul>\n\n\n\n<p class=\"has-text-align-center\"><em>Quer saber mais sobre o novo concurso PM ES? Acesse o link abaixo e confira todos os detalhes!<\/em><\/p>\n\n\n\n<p class=\"has-text-align-center has-cyan-bluish-gray-background-color has-background\" id=\"h-saiba-mais-concurso-policia-militar-es\" style=\"font-size:clamp(15.197px, 0.95rem + ((1vw - 3.2px) * 0.765), 23px);\"><strong>Saiba mais: <a href=\"https:\/\/www.estrategiaconcursos.com.br\/blog\/concurso-pm-es\/\" target=\"_blank\" rel=\"noreferrer noopener\">concurso Pol\u00edcia Militar ES 2026<\/a><\/strong><\/p>\n\n\n\n<hr class=\"wp-block-separator has-css-opacity\"\/>\n\n\n\n<h2 class=\"wp-block-heading has-text-align-center\" id=\"h-quer-saber-tudo-sobre-concursos-previstos-confira-nossos-artigos\">Quer saber tudo sobre concursos previstos?<br \/>Confira nossos artigos!<\/h2>\n\n\n\n<ul class=\"wp-block-list\">\n<li><a href=\"https:\/\/www.estrategiaconcursos.com.br\/blog\/concursos-abertos\/\" target=\"_blank\" rel=\"noreferrer noopener\">Concursos abertos<\/a><\/li>\n\n\n\n<li><a href=\"https:\/\/www.estrategiaconcursos.com.br\/blog\/concursos-policia-militar\" target=\"_blank\" rel=\"noreferrer noopener\">Concursos Pol\u00edcia Militar<\/a><\/li>\n\n\n\n<li><a href=\"https:\/\/www.estrategiaconcursos.com.br\/blog\/concursos-de-policia\/\" target=\"_blank\" rel=\"noreferrer noopener\">Concursos de Pol\u00edcia<\/a><\/li>\n\n\n\n<li><a href=\"https:\/\/www.estrategiaconcursos.com.br\/blog\/concursos-2026\/\" target=\"_blank\" rel=\"noreferrer noopener\">Concursos 2026<\/a><\/li>\n<\/ul>\n\n\n\n<div id=\"boxes\" class=\"container\">\n<div class=\"row\">\n<div class=\"col-sm\">\n<div id=\"box-assinatura\" class=\"estrategia\">\n<h3 class=\"titulo-assinatura\">Assinatura de Concursos<\/h3>\n<p class=\"subtitulo-assinatura\">Assinatura de 1 ou 2 anos<\/p>\n<div class=\"box-botao\"><a class=\"btn-assinatura\" role=\"button\" href=\"https:\/\/www.estrategiaconcursos.com.br\/assinaturas\/\" target=\"_blank\" rel=\"noopener noreferrer\">ASSINE AGORA<\/a><\/div>\n<\/div>\n<p class=\"texto-auxiliar\">&nbsp;<\/p><\/div><\/div><\/div>\n\n\n\n<p><\/p>\n","protected":false},"excerpt":{"rendered":"<p>Novo edital do concurso PM ES \u00e9 previsto no m\u00eas de mar\u00e7o; Idecan \u00e9 a banca! Resumo da not\u00edcia Termo de refer\u00eancia revela detalhes do novo concurso PM ES. Estudo t\u00e9cnico revela as etapas previstas e a estimativa de inscritos. Carreira oferece sal\u00e1rio inicial de R$ 5.520,63. Novos documentos foram publicados no Portal Nacional de [&hellip;]<\/p>\n","protected":false},"author":1483,"featured_media":838260,"comment_status":"open","ping_status":"closed","sticky":false,"template":"","format":"standard","meta":{"post_tipo":"news","footnotes":""},"categories":[220187,220219],"tags":[],"tax_estado":[219971],"class_list":["post-1729250","post","type-post","status-publish","format-standard","has-post-thumbnail","hentry","category-policial-pracas","category-noticias","tax_estado-es"],"acf":[],"yoast_head":"<!-- This site is optimized with the Yoast SEO Premium plugin v27.2 (Yoast SEO v27.2) - https:\/\/yoast.com\/product\/yoast-seo-premium-wordpress\/ -->\n<title>Concurso PM ES: documentos revelam detalhes; edital iminente<\/title>\n<meta name=\"description\" content=\"Novos detalhes do concurso PM ES 2026 s\u00e3o revelados no termo de refer\u00eancia e no estudo t\u00e9cnico preliminar. Confira!\" \/>\n<meta name=\"robots\" content=\"index, follow, max-snippet:-1, max-image-preview:large, max-video-preview:-1\" \/>\n<link rel=\"canonical\" href=\"https:\/\/www.estrategiaconcursos.com.br\/blog\/concurso-pm-es-2026-detalhes-edital\/\" \/>\n<meta property=\"og:locale\" content=\"pt_BR\" \/>\n<meta property=\"og:type\" content=\"article\" \/>\n<meta property=\"og:title\" content=\"Concurso PM ES: documentos revelam detalhes; edital iminente\" \/>\n<meta property=\"og:description\" content=\"Novos detalhes do concurso PM ES 2026 s\u00e3o revelados no termo de refer\u00eancia e no estudo t\u00e9cnico preliminar. Confira!\" \/>\n<meta property=\"og:url\" content=\"https:\/\/www.estrategiaconcursos.com.br\/blog\/concurso-pm-es-2026-detalhes-edital\/\" \/>\n<meta property=\"og:site_name\" content=\"Estrat\u00e9gia Concursos\" \/>\n<meta property=\"article:published_time\" content=\"2026-03-10T18:33:59+00:00\" \/>\n<meta property=\"article:modified_time\" content=\"2026-03-18T11:23:07+00:00\" \/>\n<meta property=\"og:image\" content=\"https:\/\/dhg1h5j42swfq.cloudfront.net\/2021\/08\/17104115\/pm-es.jpeg\" \/>\n\t<meta property=\"og:image:width\" content=\"768\" \/>\n\t<meta property=\"og:image:height\" content=\"432\" \/>\n\t<meta property=\"og:image:type\" content=\"image\/jpeg\" \/>\n<meta name=\"author\" content=\"Diogo Mendes\" \/>\n<meta name=\"twitter:card\" content=\"summary_large_image\" \/>\n<meta name=\"twitter:creator\" content=\"@EstratConcursos\" \/>\n<meta name=\"twitter:site\" content=\"@EstratConcursos\" \/>\n<meta name=\"twitter:label1\" content=\"Escrito por\" \/>\n\t<meta name=\"twitter:data1\" content=\"Diogo Mendes\" \/>\n\t<meta name=\"twitter:label2\" content=\"Est. tempo de leitura\" \/>\n\t<meta name=\"twitter:data2\" content=\"3 minutos\" \/>\n<script type=\"application\/ld+json\" class=\"yoast-schema-graph\">{\"@context\":\"https:\/\/schema.org\",\"@graph\":[{\"@type\":\"NewsArticle\",\"@id\":\"https:\/\/www.estrategiaconcursos.com.br\/blog\/concurso-pm-es-2026-detalhes-edital\/#article\",\"isPartOf\":{\"@id\":\"https:\/\/www.estrategiaconcursos.com.br\/blog\/concurso-pm-es-2026-detalhes-edital\/\"},\"author\":{\"name\":\"Diogo Mendes\",\"@id\":\"https:\/\/www.estrategiaconcursos.com.br\/blog\/#\/schema\/person\/cc9e76173880338ce9f656c88664a1f6\"},\"headline\":\"Concurso PM ES: documentos revelam detalhes; edital iminente\",\"datePublished\":\"2026-03-10T18:33:59+00:00\",\"dateModified\":\"2026-03-18T11:23:07+00:00\",\"mainEntityOfPage\":{\"@id\":\"https:\/\/www.estrategiaconcursos.com.br\/blog\/concurso-pm-es-2026-detalhes-edital\/\"},\"wordCount\":540,\"commentCount\":0,\"publisher\":{\"@id\":\"https:\/\/www.estrategiaconcursos.com.br\/blog\/#organization\"},\"image\":{\"@id\":\"https:\/\/www.estrategiaconcursos.com.br\/blog\/concurso-pm-es-2026-detalhes-edital\/#primaryimage\"},\"thumbnailUrl\":\"https:\/\/dhg1h5j42swfq.cloudfront.net\/2021\/08\/17104115\/pm-es.jpeg\",\"articleSection\":[\"Policial (PM\/BM - Pra\u00e7as)\",\"\u00daltimas not\u00edcias\"],\"inLanguage\":\"pt-BR\",\"potentialAction\":[{\"@type\":\"CommentAction\",\"name\":\"Comment\",\"target\":[\"https:\/\/www.estrategiaconcursos.com.br\/blog\/concurso-pm-es-2026-detalhes-edital\/#respond\"]}],\"copyrightYear\":\"2026\",\"copyrightHolder\":{\"@id\":\"https:\/\/www.estrategiaconcursos.com.br\/blog\/#organization\"}},{\"@type\":\"WebPage\",\"@id\":\"https:\/\/www.estrategiaconcursos.com.br\/blog\/concurso-pm-es-2026-detalhes-edital\/\",\"url\":\"https:\/\/www.estrategiaconcursos.com.br\/blog\/concurso-pm-es-2026-detalhes-edital\/\",\"name\":\"Concurso PM ES: documentos revelam detalhes; edital iminente\",\"isPartOf\":{\"@id\":\"https:\/\/www.estrategiaconcursos.com.br\/blog\/#website\"},\"primaryImageOfPage\":{\"@id\":\"https:\/\/www.estrategiaconcursos.com.br\/blog\/concurso-pm-es-2026-detalhes-edital\/#primaryimage\"},\"image\":{\"@id\":\"https:\/\/www.estrategiaconcursos.com.br\/blog\/concurso-pm-es-2026-detalhes-edital\/#primaryimage\"},\"thumbnailUrl\":\"https:\/\/dhg1h5j42swfq.cloudfront.net\/2021\/08\/17104115\/pm-es.jpeg\",\"datePublished\":\"2026-03-10T18:33:59+00:00\",\"dateModified\":\"2026-03-18T11:23:07+00:00\",\"description\":\"Novos detalhes do concurso PM ES 2026 s\u00e3o revelados no termo de refer\u00eancia e no estudo t\u00e9cnico preliminar. Confira!\",\"breadcrumb\":{\"@id\":\"https:\/\/www.estrategiaconcursos.com.br\/blog\/concurso-pm-es-2026-detalhes-edital\/#breadcrumb\"},\"inLanguage\":\"pt-BR\",\"potentialAction\":[{\"@type\":\"ReadAction\",\"target\":[\"https:\/\/www.estrategiaconcursos.com.br\/blog\/concurso-pm-es-2026-detalhes-edital\/\"]}]},{\"@type\":\"ImageObject\",\"inLanguage\":\"pt-BR\",\"@id\":\"https:\/\/www.estrategiaconcursos.com.br\/blog\/concurso-pm-es-2026-detalhes-edital\/#primaryimage\",\"url\":\"https:\/\/dhg1h5j42swfq.cloudfront.net\/2021\/08\/17104115\/pm-es.jpeg\",\"contentUrl\":\"https:\/\/dhg1h5j42swfq.cloudfront.net\/2021\/08\/17104115\/pm-es.jpeg\",\"width\":768,\"height\":432,\"caption\":\"concurso PM ES\"},{\"@type\":\"BreadcrumbList\",\"@id\":\"https:\/\/www.estrategiaconcursos.com.br\/blog\/concurso-pm-es-2026-detalhes-edital\/#breadcrumb\",\"itemListElement\":[{\"@type\":\"ListItem\",\"position\":1,\"name\":\"In\u00edcio\",\"item\":\"https:\/\/www.estrategiaconcursos.com.br\/blog\/\"},{\"@type\":\"ListItem\",\"position\":2,\"name\":\"Concurso PM ES: documentos revelam detalhes; edital iminente\"}]},{\"@type\":\"WebSite\",\"@id\":\"https:\/\/www.estrategiaconcursos.com.br\/blog\/#website\",\"url\":\"https:\/\/www.estrategiaconcursos.com.br\/blog\/\",\"name\":\"Estrat\u00e9gia Concursos\",\"description\":\"O blog da Estrat\u00e9gia Concursos traz not\u00edcias sobre concursos e artigos de professores oferecendo cursos para concursos (pdf + videaulas) no site.\",\"publisher\":{\"@id\":\"https:\/\/www.estrategiaconcursos.com.br\/blog\/#organization\"},\"potentialAction\":[{\"@type\":\"SearchAction\",\"target\":{\"@type\":\"EntryPoint\",\"urlTemplate\":\"https:\/\/www.estrategiaconcursos.com.br\/blog\/?s={search_term_string}\"},\"query-input\":{\"@type\":\"PropertyValueSpecification\",\"valueRequired\":true,\"valueName\":\"search_term_string\"}}],\"inLanguage\":\"pt-BR\"},{\"@type\":\"Organization\",\"@id\":\"https:\/\/www.estrategiaconcursos.com.br\/blog\/#organization\",\"name\":\"Estrat\u00e9gia Concursos\",\"url\":\"https:\/\/www.estrategiaconcursos.com.br\/blog\/\",\"logo\":{\"@type\":\"ImageObject\",\"inLanguage\":\"pt-BR\",\"@id\":\"https:\/\/www.estrategiaconcursos.com.br\/blog\/#\/schema\/logo\/image\/\",\"url\":\"https:\/\/dhg1h5j42swfq.cloudfront.net\/2025\/06\/03203428\/logo_concursos-1.jpg\",\"contentUrl\":\"https:\/\/dhg1h5j42swfq.cloudfront.net\/2025\/06\/03203428\/logo_concursos-1.jpg\",\"width\":230,\"height\":60,\"caption\":\"Estrat\u00e9gia Concursos\"},\"image\":{\"@id\":\"https:\/\/www.estrategiaconcursos.com.br\/blog\/#\/schema\/logo\/image\/\"},\"sameAs\":[\"https:\/\/x.com\/EstratConcursos\"]},{\"@type\":\"Person\",\"@id\":\"https:\/\/www.estrategiaconcursos.com.br\/blog\/#\/schema\/person\/cc9e76173880338ce9f656c88664a1f6\",\"name\":\"Diogo Mendes\",\"image\":{\"@type\":\"ImageObject\",\"inLanguage\":\"pt-BR\",\"@id\":\"https:\/\/secure.gravatar.com\/avatar\/9754d6777d460a45ef4067b586b94c32005cc2345a0404b8d96adc620cf63806?s=96&d=mm&r=g\",\"url\":\"https:\/\/secure.gravatar.com\/avatar\/9754d6777d460a45ef4067b586b94c32005cc2345a0404b8d96adc620cf63806?s=96&d=mm&r=g\",\"contentUrl\":\"https:\/\/secure.gravatar.com\/avatar\/9754d6777d460a45ef4067b586b94c32005cc2345a0404b8d96adc620cf63806?s=96&d=mm&r=g\",\"caption\":\"Diogo Mendes\"},\"description\":\"Diogo Mendes \u00e9 jornalista formado pela Universidade Paulista, com experi\u00eancia em reda\u00e7\u00f5es de diversos ve\u00edculos e na produ\u00e7\u00e3o de conte\u00fados especializados em concursos p\u00fablicos. Desde 2019, atua no Estrat\u00e9gia Concursos como Jornalista e Analista de Conte\u00fado, com foco na apura\u00e7\u00e3o de informa\u00e7\u00f5es junto a \u00f3rg\u00e3os e fontes oficiais. Dedica-se especialmente \u00e0 produ\u00e7\u00e3o de not\u00edcias e reportagens sobre Concursos Legislativos, al\u00e9m de acompanhar diariamente os concursos policiais, banc\u00e1rios e da \u00e1rea da sa\u00fade.\",\"url\":\"https:\/\/www.estrategiaconcursos.com.br\/blog\/author\/diogo-mendesestrategiaconcursos-com-br\/\"}]}<\/script>\n<!-- \/ Yoast SEO Premium plugin. -->","yoast_head_json":{"title":"Concurso PM ES: documentos revelam detalhes; edital iminente","description":"Novos detalhes do concurso PM ES 2026 s\u00e3o revelados no termo de refer\u00eancia e no estudo t\u00e9cnico preliminar. Confira!","robots":{"index":"index","follow":"follow","max-snippet":"max-snippet:-1","max-image-preview":"max-image-preview:large","max-video-preview":"max-video-preview:-1"},"canonical":"https:\/\/www.estrategiaconcursos.com.br\/blog\/concurso-pm-es-2026-detalhes-edital\/","og_locale":"pt_BR","og_type":"article","og_title":"Concurso PM ES: documentos revelam detalhes; edital iminente","og_description":"Novos detalhes do concurso PM ES 2026 s\u00e3o revelados no termo de refer\u00eancia e no estudo t\u00e9cnico preliminar. Confira!","og_url":"https:\/\/www.estrategiaconcursos.com.br\/blog\/concurso-pm-es-2026-detalhes-edital\/","og_site_name":"Estrat\u00e9gia Concursos","article_published_time":"2026-03-10T18:33:59+00:00","article_modified_time":"2026-03-18T11:23:07+00:00","og_image":[{"width":768,"height":432,"url":"https:\/\/dhg1h5j42swfq.cloudfront.net\/2021\/08\/17104115\/pm-es.jpeg","type":"image\/jpeg"}],"author":"Diogo Mendes","twitter_card":"summary_large_image","twitter_creator":"@EstratConcursos","twitter_site":"@EstratConcursos","twitter_misc":{"Escrito por":"Diogo Mendes","Est. tempo de leitura":"3 minutos"},"schema":{"@context":"https:\/\/schema.org","@graph":[{"@type":"NewsArticle","@id":"https:\/\/www.estrategiaconcursos.com.br\/blog\/concurso-pm-es-2026-detalhes-edital\/#article","isPartOf":{"@id":"https:\/\/www.estrategiaconcursos.com.br\/blog\/concurso-pm-es-2026-detalhes-edital\/"},"author":{"name":"Diogo Mendes","@id":"https:\/\/www.estrategiaconcursos.com.br\/blog\/#\/schema\/person\/cc9e76173880338ce9f656c88664a1f6"},"headline":"Concurso PM ES: documentos revelam detalhes; edital iminente","datePublished":"2026-03-10T18:33:59+00:00","dateModified":"2026-03-18T11:23:07+00:00","mainEntityOfPage":{"@id":"https:\/\/www.estrategiaconcursos.com.br\/blog\/concurso-pm-es-2026-detalhes-edital\/"},"wordCount":540,"commentCount":0,"publisher":{"@id":"https:\/\/www.estrategiaconcursos.com.br\/blog\/#organization"},"image":{"@id":"https:\/\/www.estrategiaconcursos.com.br\/blog\/concurso-pm-es-2026-detalhes-edital\/#primaryimage"},"thumbnailUrl":"https:\/\/dhg1h5j42swfq.cloudfront.net\/2021\/08\/17104115\/pm-es.jpeg","articleSection":["Policial (PM\/BM - Pra\u00e7as)","\u00daltimas not\u00edcias"],"inLanguage":"pt-BR","potentialAction":[{"@type":"CommentAction","name":"Comment","target":["https:\/\/www.estrategiaconcursos.com.br\/blog\/concurso-pm-es-2026-detalhes-edital\/#respond"]}],"copyrightYear":"2026","copyrightHolder":{"@id":"https:\/\/www.estrategiaconcursos.com.br\/blog\/#organization"}},{"@type":"WebPage","@id":"https:\/\/www.estrategiaconcursos.com.br\/blog\/concurso-pm-es-2026-detalhes-edital\/","url":"https:\/\/www.estrategiaconcursos.com.br\/blog\/concurso-pm-es-2026-detalhes-edital\/","name":"Concurso PM ES: documentos revelam detalhes; edital iminente","isPartOf":{"@id":"https:\/\/www.estrategiaconcursos.com.br\/blog\/#website"},"primaryImageOfPage":{"@id":"https:\/\/www.estrategiaconcursos.com.br\/blog\/concurso-pm-es-2026-detalhes-edital\/#primaryimage"},"image":{"@id":"https:\/\/www.estrategiaconcursos.com.br\/blog\/concurso-pm-es-2026-detalhes-edital\/#primaryimage"},"thumbnailUrl":"https:\/\/dhg1h5j42swfq.cloudfront.net\/2021\/08\/17104115\/pm-es.jpeg","datePublished":"2026-03-10T18:33:59+00:00","dateModified":"2026-03-18T11:23:07+00:00","description":"Novos detalhes do concurso PM ES 2026 s\u00e3o revelados no termo de refer\u00eancia e no estudo t\u00e9cnico preliminar. Confira!","breadcrumb":{"@id":"https:\/\/www.estrategiaconcursos.com.br\/blog\/concurso-pm-es-2026-detalhes-edital\/#breadcrumb"},"inLanguage":"pt-BR","potentialAction":[{"@type":"ReadAction","target":["https:\/\/www.estrategiaconcursos.com.br\/blog\/concurso-pm-es-2026-detalhes-edital\/"]}]},{"@type":"ImageObject","inLanguage":"pt-BR","@id":"https:\/\/www.estrategiaconcursos.com.br\/blog\/concurso-pm-es-2026-detalhes-edital\/#primaryimage","url":"https:\/\/dhg1h5j42swfq.cloudfront.net\/2021\/08\/17104115\/pm-es.jpeg","contentUrl":"https:\/\/dhg1h5j42swfq.cloudfront.net\/2021\/08\/17104115\/pm-es.jpeg","width":768,"height":432,"caption":"concurso PM ES"},{"@type":"BreadcrumbList","@id":"https:\/\/www.estrategiaconcursos.com.br\/blog\/concurso-pm-es-2026-detalhes-edital\/#breadcrumb","itemListElement":[{"@type":"ListItem","position":1,"name":"In\u00edcio","item":"https:\/\/www.estrategiaconcursos.com.br\/blog\/"},{"@type":"ListItem","position":2,"name":"Concurso PM ES: documentos revelam detalhes; edital iminente"}]},{"@type":"WebSite","@id":"https:\/\/www.estrategiaconcursos.com.br\/blog\/#website","url":"https:\/\/www.estrategiaconcursos.com.br\/blog\/","name":"Estrat\u00e9gia Concursos","description":"O blog da Estrat\u00e9gia Concursos traz not\u00edcias sobre concursos e artigos de professores oferecendo cursos para concursos (pdf + videaulas) no site.","publisher":{"@id":"https:\/\/www.estrategiaconcursos.com.br\/blog\/#organization"},"potentialAction":[{"@type":"SearchAction","target":{"@type":"EntryPoint","urlTemplate":"https:\/\/www.estrategiaconcursos.com.br\/blog\/?s={search_term_string}"},"query-input":{"@type":"PropertyValueSpecification","valueRequired":true,"valueName":"search_term_string"}}],"inLanguage":"pt-BR"},{"@type":"Organization","@id":"https:\/\/www.estrategiaconcursos.com.br\/blog\/#organization","name":"Estrat\u00e9gia Concursos","url":"https:\/\/www.estrategiaconcursos.com.br\/blog\/","logo":{"@type":"ImageObject","inLanguage":"pt-BR","@id":"https:\/\/www.estrategiaconcursos.com.br\/blog\/#\/schema\/logo\/image\/","url":"https:\/\/dhg1h5j42swfq.cloudfront.net\/2025\/06\/03203428\/logo_concursos-1.jpg","contentUrl":"https:\/\/dhg1h5j42swfq.cloudfront.net\/2025\/06\/03203428\/logo_concursos-1.jpg","width":230,"height":60,"caption":"Estrat\u00e9gia Concursos"},"image":{"@id":"https:\/\/www.estrategiaconcursos.com.br\/blog\/#\/schema\/logo\/image\/"},"sameAs":["https:\/\/x.com\/EstratConcursos"]},{"@type":"Person","@id":"https:\/\/www.estrategiaconcursos.com.br\/blog\/#\/schema\/person\/cc9e76173880338ce9f656c88664a1f6","name":"Diogo Mendes","image":{"@type":"ImageObject","inLanguage":"pt-BR","@id":"https:\/\/secure.gravatar.com\/avatar\/9754d6777d460a45ef4067b586b94c32005cc2345a0404b8d96adc620cf63806?s=96&d=mm&r=g","url":"https:\/\/secure.gravatar.com\/avatar\/9754d6777d460a45ef4067b586b94c32005cc2345a0404b8d96adc620cf63806?s=96&d=mm&r=g","contentUrl":"https:\/\/secure.gravatar.com\/avatar\/9754d6777d460a45ef4067b586b94c32005cc2345a0404b8d96adc620cf63806?s=96&d=mm&r=g","caption":"Diogo Mendes"},"description":"Diogo Mendes \u00e9 jornalista formado pela Universidade Paulista, com experi\u00eancia em reda\u00e7\u00f5es de diversos ve\u00edculos e na produ\u00e7\u00e3o de conte\u00fados especializados em concursos p\u00fablicos. Desde 2019, atua no Estrat\u00e9gia Concursos como Jornalista e Analista de Conte\u00fado, com foco na apura\u00e7\u00e3o de informa\u00e7\u00f5es junto a \u00f3rg\u00e3os e fontes oficiais. Dedica-se especialmente \u00e0 produ\u00e7\u00e3o de not\u00edcias e reportagens sobre Concursos Legislativos, al\u00e9m de acompanhar diariamente os concursos policiais, banc\u00e1rios e da \u00e1rea da sa\u00fade.","url":"https:\/\/www.estrategiaconcursos.com.br\/blog\/author\/diogo-mendesestrategiaconcursos-com-br\/"}]}},"_links":{"self":[{"href":"https:\/\/www.estrategiaconcursos.com.br\/blog\/wp-json\/wp\/v2\/posts\/1729250","targetHints":{"allow":["GET"]}}],"collection":[{"href":"https:\/\/www.estrategiaconcursos.com.br\/blog\/wp-json\/wp\/v2\/posts"}],"about":[{"href":"https:\/\/www.estrategiaconcursos.com.br\/blog\/wp-json\/wp\/v2\/types\/post"}],"author":[{"embeddable":true,"href":"https:\/\/www.estrategiaconcursos.com.br\/blog\/wp-json\/wp\/v2\/users\/1483"}],"replies":[{"embeddable":true,"href":"https:\/\/www.estrategiaconcursos.com.br\/blog\/wp-json\/wp\/v2\/comments?post=1729250"}],"version-history":[{"count":5,"href":"https:\/\/www.estrategiaconcursos.com.br\/blog\/wp-json\/wp\/v2\/posts\/1729250\/revisions"}],"predecessor-version":[{"id":1738383,"href":"https:\/\/www.estrategiaconcursos.com.br\/blog\/wp-json\/wp\/v2\/posts\/1729250\/revisions\/1738383"}],"wp:featuredmedia":[{"embeddable":true,"href":"https:\/\/www.estrategiaconcursos.com.br\/blog\/wp-json\/wp\/v2\/media\/838260"}],"wp:attachment":[{"href":"https:\/\/www.estrategiaconcursos.com.br\/blog\/wp-json\/wp\/v2\/media?parent=1729250"}],"wp:term":[{"taxonomy":"category","embeddable":true,"href":"https:\/\/www.estrategiaconcursos.com.br\/blog\/wp-json\/wp\/v2\/categories?post=1729250"},{"taxonomy":"post_tag","embeddable":true,"href":"https:\/\/www.estrategiaconcursos.com.br\/blog\/wp-json\/wp\/v2\/tags?post=1729250"},{"taxonomy":"tax_estado","embeddable":true,"href":"https:\/\/www.estrategiaconcursos.com.br\/blog\/wp-json\/wp\/v2\/tax_estado?post=1729250"}],"curies":[{"name":"wp","href":"https:\/\/api.w.org\/{rel}","templated":true}]}}