{"id":1728900,"date":"2026-03-10T11:58:37","date_gmt":"2026-03-10T14:58:37","guid":{"rendered":"https:\/\/www.estrategiaconcursos.com.br\/blog\/?p=1728900"},"modified":"2026-03-10T14:59:59","modified_gmt":"2026-03-10T17:59:59","slug":"concurso-prefeitura-ouro-verde-do-oeste","status":"publish","type":"post","link":"https:\/\/www.estrategiaconcursos.com.br\/blog\/concurso-prefeitura-ouro-verde-do-oeste\/","title":{"rendered":"Concurso Ouro Verde do Oeste: dois editais!"},"content":{"rendered":"\n<p>Foram publicados dois editais de <strong>concurso p\u00fablico da<\/strong> <strong>Prefeitura de Ouro Verde do Oeste<\/strong>, munic\u00edpio do Paran\u00e1.<\/p>\n\n\n\n<p>S\u00e3o<strong> 46 vagas<\/strong> imediatas mais forma\u00e7\u00e3o de cadastro reserva para diversos cargos e escolaridade. O sal\u00e1rio inicial pode chegar a R$ 14 mil!<\/p>\n\n\n\n<p>As inscri\u00e7\u00f5es podem ser feitas <strong>at\u00e9 o dia 9 de abril<\/strong>, pelo site da banca organizadora. A taxa de inscri\u00e7\u00e3o custa R$ 60,00 (fundamental), R$ 80,00 (m\u00e9dio e t\u00e9cnico) e R$ 120,00 (superior).<\/p>\n\n\n\n<p>As provas objetivas est\u00e3o previstas para serem aplicadas no dia<strong> 3 de maio<\/strong>. Alguns cargos enfrentar\u00e3o outras etapas, posteriormente.<\/p>\n\n\n\n<ul class=\"wp-block-list has-very-light-gray-to-cyan-bluish-gray-gradient-background has-background\">\n<li><strong>Prefeitura Municipal de Ouro Verde do Oeste <\/strong><\/li>\n\n\n\n<li><strong>Status:<\/strong> inscri\u00e7\u00f5es abertas at\u00e9 09\/04<\/li>\n\n\n\n<li><strong>Banca:<\/strong> <a href=\"https:\/\/www.fundacaofafipa.org.br\/informacoes\/4153\/\" target=\"_blank\" rel=\"noreferrer noopener\">Fafipa<\/a><\/li>\n\n\n\n<li><strong>Vagas:<\/strong> 46 + CR<\/li>\n\n\n\n<li><strong>Sal\u00e1rio inicial:<\/strong> R$ 1.780,78 a R$ 14.358,87<\/li>\n\n\n\n<li><strong>Edital:<\/strong> <a href=\"https:\/\/dhg1h5j42swfq.cloudfront.net\/2026\/03\/10115421\/1-edital.pdf\" target=\"_blank\" rel=\"noreferrer noopener nofollow\">edital 1<\/a> &#8211; <a href=\"https:\/\/dhg1h5j42swfq.cloudfront.net\/2026\/03\/10115416\/2-edital.pdf\" target=\"_blank\" rel=\"noreferrer noopener nofollow\">edital 2<\/a><\/li>\n<\/ul>\n\n\n\n<p>Ao longo deste artigo, reunimos as principais informa\u00e7\u00f5es sobre o concurso Prefeitura de Ouro Verde do Oeste:<\/p>\n\n\n\n<ul id=\"indice\" class=\"wp-block-list\">\n<li><strong><a href=\"#retificacoes\">Datas<\/a><\/strong><\/li>\n\n\n\n<li><a href=\"#vaga\"><strong>Cargos e vagas<\/strong><\/a><\/li>\n\n\n\n<li><a href=\"#etapa\"><strong>Etapas do concurso<\/strong><\/a><\/li>\n\n\n\n<li><a href=\"#curso\"><strong>Cursos e Assinaturas<\/strong><\/a><\/li>\n\n\n\n<li><a href=\"#ficha\"><strong>Ficha T\u00e9cnica<\/strong><\/a><\/li>\n<\/ul>\n\n\n\n<div class=\"container\" id=\"boxes\">\n  <div class=\"row\">\n\n    <div class=\"col-sm\">\n      <div class=\"banner-prefeituras-ec\" id=\"box-assinatura\">\n        <h2 class=\"titulo-assinatura\" style=\"text-align: left;\">Concursos Prefeituras<\/h2>\n        <p class=\"subtitulo-assinatura\" style=\"text-align: left;\">Prepara\u00e7\u00e3o completa para a carreira!<\/p>\n        <div class=\"box-botao\" style=\"text-align: left;\">\n          <a class=\"btn-assinatura\" target=\"_blank\" href=\"https:\/\/www.estrategiaconcursos.com.br\/pesquisa\/?q=prefeitura+Ouro+Verde+do+Oeste\" role=\"button\" rel=\"noopener noreferrer\">EXPLORAR CURSOS<\/a>\n        <\/div>\n      <\/div><\/div><\/div><\/div>\n\n\n\n<h2 class=\"wp-block-heading\" id=\"retificacoes\">Concurso Ouro Verde do Oeste: datas<\/h2>\n\n\n\n<ul class=\"wp-block-list\">\n<li><strong>Inscri\u00e7\u00f5es:<\/strong> 10 de mar\u00e7o a 09 de abril<\/li>\n\n\n\n<li><strong>Isen\u00e7\u00e3o: <\/strong>10 a 14 de mar\u00e7o<\/li>\n\n\n\n<li><strong>Prova: <\/strong>3 de maio<\/li>\n<\/ul>\n\n\n\n<h2 class=\"wp-block-heading\" id=\"vaga\">Concurso Ouro Verde do Oeste: sobre os cargos<\/h2>\n\n\n\n<p>Edital 1<\/p>\n\n\n\n<figure class=\"wp-block-table is-style-stripes\"><table class=\"has-fixed-layout\"><thead><tr><th class=\"has-text-align-center\" data-align=\"center\">Cargo<\/th><th class=\"has-text-align-center\" data-align=\"center\">Requisito<\/th><th class=\"has-text-align-center\" data-align=\"center\">AC<\/th><th class=\"has-text-align-center\" data-align=\"center\">Vencimento<\/th><\/tr><\/thead><tbody><tr><td class=\"has-text-align-center\" data-align=\"center\">Gari<\/td><td class=\"has-text-align-center\" data-align=\"center\">Ensino fundamental completo<\/td><td class=\"has-text-align-center\" data-align=\"center\">CR<\/td><td class=\"has-text-align-center\" data-align=\"center\">R$ 1.780,78<\/td><\/tr><tr><td class=\"has-text-align-center\" data-align=\"center\">Zelador<\/td><td class=\"has-text-align-center\" data-align=\"center\">Ensino fundamental completo<\/td><td class=\"has-text-align-center\" data-align=\"center\">02<\/td><td class=\"has-text-align-center\" data-align=\"center\">R$ 1.780,78<\/td><\/tr><tr><td class=\"has-text-align-center\" data-align=\"center\">Agente de Apoio<\/td><td class=\"has-text-align-center\" data-align=\"center\">Ensino m\u00e9dio completo<\/td><td class=\"has-text-align-center\" data-align=\"center\">05<\/td><td class=\"has-text-align-center\" data-align=\"center\">R$ 2.118,23<\/td><\/tr><tr><td class=\"has-text-align-center\" data-align=\"center\">Assistente Administrativo<\/td><td class=\"has-text-align-center\" data-align=\"center\">Ensino m\u00e9dio completo<\/td><td class=\"has-text-align-center\" data-align=\"center\">01<\/td><td class=\"has-text-align-center\" data-align=\"center\">R$ 3.374,15<\/td><\/tr><tr><td class=\"has-text-align-center\" data-align=\"center\">Cuidador Social<\/td><td class=\"has-text-align-center\" data-align=\"center\">Ensino m\u00e9dio completo<\/td><td class=\"has-text-align-center\" data-align=\"center\">01<\/td><td class=\"has-text-align-center\" data-align=\"center\">R$ 2.249,43<\/td><\/tr><tr><td class=\"has-text-align-center\" data-align=\"center\">T\u00e9cnico em Enfermagem<\/td><td class=\"has-text-align-center\" data-align=\"center\">Curso T\u00e9cnico em Enfermagem + 1 ano de experi\u00eancia<\/td><td class=\"has-text-align-center\" data-align=\"center\">CR<\/td><td class=\"has-text-align-center\" data-align=\"center\">R$ 3.374,15<\/td><\/tr><tr><td class=\"has-text-align-center\" data-align=\"center\">T\u00e9cnico em Seguran\u00e7a do Trabalho<\/td><td class=\"has-text-align-center\" data-align=\"center\">T\u00e9cnico em Seguran\u00e7a do Trabalho + registro no conselho + 1 ano de experi\u00eancia<\/td><td class=\"has-text-align-center\" data-align=\"center\">01<\/td><td class=\"has-text-align-center\" data-align=\"center\">R$ 3.374,15<\/td><\/tr><tr><td class=\"has-text-align-center\" data-align=\"center\">Assistente Social<\/td><td class=\"has-text-align-center\" data-align=\"center\">Superior em Servi\u00e7o Social + registro no conselho<\/td><td class=\"has-text-align-center\" data-align=\"center\">CR<\/td><td class=\"has-text-align-center\" data-align=\"center\">R$ 4.217,69<\/td><\/tr><tr><td class=\"has-text-align-center\" data-align=\"center\">Enfermeiro<\/td><td class=\"has-text-align-center\" data-align=\"center\">Superior em Enfermagem + registro no conselho<\/td><td class=\"has-text-align-center\" data-align=\"center\">06<\/td><td class=\"has-text-align-center\" data-align=\"center\">R$ 4.498,85<\/td><\/tr><tr><td class=\"has-text-align-center\" data-align=\"center\">Farmac\u00eautico<\/td><td class=\"has-text-align-center\" data-align=\"center\">Superior em Farm\u00e1cia + registro no conselho<\/td><td class=\"has-text-align-center\" data-align=\"center\">CR<\/td><td class=\"has-text-align-center\" data-align=\"center\">R$ 4.498,85<\/td><\/tr><tr><td class=\"has-text-align-center\" data-align=\"center\">Fiscal de Tributos<\/td><td class=\"has-text-align-center\" data-align=\"center\">Bacharelado em Cont\u00e1beis, Economia, Direito ou Administra\u00e7\u00e3o<\/td><td class=\"has-text-align-center\" data-align=\"center\">01<\/td><td class=\"has-text-align-center\" data-align=\"center\">R$ 4.498,85<\/td><\/tr><tr><td class=\"has-text-align-center\" data-align=\"center\">Fonoaudi\u00f3logo<\/td><td class=\"has-text-align-center\" data-align=\"center\">Superior em Fonoaudiologia + registro no conselho<\/td><td class=\"has-text-align-center\" data-align=\"center\">01<\/td><td class=\"has-text-align-center\" data-align=\"center\">R$ 4.498,85<\/td><\/tr><tr><td class=\"has-text-align-center\" data-align=\"center\">M\u00e9dico Cl\u00ednico Geral<\/td><td class=\"has-text-align-center\" data-align=\"center\">Superior em Medicina + registro no conselho<\/td><td class=\"has-text-align-center\" data-align=\"center\">CR<\/td><td class=\"has-text-align-center\" data-align=\"center\">R$ 12.184,44<\/td><\/tr><tr><td class=\"has-text-align-center\" data-align=\"center\">M\u00e9dico Ginecologista<\/td><td class=\"has-text-align-center\" data-align=\"center\">Medicina + especializa\u00e7\u00e3o em Ginecologia + registro<\/td><td class=\"has-text-align-center\" data-align=\"center\">CR<\/td><td class=\"has-text-align-center\" data-align=\"center\">R$ 14.358,87<\/td><\/tr><tr><td class=\"has-text-align-center\" data-align=\"center\">M\u00e9dico Pediatra<\/td><td class=\"has-text-align-center\" data-align=\"center\">Medicina + especializa\u00e7\u00e3o em Pediatria + registro<\/td><td class=\"has-text-align-center\" data-align=\"center\">CR<\/td><td class=\"has-text-align-center\" data-align=\"center\">R$ 14.358,87<\/td><\/tr><tr><td class=\"has-text-align-center\" data-align=\"center\">M\u00e9dico Veterin\u00e1rio<\/td><td class=\"has-text-align-center\" data-align=\"center\">Superior em Medicina Veterin\u00e1ria + registro<\/td><td class=\"has-text-align-center\" data-align=\"center\">01<\/td><td class=\"has-text-align-center\" data-align=\"center\">R$ 4.498,85<\/td><\/tr><tr><td class=\"has-text-align-center\" data-align=\"center\">Nutricionista<\/td><td class=\"has-text-align-center\" data-align=\"center\">Superior em Nutri\u00e7\u00e3o + registro<\/td><td class=\"has-text-align-center\" data-align=\"center\">01<\/td><td class=\"has-text-align-center\" data-align=\"center\">R$ 4.498,85<\/td><\/tr><tr><td class=\"has-text-align-center\" data-align=\"center\">Professor de L\u00edngua Estrangeira<\/td><td class=\"has-text-align-center\" data-align=\"center\">Superior em Ingl\u00eas ou Letras + especializa\u00e7\u00e3o em ingl\u00eas<\/td><td class=\"has-text-align-center\" data-align=\"center\">01<\/td><td class=\"has-text-align-center\" data-align=\"center\">R$ 5.131,07<\/td><\/tr><tr><td class=\"has-text-align-center\" data-align=\"center\">Professor T-20<\/td><td class=\"has-text-align-center\" data-align=\"center\">Superior em Pedagogia reconhecido pelo MEC<\/td><td class=\"has-text-align-center\" data-align=\"center\">08<\/td><td class=\"has-text-align-center\" data-align=\"center\">R$ 2.565,54<\/td><\/tr><tr><td class=\"has-text-align-center\" data-align=\"center\">Professor T-40<\/td><td class=\"has-text-align-center\" data-align=\"center\">Superior em Pedagogia reconhecido pelo MEC<\/td><td class=\"has-text-align-center\" data-align=\"center\">06<\/td><td class=\"has-text-align-center\" data-align=\"center\">R$ 5.131,07<\/td><\/tr><tr><td class=\"has-text-align-center\" data-align=\"center\">Psic\u00f3logo<\/td><td class=\"has-text-align-center\" data-align=\"center\">Superior em Psicologia + registro no conselho<\/td><td class=\"has-text-align-center\" data-align=\"center\">01<\/td><td class=\"has-text-align-center\" data-align=\"center\">R$ 4.498,85<\/td><\/tr><tr><td class=\"has-text-align-center\" data-align=\"center\">Professor Psicopedagogo<\/td><td class=\"has-text-align-center\" data-align=\"center\">Pedagogia + especializa\u00e7\u00e3o ou licenciatura em Psicopedagogia<\/td><td class=\"has-text-align-center\" data-align=\"center\">01<\/td><td class=\"has-text-align-center\" data-align=\"center\">R$ 5.131,07<\/td><\/tr><\/tbody><\/table><\/figure>\n\n\n\n<p>Edital 2<\/p>\n\n\n\n<figure class=\"wp-block-table is-style-stripes\"><table class=\"has-fixed-layout\"><thead><tr><th class=\"has-text-align-center\" data-align=\"center\">Cargo<\/th><th class=\"has-text-align-center\" data-align=\"center\">Requisito<\/th><th class=\"has-text-align-center\" data-align=\"center\">AC<\/th><th class=\"has-text-align-center\" data-align=\"center\">Vencimento<\/th><\/tr><\/thead><tbody><tr><td class=\"has-text-align-center\" data-align=\"center\">Auxiliar de Servi\u00e7os Gerais<\/td><td class=\"has-text-align-center\" data-align=\"center\">Ensino fundamental completo<\/td><td class=\"has-text-align-center\" data-align=\"center\">01<\/td><td class=\"has-text-align-center\" data-align=\"center\">R$ 1.780,78<\/td><\/tr><tr><td class=\"has-text-align-center\" data-align=\"center\">Cozinheiro<\/td><td class=\"has-text-align-center\" data-align=\"center\">Ensino fundamental completo<\/td><td class=\"has-text-align-center\" data-align=\"center\">01<\/td><td class=\"has-text-align-center\" data-align=\"center\">R$ 2.155,70<\/td><\/tr><tr><td class=\"has-text-align-center\" data-align=\"center\">Coveiro<\/td><td class=\"has-text-align-center\" data-align=\"center\">Ensino fundamental completo<\/td><td class=\"has-text-align-center\" data-align=\"center\">CR<\/td><td class=\"has-text-align-center\" data-align=\"center\">R$ 1.874,52<\/td><\/tr><tr><td class=\"has-text-align-center\" data-align=\"center\">Lavador\/Lubrificador<\/td><td class=\"has-text-align-center\" data-align=\"center\">Ensino fundamental completo<\/td><td class=\"has-text-align-center\" data-align=\"center\">CR<\/td><td class=\"has-text-align-center\" data-align=\"center\">R$ 1.968,24<\/td><\/tr><tr><td class=\"has-text-align-center\" data-align=\"center\">Motorista<\/td><td class=\"has-text-align-center\" data-align=\"center\">Ensino fundamental completo + CNH categoria D<\/td><td class=\"has-text-align-center\" data-align=\"center\">03<\/td><td class=\"has-text-align-center\" data-align=\"center\">R$ 2.436,87<\/td><\/tr><tr><td class=\"has-text-align-center\" data-align=\"center\">Pedreiro<\/td><td class=\"has-text-align-center\" data-align=\"center\">Ensino fundamental completo<\/td><td class=\"has-text-align-center\" data-align=\"center\">01<\/td><td class=\"has-text-align-center\" data-align=\"center\">R$ 2.450,00<\/td><\/tr><tr><td class=\"has-text-align-center\" data-align=\"center\">Tratorista<\/td><td class=\"has-text-align-center\" data-align=\"center\">Ensino fundamental completo + CNH categoria C ou superior<\/td><td class=\"has-text-align-center\" data-align=\"center\">01<\/td><td class=\"has-text-align-center\" data-align=\"center\">R$ 2.811,78<\/td><\/tr><tr><td class=\"has-text-align-center\" data-align=\"center\">Vigia<\/td><td class=\"has-text-align-center\" data-align=\"center\">Ensino fundamental completo<\/td><td class=\"has-text-align-center\" data-align=\"center\">CR<\/td><td class=\"has-text-align-center\" data-align=\"center\">R$ 1.780,78<\/td><\/tr><tr><td class=\"has-text-align-center\" data-align=\"center\">Agente Comunit\u00e1rio de Sa\u00fade<\/td><td class=\"has-text-align-center\" data-align=\"center\">Ensino m\u00e9dio completo e residir na \u00e1rea da comunidade ou microrregi\u00e3o em que atuar desde a data de abertura do edital<\/td><td class=\"has-text-align-center\" data-align=\"center\">CR<\/td><td class=\"has-text-align-center\" data-align=\"center\">R$ 3.242,00<\/td><\/tr><tr><td class=\"has-text-align-center\" data-align=\"center\">Agente de Combate \u00e0s Endemias<\/td><td class=\"has-text-align-center\" data-align=\"center\">Ensino m\u00e9dio completo<\/td><td class=\"has-text-align-center\" data-align=\"center\">CR<\/td><td class=\"has-text-align-center\" data-align=\"center\">R$ 3.242,00<\/td><\/tr><tr><td class=\"has-text-align-center\" data-align=\"center\">Auxiliar de Consult\u00f3rio Dent\u00e1rio<\/td><td class=\"has-text-align-center\" data-align=\"center\">Ensino m\u00e9dio completo + curso de qualifica\u00e7\u00e3o de Auxiliar de Consult\u00f3rio Dent\u00e1rio ou T\u00e9cnico em Sa\u00fade Bucal + registro no conselho<\/td><td class=\"has-text-align-center\" data-align=\"center\">CR<\/td><td class=\"has-text-align-center\" data-align=\"center\">R$ 2.249,43<\/td><\/tr><tr><td class=\"has-text-align-center\" data-align=\"center\">Eletricista<\/td><td class=\"has-text-align-center\" data-align=\"center\">Ensino m\u00e9dio completo + curso t\u00e9cnico de eletricista + experi\u00eancia m\u00ednima de 6 meses<\/td><td class=\"has-text-align-center\" data-align=\"center\">CR<\/td><td class=\"has-text-align-center\" data-align=\"center\">R$ 3.374,15<\/td><\/tr><tr><td class=\"has-text-align-center\" data-align=\"center\">Fiscal de Obras e Posturas<\/td><td class=\"has-text-align-center\" data-align=\"center\">Ensino m\u00e9dio completo + curso t\u00e9cnico em Edifica\u00e7\u00f5es + registro no conselho<\/td><td class=\"has-text-align-center\" data-align=\"center\">CR<\/td><td class=\"has-text-align-center\" data-align=\"center\">R$ 2.849,28<\/td><\/tr><tr><td class=\"has-text-align-center\" data-align=\"center\">Operador de M\u00e1quinas Pesadas<\/td><td class=\"has-text-align-center\" data-align=\"center\">Ensino m\u00e9dio completo + CNH categoria C ou superior<\/td><td class=\"has-text-align-center\" data-align=\"center\">02<\/td><td class=\"has-text-align-center\" data-align=\"center\">R$ 3.374,15<\/td><\/tr><tr><td class=\"has-text-align-center\" data-align=\"center\">Orientador Social<\/td><td class=\"has-text-align-center\" data-align=\"center\">Ensino m\u00e9dio completo<\/td><td class=\"has-text-align-center\" data-align=\"center\">CR<\/td><td class=\"has-text-align-center\" data-align=\"center\">R$ 2.249,49<\/td><\/tr><tr><td class=\"has-text-align-center\" data-align=\"center\">T\u00e9cnico em Higiene Dental<\/td><td class=\"has-text-align-center\" data-align=\"center\">Ensino m\u00e9dio t\u00e9cnico em Higiene Dental ou equivalente + registro no conselho<\/td><td class=\"has-text-align-center\" data-align=\"center\">CR<\/td><td class=\"has-text-align-center\" data-align=\"center\">R$ 2.999,23<\/td><\/tr><tr><td class=\"has-text-align-center\" data-align=\"center\">Analista em Tecnologia da Informa\u00e7\u00e3o<\/td><td class=\"has-text-align-center\" data-align=\"center\">Ensino superior em Inform\u00e1tica, Sistemas de Informa\u00e7\u00e3o, Ci\u00eancia da Computa\u00e7\u00e3o ou Engenharia da Computa\u00e7\u00e3o<\/td><td class=\"has-text-align-center\" data-align=\"center\">CR<\/td><td class=\"has-text-align-center\" data-align=\"center\">R$ 4.498,85<\/td><\/tr><tr><td class=\"has-text-align-center\" data-align=\"center\">Arquiteto e Urbanista<\/td><td class=\"has-text-align-center\" data-align=\"center\">Ensino superior em Arquitetura + registro no conselho<\/td><td class=\"has-text-align-center\" data-align=\"center\">CR<\/td><td class=\"has-text-align-center\" data-align=\"center\">R$ 4.498,85<\/td><\/tr><tr><td class=\"has-text-align-center\" data-align=\"center\">Contador<\/td><td class=\"has-text-align-center\" data-align=\"center\">Ensino superior em Ci\u00eancias Cont\u00e1beis + registro no conselho + experi\u00eancia de 2 anos<\/td><td class=\"has-text-align-center\" data-align=\"center\">CR<\/td><td class=\"has-text-align-center\" data-align=\"center\">R$ 4.498,85<\/td><\/tr><tr><td class=\"has-text-align-center\" data-align=\"center\">Engenheiro Ambiental<\/td><td class=\"has-text-align-center\" data-align=\"center\">Ensino superior em Engenharia Ambiental + registro no conselho<\/td><td class=\"has-text-align-center\" data-align=\"center\">CR<\/td><td class=\"has-text-align-center\" data-align=\"center\">R$ 4.498,85<\/td><\/tr><tr><td class=\"has-text-align-center\" data-align=\"center\">Engenheiro Civil<\/td><td class=\"has-text-align-center\" data-align=\"center\">Ensino superior em Engenharia Civil + registro no conselho<\/td><td class=\"has-text-align-center\" data-align=\"center\">CR<\/td><td class=\"has-text-align-center\" data-align=\"center\">R$ 4.498,85<\/td><\/tr><tr><td class=\"has-text-align-center\" data-align=\"center\">Fisioterapeuta<\/td><td class=\"has-text-align-center\" data-align=\"center\">Ensino superior em Fisioterapia + registro no conselho<\/td><td class=\"has-text-align-center\" data-align=\"center\">CR<\/td><td class=\"has-text-align-center\" data-align=\"center\">R$ 4.498,85<\/td><\/tr><tr><td class=\"has-text-align-center\" data-align=\"center\">Terapeuta Ocupacional<\/td><td class=\"has-text-align-center\" data-align=\"center\">Ensino superior em Terapia Ocupacional + registro no conselho<\/td><td class=\"has-text-align-center\" data-align=\"center\">CR<\/td><td class=\"has-text-align-center\" data-align=\"center\">R$ 4.498,85<\/td><\/tr><\/tbody><\/table><\/figure>\n\n\n\n<h2 class=\"wp-block-heading\" id=\"etapa\">Concurso Ouro Verde do Oeste: etapas de avalia\u00e7\u00e3o<\/h2>\n\n\n\n<ul class=\"wp-block-list\">\n<li><strong>Prova objetiva (PO)<\/strong> de car\u00e1ter eliminat\u00f3rio e classificat\u00f3rio para todos os cargos;<\/li>\n\n\n\n<li><strong>Prova de t\u00edtulos (PT) <\/strong>de car\u00e1ter classificat\u00f3rio para os cargos de ASSISTENTE ADMINISTRATIVO, AGENTE DE APOIO, PROFESSOR DE L\u00cdNGUA ESTRANGEIRA e PROFESSOR T-20 e T-40;<\/li>\n\n\n\n<li><strong>Prova pr\u00e1tica (PP) <\/strong>de car\u00e1ter eliminat\u00f3rio e classificat\u00f3rio para os cargos de COVEIRO, COZINHEIRO, OPERADOR DE M\u00c1QUINAS PESADAS, PEDREIRO, MOTORISTA e TRATORISTA;<\/li>\n\n\n\n<li><strong>Teste de Aptid\u00e3o F\u00edsico (TAF)<\/strong> de car\u00e1ter eliminat\u00f3rio e classificat\u00f3rio para os cargos de AGENTE COMUNIT\u00c1RIO DE SA\u00daDE, AGENTE DE COMBATE \u00c0S ENDEMIAS, AUXILIAR DE SERVI\u00c7OS GERAIS e VIGIA.<\/li>\n<\/ul>\n\n\n\n<hr class=\"wp-block-separator has-css-opacity\"\/>\n\n\n\n<h2 class=\"wp-block-heading has-text-align-center\" id=\"curso\"><em>Confira nossos cursos e assinaturas:<\/em><\/h2>\n\n\n\n<div class=\"container\" id=\"boxes\">\n  <div class=\"row\">\n\n    <div class=\"col-sm\">\n      <div class=\"banner-prefeituras-ec\" id=\"box-assinatura\">\n        <h2 class=\"titulo-assinatura\" style=\"text-align: left;\">Concursos Prefeituras<\/h2>\n        <p class=\"subtitulo-assinatura\" style=\"text-align: left;\">Prepara\u00e7\u00e3o completa para a carreira!<\/p>\n        <div class=\"box-botao\" style=\"text-align: left;\">\n          <a class=\"btn-assinatura\" target=\"_blank\" href=\"https:\/\/www.estrategiaconcursos.com.br\/pesquisa\/?q=prefeitura+ouro+verde+oeste\" role=\"button\" rel=\"noopener noreferrer\">EXPLORAR CURSOS<\/a>\n        <\/div>\n      <\/div><\/div><\/div><\/div>\n\n\n\n<div class=\"container\" id=\"boxes\">\n  <div class=\"row\">\n\n    <div class=\"col-sm\">\n      <div class=\"estrategia\" id=\"box-assinatura\">\n        <h3 class=\"titulo-assinatura\">Assinatura Concursos<\/h3>\n        <p class=\"subtitulo-assinatura\">Assinatura de 1 ano ou 2 anos<\/p>\n        <div class=\"box-botao\">\n          <a class=\"btn-assinatura\" target=\"_blank\" href=\"https:\/\/www.estrategiaconcursos.com.br\/assinaturas\/\" role=\"button\" rel=\"noopener noreferrer\">ASSINE AGORA<\/a>\n        <\/div>\n      <\/div>\n     \n    <\/div><\/div><\/div>\n\n\n\n<h2 class=\"wp-block-heading has-text-align-center\" id=\"h-quer-saber-tudo-sobre-concursos-previstos-confira-nossos-artigos\">Quer saber tudo sobre concursos previstos?<br \/>Confira nossos artigos!<\/h2>\n\n\n\n<ul class=\"wp-block-list\">\n<li><a href=\"https:\/\/www.estrategiaconcursos.com.br\/blog\/concursos-abertos\/\" target=\"_blank\" rel=\"noreferrer noopener\">Concursos Abertos<\/a><\/li>\n\n\n\n<li><a href=\"https:\/\/www.estrategiaconcursos.com.br\/blog\/concursos-prefeituras\/\">Concursos Prefeituras<\/a><\/li>\n\n\n\n<li><a href=\"https:\/\/www.estrategiaconcursos.com.br\/blog\/concursos-2026\/\" target=\"_blank\" rel=\"noreferrer noopener\">Concursos 2026<\/a><\/li>\n<\/ul>\n\n\n\n<figure class=\"wp-block-image size-large is-resized\"><img loading=\"lazy\" decoding=\"async\" width=\"1024\" height=\"632\" src=\"https:\/\/dhg1h5j42swfq.cloudfront.net\/2021\/04\/05171352\/ficha-tecnica-33-1024x632.png\" alt=\"Informa\u00e7\u00f5es do Concurso Ouro Verde do Oeste\" class=\"wp-image-707823\" style=\"width:280px;height:auto\" srcset=\"https:\/\/dhg1h5j42swfq.cloudfront.net\/2021\/04\/05171352\/ficha-tecnica-33-1024x632.png 1024w, https:\/\/dhg1h5j42swfq.cloudfront.net\/2021\/04\/05171352\/ficha-tecnica-33-300x185.png 300w, https:\/\/dhg1h5j42swfq.cloudfront.net\/2021\/04\/05171352\/ficha-tecnica-33-768x474.png 768w, https:\/\/dhg1h5j42swfq.cloudfront.net\/2021\/04\/05171352\/ficha-tecnica-33-1536x948.png 1536w, https:\/\/dhg1h5j42swfq.cloudfront.net\/2021\/04\/05171352\/ficha-tecnica-33-610x377.png 610w, https:\/\/dhg1h5j42swfq.cloudfront.net\/2021\/04\/05171352\/ficha-tecnica-33.png 1571w\" sizes=\"auto, (max-width: 1024px) 100vw, 1024px\" \/><\/figure>\n\n\n\n<h3 class=\"wp-block-heading\" id=\"ficha\">Informa\u00e7\u00f5es do Concurso de Ouro Verde do Oeste<\/h3>\n\n\n\n<ul class=\"wp-block-list\">\n<li><strong>Data da prova<\/strong>: 03\/05\/2026<\/li>\n\n\n\n<li><strong>Banca:<\/strong> Fafipa<\/li>\n\n\n\n<li><strong>Vagas:<\/strong> 46 + CR<\/li>\n\n\n\n<li><strong>Cargo<\/strong>s: diversos<\/li>\n\n\n\n<li><strong>Escolaridade:<\/strong>\u00a0n\u00edvel fundamental, m\u00e9dio, t\u00e9cnico e superior<\/li>\n\n\n\n<li><strong>Edital:<\/strong> <a href=\"https:\/\/dhg1h5j42swfq.cloudfront.net\/2026\/03\/10115421\/1-edital.pdf\" target=\"_blank\" rel=\"noreferrer noopener nofollow\">edital 1<\/a> &#8211; <a href=\"https:\/\/dhg1h5j42swfq.cloudfront.net\/2026\/03\/10115416\/2-edital.pdf\" target=\"_blank\" rel=\"noreferrer noopener nofollow\">edital 2<\/a><\/li>\n<\/ul>\n","protected":false},"excerpt":{"rendered":"<p>Foram publicados dois editais de concurso p\u00fablico da Prefeitura de Ouro Verde do Oeste, munic\u00edpio do Paran\u00e1. S\u00e3o 46 vagas imediatas mais forma\u00e7\u00e3o de cadastro reserva para diversos cargos e escolaridade. O sal\u00e1rio inicial pode chegar a R$ 14 mil! As inscri\u00e7\u00f5es podem ser feitas at\u00e9 o dia 9 de abril, pelo site da banca [&hellip;]<\/p>\n","protected":false},"author":2991,"featured_media":1540739,"comment_status":"open","ping_status":"closed","sticky":false,"template":"","format":"standard","meta":{"post_tipo":"news_page","footnotes":""},"categories":[222278],"tags":[],"tax_estado":[219981],"class_list":["post-1728900","post","type-post","status-publish","format-standard","has-post-thumbnail","hentry","category-prefeituras","tax_estado-pr"],"acf":[],"yoast_head":"<!-- This site is optimized with the Yoast SEO Premium plugin v27.2 (Yoast SEO v27.2) - https:\/\/yoast.com\/product\/yoast-seo-premium-wordpress\/ -->\n<title>Concurso Ouro Verde do Oeste: dois editais!<\/title>\n<meta name=\"description\" content=\"Saiba aqui tudo sobre os dois editais de concurso p\u00fablico da Prefeitura de Ouro Verde do Oeste, no Paran\u00e1.\" \/>\n<meta name=\"robots\" content=\"index, follow, max-snippet:-1, max-image-preview:large, max-video-preview:-1\" \/>\n<link rel=\"canonical\" href=\"https:\/\/www.estrategiaconcursos.com.br\/blog\/concurso-prefeitura-ouro-verde-do-oeste\/\" \/>\n<meta property=\"og:locale\" content=\"pt_BR\" \/>\n<meta property=\"og:type\" content=\"article\" \/>\n<meta property=\"og:title\" content=\"Concurso Ouro Verde do Oeste: dois editais!\" \/>\n<meta property=\"og:description\" content=\"Saiba aqui tudo sobre os dois editais de concurso p\u00fablico da Prefeitura de Ouro Verde do Oeste, no Paran\u00e1.\" \/>\n<meta property=\"og:url\" content=\"https:\/\/www.estrategiaconcursos.com.br\/blog\/concurso-prefeitura-ouro-verde-do-oeste\/\" \/>\n<meta property=\"og:site_name\" content=\"Estrat\u00e9gia Concursos\" \/>\n<meta property=\"article:published_time\" content=\"2026-03-10T14:58:37+00:00\" \/>\n<meta property=\"article:modified_time\" content=\"2026-03-10T17:59:59+00:00\" \/>\n<meta property=\"og:image\" content=\"https:\/\/dhg1h5j42swfq.cloudfront.net\/2025\/03\/05201612\/concursos-prefeituras-1024x536-1.jpg\" \/>\n\t<meta property=\"og:image:width\" content=\"1024\" \/>\n\t<meta property=\"og:image:height\" content=\"536\" \/>\n\t<meta property=\"og:image:type\" content=\"image\/jpeg\" \/>\n<meta name=\"author\" content=\"Melmuara Thaiane Doneg\u00e1 C\u00e2ndido\" \/>\n<meta name=\"twitter:card\" content=\"summary_large_image\" \/>\n<meta name=\"twitter:creator\" content=\"@EstratConcursos\" \/>\n<meta name=\"twitter:site\" content=\"@EstratConcursos\" \/>\n<meta name=\"twitter:label1\" content=\"Escrito por\" \/>\n\t<meta name=\"twitter:data1\" content=\"Melmuara Thaiane Doneg\u00e1 C\u00e2ndido\" \/>\n\t<meta name=\"twitter:label2\" content=\"Est. tempo de leitura\" \/>\n\t<meta name=\"twitter:data2\" content=\"4 minutos\" \/>\n<script type=\"application\/ld+json\" class=\"yoast-schema-graph\">{\"@context\":\"https:\/\/schema.org\",\"@graph\":[{\"@type\":\"NewsArticle\",\"@id\":\"https:\/\/www.estrategiaconcursos.com.br\/blog\/concurso-prefeitura-ouro-verde-do-oeste\/#article\",\"isPartOf\":{\"@id\":\"https:\/\/www.estrategiaconcursos.com.br\/blog\/concurso-prefeitura-ouro-verde-do-oeste\/\"},\"author\":{\"name\":\"Melmuara Thaiane Doneg\u00e1 C\u00e2ndido\",\"@id\":\"https:\/\/www.estrategiaconcursos.com.br\/blog\/#\/schema\/person\/f33ffe5648e36a1ec7be14cb98aec31a\"},\"headline\":\"Concurso Ouro Verde do Oeste: dois editais!\",\"datePublished\":\"2026-03-10T14:58:37+00:00\",\"dateModified\":\"2026-03-10T17:59:59+00:00\",\"mainEntityOfPage\":{\"@id\":\"https:\/\/www.estrategiaconcursos.com.br\/blog\/concurso-prefeitura-ouro-verde-do-oeste\/\"},\"wordCount\":942,\"commentCount\":0,\"publisher\":{\"@id\":\"https:\/\/www.estrategiaconcursos.com.br\/blog\/#organization\"},\"image\":{\"@id\":\"https:\/\/www.estrategiaconcursos.com.br\/blog\/concurso-prefeitura-ouro-verde-do-oeste\/#primaryimage\"},\"thumbnailUrl\":\"https:\/\/dhg1h5j42swfq.cloudfront.net\/2025\/03\/05201612\/concursos-prefeituras-1024x536-1.jpg\",\"articleSection\":[\"Prefeituras\"],\"inLanguage\":\"pt-BR\",\"potentialAction\":[{\"@type\":\"CommentAction\",\"name\":\"Comment\",\"target\":[\"https:\/\/www.estrategiaconcursos.com.br\/blog\/concurso-prefeitura-ouro-verde-do-oeste\/#respond\"]}],\"copyrightYear\":\"2026\",\"copyrightHolder\":{\"@id\":\"https:\/\/www.estrategiaconcursos.com.br\/blog\/#organization\"}},{\"@type\":\"WebPage\",\"@id\":\"https:\/\/www.estrategiaconcursos.com.br\/blog\/concurso-prefeitura-ouro-verde-do-oeste\/\",\"url\":\"https:\/\/www.estrategiaconcursos.com.br\/blog\/concurso-prefeitura-ouro-verde-do-oeste\/\",\"name\":\"Concurso Ouro Verde do Oeste: dois editais!\",\"isPartOf\":{\"@id\":\"https:\/\/www.estrategiaconcursos.com.br\/blog\/#website\"},\"primaryImageOfPage\":{\"@id\":\"https:\/\/www.estrategiaconcursos.com.br\/blog\/concurso-prefeitura-ouro-verde-do-oeste\/#primaryimage\"},\"image\":{\"@id\":\"https:\/\/www.estrategiaconcursos.com.br\/blog\/concurso-prefeitura-ouro-verde-do-oeste\/#primaryimage\"},\"thumbnailUrl\":\"https:\/\/dhg1h5j42swfq.cloudfront.net\/2025\/03\/05201612\/concursos-prefeituras-1024x536-1.jpg\",\"datePublished\":\"2026-03-10T14:58:37+00:00\",\"dateModified\":\"2026-03-10T17:59:59+00:00\",\"description\":\"Saiba aqui tudo sobre os dois editais de concurso p\u00fablico da Prefeitura de Ouro Verde do Oeste, no Paran\u00e1.\",\"breadcrumb\":{\"@id\":\"https:\/\/www.estrategiaconcursos.com.br\/blog\/concurso-prefeitura-ouro-verde-do-oeste\/#breadcrumb\"},\"inLanguage\":\"pt-BR\",\"potentialAction\":[{\"@type\":\"ReadAction\",\"target\":[\"https:\/\/www.estrategiaconcursos.com.br\/blog\/concurso-prefeitura-ouro-verde-do-oeste\/\"]}]},{\"@type\":\"ImageObject\",\"inLanguage\":\"pt-BR\",\"@id\":\"https:\/\/www.estrategiaconcursos.com.br\/blog\/concurso-prefeitura-ouro-verde-do-oeste\/#primaryimage\",\"url\":\"https:\/\/dhg1h5j42swfq.cloudfront.net\/2025\/03\/05201612\/concursos-prefeituras-1024x536-1.jpg\",\"contentUrl\":\"https:\/\/dhg1h5j42swfq.cloudfront.net\/2025\/03\/05201612\/concursos-prefeituras-1024x536-1.jpg\",\"width\":1024,\"height\":536,\"caption\":\"Concurso Lagoa da Prata MG\"},{\"@type\":\"BreadcrumbList\",\"@id\":\"https:\/\/www.estrategiaconcursos.com.br\/blog\/concurso-prefeitura-ouro-verde-do-oeste\/#breadcrumb\",\"itemListElement\":[{\"@type\":\"ListItem\",\"position\":1,\"name\":\"In\u00edcio\",\"item\":\"https:\/\/www.estrategiaconcursos.com.br\/blog\/\"},{\"@type\":\"ListItem\",\"position\":2,\"name\":\"Concurso Ouro Verde do Oeste: dois editais!\"}]},{\"@type\":\"WebSite\",\"@id\":\"https:\/\/www.estrategiaconcursos.com.br\/blog\/#website\",\"url\":\"https:\/\/www.estrategiaconcursos.com.br\/blog\/\",\"name\":\"Estrat\u00e9gia Concursos\",\"description\":\"O blog da Estrat\u00e9gia Concursos traz not\u00edcias sobre concursos e artigos de professores oferecendo cursos para concursos (pdf + videaulas) no site.\",\"publisher\":{\"@id\":\"https:\/\/www.estrategiaconcursos.com.br\/blog\/#organization\"},\"potentialAction\":[{\"@type\":\"SearchAction\",\"target\":{\"@type\":\"EntryPoint\",\"urlTemplate\":\"https:\/\/www.estrategiaconcursos.com.br\/blog\/?s={search_term_string}\"},\"query-input\":{\"@type\":\"PropertyValueSpecification\",\"valueRequired\":true,\"valueName\":\"search_term_string\"}}],\"inLanguage\":\"pt-BR\"},{\"@type\":\"Organization\",\"@id\":\"https:\/\/www.estrategiaconcursos.com.br\/blog\/#organization\",\"name\":\"Estrat\u00e9gia Concursos\",\"url\":\"https:\/\/www.estrategiaconcursos.com.br\/blog\/\",\"logo\":{\"@type\":\"ImageObject\",\"inLanguage\":\"pt-BR\",\"@id\":\"https:\/\/www.estrategiaconcursos.com.br\/blog\/#\/schema\/logo\/image\/\",\"url\":\"https:\/\/dhg1h5j42swfq.cloudfront.net\/2025\/06\/03203428\/logo_concursos-1.jpg\",\"contentUrl\":\"https:\/\/dhg1h5j42swfq.cloudfront.net\/2025\/06\/03203428\/logo_concursos-1.jpg\",\"width\":230,\"height\":60,\"caption\":\"Estrat\u00e9gia Concursos\"},\"image\":{\"@id\":\"https:\/\/www.estrategiaconcursos.com.br\/blog\/#\/schema\/logo\/image\/\"},\"sameAs\":[\"https:\/\/x.com\/EstratConcursos\"]},{\"@type\":\"Person\",\"@id\":\"https:\/\/www.estrategiaconcursos.com.br\/blog\/#\/schema\/person\/f33ffe5648e36a1ec7be14cb98aec31a\",\"name\":\"Melmuara Thaiane Doneg\u00e1 C\u00e2ndido\",\"image\":{\"@type\":\"ImageObject\",\"inLanguage\":\"pt-BR\",\"@id\":\"https:\/\/secure.gravatar.com\/avatar\/72c23c49ace6e781125178efe440f336ae4f50fbfb902780beb369688b387c4f?s=96&d=mm&r=g\",\"url\":\"https:\/\/secure.gravatar.com\/avatar\/72c23c49ace6e781125178efe440f336ae4f50fbfb902780beb369688b387c4f?s=96&d=mm&r=g\",\"contentUrl\":\"https:\/\/secure.gravatar.com\/avatar\/72c23c49ace6e781125178efe440f336ae4f50fbfb902780beb369688b387c4f?s=96&d=mm&r=g\",\"caption\":\"Melmuara Thaiane Doneg\u00e1 C\u00e2ndido\"},\"description\":\"Formada em Jornalismo em 2011 pela UniSEB-COC, Ribeir\u00e3o Preto-SP, atua desde 2017 na produ\u00e7\u00e3o de conte\u00fado para prefeituras, passando da \u00e1rea publicit\u00e1ria para a cria\u00e7\u00e3o de textos estrat\u00e9gicos e not\u00edcias sobre concursos, mantendo os concurseiros bem informados sobre os principais editais de prefeituras e concursos municipais.\",\"birthDate\":\"1990-04-21\",\"gender\":\"feminino\",\"url\":\"https:\/\/www.estrategiaconcursos.com.br\/blog\/author\/melmuara-candidoestrategia-com\/\"}]}<\/script>\n<!-- \/ Yoast SEO Premium plugin. -->","yoast_head_json":{"title":"Concurso Ouro Verde do Oeste: dois editais!","description":"Saiba aqui tudo sobre os dois editais de concurso p\u00fablico da Prefeitura de Ouro Verde do Oeste, no Paran\u00e1.","robots":{"index":"index","follow":"follow","max-snippet":"max-snippet:-1","max-image-preview":"max-image-preview:large","max-video-preview":"max-video-preview:-1"},"canonical":"https:\/\/www.estrategiaconcursos.com.br\/blog\/concurso-prefeitura-ouro-verde-do-oeste\/","og_locale":"pt_BR","og_type":"article","og_title":"Concurso Ouro Verde do Oeste: dois editais!","og_description":"Saiba aqui tudo sobre os dois editais de concurso p\u00fablico da Prefeitura de Ouro Verde do Oeste, no Paran\u00e1.","og_url":"https:\/\/www.estrategiaconcursos.com.br\/blog\/concurso-prefeitura-ouro-verde-do-oeste\/","og_site_name":"Estrat\u00e9gia Concursos","article_published_time":"2026-03-10T14:58:37+00:00","article_modified_time":"2026-03-10T17:59:59+00:00","og_image":[{"width":1024,"height":536,"url":"https:\/\/dhg1h5j42swfq.cloudfront.net\/2025\/03\/05201612\/concursos-prefeituras-1024x536-1.jpg","type":"image\/jpeg"}],"author":"Melmuara Thaiane Doneg\u00e1 C\u00e2ndido","twitter_card":"summary_large_image","twitter_creator":"@EstratConcursos","twitter_site":"@EstratConcursos","twitter_misc":{"Escrito por":"Melmuara Thaiane Doneg\u00e1 C\u00e2ndido","Est. tempo de leitura":"4 minutos"},"schema":{"@context":"https:\/\/schema.org","@graph":[{"@type":"NewsArticle","@id":"https:\/\/www.estrategiaconcursos.com.br\/blog\/concurso-prefeitura-ouro-verde-do-oeste\/#article","isPartOf":{"@id":"https:\/\/www.estrategiaconcursos.com.br\/blog\/concurso-prefeitura-ouro-verde-do-oeste\/"},"author":{"name":"Melmuara Thaiane Doneg\u00e1 C\u00e2ndido","@id":"https:\/\/www.estrategiaconcursos.com.br\/blog\/#\/schema\/person\/f33ffe5648e36a1ec7be14cb98aec31a"},"headline":"Concurso Ouro Verde do Oeste: dois editais!","datePublished":"2026-03-10T14:58:37+00:00","dateModified":"2026-03-10T17:59:59+00:00","mainEntityOfPage":{"@id":"https:\/\/www.estrategiaconcursos.com.br\/blog\/concurso-prefeitura-ouro-verde-do-oeste\/"},"wordCount":942,"commentCount":0,"publisher":{"@id":"https:\/\/www.estrategiaconcursos.com.br\/blog\/#organization"},"image":{"@id":"https:\/\/www.estrategiaconcursos.com.br\/blog\/concurso-prefeitura-ouro-verde-do-oeste\/#primaryimage"},"thumbnailUrl":"https:\/\/dhg1h5j42swfq.cloudfront.net\/2025\/03\/05201612\/concursos-prefeituras-1024x536-1.jpg","articleSection":["Prefeituras"],"inLanguage":"pt-BR","potentialAction":[{"@type":"CommentAction","name":"Comment","target":["https:\/\/www.estrategiaconcursos.com.br\/blog\/concurso-prefeitura-ouro-verde-do-oeste\/#respond"]}],"copyrightYear":"2026","copyrightHolder":{"@id":"https:\/\/www.estrategiaconcursos.com.br\/blog\/#organization"}},{"@type":"WebPage","@id":"https:\/\/www.estrategiaconcursos.com.br\/blog\/concurso-prefeitura-ouro-verde-do-oeste\/","url":"https:\/\/www.estrategiaconcursos.com.br\/blog\/concurso-prefeitura-ouro-verde-do-oeste\/","name":"Concurso Ouro Verde do Oeste: dois editais!","isPartOf":{"@id":"https:\/\/www.estrategiaconcursos.com.br\/blog\/#website"},"primaryImageOfPage":{"@id":"https:\/\/www.estrategiaconcursos.com.br\/blog\/concurso-prefeitura-ouro-verde-do-oeste\/#primaryimage"},"image":{"@id":"https:\/\/www.estrategiaconcursos.com.br\/blog\/concurso-prefeitura-ouro-verde-do-oeste\/#primaryimage"},"thumbnailUrl":"https:\/\/dhg1h5j42swfq.cloudfront.net\/2025\/03\/05201612\/concursos-prefeituras-1024x536-1.jpg","datePublished":"2026-03-10T14:58:37+00:00","dateModified":"2026-03-10T17:59:59+00:00","description":"Saiba aqui tudo sobre os dois editais de concurso p\u00fablico da Prefeitura de Ouro Verde do Oeste, no Paran\u00e1.","breadcrumb":{"@id":"https:\/\/www.estrategiaconcursos.com.br\/blog\/concurso-prefeitura-ouro-verde-do-oeste\/#breadcrumb"},"inLanguage":"pt-BR","potentialAction":[{"@type":"ReadAction","target":["https:\/\/www.estrategiaconcursos.com.br\/blog\/concurso-prefeitura-ouro-verde-do-oeste\/"]}]},{"@type":"ImageObject","inLanguage":"pt-BR","@id":"https:\/\/www.estrategiaconcursos.com.br\/blog\/concurso-prefeitura-ouro-verde-do-oeste\/#primaryimage","url":"https:\/\/dhg1h5j42swfq.cloudfront.net\/2025\/03\/05201612\/concursos-prefeituras-1024x536-1.jpg","contentUrl":"https:\/\/dhg1h5j42swfq.cloudfront.net\/2025\/03\/05201612\/concursos-prefeituras-1024x536-1.jpg","width":1024,"height":536,"caption":"Concurso Lagoa da Prata MG"},{"@type":"BreadcrumbList","@id":"https:\/\/www.estrategiaconcursos.com.br\/blog\/concurso-prefeitura-ouro-verde-do-oeste\/#breadcrumb","itemListElement":[{"@type":"ListItem","position":1,"name":"In\u00edcio","item":"https:\/\/www.estrategiaconcursos.com.br\/blog\/"},{"@type":"ListItem","position":2,"name":"Concurso Ouro Verde do Oeste: dois editais!"}]},{"@type":"WebSite","@id":"https:\/\/www.estrategiaconcursos.com.br\/blog\/#website","url":"https:\/\/www.estrategiaconcursos.com.br\/blog\/","name":"Estrat\u00e9gia Concursos","description":"O blog da Estrat\u00e9gia Concursos traz not\u00edcias sobre concursos e artigos de professores oferecendo cursos para concursos (pdf + videaulas) no site.","publisher":{"@id":"https:\/\/www.estrategiaconcursos.com.br\/blog\/#organization"},"potentialAction":[{"@type":"SearchAction","target":{"@type":"EntryPoint","urlTemplate":"https:\/\/www.estrategiaconcursos.com.br\/blog\/?s={search_term_string}"},"query-input":{"@type":"PropertyValueSpecification","valueRequired":true,"valueName":"search_term_string"}}],"inLanguage":"pt-BR"},{"@type":"Organization","@id":"https:\/\/www.estrategiaconcursos.com.br\/blog\/#organization","name":"Estrat\u00e9gia Concursos","url":"https:\/\/www.estrategiaconcursos.com.br\/blog\/","logo":{"@type":"ImageObject","inLanguage":"pt-BR","@id":"https:\/\/www.estrategiaconcursos.com.br\/blog\/#\/schema\/logo\/image\/","url":"https:\/\/dhg1h5j42swfq.cloudfront.net\/2025\/06\/03203428\/logo_concursos-1.jpg","contentUrl":"https:\/\/dhg1h5j42swfq.cloudfront.net\/2025\/06\/03203428\/logo_concursos-1.jpg","width":230,"height":60,"caption":"Estrat\u00e9gia Concursos"},"image":{"@id":"https:\/\/www.estrategiaconcursos.com.br\/blog\/#\/schema\/logo\/image\/"},"sameAs":["https:\/\/x.com\/EstratConcursos"]},{"@type":"Person","@id":"https:\/\/www.estrategiaconcursos.com.br\/blog\/#\/schema\/person\/f33ffe5648e36a1ec7be14cb98aec31a","name":"Melmuara Thaiane Doneg\u00e1 C\u00e2ndido","image":{"@type":"ImageObject","inLanguage":"pt-BR","@id":"https:\/\/secure.gravatar.com\/avatar\/72c23c49ace6e781125178efe440f336ae4f50fbfb902780beb369688b387c4f?s=96&d=mm&r=g","url":"https:\/\/secure.gravatar.com\/avatar\/72c23c49ace6e781125178efe440f336ae4f50fbfb902780beb369688b387c4f?s=96&d=mm&r=g","contentUrl":"https:\/\/secure.gravatar.com\/avatar\/72c23c49ace6e781125178efe440f336ae4f50fbfb902780beb369688b387c4f?s=96&d=mm&r=g","caption":"Melmuara Thaiane Doneg\u00e1 C\u00e2ndido"},"description":"Formada em Jornalismo em 2011 pela UniSEB-COC, Ribeir\u00e3o Preto-SP, atua desde 2017 na produ\u00e7\u00e3o de conte\u00fado para prefeituras, passando da \u00e1rea publicit\u00e1ria para a cria\u00e7\u00e3o de textos estrat\u00e9gicos e not\u00edcias sobre concursos, mantendo os concurseiros bem informados sobre os principais editais de prefeituras e concursos municipais.","birthDate":"1990-04-21","gender":"feminino","url":"https:\/\/www.estrategiaconcursos.com.br\/blog\/author\/melmuara-candidoestrategia-com\/"}]}},"_links":{"self":[{"href":"https:\/\/www.estrategiaconcursos.com.br\/blog\/wp-json\/wp\/v2\/posts\/1728900","targetHints":{"allow":["GET"]}}],"collection":[{"href":"https:\/\/www.estrategiaconcursos.com.br\/blog\/wp-json\/wp\/v2\/posts"}],"about":[{"href":"https:\/\/www.estrategiaconcursos.com.br\/blog\/wp-json\/wp\/v2\/types\/post"}],"author":[{"embeddable":true,"href":"https:\/\/www.estrategiaconcursos.com.br\/blog\/wp-json\/wp\/v2\/users\/2991"}],"replies":[{"embeddable":true,"href":"https:\/\/www.estrategiaconcursos.com.br\/blog\/wp-json\/wp\/v2\/comments?post=1728900"}],"version-history":[{"count":11,"href":"https:\/\/www.estrategiaconcursos.com.br\/blog\/wp-json\/wp\/v2\/posts\/1728900\/revisions"}],"predecessor-version":[{"id":1729320,"href":"https:\/\/www.estrategiaconcursos.com.br\/blog\/wp-json\/wp\/v2\/posts\/1728900\/revisions\/1729320"}],"wp:featuredmedia":[{"embeddable":true,"href":"https:\/\/www.estrategiaconcursos.com.br\/blog\/wp-json\/wp\/v2\/media\/1540739"}],"wp:attachment":[{"href":"https:\/\/www.estrategiaconcursos.com.br\/blog\/wp-json\/wp\/v2\/media?parent=1728900"}],"wp:term":[{"taxonomy":"category","embeddable":true,"href":"https:\/\/www.estrategiaconcursos.com.br\/blog\/wp-json\/wp\/v2\/categories?post=1728900"},{"taxonomy":"post_tag","embeddable":true,"href":"https:\/\/www.estrategiaconcursos.com.br\/blog\/wp-json\/wp\/v2\/tags?post=1728900"},{"taxonomy":"tax_estado","embeddable":true,"href":"https:\/\/www.estrategiaconcursos.com.br\/blog\/wp-json\/wp\/v2\/tax_estado?post=1728900"}],"curies":[{"name":"wp","href":"https:\/\/api.w.org\/{rel}","templated":true}]}}