{"id":1728822,"date":"2026-03-15T15:09:00","date_gmt":"2026-03-15T18:09:00","guid":{"rendered":"https:\/\/www.estrategiaconcursos.com.br\/blog\/?p=1728822"},"modified":"2026-03-15T15:09:48","modified_gmt":"2026-03-15T18:09:48","slug":"gabarito-extraoficial-camara-de-goiania-2026","status":"publish","type":"post","link":"https:\/\/www.estrategiaconcursos.com.br\/blog\/gabarito-extraoficial-camara-de-goiania-2026\/","title":{"rendered":"Gabarito Extraoficial C\u00e2mara de Goi\u00e2nia: Agente Administrativo"},"content":{"rendered":"\n<p>Neste domingo, 15 de mar\u00e7o, foram aplicadas as <strong>provas do concurso C\u00e2mara de Goi\u00e2nia<\/strong>.\u00a0Segundo o edital, as avalia\u00e7\u00f5es tiveram a dura\u00e7\u00e3o de 4 horas.<\/p>\n\n\n\n<p>Para diminuir um pouco a ansiedade de saber se foi bem ou n\u00e3o em um concurso t\u00e3o visado e importante,\u00a0<strong>nossos professores realizaram a corre\u00e7\u00e3o, dando o<\/strong>\u00a0<strong>gabarito extraoficial da prova da C\u00e2mara de Goi\u00e2nia<\/strong>.<\/p>\n\n\n\n<p>Portanto, confira, antecipadamente, seu desempenho e ainda receba dicas de recursos (se houver necessidade, claro!). Lembrando que o&nbsp;gabarito oficial preliminar ser\u00e1 publicado pelo <a href=\"https:\/\/sistemas.institutoverbena.ufg.br\/2025\/concurso-camara-goiania\/\" target=\"_blank\" rel=\"noreferrer noopener\">Instituto Verbena<\/a>.<\/p>\n\n\n\n<ul class=\"wp-block-list\">\n<li><a href=\"https:\/\/www.estrategiaconcursos.com.br\/blog\/ranking-classificatorio-camara-goiania-2026\/\" target=\"_blank\" rel=\"noreferrer noopener\"><strong>Ranking classificat\u00f3rio C\u00e2mara de Goi\u00e2nia: participe!<\/strong><\/a><\/li>\n<\/ul>\n\n\n\n<h2 class=\"wp-block-heading\" id=\"h-correcao-e-gabarito-extraoficial-camara-de-goiania\">Corre\u00e7\u00e3o e Gabarito Extraoficial C\u00e2mara de Goi\u00e2nia<\/h2>\n\n\n<figure class=\"wp-block-embed-youtube wp-block-embed is-type-video is-provider-youtube wp-embed-aspect-16-9 wp-has-aspect-ratio\"><div class=\"lyte-wrapper\" style=\"width:853px;max-width:100%;margin:5px;\"><div class=\"lyMe\" id=\"WYL_ArhKtHw1zBA\"><div id=\"lyte_ArhKtHw1zBA\" data-src=\"\/\/i.ytimg.com\/vi\/ArhKtHw1zBA\/hqdefault.jpg\" class=\"pL\"><div class=\"tC\"><div class=\"tT\"><\/div><\/div><div class=\"play\"><\/div><div class=\"ctrl\"><div class=\"Lctrl\"><\/div><div class=\"Rctrl\"><\/div><\/div><\/div><noscript><a href=\"https:\/\/youtu.be\/ArhKtHw1zBA\" rel=\"nofollow\"><img loading=\"lazy\" decoding=\"async\" src=\"https:\/\/i.ytimg.com\/vi\/ArhKtHw1zBA\/0.jpg\" alt=\"YouTube video thumbnail\" width=\"853\" height=\"460\" \/><br \/>Assista a este v\u00eddeo no YouTube<\/a><\/noscript><\/div><\/div><div class=\"lL\" style=\"max-width:100%;width:853px;margin:5px;\"><\/div><figcaption><\/figcaption><\/figure>\n\n\n<figure class=\"wp-block-table is-style-stripes\"><table class=\"has-very-light-gray-to-cyan-bluish-gray-gradient-background has-background has-fixed-layout\"><thead><tr><th class=\"has-text-align-center\" data-align=\"center\"><strong>DISCIPLINA<\/strong><\/th><th class=\"has-text-align-center\" data-align=\"center\"><strong>PROF.<\/strong><\/th><\/tr><\/thead><tbody><tr><td class=\"has-text-align-center\" data-align=\"center\">L\u00edngua Portuguesa e Reda\u00e7\u00e3o Oficial<\/td><td class=\"has-text-align-center\" data-align=\"center\">Felipe Luccas<\/td><\/tr><tr><td class=\"has-text-align-center\" data-align=\"center\">Racioc\u00ednio L\u00f3gico-Matem\u00e1tico<\/td><td class=\"has-text-align-center\" data-align=\"center\">Brunno Lima<\/td><\/tr><tr><td class=\"has-text-align-center\" data-align=\"center\">Realidade \u00e9tnica, social, hist\u00f3rica, geogr\u00e1fica, cultural, pol\u00edtica e econ\u00f4mica do Estado de Goi\u00e1s e munic\u00edpio de Goi\u00e2nia<\/td><td class=\"has-text-align-center\" data-align=\"center\">S\u00e9rgio Henrique<\/td><\/tr><tr><td class=\"has-text-align-center\" data-align=\"center\">Legisla\u00e7\u00e3o Aplicada ao Setor P\u00fablico &#8211; Direito Administrativo<\/td><td class=\"has-text-align-center\" data-align=\"center\">Antonio Daud<\/td><\/tr><tr><td class=\"has-text-align-center\" data-align=\"center\">Legisla\u00e7\u00e3o Aplicada ao Setor P\u00fablico &#8211; Direito Constitucional e Lei Org\u00e2nica do Munic\u00edpio<\/td><td class=\"has-text-align-center\" data-align=\"center\">F\u00e1bio Ramos<\/td><\/tr><tr><td class=\"has-text-align-center\" data-align=\"center\">Legisla\u00e7\u00e3o Aplicada ao Setor P\u00fablico &#8211; Estatuto dos Servidores e Regimento Interno<\/td><td class=\"has-text-align-center\" data-align=\"center\">Emerson Bruno<\/td><\/tr><tr><td class=\"has-text-align-center\" data-align=\"center\">Administra\u00e7\u00e3o<\/td><td class=\"has-text-align-center\" data-align=\"center\">Elisabete Moreira<\/td><\/tr><tr><td class=\"has-text-align-center\" data-align=\"center\">Arquivologia e Administra\u00e7\u00e3o de Materiais<\/td><td class=\"has-text-align-center\" data-align=\"center\">Ricardo Campan\u00e1rio<\/td><\/tr><tr><td class=\"has-text-align-center\" data-align=\"center\">Compras e Contrata\u00e7\u00f5es P\u00fablicas<\/td><td class=\"has-text-align-center\" data-align=\"center\">Fabiano Pereira<\/td><\/tr><tr><td class=\"has-text-align-center\" data-align=\"center\">Planejamento e Or\u00e7amento P\u00fablicos<\/td><td class=\"has-text-align-center\" data-align=\"center\">Leandro Ravyelle<\/td><\/tr><\/tbody><\/table><\/figure>\n\n\n\n<h2 class=\"wp-block-heading\" id=\"h-gabarito-extraoficial-camara-de-goiania-agente-administrativo\">Gabarito extraoficial: C\u00e2mara de Goi\u00e2nia &#8211; Agente Administrativo<\/h2>\n\n\n\n<p class=\"has-text-align-center has-very-light-gray-to-cyan-bluish-gray-gradient-background has-background\"><a href=\"https:\/\/dhg1h5j42swfq.cloudfront.net\/2026\/03\/15123302\/prova-camara-de-goiania-2026.pdf\" target=\"_blank\" rel=\"noreferrer noopener nofollow\">Modelo de prova &#8211; Frase: O tempo transforma tudo<\/a><\/p>\n\n\n\n<p><strong>Quest\u00e3o 1:\u00a0<\/strong>Leia o texto a seguir. Jo\u00e3o Rom\u00e3o foi, dos treze aos vinte anos&#8230;<br \/><strong><em>Resposta:<\/em><\/strong> C<\/p>\n\n\n\n<p><strong>Quest\u00e3o 2:\u00a0<\/strong>Nos Textos 1 e 2, a escritora Roseana Murray&#8230;<br \/><strong><em>Resposta:<\/em><\/strong> A<\/p>\n\n\n\n<p><strong>Quest\u00e3o 3:\u00a0<\/strong>Em receitas, \u00e9 comum que as instru\u00e7\u00f5es ocorram&#8230;<br \/><strong><em>Resposta:<\/em><\/strong> D<\/p>\n\n\n\n<p><strong>Quest\u00e3o 4:\u00a0<\/strong>No primeiro verso do Texto 2 &#8220;se olhe&#8230;<br \/><strong><em>Resposta:<\/em><\/strong> B<\/p>\n\n\n\n<p><strong>Quest\u00e3o 5:\u00a0<\/strong>Leia o texto a seguir. Entra no prego uma mulher&#8230;<br \/><strong><em>Resposta:<\/em><\/strong> C<\/p>\n\n\n\n<p><strong>Quest\u00e3o 6:\u00a0<\/strong>Leia a tirinha a seguir.<br \/><strong><em>Resposta:<\/em><\/strong> A<\/p>\n\n\n\n<p><strong>Quest\u00e3o 7:\u00a0<\/strong>Leia o texto a seguir. Chocolate ou Cacau&#8230;<br \/><strong><em>Resposta:<\/em><\/strong> C<\/p>\n\n\n\n<p><strong>Quest\u00e3o 8:\u00a0<\/strong>Leia o texto a seguir. Macuna\u00edma&#8230;<br \/><strong><em>Resposta:<\/em><\/strong> D<\/p>\n\n\n\n<p><strong>Quest\u00e3o 9:\u00a0<\/strong>Em textos do g\u00eanero textual hor\u00f3scopo&#8230;<br \/><strong><em>Resposta:<\/em><\/strong> B<\/p>\n\n\n\n<p><strong>Quest\u00e3o 10:\u00a0<\/strong>Em uma das previs\u00f5es para os signos, aparece uma locu\u00e7\u00e3o&#8230;<br \/><strong><em>Resposta:<\/em><\/strong> C<\/p>\n\n\n\n<p><strong>Quest\u00e3o 11:\u00a0<\/strong>Uma joalheria fabrica um \u00fanico modelo de colar&#8230;<br \/><strong><em>Resposta:<\/em><\/strong> A<\/p>\n\n\n\n<p><strong>Quest\u00e3o 12:\u00a0<\/strong>Um curso de C\u00e1lculo foi ofertado no segundo semestre&#8230;<br \/><strong><em>Resposta:<\/em><\/strong> D<\/p>\n\n\n\n<p><strong>Quest\u00e3o 13:\u00a0<\/strong>Uma professora deixou de pagar a sua conta el\u00e9trica&#8230;<br \/><strong><em>Resposta:<\/em><\/strong> B<\/p>\n\n\n\n<p><strong>Quest\u00e3o 14:\u00a0<\/strong>Um atleta realizou 3 corridas em dias diferentes&#8230;<br \/><strong><em>Resposta:<\/em><\/strong> C<\/p>\n\n\n\n<p><strong>Quest\u00e3o 15:\u00a0<\/strong>Um menino formou o conjunto A=&#8230;<br \/><strong><em>Resposta:<\/em><\/strong> B<\/p>\n\n\n\n<p><strong>Quest\u00e3o 16:\u00a0<\/strong>Com quantas regi\u00f5es do Brasil o estado&#8230;<br \/><strong><em>Resposta:<\/em><\/strong> B<\/p>\n\n\n\n<p><strong>Quest\u00e3o 17:\u00a0<\/strong>No contexto das mudan\u00e7as clim\u00e1ticas&#8230;<br \/><strong><em>Resposta:<\/em><\/strong> C<\/p>\n\n\n\n<p><strong>Quest\u00e3o 18:\u00a0<\/strong>Durante a Primeira Rep\u00fablica (1889-1930)&#8230;<br \/><strong><em>Resposta:<\/em><\/strong> D<\/p>\n\n\n\n<p><strong>Quest\u00e3o 19:\u00a0<\/strong>O Cerrado, bioma predominante em Goi\u00e1s&#8230;<br \/><strong><em>Resposta:<\/em><\/strong> D<\/p>\n\n\n\n<p><strong>Quest\u00e3o 20:\u00a0<\/strong>A transfer\u00eancia da capital do estado de Goi\u00e1s&#8230;<br \/><strong><em>Resposta:<\/em><\/strong> B<\/p>\n\n\n\n<p><strong>Quest\u00e3o 21:\u00a0<\/strong>Ao dispor sobre a estrutura administrativa da C\u00e2mara&#8230;<br \/><strong><em>Resposta:<\/em><\/strong> B<\/p>\n\n\n\n<p><strong>Quest\u00e3o 22:\u00a0<\/strong>Os servi\u00e7os extraordin\u00e1rios prestados pelos servidores&#8230;<br \/><strong><em>Resposta:<\/em><\/strong> A<\/p>\n\n\n\n<p><strong>Quest\u00e3o 23:\u00a0<\/strong>O vereador respons\u00e1vel por uma das ouvidorias&#8230;<br \/><strong><em>Resposta:<\/em><\/strong> B<\/p>\n\n\n\n<p><strong>Quest\u00e3o 24:\u00a0<\/strong>A Lei Org\u00e2nica do Munic\u00edpio de Goi\u00e2nia, no contexto&#8230;<br \/><strong><em>Resposta:<\/em><\/strong> D<\/p>\n\n\n\n<p><strong>Quest\u00e3o 25:\u00a0<\/strong>Nos termos da lei, o modo de informar a pr\u00e1tica&#8230;<br \/><strong><em>Resposta:<\/em><\/strong> C<\/p>\n\n\n\n<p><strong>Quest\u00e3o 26:\u00a0<\/strong>De acordo com a legisla\u00e7\u00e3o vigente, a qualidade&#8230;<br \/><strong><em>Resposta:<\/em><\/strong> A<\/p>\n\n\n\n<p><strong>Quest\u00e3o 27:\u00a0<\/strong>Leia a charge a seguir.<br \/><strong><em>Resposta:<\/em><\/strong> A<\/p>\n\n\n\n<p><strong>Quest\u00e3o 28:\u00a0<\/strong>De acordo com a legisla\u00e7\u00e3o vigente, as informa\u00e7\u00f5es&#8230;<br \/><strong><em>Resposta:<\/em><\/strong> C<\/p>\n\n\n\n<p><strong>Quest\u00e3o 29:\u00a0<\/strong>Com o objetivo de garantir a seguran\u00e7a jur\u00eddica&#8230;<br \/><strong><em>Resposta:<\/em><\/strong> B<\/p>\n\n\n\n<p><strong>Quest\u00e3o 30:\u00a0<\/strong>Os direitos dos servidores ocupantes de cargo p\u00fablico&#8230;<br \/><strong><em>Resposta:<\/em><\/strong> D<\/p>\n\n\n\n<p><strong>Quest\u00e3o 31:\u00a0<\/strong>A fun\u00e7\u00e3o da Administra\u00e7\u00e3o que \u00e9 caracterizada&#8230;<br \/><strong><em>Resposta:<\/em><\/strong> D<\/p>\n\n\n\n<p><strong>Quest\u00e3o 32:\u00a0<\/strong>No que se refere ao processo organizacional, as fun\u00e7\u00f5es&#8230;<br \/><strong><em>Resposta:<\/em><\/strong> C<\/p>\n\n\n\n<p><strong>Quest\u00e3o 33:\u00a0<\/strong>As principais atividades da organiza\u00e7\u00e3o, respons\u00e1veis&#8230;<br \/><strong><em>Resposta:<\/em><\/strong> C<\/p>\n\n\n\n<p><strong>Quest\u00e3o 34:\u00a0<\/strong>Toda gest\u00e3o organizacional, seja no \u00e2mbito p\u00fablico&#8230;<br \/><strong><em>Resposta:<\/em><\/strong> B<\/p>\n\n\n\n<p><strong>Quest\u00e3o 35:\u00a0<\/strong>A gest\u00e3o de processos viabiliza que a institui\u00e7\u00e3o&#8230;<br \/><strong><em>Resposta:<\/em><\/strong> A<\/p>\n\n\n\n<p><strong>Quest\u00e3o 36:\u00a0<\/strong>A gest\u00e3o de processos demanda a ado\u00e7\u00e3o de metodologias&#8230;<br \/><strong><em>Resposta:<\/em><\/strong> A<\/p>\n\n\n\n<p><strong>Quest\u00e3o 37:\u00a0<\/strong>A gest\u00e3o eficiente de estoques \u00e9 fundamental&#8230;<br \/><strong><em>Resposta:<\/em><\/strong> C<\/p>\n\n\n\n<p><strong>Quest\u00e3o 38:\u00a0<\/strong>O processo administrativo respons\u00e1vel pelas compras&#8230;<br \/><strong><em>Resposta:<\/em><\/strong> B<\/p>\n\n\n\n<p><strong>Quest\u00e3o 39:\u00a0<\/strong>O sistema de registro de pre\u00e7os representa o conjunto&#8230;<br \/><strong><em>Resposta:<\/em><\/strong> A<\/p>\n\n\n\n<p><strong>Quest\u00e3o 40:\u00a0<\/strong>De acordo com o disposto na Lei n\u00ba 14.133\/2021&#8230;<br \/><strong><em>Resposta:<\/em><\/strong> D<\/p>\n\n\n\n<p><strong>Quest\u00e3o 41:\u00a0<\/strong>O or\u00e7amento p\u00fablico constitui um instrumento essencial&#8230;<br \/><strong><em>Resposta:<\/em><\/strong> B<\/p>\n\n\n\n<p><strong>Quest\u00e3o 42:\u00a0<\/strong>Para garantir transpar\u00eancia, efici\u00eancia e legalidade&#8230;<br \/><strong><em>Resposta:<\/em><\/strong> D<\/p>\n\n\n\n<p><strong>Quest\u00e3o 43:\u00a0<\/strong>A informa\u00e7\u00e3o no setor p\u00fablico deve ser protegida&#8230;<br \/><strong><em>Resposta:<\/em><\/strong> C<\/p>\n\n\n\n<p><strong>Quest\u00e3o 44:\u00a0<\/strong>Considera-se gest\u00e3o de documentos, o conjunto&#8230;<br \/><strong><em>Resposta:<\/em><\/strong> B<\/p>\n\n\n\n<p><strong>Quest\u00e3o 45:\u00a0<\/strong>A elabora\u00e7\u00e3o de documentos administrativos exige&#8230;<br \/><strong><em>Resposta:<\/em><\/strong> D<\/p>\n\n\n\n<p><strong>Quest\u00e3o 46:\u00a0<\/strong>A Comunica\u00e7\u00e3o Oficial manifesta-se por meio de atos&#8230;<br \/><strong><em>Resposta:<\/em><\/strong> B<\/p>\n\n\n\n<p><strong>Quest\u00e3o 47:\u00a0<\/strong>O atendimento ao p\u00fablico realizado pelos servidores&#8230;<br \/><strong><em>Resposta:<\/em><\/strong> B<\/p>\n\n\n\n<p><strong>Quest\u00e3o 48:\u00a0<\/strong>Em sistemas econ\u00f4micos, pol\u00edticos, sociais ou culturais,&#8230;<br \/><strong><em>Resposta:<\/em><\/strong> A<\/p>\n\n\n\n<p><strong>Quest\u00e3o 49:\u00a0<\/strong>Accountability \u00e9 a responsabilidade de agentes p\u00fablicos&#8230;<br \/><strong><em>Resposta:<\/em><\/strong> D<\/p>\n\n\n\n<p><strong>Quest\u00e3o 50:\u00a0<\/strong>A governabilidade e a accountability constituem&#8230;<br \/><strong><em>Resposta:<\/em><\/strong> C<\/p>\n\n\n\n<p><\/p>\n\n\n\n<hr class=\"wp-block-separator has-alpha-channel-opacity\"\/>\n\n\n\n<p class=\"has-text-align-center has-cyan-bluish-gray-background-color has-background\" style=\"font-size:clamp(14.642px, 0.915rem + ((1vw - 3.2px) * 0.721), 22px);\"><strong>Saiba mais: <a href=\"https:\/\/www.estrategiaconcursos.com.br\/blog\/concurso-camara-de-goiania\/\" target=\"_blank\" rel=\"noreferrer noopener\">Concurso C\u00e2mara Municipal de Goi\u00e2nia 2026<\/a><\/strong><\/p>\n\n\n\n<h2 class=\"wp-block-heading has-text-align-center\" id=\"h-quer-saber-tudo-sobre-concursos-previstos-confira-nossos-artigos\">Quer saber tudo sobre concursos previstos?<br \/>Confira nossos artigos!<\/h2>\n\n\n\n<ul class=\"wp-block-list\">\n<li><a href=\"https:\/\/www.estrategiaconcursos.com.br\/blog\/concursos-abertos\/\" target=\"_blank\" rel=\"noreferrer noopener\">Concursos abertos<\/a><\/li>\n\n\n\n<li><a href=\"https:\/\/www.estrategiaconcursos.com.br\/blog\/concursos-2026\/\" target=\"_blank\" rel=\"noreferrer noopener\">Concursos 2026<\/a><\/li>\n\n\n\n<li><a href=\"https:\/\/www.estrategiaconcursos.com.br\/blog\/concursos-camaras-municipais\/\" target=\"_blank\" rel=\"noreferrer noopener\">Concursos C\u00e2maras 2026<\/a><\/li>\n<\/ul>\n\n\n\n<div class=\"container\" id=\"boxes\">\n  <div class=\"row\">\n\n    <div class=\"col-sm\">\n      <div class=\"banner-camaras\" id=\"box-assinatura\">\n        <h3 class=\"titulo-assinatura\">Concurso C\u00e2mara de Goi\u00e2nia<\/h3>\n        <p class=\"subtitulo-assinatura\">Conhe\u00e7a os cursos<\/p>\n        <div class=\"box-botao\">\n          <a class=\"btn-assinatura\" target=\"_blank\" href=\"https:\/\/www.estrategiaconcursos.com.br\/cursosPorConcurso\/camara-municipal-de-goiania\/\" role=\"button\" rel=\"noopener noreferrer\">Conhe\u00e7a mais<\/a>\n        <\/div>\n      <\/div>\n     \n\n  <\/div>\n<\/div><\/div>\n\n\n\n<div class=\"container\" id=\"boxes\">\n  <div class=\"row\">\n\n    <div class=\"col-sm\">\n      <div class=\"estrategia\" id=\"box-assinatura\">\n        <h3 class=\"titulo-assinatura\">Assinatura Concursos<\/h3>\n        <p class=\"subtitulo-assinatura\">Assinatura de 1 ano ou 2 anos<\/p>\n        <div class=\"box-botao\">\n          <a class=\"btn-assinatura\" target=\"_blank\" href=\"https:\/\/www.estrategiaconcursos.com.br\/assinaturas\/\" role=\"button\" rel=\"noopener noreferrer\">ASSINE AGORA<\/a>\n        <\/div>\n      <\/div>\n     \n    <\/div><\/div><\/div>\n","protected":false},"excerpt":{"rendered":"<p>Neste domingo, 15 de mar\u00e7o, foram aplicadas as provas do concurso C\u00e2mara de Goi\u00e2nia.\u00a0Segundo o edital, as avalia\u00e7\u00f5es tiveram a dura\u00e7\u00e3o de 4 horas. Para diminuir um pouco a ansiedade de saber se foi bem ou n\u00e3o em um concurso t\u00e3o visado e importante,\u00a0nossos professores realizaram a corre\u00e7\u00e3o, dando o\u00a0gabarito extraoficial da prova da C\u00e2mara [&hellip;]<\/p>\n","protected":false},"author":1206,"featured_media":1734589,"comment_status":"open","ping_status":"closed","sticky":false,"template":"","format":"standard","meta":{"post_tipo":"news","footnotes":""},"categories":[2017,220219],"tags":[],"tax_estado":[219972],"class_list":["post-1728822","post","type-post","status-publish","format-standard","has-post-thumbnail","hentry","category-concursos-legislativos","category-noticias","tax_estado-go"],"acf":[],"yoast_head":"<!-- This site is optimized with the Yoast SEO Premium plugin v27.2 (Yoast SEO v27.2) - https:\/\/yoast.com\/product\/yoast-seo-premium-wordpress\/ -->\n<title>Gabarito Extraoficial C\u00e2mara de Goi\u00e2nia: Agente Administrativo<\/title>\n<meta name=\"description\" content=\"Neste domingo, 15 de mar\u00e7o, s\u00e3o aplicadas as provas do concurso C\u00e2mara de Goi\u00e2nia. Acompanhe a corre\u00e7\u00e3o e o gabarito extraoficial!\" \/>\n<meta name=\"robots\" content=\"index, follow, max-snippet:-1, max-image-preview:large, max-video-preview:-1\" \/>\n<link rel=\"canonical\" href=\"https:\/\/www.estrategiaconcursos.com.br\/blog\/gabarito-extraoficial-camara-de-goiania-2026\/\" \/>\n<meta property=\"og:locale\" content=\"pt_BR\" \/>\n<meta property=\"og:type\" content=\"article\" \/>\n<meta property=\"og:title\" content=\"Gabarito Extraoficial C\u00e2mara de Goi\u00e2nia: Agente Administrativo\" \/>\n<meta property=\"og:description\" content=\"Neste domingo, 15 de mar\u00e7o, s\u00e3o aplicadas as provas do concurso C\u00e2mara de Goi\u00e2nia. Acompanhe a corre\u00e7\u00e3o e o gabarito extraoficial!\" \/>\n<meta property=\"og:url\" content=\"https:\/\/www.estrategiaconcursos.com.br\/blog\/gabarito-extraoficial-camara-de-goiania-2026\/\" \/>\n<meta property=\"og:site_name\" content=\"Estrat\u00e9gia Concursos\" \/>\n<meta property=\"article:published_time\" content=\"2026-03-15T18:09:00+00:00\" \/>\n<meta property=\"article:modified_time\" content=\"2026-03-15T18:09:48+00:00\" \/>\n<meta property=\"og:image\" content=\"https:\/\/dhg1h5j42swfq.cloudfront.net\/2026\/03\/15122647\/ytb_camara-goia.jpg\" \/>\n\t<meta property=\"og:image:width\" content=\"1280\" \/>\n\t<meta property=\"og:image:height\" content=\"720\" \/>\n\t<meta property=\"og:image:type\" content=\"image\/jpeg\" \/>\n<meta name=\"author\" content=\"Bruna de Andrade Fran\u00e7a\" \/>\n<meta name=\"twitter:card\" content=\"summary_large_image\" \/>\n<meta name=\"twitter:creator\" content=\"@EstratConcursos\" \/>\n<meta name=\"twitter:site\" content=\"@EstratConcursos\" \/>\n<meta name=\"twitter:label1\" content=\"Escrito por\" \/>\n\t<meta name=\"twitter:data1\" content=\"Bruna de Andrade Fran\u00e7a\" \/>\n\t<meta name=\"twitter:label2\" content=\"Est. tempo de leitura\" \/>\n\t<meta name=\"twitter:data2\" content=\"5 minutos\" \/>\n<script type=\"application\/ld+json\" class=\"yoast-schema-graph\">{\"@context\":\"https:\/\/schema.org\",\"@graph\":[{\"@type\":\"NewsArticle\",\"@id\":\"https:\/\/www.estrategiaconcursos.com.br\/blog\/gabarito-extraoficial-camara-de-goiania-2026\/#article\",\"isPartOf\":{\"@id\":\"https:\/\/www.estrategiaconcursos.com.br\/blog\/gabarito-extraoficial-camara-de-goiania-2026\/\"},\"author\":{\"name\":\"Bruna de Andrade Fran\u00e7a\",\"@id\":\"https:\/\/www.estrategiaconcursos.com.br\/blog\/#\/schema\/person\/6630f91134abc08115cca62ce6372855\"},\"headline\":\"Gabarito Extraoficial C\u00e2mara de Goi\u00e2nia: Agente Administrativo\",\"datePublished\":\"2026-03-15T18:09:00+00:00\",\"dateModified\":\"2026-03-15T18:09:48+00:00\",\"mainEntityOfPage\":{\"@id\":\"https:\/\/www.estrategiaconcursos.com.br\/blog\/gabarito-extraoficial-camara-de-goiania-2026\/\"},\"wordCount\":943,\"commentCount\":0,\"publisher\":{\"@id\":\"https:\/\/www.estrategiaconcursos.com.br\/blog\/#organization\"},\"image\":{\"@id\":\"https:\/\/www.estrategiaconcursos.com.br\/blog\/gabarito-extraoficial-camara-de-goiania-2026\/#primaryimage\"},\"thumbnailUrl\":\"https:\/\/dhg1h5j42swfq.cloudfront.net\/2026\/03\/15122647\/ytb_camara-goia.jpg\",\"articleSection\":[\"Legislativo\",\"\u00daltimas not\u00edcias\"],\"inLanguage\":\"pt-BR\",\"potentialAction\":[{\"@type\":\"CommentAction\",\"name\":\"Comment\",\"target\":[\"https:\/\/www.estrategiaconcursos.com.br\/blog\/gabarito-extraoficial-camara-de-goiania-2026\/#respond\"]}],\"copyrightYear\":\"2026\",\"copyrightHolder\":{\"@id\":\"https:\/\/www.estrategiaconcursos.com.br\/blog\/#organization\"}},{\"@type\":\"WebPage\",\"@id\":\"https:\/\/www.estrategiaconcursos.com.br\/blog\/gabarito-extraoficial-camara-de-goiania-2026\/\",\"url\":\"https:\/\/www.estrategiaconcursos.com.br\/blog\/gabarito-extraoficial-camara-de-goiania-2026\/\",\"name\":\"Gabarito Extraoficial C\u00e2mara de Goi\u00e2nia: Agente Administrativo\",\"isPartOf\":{\"@id\":\"https:\/\/www.estrategiaconcursos.com.br\/blog\/#website\"},\"primaryImageOfPage\":{\"@id\":\"https:\/\/www.estrategiaconcursos.com.br\/blog\/gabarito-extraoficial-camara-de-goiania-2026\/#primaryimage\"},\"image\":{\"@id\":\"https:\/\/www.estrategiaconcursos.com.br\/blog\/gabarito-extraoficial-camara-de-goiania-2026\/#primaryimage\"},\"thumbnailUrl\":\"https:\/\/dhg1h5j42swfq.cloudfront.net\/2026\/03\/15122647\/ytb_camara-goia.jpg\",\"datePublished\":\"2026-03-15T18:09:00+00:00\",\"dateModified\":\"2026-03-15T18:09:48+00:00\",\"description\":\"Neste domingo, 15 de mar\u00e7o, s\u00e3o aplicadas as provas do concurso C\u00e2mara de Goi\u00e2nia. Acompanhe a corre\u00e7\u00e3o e o gabarito extraoficial!\",\"breadcrumb\":{\"@id\":\"https:\/\/www.estrategiaconcursos.com.br\/blog\/gabarito-extraoficial-camara-de-goiania-2026\/#breadcrumb\"},\"inLanguage\":\"pt-BR\",\"potentialAction\":[{\"@type\":\"ReadAction\",\"target\":[\"https:\/\/www.estrategiaconcursos.com.br\/blog\/gabarito-extraoficial-camara-de-goiania-2026\/\"]}]},{\"@type\":\"ImageObject\",\"inLanguage\":\"pt-BR\",\"@id\":\"https:\/\/www.estrategiaconcursos.com.br\/blog\/gabarito-extraoficial-camara-de-goiania-2026\/#primaryimage\",\"url\":\"https:\/\/dhg1h5j42swfq.cloudfront.net\/2026\/03\/15122647\/ytb_camara-goia.jpg\",\"contentUrl\":\"https:\/\/dhg1h5j42swfq.cloudfront.net\/2026\/03\/15122647\/ytb_camara-goia.jpg\",\"width\":1280,\"height\":720,\"caption\":\"Gabarito Extraoficial C\u00e2mara de Goi\u00e2nia: Agente Administrativo\"},{\"@type\":\"BreadcrumbList\",\"@id\":\"https:\/\/www.estrategiaconcursos.com.br\/blog\/gabarito-extraoficial-camara-de-goiania-2026\/#breadcrumb\",\"itemListElement\":[{\"@type\":\"ListItem\",\"position\":1,\"name\":\"In\u00edcio\",\"item\":\"https:\/\/www.estrategiaconcursos.com.br\/blog\/\"},{\"@type\":\"ListItem\",\"position\":2,\"name\":\"Gabarito Extraoficial C\u00e2mara de Goi\u00e2nia: Agente Administrativo\"}]},{\"@type\":\"WebSite\",\"@id\":\"https:\/\/www.estrategiaconcursos.com.br\/blog\/#website\",\"url\":\"https:\/\/www.estrategiaconcursos.com.br\/blog\/\",\"name\":\"Estrat\u00e9gia Concursos\",\"description\":\"O blog da Estrat\u00e9gia Concursos traz not\u00edcias sobre concursos e artigos de professores oferecendo cursos para concursos (pdf + videaulas) no site.\",\"publisher\":{\"@id\":\"https:\/\/www.estrategiaconcursos.com.br\/blog\/#organization\"},\"potentialAction\":[{\"@type\":\"SearchAction\",\"target\":{\"@type\":\"EntryPoint\",\"urlTemplate\":\"https:\/\/www.estrategiaconcursos.com.br\/blog\/?s={search_term_string}\"},\"query-input\":{\"@type\":\"PropertyValueSpecification\",\"valueRequired\":true,\"valueName\":\"search_term_string\"}}],\"inLanguage\":\"pt-BR\"},{\"@type\":\"Organization\",\"@id\":\"https:\/\/www.estrategiaconcursos.com.br\/blog\/#organization\",\"name\":\"Estrat\u00e9gia Concursos\",\"url\":\"https:\/\/www.estrategiaconcursos.com.br\/blog\/\",\"logo\":{\"@type\":\"ImageObject\",\"inLanguage\":\"pt-BR\",\"@id\":\"https:\/\/www.estrategiaconcursos.com.br\/blog\/#\/schema\/logo\/image\/\",\"url\":\"https:\/\/dhg1h5j42swfq.cloudfront.net\/2025\/06\/03203428\/logo_concursos-1.jpg\",\"contentUrl\":\"https:\/\/dhg1h5j42swfq.cloudfront.net\/2025\/06\/03203428\/logo_concursos-1.jpg\",\"width\":230,\"height\":60,\"caption\":\"Estrat\u00e9gia Concursos\"},\"image\":{\"@id\":\"https:\/\/www.estrategiaconcursos.com.br\/blog\/#\/schema\/logo\/image\/\"},\"sameAs\":[\"https:\/\/x.com\/EstratConcursos\"]},{\"@type\":\"Person\",\"@id\":\"https:\/\/www.estrategiaconcursos.com.br\/blog\/#\/schema\/person\/6630f91134abc08115cca62ce6372855\",\"name\":\"Bruna de Andrade Fran\u00e7a\",\"image\":{\"@type\":\"ImageObject\",\"inLanguage\":\"pt-BR\",\"@id\":\"https:\/\/secure.gravatar.com\/avatar\/d6316d36d50cea0fadae28ed3015b8870cc90a2d3d8a95c37b44006af36a00e3?s=96&d=mm&r=g\",\"url\":\"https:\/\/secure.gravatar.com\/avatar\/d6316d36d50cea0fadae28ed3015b8870cc90a2d3d8a95c37b44006af36a00e3?s=96&d=mm&r=g\",\"contentUrl\":\"https:\/\/secure.gravatar.com\/avatar\/d6316d36d50cea0fadae28ed3015b8870cc90a2d3d8a95c37b44006af36a00e3?s=96&d=mm&r=g\",\"caption\":\"Bruna de Andrade Fran\u00e7a\"},\"description\":\"Bruna de Andrade Fran\u00e7a \u00e9 publicit\u00e1ria com p\u00f3s-gradua\u00e7\u00e3o em Marketing &amp; Growth, atuando h\u00e1 mais de 6 anos no universo dos concursos p\u00fablicos. Desde 2021, lidera no Blog do Estrat\u00e9gia Concursos a cobertura editorial especializada em Concursos Policiais (PF, PRF, PM, PC, etc.), al\u00e9m das frentes de concursos banc\u00e1rios, de sa\u00fade e da \u00e1rea legislativa. Especialista em reda\u00e7\u00e3o, com pr\u00e1ticas de SEO e Copywriting, possui tamb\u00e9m atua\u00e7\u00e3o pr\u00e1tica de contato direto com \u00f3rg\u00e3os p\u00fablicos respons\u00e1veis por editais, permitindo acesso antecipado a informa\u00e7\u00f5es, desdobramentos importantes e atualiza\u00e7\u00e3o eficiente dos concursos p\u00fablicos.\",\"url\":\"https:\/\/www.estrategiaconcursos.com.br\/blog\/author\/bruna-andrade\/\"}]}<\/script>\n<!-- \/ Yoast SEO Premium plugin. -->","yoast_head_json":{"title":"Gabarito Extraoficial C\u00e2mara de Goi\u00e2nia: Agente Administrativo","description":"Neste domingo, 15 de mar\u00e7o, s\u00e3o aplicadas as provas do concurso C\u00e2mara de Goi\u00e2nia. Acompanhe a corre\u00e7\u00e3o e o gabarito extraoficial!","robots":{"index":"index","follow":"follow","max-snippet":"max-snippet:-1","max-image-preview":"max-image-preview:large","max-video-preview":"max-video-preview:-1"},"canonical":"https:\/\/www.estrategiaconcursos.com.br\/blog\/gabarito-extraoficial-camara-de-goiania-2026\/","og_locale":"pt_BR","og_type":"article","og_title":"Gabarito Extraoficial C\u00e2mara de Goi\u00e2nia: Agente Administrativo","og_description":"Neste domingo, 15 de mar\u00e7o, s\u00e3o aplicadas as provas do concurso C\u00e2mara de Goi\u00e2nia. Acompanhe a corre\u00e7\u00e3o e o gabarito extraoficial!","og_url":"https:\/\/www.estrategiaconcursos.com.br\/blog\/gabarito-extraoficial-camara-de-goiania-2026\/","og_site_name":"Estrat\u00e9gia Concursos","article_published_time":"2026-03-15T18:09:00+00:00","article_modified_time":"2026-03-15T18:09:48+00:00","og_image":[{"width":1280,"height":720,"url":"https:\/\/dhg1h5j42swfq.cloudfront.net\/2026\/03\/15122647\/ytb_camara-goia.jpg","type":"image\/jpeg"}],"author":"Bruna de Andrade Fran\u00e7a","twitter_card":"summary_large_image","twitter_creator":"@EstratConcursos","twitter_site":"@EstratConcursos","twitter_misc":{"Escrito por":"Bruna de Andrade Fran\u00e7a","Est. tempo de leitura":"5 minutos"},"schema":{"@context":"https:\/\/schema.org","@graph":[{"@type":"NewsArticle","@id":"https:\/\/www.estrategiaconcursos.com.br\/blog\/gabarito-extraoficial-camara-de-goiania-2026\/#article","isPartOf":{"@id":"https:\/\/www.estrategiaconcursos.com.br\/blog\/gabarito-extraoficial-camara-de-goiania-2026\/"},"author":{"name":"Bruna de Andrade Fran\u00e7a","@id":"https:\/\/www.estrategiaconcursos.com.br\/blog\/#\/schema\/person\/6630f91134abc08115cca62ce6372855"},"headline":"Gabarito Extraoficial C\u00e2mara de Goi\u00e2nia: Agente Administrativo","datePublished":"2026-03-15T18:09:00+00:00","dateModified":"2026-03-15T18:09:48+00:00","mainEntityOfPage":{"@id":"https:\/\/www.estrategiaconcursos.com.br\/blog\/gabarito-extraoficial-camara-de-goiania-2026\/"},"wordCount":943,"commentCount":0,"publisher":{"@id":"https:\/\/www.estrategiaconcursos.com.br\/blog\/#organization"},"image":{"@id":"https:\/\/www.estrategiaconcursos.com.br\/blog\/gabarito-extraoficial-camara-de-goiania-2026\/#primaryimage"},"thumbnailUrl":"https:\/\/dhg1h5j42swfq.cloudfront.net\/2026\/03\/15122647\/ytb_camara-goia.jpg","articleSection":["Legislativo","\u00daltimas not\u00edcias"],"inLanguage":"pt-BR","potentialAction":[{"@type":"CommentAction","name":"Comment","target":["https:\/\/www.estrategiaconcursos.com.br\/blog\/gabarito-extraoficial-camara-de-goiania-2026\/#respond"]}],"copyrightYear":"2026","copyrightHolder":{"@id":"https:\/\/www.estrategiaconcursos.com.br\/blog\/#organization"}},{"@type":"WebPage","@id":"https:\/\/www.estrategiaconcursos.com.br\/blog\/gabarito-extraoficial-camara-de-goiania-2026\/","url":"https:\/\/www.estrategiaconcursos.com.br\/blog\/gabarito-extraoficial-camara-de-goiania-2026\/","name":"Gabarito Extraoficial C\u00e2mara de Goi\u00e2nia: Agente Administrativo","isPartOf":{"@id":"https:\/\/www.estrategiaconcursos.com.br\/blog\/#website"},"primaryImageOfPage":{"@id":"https:\/\/www.estrategiaconcursos.com.br\/blog\/gabarito-extraoficial-camara-de-goiania-2026\/#primaryimage"},"image":{"@id":"https:\/\/www.estrategiaconcursos.com.br\/blog\/gabarito-extraoficial-camara-de-goiania-2026\/#primaryimage"},"thumbnailUrl":"https:\/\/dhg1h5j42swfq.cloudfront.net\/2026\/03\/15122647\/ytb_camara-goia.jpg","datePublished":"2026-03-15T18:09:00+00:00","dateModified":"2026-03-15T18:09:48+00:00","description":"Neste domingo, 15 de mar\u00e7o, s\u00e3o aplicadas as provas do concurso C\u00e2mara de Goi\u00e2nia. Acompanhe a corre\u00e7\u00e3o e o gabarito extraoficial!","breadcrumb":{"@id":"https:\/\/www.estrategiaconcursos.com.br\/blog\/gabarito-extraoficial-camara-de-goiania-2026\/#breadcrumb"},"inLanguage":"pt-BR","potentialAction":[{"@type":"ReadAction","target":["https:\/\/www.estrategiaconcursos.com.br\/blog\/gabarito-extraoficial-camara-de-goiania-2026\/"]}]},{"@type":"ImageObject","inLanguage":"pt-BR","@id":"https:\/\/www.estrategiaconcursos.com.br\/blog\/gabarito-extraoficial-camara-de-goiania-2026\/#primaryimage","url":"https:\/\/dhg1h5j42swfq.cloudfront.net\/2026\/03\/15122647\/ytb_camara-goia.jpg","contentUrl":"https:\/\/dhg1h5j42swfq.cloudfront.net\/2026\/03\/15122647\/ytb_camara-goia.jpg","width":1280,"height":720,"caption":"Gabarito Extraoficial C\u00e2mara de Goi\u00e2nia: Agente Administrativo"},{"@type":"BreadcrumbList","@id":"https:\/\/www.estrategiaconcursos.com.br\/blog\/gabarito-extraoficial-camara-de-goiania-2026\/#breadcrumb","itemListElement":[{"@type":"ListItem","position":1,"name":"In\u00edcio","item":"https:\/\/www.estrategiaconcursos.com.br\/blog\/"},{"@type":"ListItem","position":2,"name":"Gabarito Extraoficial C\u00e2mara de Goi\u00e2nia: Agente Administrativo"}]},{"@type":"WebSite","@id":"https:\/\/www.estrategiaconcursos.com.br\/blog\/#website","url":"https:\/\/www.estrategiaconcursos.com.br\/blog\/","name":"Estrat\u00e9gia Concursos","description":"O blog da Estrat\u00e9gia Concursos traz not\u00edcias sobre concursos e artigos de professores oferecendo cursos para concursos (pdf + videaulas) no site.","publisher":{"@id":"https:\/\/www.estrategiaconcursos.com.br\/blog\/#organization"},"potentialAction":[{"@type":"SearchAction","target":{"@type":"EntryPoint","urlTemplate":"https:\/\/www.estrategiaconcursos.com.br\/blog\/?s={search_term_string}"},"query-input":{"@type":"PropertyValueSpecification","valueRequired":true,"valueName":"search_term_string"}}],"inLanguage":"pt-BR"},{"@type":"Organization","@id":"https:\/\/www.estrategiaconcursos.com.br\/blog\/#organization","name":"Estrat\u00e9gia Concursos","url":"https:\/\/www.estrategiaconcursos.com.br\/blog\/","logo":{"@type":"ImageObject","inLanguage":"pt-BR","@id":"https:\/\/www.estrategiaconcursos.com.br\/blog\/#\/schema\/logo\/image\/","url":"https:\/\/dhg1h5j42swfq.cloudfront.net\/2025\/06\/03203428\/logo_concursos-1.jpg","contentUrl":"https:\/\/dhg1h5j42swfq.cloudfront.net\/2025\/06\/03203428\/logo_concursos-1.jpg","width":230,"height":60,"caption":"Estrat\u00e9gia Concursos"},"image":{"@id":"https:\/\/www.estrategiaconcursos.com.br\/blog\/#\/schema\/logo\/image\/"},"sameAs":["https:\/\/x.com\/EstratConcursos"]},{"@type":"Person","@id":"https:\/\/www.estrategiaconcursos.com.br\/blog\/#\/schema\/person\/6630f91134abc08115cca62ce6372855","name":"Bruna de Andrade Fran\u00e7a","image":{"@type":"ImageObject","inLanguage":"pt-BR","@id":"https:\/\/secure.gravatar.com\/avatar\/d6316d36d50cea0fadae28ed3015b8870cc90a2d3d8a95c37b44006af36a00e3?s=96&d=mm&r=g","url":"https:\/\/secure.gravatar.com\/avatar\/d6316d36d50cea0fadae28ed3015b8870cc90a2d3d8a95c37b44006af36a00e3?s=96&d=mm&r=g","contentUrl":"https:\/\/secure.gravatar.com\/avatar\/d6316d36d50cea0fadae28ed3015b8870cc90a2d3d8a95c37b44006af36a00e3?s=96&d=mm&r=g","caption":"Bruna de Andrade Fran\u00e7a"},"description":"Bruna de Andrade Fran\u00e7a \u00e9 publicit\u00e1ria com p\u00f3s-gradua\u00e7\u00e3o em Marketing &amp; Growth, atuando h\u00e1 mais de 6 anos no universo dos concursos p\u00fablicos. Desde 2021, lidera no Blog do Estrat\u00e9gia Concursos a cobertura editorial especializada em Concursos Policiais (PF, PRF, PM, PC, etc.), al\u00e9m das frentes de concursos banc\u00e1rios, de sa\u00fade e da \u00e1rea legislativa. Especialista em reda\u00e7\u00e3o, com pr\u00e1ticas de SEO e Copywriting, possui tamb\u00e9m atua\u00e7\u00e3o pr\u00e1tica de contato direto com \u00f3rg\u00e3os p\u00fablicos respons\u00e1veis por editais, permitindo acesso antecipado a informa\u00e7\u00f5es, desdobramentos importantes e atualiza\u00e7\u00e3o eficiente dos concursos p\u00fablicos.","url":"https:\/\/www.estrategiaconcursos.com.br\/blog\/author\/bruna-andrade\/"}]}},"_links":{"self":[{"href":"https:\/\/www.estrategiaconcursos.com.br\/blog\/wp-json\/wp\/v2\/posts\/1728822","targetHints":{"allow":["GET"]}}],"collection":[{"href":"https:\/\/www.estrategiaconcursos.com.br\/blog\/wp-json\/wp\/v2\/posts"}],"about":[{"href":"https:\/\/www.estrategiaconcursos.com.br\/blog\/wp-json\/wp\/v2\/types\/post"}],"author":[{"embeddable":true,"href":"https:\/\/www.estrategiaconcursos.com.br\/blog\/wp-json\/wp\/v2\/users\/1206"}],"replies":[{"embeddable":true,"href":"https:\/\/www.estrategiaconcursos.com.br\/blog\/wp-json\/wp\/v2\/comments?post=1728822"}],"version-history":[{"count":10,"href":"https:\/\/www.estrategiaconcursos.com.br\/blog\/wp-json\/wp\/v2\/posts\/1728822\/revisions"}],"predecessor-version":[{"id":1734614,"href":"https:\/\/www.estrategiaconcursos.com.br\/blog\/wp-json\/wp\/v2\/posts\/1728822\/revisions\/1734614"}],"wp:featuredmedia":[{"embeddable":true,"href":"https:\/\/www.estrategiaconcursos.com.br\/blog\/wp-json\/wp\/v2\/media\/1734589"}],"wp:attachment":[{"href":"https:\/\/www.estrategiaconcursos.com.br\/blog\/wp-json\/wp\/v2\/media?parent=1728822"}],"wp:term":[{"taxonomy":"category","embeddable":true,"href":"https:\/\/www.estrategiaconcursos.com.br\/blog\/wp-json\/wp\/v2\/categories?post=1728822"},{"taxonomy":"post_tag","embeddable":true,"href":"https:\/\/www.estrategiaconcursos.com.br\/blog\/wp-json\/wp\/v2\/tags?post=1728822"},{"taxonomy":"tax_estado","embeddable":true,"href":"https:\/\/www.estrategiaconcursos.com.br\/blog\/wp-json\/wp\/v2\/tax_estado?post=1728822"}],"curies":[{"name":"wp","href":"https:\/\/api.w.org\/{rel}","templated":true}]}}