{"id":1728788,"date":"2026-03-10T10:20:46","date_gmt":"2026-03-10T13:20:46","guid":{"rendered":"https:\/\/www.estrategiaconcursos.com.br\/blog\/?p=1728788"},"modified":"2026-03-10T10:20:49","modified_gmt":"2026-03-10T13:20:49","slug":"concurso-sema-am-2026-gabaritos","status":"publish","type":"post","link":"https:\/\/www.estrategiaconcursos.com.br\/blog\/concurso-sema-am-2026-gabaritos\/","title":{"rendered":"Concurso SEMA AM: liberada consulta aos gabaritos!"},"content":{"rendered":"\n<p>Com provas aplicadas no \u00faltimo domingo, dia 8 de mar\u00e7o, os candidatos do concurso da <strong><a href=\"https:\/\/www.estrategiaconcursos.com.br\/pesquisa\/?q=SEMA+AM\" target=\"_blank\" rel=\"noreferrer noopener\">Secretaria de Meio Ambiente do Amazonas<\/a>\u00a0(SEMA AM)<\/strong> j\u00e1 podem conferi os gabaritos preliminares da etapa.<\/p>\n\n\n\n<p>A consulta deve ser feita individualmente por meio de <a href=\"https:\/\/security.cebraspe.org.br\/SEMA_AM_25\/Recursos\/Objetiva\/GabaritoPreliminar_63DEEBCA-9E75-4B99\/\" target=\"_blank\" rel=\"noreferrer noopener\">link espec\u00edfico<\/a> no site da banca organizadora, o Cebraspe, at\u00e9 as 18 horas (hor\u00e1rio oficial de Bras\u00edlia\/DF) do dia 12 de mar\u00e7o.<\/p>\n\n\n\n<figure class=\"wp-block-image aligncenter size-large\"><img loading=\"lazy\" decoding=\"async\" width=\"1024\" height=\"588\" src=\"https:\/\/dhg1h5j42swfq.cloudfront.net\/2026\/03\/10101134\/sema-am-gabaritos-1024x588.jpg\" alt=\"Concurso SEMA AM: liberada consulta aos gabaritos!\n\" class=\"wp-image-1728811\" srcset=\"https:\/\/dhg1h5j42swfq.cloudfront.net\/2026\/03\/10101134\/sema-am-gabaritos-1024x588.jpg 1024w, https:\/\/dhg1h5j42swfq.cloudfront.net\/2026\/03\/10101134\/sema-am-gabaritos-300x172.jpg 300w, https:\/\/dhg1h5j42swfq.cloudfront.net\/2026\/03\/10101134\/sema-am-gabaritos-768x441.jpg 768w, https:\/\/dhg1h5j42swfq.cloudfront.net\/2026\/03\/10101134\/sema-am-gabaritos-150x86.jpg 150w, https:\/\/dhg1h5j42swfq.cloudfront.net\/2026\/03\/10101134\/sema-am-gabaritos.jpg 1133w\" sizes=\"auto, (max-width: 1024px) 100vw, 1024px\" \/><\/figure>\n\n\n\n<p><strong>Recursos <\/strong>ser\u00e3o aceitos no per\u00edodo de 10h de 11 de mar\u00e7o \u00e0s 18h de 12 de mar\u00e7o.<\/p>\n\n\n\n<p>O candidato poder\u00e1, ainda, no mesmo per\u00edodo mencionado, apresentar raz\u00f5es para a <strong>manuten\u00e7\u00e3o <\/strong>do gabarito.<\/p>\n\n\n\n<div class=\"container\" id=\"boxes\">\n  <div class=\"row\">\n\n    <div class=\"col-sm\">\n      <div class=\"banner-estrat-corj\" id=\"box-assinatura\">\n        <h2 class=\"titulo-assinatura\" style=\"text-align: left;\">Cursos para o Concurso SEMA AM<\/h2>\n        <p class=\"subtitulo-assinatura\" style=\"text-align: left;\">Estude com quem mais aprova!<\/p>\n        <div class=\"box-botao\" style=\"text-align: left;\">\n          <a class=\"btn-assinatura\" target=\"_blank\" href=\"https:\/\/www.estrategiaconcursos.com.br\/pesquisa\/?q=SEMA+AM\" role=\"button\" rel=\"noopener noreferrer\">CLIQUE AQUI<\/a>\n        <\/div>\n      <\/div><\/div><\/div><\/div>\n\n\n\n<p>Os candidatos disputam <strong>159 vagas imediatas mais<\/strong>\u00a0<strong>318 em cadastro de reserva<\/strong>. No total, foram registrados 19.899 inscritos. <em><a href=\"https:\/\/dhg1h5j42swfq.cloudfront.net\/2026\/02\/27192443\/04f94011d21f57b1d3f834fef8cdda99eb3d15071ee84623c2368b1f606797d9.pdf\" target=\"_blank\" rel=\"noreferrer noopener\">Veja a demanda de inscritos<\/a>.<\/em><\/p>\n\n\n\n<ul class=\"wp-block-list\">\n<li><strong>Analista Ambiental:<\/strong>\u00a055 vagas + 110 CR;<\/li>\n\n\n\n<li><strong>T\u00e9cnico de N\u00edvel Superior:<\/strong>\u00a037 vagas + 74 CR; e<\/li>\n\n\n\n<li><strong>Assistente Ambiental:<\/strong>\u00a067 vagas + 134 CR.<\/li>\n<\/ul>\n\n\n\n<h3 class=\"wp-block-heading\" id=\"h-cronograma-das-proximas-etapas-do-concurso-sema-am\">Cronograma das pr\u00f3ximas etapas do concurso SEMA AM<\/h3>\n\n\n\n<figure class=\"wp-block-table is-style-stripes\"><table class=\"has-fixed-layout\"><thead><tr><td class=\"has-text-align-center\" data-align=\"center\"><strong>Atividade<\/strong><\/td><td class=\"has-text-align-center\" data-align=\"center\"><strong>Data \/ Per\u00edodo<\/strong><\/td><\/tr><\/thead><tbody><tr><td class=\"has-text-align-center\" data-align=\"center\">Consulta individual aos gabaritos oficiais preliminares das provas objetivas<\/td><td class=\"has-text-align-center\" data-align=\"center\">10 a 12\/03\/2026<\/td><\/tr><tr><td class=\"has-text-align-center\" data-align=\"center\">Prazo para interposi\u00e7\u00e3o de recursos quanto \u00e0s quest\u00f5es e\/ou gabaritos preliminares<\/td><td class=\"has-text-align-center\" data-align=\"center\">11 e 12\/03\/2026<\/td><\/tr><tr><td class=\"has-text-align-center\" data-align=\"center\">Divulga\u00e7\u00e3o dos gabaritos preliminares das provas objetivas<\/td><td class=\"has-text-align-center\" data-align=\"center\">13\/03\/2026<\/td><\/tr><tr><td class=\"has-text-align-center\" data-align=\"center\">Edital de candidatos n\u00e3o eliminados e convoca\u00e7\u00e3o para an\u00e1lise documental (PCD)<\/td><td class=\"has-text-align-center\" data-align=\"center\">07\/04\/2026<\/td><\/tr><tr><td class=\"has-text-align-center\" data-align=\"center\">Upload da documenta\u00e7\u00e3o comprobat\u00f3ria para caracteriza\u00e7\u00e3o da defici\u00eancia<\/td><td class=\"has-text-align-center\" data-align=\"center\">08 e 09\/04\/2026<\/td><\/tr><tr><td class=\"has-text-align-center\" data-align=\"center\">Resultado provis\u00f3rio da an\u00e1lise documental (PCD)<\/td><td class=\"has-text-align-center\" data-align=\"center\">20\/04\/2026<\/td><\/tr><tr><td class=\"has-text-align-center\" data-align=\"center\">Resultado final da an\u00e1lise documental e convoca\u00e7\u00e3o para an\u00e1lise presencial (PCD)<\/td><td class=\"has-text-align-center\" data-align=\"center\">05\/05\/2026<\/td><\/tr><tr><td class=\"has-text-align-center\" data-align=\"center\">Realiza\u00e7\u00e3o do procedimento de an\u00e1lise presencial (PCD)<\/td><td class=\"has-text-align-center\" data-align=\"center\">10\/05\/2026<\/td><\/tr><tr><td class=\"has-text-align-center\" data-align=\"center\">Resultado provis\u00f3rio da an\u00e1lise presencial (PCD)<\/td><td class=\"has-text-align-center\" data-align=\"center\">19\/05\/2026<\/td><\/tr><tr><td class=\"has-text-align-center\" data-align=\"center\">Resultado final PCD, resultado final provas objetivas e convoca\u00e7\u00e3o Prova de T\u00edtulos<\/td><td class=\"has-text-align-center\" data-align=\"center\">29\/05\/2026<\/td><\/tr><tr><td class=\"has-text-align-center\" data-align=\"center\">Upload de documenta\u00e7\u00e3o para a Avalia\u00e7\u00e3o de T\u00edtulos<\/td><td class=\"has-text-align-center\" data-align=\"center\">1\u00ba e 02\/06\/2026<\/td><\/tr><tr><td class=\"has-text-align-center\" data-align=\"center\">Resultado provis\u00f3rio da avalia\u00e7\u00e3o de t\u00edtulos<\/td><td class=\"has-text-align-center\" data-align=\"center\">15\/06\/2026<\/td><\/tr><tr><td class=\"has-text-align-center\" data-align=\"center\">Resultado final na avalia\u00e7\u00e3o de t\u00edtulos e <strong>Resultado Final no Concurso<\/strong><\/td><td class=\"has-text-align-center\" data-align=\"center\">30\/06\/2026<\/td><\/tr><\/tbody><\/table><\/figure>\n\n\n\n<hr class=\"wp-block-separator has-alpha-channel-opacity is-style-dots\"\/>\n\n\n\n<p class=\"has-text-align-center\"><em>Para ficar por dentro de todas as informa\u00e7\u00f5es sobre o concurso SEMA AM, al\u00e9m dos gabaritos, n\u00e3o deixe de conferir nosso artigo completo sobre a sele\u00e7\u00e3o:<\/em><\/p>\n\n\n\n<p class=\"has-text-align-center has-background\" style=\"background-color:#f6f6f6;font-size:clamp(14.642px, 0.915rem + ((1vw - 3.2px) * 0.721), 22px);\"><strong>Saiba mais: <a href=\"https:\/\/www.estrategiaconcursos.com.br\/blog\/concurso-sema-am\/\" target=\"_blank\" rel=\"noreferrer noopener\">SEMA AM<\/a><\/strong><\/p>\n\n\n\n<hr class=\"wp-block-separator has-alpha-channel-opacity\"\/>\n\n\n\n<h2 class=\"wp-block-heading has-text-align-center\" id=\"cursos\">Quer estudar para o concurso SEMA AM?<\/h2>\n\n\n\n<div class=\"container\" id=\"boxes\">\n  <div class=\"row\">\n\n    <div class=\"col-sm\">\n      <div class=\"estrategia\" id=\"box-assinatura\">\n        <h3 class=\"titulo-assinatura\">Assinatura Concursos<\/h3>\n        <p class=\"subtitulo-assinatura\">Assinatura de 1 ano ou 2 anos<\/p>\n        <div class=\"box-botao\">\n          <a class=\"btn-assinatura\" target=\"_blank\" href=\"https:\/\/www.estrategiaconcursos.com.br\/assinaturas\/\" role=\"button\" rel=\"noopener noreferrer\">ASSINE AGORA<\/a>\n        <\/div>\n      <\/div><\/div><\/div><\/div>\n\n\n\n<h2 class=\"wp-block-heading has-text-align-center\" id=\"h-quer-saber-tudo-sobre-concursos-previstos-confira-nossos-artigos\">Quer saber tudo sobre concursos previstos?<br \/>Confira  nossos artigos!<\/h2>\n\n\n\n<ul class=\"wp-block-list\">\n<li><a href=\"https:\/\/www.estrategiaconcursos.com.br\/blog\/concursos-abertos\/\" target=\"_blank\" rel=\"noreferrer noopener\">Concursos Abertos<\/a><\/li>\n\n\n\n<li><a href=\"https:\/\/www.estrategiaconcursos.com.br\/blog\/concursos-ambientais\/\" target=\"_blank\" rel=\"noreferrer noopener\">Concursos Ambientais<\/a><\/li>\n\n\n\n<li><a href=\"https:\/\/www.estrategiaconcursos.com.br\/blog\/concursos-2026\/\" target=\"_blank\" rel=\"noreferrer noopener\">Concursos 2026<\/a><\/li>\n\n\n\n<li><a href=\"https:\/\/www.estrategiaconcursos.com.br\/blog\/concursos-am\/\" target=\"_blank\" rel=\"noreferrer noopener\">Concursos AM<\/a><\/li>\n<\/ul>\n","protected":false},"excerpt":{"rendered":"<p>Com provas aplicadas no \u00faltimo domingo, dia 8 de mar\u00e7o, os candidatos do concurso da Secretaria de Meio Ambiente do Amazonas\u00a0(SEMA AM) j\u00e1 podem conferi os gabaritos preliminares da etapa. A consulta deve ser feita individualmente por meio de link espec\u00edfico no site da banca organizadora, o Cebraspe, at\u00e9 as 18 horas (hor\u00e1rio oficial de [&hellip;]<\/p>\n","protected":false},"author":659,"featured_media":1653671,"comment_status":"open","ping_status":"closed","sticky":false,"template":"","format":"standard","meta":{"post_tipo":"news","footnotes":""},"categories":[214992,220219],"tags":[],"tax_estado":[219966],"class_list":["post-1728788","post","type-post","status-publish","format-standard","has-post-thumbnail","hentry","category-concursos-administrativos","category-noticias","tax_estado-am"],"acf":[],"yoast_head":"<!-- This site is optimized with the Yoast SEO Premium plugin v27.2 (Yoast SEO v27.2) - https:\/\/yoast.com\/product\/yoast-seo-premium-wordpress\/ -->\n<title>Concurso SEMA AM: liberada consulta aos gabaritos!<\/title>\n<meta name=\"description\" content=\"Confira os gabaritos preliminares do concurso SEMA AM e saiba como consultar individualmente no site do Cebraspe.\" \/>\n<meta name=\"robots\" content=\"index, follow, max-snippet:-1, max-image-preview:large, max-video-preview:-1\" \/>\n<link rel=\"canonical\" href=\"https:\/\/www.estrategiaconcursos.com.br\/blog\/concurso-sema-am-2026-gabaritos\/\" \/>\n<meta property=\"og:locale\" content=\"pt_BR\" \/>\n<meta property=\"og:type\" content=\"article\" \/>\n<meta property=\"og:title\" content=\"Concurso SEMA AM: liberada consulta aos gabaritos!\" \/>\n<meta property=\"og:description\" content=\"Confira os gabaritos preliminares do concurso SEMA AM e saiba como consultar individualmente no site do Cebraspe.\" \/>\n<meta property=\"og:url\" content=\"https:\/\/www.estrategiaconcursos.com.br\/blog\/concurso-sema-am-2026-gabaritos\/\" \/>\n<meta property=\"og:site_name\" content=\"Estrat\u00e9gia Concursos\" \/>\n<meta property=\"article:published_time\" content=\"2026-03-10T13:20:46+00:00\" \/>\n<meta property=\"article:modified_time\" content=\"2026-03-10T13:20:49+00:00\" \/>\n<meta property=\"og:image\" content=\"https:\/\/dhg1h5j42swfq.cloudfront.net\/2025\/10\/10171353\/sema-am.jpg\" \/>\n\t<meta property=\"og:image:width\" content=\"768\" \/>\n\t<meta property=\"og:image:height\" content=\"432\" \/>\n\t<meta property=\"og:image:type\" content=\"image\/jpeg\" \/>\n<meta name=\"author\" content=\"Camila Leite\" \/>\n<meta name=\"twitter:card\" content=\"summary_large_image\" \/>\n<meta name=\"twitter:creator\" content=\"@EstratConcursos\" \/>\n<meta name=\"twitter:site\" content=\"@EstratConcursos\" \/>\n<meta name=\"twitter:label1\" content=\"Escrito por\" \/>\n\t<meta name=\"twitter:data1\" content=\"Camila Leite\" \/>\n\t<meta name=\"twitter:label2\" content=\"Est. tempo de leitura\" \/>\n\t<meta name=\"twitter:data2\" content=\"2 minutos\" \/>\n<script type=\"application\/ld+json\" class=\"yoast-schema-graph\">{\"@context\":\"https:\/\/schema.org\",\"@graph\":[{\"@type\":\"NewsArticle\",\"@id\":\"https:\/\/www.estrategiaconcursos.com.br\/blog\/concurso-sema-am-2026-gabaritos\/#article\",\"isPartOf\":{\"@id\":\"https:\/\/www.estrategiaconcursos.com.br\/blog\/concurso-sema-am-2026-gabaritos\/\"},\"author\":{\"name\":\"Camila Leite\",\"@id\":\"https:\/\/www.estrategiaconcursos.com.br\/blog\/#\/schema\/person\/84ecdc6eb58d3cf1689bf76c5cd8fb38\"},\"headline\":\"Concurso SEMA AM: liberada consulta aos gabaritos!\",\"datePublished\":\"2026-03-10T13:20:46+00:00\",\"dateModified\":\"2026-03-10T13:20:49+00:00\",\"mainEntityOfPage\":{\"@id\":\"https:\/\/www.estrategiaconcursos.com.br\/blog\/concurso-sema-am-2026-gabaritos\/\"},\"wordCount\":385,\"commentCount\":0,\"publisher\":{\"@id\":\"https:\/\/www.estrategiaconcursos.com.br\/blog\/#organization\"},\"image\":{\"@id\":\"https:\/\/www.estrategiaconcursos.com.br\/blog\/concurso-sema-am-2026-gabaritos\/#primaryimage\"},\"thumbnailUrl\":\"https:\/\/dhg1h5j42swfq.cloudfront.net\/2025\/10\/10171353\/sema-am.jpg\",\"articleSection\":[\"Executivo (Administrativa)\",\"\u00daltimas not\u00edcias\"],\"inLanguage\":\"pt-BR\",\"potentialAction\":[{\"@type\":\"CommentAction\",\"name\":\"Comment\",\"target\":[\"https:\/\/www.estrategiaconcursos.com.br\/blog\/concurso-sema-am-2026-gabaritos\/#respond\"]}],\"copyrightYear\":\"2026\",\"copyrightHolder\":{\"@id\":\"https:\/\/www.estrategiaconcursos.com.br\/blog\/#organization\"}},{\"@type\":\"WebPage\",\"@id\":\"https:\/\/www.estrategiaconcursos.com.br\/blog\/concurso-sema-am-2026-gabaritos\/\",\"url\":\"https:\/\/www.estrategiaconcursos.com.br\/blog\/concurso-sema-am-2026-gabaritos\/\",\"name\":\"Concurso SEMA AM: liberada consulta aos gabaritos!\",\"isPartOf\":{\"@id\":\"https:\/\/www.estrategiaconcursos.com.br\/blog\/#website\"},\"primaryImageOfPage\":{\"@id\":\"https:\/\/www.estrategiaconcursos.com.br\/blog\/concurso-sema-am-2026-gabaritos\/#primaryimage\"},\"image\":{\"@id\":\"https:\/\/www.estrategiaconcursos.com.br\/blog\/concurso-sema-am-2026-gabaritos\/#primaryimage\"},\"thumbnailUrl\":\"https:\/\/dhg1h5j42swfq.cloudfront.net\/2025\/10\/10171353\/sema-am.jpg\",\"datePublished\":\"2026-03-10T13:20:46+00:00\",\"dateModified\":\"2026-03-10T13:20:49+00:00\",\"description\":\"Confira os gabaritos preliminares do concurso SEMA AM e saiba como consultar individualmente no site do Cebraspe.\",\"breadcrumb\":{\"@id\":\"https:\/\/www.estrategiaconcursos.com.br\/blog\/concurso-sema-am-2026-gabaritos\/#breadcrumb\"},\"inLanguage\":\"pt-BR\",\"potentialAction\":[{\"@type\":\"ReadAction\",\"target\":[\"https:\/\/www.estrategiaconcursos.com.br\/blog\/concurso-sema-am-2026-gabaritos\/\"]}]},{\"@type\":\"ImageObject\",\"inLanguage\":\"pt-BR\",\"@id\":\"https:\/\/www.estrategiaconcursos.com.br\/blog\/concurso-sema-am-2026-gabaritos\/#primaryimage\",\"url\":\"https:\/\/dhg1h5j42swfq.cloudfront.net\/2025\/10\/10171353\/sema-am.jpg\",\"contentUrl\":\"https:\/\/dhg1h5j42swfq.cloudfront.net\/2025\/10\/10171353\/sema-am.jpg\",\"width\":768,\"height\":432,\"caption\":\"concurso SEMA AM Termo de Refer\u00eancia\"},{\"@type\":\"BreadcrumbList\",\"@id\":\"https:\/\/www.estrategiaconcursos.com.br\/blog\/concurso-sema-am-2026-gabaritos\/#breadcrumb\",\"itemListElement\":[{\"@type\":\"ListItem\",\"position\":1,\"name\":\"In\u00edcio\",\"item\":\"https:\/\/www.estrategiaconcursos.com.br\/blog\/\"},{\"@type\":\"ListItem\",\"position\":2,\"name\":\"Concurso SEMA AM: liberada consulta aos gabaritos!\"}]},{\"@type\":\"WebSite\",\"@id\":\"https:\/\/www.estrategiaconcursos.com.br\/blog\/#website\",\"url\":\"https:\/\/www.estrategiaconcursos.com.br\/blog\/\",\"name\":\"Estrat\u00e9gia Concursos\",\"description\":\"O blog da Estrat\u00e9gia Concursos traz not\u00edcias sobre concursos e artigos de professores oferecendo cursos para concursos (pdf + videaulas) no site.\",\"publisher\":{\"@id\":\"https:\/\/www.estrategiaconcursos.com.br\/blog\/#organization\"},\"potentialAction\":[{\"@type\":\"SearchAction\",\"target\":{\"@type\":\"EntryPoint\",\"urlTemplate\":\"https:\/\/www.estrategiaconcursos.com.br\/blog\/?s={search_term_string}\"},\"query-input\":{\"@type\":\"PropertyValueSpecification\",\"valueRequired\":true,\"valueName\":\"search_term_string\"}}],\"inLanguage\":\"pt-BR\"},{\"@type\":\"Organization\",\"@id\":\"https:\/\/www.estrategiaconcursos.com.br\/blog\/#organization\",\"name\":\"Estrat\u00e9gia Concursos\",\"url\":\"https:\/\/www.estrategiaconcursos.com.br\/blog\/\",\"logo\":{\"@type\":\"ImageObject\",\"inLanguage\":\"pt-BR\",\"@id\":\"https:\/\/www.estrategiaconcursos.com.br\/blog\/#\/schema\/logo\/image\/\",\"url\":\"https:\/\/dhg1h5j42swfq.cloudfront.net\/2025\/06\/03203428\/logo_concursos-1.jpg\",\"contentUrl\":\"https:\/\/dhg1h5j42swfq.cloudfront.net\/2025\/06\/03203428\/logo_concursos-1.jpg\",\"width\":230,\"height\":60,\"caption\":\"Estrat\u00e9gia Concursos\"},\"image\":{\"@id\":\"https:\/\/www.estrategiaconcursos.com.br\/blog\/#\/schema\/logo\/image\/\"},\"sameAs\":[\"https:\/\/x.com\/EstratConcursos\"]},{\"@type\":\"Person\",\"@id\":\"https:\/\/www.estrategiaconcursos.com.br\/blog\/#\/schema\/person\/84ecdc6eb58d3cf1689bf76c5cd8fb38\",\"name\":\"Camila Leite\",\"image\":{\"@type\":\"ImageObject\",\"inLanguage\":\"pt-BR\",\"@id\":\"https:\/\/secure.gravatar.com\/avatar\/f2f8faef639c8a2bfb7fb909912a56917f4c3a0aed064500168e2fb8ea55cf61?s=96&d=mm&r=g\",\"url\":\"https:\/\/secure.gravatar.com\/avatar\/f2f8faef639c8a2bfb7fb909912a56917f4c3a0aed064500168e2fb8ea55cf61?s=96&d=mm&r=g\",\"contentUrl\":\"https:\/\/secure.gravatar.com\/avatar\/f2f8faef639c8a2bfb7fb909912a56917f4c3a0aed064500168e2fb8ea55cf61?s=96&d=mm&r=g\",\"caption\":\"Camila Leite\"},\"description\":\"Formada em Design Gr\u00e1fico e em Propaganda e Marketing pela UNIP, integra a equipe de jornalismo do Estrat\u00e9gia Concursos desde 2018. Ao longo dos anos, construiu uma s\u00f3lida experi\u00eancia na produ\u00e7\u00e3o de conte\u00fado informativo e relevante para concurseiros. Desde 2020, atua na cobertura das \u00e1reas Fiscal \u2014 com \u00eanfase nas Secretarias de Fazenda (Sefaz) das regi\u00f5es Sul e Sudeste \u2014, al\u00e9m da cobertura de concursos federais, como CNU, Petrobras, CGU, Receita Federal, ag\u00eancias reguladoras (Anvisa, ANAC, entre outras) e INSS. Mant\u00e9m contato direto com os principais \u00f3rg\u00e3os p\u00fablicos, acompanhando editais, atualiza\u00e7\u00f5es e movimenta\u00e7\u00f5es importantes para os candidatos.\",\"sameAs\":[\"https:\/\/www.linkedin.com\/in\/camila-pinheiro-leite-9ba135b6\/\"],\"url\":\"https:\/\/www.estrategiaconcursos.com.br\/blog\/author\/camila-leiteestrategiaconcursos-com-br\/\"}]}<\/script>\n<!-- \/ Yoast SEO Premium plugin. -->","yoast_head_json":{"title":"Concurso SEMA AM: liberada consulta aos gabaritos!","description":"Confira os gabaritos preliminares do concurso SEMA AM e saiba como consultar individualmente no site do Cebraspe.","robots":{"index":"index","follow":"follow","max-snippet":"max-snippet:-1","max-image-preview":"max-image-preview:large","max-video-preview":"max-video-preview:-1"},"canonical":"https:\/\/www.estrategiaconcursos.com.br\/blog\/concurso-sema-am-2026-gabaritos\/","og_locale":"pt_BR","og_type":"article","og_title":"Concurso SEMA AM: liberada consulta aos gabaritos!","og_description":"Confira os gabaritos preliminares do concurso SEMA AM e saiba como consultar individualmente no site do Cebraspe.","og_url":"https:\/\/www.estrategiaconcursos.com.br\/blog\/concurso-sema-am-2026-gabaritos\/","og_site_name":"Estrat\u00e9gia Concursos","article_published_time":"2026-03-10T13:20:46+00:00","article_modified_time":"2026-03-10T13:20:49+00:00","og_image":[{"width":768,"height":432,"url":"https:\/\/dhg1h5j42swfq.cloudfront.net\/2025\/10\/10171353\/sema-am.jpg","type":"image\/jpeg"}],"author":"Camila Leite","twitter_card":"summary_large_image","twitter_creator":"@EstratConcursos","twitter_site":"@EstratConcursos","twitter_misc":{"Escrito por":"Camila Leite","Est. tempo de leitura":"2 minutos"},"schema":{"@context":"https:\/\/schema.org","@graph":[{"@type":"NewsArticle","@id":"https:\/\/www.estrategiaconcursos.com.br\/blog\/concurso-sema-am-2026-gabaritos\/#article","isPartOf":{"@id":"https:\/\/www.estrategiaconcursos.com.br\/blog\/concurso-sema-am-2026-gabaritos\/"},"author":{"name":"Camila Leite","@id":"https:\/\/www.estrategiaconcursos.com.br\/blog\/#\/schema\/person\/84ecdc6eb58d3cf1689bf76c5cd8fb38"},"headline":"Concurso SEMA AM: liberada consulta aos gabaritos!","datePublished":"2026-03-10T13:20:46+00:00","dateModified":"2026-03-10T13:20:49+00:00","mainEntityOfPage":{"@id":"https:\/\/www.estrategiaconcursos.com.br\/blog\/concurso-sema-am-2026-gabaritos\/"},"wordCount":385,"commentCount":0,"publisher":{"@id":"https:\/\/www.estrategiaconcursos.com.br\/blog\/#organization"},"image":{"@id":"https:\/\/www.estrategiaconcursos.com.br\/blog\/concurso-sema-am-2026-gabaritos\/#primaryimage"},"thumbnailUrl":"https:\/\/dhg1h5j42swfq.cloudfront.net\/2025\/10\/10171353\/sema-am.jpg","articleSection":["Executivo (Administrativa)","\u00daltimas not\u00edcias"],"inLanguage":"pt-BR","potentialAction":[{"@type":"CommentAction","name":"Comment","target":["https:\/\/www.estrategiaconcursos.com.br\/blog\/concurso-sema-am-2026-gabaritos\/#respond"]}],"copyrightYear":"2026","copyrightHolder":{"@id":"https:\/\/www.estrategiaconcursos.com.br\/blog\/#organization"}},{"@type":"WebPage","@id":"https:\/\/www.estrategiaconcursos.com.br\/blog\/concurso-sema-am-2026-gabaritos\/","url":"https:\/\/www.estrategiaconcursos.com.br\/blog\/concurso-sema-am-2026-gabaritos\/","name":"Concurso SEMA AM: liberada consulta aos gabaritos!","isPartOf":{"@id":"https:\/\/www.estrategiaconcursos.com.br\/blog\/#website"},"primaryImageOfPage":{"@id":"https:\/\/www.estrategiaconcursos.com.br\/blog\/concurso-sema-am-2026-gabaritos\/#primaryimage"},"image":{"@id":"https:\/\/www.estrategiaconcursos.com.br\/blog\/concurso-sema-am-2026-gabaritos\/#primaryimage"},"thumbnailUrl":"https:\/\/dhg1h5j42swfq.cloudfront.net\/2025\/10\/10171353\/sema-am.jpg","datePublished":"2026-03-10T13:20:46+00:00","dateModified":"2026-03-10T13:20:49+00:00","description":"Confira os gabaritos preliminares do concurso SEMA AM e saiba como consultar individualmente no site do Cebraspe.","breadcrumb":{"@id":"https:\/\/www.estrategiaconcursos.com.br\/blog\/concurso-sema-am-2026-gabaritos\/#breadcrumb"},"inLanguage":"pt-BR","potentialAction":[{"@type":"ReadAction","target":["https:\/\/www.estrategiaconcursos.com.br\/blog\/concurso-sema-am-2026-gabaritos\/"]}]},{"@type":"ImageObject","inLanguage":"pt-BR","@id":"https:\/\/www.estrategiaconcursos.com.br\/blog\/concurso-sema-am-2026-gabaritos\/#primaryimage","url":"https:\/\/dhg1h5j42swfq.cloudfront.net\/2025\/10\/10171353\/sema-am.jpg","contentUrl":"https:\/\/dhg1h5j42swfq.cloudfront.net\/2025\/10\/10171353\/sema-am.jpg","width":768,"height":432,"caption":"concurso SEMA AM Termo de Refer\u00eancia"},{"@type":"BreadcrumbList","@id":"https:\/\/www.estrategiaconcursos.com.br\/blog\/concurso-sema-am-2026-gabaritos\/#breadcrumb","itemListElement":[{"@type":"ListItem","position":1,"name":"In\u00edcio","item":"https:\/\/www.estrategiaconcursos.com.br\/blog\/"},{"@type":"ListItem","position":2,"name":"Concurso SEMA AM: liberada consulta aos gabaritos!"}]},{"@type":"WebSite","@id":"https:\/\/www.estrategiaconcursos.com.br\/blog\/#website","url":"https:\/\/www.estrategiaconcursos.com.br\/blog\/","name":"Estrat\u00e9gia Concursos","description":"O blog da Estrat\u00e9gia Concursos traz not\u00edcias sobre concursos e artigos de professores oferecendo cursos para concursos (pdf + videaulas) no site.","publisher":{"@id":"https:\/\/www.estrategiaconcursos.com.br\/blog\/#organization"},"potentialAction":[{"@type":"SearchAction","target":{"@type":"EntryPoint","urlTemplate":"https:\/\/www.estrategiaconcursos.com.br\/blog\/?s={search_term_string}"},"query-input":{"@type":"PropertyValueSpecification","valueRequired":true,"valueName":"search_term_string"}}],"inLanguage":"pt-BR"},{"@type":"Organization","@id":"https:\/\/www.estrategiaconcursos.com.br\/blog\/#organization","name":"Estrat\u00e9gia Concursos","url":"https:\/\/www.estrategiaconcursos.com.br\/blog\/","logo":{"@type":"ImageObject","inLanguage":"pt-BR","@id":"https:\/\/www.estrategiaconcursos.com.br\/blog\/#\/schema\/logo\/image\/","url":"https:\/\/dhg1h5j42swfq.cloudfront.net\/2025\/06\/03203428\/logo_concursos-1.jpg","contentUrl":"https:\/\/dhg1h5j42swfq.cloudfront.net\/2025\/06\/03203428\/logo_concursos-1.jpg","width":230,"height":60,"caption":"Estrat\u00e9gia Concursos"},"image":{"@id":"https:\/\/www.estrategiaconcursos.com.br\/blog\/#\/schema\/logo\/image\/"},"sameAs":["https:\/\/x.com\/EstratConcursos"]},{"@type":"Person","@id":"https:\/\/www.estrategiaconcursos.com.br\/blog\/#\/schema\/person\/84ecdc6eb58d3cf1689bf76c5cd8fb38","name":"Camila Leite","image":{"@type":"ImageObject","inLanguage":"pt-BR","@id":"https:\/\/secure.gravatar.com\/avatar\/f2f8faef639c8a2bfb7fb909912a56917f4c3a0aed064500168e2fb8ea55cf61?s=96&d=mm&r=g","url":"https:\/\/secure.gravatar.com\/avatar\/f2f8faef639c8a2bfb7fb909912a56917f4c3a0aed064500168e2fb8ea55cf61?s=96&d=mm&r=g","contentUrl":"https:\/\/secure.gravatar.com\/avatar\/f2f8faef639c8a2bfb7fb909912a56917f4c3a0aed064500168e2fb8ea55cf61?s=96&d=mm&r=g","caption":"Camila Leite"},"description":"Formada em Design Gr\u00e1fico e em Propaganda e Marketing pela UNIP, integra a equipe de jornalismo do Estrat\u00e9gia Concursos desde 2018. Ao longo dos anos, construiu uma s\u00f3lida experi\u00eancia na produ\u00e7\u00e3o de conte\u00fado informativo e relevante para concurseiros. Desde 2020, atua na cobertura das \u00e1reas Fiscal \u2014 com \u00eanfase nas Secretarias de Fazenda (Sefaz) das regi\u00f5es Sul e Sudeste \u2014, al\u00e9m da cobertura de concursos federais, como CNU, Petrobras, CGU, Receita Federal, ag\u00eancias reguladoras (Anvisa, ANAC, entre outras) e INSS. Mant\u00e9m contato direto com os principais \u00f3rg\u00e3os p\u00fablicos, acompanhando editais, atualiza\u00e7\u00f5es e movimenta\u00e7\u00f5es importantes para os candidatos.","sameAs":["https:\/\/www.linkedin.com\/in\/camila-pinheiro-leite-9ba135b6\/"],"url":"https:\/\/www.estrategiaconcursos.com.br\/blog\/author\/camila-leiteestrategiaconcursos-com-br\/"}]}},"_links":{"self":[{"href":"https:\/\/www.estrategiaconcursos.com.br\/blog\/wp-json\/wp\/v2\/posts\/1728788","targetHints":{"allow":["GET"]}}],"collection":[{"href":"https:\/\/www.estrategiaconcursos.com.br\/blog\/wp-json\/wp\/v2\/posts"}],"about":[{"href":"https:\/\/www.estrategiaconcursos.com.br\/blog\/wp-json\/wp\/v2\/types\/post"}],"author":[{"embeddable":true,"href":"https:\/\/www.estrategiaconcursos.com.br\/blog\/wp-json\/wp\/v2\/users\/659"}],"replies":[{"embeddable":true,"href":"https:\/\/www.estrategiaconcursos.com.br\/blog\/wp-json\/wp\/v2\/comments?post=1728788"}],"version-history":[{"count":4,"href":"https:\/\/www.estrategiaconcursos.com.br\/blog\/wp-json\/wp\/v2\/posts\/1728788\/revisions"}],"predecessor-version":[{"id":1728821,"href":"https:\/\/www.estrategiaconcursos.com.br\/blog\/wp-json\/wp\/v2\/posts\/1728788\/revisions\/1728821"}],"wp:featuredmedia":[{"embeddable":true,"href":"https:\/\/www.estrategiaconcursos.com.br\/blog\/wp-json\/wp\/v2\/media\/1653671"}],"wp:attachment":[{"href":"https:\/\/www.estrategiaconcursos.com.br\/blog\/wp-json\/wp\/v2\/media?parent=1728788"}],"wp:term":[{"taxonomy":"category","embeddable":true,"href":"https:\/\/www.estrategiaconcursos.com.br\/blog\/wp-json\/wp\/v2\/categories?post=1728788"},{"taxonomy":"post_tag","embeddable":true,"href":"https:\/\/www.estrategiaconcursos.com.br\/blog\/wp-json\/wp\/v2\/tags?post=1728788"},{"taxonomy":"tax_estado","embeddable":true,"href":"https:\/\/www.estrategiaconcursos.com.br\/blog\/wp-json\/wp\/v2\/tax_estado?post=1728788"}],"curies":[{"name":"wp","href":"https:\/\/api.w.org\/{rel}","templated":true}]}}