{"id":1728237,"date":"2026-03-09T15:00:35","date_gmt":"2026-03-09T18:00:35","guid":{"rendered":"https:\/\/www.estrategiaconcursos.com.br\/blog\/?p=1728237"},"modified":"2026-03-09T15:40:26","modified_gmt":"2026-03-09T18:40:26","slug":"concurso-prefeitura-serafina-correa","status":"publish","type":"post","link":"https:\/\/www.estrategiaconcursos.com.br\/blog\/concurso-prefeitura-serafina-correa\/","title":{"rendered":"Concurso Serafina Corr\u00eaa: 132 vagas e at\u00e9 R$ 8,5 mil!"},"content":{"rendered":"\n<p>O concurso da <strong>Prefeitura de Serafina Corr\u00eaa<\/strong>, no Rio Grande do Sul, <a href=\"https:\/\/dhg1h5j42swfq.cloudfront.net\/2026\/03\/09145639\/ed27825_prorrogacao_validade_serafina28623.pdf\" target=\"_blank\" rel=\"noreferrer noopener nofollow\">foi prorrogado<\/a> at\u00e9 19 de dezembro de 2027.<\/p>\n\n\n\n<p>Com isso, novas convoca\u00e7\u00f5es poder\u00e3o ser realizadas pela gest\u00e3o municipal. Lembrando que o certame ofertou <strong>121 vagas imediatas<\/strong> para diversos cargos e escolaridades, al\u00e9m da forma\u00e7\u00e3o de <strong>cadastro de reserva<\/strong>.<\/p>\n\n\n\n<p>Sob organiza\u00e7\u00e3o da <strong>Funda\u00e7\u00e3o La Salle<\/strong>, os candidatos devidamente inscritos foram avaliados por meio de uma prova objetiva, no dia <strong>29 de outubro de 2023<\/strong>.<\/p>\n\n\n\n<ul class=\"wp-block-list has-very-light-gray-to-cyan-bluish-gray-gradient-background has-background\">\n<li><strong>Prefeitura Municipal de Serafina Corr\u00eaa &#8211; RS<\/strong><\/li>\n\n\n\n<li><strong style=\"color: initial;\">Status:&nbsp;<\/strong>validade prorrogada at\u00e9 19\/12\/2027<\/li>\n\n\n\n<li><strong>Banca:<\/strong>&nbsp;<a href=\"https:\/\/fundacaolasalle.org.br\/concurso\/serafinacorrea28623\/\" target=\"_blank\" rel=\"noreferrer noopener\">Funda\u00e7\u00e3o La Salle<\/a><\/li>\n\n\n\n<li><strong>Vagas:<\/strong> 132<\/li>\n\n\n\n<li><strong>Sal\u00e1rio inicial:<\/strong>\u00a0R$ 1.490,73 a R$ 8.593,60 <\/li>\n\n\n\n<li><strong>Edital<\/strong>:&nbsp;<a href=\"https:\/\/dhg1h5j42swfq.cloudfront.net\/2026\/03\/09145634\/ed_abert_serafina28623.pdf\" target=\"_blank\" rel=\"noreferrer noopener nofollow\">Serafina Corr\u00eaa 2026<\/a><\/li>\n<\/ul>\n\n\n\n<p>Neste artigo voc\u00ea encontra as principais informa\u00e7\u00f5es do concurso Serafina Corr\u00eaa. Acompanhe os t\u00f3picos abaixo e n\u00e3o perca nenhum detalhe:<\/p>\n\n\n\n<ul id=\"indice\" class=\"wp-block-list\">\n<li><strong><a href=\"#cargo\">Cargos, vagas e sal\u00e1rios<\/a><\/strong>\n<ul class=\"wp-block-list\">\n<li><a href=\"#fund\">Fundamental<\/a><\/li>\n\n\n\n<li><a href=\"#med\">M\u00e9dio\/t\u00e9cnico<\/a><\/li>\n\n\n\n<li><a href=\"#sup\">Superior<\/a><\/li>\n<\/ul>\n<\/li>\n\n\n\n<li><a href=\"#etapas\"><strong>Etapa de prova<\/strong><\/a><\/li>\n\n\n\n<li><a href=\"#cursos\"><strong>Assinatura e cursos<\/strong><\/a><\/li>\n\n\n\n<li><a href=\"#ficha\"><strong>Ficha t\u00e9cnica<\/strong><\/a><\/li>\n<\/ul>\n\n\n\n<div class=\"container\" id=\"boxes\">\n  <div class=\"row\">\n\n    <div class=\"col-sm\">\n      <div class=\"banner-prefeituras-ec\" id=\"box-assinatura\">\n        <h2 class=\"titulo-assinatura\" style=\"text-align: left;\">Concursos Prefeituras<\/h2>\n        <p class=\"subtitulo-assinatura\" style=\"text-align: left;\">Prepara\u00e7\u00e3o completa para a carreira!<\/p>\n        <div class=\"box-botao\" style=\"text-align: left;\">\n          <a class=\"btn-assinatura\" target=\"_blank\" href=\"https:\/\/www.estrategiaconcursos.com.br\/pesquisa\/?q=prefeitura+serafina+corr\u00eaa\" role=\"button\" rel=\"noopener noreferrer\">EXPLORAR CURSOS<\/a>\n        <\/div>\n      <\/div><\/div><\/div><\/div>\n\n\n\n<h2 class=\"wp-block-heading\" id=\"cargo\">Concurso Serafina Corr\u00eaa: cargos, vagas e sal\u00e1rios<\/h2>\n\n\n\n<h3 class=\"wp-block-heading\" id=\"fund\">N\u00edvel fundamental<\/h3>\n\n\n\n<figure class=\"wp-block-table is-style-stripes\"><table class=\"has-fixed-layout\"><thead><tr><td class=\"has-text-align-center\" data-align=\"center\"><strong>Cargos<\/strong><\/td><td class=\"has-text-align-center\" data-align=\"center\"><strong>Total de Vagas<\/strong><\/td><td class=\"has-text-align-center\" data-align=\"center\"><strong>Vencimento<\/strong><\/td><\/tr><\/thead><tbody><tr><td class=\"has-text-align-center\" data-align=\"center\">Auxiliar de Servi\u00e7os Gerais II<\/td><td class=\"has-text-align-center\" data-align=\"center\">08 + C.R. <sup><\/sup><\/td><td class=\"has-text-align-center\" data-align=\"center\">R$ 1.920,41 <sup><\/sup><\/td><\/tr><tr><td class=\"has-text-align-center\" data-align=\"center\">Caseiro<\/td><td class=\"has-text-align-center\" data-align=\"center\">01 + C.R. <sup><\/sup><\/td><td class=\"has-text-align-center\" data-align=\"center\">R$ 1.683,64 <sup><\/sup><\/td><\/tr><tr><td class=\"has-text-align-center\" data-align=\"center\">Cozinheiro\/Merendeira<\/td><td class=\"has-text-align-center\" data-align=\"center\">01 + C.R. <sup><\/sup><\/td><td class=\"has-text-align-center\" data-align=\"center\">R$ 1.727,49 <sup><\/sup><\/td><\/tr><tr><td class=\"has-text-align-center\" data-align=\"center\">Eletricista<\/td><td class=\"has-text-align-center\" data-align=\"center\">C.R. <sup><\/sup><\/td><td class=\"has-text-align-center\" data-align=\"center\">R$ 2.227,32 <sup><\/sup><\/td><\/tr><tr><td class=\"has-text-align-center\" data-align=\"center\">Motorista<\/td><td class=\"has-text-align-center\" data-align=\"center\">08 + C.R. <sup><\/sup><\/td><td class=\"has-text-align-center\" data-align=\"center\">R$ 2.709,61 <sup><\/sup><\/td><\/tr><tr><td class=\"has-text-align-center\" data-align=\"center\">Operador de M\u00e1quinas e Equipamentos<\/td><td class=\"has-text-align-center\" data-align=\"center\">05 + C.R. <sup><\/sup><\/td><td class=\"has-text-align-center\" data-align=\"center\">R$ 3.095,46 <sup><\/sup><\/td><\/tr><tr><td class=\"has-text-align-center\" data-align=\"center\">Oper\u00e1rio<\/td><td class=\"has-text-align-center\" data-align=\"center\">C.R. <sup><\/sup><\/td><td class=\"has-text-align-center\" data-align=\"center\">R$ 1.490,73 <sup><\/sup><\/td><\/tr><\/tbody><\/table><\/figure>\n\n\n\n<h3 class=\"wp-block-heading\" id=\"med\">N\u00edvel m\u00e9dio\/t\u00e9cnico<\/h3>\n\n\n\n<figure class=\"wp-block-table is-style-stripes\"><table class=\"has-fixed-layout\"><thead><tr><td class=\"has-text-align-center\" data-align=\"center\"><strong>Cargos<\/strong><\/td><td class=\"has-text-align-center\" data-align=\"center\"><strong>Total de Vagas <\/strong><\/td><td class=\"has-text-align-center\" data-align=\"center\"><strong>Vencimento<\/strong><\/td><\/tr><\/thead><tbody><tr><td class=\"has-text-align-center\" data-align=\"center\">Agente de Combate \u00e0s Endemias<\/td><td class=\"has-text-align-center\" data-align=\"center\">01 + C.R. <sup><\/sup><\/td><td class=\"has-text-align-center\" data-align=\"center\">R$ 2.709,61 <sup><\/sup><\/td><\/tr><tr><td class=\"has-text-align-center\" data-align=\"center\">Agente Comunit\u00e1rio de Sa\u00fade (Todas as \u00c1reas)<\/td><td class=\"has-text-align-center\" data-align=\"center\">C.R. <sup><\/sup><\/td><td class=\"has-text-align-center\" data-align=\"center\">R$ 2.640,00 <sup><\/sup><\/td><\/tr><tr><td class=\"has-text-align-center\" data-align=\"center\">Almoxarife<\/td><td class=\"has-text-align-center\" data-align=\"center\">C.R. <sup><\/sup><\/td><td class=\"has-text-align-center\" data-align=\"center\">R$ 2.709,61 <sup><\/sup><\/td><\/tr><tr><td class=\"has-text-align-center\" data-align=\"center\">Atendente de Consult\u00f3rio Dent\u00e1rio<\/td><td class=\"has-text-align-center\" data-align=\"center\">C.R. <sup><\/sup><\/td><td class=\"has-text-align-center\" data-align=\"center\">R$ 2.227,32 <sup><\/sup><\/td><\/tr><tr><td class=\"has-text-align-center\" data-align=\"center\">Atendente de Educa\u00e7\u00e3o Infantil<\/td><td class=\"has-text-align-center\" data-align=\"center\">16 + C.R. <sup><\/sup><\/td><td class=\"has-text-align-center\" data-align=\"center\">R$ 2.016,85 <sup><\/sup><\/td><\/tr><tr><td class=\"has-text-align-center\" data-align=\"center\">Atendente de Farm\u00e1cia<\/td><td class=\"has-text-align-center\" data-align=\"center\">04 + C.R. <sup><\/sup><\/td><td class=\"has-text-align-center\" data-align=\"center\">R$ 2.227,32 <sup><\/sup><\/td><\/tr><tr><td class=\"has-text-align-center\" data-align=\"center\">Auxiliar de Biblioteca<\/td><td class=\"has-text-align-center\" data-align=\"center\">02 + C.R. <sup><\/sup><\/td><td class=\"has-text-align-center\" data-align=\"center\">R$ 1.727,49 <sup><\/sup><\/td><\/tr><tr><td class=\"has-text-align-center\" data-align=\"center\">Fiscal Ambiental (T\u00e9cnico)<\/td><td class=\"has-text-align-center\" data-align=\"center\">01 + C.R. <sup><\/sup><\/td><td class=\"has-text-align-center\" data-align=\"center\">R$ 3.726,83 <sup><\/sup><\/td><\/tr><tr><td class=\"has-text-align-center\" data-align=\"center\">Fiscal Sanit\u00e1rio<\/td><td class=\"has-text-align-center\" data-align=\"center\">C.R. <sup><\/sup><\/td><td class=\"has-text-align-center\" data-align=\"center\">R$ 3.726,83 <sup><\/sup><\/td><\/tr><tr><td class=\"has-text-align-center\" data-align=\"center\">Guia Tur\u00edstico<\/td><td class=\"has-text-align-center\" data-align=\"center\">C.R. <sup><\/sup><\/td><td class=\"has-text-align-center\" data-align=\"center\">R$ 1.920,41 <sup><\/sup><\/td><\/tr><tr><td class=\"has-text-align-center\" data-align=\"center\">Monitor de Escola<\/td><td class=\"has-text-align-center\" data-align=\"center\">06 + C.R. <sup><\/sup><\/td><td class=\"has-text-align-center\" data-align=\"center\">R$ 1.683,64 <sup><\/sup><\/td><\/tr><tr><td class=\"has-text-align-center\" data-align=\"center\">Monitor de Inform\u00e1tica<\/td><td class=\"has-text-align-center\" data-align=\"center\">01 + C.R. <sup><\/sup><\/td><td class=\"has-text-align-center\" data-align=\"center\">R$ 3.095,46 <sup><\/sup><\/td><\/tr><tr><td class=\"has-text-align-center\" data-align=\"center\">Monitor de Transporte Escolar<\/td><td class=\"has-text-align-center\" data-align=\"center\">C.R. <sup><\/sup><\/td><td class=\"has-text-align-center\" data-align=\"center\">R$ 1.683,64 <sup><\/sup><\/td><\/tr><tr><td class=\"has-text-align-center\" data-align=\"center\">Secret\u00e1rio de Escola<\/td><td class=\"has-text-align-center\" data-align=\"center\">04 + C.R. <sup><\/sup><\/td><td class=\"has-text-align-center\" data-align=\"center\">R$ 2.227,32 <sup><\/sup><\/td><\/tr><tr><td class=\"has-text-align-center\" data-align=\"center\">T\u00e9cnico em Agropecu\u00e1ria<\/td><td class=\"has-text-align-center\" data-align=\"center\">C.R. <sup><\/sup><\/td><td class=\"has-text-align-center\" data-align=\"center\">R$ 3.095,46 <sup><\/sup><\/td><\/tr><tr><td class=\"has-text-align-center\" data-align=\"center\">T\u00e9cnico em Enfermagem<\/td><td class=\"has-text-align-center\" data-align=\"center\">02 + C.R. <sup><\/sup><sup><\/sup><\/td><td class=\"has-text-align-center\" data-align=\"center\">R$ 3.095,46 <sup><\/sup><sup><\/sup><\/td><\/tr><tr><td class=\"has-text-align-center\" data-align=\"center\">T\u00e9cnico em Inform\u00e1tica<\/td><td class=\"has-text-align-center\" data-align=\"center\">01 + C.R. <sup><\/sup><sup><\/sup><\/td><td class=\"has-text-align-center\" data-align=\"center\">R$ 3.095,46 <sup><\/sup><sup><\/sup><\/td><\/tr><tr><td class=\"has-text-align-center\" data-align=\"center\">T\u00e9cnico em Radiologia<\/td><td class=\"has-text-align-center\" data-align=\"center\">C.R. <sup><\/sup><sup><\/sup><\/td><td class=\"has-text-align-center\" data-align=\"center\">R$ 3.095,46 <sup><\/sup><sup><\/sup><\/td><\/tr><tr><td class=\"has-text-align-center\" data-align=\"center\">T\u00e9cnico em Seguran\u00e7a do Trabalho<\/td><td class=\"has-text-align-center\" data-align=\"center\">C.R. <sup><\/sup><sup><\/sup><\/td><td class=\"has-text-align-center\" data-align=\"center\">R$ 3.095,46 <sup><\/sup><sup><\/sup><\/td><\/tr><tr><td class=\"has-text-align-center\" data-align=\"center\">Telefonista\/Recepcionista<\/td><td class=\"has-text-align-center\" data-align=\"center\">01 + C.R. <sup><\/sup><sup><\/sup><\/td><td class=\"has-text-align-center\" data-align=\"center\">R$ 1.727,49 <sup><\/sup><sup><\/sup><\/td><\/tr><tr><td class=\"has-text-align-center\" data-align=\"center\">Vigilante II<\/td><td class=\"has-text-align-center\" data-align=\"center\">C.R. <sup><\/sup><sup><\/sup><\/td><td class=\"has-text-align-center\" data-align=\"center\">R$ 1.683,64 <sup><\/sup><sup><\/sup><\/td><\/tr><\/tbody><\/table><\/figure>\n\n\n\n<h3 class=\"wp-block-heading\" id=\"sup\">N\u00edvel superior<\/h3>\n\n\n\n<figure class=\"wp-block-table is-style-stripes\"><table class=\"has-fixed-layout\"><thead><tr><td class=\"has-text-align-center\" data-align=\"center\"><strong>Cargos<\/strong><\/td><td class=\"has-text-align-center\" data-align=\"center\"><strong>Total de Vagas <\/strong><\/td><td class=\"has-text-align-center\" data-align=\"center\"><strong>Vencimento<\/strong><\/td><\/tr><\/thead><tbody><tr><td class=\"has-text-align-center\" data-align=\"center\">Agente Administrativo Especializado<\/td><td class=\"has-text-align-center\" data-align=\"center\">01 + C.R. <sup><\/sup><sup><\/sup><\/td><td class=\"has-text-align-center\" data-align=\"center\">R$ 3.156,84 <sup><\/sup><sup><\/sup><\/td><\/tr><tr><td class=\"has-text-align-center\" data-align=\"center\">Arquiteto<\/td><td class=\"has-text-align-center\" data-align=\"center\">C.R. <sup><\/sup><sup><\/sup><\/td><td class=\"has-text-align-center\" data-align=\"center\">R$ 7.892,09 <sup><\/sup><sup><\/sup><\/td><\/tr><tr><td class=\"has-text-align-center\" data-align=\"center\">Assistente Social<\/td><td class=\"has-text-align-center\" data-align=\"center\">01 + C.R. <sup><\/sup><sup><\/sup><\/td><td class=\"has-text-align-center\" data-align=\"center\">R$ 7.892,09 <sup><\/sup><sup><\/sup><\/td><\/tr><tr><td class=\"has-text-align-center\" data-align=\"center\">Bi\u00f3logo<\/td><td class=\"has-text-align-center\" data-align=\"center\">01 + C.R. <sup><\/sup><sup><\/sup><\/td><td class=\"has-text-align-center\" data-align=\"center\">R$ 5.577,08 <sup><\/sup><sup><\/sup><\/td><\/tr><tr><td class=\"has-text-align-center\" data-align=\"center\">Contador<\/td><td class=\"has-text-align-center\" data-align=\"center\">C.R. <sup><\/sup><sup><\/sup><\/td><td class=\"has-text-align-center\" data-align=\"center\">R$ 8.593,60 <sup><\/sup><sup><\/sup><\/td><\/tr><tr><td class=\"has-text-align-center\" data-align=\"center\">Coordenador de Controle Interno<\/td><td class=\"has-text-align-center\" data-align=\"center\">C.R. <sup><\/sup><sup><\/sup><\/td><td class=\"has-text-align-center\" data-align=\"center\">R$ 8.593,60 <sup><\/sup><sup><\/sup><\/td><\/tr><tr><td class=\"has-text-align-center\" data-align=\"center\">Enfermeiro<\/td><td class=\"has-text-align-center\" data-align=\"center\">02 + C.R. <sup><\/sup><sup><\/sup><\/td><td class=\"has-text-align-center\" data-align=\"center\">R$ 7.892,09 <sup><\/sup><sup><\/sup><\/td><\/tr><tr><td class=\"has-text-align-center\" data-align=\"center\">Farmac\u00eautico<\/td><td class=\"has-text-align-center\" data-align=\"center\">01 + C.R. <sup><\/sup><sup><\/sup><\/td><td class=\"has-text-align-center\" data-align=\"center\">R$ 8.593,60 <sup><\/sup><sup><\/sup><\/td><\/tr><tr><td class=\"has-text-align-center\" data-align=\"center\">Fiscal de Obras e Postura<\/td><td class=\"has-text-align-center\" data-align=\"center\">01 + C.R. <sup><\/sup><sup><\/sup><\/td><td class=\"has-text-align-center\" data-align=\"center\">R$ 3.726,83 <sup><\/sup><sup><\/sup><\/td><\/tr><tr><td class=\"has-text-align-center\" data-align=\"center\">Fiscal Tribut\u00e1rio<\/td><td class=\"has-text-align-center\" data-align=\"center\">01 + C.R. <sup><\/sup><sup><\/sup><\/td><td class=\"has-text-align-center\" data-align=\"center\">R$ 3.726,83 <sup><\/sup><sup><\/sup><\/td><\/tr><tr><td class=\"has-text-align-center\" data-align=\"center\">M\u00e9dico Veterin\u00e1rio (20h)<\/td><td class=\"has-text-align-center\" data-align=\"center\">01 + C.R. <sup><\/sup><sup><\/sup><\/td><td class=\"has-text-align-center\" data-align=\"center\">R$ 3.726,83 <sup><\/sup><sup><\/sup><\/td><\/tr><tr><td class=\"has-text-align-center\" data-align=\"center\">Nutricionista<\/td><td class=\"has-text-align-center\" data-align=\"center\">C.R. <sup><\/sup><sup><\/sup><\/td><td class=\"has-text-align-center\" data-align=\"center\">R$ 5.577,08 <sup><\/sup><sup><\/sup><\/td><\/tr><tr><td class=\"has-text-align-center\" data-align=\"center\">Orientador Educacional (40h)<\/td><td class=\"has-text-align-center\" data-align=\"center\">02 + C.R. <sup><\/sup><sup><\/sup><\/td><td class=\"has-text-align-center\" data-align=\"center\">R$ 4.420,97 <sup><\/sup><sup><\/sup><\/td><\/tr><tr><td class=\"has-text-align-center\" data-align=\"center\">Procurador Jur\u00eddico<\/td><td class=\"has-text-align-center\" data-align=\"center\">C.R. <sup><\/sup><sup><\/sup><\/td><td class=\"has-text-align-center\" data-align=\"center\">R$ 8.593,60 <sup><\/sup><sup><\/sup><\/td><\/tr><tr><td class=\"has-text-align-center\" data-align=\"center\">Professores (Diversas \u00c1reas)<\/td><td class=\"has-text-align-center\" data-align=\"center\">Varia por cargo <sup><\/sup><sup><\/sup><sup><\/sup><\/td><td class=\"has-text-align-center\" data-align=\"center\">R$ 2.210,47* <sup><\/sup><sup><\/sup><sup><\/sup><\/td><\/tr><tr><td class=\"has-text-align-center\" data-align=\"center\">Professor de Libras<\/td><td class=\"has-text-align-center\" data-align=\"center\">C.R. <sup><\/sup><\/td><td class=\"has-text-align-center\" data-align=\"center\">R$ 2.709,61 <sup><\/sup><\/td><\/tr><tr><td class=\"has-text-align-center\" data-align=\"center\">Psic\u00f3logo<\/td><td class=\"has-text-align-center\" data-align=\"center\">05 + C.R. <sup><\/sup><\/td><td class=\"has-text-align-center\" data-align=\"center\">R$ 7.892,09 <sup><\/sup><\/td><\/tr><tr><td class=\"has-text-align-center\" data-align=\"center\">Psicopedagogo<\/td><td class=\"has-text-align-center\" data-align=\"center\">C.R. <sup><\/sup><\/td><td class=\"has-text-align-center\" data-align=\"center\">R$ 3.095,46 <sup><\/sup><\/td><\/tr><tr><td class=\"has-text-align-center\" data-align=\"center\">Supervisor Educacional (40h)<\/td><td class=\"has-text-align-center\" data-align=\"center\">02 + C.R. <sup><\/sup><\/td><td class=\"has-text-align-center\" data-align=\"center\">R$ 4.420,97 <sup><\/sup><\/td><\/tr><tr><td class=\"has-text-align-center\" data-align=\"center\">Tesoureiro II<\/td><td class=\"has-text-align-center\" data-align=\"center\">C.R. <sup><\/sup><\/td><td class=\"has-text-align-center\" data-align=\"center\">R$ 7.892,09 <sup><\/sup><\/td><\/tr><\/tbody><\/table><\/figure>\n\n\n\n<h2 class=\"wp-block-heading\" id=\"etapas\">Concurso Serafina Corr\u00eaa: etapas de avalia\u00e7\u00f5es<\/h2>\n\n\n\n<p>O certame constituiu-se de:<\/p>\n\n\n\n<ul class=\"wp-block-list\">\n<li><strong>Prova objetiva:<\/strong> eliminat\u00f3ria e classificat\u00f3ria para todos os cargos e empregos p\u00fablicos;<\/li>\n\n\n\n<li><strong>Prova pr\u00e1tica:<\/strong> eliminat\u00f3ria e classificat\u00f3ria, exclusiva para os cargos de <strong>Motorista<\/strong> e <strong>Operador de M\u00e1quinas e Equipamentos<\/strong>;<\/li>\n\n\n\n<li><strong>Prova de t\u00edtulos:<\/strong> classificat\u00f3ria, exclusiva para os cargos da \u00e1rea do <strong>Magist\u00e9rio<\/strong> (Professores, Orientador e Supervisor Educacional).<\/li>\n<\/ul>\n\n\n\n<hr class=\"wp-block-separator has-alpha-channel-opacity\"\/>\n\n\n\n<h2 class=\"wp-block-heading has-text-align-center\" id=\"cursos\"><em>Quer estudar para o concurso Serafina Corr\u00eaa?<\/em><\/h2>\n\n\n\n<div class=\"container\" id=\"boxes\">\n  <div class=\"row\">\n\n    <div class=\"col-sm\">\n      <div class=\"banner-prefeituras-ec\" id=\"box-assinatura\">\n        <h2 class=\"titulo-assinatura\" style=\"text-align: left;\">Concursos Prefeituras<\/h2>\n        <p class=\"subtitulo-assinatura\" style=\"text-align: left;\">Prepara\u00e7\u00e3o completa para a carreira!<\/p>\n        <div class=\"box-botao\" style=\"text-align: left;\">\n          <a class=\"btn-assinatura\" target=\"_blank\" href=\"https:\/\/www.estrategiaconcursos.com.br\/pesquisa\/?q=prefeitura+serafina+corr\u00eaa\" role=\"button\" rel=\"noopener noreferrer\">EXPLORAR CURSOS<\/a>\n        <\/div>\n      <\/div><\/div><\/div><\/div>\n\n\n\n<div class=\"container\" id=\"boxes\">\n  <div class=\"row\">\n\n    <div class=\"col-sm\">\n      <div class=\"estrategia\" id=\"box-assinatura\">\n        <h3 class=\"titulo-assinatura\">Assinatura Concursos<\/h3>\n        <p class=\"subtitulo-assinatura\">Assinatura de 1 ano ou 2 anos<\/p>\n        <div class=\"box-botao\">\n          <a class=\"btn-assinatura\" target=\"_blank\" href=\"https:\/\/www.estrategiaconcursos.com.br\/assinaturas\/\" role=\"button\" rel=\"noopener noreferrer\">ASSINE AGORA<\/a>\n        <\/div>\n      <\/div><\/div><\/div><\/div>\n\n\n\n<h2 class=\"wp-block-heading has-text-align-center\" id=\"h-quer-saber-tudo-sobre-concursos-previstos-confira-os-nossos-artigos\">Quer saber tudo sobre concursos previstos?<br \/>Confira os nossos artigos!<\/h2>\n\n\n\n<ul class=\"wp-block-list\">\n<li><a href=\"https:\/\/www.estrategiaconcursos.com.br\/blog\/concursos-abertos\/\" target=\"_blank\" rel=\"noreferrer noopener\">Concursos Abertos<\/a><\/li>\n\n\n\n<li><a href=\"https:\/\/www.estrategiaconcursos.com.br\/blog\/concursos-abertos-prefeituras\/?srsltid=AfmBOoqFWRgstAdShu3KWy5n7AcJBl-fkHeMc1_9f6PHsVgg__40c37J\" target=\"_blank\" rel=\"noreferrer noopener\">Concursos Abertos de Prefeituras<\/a><\/li>\n\n\n\n<li><a href=\"https:\/\/www.estrategiaconcursos.com.br\/blog\/concursos-prefeituras\/?srsltid=AfmBOorp0jdmPvhohqUpcOPqtdgGzza7gaSiuJGE4abLyOza9ZuL4Nex\" target=\"_blank\" rel=\"noreferrer noopener\">Concursos Prefeituras<\/a><\/li>\n\n\n\n<li><a href=\"https:\/\/www.estrategiaconcursos.com.br\/blog\/concursos-2026\/\" target=\"_blank\" rel=\"noreferrer noopener\">Concursos 2026<\/a><\/li>\n<\/ul>\n\n\n\n<figure class=\"wp-block-image is-resized\"><img loading=\"lazy\" decoding=\"async\" width=\"1024\" height=\"632\" src=\"https:\/\/dhg1h5j42swfq.cloudfront.net\/2021\/04\/01161145\/ficha-tecnica-5-1024x632.png\" alt=\"Informa\u00e7\u00f5es do concurso Prefeitura de\" class=\"wp-image-706736\" style=\"width:236px;height:145px\" srcset=\"https:\/\/dhg1h5j42swfq.cloudfront.net\/2021\/04\/01161145\/ficha-tecnica-5-1024x632.png 1024w, https:\/\/dhg1h5j42swfq.cloudfront.net\/2021\/04\/01161145\/ficha-tecnica-5-300x185.png 300w, https:\/\/dhg1h5j42swfq.cloudfront.net\/2021\/04\/01161145\/ficha-tecnica-5-768x474.png 768w, https:\/\/dhg1h5j42swfq.cloudfront.net\/2021\/04\/01161145\/ficha-tecnica-5-1536x948.png 1536w, https:\/\/dhg1h5j42swfq.cloudfront.net\/2021\/04\/01161145\/ficha-tecnica-5-610x377.png 610w, https:\/\/dhg1h5j42swfq.cloudfront.net\/2021\/04\/01161145\/ficha-tecnica-5.png 1571w\" sizes=\"auto, (max-width: 1024px) 100vw, 1024px\" \/><\/figure>\n\n\n\n<h3 class=\"wp-block-heading\" id=\"ficha-tecnica\">Informa\u00e7\u00f5es do Concurso Serafina Corr\u00eaa<\/h3>\n\n\n\n<ul class=\"wp-block-list\">\n<li><strong>Ano:<\/strong> 2023<\/li>\n\n\n\n<li><strong>Banca<\/strong>: Funda\u00e7\u00e3o La Salle<\/li>\n\n\n\n<li><strong>Escolaridade<\/strong>: todas<\/li>\n\n\n\n<li><strong>Vagas:<\/strong> 132<\/li>\n\n\n\n<li><strong>Cargos<\/strong>: diversos<\/li>\n\n\n\n<li><strong>Edital<\/strong>:&nbsp;<a href=\"https:\/\/dhg1h5j42swfq.cloudfront.net\/2026\/03\/09145634\/ed_abert_serafina28623.pdf\" target=\"_blank\" rel=\"noreferrer noopener nofollow\">Serafina Corr\u00eaa 2026<\/a><\/li>\n<\/ul>\n","protected":false},"excerpt":{"rendered":"<p>O concurso da Prefeitura de Serafina Corr\u00eaa, no Rio Grande do Sul, foi prorrogado at\u00e9 19 de dezembro de 2027. Com isso, novas convoca\u00e7\u00f5es poder\u00e3o ser realizadas pela gest\u00e3o municipal. Lembrando que o certame ofertou 121 vagas imediatas para diversos cargos e escolaridades, al\u00e9m da forma\u00e7\u00e3o de cadastro de reserva. Sob organiza\u00e7\u00e3o da Funda\u00e7\u00e3o La [&hellip;]<\/p>\n","protected":false},"author":2991,"featured_media":1540739,"comment_status":"open","ping_status":"closed","sticky":false,"template":"","format":"standard","meta":{"post_tipo":"news_page","footnotes":""},"categories":[222278],"tags":[],"tax_estado":[219986],"class_list":["post-1728237","post","type-post","status-publish","format-standard","has-post-thumbnail","hentry","category-prefeituras","tax_estado-rs"],"acf":[],"yoast_head":"<!-- This site is optimized with the Yoast SEO Premium plugin v27.2 (Yoast SEO v27.2) - https:\/\/yoast.com\/product\/yoast-seo-premium-wordpress\/ -->\n<title>Concurso Serafina Corr\u00eaa: 132 vagas e at\u00e9 R$ 8,5 mil!<\/title>\n<meta name=\"description\" content=\"A Prefeitura de Serafina Corr\u00eaa (RS) abriu um concurso com 132 vagas para diversos cargos e sal\u00e1rios de at\u00e9 R$ 8,5 mil.\" \/>\n<meta name=\"robots\" content=\"index, follow, max-snippet:-1, max-image-preview:large, max-video-preview:-1\" \/>\n<link rel=\"canonical\" href=\"https:\/\/www.estrategiaconcursos.com.br\/blog\/concurso-prefeitura-serafina-correa\/\" \/>\n<meta property=\"og:locale\" content=\"pt_BR\" \/>\n<meta property=\"og:type\" content=\"article\" \/>\n<meta property=\"og:title\" content=\"Concurso Serafina Corr\u00eaa: 132 vagas e at\u00e9 R$ 8,5 mil!\" \/>\n<meta property=\"og:description\" content=\"A Prefeitura de Serafina Corr\u00eaa (RS) abriu um concurso com 132 vagas para diversos cargos e sal\u00e1rios de at\u00e9 R$ 8,5 mil.\" \/>\n<meta property=\"og:url\" content=\"https:\/\/www.estrategiaconcursos.com.br\/blog\/concurso-prefeitura-serafina-correa\/\" \/>\n<meta property=\"og:site_name\" content=\"Estrat\u00e9gia Concursos\" \/>\n<meta property=\"article:published_time\" content=\"2026-03-09T18:00:35+00:00\" \/>\n<meta property=\"article:modified_time\" content=\"2026-03-09T18:40:26+00:00\" \/>\n<meta property=\"og:image\" content=\"https:\/\/dhg1h5j42swfq.cloudfront.net\/2025\/03\/05201612\/concursos-prefeituras-1024x536-1.jpg\" \/>\n\t<meta property=\"og:image:width\" content=\"1024\" \/>\n\t<meta property=\"og:image:height\" content=\"536\" \/>\n\t<meta property=\"og:image:type\" content=\"image\/jpeg\" \/>\n<meta name=\"author\" content=\"Melmuara Thaiane Doneg\u00e1 C\u00e2ndido\" \/>\n<meta name=\"twitter:card\" content=\"summary_large_image\" \/>\n<meta name=\"twitter:creator\" content=\"@EstratConcursos\" \/>\n<meta name=\"twitter:site\" content=\"@EstratConcursos\" \/>\n<meta name=\"twitter:label1\" content=\"Escrito por\" \/>\n\t<meta name=\"twitter:data1\" content=\"Melmuara Thaiane Doneg\u00e1 C\u00e2ndido\" \/>\n\t<meta name=\"twitter:label2\" content=\"Est. tempo de leitura\" \/>\n\t<meta name=\"twitter:data2\" content=\"3 minutos\" \/>\n<script type=\"application\/ld+json\" class=\"yoast-schema-graph\">{\"@context\":\"https:\/\/schema.org\",\"@graph\":[{\"@type\":\"NewsArticle\",\"@id\":\"https:\/\/www.estrategiaconcursos.com.br\/blog\/concurso-prefeitura-serafina-correa\/#article\",\"isPartOf\":{\"@id\":\"https:\/\/www.estrategiaconcursos.com.br\/blog\/concurso-prefeitura-serafina-correa\/\"},\"author\":{\"name\":\"Melmuara Thaiane Doneg\u00e1 C\u00e2ndido\",\"@id\":\"https:\/\/www.estrategiaconcursos.com.br\/blog\/#\/schema\/person\/f33ffe5648e36a1ec7be14cb98aec31a\"},\"headline\":\"Concurso Serafina Corr\u00eaa: 132 vagas e at\u00e9 R$ 8,5 mil!\",\"datePublished\":\"2026-03-09T18:00:35+00:00\",\"dateModified\":\"2026-03-09T18:40:26+00:00\",\"mainEntityOfPage\":{\"@id\":\"https:\/\/www.estrategiaconcursos.com.br\/blog\/concurso-prefeitura-serafina-correa\/\"},\"wordCount\":646,\"commentCount\":0,\"publisher\":{\"@id\":\"https:\/\/www.estrategiaconcursos.com.br\/blog\/#organization\"},\"image\":{\"@id\":\"https:\/\/www.estrategiaconcursos.com.br\/blog\/concurso-prefeitura-serafina-correa\/#primaryimage\"},\"thumbnailUrl\":\"https:\/\/dhg1h5j42swfq.cloudfront.net\/2025\/03\/05201612\/concursos-prefeituras-1024x536-1.jpg\",\"articleSection\":[\"Prefeituras\"],\"inLanguage\":\"pt-BR\",\"potentialAction\":[{\"@type\":\"CommentAction\",\"name\":\"Comment\",\"target\":[\"https:\/\/www.estrategiaconcursos.com.br\/blog\/concurso-prefeitura-serafina-correa\/#respond\"]}],\"copyrightYear\":\"2026\",\"copyrightHolder\":{\"@id\":\"https:\/\/www.estrategiaconcursos.com.br\/blog\/#organization\"}},{\"@type\":\"WebPage\",\"@id\":\"https:\/\/www.estrategiaconcursos.com.br\/blog\/concurso-prefeitura-serafina-correa\/\",\"url\":\"https:\/\/www.estrategiaconcursos.com.br\/blog\/concurso-prefeitura-serafina-correa\/\",\"name\":\"Concurso Serafina Corr\u00eaa: 132 vagas e at\u00e9 R$ 8,5 mil!\",\"isPartOf\":{\"@id\":\"https:\/\/www.estrategiaconcursos.com.br\/blog\/#website\"},\"primaryImageOfPage\":{\"@id\":\"https:\/\/www.estrategiaconcursos.com.br\/blog\/concurso-prefeitura-serafina-correa\/#primaryimage\"},\"image\":{\"@id\":\"https:\/\/www.estrategiaconcursos.com.br\/blog\/concurso-prefeitura-serafina-correa\/#primaryimage\"},\"thumbnailUrl\":\"https:\/\/dhg1h5j42swfq.cloudfront.net\/2025\/03\/05201612\/concursos-prefeituras-1024x536-1.jpg\",\"datePublished\":\"2026-03-09T18:00:35+00:00\",\"dateModified\":\"2026-03-09T18:40:26+00:00\",\"description\":\"A Prefeitura de Serafina Corr\u00eaa (RS) abriu um concurso com 132 vagas para diversos cargos e sal\u00e1rios de at\u00e9 R$ 8,5 mil.\",\"breadcrumb\":{\"@id\":\"https:\/\/www.estrategiaconcursos.com.br\/blog\/concurso-prefeitura-serafina-correa\/#breadcrumb\"},\"inLanguage\":\"pt-BR\",\"potentialAction\":[{\"@type\":\"ReadAction\",\"target\":[\"https:\/\/www.estrategiaconcursos.com.br\/blog\/concurso-prefeitura-serafina-correa\/\"]}]},{\"@type\":\"ImageObject\",\"inLanguage\":\"pt-BR\",\"@id\":\"https:\/\/www.estrategiaconcursos.com.br\/blog\/concurso-prefeitura-serafina-correa\/#primaryimage\",\"url\":\"https:\/\/dhg1h5j42swfq.cloudfront.net\/2025\/03\/05201612\/concursos-prefeituras-1024x536-1.jpg\",\"contentUrl\":\"https:\/\/dhg1h5j42swfq.cloudfront.net\/2025\/03\/05201612\/concursos-prefeituras-1024x536-1.jpg\",\"width\":1024,\"height\":536,\"caption\":\"Concurso\"},{\"@type\":\"BreadcrumbList\",\"@id\":\"https:\/\/www.estrategiaconcursos.com.br\/blog\/concurso-prefeitura-serafina-correa\/#breadcrumb\",\"itemListElement\":[{\"@type\":\"ListItem\",\"position\":1,\"name\":\"In\u00edcio\",\"item\":\"https:\/\/www.estrategiaconcursos.com.br\/blog\/\"},{\"@type\":\"ListItem\",\"position\":2,\"name\":\"Concurso Serafina Corr\u00eaa: 132 vagas e at\u00e9 R$ 8,5 mil!\"}]},{\"@type\":\"WebSite\",\"@id\":\"https:\/\/www.estrategiaconcursos.com.br\/blog\/#website\",\"url\":\"https:\/\/www.estrategiaconcursos.com.br\/blog\/\",\"name\":\"Estrat\u00e9gia Concursos\",\"description\":\"O blog da Estrat\u00e9gia Concursos traz not\u00edcias sobre concursos e artigos de professores oferecendo cursos para concursos (pdf + videaulas) no site.\",\"publisher\":{\"@id\":\"https:\/\/www.estrategiaconcursos.com.br\/blog\/#organization\"},\"potentialAction\":[{\"@type\":\"SearchAction\",\"target\":{\"@type\":\"EntryPoint\",\"urlTemplate\":\"https:\/\/www.estrategiaconcursos.com.br\/blog\/?s={search_term_string}\"},\"query-input\":{\"@type\":\"PropertyValueSpecification\",\"valueRequired\":true,\"valueName\":\"search_term_string\"}}],\"inLanguage\":\"pt-BR\"},{\"@type\":\"Organization\",\"@id\":\"https:\/\/www.estrategiaconcursos.com.br\/blog\/#organization\",\"name\":\"Estrat\u00e9gia Concursos\",\"url\":\"https:\/\/www.estrategiaconcursos.com.br\/blog\/\",\"logo\":{\"@type\":\"ImageObject\",\"inLanguage\":\"pt-BR\",\"@id\":\"https:\/\/www.estrategiaconcursos.com.br\/blog\/#\/schema\/logo\/image\/\",\"url\":\"https:\/\/dhg1h5j42swfq.cloudfront.net\/2025\/06\/03203428\/logo_concursos-1.jpg\",\"contentUrl\":\"https:\/\/dhg1h5j42swfq.cloudfront.net\/2025\/06\/03203428\/logo_concursos-1.jpg\",\"width\":230,\"height\":60,\"caption\":\"Estrat\u00e9gia Concursos\"},\"image\":{\"@id\":\"https:\/\/www.estrategiaconcursos.com.br\/blog\/#\/schema\/logo\/image\/\"},\"sameAs\":[\"https:\/\/x.com\/EstratConcursos\"]},{\"@type\":\"Person\",\"@id\":\"https:\/\/www.estrategiaconcursos.com.br\/blog\/#\/schema\/person\/f33ffe5648e36a1ec7be14cb98aec31a\",\"name\":\"Melmuara Thaiane Doneg\u00e1 C\u00e2ndido\",\"image\":{\"@type\":\"ImageObject\",\"inLanguage\":\"pt-BR\",\"@id\":\"https:\/\/secure.gravatar.com\/avatar\/72c23c49ace6e781125178efe440f336ae4f50fbfb902780beb369688b387c4f?s=96&d=mm&r=g\",\"url\":\"https:\/\/secure.gravatar.com\/avatar\/72c23c49ace6e781125178efe440f336ae4f50fbfb902780beb369688b387c4f?s=96&d=mm&r=g\",\"contentUrl\":\"https:\/\/secure.gravatar.com\/avatar\/72c23c49ace6e781125178efe440f336ae4f50fbfb902780beb369688b387c4f?s=96&d=mm&r=g\",\"caption\":\"Melmuara Thaiane Doneg\u00e1 C\u00e2ndido\"},\"description\":\"Formada em Jornalismo em 2011 pela UniSEB-COC, Ribeir\u00e3o Preto-SP, atua desde 2017 na produ\u00e7\u00e3o de conte\u00fado para prefeituras, passando da \u00e1rea publicit\u00e1ria para a cria\u00e7\u00e3o de textos estrat\u00e9gicos e not\u00edcias sobre concursos, mantendo os concurseiros bem informados sobre os principais editais de prefeituras e concursos municipais.\",\"birthDate\":\"1990-04-21\",\"gender\":\"feminino\",\"url\":\"https:\/\/www.estrategiaconcursos.com.br\/blog\/author\/melmuara-candidoestrategia-com\/\"}]}<\/script>\n<!-- \/ Yoast SEO Premium plugin. -->","yoast_head_json":{"title":"Concurso Serafina Corr\u00eaa: 132 vagas e at\u00e9 R$ 8,5 mil!","description":"A Prefeitura de Serafina Corr\u00eaa (RS) abriu um concurso com 132 vagas para diversos cargos e sal\u00e1rios de at\u00e9 R$ 8,5 mil.","robots":{"index":"index","follow":"follow","max-snippet":"max-snippet:-1","max-image-preview":"max-image-preview:large","max-video-preview":"max-video-preview:-1"},"canonical":"https:\/\/www.estrategiaconcursos.com.br\/blog\/concurso-prefeitura-serafina-correa\/","og_locale":"pt_BR","og_type":"article","og_title":"Concurso Serafina Corr\u00eaa: 132 vagas e at\u00e9 R$ 8,5 mil!","og_description":"A Prefeitura de Serafina Corr\u00eaa (RS) abriu um concurso com 132 vagas para diversos cargos e sal\u00e1rios de at\u00e9 R$ 8,5 mil.","og_url":"https:\/\/www.estrategiaconcursos.com.br\/blog\/concurso-prefeitura-serafina-correa\/","og_site_name":"Estrat\u00e9gia Concursos","article_published_time":"2026-03-09T18:00:35+00:00","article_modified_time":"2026-03-09T18:40:26+00:00","og_image":[{"width":1024,"height":536,"url":"https:\/\/dhg1h5j42swfq.cloudfront.net\/2025\/03\/05201612\/concursos-prefeituras-1024x536-1.jpg","type":"image\/jpeg"}],"author":"Melmuara Thaiane Doneg\u00e1 C\u00e2ndido","twitter_card":"summary_large_image","twitter_creator":"@EstratConcursos","twitter_site":"@EstratConcursos","twitter_misc":{"Escrito por":"Melmuara Thaiane Doneg\u00e1 C\u00e2ndido","Est. tempo de leitura":"3 minutos"},"schema":{"@context":"https:\/\/schema.org","@graph":[{"@type":"NewsArticle","@id":"https:\/\/www.estrategiaconcursos.com.br\/blog\/concurso-prefeitura-serafina-correa\/#article","isPartOf":{"@id":"https:\/\/www.estrategiaconcursos.com.br\/blog\/concurso-prefeitura-serafina-correa\/"},"author":{"name":"Melmuara Thaiane Doneg\u00e1 C\u00e2ndido","@id":"https:\/\/www.estrategiaconcursos.com.br\/blog\/#\/schema\/person\/f33ffe5648e36a1ec7be14cb98aec31a"},"headline":"Concurso Serafina Corr\u00eaa: 132 vagas e at\u00e9 R$ 8,5 mil!","datePublished":"2026-03-09T18:00:35+00:00","dateModified":"2026-03-09T18:40:26+00:00","mainEntityOfPage":{"@id":"https:\/\/www.estrategiaconcursos.com.br\/blog\/concurso-prefeitura-serafina-correa\/"},"wordCount":646,"commentCount":0,"publisher":{"@id":"https:\/\/www.estrategiaconcursos.com.br\/blog\/#organization"},"image":{"@id":"https:\/\/www.estrategiaconcursos.com.br\/blog\/concurso-prefeitura-serafina-correa\/#primaryimage"},"thumbnailUrl":"https:\/\/dhg1h5j42swfq.cloudfront.net\/2025\/03\/05201612\/concursos-prefeituras-1024x536-1.jpg","articleSection":["Prefeituras"],"inLanguage":"pt-BR","potentialAction":[{"@type":"CommentAction","name":"Comment","target":["https:\/\/www.estrategiaconcursos.com.br\/blog\/concurso-prefeitura-serafina-correa\/#respond"]}],"copyrightYear":"2026","copyrightHolder":{"@id":"https:\/\/www.estrategiaconcursos.com.br\/blog\/#organization"}},{"@type":"WebPage","@id":"https:\/\/www.estrategiaconcursos.com.br\/blog\/concurso-prefeitura-serafina-correa\/","url":"https:\/\/www.estrategiaconcursos.com.br\/blog\/concurso-prefeitura-serafina-correa\/","name":"Concurso Serafina Corr\u00eaa: 132 vagas e at\u00e9 R$ 8,5 mil!","isPartOf":{"@id":"https:\/\/www.estrategiaconcursos.com.br\/blog\/#website"},"primaryImageOfPage":{"@id":"https:\/\/www.estrategiaconcursos.com.br\/blog\/concurso-prefeitura-serafina-correa\/#primaryimage"},"image":{"@id":"https:\/\/www.estrategiaconcursos.com.br\/blog\/concurso-prefeitura-serafina-correa\/#primaryimage"},"thumbnailUrl":"https:\/\/dhg1h5j42swfq.cloudfront.net\/2025\/03\/05201612\/concursos-prefeituras-1024x536-1.jpg","datePublished":"2026-03-09T18:00:35+00:00","dateModified":"2026-03-09T18:40:26+00:00","description":"A Prefeitura de Serafina Corr\u00eaa (RS) abriu um concurso com 132 vagas para diversos cargos e sal\u00e1rios de at\u00e9 R$ 8,5 mil.","breadcrumb":{"@id":"https:\/\/www.estrategiaconcursos.com.br\/blog\/concurso-prefeitura-serafina-correa\/#breadcrumb"},"inLanguage":"pt-BR","potentialAction":[{"@type":"ReadAction","target":["https:\/\/www.estrategiaconcursos.com.br\/blog\/concurso-prefeitura-serafina-correa\/"]}]},{"@type":"ImageObject","inLanguage":"pt-BR","@id":"https:\/\/www.estrategiaconcursos.com.br\/blog\/concurso-prefeitura-serafina-correa\/#primaryimage","url":"https:\/\/dhg1h5j42swfq.cloudfront.net\/2025\/03\/05201612\/concursos-prefeituras-1024x536-1.jpg","contentUrl":"https:\/\/dhg1h5j42swfq.cloudfront.net\/2025\/03\/05201612\/concursos-prefeituras-1024x536-1.jpg","width":1024,"height":536,"caption":"Concurso"},{"@type":"BreadcrumbList","@id":"https:\/\/www.estrategiaconcursos.com.br\/blog\/concurso-prefeitura-serafina-correa\/#breadcrumb","itemListElement":[{"@type":"ListItem","position":1,"name":"In\u00edcio","item":"https:\/\/www.estrategiaconcursos.com.br\/blog\/"},{"@type":"ListItem","position":2,"name":"Concurso Serafina Corr\u00eaa: 132 vagas e at\u00e9 R$ 8,5 mil!"}]},{"@type":"WebSite","@id":"https:\/\/www.estrategiaconcursos.com.br\/blog\/#website","url":"https:\/\/www.estrategiaconcursos.com.br\/blog\/","name":"Estrat\u00e9gia Concursos","description":"O blog da Estrat\u00e9gia Concursos traz not\u00edcias sobre concursos e artigos de professores oferecendo cursos para concursos (pdf + videaulas) no site.","publisher":{"@id":"https:\/\/www.estrategiaconcursos.com.br\/blog\/#organization"},"potentialAction":[{"@type":"SearchAction","target":{"@type":"EntryPoint","urlTemplate":"https:\/\/www.estrategiaconcursos.com.br\/blog\/?s={search_term_string}"},"query-input":{"@type":"PropertyValueSpecification","valueRequired":true,"valueName":"search_term_string"}}],"inLanguage":"pt-BR"},{"@type":"Organization","@id":"https:\/\/www.estrategiaconcursos.com.br\/blog\/#organization","name":"Estrat\u00e9gia Concursos","url":"https:\/\/www.estrategiaconcursos.com.br\/blog\/","logo":{"@type":"ImageObject","inLanguage":"pt-BR","@id":"https:\/\/www.estrategiaconcursos.com.br\/blog\/#\/schema\/logo\/image\/","url":"https:\/\/dhg1h5j42swfq.cloudfront.net\/2025\/06\/03203428\/logo_concursos-1.jpg","contentUrl":"https:\/\/dhg1h5j42swfq.cloudfront.net\/2025\/06\/03203428\/logo_concursos-1.jpg","width":230,"height":60,"caption":"Estrat\u00e9gia Concursos"},"image":{"@id":"https:\/\/www.estrategiaconcursos.com.br\/blog\/#\/schema\/logo\/image\/"},"sameAs":["https:\/\/x.com\/EstratConcursos"]},{"@type":"Person","@id":"https:\/\/www.estrategiaconcursos.com.br\/blog\/#\/schema\/person\/f33ffe5648e36a1ec7be14cb98aec31a","name":"Melmuara Thaiane Doneg\u00e1 C\u00e2ndido","image":{"@type":"ImageObject","inLanguage":"pt-BR","@id":"https:\/\/secure.gravatar.com\/avatar\/72c23c49ace6e781125178efe440f336ae4f50fbfb902780beb369688b387c4f?s=96&d=mm&r=g","url":"https:\/\/secure.gravatar.com\/avatar\/72c23c49ace6e781125178efe440f336ae4f50fbfb902780beb369688b387c4f?s=96&d=mm&r=g","contentUrl":"https:\/\/secure.gravatar.com\/avatar\/72c23c49ace6e781125178efe440f336ae4f50fbfb902780beb369688b387c4f?s=96&d=mm&r=g","caption":"Melmuara Thaiane Doneg\u00e1 C\u00e2ndido"},"description":"Formada em Jornalismo em 2011 pela UniSEB-COC, Ribeir\u00e3o Preto-SP, atua desde 2017 na produ\u00e7\u00e3o de conte\u00fado para prefeituras, passando da \u00e1rea publicit\u00e1ria para a cria\u00e7\u00e3o de textos estrat\u00e9gicos e not\u00edcias sobre concursos, mantendo os concurseiros bem informados sobre os principais editais de prefeituras e concursos municipais.","birthDate":"1990-04-21","gender":"feminino","url":"https:\/\/www.estrategiaconcursos.com.br\/blog\/author\/melmuara-candidoestrategia-com\/"}]}},"_links":{"self":[{"href":"https:\/\/www.estrategiaconcursos.com.br\/blog\/wp-json\/wp\/v2\/posts\/1728237","targetHints":{"allow":["GET"]}}],"collection":[{"href":"https:\/\/www.estrategiaconcursos.com.br\/blog\/wp-json\/wp\/v2\/posts"}],"about":[{"href":"https:\/\/www.estrategiaconcursos.com.br\/blog\/wp-json\/wp\/v2\/types\/post"}],"author":[{"embeddable":true,"href":"https:\/\/www.estrategiaconcursos.com.br\/blog\/wp-json\/wp\/v2\/users\/2991"}],"replies":[{"embeddable":true,"href":"https:\/\/www.estrategiaconcursos.com.br\/blog\/wp-json\/wp\/v2\/comments?post=1728237"}],"version-history":[{"count":3,"href":"https:\/\/www.estrategiaconcursos.com.br\/blog\/wp-json\/wp\/v2\/posts\/1728237\/revisions"}],"predecessor-version":[{"id":1728309,"href":"https:\/\/www.estrategiaconcursos.com.br\/blog\/wp-json\/wp\/v2\/posts\/1728237\/revisions\/1728309"}],"wp:featuredmedia":[{"embeddable":true,"href":"https:\/\/www.estrategiaconcursos.com.br\/blog\/wp-json\/wp\/v2\/media\/1540739"}],"wp:attachment":[{"href":"https:\/\/www.estrategiaconcursos.com.br\/blog\/wp-json\/wp\/v2\/media?parent=1728237"}],"wp:term":[{"taxonomy":"category","embeddable":true,"href":"https:\/\/www.estrategiaconcursos.com.br\/blog\/wp-json\/wp\/v2\/categories?post=1728237"},{"taxonomy":"post_tag","embeddable":true,"href":"https:\/\/www.estrategiaconcursos.com.br\/blog\/wp-json\/wp\/v2\/tags?post=1728237"},{"taxonomy":"tax_estado","embeddable":true,"href":"https:\/\/www.estrategiaconcursos.com.br\/blog\/wp-json\/wp\/v2\/tax_estado?post=1728237"}],"curies":[{"name":"wp","href":"https:\/\/api.w.org\/{rel}","templated":true}]}}