{"id":1728160,"date":"2026-03-13T18:00:00","date_gmt":"2026-03-13T21:00:00","guid":{"rendered":"https:\/\/www.estrategiaconcursos.com.br\/blog\/?p=1728160"},"modified":"2026-03-16T13:16:20","modified_gmt":"2026-03-16T16:16:20","slug":"concursos-editais-semana-09-a-13-03","status":"publish","type":"post","link":"https:\/\/www.estrategiaconcursos.com.br\/blog\/concursos-editais-semana-09-a-13-03\/","title":{"rendered":"Concursos P\u00fablicos: 23 editais esta semana; 1,4 mil vagas!"},"content":{"rendered":"\n<p>O ano de 2026 parece estar a 100km\/h e o mundo dos concursos tem tentado seguir no mesmo ritmo. Afinal, em mais uma semana, 23 editais de concurso foram oficialmente publicados.<\/p>\n\n\n\n<p>Entre os destaques, a \u00e1rea da Seguran\u00e7a P\u00fablica chegou com tudo com tr\u00eas editais <strong>gigantes<\/strong> para os que sonham em integr\u00e1-la atrav\u00e9s de certames.<\/p>\n\n\n\n<p>Isso porque foram abertas oportunidades para a <a href=\"https:\/\/www.estrategiaconcursos.com.br\/blog\/concurso-pm-sp\/\" target=\"_blank\" rel=\"noreferrer noopener\">Pol\u00edcia Militar de S\u00e3o Paulo<\/a>\u00a0(PM SP), <a href=\"https:\/\/www.estrategiaconcursos.com.br\/blog\/concurso-pm-rn-edital-publicado-2026\/\" target=\"_blank\" rel=\"noreferrer noopener\">Pol\u00edcia Militar do Rio Grande do Norte<\/a>\u00a0(PM RN) e <a href=\"https:\/\/www.estrategiaconcursos.com.br\/blog\/concurso-esfcex-2026-editais-publicados\/\" target=\"_blank\" rel=\"noreferrer noopener\">EsFCEx<\/a>\u00a0(Ex\u00e9rcito Brasileiro), com mais de 400 vagas e sal\u00e1rios de at\u00e9 R$ 9,8 mil.<\/p>\n\n\n\n<p>Quer ficar informado sobre TODOS os novos editais de concursos publicados na \u00faltima semana? <em><strong>Confira mais informa\u00e7\u00f5es ao longo deste artigo!<\/strong><\/em><\/p>\n\n\n\n<div class=\"container\" id=\"boxes\">\n  <div class=\"row\">\n\n    <div class=\"col-sm\">\n      <div class=\"banner-estrat-corj\" id=\"box-assinatura\">\n        <h3 class=\"titulo-assinatura\" style=\"text-align: left;\">Cursos para Concursos<\/h3>\n        <p class=\"subtitulo-assinatura\" style=\"text-align: left;\">Conhe\u00e7a os cursos<\/p>\n        <div class=\"box-botao\" style=\"text-align: left;\">\n          <a class=\"btn-assinatura\" target=\"_blank\" href=\"https:\/\/www.estrategiaconcursos.com.br\/cursos\/concurso\/\" role=\"button\" rel=\"noopener noreferrer\">CLIQUE AQUI<\/a>\n        <\/div>\n      <\/div><\/div><\/div><\/div>\n\n\n\n<ul id=\"indice\" class=\"wp-block-list\">\n<li><a href=\"#seguranca\">Seguran\u00e7a p\u00fablica<\/a><\/li>\n\n\n\n<li><a href=\"#tribunais\">Tribunais<\/a><\/li>\n\n\n\n<li><a href=\"#ecj\">Carreiras Jur\u00eddicas<\/a><\/li>\n\n\n\n<li><a href=\"#educacao\">Educa\u00e7\u00e3o<\/a><\/li>\n\n\n\n<li><a href=\"#outras\">Oportunidades em outras \u00e1reas<\/a><\/li>\n\n\n\n<li><a href=\"#prefeituras\">Prefeituras Municipais<\/a><\/li>\n<\/ul>\n\n\n\n<h3 class=\"wp-block-heading has-text-align-center has-background\" id=\"seguranca\" style=\"background-color:#e1eaf2\">Seguran\u00e7a p\u00fablica<\/h3>\n\n\n\n<h3 class=\"wp-block-heading\" id=\"h-policia-militar-de-sao-paulo-pm-sp\"><a href=\"https:\/\/www.estrategiaconcursos.com.br\/blog\/concurso-pm-sp\/\" target=\"_blank\" rel=\"noreferrer noopener\">Pol\u00edcia Militar de S\u00e3o Paulo<\/a> (PM SP)<\/h3>\n\n\n\n<ul class=\"wp-block-list\">\n<li><strong>Banca:<\/strong> Vunesp<\/li>\n\n\n\n<li><strong>Per\u00edodo de inscri\u00e7\u00f5es:<\/strong> 16\/03 a 07\/05<\/li>\n\n\n\n<li><strong>Data da prova<\/strong>: 14\/06<\/li>\n\n\n\n<li><strong>Vagas:<\/strong> 36<\/li>\n\n\n\n<li><strong>Sal\u00e1rio inicial:<\/strong> R$ 9.832,41<\/li>\n\n\n\n<li><strong>Edital:<\/strong> <a href=\"https:\/\/dhg1h5j42swfq.cloudfront.net\/2026\/03\/11080508\/edital-concurso-pm-sp-tenente-medico-2026.pdf\" target=\"_blank\" rel=\"noreferrer noopener nofollow\">PM SP 2\u00b0 Tenente M\u00e9dico PM Estagi\u00e1rio 2026<\/a><\/li>\n<\/ul>\n\n\n\n<h3 class=\"wp-block-heading\" id=\"h-policia-militar-do-rio-grande-do-norte-pm-rn\"><a href=\"https:\/\/www.estrategiaconcursos.com.br\/blog\/concurso-pm-rn-edital-publicado-2026\/\" target=\"_blank\" rel=\"noreferrer noopener\">Pol\u00edcia Militar do Rio Grande do Norte<\/a> (PM RN)<\/h3>\n\n\n\n<ul class=\"wp-block-list\">\n<li><strong>Banca:<\/strong> Idecan<\/li>\n\n\n\n<li><strong>Per\u00edodo de inscri\u00e7\u00f5es:<\/strong> at\u00e9 13\/04<\/li>\n\n\n\n<li><strong>Data da prova<\/strong>: 14\/06<\/li>\n\n\n\n<li><strong>Vagas:<\/strong> 146<\/li>\n\n\n\n<li><strong>Sal\u00e1rio inicial:<\/strong> R$ 4.245,64 (ap\u00f3s forma\u00e7\u00e3o)<\/li>\n\n\n\n<li><strong>Edital:<\/strong> <a href=\"https:\/\/dhg1h5j42swfq.cloudfront.net\/2026\/03\/11011642\/edital-pm-rn-2026.pdf\" target=\"_blank\" rel=\"noreferrer noopener nofollow\">PM RN- 2026<\/a><\/li>\n<\/ul>\n\n\n\n<h3 class=\"wp-block-heading\" id=\"h-esfcex-exercito-brasileiro\"><a href=\"https:\/\/www.estrategiaconcursos.com.br\/blog\/concurso-esfcex-2026-editais-publicados\/\" target=\"_blank\" rel=\"noreferrer noopener\">EsFCEx<\/a> (Ex\u00e9rcito Brasileiro)<\/h3>\n\n\n\n<ul class=\"wp-block-list\">\n<li><strong>Banca:<\/strong> Vunesp<\/li>\n\n\n\n<li><strong>Per\u00edodo de inscri\u00e7\u00f5es:<\/strong> 27\/03 a 12\/06<\/li>\n\n\n\n<li><strong>Data da prova<\/strong>: 12\/07<\/li>\n\n\n\n<li><strong>Vagas:<\/strong> 227<\/li>\n\n\n\n<li><strong>Sal\u00e1rio inicial:<\/strong> <strong>l:<\/strong>&nbsp;R$ 8.245,00 + Gratifica\u00e7\u00f5es<\/li>\n\n\n\n<li><strong>Edital:<\/strong>&nbsp;<a href=\"https:\/\/www.in.gov.br\/web\/dou\/-\/edital-n-2-de-11-de-marco-de-2026-692396709\" target=\"_blank\" rel=\"noreferrer noopener\">Edital Sa\u00fade 2026<\/a>&nbsp;\/&nbsp;<a href=\"https:\/\/www.in.gov.br\/web\/dou\/-\/edital-n-1-de-11-de-marco-de-2026-692396628\" target=\"_blank\" rel=\"noreferrer noopener\">Edital Capel\u00e3es 2026<\/a><\/li>\n<\/ul>\n\n\n\n<h3 class=\"wp-block-heading has-text-align-center has-background\" id=\"tribunais\" style=\"background-color:#e1eaf2\">Tribunais\/Procuradorias\/Minist\u00e9rios P\u00fablicos<\/h3>\n\n\n\n<h3 class=\"wp-block-heading\" id=\"h-procuradoria-geral-do-estado-do-rio-grande-do-norte-nbsp-pge-rn-nbsp\"><a href=\"https:\/\/www.estrategiaconcursos.com.br\/blog\/concurso-pge-rn\/\" target=\"_blank\" rel=\"noreferrer noopener\">Procuradoria-Geral do Estado do Rio Grande do Norte<\/a>&nbsp;(PGE RN)&nbsp;<\/h3>\n\n\n\n<ul class=\"wp-block-list\">\n<li><strong>Banca:<\/strong> Cebraspe<\/li>\n\n\n\n<li><strong>Per\u00edodo de inscri\u00e7\u00f5es:<\/strong> at\u00e9 13\/04<\/li>\n\n\n\n<li><strong>Data da prova<\/strong>: 21\/06<\/li>\n\n\n\n<li><strong>Vagas:<\/strong> 22<\/li>\n\n\n\n<li><strong>Sal\u00e1rio inicial:<\/strong> R$ 8.977,79<\/li>\n\n\n\n<li><strong>Edital:<\/strong> <a href=\"https:\/\/dhg1h5j42swfq.cloudfront.net\/2026\/03\/09204548\/editalpgern-1.pdf\" target=\"_blank\" rel=\"noreferrer noopener nofollow\">Edital PGE RN 2026<\/a><\/li>\n<\/ul>\n\n\n\n<h3 class=\"wp-block-heading\" id=\"h-ministerio-publico-do-espirito-santo-mp-es\"><a href=\"https:\/\/www.estrategiaconcursos.com.br\/blog\/concurso-mp-es-2026-edital-publicado\/\" target=\"_blank\" rel=\"noreferrer noopener\">Minist\u00e9rio P\u00fablico do Esp\u00edrito Santo<\/a> (MP ES)<\/h3>\n\n\n\n<ul class=\"wp-block-list\">\n<li><strong>Banca:<\/strong> FGV<\/li>\n\n\n\n<li><strong>Per\u00edodo de inscri\u00e7\u00f5es:<\/strong> at\u00e9 09\/04<\/li>\n\n\n\n<li><strong>Data da prova<\/strong>: 31\/05<\/li>\n\n\n\n<li><strong>Vagas:<\/strong> 60<\/li>\n\n\n\n<li><strong>Sal\u00e1rio inicial:<\/strong> R$ 5.073,26 a R$ 10.453,81<\/li>\n\n\n\n<li><strong>Edital:<\/strong> <a href=\"https:\/\/dhg1h5j42swfq.cloudfront.net\/2026\/03\/12005205\/mp-es-edital-2026.pdf\" target=\"_blank\" rel=\"noreferrer noopener nofollow\">MP ES 2026<\/a><\/li>\n<\/ul>\n\n\n\n<h3 class=\"wp-block-heading has-text-align-center has-background\" id=\"ecj\" style=\"background-color:#e1eaf2\">Carreiras Jur\u00eddicas<\/h3>\n\n\n\n<h3 class=\"wp-block-heading\" id=\"h-mp-rj-promotor\"><a href=\"https:\/\/cj.estrategia.com\/portal\/concurso-mp-rj-promotor\/\" target=\"_blank\" rel=\"noreferrer noopener\">MP RJ Promotor<\/a><\/h3>\n\n\n\n<ul class=\"wp-block-list\">\n<li><strong>Banca:<\/strong> FGV<\/li>\n\n\n\n<li><strong>Per\u00edodo de inscri\u00e7\u00f5es:<\/strong> 18\/03 a 16\/04<\/li>\n\n\n\n<li><strong>Data da prova<\/strong>: 31\/05<\/li>\n\n\n\n<li><strong>Vagas:<\/strong> 10 + CR<\/li>\n\n\n\n<li><strong>Sal\u00e1rio inicial:<\/strong> R$ 37.765,53<\/li>\n\n\n\n<li><strong>Edital:<\/strong> <a href=\"https:\/\/cj.estrategia.com\/portal\/wp-content\/uploads\/2026\/03\/12211921\/editalxxxixconcurso.pdf\" target=\"_blank\" rel=\"noreferrer noopener nofollow\">MP RJ Promotor 2026<\/a><\/li>\n<\/ul>\n\n\n\n<h3 class=\"wp-block-heading has-text-align-center has-background\" id=\"educacao\" style=\"background-color:#e1eaf2\">Educa\u00e7\u00e3o<\/h3>\n\n\n\n<h3 class=\"wp-block-heading\" id=\"h-sme-ariquemes-ro\"><a href=\"https:\/\/www.estrategiaconcursos.com.br\/blog\/concurso-sme-ariquemes-ro\/\" target=\"_blank\" rel=\"noreferrer noopener\">SME Ariquemes<\/a> (RO)<\/h3>\n\n\n\n<ul class=\"wp-block-list\">\n<li><strong>Banca:<\/strong> banca pr\u00f3pria<\/li>\n\n\n\n<li><strong>Per\u00edodo de inscri\u00e7\u00f5es:<\/strong> at\u00e9 31\/03<\/li>\n\n\n\n<li><strong>Vagas:<\/strong> 74 + CR<\/li>\n\n\n\n<li><strong>Sal\u00e1rio inicial:<\/strong> R$ 5.597,94 mais benef\u00edcios<\/li>\n\n\n\n<li><strong>Edital:<\/strong> <a href=\"https:\/\/dhg1h5j42swfq.cloudfront.net\/2026\/03\/11143855\/edital-001-2026-concurso-professor-ariquemes-final-professores.pdf\" target=\"_blank\" rel=\"noreferrer noopener nofollow\">Edital 2026<\/a><\/li>\n<\/ul>\n\n\n\n<h3 class=\"wp-block-heading\" id=\"h-universidade-estadual-do-rio-de-janeiro-uerj\"><a href=\"https:\/\/www.estrategiaconcursos.com.br\/blog\/concurso-uerj\/\" target=\"_blank\" rel=\"noreferrer noopener\">Universidade Estadual do Rio de Janeiro<\/a> (UERJ)<\/h3>\n\n\n\n<ul class=\"wp-block-list\">\n<li><strong>Banca:<\/strong> Cepuerj<\/li>\n\n\n\n<li><strong>Per\u00edodo de inscri\u00e7\u00f5es:<\/strong> at\u00e9 31\/03<\/li>\n\n\n\n<li><strong>Data da prova<\/strong>: 03\/05<\/li>\n\n\n\n<li><strong>Vagas:<\/strong>  27<\/li>\n\n\n\n<li><strong>Sal\u00e1rio inicial:<\/strong> R$ 3.771,18 e R$5.746,56<\/li>\n\n\n\n<li><strong>Edital:<\/strong> <strong><a href=\"https:\/\/www.cepuerj.uerj.br\/uploads\/concursos\/B00004_2026\/8b5d9f1e8cc420e6a56d2ffe7aaea72e4ba84178e4ce26bcd808f5091d9cf825.pdf\" target=\"_blank\" rel=\"noreferrer noopener nofollow\">Edital UERJ T\u00e9cnico 2026<\/a><\/strong> | <a href=\"https:\/\/dhg1h5j42swfq.cloudfront.net\/2026\/02\/11150646\/medico.pdf\" target=\"_blank\" rel=\"noreferrer noopener nofollow\"><strong>Edital UERJ M\u00e9dico 2026<\/strong><\/a> | <a href=\"https:\/\/dhg1h5j42swfq.cloudfront.net\/2026\/02\/11150707\/cargos.pdf\" target=\"_blank\" rel=\"noreferrer noopener nofollow\"><strong>Edital UERJ Demais cargos 2026<\/strong><\/a><\/li>\n<\/ul>\n\n\n\n<h3 class=\"wp-block-heading\" id=\"h-universidade-estadual-de-alagoas-nbsp-uneal\"><a href=\"https:\/\/www.estrategiaconcursos.com.br\/blog\/concurso-uneal-2026-edital-publicado\/\" target=\"_blank\" rel=\"noreferrer noopener\">Universidade Estadual de Alagoas<\/a>&nbsp;(UNEAL)<\/h3>\n\n\n\n<ul class=\"wp-block-list\">\n<li><strong>Banca:<\/strong> Cebraspe<\/li>\n\n\n\n<li><strong>Per\u00edodo de inscri\u00e7\u00f5es:<\/strong> at\u00e9 27\/04<\/li>\n\n\n\n<li><strong>Data da prova<\/strong>: 21\/06<\/li>\n\n\n\n<li><strong>Vagas:<\/strong> 82<\/li>\n\n\n\n<li><strong>Sal\u00e1rio inicial:<\/strong> R$ 5.324,13<\/li>\n\n\n\n<li><strong>Edital:<\/strong> <a href=\"https:\/\/dhg1h5j42swfq.cloudfront.net\/2026\/03\/13072458\/concurso-uneal-edital-2026-publicado.pdf\" target=\"_blank\" rel=\"noreferrer noopener nofollow\">UENAL 2026<\/a><\/li>\n<\/ul>\n\n\n\n<h3 class=\"wp-block-heading has-text-align-center has-background\" id=\"outras\" style=\"background-color:#e1eaf2\">Outras oportunidades<\/h3>\n\n\n\n<h3 class=\"wp-block-heading\" id=\"h-conselho-regional-de-fonoaudiologia-da-6\u00aa-regiao-crefono-mg\"><a href=\"https:\/\/www.estrategiaconcursos.com.br\/blog\/concurso-crefono-mg\/\" target=\"_blank\" rel=\"noreferrer noopener\">Conselho Regional de Fonoaudiologia da 6\u00aa Regi\u00e3o<\/a> (Crefono MG)<\/h3>\n\n\n\n<ul class=\"wp-block-list\">\n<li><strong>Banca:<\/strong> Ibest<\/li>\n\n\n\n<li><strong>Per\u00edodo de inscri\u00e7\u00f5es:<\/strong> at\u00e9 13\/04<\/li>\n\n\n\n<li><strong>Data da prova<\/strong>: 17\/05<\/li>\n\n\n\n<li><strong>Vagas:<\/strong> 6 + 144 CR<\/li>\n\n\n\n<li><strong>Sal\u00e1rio inicial:<\/strong> at\u00e9 R$8.000,00<\/li>\n\n\n\n<li><strong>Edital:<\/strong> <a href=\"https:\/\/dhg1h5j42swfq.cloudfront.net\/2026\/03\/09125128\/fd046aea-5b4c-4f9f-8a19-6fbcac0cc70b.pdf\" target=\"_blank\" rel=\"noreferrer noopener nofollow\">CREFONO MG 2026<\/a><\/li>\n<\/ul>\n\n\n\n<h3 class=\"wp-block-heading\" id=\"h-autarquia-municipal-de-saneamento-ambiental-daep-penapolis\"><a href=\"https:\/\/www.estrategiaconcursos.com.br\/blog\/concurso-daep-penapolis\/\" target=\"_blank\" rel=\"noreferrer noopener\">Autarquia Municipal de Saneamento Ambiental<\/a> (DAEP Pen\u00e1polis)<\/h3>\n\n\n\n<ul class=\"wp-block-list\">\n<li><strong>Banca:<\/strong> P\u00fablica Concursos<\/li>\n\n\n\n<li><strong>Per\u00edodo de inscri\u00e7\u00f5es:<\/strong> at\u00e9 22\/03<\/li>\n\n\n\n<li><strong>Data da prova<\/strong>: 26\/04<\/li>\n\n\n\n<li><strong>Vagas:<\/strong> 03<\/li>\n\n\n\n<li><strong>Sal\u00e1rio inicial:<\/strong> R$ 1.703,60 a R$ 3.955,18<\/li>\n\n\n\n<li><strong>Edital:<\/strong> <a href=\"https:\/\/dhg1h5j42swfq.cloudfront.net\/2026\/03\/10121749\/37e8902eb9f11a1f4d732dbf87811116.pdf\" target=\"_blank\" rel=\"noreferrer noopener nofollow\">Edital DAEP Pen\u00e1polis 2026<\/a><\/li>\n<\/ul>\n\n\n\n<h3 class=\"wp-block-heading\" id=\"h-servico-autonomo-de-agua-e-esgoto-de-passos-saae-passos-mg\"><a href=\"https:\/\/www.estrategiaconcursos.com.br\/blog\/concurso-saae-passos\/\" target=\"_blank\" rel=\"noreferrer noopener\">Servi\u00e7o Aut\u00f4nomo de \u00c1gua e Esgoto de Passos<\/a> (SAAE Passos -MG)<\/h3>\n\n\n\n<ul class=\"wp-block-list\">\n<li><strong>Banca:<\/strong> IBGP<\/li>\n\n\n\n<li><strong>Per\u00edodo de inscri\u00e7\u00f5es:<\/strong> 11\/05 a 10\/06<\/li>\n\n\n\n<li><strong>Data da prova<\/strong>: 12\/07<\/li>\n\n\n\n<li><strong>Vagas:<\/strong> 19 + CR<\/li>\n\n\n\n<li><strong>Sal\u00e1rio inicial:<\/strong> R$ 1.927,01 a R$ 6.670,42<\/li>\n\n\n\n<li><strong>Edital:<\/strong> <a href=\"https:\/\/dhg1h5j42swfq.cloudfront.net\/2026\/03\/10090611\/00-edital-concurso_saae-passos.pdf\" target=\"_blank\" rel=\"noreferrer noopener nofollow\">Edital SAAE Passos 2026<\/a>&nbsp;<\/li>\n<\/ul>\n\n\n\n<h3 class=\"wp-block-heading\" id=\"h-conselho-regional-dos-tecnicos-industriais-do-rio-grande-do-sul-crt-rs\"><a href=\"https:\/\/www.estrategiaconcursos.com.br\/blog\/concurso-crt-rs\/\" target=\"_blank\" rel=\"noreferrer noopener\">Conselho Regional dos T\u00e9cnicos Industriais do Rio Grande do Sul <\/a>(CRT RS)<\/h3>\n\n\n\n<ul class=\"wp-block-list\">\n<li><strong>Banca:<\/strong> Fundatec<\/li>\n\n\n\n<li><strong>Per\u00edodo de inscri\u00e7\u00f5es:<\/strong> at\u00e9 01\/04<\/li>\n\n\n\n<li><strong>Data da prova<\/strong>: 26\/04<\/li>\n\n\n\n<li><strong>Vagas:<\/strong> 13<\/li>\n\n\n\n<li><strong>Sal\u00e1rio inicial:<\/strong> at\u00e9 R$ 3,5 mil + benef\u00edcios<\/li>\n\n\n\n<li><strong>Edital:<\/strong> <a href=\"https:\/\/dhg1h5j42swfq.cloudfront.net\/2025\/11\/10095933\/edital_abertura_105169aee2042d51d.pdf\" target=\"_blank\" rel=\"noreferrer noopener nofollow\">CRT RS 2026<\/a><\/li>\n<\/ul>\n\n\n\n<h3 class=\"wp-block-heading\" id=\"h-departamento-de-agua-e-esgoto-de-bauru-dae-bauru-sp\"><a href=\"https:\/\/www.estrategiaconcursos.com.br\/blog\/concurso-dae-bauru\/\" target=\"_blank\" rel=\"noreferrer noopener\">Departamento de \u00c1gua e Esgoto de Bauru<\/a> (DAE Bauru SP)<\/h3>\n\n\n\n<ul class=\"wp-block-list\">\n<li><strong>Banca:<\/strong> organiza\u00e7\u00e3o pr\u00f3pria<\/li>\n\n\n\n<li><strong>Per\u00edodo de inscri\u00e7\u00f5es:<\/strong> 23\/03 a 10\/04<\/li>\n\n\n\n<li><strong>Data da prova<\/strong>: 10\/05<\/li>\n\n\n\n<li><strong>Vagas:<\/strong> 2<\/li>\n\n\n\n<li><strong>Sal\u00e1rio inicial:<\/strong> R$ 1.994,61<\/li>\n\n\n\n<li><strong>Edital:<\/strong> <a href=\"https:\/\/dhg1h5j42swfq.cloudfront.net\/2026\/03\/12145444\/concurso-dae-bauru-sp-edital-1-2026-1.pdf\" target=\"_blank\" rel=\"noreferrer noopener nofollow\">DAE Bauru 2026<\/a><\/li>\n<\/ul>\n\n\n\n<h3 class=\"wp-block-heading\" id=\"h-conselho-de-arquitetura-e-urbanismo-de-rondonia-cau-ro\"><a href=\"https:\/\/www.estrategiaconcursos.com.br\/blog\/concurso-cau-ro\/\" target=\"_blank\" rel=\"noreferrer noopener\">Conselho de Arquitetura e Urbanismo de Rond\u00f4nia<\/a> (CAU RO)<\/h3>\n\n\n\n<ul class=\"wp-block-list\">\n<li><strong>Banca:<\/strong> Ibade<\/li>\n\n\n\n<li><strong>Per\u00edodo de inscri\u00e7\u00f5es:<\/strong> 16\/03 a 15\/04<\/li>\n\n\n\n<li><strong>Data da prova<\/strong>: 24\/05<\/li>\n\n\n\n<li><strong>Vagas:<\/strong> 1 + CR<\/li>\n\n\n\n<li><strong>Sal\u00e1rio inicial:<\/strong> at\u00e9&nbsp;R$ 7.278,82 + Benef\u00edcios*<\/li>\n\n\n\n<li><strong>Edital:<\/strong> <a href=\"https:\/\/dhg1h5j42swfq.cloudfront.net\/2026\/03\/12144514\/edital-cau-ro.pdf\" target=\"_blank\" rel=\"noreferrer noopener nofollow\">CAU RO 2026<\/a><\/li>\n<\/ul>\n\n\n\n<h3 class=\"wp-block-heading\" id=\"h-fundacao-da-seguridade-social-dos-servidores-publicos-municipais-de-sorocaba-funserv\"><a href=\"https:\/\/www.estrategiaconcursos.com.br\/blog\/concurso-funserv-sorocaba\/\" target=\"_blank\" rel=\"noreferrer noopener\">Funda\u00e7\u00e3o da Seguridade Social dos Servidores P\u00fablicos Municipais de Sorocaba<\/a> (Funserv)<\/h3>\n\n\n\n<ul class=\"wp-block-list\">\n<li><strong>Banca:<\/strong> Instituto Avalia<\/li>\n\n\n\n<li><strong>Per\u00edodo de inscri\u00e7\u00f5es:<\/strong> at\u00e9 22\/04<\/li>\n\n\n\n<li><strong>Data da prova<\/strong>: 24\/05<\/li>\n\n\n\n<li><strong>Vagas:<\/strong> 10 + CR<\/li>\n\n\n\n<li><strong>Sal\u00e1rio inicial:<\/strong> R$ 5.476,40 + benef\u00edcios<\/li>\n\n\n\n<li><strong>Edital:<\/strong>&nbsp;<a href=\"https:\/\/dhg1h5j42swfq.cloudfront.net\/2026\/03\/13110653\/333d68b1-3055-46f9-be93-5ae981b831be.pdf\" target=\"_blank\" rel=\"noreferrer noopener nofollow\">Edital Funserv Sorocaba 2026<\/a><\/li>\n<\/ul>\n\n\n\n<h3 class=\"wp-block-heading has-text-align-center has-background\" id=\"prefeituras\" style=\"background-color:#e1eaf2\">Prefeituras Municipais<\/h3>\n\n\n\n<h3 class=\"wp-block-heading\" id=\"h-prefeitura-de-santana-de-parnaiba-sp\"><a href=\"https:\/\/www.estrategiaconcursos.com.br\/blog\/concurso-prefeitura-santana-de-parnaiba\/\" target=\"_blank\" rel=\"noreferrer noopener\">Prefeitura de Santana de Parna\u00edba<\/a> (SP)<\/h3>\n\n\n\n<ul class=\"wp-block-list\">\n<li><strong>Banca:<\/strong> MS Concursos<\/li>\n\n\n\n<li><strong>Per\u00edodo de inscri\u00e7\u00f5es:<\/strong> at\u00e9 05\/04<\/li>\n\n\n\n<li><strong>Data da prova<\/strong>: 26\/04<\/li>\n\n\n\n<li><strong>Vagas:<\/strong> 51 + CR<\/li>\n\n\n\n<li><strong>Sal\u00e1rio inicial:<\/strong> R$ 1.658,67 a R$ 5.413,51<\/li>\n\n\n\n<li><strong>Edital:<\/strong>&nbsp;<a href=\"https:\/\/dhg1h5j42swfq.cloudfront.net\/2026\/03\/09092826\/1-edital-de-abertura-n-o-01-2026-concurso-varios-cargos.pdf\" target=\"_blank\" rel=\"noreferrer noopener nofollow\">Edital Santana de Parna\u00edba 2026<\/a><\/li>\n<\/ul>\n\n\n\n<h3 class=\"wp-block-heading\" id=\"h-prefeitura-de-sao-pedro-do-piaui-pi\"><a href=\"https:\/\/www.estrategiaconcursos.com.br\/blog\/concurso-prefeitura-sao-pedro-do-piaui\/\" target=\"_blank\" rel=\"noreferrer noopener\">Prefeitura de S\u00e3o Pedro do Piau\u00ed<\/a> (PI)<\/h3>\n\n\n\n<ul class=\"wp-block-list\">\n<li><strong>Banca:<\/strong> Legatus<\/li>\n\n\n\n<li><strong>Per\u00edodo de inscri\u00e7\u00f5es:<\/strong> at\u00e9 06\/04<\/li>\n\n\n\n<li><strong>Data da prova<\/strong>: 31\/05<\/li>\n\n\n\n<li><strong>Vagas:<\/strong> 103<\/li>\n\n\n\n<li><strong>Sal\u00e1rio inicial:<\/strong> R$ 1.621,00 a R$ 8.000,00<\/li>\n\n\n\n<li><strong>Edital:<\/strong> <a href=\"https:\/\/dhg1h5j42swfq.cloudfront.net\/2026\/03\/09114900\/edital-no-01_2026-abertura-do-concurso.pdf\" target=\"_blank\" rel=\"noreferrer noopener nofollow\">S\u00e3o Pedro do Piau\u00ed 2026<\/a><\/li>\n<\/ul>\n\n\n\n<h3 class=\"wp-block-heading\" id=\"h-prefeitura-de-pinto-bandeira-rs\"><a href=\"https:\/\/www.estrategiaconcursos.com.br\/blog\/concurso-prefeitura-pinto-bandeira\/\" target=\"_blank\" rel=\"noreferrer noopener\">Prefeitura de Pinto Bandeira<\/a> (RS)<\/h3>\n\n\n\n<ul class=\"wp-block-list\">\n<li><strong>Banca:<\/strong> Legalle<\/li>\n\n\n\n<li><strong>Per\u00edodo de inscri\u00e7\u00f5es:<\/strong> at\u00e9 21\/03<\/li>\n\n\n\n<li><strong>Data da prova<\/strong>: 10\/05<\/li>\n\n\n\n<li><strong>Vagas:<\/strong> 74 + CR<\/li>\n\n\n\n<li><strong>Sal\u00e1rio inicial:<\/strong> R$ 1.484,01 a R$ 10.990,92<\/li>\n\n\n\n<li><strong>Edital:<\/strong> <a href=\"https:\/\/dhg1h5j42swfq.cloudfront.net\/2026\/02\/23121106\/pb.pdf\" target=\"_blank\" rel=\"noreferrer noopener nofollow\">Edital Pinto Bandeira 2026<\/a><\/li>\n<\/ul>\n\n\n\n<h3 class=\"wp-block-heading\" id=\"h-prefeitura-de-morada-nova-ce\"><a href=\"https:\/\/www.estrategiaconcursos.com.br\/blog\/concurso-prefeitura-morada-nova\/\" target=\"_blank\" rel=\"noreferrer noopener\">Prefeitura de Morada Nova<\/a> (CE)<\/h3>\n\n\n\n<ul class=\"wp-block-list\">\n<li><strong>Banca:<\/strong> Instituto Consulpam<\/li>\n\n\n\n<li><strong>Per\u00edodo de inscri\u00e7\u00f5es:<\/strong> at\u00e9 01\/04<\/li>\n\n\n\n<li><strong>Data da prova<\/strong>: 06 + 60 CR<\/li>\n\n\n\n<li><strong>Vagas:<\/strong> 06 + 60 CR<\/li>\n\n\n\n<li><strong>Sal\u00e1rio inicial:<\/strong> R$ 1.777,76 e R$ 1.968,68<\/li>\n\n\n\n<li><strong>Edital:<\/strong> <a href=\"https:\/\/dhg1h5j42swfq.cloudfront.net\/2026\/03\/10094106\/20260310_000821_edital-001-2026-prefeitura-municipal-de-morada-nova-agente-municipal-de-transito-e-guarda-municipal-rv-26-02-2026.pdf\" target=\"_blank\" rel=\"noreferrer noopener\">Edital Morada Nova 2026<\/a><\/li>\n<\/ul>\n\n\n\n<h3 class=\"wp-block-heading\" id=\"h-prefeitura-de-santo-antonio-do-pinhal-sp\"><a href=\"https:\/\/www.estrategiaconcursos.com.br\/blog\/concurso-prefeitura-santo-antonio-do-pinhal\/\" target=\"_blank\" rel=\"noreferrer noopener\">Prefeitura de Santo Ant\u00f4nio do Pinhal<\/a> (SP)<\/h3>\n\n\n\n<ul class=\"wp-block-list\">\n<li><strong>Banca:<\/strong> Aplicativa<\/li>\n\n\n\n<li><strong>Per\u00edodo de inscri\u00e7\u00f5es:<\/strong> at\u00e9 10\/04<\/li>\n\n\n\n<li><strong>Data da prova<\/strong>: 26\/04<\/li>\n\n\n\n<li><strong>Vagas:<\/strong> 08<\/li>\n\n\n\n<li><strong>Sal\u00e1rio inicial:<\/strong> R$ 1.621,00 a R$ 6.255,61<\/li>\n\n\n\n<li><strong>Edital:<\/strong>&nbsp;<a href=\"https:\/\/dhg1h5j42swfq.cloudfront.net\/2026\/03\/12093450\/0beea3be-d6e3-4670-b5d5-f8959d13bdb5.pdf\" target=\"_blank\" rel=\"noreferrer noopener nofollow\">Edital Santo Ant\u00f4nio do Pinhal 2026<\/a><\/li>\n<\/ul>\n\n\n\n<h3 class=\"wp-block-heading\" id=\"h-prefeitura-de-tremembe-sp\"><a href=\"https:\/\/www.estrategiaconcursos.com.br\/blog\/concurso-prefeitura-tremembe\/\" target=\"_blank\" rel=\"noreferrer noopener\">Prefeitura de Trememb\u00e9<\/a> (SP)<\/h3>\n\n\n\n<ul class=\"wp-block-list\">\n<li><strong>Banca:<\/strong> Vunesp<\/li>\n\n\n\n<li><strong>Per\u00edodo de inscri\u00e7\u00f5es:<\/strong> 16\/03 a 15\/04<\/li>\n\n\n\n<li><strong>Data da prova<\/strong>: 14\/06<\/li>\n\n\n\n<li><strong>Vagas:<\/strong> 256<\/li>\n\n\n\n<li><strong>Sal\u00e1rio inicial:<\/strong> R$ 1.621,00 a R$ 8.921,67<\/li>\n\n\n\n<li><strong>Edital:<\/strong> <a href=\"https:\/\/dhg1h5j42swfq.cloudfront.net\/2026\/03\/11144146\/a_246_0_1_10032026090829.pdf\" target=\"_blank\" rel=\"noreferrer noopener nofollow\">Edital Trememb\u00e9 2026<\/a><\/li>\n<\/ul>\n\n\n\n<h3 class=\"wp-block-heading has-text-align-center\" id=\"h-quer-ficar-por-dentro-de-mais-informacoes-sobre-o-mundo-de-concurso-alem-dos-editais-da-semana-entao-confira-as-principais-noticias-do-dia\"><em>Quer ficar por dentro de mais informa\u00e7\u00f5es sobre o mundo de concurso, al\u00e9m dos editais da semana? Ent\u00e3o confira as principais not\u00edcias do dia!<\/em><\/h3>\n\n\n\n<p class=\"has-text-align-center has-background\" style=\"background-color:#ededed;font-size:clamp(14.642px, 0.915rem + ((1vw - 3.2px) * 0.721), 22px);px\"><strong><a href=\"https:\/\/www.estrategiaconcursos.com.br\/blog\/principais-noticias-do-dia\/\" target=\"_blank\" rel=\"noreferrer noopener\">Principais not\u00edcias do dia<\/a><\/strong><\/p>\n\n\n\n<div class=\"container\" id=\"boxes\">\r\n  <div class=\"row\">\r\n\r\n    <div class=\"col-sm\">\r\n      <div class=\"estrategia\" id=\"box-assinatura\">\r\n        <h3 class=\"titulo-assinatura\">Assinatura Concursos<\/h3>\r\n        <p class=\"subtitulo-assinatura\">Assinatura de 1 ano ou 2 anos<\/p>\r\n        <div class=\"box-botao\">\r\n          <a class=\"btn-assinatura\" target=\"_blank\" href=\"https:\/\/www.estrategiaconcursos.com.br\/assinaturas\/\" role=\"button\" rel=\"noopener noreferrer\">ASSINE AGORA<\/a>\r\n        <\/div>\r\n      <\/div><\/div><\/div><\/div>\n\n\n\n<h2 class=\"wp-block-heading has-text-align-center\" id=\"h-quer-saber-tudo-sobre-concursos-previstos-e-editais-da-semana-confira-os-nossos-artigos\">Quer saber tudo sobre concursos previstos e editais da semana?<br \/>Confira os nossos artigos!<\/h2>\n\n\n\n<ul class=\"wp-block-list\">\n<li><a href=\"https:\/\/www.estrategiaconcursos.com.br\/blog\/concursos-abertos\/\" target=\"_blank\" rel=\"noreferrer noopener\">Concursos Abertos<\/a><\/li>\n\n\n\n<li><a href=\"https:\/\/www.estrategiaconcursos.com.br\/blog\/concursos-prefeitura\/\" target=\"_blank\" rel=\"noreferrer noopener\">Concursos Abertos Prefeitura<\/a><\/li>\n\n\n\n<li><a href=\"https:\/\/www.estrategiaconcursos.com.br\/blog\/concursos-2026\/\" target=\"_blank\" rel=\"noreferrer noopener\">Concursos 2026<\/a><\/li>\n<\/ul>\n\n\n\n<p><\/p>\n","protected":false},"excerpt":{"rendered":"<p>O ano de 2026 parece estar a 100km\/h e o mundo dos concursos tem tentado seguir no mesmo ritmo. Afinal, em mais uma semana, 23 editais de concurso foram oficialmente publicados. Entre os destaques, a \u00e1rea da Seguran\u00e7a P\u00fablica chegou com tudo com tr\u00eas editais gigantes para os que sonham em integr\u00e1-la atrav\u00e9s de certames. [&hellip;]<\/p>\n","protected":false},"author":2692,"featured_media":1571644,"comment_status":"open","ping_status":"closed","sticky":false,"template":"","format":"standard","meta":{"post_tipo":"news","footnotes":""},"categories":[1,220219],"tags":[],"tax_estado":[219963],"class_list":["post-1728160","post","type-post","status-publish","format-standard","has-post-thumbnail","hentry","category-cursos-e-concursos","category-noticias","tax_estado-concursos-federais"],"acf":[],"yoast_head":"<!-- This site is optimized with the Yoast SEO Premium plugin v27.2 (Yoast SEO v27.2) - https:\/\/yoast.com\/product\/yoast-seo-premium-wordpress\/ -->\n<title>Concursos P\u00fablicos: 23 editais esta semana; 1,4 mil vagas!<\/title>\n<meta name=\"description\" content=\"Concurso P\u00fablico 2026: 23 editais sa\u00edram ao longo desta semana (09 a 13\/03). Confira o n\u00famero de oportunidades, remunera\u00e7\u00e3o e datas\" \/>\n<meta name=\"robots\" content=\"index, follow, max-snippet:-1, max-image-preview:large, max-video-preview:-1\" \/>\n<link rel=\"canonical\" href=\"https:\/\/www.estrategiaconcursos.com.br\/blog\/concursos-editais-semana-09-a-13-03\/\" \/>\n<meta property=\"og:locale\" content=\"pt_BR\" \/>\n<meta property=\"og:type\" content=\"article\" \/>\n<meta property=\"og:title\" content=\"Concursos P\u00fablicos: 23 editais esta semana; 1,4 mil vagas!\" \/>\n<meta property=\"og:description\" content=\"Concurso P\u00fablico 2026: 23 editais sa\u00edram ao longo desta semana (09 a 13\/03). Confira o n\u00famero de oportunidades, remunera\u00e7\u00e3o e datas\" \/>\n<meta property=\"og:url\" content=\"https:\/\/www.estrategiaconcursos.com.br\/blog\/concursos-editais-semana-09-a-13-03\/\" \/>\n<meta property=\"og:site_name\" content=\"Estrat\u00e9gia Concursos\" \/>\n<meta property=\"article:published_time\" content=\"2026-03-13T21:00:00+00:00\" \/>\n<meta property=\"article:modified_time\" content=\"2026-03-16T16:16:20+00:00\" \/>\n<meta property=\"og:image\" content=\"https:\/\/dhg1h5j42swfq.cloudfront.net\/2025\/05\/05161312\/concursos-2026.jpg\" \/>\n\t<meta property=\"og:image:width\" content=\"768\" \/>\n\t<meta property=\"og:image:height\" content=\"432\" \/>\n\t<meta property=\"og:image:type\" content=\"image\/jpeg\" \/>\n<meta name=\"author\" content=\"Ronaldo Scanavini Neto\" \/>\n<meta name=\"twitter:card\" content=\"summary_large_image\" \/>\n<meta name=\"twitter:creator\" content=\"@EstratConcursos\" \/>\n<meta name=\"twitter:site\" content=\"@EstratConcursos\" \/>\n<meta name=\"twitter:label1\" content=\"Escrito por\" \/>\n\t<meta name=\"twitter:data1\" content=\"Ronaldo Scanavini Neto\" \/>\n\t<meta name=\"twitter:label2\" content=\"Est. tempo de leitura\" \/>\n\t<meta name=\"twitter:data2\" content=\"5 minutos\" \/>\n<script type=\"application\/ld+json\" class=\"yoast-schema-graph\">{\"@context\":\"https:\/\/schema.org\",\"@graph\":[{\"@type\":\"NewsArticle\",\"@id\":\"https:\/\/www.estrategiaconcursos.com.br\/blog\/concursos-editais-semana-09-a-13-03\/#article\",\"isPartOf\":{\"@id\":\"https:\/\/www.estrategiaconcursos.com.br\/blog\/concursos-editais-semana-09-a-13-03\/\"},\"author\":{\"name\":\"Ronaldo Scanavini Neto\",\"@id\":\"https:\/\/www.estrategiaconcursos.com.br\/blog\/#\/schema\/person\/70c2ad4297aa24ff8815b08215b23a76\"},\"headline\":\"Concursos P\u00fablicos: 23 editais esta semana; 1,4 mil vagas!\",\"datePublished\":\"2026-03-13T21:00:00+00:00\",\"dateModified\":\"2026-03-16T16:16:20+00:00\",\"mainEntityOfPage\":{\"@id\":\"https:\/\/www.estrategiaconcursos.com.br\/blog\/concursos-editais-semana-09-a-13-03\/\"},\"wordCount\":934,\"commentCount\":0,\"publisher\":{\"@id\":\"https:\/\/www.estrategiaconcursos.com.br\/blog\/#organization\"},\"image\":{\"@id\":\"https:\/\/www.estrategiaconcursos.com.br\/blog\/concursos-editais-semana-09-a-13-03\/#primaryimage\"},\"thumbnailUrl\":\"https:\/\/dhg1h5j42swfq.cloudfront.net\/2025\/05\/05161312\/concursos-2026.jpg\",\"articleSection\":[\"Concursos P\u00fablicos\",\"\u00daltimas not\u00edcias\"],\"inLanguage\":\"pt-BR\",\"potentialAction\":[{\"@type\":\"CommentAction\",\"name\":\"Comment\",\"target\":[\"https:\/\/www.estrategiaconcursos.com.br\/blog\/concursos-editais-semana-09-a-13-03\/#respond\"]}],\"copyrightYear\":\"2026\",\"copyrightHolder\":{\"@id\":\"https:\/\/www.estrategiaconcursos.com.br\/blog\/#organization\"}},{\"@type\":\"WebPage\",\"@id\":\"https:\/\/www.estrategiaconcursos.com.br\/blog\/concursos-editais-semana-09-a-13-03\/\",\"url\":\"https:\/\/www.estrategiaconcursos.com.br\/blog\/concursos-editais-semana-09-a-13-03\/\",\"name\":\"Concursos P\u00fablicos: 23 editais esta semana; 1,4 mil vagas!\",\"isPartOf\":{\"@id\":\"https:\/\/www.estrategiaconcursos.com.br\/blog\/#website\"},\"primaryImageOfPage\":{\"@id\":\"https:\/\/www.estrategiaconcursos.com.br\/blog\/concursos-editais-semana-09-a-13-03\/#primaryimage\"},\"image\":{\"@id\":\"https:\/\/www.estrategiaconcursos.com.br\/blog\/concursos-editais-semana-09-a-13-03\/#primaryimage\"},\"thumbnailUrl\":\"https:\/\/dhg1h5j42swfq.cloudfront.net\/2025\/05\/05161312\/concursos-2026.jpg\",\"datePublished\":\"2026-03-13T21:00:00+00:00\",\"dateModified\":\"2026-03-16T16:16:20+00:00\",\"description\":\"Concurso P\u00fablico 2026: 23 editais sa\u00edram ao longo desta semana (09 a 13\/03). Confira o n\u00famero de oportunidades, remunera\u00e7\u00e3o e datas\",\"breadcrumb\":{\"@id\":\"https:\/\/www.estrategiaconcursos.com.br\/blog\/concursos-editais-semana-09-a-13-03\/#breadcrumb\"},\"inLanguage\":\"pt-BR\",\"potentialAction\":[{\"@type\":\"ReadAction\",\"target\":[\"https:\/\/www.estrategiaconcursos.com.br\/blog\/concursos-editais-semana-09-a-13-03\/\"]}]},{\"@type\":\"ImageObject\",\"inLanguage\":\"pt-BR\",\"@id\":\"https:\/\/www.estrategiaconcursos.com.br\/blog\/concursos-editais-semana-09-a-13-03\/#primaryimage\",\"url\":\"https:\/\/dhg1h5j42swfq.cloudfront.net\/2025\/05\/05161312\/concursos-2026.jpg\",\"contentUrl\":\"https:\/\/dhg1h5j42swfq.cloudfront.net\/2025\/05\/05161312\/concursos-2026.jpg\",\"width\":768,\"height\":432,\"caption\":\"Concursos P\u00fablicos\"},{\"@type\":\"BreadcrumbList\",\"@id\":\"https:\/\/www.estrategiaconcursos.com.br\/blog\/concursos-editais-semana-09-a-13-03\/#breadcrumb\",\"itemListElement\":[{\"@type\":\"ListItem\",\"position\":1,\"name\":\"In\u00edcio\",\"item\":\"https:\/\/www.estrategiaconcursos.com.br\/blog\/\"},{\"@type\":\"ListItem\",\"position\":2,\"name\":\"Concursos P\u00fablicos: 23 editais esta semana; 1,4 mil vagas!\"}]},{\"@type\":\"WebSite\",\"@id\":\"https:\/\/www.estrategiaconcursos.com.br\/blog\/#website\",\"url\":\"https:\/\/www.estrategiaconcursos.com.br\/blog\/\",\"name\":\"Estrat\u00e9gia Concursos\",\"description\":\"O blog da Estrat\u00e9gia Concursos traz not\u00edcias sobre concursos e artigos de professores oferecendo cursos para concursos (pdf + videaulas) no site.\",\"publisher\":{\"@id\":\"https:\/\/www.estrategiaconcursos.com.br\/blog\/#organization\"},\"potentialAction\":[{\"@type\":\"SearchAction\",\"target\":{\"@type\":\"EntryPoint\",\"urlTemplate\":\"https:\/\/www.estrategiaconcursos.com.br\/blog\/?s={search_term_string}\"},\"query-input\":{\"@type\":\"PropertyValueSpecification\",\"valueRequired\":true,\"valueName\":\"search_term_string\"}}],\"inLanguage\":\"pt-BR\"},{\"@type\":\"Organization\",\"@id\":\"https:\/\/www.estrategiaconcursos.com.br\/blog\/#organization\",\"name\":\"Estrat\u00e9gia Concursos\",\"url\":\"https:\/\/www.estrategiaconcursos.com.br\/blog\/\",\"logo\":{\"@type\":\"ImageObject\",\"inLanguage\":\"pt-BR\",\"@id\":\"https:\/\/www.estrategiaconcursos.com.br\/blog\/#\/schema\/logo\/image\/\",\"url\":\"https:\/\/dhg1h5j42swfq.cloudfront.net\/2025\/06\/03203428\/logo_concursos-1.jpg\",\"contentUrl\":\"https:\/\/dhg1h5j42swfq.cloudfront.net\/2025\/06\/03203428\/logo_concursos-1.jpg\",\"width\":230,\"height\":60,\"caption\":\"Estrat\u00e9gia Concursos\"},\"image\":{\"@id\":\"https:\/\/www.estrategiaconcursos.com.br\/blog\/#\/schema\/logo\/image\/\"},\"sameAs\":[\"https:\/\/x.com\/EstratConcursos\"]},{\"@type\":\"Person\",\"@id\":\"https:\/\/www.estrategiaconcursos.com.br\/blog\/#\/schema\/person\/70c2ad4297aa24ff8815b08215b23a76\",\"name\":\"Ronaldo Scanavini Neto\",\"image\":{\"@type\":\"ImageObject\",\"inLanguage\":\"pt-BR\",\"@id\":\"https:\/\/secure.gravatar.com\/avatar\/f93d8e56fe264596e94aee6b3feb737d98ad0fc5bac7eb0a245f04723c5c8f21?s=96&d=mm&r=g\",\"url\":\"https:\/\/secure.gravatar.com\/avatar\/f93d8e56fe264596e94aee6b3feb737d98ad0fc5bac7eb0a245f04723c5c8f21?s=96&d=mm&r=g\",\"contentUrl\":\"https:\/\/secure.gravatar.com\/avatar\/f93d8e56fe264596e94aee6b3feb737d98ad0fc5bac7eb0a245f04723c5c8f21?s=96&d=mm&r=g\",\"caption\":\"Ronaldo Scanavini Neto\"},\"description\":\"Graduando em Comunica\u00e7\u00e3o Social \u2013 Jornalismo pela Universidade Federal de Vi\u00e7osa (UFV). Integra a equipe de jornalismo do Estrat\u00e9gia Concursos desde 2023, atuando com \u00eanfase na cobertura da \u00e1rea fiscal. Tamb\u00e9m realiza a apura\u00e7\u00e3o e produ\u00e7\u00e3o de not\u00edcias sobre concursos federais, \u00f3rg\u00e3os participantes do CNU e das \u00e1reas de controle, gest\u00e3o, engenharia, Exame CFC, comunica\u00e7\u00e3o social TI e \u00e1rea de concursos administrativos.\",\"url\":\"https:\/\/www.estrategiaconcursos.com.br\/blog\/author\/ronaldo-netoestrategia-com\/\"}]}<\/script>\n<!-- \/ Yoast SEO Premium plugin. -->","yoast_head_json":{"title":"Concursos P\u00fablicos: 23 editais esta semana; 1,4 mil vagas!","description":"Concurso P\u00fablico 2026: 23 editais sa\u00edram ao longo desta semana (09 a 13\/03). Confira o n\u00famero de oportunidades, remunera\u00e7\u00e3o e datas","robots":{"index":"index","follow":"follow","max-snippet":"max-snippet:-1","max-image-preview":"max-image-preview:large","max-video-preview":"max-video-preview:-1"},"canonical":"https:\/\/www.estrategiaconcursos.com.br\/blog\/concursos-editais-semana-09-a-13-03\/","og_locale":"pt_BR","og_type":"article","og_title":"Concursos P\u00fablicos: 23 editais esta semana; 1,4 mil vagas!","og_description":"Concurso P\u00fablico 2026: 23 editais sa\u00edram ao longo desta semana (09 a 13\/03). Confira o n\u00famero de oportunidades, remunera\u00e7\u00e3o e datas","og_url":"https:\/\/www.estrategiaconcursos.com.br\/blog\/concursos-editais-semana-09-a-13-03\/","og_site_name":"Estrat\u00e9gia Concursos","article_published_time":"2026-03-13T21:00:00+00:00","article_modified_time":"2026-03-16T16:16:20+00:00","og_image":[{"width":768,"height":432,"url":"https:\/\/dhg1h5j42swfq.cloudfront.net\/2025\/05\/05161312\/concursos-2026.jpg","type":"image\/jpeg"}],"author":"Ronaldo Scanavini Neto","twitter_card":"summary_large_image","twitter_creator":"@EstratConcursos","twitter_site":"@EstratConcursos","twitter_misc":{"Escrito por":"Ronaldo Scanavini Neto","Est. tempo de leitura":"5 minutos"},"schema":{"@context":"https:\/\/schema.org","@graph":[{"@type":"NewsArticle","@id":"https:\/\/www.estrategiaconcursos.com.br\/blog\/concursos-editais-semana-09-a-13-03\/#article","isPartOf":{"@id":"https:\/\/www.estrategiaconcursos.com.br\/blog\/concursos-editais-semana-09-a-13-03\/"},"author":{"name":"Ronaldo Scanavini Neto","@id":"https:\/\/www.estrategiaconcursos.com.br\/blog\/#\/schema\/person\/70c2ad4297aa24ff8815b08215b23a76"},"headline":"Concursos P\u00fablicos: 23 editais esta semana; 1,4 mil vagas!","datePublished":"2026-03-13T21:00:00+00:00","dateModified":"2026-03-16T16:16:20+00:00","mainEntityOfPage":{"@id":"https:\/\/www.estrategiaconcursos.com.br\/blog\/concursos-editais-semana-09-a-13-03\/"},"wordCount":934,"commentCount":0,"publisher":{"@id":"https:\/\/www.estrategiaconcursos.com.br\/blog\/#organization"},"image":{"@id":"https:\/\/www.estrategiaconcursos.com.br\/blog\/concursos-editais-semana-09-a-13-03\/#primaryimage"},"thumbnailUrl":"https:\/\/dhg1h5j42swfq.cloudfront.net\/2025\/05\/05161312\/concursos-2026.jpg","articleSection":["Concursos P\u00fablicos","\u00daltimas not\u00edcias"],"inLanguage":"pt-BR","potentialAction":[{"@type":"CommentAction","name":"Comment","target":["https:\/\/www.estrategiaconcursos.com.br\/blog\/concursos-editais-semana-09-a-13-03\/#respond"]}],"copyrightYear":"2026","copyrightHolder":{"@id":"https:\/\/www.estrategiaconcursos.com.br\/blog\/#organization"}},{"@type":"WebPage","@id":"https:\/\/www.estrategiaconcursos.com.br\/blog\/concursos-editais-semana-09-a-13-03\/","url":"https:\/\/www.estrategiaconcursos.com.br\/blog\/concursos-editais-semana-09-a-13-03\/","name":"Concursos P\u00fablicos: 23 editais esta semana; 1,4 mil vagas!","isPartOf":{"@id":"https:\/\/www.estrategiaconcursos.com.br\/blog\/#website"},"primaryImageOfPage":{"@id":"https:\/\/www.estrategiaconcursos.com.br\/blog\/concursos-editais-semana-09-a-13-03\/#primaryimage"},"image":{"@id":"https:\/\/www.estrategiaconcursos.com.br\/blog\/concursos-editais-semana-09-a-13-03\/#primaryimage"},"thumbnailUrl":"https:\/\/dhg1h5j42swfq.cloudfront.net\/2025\/05\/05161312\/concursos-2026.jpg","datePublished":"2026-03-13T21:00:00+00:00","dateModified":"2026-03-16T16:16:20+00:00","description":"Concurso P\u00fablico 2026: 23 editais sa\u00edram ao longo desta semana (09 a 13\/03). Confira o n\u00famero de oportunidades, remunera\u00e7\u00e3o e datas","breadcrumb":{"@id":"https:\/\/www.estrategiaconcursos.com.br\/blog\/concursos-editais-semana-09-a-13-03\/#breadcrumb"},"inLanguage":"pt-BR","potentialAction":[{"@type":"ReadAction","target":["https:\/\/www.estrategiaconcursos.com.br\/blog\/concursos-editais-semana-09-a-13-03\/"]}]},{"@type":"ImageObject","inLanguage":"pt-BR","@id":"https:\/\/www.estrategiaconcursos.com.br\/blog\/concursos-editais-semana-09-a-13-03\/#primaryimage","url":"https:\/\/dhg1h5j42swfq.cloudfront.net\/2025\/05\/05161312\/concursos-2026.jpg","contentUrl":"https:\/\/dhg1h5j42swfq.cloudfront.net\/2025\/05\/05161312\/concursos-2026.jpg","width":768,"height":432,"caption":"Concursos P\u00fablicos"},{"@type":"BreadcrumbList","@id":"https:\/\/www.estrategiaconcursos.com.br\/blog\/concursos-editais-semana-09-a-13-03\/#breadcrumb","itemListElement":[{"@type":"ListItem","position":1,"name":"In\u00edcio","item":"https:\/\/www.estrategiaconcursos.com.br\/blog\/"},{"@type":"ListItem","position":2,"name":"Concursos P\u00fablicos: 23 editais esta semana; 1,4 mil vagas!"}]},{"@type":"WebSite","@id":"https:\/\/www.estrategiaconcursos.com.br\/blog\/#website","url":"https:\/\/www.estrategiaconcursos.com.br\/blog\/","name":"Estrat\u00e9gia Concursos","description":"O blog da Estrat\u00e9gia Concursos traz not\u00edcias sobre concursos e artigos de professores oferecendo cursos para concursos (pdf + videaulas) no site.","publisher":{"@id":"https:\/\/www.estrategiaconcursos.com.br\/blog\/#organization"},"potentialAction":[{"@type":"SearchAction","target":{"@type":"EntryPoint","urlTemplate":"https:\/\/www.estrategiaconcursos.com.br\/blog\/?s={search_term_string}"},"query-input":{"@type":"PropertyValueSpecification","valueRequired":true,"valueName":"search_term_string"}}],"inLanguage":"pt-BR"},{"@type":"Organization","@id":"https:\/\/www.estrategiaconcursos.com.br\/blog\/#organization","name":"Estrat\u00e9gia Concursos","url":"https:\/\/www.estrategiaconcursos.com.br\/blog\/","logo":{"@type":"ImageObject","inLanguage":"pt-BR","@id":"https:\/\/www.estrategiaconcursos.com.br\/blog\/#\/schema\/logo\/image\/","url":"https:\/\/dhg1h5j42swfq.cloudfront.net\/2025\/06\/03203428\/logo_concursos-1.jpg","contentUrl":"https:\/\/dhg1h5j42swfq.cloudfront.net\/2025\/06\/03203428\/logo_concursos-1.jpg","width":230,"height":60,"caption":"Estrat\u00e9gia Concursos"},"image":{"@id":"https:\/\/www.estrategiaconcursos.com.br\/blog\/#\/schema\/logo\/image\/"},"sameAs":["https:\/\/x.com\/EstratConcursos"]},{"@type":"Person","@id":"https:\/\/www.estrategiaconcursos.com.br\/blog\/#\/schema\/person\/70c2ad4297aa24ff8815b08215b23a76","name":"Ronaldo Scanavini Neto","image":{"@type":"ImageObject","inLanguage":"pt-BR","@id":"https:\/\/secure.gravatar.com\/avatar\/f93d8e56fe264596e94aee6b3feb737d98ad0fc5bac7eb0a245f04723c5c8f21?s=96&d=mm&r=g","url":"https:\/\/secure.gravatar.com\/avatar\/f93d8e56fe264596e94aee6b3feb737d98ad0fc5bac7eb0a245f04723c5c8f21?s=96&d=mm&r=g","contentUrl":"https:\/\/secure.gravatar.com\/avatar\/f93d8e56fe264596e94aee6b3feb737d98ad0fc5bac7eb0a245f04723c5c8f21?s=96&d=mm&r=g","caption":"Ronaldo Scanavini Neto"},"description":"Graduando em Comunica\u00e7\u00e3o Social \u2013 Jornalismo pela Universidade Federal de Vi\u00e7osa (UFV). Integra a equipe de jornalismo do Estrat\u00e9gia Concursos desde 2023, atuando com \u00eanfase na cobertura da \u00e1rea fiscal. Tamb\u00e9m realiza a apura\u00e7\u00e3o e produ\u00e7\u00e3o de not\u00edcias sobre concursos federais, \u00f3rg\u00e3os participantes do CNU e das \u00e1reas de controle, gest\u00e3o, engenharia, Exame CFC, comunica\u00e7\u00e3o social TI e \u00e1rea de concursos administrativos.","url":"https:\/\/www.estrategiaconcursos.com.br\/blog\/author\/ronaldo-netoestrategia-com\/"}]}},"_links":{"self":[{"href":"https:\/\/www.estrategiaconcursos.com.br\/blog\/wp-json\/wp\/v2\/posts\/1728160","targetHints":{"allow":["GET"]}}],"collection":[{"href":"https:\/\/www.estrategiaconcursos.com.br\/blog\/wp-json\/wp\/v2\/posts"}],"about":[{"href":"https:\/\/www.estrategiaconcursos.com.br\/blog\/wp-json\/wp\/v2\/types\/post"}],"author":[{"embeddable":true,"href":"https:\/\/www.estrategiaconcursos.com.br\/blog\/wp-json\/wp\/v2\/users\/2692"}],"replies":[{"embeddable":true,"href":"https:\/\/www.estrategiaconcursos.com.br\/blog\/wp-json\/wp\/v2\/comments?post=1728160"}],"version-history":[{"count":10,"href":"https:\/\/www.estrategiaconcursos.com.br\/blog\/wp-json\/wp\/v2\/posts\/1728160\/revisions"}],"predecessor-version":[{"id":1733851,"href":"https:\/\/www.estrategiaconcursos.com.br\/blog\/wp-json\/wp\/v2\/posts\/1728160\/revisions\/1733851"}],"wp:featuredmedia":[{"embeddable":true,"href":"https:\/\/www.estrategiaconcursos.com.br\/blog\/wp-json\/wp\/v2\/media\/1571644"}],"wp:attachment":[{"href":"https:\/\/www.estrategiaconcursos.com.br\/blog\/wp-json\/wp\/v2\/media?parent=1728160"}],"wp:term":[{"taxonomy":"category","embeddable":true,"href":"https:\/\/www.estrategiaconcursos.com.br\/blog\/wp-json\/wp\/v2\/categories?post=1728160"},{"taxonomy":"post_tag","embeddable":true,"href":"https:\/\/www.estrategiaconcursos.com.br\/blog\/wp-json\/wp\/v2\/tags?post=1728160"},{"taxonomy":"tax_estado","embeddable":true,"href":"https:\/\/www.estrategiaconcursos.com.br\/blog\/wp-json\/wp\/v2\/tax_estado?post=1728160"}],"curies":[{"name":"wp","href":"https:\/\/api.w.org\/{rel}","templated":true}]}}