{"id":172784,"date":"2019-03-20T10:26:52","date_gmt":"2019-03-20T13:26:52","guid":{"rendered":"https:\/\/www.estrategiaconcursos.com.br\/blog\/?p=172784"},"modified":"2019-04-30T09:45:12","modified_gmt":"2019-04-30T12:45:12","slug":"edital-ifmg-2019","status":"publish","type":"post","link":"https:\/\/www.estrategiaconcursos.com.br\/blog\/edital-ifmg-2019\/","title":{"rendered":"Edital IFMG: com vagas para T\u00e9cnico e Superior, datas s\u00e3o alteradas"},"content":{"rendered":"\n<p style=\"font-size:25px\"><em>Inscri\u00e7\u00f5es no site da IFMG foram prorrogadas at\u00e9 o dia 05 de maio<\/em><\/p>\n\n\n\n<p>Foi publicado o edital do concurso da Instituto Federal de Minas Gerais. O edital oferta vagas para os cargos de Tecn\u00f3logo em Gest\u00e3o P\u00fablica, M\u00e9dico, T\u00e9cnico de Laborat\u00f3rio da \u00e1rea Industrial e para Int\u00e9rprete de Libras. S\u00e3o dois editais com sal\u00e1rios que variam entre R$ 2 mil e R$ 4 mil, fora benef\u00edcios das carreiras.<\/p>\n\n\n\n<p>Os editais foram publicados no Di\u00e1rio Oficial da Uni\u00e3o, mas todos os detalhes voc\u00ea encontra aqui nesta p\u00e1gina. Vamos come\u00e7ar pelas datas. Com a publica\u00e7\u00e3o do edital as inscri\u00e7\u00f5es para o concurso foram prorrogadas at\u00e9 o dia 05 de maio de 2019, no site da institui\u00e7\u00e3o.<\/p>\n\n\n\n<p>O valor da taxa ficou fixado no edital da seguinte forma:<br \/><strong>a) <\/strong>Cargos N\u00edvel D &#8211; R$ 90,00<br \/><strong>b)<\/strong> Cargos N\u00edvel E &#8211; R$ 120,00<\/p>\n\n\n\n<p>O pagamento da taxa de inscri\u00e7\u00e3o ser\u00e1 realizado por meio de GRU Simples (Guia de Recolhimento da Uni\u00e3o), gerada ap\u00f3s preenchimento da inscri\u00e7\u00e3o e o pagamento somente poder\u00e1 ser realizado no Banco do Brasil, impreterivelmente, at\u00e9 o dia <strong>06 de maio<\/strong> de 2019.<\/p>\n\n\n\n<p>O candidato que, em raz\u00e3o de limita\u00e7\u00f5es de ordem financeira, n\u00e3o puder arcar com o pagamento do valor de inscri\u00e7\u00e3o, sob pena de comprometimento do sustento pr\u00f3prio e de sua fam\u00edlia, poder\u00e1 requerer isen\u00e7\u00e3o do pagamento do valor de inscri\u00e7\u00e3o, exclusivamente pela internet, no per\u00edodo  de 25 a 29 de abril.<\/p>\n\n\n\n<h2 class=\"wp-block-heading\">Edital IFMG &#8211; Principais datas<\/h2>\n\n\n\n<p style=\"font-size:25px\" class=\"has-background has-very-light-gray-background-color\"><strong>Inscri\u00e7\u00f5es:<\/strong> <em>18\/03 a 05\/05<\/em><br \/><strong>Taxa:<\/strong> <em>R$ 90,00 e R$ 120,00<br \/><\/em><strong>Prova:<\/strong> <em>14\/07<\/em><\/p>\n\n\n\n<h2 class=\"wp-block-heading\">Lota\u00e7\u00f5es<\/h2>\n\n\n\n<p>Os nomeados ser\u00e3o lotados nas seguintes cidades:<\/p>\n\n\n\n<p><em>Tecn\u00f3logo em Gest\u00e3o P\u00fablica &#8211; Sabar\u00e1<br \/>M\u00e9dico &#8211; Bambu\u00ed<br \/>T\u00e9cnico de Laborat\u00f3rio &#8211; Ibirit\u00e9<br \/>Int\u00e9rprete de Libras &#8211; Congonhas<\/em><\/p>\n\n\n\n<h2 class=\"wp-block-heading\">Edital IFMG &#8211; Etapas do concurso<\/h2>\n\n\n\n<p>A avalia\u00e7\u00e3o inicial dos candidatos ser\u00e1 feita a partir da aplica\u00e7\u00e3o de uma prova objetiva. A Prova Objetiva para todos os cargos, n\u00edveis e campi ser\u00e1 realizada no dia <strong><em>14 de julho de 2019<\/em><\/strong>, com in\u00edcio \u00e0s 13:00h, hor\u00e1rio de Bras\u00edlia, com dura\u00e7\u00e3o de 4 horas.<\/p>\n\n\n\n<p>Para os cargos de M\u00e9dico\/\u00c1rea e Tecn\u00f3logo em Gest\u00e3o P\u00fablica, haver\u00e1 a 2\u00aa etapa de Prova de T\u00edtulos, de car\u00e1ter classificat\u00f3rio. Para os cargos de T\u00e9cnico de Laborat\u00f3rio\/\u00c1rea Industrial, haver\u00e1 2\u00aa etapa de Prova Pr\u00e1tica, de car\u00e1ter eliminat\u00f3rio e classificat\u00f3rio.<\/p>\n\n\n\n<h2 class=\"wp-block-heading\">O que vai cair na prova?<\/h2>\n\n\n\n<p><em>L\u00edngua Portuguesa <br \/>Legisla\u00e7\u00e3o<br \/>Inform\u00e1tica<br \/>Conhecimento Espec\u00edfico<\/em><\/p>\n\n\n\n<p>A Prova Objetiva constar\u00e1 de 40 quest\u00f5es objetivas para todos os cargos. A Prova Objetiva ser\u00e1 constitu\u00edda de quest\u00f5es de m\u00faltipla escolha, com cinco alternativas (a, b, c, d, e), das quais apenas uma deve ser assinalada, sendo que somente uma alternativa \u00e9 correta.<\/p>\n\n\n\n<p>A Prova Objetiva ter\u00e1 a dura\u00e7\u00e3o de 4 horas, com in\u00edcio \u00e0s 13:00h, de acordo com o hor\u00e1rio de Bras\u00edlia. Para ser aprovado, o candidato dever\u00e1 atender cumulativamente aos requisitos descritos no subitem a seguir:<\/p>\n\n\n\n<p><strong>A &#8211; <\/strong>obter, no m\u00ednimo, 50% dos pontos na \u00e1rea de conhecimento espec\u00edfico;<\/p>\n\n\n\n<p><strong>B &#8211; <\/strong>n\u00e3o apresentar a nota 0 em nenhuma das demais \u00e1reas de conhecimentos;<\/p>\n\n\n\n<p><strong>C &#8211;<\/strong> obter, no m\u00ednimo, 60% do total de pontos da prova;<\/p>\n\n\n\n<p>O candidato que n\u00e3o atender aos requisitos acima descritos, ser\u00e1 automaticamente exclu\u00eddo do concurso p\u00fablico. Em caso de empate no resultado final da Prova Objetiva, ser\u00e3o utilizado o crit\u00e9rio de maior idade.<\/p>\n\n\n\n<h2 class=\"wp-block-heading\">A prova pr\u00e1tica &#8211; T\u00e9nico em Laborat\u00f3rio<\/h2>\n\n\n\n<p>A Prova Pr\u00e1tica de T\u00e9cnico de Laborat\u00f3rio\/\u00c1rea Industrial consistir\u00e1 na realiza\u00e7\u00e3o de experimento em rela\u00e7\u00e3o ao conhecimento espec\u00edfico com dura\u00e7\u00e3o de 20 a 40 minutos perante a uma Comiss\u00e3o Examinadora.<\/p>\n\n\n\n<p>Ser\u00e1 classificado para a Prova Pr\u00e1tica o candidato que obtiver nota igual ou superior a 60 pontos na prova objetiva. Ser\u00e3o convocados para a Prova Pr\u00e1tica, no m\u00e1ximo 10 candidatos aprovados na Prova Objetiva, obedecendo a ordem de classifica\u00e7\u00e3o dos aprovados na Prova Objetiva.<\/p>\n\n\n\n<p>Em caso de empate na \u00faltima classifica\u00e7\u00e3o, todos os candidatos inclu\u00eddos nessa situa\u00e7\u00e3o ser\u00e3o classificados e convocados para esta fase do concurso. A Prova Pr\u00e1tica ter\u00e1 car\u00e1ter eliminat\u00f3rio\/classificat\u00f3rio e ser\u00e1 realizada na mesma cidade da prova objetiva, em data, local e hor\u00e1rio comunicados oportunamente. <\/p>\n\n\n\n<p>A ordem de apresenta\u00e7\u00e3o dos candidatos ser\u00e1 de acordo com o n\u00famero da inscri\u00e7\u00e3o, podendo a prova ocorrer em mais de 1 dia.  A esta Prova Pr\u00e1tica ser\u00e1 atribu\u00edda a pontua\u00e7\u00e3o de 0 a 100 pontos, sendo eliminado do certame o candidato que nela obtiver pontua\u00e7\u00e3o inferior a 70% dos pontos.<\/p>\n\n\n\n<p>Ser\u00e1 aprovado na prova pr\u00e1tica o candidato que obtiver nota igual ou superior a 70 pontos.<br \/><br \/><\/p>\n\n\n\n<p style=\"text-align:center\"><em><strong>Assinatura Anual Ilimitada*<\/strong><\/em><\/p>\n\n\n\n<p style=\"text-align:center\"><em>Prepare-se com o melhor material e com quem mais aprova em Concursos P\u00fablicos em todo o pa\u00eds. Assine agora a nossa Assinatura Anual e tenha acesso ilimitado* a todos os nossos cursos.<\/em><\/p>\n\n\n\n<p style=\"text-align:center\" class=\"has-background has-light-green-cyan-background-color\"><strong>ASSINE AGORA<\/strong>&nbsp;\u2013&nbsp;<a rel=\"noreferrer noopener\" href=\"https:\/\/www.estrategiaconcursos.com.br\/assinaturas\/\" target=\"_blank\"><strong>Assinatura Ilimitada<\/strong><\/a><\/p>\n\n\n\n<figure class=\"wp-block-image\"><img loading=\"lazy\" decoding=\"async\" width=\"300\" height=\"102\" src=\"https:\/\/dhg1h5j42swfq.cloudfront.net\/2017\/03\/28152500\/coruja-ficha-tecnica-300x102.png\" alt=\"ficha t\u00e9cnica edital IFMG\" class=\"wp-image-68542\"\/><\/figure>\n\n\n\n<p><strong>Informa\u00e7\u00f5es do concurso IFMG 2019<\/strong><br \/>\u25ba<strong>Data:\u00a0<\/strong>14 de julho<strong><br \/>\u25baVagas: <\/strong>04<strong><br \/>\u25baCargos:<\/strong> V\u00e1rios<strong><br \/>\u25baBanca:\u00a0<\/strong>IFMG<strong><br \/>\u25baEscolaridade:\u00a0<\/strong>N\u00edvel m\u00e9dio e superior<\/p>\n\n\n\n<div class=\"wp-block-file\"><a href=\"https:\/\/dhg1h5j42swfq.cloudfront.net\/2019\/03\/20102350\/Edital-IFMG-1.pdf\">Edital Concurso IFMG 1<\/a><a href=\"https:\/\/dhg1h5j42swfq.cloudfront.net\/2019\/03\/20102350\/Edital-IFMG-1.pdf\" class=\"wp-block-file__button\" download>Baixar<\/a><\/div>\n\n\n\n<div class=\"wp-block-file\"><a href=\"https:\/\/dhg1h5j42swfq.cloudfront.net\/2019\/03\/20102356\/Edital-IFMG-2.pdf\">Edital Concurso IFMG 2<\/a><a href=\"https:\/\/dhg1h5j42swfq.cloudfront.net\/2019\/03\/20102356\/Edital-IFMG-2.pdf\" class=\"wp-block-file__button\" download>Baixar<\/a><\/div>\n\n\n\n<p>\u25ba<strong>Retifica\u00e7\u00f5es:<\/strong><br \/><span style=\"text-decoration: underline\" class=\"underline\"><a rel=\"noreferrer noopener\" aria-label=\"Edital 45\/2019 (opens in a new tab)\" href=\"https:\/\/dhg1h5j42swfq.cloudfront.net\/2019\/04\/30092443\/1322_sei_23208.001300_2019_01_1_-_retificacao_03.pdf\" target=\"_blank\">Edital 45\/2019<\/a><\/span><br \/><span style=\"text-decoration: underline\" class=\"underline\"><a rel=\"noreferrer noopener\" aria-label=\"Edital 46\/2019 (opens in a new tab)\" href=\"https:\/\/dhg1h5j42swfq.cloudfront.net\/2019\/04\/30092446\/8443_sei_23208.001306_2019_71_1_-_retificacao_02.pdf\" target=\"_blank\">Edital 46\/2019<\/a><\/span><\/p>\n\n\n\n<p>\u25ba<strong>Conte\u00fado program\u00e1tico:<\/strong><br \/><a rel=\"noreferrer noopener\" href=\"https:\/\/dhg1h5j42swfq.cloudfront.net\/2019\/04\/30094315\/9839_conteudo_programatico_-_ed_045-2019_-_ii.pdf\" target=\"_blank\">Edital 45\/2019<br \/><\/a><a rel=\"noreferrer noopener\" href=\"https:\/\/dhg1h5j42swfq.cloudfront.net\/2019\/04\/30094312\/5908_conteudo_programatico_-_ed_046-2019_-_ultimo.pdf\" target=\"_blank\">Edital 46\/2019<\/a><\/p>\n\n\n\n<p><em>Fernando Brito<\/em><br \/><em>Ascom Estrat\u00e9gia<\/em><br \/>ascomestrategia@gmail.com<\/p>\n\n\n\n<hr class=\"wp-block-separator\"\/>\n\n\n\n<p style=\"text-align:center\"><em><strong>Receba not\u00edcias de Concursos no seu WhatsApp e\/ou Telegram!<\/strong><\/em><\/p>\n\n\n\n<p style=\"text-align:center\"><em><strong>Cadastre-se clicando no \u00edcone abaixo<\/strong><\/em><\/p>\n\n\n\n<div class=\"wp-block-image\"><figure class=\"aligncenter\"><a href=\"https:\/\/www.estrategiaconcursos.com.br\/blog\/noticias-de-concursos-whatsapp-estrategia-concursos\/\" target=\"_blank\" rel=\"noreferrer noopener\"><img loading=\"lazy\" decoding=\"async\" width=\"320\" height=\"180\" src=\"https:\/\/dhg1h5j42swfq.cloudfront.net\/2018\/03\/22113932\/whatsapptelegram-e1548177162795.png\" alt=\"Concurso STN\" class=\"wp-image-112824\"\/><\/a><\/figure><\/div>\n\n\n\n<p style=\"text-align:center\"><a rel=\"noreferrer noopener\" href=\"https:\/\/www.estrategiaconcursos.com.br\/blog\/noticias-de-concursos-whatsapp-estrategia-concursos\/\" target=\"_blank\">Not\u00edcias de concursos no seu WhatsApp e\/ou Telegram<\/a><\/p>\n","protected":false},"excerpt":{"rendered":"<p>Inscri\u00e7\u00f5es no site da IFMG foram prorrogadas at\u00e9 o dia 05 de maio Foi publicado o edital do concurso da Instituto Federal de Minas Gerais. O edital oferta vagas para os cargos de Tecn\u00f3logo em Gest\u00e3o P\u00fablica, M\u00e9dico, T\u00e9cnico de Laborat\u00f3rio da \u00e1rea Industrial e para Int\u00e9rprete de Libras. S\u00e3o dois editais com sal\u00e1rios que [&hellip;]<\/p>\n","protected":false},"author":1,"featured_media":86322,"comment_status":"open","ping_status":"closed","sticky":false,"template":"","format":"standard","meta":{"post_tipo":"news","footnotes":""},"categories":[1],"tags":[],"tax_estado":[],"class_list":["post-172784","post","type-post","status-publish","format-standard","has-post-thumbnail","hentry","category-cursos-e-concursos"],"acf":[],"yoast_head":"<!-- This site is optimized with the Yoast SEO Premium plugin v27.2 (Yoast SEO v27.2) - https:\/\/yoast.com\/product\/yoast-seo-premium-wordpress\/ -->\n<title>Edital IFMG: com vagas para T\u00e9cnico e Superior, datas s\u00e3o alteradas<\/title>\n<meta name=\"description\" content=\"Edital IFMG: com vagas para cargos de n\u00edvel m\u00e9dio e superior. Inscri\u00e7\u00f5es seguem abertas at\u00e9 o dia 05 de maio e data da prova objetiva \u00e9 alterada. Confira!\" \/>\n<meta name=\"robots\" content=\"index, follow, max-snippet:-1, max-image-preview:large, max-video-preview:-1\" \/>\n<link rel=\"canonical\" href=\"https:\/\/www.estrategiaconcursos.com.br\/blog\/edital-ifmg-2019\/\" \/>\n<meta property=\"og:locale\" content=\"pt_BR\" \/>\n<meta property=\"og:type\" content=\"article\" \/>\n<meta property=\"og:title\" content=\"Edital IFMG: com vagas para T\u00e9cnico e Superior, datas s\u00e3o alteradas\" \/>\n<meta property=\"og:description\" content=\"Edital IFMG: com vagas para cargos de n\u00edvel m\u00e9dio e superior. Inscri\u00e7\u00f5es seguem abertas at\u00e9 o dia 05 de maio e data da prova objetiva \u00e9 alterada. Confira!\" \/>\n<meta property=\"og:url\" content=\"https:\/\/www.estrategiaconcursos.com.br\/blog\/edital-ifmg-2019\/\" \/>\n<meta property=\"og:site_name\" content=\"Estrat\u00e9gia Concursos\" \/>\n<meta property=\"article:author\" content=\"https:\/\/www.facebook.com\/EstrategiaConcursos\" \/>\n<meta property=\"article:published_time\" content=\"2019-03-20T13:26:52+00:00\" \/>\n<meta property=\"article:modified_time\" content=\"2019-04-30T12:45:12+00:00\" \/>\n<meta property=\"og:image\" content=\"https:\/\/dhg1h5j42swfq.cloudfront.net\/2017\/08\/22145117\/saiu-edital-ec-2-e1505903719246.jpg\" \/>\n\t<meta property=\"og:image:width\" content=\"400\" \/>\n\t<meta property=\"og:image:height\" content=\"209\" \/>\n\t<meta property=\"og:image:type\" content=\"image\/jpeg\" \/>\n<meta name=\"author\" content=\"Coordena\u00e7\u00e3o\" \/>\n<meta name=\"twitter:card\" content=\"summary_large_image\" \/>\n<meta name=\"twitter:creator\" content=\"@EstratConcursos\" \/>\n<meta name=\"twitter:site\" content=\"@EstratConcursos\" \/>\n<meta name=\"twitter:label1\" content=\"Escrito por\" \/>\n\t<meta name=\"twitter:data1\" content=\"Coordena\u00e7\u00e3o\" \/>\n\t<meta name=\"twitter:label2\" content=\"Est. tempo de leitura\" \/>\n\t<meta name=\"twitter:data2\" content=\"5 minutos\" \/>\n<script type=\"application\/ld+json\" class=\"yoast-schema-graph\">{\"@context\":\"https:\/\/schema.org\",\"@graph\":[{\"@type\":\"NewsArticle\",\"@id\":\"https:\/\/www.estrategiaconcursos.com.br\/blog\/edital-ifmg-2019\/#article\",\"isPartOf\":{\"@id\":\"https:\/\/www.estrategiaconcursos.com.br\/blog\/edital-ifmg-2019\/\"},\"author\":{\"name\":\"Coordena\u00e7\u00e3o\",\"@id\":\"https:\/\/www.estrategiaconcursos.com.br\/blog\/#\/schema\/person\/b4a388c97673c5f483d72185668afa1f\"},\"headline\":\"Edital IFMG: com vagas para T\u00e9cnico e Superior, datas s\u00e3o alteradas\",\"datePublished\":\"2019-03-20T13:26:52+00:00\",\"dateModified\":\"2019-04-30T12:45:12+00:00\",\"mainEntityOfPage\":{\"@id\":\"https:\/\/www.estrategiaconcursos.com.br\/blog\/edital-ifmg-2019\/\"},\"wordCount\":935,\"commentCount\":0,\"publisher\":{\"@id\":\"https:\/\/www.estrategiaconcursos.com.br\/blog\/#organization\"},\"image\":{\"@id\":\"https:\/\/www.estrategiaconcursos.com.br\/blog\/edital-ifmg-2019\/#primaryimage\"},\"thumbnailUrl\":\"https:\/\/dhg1h5j42swfq.cloudfront.net\/2017\/08\/22145117\/saiu-edital-ec-2-e1505903719246.jpg\",\"articleSection\":[\"Concursos P\u00fablicos\"],\"inLanguage\":\"pt-BR\",\"potentialAction\":[{\"@type\":\"CommentAction\",\"name\":\"Comment\",\"target\":[\"https:\/\/www.estrategiaconcursos.com.br\/blog\/edital-ifmg-2019\/#respond\"]}],\"copyrightYear\":\"2019\",\"copyrightHolder\":{\"@id\":\"https:\/\/www.estrategiaconcursos.com.br\/blog\/#organization\"}},{\"@type\":\"WebPage\",\"@id\":\"https:\/\/www.estrategiaconcursos.com.br\/blog\/edital-ifmg-2019\/\",\"url\":\"https:\/\/www.estrategiaconcursos.com.br\/blog\/edital-ifmg-2019\/\",\"name\":\"Edital IFMG: com vagas para T\u00e9cnico e Superior, datas s\u00e3o alteradas\",\"isPartOf\":{\"@id\":\"https:\/\/www.estrategiaconcursos.com.br\/blog\/#website\"},\"primaryImageOfPage\":{\"@id\":\"https:\/\/www.estrategiaconcursos.com.br\/blog\/edital-ifmg-2019\/#primaryimage\"},\"image\":{\"@id\":\"https:\/\/www.estrategiaconcursos.com.br\/blog\/edital-ifmg-2019\/#primaryimage\"},\"thumbnailUrl\":\"https:\/\/dhg1h5j42swfq.cloudfront.net\/2017\/08\/22145117\/saiu-edital-ec-2-e1505903719246.jpg\",\"datePublished\":\"2019-03-20T13:26:52+00:00\",\"dateModified\":\"2019-04-30T12:45:12+00:00\",\"description\":\"Edital IFMG: com vagas para cargos de n\u00edvel m\u00e9dio e superior. Inscri\u00e7\u00f5es seguem abertas at\u00e9 o dia 05 de maio e data da prova objetiva \u00e9 alterada. Confira!\",\"breadcrumb\":{\"@id\":\"https:\/\/www.estrategiaconcursos.com.br\/blog\/edital-ifmg-2019\/#breadcrumb\"},\"inLanguage\":\"pt-BR\",\"potentialAction\":[{\"@type\":\"ReadAction\",\"target\":[\"https:\/\/www.estrategiaconcursos.com.br\/blog\/edital-ifmg-2019\/\"]}]},{\"@type\":\"ImageObject\",\"inLanguage\":\"pt-BR\",\"@id\":\"https:\/\/www.estrategiaconcursos.com.br\/blog\/edital-ifmg-2019\/#primaryimage\",\"url\":\"https:\/\/dhg1h5j42swfq.cloudfront.net\/2017\/08\/22145117\/saiu-edital-ec-2-e1505903719246.jpg\",\"contentUrl\":\"https:\/\/dhg1h5j42swfq.cloudfront.net\/2017\/08\/22145117\/saiu-edital-ec-2-e1505903719246.jpg\",\"width\":400,\"height\":209,\"caption\":\"edital tj ce\"},{\"@type\":\"BreadcrumbList\",\"@id\":\"https:\/\/www.estrategiaconcursos.com.br\/blog\/edital-ifmg-2019\/#breadcrumb\",\"itemListElement\":[{\"@type\":\"ListItem\",\"position\":1,\"name\":\"In\u00edcio\",\"item\":\"https:\/\/www.estrategiaconcursos.com.br\/blog\/\"},{\"@type\":\"ListItem\",\"position\":2,\"name\":\"Edital IFMG: com vagas para T\u00e9cnico e Superior, datas s\u00e3o alteradas\"}]},{\"@type\":\"WebSite\",\"@id\":\"https:\/\/www.estrategiaconcursos.com.br\/blog\/#website\",\"url\":\"https:\/\/www.estrategiaconcursos.com.br\/blog\/\",\"name\":\"Estrat\u00e9gia Concursos\",\"description\":\"O blog da Estrat\u00e9gia Concursos traz not\u00edcias sobre concursos e artigos de professores oferecendo cursos para concursos (pdf + videaulas) no site.\",\"publisher\":{\"@id\":\"https:\/\/www.estrategiaconcursos.com.br\/blog\/#organization\"},\"potentialAction\":[{\"@type\":\"SearchAction\",\"target\":{\"@type\":\"EntryPoint\",\"urlTemplate\":\"https:\/\/www.estrategiaconcursos.com.br\/blog\/?s={search_term_string}\"},\"query-input\":{\"@type\":\"PropertyValueSpecification\",\"valueRequired\":true,\"valueName\":\"search_term_string\"}}],\"inLanguage\":\"pt-BR\"},{\"@type\":\"Organization\",\"@id\":\"https:\/\/www.estrategiaconcursos.com.br\/blog\/#organization\",\"name\":\"Estrat\u00e9gia Concursos\",\"url\":\"https:\/\/www.estrategiaconcursos.com.br\/blog\/\",\"logo\":{\"@type\":\"ImageObject\",\"inLanguage\":\"pt-BR\",\"@id\":\"https:\/\/www.estrategiaconcursos.com.br\/blog\/#\/schema\/logo\/image\/\",\"url\":\"https:\/\/dhg1h5j42swfq.cloudfront.net\/2025\/06\/03203428\/logo_concursos-1.jpg\",\"contentUrl\":\"https:\/\/dhg1h5j42swfq.cloudfront.net\/2025\/06\/03203428\/logo_concursos-1.jpg\",\"width\":230,\"height\":60,\"caption\":\"Estrat\u00e9gia Concursos\"},\"image\":{\"@id\":\"https:\/\/www.estrategiaconcursos.com.br\/blog\/#\/schema\/logo\/image\/\"},\"sameAs\":[\"https:\/\/x.com\/EstratConcursos\"]},{\"@type\":\"Person\",\"@id\":\"https:\/\/www.estrategiaconcursos.com.br\/blog\/#\/schema\/person\/b4a388c97673c5f483d72185668afa1f\",\"name\":\"Coordena\u00e7\u00e3o\",\"image\":{\"@type\":\"ImageObject\",\"inLanguage\":\"pt-BR\",\"@id\":\"https:\/\/secure.gravatar.com\/avatar\/b720319e4c9a967eb58678d110f4fe35452fc5d5f97b202bac7b8acceb18c6ad?s=96&d=mm&r=g\",\"url\":\"https:\/\/secure.gravatar.com\/avatar\/b720319e4c9a967eb58678d110f4fe35452fc5d5f97b202bac7b8acceb18c6ad?s=96&d=mm&r=g\",\"contentUrl\":\"https:\/\/secure.gravatar.com\/avatar\/b720319e4c9a967eb58678d110f4fe35452fc5d5f97b202bac7b8acceb18c6ad?s=96&d=mm&r=g\",\"caption\":\"Coordena\u00e7\u00e3o\"},\"sameAs\":[\"https:\/\/www.facebook.com\/EstrategiaConcursos\",\"https:\/\/x.com\/EstratConcursos\"],\"url\":\"https:\/\/www.estrategiaconcursos.com.br\/blog\/author\/estrategia2013\/\"}]}<\/script>\n<!-- \/ Yoast SEO Premium plugin. -->","yoast_head_json":{"title":"Edital IFMG: com vagas para T\u00e9cnico e Superior, datas s\u00e3o alteradas","description":"Edital IFMG: com vagas para cargos de n\u00edvel m\u00e9dio e superior. Inscri\u00e7\u00f5es seguem abertas at\u00e9 o dia 05 de maio e data da prova objetiva \u00e9 alterada. Confira!","robots":{"index":"index","follow":"follow","max-snippet":"max-snippet:-1","max-image-preview":"max-image-preview:large","max-video-preview":"max-video-preview:-1"},"canonical":"https:\/\/www.estrategiaconcursos.com.br\/blog\/edital-ifmg-2019\/","og_locale":"pt_BR","og_type":"article","og_title":"Edital IFMG: com vagas para T\u00e9cnico e Superior, datas s\u00e3o alteradas","og_description":"Edital IFMG: com vagas para cargos de n\u00edvel m\u00e9dio e superior. Inscri\u00e7\u00f5es seguem abertas at\u00e9 o dia 05 de maio e data da prova objetiva \u00e9 alterada. Confira!","og_url":"https:\/\/www.estrategiaconcursos.com.br\/blog\/edital-ifmg-2019\/","og_site_name":"Estrat\u00e9gia Concursos","article_author":"https:\/\/www.facebook.com\/EstrategiaConcursos","article_published_time":"2019-03-20T13:26:52+00:00","article_modified_time":"2019-04-30T12:45:12+00:00","og_image":[{"width":400,"height":209,"url":"https:\/\/dhg1h5j42swfq.cloudfront.net\/2017\/08\/22145117\/saiu-edital-ec-2-e1505903719246.jpg","type":"image\/jpeg"}],"author":"Coordena\u00e7\u00e3o","twitter_card":"summary_large_image","twitter_creator":"@EstratConcursos","twitter_site":"@EstratConcursos","twitter_misc":{"Escrito por":"Coordena\u00e7\u00e3o","Est. tempo de leitura":"5 minutos"},"schema":{"@context":"https:\/\/schema.org","@graph":[{"@type":"NewsArticle","@id":"https:\/\/www.estrategiaconcursos.com.br\/blog\/edital-ifmg-2019\/#article","isPartOf":{"@id":"https:\/\/www.estrategiaconcursos.com.br\/blog\/edital-ifmg-2019\/"},"author":{"name":"Coordena\u00e7\u00e3o","@id":"https:\/\/www.estrategiaconcursos.com.br\/blog\/#\/schema\/person\/b4a388c97673c5f483d72185668afa1f"},"headline":"Edital IFMG: com vagas para T\u00e9cnico e Superior, datas s\u00e3o alteradas","datePublished":"2019-03-20T13:26:52+00:00","dateModified":"2019-04-30T12:45:12+00:00","mainEntityOfPage":{"@id":"https:\/\/www.estrategiaconcursos.com.br\/blog\/edital-ifmg-2019\/"},"wordCount":935,"commentCount":0,"publisher":{"@id":"https:\/\/www.estrategiaconcursos.com.br\/blog\/#organization"},"image":{"@id":"https:\/\/www.estrategiaconcursos.com.br\/blog\/edital-ifmg-2019\/#primaryimage"},"thumbnailUrl":"https:\/\/dhg1h5j42swfq.cloudfront.net\/2017\/08\/22145117\/saiu-edital-ec-2-e1505903719246.jpg","articleSection":["Concursos P\u00fablicos"],"inLanguage":"pt-BR","potentialAction":[{"@type":"CommentAction","name":"Comment","target":["https:\/\/www.estrategiaconcursos.com.br\/blog\/edital-ifmg-2019\/#respond"]}],"copyrightYear":"2019","copyrightHolder":{"@id":"https:\/\/www.estrategiaconcursos.com.br\/blog\/#organization"}},{"@type":"WebPage","@id":"https:\/\/www.estrategiaconcursos.com.br\/blog\/edital-ifmg-2019\/","url":"https:\/\/www.estrategiaconcursos.com.br\/blog\/edital-ifmg-2019\/","name":"Edital IFMG: com vagas para T\u00e9cnico e Superior, datas s\u00e3o alteradas","isPartOf":{"@id":"https:\/\/www.estrategiaconcursos.com.br\/blog\/#website"},"primaryImageOfPage":{"@id":"https:\/\/www.estrategiaconcursos.com.br\/blog\/edital-ifmg-2019\/#primaryimage"},"image":{"@id":"https:\/\/www.estrategiaconcursos.com.br\/blog\/edital-ifmg-2019\/#primaryimage"},"thumbnailUrl":"https:\/\/dhg1h5j42swfq.cloudfront.net\/2017\/08\/22145117\/saiu-edital-ec-2-e1505903719246.jpg","datePublished":"2019-03-20T13:26:52+00:00","dateModified":"2019-04-30T12:45:12+00:00","description":"Edital IFMG: com vagas para cargos de n\u00edvel m\u00e9dio e superior. Inscri\u00e7\u00f5es seguem abertas at\u00e9 o dia 05 de maio e data da prova objetiva \u00e9 alterada. Confira!","breadcrumb":{"@id":"https:\/\/www.estrategiaconcursos.com.br\/blog\/edital-ifmg-2019\/#breadcrumb"},"inLanguage":"pt-BR","potentialAction":[{"@type":"ReadAction","target":["https:\/\/www.estrategiaconcursos.com.br\/blog\/edital-ifmg-2019\/"]}]},{"@type":"ImageObject","inLanguage":"pt-BR","@id":"https:\/\/www.estrategiaconcursos.com.br\/blog\/edital-ifmg-2019\/#primaryimage","url":"https:\/\/dhg1h5j42swfq.cloudfront.net\/2017\/08\/22145117\/saiu-edital-ec-2-e1505903719246.jpg","contentUrl":"https:\/\/dhg1h5j42swfq.cloudfront.net\/2017\/08\/22145117\/saiu-edital-ec-2-e1505903719246.jpg","width":400,"height":209,"caption":"edital tj ce"},{"@type":"BreadcrumbList","@id":"https:\/\/www.estrategiaconcursos.com.br\/blog\/edital-ifmg-2019\/#breadcrumb","itemListElement":[{"@type":"ListItem","position":1,"name":"In\u00edcio","item":"https:\/\/www.estrategiaconcursos.com.br\/blog\/"},{"@type":"ListItem","position":2,"name":"Edital IFMG: com vagas para T\u00e9cnico e Superior, datas s\u00e3o alteradas"}]},{"@type":"WebSite","@id":"https:\/\/www.estrategiaconcursos.com.br\/blog\/#website","url":"https:\/\/www.estrategiaconcursos.com.br\/blog\/","name":"Estrat\u00e9gia Concursos","description":"O blog da Estrat\u00e9gia Concursos traz not\u00edcias sobre concursos e artigos de professores oferecendo cursos para concursos (pdf + videaulas) no site.","publisher":{"@id":"https:\/\/www.estrategiaconcursos.com.br\/blog\/#organization"},"potentialAction":[{"@type":"SearchAction","target":{"@type":"EntryPoint","urlTemplate":"https:\/\/www.estrategiaconcursos.com.br\/blog\/?s={search_term_string}"},"query-input":{"@type":"PropertyValueSpecification","valueRequired":true,"valueName":"search_term_string"}}],"inLanguage":"pt-BR"},{"@type":"Organization","@id":"https:\/\/www.estrategiaconcursos.com.br\/blog\/#organization","name":"Estrat\u00e9gia Concursos","url":"https:\/\/www.estrategiaconcursos.com.br\/blog\/","logo":{"@type":"ImageObject","inLanguage":"pt-BR","@id":"https:\/\/www.estrategiaconcursos.com.br\/blog\/#\/schema\/logo\/image\/","url":"https:\/\/dhg1h5j42swfq.cloudfront.net\/2025\/06\/03203428\/logo_concursos-1.jpg","contentUrl":"https:\/\/dhg1h5j42swfq.cloudfront.net\/2025\/06\/03203428\/logo_concursos-1.jpg","width":230,"height":60,"caption":"Estrat\u00e9gia Concursos"},"image":{"@id":"https:\/\/www.estrategiaconcursos.com.br\/blog\/#\/schema\/logo\/image\/"},"sameAs":["https:\/\/x.com\/EstratConcursos"]},{"@type":"Person","@id":"https:\/\/www.estrategiaconcursos.com.br\/blog\/#\/schema\/person\/b4a388c97673c5f483d72185668afa1f","name":"Coordena\u00e7\u00e3o","image":{"@type":"ImageObject","inLanguage":"pt-BR","@id":"https:\/\/secure.gravatar.com\/avatar\/b720319e4c9a967eb58678d110f4fe35452fc5d5f97b202bac7b8acceb18c6ad?s=96&d=mm&r=g","url":"https:\/\/secure.gravatar.com\/avatar\/b720319e4c9a967eb58678d110f4fe35452fc5d5f97b202bac7b8acceb18c6ad?s=96&d=mm&r=g","contentUrl":"https:\/\/secure.gravatar.com\/avatar\/b720319e4c9a967eb58678d110f4fe35452fc5d5f97b202bac7b8acceb18c6ad?s=96&d=mm&r=g","caption":"Coordena\u00e7\u00e3o"},"sameAs":["https:\/\/www.facebook.com\/EstrategiaConcursos","https:\/\/x.com\/EstratConcursos"],"url":"https:\/\/www.estrategiaconcursos.com.br\/blog\/author\/estrategia2013\/"}]}},"_links":{"self":[{"href":"https:\/\/www.estrategiaconcursos.com.br\/blog\/wp-json\/wp\/v2\/posts\/172784","targetHints":{"allow":["GET"]}}],"collection":[{"href":"https:\/\/www.estrategiaconcursos.com.br\/blog\/wp-json\/wp\/v2\/posts"}],"about":[{"href":"https:\/\/www.estrategiaconcursos.com.br\/blog\/wp-json\/wp\/v2\/types\/post"}],"author":[{"embeddable":true,"href":"https:\/\/www.estrategiaconcursos.com.br\/blog\/wp-json\/wp\/v2\/users\/1"}],"replies":[{"embeddable":true,"href":"https:\/\/www.estrategiaconcursos.com.br\/blog\/wp-json\/wp\/v2\/comments?post=172784"}],"version-history":[{"count":5,"href":"https:\/\/www.estrategiaconcursos.com.br\/blog\/wp-json\/wp\/v2\/posts\/172784\/revisions"}],"predecessor-version":[{"id":367232,"href":"https:\/\/www.estrategiaconcursos.com.br\/blog\/wp-json\/wp\/v2\/posts\/172784\/revisions\/367232"}],"wp:featuredmedia":[{"embeddable":true,"href":"https:\/\/www.estrategiaconcursos.com.br\/blog\/wp-json\/wp\/v2\/media\/86322"}],"wp:attachment":[{"href":"https:\/\/www.estrategiaconcursos.com.br\/blog\/wp-json\/wp\/v2\/media?parent=172784"}],"wp:term":[{"taxonomy":"category","embeddable":true,"href":"https:\/\/www.estrategiaconcursos.com.br\/blog\/wp-json\/wp\/v2\/categories?post=172784"},{"taxonomy":"post_tag","embeddable":true,"href":"https:\/\/www.estrategiaconcursos.com.br\/blog\/wp-json\/wp\/v2\/tags?post=172784"},{"taxonomy":"tax_estado","embeddable":true,"href":"https:\/\/www.estrategiaconcursos.com.br\/blog\/wp-json\/wp\/v2\/tax_estado?post=172784"}],"curies":[{"name":"wp","href":"https:\/\/api.w.org\/{rel}","templated":true}]}}