{"id":1727550,"date":"2026-03-08T13:36:16","date_gmt":"2026-03-08T16:36:16","guid":{"rendered":"https:\/\/www.estrategiaconcursos.com.br\/blog\/?p=1727550"},"modified":"2026-03-08T19:27:53","modified_gmt":"2026-03-08T22:27:53","slug":"gabarito-extraoficial-camara-deputados-tecnico","status":"publish","type":"post","link":"https:\/\/www.estrategiaconcursos.com.br\/blog\/gabarito-extraoficial-camara-deputados-tecnico\/","title":{"rendered":"Gabarito Extraoficial C\u00e2mara dos Deputados &#8211; T\u00e9cnico"},"content":{"rendered":"\n<p style=\"font-size:clamp(16.293px, 1.018rem + ((1vw - 3.2px) * 0.854), 25px);\"><strong><em>Saiba agora as respostas da prova do concurso C\u00e2mara dos Deputados &#8211; T\u00e9cnico Legislativo atrav\u00e9s do gabarito extraoficial!<\/em><\/strong><\/p>\n\n\n\n<p>As provas objetivas e discursivas do <strong>concurso C\u00e2mara dos Deputados<\/strong> est\u00e3o sendo aplicadas neste domingo, dia 08 de mar\u00e7o.<\/p>\n\n\n\n<p>Os exames s\u00e3o realizados de 08h30 \u00e0s 13h30h, no turno da manh\u00e3, e de 16h \u00e0s 19h, para o cargo de <strong><\/strong><strong>T\u00e9cnico \u2013 Assistente Legislativo e Administrativo<\/strong>.<\/p>\n\n\n\n<p>Com o objetivo de ajud\u00e1-lo a diminuir a ansiedade de saber se foi bem ou n\u00e3o em um concurso t\u00e3o importante,&nbsp;nossos professores realizam a <strong>corre\u00e7\u00e3o ao vivo<\/strong> a partir das 19h, hor\u00e1rio de Bras\u00edlia.<\/p>\n\n\n\n<p>Neste evento, eles analisam o\u00a0<strong>gabarito extraoficial<\/strong> da prova do concurso da C\u00e2mara dos Deputados para o respectivo cargo e proporcionam as respostas antes mesmo da publica\u00e7\u00e3o dos gabaritos preliminares.<\/p>\n\n\n\n<p>Assim, confira antecipadamente seu desempenho e ainda receba <strong>dicas de recursos<\/strong> (se houver necessidade, claro!).<\/p>\n\n\n\n<p>Lembrando que os gabaritos preliminares devem ser liberados no site do <a href=\"https:\/\/www.cebraspe.org.br\/concursos\/CD_25_NS\" target=\"_blank\" rel=\"noreferrer noopener\">Cebraspe<\/a> somente no dia  10 de mar\u00e7o, pr\u00f3xima ter\u00e7a-feira.<\/p>\n\n\n\n<h2 class=\"wp-block-heading\" id=\"h-correcao-ao-vivo-e-gabarito-extraoficial-camara-dos-deputados-tecnico-legislativo\">Corre\u00e7\u00e3o ao vivo e Gabarito Extraoficial C\u00e2mara dos Deputados &#8211; T\u00e9cnico Legislativo<\/h2>\n\n\n<figure class=\"wp-block-embed-youtube wp-block-embed is-type-video is-provider-youtube wp-embed-aspect-16-9 wp-has-aspect-ratio\"><div class=\"lyte-wrapper\" style=\"width:853px;max-width:100%;margin:5px;\"><div class=\"lyMe\" id=\"WYL_3mCz6iqQAOE\"><div id=\"lyte_3mCz6iqQAOE\" data-src=\"\/\/i.ytimg.com\/vi\/3mCz6iqQAOE\/hqdefault.jpg\" class=\"pL\"><div class=\"tC\"><div class=\"tT\"><\/div><\/div><div class=\"play\"><\/div><div class=\"ctrl\"><div class=\"Lctrl\"><\/div><div class=\"Rctrl\"><\/div><\/div><\/div><noscript><a href=\"https:\/\/youtu.be\/3mCz6iqQAOE\" rel=\"nofollow\"><img loading=\"lazy\" decoding=\"async\" src=\"https:\/\/i.ytimg.com\/vi\/3mCz6iqQAOE\/0.jpg\" alt=\"YouTube video thumbnail\" width=\"853\" height=\"460\" \/><br \/>Assista a este v\u00eddeo no YouTube<\/a><\/noscript><\/div><\/div><div class=\"lL\" style=\"max-width:100%;width:853px;margin:5px;\"><\/div><figcaption><\/figcaption><\/figure>\n\n\n<div class=\"container\" id=\"boxes\">\n  <div class=\"row\">\n\n    <div class=\"col-sm\">\n      <div class=\"banner-legislativo\" id=\"box-assinatura\">\n        <h3 class=\"titulo-assinatura\">Concurso C\u00e2mara dos Deputados<\/h3>\n        <p class=\"subtitulo-assinatura\">Prepara\u00e7\u00e3o completa para a carreira!<\/p>\n        <div class=\"box-botao\">\n          <a class=\"btn-assinatura\" target=\"_blank\" href=\"https:\/\/www.estrategiaconcursos.com.br\/cursosPorConcurso\/camara-dos-deputados\/\" rel=\"noopener noreferrer\">EXPLORAR CURSOS<\/a>\n        <\/div>\n      <\/div>\n    \n    <\/div>\n\n  <\/div>\n<\/div>\n\n\n\n<p><strong>Quest\u00e3o 1 &#8211;<\/strong> Seria mantida a corre\u00e7\u00e3o gramatical do primeiro per\u00edodo&#8230;<br \/><strong><\/strong><strong>Resposta<\/strong>: certo<\/p>\n\n\n\n<p><strong>Quest\u00e3o 2 &#8211;<\/strong>O texto informa que Linguagem Simples \u00e9 um padr\u00e3o&#8230;<br \/><strong><\/strong><strong>Resposta<\/strong>: errado<\/p>\n\n\n\n<p><strong>Quest\u00e3o 3 &#8211;<\/strong> Conforme o texto, a clareza \u00e9 uma das ferramentas usadas&#8230;<br \/><strong><\/strong><strong>Resposta<\/strong>: errado<\/p>\n\n\n\n<p><strong>Quest\u00e3o 4 &#8211;<\/strong> Segundo o texto, apesar de a Linguagem Simples ir&#8230;<br \/><strong><\/strong><strong>Resposta<\/strong>: errado<\/p>\n\n\n\n<p><strong>Quest\u00e3o 5 &#8211;<\/strong> No primeiro per\u00edodo do segundo par\u00e1grafo&#8230;<br \/><strong><\/strong><strong>Resposta<\/strong>: errado<\/p>\n\n\n\n<p><strong>Quest\u00e3o 6 &#8211;<\/strong> A substitui\u00e7\u00e3o de &#8220;a meta \u00faltima&#8230;<br \/><strong><\/strong><strong>Resposta<\/strong>: certo<\/p>\n\n\n\n<p><strong>Quest\u00e3o 7 &#8211;<\/strong> No segundo par\u00e1grafo, os termos preposicionados&#8230;<br \/><strong><\/strong><strong>Resposta<\/strong>: errado<\/p>\n\n\n\n<p><strong>Quest\u00e3o 8 &#8211;<\/strong> A forma pronominal &#8220;se&#8221;, em&#8230;<br \/><strong>Resposta:<\/strong> certo<\/p>\n\n\n\n<p><strong>Quest\u00e3o 9 &#8211;<\/strong> Visto que, no primeiro per\u00edodo do terceiro par\u00e1grafo&#8230;<br \/><strong><\/strong><strong>Resposta<\/strong>: errado<\/p>\n\n\n\n<p><strong>Quest\u00e3o 10 <\/strong>&#8211; O termo &#8220;brasileiro&#8221; (segundo periodo&#8230;<br \/><strong><\/strong><strong>Resposta<\/strong>: errado<\/p>\n\n\n\n<p><strong>Quest\u00e3o 11 <\/strong>&#8211; Predomina, no segundo par\u00e1grafo do texto&#8230;<br \/><strong><\/strong><strong>Resposta<\/strong>: errado<\/p>\n\n\n\n<p><strong>Quest\u00e3o 12 &#8211; <\/strong>De acordo com o texto, menor pluviosidade&#8230;<br \/><strong><\/strong><strong>Resposta<\/strong>: certo<\/p>\n\n\n\n<p><strong>Quest\u00e3o 13 <\/strong>&#8211; O trecho &#8220;superior ao calculado&#8230;<br \/><strong><\/strong><strong>Resposta<\/strong>: errado<\/p>\n\n\n\n<p><strong>Quest\u00e3o 14 <\/strong>&#8211; O ritmo de avan\u00e7o das medidas para o alcance&#8230;<br \/><strong><\/strong><strong>Resposta<\/strong>: errado<\/p>\n\n\n\n<p><strong>Quest\u00e3o 15<\/strong> &#8211; \u00c9 facultativo o emprego do acento indicativo&#8230;<br \/><strong><\/strong><strong>Resposta<\/strong>: errado<\/p>\n\n\n\n<p><strong>Quest\u00e3o 16<\/strong> &#8211; Infere-se do texto que a UIP defende a prote\u00e7\u00e3o masculina&#8230;<br \/><strong><\/strong><strong>Resposta<\/strong>: errado<\/p>\n\n\n\n<p><strong>Quest\u00e3o 17<\/strong> &#8211; No primeiro per\u00edodo do quarto par\u00e1grafo&#8230;<br \/><strong><\/strong><strong>Resposta<\/strong>: certo<\/p>\n\n\n\n<p><strong>Quest\u00e3o 18<\/strong> &#8211; As ora\u00e7\u00f5es &#8216;para assegurar&#8217; (terceiro per\u00edodo&#8230;<br \/><strong><\/strong><strong>Resposta<\/strong>: certo<\/p>\n\n\n\n<p><strong>Quest\u00e3o 19<\/strong> &#8211; O voc\u00e1bulo &#8216;paliativas&#8217; (segundo&#8230;<br \/><strong><\/strong><strong>Resposta<\/strong>: certo<\/p>\n\n\n\n<p><strong>Quest\u00e3o 20<\/strong> &#8211; Estariam mantidos os sentidos e a corre\u00e7\u00e3o gramatical&#8230;<br \/><strong><\/strong><strong>Resposta<\/strong>: errado<\/p>\n\n\n\n<p><strong>Quest\u00e3o 21<\/strong> &#8211; Depreende-se da leitura do texto que a gera\u00e7\u00e3o dos&#8230;<br \/><strong><\/strong><strong>Resposta<\/strong>: errado<\/p>\n\n\n\n<p><strong>Quest\u00e3o 22<\/strong> &#8211; No segundo per\u00edodo do segundo par\u00e1grafo, o sujeito&#8230;<br \/><strong><\/strong><strong>Resposta<\/strong>: errado<\/p>\n\n\n\n<p><strong>Quest\u00e3o 23<\/strong> &#8211; Os dois primeiros per\u00edodos do segundo par\u00e1grafo poderiam&#8230;<br \/><strong><\/strong><strong>Resposta<\/strong>: errado<\/p>\n\n\n\n<p><strong>Quest\u00e3o 24<\/strong> &#8211; Nos trechos &#8220;reconhecem que h\u00e1 discrimina\u00e7\u00e3o&#8221;&#8230;<br \/><strong><\/strong><strong>Resposta<\/strong>: errado<\/p>\n\n\n\n<p><strong>Quest\u00e3o 25<\/strong> &#8211; Infere-se dos resultados da pesquisa realizada&#8230;<br \/><strong><\/strong><strong>Resposta<\/strong>: certo<\/p>\n\n\n\n<p><strong>Quest\u00e3o 26<\/strong> &#8211; No trecho &#8220;a primeira a tratar da quest\u00e3o racial&#8230;<br \/><strong><\/strong><strong>Resposta<\/strong>: errado<\/p>\n\n\n\n<p><strong>Quest\u00e3o 27<\/strong> &#8211; In &#8220;But this is not to paint too malevolent a portrait&#8221;&#8230;<br \/><strong><\/strong><strong>Resposta<\/strong>: errado<\/p>\n\n\n\n<p><strong>Quest\u00e3o 28<\/strong> &#8211; The text confronts the idea of neutrality of those&#8230;<br \/><strong><\/strong><strong>Resposta<\/strong>: errado<\/p>\n\n\n\n<p><strong>Quest\u00e3o 29<\/strong> &#8211; The main point of the text is to reveal how drafters&#8230;<br \/><strong><\/strong><strong>Resposta<\/strong>: certo<\/p>\n\n\n\n<p><strong>Quest\u00e3o 30<\/strong> &#8211; By using the expressions &#8220;&#8221;advocacy&#8217; role&#8221;&#8230;<br \/><strong><\/strong><strong>Resposta<\/strong>: certo<\/p>\n\n\n\n<p><strong>Quest\u00e3o 31<\/strong> &#8211; It is correct to conclude from the first paragraph&#8230;<br \/><strong><\/strong><strong>Resposta<\/strong>: errado<\/p>\n\n\n\n<p><strong>Quest\u00e3o 32<\/strong> &#8211; The fragment of a sentence &#8220;greater latitude&#8230;<br \/><strong><\/strong><strong>Resposta<\/strong>: certo<\/p>\n\n\n\n<p><strong>Quest\u00e3o 33<\/strong> &#8211; The negative way some legislators&#8230;<br \/><strong><\/strong><strong>Resposta<\/strong>: errado<\/p>\n\n\n\n<p><strong>Quest\u00e3o 34<\/strong> &#8211; In his text, the author shows his skepticism&#8230;<br \/><strong><\/strong><strong>Resposta<\/strong>: errado<\/p>\n\n\n\n<p><strong>Quest\u00e3o 35<\/strong> -The verb tense used in the survey question&#8230;<br \/><strong><\/strong><strong>Resposta<\/strong>: certo<\/p>\n\n\n\n<p><strong>Quest\u00e3o 36<\/strong> &#8211; When conducting his survey&#8230;<br \/><strong><\/strong><strong>Resposta<\/strong>: certo<\/p>\n\n\n\n<p><strong>Quest\u00e3o 37<\/strong> &#8211; A proposi\u00e7\u00e3o P\u00e9 a nega\u00e7\u00e3o de &#8220;Se Maria pagou&#8230;<br \/><strong><\/strong><strong>Resposta<\/strong>: certo<\/p>\n\n\n\n<p><strong>Quest\u00e3o 38<\/strong> &#8211; A falsidade da proposi\u00e7\u00e3o &#8220;Se&#8230;<br \/><strong><\/strong><strong>Resposta<\/strong>: errado<\/p>\n\n\n\n<p><strong>Quest\u00e3o 39<\/strong> &#8211; A proposi\u00e7\u00e3o Q\u00e9 a nega\u00e7\u00e3o de&#8230;<br \/><strong><\/strong><strong>Resposta<\/strong>: errado<\/p>\n\n\n\n<p><strong>Quest\u00e3o 40<\/strong> &#8211; A tabela-verdade associada \u00e0 proposi\u00e7\u00e3o O&#8230;<br \/><strong><\/strong><strong>Resposta<\/strong>: errado<\/p>\n\n\n\n<p><strong>Quest\u00e3o 41<\/strong> &#8211; A nega\u00e7\u00e3o da proposi\u00e7\u00e3o O&#8230;<br \/><strong><\/strong><strong>Resposta<\/strong>: certo<\/p>\n\n\n\n<p><strong>Quest\u00e3o 42<\/strong>  &#8211; Se os cargos da Mesa fossem preenchidos&#8230;<br \/><strong><\/strong><strong>Resposta<\/strong>: errado<\/p>\n\n\n\n<p><strong>Quest\u00e3o 43<\/strong> &#8211; Se o sexto deputado levar 7 minutos&#8230;<br \/><strong><\/strong><strong>Resposta<\/strong>: certo<\/p>\n\n\n\n<p><strong>Quest\u00e3o 44<\/strong> &#8211; Considerando-se o tempo m\u00e9dio&#8230;<br \/><strong><\/strong><strong>Resposta<\/strong>: certo<\/p>\n\n\n\n<p><strong>Quest\u00e3o 45<\/strong> &#8211; \u00c9 possivel compor a Mesa&#8230;<br \/><strong><\/strong><strong>Resposta<\/strong>: certo<\/p>\n\n\n\n<p><strong>Quest\u00e3o 46<\/strong> &#8211; O desvio-padr\u00e3o dos tempos&#8230;<br \/><strong><\/strong><strong>Resposta<\/strong>: errado<\/p>\n\n\n\n<p><strong>Quest\u00e3o 47<\/strong> &#8211; A redistribui\u00e7\u00e3o de compet\u00eancias entre secretarias&#8230;<br \/><strong><\/strong><strong>Resposta<\/strong>: certo<\/p>\n\n\n\n<p><strong>Quest\u00e3o 48<\/strong> &#8211; A execu\u00e7\u00e3o material, por funda\u00e7\u00e3o p\u00fablica federal&#8230;<br \/><strong><\/strong><strong>Resposta<\/strong>: errado<\/p>\n\n\n\n<p><strong>Quest\u00e3o 49<\/strong> &#8211; As funda\u00e7\u00f5es p\u00fablicas, independentemente&#8230;<br \/><strong><\/strong><strong>Resposta<\/strong>: errado<\/p>\n\n\n\n<p><strong>Quest\u00e3o 50<\/strong> &#8211; A administra\u00e7\u00e3o indireta \u00e9 composta&#8230;<br \/><strong><\/strong><strong>Resposta<\/strong>: certo<\/p>\n\n\n\n<p><strong>Quest\u00e3o 51<\/strong> &#8211; A cria\u00e7\u00e3o de empresas p\u00fablicas e sociedades&#8230;<br \/><strong><\/strong><strong>Resposta<\/strong>: errado<\/p>\n\n\n\n<p><strong>Quest\u00e3o 52<\/strong> &#8211; Os atos administrativos vinculados&#8230;<br \/><strong><\/strong><strong>Resposta<\/strong>: certo<\/p>\n\n\n\n<p><strong>Quest\u00e3o 53<\/strong> &#8211; A imperatividade e a autoexecutoriedade&#8230;<br \/><strong><\/strong><strong>Resposta<\/strong>: errado<\/p>\n\n\n\n<p><strong>Quest\u00e3o 54<\/strong> &#8211; A revoga\u00e7\u00e3o, por conveni\u00eancia e oportunidade&#8230;<br \/><strong><\/strong><strong>Resposta<\/strong>: certo<\/p>\n\n\n\n<p><strong>Quest\u00e3o 55<\/strong> &#8211; A licen\u00e7a para tratar de interesses particulares constitui&#8230;<br \/><strong><\/strong><strong>Resposta<\/strong>: errado<\/p>\n\n\n\n<p><strong>Quest\u00e3o 56<\/strong> &#8211; Por determina\u00e7\u00e3o legal, o deferimento da licen\u00e7a&#8230;<br \/><strong><\/strong><strong>Resposta<\/strong>: errado<\/p>\n\n\n\n<p><strong>Quest\u00e3o 57<\/strong> &#8211; O per\u00edodo de licen\u00e7a concedido a Maria&#8230;<br \/><strong><\/strong><strong>Resposta<\/strong>: errado<\/p>\n\n\n\n<p><strong>Quest\u00e3o 58<\/strong> &#8211; A mera voluntariedade do agente n\u00e3o&#8230;<br \/><strong><\/strong><strong>Resposta<\/strong>: certo<\/p>\n\n\n\n<p><strong>Quest\u00e3o 59<\/strong> &#8211; O servidor p\u00fablico que, de forma negligente&#8230;<br \/><strong><\/strong><strong>Resposta<\/strong>: errado<\/p>\n\n\n\n<p><strong>Quest\u00e3o 60<\/strong> &#8211; Em decorr\u00eancia da teoria do risco administrativo&#8230;<br \/><strong><\/strong><strong>Resposta<\/strong>: errado<\/p>\n\n\n\n<p><strong>Quest\u00e3o 61<\/strong> &#8211; No \u00e2mbito do processo administrativo regulado&#8230;<br \/><strong><\/strong><strong>Resposta<\/strong>: certo<\/p>\n\n\n\n<p><strong>Quest\u00e3o 62<\/strong> &#8211; \u00c9 condi\u00e7\u00e3o para a realiza\u00e7\u00e3o do pedido de acesso&#8230;<br \/><strong><\/strong><strong>Resposta<\/strong>: errado<\/p>\n\n\n\n<p><strong>Quest\u00e3o 63<\/strong> &#8211; A Ag\u00eancia Nacional de Prote\u00e7\u00e3o de Dados&#8230;<br \/><strong><\/strong><strong>Resposta<\/strong>: certo<\/p>\n\n\n\n<p><strong>Quest\u00e3o 64<\/strong> &#8211; A Lei Geral de Prote\u00e7\u00e3o de Dados&#8230;<br \/><strong><\/strong><strong>Resposta<\/strong>: errado<\/p>\n\n\n\n<p><strong>Quest\u00e3o 65<\/strong> &#8211; No processo administrativo, deve-se observar&#8230;<br \/><strong><\/strong><strong>Resposta<\/strong>: certo<\/p>\n\n\n\n<p><strong>Quest\u00e3o 66<\/strong> &#8211; Desde que n\u00e3o seja configurada hip\u00f3tese&#8230;<br \/><strong><\/strong><strong>Resposta<\/strong>: certo<\/p>\n\n\n\n<p><strong>Quest\u00e3o 67<\/strong> &#8211; As regras previstas na lei que regula&#8230;<br \/><strong><\/strong><strong>Resposta<\/strong>: errado<\/p>\n\n\n\n<p><strong>Quest\u00e3o 68<\/strong> &#8211; A susta\u00e7\u00e3o, pelo Congresso Nacional&#8230;<br \/><strong><\/strong><strong>Resposta<\/strong>: certo<\/p>\n\n\n\n<p><strong>Quest\u00e3o 69<\/strong> &#8211; O controle social, como mecanismo&#8230;<br \/><strong><\/strong><strong>Resposta<\/strong>: errado<\/p>\n\n\n\n<p><strong>Quest\u00e3o 70<\/strong> &#8211; Fundado na profissionaliza\u00e7\u00e3o e na impessoalidade&#8230;<br \/><strong><\/strong><strong>Resposta<\/strong>: errado<\/p>\n\n\n\n<p><strong>Quest\u00e3o 71<\/strong> &#8211; No setor p\u00fablico, accountability compreende&#8230;<br \/><strong><\/strong><strong>Resposta<\/strong>: certo<\/p>\n\n\n\n<p><strong>Quest\u00e3o 72<\/strong> &#8211; Na administra\u00e7\u00e3o p\u00fablica, a gest\u00e3o por resultados utiliza&#8230;<br \/><strong><\/strong><strong>Resposta<\/strong>: certo<\/p>\n\n\n\n<p><strong>Quest\u00e3o 73<\/strong> &#8211; A identifica\u00e7\u00e3o de gaps de compet\u00eancias&#8230;<br \/><strong><\/strong><strong>Resposta<\/strong>: certo<\/p>\n\n\n\n<p><strong>Quest\u00e3o 74<\/strong> &#8211; A redefini\u00e7\u00e3o do papel do Estado assentou a diferen\u00e7a&#8230;<br \/><strong><\/strong><strong>Resposta<\/strong>: errado<\/p>\n\n\n\n<p><strong>Quest\u00e3o 75<\/strong> &#8211; A avalia\u00e7\u00e3o de compet\u00eancias baseada&#8230;<br \/><strong><\/strong><strong>Resposta<\/strong>: errado<\/p>\n\n\n\n<p><strong>Quest\u00e3o 76<\/strong> &#8211; O envolvimento de atores da sociedade civil&#8230;<br \/><strong><\/strong><strong>Resposta<\/strong>: errado<\/p>\n\n\n\n<p><strong>Quest\u00e3o 77<\/strong> &#8211; Entre os objetivos da Politica Nacional de&#8230;<br \/><strong><\/strong><strong>Resposta<\/strong>: certo<\/p>\n\n\n\n<p><strong>Quest\u00e3o 78<\/strong> &#8211; Promover a simplifica\u00e7\u00e3o administrativa&#8230;<br \/><strong><\/strong><strong>Resposta<\/strong>: errado<\/p>\n\n\n\n<p><strong>Quest\u00e3o 79<\/strong> &#8211; A capacidade de resposta&#8230;<br \/><strong><\/strong><strong>Resposta<\/strong>: certo<\/p>\n\n\n\n<p><strong>Quest\u00e3o 80<\/strong> &#8211; Governabilidade consiste na capacidade&#8230;<br \/><strong><\/strong><strong>Resposta<\/strong>: errado<\/p>\n\n\n\n<p><strong>Quest\u00e3o 81<\/strong> &#8211; A principal similaridade entre as denominadas&#8230;<br \/><strong><\/strong><strong>Resposta<\/strong>: errado<\/p>\n\n\n\n<p><strong>Quest\u00e3o 82<\/strong> &#8211; O corporativismo estrutura-se de forma articulada&#8230;<br \/><strong><\/strong><strong>Resposta<\/strong>: errado<\/p>\n\n\n\n<p><strong>Quest\u00e3o 83<\/strong> &#8211; O neocorporativismo caracteriza-se&#8230;<br \/><strong><\/strong><strong>Resposta<\/strong>: errado<\/p>\n\n\n\n<p><strong>Quest\u00e3o 84<\/strong> &#8211; As confer\u00eancias, os conselhos de pol\u00edticas p\u00fablicas&#8230;<br \/><strong><\/strong><strong>Resposta<\/strong>: certo<\/p>\n\n\n\n<p><strong>Quest\u00e3o 85<\/strong> &#8211; A abordagem bottom-up caracteriza-se pela&#8230;<br \/><strong><\/strong><strong>Resposta<\/strong>: certo<\/p>\n\n\n\n<p><strong>Quest\u00e3o 86<\/strong> &#8211; No Brasil, os conselhos de pol\u00edticas p\u00fablicas&#8230;<br \/><strong><\/strong><strong>Resposta<\/strong>: certo<\/p>\n\n\n\n<p><strong>Quest\u00e3o 87<\/strong> &#8211; A gest\u00e3o local pautada na cidadania&#8230;<br \/><strong>Alternativa<\/strong>: errado<\/p>\n\n\n\n<p><strong>Quest\u00e3o 88<\/strong> &#8211; Falhas na governan\u00e7a e a aus\u00eancia de transpar\u00eancia&#8230;<br \/><strong><\/strong><strong>Resposta<\/strong>: certo<\/p>\n\n\n\n<p><strong>Quest\u00e3o 89<\/strong> &#8211; Ao adquirir personalidade de direito p\u00fablico&#8230;<br \/><strong><\/strong><strong>Resposta<\/strong>: errado<\/p>\n\n\n\n<p><strong>Quest\u00e3o 90<\/strong> &#8211; Entre as prerrogativas das ag\u00eancias reguladoras&#8230;<br \/><strong>Resposta<\/strong>: certo<\/p>\n\n\n\n<p><strong>Quest\u00e3o 91<\/strong> &#8211; O poder constituinte derivado&#8230;<br \/><strong>Resposta:<\/strong> errado<\/p>\n\n\n\n<p><strong>Quest\u00e3o 92<\/strong> &#8211; O processo constituinte que culmino&#8230;<br \/><strong>Resposta:<\/strong> certo<\/p>\n\n\n\n<p><strong>Quest\u00e3o 93<\/strong> &#8211; O poder constituinte origin\u00e1rio&#8230;<br \/><strong>Resposta:<\/strong> errado<\/p>\n\n\n\n<p><strong>Quest\u00e3o 94<\/strong> &#8211; O exerc\u00edcio do direito de greve&#8230;<br \/><strong>Resposta:<\/strong> certo<\/p>\n\n\n\n<p><strong>Quest\u00e3o 95<\/strong> &#8211; A licen\u00e7a-paternidade, direito social&#8230;<br \/><strong>Resposta:<\/strong> certo<\/p>\n\n\n\n<p><strong>Quest\u00e3o 96<\/strong> &#8211; O direito \u00e0 gratuidade de obten\u00e7\u00e3o&#8230;<br \/><strong>Resposta:<\/strong> errado<\/p>\n\n\n\n<p><strong>Quest\u00e3o 97<\/strong> &#8211; O servidor p\u00fablico da administra\u00e7\u00e3o p\u00fablica&#8230;<br \/><strong>Resposta:<\/strong> errado<\/p>\n\n\n\n<p><strong>Quest\u00e3o 98<\/strong> &#8211; O texto constitucional veda&#8230;<br \/><strong>Resposta:<\/strong> errado* (cabe recurso)<\/p>\n\n\n\n<p><strong>Quest\u00e3o 99<\/strong> &#8211; Durante a vig\u00eancia do estado de defesa&#8230;<br \/><strong>Resposta:<\/strong>  errado<\/p>\n\n\n\n<p><strong>Quest\u00e3o 100<\/strong> &#8211; Desde a data da expedi\u00e7\u00e3o do respectivo diploma&#8230;<br \/><strong>Resposta:<\/strong> errado<\/p>\n\n\n\n<p><strong>Quest\u00e3o 101<\/strong> &#8211; A fixa\u00e7\u00e3o e a modifica\u00e7\u00e3o do efetivo das For\u00e7as&#8230;<br \/><strong>Resposta:<\/strong> errado<\/p>\n\n\n\n<p><strong>Quest\u00e3o 102<\/strong> &#8211; A legitimidade para a iniciativa das propostas&#8230;<br \/><strong>Resposta:<\/strong> certo<\/p>\n\n\n\n<p><strong>Quest\u00e3o 103<\/strong> &#8211; \u00c0 C\u00e2mara dos Deputados compete eleger dois&#8230;<br \/><strong>Resposta:<\/strong> certo<\/p>\n\n\n\n<p><strong>Quest\u00e3o 104<\/strong> &#8211; A sess\u00e3o legislativa ordin\u00e1ria somente&#8230;<br \/><strong>Resposta:<\/strong> errado<\/p>\n\n\n\n<p><strong>Quest\u00e3o 105<\/strong> &#8211; As sess\u00f5es ordin\u00e1rias da C\u00e2mara dos Deputados&#8230;<br \/><strong>Resposta:<\/strong> certo<\/p>\n\n\n\n<p><strong>Quest\u00e3o 106<\/strong> &#8211; Os membros efetivos da Mesa da C\u00e2mara dos Deputados&#8230;<br \/><strong>Resposta:<\/strong> certo<\/p>\n\n\n\n<p><strong>Quest\u00e3o 107<\/strong> &#8211; A abordagem comportamental incentiva&#8230;<br \/><strong>Resposta:<\/strong> certo<\/p>\n\n\n\n<p><strong>Quest\u00e3o 108<\/strong> &#8211; A supera\u00e7\u00e3o dos principios cient\u00edficos do reducionismo&#8230;<br \/><strong>Resposta:<\/strong> certo<\/p>\n\n\n\n<p><strong>Quest\u00e3o 109<\/strong> &#8211; A teoria neocl\u00e1ssica da administra\u00e7\u00e3o&#8230;<br \/><strong>Resposta:<\/strong> errado<\/p>\n\n\n\n<p><strong>Quest\u00e3o 110<\/strong> &#8211; Na pr\u00e1tica, todo lider pode adotar os estilos&#8230;<br \/><strong>Resposta:<\/strong> certo<\/p>\n\n\n\n<p><strong>Quest\u00e3o 111<\/strong> &#8211; O clima organizacional diz respeito \u00e0 cria\u00e7\u00e3o&#8230;<br \/><strong>Resposta:<\/strong> errado<\/p>\n\n\n\n<p><strong>Quest\u00e3o 112<\/strong> &#8211; A gest\u00e3o por compet\u00eancias visa ao desenvolvimento&#8230;<br \/><strong>Resposta:<\/strong> certo<\/p>\n\n\n\n<p><strong>Quest\u00e3o 113<\/strong> &#8211; A compatibiliza\u00e7\u00e3o dos fatores referentes&#8230;<br \/><strong>Resposta:<\/strong> certo<\/p>\n\n\n\n<p><strong>Quest\u00e3o 114<\/strong> &#8211; Gerar valor tanto para os propriet\u00e1rios quanto&#8230;<br \/><strong>Resposta:<\/strong> certo<\/p>\n\n\n\n<p><strong>Quest\u00e3o 115<\/strong> &#8211; Garantir os melhores retornos aos propriet\u00e1rios&#8230;<br \/><strong>Resposta:<\/strong> errado<\/p>\n\n\n\n<p><strong>Quest\u00e3o 116<\/strong> &#8211; Balanced scorecard \u00e9 a ferramenta que traduz&#8230;<br \/><strong>Resposta:<\/strong> errado<\/p>\n\n\n\n<p><strong>Quest\u00e3o 117<\/strong> &#8211; Para viabilizar a gest\u00e3o de portfolio&#8230;<br \/><strong>Resposta:<\/strong> errado<\/p>\n\n\n\n<p><strong>Quest\u00e3o 118<\/strong> &#8211; GEPnet e Dotprojec \u00e3o sofiwares&#8230;<br \/><strong>Resposta:<\/strong> errado<\/p>\n\n\n\n<p><strong>Quest\u00e3o 119<\/strong> &#8211; O ciclo de vida de um projeto define&#8230;<br \/><strong>Resposta:<\/strong> certo<\/p>\n\n\n\n<p><strong>Quest\u00e3o 120<\/strong> &#8211; A padroniza\u00e7\u00e3o dos processos de governan\u00e7a&#8230;<br \/><strong>Resposta:<\/strong> certo<\/p>\n\n\n\n<p><strong>Quest\u00e3o 121<\/strong> &#8211; Subprocessos s\u00e3o os conjuntos de atividades que transformam insumos&#8230;<br \/><strong>Resposta:<\/strong> certo<\/p>\n\n\n\n<p><strong>Quest\u00e3o 122<\/strong> &#8211; A modelagem de processos dispensa&#8230;<br \/><strong>Resposta:<\/strong> errado<\/p>\n\n\n\n<p><strong>Quest\u00e3o 123<\/strong> &#8211; Processos organizacionais s\u00e3o fen\u00f4menos din\u00e2micos&#8230;<br \/><strong>Resposta:<\/strong> certo<\/p>\n\n\n\n<p><strong>Quest\u00e3o 124<\/strong> &#8211; Ao conjunto de processos cr\u00edticos&#8230;<br \/><strong>Resposta:<\/strong> certo<\/p>\n\n\n\n<p><strong>Quest\u00e3o 125<\/strong> &#8211; O planejamento e a unifica\u00e7\u00e3o, das fun\u00e7\u00f5es&#8230;<br \/><strong>Resposta:<\/strong> errado<\/p>\n\n\n\n<p><strong>Quest\u00e3o 126<\/strong> &#8211; Segundo entendimento do STF, a empresa que&#8230;<br \/><strong>Resposta:<\/strong> errado<\/p>\n\n\n\n<p><strong>Quest\u00e3o 127<\/strong> &#8211; Dado o princ\u00edpio do parcelamento&#8230;<br \/><strong>Resposta:<\/strong> errado<\/p>\n\n\n\n<p><strong>Quest\u00e3o 128<\/strong> &#8211; Na modalidade di\u00e1logo competitivo&#8230;<br \/><strong>Resposta:<\/strong> certo<\/p>\n\n\n\n<p><strong>Quest\u00e3o 129<\/strong> &#8211; A inexigibilidade de licita\u00e7\u00e3o atinente&#8230;<br \/><strong>Resposta:<\/strong> certo<\/p>\n\n\n\n<p><strong>Quest\u00e3o 130<\/strong> &#8211; No caso de procedimento licitat\u00f3rio&#8230;<br \/><strong>Resposta:<\/strong> certo<\/p>\n\n\n\n<p><strong>Quest\u00e3o 131<\/strong> &#8211; A prorroga\u00e7\u00e3o sucessiva de contratos&#8230;<br \/><strong>Resposta:<\/strong> certo<\/p>\n\n\n\n<p><strong>Quest\u00e3o 132<\/strong> &#8211; A extin\u00e7\u00e3o do contrato administrativo&#8230;<br \/><strong>Resposta:<\/strong> errado<\/p>\n\n\n\n<p><strong>Quest\u00e3o 133 <\/strong>&#8211; O instrumento de contrato \u00e9 obrigat\u00f3rio&#8230;<br \/><strong>Resposta:<\/strong> errado<\/p>\n\n\n\n<p><strong>Quest\u00e3o 134<\/strong> &#8211; A aplica\u00e7\u00e3o da pena de multa tem car\u00e1ter substitutivo&#8230;<br \/><strong>Resposta:<\/strong> errado<\/p>\n\n\n\n<p><strong>Quest\u00e3o 135<\/strong> &#8211; O prazo prescricional das san\u00e7\u00f5es de impedimento&#8230;<br \/><strong>Resposta:<\/strong> certo<\/p>\n\n\n\n<p><strong>Quest\u00e3o 136<\/strong> &#8211; O contrato administrativo deve conter cl\u00e1usula&#8230;<br \/><strong>Resposta:<\/strong> certo<\/p>\n\n\n\n<p><strong>Quest\u00e3o 137<\/strong> &#8211; Admite-se como modalidade de garantia contratual&#8230;<br \/><strong>Resposta:<\/strong> certo<\/p>\n\n\n\n<p><strong>Quest\u00e3o 138<\/strong> &#8211; O reajustamento do contrato&#8230;<br \/><strong>Resposta:<\/strong> certo<\/p>\n\n\n\n<p><strong>Quest\u00e3o 139<\/strong> &#8211; \u00c9 vedada a contrata\u00e7\u00e3o de terceiros&#8230;<br \/><strong>Resposta:<\/strong>  errado<\/p>\n\n\n\n<p><strong>Quest\u00e3o 140<\/strong> &#8211; \u00c9 atribui\u00e7\u00e3o do gestor do contrato&#8230;<br \/><strong>Resposta:<\/strong>  errado<\/p>\n\n\n\n<p><strong>Quest\u00e3o 141<\/strong> &#8211; O inadimplemento das obriga\u00e7\u00f5es fiscais&#8230;<br \/><strong>Resposta:<\/strong>  errado<\/p>\n\n\n\n<p><strong>Quest\u00e3o 142<\/strong> &#8211; A administra\u00e7\u00e3o p\u00fablica responder\u00e1, subsidiariamente&#8230;<br \/><strong>Resposta:<\/strong>  errado<\/p>\n\n\n\n<p><strong>Quest\u00e3o 143<\/strong> &#8211; A administra\u00e7\u00e3o p\u00fablica possui a prerrogativa&#8230;<br \/><strong>Resposta:<\/strong> certo<\/p>\n\n\n\n<p><strong>Quest\u00e3o 144<\/strong> &#8211; Uma vez verificado o inadimplemento&#8230;<br \/><strong>Resposta:<\/strong> certo<\/p>\n\n\n\n<p><strong>Quest\u00e3o 145<\/strong> &#8211; No spear phising, a personaliza\u00e7\u00e3o da mensagem&#8230;<br \/><strong>Resposta:<\/strong> errado<\/p>\n\n\n\n<p><strong>Quest\u00e3o 146<\/strong> &#8211; Conforme a legisla\u00e7\u00e3o vigente&#8230;<br \/><strong>Resposta:<\/strong> errado<\/p>\n\n\n\n<p><strong>Quest\u00e3o 147<\/strong> &#8211; Os \u00f3rg\u00e3os respons\u00e1veis por servi\u00e7os p\u00fablicos&#8230;<br \/><strong>Resposta:<\/strong> certo<\/p>\n\n\n\n<p><strong>Quest\u00e3o 148<\/strong> &#8211; No zero-shot prompting, \u00e9 fornecido ao modelo&#8230;<br \/><strong>Resposta:<\/strong> certo<\/p>\n\n\n\n<p><strong>Quest\u00e3o 149<\/strong> &#8211; Em se tratando de an\u00e1lises de tend\u00eancias e proje\u00e7\u00f5es&#8230;<br \/><strong>Resposta:<\/strong> errado<\/p>\n\n\n\n<p><strong>Quest\u00e3o 150<\/strong> &#8211; O objetivo da utiliza\u00e7\u00e3o de modelos supervisionados&#8230;<br \/><strong>Resposta:<\/strong> errado<\/p>\n\n\n\n<p><strong>Quest\u00e3o 151<\/strong> &#8211; No processo de discretiza\u00e7\u00e3o de dados, valores cont\u00ednuo&#8230;<br \/><strong>Resposta:<\/strong> certo<\/p>\n\n\n\n<p><strong>Quest\u00e3o 152<\/strong> &#8211; A an\u00e1lise PCA (an\u00e1lise de componentes principais)&#8230;<br \/><strong>Resposta:<\/strong> errado<\/p>\n\n\n\n<p><strong>Quest\u00e3o 153<\/strong> &#8211; Em um gr\u00e1fico de dispers\u00e3o, se osos valores do eixo&#8230;<br \/><strong>Resposta:<\/strong> errado<\/p>\n\n\n\n<p><strong>Quest\u00e3o 154<\/strong> &#8211; Em ETL, a transforma\u00e7\u00e3o de uma linha que cont\u00e9m&#8230;<br \/><strong>Resposta:<\/strong> certo<\/p>\n\n\n\n<p><strong>Quest\u00e3o 155<\/strong> &#8211; O intervalo interquartil dos dados \u00e9 igual&#8230;<br \/><strong>Resposta:<\/strong> certo<\/p>\n\n\n\n<p><strong>Quest\u00e3o 156<\/strong> &#8211; Os valores m\u00ednimo e m\u00e1ximo apresentados&#8230;<br \/><strong>Resposta:<\/strong> errado<\/p>\n\n\n\n<p><strong>Quest\u00e3o 157<\/strong> &#8211; O n\u00famero de observa\u00e7\u00f5es representa&#8230;<br \/><strong>Resposta:<\/strong> errado<\/p>\n\n\n\n<p><strong>Quest\u00e3o 158<\/strong> &#8211; Sob a perspectiva de uma distribui\u00e7\u00e3o de probabilidades&#8230;<br \/><strong>Resposta:<\/strong> certo<\/p>\n\n\n\n<p><strong>Quest\u00e3o 159<\/strong> &#8211; Supondo-se que o desvio padr\u00e3o populacional&#8230;<br \/><strong>Resposta:<\/strong> errado<\/p>\n\n\n\n<p><strong>Quest\u00e3o 160<\/strong> &#8211; A diferen\u00e7a entre a m\u00e9dia de idade da popula\u00e7\u00e3o-alvo&#8230;<br \/><strong>Resposta:<\/strong> errado<\/p>\n\n\n\n<p><strong>Quest\u00e3o 161<\/strong> &#8211; Se a pesquisa tivesse sido conduzida conforme&#8230;<br \/><strong>Resposta:<\/strong> certo<\/p>\n\n\n\n<p><strong>Quest\u00e3o 162<\/strong> &#8211; Mantidas as demais condi\u00e7\u00f5es estabelecidas&#8230;<br \/><strong>Resposta:<\/strong> certo<\/p>\n\n\n\n<p><strong>Quest\u00e3o 163<\/strong> &#8211; O pr\u00e9-empenho constitui est\u00e1gio preambular obrigat\u00f3rio&#8230;<br \/><strong>Resposta:<\/strong> errado<\/p>\n\n\n\n<p><strong>Quest\u00e3o 164<\/strong> &#8211; A liquida\u00e7\u00e3o da despesa \u00e9 um procedimento&#8230;<br \/><strong>Resposta:<\/strong> errado<\/p>\n\n\n\n<p><strong>Quest\u00e3o 165<\/strong> &#8211; Ainda que regularmente empenhada e liquidada a despesa&#8230;<br \/><strong>Resposta:<\/strong> correto<\/p>\n\n\n\n<p><strong>Quest\u00e3o 166<\/strong> &#8211; O empenho representa reserva formal de parte&#8230;<br \/><strong>Resposta:<\/strong> correto<\/p>\n\n\n\n<p><strong>Quest\u00e3o 167<\/strong> &#8211; Na sistem\u00e1tica do PagTesouro, a GRU&#8230;<br \/><strong>Resposta:<\/strong> correto<\/p>\n\n\n\n<p><strong>Quest\u00e3o 168<\/strong> &#8211; O Sistema Integrado de Administra\u00e7\u00e3o Financeira&#8230;<br \/><strong>Resposta:<\/strong> correto<\/p>\n\n\n\n<p><strong>Quest\u00e3o 169<\/strong> &#8211; A GRU \u00e9 instrumento padronizado&#8230;<br \/><strong>Resposta:<\/strong> errado<\/p>\n\n\n\n<p><strong>Quest\u00e3o 170<\/strong> &#8211; Ainda que o empenho seja cancelado&#8230;<br \/><strong>Resposta:<\/strong> correto<\/p>\n\n\n\n<p><strong>Quest\u00e3o 171<\/strong> &#8211; Despesas de exerc\u00edcios anteriores s\u00e3o&#8230;<br \/><strong>Resposta:<\/strong> errado<\/p>\n\n\n\n<p><strong>Quest\u00e3o 172<\/strong> &#8211; A inscri\u00e7\u00e3o em restos a pagar decorre da manuten\u00e7\u00e3o&#8230;<br \/><strong>Resposta:<\/strong> correto<\/p>\n\n\n\n<p><strong>Quest\u00e3o 173<\/strong> &#8211; Enquadram-se como despesas de exercicios anteriores&#8230;<br \/><strong>Resposta:<\/strong> correto<\/p>\n\n\n\n<p><strong>Quest\u00e3o 174<\/strong> &#8211; O servidor respons\u00e1vel por suprimento&#8230;<br \/><strong>Resposta:<\/strong> errado* (cabe recurso)<\/p>\n\n\n\n<p><strong>Quest\u00e3o 175<\/strong> &#8211; O ordenador de despesa n\u00e3o poder\u00e1 conceder&#8230;<br \/><strong>Resposta:<\/strong> errado<\/p>\n\n\n\n<p><strong>Quest\u00e3o 176<\/strong> &#8211; Nas contrata\u00e7\u00f5es de servi\u00e7os de limpeza&#8230;<br \/><strong>Resposta:<\/strong> certo<\/p>\n\n\n\n<p><strong>Quest\u00e3o 177<\/strong> &#8211; A sujei\u00e7\u00e3o passiva dos \u00f3rg\u00e3os da administra\u00e7\u00e3o p\u00fablica&#8230;<br \/><strong>Resposta:<\/strong> errado<\/p>\n\n\n\n<p><strong>Quest\u00e3o 178<\/strong> &#8211; \u00c9 dever do \u00f3rg\u00e3o p\u00fablico federal&#8230;<br \/><strong>Resposta:<\/strong> certo<\/p>\n\n\n\n<p><strong>Quest\u00e3o 179<\/strong> &#8211; Caso nota fiscal de presta\u00e7\u00e3o de servi\u00e7os apresente erro&#8230;<br \/><strong>Resposta:<\/strong> errado<\/p>\n\n\n\n<p><strong>Quest\u00e3o 180<\/strong> &#8211; No pagamento, pela C\u00e2mara dos Deputados&#8230;<br \/><strong>Resposta:<\/strong> errado<\/p>\n\n\n\n<p class=\"has-text-align-center\"><em>o gabarito extraoficial para T\u00e9cnico e detalhes do concurso C\u00e2mara dos Deputados, acesse nosso artigo na \u00edntegra:<\/em><\/p>\n\n\n\n<p class=\"has-text-align-center has-very-light-gray-to-cyan-bluish-gray-gradient-background has-background\" style=\"font-size:clamp(15.197px, 0.95rem + ((1vw - 3.2px) * 0.765), 23px);\"><strong>Saiba mais: <a href=\"https:\/\/www.estrategiaconcursos.com.br\/blog\/concurso-camara-dos-deputados\/\" target=\"_blank\" rel=\"noreferrer noopener\">Concurso C\u00e2mara dos Deputados 2026<\/a><\/strong><\/p>\n\n\n\n<hr class=\"wp-block-separator has-alpha-channel-opacity\"\/>\n\n\n\n<h2 class=\"wp-block-heading has-text-align-center\" id=\"h-quer-saber-tudo-sobre-concursos-previstos-confira-nossos-artigos\">Quer saber tudo sobre concursos previstos?<br \/>Confira nossos artigos!<\/h2>\n\n\n\n<ul class=\"wp-block-list\">\n<li><a href=\"https:\/\/www.estrategiaconcursos.com.br\/blog\/concursos-area-legislativa\/\" target=\"_blank\" rel=\"noreferrer noopener\">Concursos legislativos<\/a><\/li>\n\n\n\n<li><a href=\"https:\/\/www.estrategiaconcursos.com.br\/blog\/concursos-abertos\/\" target=\"_blank\" rel=\"noreferrer noopener\">Concursos abertos<\/a><\/li>\n\n\n\n<li><a href=\"https:\/\/www.estrategiaconcursos.com.br\/blog\/concursos-2026\/\" target=\"_blank\" rel=\"noreferrer noopener\">Concursos 2026<\/a><\/li>\n<\/ul>\n\n\n\n<h2 class=\"wp-block-heading has-text-align-center\" id=\"cursos\">Quer estudar para o concurso da C\u00e2mara dos Deputados?<\/h2>\n\n\n\n<div class=\"container\" id=\"boxes\">\n  <div class=\"row\">\n\n    <div class=\"col-sm\">\n      <div class=\"banner-legislativo\" id=\"box-assinatura\">\n        <h3 class=\"titulo-assinatura\">Concurso C\u00e2mara dos Deputados<\/h3>\n        <p class=\"subtitulo-assinatura\">Prepara\u00e7\u00e3o completa para a carreira!<\/p>\n        <div class=\"box-botao\">\n          <a class=\"btn-assinatura\" target=\"_blank\" href=\"https:\/\/www.estrategiaconcursos.com.br\/cursosPorConcurso\/camara-dos-deputados\/\" rel=\"noopener noreferrer\">EXPLORAR CURSOS<\/a>\n        <\/div>\n      <\/div>\n    \n    <\/div>\n\n  <\/div>\n<\/div>\n\n\n\n<div class=\"container\" id=\"boxes\">\n  <div class=\"row\">\n\n    <div class=\"col-sm\">\n      <div class=\"estrategia\" id=\"box-assinatura\">\n        <h3 class=\"titulo-assinatura\">Assinatura Concursos<\/h3>\n        <p class=\"subtitulo-assinatura\">Assinatura de 1 ano ou 2 anos<\/p>\n        <div class=\"box-botao\">\n          <a class=\"btn-assinatura\" target=\"_blank\" href=\"https:\/\/www.estrategiaconcursos.com.br\/assinaturas\/\" role=\"button\" rel=\"noopener noreferrer\">ASSINE AGORA<\/a>\n        <\/div>\n      <\/div>\n     \n    <\/div><\/div><\/div>\n\n\n\n<p><\/p>\n","protected":false},"excerpt":{"rendered":"<p>Saiba agora as respostas da prova do concurso C\u00e2mara dos Deputados &#8211; T\u00e9cnico Legislativo atrav\u00e9s do gabarito extraoficial! As provas objetivas e discursivas do concurso C\u00e2mara dos Deputados est\u00e3o sendo aplicadas neste domingo, dia 08 de mar\u00e7o. Os exames s\u00e3o realizados de 08h30 \u00e0s 13h30h, no turno da manh\u00e3, e de 16h \u00e0s 19h, para [&hellip;]<\/p>\n","protected":false},"author":2692,"featured_media":1727559,"comment_status":"open","ping_status":"closed","sticky":false,"template":"","format":"standard","meta":{"post_tipo":"news","footnotes":""},"categories":[2017,220219],"tags":[],"tax_estado":[219963],"class_list":["post-1727550","post","type-post","status-publish","format-standard","has-post-thumbnail","hentry","category-concursos-legislativos","category-noticias","tax_estado-concursos-federais"],"acf":[],"yoast_head":"<!-- This site is optimized with the Yoast SEO Premium plugin v27.2 (Yoast SEO v27.2) - https:\/\/yoast.com\/product\/yoast-seo-premium-wordpress\/ -->\n<title>Gabarito Extraoficial C\u00e2mara dos Deputados - T\u00e9cnico<\/title>\n<meta name=\"description\" content=\"Acompanhe a corre\u00e7\u00e3o ao vivo do Gabarito Extraoficial da C\u00e2mara dos Deputados - T\u00e9cnico e confira seu desempenho no edital deste domingo!\" \/>\n<meta name=\"robots\" content=\"index, follow, max-snippet:-1, max-image-preview:large, max-video-preview:-1\" \/>\n<link rel=\"canonical\" href=\"https:\/\/www.estrategiaconcursos.com.br\/blog\/gabarito-extraoficial-camara-deputados-tecnico\/\" \/>\n<meta property=\"og:locale\" content=\"pt_BR\" \/>\n<meta property=\"og:type\" content=\"article\" \/>\n<meta property=\"og:title\" content=\"Gabarito Extraoficial C\u00e2mara dos Deputados - T\u00e9cnico\" \/>\n<meta property=\"og:description\" content=\"Acompanhe a corre\u00e7\u00e3o ao vivo do Gabarito Extraoficial da C\u00e2mara dos Deputados - T\u00e9cnico e confira seu desempenho no edital deste domingo!\" \/>\n<meta property=\"og:url\" content=\"https:\/\/www.estrategiaconcursos.com.br\/blog\/gabarito-extraoficial-camara-deputados-tecnico\/\" \/>\n<meta property=\"og:site_name\" content=\"Estrat\u00e9gia Concursos\" \/>\n<meta property=\"article:published_time\" content=\"2026-03-08T16:36:16+00:00\" \/>\n<meta property=\"article:modified_time\" content=\"2026-03-08T22:27:53+00:00\" \/>\n<meta property=\"og:image\" content=\"https:\/\/dhg1h5j42swfq.cloudfront.net\/2026\/03\/08114232\/tecnico.jpg\" \/>\n\t<meta property=\"og:image:width\" content=\"894\" \/>\n\t<meta property=\"og:image:height\" content=\"452\" \/>\n\t<meta property=\"og:image:type\" content=\"image\/jpeg\" \/>\n<meta name=\"author\" content=\"Ronaldo Scanavini Neto\" \/>\n<meta name=\"twitter:card\" content=\"summary_large_image\" \/>\n<meta name=\"twitter:creator\" content=\"@EstratConcursos\" \/>\n<meta name=\"twitter:site\" content=\"@EstratConcursos\" \/>\n<meta name=\"twitter:label1\" content=\"Escrito por\" \/>\n\t<meta name=\"twitter:data1\" content=\"Ronaldo Scanavini Neto\" \/>\n\t<meta name=\"twitter:label2\" content=\"Est. tempo de leitura\" \/>\n\t<meta name=\"twitter:data2\" content=\"13 minutos\" \/>\n<script type=\"application\/ld+json\" class=\"yoast-schema-graph\">{\"@context\":\"https:\/\/schema.org\",\"@graph\":[{\"@type\":\"NewsArticle\",\"@id\":\"https:\/\/www.estrategiaconcursos.com.br\/blog\/gabarito-extraoficial-camara-deputados-tecnico\/#article\",\"isPartOf\":{\"@id\":\"https:\/\/www.estrategiaconcursos.com.br\/blog\/gabarito-extraoficial-camara-deputados-tecnico\/\"},\"author\":{\"name\":\"Ronaldo Scanavini Neto\",\"@id\":\"https:\/\/www.estrategiaconcursos.com.br\/blog\/#\/schema\/person\/70c2ad4297aa24ff8815b08215b23a76\"},\"headline\":\"Gabarito Extraoficial C\u00e2mara dos Deputados &#8211; T\u00e9cnico\",\"datePublished\":\"2026-03-08T16:36:16+00:00\",\"dateModified\":\"2026-03-08T22:27:53+00:00\",\"mainEntityOfPage\":{\"@id\":\"https:\/\/www.estrategiaconcursos.com.br\/blog\/gabarito-extraoficial-camara-deputados-tecnico\/\"},\"wordCount\":2535,\"commentCount\":0,\"publisher\":{\"@id\":\"https:\/\/www.estrategiaconcursos.com.br\/blog\/#organization\"},\"image\":{\"@id\":\"https:\/\/www.estrategiaconcursos.com.br\/blog\/gabarito-extraoficial-camara-deputados-tecnico\/#primaryimage\"},\"thumbnailUrl\":\"https:\/\/dhg1h5j42swfq.cloudfront.net\/2026\/03\/08114232\/tecnico.jpg\",\"articleSection\":[\"Legislativo\",\"\u00daltimas not\u00edcias\"],\"inLanguage\":\"pt-BR\",\"potentialAction\":[{\"@type\":\"CommentAction\",\"name\":\"Comment\",\"target\":[\"https:\/\/www.estrategiaconcursos.com.br\/blog\/gabarito-extraoficial-camara-deputados-tecnico\/#respond\"]}],\"copyrightYear\":\"2026\",\"copyrightHolder\":{\"@id\":\"https:\/\/www.estrategiaconcursos.com.br\/blog\/#organization\"}},{\"@type\":\"WebPage\",\"@id\":\"https:\/\/www.estrategiaconcursos.com.br\/blog\/gabarito-extraoficial-camara-deputados-tecnico\/\",\"url\":\"https:\/\/www.estrategiaconcursos.com.br\/blog\/gabarito-extraoficial-camara-deputados-tecnico\/\",\"name\":\"Gabarito Extraoficial C\u00e2mara dos Deputados - T\u00e9cnico\",\"isPartOf\":{\"@id\":\"https:\/\/www.estrategiaconcursos.com.br\/blog\/#website\"},\"primaryImageOfPage\":{\"@id\":\"https:\/\/www.estrategiaconcursos.com.br\/blog\/gabarito-extraoficial-camara-deputados-tecnico\/#primaryimage\"},\"image\":{\"@id\":\"https:\/\/www.estrategiaconcursos.com.br\/blog\/gabarito-extraoficial-camara-deputados-tecnico\/#primaryimage\"},\"thumbnailUrl\":\"https:\/\/dhg1h5j42swfq.cloudfront.net\/2026\/03\/08114232\/tecnico.jpg\",\"datePublished\":\"2026-03-08T16:36:16+00:00\",\"dateModified\":\"2026-03-08T22:27:53+00:00\",\"description\":\"Acompanhe a corre\u00e7\u00e3o ao vivo do Gabarito Extraoficial da C\u00e2mara dos Deputados - T\u00e9cnico e confira seu desempenho no edital deste domingo!\",\"breadcrumb\":{\"@id\":\"https:\/\/www.estrategiaconcursos.com.br\/blog\/gabarito-extraoficial-camara-deputados-tecnico\/#breadcrumb\"},\"inLanguage\":\"pt-BR\",\"potentialAction\":[{\"@type\":\"ReadAction\",\"target\":[\"https:\/\/www.estrategiaconcursos.com.br\/blog\/gabarito-extraoficial-camara-deputados-tecnico\/\"]}]},{\"@type\":\"ImageObject\",\"inLanguage\":\"pt-BR\",\"@id\":\"https:\/\/www.estrategiaconcursos.com.br\/blog\/gabarito-extraoficial-camara-deputados-tecnico\/#primaryimage\",\"url\":\"https:\/\/dhg1h5j42swfq.cloudfront.net\/2026\/03\/08114232\/tecnico.jpg\",\"contentUrl\":\"https:\/\/dhg1h5j42swfq.cloudfront.net\/2026\/03\/08114232\/tecnico.jpg\",\"width\":894,\"height\":452},{\"@type\":\"BreadcrumbList\",\"@id\":\"https:\/\/www.estrategiaconcursos.com.br\/blog\/gabarito-extraoficial-camara-deputados-tecnico\/#breadcrumb\",\"itemListElement\":[{\"@type\":\"ListItem\",\"position\":1,\"name\":\"In\u00edcio\",\"item\":\"https:\/\/www.estrategiaconcursos.com.br\/blog\/\"},{\"@type\":\"ListItem\",\"position\":2,\"name\":\"Gabarito Extraoficial C\u00e2mara dos Deputados &#8211; T\u00e9cnico\"}]},{\"@type\":\"WebSite\",\"@id\":\"https:\/\/www.estrategiaconcursos.com.br\/blog\/#website\",\"url\":\"https:\/\/www.estrategiaconcursos.com.br\/blog\/\",\"name\":\"Estrat\u00e9gia Concursos\",\"description\":\"O blog da Estrat\u00e9gia Concursos traz not\u00edcias sobre concursos e artigos de professores oferecendo cursos para concursos (pdf + videaulas) no site.\",\"publisher\":{\"@id\":\"https:\/\/www.estrategiaconcursos.com.br\/blog\/#organization\"},\"potentialAction\":[{\"@type\":\"SearchAction\",\"target\":{\"@type\":\"EntryPoint\",\"urlTemplate\":\"https:\/\/www.estrategiaconcursos.com.br\/blog\/?s={search_term_string}\"},\"query-input\":{\"@type\":\"PropertyValueSpecification\",\"valueRequired\":true,\"valueName\":\"search_term_string\"}}],\"inLanguage\":\"pt-BR\"},{\"@type\":\"Organization\",\"@id\":\"https:\/\/www.estrategiaconcursos.com.br\/blog\/#organization\",\"name\":\"Estrat\u00e9gia Concursos\",\"url\":\"https:\/\/www.estrategiaconcursos.com.br\/blog\/\",\"logo\":{\"@type\":\"ImageObject\",\"inLanguage\":\"pt-BR\",\"@id\":\"https:\/\/www.estrategiaconcursos.com.br\/blog\/#\/schema\/logo\/image\/\",\"url\":\"https:\/\/dhg1h5j42swfq.cloudfront.net\/2025\/06\/03203428\/logo_concursos-1.jpg\",\"contentUrl\":\"https:\/\/dhg1h5j42swfq.cloudfront.net\/2025\/06\/03203428\/logo_concursos-1.jpg\",\"width\":230,\"height\":60,\"caption\":\"Estrat\u00e9gia Concursos\"},\"image\":{\"@id\":\"https:\/\/www.estrategiaconcursos.com.br\/blog\/#\/schema\/logo\/image\/\"},\"sameAs\":[\"https:\/\/x.com\/EstratConcursos\"]},{\"@type\":\"Person\",\"@id\":\"https:\/\/www.estrategiaconcursos.com.br\/blog\/#\/schema\/person\/70c2ad4297aa24ff8815b08215b23a76\",\"name\":\"Ronaldo Scanavini Neto\",\"image\":{\"@type\":\"ImageObject\",\"inLanguage\":\"pt-BR\",\"@id\":\"https:\/\/secure.gravatar.com\/avatar\/f93d8e56fe264596e94aee6b3feb737d98ad0fc5bac7eb0a245f04723c5c8f21?s=96&d=mm&r=g\",\"url\":\"https:\/\/secure.gravatar.com\/avatar\/f93d8e56fe264596e94aee6b3feb737d98ad0fc5bac7eb0a245f04723c5c8f21?s=96&d=mm&r=g\",\"contentUrl\":\"https:\/\/secure.gravatar.com\/avatar\/f93d8e56fe264596e94aee6b3feb737d98ad0fc5bac7eb0a245f04723c5c8f21?s=96&d=mm&r=g\",\"caption\":\"Ronaldo Scanavini Neto\"},\"description\":\"Graduando em Comunica\u00e7\u00e3o Social \u2013 Jornalismo pela Universidade Federal de Vi\u00e7osa (UFV). Integra a equipe de jornalismo do Estrat\u00e9gia Concursos desde 2023, atuando com \u00eanfase na cobertura da \u00e1rea fiscal. Tamb\u00e9m realiza a apura\u00e7\u00e3o e produ\u00e7\u00e3o de not\u00edcias sobre concursos federais, \u00f3rg\u00e3os participantes do CNU e das \u00e1reas de controle, gest\u00e3o, engenharia, Exame CFC, comunica\u00e7\u00e3o social TI e \u00e1rea de concursos administrativos.\",\"url\":\"https:\/\/www.estrategiaconcursos.com.br\/blog\/author\/ronaldo-netoestrategia-com\/\"}]}<\/script>\n<!-- \/ Yoast SEO Premium plugin. -->","yoast_head_json":{"title":"Gabarito Extraoficial C\u00e2mara dos Deputados - T\u00e9cnico","description":"Acompanhe a corre\u00e7\u00e3o ao vivo do Gabarito Extraoficial da C\u00e2mara dos Deputados - T\u00e9cnico e confira seu desempenho no edital deste domingo!","robots":{"index":"index","follow":"follow","max-snippet":"max-snippet:-1","max-image-preview":"max-image-preview:large","max-video-preview":"max-video-preview:-1"},"canonical":"https:\/\/www.estrategiaconcursos.com.br\/blog\/gabarito-extraoficial-camara-deputados-tecnico\/","og_locale":"pt_BR","og_type":"article","og_title":"Gabarito Extraoficial C\u00e2mara dos Deputados - T\u00e9cnico","og_description":"Acompanhe a corre\u00e7\u00e3o ao vivo do Gabarito Extraoficial da C\u00e2mara dos Deputados - T\u00e9cnico e confira seu desempenho no edital deste domingo!","og_url":"https:\/\/www.estrategiaconcursos.com.br\/blog\/gabarito-extraoficial-camara-deputados-tecnico\/","og_site_name":"Estrat\u00e9gia Concursos","article_published_time":"2026-03-08T16:36:16+00:00","article_modified_time":"2026-03-08T22:27:53+00:00","og_image":[{"width":894,"height":452,"url":"https:\/\/dhg1h5j42swfq.cloudfront.net\/2026\/03\/08114232\/tecnico.jpg","type":"image\/jpeg"}],"author":"Ronaldo Scanavini Neto","twitter_card":"summary_large_image","twitter_creator":"@EstratConcursos","twitter_site":"@EstratConcursos","twitter_misc":{"Escrito por":"Ronaldo Scanavini Neto","Est. tempo de leitura":"13 minutos"},"schema":{"@context":"https:\/\/schema.org","@graph":[{"@type":"NewsArticle","@id":"https:\/\/www.estrategiaconcursos.com.br\/blog\/gabarito-extraoficial-camara-deputados-tecnico\/#article","isPartOf":{"@id":"https:\/\/www.estrategiaconcursos.com.br\/blog\/gabarito-extraoficial-camara-deputados-tecnico\/"},"author":{"name":"Ronaldo Scanavini Neto","@id":"https:\/\/www.estrategiaconcursos.com.br\/blog\/#\/schema\/person\/70c2ad4297aa24ff8815b08215b23a76"},"headline":"Gabarito Extraoficial C\u00e2mara dos Deputados &#8211; T\u00e9cnico","datePublished":"2026-03-08T16:36:16+00:00","dateModified":"2026-03-08T22:27:53+00:00","mainEntityOfPage":{"@id":"https:\/\/www.estrategiaconcursos.com.br\/blog\/gabarito-extraoficial-camara-deputados-tecnico\/"},"wordCount":2535,"commentCount":0,"publisher":{"@id":"https:\/\/www.estrategiaconcursos.com.br\/blog\/#organization"},"image":{"@id":"https:\/\/www.estrategiaconcursos.com.br\/blog\/gabarito-extraoficial-camara-deputados-tecnico\/#primaryimage"},"thumbnailUrl":"https:\/\/dhg1h5j42swfq.cloudfront.net\/2026\/03\/08114232\/tecnico.jpg","articleSection":["Legislativo","\u00daltimas not\u00edcias"],"inLanguage":"pt-BR","potentialAction":[{"@type":"CommentAction","name":"Comment","target":["https:\/\/www.estrategiaconcursos.com.br\/blog\/gabarito-extraoficial-camara-deputados-tecnico\/#respond"]}],"copyrightYear":"2026","copyrightHolder":{"@id":"https:\/\/www.estrategiaconcursos.com.br\/blog\/#organization"}},{"@type":"WebPage","@id":"https:\/\/www.estrategiaconcursos.com.br\/blog\/gabarito-extraoficial-camara-deputados-tecnico\/","url":"https:\/\/www.estrategiaconcursos.com.br\/blog\/gabarito-extraoficial-camara-deputados-tecnico\/","name":"Gabarito Extraoficial C\u00e2mara dos Deputados - T\u00e9cnico","isPartOf":{"@id":"https:\/\/www.estrategiaconcursos.com.br\/blog\/#website"},"primaryImageOfPage":{"@id":"https:\/\/www.estrategiaconcursos.com.br\/blog\/gabarito-extraoficial-camara-deputados-tecnico\/#primaryimage"},"image":{"@id":"https:\/\/www.estrategiaconcursos.com.br\/blog\/gabarito-extraoficial-camara-deputados-tecnico\/#primaryimage"},"thumbnailUrl":"https:\/\/dhg1h5j42swfq.cloudfront.net\/2026\/03\/08114232\/tecnico.jpg","datePublished":"2026-03-08T16:36:16+00:00","dateModified":"2026-03-08T22:27:53+00:00","description":"Acompanhe a corre\u00e7\u00e3o ao vivo do Gabarito Extraoficial da C\u00e2mara dos Deputados - T\u00e9cnico e confira seu desempenho no edital deste domingo!","breadcrumb":{"@id":"https:\/\/www.estrategiaconcursos.com.br\/blog\/gabarito-extraoficial-camara-deputados-tecnico\/#breadcrumb"},"inLanguage":"pt-BR","potentialAction":[{"@type":"ReadAction","target":["https:\/\/www.estrategiaconcursos.com.br\/blog\/gabarito-extraoficial-camara-deputados-tecnico\/"]}]},{"@type":"ImageObject","inLanguage":"pt-BR","@id":"https:\/\/www.estrategiaconcursos.com.br\/blog\/gabarito-extraoficial-camara-deputados-tecnico\/#primaryimage","url":"https:\/\/dhg1h5j42swfq.cloudfront.net\/2026\/03\/08114232\/tecnico.jpg","contentUrl":"https:\/\/dhg1h5j42swfq.cloudfront.net\/2026\/03\/08114232\/tecnico.jpg","width":894,"height":452},{"@type":"BreadcrumbList","@id":"https:\/\/www.estrategiaconcursos.com.br\/blog\/gabarito-extraoficial-camara-deputados-tecnico\/#breadcrumb","itemListElement":[{"@type":"ListItem","position":1,"name":"In\u00edcio","item":"https:\/\/www.estrategiaconcursos.com.br\/blog\/"},{"@type":"ListItem","position":2,"name":"Gabarito Extraoficial C\u00e2mara dos Deputados &#8211; T\u00e9cnico"}]},{"@type":"WebSite","@id":"https:\/\/www.estrategiaconcursos.com.br\/blog\/#website","url":"https:\/\/www.estrategiaconcursos.com.br\/blog\/","name":"Estrat\u00e9gia Concursos","description":"O blog da Estrat\u00e9gia Concursos traz not\u00edcias sobre concursos e artigos de professores oferecendo cursos para concursos (pdf + videaulas) no site.","publisher":{"@id":"https:\/\/www.estrategiaconcursos.com.br\/blog\/#organization"},"potentialAction":[{"@type":"SearchAction","target":{"@type":"EntryPoint","urlTemplate":"https:\/\/www.estrategiaconcursos.com.br\/blog\/?s={search_term_string}"},"query-input":{"@type":"PropertyValueSpecification","valueRequired":true,"valueName":"search_term_string"}}],"inLanguage":"pt-BR"},{"@type":"Organization","@id":"https:\/\/www.estrategiaconcursos.com.br\/blog\/#organization","name":"Estrat\u00e9gia Concursos","url":"https:\/\/www.estrategiaconcursos.com.br\/blog\/","logo":{"@type":"ImageObject","inLanguage":"pt-BR","@id":"https:\/\/www.estrategiaconcursos.com.br\/blog\/#\/schema\/logo\/image\/","url":"https:\/\/dhg1h5j42swfq.cloudfront.net\/2025\/06\/03203428\/logo_concursos-1.jpg","contentUrl":"https:\/\/dhg1h5j42swfq.cloudfront.net\/2025\/06\/03203428\/logo_concursos-1.jpg","width":230,"height":60,"caption":"Estrat\u00e9gia Concursos"},"image":{"@id":"https:\/\/www.estrategiaconcursos.com.br\/blog\/#\/schema\/logo\/image\/"},"sameAs":["https:\/\/x.com\/EstratConcursos"]},{"@type":"Person","@id":"https:\/\/www.estrategiaconcursos.com.br\/blog\/#\/schema\/person\/70c2ad4297aa24ff8815b08215b23a76","name":"Ronaldo Scanavini Neto","image":{"@type":"ImageObject","inLanguage":"pt-BR","@id":"https:\/\/secure.gravatar.com\/avatar\/f93d8e56fe264596e94aee6b3feb737d98ad0fc5bac7eb0a245f04723c5c8f21?s=96&d=mm&r=g","url":"https:\/\/secure.gravatar.com\/avatar\/f93d8e56fe264596e94aee6b3feb737d98ad0fc5bac7eb0a245f04723c5c8f21?s=96&d=mm&r=g","contentUrl":"https:\/\/secure.gravatar.com\/avatar\/f93d8e56fe264596e94aee6b3feb737d98ad0fc5bac7eb0a245f04723c5c8f21?s=96&d=mm&r=g","caption":"Ronaldo Scanavini Neto"},"description":"Graduando em Comunica\u00e7\u00e3o Social \u2013 Jornalismo pela Universidade Federal de Vi\u00e7osa (UFV). Integra a equipe de jornalismo do Estrat\u00e9gia Concursos desde 2023, atuando com \u00eanfase na cobertura da \u00e1rea fiscal. Tamb\u00e9m realiza a apura\u00e7\u00e3o e produ\u00e7\u00e3o de not\u00edcias sobre concursos federais, \u00f3rg\u00e3os participantes do CNU e das \u00e1reas de controle, gest\u00e3o, engenharia, Exame CFC, comunica\u00e7\u00e3o social TI e \u00e1rea de concursos administrativos.","url":"https:\/\/www.estrategiaconcursos.com.br\/blog\/author\/ronaldo-netoestrategia-com\/"}]}},"_links":{"self":[{"href":"https:\/\/www.estrategiaconcursos.com.br\/blog\/wp-json\/wp\/v2\/posts\/1727550","targetHints":{"allow":["GET"]}}],"collection":[{"href":"https:\/\/www.estrategiaconcursos.com.br\/blog\/wp-json\/wp\/v2\/posts"}],"about":[{"href":"https:\/\/www.estrategiaconcursos.com.br\/blog\/wp-json\/wp\/v2\/types\/post"}],"author":[{"embeddable":true,"href":"https:\/\/www.estrategiaconcursos.com.br\/blog\/wp-json\/wp\/v2\/users\/2692"}],"replies":[{"embeddable":true,"href":"https:\/\/www.estrategiaconcursos.com.br\/blog\/wp-json\/wp\/v2\/comments?post=1727550"}],"version-history":[{"count":28,"href":"https:\/\/www.estrategiaconcursos.com.br\/blog\/wp-json\/wp\/v2\/posts\/1727550\/revisions"}],"predecessor-version":[{"id":1741174,"href":"https:\/\/www.estrategiaconcursos.com.br\/blog\/wp-json\/wp\/v2\/posts\/1727550\/revisions\/1741174"}],"wp:featuredmedia":[{"embeddable":true,"href":"https:\/\/www.estrategiaconcursos.com.br\/blog\/wp-json\/wp\/v2\/media\/1727559"}],"wp:attachment":[{"href":"https:\/\/www.estrategiaconcursos.com.br\/blog\/wp-json\/wp\/v2\/media?parent=1727550"}],"wp:term":[{"taxonomy":"category","embeddable":true,"href":"https:\/\/www.estrategiaconcursos.com.br\/blog\/wp-json\/wp\/v2\/categories?post=1727550"},{"taxonomy":"post_tag","embeddable":true,"href":"https:\/\/www.estrategiaconcursos.com.br\/blog\/wp-json\/wp\/v2\/tags?post=1727550"},{"taxonomy":"tax_estado","embeddable":true,"href":"https:\/\/www.estrategiaconcursos.com.br\/blog\/wp-json\/wp\/v2\/tax_estado?post=1727550"}],"curies":[{"name":"wp","href":"https:\/\/api.w.org\/{rel}","templated":true}]}}