{"id":1726592,"date":"2026-03-06T10:39:31","date_gmt":"2026-03-06T13:39:31","guid":{"rendered":"https:\/\/www.estrategiaconcursos.com.br\/blog\/?p=1726592"},"modified":"2026-03-09T08:33:14","modified_gmt":"2026-03-09T11:33:14","slug":"provas-camara-deputados-2026-horarios-instrucoes","status":"publish","type":"post","link":"https:\/\/www.estrategiaconcursos.com.br\/blog\/provas-camara-deputados-2026-horarios-instrucoes\/","title":{"rendered":"Prova C\u00e2mara dos Deputados: o que levar, hor\u00e1rios e instru\u00e7\u00f5es"},"content":{"rendered":"\n<p style=\"font-size:clamp(14.642px, 0.915rem + ((1vw - 3.2px) * 0.721), 22px);\"><strong><em>Vai realizar a prova do concurso C\u00e2mara dos Deputados? Saiba o que levar, hor\u00e1rios e instru\u00e7\u00f5es para aplica\u00e7\u00e3o das provas<\/em><\/strong><\/p>\n\n\n\n<p>O <strong>concurso p\u00fablico da C\u00e2mara dos Deputados<\/strong> ter\u00e1 suas <strong>provas aplicadas neste pr\u00f3ximo domingo, 8 de mar\u00e7o<\/strong> para os cargos de T\u00e9cnico e Analista Legislativo.<\/p>\n\n\n\n<p>Veja neste artigo\u00a0<strong>tudo o que voc\u00ea precisa saber antes da aplica\u00e7\u00e3o do concurso C\u00e2mara dos Deputados<\/strong> como <strong>o que levar, hor\u00e1rio de prova e mais instru\u00e7\u00f5es sobre a etapa.<\/strong><\/p>\n\n\n\n<div class=\"container\" id=\"boxes\">\n  <div class=\"row\">\n\n    <div class=\"col-sm\">\n      <div class=\"banner-legislativo\" id=\"box-assinatura\">\n        <h3 class=\"titulo-assinatura\">Concurso C\u00e2mara dos Deputados<\/h3>\n        <p class=\"subtitulo-assinatura\">Prepara\u00e7\u00e3o completa para a carreira!<\/p>\n        <div class=\"box-botao\">\n          <a class=\"btn-assinatura\" target=\"_blank\" href=\"https:\/\/www.estrategiaconcursos.com.br\/cursosPorConcurso\/camara-dos-deputados\/\" rel=\"noopener noreferrer\">EXPLORAR CURSOS<\/a>\n        <\/div>\n      <\/div>\n    \n    <\/div>\n\n  <\/div>\n<\/div>\n\n\n\n<h2 class=\"wp-block-heading\" id=\"h-quais-os-horarios-das-provas-do-concurso-camara-dos-deputados\">Quais os hor\u00e1rios das provas do Concurso C\u00e2mara dos Deputados?<\/h2>\n\n\n\n<p>A etapa ocorrer\u00e1 nos turnos da manh\u00e3 e tarde, nos hor\u00e1rios de 8h30 e 16h:<\/p>\n\n\n\n<ul class=\"wp-block-list\">\n<li><strong>Prova objetiva<\/strong>\n<ul class=\"wp-block-list\">\n<li><span style=\"text-decoration: underline;\">Abertura dos port\u00f5es<\/span>: 7h<\/li>\n\n\n\n<li><span style=\"text-decoration: underline;\">Fechamento dos port\u00f5es<\/span>: 8h<\/li>\n\n\n\n<li><span style=\"text-decoration: underline;\">In\u00edcio das provas<\/span>: 8h30<\/li>\n\n\n\n<li><span style=\"text-decoration: underline;\">Tempo de aplica\u00e7\u00e3o<\/span>: 5 horas<\/li>\n<\/ul>\n<\/li>\n\n\n\n<li><strong>Prova discursiva<\/strong>\n<ul class=\"wp-block-list\">\n<li><span style=\"text-decoration: underline;\">Abertura dos port\u00f5es<\/span>: 14h30<\/li>\n\n\n\n<li><span style=\"text-decoration: underline;\">Fechamento dos port\u00f5es<\/span>: 15h30<\/li>\n\n\n\n<li><span style=\"text-decoration: underline;\">In\u00edcio das provas<\/span>: 16h<\/li>\n\n\n\n<li><span style=\"text-decoration: underline;\">Tempo de aplica\u00e7\u00e3o<\/span>: 3 horas<\/li>\n<\/ul>\n<\/li>\n<\/ul>\n\n\n\n<p class=\"has-text-align-center has-very-light-gray-to-cyan-bluish-gray-gradient-background has-background\"><a href=\"https:\/\/security.cebraspe.org.br\/CD_25_NS\/Localhorario\/ObjetivaDiscursiva_DB187B4F-125F-4C26-ABFF\/\" target=\"_blank\" rel=\"noreferrer noopener\">Local de prova do concurso C\u00e2mara dos Deputados<\/a><\/p>\n\n\n\n<h2 class=\"wp-block-heading\" id=\"h-o-que-levar-nas-provas-da-camara-dos-deputados-2026\">O que levar nas provas da C\u00e2mara dos Deputados 2026?<\/h2>\n\n\n\n<p>A orienta\u00e7\u00e3o \u00e9 que os candidatos compare\u00e7am com <strong>anteced\u00eancia m\u00ednima de 1 hora<\/strong>\u00a0do hor\u00e1rio fixado para o fechamento do port\u00e3o, munidos de:<\/p>\n\n\n\n<ul class=\"wp-block-list\">\n<li>caneta esferogr\u00e1fica de tinta preta fabricada em material transparente;<\/li>\n\n\n\n<li>comprovante de inscri\u00e7\u00e3o ou do comprovante de pagamento da taxa de inscri\u00e7\u00e3o;<\/li>\n\n\n\n<li>documento de identidade original.<\/li>\n<\/ul>\n\n\n\n<p><strong>Aten\u00e7\u00e3o<\/strong>: N\u00e3o ser\u00e1 permitido o uso de l\u00e1pis, lapiseira\/grafite, marca-texto e(ou) borracha durante a realiza\u00e7\u00e3o das provas.<\/p>\n\n\n\n<h3 class=\"wp-block-heading\" id=\"h-o-que-nao-posso-levar-no-dia-das-provas-da-camara-dos-deputados\">O que n\u00e3o posso levar no dia das provas da C\u00e2mara dos Deputados?<\/h3>\n\n\n\n<p>Segundo o edital,\u00a0<strong>ser\u00e1 eliminado do concurso da C\u00e2mara dos Deputados<\/strong>\u00a0o candidato que, durante a realiza\u00e7\u00e3o das provas, for surpreendido portando:<\/p>\n\n\n\n<ul class=\"wp-block-list\">\n<li><strong>a)&nbsp;<\/strong>aparelhos eletr\u00f4nicos, tais como wearable tech, m\u00e1quinas calculadoras, agendas eletr\u00f4nicas e(ou) similares, telefones celulares, smartphones, tablets, ipods\u00ae, gravadores, pen drive, mp3 player e(ou) similar, rel\u00f3gio de qualquer esp\u00e9cie, alarmes, chaves com alarme ou com qualquer outro componente eletr\u00f4nico, fones de ouvido e(ou) qualquer transmissor, gravador e(ou) receptor de dados, imagens, v\u00eddeos e mensagens etc.;<\/li>\n\n\n\n<li><strong>b)<\/strong>&nbsp;\u00f3culos escuros, protetor auricular, l\u00e1pis, lapiseira\/grafite, marca-texto e(ou) borracha;<\/li>\n\n\n\n<li><strong>c)&nbsp;<\/strong>quaisquer acess\u00f3rios de chapelaria, tais como chap\u00e9u, bon\u00e9, gorro etc.;<\/li>\n\n\n\n<li><strong>d)<\/strong>&nbsp;qualquer recipiente ou embalagem que n\u00e3o seja fabricado com material transparente, tais como garrafa de \u00e1gua, suco, refrigerante e embalagem de alimentos (biscoitos, barras de cereais, chocolate, balas etc.);<\/li>\n\n\n\n<li><strong>e)<\/strong>&nbsp;armas brancas, tais como faca, tesoura, punhal, canivete ou similares.<\/li>\n<\/ul>\n\n\n\n<p>Durante toda a perman\u00eancia do candidato na sala de provas, o seu telefone celular, assim como qualquer equipamento eletr\u00f4nico, deve&nbsp;<strong>permanecer obrigatoriamente desligado e acondicionado na embalagem porta-objetos lacrada<\/strong>, com todos os aplicativos, fun\u00e7\u00f5es e sistemas desativados e desligados, incluindo alarmes.<\/p>\n\n\n\n<p>O candidato ser\u00e1 eliminado do concurso caso o seu telefone celular ou qualquer equipamento eletr\u00f4nico entre em funcionamento, mesmo sem a sua interfer\u00eancia direta, durante a realiza\u00e7\u00e3o das provas.<\/p>\n\n\n\n<h2 class=\"wp-block-heading\" id=\"h-como-sera-a-prova-da-camara-dos-deputados-2026\">Como ser\u00e1 a prova da C\u00e2mara dos Deputados 2026?<\/h2>\n\n\n\n<p id=\"h-como-sera-a-prova-da-policia-federal-2025\">De car\u00e1ter eliminat\u00f3rio e classificat\u00f3rio, a prova objetiva ser\u00e1 composta por\u00a0<strong>180 quest\u00f5es<\/strong>\u00a0(CERTO ou ERRADO) de Conhecimentos Gerais e Conhecimentos Espec\u00edficos.<\/p>\n\n\n\n<ul class=\"wp-block-list\">\n<li><strong>T\u00e9cnico Legislativo \u2013 Assistente Legislativo e Administrativo<\/strong>\n<ul class=\"wp-block-list\">\n<li>L\u00edngua Portuguesa<\/li>\n\n\n\n<li>L\u00edngua Inglesa<\/li>\n\n\n\n<li>Racioc\u00ednio L\u00f3gico e Anal\u00edtico<\/li>\n\n\n\n<li>Direito Administrativo<\/li>\n\n\n\n<li>Administra\u00e7\u00e3o P\u00fablica<\/li>\n\n\n\n<li>No\u00e7\u00f5es de Direito Constitucional e de Regimento Interno da C\u00e2mara dos Deputados<\/li>\n\n\n\n<li>Administra\u00e7\u00e3o Geral<\/li>\n\n\n\n<li>Licita\u00e7\u00f5es e Contratos<\/li>\n\n\n\n<li>Tecnologia da Informa\u00e7\u00e3o, Dados e No\u00e7\u00f5es de Estat\u00edstica<\/li>\n\n\n\n<li>No\u00e7\u00f5es de Administra\u00e7\u00e3o Or\u00e7ament\u00e1ria e Financeira<\/li>\n<\/ul>\n<\/li>\n<\/ul>\n\n\n\n<ul class=\"wp-block-list\">\n<li><strong>Analista Legislativo \u2013 Processo Legislativo e Gest\u00e3o<\/strong>\n<ul class=\"wp-block-list\">\n<li>L\u00edngua Portuguesa<\/li>\n\n\n\n<li>L\u00edngua Inglesa<\/li>\n\n\n\n<li>Racioc\u00ednio L\u00f3gico e Anal\u00edtico<\/li>\n\n\n\n<li>Direito Administrativo<\/li>\n\n\n\n<li>Administra\u00e7\u00e3o P\u00fablica<\/li>\n\n\n\n<li>Regimento Interno da C\u00e2mara dos Deputados, Regimento Comum do Congresso Nacional e C\u00f3digo de \u00c9tica<\/li>\n\n\n\n<li>Direito Constitucional e Processo Legislativo<\/li>\n\n\n\n<li>Ci\u00eancia Pol\u00edtica<\/li>\n\n\n\n<li>Governan\u00e7a, Estrat\u00e9gia e Gest\u00e3o<\/li>\n\n\n\n<li>No\u00e7\u00f5es de Tecnologia da Informa\u00e7\u00e3o e Dados<\/li>\n<\/ul>\n<\/li>\n<\/ul>\n\n\n\n<p>Ser\u00e1 aprovado na prova objetiva do concurso da C\u00e2mara dos Deputados para T\u00e9cnico e Analista, o candidato que se enquadrar em pelo menos um dos itens:<\/p>\n\n\n\n<ul class=\"wp-block-list\">\n<li>a) obtiver nota igual ou superior a 18,00 pontos na prova objetiva de conhecimentos gerais P1;<\/li>\n\n\n\n<li>b) obtiver nota igual ou superior a 27,00 pontos na prova objetiva de conhecimentos espec\u00edficos P2;<\/li>\n\n\n\n<li>c) obtiver nota igual ou superior a 54,00 pontos no conjunto das provas objetivas.<\/li>\n<\/ul>\n\n\n\n<h2 class=\"wp-block-heading\" id=\"h-havera-prova-discursiva-no-concurso-camara-dos-deputados\">Haver\u00e1 prova discursiva no Concurso C\u00e2mara dos Deputados?<\/h2>\n\n\n\n<p id=\"h-como-sera-a-prova-da-policia-federal-2025\">Sim! A prova discursiva valer\u00e1 o total de 60,00 pontos, sendo aprovado o candidato que obtiver NPD \u2265 30,00 pontos. A etapa consistir\u00e1 em:<\/p>\n\n\n\n<ul class=\"wp-block-list\">\n<li><strong>a)\u00a0<\/strong>duas quest\u00f5es, sobre temas de conhecimentos espec\u00edficos, a serem respondidas em at\u00e9 20 linhas cada, no valor de 15,00 pontos cada;<\/li>\n\n\n\n<li><strong>b)\u00a0<\/strong>uma pe\u00e7a de natureza t\u00e9cnica sobre temas de conhecimentos espec\u00edficos, a ser respondida em at\u00e9 50 linhas, no valor de 30,00 pontos.<\/li>\n<\/ul>\n\n\n\n<h2 class=\"wp-block-heading\" id=\"h-quando-sai-o-gabarito-do-concurso-camara-dos-deputados\">Quando sai o gabarito do concurso C\u00e2mara dos Deputados?<\/h2>\n\n\n\n<p>A consulta individual aos gabaritos preliminares das provas objetivas ser\u00e1 disponibilizada entre os dias 10 e 12 de mar\u00e7o, das 19h do primeiro dia \u00e0s 18h do \u00faltimo dia (hor\u00e1rio oficial de Bras\u00edlia\/DF).<\/p>\n\n\n\n<p>J\u00e1 a interposi\u00e7\u00e3o de recursos pode ser efetuada de 11 a 12 de mar\u00e7o, das 10h do primeiro dia \u00e0s 18h do \u00faltimo dia (hor\u00e1rio oficial de Bras\u00edlia\/DF). <\/p>\n\n\n\n<ul class=\"wp-block-list\">\n<li><strong>Consulta individual aos gabaritos preliminares<\/strong>: 10 a 12\/03<\/li>\n\n\n\n<li><strong>Prazo para a interposi\u00e7\u00e3o de recursos<\/strong>: 11 e 12\/03<\/li>\n\n\n\n<li><strong>Divulga\u00e7\u00e3o dos gabaritos preliminares<\/strong>: 13\/03<\/li>\n\n\n\n<li><strong>Resultado final a prova objetiva<\/strong>: 08\/04<\/li>\n\n\n\n<li><strong>Resultado provis\u00f3rio da prova discursiva<\/strong>: 26\/05<\/li>\n<\/ul>\n\n\n\n<p>Aten\u00e7\u00e3o, coruja: o\u00a0<strong>Estrat\u00e9gia Concursos realizar\u00e1 a corre\u00e7\u00e3o ao vivo e divulgar\u00e1 o gabarito extraoficial<\/strong>\u00a0<strong>do Concurso C\u00e2mara dos Deputados<\/strong>. <\/p>\n\n\n\n<ul class=\"wp-block-list\">\n<li>Acompanhe a corre\u00e7\u00e3o no\u00a0<a href=\"https:\/\/www.youtube.com\/@EstrategiaConcursosBrasil\" target=\"_blank\" rel=\"noreferrer noopener\">canal do Youtube do EC\u00a0<\/a>e no blog:<\/li>\n<\/ul>\n\n\n<figure class=\"wp-block-embed-youtube wp-block-embed is-type-video is-provider-youtube wp-embed-aspect-16-9 wp-has-aspect-ratio\"><div class=\"lyte-wrapper\" style=\"width:853px;max-width:100%;margin:5px;\"><div class=\"lyMe\" id=\"WYL_4_IlylRXWjU\"><div id=\"lyte_4_IlylRXWjU\" data-src=\"\/\/i.ytimg.com\/vi\/4_IlylRXWjU\/hqdefault.jpg\" class=\"pL\"><div class=\"tC\"><div class=\"tT\"><\/div><\/div><div class=\"play\"><\/div><div class=\"ctrl\"><div class=\"Lctrl\"><\/div><div class=\"Rctrl\"><\/div><\/div><\/div><noscript><a href=\"https:\/\/youtu.be\/4_IlylRXWjU\" rel=\"nofollow\"><img loading=\"lazy\" decoding=\"async\" src=\"https:\/\/i.ytimg.com\/vi\/4_IlylRXWjU\/0.jpg\" alt=\"YouTube video thumbnail\" width=\"853\" height=\"460\" \/><br \/>Assista a este v\u00eddeo no YouTube<\/a><\/noscript><\/div><\/div><div class=\"lL\" style=\"max-width:100%;width:853px;margin:5px;\"><\/div><figcaption><\/figcaption><\/figure>\n\n\n<h2 class=\"wp-block-heading\" id=\"h-detalhes-do-concurso-camara-dos-deputados-2026\">Detalhes do concurso C\u00e2mara dos Deputados 2026<\/h2>\n\n\n\n<p>Est\u00e3o em jogo\u00a0<strong>70 vagas imediatas e 70 em cadastro de reserva\u00a0<\/strong>para os cargos de\u00a0T\u00e9cnico Legislativo \u2013 Assistente Legislativo e Administrativo e Analista Legislativo \u2013 Processo Legislativo e Gest\u00e3o.<\/p>\n\n\n\n<p>Ao todo, <strong>foram registradas\u00a086.234 candidaturas<\/strong>, sendo 48.474 inscri\u00e7\u00f5es para Analista Legislativo e 37.760  para T\u00e9cnico Legislativo.<\/p>\n\n\n\n<p class=\"has-text-align-center\"><em>Para saber mais sobre as provas e todos os detalhes do novo concurso C\u00e2mara dos Deputados, acesse nosso artigo na \u00edntegra:<\/em><\/p>\n\n\n\n<p class=\"has-text-align-center has-very-light-gray-to-cyan-bluish-gray-gradient-background has-background\" style=\"font-size:clamp(15.197px, 0.95rem + ((1vw - 3.2px) * 0.765), 23px);\"><strong>Saiba mais: <a href=\"https:\/\/www.estrategiaconcursos.com.br\/blog\/concurso-camara-dos-deputados\/\" target=\"_blank\" rel=\"noreferrer noopener\">Concurso C\u00e2mara dos Deputados 2026<\/a><\/strong><\/p>\n\n\n\n<hr class=\"wp-block-separator has-alpha-channel-opacity\"\/>\n\n\n\n<h2 class=\"wp-block-heading has-text-align-center\" id=\"h-quer-saber-tudo-sobre-concursos-previstos-confira-nossos-artigos\">Quer saber tudo sobre concursos previstos?<br \/>Confira nossos artigos!<\/h2>\n\n\n\n<ul class=\"wp-block-list\">\n<li><a href=\"https:\/\/www.estrategiaconcursos.com.br\/blog\/concursos-area-legislativa\/\" target=\"_blank\" rel=\"noreferrer noopener\">Concursos legislativos<\/a><\/li>\n\n\n\n<li><a href=\"https:\/\/www.estrategiaconcursos.com.br\/blog\/concursos-abertos\/\" target=\"_blank\" rel=\"noreferrer noopener\">Concursos abertos<\/a><\/li>\n\n\n\n<li><a href=\"https:\/\/www.estrategiaconcursos.com.br\/blog\/concursos-2026\/\" target=\"_blank\" rel=\"noreferrer noopener\">Concursos 2026<\/a><\/li>\n<\/ul>\n\n\n\n<h2 class=\"wp-block-heading has-text-align-center\" id=\"cursos\">Quer estudar para o concurso da C\u00e2mara dos Deputados?<\/h2>\n\n\n\n<div class=\"container\" id=\"boxes\">\n  <div class=\"row\">\n\n    <div class=\"col-sm\">\n      <div class=\"banner-legislativo\" id=\"box-assinatura\">\n        <h3 class=\"titulo-assinatura\">Concurso C\u00e2mara dos Deputados<\/h3>\n        <p class=\"subtitulo-assinatura\">Prepara\u00e7\u00e3o completa para a carreira!<\/p>\n        <div class=\"box-botao\">\n          <a class=\"btn-assinatura\" target=\"_blank\" href=\"https:\/\/www.estrategiaconcursos.com.br\/cursosPorConcurso\/camara-dos-deputados\/\" rel=\"noopener noreferrer\">EXPLORAR CURSOS<\/a>\n        <\/div>\n      <\/div>\n    \n    <\/div>\n\n  <\/div>\n<\/div>\n\n\n\n<div class=\"container\" id=\"boxes\">\n  <div class=\"row\">\n\n    <div class=\"col-sm\">\n      <div class=\"estrategia\" id=\"box-assinatura\">\n        <h3 class=\"titulo-assinatura\">Assinatura Concursos<\/h3>\n        <p class=\"subtitulo-assinatura\">Assinatura de 1 ano ou 2 anos<\/p>\n        <div class=\"box-botao\">\n          <a class=\"btn-assinatura\" target=\"_blank\" href=\"https:\/\/www.estrategiaconcursos.com.br\/assinaturas\/\" role=\"button\" rel=\"noopener noreferrer\">ASSINE AGORA<\/a>\n        <\/div>\n      <\/div>\n     \n    <\/div><\/div><\/div>\n\n\n\n<p><\/p>\n","protected":false},"excerpt":{"rendered":"<p>Vai realizar a prova do concurso C\u00e2mara dos Deputados? Saiba o que levar, hor\u00e1rios e instru\u00e7\u00f5es para aplica\u00e7\u00e3o das provas O concurso p\u00fablico da C\u00e2mara dos Deputados ter\u00e1 suas provas aplicadas neste pr\u00f3ximo domingo, 8 de mar\u00e7o para os cargos de T\u00e9cnico e Analista Legislativo. Veja neste artigo\u00a0tudo o que voc\u00ea precisa saber antes da [&hellip;]<\/p>\n","protected":false},"author":1206,"featured_media":948559,"comment_status":"open","ping_status":"closed","sticky":false,"template":"","format":"standard","meta":{"post_tipo":"news","footnotes":""},"categories":[2017,220219],"tags":[],"tax_estado":[219963],"class_list":["post-1726592","post","type-post","status-publish","format-standard","has-post-thumbnail","hentry","category-concursos-legislativos","category-noticias","tax_estado-concursos-federais"],"acf":[],"yoast_head":"<!-- This site is optimized with the Yoast SEO Premium plugin v27.2 (Yoast SEO v27.2) - https:\/\/yoast.com\/product\/yoast-seo-premium-wordpress\/ -->\n<title>Prova C\u00e2mara dos Deputados: o que levar, hor\u00e1rios e instru\u00e7\u00f5es<\/title>\n<meta name=\"description\" content=\"Vai realizar a prova do concurso C\u00e2mara dos Deputados? Saiba o que levar, hor\u00e1rios e instru\u00e7\u00f5es para aplica\u00e7\u00e3o das provas.\" \/>\n<meta name=\"robots\" content=\"index, follow, max-snippet:-1, max-image-preview:large, max-video-preview:-1\" \/>\n<link rel=\"canonical\" href=\"https:\/\/www.estrategiaconcursos.com.br\/blog\/provas-camara-deputados-2026-horarios-instrucoes\/\" \/>\n<meta property=\"og:locale\" content=\"pt_BR\" \/>\n<meta property=\"og:type\" content=\"article\" \/>\n<meta property=\"og:title\" content=\"Prova C\u00e2mara dos Deputados: o que levar, hor\u00e1rios e instru\u00e7\u00f5es\" \/>\n<meta property=\"og:description\" content=\"Vai realizar a prova do concurso C\u00e2mara dos Deputados? Saiba o que levar, hor\u00e1rios e instru\u00e7\u00f5es para aplica\u00e7\u00e3o das provas.\" \/>\n<meta property=\"og:url\" content=\"https:\/\/www.estrategiaconcursos.com.br\/blog\/provas-camara-deputados-2026-horarios-instrucoes\/\" \/>\n<meta property=\"og:site_name\" content=\"Estrat\u00e9gia Concursos\" \/>\n<meta property=\"article:published_time\" content=\"2026-03-06T13:39:31+00:00\" \/>\n<meta property=\"article:modified_time\" content=\"2026-03-09T11:33:14+00:00\" \/>\n<meta property=\"og:image\" content=\"https:\/\/dhg1h5j42swfq.cloudfront.net\/2022\/01\/17085617\/camara_dos_deputados.jpg\" \/>\n\t<meta property=\"og:image:width\" content=\"768\" \/>\n\t<meta property=\"og:image:height\" content=\"432\" \/>\n\t<meta property=\"og:image:type\" content=\"image\/jpeg\" \/>\n<meta name=\"author\" content=\"Bruna de Andrade Fran\u00e7a\" \/>\n<meta name=\"twitter:card\" content=\"summary_large_image\" \/>\n<meta name=\"twitter:creator\" content=\"@EstratConcursos\" \/>\n<meta name=\"twitter:site\" content=\"@EstratConcursos\" \/>\n<meta name=\"twitter:label1\" content=\"Escrito por\" \/>\n\t<meta name=\"twitter:data1\" content=\"Bruna de Andrade Fran\u00e7a\" \/>\n\t<meta name=\"twitter:label2\" content=\"Est. tempo de leitura\" \/>\n\t<meta name=\"twitter:data2\" content=\"6 minutos\" \/>\n<script type=\"application\/ld+json\" class=\"yoast-schema-graph\">{\"@context\":\"https:\/\/schema.org\",\"@graph\":[{\"@type\":\"NewsArticle\",\"@id\":\"https:\/\/www.estrategiaconcursos.com.br\/blog\/provas-camara-deputados-2026-horarios-instrucoes\/#article\",\"isPartOf\":{\"@id\":\"https:\/\/www.estrategiaconcursos.com.br\/blog\/provas-camara-deputados-2026-horarios-instrucoes\/\"},\"author\":{\"name\":\"Bruna de Andrade Fran\u00e7a\",\"@id\":\"https:\/\/www.estrategiaconcursos.com.br\/blog\/#\/schema\/person\/6630f91134abc08115cca62ce6372855\"},\"headline\":\"Prova C\u00e2mara dos Deputados: o que levar, hor\u00e1rios e instru\u00e7\u00f5es\",\"datePublished\":\"2026-03-06T13:39:31+00:00\",\"dateModified\":\"2026-03-09T11:33:14+00:00\",\"mainEntityOfPage\":{\"@id\":\"https:\/\/www.estrategiaconcursos.com.br\/blog\/provas-camara-deputados-2026-horarios-instrucoes\/\"},\"wordCount\":1134,\"commentCount\":0,\"publisher\":{\"@id\":\"https:\/\/www.estrategiaconcursos.com.br\/blog\/#organization\"},\"image\":{\"@id\":\"https:\/\/www.estrategiaconcursos.com.br\/blog\/provas-camara-deputados-2026-horarios-instrucoes\/#primaryimage\"},\"thumbnailUrl\":\"https:\/\/dhg1h5j42swfq.cloudfront.net\/2022\/01\/17085617\/camara_dos_deputados.jpg\",\"articleSection\":[\"Legislativo\",\"\u00daltimas not\u00edcias\"],\"inLanguage\":\"pt-BR\",\"potentialAction\":[{\"@type\":\"CommentAction\",\"name\":\"Comment\",\"target\":[\"https:\/\/www.estrategiaconcursos.com.br\/blog\/provas-camara-deputados-2026-horarios-instrucoes\/#respond\"]}],\"copyrightYear\":\"2026\",\"copyrightHolder\":{\"@id\":\"https:\/\/www.estrategiaconcursos.com.br\/blog\/#organization\"}},{\"@type\":\"WebPage\",\"@id\":\"https:\/\/www.estrategiaconcursos.com.br\/blog\/provas-camara-deputados-2026-horarios-instrucoes\/\",\"url\":\"https:\/\/www.estrategiaconcursos.com.br\/blog\/provas-camara-deputados-2026-horarios-instrucoes\/\",\"name\":\"Prova C\u00e2mara dos Deputados: o que levar, hor\u00e1rios e instru\u00e7\u00f5es\",\"isPartOf\":{\"@id\":\"https:\/\/www.estrategiaconcursos.com.br\/blog\/#website\"},\"primaryImageOfPage\":{\"@id\":\"https:\/\/www.estrategiaconcursos.com.br\/blog\/provas-camara-deputados-2026-horarios-instrucoes\/#primaryimage\"},\"image\":{\"@id\":\"https:\/\/www.estrategiaconcursos.com.br\/blog\/provas-camara-deputados-2026-horarios-instrucoes\/#primaryimage\"},\"thumbnailUrl\":\"https:\/\/dhg1h5j42swfq.cloudfront.net\/2022\/01\/17085617\/camara_dos_deputados.jpg\",\"datePublished\":\"2026-03-06T13:39:31+00:00\",\"dateModified\":\"2026-03-09T11:33:14+00:00\",\"description\":\"Vai realizar a prova do concurso C\u00e2mara dos Deputados? Saiba o que levar, hor\u00e1rios e instru\u00e7\u00f5es para aplica\u00e7\u00e3o das provas.\",\"breadcrumb\":{\"@id\":\"https:\/\/www.estrategiaconcursos.com.br\/blog\/provas-camara-deputados-2026-horarios-instrucoes\/#breadcrumb\"},\"inLanguage\":\"pt-BR\",\"potentialAction\":[{\"@type\":\"ReadAction\",\"target\":[\"https:\/\/www.estrategiaconcursos.com.br\/blog\/provas-camara-deputados-2026-horarios-instrucoes\/\"]}]},{\"@type\":\"ImageObject\",\"inLanguage\":\"pt-BR\",\"@id\":\"https:\/\/www.estrategiaconcursos.com.br\/blog\/provas-camara-deputados-2026-horarios-instrucoes\/#primaryimage\",\"url\":\"https:\/\/dhg1h5j42swfq.cloudfront.net\/2022\/01\/17085617\/camara_dos_deputados.jpg\",\"contentUrl\":\"https:\/\/dhg1h5j42swfq.cloudfront.net\/2022\/01\/17085617\/camara_dos_deputados.jpg\",\"width\":768,\"height\":432,\"caption\":\"concurso c\u00e2mara dos deputados\"},{\"@type\":\"BreadcrumbList\",\"@id\":\"https:\/\/www.estrategiaconcursos.com.br\/blog\/provas-camara-deputados-2026-horarios-instrucoes\/#breadcrumb\",\"itemListElement\":[{\"@type\":\"ListItem\",\"position\":1,\"name\":\"In\u00edcio\",\"item\":\"https:\/\/www.estrategiaconcursos.com.br\/blog\/\"},{\"@type\":\"ListItem\",\"position\":2,\"name\":\"Prova C\u00e2mara dos Deputados: o que levar, hor\u00e1rios e instru\u00e7\u00f5es\"}]},{\"@type\":\"WebSite\",\"@id\":\"https:\/\/www.estrategiaconcursos.com.br\/blog\/#website\",\"url\":\"https:\/\/www.estrategiaconcursos.com.br\/blog\/\",\"name\":\"Estrat\u00e9gia Concursos\",\"description\":\"O blog da Estrat\u00e9gia Concursos traz not\u00edcias sobre concursos e artigos de professores oferecendo cursos para concursos (pdf + videaulas) no site.\",\"publisher\":{\"@id\":\"https:\/\/www.estrategiaconcursos.com.br\/blog\/#organization\"},\"potentialAction\":[{\"@type\":\"SearchAction\",\"target\":{\"@type\":\"EntryPoint\",\"urlTemplate\":\"https:\/\/www.estrategiaconcursos.com.br\/blog\/?s={search_term_string}\"},\"query-input\":{\"@type\":\"PropertyValueSpecification\",\"valueRequired\":true,\"valueName\":\"search_term_string\"}}],\"inLanguage\":\"pt-BR\"},{\"@type\":\"Organization\",\"@id\":\"https:\/\/www.estrategiaconcursos.com.br\/blog\/#organization\",\"name\":\"Estrat\u00e9gia Concursos\",\"url\":\"https:\/\/www.estrategiaconcursos.com.br\/blog\/\",\"logo\":{\"@type\":\"ImageObject\",\"inLanguage\":\"pt-BR\",\"@id\":\"https:\/\/www.estrategiaconcursos.com.br\/blog\/#\/schema\/logo\/image\/\",\"url\":\"https:\/\/dhg1h5j42swfq.cloudfront.net\/2025\/06\/03203428\/logo_concursos-1.jpg\",\"contentUrl\":\"https:\/\/dhg1h5j42swfq.cloudfront.net\/2025\/06\/03203428\/logo_concursos-1.jpg\",\"width\":230,\"height\":60,\"caption\":\"Estrat\u00e9gia Concursos\"},\"image\":{\"@id\":\"https:\/\/www.estrategiaconcursos.com.br\/blog\/#\/schema\/logo\/image\/\"},\"sameAs\":[\"https:\/\/x.com\/EstratConcursos\"]},{\"@type\":\"Person\",\"@id\":\"https:\/\/www.estrategiaconcursos.com.br\/blog\/#\/schema\/person\/6630f91134abc08115cca62ce6372855\",\"name\":\"Bruna de Andrade Fran\u00e7a\",\"image\":{\"@type\":\"ImageObject\",\"inLanguage\":\"pt-BR\",\"@id\":\"https:\/\/secure.gravatar.com\/avatar\/d6316d36d50cea0fadae28ed3015b8870cc90a2d3d8a95c37b44006af36a00e3?s=96&d=mm&r=g\",\"url\":\"https:\/\/secure.gravatar.com\/avatar\/d6316d36d50cea0fadae28ed3015b8870cc90a2d3d8a95c37b44006af36a00e3?s=96&d=mm&r=g\",\"contentUrl\":\"https:\/\/secure.gravatar.com\/avatar\/d6316d36d50cea0fadae28ed3015b8870cc90a2d3d8a95c37b44006af36a00e3?s=96&d=mm&r=g\",\"caption\":\"Bruna de Andrade Fran\u00e7a\"},\"description\":\"Bruna de Andrade Fran\u00e7a \u00e9 publicit\u00e1ria com p\u00f3s-gradua\u00e7\u00e3o em Marketing &amp; Growth, atuando h\u00e1 mais de 6 anos no universo dos concursos p\u00fablicos. Desde 2021, lidera no Blog do Estrat\u00e9gia Concursos a cobertura editorial especializada em Concursos Policiais (PF, PRF, PM, PC, etc.), al\u00e9m das frentes de concursos banc\u00e1rios, de sa\u00fade e da \u00e1rea legislativa. Especialista em reda\u00e7\u00e3o, com pr\u00e1ticas de SEO e Copywriting, possui tamb\u00e9m atua\u00e7\u00e3o pr\u00e1tica de contato direto com \u00f3rg\u00e3os p\u00fablicos respons\u00e1veis por editais, permitindo acesso antecipado a informa\u00e7\u00f5es, desdobramentos importantes e atualiza\u00e7\u00e3o eficiente dos concursos p\u00fablicos.\",\"url\":\"https:\/\/www.estrategiaconcursos.com.br\/blog\/author\/bruna-andrade\/\"}]}<\/script>\n<!-- \/ Yoast SEO Premium plugin. -->","yoast_head_json":{"title":"Prova C\u00e2mara dos Deputados: o que levar, hor\u00e1rios e instru\u00e7\u00f5es","description":"Vai realizar a prova do concurso C\u00e2mara dos Deputados? Saiba o que levar, hor\u00e1rios e instru\u00e7\u00f5es para aplica\u00e7\u00e3o das provas.","robots":{"index":"index","follow":"follow","max-snippet":"max-snippet:-1","max-image-preview":"max-image-preview:large","max-video-preview":"max-video-preview:-1"},"canonical":"https:\/\/www.estrategiaconcursos.com.br\/blog\/provas-camara-deputados-2026-horarios-instrucoes\/","og_locale":"pt_BR","og_type":"article","og_title":"Prova C\u00e2mara dos Deputados: o que levar, hor\u00e1rios e instru\u00e7\u00f5es","og_description":"Vai realizar a prova do concurso C\u00e2mara dos Deputados? Saiba o que levar, hor\u00e1rios e instru\u00e7\u00f5es para aplica\u00e7\u00e3o das provas.","og_url":"https:\/\/www.estrategiaconcursos.com.br\/blog\/provas-camara-deputados-2026-horarios-instrucoes\/","og_site_name":"Estrat\u00e9gia Concursos","article_published_time":"2026-03-06T13:39:31+00:00","article_modified_time":"2026-03-09T11:33:14+00:00","og_image":[{"width":768,"height":432,"url":"https:\/\/dhg1h5j42swfq.cloudfront.net\/2022\/01\/17085617\/camara_dos_deputados.jpg","type":"image\/jpeg"}],"author":"Bruna de Andrade Fran\u00e7a","twitter_card":"summary_large_image","twitter_creator":"@EstratConcursos","twitter_site":"@EstratConcursos","twitter_misc":{"Escrito por":"Bruna de Andrade Fran\u00e7a","Est. tempo de leitura":"6 minutos"},"schema":{"@context":"https:\/\/schema.org","@graph":[{"@type":"NewsArticle","@id":"https:\/\/www.estrategiaconcursos.com.br\/blog\/provas-camara-deputados-2026-horarios-instrucoes\/#article","isPartOf":{"@id":"https:\/\/www.estrategiaconcursos.com.br\/blog\/provas-camara-deputados-2026-horarios-instrucoes\/"},"author":{"name":"Bruna de Andrade Fran\u00e7a","@id":"https:\/\/www.estrategiaconcursos.com.br\/blog\/#\/schema\/person\/6630f91134abc08115cca62ce6372855"},"headline":"Prova C\u00e2mara dos Deputados: o que levar, hor\u00e1rios e instru\u00e7\u00f5es","datePublished":"2026-03-06T13:39:31+00:00","dateModified":"2026-03-09T11:33:14+00:00","mainEntityOfPage":{"@id":"https:\/\/www.estrategiaconcursos.com.br\/blog\/provas-camara-deputados-2026-horarios-instrucoes\/"},"wordCount":1134,"commentCount":0,"publisher":{"@id":"https:\/\/www.estrategiaconcursos.com.br\/blog\/#organization"},"image":{"@id":"https:\/\/www.estrategiaconcursos.com.br\/blog\/provas-camara-deputados-2026-horarios-instrucoes\/#primaryimage"},"thumbnailUrl":"https:\/\/dhg1h5j42swfq.cloudfront.net\/2022\/01\/17085617\/camara_dos_deputados.jpg","articleSection":["Legislativo","\u00daltimas not\u00edcias"],"inLanguage":"pt-BR","potentialAction":[{"@type":"CommentAction","name":"Comment","target":["https:\/\/www.estrategiaconcursos.com.br\/blog\/provas-camara-deputados-2026-horarios-instrucoes\/#respond"]}],"copyrightYear":"2026","copyrightHolder":{"@id":"https:\/\/www.estrategiaconcursos.com.br\/blog\/#organization"}},{"@type":"WebPage","@id":"https:\/\/www.estrategiaconcursos.com.br\/blog\/provas-camara-deputados-2026-horarios-instrucoes\/","url":"https:\/\/www.estrategiaconcursos.com.br\/blog\/provas-camara-deputados-2026-horarios-instrucoes\/","name":"Prova C\u00e2mara dos Deputados: o que levar, hor\u00e1rios e instru\u00e7\u00f5es","isPartOf":{"@id":"https:\/\/www.estrategiaconcursos.com.br\/blog\/#website"},"primaryImageOfPage":{"@id":"https:\/\/www.estrategiaconcursos.com.br\/blog\/provas-camara-deputados-2026-horarios-instrucoes\/#primaryimage"},"image":{"@id":"https:\/\/www.estrategiaconcursos.com.br\/blog\/provas-camara-deputados-2026-horarios-instrucoes\/#primaryimage"},"thumbnailUrl":"https:\/\/dhg1h5j42swfq.cloudfront.net\/2022\/01\/17085617\/camara_dos_deputados.jpg","datePublished":"2026-03-06T13:39:31+00:00","dateModified":"2026-03-09T11:33:14+00:00","description":"Vai realizar a prova do concurso C\u00e2mara dos Deputados? Saiba o que levar, hor\u00e1rios e instru\u00e7\u00f5es para aplica\u00e7\u00e3o das provas.","breadcrumb":{"@id":"https:\/\/www.estrategiaconcursos.com.br\/blog\/provas-camara-deputados-2026-horarios-instrucoes\/#breadcrumb"},"inLanguage":"pt-BR","potentialAction":[{"@type":"ReadAction","target":["https:\/\/www.estrategiaconcursos.com.br\/blog\/provas-camara-deputados-2026-horarios-instrucoes\/"]}]},{"@type":"ImageObject","inLanguage":"pt-BR","@id":"https:\/\/www.estrategiaconcursos.com.br\/blog\/provas-camara-deputados-2026-horarios-instrucoes\/#primaryimage","url":"https:\/\/dhg1h5j42swfq.cloudfront.net\/2022\/01\/17085617\/camara_dos_deputados.jpg","contentUrl":"https:\/\/dhg1h5j42swfq.cloudfront.net\/2022\/01\/17085617\/camara_dos_deputados.jpg","width":768,"height":432,"caption":"concurso c\u00e2mara dos deputados"},{"@type":"BreadcrumbList","@id":"https:\/\/www.estrategiaconcursos.com.br\/blog\/provas-camara-deputados-2026-horarios-instrucoes\/#breadcrumb","itemListElement":[{"@type":"ListItem","position":1,"name":"In\u00edcio","item":"https:\/\/www.estrategiaconcursos.com.br\/blog\/"},{"@type":"ListItem","position":2,"name":"Prova C\u00e2mara dos Deputados: o que levar, hor\u00e1rios e instru\u00e7\u00f5es"}]},{"@type":"WebSite","@id":"https:\/\/www.estrategiaconcursos.com.br\/blog\/#website","url":"https:\/\/www.estrategiaconcursos.com.br\/blog\/","name":"Estrat\u00e9gia Concursos","description":"O blog da Estrat\u00e9gia Concursos traz not\u00edcias sobre concursos e artigos de professores oferecendo cursos para concursos (pdf + videaulas) no site.","publisher":{"@id":"https:\/\/www.estrategiaconcursos.com.br\/blog\/#organization"},"potentialAction":[{"@type":"SearchAction","target":{"@type":"EntryPoint","urlTemplate":"https:\/\/www.estrategiaconcursos.com.br\/blog\/?s={search_term_string}"},"query-input":{"@type":"PropertyValueSpecification","valueRequired":true,"valueName":"search_term_string"}}],"inLanguage":"pt-BR"},{"@type":"Organization","@id":"https:\/\/www.estrategiaconcursos.com.br\/blog\/#organization","name":"Estrat\u00e9gia Concursos","url":"https:\/\/www.estrategiaconcursos.com.br\/blog\/","logo":{"@type":"ImageObject","inLanguage":"pt-BR","@id":"https:\/\/www.estrategiaconcursos.com.br\/blog\/#\/schema\/logo\/image\/","url":"https:\/\/dhg1h5j42swfq.cloudfront.net\/2025\/06\/03203428\/logo_concursos-1.jpg","contentUrl":"https:\/\/dhg1h5j42swfq.cloudfront.net\/2025\/06\/03203428\/logo_concursos-1.jpg","width":230,"height":60,"caption":"Estrat\u00e9gia Concursos"},"image":{"@id":"https:\/\/www.estrategiaconcursos.com.br\/blog\/#\/schema\/logo\/image\/"},"sameAs":["https:\/\/x.com\/EstratConcursos"]},{"@type":"Person","@id":"https:\/\/www.estrategiaconcursos.com.br\/blog\/#\/schema\/person\/6630f91134abc08115cca62ce6372855","name":"Bruna de Andrade Fran\u00e7a","image":{"@type":"ImageObject","inLanguage":"pt-BR","@id":"https:\/\/secure.gravatar.com\/avatar\/d6316d36d50cea0fadae28ed3015b8870cc90a2d3d8a95c37b44006af36a00e3?s=96&d=mm&r=g","url":"https:\/\/secure.gravatar.com\/avatar\/d6316d36d50cea0fadae28ed3015b8870cc90a2d3d8a95c37b44006af36a00e3?s=96&d=mm&r=g","contentUrl":"https:\/\/secure.gravatar.com\/avatar\/d6316d36d50cea0fadae28ed3015b8870cc90a2d3d8a95c37b44006af36a00e3?s=96&d=mm&r=g","caption":"Bruna de Andrade Fran\u00e7a"},"description":"Bruna de Andrade Fran\u00e7a \u00e9 publicit\u00e1ria com p\u00f3s-gradua\u00e7\u00e3o em Marketing &amp; Growth, atuando h\u00e1 mais de 6 anos no universo dos concursos p\u00fablicos. Desde 2021, lidera no Blog do Estrat\u00e9gia Concursos a cobertura editorial especializada em Concursos Policiais (PF, PRF, PM, PC, etc.), al\u00e9m das frentes de concursos banc\u00e1rios, de sa\u00fade e da \u00e1rea legislativa. Especialista em reda\u00e7\u00e3o, com pr\u00e1ticas de SEO e Copywriting, possui tamb\u00e9m atua\u00e7\u00e3o pr\u00e1tica de contato direto com \u00f3rg\u00e3os p\u00fablicos respons\u00e1veis por editais, permitindo acesso antecipado a informa\u00e7\u00f5es, desdobramentos importantes e atualiza\u00e7\u00e3o eficiente dos concursos p\u00fablicos.","url":"https:\/\/www.estrategiaconcursos.com.br\/blog\/author\/bruna-andrade\/"}]}},"_links":{"self":[{"href":"https:\/\/www.estrategiaconcursos.com.br\/blog\/wp-json\/wp\/v2\/posts\/1726592","targetHints":{"allow":["GET"]}}],"collection":[{"href":"https:\/\/www.estrategiaconcursos.com.br\/blog\/wp-json\/wp\/v2\/posts"}],"about":[{"href":"https:\/\/www.estrategiaconcursos.com.br\/blog\/wp-json\/wp\/v2\/types\/post"}],"author":[{"embeddable":true,"href":"https:\/\/www.estrategiaconcursos.com.br\/blog\/wp-json\/wp\/v2\/users\/1206"}],"replies":[{"embeddable":true,"href":"https:\/\/www.estrategiaconcursos.com.br\/blog\/wp-json\/wp\/v2\/comments?post=1726592"}],"version-history":[{"count":8,"href":"https:\/\/www.estrategiaconcursos.com.br\/blog\/wp-json\/wp\/v2\/posts\/1726592\/revisions"}],"predecessor-version":[{"id":1727019,"href":"https:\/\/www.estrategiaconcursos.com.br\/blog\/wp-json\/wp\/v2\/posts\/1726592\/revisions\/1727019"}],"wp:featuredmedia":[{"embeddable":true,"href":"https:\/\/www.estrategiaconcursos.com.br\/blog\/wp-json\/wp\/v2\/media\/948559"}],"wp:attachment":[{"href":"https:\/\/www.estrategiaconcursos.com.br\/blog\/wp-json\/wp\/v2\/media?parent=1726592"}],"wp:term":[{"taxonomy":"category","embeddable":true,"href":"https:\/\/www.estrategiaconcursos.com.br\/blog\/wp-json\/wp\/v2\/categories?post=1726592"},{"taxonomy":"post_tag","embeddable":true,"href":"https:\/\/www.estrategiaconcursos.com.br\/blog\/wp-json\/wp\/v2\/tags?post=1726592"},{"taxonomy":"tax_estado","embeddable":true,"href":"https:\/\/www.estrategiaconcursos.com.br\/blog\/wp-json\/wp\/v2\/tax_estado?post=1726592"}],"curies":[{"name":"wp","href":"https:\/\/api.w.org\/{rel}","templated":true}]}}