{"id":1726377,"date":"2026-03-18T08:26:00","date_gmt":"2026-03-18T11:26:00","guid":{"rendered":"https:\/\/www.estrategiaconcursos.com.br\/blog\/?p=1726377"},"modified":"2026-03-06T20:40:52","modified_gmt":"2026-03-06T23:40:52","slug":"organizacao-administrativa-v2","status":"publish","type":"post","link":"https:\/\/www.estrategiaconcursos.com.br\/blog\/organizacao-administrativa-v2\/","title":{"rendered":"Organiza\u00e7\u00e3o administrativa: saiba tudo sobre o tema"},"content":{"rendered":"\n<p>Ol\u00e1, pessoal! Tudo bem? Hoje n\u00f3s vamos trazer para voc\u00eas um apanhado geral sobre <strong>organiza\u00e7\u00e3o administrativa<\/strong>.<\/p>\n\n\n\n<p>O assunto <strong>organiza\u00e7\u00e3o administrativa<\/strong> \u00e9 certamente um dos <strong>mais cobrados em provas de concurso<\/strong> e, por isso, \u00e9 muito importante estar sempre afiado nos principais aspectos dessa mat\u00e9ria.<\/p>\n\n\n\n<p>Sem mais delongas, vamos ao trabalho!<\/p>\n\n\n\n<p><\/p>\n\n\n\n<h2 class=\"wp-block-heading\" id=\"h-conceito-e-fundamento-legal-de-organizacao-administrativa\" style=\"font-size:clamp(18.959px, 1.185rem + ((1vw - 3.2px) * 1.082), 30px);\"><strong>Conceito e fundamento legal de organiza\u00e7\u00e3o administrativa<\/strong><\/h2>\n\n\n\n<p>A organiza\u00e7\u00e3o administrativa consiste na<strong> forma como se estrutura o aparelho do Estado<\/strong> para o exerc\u00edcio da fun\u00e7\u00e3o administrativa.&nbsp;<\/p>\n\n\n\n<p>O <strong>Decreto-lei n\u00ba 200\/1967<\/strong> se incumbiu de dispor sobre a organiza\u00e7\u00e3o administrativa, segmentando a Administra\u00e7\u00e3o P\u00fablica em dois grandes grupos, a saber:<\/p>\n\n\n\n<p><strong>Administra\u00e7\u00e3o direta<\/strong> &#8211; entes federativos (Uni\u00e3o, Estados, Distrito Federal e Munic\u00edpios); e<\/p>\n\n\n\n<p><strong>Administra\u00e7\u00e3o<\/strong> <strong>indireta<\/strong> &#8211; autarquias, funda\u00e7\u00f5es p\u00fablicas, empresas p\u00fablicas e sociedades de economia mista.<\/p>\n\n\n\n<p><\/p>\n\n\n\n<p style=\"font-size:clamp(16.293px, 1.018rem + ((1vw - 3.2px) * 0.854), 25px);\"><strong>Concentra\u00e7\u00e3o e desconcentra\u00e7\u00e3o<\/strong><strong>&nbsp;<\/strong><\/p>\n\n\n\n<p>A <strong>concentra\u00e7\u00e3o <\/strong>\u00e9 a forma de execu\u00e7\u00e3o da fun\u00e7\u00e3o administrativa diretamente pelos \u00f3rg\u00e3os estatais, <strong>sem divis\u00f5es internas<\/strong>.<\/p>\n\n\n\n<p>J\u00e1 a <strong>desconcentra\u00e7\u00e3o <\/strong>consiste na <strong>distribui\u00e7\u00e3o interna de compet\u00eancias<\/strong> entre os \u00f3rg\u00e3os de uma mesma pessoa jur\u00eddica.<\/p>\n\n\n\n<p><\/p>\n\n\n\n<p style=\"font-size:clamp(16.293px, 1.018rem + ((1vw - 3.2px) * 0.854), 25px);\"><strong>Esp\u00e9cies de desconcentra\u00e7\u00e3o<\/strong><\/p>\n\n\n\n<ul class=\"wp-block-list\">\n<li><strong>material ou tem\u00e1tica<\/strong>: Distribui compet\u00eancias por temas. Ex.: Minist\u00e9rio da Sa\u00fade, Minist\u00e9rio das Rela\u00e7\u00f5es Exteriores, etc.<\/li>\n<\/ul>\n\n\n\n<ul class=\"wp-block-list\">\n<li><strong>hier\u00e1rquica ou funcional<\/strong>: Distribui compet\u00eancias mediante um escalonamento vertical (hierarquia). Ex.: Cria\u00e7\u00e3o de uma divis\u00e3o de pagamento dentro da Diretoria de Pessoal de um \u00f3rg\u00e3o p\u00fablico.<\/li>\n<\/ul>\n\n\n\n<ul class=\"wp-block-list\">\n<li><strong>territorial ou geogr\u00e1fica<\/strong>: Distribui compet\u00eancias com base em limites territoriais. Ex.: Delegacias de pol\u00edcia.<\/li>\n<\/ul>\n\n\n\n<p><\/p>\n\n\n\n<p style=\"font-size:clamp(16.293px, 1.018rem + ((1vw - 3.2px) * 0.854), 25px);\"><strong>Teorias do \u00f3rg\u00e3o p\u00fablico<\/strong><\/p>\n\n\n\n<p><strong>Teoria da identidade<\/strong>: Agente e \u00f3rg\u00e3o se confundem.<\/p>\n\n\n\n<p><strong>Teoria da representa\u00e7\u00e3o<\/strong>: O Estado \u00e9 um incapaz, e o agente p\u00fablico, seu representante ou curador.<\/p>\n\n\n\n<p><strong>Teoria do mandato<\/strong>: Estado e agente p\u00fablico celebram contrato de representa\u00e7\u00e3o, sendo o agente o mandat\u00e1rio do Estado.<\/p>\n\n\n\n<p><strong>Teoria do \u00f3rg\u00e3o<\/strong>: \u00c9 a adotada no Brasil. Ela enuncia que os atos dos agentes p\u00fablicos s\u00e3o imputados \u00e0 pessoa jur\u00eddica aos quais est\u00e3o vinculados (teoria da imputa\u00e7\u00e3o volitiva).<\/p>\n\n\n\n<p><\/p>\n\n\n\n<p style=\"font-size:clamp(16.293px, 1.018rem + ((1vw - 3.2px) * 0.854), 25px);\"><strong>Classifica\u00e7\u00e3o dos \u00f3rg\u00e3os p\u00fablicos<\/strong><\/p>\n\n\n\n<p><\/p>\n\n\n\n<ul class=\"wp-block-list\">\n<li><strong>Quanto \u00e0 hierarquia<\/strong><\/li>\n<\/ul>\n\n\n\n<p><strong>Independentes<\/strong>: Pertencem \u00e0 c\u00fapula do Estado e n\u00e3o se subordinam a nenhum outro. Ex.: Congresso Nacional.<\/p>\n\n\n\n<p><strong>Aut\u00f4nomos<\/strong>: Est\u00e3o subordinados aos \u00f3rg\u00e3os independentes e possuem atribui\u00e7\u00f5es diretivas, com autonomia administrativa, financeira e t\u00e9cnica. Ex.: Minist\u00e9rios e Secretarias.<\/p>\n\n\n\n<p><strong>Superiores<\/strong>: S\u00e3o dotados de poder de decis\u00e3o, embora n\u00e3o possuam autonomia nem independ\u00eancia. Ex.: Gabinetes, Superintend\u00eancias, Departamento de Pol\u00edcia Federal e Secretaria da Receita Federal.<\/p>\n\n\n\n<p><strong>Subalternos<\/strong>: S\u00e3o meros executores de servi\u00e7os. Ex.: Reparti\u00e7\u00f5es comuns.<\/p>\n\n\n\n<p><\/p>\n\n\n\n<ul class=\"wp-block-list\">\n<li><strong>Quanto \u00e0 estrutura<\/strong><\/li>\n<\/ul>\n\n\n\n<p><strong>Simples<\/strong>: Possuem um \u00fanico centro de compet\u00eancias. Ex.: Presid\u00eancia da Rep\u00fablica.<\/p>\n\n\n\n<p><strong>Compostos<\/strong>: S\u00e3o formados por dois ou mais \u00f3rg\u00e3os menores. Ex.: Congresso Nacional (composto por C\u00e2mara e Senado).<\/p>\n\n\n\n<p><\/p>\n\n\n\n<ul class=\"wp-block-list\">\n<li><strong>Quanto \u00e0 atua\u00e7\u00e3o funcional<\/strong><\/li>\n<\/ul>\n\n\n\n<p><strong>Singulares<\/strong>: As decis\u00f5es s\u00e3o tomadas por um \u00fanico agente. Ex.: Prefeitura Municipal.<\/p>\n\n\n\n<p><strong>Colegiados<\/strong>: As decis\u00f5es s\u00e3o tomadas por um \u00f3rg\u00e3o colegiado. Ex.: Senado Federal.<\/p>\n\n\n\n<p><\/p>\n\n\n\n<ul class=\"wp-block-list\">\n<li><strong>Quanto ao \u00e2mbito de atua\u00e7\u00e3o<\/strong><\/li>\n<\/ul>\n\n\n\n<p><strong>Centrais<\/strong>: Desempenham suas atribui\u00e7\u00f5es em todo o seu territ\u00f3rio. Ex.: Minist\u00e9rios e Secretarias (estaduais, municipais e distritais).<\/p>\n\n\n\n<p><strong>Locais<\/strong>: Suas atribui\u00e7\u00f5es s\u00e3o restritas \u00e0 localidade em que se situam. Ex.: Delegacias de pol\u00edcia.<\/p>\n\n\n\n<p><\/p>\n\n\n\n<p style=\"font-size:clamp(18.959px, 1.185rem + ((1vw - 3.2px) * 1.082), 30px);\"><strong>Centraliza\u00e7\u00e3o e descentraliza\u00e7\u00e3o<\/strong><\/p>\n\n\n\n<p>A <strong>centraliza\u00e7\u00e3o <\/strong>consiste na execu\u00e7\u00e3o das atividades administrativas diretamente pela Uni\u00e3o, Estados, Distrito Federal e Munic\u00edpios.<\/p>\n\n\n\n<p>Por outro lado, a descentraliza\u00e7\u00e3o pressup\u00f5e a exist\u00eancia de pelo menos duas pessoas jur\u00eddicas entre as quais s\u00e3o distribu\u00eddas compet\u00eancias.<\/p>\n\n\n\n<p><\/p>\n\n\n\n<p style=\"font-size:clamp(16.293px, 1.018rem + ((1vw - 3.2px) * 0.854), 25px);\"><strong>Esp\u00e9cies de descentraliza\u00e7\u00e3o<\/strong><\/p>\n\n\n\n<ul class=\"wp-block-list\">\n<li><strong>Territorial ou geogr\u00e1fica<\/strong>: Consiste na cria\u00e7\u00e3o de territ\u00f3rios federais, considerados uma esp\u00e9cie de autarquia para parte da doutrina.<\/li>\n<\/ul>\n\n\n\n<ul class=\"wp-block-list\">\n<li><strong>Por outorga, t\u00e9cnica, funcional ou por servi\u00e7o<\/strong>: Cria pessoa jur\u00eddica mediante lei para exercer a titularidade e o exerc\u00edcio de determinada atividade ou servi\u00e7o. Ex.: Entidades da administra\u00e7\u00e3o indireta (autarquias, funda\u00e7\u00f5es p\u00fablicas e empresas estatais).<\/li>\n<\/ul>\n\n\n\n<ul class=\"wp-block-list\">\n<li><strong>Por delega\u00e7\u00e3o ou colabora\u00e7\u00e3o<\/strong>: Transfere mediante contrato apenas a execu\u00e7\u00e3o de determinado servi\u00e7o a pessoa jur\u00eddica do setor privado. Ex.: Concess\u00e3o, permiss\u00e3o e autoriza\u00e7\u00e3o de servi\u00e7o p\u00fablico.<\/li>\n<\/ul>\n\n\n\n<p><\/p>\n\n\n\n<p style=\"font-size:clamp(16.293px, 1.018rem + ((1vw - 3.2px) * 0.854), 25px);\"><strong>Entidades da administra\u00e7\u00e3o indireta<\/strong><\/p>\n\n\n\n<p><strong>Autarquia<\/strong>: Pessoa jur\u00eddica com personalidade jur\u00eddica de direito p\u00fablico, criada por lei, para o exerc\u00edcio de atividades t\u00edpicas de Estado, dotada de autonomia administrativa e financeira. Ex.: INSS, Inmetro, Ag\u00eancias Reguladoras etc.&nbsp;<\/p>\n\n\n\n<p><strong>Funda\u00e7\u00e3o P\u00fablica<\/strong>: Existem dois tipos de funda\u00e7\u00e3o p\u00fablica &#8211; a de direito p\u00fablico e a de direito privado. Ambas constituem patrim\u00f4nio personalizado a ser utilizado em uma finalidade p\u00fablica, geralmente de cunho social.&nbsp;<\/p>\n\n\n\n<p>A diferen\u00e7a entre uma e outra reside <strong>na forma como foram criadas<\/strong>, da op\u00e7\u00e3o legal pelo <strong>regime jur\u00eddico<\/strong> a que se submetem, da <strong>titularidade de poderes<\/strong> e tamb\u00e9m da <strong>natureza <\/strong>dos servi\u00e7os por elas prestados (STF, ADI 191\/RS, Tribunal Pleno, 29.11.2007).<\/p>\n\n\n\n<p>Nesse sentido, <strong>a funda\u00e7\u00e3o p\u00fablica de direito p\u00fablico tem natureza aut\u00e1rquica, estando sujeita \u00e0s mesmas prerrogativas e sujei\u00e7\u00f5es das autarquias<\/strong>, ao passo que a funda\u00e7\u00e3o privada est\u00e1 sujeita a um regime semelhante ao das empresas estatais.<\/p>\n\n\n\n<p><strong>Empresas estatais<\/strong>: As empresas estatais s\u00e3o pessoas jur\u00eddicas de direito privado, cuja cria\u00e7\u00e3o \u00e9 <strong>autorizada<\/strong> por lei para o exerc\u00edcio de servi\u00e7os p\u00fablicos e atividades econ\u00f4micas. S\u00e3o empresas estatais as sociedades de economia mista e as empresas p\u00fablicas.<\/p>\n\n\n\n<p><strong>A principal diferen\u00e7a entre elas \u00e9 a composi\u00e7\u00e3o do seu capital<\/strong>. Nesse sentido, enquanto nas sociedades de economia mista parte do capital&nbsp; \u00e9 de origem privada e parte (maioria) \u00e9 de origem p\u00fablica, as empresas p\u00fablicas possuem capital 100% p\u00fablico.<\/p>\n\n\n\n<p>S\u00e3o exemplos de empresas estatais, a Petrobr\u00e1s, Banco do Brasil, Caixa Econ\u00f4mica Federal, Serpro, Conab etc.<\/p>\n\n\n\n<p><\/p>\n\n\n\n<p>Ficamos por aqui\u2026<\/p>\n\n\n\n<p>Se voc\u00ea entende que vale a pena investir na carreira p\u00fablica, estude com nossos <a href=\"https:\/\/www.estrategiaconcursos.com.br\/cursos\/concurso\/\">materiais em pdf e em v\u00eddeo aulas<\/a>, e aumente as suas chances de aprova\u00e7\u00e3o.<\/p>\n\n\n\n<p><\/p>\n\n\n\n<p>Bons estudos e at\u00e9 a pr\u00f3xima!<\/p>\n\n\n\n<p>Nilson Assis<\/p>\n\n\n\n<p>Analista Legislativo do Senado Federal<\/p>\n\n\n\n<p>@nsassis.concursos<\/p>\n\n\n\n<ul class=\"wp-block-list\">\n<li><a href=\"https:\/\/www.estrategiaconcursos.com.br\/blog\/concursos-2026\/\">Concursos 2026<\/a><\/li>\n\n\n\n<li><a href=\"https:\/\/www.estrategiaconcursos.com.br\/blog\/concursos-2025\/\">Concursos 2025<\/a><\/li>\n\n\n\n<li><a href=\"https:\/\/www.estrategiaconcursos.com.br\/blog\/concursos-federais-2023\/\">Concursos federais<\/a><\/li>\n\n\n\n<li><a href=\"https:\/\/cj.estrategia.com\/portal\/concursos-abertos-carreiras-juridicas\/\">Concursos abertos Carreiras Jur\u00eddicas<\/a><\/li>\n\n\n\n<li><a href=\"https:\/\/www.estrategiaconcursos.com.br\/blog\/concursos-abertos\/\">Concursos abertos<\/a><\/li>\n<\/ul>\n\n\n\n<p><\/p>\n\n\n\n<p style=\"font-size:clamp(18.959px, 1.185rem + ((1vw - 3.2px) * 1.082), 30px);\"><strong>Refer\u00eancias:<\/strong><\/p>\n\n\n\n<p>CAMPOS, Ana C. <strong>Direito Administrativo Facilitado <\/strong>&#8211; 3\u00aa Edi\u00e7\u00e3o 2023. 3. ed. Rio de Janeiro: M\u00e9todo, 2023. E-book. ISBN 9786559648696. Dispon\u00edvel em: https:\/\/app.minhabiblioteca.com.br\/reader\/books\/9786559648696\/. Acesso em: 04 mar. 2026.<\/p>\n\n\n\n<p>MAZZA, Alexandre. <strong>Manual de Direito Administrativo. <\/strong>13. ed. Rio de Janeiro: Saraiva Jur, 2023. E-book. ISBN 9786553627055. Dispon\u00edvel em: https:\/\/app.minhabiblioteca.com.br\/reader\/books\/9786553627055\/. Acesso em: 04 mar. 2026.<\/p>\n","protected":false},"excerpt":{"rendered":"<p>Ol\u00e1, pessoal! Tudo bem? Hoje n\u00f3s vamos trazer para voc\u00eas um apanhado geral sobre organiza\u00e7\u00e3o administrativa. O assunto organiza\u00e7\u00e3o administrativa \u00e9 certamente um dos mais cobrados em provas de concurso e, por isso, \u00e9 muito importante estar sempre afiado nos principais aspectos dessa mat\u00e9ria. Sem mais delongas, vamos ao trabalho! Conceito e fundamento legal de [&hellip;]<\/p>\n","protected":false},"author":2894,"featured_media":1338977,"comment_status":"open","ping_status":"closed","sticky":false,"template":"","format":"standard","meta":{"post_tipo":"article","footnotes":""},"categories":[1],"tags":[],"tax_estado":[],"class_list":["post-1726377","post","type-post","status-publish","format-standard","has-post-thumbnail","hentry","category-cursos-e-concursos"],"acf":[],"yoast_head":"<!-- This site is optimized with the Yoast SEO Premium plugin v27.2 (Yoast SEO v27.2) - https:\/\/yoast.com\/product\/yoast-seo-premium-wordpress\/ -->\n<title>Organiza\u00e7\u00e3o administrativa: saiba tudo sobre o tema<\/title>\n<meta name=\"description\" content=\"Ol\u00e1, pessoal! Tudo bem? Hoje n\u00f3s vamos trazer para voc\u00eas um apanhado geral sobre organiza\u00e7\u00e3o administrativa.\" \/>\n<meta name=\"robots\" content=\"index, follow, max-snippet:-1, max-image-preview:large, max-video-preview:-1\" \/>\n<link rel=\"canonical\" href=\"https:\/\/www.estrategiaconcursos.com.br\/blog\/organizacao-administrativa-v2\/\" \/>\n<meta property=\"og:locale\" content=\"pt_BR\" \/>\n<meta property=\"og:type\" content=\"article\" \/>\n<meta property=\"og:title\" content=\"Organiza\u00e7\u00e3o administrativa: saiba tudo sobre o tema\" \/>\n<meta property=\"og:description\" content=\"Ol\u00e1, pessoal! Tudo bem? Hoje n\u00f3s vamos trazer para voc\u00eas um apanhado geral sobre organiza\u00e7\u00e3o administrativa.\" \/>\n<meta property=\"og:url\" content=\"https:\/\/www.estrategiaconcursos.com.br\/blog\/organizacao-administrativa-v2\/\" \/>\n<meta property=\"og:site_name\" content=\"Estrat\u00e9gia Concursos\" \/>\n<meta property=\"article:published_time\" content=\"2026-03-18T11:26:00+00:00\" \/>\n<meta property=\"og:image\" content=\"https:\/\/dhg1h5j42swfq.cloudfront.net\/2024\/01\/20143220\/7320-scaled.jpg\" \/>\n\t<meta property=\"og:image:width\" content=\"2560\" \/>\n\t<meta property=\"og:image:height\" content=\"1932\" \/>\n\t<meta property=\"og:image:type\" content=\"image\/jpeg\" \/>\n<meta name=\"author\" content=\"Nilson Silva de Assis\" \/>\n<meta name=\"twitter:card\" content=\"summary_large_image\" \/>\n<meta name=\"twitter:creator\" content=\"@EstratConcursos\" \/>\n<meta name=\"twitter:site\" content=\"@EstratConcursos\" \/>\n<meta name=\"twitter:label1\" content=\"Escrito por\" \/>\n\t<meta name=\"twitter:data1\" content=\"Nilson Silva de Assis\" \/>\n\t<meta name=\"twitter:label2\" content=\"Est. tempo de leitura\" \/>\n\t<meta name=\"twitter:data2\" content=\"6 minutos\" \/>\n<script type=\"application\/ld+json\" class=\"yoast-schema-graph\">{\"@context\":\"https:\/\/schema.org\",\"@graph\":[{\"@type\":\"NewsArticle\",\"@id\":\"https:\/\/www.estrategiaconcursos.com.br\/blog\/organizacao-administrativa-v2\/#article\",\"isPartOf\":{\"@id\":\"https:\/\/www.estrategiaconcursos.com.br\/blog\/organizacao-administrativa-v2\/\"},\"author\":{\"name\":\"Nilson Silva de Assis\",\"@id\":\"https:\/\/www.estrategiaconcursos.com.br\/blog\/#\/schema\/person\/2602628e49ec93d5f782b149f91603ab\"},\"headline\":\"Organiza\u00e7\u00e3o administrativa: saiba tudo sobre o tema\",\"datePublished\":\"2026-03-18T11:26:00+00:00\",\"mainEntityOfPage\":{\"@id\":\"https:\/\/www.estrategiaconcursos.com.br\/blog\/organizacao-administrativa-v2\/\"},\"wordCount\":1124,\"commentCount\":0,\"publisher\":{\"@id\":\"https:\/\/www.estrategiaconcursos.com.br\/blog\/#organization\"},\"image\":{\"@id\":\"https:\/\/www.estrategiaconcursos.com.br\/blog\/organizacao-administrativa-v2\/#primaryimage\"},\"thumbnailUrl\":\"https:\/\/dhg1h5j42swfq.cloudfront.net\/2024\/01\/20143220\/7320-scaled.jpg\",\"articleSection\":[\"Concursos P\u00fablicos\"],\"inLanguage\":\"pt-BR\",\"potentialAction\":[{\"@type\":\"CommentAction\",\"name\":\"Comment\",\"target\":[\"https:\/\/www.estrategiaconcursos.com.br\/blog\/organizacao-administrativa-v2\/#respond\"]}],\"copyrightYear\":\"2026\",\"copyrightHolder\":{\"@id\":\"https:\/\/www.estrategiaconcursos.com.br\/blog\/#organization\"}},{\"@type\":\"WebPage\",\"@id\":\"https:\/\/www.estrategiaconcursos.com.br\/blog\/organizacao-administrativa-v2\/\",\"url\":\"https:\/\/www.estrategiaconcursos.com.br\/blog\/organizacao-administrativa-v2\/\",\"name\":\"Organiza\u00e7\u00e3o administrativa: saiba tudo sobre o tema\",\"isPartOf\":{\"@id\":\"https:\/\/www.estrategiaconcursos.com.br\/blog\/#website\"},\"primaryImageOfPage\":{\"@id\":\"https:\/\/www.estrategiaconcursos.com.br\/blog\/organizacao-administrativa-v2\/#primaryimage\"},\"image\":{\"@id\":\"https:\/\/www.estrategiaconcursos.com.br\/blog\/organizacao-administrativa-v2\/#primaryimage\"},\"thumbnailUrl\":\"https:\/\/dhg1h5j42swfq.cloudfront.net\/2024\/01\/20143220\/7320-scaled.jpg\",\"datePublished\":\"2026-03-18T11:26:00+00:00\",\"description\":\"Ol\u00e1, pessoal! Tudo bem? Hoje n\u00f3s vamos trazer para voc\u00eas um apanhado geral sobre organiza\u00e7\u00e3o administrativa.\",\"breadcrumb\":{\"@id\":\"https:\/\/www.estrategiaconcursos.com.br\/blog\/organizacao-administrativa-v2\/#breadcrumb\"},\"inLanguage\":\"pt-BR\",\"potentialAction\":[{\"@type\":\"ReadAction\",\"target\":[\"https:\/\/www.estrategiaconcursos.com.br\/blog\/organizacao-administrativa-v2\/\"]}]},{\"@type\":\"ImageObject\",\"inLanguage\":\"pt-BR\",\"@id\":\"https:\/\/www.estrategiaconcursos.com.br\/blog\/organizacao-administrativa-v2\/#primaryimage\",\"url\":\"https:\/\/dhg1h5j42swfq.cloudfront.net\/2024\/01\/20143220\/7320-scaled.jpg\",\"contentUrl\":\"https:\/\/dhg1h5j42swfq.cloudfront.net\/2024\/01\/20143220\/7320-scaled.jpg\",\"width\":2560,\"height\":1932,\"caption\":\"organiza\u00e7\u00e3o administrativa\"},{\"@type\":\"BreadcrumbList\",\"@id\":\"https:\/\/www.estrategiaconcursos.com.br\/blog\/organizacao-administrativa-v2\/#breadcrumb\",\"itemListElement\":[{\"@type\":\"ListItem\",\"position\":1,\"name\":\"In\u00edcio\",\"item\":\"https:\/\/www.estrategiaconcursos.com.br\/blog\/\"},{\"@type\":\"ListItem\",\"position\":2,\"name\":\"Organiza\u00e7\u00e3o administrativa: saiba tudo sobre o tema\"}]},{\"@type\":\"WebSite\",\"@id\":\"https:\/\/www.estrategiaconcursos.com.br\/blog\/#website\",\"url\":\"https:\/\/www.estrategiaconcursos.com.br\/blog\/\",\"name\":\"Estrat\u00e9gia Concursos\",\"description\":\"O blog da Estrat\u00e9gia Concursos traz not\u00edcias sobre concursos e artigos de professores oferecendo cursos para concursos (pdf + videaulas) no site.\",\"publisher\":{\"@id\":\"https:\/\/www.estrategiaconcursos.com.br\/blog\/#organization\"},\"potentialAction\":[{\"@type\":\"SearchAction\",\"target\":{\"@type\":\"EntryPoint\",\"urlTemplate\":\"https:\/\/www.estrategiaconcursos.com.br\/blog\/?s={search_term_string}\"},\"query-input\":{\"@type\":\"PropertyValueSpecification\",\"valueRequired\":true,\"valueName\":\"search_term_string\"}}],\"inLanguage\":\"pt-BR\"},{\"@type\":\"Organization\",\"@id\":\"https:\/\/www.estrategiaconcursos.com.br\/blog\/#organization\",\"name\":\"Estrat\u00e9gia Concursos\",\"url\":\"https:\/\/www.estrategiaconcursos.com.br\/blog\/\",\"logo\":{\"@type\":\"ImageObject\",\"inLanguage\":\"pt-BR\",\"@id\":\"https:\/\/www.estrategiaconcursos.com.br\/blog\/#\/schema\/logo\/image\/\",\"url\":\"https:\/\/dhg1h5j42swfq.cloudfront.net\/2025\/06\/03203428\/logo_concursos-1.jpg\",\"contentUrl\":\"https:\/\/dhg1h5j42swfq.cloudfront.net\/2025\/06\/03203428\/logo_concursos-1.jpg\",\"width\":230,\"height\":60,\"caption\":\"Estrat\u00e9gia Concursos\"},\"image\":{\"@id\":\"https:\/\/www.estrategiaconcursos.com.br\/blog\/#\/schema\/logo\/image\/\"},\"sameAs\":[\"https:\/\/x.com\/EstratConcursos\"]},{\"@type\":\"Person\",\"@id\":\"https:\/\/www.estrategiaconcursos.com.br\/blog\/#\/schema\/person\/2602628e49ec93d5f782b149f91603ab\",\"name\":\"Nilson Silva de Assis\",\"image\":{\"@type\":\"ImageObject\",\"inLanguage\":\"pt-BR\",\"@id\":\"https:\/\/secure.gravatar.com\/avatar\/cdec26ae7042f64d4ddcb70bcf78a4fcbc02661bfa30a7ce3d8bf515b625a75a?s=96&d=mm&r=g\",\"url\":\"https:\/\/secure.gravatar.com\/avatar\/cdec26ae7042f64d4ddcb70bcf78a4fcbc02661bfa30a7ce3d8bf515b625a75a?s=96&d=mm&r=g\",\"contentUrl\":\"https:\/\/secure.gravatar.com\/avatar\/cdec26ae7042f64d4ddcb70bcf78a4fcbc02661bfa30a7ce3d8bf515b625a75a?s=96&d=mm&r=g\",\"caption\":\"Nilson Silva de Assis\"},\"description\":\"Atualmente \u00e9 Analista Legislativo do Senado Federal e Professor do Estrat\u00e9gia Concursos. Suas principais aprova\u00e7\u00f5es: Analista Legislativo do Senado Federal; Auditor Federal de Finan\u00e7as e Controle da CGU; Auditor-Fiscal da Receita Estadual da SEFAZ ES; T\u00e9cnico Fazend\u00e1rio do ISS Manaus; Assistente Executivo em Metrologia e Qualidade do Inmetro; Agente Fazend\u00e1rio do ISS Niter\u00f3i\/RJ; Assistente Administrativo da Prefeitura do Rio (RioSa\u00fade); Assistente Administrativo da Secretaria de Administra\u00e7\u00e3o do Munic\u00edpio do RJ.\",\"sameAs\":[\"https:\/\/www.instagram.com\/nilsonassis.concursos\/\",\"kedin.com\/in\/nilson-assis-954132295\/\"],\"url\":\"https:\/\/www.estrategiaconcursos.com.br\/blog\/author\/nilson-sdeassisgmail-com\/\"}]}<\/script>\n<!-- \/ Yoast SEO Premium plugin. -->","yoast_head_json":{"title":"Organiza\u00e7\u00e3o administrativa: saiba tudo sobre o tema","description":"Ol\u00e1, pessoal! Tudo bem? Hoje n\u00f3s vamos trazer para voc\u00eas um apanhado geral sobre organiza\u00e7\u00e3o administrativa.","robots":{"index":"index","follow":"follow","max-snippet":"max-snippet:-1","max-image-preview":"max-image-preview:large","max-video-preview":"max-video-preview:-1"},"canonical":"https:\/\/www.estrategiaconcursos.com.br\/blog\/organizacao-administrativa-v2\/","og_locale":"pt_BR","og_type":"article","og_title":"Organiza\u00e7\u00e3o administrativa: saiba tudo sobre o tema","og_description":"Ol\u00e1, pessoal! Tudo bem? Hoje n\u00f3s vamos trazer para voc\u00eas um apanhado geral sobre organiza\u00e7\u00e3o administrativa.","og_url":"https:\/\/www.estrategiaconcursos.com.br\/blog\/organizacao-administrativa-v2\/","og_site_name":"Estrat\u00e9gia Concursos","article_published_time":"2026-03-18T11:26:00+00:00","og_image":[{"width":2560,"height":1932,"url":"https:\/\/dhg1h5j42swfq.cloudfront.net\/2024\/01\/20143220\/7320-scaled.jpg","type":"image\/jpeg"}],"author":"Nilson Silva de Assis","twitter_card":"summary_large_image","twitter_creator":"@EstratConcursos","twitter_site":"@EstratConcursos","twitter_misc":{"Escrito por":"Nilson Silva de Assis","Est. tempo de leitura":"6 minutos"},"schema":{"@context":"https:\/\/schema.org","@graph":[{"@type":"NewsArticle","@id":"https:\/\/www.estrategiaconcursos.com.br\/blog\/organizacao-administrativa-v2\/#article","isPartOf":{"@id":"https:\/\/www.estrategiaconcursos.com.br\/blog\/organizacao-administrativa-v2\/"},"author":{"name":"Nilson Silva de Assis","@id":"https:\/\/www.estrategiaconcursos.com.br\/blog\/#\/schema\/person\/2602628e49ec93d5f782b149f91603ab"},"headline":"Organiza\u00e7\u00e3o administrativa: saiba tudo sobre o tema","datePublished":"2026-03-18T11:26:00+00:00","mainEntityOfPage":{"@id":"https:\/\/www.estrategiaconcursos.com.br\/blog\/organizacao-administrativa-v2\/"},"wordCount":1124,"commentCount":0,"publisher":{"@id":"https:\/\/www.estrategiaconcursos.com.br\/blog\/#organization"},"image":{"@id":"https:\/\/www.estrategiaconcursos.com.br\/blog\/organizacao-administrativa-v2\/#primaryimage"},"thumbnailUrl":"https:\/\/dhg1h5j42swfq.cloudfront.net\/2024\/01\/20143220\/7320-scaled.jpg","articleSection":["Concursos P\u00fablicos"],"inLanguage":"pt-BR","potentialAction":[{"@type":"CommentAction","name":"Comment","target":["https:\/\/www.estrategiaconcursos.com.br\/blog\/organizacao-administrativa-v2\/#respond"]}],"copyrightYear":"2026","copyrightHolder":{"@id":"https:\/\/www.estrategiaconcursos.com.br\/blog\/#organization"}},{"@type":"WebPage","@id":"https:\/\/www.estrategiaconcursos.com.br\/blog\/organizacao-administrativa-v2\/","url":"https:\/\/www.estrategiaconcursos.com.br\/blog\/organizacao-administrativa-v2\/","name":"Organiza\u00e7\u00e3o administrativa: saiba tudo sobre o tema","isPartOf":{"@id":"https:\/\/www.estrategiaconcursos.com.br\/blog\/#website"},"primaryImageOfPage":{"@id":"https:\/\/www.estrategiaconcursos.com.br\/blog\/organizacao-administrativa-v2\/#primaryimage"},"image":{"@id":"https:\/\/www.estrategiaconcursos.com.br\/blog\/organizacao-administrativa-v2\/#primaryimage"},"thumbnailUrl":"https:\/\/dhg1h5j42swfq.cloudfront.net\/2024\/01\/20143220\/7320-scaled.jpg","datePublished":"2026-03-18T11:26:00+00:00","description":"Ol\u00e1, pessoal! Tudo bem? Hoje n\u00f3s vamos trazer para voc\u00eas um apanhado geral sobre organiza\u00e7\u00e3o administrativa.","breadcrumb":{"@id":"https:\/\/www.estrategiaconcursos.com.br\/blog\/organizacao-administrativa-v2\/#breadcrumb"},"inLanguage":"pt-BR","potentialAction":[{"@type":"ReadAction","target":["https:\/\/www.estrategiaconcursos.com.br\/blog\/organizacao-administrativa-v2\/"]}]},{"@type":"ImageObject","inLanguage":"pt-BR","@id":"https:\/\/www.estrategiaconcursos.com.br\/blog\/organizacao-administrativa-v2\/#primaryimage","url":"https:\/\/dhg1h5j42swfq.cloudfront.net\/2024\/01\/20143220\/7320-scaled.jpg","contentUrl":"https:\/\/dhg1h5j42swfq.cloudfront.net\/2024\/01\/20143220\/7320-scaled.jpg","width":2560,"height":1932,"caption":"organiza\u00e7\u00e3o administrativa"},{"@type":"BreadcrumbList","@id":"https:\/\/www.estrategiaconcursos.com.br\/blog\/organizacao-administrativa-v2\/#breadcrumb","itemListElement":[{"@type":"ListItem","position":1,"name":"In\u00edcio","item":"https:\/\/www.estrategiaconcursos.com.br\/blog\/"},{"@type":"ListItem","position":2,"name":"Organiza\u00e7\u00e3o administrativa: saiba tudo sobre o tema"}]},{"@type":"WebSite","@id":"https:\/\/www.estrategiaconcursos.com.br\/blog\/#website","url":"https:\/\/www.estrategiaconcursos.com.br\/blog\/","name":"Estrat\u00e9gia Concursos","description":"O blog da Estrat\u00e9gia Concursos traz not\u00edcias sobre concursos e artigos de professores oferecendo cursos para concursos (pdf + videaulas) no site.","publisher":{"@id":"https:\/\/www.estrategiaconcursos.com.br\/blog\/#organization"},"potentialAction":[{"@type":"SearchAction","target":{"@type":"EntryPoint","urlTemplate":"https:\/\/www.estrategiaconcursos.com.br\/blog\/?s={search_term_string}"},"query-input":{"@type":"PropertyValueSpecification","valueRequired":true,"valueName":"search_term_string"}}],"inLanguage":"pt-BR"},{"@type":"Organization","@id":"https:\/\/www.estrategiaconcursos.com.br\/blog\/#organization","name":"Estrat\u00e9gia Concursos","url":"https:\/\/www.estrategiaconcursos.com.br\/blog\/","logo":{"@type":"ImageObject","inLanguage":"pt-BR","@id":"https:\/\/www.estrategiaconcursos.com.br\/blog\/#\/schema\/logo\/image\/","url":"https:\/\/dhg1h5j42swfq.cloudfront.net\/2025\/06\/03203428\/logo_concursos-1.jpg","contentUrl":"https:\/\/dhg1h5j42swfq.cloudfront.net\/2025\/06\/03203428\/logo_concursos-1.jpg","width":230,"height":60,"caption":"Estrat\u00e9gia Concursos"},"image":{"@id":"https:\/\/www.estrategiaconcursos.com.br\/blog\/#\/schema\/logo\/image\/"},"sameAs":["https:\/\/x.com\/EstratConcursos"]},{"@type":"Person","@id":"https:\/\/www.estrategiaconcursos.com.br\/blog\/#\/schema\/person\/2602628e49ec93d5f782b149f91603ab","name":"Nilson Silva de Assis","image":{"@type":"ImageObject","inLanguage":"pt-BR","@id":"https:\/\/secure.gravatar.com\/avatar\/cdec26ae7042f64d4ddcb70bcf78a4fcbc02661bfa30a7ce3d8bf515b625a75a?s=96&d=mm&r=g","url":"https:\/\/secure.gravatar.com\/avatar\/cdec26ae7042f64d4ddcb70bcf78a4fcbc02661bfa30a7ce3d8bf515b625a75a?s=96&d=mm&r=g","contentUrl":"https:\/\/secure.gravatar.com\/avatar\/cdec26ae7042f64d4ddcb70bcf78a4fcbc02661bfa30a7ce3d8bf515b625a75a?s=96&d=mm&r=g","caption":"Nilson Silva de Assis"},"description":"Atualmente \u00e9 Analista Legislativo do Senado Federal e Professor do Estrat\u00e9gia Concursos. Suas principais aprova\u00e7\u00f5es: Analista Legislativo do Senado Federal; Auditor Federal de Finan\u00e7as e Controle da CGU; Auditor-Fiscal da Receita Estadual da SEFAZ ES; T\u00e9cnico Fazend\u00e1rio do ISS Manaus; Assistente Executivo em Metrologia e Qualidade do Inmetro; Agente Fazend\u00e1rio do ISS Niter\u00f3i\/RJ; Assistente Administrativo da Prefeitura do Rio (RioSa\u00fade); Assistente Administrativo da Secretaria de Administra\u00e7\u00e3o do Munic\u00edpio do RJ.","sameAs":["https:\/\/www.instagram.com\/nilsonassis.concursos\/","kedin.com\/in\/nilson-assis-954132295\/"],"url":"https:\/\/www.estrategiaconcursos.com.br\/blog\/author\/nilson-sdeassisgmail-com\/"}]}},"_links":{"self":[{"href":"https:\/\/www.estrategiaconcursos.com.br\/blog\/wp-json\/wp\/v2\/posts\/1726377","targetHints":{"allow":["GET"]}}],"collection":[{"href":"https:\/\/www.estrategiaconcursos.com.br\/blog\/wp-json\/wp\/v2\/posts"}],"about":[{"href":"https:\/\/www.estrategiaconcursos.com.br\/blog\/wp-json\/wp\/v2\/types\/post"}],"author":[{"embeddable":true,"href":"https:\/\/www.estrategiaconcursos.com.br\/blog\/wp-json\/wp\/v2\/users\/2894"}],"replies":[{"embeddable":true,"href":"https:\/\/www.estrategiaconcursos.com.br\/blog\/wp-json\/wp\/v2\/comments?post=1726377"}],"version-history":[{"count":2,"href":"https:\/\/www.estrategiaconcursos.com.br\/blog\/wp-json\/wp\/v2\/posts\/1726377\/revisions"}],"predecessor-version":[{"id":1726380,"href":"https:\/\/www.estrategiaconcursos.com.br\/blog\/wp-json\/wp\/v2\/posts\/1726377\/revisions\/1726380"}],"wp:featuredmedia":[{"embeddable":true,"href":"https:\/\/www.estrategiaconcursos.com.br\/blog\/wp-json\/wp\/v2\/media\/1338977"}],"wp:attachment":[{"href":"https:\/\/www.estrategiaconcursos.com.br\/blog\/wp-json\/wp\/v2\/media?parent=1726377"}],"wp:term":[{"taxonomy":"category","embeddable":true,"href":"https:\/\/www.estrategiaconcursos.com.br\/blog\/wp-json\/wp\/v2\/categories?post=1726377"},{"taxonomy":"post_tag","embeddable":true,"href":"https:\/\/www.estrategiaconcursos.com.br\/blog\/wp-json\/wp\/v2\/tags?post=1726377"},{"taxonomy":"tax_estado","embeddable":true,"href":"https:\/\/www.estrategiaconcursos.com.br\/blog\/wp-json\/wp\/v2\/tax_estado?post=1726377"}],"curies":[{"name":"wp","href":"https:\/\/api.w.org\/{rel}","templated":true}]}}