{"id":1726025,"date":"2026-03-14T14:11:00","date_gmt":"2026-03-14T17:11:00","guid":{"rendered":"https:\/\/www.estrategiaconcursos.com.br\/blog\/?p=1726025"},"modified":"2026-03-06T20:32:19","modified_gmt":"2026-03-06T23:32:19","slug":"aposto-vocativo","status":"publish","type":"post","link":"https:\/\/www.estrategiaconcursos.com.br\/blog\/aposto-vocativo\/","title":{"rendered":"Aposto e vocativo"},"content":{"rendered":"\n<p>Ol\u00e1, alunos! Tudo bem? Neste artigo, vamos falar de um tema que sempre aparece nas provas de l\u00edngua portuguesa: <strong><mark style=\"background-color:rgba(0, 0, 0, 0)\" class=\"has-inline-color has-accent-3-color\">aposto<\/mark><\/strong> e <strong><mark style=\"background-color:rgba(0, 0, 0, 0);color:#00d084\" class=\"has-inline-color\">vocativo<\/mark><\/strong>. Frequentemente aparece em provas de bancas variadas, tais como FGV, Cebraspe, <a href=\"https:\/\/www.concursosfcc.com.br\/\">FCC<\/a>, pois exigem do candidato a capacidade de identificar fun\u00e7\u00f5es dentro da ora\u00e7\u00e3o.<\/p>\n\n\n\n<p>Ambos costumam gerar confus\u00e3o porque frequentemente aparecem <strong><mark style=\"background-color:#FFEE58\" class=\"has-inline-color\">isolados por v\u00edrgulas<\/mark><\/strong>, o que leva muitos candidatos a acreditarem que desempenham a mesma fun\u00e7\u00e3o.<\/p>\n\n\n\n<p>No entanto, eles possuem <strong><mark style=\"background-color:rgba(0, 0, 0, 0);color:#0693e3\" class=\"has-inline-color\">naturezas completamente diferentes<\/mark><\/strong>: enquanto o <strong><mark style=\"background-color:rgba(0, 0, 0, 0)\" class=\"has-inline-color has-accent-3-color\">aposto<\/mark><\/strong> est\u00e1 ligado \u00e0 <strong><mark style=\"background-color:rgba(0, 0, 0, 0)\" class=\"has-inline-color has-accent-3-color\">estrutura sint\u00e1tica da frase<\/mark><\/strong>, o <strong><mark style=\"background-color:rgba(0, 0, 0, 0);color:#00d084\" class=\"has-inline-color\">vocativo<\/mark> <\/strong>est\u00e1 relacionado \u00e0 <strong><mark style=\"background-color:rgba(0, 0, 0, 0);color:#00d084\" class=\"has-inline-color\">interlocu\u00e7\u00e3o<\/mark><\/strong>, isto \u00e9, ao chamamento de algu\u00e9m.<\/p>\n\n\n\n<p>Assim, neste artigo, voc\u00ea entender\u00e1 o que s\u00e3o <strong><mark style=\"background-color:rgba(0, 0, 0, 0)\" class=\"has-inline-color has-accent-3-color\">aposto <\/mark><\/strong>e <strong><mark style=\"background-color:rgba(0, 0, 0, 0);color:#00d084\" class=\"has-inline-color\">vocativo<\/mark><\/strong>, conhecer\u00e1 seus principais tipos, aprender\u00e1 a diferenci\u00e1-los rapidamente para que n\u00e3o erre mais quest\u00f5es de provas.<\/p>\n\n\n\n<p>Vamos l\u00e1?<\/p>\n\n\n\n<h2 class=\"wp-block-heading\" id=\"h-o-que-e-aposto\">O que \u00e9 aposto?<\/h2>\n\n\n\n<p>O <strong><mark style=\"background-color:rgba(0, 0, 0, 0)\" class=\"has-inline-color has-accent-3-color\">aposto <\/mark><\/strong>\u00e9 uma palavra ou express\u00e3o que <em><strong>explica ou esclarece<\/strong><\/em>, <em><strong>desenvolve <\/strong><\/em>ou at\u00e9 mesmo <em><strong>resume<\/strong> <\/em>outro termo da ora\u00e7\u00e3o, geralmente com uma rela\u00e7\u00e3o de equival\u00eancia sem\u00e2ntica.<\/p>\n\n\n\n<p>Em outras palavras, o aposto <strong><mark style=\"background-color:rgba(0, 0, 0, 0)\" class=\"has-inline-color has-accent-3-color\">acrescenta uma informa\u00e7\u00e3o adicional <\/mark><\/strong>sobre um elemento da frase, ampliando ou detalhando seu significado.<\/p>\n\n\n\n<p>Al\u00e9m disso, o aposto costuma aparecer isolado por <strong><mark style=\"background-color:rgba(0, 0, 0, 0)\" class=\"has-inline-color has-accent-3-color\">v\u00edrgulas, dois-pontos ou travess\u00f5es<\/mark><\/strong>, justamente para destacar a informa\u00e7\u00e3o explicativa que ele acrescenta.<\/p>\n\n\n\n<h2 class=\"wp-block-heading\" id=\"h-tipos-de-aposto\">Tipos de aposto<\/h2>\n\n\n\n<p>O <strong><mark style=\"background-color:rgba(0, 0, 0, 0)\" class=\"has-inline-color has-accent-3-color\">aposto <\/mark><\/strong>pode ser de diferentes esp\u00e9cies, ele \u00e9 <strong><mark style=\"background-color:#f78da7\" class=\"has-inline-color\">explicativo<\/mark> <\/strong>quando <em>amplia, detalha, enumera, resume<\/em> um termo anterior. Pode ser <strong><mark style=\"background-color:#f78da7\" class=\"has-inline-color has-contrast-color\">especificativo<\/mark> <\/strong>quando particulariza o referente dentro de um universo.<\/p>\n\n\n\n<p>O aposto especificativo <em><mark style=\"background-color:rgba(0, 0, 0, 0);color:#cf2e2e\" class=\"has-inline-color\">n\u00e3o vem separado por pontua\u00e7\u00e3o<\/mark><\/em> e individualiza o seu referente. Sua forma mais comum se configura em um <em>nome pr\u00f3prio especificando um substantivo comum<\/em>.<\/p>\n\n\n\n<p>Al\u00e9m disso, temos o aposto <strong><mark style=\"background-color:#f78da7\" class=\"has-inline-color\">enumerativo<\/mark><\/strong>, apresenta uma enumera\u00e7\u00e3o ap\u00f3s um termo mais geral. Por fim, temos o aposto <strong><mark style=\"background-color:#f78da7\" class=\"has-inline-color has-contrast-color\">resumidor<\/mark><\/strong>, \u00e9 aquele que <em>resume elementos mencionados anteriormente.<\/em><\/p>\n\n\n\n<p>Em geral, o<strong><mark style=\"background-color:rgba(0, 0, 0, 0);color:#ff6900\" class=\"has-inline-color\"> mais comum em provas \u00e9 o explicativo<\/mark><\/strong>, que vem na forma de express\u00f5es intercaladas, normalmente entre v\u00edrgulas, par\u00eanteses ou travess\u00f5es.<\/p>\n\n\n\n<p>S\u00f3 para exemplificar, veja abaixo ora\u00e7\u00f5es com cada tipo de aposto:<\/p>\n\n\n\n<ul class=\"wp-block-list\">\n<li><strong>Explicativo<\/strong>: &#8220;Bras\u00edlia, <em><mark style=\"background-color:rgba(0, 0, 0, 0)\" class=\"has-inline-color has-contrast-color\">capital do Brasil<\/mark><\/em>, foi inaugurada em 1960.&#8221;<\/li>\n\n\n\n<li><strong>Especificativo<\/strong>: &#8220;Maria, <em>irm\u00e3 de Luiza<\/em>, foi \u00e0 festa ontem.<\/li>\n\n\n\n<li><strong>Enumerativo<\/strong>: &#8220;Precisamos de tr\u00eas ingredientes: <em>ovos, farinha e margarina.<\/em>&#8220;<\/li>\n\n\n\n<li><strong>Resumidor<\/strong>: &#8220;Ansiedade, depress\u00e3o e <em>burnout<\/em>, <em>tudo isso<\/em> cresceu nos \u00faltimos anos.&#8221;<\/li>\n<\/ul>\n\n\n\n<p>Agora, tenham cuidado com isso: o <strong><mark style=\"background-color:rgba(0, 0, 0, 0);color:#ff6900\" class=\"has-inline-color\">aposto \u00e9 diferente do adjetivo (adjunto adverbial)<\/mark><\/strong>, pois <strong>n\u00e3o <\/strong>traz uma qualidade, traz outra forma de se referir ao termo. Portanto, o aposto n\u00e3o tem valor adjetivo. Veja o exemplo abaixo. <\/p>\n\n\n\n<p>Ex.: <em>&#8220;Pedro, o malandro, ainda \u00e9 jovem.&#8221;<\/em> (&#8220;o malandro&#8221; \u00e9 um substantivo na fun\u00e7\u00e3o de aposto. Nesse caso, poder\u00edamos dizer: <em>&#8220;O malandro ainda \u00e9 jovem&#8221;<\/em>).<\/p>\n\n\n\n<p>Agora, compare o exemplo anterior com o a seguir:<\/p>\n\n\n\n<p>Ex: <em>&#8220;Jorge, malandro, ainda \u00e9 jovem.&#8221;<\/em> (agora &#8220;malandro&#8221; \u00e9 um adjetivo na fun\u00e7\u00e3o de predicativo do sujeito).<\/p>\n\n\n\n<p>Em s\u00edntese, o <strong><mark style=\"background-color:rgba(0, 0, 0, 0)\" class=\"has-inline-color has-accent-3-color\">aposto<\/mark><\/strong>, devido a sua identidade sem\u00e2ntica, em alguns casos, pode at\u00e9 <strong><mark style=\"background-color:rgba(0, 0, 0, 0)\" class=\"has-inline-color has-accent-3-color\">substituir o termo a que se refere<\/mark><\/strong>, assumindo a sua fun\u00e7\u00e3o sint\u00e1tica. Em outras palavras, quando se refere ao sujeito, pode virar o pr\u00f3prio sujeito; quando se refere ao objeto direto, pode virar objeto direto.<\/p>\n\n\n\n<figure class=\"wp-block-image size-full is-resized\"><img loading=\"lazy\" decoding=\"async\" width=\"300\" height=\"169\" src=\"https:\/\/dhg1h5j42swfq.cloudfront.net\/2025\/09\/23161138\/portugues-haver-ou-a-ver.jpg\" alt=\"Aposto e vocativo\" class=\"wp-image-1643578\" style=\"width:380px;height:auto\" srcset=\"https:\/\/dhg1h5j42swfq.cloudfront.net\/2025\/09\/23161138\/portugues-haver-ou-a-ver.jpg 300w, https:\/\/dhg1h5j42swfq.cloudfront.net\/2025\/09\/23161138\/portugues-haver-ou-a-ver-150x85.jpg 150w\" sizes=\"auto, (max-width: 300px) 100vw, 300px\" \/><\/figure>\n\n\n\n<h2 class=\"wp-block-heading\" id=\"h-o-que-e-vocativo\">O que \u00e9 vocativo?<\/h2>\n\n\n\n<p>O <mark style=\"background-color:rgba(0, 0, 0, 0);color:#00d084\" class=\"has-inline-color\"><strong>vocativo<\/strong> <\/mark>\u00e9 o termo usado para <mark style=\"background-color:rgba(0, 0, 0, 0);color:#00d084\" class=\"has-inline-color\"><strong>chamar, invocar ou interpelar algu\u00e9m<\/strong> <\/mark>dentro da frase. Ele \u00e9 <em>isolado na ora\u00e7\u00e3o<\/em>, sempre <em>marcado por v\u00edrgulas ou pausas equivalentes <\/em>e pode aparecer no <em>in\u00edcio, no meio ou no final da frase.<\/em><\/p>\n\n\n\n<p>Diferentemente do aposto, o vocativo <strong><mark style=\"background-color:rgba(0, 0, 0, 0);color:#00d084\" class=\"has-inline-color\">n\u00e3o exerce fun\u00e7\u00e3o sint\u00e1tica na ora\u00e7\u00e3o<\/mark><\/strong>. Dessa forma, ele n\u00e3o faz parte da estrutura sujeito-verbo-complemento; sua fun\u00e7\u00e3o \u00e9 apenas comunicativa.<\/p>\n\n\n\n<p>Outro detalhe importante: se retirarmos o vocativo da frase,<mark style=\"background-color:rgba(0, 0, 0, 0);color:#00d084\" class=\"has-inline-color\"> <strong>o sentido essencial da ora\u00e7\u00e3o permanece intacto<\/strong><\/mark>. S\u00f3 para exemplificar, abaixo voc\u00ea encontra algumas ora\u00e7\u00f5es:<\/p>\n\n\n\n<ul class=\"wp-block-list\">\n<li><em>M\u00e3e, venha aqui, por favor.<\/em><\/li>\n\n\n\n<li><em>Pela ordem, Merit\u00edssimo, a prova n\u00e3o consta dos autos.<\/em><\/li>\n\n\n\n<li><em>Matheus, preciso de ajuda com isso!<\/em><\/li>\n<\/ul>\n\n\n\n<h2 class=\"wp-block-heading\" id=\"h-como-diferenciar-aposto-e-vocativo\">Como diferenciar aposto e vocativo<\/h2>\n\n\n\n<p>Em s\u00edntese, a principal diferen\u00e7a entre aposto e vocativo est\u00e1 na <strong><mark style=\"background-color:rgba(0, 0, 0, 0);color:#9b51e0\" class=\"has-inline-color\">fun\u00e7\u00e3o que desempenham na frase<\/mark><\/strong>. O aposto explica um termo anterior. Por outro lado, o vocativo serve apenas para chamar ou dirigir a fala a algu\u00e9m.<\/p>\n\n\n\n<p>Em raz\u00e3o disso, nas provas de concursos, um jeito r\u00e1pido de identificar o vocativo \u00e9 fazer a seguinte pergunta: <strong><mark style=\"background-color:rgba(0, 0, 0, 0);color:#9b51e0\" class=\"has-inline-color\">a frase continua fazendo sentido sem esse termo?<\/mark><\/strong> Se a resposta for sim, provavelmente trata-se de vocativo.<\/p>\n\n\n\n<p>Veja um passo a passo para voc\u00ea conseguir identificar se h\u00e1 aposto ou vocativo na ora\u00e7\u00e3o: <\/p>\n\n\n\n<p><strong>1. Pergunte se h\u00e1 explica\u00e7\u00e3o de um termo.<\/strong><br \/>Se houver explica\u00e7\u00e3o ou detalhamento, provavelmente \u00e9 aposto.<\/p>\n\n\n\n<p><strong>2. Verifique se h\u00e1 chamamento.<\/strong><br \/>Sempre que o termo servir para chamar algu\u00e9m, trata-se de vocativo.<\/p>\n\n\n\n<p><strong>3. Retire o termo da frase.<\/strong><br \/>Se a frase continua completa, pode ser vocativo.<\/p>\n\n\n\n<p><strong>4. Observe a pontua\u00e7\u00e3o.<\/strong><br \/>V\u00edrgulas isolando informa\u00e7\u00e3o explicativa frequentemente indicam aposto.<\/p>\n\n\n\n<p><strong>5. Desconfie de frases com nomes pr\u00f3prios.<\/strong><br \/>Em geral, as bancas costumam usar nomes para confundir vocativo com aposto.<\/p>\n\n\n\n<h2 class=\"wp-block-heading\" id=\"h-consideracoes-finais\">Considera\u00e7\u00f5es finais<\/h2>\n\n\n\n<p>Pois bem. Chegamos ao final do nosso artigo. O tema tratado aqui \u00e9 relativamente simples, no entanto aparece com frequ\u00eancia em concursos porque exige aten\u00e7\u00e3o e os candidatos costumam confundir.<\/p>\n\n\n\n<p>Enquanto o <mark style=\"background-color:rgba(0, 0, 0, 0)\" class=\"has-inline-color has-accent-3-color\"><strong>aposto<\/strong> <\/mark>acrescenta uma explica\u00e7\u00e3o ou especifica\u00e7\u00e3o a um termo da ora\u00e7\u00e3o, o <mark style=\"background-color:rgba(0, 0, 0, 0);color:#00d084\" class=\"has-inline-color\"><strong>vocativo<\/strong> <\/mark>serve apenas para chamar ou interpelar algu\u00e9m no discurso.<\/p>\n\n\n\n<p>Por fim, lembre-se de que em concursos p\u00fablicos, compreender essa diferen\u00e7a, reconhecer os tipos de aposto e dominar a pontua\u00e7\u00e3o associada a esses termos aumenta significativamente as chances de acerto em provas. <\/p>\n\n\n\n<p>Espero que o artigo tenha sido \u00fatil para a sua prepara\u00e7\u00e3o. Desejo bons estudos e boa sorte em sua jornada!<\/p>\n\n\n\n<h2 class=\"wp-block-heading has-text-align-center\" id=\"h-cursos-e-assinaturas\">Cursos e Assinaturas<\/h2>\n\n\n\n<p>Prepare-se com o melhor material e com quem mais aprova em Concursos P\u00fablicos em todo o pa\u00eds!<\/p>\n\n\n\n<p class=\"has-text-align-center has-vivid-cyan-blue-color has-text-color has-background\" style=\"background-color:#0078bd\"><a href=\"https:\/\/www.estrategiaconcursos.com.br\/blog\/concursos-abertos\/\" target=\"_blank\" rel=\"noreferrer noopener\"><strong><mark style=\"background-color:rgba(0, 0, 0, 0)\" class=\"has-inline-color has-white-color\">Concursos Abertos<\/mark><\/strong><\/a><\/p>\n\n\n\n<p class=\"has-text-align-center has-white-color has-text-color has-background has-link-color wp-elements-b29a7bbc0bcffbd58c1c4bdda015b222\" style=\"background-color:#0078bd\"><strong><a href=\"https:\/\/www.estrategiaconcursos.com.br\/blog\/concursos-2026\/#\">Concursos 202<strong>6<\/strong><\/a><\/strong><\/p>\n\n\n\n<p><br \/><br \/><\/p>\n\n\n\n<p><br \/><\/p>\n","protected":false},"excerpt":{"rendered":"<p>Ol\u00e1, alunos! Tudo bem? Neste artigo, vamos falar de um tema que sempre aparece nas provas de l\u00edngua portuguesa: aposto e vocativo. Frequentemente aparece em provas de bancas variadas, tais como FGV, Cebraspe, FCC, pois exigem do candidato a capacidade de identificar fun\u00e7\u00f5es dentro da ora\u00e7\u00e3o. Ambos costumam gerar confus\u00e3o porque frequentemente aparecem isolados por [&hellip;]<\/p>\n","protected":false},"author":2983,"featured_media":1643578,"comment_status":"open","ping_status":"closed","sticky":false,"template":"","format":"standard","meta":{"post_tipo":"article","footnotes":""},"categories":[1],"tags":[],"tax_estado":[],"class_list":["post-1726025","post","type-post","status-publish","format-standard","has-post-thumbnail","hentry","category-cursos-e-concursos"],"acf":[],"yoast_head":"<!-- This site is optimized with the Yoast SEO Premium plugin v27.2 (Yoast SEO v27.2) - https:\/\/yoast.com\/product\/yoast-seo-premium-wordpress\/ -->\n<title>Aposto e vocativo<\/title>\n<meta name=\"description\" content=\"Neste artigo, vamos falar de um tema que sempre aparece nas provas de l\u00edngua portuguesa: aposto e vocativo.\" \/>\n<meta name=\"robots\" content=\"index, follow, max-snippet:-1, max-image-preview:large, max-video-preview:-1\" \/>\n<link rel=\"canonical\" href=\"https:\/\/www.estrategiaconcursos.com.br\/blog\/aposto-vocativo\/\" \/>\n<meta property=\"og:locale\" content=\"pt_BR\" \/>\n<meta property=\"og:type\" content=\"article\" \/>\n<meta property=\"og:title\" content=\"Aposto e vocativo\" \/>\n<meta property=\"og:description\" content=\"Neste artigo, vamos falar de um tema que sempre aparece nas provas de l\u00edngua portuguesa: aposto e vocativo.\" \/>\n<meta property=\"og:url\" content=\"https:\/\/www.estrategiaconcursos.com.br\/blog\/aposto-vocativo\/\" \/>\n<meta property=\"og:site_name\" content=\"Estrat\u00e9gia Concursos\" \/>\n<meta property=\"article:published_time\" content=\"2026-03-14T17:11:00+00:00\" \/>\n<meta property=\"og:image\" content=\"https:\/\/dhg1h5j42swfq.cloudfront.net\/2025\/09\/23161138\/portugues-haver-ou-a-ver.jpg\" \/>\n\t<meta property=\"og:image:width\" content=\"300\" \/>\n\t<meta property=\"og:image:height\" content=\"169\" \/>\n\t<meta property=\"og:image:type\" content=\"image\/jpeg\" \/>\n<meta name=\"author\" content=\"Juliana Bastos Martins Alves\" \/>\n<meta name=\"twitter:card\" content=\"summary_large_image\" \/>\n<meta name=\"twitter:creator\" content=\"@EstratConcursos\" \/>\n<meta name=\"twitter:site\" content=\"@EstratConcursos\" \/>\n<meta name=\"twitter:label1\" content=\"Escrito por\" \/>\n\t<meta name=\"twitter:data1\" content=\"Juliana Bastos Martins Alves\" \/>\n\t<meta name=\"twitter:label2\" content=\"Est. tempo de leitura\" \/>\n\t<meta name=\"twitter:data2\" content=\"5 minutos\" \/>\n<script type=\"application\/ld+json\" class=\"yoast-schema-graph\">{\"@context\":\"https:\/\/schema.org\",\"@graph\":[{\"@type\":\"NewsArticle\",\"@id\":\"https:\/\/www.estrategiaconcursos.com.br\/blog\/aposto-vocativo\/#article\",\"isPartOf\":{\"@id\":\"https:\/\/www.estrategiaconcursos.com.br\/blog\/aposto-vocativo\/\"},\"author\":{\"name\":\"Juliana Bastos Martins Alves\",\"@id\":\"https:\/\/www.estrategiaconcursos.com.br\/blog\/#\/schema\/person\/07c6b32a2ff6a5917c5ea78d62b544dd\"},\"headline\":\"Aposto e vocativo\",\"datePublished\":\"2026-03-14T17:11:00+00:00\",\"mainEntityOfPage\":{\"@id\":\"https:\/\/www.estrategiaconcursos.com.br\/blog\/aposto-vocativo\/\"},\"wordCount\":970,\"commentCount\":0,\"publisher\":{\"@id\":\"https:\/\/www.estrategiaconcursos.com.br\/blog\/#organization\"},\"image\":{\"@id\":\"https:\/\/www.estrategiaconcursos.com.br\/blog\/aposto-vocativo\/#primaryimage\"},\"thumbnailUrl\":\"https:\/\/dhg1h5j42swfq.cloudfront.net\/2025\/09\/23161138\/portugues-haver-ou-a-ver.jpg\",\"articleSection\":[\"Concursos P\u00fablicos\"],\"inLanguage\":\"pt-BR\",\"potentialAction\":[{\"@type\":\"CommentAction\",\"name\":\"Comment\",\"target\":[\"https:\/\/www.estrategiaconcursos.com.br\/blog\/aposto-vocativo\/#respond\"]}],\"copyrightYear\":\"2026\",\"copyrightHolder\":{\"@id\":\"https:\/\/www.estrategiaconcursos.com.br\/blog\/#organization\"}},{\"@type\":\"WebPage\",\"@id\":\"https:\/\/www.estrategiaconcursos.com.br\/blog\/aposto-vocativo\/\",\"url\":\"https:\/\/www.estrategiaconcursos.com.br\/blog\/aposto-vocativo\/\",\"name\":\"Aposto e vocativo\",\"isPartOf\":{\"@id\":\"https:\/\/www.estrategiaconcursos.com.br\/blog\/#website\"},\"primaryImageOfPage\":{\"@id\":\"https:\/\/www.estrategiaconcursos.com.br\/blog\/aposto-vocativo\/#primaryimage\"},\"image\":{\"@id\":\"https:\/\/www.estrategiaconcursos.com.br\/blog\/aposto-vocativo\/#primaryimage\"},\"thumbnailUrl\":\"https:\/\/dhg1h5j42swfq.cloudfront.net\/2025\/09\/23161138\/portugues-haver-ou-a-ver.jpg\",\"datePublished\":\"2026-03-14T17:11:00+00:00\",\"description\":\"Neste artigo, vamos falar de um tema que sempre aparece nas provas de l\u00edngua portuguesa: aposto e vocativo.\",\"breadcrumb\":{\"@id\":\"https:\/\/www.estrategiaconcursos.com.br\/blog\/aposto-vocativo\/#breadcrumb\"},\"inLanguage\":\"pt-BR\",\"potentialAction\":[{\"@type\":\"ReadAction\",\"target\":[\"https:\/\/www.estrategiaconcursos.com.br\/blog\/aposto-vocativo\/\"]}]},{\"@type\":\"ImageObject\",\"inLanguage\":\"pt-BR\",\"@id\":\"https:\/\/www.estrategiaconcursos.com.br\/blog\/aposto-vocativo\/#primaryimage\",\"url\":\"https:\/\/dhg1h5j42swfq.cloudfront.net\/2025\/09\/23161138\/portugues-haver-ou-a-ver.jpg\",\"contentUrl\":\"https:\/\/dhg1h5j42swfq.cloudfront.net\/2025\/09\/23161138\/portugues-haver-ou-a-ver.jpg\",\"width\":300,\"height\":169,\"caption\":\"resumo sobre artigos\"},{\"@type\":\"BreadcrumbList\",\"@id\":\"https:\/\/www.estrategiaconcursos.com.br\/blog\/aposto-vocativo\/#breadcrumb\",\"itemListElement\":[{\"@type\":\"ListItem\",\"position\":1,\"name\":\"In\u00edcio\",\"item\":\"https:\/\/www.estrategiaconcursos.com.br\/blog\/\"},{\"@type\":\"ListItem\",\"position\":2,\"name\":\"Aposto e vocativo\"}]},{\"@type\":\"WebSite\",\"@id\":\"https:\/\/www.estrategiaconcursos.com.br\/blog\/#website\",\"url\":\"https:\/\/www.estrategiaconcursos.com.br\/blog\/\",\"name\":\"Estrat\u00e9gia Concursos\",\"description\":\"O blog da Estrat\u00e9gia Concursos traz not\u00edcias sobre concursos e artigos de professores oferecendo cursos para concursos (pdf + videaulas) no site.\",\"publisher\":{\"@id\":\"https:\/\/www.estrategiaconcursos.com.br\/blog\/#organization\"},\"potentialAction\":[{\"@type\":\"SearchAction\",\"target\":{\"@type\":\"EntryPoint\",\"urlTemplate\":\"https:\/\/www.estrategiaconcursos.com.br\/blog\/?s={search_term_string}\"},\"query-input\":{\"@type\":\"PropertyValueSpecification\",\"valueRequired\":true,\"valueName\":\"search_term_string\"}}],\"inLanguage\":\"pt-BR\"},{\"@type\":\"Organization\",\"@id\":\"https:\/\/www.estrategiaconcursos.com.br\/blog\/#organization\",\"name\":\"Estrat\u00e9gia Concursos\",\"url\":\"https:\/\/www.estrategiaconcursos.com.br\/blog\/\",\"logo\":{\"@type\":\"ImageObject\",\"inLanguage\":\"pt-BR\",\"@id\":\"https:\/\/www.estrategiaconcursos.com.br\/blog\/#\/schema\/logo\/image\/\",\"url\":\"https:\/\/dhg1h5j42swfq.cloudfront.net\/2025\/06\/03203428\/logo_concursos-1.jpg\",\"contentUrl\":\"https:\/\/dhg1h5j42swfq.cloudfront.net\/2025\/06\/03203428\/logo_concursos-1.jpg\",\"width\":230,\"height\":60,\"caption\":\"Estrat\u00e9gia Concursos\"},\"image\":{\"@id\":\"https:\/\/www.estrategiaconcursos.com.br\/blog\/#\/schema\/logo\/image\/\"},\"sameAs\":[\"https:\/\/x.com\/EstratConcursos\"]},{\"@type\":\"Person\",\"@id\":\"https:\/\/www.estrategiaconcursos.com.br\/blog\/#\/schema\/person\/07c6b32a2ff6a5917c5ea78d62b544dd\",\"name\":\"Juliana Bastos Martins Alves\",\"image\":{\"@type\":\"ImageObject\",\"inLanguage\":\"pt-BR\",\"@id\":\"https:\/\/secure.gravatar.com\/avatar\/453e6e681663a9e479bd1162e5a8cd14b922b15ff643b99f0778c472b6a305c5?s=96&d=mm&r=g\",\"url\":\"https:\/\/secure.gravatar.com\/avatar\/453e6e681663a9e479bd1162e5a8cd14b922b15ff643b99f0778c472b6a305c5?s=96&d=mm&r=g\",\"contentUrl\":\"https:\/\/secure.gravatar.com\/avatar\/453e6e681663a9e479bd1162e5a8cd14b922b15ff643b99f0778c472b6a305c5?s=96&d=mm&r=g\",\"caption\":\"Juliana Bastos Martins Alves\"},\"description\":\"T\u00e9cnica Legislativa na C\u00e2mara Municipal de S\u00e3o Paulo. Graduada em Direito pela Pontif\u00edcia Universidade Cat\u00f3lica de S\u00e3o Paulo\/SP. P\u00f3s-graduada em Processo Civil pela Escola Superior do Minist\u00e9rio P\u00fablico (ESMP).\",\"url\":\"https:\/\/www.estrategiaconcursos.com.br\/blog\/author\/juliana199405gmail-com\/\"}]}<\/script>\n<!-- \/ Yoast SEO Premium plugin. -->","yoast_head_json":{"title":"Aposto e vocativo","description":"Neste artigo, vamos falar de um tema que sempre aparece nas provas de l\u00edngua portuguesa: aposto e vocativo.","robots":{"index":"index","follow":"follow","max-snippet":"max-snippet:-1","max-image-preview":"max-image-preview:large","max-video-preview":"max-video-preview:-1"},"canonical":"https:\/\/www.estrategiaconcursos.com.br\/blog\/aposto-vocativo\/","og_locale":"pt_BR","og_type":"article","og_title":"Aposto e vocativo","og_description":"Neste artigo, vamos falar de um tema que sempre aparece nas provas de l\u00edngua portuguesa: aposto e vocativo.","og_url":"https:\/\/www.estrategiaconcursos.com.br\/blog\/aposto-vocativo\/","og_site_name":"Estrat\u00e9gia Concursos","article_published_time":"2026-03-14T17:11:00+00:00","og_image":[{"width":300,"height":169,"url":"https:\/\/dhg1h5j42swfq.cloudfront.net\/2025\/09\/23161138\/portugues-haver-ou-a-ver.jpg","type":"image\/jpeg"}],"author":"Juliana Bastos Martins Alves","twitter_card":"summary_large_image","twitter_creator":"@EstratConcursos","twitter_site":"@EstratConcursos","twitter_misc":{"Escrito por":"Juliana Bastos Martins Alves","Est. tempo de leitura":"5 minutos"},"schema":{"@context":"https:\/\/schema.org","@graph":[{"@type":"NewsArticle","@id":"https:\/\/www.estrategiaconcursos.com.br\/blog\/aposto-vocativo\/#article","isPartOf":{"@id":"https:\/\/www.estrategiaconcursos.com.br\/blog\/aposto-vocativo\/"},"author":{"name":"Juliana Bastos Martins Alves","@id":"https:\/\/www.estrategiaconcursos.com.br\/blog\/#\/schema\/person\/07c6b32a2ff6a5917c5ea78d62b544dd"},"headline":"Aposto e vocativo","datePublished":"2026-03-14T17:11:00+00:00","mainEntityOfPage":{"@id":"https:\/\/www.estrategiaconcursos.com.br\/blog\/aposto-vocativo\/"},"wordCount":970,"commentCount":0,"publisher":{"@id":"https:\/\/www.estrategiaconcursos.com.br\/blog\/#organization"},"image":{"@id":"https:\/\/www.estrategiaconcursos.com.br\/blog\/aposto-vocativo\/#primaryimage"},"thumbnailUrl":"https:\/\/dhg1h5j42swfq.cloudfront.net\/2025\/09\/23161138\/portugues-haver-ou-a-ver.jpg","articleSection":["Concursos P\u00fablicos"],"inLanguage":"pt-BR","potentialAction":[{"@type":"CommentAction","name":"Comment","target":["https:\/\/www.estrategiaconcursos.com.br\/blog\/aposto-vocativo\/#respond"]}],"copyrightYear":"2026","copyrightHolder":{"@id":"https:\/\/www.estrategiaconcursos.com.br\/blog\/#organization"}},{"@type":"WebPage","@id":"https:\/\/www.estrategiaconcursos.com.br\/blog\/aposto-vocativo\/","url":"https:\/\/www.estrategiaconcursos.com.br\/blog\/aposto-vocativo\/","name":"Aposto e vocativo","isPartOf":{"@id":"https:\/\/www.estrategiaconcursos.com.br\/blog\/#website"},"primaryImageOfPage":{"@id":"https:\/\/www.estrategiaconcursos.com.br\/blog\/aposto-vocativo\/#primaryimage"},"image":{"@id":"https:\/\/www.estrategiaconcursos.com.br\/blog\/aposto-vocativo\/#primaryimage"},"thumbnailUrl":"https:\/\/dhg1h5j42swfq.cloudfront.net\/2025\/09\/23161138\/portugues-haver-ou-a-ver.jpg","datePublished":"2026-03-14T17:11:00+00:00","description":"Neste artigo, vamos falar de um tema que sempre aparece nas provas de l\u00edngua portuguesa: aposto e vocativo.","breadcrumb":{"@id":"https:\/\/www.estrategiaconcursos.com.br\/blog\/aposto-vocativo\/#breadcrumb"},"inLanguage":"pt-BR","potentialAction":[{"@type":"ReadAction","target":["https:\/\/www.estrategiaconcursos.com.br\/blog\/aposto-vocativo\/"]}]},{"@type":"ImageObject","inLanguage":"pt-BR","@id":"https:\/\/www.estrategiaconcursos.com.br\/blog\/aposto-vocativo\/#primaryimage","url":"https:\/\/dhg1h5j42swfq.cloudfront.net\/2025\/09\/23161138\/portugues-haver-ou-a-ver.jpg","contentUrl":"https:\/\/dhg1h5j42swfq.cloudfront.net\/2025\/09\/23161138\/portugues-haver-ou-a-ver.jpg","width":300,"height":169,"caption":"resumo sobre artigos"},{"@type":"BreadcrumbList","@id":"https:\/\/www.estrategiaconcursos.com.br\/blog\/aposto-vocativo\/#breadcrumb","itemListElement":[{"@type":"ListItem","position":1,"name":"In\u00edcio","item":"https:\/\/www.estrategiaconcursos.com.br\/blog\/"},{"@type":"ListItem","position":2,"name":"Aposto e vocativo"}]},{"@type":"WebSite","@id":"https:\/\/www.estrategiaconcursos.com.br\/blog\/#website","url":"https:\/\/www.estrategiaconcursos.com.br\/blog\/","name":"Estrat\u00e9gia Concursos","description":"O blog da Estrat\u00e9gia Concursos traz not\u00edcias sobre concursos e artigos de professores oferecendo cursos para concursos (pdf + videaulas) no site.","publisher":{"@id":"https:\/\/www.estrategiaconcursos.com.br\/blog\/#organization"},"potentialAction":[{"@type":"SearchAction","target":{"@type":"EntryPoint","urlTemplate":"https:\/\/www.estrategiaconcursos.com.br\/blog\/?s={search_term_string}"},"query-input":{"@type":"PropertyValueSpecification","valueRequired":true,"valueName":"search_term_string"}}],"inLanguage":"pt-BR"},{"@type":"Organization","@id":"https:\/\/www.estrategiaconcursos.com.br\/blog\/#organization","name":"Estrat\u00e9gia Concursos","url":"https:\/\/www.estrategiaconcursos.com.br\/blog\/","logo":{"@type":"ImageObject","inLanguage":"pt-BR","@id":"https:\/\/www.estrategiaconcursos.com.br\/blog\/#\/schema\/logo\/image\/","url":"https:\/\/dhg1h5j42swfq.cloudfront.net\/2025\/06\/03203428\/logo_concursos-1.jpg","contentUrl":"https:\/\/dhg1h5j42swfq.cloudfront.net\/2025\/06\/03203428\/logo_concursos-1.jpg","width":230,"height":60,"caption":"Estrat\u00e9gia Concursos"},"image":{"@id":"https:\/\/www.estrategiaconcursos.com.br\/blog\/#\/schema\/logo\/image\/"},"sameAs":["https:\/\/x.com\/EstratConcursos"]},{"@type":"Person","@id":"https:\/\/www.estrategiaconcursos.com.br\/blog\/#\/schema\/person\/07c6b32a2ff6a5917c5ea78d62b544dd","name":"Juliana Bastos Martins Alves","image":{"@type":"ImageObject","inLanguage":"pt-BR","@id":"https:\/\/secure.gravatar.com\/avatar\/453e6e681663a9e479bd1162e5a8cd14b922b15ff643b99f0778c472b6a305c5?s=96&d=mm&r=g","url":"https:\/\/secure.gravatar.com\/avatar\/453e6e681663a9e479bd1162e5a8cd14b922b15ff643b99f0778c472b6a305c5?s=96&d=mm&r=g","contentUrl":"https:\/\/secure.gravatar.com\/avatar\/453e6e681663a9e479bd1162e5a8cd14b922b15ff643b99f0778c472b6a305c5?s=96&d=mm&r=g","caption":"Juliana Bastos Martins Alves"},"description":"T\u00e9cnica Legislativa na C\u00e2mara Municipal de S\u00e3o Paulo. Graduada em Direito pela Pontif\u00edcia Universidade Cat\u00f3lica de S\u00e3o Paulo\/SP. P\u00f3s-graduada em Processo Civil pela Escola Superior do Minist\u00e9rio P\u00fablico (ESMP).","url":"https:\/\/www.estrategiaconcursos.com.br\/blog\/author\/juliana199405gmail-com\/"}]}},"_links":{"self":[{"href":"https:\/\/www.estrategiaconcursos.com.br\/blog\/wp-json\/wp\/v2\/posts\/1726025","targetHints":{"allow":["GET"]}}],"collection":[{"href":"https:\/\/www.estrategiaconcursos.com.br\/blog\/wp-json\/wp\/v2\/posts"}],"about":[{"href":"https:\/\/www.estrategiaconcursos.com.br\/blog\/wp-json\/wp\/v2\/types\/post"}],"author":[{"embeddable":true,"href":"https:\/\/www.estrategiaconcursos.com.br\/blog\/wp-json\/wp\/v2\/users\/2983"}],"replies":[{"embeddable":true,"href":"https:\/\/www.estrategiaconcursos.com.br\/blog\/wp-json\/wp\/v2\/comments?post=1726025"}],"version-history":[{"count":37,"href":"https:\/\/www.estrategiaconcursos.com.br\/blog\/wp-json\/wp\/v2\/posts\/1726025\/revisions"}],"predecessor-version":[{"id":1727061,"href":"https:\/\/www.estrategiaconcursos.com.br\/blog\/wp-json\/wp\/v2\/posts\/1726025\/revisions\/1727061"}],"wp:featuredmedia":[{"embeddable":true,"href":"https:\/\/www.estrategiaconcursos.com.br\/blog\/wp-json\/wp\/v2\/media\/1643578"}],"wp:attachment":[{"href":"https:\/\/www.estrategiaconcursos.com.br\/blog\/wp-json\/wp\/v2\/media?parent=1726025"}],"wp:term":[{"taxonomy":"category","embeddable":true,"href":"https:\/\/www.estrategiaconcursos.com.br\/blog\/wp-json\/wp\/v2\/categories?post=1726025"},{"taxonomy":"post_tag","embeddable":true,"href":"https:\/\/www.estrategiaconcursos.com.br\/blog\/wp-json\/wp\/v2\/tags?post=1726025"},{"taxonomy":"tax_estado","embeddable":true,"href":"https:\/\/www.estrategiaconcursos.com.br\/blog\/wp-json\/wp\/v2\/tax_estado?post=1726025"}],"curies":[{"name":"wp","href":"https:\/\/api.w.org\/{rel}","templated":true}]}}