{"id":1725675,"date":"2026-03-15T11:16:00","date_gmt":"2026-03-15T14:16:00","guid":{"rendered":"https:\/\/www.estrategiaconcursos.com.br\/blog\/?p=1725675"},"modified":"2026-03-06T20:33:50","modified_gmt":"2026-03-06T23:33:50","slug":"poder-politico-camara-dos-deputados","status":"publish","type":"post","link":"https:\/\/www.estrategiaconcursos.com.br\/blog\/poder-politico-camara-dos-deputados\/","title":{"rendered":"Poder pol\u00edtico para a C\u00e2mara dos Deputados"},"content":{"rendered":"\n<p>Hoje, vamos entender o conceito de poder politico para a C\u00e2mara dos Deputados, cujas <a href=\"https:\/\/www.cebraspe.org.br\/concursos\/cd_25_ns\">provas<\/a> acontecem no pr\u00f3ximo domingo, dia 08 de mar\u00e7o.<\/p>\n\n\n\n<figure class=\"wp-block-image size-large\"><img loading=\"lazy\" decoding=\"async\" width=\"1024\" height=\"683\" src=\"https:\/\/dhg1h5j42swfq.cloudfront.net\/2026\/03\/04214848\/poder-politico-1024x683.png\" alt=\"Poder pol\u00edtico para a C\u00e2mara dos Deputados\" class=\"wp-image-1725676\" srcset=\"https:\/\/dhg1h5j42swfq.cloudfront.net\/2026\/03\/04214848\/poder-politico-1024x683.png 1024w, https:\/\/dhg1h5j42swfq.cloudfront.net\/2026\/03\/04214848\/poder-politico-300x200.png 300w, https:\/\/dhg1h5j42swfq.cloudfront.net\/2026\/03\/04214848\/poder-politico-768x512.png 768w, https:\/\/dhg1h5j42swfq.cloudfront.net\/2026\/03\/04214848\/poder-politico-150x100.png 150w, https:\/\/dhg1h5j42swfq.cloudfront.net\/2026\/03\/04214848\/poder-politico.png 1536w\" sizes=\"auto, (max-width: 1024px) 100vw, 1024px\" \/><\/figure>\n\n\n\n<h2 class=\"wp-block-heading\" id=\"h-o-que-e-poder-poder-politico-para-a-camara-dos-deputados\">O que \u00e9 poder? Poder pol\u00edtico para a C\u00e2mara dos Deputados<\/h2>\n\n\n\n<p>Poder, etimologicamente, tem a mesma origem latina da palavra pot\u00eancia. Portanto, poder pode ser definido, filosoficamente, como <strong>a capacidade de agir e produzir efeitos.<\/strong><\/p>\n\n\n\n<p>O homem tem poder de agir sobre a natureza, transformando-a, e produzindo alimentos, utens\u00edlios e diversos outros bens que tem como efeito a garantia de sua subsist\u00eancia e amplia\u00e7\u00e3o da sua comodidade.<\/p>\n\n\n\n<p>O homem tamb\u00e9m tem poder sobre o homem. <strong>Para que o homem exer\u00e7a poder sobre outro, \u00e9 necess\u00e1rio que haja uma rela\u00e7\u00e3o dial\u00e9tica e desigual<\/strong>, ou seja, uma rela\u00e7\u00e3o de <strong>domina\u00e7\u00e3o<\/strong>, entendida como a <strong>probabilidade de que um mando seja obedecido<\/strong>.<\/p>\n\n\n\n<h2 class=\"wp-block-heading\" id=\"h-os-tipos-de-dominacao\">Os tipos de domina\u00e7\u00e3o<\/h2>\n\n\n\n<p>Max Weber analisa sociologicamente os tipos de domina\u00e7\u00e3o, que podem ser entendidos como <strong>as formas que legitimam o exerc\u00edcio de autoridade de homens sobre outros homens.<\/strong><\/p>\n\n\n\n<p><strong>Legitimidade<\/strong> \u00e9 o reconhecimento de que um poder \u00e9 justo, v\u00e1lido e digno de obedi\u00eancia, ou seja, <strong>\u00e9 o reconhecimento de uma autoridade<\/strong>.<\/p>\n\n\n\n<p>Ele identifica tr\u00eas <strong>formas de domina\u00e7\u00e3o leg\u00edtima<\/strong>:<\/p>\n\n\n\n<ul class=\"wp-block-list\">\n<li><strong>Domina\u00e7\u00e3o tradicional:<\/strong> a autoridade decorre do respeito \u00e0s tradi\u00e7\u00f5es hist\u00f3ricas. As pessoas obedecem porque \u201csempre foi assim\u201d. Exemplo: poder dos pais sobre os filhos.<\/li>\n\n\n\n<li><strong style=\"letter-spacing: -0.1px;\">Domina\u00e7\u00e3o carism\u00e1tica:<\/strong><span style=\"letter-spacing: -0.1px;\"> baseada na devo\u00e7\u00e3o \u00e0s qualidades extraordin\u00e1rias e pessoais de um l\u00edder, seja ele visto como her\u00f3i, profeta ou figura excepcional. Exemplo: poder do l\u00edder religioso sobre os fi\u00e9is.<\/span><\/li>\n\n\n\n<li><strong>Domina\u00e7\u00e3o legal-racional:<\/strong> se fundamenta na cren\u00e7a da legalidade do ordenamento jur\u00eddico. Nela, a obedi\u00eancia n\u00e3o \u00e9 dirigida \u00e0 pessoa, mas \u00e0 autoridade das regras jur\u00eddicas que estruturam o exerc\u00edcio do poder. Exemplo: poder do governo sobre os governados.<\/li>\n<\/ul>\n\n\n\n<h2 class=\"wp-block-heading\" id=\"h-as-formas-de-exercicio-do-poder\">As formas de exerc\u00edcio do poder<\/h2>\n\n\n\n<p>Segundo Norberto Bobbio, h\u00e1 tr\u00eas meios ou recursos que podem ser utilizados para influenciar e dirigir a conduta de um indiv\u00edduo, ou seja, h\u00e1 tr\u00eas formas de exerc\u00edcio do poder, quais sejam: o poder econ\u00f4mico, o poder ideol\u00f3gico e o poder pol\u00edtico. Importante salientar que esses recursos atuam de forma combinada, estruturando as rela\u00e7\u00f5es de domina\u00e7\u00e3o nas sociedades.<\/p>\n\n\n\n<p>O <strong>poder econ\u00f4mico<\/strong> baseia-se na <strong>depend\u00eancia material<\/strong> que indiv\u00edduos t\u00eam, frente \u00e0queles que tem a posse e o controle de recursos capital, propriedade e meios de produ\u00e7\u00e3o. Dessa forma, quem det\u00e9m riqueza possui maior capacidade de influenciar decis\u00f5es.<\/p>\n\n\n\n<p>O <strong>poder ideol\u00f3gico<\/strong> est\u00e1 ligado \u00e0 maneira como as pessoas interpretam a realidade. A religi\u00e3o, a educa\u00e7\u00e3o, a cultura, a m\u00eddia e de outros instrumentos formadores de opini\u00e3o tem capacidade de influenciar ideias, valores, cren\u00e7as e vis\u00f5es de mundo e, portanto, <strong>orienta comportamentos<\/strong>.<\/p>\n\n\n\n<p>J\u00e1 o <strong>poder pol\u00edtico<\/strong> fundamenta-se na <strong><u>possibilidade exclusiva do uso da for\u00e7a pelo Estado.<\/u><\/strong> O poder pol\u00edtico tem como fonte de legitimidade a domina\u00e7\u00e3o legal-racional, ou seja, o reconhecimento social de que o Estado possui o direito de usar a for\u00e7a em nome da coletividade.<\/p>\n\n\n\n<h2 class=\"wp-block-heading\" id=\"h-o-poder-politico\">O poder pol\u00edtico<\/h2>\n\n\n\n<p><strong>Pol\u00edtica<\/strong>, em sua origem Aristot\u00e9lica, \u00e9 tudo que diz respeito \u00e0 cidade, \u00e0 <em>polis<\/em>, ou seja, aos <strong>homens em sua dimens\u00e3o coletiva<\/strong>. A pol\u00edtica n\u00e3o fala da vida privada, mas da vida p\u00fablica, sendo sua fun\u00e7\u00e3o a administra\u00e7\u00e3o dessa vida p\u00fablica.<\/p>\n\n\n\n<p>Arist\u00f3teles, adepto da corrente naturalista, afirma que o homem \u00e9 um animal pol\u00edtico, o que significa que tem uma pr\u00e9-disposi\u00e7\u00e3o natural de se associar e viver em comunidade.<\/p>\n\n\n\n<p>J\u00e1 os contratualistas, acreditam que haveria um acordo racional entre os indiv\u00edduos e a sua vontade de associa\u00e7\u00e3o e forma\u00e7\u00e3o de uma comunidade teria como finalidade a uni\u00e3o de esfor\u00e7os para viver bem.<\/p>\n\n\n\n<p>Nas primeiras formas de organiza\u00e7\u00e3o humana, a natureza era um bem coletivo, portanto, n\u00e3o havia propriedade privada. Assim, rela\u00e7\u00f5es sociais eram ordenadas pela autoridade familiar ou religiosa.<\/p>\n\n\n\n<p>Foi com a expans\u00e3o dos territ\u00f3rios, o surgimento da propriedade privada, a divis\u00e3o do trabalho e a necessidade de prote\u00e7\u00e3o, que houve a passagem das comunidades desp\u00f3ticas ou <em>pater fam\u00edlias<\/em> para a sociedade civil ou pol\u00edtica.<\/p>\n\n\n\n<p>Diante dessa realidade, seja qual for a teoria que se adote, naturalista ou contratualista, <strong>com o desenvolvimento das sociedades houve a necessidade do surgimento de uma autoridade, ou seja, uma institui\u00e7\u00e3o leg\u00edtima, dotada de uma prerrogativa exclusiva: o monop\u00f3lio do uso da for\u00e7a para garantia de coes\u00e3o social<\/strong>.<\/p>\n\n\n\n<p>Essa \u00e9 a caracter\u00edstica que distingue o poder pol\u00edtico das demais formas de poder. Enquanto o poder econ\u00f4mico e o poder ideol\u00f3gico influenciam comportamentos, <strong>o poder pol\u00edtico \u00e9 o \u00fanico capaz de impor suas decis\u00f5es por meio da for\u00e7a.<\/strong><\/p>\n\n\n\n<p>John Locke explica que <strong>o que legitima essa autoridade Estatal \u00e9 o consenso. Essa autoridade dotada de poder pol\u00edtico \u00e9 o que hoje chamamos de Estado<\/strong>.<\/p>\n\n\n\n<h2 class=\"wp-block-heading\" id=\"h-poder-politico-e-soberania\">Poder pol\u00edtico e soberania<\/h2>\n\n\n\n<p>O monop\u00f3lio do uso da for\u00e7a e a sua legitimidade por meio do consenso se completam na defini\u00e7\u00e3o de poder pol\u00edtico com um conceito teorizado por Jean Bodin: a soberania.<\/p>\n\n\n\n<p><strong>A soberania do Estado representa a autoridade \u00faltima que n\u00e3o se submete a nenhum outro poder interno e que, externamente, afirma sua independ\u00eancia perante outros Estados.<\/strong> Assim, o poder pol\u00edtico institucionalizado no Estado s\u00f3 se completa quando reconhecido como soberano, isto \u00e9, como inst\u00e2ncia m\u00e1xima de decis\u00e3o e coer\u00e7\u00e3o leg\u00edtima na ordem jur\u00eddica e social.<\/p>\n\n\n\n<h2 class=\"wp-block-heading\" id=\"h-conclusao\">Conclus\u00e3o<\/h2>\n\n\n\n<p>Agora voc\u00ea j\u00e1 sabe o que \u00e9 poder pol\u00edtico para a C\u00e2mara dos Deputados.<\/p>\n\n\n\n<p>Conclu\u00edmos que o poder pode ser compreendido como a capacidade de agir e produzir efeitos, seja sobre a natureza, seja sobre outros indiv\u00edduos. No plano das rela\u00e7\u00f5es sociais, o poder manifesta-se como a possibilidade de influenciar comportamentos, direcionar condutas e impor decis\u00f5es.<\/p>\n\n\n\n<p>O poder pol\u00edtico se diferencia porque se estrutura como autoridade suprema da ordem coletiva, dotada de legitimidade advinda do consenso e da prerrogativa exclusiva de exercer a coer\u00e7\u00e3o f\u00edsica para impor suas decis\u00f5es, de forma a garantir a ordem p\u00fablica e assegura a coes\u00e3o social.<\/p>\n\n\n\n<p>O poder pol\u00edtico refere-se, portanto, \u00e0 <strong>capacidade de controlar as decis\u00f5es e fazer cumprir as a\u00e7\u00f5es que afetam a vida coletiva de uma comunidade pol\u00edtica<\/strong>, o Estado.<\/p>\n\n\n\n<p><strong>REFER\u00caNCIAS<\/strong><\/p>\n\n\n\n<p>NOGUEIRA, Octaciano; STRAUSS, Leo. Introdu\u00e7\u00e3o \u00e0 Ci\u00eancia Pol\u00edtica.<\/p>\n\n\n\n<p>STRAUSS, Leo; CROPSEY, Joseph. Hist\u00f3ria da Filosofia Pol\u00edtica.<\/p>\n\n\n\n<h2 class=\"wp-block-heading has-text-align-center\" id=\"h-quer-saber-tudo-sobre-concursos-previstos-confira-nossos-artigos\">Quer saber tudo sobre concursos previstos?<br \/>Confira nossos artigos<\/h2>\n\n\n\n<p class=\"has-text-align-center has-pale-cyan-blue-background-color has-background\"><a href=\"https:\/\/www.estrategiaconcursos.com.br\/blog\/concursos-abertos\/\" target=\"_blank\" rel=\"noreferrer noopener\">Concursos abertos<\/a><\/p>\n\n\n\n<p class=\"has-text-align-center has-pale-cyan-blue-background-color has-background\"><a href=\"https:\/\/www.estrategiaconcursos.com.br\/blog\/concursos-2026\/\">Concursos 2026<\/a><\/p>\n\n\n\n<p class=\"has-text-align-center\"><em>Poder pol\u00edtico para a C\u00e2mara dos Deputados<\/em><\/p>\n\n\n\n<p><\/p>\n","protected":false},"excerpt":{"rendered":"<p>Hoje, vamos entender o conceito de poder politico para a C\u00e2mara dos Deputados, cujas provas acontecem no pr\u00f3ximo domingo, dia 08 de mar\u00e7o. O que \u00e9 poder? Poder pol\u00edtico para a C\u00e2mara dos Deputados Poder, etimologicamente, tem a mesma origem latina da palavra pot\u00eancia. Portanto, poder pode ser definido, filosoficamente, como a capacidade de agir [&hellip;]<\/p>\n","protected":false},"author":1666,"featured_media":1725676,"comment_status":"open","ping_status":"closed","sticky":false,"template":"","format":"standard","meta":{"post_tipo":"article","footnotes":""},"categories":[2017],"tags":[],"tax_estado":[219963],"class_list":["post-1725675","post","type-post","status-publish","format-standard","has-post-thumbnail","hentry","category-concursos-legislativos","tax_estado-concursos-federais"],"acf":[],"yoast_head":"<!-- This site is optimized with the Yoast SEO Premium plugin v27.2 (Yoast SEO v27.2) - https:\/\/yoast.com\/product\/yoast-seo-premium-wordpress\/ -->\n<title>Poder pol\u00edtico para a C\u00e2mara dos Deputados<\/title>\n<meta name=\"description\" content=\"Hoje, vamos entender o conceito de poder politico para a C\u00e2mara dos Deputados, cujas provas acontecem no pr\u00f3ximo domingo, dia 08 de mar\u00e7o.\" \/>\n<meta name=\"robots\" content=\"index, follow, max-snippet:-1, max-image-preview:large, max-video-preview:-1\" \/>\n<link rel=\"canonical\" href=\"https:\/\/www.estrategiaconcursos.com.br\/blog\/poder-politico-camara-dos-deputados\/\" \/>\n<meta property=\"og:locale\" content=\"pt_BR\" \/>\n<meta property=\"og:type\" content=\"article\" \/>\n<meta property=\"og:title\" content=\"Poder pol\u00edtico para a C\u00e2mara dos Deputados\" \/>\n<meta property=\"og:description\" content=\"Hoje, vamos entender o conceito de poder politico para a C\u00e2mara dos Deputados, cujas provas acontecem no pr\u00f3ximo domingo, dia 08 de mar\u00e7o.\" \/>\n<meta property=\"og:url\" content=\"https:\/\/www.estrategiaconcursos.com.br\/blog\/poder-politico-camara-dos-deputados\/\" \/>\n<meta property=\"og:site_name\" content=\"Estrat\u00e9gia Concursos\" \/>\n<meta property=\"article:published_time\" content=\"2026-03-15T14:16:00+00:00\" \/>\n<meta property=\"og:image\" content=\"https:\/\/dhg1h5j42swfq.cloudfront.net\/2026\/03\/04214848\/poder-politico.png\" \/>\n\t<meta property=\"og:image:width\" content=\"1536\" \/>\n\t<meta property=\"og:image:height\" content=\"1024\" \/>\n\t<meta property=\"og:image:type\" content=\"image\/png\" \/>\n<meta name=\"author\" content=\"Ana Luiza Tib\u00farcio Guimar\u00e3es\" \/>\n<meta name=\"twitter:card\" content=\"summary_large_image\" \/>\n<meta name=\"twitter:creator\" content=\"@EstratConcursos\" \/>\n<meta name=\"twitter:site\" content=\"@EstratConcursos\" \/>\n<meta name=\"twitter:label1\" content=\"Escrito por\" \/>\n\t<meta name=\"twitter:data1\" content=\"Ana Luiza Tib\u00farcio Guimar\u00e3es\" \/>\n\t<meta name=\"twitter:label2\" content=\"Est. tempo de leitura\" \/>\n\t<meta name=\"twitter:data2\" content=\"6 minutos\" \/>\n<script type=\"application\/ld+json\" class=\"yoast-schema-graph\">{\"@context\":\"https:\/\/schema.org\",\"@graph\":[{\"@type\":\"NewsArticle\",\"@id\":\"https:\/\/www.estrategiaconcursos.com.br\/blog\/poder-politico-camara-dos-deputados\/#article\",\"isPartOf\":{\"@id\":\"https:\/\/www.estrategiaconcursos.com.br\/blog\/poder-politico-camara-dos-deputados\/\"},\"author\":{\"name\":\"Ana Luiza Tib\u00farcio Guimar\u00e3es\",\"@id\":\"https:\/\/www.estrategiaconcursos.com.br\/blog\/#\/schema\/person\/adbd974f815a3acb9e572fdf7315d7c2\"},\"headline\":\"Poder pol\u00edtico para a C\u00e2mara dos Deputados\",\"datePublished\":\"2026-03-15T14:16:00+00:00\",\"mainEntityOfPage\":{\"@id\":\"https:\/\/www.estrategiaconcursos.com.br\/blog\/poder-politico-camara-dos-deputados\/\"},\"wordCount\":1147,\"commentCount\":0,\"publisher\":{\"@id\":\"https:\/\/www.estrategiaconcursos.com.br\/blog\/#organization\"},\"image\":{\"@id\":\"https:\/\/www.estrategiaconcursos.com.br\/blog\/poder-politico-camara-dos-deputados\/#primaryimage\"},\"thumbnailUrl\":\"https:\/\/dhg1h5j42swfq.cloudfront.net\/2026\/03\/04214848\/poder-politico.png\",\"articleSection\":[\"Legislativo\"],\"inLanguage\":\"pt-BR\",\"potentialAction\":[{\"@type\":\"CommentAction\",\"name\":\"Comment\",\"target\":[\"https:\/\/www.estrategiaconcursos.com.br\/blog\/poder-politico-camara-dos-deputados\/#respond\"]}],\"copyrightYear\":\"2026\",\"copyrightHolder\":{\"@id\":\"https:\/\/www.estrategiaconcursos.com.br\/blog\/#organization\"}},{\"@type\":\"WebPage\",\"@id\":\"https:\/\/www.estrategiaconcursos.com.br\/blog\/poder-politico-camara-dos-deputados\/\",\"url\":\"https:\/\/www.estrategiaconcursos.com.br\/blog\/poder-politico-camara-dos-deputados\/\",\"name\":\"Poder pol\u00edtico para a C\u00e2mara dos Deputados\",\"isPartOf\":{\"@id\":\"https:\/\/www.estrategiaconcursos.com.br\/blog\/#website\"},\"primaryImageOfPage\":{\"@id\":\"https:\/\/www.estrategiaconcursos.com.br\/blog\/poder-politico-camara-dos-deputados\/#primaryimage\"},\"image\":{\"@id\":\"https:\/\/www.estrategiaconcursos.com.br\/blog\/poder-politico-camara-dos-deputados\/#primaryimage\"},\"thumbnailUrl\":\"https:\/\/dhg1h5j42swfq.cloudfront.net\/2026\/03\/04214848\/poder-politico.png\",\"datePublished\":\"2026-03-15T14:16:00+00:00\",\"description\":\"Hoje, vamos entender o conceito de poder politico para a C\u00e2mara dos Deputados, cujas provas acontecem no pr\u00f3ximo domingo, dia 08 de mar\u00e7o.\",\"breadcrumb\":{\"@id\":\"https:\/\/www.estrategiaconcursos.com.br\/blog\/poder-politico-camara-dos-deputados\/#breadcrumb\"},\"inLanguage\":\"pt-BR\",\"potentialAction\":[{\"@type\":\"ReadAction\",\"target\":[\"https:\/\/www.estrategiaconcursos.com.br\/blog\/poder-politico-camara-dos-deputados\/\"]}]},{\"@type\":\"ImageObject\",\"inLanguage\":\"pt-BR\",\"@id\":\"https:\/\/www.estrategiaconcursos.com.br\/blog\/poder-politico-camara-dos-deputados\/#primaryimage\",\"url\":\"https:\/\/dhg1h5j42swfq.cloudfront.net\/2026\/03\/04214848\/poder-politico.png\",\"contentUrl\":\"https:\/\/dhg1h5j42swfq.cloudfront.net\/2026\/03\/04214848\/poder-politico.png\",\"width\":1536,\"height\":1024,\"caption\":\"Poder pol\u00edtico para a C\u00e2mara dos Deputados\"},{\"@type\":\"BreadcrumbList\",\"@id\":\"https:\/\/www.estrategiaconcursos.com.br\/blog\/poder-politico-camara-dos-deputados\/#breadcrumb\",\"itemListElement\":[{\"@type\":\"ListItem\",\"position\":1,\"name\":\"In\u00edcio\",\"item\":\"https:\/\/www.estrategiaconcursos.com.br\/blog\/\"},{\"@type\":\"ListItem\",\"position\":2,\"name\":\"Poder pol\u00edtico para a C\u00e2mara dos Deputados\"}]},{\"@type\":\"WebSite\",\"@id\":\"https:\/\/www.estrategiaconcursos.com.br\/blog\/#website\",\"url\":\"https:\/\/www.estrategiaconcursos.com.br\/blog\/\",\"name\":\"Estrat\u00e9gia Concursos\",\"description\":\"O blog da Estrat\u00e9gia Concursos traz not\u00edcias sobre concursos e artigos de professores oferecendo cursos para concursos (pdf + videaulas) no site.\",\"publisher\":{\"@id\":\"https:\/\/www.estrategiaconcursos.com.br\/blog\/#organization\"},\"potentialAction\":[{\"@type\":\"SearchAction\",\"target\":{\"@type\":\"EntryPoint\",\"urlTemplate\":\"https:\/\/www.estrategiaconcursos.com.br\/blog\/?s={search_term_string}\"},\"query-input\":{\"@type\":\"PropertyValueSpecification\",\"valueRequired\":true,\"valueName\":\"search_term_string\"}}],\"inLanguage\":\"pt-BR\"},{\"@type\":\"Organization\",\"@id\":\"https:\/\/www.estrategiaconcursos.com.br\/blog\/#organization\",\"name\":\"Estrat\u00e9gia Concursos\",\"url\":\"https:\/\/www.estrategiaconcursos.com.br\/blog\/\",\"logo\":{\"@type\":\"ImageObject\",\"inLanguage\":\"pt-BR\",\"@id\":\"https:\/\/www.estrategiaconcursos.com.br\/blog\/#\/schema\/logo\/image\/\",\"url\":\"https:\/\/dhg1h5j42swfq.cloudfront.net\/2025\/06\/03203428\/logo_concursos-1.jpg\",\"contentUrl\":\"https:\/\/dhg1h5j42swfq.cloudfront.net\/2025\/06\/03203428\/logo_concursos-1.jpg\",\"width\":230,\"height\":60,\"caption\":\"Estrat\u00e9gia Concursos\"},\"image\":{\"@id\":\"https:\/\/www.estrategiaconcursos.com.br\/blog\/#\/schema\/logo\/image\/\"},\"sameAs\":[\"https:\/\/x.com\/EstratConcursos\"]},{\"@type\":\"Person\",\"@id\":\"https:\/\/www.estrategiaconcursos.com.br\/blog\/#\/schema\/person\/adbd974f815a3acb9e572fdf7315d7c2\",\"name\":\"Ana Luiza Tib\u00farcio Guimar\u00e3es\",\"image\":{\"@type\":\"ImageObject\",\"inLanguage\":\"pt-BR\",\"@id\":\"https:\/\/secure.gravatar.com\/avatar\/d0e9fa767d159d6bdb59324855854ef2672e0774dce8705b1c42c80a5b4de7b8?s=96&d=mm&r=g\",\"url\":\"https:\/\/secure.gravatar.com\/avatar\/d0e9fa767d159d6bdb59324855854ef2672e0774dce8705b1c42c80a5b4de7b8?s=96&d=mm&r=g\",\"contentUrl\":\"https:\/\/secure.gravatar.com\/avatar\/d0e9fa767d159d6bdb59324855854ef2672e0774dce8705b1c42c80a5b4de7b8?s=96&d=mm&r=g\",\"caption\":\"Ana Luiza Tib\u00farcio Guimar\u00e3es\"},\"description\":\"Graduada em Direito pela Pontif\u00edcia Universidade Cat\u00f3lica de Minas Gerais e graduada em Ci\u00eancias do Estado pela Universidade Federal de Minas Gerais. P\u00f3s Graduada em Direito P\u00fablico pela PUC Minas. Gradua\u00e7\u00e3o em Gest\u00e3o P\u00fablica e P\u00f3s Gradua\u00e7\u00e3o em Ci\u00eancia Pol\u00edtica em andamento. Analista de Processo Legislativo do Senado Federal, lotada na Secretaria Legislativa do Senado. Aprova\u00e7\u00f5es em concursos: Aprovada para o cargo de Analista Judici\u00e1ria do TRF 3 (2025) Aprovada para o cargo de Procuradora do Munic\u00edpio de S\u00e3o Paulo (2024) Aprovada para o cargo de Analista Legislativa do Senado Federal (2023) Aprovada em 1\u00ba lugar para o cargo de T\u00e9cnico Judici\u00e1rio do TRF 3 (2019) Aprovada para o cargo de Juiz Leigo do Tribunal de Justi\u00e7a de Minas Gerais (2019).\",\"url\":\"https:\/\/www.estrategiaconcursos.com.br\/blog\/author\/anatiburcio-ggmail-com\/\"}]}<\/script>\n<!-- \/ Yoast SEO Premium plugin. -->","yoast_head_json":{"title":"Poder pol\u00edtico para a C\u00e2mara dos Deputados","description":"Hoje, vamos entender o conceito de poder politico para a C\u00e2mara dos Deputados, cujas provas acontecem no pr\u00f3ximo domingo, dia 08 de mar\u00e7o.","robots":{"index":"index","follow":"follow","max-snippet":"max-snippet:-1","max-image-preview":"max-image-preview:large","max-video-preview":"max-video-preview:-1"},"canonical":"https:\/\/www.estrategiaconcursos.com.br\/blog\/poder-politico-camara-dos-deputados\/","og_locale":"pt_BR","og_type":"article","og_title":"Poder pol\u00edtico para a C\u00e2mara dos Deputados","og_description":"Hoje, vamos entender o conceito de poder politico para a C\u00e2mara dos Deputados, cujas provas acontecem no pr\u00f3ximo domingo, dia 08 de mar\u00e7o.","og_url":"https:\/\/www.estrategiaconcursos.com.br\/blog\/poder-politico-camara-dos-deputados\/","og_site_name":"Estrat\u00e9gia Concursos","article_published_time":"2026-03-15T14:16:00+00:00","og_image":[{"width":1536,"height":1024,"url":"https:\/\/dhg1h5j42swfq.cloudfront.net\/2026\/03\/04214848\/poder-politico.png","type":"image\/png"}],"author":"Ana Luiza Tib\u00farcio Guimar\u00e3es","twitter_card":"summary_large_image","twitter_creator":"@EstratConcursos","twitter_site":"@EstratConcursos","twitter_misc":{"Escrito por":"Ana Luiza Tib\u00farcio Guimar\u00e3es","Est. tempo de leitura":"6 minutos"},"schema":{"@context":"https:\/\/schema.org","@graph":[{"@type":"NewsArticle","@id":"https:\/\/www.estrategiaconcursos.com.br\/blog\/poder-politico-camara-dos-deputados\/#article","isPartOf":{"@id":"https:\/\/www.estrategiaconcursos.com.br\/blog\/poder-politico-camara-dos-deputados\/"},"author":{"name":"Ana Luiza Tib\u00farcio Guimar\u00e3es","@id":"https:\/\/www.estrategiaconcursos.com.br\/blog\/#\/schema\/person\/adbd974f815a3acb9e572fdf7315d7c2"},"headline":"Poder pol\u00edtico para a C\u00e2mara dos Deputados","datePublished":"2026-03-15T14:16:00+00:00","mainEntityOfPage":{"@id":"https:\/\/www.estrategiaconcursos.com.br\/blog\/poder-politico-camara-dos-deputados\/"},"wordCount":1147,"commentCount":0,"publisher":{"@id":"https:\/\/www.estrategiaconcursos.com.br\/blog\/#organization"},"image":{"@id":"https:\/\/www.estrategiaconcursos.com.br\/blog\/poder-politico-camara-dos-deputados\/#primaryimage"},"thumbnailUrl":"https:\/\/dhg1h5j42swfq.cloudfront.net\/2026\/03\/04214848\/poder-politico.png","articleSection":["Legislativo"],"inLanguage":"pt-BR","potentialAction":[{"@type":"CommentAction","name":"Comment","target":["https:\/\/www.estrategiaconcursos.com.br\/blog\/poder-politico-camara-dos-deputados\/#respond"]}],"copyrightYear":"2026","copyrightHolder":{"@id":"https:\/\/www.estrategiaconcursos.com.br\/blog\/#organization"}},{"@type":"WebPage","@id":"https:\/\/www.estrategiaconcursos.com.br\/blog\/poder-politico-camara-dos-deputados\/","url":"https:\/\/www.estrategiaconcursos.com.br\/blog\/poder-politico-camara-dos-deputados\/","name":"Poder pol\u00edtico para a C\u00e2mara dos Deputados","isPartOf":{"@id":"https:\/\/www.estrategiaconcursos.com.br\/blog\/#website"},"primaryImageOfPage":{"@id":"https:\/\/www.estrategiaconcursos.com.br\/blog\/poder-politico-camara-dos-deputados\/#primaryimage"},"image":{"@id":"https:\/\/www.estrategiaconcursos.com.br\/blog\/poder-politico-camara-dos-deputados\/#primaryimage"},"thumbnailUrl":"https:\/\/dhg1h5j42swfq.cloudfront.net\/2026\/03\/04214848\/poder-politico.png","datePublished":"2026-03-15T14:16:00+00:00","description":"Hoje, vamos entender o conceito de poder politico para a C\u00e2mara dos Deputados, cujas provas acontecem no pr\u00f3ximo domingo, dia 08 de mar\u00e7o.","breadcrumb":{"@id":"https:\/\/www.estrategiaconcursos.com.br\/blog\/poder-politico-camara-dos-deputados\/#breadcrumb"},"inLanguage":"pt-BR","potentialAction":[{"@type":"ReadAction","target":["https:\/\/www.estrategiaconcursos.com.br\/blog\/poder-politico-camara-dos-deputados\/"]}]},{"@type":"ImageObject","inLanguage":"pt-BR","@id":"https:\/\/www.estrategiaconcursos.com.br\/blog\/poder-politico-camara-dos-deputados\/#primaryimage","url":"https:\/\/dhg1h5j42swfq.cloudfront.net\/2026\/03\/04214848\/poder-politico.png","contentUrl":"https:\/\/dhg1h5j42swfq.cloudfront.net\/2026\/03\/04214848\/poder-politico.png","width":1536,"height":1024,"caption":"Poder pol\u00edtico para a C\u00e2mara dos Deputados"},{"@type":"BreadcrumbList","@id":"https:\/\/www.estrategiaconcursos.com.br\/blog\/poder-politico-camara-dos-deputados\/#breadcrumb","itemListElement":[{"@type":"ListItem","position":1,"name":"In\u00edcio","item":"https:\/\/www.estrategiaconcursos.com.br\/blog\/"},{"@type":"ListItem","position":2,"name":"Poder pol\u00edtico para a C\u00e2mara dos Deputados"}]},{"@type":"WebSite","@id":"https:\/\/www.estrategiaconcursos.com.br\/blog\/#website","url":"https:\/\/www.estrategiaconcursos.com.br\/blog\/","name":"Estrat\u00e9gia Concursos","description":"O blog da Estrat\u00e9gia Concursos traz not\u00edcias sobre concursos e artigos de professores oferecendo cursos para concursos (pdf + videaulas) no site.","publisher":{"@id":"https:\/\/www.estrategiaconcursos.com.br\/blog\/#organization"},"potentialAction":[{"@type":"SearchAction","target":{"@type":"EntryPoint","urlTemplate":"https:\/\/www.estrategiaconcursos.com.br\/blog\/?s={search_term_string}"},"query-input":{"@type":"PropertyValueSpecification","valueRequired":true,"valueName":"search_term_string"}}],"inLanguage":"pt-BR"},{"@type":"Organization","@id":"https:\/\/www.estrategiaconcursos.com.br\/blog\/#organization","name":"Estrat\u00e9gia Concursos","url":"https:\/\/www.estrategiaconcursos.com.br\/blog\/","logo":{"@type":"ImageObject","inLanguage":"pt-BR","@id":"https:\/\/www.estrategiaconcursos.com.br\/blog\/#\/schema\/logo\/image\/","url":"https:\/\/dhg1h5j42swfq.cloudfront.net\/2025\/06\/03203428\/logo_concursos-1.jpg","contentUrl":"https:\/\/dhg1h5j42swfq.cloudfront.net\/2025\/06\/03203428\/logo_concursos-1.jpg","width":230,"height":60,"caption":"Estrat\u00e9gia Concursos"},"image":{"@id":"https:\/\/www.estrategiaconcursos.com.br\/blog\/#\/schema\/logo\/image\/"},"sameAs":["https:\/\/x.com\/EstratConcursos"]},{"@type":"Person","@id":"https:\/\/www.estrategiaconcursos.com.br\/blog\/#\/schema\/person\/adbd974f815a3acb9e572fdf7315d7c2","name":"Ana Luiza Tib\u00farcio Guimar\u00e3es","image":{"@type":"ImageObject","inLanguage":"pt-BR","@id":"https:\/\/secure.gravatar.com\/avatar\/d0e9fa767d159d6bdb59324855854ef2672e0774dce8705b1c42c80a5b4de7b8?s=96&d=mm&r=g","url":"https:\/\/secure.gravatar.com\/avatar\/d0e9fa767d159d6bdb59324855854ef2672e0774dce8705b1c42c80a5b4de7b8?s=96&d=mm&r=g","contentUrl":"https:\/\/secure.gravatar.com\/avatar\/d0e9fa767d159d6bdb59324855854ef2672e0774dce8705b1c42c80a5b4de7b8?s=96&d=mm&r=g","caption":"Ana Luiza Tib\u00farcio Guimar\u00e3es"},"description":"Graduada em Direito pela Pontif\u00edcia Universidade Cat\u00f3lica de Minas Gerais e graduada em Ci\u00eancias do Estado pela Universidade Federal de Minas Gerais. P\u00f3s Graduada em Direito P\u00fablico pela PUC Minas. Gradua\u00e7\u00e3o em Gest\u00e3o P\u00fablica e P\u00f3s Gradua\u00e7\u00e3o em Ci\u00eancia Pol\u00edtica em andamento. Analista de Processo Legislativo do Senado Federal, lotada na Secretaria Legislativa do Senado. Aprova\u00e7\u00f5es em concursos: Aprovada para o cargo de Analista Judici\u00e1ria do TRF 3 (2025) Aprovada para o cargo de Procuradora do Munic\u00edpio de S\u00e3o Paulo (2024) Aprovada para o cargo de Analista Legislativa do Senado Federal (2023) Aprovada em 1\u00ba lugar para o cargo de T\u00e9cnico Judici\u00e1rio do TRF 3 (2019) Aprovada para o cargo de Juiz Leigo do Tribunal de Justi\u00e7a de Minas Gerais (2019).","url":"https:\/\/www.estrategiaconcursos.com.br\/blog\/author\/anatiburcio-ggmail-com\/"}]}},"_links":{"self":[{"href":"https:\/\/www.estrategiaconcursos.com.br\/blog\/wp-json\/wp\/v2\/posts\/1725675","targetHints":{"allow":["GET"]}}],"collection":[{"href":"https:\/\/www.estrategiaconcursos.com.br\/blog\/wp-json\/wp\/v2\/posts"}],"about":[{"href":"https:\/\/www.estrategiaconcursos.com.br\/blog\/wp-json\/wp\/v2\/types\/post"}],"author":[{"embeddable":true,"href":"https:\/\/www.estrategiaconcursos.com.br\/blog\/wp-json\/wp\/v2\/users\/1666"}],"replies":[{"embeddable":true,"href":"https:\/\/www.estrategiaconcursos.com.br\/blog\/wp-json\/wp\/v2\/comments?post=1725675"}],"version-history":[{"count":3,"href":"https:\/\/www.estrategiaconcursos.com.br\/blog\/wp-json\/wp\/v2\/posts\/1725675\/revisions"}],"predecessor-version":[{"id":1726638,"href":"https:\/\/www.estrategiaconcursos.com.br\/blog\/wp-json\/wp\/v2\/posts\/1725675\/revisions\/1726638"}],"wp:featuredmedia":[{"embeddable":true,"href":"https:\/\/www.estrategiaconcursos.com.br\/blog\/wp-json\/wp\/v2\/media\/1725676"}],"wp:attachment":[{"href":"https:\/\/www.estrategiaconcursos.com.br\/blog\/wp-json\/wp\/v2\/media?parent=1725675"}],"wp:term":[{"taxonomy":"category","embeddable":true,"href":"https:\/\/www.estrategiaconcursos.com.br\/blog\/wp-json\/wp\/v2\/categories?post=1725675"},{"taxonomy":"post_tag","embeddable":true,"href":"https:\/\/www.estrategiaconcursos.com.br\/blog\/wp-json\/wp\/v2\/tags?post=1725675"},{"taxonomy":"tax_estado","embeddable":true,"href":"https:\/\/www.estrategiaconcursos.com.br\/blog\/wp-json\/wp\/v2\/tax_estado?post=1725675"}],"curies":[{"name":"wp","href":"https:\/\/api.w.org\/{rel}","templated":true}]}}