{"id":1725549,"date":"2026-03-09T09:00:00","date_gmt":"2026-03-09T12:00:00","guid":{"rendered":"https:\/\/www.estrategiaconcursos.com.br\/blog\/?p=1725549"},"modified":"2026-03-14T08:06:21","modified_gmt":"2026-03-14T11:06:21","slug":"carta-aos-assinantes-280","status":"publish","type":"post","link":"https:\/\/www.estrategiaconcursos.com.br\/blog\/carta-aos-assinantes-280\/","title":{"rendered":"Carta aos Assinantes do Estrat\u00e9gia Concursos &#8211; 280"},"content":{"rendered":"\n<p class=\"has-text-align-right has-luminous-vivid-amber-background-color has-background\"><em>Confira, em nossa <strong>ducent\u00e9sima octog\u00e9sima <\/strong>carta aos assinantes, a nossa programa\u00e7\u00e3o semanal, as novidades do nosso Sistema de Quest\u00f5es e as principais movimenta\u00e7\u00f5es de concursos.<\/em><\/p>\n\n\n\n<p>Ol\u00e1, pessoal. Tudo bem?<\/p>\n\n\n\n<p>Aqui \u00e9 o<strong>&nbsp;Prof. Diego Cerqueira&nbsp;<\/strong>em nossa <strong><\/strong><strong>ducent\u00e9sima octog\u00e9sima<\/strong> Carta aos Assinantes do Estrat\u00e9gia Concursos.<\/p>\n\n\n\n<p>Se voc\u00ea precisa de um empurr\u00e3ozinho para iniciar seus estudos para concursos p\u00fablicos, aten\u00e7\u00e3o: seguimos com a nossa <strong>Semana do Consumidor Concurseiro<\/strong>!<\/p>\n\n\n\n<p>S\u00e3o descontos imperd\u00edveis e b\u00f4nus exclusivos para voc\u00ea virar servidor p\u00fablico em 2026! Conhe\u00e7a a estrat\u00e9gia escolhida por <strong>7 a cada 10 aprovados <\/strong>em concursos. <\/p>\n\n\n\n<p>Al\u00e9m disso, os melhores professores do pa\u00eds v\u00e3o te orientar, passo a passo, a como sair do zero e garantir a sua vaga! N\u00e3o perca mais tempo!<\/p>\n\n\n\n<figure class=\"wp-block-image aligncenter size-large\"><a href=\"https:\/\/mkt.estrategia.com\/concursos\/semana-do-consumidor-concurseiro-2026-lp-2\/?utm_source=banner&amp;utm_medium=banner&amp;utm_campaign=ec-ge-ld-banner-semanaconsumidor-semesp-020326-consumidor\" target=\"_blank\" rel=\" noreferrer noopener\"><img loading=\"lazy\" decoding=\"async\" width=\"1024\" height=\"274\" src=\"https:\/\/dhg1h5j42swfq.cloudfront.net\/2026\/02\/20160206\/banner-2-1024x274.jpg\" alt=\"\" class=\"wp-image-1718671\" srcset=\"https:\/\/dhg1h5j42swfq.cloudfront.net\/2026\/02\/20160206\/banner-2-1024x274.jpg 1024w, https:\/\/dhg1h5j42swfq.cloudfront.net\/2026\/02\/20160206\/banner-2-300x80.jpg 300w, https:\/\/dhg1h5j42swfq.cloudfront.net\/2026\/02\/20160206\/banner-2-768x206.jpg 768w, https:\/\/dhg1h5j42swfq.cloudfront.net\/2026\/02\/20160206\/banner-2-1536x411.jpg 1536w, https:\/\/dhg1h5j42swfq.cloudfront.net\/2026\/02\/20160206\/banner-2-150x40.jpg 150w, https:\/\/dhg1h5j42swfq.cloudfront.net\/2026\/02\/20160206\/banner-2.jpg 1920w\" sizes=\"auto, (max-width: 1024px) 100vw, 1024px\" \/><\/a><figcaption class=\"wp-element-caption\"><a href=\"https:\/\/mkt.estrategia.com\/concursos\/semana-do-consumidor-concurseiro-2026-lp-2\/?utm_source=banner&amp;utm_medium=banner&amp;utm_campaign=ec-ge-ld-banner-semanaconsumidor-semesp-020326-consumidor\" target=\"_blank\" rel=\"noreferrer noopener\">Inscreva-se agora mesmo e n\u00e3o fique de fora da Semana do Consumidor Concurseiro<\/a><\/figcaption><\/figure>\n\n\n\n<h2 class=\"wp-block-heading\" id=\"h-sistema-de-questoes-do-estrategia\">Sistema de Quest\u00f5es do Estrat\u00e9gia<\/h2>\n\n\n\n<p>Na \u00faltima semana, a nossa equipe do Sistema de Quest\u00f5es&nbsp;<strong>criou&nbsp;<\/strong>os seguintes&nbsp;<strong>Cadernos de Quest\u00f5es<\/strong>:<\/p>\n\n\n\n<ul class=\"wp-block-list\">\n<li>Cadernos Reta Final C\u00e2mara de Botucatu SP (<a href=\"https:\/\/www.estrategiaconcursos.com.br\/blog\/cadernos-reta-final-concurso-camara-botucatu-sp\/\" target=\"_blank\" rel=\"noreferrer noopener\">clique aqui<\/a>)<\/li>\n<\/ul>\n\n\n\n<p>Al\u00e9m disso, tamb\u00e9m foram <strong>atualizados<\/strong>&nbsp;os seguintes&nbsp;<strong>Cadernos de Quest\u00f5es<\/strong>:<\/p>\n\n\n\n<ul class=\"wp-block-list\">\n<li>Cadernos Pr\u00e9-edital Sefaz CE (<a href=\"https:\/\/www.estrategiaconcursos.com.br\/blog\/cadernos-de-questoes-pre-edital-concurso-sefaz-ce\/\" target=\"_blank\" rel=\"noreferrer noopener\">clique aqui<\/a>)<\/li>\n\n\n\n<li>Cadernos Reta Final C\u00e2mara de S\u00e3o Roque SP (<a href=\"https:\/\/www.estrategiaconcursos.com.br\/blog\/cadernos-reta-final-concurso-camara-sao-roque-sp\/\" target=\"_blank\" rel=\"noreferrer noopener\">clique aqui<\/a>)<\/li>\n\n\n\n<li>Cadernos Reta Final C\u00e2mara de Campo Limpo Paulista SP (<a href=\"https:\/\/www.estrategiaconcursos.com.br\/blog\/cadernos-reta-final-camara-campo-limpo-paulista-sp\/\" target=\"_blank\" rel=\"noreferrer noopener\">clique aqui<\/a>)<\/li>\n\n\n\n<li>Cadernos Reta Final FAPESP (<a href=\"https:\/\/www.estrategiaconcursos.com.br\/blog\/cadernos-reta-final-concurso-fapesp-2026\/\" target=\"_blank\" rel=\"noreferrer noopener\">clique aqui<\/a>)<\/li>\n\n\n\n<li>Quest\u00f5es In\u00e9ditas PC SC (<a href=\"https:\/\/www.estrategiaconcursos.com.br\/blog\/cadernos-questoes-ineditas-concurso-pc-sc\/\" target=\"_blank\" rel=\"noreferrer noopener\">clique aqui<\/a>)<\/li>\n<\/ul>\n\n\n\n<h2 class=\"wp-block-heading\" id=\"h-agora-vamos-ver-as-principais-movimentacoes-de-concursos-da-ultima-semana\">Agora, vamos ver as principais movimenta\u00e7\u00f5es de concursos da \u00faltima semana?<\/h2>\n\n\n\n<ul class=\"wp-block-list\">\n<li><a href=\"https:\/\/www.estrategiaconcursos.com.br\/blog\/edital-mp-es-sera-publicado-na-proxima-semana\/\" target=\"_blank\" rel=\"noreferrer noopener\"><strong>MP ES<\/strong><\/a>: O edital do concurso do Minist\u00e9rio P\u00fablico do Esp\u00edrito Santo ser\u00e1 <strong>publicado a partir do dia 9 de mar\u00e7o<\/strong>! A informa\u00e7\u00e3o foi passada pelo pr\u00f3prio \u00f3rg\u00e3o por meio de suas redes sociais.<\/li>\n<\/ul>\n\n\n\n<ul class=\"wp-block-list\">\n<li><a href=\"https:\/\/www.estrategiaconcursos.com.br\/blog\/concurso-dpe-am\/\" target=\"_blank\" rel=\"noreferrer noopener\"><strong>DPE AM<\/strong><\/a>: O concurso para servidores da Defensoria P\u00fablica do Amazonas (DPE AM) deve ter o <strong>edital divulgado ainda esse ano<\/strong>! A banca FCC deve ser a respons\u00e1vel por dar continuidade ao concurso que deveria ter sido divulgado ainda em 2025. Vale lembrar que o regulamento foi republicado e conta com vagas para os cargos de Assistente T\u00e9cnico e Analista, nos n\u00edveis m\u00e9dio e superior em diversas especialidades.<\/li>\n<\/ul>\n\n\n\n<ul class=\"wp-block-list\">\n<li><a href=\"https:\/\/www.estrategiaconcursos.com.br\/blog\/concurso-cnj\/\" target=\"_blank\" rel=\"noreferrer noopener\"><strong>CNJ<\/strong><\/a>: A C\u00e2mara dos Deputados <strong>aprovou um projeto de lei que prev\u00ea a cria\u00e7\u00e3o de 120 cargos efetivos<\/strong> para o Conselho Nacional de Justi\u00e7a (CNJ). Tamb\u00e9m ser\u00e3o criados 120 cargos em comiss\u00e3o e fun\u00e7\u00f5es comissionadas. O texto agora segue para an\u00e1lise do Senado Federal. O texto seguir\u00e1 para an\u00e1lise no Senado.<\/li>\n<\/ul>\n\n\n\n<ul class=\"wp-block-list\">\n<li><a href=\"https:\/\/www.estrategiaconcursos.com.br\/blog\/concurso-mpu-reajuste-salarial-servidores\/\" target=\"_blank\" rel=\"noreferrer noopener\"><strong>MPU<\/strong><\/a>: A C\u00e2mara dos Deputados <strong>aprovou o reajuste salarial<\/strong> de 24% para servidores efetivos do Minist\u00e9rio P\u00fablico da Uni\u00e3o (MPU) e do Conselho Nacional do Minist\u00e9rio P\u00fablico (CNMP). O PL 3.879\/2024 prev\u00ea a recomposi\u00e7\u00e3o salarial dos servidores em tr\u00eas parcelas cumulativas.<\/li>\n<\/ul>\n\n\n\n<ul class=\"wp-block-list\">\n<li><a href=\"https:\/\/www.estrategiaconcursos.com.br\/blog\/concurso-unificado-pi\/\" target=\"_blank\" rel=\"noreferrer noopener\"><strong>Concurso Unificado PI<\/strong><\/a>: O 1\u00ba concurso Unificado PI ter\u00e1 seu <strong>edital publicado ainda no primeiro semestre de 2026<\/strong>! O secret\u00e1rio de Administra\u00e7\u00e3o, Samuel Nascimento, confirmou que o edital deve ser publicado at\u00e9 abril de 2026 e atender\u00e1 diversas secretarias. Ser\u00e3o ofertadas 200 vagas, distribu\u00eddas entre diversos \u00f3rg\u00e3os, sendo 100 imediatas e outras 100 para forma\u00e7\u00e3o de cadastro de reserva.<\/li>\n<\/ul>\n\n\n\n<ul class=\"wp-block-list\">\n<li><strong><a href=\"https:\/\/www.estrategiaconcursos.com.br\/blog\/concurso-guarda-de-maceio\/\" target=\"_blank\" rel=\"noreferrer noopener\">GCM Macei\u00f3 AL<\/a><\/strong>: Foi <strong>publicado o edital<\/strong> do concurso GCM Macei\u00f3, munic\u00edpio localizado no estado de Alagoas! S\u00e3o ofertadas 50 vagas imediatas e 50 em cadastro de reserva. As oportunidades s\u00e3o para Guarda Civil Municipal, de n\u00edvel m\u00e9dio, distribu\u00eddas entre diferentes modalidades de participa\u00e7\u00e3o. O sal\u00e1rio inicial alcan\u00e7a R$ 3.685,11. Os interessados em participar da sele\u00e7\u00e3o devem realizar as inscri\u00e7\u00f5es no per\u00edodo de 12 de mar\u00e7o a 7 de maio, no site da Copeve-UFAL, ao custo de R$ 120,00. As provas s\u00e3o previstas em 12 de julho.<\/li>\n<\/ul>\n\n\n\n<ul class=\"wp-block-list\">\n<li><strong><a href=\"https:\/\/www.estrategiaconcursos.com.br\/blog\/concurso-policia-penal-rs\/\" target=\"_blank\" rel=\"noreferrer noopener\">Pol\u00edcia Penal RS<\/a><\/strong>: Novos avan\u00e7os foram registrados para o concurso Pol\u00edcia Penal RS! Isso porque a FUNDATEC foi <strong>definida como banca organizadora<\/strong>. Ser\u00e3o ofertadas 3 mil vagas (entre imediatas e cadastro de reserva) para os cargos de Policial Penal, Analista e T\u00e9cnico Administrativo, de n\u00edveis m\u00e9dio e superior. O sal\u00e1rio varia de R$ 5.159,25 a R$ 9.745,26. Segundo o secret\u00e1rio dos Sistemas Penal e Socioeducativo do Rio Grande do Sul, Jorge Pozzobom, o edital est\u00e1 pronto e pode ser publicado no m\u00eas de mar\u00e7o, com provas em maio.<\/li>\n<\/ul>\n\n\n\n<ul class=\"wp-block-list\">\n<li><strong><a href=\"https:\/\/www.estrategiaconcursos.com.br\/blog\/concurso-cge-al\/\" target=\"_blank\" rel=\"noreferrer noopener\">CGE AL<\/a><\/strong>: O concurso p\u00fablico da Controladoria-Geral de Alagoas (CGE AL) est\u00e1 cada vez mais pr\u00f3ximo de sair do papel! Inclusive, a <strong>banca organizadora j\u00e1 foi oficialmente contratada<\/strong>. De acordo com informa\u00e7\u00f5es publicadas no Portal Nacional de Contrata\u00e7\u00f5es P\u00fablicas, o Cebraspe foi a empresa escolhida para organizar o certame. Vale destacar que foram publicados tanto o contrato firmado com a banca quanto o Termo de Refer\u00eancia do concurso. Com isso, j\u00e1 \u00e9 poss\u00edvel confirmar as etapas de avalia\u00e7\u00e3o, que ser\u00e3o duas: provas objetivas e discursivas (de car\u00e1ter eliminat\u00f3rio e classificat\u00f3rio), al\u00e9m da avalia\u00e7\u00e3o de t\u00edtulos. Lembrando que os candidatos disputar\u00e3o 10 vagas para o cargo de Analista de Controle Interno, sendo 05 para provimento imediato e 05 para CR.<\/li>\n<\/ul>\n\n\n\n<ul class=\"wp-block-list\">\n<li><strong><a href=\"https:\/\/www.estrategiaconcursos.com.br\/blog\/concurso-sefaz-sc\/\" target=\"_blank\" rel=\"noreferrer noopener\">Sefaz SC<\/a><\/strong>: O novo concurso Sefaz SC (Secretaria da Fazenda de Santa Catarina) est\u00e1 cada vez mais pr\u00f3ximo de acontecer. Isso porque foi <strong>constitu\u00edda a comiss\u00e3o respons\u00e1vel pelas atividades do certame<\/strong> ao cargo de Auditor Estadual de Finan\u00e7as P\u00fablicas (AEFP). De acordo com a portaria, ser\u00e3o ofertadas 50 vagas. A carreira exige n\u00edvel superior de forma\u00e7\u00e3o e o sal\u00e1rio inicial \u00e9 de R$ 15.112,36 (VB + gratifica\u00e7\u00f5es). Vale salientar que ser\u00e3o aceitas forma\u00e7\u00f5es nas \u00e1reas de Administra\u00e7\u00e3o, Ci\u00eancias Cont\u00e1beis, Ci\u00eancias Econ\u00f4micas, Direito, Engenharias ou Ci\u00eancias da Computa\u00e7\u00e3o, al\u00e9m de cursos correlatos especificados no edital.<\/li>\n<\/ul>\n\n\n\n<ul class=\"wp-block-list\">\n<li><strong><a href=\"https:\/\/www.estrategiaconcursos.com.br\/blog\/concurso-iss-juiz-de-fora\/\" target=\"_blank\" rel=\"noreferrer noopener\">ISS Juiz de Fora<\/a><\/strong>: A Prefeitura de Juiz de Fora se prepara para realizar um novo concurso p\u00fablico destinado ao cargo de Auditor Fiscal do Munic\u00edpio (ISS). A <strong>comiss\u00e3o organizadora j\u00e1 foi formada<\/strong> e ter\u00e1 como objetivo realizar os estudos t\u00e9cnicos, o levantamento de necessidades e a execu\u00e7\u00e3o dos procedimentos preliminares necess\u00e1rios \u00e0 realiza\u00e7\u00e3o do certame. Tamb\u00e9m dever\u00e1 definir o quantitativo de vagas para provimento imediato e forma\u00e7\u00e3o de cadastro de reserva, o formato e os requisitos do certame, al\u00e9m de elaborar o Termo de Refer\u00eancia para contrata\u00e7\u00e3o da banca examinadora. O prazo para conclus\u00e3o dos estudos e dos procedimentos preliminares ser\u00e1 de 90 dias, contados a partir de 2 de fevereiro, ou seja, at\u00e9 3 de maio, podendo ser prorrogado por igual per\u00edodo.<\/li>\n<\/ul>\n\n\n\n<p>Espero que tenham gostado da Carta aos Assinantes. Desejo a todos uma excelente semana de estudos!<\/p>\n\n\n\n<p>Abra\u00e7os,<\/p>\n\n\n\n<p><strong>Prof. Diego Cerqueira<\/strong><\/p>\n","protected":false},"excerpt":{"rendered":"<p>Confira, em nossa ducent\u00e9sima octog\u00e9sima carta aos assinantes, a nossa programa\u00e7\u00e3o semanal, as novidades do nosso Sistema de Quest\u00f5es e as principais movimenta\u00e7\u00f5es de concursos. Ol\u00e1, pessoal. Tudo bem? Aqui \u00e9 o&nbsp;Prof. Diego Cerqueira&nbsp;em nossa ducent\u00e9sima octog\u00e9sima Carta aos Assinantes do Estrat\u00e9gia Concursos. Se voc\u00ea precisa de um empurr\u00e3ozinho para iniciar seus estudos para concursos [&hellip;]<\/p>\n","protected":false},"author":1789,"featured_media":1058143,"comment_status":"open","ping_status":"closed","sticky":false,"template":"","format":"standard","meta":{"post_tipo":"article","footnotes":""},"categories":[1,220219],"tags":[],"tax_estado":[219963],"class_list":["post-1725549","post","type-post","status-publish","format-standard","has-post-thumbnail","hentry","category-cursos-e-concursos","category-noticias","tax_estado-concursos-federais"],"acf":[],"yoast_head":"<!-- This site is optimized with the Yoast SEO Premium plugin v27.2 (Yoast SEO v27.2) - https:\/\/yoast.com\/product\/yoast-seo-premium-wordpress\/ -->\n<title>Carta aos Assinantes do Estrat\u00e9gia Concursos - 280<\/title>\n<meta name=\"description\" content=\"Confira em nossa 280\u00aa carta aos assinantes as novidades do nosso SQ e principais movimenta\u00e7\u00f5es de concursos.\" \/>\n<meta name=\"robots\" content=\"index, follow, max-snippet:-1, max-image-preview:large, max-video-preview:-1\" \/>\n<link rel=\"canonical\" href=\"https:\/\/www.estrategiaconcursos.com.br\/blog\/carta-aos-assinantes-280\/\" \/>\n<meta property=\"og:locale\" content=\"pt_BR\" \/>\n<meta property=\"og:type\" content=\"article\" \/>\n<meta property=\"og:title\" content=\"Carta aos Assinantes do Estrat\u00e9gia Concursos - 280\" \/>\n<meta property=\"og:description\" content=\"Confira em nossa 280\u00aa carta aos assinantes as novidades do nosso SQ e principais movimenta\u00e7\u00f5es de concursos.\" \/>\n<meta property=\"og:url\" content=\"https:\/\/www.estrategiaconcursos.com.br\/blog\/carta-aos-assinantes-280\/\" \/>\n<meta property=\"og:site_name\" content=\"Estrat\u00e9gia Concursos\" \/>\n<meta property=\"article:published_time\" content=\"2026-03-09T12:00:00+00:00\" \/>\n<meta property=\"article:modified_time\" content=\"2026-03-14T11:06:21+00:00\" \/>\n<meta property=\"og:image\" content=\"https:\/\/dhg1h5j42swfq.cloudfront.net\/2022\/07\/08165823\/imagem-carta-aos-assinantes-1.png\" \/>\n\t<meta property=\"og:image:width\" content=\"800\" \/>\n\t<meta property=\"og:image:height\" content=\"450\" \/>\n\t<meta property=\"og:image:type\" content=\"image\/png\" \/>\n<meta name=\"author\" content=\"Coordena\u00e7\u00e3o Estrat\u00e9gia\" \/>\n<meta name=\"twitter:card\" content=\"summary_large_image\" \/>\n<meta name=\"twitter:creator\" content=\"@EstratConcursos\" \/>\n<meta name=\"twitter:site\" content=\"@EstratConcursos\" \/>\n<meta name=\"twitter:label1\" content=\"Escrito por\" \/>\n\t<meta name=\"twitter:data1\" content=\"Coordena\u00e7\u00e3o Estrat\u00e9gia\" \/>\n\t<meta name=\"twitter:label2\" content=\"Est. tempo de leitura\" \/>\n\t<meta name=\"twitter:data2\" content=\"6 minutos\" \/>\n<script type=\"application\/ld+json\" class=\"yoast-schema-graph\">{\"@context\":\"https:\/\/schema.org\",\"@graph\":[{\"@type\":\"NewsArticle\",\"@id\":\"https:\/\/www.estrategiaconcursos.com.br\/blog\/carta-aos-assinantes-280\/#article\",\"isPartOf\":{\"@id\":\"https:\/\/www.estrategiaconcursos.com.br\/blog\/carta-aos-assinantes-280\/\"},\"author\":{\"name\":\"Coordena\u00e7\u00e3o Estrat\u00e9gia\",\"@id\":\"https:\/\/www.estrategiaconcursos.com.br\/blog\/#\/schema\/person\/ba5fab3b1fa4a358429e37bc50f74021\"},\"headline\":\"Carta aos Assinantes do Estrat\u00e9gia Concursos &#8211; 280\",\"datePublished\":\"2026-03-09T12:00:00+00:00\",\"dateModified\":\"2026-03-14T11:06:21+00:00\",\"mainEntityOfPage\":{\"@id\":\"https:\/\/www.estrategiaconcursos.com.br\/blog\/carta-aos-assinantes-280\/\"},\"wordCount\":1133,\"commentCount\":0,\"publisher\":{\"@id\":\"https:\/\/www.estrategiaconcursos.com.br\/blog\/#organization\"},\"image\":{\"@id\":\"https:\/\/www.estrategiaconcursos.com.br\/blog\/carta-aos-assinantes-280\/#primaryimage\"},\"thumbnailUrl\":\"https:\/\/dhg1h5j42swfq.cloudfront.net\/2022\/07\/08165823\/imagem-carta-aos-assinantes-1.png\",\"articleSection\":[\"Concursos P\u00fablicos\",\"\u00daltimas not\u00edcias\"],\"inLanguage\":\"pt-BR\",\"potentialAction\":[{\"@type\":\"CommentAction\",\"name\":\"Comment\",\"target\":[\"https:\/\/www.estrategiaconcursos.com.br\/blog\/carta-aos-assinantes-280\/#respond\"]}],\"copyrightYear\":\"2026\",\"copyrightHolder\":{\"@id\":\"https:\/\/www.estrategiaconcursos.com.br\/blog\/#organization\"}},{\"@type\":\"WebPage\",\"@id\":\"https:\/\/www.estrategiaconcursos.com.br\/blog\/carta-aos-assinantes-280\/\",\"url\":\"https:\/\/www.estrategiaconcursos.com.br\/blog\/carta-aos-assinantes-280\/\",\"name\":\"Carta aos Assinantes do Estrat\u00e9gia Concursos - 280\",\"isPartOf\":{\"@id\":\"https:\/\/www.estrategiaconcursos.com.br\/blog\/#website\"},\"primaryImageOfPage\":{\"@id\":\"https:\/\/www.estrategiaconcursos.com.br\/blog\/carta-aos-assinantes-280\/#primaryimage\"},\"image\":{\"@id\":\"https:\/\/www.estrategiaconcursos.com.br\/blog\/carta-aos-assinantes-280\/#primaryimage\"},\"thumbnailUrl\":\"https:\/\/dhg1h5j42swfq.cloudfront.net\/2022\/07\/08165823\/imagem-carta-aos-assinantes-1.png\",\"datePublished\":\"2026-03-09T12:00:00+00:00\",\"dateModified\":\"2026-03-14T11:06:21+00:00\",\"description\":\"Confira em nossa 280\u00aa carta aos assinantes as novidades do nosso SQ e principais movimenta\u00e7\u00f5es de concursos.\",\"breadcrumb\":{\"@id\":\"https:\/\/www.estrategiaconcursos.com.br\/blog\/carta-aos-assinantes-280\/#breadcrumb\"},\"inLanguage\":\"pt-BR\",\"potentialAction\":[{\"@type\":\"ReadAction\",\"target\":[\"https:\/\/www.estrategiaconcursos.com.br\/blog\/carta-aos-assinantes-280\/\"]}]},{\"@type\":\"ImageObject\",\"inLanguage\":\"pt-BR\",\"@id\":\"https:\/\/www.estrategiaconcursos.com.br\/blog\/carta-aos-assinantes-280\/#primaryimage\",\"url\":\"https:\/\/dhg1h5j42swfq.cloudfront.net\/2022\/07\/08165823\/imagem-carta-aos-assinantes-1.png\",\"contentUrl\":\"https:\/\/dhg1h5j42swfq.cloudfront.net\/2022\/07\/08165823\/imagem-carta-aos-assinantes-1.png\",\"width\":800,\"height\":450,\"caption\":\"Carta aos Assinantes\"},{\"@type\":\"BreadcrumbList\",\"@id\":\"https:\/\/www.estrategiaconcursos.com.br\/blog\/carta-aos-assinantes-280\/#breadcrumb\",\"itemListElement\":[{\"@type\":\"ListItem\",\"position\":1,\"name\":\"In\u00edcio\",\"item\":\"https:\/\/www.estrategiaconcursos.com.br\/blog\/\"},{\"@type\":\"ListItem\",\"position\":2,\"name\":\"Carta aos Assinantes do Estrat\u00e9gia Concursos &#8211; 280\"}]},{\"@type\":\"WebSite\",\"@id\":\"https:\/\/www.estrategiaconcursos.com.br\/blog\/#website\",\"url\":\"https:\/\/www.estrategiaconcursos.com.br\/blog\/\",\"name\":\"Estrat\u00e9gia Concursos\",\"description\":\"O blog da Estrat\u00e9gia Concursos traz not\u00edcias sobre concursos e artigos de professores oferecendo cursos para concursos (pdf + videaulas) no site.\",\"publisher\":{\"@id\":\"https:\/\/www.estrategiaconcursos.com.br\/blog\/#organization\"},\"potentialAction\":[{\"@type\":\"SearchAction\",\"target\":{\"@type\":\"EntryPoint\",\"urlTemplate\":\"https:\/\/www.estrategiaconcursos.com.br\/blog\/?s={search_term_string}\"},\"query-input\":{\"@type\":\"PropertyValueSpecification\",\"valueRequired\":true,\"valueName\":\"search_term_string\"}}],\"inLanguage\":\"pt-BR\"},{\"@type\":\"Organization\",\"@id\":\"https:\/\/www.estrategiaconcursos.com.br\/blog\/#organization\",\"name\":\"Estrat\u00e9gia Concursos\",\"url\":\"https:\/\/www.estrategiaconcursos.com.br\/blog\/\",\"logo\":{\"@type\":\"ImageObject\",\"inLanguage\":\"pt-BR\",\"@id\":\"https:\/\/www.estrategiaconcursos.com.br\/blog\/#\/schema\/logo\/image\/\",\"url\":\"https:\/\/dhg1h5j42swfq.cloudfront.net\/2025\/06\/03203428\/logo_concursos-1.jpg\",\"contentUrl\":\"https:\/\/dhg1h5j42swfq.cloudfront.net\/2025\/06\/03203428\/logo_concursos-1.jpg\",\"width\":230,\"height\":60,\"caption\":\"Estrat\u00e9gia Concursos\"},\"image\":{\"@id\":\"https:\/\/www.estrategiaconcursos.com.br\/blog\/#\/schema\/logo\/image\/\"},\"sameAs\":[\"https:\/\/x.com\/EstratConcursos\"]},{\"@type\":\"Person\",\"@id\":\"https:\/\/www.estrategiaconcursos.com.br\/blog\/#\/schema\/person\/ba5fab3b1fa4a358429e37bc50f74021\",\"name\":\"Coordena\u00e7\u00e3o Estrat\u00e9gia\",\"image\":{\"@type\":\"ImageObject\",\"inLanguage\":\"pt-BR\",\"@id\":\"https:\/\/secure.gravatar.com\/avatar\/adff33ff18541ba37c900dd2b1e82dbfb0fe33d873b92636b4827a8da462feb3?s=96&d=mm&r=g\",\"url\":\"https:\/\/secure.gravatar.com\/avatar\/adff33ff18541ba37c900dd2b1e82dbfb0fe33d873b92636b4827a8da462feb3?s=96&d=mm&r=g\",\"contentUrl\":\"https:\/\/secure.gravatar.com\/avatar\/adff33ff18541ba37c900dd2b1e82dbfb0fe33d873b92636b4827a8da462feb3?s=96&d=mm&r=g\",\"caption\":\"Coordena\u00e7\u00e3o Estrat\u00e9gia\"},\"url\":\"https:\/\/www.estrategiaconcursos.com.br\/blog\/author\/victor-tanakaaestrategiaconcursos-com-br\/\"}]}<\/script>\n<!-- \/ Yoast SEO Premium plugin. -->","yoast_head_json":{"title":"Carta aos Assinantes do Estrat\u00e9gia Concursos - 280","description":"Confira em nossa 280\u00aa carta aos assinantes as novidades do nosso SQ e principais movimenta\u00e7\u00f5es de concursos.","robots":{"index":"index","follow":"follow","max-snippet":"max-snippet:-1","max-image-preview":"max-image-preview:large","max-video-preview":"max-video-preview:-1"},"canonical":"https:\/\/www.estrategiaconcursos.com.br\/blog\/carta-aos-assinantes-280\/","og_locale":"pt_BR","og_type":"article","og_title":"Carta aos Assinantes do Estrat\u00e9gia Concursos - 280","og_description":"Confira em nossa 280\u00aa carta aos assinantes as novidades do nosso SQ e principais movimenta\u00e7\u00f5es de concursos.","og_url":"https:\/\/www.estrategiaconcursos.com.br\/blog\/carta-aos-assinantes-280\/","og_site_name":"Estrat\u00e9gia Concursos","article_published_time":"2026-03-09T12:00:00+00:00","article_modified_time":"2026-03-14T11:06:21+00:00","og_image":[{"width":800,"height":450,"url":"https:\/\/dhg1h5j42swfq.cloudfront.net\/2022\/07\/08165823\/imagem-carta-aos-assinantes-1.png","type":"image\/png"}],"author":"Coordena\u00e7\u00e3o Estrat\u00e9gia","twitter_card":"summary_large_image","twitter_creator":"@EstratConcursos","twitter_site":"@EstratConcursos","twitter_misc":{"Escrito por":"Coordena\u00e7\u00e3o Estrat\u00e9gia","Est. tempo de leitura":"6 minutos"},"schema":{"@context":"https:\/\/schema.org","@graph":[{"@type":"NewsArticle","@id":"https:\/\/www.estrategiaconcursos.com.br\/blog\/carta-aos-assinantes-280\/#article","isPartOf":{"@id":"https:\/\/www.estrategiaconcursos.com.br\/blog\/carta-aos-assinantes-280\/"},"author":{"name":"Coordena\u00e7\u00e3o Estrat\u00e9gia","@id":"https:\/\/www.estrategiaconcursos.com.br\/blog\/#\/schema\/person\/ba5fab3b1fa4a358429e37bc50f74021"},"headline":"Carta aos Assinantes do Estrat\u00e9gia Concursos &#8211; 280","datePublished":"2026-03-09T12:00:00+00:00","dateModified":"2026-03-14T11:06:21+00:00","mainEntityOfPage":{"@id":"https:\/\/www.estrategiaconcursos.com.br\/blog\/carta-aos-assinantes-280\/"},"wordCount":1133,"commentCount":0,"publisher":{"@id":"https:\/\/www.estrategiaconcursos.com.br\/blog\/#organization"},"image":{"@id":"https:\/\/www.estrategiaconcursos.com.br\/blog\/carta-aos-assinantes-280\/#primaryimage"},"thumbnailUrl":"https:\/\/dhg1h5j42swfq.cloudfront.net\/2022\/07\/08165823\/imagem-carta-aos-assinantes-1.png","articleSection":["Concursos P\u00fablicos","\u00daltimas not\u00edcias"],"inLanguage":"pt-BR","potentialAction":[{"@type":"CommentAction","name":"Comment","target":["https:\/\/www.estrategiaconcursos.com.br\/blog\/carta-aos-assinantes-280\/#respond"]}],"copyrightYear":"2026","copyrightHolder":{"@id":"https:\/\/www.estrategiaconcursos.com.br\/blog\/#organization"}},{"@type":"WebPage","@id":"https:\/\/www.estrategiaconcursos.com.br\/blog\/carta-aos-assinantes-280\/","url":"https:\/\/www.estrategiaconcursos.com.br\/blog\/carta-aos-assinantes-280\/","name":"Carta aos Assinantes do Estrat\u00e9gia Concursos - 280","isPartOf":{"@id":"https:\/\/www.estrategiaconcursos.com.br\/blog\/#website"},"primaryImageOfPage":{"@id":"https:\/\/www.estrategiaconcursos.com.br\/blog\/carta-aos-assinantes-280\/#primaryimage"},"image":{"@id":"https:\/\/www.estrategiaconcursos.com.br\/blog\/carta-aos-assinantes-280\/#primaryimage"},"thumbnailUrl":"https:\/\/dhg1h5j42swfq.cloudfront.net\/2022\/07\/08165823\/imagem-carta-aos-assinantes-1.png","datePublished":"2026-03-09T12:00:00+00:00","dateModified":"2026-03-14T11:06:21+00:00","description":"Confira em nossa 280\u00aa carta aos assinantes as novidades do nosso SQ e principais movimenta\u00e7\u00f5es de concursos.","breadcrumb":{"@id":"https:\/\/www.estrategiaconcursos.com.br\/blog\/carta-aos-assinantes-280\/#breadcrumb"},"inLanguage":"pt-BR","potentialAction":[{"@type":"ReadAction","target":["https:\/\/www.estrategiaconcursos.com.br\/blog\/carta-aos-assinantes-280\/"]}]},{"@type":"ImageObject","inLanguage":"pt-BR","@id":"https:\/\/www.estrategiaconcursos.com.br\/blog\/carta-aos-assinantes-280\/#primaryimage","url":"https:\/\/dhg1h5j42swfq.cloudfront.net\/2022\/07\/08165823\/imagem-carta-aos-assinantes-1.png","contentUrl":"https:\/\/dhg1h5j42swfq.cloudfront.net\/2022\/07\/08165823\/imagem-carta-aos-assinantes-1.png","width":800,"height":450,"caption":"Carta aos Assinantes"},{"@type":"BreadcrumbList","@id":"https:\/\/www.estrategiaconcursos.com.br\/blog\/carta-aos-assinantes-280\/#breadcrumb","itemListElement":[{"@type":"ListItem","position":1,"name":"In\u00edcio","item":"https:\/\/www.estrategiaconcursos.com.br\/blog\/"},{"@type":"ListItem","position":2,"name":"Carta aos Assinantes do Estrat\u00e9gia Concursos &#8211; 280"}]},{"@type":"WebSite","@id":"https:\/\/www.estrategiaconcursos.com.br\/blog\/#website","url":"https:\/\/www.estrategiaconcursos.com.br\/blog\/","name":"Estrat\u00e9gia Concursos","description":"O blog da Estrat\u00e9gia Concursos traz not\u00edcias sobre concursos e artigos de professores oferecendo cursos para concursos (pdf + videaulas) no site.","publisher":{"@id":"https:\/\/www.estrategiaconcursos.com.br\/blog\/#organization"},"potentialAction":[{"@type":"SearchAction","target":{"@type":"EntryPoint","urlTemplate":"https:\/\/www.estrategiaconcursos.com.br\/blog\/?s={search_term_string}"},"query-input":{"@type":"PropertyValueSpecification","valueRequired":true,"valueName":"search_term_string"}}],"inLanguage":"pt-BR"},{"@type":"Organization","@id":"https:\/\/www.estrategiaconcursos.com.br\/blog\/#organization","name":"Estrat\u00e9gia Concursos","url":"https:\/\/www.estrategiaconcursos.com.br\/blog\/","logo":{"@type":"ImageObject","inLanguage":"pt-BR","@id":"https:\/\/www.estrategiaconcursos.com.br\/blog\/#\/schema\/logo\/image\/","url":"https:\/\/dhg1h5j42swfq.cloudfront.net\/2025\/06\/03203428\/logo_concursos-1.jpg","contentUrl":"https:\/\/dhg1h5j42swfq.cloudfront.net\/2025\/06\/03203428\/logo_concursos-1.jpg","width":230,"height":60,"caption":"Estrat\u00e9gia Concursos"},"image":{"@id":"https:\/\/www.estrategiaconcursos.com.br\/blog\/#\/schema\/logo\/image\/"},"sameAs":["https:\/\/x.com\/EstratConcursos"]},{"@type":"Person","@id":"https:\/\/www.estrategiaconcursos.com.br\/blog\/#\/schema\/person\/ba5fab3b1fa4a358429e37bc50f74021","name":"Coordena\u00e7\u00e3o Estrat\u00e9gia","image":{"@type":"ImageObject","inLanguage":"pt-BR","@id":"https:\/\/secure.gravatar.com\/avatar\/adff33ff18541ba37c900dd2b1e82dbfb0fe33d873b92636b4827a8da462feb3?s=96&d=mm&r=g","url":"https:\/\/secure.gravatar.com\/avatar\/adff33ff18541ba37c900dd2b1e82dbfb0fe33d873b92636b4827a8da462feb3?s=96&d=mm&r=g","contentUrl":"https:\/\/secure.gravatar.com\/avatar\/adff33ff18541ba37c900dd2b1e82dbfb0fe33d873b92636b4827a8da462feb3?s=96&d=mm&r=g","caption":"Coordena\u00e7\u00e3o Estrat\u00e9gia"},"url":"https:\/\/www.estrategiaconcursos.com.br\/blog\/author\/victor-tanakaaestrategiaconcursos-com-br\/"}]}},"_links":{"self":[{"href":"https:\/\/www.estrategiaconcursos.com.br\/blog\/wp-json\/wp\/v2\/posts\/1725549","targetHints":{"allow":["GET"]}}],"collection":[{"href":"https:\/\/www.estrategiaconcursos.com.br\/blog\/wp-json\/wp\/v2\/posts"}],"about":[{"href":"https:\/\/www.estrategiaconcursos.com.br\/blog\/wp-json\/wp\/v2\/types\/post"}],"author":[{"embeddable":true,"href":"https:\/\/www.estrategiaconcursos.com.br\/blog\/wp-json\/wp\/v2\/users\/1789"}],"replies":[{"embeddable":true,"href":"https:\/\/www.estrategiaconcursos.com.br\/blog\/wp-json\/wp\/v2\/comments?post=1725549"}],"version-history":[{"count":3,"href":"https:\/\/www.estrategiaconcursos.com.br\/blog\/wp-json\/wp\/v2\/posts\/1725549\/revisions"}],"predecessor-version":[{"id":1727031,"href":"https:\/\/www.estrategiaconcursos.com.br\/blog\/wp-json\/wp\/v2\/posts\/1725549\/revisions\/1727031"}],"wp:featuredmedia":[{"embeddable":true,"href":"https:\/\/www.estrategiaconcursos.com.br\/blog\/wp-json\/wp\/v2\/media\/1058143"}],"wp:attachment":[{"href":"https:\/\/www.estrategiaconcursos.com.br\/blog\/wp-json\/wp\/v2\/media?parent=1725549"}],"wp:term":[{"taxonomy":"category","embeddable":true,"href":"https:\/\/www.estrategiaconcursos.com.br\/blog\/wp-json\/wp\/v2\/categories?post=1725549"},{"taxonomy":"post_tag","embeddable":true,"href":"https:\/\/www.estrategiaconcursos.com.br\/blog\/wp-json\/wp\/v2\/tags?post=1725549"},{"taxonomy":"tax_estado","embeddable":true,"href":"https:\/\/www.estrategiaconcursos.com.br\/blog\/wp-json\/wp\/v2\/tax_estado?post=1725549"}],"curies":[{"name":"wp","href":"https:\/\/api.w.org\/{rel}","templated":true}]}}