{"id":1724852,"date":"2026-03-13T08:16:00","date_gmt":"2026-03-13T11:16:00","guid":{"rendered":"https:\/\/www.estrategiaconcursos.com.br\/blog\/?p=1724852"},"modified":"2026-03-11T19:22:10","modified_gmt":"2026-03-11T22:22:10","slug":"carreira-publica-motivos-ingressar","status":"publish","type":"post","link":"https:\/\/www.estrategiaconcursos.com.br\/blog\/carreira-publica-motivos-ingressar\/","title":{"rendered":"Carreira p\u00fablica: sete motivos para se tornar um servidor p\u00fablico"},"content":{"rendered":"\n<p>Ol\u00e1, pessoal! Tudo bem?\u00a0Trabalhar como <strong>servidor p\u00fablico<\/strong> pode ser um sonho para muitas pessoas. No entanto, muita gente ainda n\u00e3o sabe ao certo se investir na carreira p\u00fablica \u00e9, de fato, a melhor op\u00e7\u00e3o para a sua vida profissional.<\/p>\n\n\n\n<p>Foi pensando nisso que elaboramos este artigo com <strong>sete dos principais motivos<\/strong> que fazem as pessoas optarem por ingressar em um cargo p\u00fablico. O nosso intuito, portanto, \u00e9 te ajudar a refletir sobre\u00a0 o qu\u00e3o interessante (ou n\u00e3o) \u00e9 <strong>se tornar um servidor p\u00fablico e alcan\u00e7ar o sucesso profissional<\/strong>.<\/p>\n\n\n\n<p><\/p>\n\n\n\n<p style=\"font-size:clamp(18.959px, 1.185rem + ((1vw - 3.2px) * 1.082), 30px);\"><strong># 1: Remunera\u00e7\u00e3o atrativa<\/strong><\/p>\n\n\n\n<p>De cara, citamos a <strong>remunera\u00e7\u00e3o <\/strong>como um dos principais atrativos do servi\u00e7o p\u00fablico.\u00a0<\/p>\n\n\n\n<p>Isso porque, de maneira geral, a remunera\u00e7\u00e3o no servi\u00e7o p\u00fablico <strong>supera a remunera\u00e7\u00e3o paga aos trabalhadores celetistas<\/strong>.\u00a0<\/p>\n\n\n\n<p>Nesse sentido, \u00e9 comum no servi\u00e7o p\u00fablico o pagamento de <strong>adicionais, gratifica\u00e7\u00f5es e outras rubricas financeiras<\/strong> aos servidores, o que torna a sua remunera\u00e7\u00e3o muito atrativa em rela\u00e7\u00e3o aos trabalhadores do setor privado.<\/p>\n\n\n\n<p><\/p>\n\n\n\n<p style=\"font-size:clamp(18.959px, 1.185rem + ((1vw - 3.2px) * 1.082), 30px);\"><strong># 2: Estabilidade<\/strong><\/p>\n\n\n\n<p>Outra vantagem tamb\u00e9m muito visada por quem procura o servi\u00e7o p\u00fablico \u00e9 a <strong>estabilidade<\/strong>.<\/p>\n\n\n\n<p>A estabilidade \u00e9 a garantia de perman\u00eancia no cargo, que <strong>protege o servidor p\u00fablico contra a despedida arbitr\u00e1ria<\/strong>, visto que a sua demiss\u00e3o depende de processo administrativo pr\u00e9vio em que fiquem resguardados o contradit\u00f3rio e a ampla defesa.<\/p>\n\n\n\n<p>Com efeito, a estabilidade permite que o servidor desempenhe as suas fun\u00e7\u00f5es com independ\u00eancia t\u00e9cnica, de modo a conferir-lhe <strong>maior prote\u00e7\u00e3o contra ass\u00e9dio moral e abuso de poder<\/strong>.<\/p>\n\n\n\n<p>Al\u00e9m disso, a estabilidade favorece o <strong>planejamento financeiro<\/strong> e <strong>familiar <\/strong>ao longo da carreira.\u00a0<\/p>\n\n\n\n<p>A prerrogativa da estabilidade \u00e9 atingida quando o servidor ocupante de cargo efetivo <strong>completa 3 anos de exerc\u00edcio no cargo<\/strong>, per\u00edodo que coincide com o <strong>est\u00e1gio probat\u00f3rio<\/strong>.<\/p>\n\n\n\n<p><\/p>\n\n\n\n<p style=\"font-size:clamp(18.959px, 1.185rem + ((1vw - 3.2px) * 1.082), 30px);\"><strong># 3: Jornada de trabalho definida e teletrabalho&nbsp;<\/strong><\/p>\n\n\n\n<p>Ter uma <strong>jornada de trabalho bem definida<\/strong> tamb\u00e9m \u00e9 um excelente diferencial do servi\u00e7o p\u00fablico em rela\u00e7\u00e3o \u00e0 iniciativa privada.<\/p>\n\n\n\n<p>Isso porque uma jornada bem definida <strong>evita grandes varia\u00e7\u00f5es de hor\u00e1rios<\/strong>, de modo a facilitar a organiza\u00e7\u00e3o da rotina di\u00e1ria de trabalho e da vida pessoal.<\/p>\n\n\n\n<p>Al\u00e9m disso,\u00a0v\u00e1rios \u00f3rg\u00e3os p\u00fablicos adotam a pol\u00edtica de <strong>teletrabalho<\/strong>, que confere ao servidor ainda mais <strong>flexibilidade <\/strong>para organizar suas tarefas e resolver problemas do dia a dia.<\/p>\n\n\n\n<p><\/p>\n\n\n\n<p style=\"font-size:clamp(18.959px, 1.185rem + ((1vw - 3.2px) * 1.082), 30px);\"><strong># 4: Plano de carreira<\/strong><\/p>\n\n\n\n<p>O servi\u00e7o p\u00fablico tamb\u00e9m oferece aos seus servidores um plano de carreira.<\/p>\n\n\n\n<p>Um plano de carreira estruturado permite a <strong>progress\u00e3o funcional e salarial <\/strong>do servidor e\u00a0 \u00e9 baseado em crit\u00e9rios objetivos como desempenho, tempo de servi\u00e7o e qualifica\u00e7\u00e3o.<\/p>\n\n\n\n<p>Assim, o servidor tem a possibilidade de <strong>crescimento na carreira dentro da mesma institui\u00e7\u00e3o<\/strong>, o que serve de est\u00edmulo para o seu cont\u00ednuo aperfei\u00e7oamento e perman\u00eancia no \u00f3rg\u00e3o p\u00fablico.<\/p>\n\n\n\n<p><\/p>\n\n\n\n<p style=\"font-size:clamp(18.959px, 1.185rem + ((1vw - 3.2px) * 1.082), 30px);\"><strong># 5: Forma de ingresso democr\u00e1tica<\/strong><\/p>\n\n\n\n<p>Muitos consideram que ingressar no servi\u00e7o p\u00fablico \u00e9 uma miss\u00e3o quase imposs\u00edvel.<\/p>\n\n\n\n<p>Isso porque o ingresso nos cargos e empregos p\u00fablicos ocorre, em regra, mediante <strong>concurso p\u00fablico de provas ou provas e t\u00edtulos<\/strong>, ressalvados os cargos em comiss\u00e3o de livre nomea\u00e7\u00e3o e exonera\u00e7\u00e3o.<\/p>\n\n\n\n<p>No entanto, apesar da elevada concorr\u00eancia e de a aprova\u00e7\u00e3o levar algum tempo para acontecer, <strong>o processo seletivo \u00e9 um dos mais justos e se baseia no m\u00e9rito individual<\/strong>, dispensando experi\u00eancia pr\u00e9via dos candidatos na maioria dos casos.<\/p>\n\n\n\n<p>Isso permite, por exemplo, que profissionais rec\u00e9m formados e com <strong>pouca ou nenhuma experi\u00eancia<\/strong> tenham boas oportunidades de ocupar cargos relevantes no servi\u00e7o p\u00fablico.<\/p>\n\n\n\n<p>Por outro lado, <strong>pessoas mais experientes <\/strong>tamb\u00e9m conseguem se recolocar no mercado de trabalho por meio dos cargos p\u00fablicos, o que seria mais dif\u00edcil de acontecer no setor privado, que geralmente absorve trabalhadores com perfis mais jovens.<\/p>\n\n\n\n<p>Al\u00e9m disso, vale pontuar que<strong> as vagas pelo setor p\u00fablico s\u00e3o oferecidas geralmente em quantidade superior <\/strong>\u00e0s oferecidas pelo setor privado.<\/p>\n\n\n\n<p><\/p>\n\n\n\n<h2 class=\"wp-block-heading\" id=\"h-6-papel-social-e-proposito-na-carreira-publica\" style=\"font-size:clamp(18.959px, 1.185rem + ((1vw - 3.2px) * 1.082), 30px);\"><strong># 6: Papel social e prop\u00f3sito na carreira p\u00fablica<\/strong><\/h2>\n\n\n\n<p>Trabalhar no servi\u00e7o p\u00fablico vai muito al\u00e9m dos benef\u00edcios que citamos anteriormente, como boa remunera\u00e7\u00e3o e estabilidade.<\/p>\n\n\n\n<p>A carreira p\u00fablica oferece muitas oportunidades <strong>para quem deseja realizar atividades relevantes para a sociedade<\/strong>, tais como sa\u00fade, seguran\u00e7a, justi\u00e7a e muitas outras possibilidades.<\/p>\n\n\n\n<p>Assim, <strong>o sentimento de contribuir para o crescimento coletivo \u00e9 um elemento que pode trazer maior motiva\u00e7\u00e3o<\/strong> para aqueles que desejam trabalhar no servi\u00e7o p\u00fablico.<\/p>\n\n\n\n<p><\/p>\n\n\n\n<p style=\"font-size:clamp(18.959px, 1.185rem + ((1vw - 3.2px) * 1.082), 30px);\"><strong># 7: Direitos e benef\u00edcios&nbsp;<\/strong><\/p>\n\n\n\n<p>Por fim, os servidores p\u00fablicos possuem uma s\u00e9rie de benef\u00edcios e direitos.<\/p>\n\n\n\n<p>Entre os <strong>principais benef\u00edcios<\/strong>, temos: f\u00e9rias (30 dias), d\u00e9cimo terceiro sal\u00e1rio, licen\u00e7a para capacita\u00e7\u00e3o (90 dias), luto (8 dias, n\u00fapcias (8 dias), licen\u00e7a-maternidade (120 dias), licen\u00e7a paternidade (20 dias), entre outros.<\/p>\n\n\n\n<p><\/p>\n\n\n\n<p>Ficamos por aqui\u2026<\/p>\n\n\n\n<p>Se voc\u00ea entende que vale a pena investir na carreira p\u00fablica, estude com nossos <a href=\"https:\/\/www.estrategiaconcursos.com.br\/cursos\/concurso\/\"><strong>materiais em pdf e em v\u00eddeo aulas<\/strong><\/a>, e aumente as suas chances de aprova\u00e7\u00e3o.<\/p>\n\n\n\n<p>Bons estudos e at\u00e9 a pr\u00f3xima!<\/p>\n\n\n\n<p><\/p>\n\n\n\n<p>Nilson Assis<\/p>\n\n\n\n<p>Analista Legislativo do Senado Federal<\/p>\n\n\n\n<p>@nsassis.concursos<\/p>\n\n\n\n<ul class=\"wp-block-list\">\n<li><a href=\"https:\/\/www.estrategiaconcursos.com.br\/blog\/concursos-2026\/\">Concursos 2026<\/a><\/li>\n\n\n\n<li><a href=\"https:\/\/www.estrategiaconcursos.com.br\/blog\/concursos-2025\/\">Concursos 2025<\/a><\/li>\n\n\n\n<li><a href=\"https:\/\/www.estrategiaconcursos.com.br\/blog\/concursos-federais-2023\/\">Concursos federais<\/a><\/li>\n\n\n\n<li><a href=\"https:\/\/cj.estrategia.com\/portal\/concursos-abertos-carreiras-juridicas\/\">Concursos abertos Carreiras Jur\u00eddicas<\/a><\/li>\n\n\n\n<li><a href=\"https:\/\/www.estrategiaconcursos.com.br\/blog\/concursos-abertos\/\">Concursos abertos<\/a><\/li>\n<\/ul>\n\n\n\n<p><\/p>\n\n\n\n<p style=\"font-size:clamp(18.959px, 1.185rem + ((1vw - 3.2px) * 1.082), 30px);\"><strong>Refer\u00eancias:<\/strong><\/p>\n\n\n\n<p>FGV. <strong>Carreira p\u00fablica ou privada: qual escolher?<\/strong> Blog da Gradua\u00e7\u00e3o FGV. Dispon\u00edvel em: <a href=\"http:\/\/vestibular.fgv.br\/blog\/carreira-publica-ou-privada-qual-escolher\">http:\/\/vestibular.fgv.br\/blog\/carreira-publica-ou-privada-qual-escolher<\/a>. Acesso em: 03 Mar. 2026.<\/p>\n","protected":false},"excerpt":{"rendered":"<p>Ol\u00e1, pessoal! Tudo bem?\u00a0Trabalhar como servidor p\u00fablico pode ser um sonho para muitas pessoas. No entanto, muita gente ainda n\u00e3o sabe ao certo se investir na carreira p\u00fablica \u00e9, de fato, a melhor op\u00e7\u00e3o para a sua vida profissional. Foi pensando nisso que elaboramos este artigo com sete dos principais motivos que fazem as pessoas [&hellip;]<\/p>\n","protected":false},"author":2894,"featured_media":1116798,"comment_status":"open","ping_status":"closed","sticky":false,"template":"","format":"standard","meta":{"post_tipo":"article","footnotes":""},"categories":[1],"tags":[],"tax_estado":[],"class_list":["post-1724852","post","type-post","status-publish","format-standard","has-post-thumbnail","hentry","category-cursos-e-concursos"],"acf":[],"yoast_head":"<!-- This site is optimized with the Yoast SEO Premium plugin v27.2 (Yoast SEO v27.2) - https:\/\/yoast.com\/product\/yoast-seo-premium-wordpress\/ -->\n<title>Carreira p\u00fablica: sete motivos para se tornar um servidor p\u00fablico<\/title>\n<meta name=\"description\" content=\"Muita gente ainda n\u00e3o sabe ao certo se o ingresso na carreira p\u00fablica \u00e9 a melhor op\u00e7\u00e3o para a sua vida profissional.\" \/>\n<meta name=\"robots\" content=\"index, follow, max-snippet:-1, max-image-preview:large, max-video-preview:-1\" \/>\n<link rel=\"canonical\" href=\"https:\/\/www.estrategiaconcursos.com.br\/blog\/carreira-publica-motivos-ingressar\/\" \/>\n<meta property=\"og:locale\" content=\"pt_BR\" \/>\n<meta property=\"og:type\" content=\"article\" \/>\n<meta property=\"og:title\" content=\"Carreira p\u00fablica: sete motivos para se tornar um servidor p\u00fablico\" \/>\n<meta property=\"og:description\" content=\"Muita gente ainda n\u00e3o sabe ao certo se o ingresso na carreira p\u00fablica \u00e9 a melhor op\u00e7\u00e3o para a sua vida profissional.\" \/>\n<meta property=\"og:url\" content=\"https:\/\/www.estrategiaconcursos.com.br\/blog\/carreira-publica-motivos-ingressar\/\" \/>\n<meta property=\"og:site_name\" content=\"Estrat\u00e9gia Concursos\" \/>\n<meta property=\"article:published_time\" content=\"2026-03-13T11:16:00+00:00\" \/>\n<meta property=\"og:image\" content=\"https:\/\/dhg1h5j42swfq.cloudfront.net\/2022\/10\/27173441\/dia-do-servidor-publico-nova-data.png\" \/>\n\t<meta property=\"og:image:width\" content=\"651\" \/>\n\t<meta property=\"og:image:height\" content=\"421\" \/>\n\t<meta property=\"og:image:type\" content=\"image\/png\" \/>\n<meta name=\"author\" content=\"Nilson Silva de Assis\" \/>\n<meta name=\"twitter:card\" content=\"summary_large_image\" \/>\n<meta name=\"twitter:creator\" content=\"@EstratConcursos\" \/>\n<meta name=\"twitter:site\" content=\"@EstratConcursos\" \/>\n<meta name=\"twitter:label1\" content=\"Escrito por\" \/>\n\t<meta name=\"twitter:data1\" content=\"Nilson Silva de Assis\" \/>\n\t<meta name=\"twitter:label2\" content=\"Est. tempo de leitura\" \/>\n\t<meta name=\"twitter:data2\" content=\"5 minutos\" \/>\n<script type=\"application\/ld+json\" class=\"yoast-schema-graph\">{\"@context\":\"https:\/\/schema.org\",\"@graph\":[{\"@type\":\"NewsArticle\",\"@id\":\"https:\/\/www.estrategiaconcursos.com.br\/blog\/carreira-publica-motivos-ingressar\/#article\",\"isPartOf\":{\"@id\":\"https:\/\/www.estrategiaconcursos.com.br\/blog\/carreira-publica-motivos-ingressar\/\"},\"author\":{\"name\":\"Nilson Silva de Assis\",\"@id\":\"https:\/\/www.estrategiaconcursos.com.br\/blog\/#\/schema\/person\/2602628e49ec93d5f782b149f91603ab\"},\"headline\":\"Carreira p\u00fablica: sete motivos para se tornar um servidor p\u00fablico\",\"datePublished\":\"2026-03-13T11:16:00+00:00\",\"mainEntityOfPage\":{\"@id\":\"https:\/\/www.estrategiaconcursos.com.br\/blog\/carreira-publica-motivos-ingressar\/\"},\"wordCount\":915,\"commentCount\":0,\"publisher\":{\"@id\":\"https:\/\/www.estrategiaconcursos.com.br\/blog\/#organization\"},\"image\":{\"@id\":\"https:\/\/www.estrategiaconcursos.com.br\/blog\/carreira-publica-motivos-ingressar\/#primaryimage\"},\"thumbnailUrl\":\"https:\/\/dhg1h5j42swfq.cloudfront.net\/2022\/10\/27173441\/dia-do-servidor-publico-nova-data.png\",\"articleSection\":[\"Concursos P\u00fablicos\"],\"inLanguage\":\"pt-BR\",\"potentialAction\":[{\"@type\":\"CommentAction\",\"name\":\"Comment\",\"target\":[\"https:\/\/www.estrategiaconcursos.com.br\/blog\/carreira-publica-motivos-ingressar\/#respond\"]}],\"copyrightYear\":\"2026\",\"copyrightHolder\":{\"@id\":\"https:\/\/www.estrategiaconcursos.com.br\/blog\/#organization\"}},{\"@type\":\"WebPage\",\"@id\":\"https:\/\/www.estrategiaconcursos.com.br\/blog\/carreira-publica-motivos-ingressar\/\",\"url\":\"https:\/\/www.estrategiaconcursos.com.br\/blog\/carreira-publica-motivos-ingressar\/\",\"name\":\"Carreira p\u00fablica: sete motivos para se tornar um servidor p\u00fablico\",\"isPartOf\":{\"@id\":\"https:\/\/www.estrategiaconcursos.com.br\/blog\/#website\"},\"primaryImageOfPage\":{\"@id\":\"https:\/\/www.estrategiaconcursos.com.br\/blog\/carreira-publica-motivos-ingressar\/#primaryimage\"},\"image\":{\"@id\":\"https:\/\/www.estrategiaconcursos.com.br\/blog\/carreira-publica-motivos-ingressar\/#primaryimage\"},\"thumbnailUrl\":\"https:\/\/dhg1h5j42swfq.cloudfront.net\/2022\/10\/27173441\/dia-do-servidor-publico-nova-data.png\",\"datePublished\":\"2026-03-13T11:16:00+00:00\",\"description\":\"Muita gente ainda n\u00e3o sabe ao certo se o ingresso na carreira p\u00fablica \u00e9 a melhor op\u00e7\u00e3o para a sua vida profissional.\",\"breadcrumb\":{\"@id\":\"https:\/\/www.estrategiaconcursos.com.br\/blog\/carreira-publica-motivos-ingressar\/#breadcrumb\"},\"inLanguage\":\"pt-BR\",\"potentialAction\":[{\"@type\":\"ReadAction\",\"target\":[\"https:\/\/www.estrategiaconcursos.com.br\/blog\/carreira-publica-motivos-ingressar\/\"]}]},{\"@type\":\"ImageObject\",\"inLanguage\":\"pt-BR\",\"@id\":\"https:\/\/www.estrategiaconcursos.com.br\/blog\/carreira-publica-motivos-ingressar\/#primaryimage\",\"url\":\"https:\/\/dhg1h5j42swfq.cloudfront.net\/2022\/10\/27173441\/dia-do-servidor-publico-nova-data.png\",\"contentUrl\":\"https:\/\/dhg1h5j42swfq.cloudfront.net\/2022\/10\/27173441\/dia-do-servidor-publico-nova-data.png\",\"width\":651,\"height\":421,\"caption\":\"servidor p\u00fablico\"},{\"@type\":\"BreadcrumbList\",\"@id\":\"https:\/\/www.estrategiaconcursos.com.br\/blog\/carreira-publica-motivos-ingressar\/#breadcrumb\",\"itemListElement\":[{\"@type\":\"ListItem\",\"position\":1,\"name\":\"In\u00edcio\",\"item\":\"https:\/\/www.estrategiaconcursos.com.br\/blog\/\"},{\"@type\":\"ListItem\",\"position\":2,\"name\":\"Carreira p\u00fablica: sete motivos para se tornar um servidor p\u00fablico\"}]},{\"@type\":\"WebSite\",\"@id\":\"https:\/\/www.estrategiaconcursos.com.br\/blog\/#website\",\"url\":\"https:\/\/www.estrategiaconcursos.com.br\/blog\/\",\"name\":\"Estrat\u00e9gia Concursos\",\"description\":\"O blog da Estrat\u00e9gia Concursos traz not\u00edcias sobre concursos e artigos de professores oferecendo cursos para concursos (pdf + videaulas) no site.\",\"publisher\":{\"@id\":\"https:\/\/www.estrategiaconcursos.com.br\/blog\/#organization\"},\"potentialAction\":[{\"@type\":\"SearchAction\",\"target\":{\"@type\":\"EntryPoint\",\"urlTemplate\":\"https:\/\/www.estrategiaconcursos.com.br\/blog\/?s={search_term_string}\"},\"query-input\":{\"@type\":\"PropertyValueSpecification\",\"valueRequired\":true,\"valueName\":\"search_term_string\"}}],\"inLanguage\":\"pt-BR\"},{\"@type\":\"Organization\",\"@id\":\"https:\/\/www.estrategiaconcursos.com.br\/blog\/#organization\",\"name\":\"Estrat\u00e9gia Concursos\",\"url\":\"https:\/\/www.estrategiaconcursos.com.br\/blog\/\",\"logo\":{\"@type\":\"ImageObject\",\"inLanguage\":\"pt-BR\",\"@id\":\"https:\/\/www.estrategiaconcursos.com.br\/blog\/#\/schema\/logo\/image\/\",\"url\":\"https:\/\/dhg1h5j42swfq.cloudfront.net\/2025\/06\/03203428\/logo_concursos-1.jpg\",\"contentUrl\":\"https:\/\/dhg1h5j42swfq.cloudfront.net\/2025\/06\/03203428\/logo_concursos-1.jpg\",\"width\":230,\"height\":60,\"caption\":\"Estrat\u00e9gia Concursos\"},\"image\":{\"@id\":\"https:\/\/www.estrategiaconcursos.com.br\/blog\/#\/schema\/logo\/image\/\"},\"sameAs\":[\"https:\/\/x.com\/EstratConcursos\"]},{\"@type\":\"Person\",\"@id\":\"https:\/\/www.estrategiaconcursos.com.br\/blog\/#\/schema\/person\/2602628e49ec93d5f782b149f91603ab\",\"name\":\"Nilson Silva de Assis\",\"image\":{\"@type\":\"ImageObject\",\"inLanguage\":\"pt-BR\",\"@id\":\"https:\/\/secure.gravatar.com\/avatar\/cdec26ae7042f64d4ddcb70bcf78a4fcbc02661bfa30a7ce3d8bf515b625a75a?s=96&d=mm&r=g\",\"url\":\"https:\/\/secure.gravatar.com\/avatar\/cdec26ae7042f64d4ddcb70bcf78a4fcbc02661bfa30a7ce3d8bf515b625a75a?s=96&d=mm&r=g\",\"contentUrl\":\"https:\/\/secure.gravatar.com\/avatar\/cdec26ae7042f64d4ddcb70bcf78a4fcbc02661bfa30a7ce3d8bf515b625a75a?s=96&d=mm&r=g\",\"caption\":\"Nilson Silva de Assis\"},\"description\":\"Atualmente \u00e9 Analista Legislativo do Senado Federal e Professor do Estrat\u00e9gia Concursos. Suas principais aprova\u00e7\u00f5es: Analista Legislativo do Senado Federal; Auditor Federal de Finan\u00e7as e Controle da CGU; Auditor-Fiscal da Receita Estadual da SEFAZ ES; T\u00e9cnico Fazend\u00e1rio do ISS Manaus; Assistente Executivo em Metrologia e Qualidade do Inmetro; Agente Fazend\u00e1rio do ISS Niter\u00f3i\/RJ; Assistente Administrativo da Prefeitura do Rio (RioSa\u00fade); Assistente Administrativo da Secretaria de Administra\u00e7\u00e3o do Munic\u00edpio do RJ.\",\"sameAs\":[\"https:\/\/www.instagram.com\/nilsonassis.concursos\/\",\"kedin.com\/in\/nilson-assis-954132295\/\"],\"url\":\"https:\/\/www.estrategiaconcursos.com.br\/blog\/author\/nilson-sdeassisgmail-com\/\"}]}<\/script>\n<!-- \/ Yoast SEO Premium plugin. -->","yoast_head_json":{"title":"Carreira p\u00fablica: sete motivos para se tornar um servidor p\u00fablico","description":"Muita gente ainda n\u00e3o sabe ao certo se o ingresso na carreira p\u00fablica \u00e9 a melhor op\u00e7\u00e3o para a sua vida profissional.","robots":{"index":"index","follow":"follow","max-snippet":"max-snippet:-1","max-image-preview":"max-image-preview:large","max-video-preview":"max-video-preview:-1"},"canonical":"https:\/\/www.estrategiaconcursos.com.br\/blog\/carreira-publica-motivos-ingressar\/","og_locale":"pt_BR","og_type":"article","og_title":"Carreira p\u00fablica: sete motivos para se tornar um servidor p\u00fablico","og_description":"Muita gente ainda n\u00e3o sabe ao certo se o ingresso na carreira p\u00fablica \u00e9 a melhor op\u00e7\u00e3o para a sua vida profissional.","og_url":"https:\/\/www.estrategiaconcursos.com.br\/blog\/carreira-publica-motivos-ingressar\/","og_site_name":"Estrat\u00e9gia Concursos","article_published_time":"2026-03-13T11:16:00+00:00","og_image":[{"width":651,"height":421,"url":"https:\/\/dhg1h5j42swfq.cloudfront.net\/2022\/10\/27173441\/dia-do-servidor-publico-nova-data.png","type":"image\/png"}],"author":"Nilson Silva de Assis","twitter_card":"summary_large_image","twitter_creator":"@EstratConcursos","twitter_site":"@EstratConcursos","twitter_misc":{"Escrito por":"Nilson Silva de Assis","Est. tempo de leitura":"5 minutos"},"schema":{"@context":"https:\/\/schema.org","@graph":[{"@type":"NewsArticle","@id":"https:\/\/www.estrategiaconcursos.com.br\/blog\/carreira-publica-motivos-ingressar\/#article","isPartOf":{"@id":"https:\/\/www.estrategiaconcursos.com.br\/blog\/carreira-publica-motivos-ingressar\/"},"author":{"name":"Nilson Silva de Assis","@id":"https:\/\/www.estrategiaconcursos.com.br\/blog\/#\/schema\/person\/2602628e49ec93d5f782b149f91603ab"},"headline":"Carreira p\u00fablica: sete motivos para se tornar um servidor p\u00fablico","datePublished":"2026-03-13T11:16:00+00:00","mainEntityOfPage":{"@id":"https:\/\/www.estrategiaconcursos.com.br\/blog\/carreira-publica-motivos-ingressar\/"},"wordCount":915,"commentCount":0,"publisher":{"@id":"https:\/\/www.estrategiaconcursos.com.br\/blog\/#organization"},"image":{"@id":"https:\/\/www.estrategiaconcursos.com.br\/blog\/carreira-publica-motivos-ingressar\/#primaryimage"},"thumbnailUrl":"https:\/\/dhg1h5j42swfq.cloudfront.net\/2022\/10\/27173441\/dia-do-servidor-publico-nova-data.png","articleSection":["Concursos P\u00fablicos"],"inLanguage":"pt-BR","potentialAction":[{"@type":"CommentAction","name":"Comment","target":["https:\/\/www.estrategiaconcursos.com.br\/blog\/carreira-publica-motivos-ingressar\/#respond"]}],"copyrightYear":"2026","copyrightHolder":{"@id":"https:\/\/www.estrategiaconcursos.com.br\/blog\/#organization"}},{"@type":"WebPage","@id":"https:\/\/www.estrategiaconcursos.com.br\/blog\/carreira-publica-motivos-ingressar\/","url":"https:\/\/www.estrategiaconcursos.com.br\/blog\/carreira-publica-motivos-ingressar\/","name":"Carreira p\u00fablica: sete motivos para se tornar um servidor p\u00fablico","isPartOf":{"@id":"https:\/\/www.estrategiaconcursos.com.br\/blog\/#website"},"primaryImageOfPage":{"@id":"https:\/\/www.estrategiaconcursos.com.br\/blog\/carreira-publica-motivos-ingressar\/#primaryimage"},"image":{"@id":"https:\/\/www.estrategiaconcursos.com.br\/blog\/carreira-publica-motivos-ingressar\/#primaryimage"},"thumbnailUrl":"https:\/\/dhg1h5j42swfq.cloudfront.net\/2022\/10\/27173441\/dia-do-servidor-publico-nova-data.png","datePublished":"2026-03-13T11:16:00+00:00","description":"Muita gente ainda n\u00e3o sabe ao certo se o ingresso na carreira p\u00fablica \u00e9 a melhor op\u00e7\u00e3o para a sua vida profissional.","breadcrumb":{"@id":"https:\/\/www.estrategiaconcursos.com.br\/blog\/carreira-publica-motivos-ingressar\/#breadcrumb"},"inLanguage":"pt-BR","potentialAction":[{"@type":"ReadAction","target":["https:\/\/www.estrategiaconcursos.com.br\/blog\/carreira-publica-motivos-ingressar\/"]}]},{"@type":"ImageObject","inLanguage":"pt-BR","@id":"https:\/\/www.estrategiaconcursos.com.br\/blog\/carreira-publica-motivos-ingressar\/#primaryimage","url":"https:\/\/dhg1h5j42swfq.cloudfront.net\/2022\/10\/27173441\/dia-do-servidor-publico-nova-data.png","contentUrl":"https:\/\/dhg1h5j42swfq.cloudfront.net\/2022\/10\/27173441\/dia-do-servidor-publico-nova-data.png","width":651,"height":421,"caption":"servidor p\u00fablico"},{"@type":"BreadcrumbList","@id":"https:\/\/www.estrategiaconcursos.com.br\/blog\/carreira-publica-motivos-ingressar\/#breadcrumb","itemListElement":[{"@type":"ListItem","position":1,"name":"In\u00edcio","item":"https:\/\/www.estrategiaconcursos.com.br\/blog\/"},{"@type":"ListItem","position":2,"name":"Carreira p\u00fablica: sete motivos para se tornar um servidor p\u00fablico"}]},{"@type":"WebSite","@id":"https:\/\/www.estrategiaconcursos.com.br\/blog\/#website","url":"https:\/\/www.estrategiaconcursos.com.br\/blog\/","name":"Estrat\u00e9gia Concursos","description":"O blog da Estrat\u00e9gia Concursos traz not\u00edcias sobre concursos e artigos de professores oferecendo cursos para concursos (pdf + videaulas) no site.","publisher":{"@id":"https:\/\/www.estrategiaconcursos.com.br\/blog\/#organization"},"potentialAction":[{"@type":"SearchAction","target":{"@type":"EntryPoint","urlTemplate":"https:\/\/www.estrategiaconcursos.com.br\/blog\/?s={search_term_string}"},"query-input":{"@type":"PropertyValueSpecification","valueRequired":true,"valueName":"search_term_string"}}],"inLanguage":"pt-BR"},{"@type":"Organization","@id":"https:\/\/www.estrategiaconcursos.com.br\/blog\/#organization","name":"Estrat\u00e9gia Concursos","url":"https:\/\/www.estrategiaconcursos.com.br\/blog\/","logo":{"@type":"ImageObject","inLanguage":"pt-BR","@id":"https:\/\/www.estrategiaconcursos.com.br\/blog\/#\/schema\/logo\/image\/","url":"https:\/\/dhg1h5j42swfq.cloudfront.net\/2025\/06\/03203428\/logo_concursos-1.jpg","contentUrl":"https:\/\/dhg1h5j42swfq.cloudfront.net\/2025\/06\/03203428\/logo_concursos-1.jpg","width":230,"height":60,"caption":"Estrat\u00e9gia Concursos"},"image":{"@id":"https:\/\/www.estrategiaconcursos.com.br\/blog\/#\/schema\/logo\/image\/"},"sameAs":["https:\/\/x.com\/EstratConcursos"]},{"@type":"Person","@id":"https:\/\/www.estrategiaconcursos.com.br\/blog\/#\/schema\/person\/2602628e49ec93d5f782b149f91603ab","name":"Nilson Silva de Assis","image":{"@type":"ImageObject","inLanguage":"pt-BR","@id":"https:\/\/secure.gravatar.com\/avatar\/cdec26ae7042f64d4ddcb70bcf78a4fcbc02661bfa30a7ce3d8bf515b625a75a?s=96&d=mm&r=g","url":"https:\/\/secure.gravatar.com\/avatar\/cdec26ae7042f64d4ddcb70bcf78a4fcbc02661bfa30a7ce3d8bf515b625a75a?s=96&d=mm&r=g","contentUrl":"https:\/\/secure.gravatar.com\/avatar\/cdec26ae7042f64d4ddcb70bcf78a4fcbc02661bfa30a7ce3d8bf515b625a75a?s=96&d=mm&r=g","caption":"Nilson Silva de Assis"},"description":"Atualmente \u00e9 Analista Legislativo do Senado Federal e Professor do Estrat\u00e9gia Concursos. Suas principais aprova\u00e7\u00f5es: Analista Legislativo do Senado Federal; Auditor Federal de Finan\u00e7as e Controle da CGU; Auditor-Fiscal da Receita Estadual da SEFAZ ES; T\u00e9cnico Fazend\u00e1rio do ISS Manaus; Assistente Executivo em Metrologia e Qualidade do Inmetro; Agente Fazend\u00e1rio do ISS Niter\u00f3i\/RJ; Assistente Administrativo da Prefeitura do Rio (RioSa\u00fade); Assistente Administrativo da Secretaria de Administra\u00e7\u00e3o do Munic\u00edpio do RJ.","sameAs":["https:\/\/www.instagram.com\/nilsonassis.concursos\/","kedin.com\/in\/nilson-assis-954132295\/"],"url":"https:\/\/www.estrategiaconcursos.com.br\/blog\/author\/nilson-sdeassisgmail-com\/"}]}},"_links":{"self":[{"href":"https:\/\/www.estrategiaconcursos.com.br\/blog\/wp-json\/wp\/v2\/posts\/1724852","targetHints":{"allow":["GET"]}}],"collection":[{"href":"https:\/\/www.estrategiaconcursos.com.br\/blog\/wp-json\/wp\/v2\/posts"}],"about":[{"href":"https:\/\/www.estrategiaconcursos.com.br\/blog\/wp-json\/wp\/v2\/types\/post"}],"author":[{"embeddable":true,"href":"https:\/\/www.estrategiaconcursos.com.br\/blog\/wp-json\/wp\/v2\/users\/2894"}],"replies":[{"embeddable":true,"href":"https:\/\/www.estrategiaconcursos.com.br\/blog\/wp-json\/wp\/v2\/comments?post=1724852"}],"version-history":[{"count":3,"href":"https:\/\/www.estrategiaconcursos.com.br\/blog\/wp-json\/wp\/v2\/posts\/1724852\/revisions"}],"predecessor-version":[{"id":1724856,"href":"https:\/\/www.estrategiaconcursos.com.br\/blog\/wp-json\/wp\/v2\/posts\/1724852\/revisions\/1724856"}],"wp:featuredmedia":[{"embeddable":true,"href":"https:\/\/www.estrategiaconcursos.com.br\/blog\/wp-json\/wp\/v2\/media\/1116798"}],"wp:attachment":[{"href":"https:\/\/www.estrategiaconcursos.com.br\/blog\/wp-json\/wp\/v2\/media?parent=1724852"}],"wp:term":[{"taxonomy":"category","embeddable":true,"href":"https:\/\/www.estrategiaconcursos.com.br\/blog\/wp-json\/wp\/v2\/categories?post=1724852"},{"taxonomy":"post_tag","embeddable":true,"href":"https:\/\/www.estrategiaconcursos.com.br\/blog\/wp-json\/wp\/v2\/tags?post=1724852"},{"taxonomy":"tax_estado","embeddable":true,"href":"https:\/\/www.estrategiaconcursos.com.br\/blog\/wp-json\/wp\/v2\/tax_estado?post=1724852"}],"curies":[{"name":"wp","href":"https:\/\/api.w.org\/{rel}","templated":true}]}}