{"id":1724631,"date":"2024-03-03T15:45:00","date_gmt":"2024-03-03T18:45:00","guid":{"rendered":"https:\/\/www.estrategiaconcursos.com.br\/blog\/?p=1724631"},"modified":"2026-03-03T17:11:42","modified_gmt":"2026-03-03T20:11:42","slug":"concurso-prefeitura-paco-do-lumiar","status":"publish","type":"post","link":"https:\/\/www.estrategiaconcursos.com.br\/blog\/concurso-prefeitura-paco-do-lumiar\/","title":{"rendered":"Concurso Pa\u00e7o do Lumiar: homologado!"},"content":{"rendered":"\n<p id=\"p-rc_d884328e5265b8fe-20\">O \u00faltimo concurso da <strong>Prefeitura Municipal de Pa\u00e7o do Lumiar<\/strong>, no estado do Maranh\u00e3o, foi homologado!<\/p>\n\n\n\n<p id=\"p-rc_d884328e5265b8fe-21\">O certame foi organizado pela <strong>Funda\u00e7\u00e3o Sous\u00e2ndrade (FSADU)<\/strong> e destinou-se ao preenchimento de vagas imediatas e forma\u00e7\u00e3o de cadastro reserva para o quadro da educa\u00e7\u00e3o. <\/p>\n\n\n\n<p id=\"p-rc_d884328e5265b8fe-21\">Com regime jur\u00eddico estatut\u00e1rio, a sele\u00e7\u00e3o ocorreu em 2023, com prazo de validade de at\u00e9 dois anos. <\/p>\n\n\n\n<ul class=\"wp-block-list has-very-light-gray-to-cyan-bluish-gray-gradient-background has-background\">\n<li><strong>Prefeitura Municipal de Pa\u00e7o do Lumiar &#8211; MA<\/strong><\/li>\n\n\n\n<li><strong>Situa\u00e7\u00e3o:<\/strong> Homologado <\/li>\n\n\n\n<li><strong>Banca:<\/strong> Funda\u00e7\u00e3o Sous\u00e2ndrade <\/li>\n\n\n\n<li><strong>Vagas:<\/strong> 206 + CR<\/li>\n\n\n\n<li><strong>Sal\u00e1rio inicial:<\/strong> R$ 1.392,95 a R$ 6.147,31 <\/li>\n\n\n\n<li><strong>\u00daltimo edital:<\/strong> <a href=\"https:\/\/www.fsaduconcursos.org.br\/\" target=\"_blank\" rel=\"noreferrer noopener\">n\u00ba 001\/2023 (Retificado)<\/a> <\/li>\n<\/ul>\n\n\n\n<p>Confira neste artigo mais informa\u00e7\u00f5es sobre o \u00faltimo concurso <strong>Pa\u00e7o do Lumiar<\/strong>:<\/p>\n\n\n\n<ul id=\"indice\" class=\"wp-block-list\">\n<li><a href=\"#ultimo\"><strong>\u00daltimo edital<\/strong><\/a>\n<ul class=\"wp-block-list\">\n<li><a href=\"#etapas\">Etapas<\/a><\/li>\n<\/ul>\n<\/li>\n\n\n\n<li><a href=\"#cursos-assinatura\"><strong>Assinatura e cursos<\/strong><\/a><\/li>\n\n\n\n<li><a href=\"#ficha-tecnica\"><strong>Ficha t\u00e9cnica<\/strong><\/a><\/li>\n<\/ul>\n\n\n\n<div class=\"container\" id=\"boxes\">\n  <div class=\"row\">\n\n    <div class=\"col-sm\">\n      <div class=\"banner-prefeituras-ec\" id=\"box-assinatura\">\n        <h2 class=\"titulo-assinatura\" style=\"text-align: left;\">Concursos Prefeituras<\/h2>\n        <p class=\"subtitulo-assinatura\" style=\"text-align: left;\">Prepara\u00e7\u00e3o completa para a carreira!<\/p>\n        <div class=\"box-botao\" style=\"text-align: left;\">\n          <a class=\"btn-assinatura\" target=\"_blank\" href=\"https:\/\/www.estrategiaconcursos.com.br\/pesquisa\/?q=prefeitura+paco+do+lumiar\/\" role=\"button\" rel=\"noopener noreferrer\">EXPLORAR CURSOS<\/a>\n        <\/div>\n      <\/div><\/div><\/div><\/div>\n\n\n\n<h2 class=\"wp-block-heading\" id=\"ultimo\"><strong>Detalhes do \u00faltimo Concurso Pa\u00e7o do Lumiar<\/strong><\/h2>\n\n\n\n<p id=\"p-rc_d884328e5265b8fe-24\">O certame ofereceu oportunidades para todos os n\u00edveis de escolaridade, com vencimentos variando de acordo com a jornada e o cargo. <\/p>\n\n\n\n<p id=\"p-rc_d884328e5265b8fe-24\">Confira as principais \u00e1reas:<\/p>\n\n\n\n<ul class=\"wp-block-list\">\n<li><strong>N\u00edvel superior (Grupo I):<\/strong> Assistente Social, Fonoaudi\u00f3logo, Nutricionista, Psic\u00f3logo e Psicopedagogo (Sal\u00e1rios de R$ 3.259,27 a R$ 3.628,92);<\/li>\n\n\n\n<li><strong>N\u00edvel superior &#8211; Professor (Grupos II e III):<\/strong> Professor de 1\u00ba ao 5\u00ba ano, Especialista em Educa\u00e7\u00e3o B\u00e1sica e Professores de Anos Finais em \u00e1reas como Matem\u00e1tica, Portugu\u00eas, Hist\u00f3ria, Ci\u00eancias, Ingl\u00eas, Artes e Educa\u00e7\u00e3o F\u00edsica (Sal\u00e1rio de R$ 6.147,31 para 40h);<\/li>\n\n\n\n<li><strong>N\u00edvel m\u00e9dio (Grupos IV e V):<\/strong> Professor de Educa\u00e7\u00e3o Infantil, Auxiliar de Desenvolvimento Infantil (ADI), T\u00e9cnico em Administra\u00e7\u00e3o Escolar e Tutor\/Cuidador Escolar (Sal\u00e1rios de R$ 1.780,51 a R$ 5.122,76);<\/li>\n\n\n\n<li><strong>N\u00edvel fundamental incompleto (Grupo VI):<\/strong> Merendeiro Escolar (Sal\u00e1rio de R$ 1.392,95).<\/li>\n<\/ul>\n\n\n\n<h2 class=\"wp-block-heading\" id=\"etapas\">Concurso Pa\u00e7o do Lumiar: etapas de prova<\/h2>\n\n\n\n<p>O processo de avalia\u00e7\u00e3o do Concurso Pa\u00e7o do Lumiar foi dividido em etapas distintas, dependendo do n\u00edvel de escolaridade:<\/p>\n\n\n\n<ol start=\"1\" class=\"wp-block-list\">\n<li><strong>Prova Objetiva:<\/strong>\n<ul class=\"wp-block-list\">\n<li><strong>Car\u00e1ter:<\/strong> Eliminat\u00f3rio e classificat\u00f3rio para todos os cargos.<\/li>\n\n\n\n<li><strong>Dura\u00e7\u00e3o:<\/strong> 4 horas.<\/li>\n\n\n\n<li><strong>Formato:<\/strong> M\u00faltipla escolha com 5 op\u00e7\u00f5es (&#8220;a&#8221; a &#8220;e&#8221;).<\/li>\n\n\n\n<li><strong>Disciplinas:<\/strong> Inclu\u00edram L\u00edngua Portuguesa, No\u00e7\u00f5es de Inform\u00e1tica, Matem\u00e1tica, Fundamentos da Educa\u00e7\u00e3o e Conhecimentos Espec\u00edficos, al\u00e9m de Aspectos Hist\u00f3ricos, Geogr\u00e1ficos e Liter\u00e1rios de Pa\u00e7o do Lumiar.<\/li>\n<\/ul>\n<\/li>\n\n\n\n<li><strong>Prova de T\u00edtulos:<\/strong>\n<ul class=\"wp-block-list\">\n<li><strong>Car\u00e1ter:<\/strong> Apenas classificat\u00f3rio.<\/li>\n\n\n\n<li><strong>P\u00fablico:<\/strong> Candidatos de N\u00edvel Superior e para o cargo de Professor Educa\u00e7\u00e3o Infantil &#8211; Regular.<\/li>\n\n\n\n<li><strong>Crit\u00e9rios:<\/strong> Avaliou a forma\u00e7\u00e3o acad\u00eamica (Doutorado, Mestrado, Especializa\u00e7\u00e3o e Gradua\u00e7\u00e3o conforme o grupo) e a experi\u00eancia profissional comprovada na \u00e1rea.<\/li>\n<\/ul>\n<\/li>\n<\/ol>\n\n\n\n<hr class=\"wp-block-separator has-alpha-channel-opacity\"\/>\n\n\n\n<h2 class=\"wp-block-heading has-text-align-center\" id=\"cursos-assinatura\"><em>Cursos e assinaturas:<\/em><\/h2>\n\n\n\n<div class=\"container\" id=\"boxes\">\n  <div class=\"row\">\n\n    <div class=\"col-sm\">\n      <div class=\"banner-prefeituras-ec\" id=\"box-assinatura\">\n        <h2 class=\"titulo-assinatura\" style=\"text-align: left;\">Concursos Prefeituras<\/h2>\n        <p class=\"subtitulo-assinatura\" style=\"text-align: left;\">Prepara\u00e7\u00e3o completa para a carreira!<\/p>\n        <div class=\"box-botao\" style=\"text-align: left;\">\n          <a class=\"btn-assinatura\" target=\"_blank\" href=\"https:\/\/www.estrategiaconcursos.com.br\/pesquisa\/?q=prefeitura+paco+do+lumiar\/\" role=\"button\" rel=\"noopener noreferrer\">EXPLORAR CURSOS<\/a>\n        <\/div>\n      <\/div><\/div><\/div><\/div>\n\n\n\n<div class=\"container\" id=\"boxes\">\n  <div class=\"row\">\n\n    <div class=\"col-sm\">\n      <div class=\"estrategia\" id=\"box-assinatura\">\n        <h3 class=\"titulo-assinatura\">Assinatura Concursos<\/h3>\n        <p class=\"subtitulo-assinatura\">Assinatura de 1 ano ou 2 anos<\/p>\n        <div class=\"box-botao\">\n          <a class=\"btn-assinatura\" target=\"_blank\" href=\"https:\/\/www.estrategiaconcursos.com.br\/assinaturas\/\" role=\"button\" rel=\"noopener noreferrer\">ASSINE AGORA<\/a>\n        <\/div>\n      <\/div><\/div><\/div><\/div>\n\n\n\n<h2 class=\"wp-block-heading has-text-align-center\" id=\"h-quer-saber-tudo-sobre-concursos-previstos-confira-os-nossos-artigos\">Quer saber tudo sobre concursos previstos?<br \/>Confira os nossos artigos!<\/h2>\n\n\n\n<ul class=\"wp-block-list\">\n<li><a href=\"https:\/\/www.estrategiaconcursos.com.br\/blog\/concursos-abertos\/\" target=\"_blank\" rel=\"noreferrer noopener\">Concursos Abertos<\/a><\/li>\n\n\n\n<li><a href=\"https:\/\/www.estrategiaconcursos.com.br\/blog\/concursos-abertos-prefeituras\/\" target=\"_blank\" rel=\"noreferrer noopener\">Concursos Abertos de Prefeituras<\/a><\/li>\n\n\n\n<li><a href=\"https:\/\/www.estrategiaconcursos.com.br\/blog\/concursos-prefeituras\/\" target=\"_blank\" rel=\"noreferrer noopener\">Concursos de Prefeituras<\/a><\/li>\n\n\n\n<li><a href=\"https:\/\/www.estrategiaconcursos.com.br\/blog\/concursos-2026\/\" target=\"_blank\" rel=\"noreferrer noopener\">Concursos 2026<\/a><\/li>\n<\/ul>\n\n\n\n<figure class=\"wp-block-image is-resized\"><img loading=\"lazy\" decoding=\"async\" width=\"1024\" height=\"632\" src=\"https:\/\/dhg1h5j42swfq.cloudfront.net\/2021\/04\/01161145\/ficha-tecnica-5-1024x632.png\" alt=\"Informa\u00e7\u00f5es do \u00faltimo concurso Pa\u00e7o do Lumiar\" class=\"wp-image-706736\" style=\"width:236px;height:145px\" srcset=\"https:\/\/dhg1h5j42swfq.cloudfront.net\/2021\/04\/01161145\/ficha-tecnica-5-1024x632.png 1024w, https:\/\/dhg1h5j42swfq.cloudfront.net\/2021\/04\/01161145\/ficha-tecnica-5-300x185.png 300w, https:\/\/dhg1h5j42swfq.cloudfront.net\/2021\/04\/01161145\/ficha-tecnica-5-768x474.png 768w, https:\/\/dhg1h5j42swfq.cloudfront.net\/2021\/04\/01161145\/ficha-tecnica-5-1536x948.png 1536w, https:\/\/dhg1h5j42swfq.cloudfront.net\/2021\/04\/01161145\/ficha-tecnica-5-610x377.png 610w, https:\/\/dhg1h5j42swfq.cloudfront.net\/2021\/04\/01161145\/ficha-tecnica-5.png 1571w\" sizes=\"auto, (max-width: 1024px) 100vw, 1024px\" \/><\/figure>\n\n\n\n<h3 class=\"wp-block-heading\" id=\"ficha-tecnica\">Informa\u00e7\u00f5es do \u00faltimo concurso Pa\u00e7o do Lumiar<\/h3>\n\n\n\n<ul class=\"wp-block-list\">\n<li><strong>Ano<\/strong>: 2023<\/li>\n\n\n\n<li><strong>Banca<\/strong>: Funda\u00e7\u00e3o Sous\u00e2ndrade (FSADU)<\/li>\n\n\n\n<li><strong>Escolaridade<\/strong>: todos <\/li>\n\n\n\n<li><strong>Vagas:<\/strong> 206 + CR<\/li>\n\n\n\n<li><strong>Cargos<\/strong>: diversos<\/li>\n\n\n\n<li><strong>\u00daltimo edital:<\/strong> <a href=\"https:\/\/www.fsaduconcursos.org.br\/\" target=\"_blank\" rel=\"noreferrer noopener\">n\u00ba 001\/2023 (Retificado)<\/a> <\/li>\n<\/ul>\n","protected":false},"excerpt":{"rendered":"<p>O \u00faltimo concurso da Prefeitura Municipal de Pa\u00e7o do Lumiar, no estado do Maranh\u00e3o, foi homologado! O certame foi organizado pela Funda\u00e7\u00e3o Sous\u00e2ndrade (FSADU) e destinou-se ao preenchimento de vagas imediatas e forma\u00e7\u00e3o de cadastro reserva para o quadro da educa\u00e7\u00e3o. Com regime jur\u00eddico estatut\u00e1rio, a sele\u00e7\u00e3o ocorreu em 2023, com prazo de validade de [&hellip;]<\/p>\n","protected":false},"author":2991,"featured_media":1181282,"comment_status":"open","ping_status":"closed","sticky":false,"template":"","format":"standard","meta":{"post_tipo":"news_page","footnotes":""},"categories":[222278],"tags":[],"tax_estado":[219973],"class_list":["post-1724631","post","type-post","status-publish","format-standard","has-post-thumbnail","hentry","category-prefeituras","tax_estado-ma"],"acf":[],"yoast_head":"<!-- This site is optimized with the Yoast SEO Premium plugin v27.2 (Yoast SEO v27.2) - https:\/\/yoast.com\/product\/yoast-seo-premium-wordpress\/ -->\n<title>Concurso Pa\u00e7o do Lumiar: homologado!<\/title>\n<meta name=\"description\" content=\"Concurso Pa\u00e7o do Lumiar: \u00faltimo edital foi publicado em 2023, com vagas imediatas e em cadastro de reserva. Veja aqui!\" \/>\n<meta name=\"robots\" content=\"index, follow, max-snippet:-1, max-image-preview:large, max-video-preview:-1\" \/>\n<link rel=\"canonical\" href=\"https:\/\/www.estrategiaconcursos.com.br\/blog\/concurso-prefeitura-paco-do-lumiar\/\" \/>\n<meta property=\"og:locale\" content=\"pt_BR\" \/>\n<meta property=\"og:type\" content=\"article\" \/>\n<meta property=\"og:title\" content=\"Concurso Pa\u00e7o do Lumiar: homologado!\" \/>\n<meta property=\"og:description\" content=\"Concurso Pa\u00e7o do Lumiar: \u00faltimo edital foi publicado em 2023, com vagas imediatas e em cadastro de reserva. Veja aqui!\" \/>\n<meta property=\"og:url\" content=\"https:\/\/www.estrategiaconcursos.com.br\/blog\/concurso-prefeitura-paco-do-lumiar\/\" \/>\n<meta property=\"og:site_name\" content=\"Estrat\u00e9gia Concursos\" \/>\n<meta property=\"article:published_time\" content=\"2024-03-03T18:45:00+00:00\" \/>\n<meta property=\"article:modified_time\" content=\"2026-03-03T20:11:42+00:00\" \/>\n<meta property=\"og:image\" content=\"https:\/\/dhg1h5j42swfq.cloudfront.net\/2023\/02\/03172558\/concursos-maranhao.jpg\" \/>\n\t<meta property=\"og:image:width\" content=\"1198\" \/>\n\t<meta property=\"og:image:height\" content=\"627\" \/>\n\t<meta property=\"og:image:type\" content=\"image\/jpeg\" \/>\n<meta name=\"author\" content=\"Melmuara Thaiane Doneg\u00e1 C\u00e2ndido\" \/>\n<meta name=\"twitter:card\" content=\"summary_large_image\" \/>\n<meta name=\"twitter:creator\" content=\"@EstratConcursos\" \/>\n<meta name=\"twitter:site\" content=\"@EstratConcursos\" \/>\n<meta name=\"twitter:label1\" content=\"Escrito por\" \/>\n\t<meta name=\"twitter:data1\" content=\"Melmuara Thaiane Doneg\u00e1 C\u00e2ndido\" \/>\n\t<meta name=\"twitter:label2\" content=\"Est. tempo de leitura\" \/>\n\t<meta name=\"twitter:data2\" content=\"2 minutos\" \/>\n<script type=\"application\/ld+json\" class=\"yoast-schema-graph\">{\"@context\":\"https:\/\/schema.org\",\"@graph\":[{\"@type\":\"NewsArticle\",\"@id\":\"https:\/\/www.estrategiaconcursos.com.br\/blog\/concurso-prefeitura-paco-do-lumiar\/#article\",\"isPartOf\":{\"@id\":\"https:\/\/www.estrategiaconcursos.com.br\/blog\/concurso-prefeitura-paco-do-lumiar\/\"},\"author\":{\"name\":\"Melmuara Thaiane Doneg\u00e1 C\u00e2ndido\",\"@id\":\"https:\/\/www.estrategiaconcursos.com.br\/blog\/#\/schema\/person\/f33ffe5648e36a1ec7be14cb98aec31a\"},\"headline\":\"Concurso Pa\u00e7o do Lumiar: homologado!\",\"datePublished\":\"2024-03-03T18:45:00+00:00\",\"dateModified\":\"2026-03-03T20:11:42+00:00\",\"mainEntityOfPage\":{\"@id\":\"https:\/\/www.estrategiaconcursos.com.br\/blog\/concurso-prefeitura-paco-do-lumiar\/\"},\"wordCount\":497,\"commentCount\":0,\"publisher\":{\"@id\":\"https:\/\/www.estrategiaconcursos.com.br\/blog\/#organization\"},\"image\":{\"@id\":\"https:\/\/www.estrategiaconcursos.com.br\/blog\/concurso-prefeitura-paco-do-lumiar\/#primaryimage\"},\"thumbnailUrl\":\"https:\/\/dhg1h5j42swfq.cloudfront.net\/2023\/02\/03172558\/concursos-maranhao.jpg\",\"articleSection\":[\"Prefeituras\"],\"inLanguage\":\"pt-BR\",\"potentialAction\":[{\"@type\":\"CommentAction\",\"name\":\"Comment\",\"target\":[\"https:\/\/www.estrategiaconcursos.com.br\/blog\/concurso-prefeitura-paco-do-lumiar\/#respond\"]}],\"copyrightYear\":\"2024\",\"copyrightHolder\":{\"@id\":\"https:\/\/www.estrategiaconcursos.com.br\/blog\/#organization\"}},{\"@type\":\"WebPage\",\"@id\":\"https:\/\/www.estrategiaconcursos.com.br\/blog\/concurso-prefeitura-paco-do-lumiar\/\",\"url\":\"https:\/\/www.estrategiaconcursos.com.br\/blog\/concurso-prefeitura-paco-do-lumiar\/\",\"name\":\"Concurso Pa\u00e7o do Lumiar: homologado!\",\"isPartOf\":{\"@id\":\"https:\/\/www.estrategiaconcursos.com.br\/blog\/#website\"},\"primaryImageOfPage\":{\"@id\":\"https:\/\/www.estrategiaconcursos.com.br\/blog\/concurso-prefeitura-paco-do-lumiar\/#primaryimage\"},\"image\":{\"@id\":\"https:\/\/www.estrategiaconcursos.com.br\/blog\/concurso-prefeitura-paco-do-lumiar\/#primaryimage\"},\"thumbnailUrl\":\"https:\/\/dhg1h5j42swfq.cloudfront.net\/2023\/02\/03172558\/concursos-maranhao.jpg\",\"datePublished\":\"2024-03-03T18:45:00+00:00\",\"dateModified\":\"2026-03-03T20:11:42+00:00\",\"description\":\"Concurso Pa\u00e7o do Lumiar: \u00faltimo edital foi publicado em 2023, com vagas imediatas e em cadastro de reserva. Veja aqui!\",\"breadcrumb\":{\"@id\":\"https:\/\/www.estrategiaconcursos.com.br\/blog\/concurso-prefeitura-paco-do-lumiar\/#breadcrumb\"},\"inLanguage\":\"pt-BR\",\"potentialAction\":[{\"@type\":\"ReadAction\",\"target\":[\"https:\/\/www.estrategiaconcursos.com.br\/blog\/concurso-prefeitura-paco-do-lumiar\/\"]}]},{\"@type\":\"ImageObject\",\"inLanguage\":\"pt-BR\",\"@id\":\"https:\/\/www.estrategiaconcursos.com.br\/blog\/concurso-prefeitura-paco-do-lumiar\/#primaryimage\",\"url\":\"https:\/\/dhg1h5j42swfq.cloudfront.net\/2023\/02\/03172558\/concursos-maranhao.jpg\",\"contentUrl\":\"https:\/\/dhg1h5j42swfq.cloudfront.net\/2023\/02\/03172558\/concursos-maranhao.jpg\",\"width\":1198,\"height\":627,\"caption\":\"Concurso Pa\u00e7o do Lumiar\"},{\"@type\":\"BreadcrumbList\",\"@id\":\"https:\/\/www.estrategiaconcursos.com.br\/blog\/concurso-prefeitura-paco-do-lumiar\/#breadcrumb\",\"itemListElement\":[{\"@type\":\"ListItem\",\"position\":1,\"name\":\"In\u00edcio\",\"item\":\"https:\/\/www.estrategiaconcursos.com.br\/blog\/\"},{\"@type\":\"ListItem\",\"position\":2,\"name\":\"Concurso Pa\u00e7o do Lumiar: homologado!\"}]},{\"@type\":\"WebSite\",\"@id\":\"https:\/\/www.estrategiaconcursos.com.br\/blog\/#website\",\"url\":\"https:\/\/www.estrategiaconcursos.com.br\/blog\/\",\"name\":\"Estrat\u00e9gia Concursos\",\"description\":\"O blog da Estrat\u00e9gia Concursos traz not\u00edcias sobre concursos e artigos de professores oferecendo cursos para concursos (pdf + videaulas) no site.\",\"publisher\":{\"@id\":\"https:\/\/www.estrategiaconcursos.com.br\/blog\/#organization\"},\"potentialAction\":[{\"@type\":\"SearchAction\",\"target\":{\"@type\":\"EntryPoint\",\"urlTemplate\":\"https:\/\/www.estrategiaconcursos.com.br\/blog\/?s={search_term_string}\"},\"query-input\":{\"@type\":\"PropertyValueSpecification\",\"valueRequired\":true,\"valueName\":\"search_term_string\"}}],\"inLanguage\":\"pt-BR\"},{\"@type\":\"Organization\",\"@id\":\"https:\/\/www.estrategiaconcursos.com.br\/blog\/#organization\",\"name\":\"Estrat\u00e9gia Concursos\",\"url\":\"https:\/\/www.estrategiaconcursos.com.br\/blog\/\",\"logo\":{\"@type\":\"ImageObject\",\"inLanguage\":\"pt-BR\",\"@id\":\"https:\/\/www.estrategiaconcursos.com.br\/blog\/#\/schema\/logo\/image\/\",\"url\":\"https:\/\/dhg1h5j42swfq.cloudfront.net\/2025\/06\/03203428\/logo_concursos-1.jpg\",\"contentUrl\":\"https:\/\/dhg1h5j42swfq.cloudfront.net\/2025\/06\/03203428\/logo_concursos-1.jpg\",\"width\":230,\"height\":60,\"caption\":\"Estrat\u00e9gia Concursos\"},\"image\":{\"@id\":\"https:\/\/www.estrategiaconcursos.com.br\/blog\/#\/schema\/logo\/image\/\"},\"sameAs\":[\"https:\/\/x.com\/EstratConcursos\"]},{\"@type\":\"Person\",\"@id\":\"https:\/\/www.estrategiaconcursos.com.br\/blog\/#\/schema\/person\/f33ffe5648e36a1ec7be14cb98aec31a\",\"name\":\"Melmuara Thaiane Doneg\u00e1 C\u00e2ndido\",\"image\":{\"@type\":\"ImageObject\",\"inLanguage\":\"pt-BR\",\"@id\":\"https:\/\/secure.gravatar.com\/avatar\/72c23c49ace6e781125178efe440f336ae4f50fbfb902780beb369688b387c4f?s=96&d=mm&r=g\",\"url\":\"https:\/\/secure.gravatar.com\/avatar\/72c23c49ace6e781125178efe440f336ae4f50fbfb902780beb369688b387c4f?s=96&d=mm&r=g\",\"contentUrl\":\"https:\/\/secure.gravatar.com\/avatar\/72c23c49ace6e781125178efe440f336ae4f50fbfb902780beb369688b387c4f?s=96&d=mm&r=g\",\"caption\":\"Melmuara Thaiane Doneg\u00e1 C\u00e2ndido\"},\"description\":\"Formada em Jornalismo em 2011 pela UniSEB-COC, Ribeir\u00e3o Preto-SP, atua desde 2017 na produ\u00e7\u00e3o de conte\u00fado para prefeituras, passando da \u00e1rea publicit\u00e1ria para a cria\u00e7\u00e3o de textos estrat\u00e9gicos e not\u00edcias sobre concursos, mantendo os concurseiros bem informados sobre os principais editais de prefeituras e concursos municipais.\",\"birthDate\":\"1990-04-21\",\"gender\":\"feminino\",\"url\":\"https:\/\/www.estrategiaconcursos.com.br\/blog\/author\/melmuara-candidoestrategia-com\/\"}]}<\/script>\n<!-- \/ Yoast SEO Premium plugin. -->","yoast_head_json":{"title":"Concurso Pa\u00e7o do Lumiar: homologado!","description":"Concurso Pa\u00e7o do Lumiar: \u00faltimo edital foi publicado em 2023, com vagas imediatas e em cadastro de reserva. Veja aqui!","robots":{"index":"index","follow":"follow","max-snippet":"max-snippet:-1","max-image-preview":"max-image-preview:large","max-video-preview":"max-video-preview:-1"},"canonical":"https:\/\/www.estrategiaconcursos.com.br\/blog\/concurso-prefeitura-paco-do-lumiar\/","og_locale":"pt_BR","og_type":"article","og_title":"Concurso Pa\u00e7o do Lumiar: homologado!","og_description":"Concurso Pa\u00e7o do Lumiar: \u00faltimo edital foi publicado em 2023, com vagas imediatas e em cadastro de reserva. Veja aqui!","og_url":"https:\/\/www.estrategiaconcursos.com.br\/blog\/concurso-prefeitura-paco-do-lumiar\/","og_site_name":"Estrat\u00e9gia Concursos","article_published_time":"2024-03-03T18:45:00+00:00","article_modified_time":"2026-03-03T20:11:42+00:00","og_image":[{"width":1198,"height":627,"url":"https:\/\/dhg1h5j42swfq.cloudfront.net\/2023\/02\/03172558\/concursos-maranhao.jpg","type":"image\/jpeg"}],"author":"Melmuara Thaiane Doneg\u00e1 C\u00e2ndido","twitter_card":"summary_large_image","twitter_creator":"@EstratConcursos","twitter_site":"@EstratConcursos","twitter_misc":{"Escrito por":"Melmuara Thaiane Doneg\u00e1 C\u00e2ndido","Est. tempo de leitura":"2 minutos"},"schema":{"@context":"https:\/\/schema.org","@graph":[{"@type":"NewsArticle","@id":"https:\/\/www.estrategiaconcursos.com.br\/blog\/concurso-prefeitura-paco-do-lumiar\/#article","isPartOf":{"@id":"https:\/\/www.estrategiaconcursos.com.br\/blog\/concurso-prefeitura-paco-do-lumiar\/"},"author":{"name":"Melmuara Thaiane Doneg\u00e1 C\u00e2ndido","@id":"https:\/\/www.estrategiaconcursos.com.br\/blog\/#\/schema\/person\/f33ffe5648e36a1ec7be14cb98aec31a"},"headline":"Concurso Pa\u00e7o do Lumiar: homologado!","datePublished":"2024-03-03T18:45:00+00:00","dateModified":"2026-03-03T20:11:42+00:00","mainEntityOfPage":{"@id":"https:\/\/www.estrategiaconcursos.com.br\/blog\/concurso-prefeitura-paco-do-lumiar\/"},"wordCount":497,"commentCount":0,"publisher":{"@id":"https:\/\/www.estrategiaconcursos.com.br\/blog\/#organization"},"image":{"@id":"https:\/\/www.estrategiaconcursos.com.br\/blog\/concurso-prefeitura-paco-do-lumiar\/#primaryimage"},"thumbnailUrl":"https:\/\/dhg1h5j42swfq.cloudfront.net\/2023\/02\/03172558\/concursos-maranhao.jpg","articleSection":["Prefeituras"],"inLanguage":"pt-BR","potentialAction":[{"@type":"CommentAction","name":"Comment","target":["https:\/\/www.estrategiaconcursos.com.br\/blog\/concurso-prefeitura-paco-do-lumiar\/#respond"]}],"copyrightYear":"2024","copyrightHolder":{"@id":"https:\/\/www.estrategiaconcursos.com.br\/blog\/#organization"}},{"@type":"WebPage","@id":"https:\/\/www.estrategiaconcursos.com.br\/blog\/concurso-prefeitura-paco-do-lumiar\/","url":"https:\/\/www.estrategiaconcursos.com.br\/blog\/concurso-prefeitura-paco-do-lumiar\/","name":"Concurso Pa\u00e7o do Lumiar: homologado!","isPartOf":{"@id":"https:\/\/www.estrategiaconcursos.com.br\/blog\/#website"},"primaryImageOfPage":{"@id":"https:\/\/www.estrategiaconcursos.com.br\/blog\/concurso-prefeitura-paco-do-lumiar\/#primaryimage"},"image":{"@id":"https:\/\/www.estrategiaconcursos.com.br\/blog\/concurso-prefeitura-paco-do-lumiar\/#primaryimage"},"thumbnailUrl":"https:\/\/dhg1h5j42swfq.cloudfront.net\/2023\/02\/03172558\/concursos-maranhao.jpg","datePublished":"2024-03-03T18:45:00+00:00","dateModified":"2026-03-03T20:11:42+00:00","description":"Concurso Pa\u00e7o do Lumiar: \u00faltimo edital foi publicado em 2023, com vagas imediatas e em cadastro de reserva. Veja aqui!","breadcrumb":{"@id":"https:\/\/www.estrategiaconcursos.com.br\/blog\/concurso-prefeitura-paco-do-lumiar\/#breadcrumb"},"inLanguage":"pt-BR","potentialAction":[{"@type":"ReadAction","target":["https:\/\/www.estrategiaconcursos.com.br\/blog\/concurso-prefeitura-paco-do-lumiar\/"]}]},{"@type":"ImageObject","inLanguage":"pt-BR","@id":"https:\/\/www.estrategiaconcursos.com.br\/blog\/concurso-prefeitura-paco-do-lumiar\/#primaryimage","url":"https:\/\/dhg1h5j42swfq.cloudfront.net\/2023\/02\/03172558\/concursos-maranhao.jpg","contentUrl":"https:\/\/dhg1h5j42swfq.cloudfront.net\/2023\/02\/03172558\/concursos-maranhao.jpg","width":1198,"height":627,"caption":"Concurso Pa\u00e7o do Lumiar"},{"@type":"BreadcrumbList","@id":"https:\/\/www.estrategiaconcursos.com.br\/blog\/concurso-prefeitura-paco-do-lumiar\/#breadcrumb","itemListElement":[{"@type":"ListItem","position":1,"name":"In\u00edcio","item":"https:\/\/www.estrategiaconcursos.com.br\/blog\/"},{"@type":"ListItem","position":2,"name":"Concurso Pa\u00e7o do Lumiar: homologado!"}]},{"@type":"WebSite","@id":"https:\/\/www.estrategiaconcursos.com.br\/blog\/#website","url":"https:\/\/www.estrategiaconcursos.com.br\/blog\/","name":"Estrat\u00e9gia Concursos","description":"O blog da Estrat\u00e9gia Concursos traz not\u00edcias sobre concursos e artigos de professores oferecendo cursos para concursos (pdf + videaulas) no site.","publisher":{"@id":"https:\/\/www.estrategiaconcursos.com.br\/blog\/#organization"},"potentialAction":[{"@type":"SearchAction","target":{"@type":"EntryPoint","urlTemplate":"https:\/\/www.estrategiaconcursos.com.br\/blog\/?s={search_term_string}"},"query-input":{"@type":"PropertyValueSpecification","valueRequired":true,"valueName":"search_term_string"}}],"inLanguage":"pt-BR"},{"@type":"Organization","@id":"https:\/\/www.estrategiaconcursos.com.br\/blog\/#organization","name":"Estrat\u00e9gia Concursos","url":"https:\/\/www.estrategiaconcursos.com.br\/blog\/","logo":{"@type":"ImageObject","inLanguage":"pt-BR","@id":"https:\/\/www.estrategiaconcursos.com.br\/blog\/#\/schema\/logo\/image\/","url":"https:\/\/dhg1h5j42swfq.cloudfront.net\/2025\/06\/03203428\/logo_concursos-1.jpg","contentUrl":"https:\/\/dhg1h5j42swfq.cloudfront.net\/2025\/06\/03203428\/logo_concursos-1.jpg","width":230,"height":60,"caption":"Estrat\u00e9gia Concursos"},"image":{"@id":"https:\/\/www.estrategiaconcursos.com.br\/blog\/#\/schema\/logo\/image\/"},"sameAs":["https:\/\/x.com\/EstratConcursos"]},{"@type":"Person","@id":"https:\/\/www.estrategiaconcursos.com.br\/blog\/#\/schema\/person\/f33ffe5648e36a1ec7be14cb98aec31a","name":"Melmuara Thaiane Doneg\u00e1 C\u00e2ndido","image":{"@type":"ImageObject","inLanguage":"pt-BR","@id":"https:\/\/secure.gravatar.com\/avatar\/72c23c49ace6e781125178efe440f336ae4f50fbfb902780beb369688b387c4f?s=96&d=mm&r=g","url":"https:\/\/secure.gravatar.com\/avatar\/72c23c49ace6e781125178efe440f336ae4f50fbfb902780beb369688b387c4f?s=96&d=mm&r=g","contentUrl":"https:\/\/secure.gravatar.com\/avatar\/72c23c49ace6e781125178efe440f336ae4f50fbfb902780beb369688b387c4f?s=96&d=mm&r=g","caption":"Melmuara Thaiane Doneg\u00e1 C\u00e2ndido"},"description":"Formada em Jornalismo em 2011 pela UniSEB-COC, Ribeir\u00e3o Preto-SP, atua desde 2017 na produ\u00e7\u00e3o de conte\u00fado para prefeituras, passando da \u00e1rea publicit\u00e1ria para a cria\u00e7\u00e3o de textos estrat\u00e9gicos e not\u00edcias sobre concursos, mantendo os concurseiros bem informados sobre os principais editais de prefeituras e concursos municipais.","birthDate":"1990-04-21","gender":"feminino","url":"https:\/\/www.estrategiaconcursos.com.br\/blog\/author\/melmuara-candidoestrategia-com\/"}]}},"_links":{"self":[{"href":"https:\/\/www.estrategiaconcursos.com.br\/blog\/wp-json\/wp\/v2\/posts\/1724631","targetHints":{"allow":["GET"]}}],"collection":[{"href":"https:\/\/www.estrategiaconcursos.com.br\/blog\/wp-json\/wp\/v2\/posts"}],"about":[{"href":"https:\/\/www.estrategiaconcursos.com.br\/blog\/wp-json\/wp\/v2\/types\/post"}],"author":[{"embeddable":true,"href":"https:\/\/www.estrategiaconcursos.com.br\/blog\/wp-json\/wp\/v2\/users\/2991"}],"replies":[{"embeddable":true,"href":"https:\/\/www.estrategiaconcursos.com.br\/blog\/wp-json\/wp\/v2\/comments?post=1724631"}],"version-history":[{"count":3,"href":"https:\/\/www.estrategiaconcursos.com.br\/blog\/wp-json\/wp\/v2\/posts\/1724631\/revisions"}],"predecessor-version":[{"id":1724768,"href":"https:\/\/www.estrategiaconcursos.com.br\/blog\/wp-json\/wp\/v2\/posts\/1724631\/revisions\/1724768"}],"wp:featuredmedia":[{"embeddable":true,"href":"https:\/\/www.estrategiaconcursos.com.br\/blog\/wp-json\/wp\/v2\/media\/1181282"}],"wp:attachment":[{"href":"https:\/\/www.estrategiaconcursos.com.br\/blog\/wp-json\/wp\/v2\/media?parent=1724631"}],"wp:term":[{"taxonomy":"category","embeddable":true,"href":"https:\/\/www.estrategiaconcursos.com.br\/blog\/wp-json\/wp\/v2\/categories?post=1724631"},{"taxonomy":"post_tag","embeddable":true,"href":"https:\/\/www.estrategiaconcursos.com.br\/blog\/wp-json\/wp\/v2\/tags?post=1724631"},{"taxonomy":"tax_estado","embeddable":true,"href":"https:\/\/www.estrategiaconcursos.com.br\/blog\/wp-json\/wp\/v2\/tax_estado?post=1724631"}],"curies":[{"name":"wp","href":"https:\/\/api.w.org\/{rel}","templated":true}]}}