{"id":1723378,"date":"2026-03-16T11:12:00","date_gmt":"2026-03-16T14:12:00","guid":{"rendered":"https:\/\/www.estrategiaconcursos.com.br\/blog\/?p=1723378"},"modified":"2026-03-06T20:36:37","modified_gmt":"2026-03-06T23:36:37","slug":"resumo-controle-administracao","status":"publish","type":"post","link":"https:\/\/www.estrategiaconcursos.com.br\/blog\/resumo-controle-administracao\/","title":{"rendered":"Resumo sobre controle da administra\u00e7\u00e3o p\u00fablica"},"content":{"rendered":"\n<p>Ol\u00e1, pessoal, tudo bem? Apresentaremos, a seguir, um resumo sobre o <strong><mark style=\"background-color:rgba(0, 0, 0, 0);color:#0693e3\" class=\"has-inline-color\">controle da administra\u00e7\u00e3o p\u00fablica<\/mark><\/strong>, com foco nas principais classifica\u00e7\u00f5es exigidas pelas bancas examinadoras de concursos p\u00fablicos (especialmente: <a href=\"https:\/\/portal.fgv.br\/concursos\">FGV<\/a>, <a href=\"https:\/\/www.concursosfcc.com.br\/\">FCC<\/a> e <a href=\"https:\/\/www.cebraspe.org.br\/concursos\/\">CEBRASPE<\/a>).<\/p>\n\n\n\n<figure class=\"wp-block-image size-full\"><img loading=\"lazy\" decoding=\"async\" width=\"1024\" height=\"448\" src=\"https:\/\/dhg1h5j42swfq.cloudfront.net\/2020\/07\/18084944\/auditorias-publicas-1.jpg\" alt=\"Resumo sobre controle da administra\u00e7\u00e3o p\u00fablica\" class=\"wp-image-543750\" srcset=\"https:\/\/dhg1h5j42swfq.cloudfront.net\/2020\/07\/18084944\/auditorias-publicas-1.jpg 1024w, https:\/\/dhg1h5j42swfq.cloudfront.net\/2020\/07\/18084944\/auditorias-publicas-1-300x131.jpg 300w, https:\/\/dhg1h5j42swfq.cloudfront.net\/2020\/07\/18084944\/auditorias-publicas-1-768x336.jpg 768w, https:\/\/dhg1h5j42swfq.cloudfront.net\/2020\/07\/18084944\/auditorias-publicas-1-610x267.jpg 610w\" sizes=\"auto, (max-width: 1024px) 100vw, 1024px\" \/><\/figure>\n\n\n\n<p>Bons estudos!<\/p>\n\n\n\n<h2 class=\"wp-block-heading\" id=\"h-introducao\"><strong><mark style=\"background-color:rgba(0, 0, 0, 0);color:#0693e3\" class=\"has-inline-color\">Introdu\u00e7\u00e3o<\/mark><\/strong><\/h2>\n\n\n\n<p>Conforme o <strong><mark style=\"background-color:rgba(0, 0, 0, 0);color:#9b51e0\" class=\"has-inline-color\">princ\u00edpio administrativo da sindicabilidade, todos os atos administrativos se submetem a alguma esp\u00e9cie de controle<\/mark><\/strong>.<\/p>\n\n\n\n<p>Em resumo, o <strong><mark style=\"background-color:rgba(0, 0, 0, 0);color:#9b51e0\" class=\"has-inline-color\">controle da administra\u00e7\u00e3o p\u00fablica<\/mark><\/strong> consiste no <strong><mark style=\"background-color:rgba(0, 0, 0, 0);color:#9b51e0\" class=\"has-inline-color\">conjunto de mecanismos fiscalizat\u00f3rios e revisionais, aplicados sobre os atos administrativos, com vistas a assegurar a atua\u00e7\u00e3o l\u00edcita, pertinente e moral dos \u00f3rg\u00e3os e entidades p\u00fablicas<\/mark><\/strong>.<\/p>\n\n\n\n<p>Por oportuno, cabe pontuar que, quando tratamos sobre atos administrativos, n\u00e3o cabe referenciar somente os atos praticados pelo Poder Executivo no exerc\u00edcio de sua fun\u00e7\u00e3o t\u00edpica de administrar.<\/p>\n\n\n\n<p>Ou seja, os atos administrativos praticados pelos demais Poderes (Legislativo e Judici\u00e1rio), bem como, pelos \u00f3rg\u00e3os independentes previstos na Constitui\u00e7\u00e3o Federal (como os Tribunais de Contas e o Minist\u00e9rio P\u00fablico), no exerc\u00edcio da fun\u00e7\u00e3o administrativa at\u00edpica, tamb\u00e9m se submetem a controle.<\/p>\n\n\n\n<p>Diante do exposto, a <strong><mark style=\"background-color:rgba(0, 0, 0, 0);color:#9b51e0\" class=\"has-inline-color\">doutrina classifica o controle da administra\u00e7\u00e3o p\u00fablica \u00e0 luz de alguns par\u00e2metros<\/mark><\/strong>, especialmente, <strong><mark style=\"background-color:rgba(0, 0, 0, 0);color:#9b51e0\" class=\"has-inline-color\">quanto ao (\u00e0)<\/mark><\/strong>:<\/p>\n\n\n\n<ul class=\"wp-block-list\">\n<li><strong><mark style=\"background-color:rgba(0, 0, 0, 0);color:#9b51e0\" class=\"has-inline-color\">Localiza\u00e7\u00e3o<\/mark><\/strong>;<\/li>\n\n\n\n<li><strong><mark style=\"background-color:rgba(0, 0, 0, 0);color:#9b51e0\" class=\"has-inline-color\">Momento<\/mark><\/strong>;<\/li>\n\n\n\n<li><strong><mark style=\"background-color:rgba(0, 0, 0, 0);color:#9b51e0\" class=\"has-inline-color\">Natureza<\/mark><\/strong>;<\/li>\n\n\n\n<li><strong><mark style=\"background-color:rgba(0, 0, 0, 0);color:#9b51e0\" class=\"has-inline-color\">Iniciativa<\/mark><\/strong>;<\/li>\n\n\n\n<li><strong><mark style=\"background-color:rgba(0, 0, 0, 0);color:#9b51e0\" class=\"has-inline-color\">\u00c2mbito<\/mark>;<\/strong> e,<\/li>\n\n\n\n<li><strong><mark style=\"background-color:rgba(0, 0, 0, 0);color:#9b51e0\" class=\"has-inline-color\">\u00d3rg\u00e3o<\/mark><\/strong>.<\/li>\n<\/ul>\n\n\n\n<p>A seguir, estudaremos o que \u00e9 mais importante sobre o controle da administra\u00e7\u00e3o p\u00fablica, a partir das classifica\u00e7\u00f5es supramencionadas.<\/p>\n\n\n\n<h2 class=\"wp-block-heading\" id=\"h-resumo-sobre-controle-da-administracao-publica-quanto-a-localizacao\"><strong><mark style=\"background-color:rgba(0, 0, 0, 0);color:#0693e3\" class=\"has-inline-color\">Resumo sobre controle da administra\u00e7\u00e3o p\u00fablica: quanto \u00e0 localiza\u00e7\u00e3o<\/mark><\/strong><\/h2>\n\n\n\n<p>Quanto \u00e0 <strong><mark style=\"background-color:rgba(0, 0, 0, 0);color:#9b51e0\" class=\"has-inline-color\">localiza\u00e7\u00e3o do \u00f3rg\u00e3o controlador<\/mark><\/strong>, a doutrina classifica o controle da administra\u00e7\u00e3o p\u00fablica em:<\/p>\n\n\n\n<ul class=\"wp-block-list\">\n<li><strong><mark style=\"background-color:rgba(0, 0, 0, 0);color:#ff6900\" class=\"has-inline-color\">Interno<\/mark><\/strong>;<\/li>\n\n\n\n<li><strong><mark style=\"background-color:rgba(0, 0, 0, 0);color:#00d084\" class=\"has-inline-color\">Externo<\/mark>;<\/strong><\/li>\n\n\n\n<li><strong><mark style=\"background-color:rgba(0, 0, 0, 0);color:#cf2e2e\" class=\"has-inline-color\">Social<\/mark><\/strong>.<\/li>\n<\/ul>\n\n\n\n<p>Em resumo, o <strong><mark style=\"background-color:rgba(0, 0, 0, 0);color:#ff6900\" class=\"has-inline-color\">controle interno<\/mark><\/strong> refere-se a uma atua\u00e7\u00e3o controladora em <strong>\u00e2mbito interno ao pr\u00f3prio Poder controlado<\/strong>.<\/p>\n\n\n\n<p>Por exemplo, o controle realizado pela Controladoria-Geral da Uni\u00e3o (CGU) sobre os atos do Poder Executivo Federal representa uma manifesta\u00e7\u00e3o do controle interno.<\/p>\n\n\n\n<p>Da mesma forma, a atua\u00e7\u00e3o do Conselho Nacional de Justi\u00e7a (CNJ) sobre o Poder Judici\u00e1rio, com fundamento no art. 103-B, \u00a74\u00ba, da CF\/88, tamb\u00e9m representa um exemplo de controle interno.<\/p>\n\n\n\n<p>Conforme a doutrina, em regra, o controle interno <strong>n\u00e3o carece de amplo lastro normativo para legitimar a sua atua\u00e7\u00e3o<\/strong>, haja vista estar pautado em rela\u00e7\u00f5es hier\u00e1rquicas inerentes ao referido Poder.<\/p>\n\n\n\n<p>Por outro lado, o <strong><mark style=\"background-color:rgba(0, 0, 0, 0);color:#00d084\" class=\"has-inline-color\">controle externo<\/mark><\/strong> ocorre quando o <strong>\u00f3rg\u00e3o controlador encontra-se fora da estrutura administrativa do Poder controlado<\/strong>, como <strong>manifesta\u00e7\u00e3o do sistema de freios e contrapesos.<\/strong><\/p>\n\n\n\n<p>Como exemplo, podemos citar o controle realizado pelo Tribunal de Contas da Uni\u00e3o (TCU) sobre uma transfer\u00eancia volunt\u00e1ria realizada pelo Poder Executivo da Uni\u00e3o.<\/p>\n\n\n\n<p>Nesse sentido, vale ressaltar que o controle externo <strong>carece de previs\u00e3o constitucional para legitimar a sua atua\u00e7\u00e3o, sob pena de ofensa \u00e0 separa\u00e7\u00e3o dos poderes e ao pacto federativo<\/strong>.<\/p>\n\n\n\n<p>Al\u00e9m disso, a <strong>Constitui\u00e7\u00e3o Federal somente denominou expressamente como controle externo aquele de titularidade do Poder Legislativo, <\/strong><strong>exercido com apoio dos Tribunais de Contas.<\/strong><\/p>\n\n\n\n<p>Alguns doutrinadores citam tamb\u00e9m o <strong><mark style=\"background-color:rgba(0, 0, 0, 0);color:#cf2e2e\" class=\"has-inline-color\">controle social<\/mark><\/strong> como uma classifica\u00e7\u00e3o quanto \u00e0 posi\u00e7\u00e3o do \u00f3rg\u00e3o controlador.<\/p>\n\n\n\n<p>Trata-se, portanto, do controle realizado pela sociedade, especialmente, com base nas <strong>pol\u00edticas de acesso \u00e0 informa\u00e7\u00e3o<\/strong> e por meio do <strong>exerc\u00edcio da democracia<\/strong>.<\/p>\n\n\n\n<p>Pessoal, sobre a localiza\u00e7\u00e3o do \u00f3rg\u00e3o controlador, alguns doutrinadores classificam como <strong><mark style=\"background-color:rgba(0, 0, 0, 0)\" class=\"has-inline-color has-accent-3-color\">controle interno exterior<\/mark><\/strong> a <strong>tutela da administra\u00e7\u00e3o direta sobre a indireta<\/strong>, apesar de, <em>a priori<\/em>, estar contido no controle interno.<\/p>\n\n\n\n<h2 class=\"wp-block-heading\" id=\"h-resumo-sobre-controle-da-administracao-publica-quanto-ao-momento\"><strong><mark style=\"background-color:rgba(0, 0, 0, 0);color:#0693e3\" class=\"has-inline-color\">Resumo sobre controle da administra\u00e7\u00e3o p\u00fablica: quanto ao momento<\/mark><\/strong><\/h2>\n\n\n\n<p>Quanto ao <strong><mark style=\"background-color:rgba(0, 0, 0, 0);color:#9b51e0\" class=\"has-inline-color\">momento<\/mark><\/strong>, o controle da administra\u00e7\u00e3o p\u00fablica pode ser:<\/p>\n\n\n\n<ul class=\"wp-block-list\">\n<li><strong><mark style=\"background-color:rgba(0, 0, 0, 0);color:#ff6900\" class=\"has-inline-color\">Pr\u00e9vio<\/mark><\/strong>;<\/li>\n\n\n\n<li><strong><mark style=\"background-color:rgba(0, 0, 0, 0);color:#00d084\" class=\"has-inline-color\">Concomitante<\/mark><\/strong>;<\/li>\n\n\n\n<li><strong><mark style=\"background-color:rgba(0, 0, 0, 0);color:#cf2e2e\" class=\"has-inline-color\">Posterior<\/mark><\/strong>.<\/li>\n<\/ul>\n\n\n\n<p>O <mark style=\"background-color:rgba(0, 0, 0, 0);color:#ff6900\" class=\"has-inline-color\"><strong>controle pr\u00e9vio<\/strong> <\/mark>ocorre <strong>anteriormente \u00e0 materializa\u00e7\u00e3o do ato controlado<\/strong>. Trata-se de uma esp\u00e9cie de controle com <strong>maior custo agregado<\/strong> e que <strong>origina um maior volume de trabalho<\/strong>.<\/p>\n\n\n\n<p>Conforme a doutrina, o controle pr\u00e9vio dos atos administrativos consiste em uma <strong>caracter\u00edstica da administra\u00e7\u00e3o p\u00fablica burocr\u00e1tica<\/strong>.<\/p>\n\n\n\n<p>Por outro lado, o <mark style=\"background-color:rgba(0, 0, 0, 0);color:#00d084\" class=\"has-inline-color\"><strong>controle concomitante<\/strong> <\/mark>decorre da <strong>atua\u00e7\u00e3o controladora simult\u00e2nea \u00e0 ocorr\u00eancia dos atos controlados<\/strong>.<\/p>\n\n\n\n<p>Como exemplo, podemos citar a fiscaliza\u00e7\u00e3o contratual realizada por um Tribunal de Contas, ao longo de sua execu\u00e7\u00e3o, de forma <em>pari passu<\/em>.<\/p>\n\n\n\n<p>Atualmente, h\u00e1 conson\u00e2ncia entre os estudiosos em rela\u00e7\u00e3o \u00e0 necessidade de fortalecimento do controle concomitante da administra\u00e7\u00e3o, com vistas a aprimorar a atua\u00e7\u00e3o tempestiva em face dos desvios. Para isso, torna-se essencial aprimorar as ferramentas de tecnologia da informa\u00e7\u00e3o.<\/p>\n\n\n\n<p>Al\u00e9m disso, existe ainda o <strong><mark style=\"background-color:rgba(0, 0, 0, 0);color:#cf2e2e\" class=\"has-inline-color\">controle posterior<\/mark><\/strong> da administra\u00e7\u00e3o que, por sua vez, <strong>ocorre ap\u00f3s a pr\u00e1tica do ato controlado<\/strong> e representa a principal esp\u00e9cie de controle, quanto ao momento, utilizada no Brasil.<\/p>\n\n\n\n<h2 class=\"wp-block-heading\" id=\"h-resumo-sobre-controle-da-administracao-publica-quanto-a-natureza\"><strong><mark style=\"background-color:rgba(0, 0, 0, 0);color:#0693e3\" class=\"has-inline-color\"><strong><mark style=\"background-color:rgba(0, 0, 0, 0);color:#0693e3\" class=\"has-inline-color\">Resumo sobre controle<\/mark><\/strong> da administra\u00e7\u00e3o p\u00fablica: quanto \u00e0 natureza<\/mark><\/strong><\/h2>\n\n\n\n<p>Em rela\u00e7\u00e3o \u00e0 <strong><mark style=\"background-color:rgba(0, 0, 0, 0);color:#9b51e0\" class=\"has-inline-color\">natureza<\/mark><\/strong>, o controle da administra\u00e7\u00e3o subdivide-se em:<\/p>\n\n\n\n<ul class=\"wp-block-list\">\n<li><strong><mark style=\"background-color:rgba(0, 0, 0, 0);color:#ff6900\" class=\"has-inline-color\">Legalidade<\/mark><\/strong>;<\/li>\n\n\n\n<li><strong><mark style=\"background-color:rgba(0, 0, 0, 0);color:#00d084\" class=\"has-inline-color\">M\u00e9rito<\/mark><\/strong>.<\/li>\n<\/ul>\n\n\n\n<p>Em resumo, o <strong><mark style=\"background-color:rgba(0, 0, 0, 0);color:#ff6900\" class=\"has-inline-color\">controle de legalidade<\/mark><\/strong> decorre da <strong>verifica\u00e7\u00e3o de conformidade entre os atos controlados e os crit\u00e9rios legais aplic\u00e1veis<\/strong>.<\/p>\n\n\n\n<p>Conforme a doutrina, o controle de legalidade pode originar a <strong>confirma\u00e7\u00e3o<\/strong> (quando inexistem irregularidades), a <strong>anula\u00e7\u00e3o<\/strong> (quando existem v\u00edcios de ilegalidade) ou a <strong>convalida\u00e7\u00e3o<\/strong> (mediante o saneamento de irregularidades pass\u00edveis de corre\u00e7\u00e3o) dos atos controlados.<\/p>\n\n\n\n<p>Por outro lado, o <mark style=\"background-color:rgba(0, 0, 0, 0);color:#00d084\" class=\"has-inline-color\"><strong>controle de m\u00e9rito<\/strong><\/mark> <strong>incide sobre a conveni\u00eancia e a oportunidade dos atos controlados<\/strong>.<\/p>\n\n\n\n<p>Nesse caso, n\u00e3o h\u00e1 o que se falar em ilegalidade e pode originar a <strong>manuten\u00e7\u00e3o<\/strong> (quando continuam convenientes e oportunos), a <strong>modifica\u00e7\u00e3o<\/strong> (quando se verifica uma melhor abordagem poss\u00edvel) ou a <strong>revoga\u00e7\u00e3o<\/strong> (quando n\u00e3o h\u00e1 mais conveni\u00eancia e oportunidade) do ato controlado.<\/p>\n\n\n\n<h2 class=\"wp-block-heading\" id=\"h-resumo-sobre-controle-da-administracao-publica-quanto-a-iniciativa\"><strong><mark style=\"background-color:rgba(0, 0, 0, 0);color:#0693e3\" class=\"has-inline-color\"><strong><mark style=\"background-color:rgba(0, 0, 0, 0);color:#0693e3\" class=\"has-inline-color\">Resumo sobre controle<\/mark><\/strong> da administra\u00e7\u00e3o p\u00fablica: quanto \u00e0 iniciativa<\/mark><\/strong><\/h2>\n\n\n\n<p>Acerca da classifica\u00e7\u00e3o quanto \u00e0 <strong><mark style=\"background-color:rgba(0, 0, 0, 0);color:#9b51e0\" class=\"has-inline-color\">iniciativa<\/mark><\/strong>, o controle classifica-se como:<\/p>\n\n\n\n<ul class=\"wp-block-list\">\n<li><strong><mark style=\"background-color:rgba(0, 0, 0, 0);color:#ff6900\" class=\"has-inline-color\">De of\u00edcio<\/mark><\/strong>;<\/li>\n\n\n\n<li><strong><mark style=\"background-color:rgba(0, 0, 0, 0);color:#00d084\" class=\"has-inline-color\">Provocado<\/mark><\/strong>;<\/li>\n\n\n\n<li><strong><mark style=\"background-color:rgba(0, 0, 0, 0);color:#cf2e2e\" class=\"has-inline-color\">Compuls\u00f3rio<\/mark><\/strong>.<\/li>\n<\/ul>\n\n\n\n<p>O <strong><mark style=\"background-color:rgba(0, 0, 0, 0);color:#ff6900\" class=\"has-inline-color\">controle de of\u00edcio<\/mark><\/strong> <strong>independe de qualquer provoca\u00e7\u00e3o externa<\/strong> para sua manifesta\u00e7\u00e3o. Trata-se, portanto, de controle impulsionado pelo pr\u00f3prio \u00f3rg\u00e3o controlador.<\/p>\n\n\n\n<p>Por exemplo, quando o Tribunal de Contas da Uni\u00e3o (TCU) elabora o seu plano anual de fiscaliza\u00e7\u00f5es, est\u00e1, ele pr\u00f3prio, com base em crit\u00e9rios t\u00e9cnicos, definindo o seu escopo de atua\u00e7\u00e3o.<\/p>\n\n\n\n<p>Por outro lado, o <strong><mark style=\"background-color:rgba(0, 0, 0, 0);color:#00d084\" class=\"has-inline-color\">controle provocado<\/mark><\/strong> <strong>decorre de um impulso externo<\/strong>. Ou seja, <strong>carece de um pedido\/requerimento para que o \u00f3rg\u00e3o controlador possa atuar<\/strong>.<\/p>\n\n\n\n<p>Como exemplo, podemos citar o controle judicial que, em regra, mant\u00e9m-se inerte at\u00e9 que haja a sua provoca\u00e7\u00e3o.<\/p>\n\n\n\n<p>Ademais, o <strong><mark style=\"background-color:rgba(0, 0, 0, 0);color:#cf2e2e\" class=\"has-inline-color\">controle compuls\u00f3rio<\/mark><\/strong>, como terceira classifica\u00e7\u00e3o, refere-se \u00e0s <strong>situa\u00e7\u00f5es em que o pr\u00f3prio ordenamento jur\u00eddico exige a atua\u00e7\u00e3o controladora e delimita os prazos para a sua ocorr\u00eancia<\/strong>.<\/p>\n\n\n\n<p>Nesse sentido, cita-se a compet\u00eancia dos Tribunais de Contas para apreciar, mediante parecer pr\u00e9vio, as contas anuais dos chefes do Poder Executivo, o que deve ocorrer anualmente, conforme os prazos estabelecidos na legisla\u00e7\u00e3o.<\/p>\n\n\n\n<h2 class=\"wp-block-heading\" id=\"h-resumo-sobre-controle-da-administracao-publica-quanto-ao-ambito\"><strong><mark style=\"background-color:rgba(0, 0, 0, 0);color:#0693e3\" class=\"has-inline-color\"><strong><mark style=\"background-color:rgba(0, 0, 0, 0);color:#0693e3\" class=\"has-inline-color\">Resumo sobre controle<\/mark><\/strong> da administra\u00e7\u00e3o p\u00fablica: quanto ao \u00e2mbito<\/mark><\/strong><\/h2>\n\n\n\n<p>Quanto ao <strong><mark style=\"background-color:rgba(0, 0, 0, 0);color:#9b51e0\" class=\"has-inline-color\">\u00e2mbito<\/mark><\/strong>, o controle da administra\u00e7\u00e3o p\u00fablica pode decorrer de:<\/p>\n\n\n\n<ul class=\"wp-block-list\">\n<li><strong><mark style=\"background-color:rgba(0, 0, 0, 0);color:#ff6900\" class=\"has-inline-color\">Subordina\u00e7\u00e3o<\/mark><\/strong>;<\/li>\n\n\n\n<li><strong><mark style=\"background-color:rgba(0, 0, 0, 0);color:#00d084\" class=\"has-inline-color\">Vincula\u00e7\u00e3o<\/mark><\/strong>.<\/li>\n<\/ul>\n\n\n\n<p>Conforme a doutrina, o <strong><mark style=\"background-color:rgba(0, 0, 0, 0);color:#ff6900\" class=\"has-inline-color\">controle por subordina\u00e7\u00e3o<\/mark><\/strong> <strong>fundamenta-se na rela\u00e7\u00e3o hier\u00e1rquica<\/strong> entre os \u00f3rg\u00e3os da administra\u00e7\u00e3o p\u00fablica.<\/p>\n\n\n\n<p>Trata-se de um controle, em regra, tido como <strong>pleno, permanente e presumido<\/strong>.<\/p>\n\n\n\n<p>Por outro lado, o <strong><mark style=\"background-color:rgba(0, 0, 0, 0);color:#00d084\" class=\"has-inline-color\">controle por vincula\u00e7\u00e3<\/mark>o<\/strong> <strong>existe mesmo sem que haja rela\u00e7\u00f5es hier\u00e1rquicas entre o controlador e o controlado<\/strong>.<\/p>\n\n\n\n<p>Dessa forma, n\u00e3o se trata de um controle presumido, pois <strong>carece de expressa previs\u00e3o no ordenamento jur\u00eddico<\/strong>.<\/p>\n\n\n\n<p>Nesse sentido, o controle por vincula\u00e7\u00e3o ocorre entre os \u00f3rg\u00e3os da administra\u00e7\u00e3o direta e as entidades da administra\u00e7\u00e3o indireta, por exemplo, e <strong>objetiva verificar aspectos final\u00edsticos e de cumprimento dos programas<\/strong>.<\/p>\n\n\n\n<h2 class=\"wp-block-heading\" id=\"h-resumo-sobre-controle-da-administracao-publica-quanto-ao-orgao\"><strong><mark style=\"background-color:rgba(0, 0, 0, 0);color:#0693e3\" class=\"has-inline-color\"><strong><mark style=\"background-color:rgba(0, 0, 0, 0);color:#0693e3\" class=\"has-inline-color\">Resumo sobre controle<\/mark><\/strong> da administra\u00e7\u00e3o p\u00fablica: quanto ao \u00f3rg\u00e3o<\/mark><\/strong><\/h2>\n\n\n\n<p>Quanto ao <mark style=\"background-color:rgba(0, 0, 0, 0);color:#9b51e0\" class=\"has-inline-color\"><strong>\u00f3rg\u00e3o<\/strong> <\/mark>que exerce o controle, a doutrina aponta 3 (tr\u00eas) classifica\u00e7\u00f5es, sobre as quais podemos estabelecer correla\u00e7\u00f5es em face das anteriormente estudadas. Vejamos:<\/p>\n\n\n\n<ul class=\"wp-block-list\">\n<li><strong><mark style=\"background-color:rgba(0, 0, 0, 0);color:#ff6900\" class=\"has-inline-color\">Administrativo<\/mark><\/strong>;<\/li>\n\n\n\n<li><strong><mark style=\"background-color:rgba(0, 0, 0, 0);color:#00d084\" class=\"has-inline-color\">Legislativo<\/mark><\/strong>;<\/li>\n\n\n\n<li><strong><mark style=\"background-color:rgba(0, 0, 0, 0);color:#cf2e2e\" class=\"has-inline-color\">Judicial<\/mark><\/strong>.<\/li>\n<\/ul>\n\n\n\n<p>Em resumo, o <strong><mark style=\"background-color:rgba(0, 0, 0, 0);color:#ff6900\" class=\"has-inline-color\">controle administrativo<\/mark><\/strong> consiste na <strong>atua\u00e7\u00e3o da pr\u00f3pria administra\u00e7\u00e3o p\u00fablica<\/strong>, utilizando-se do poder de <strong>autotutela<\/strong>, com vistas a <strong>anular atos ilegais ou revogar atos inoportunos<\/strong>.<\/p>\n\n\n\n<p>Conforme a doutrina, o controle administrativo <strong>goza de maior amplitude<\/strong>, haja vista que, em regra, <strong>atua so<\/strong><strong>bre aspectos de legalidade e de m\u00e9rito<\/strong>.<\/p>\n\n\n\n<p>Al\u00e9m disso, consiste em um <strong>controle interno<\/strong>, pois refere-se aos atos praticados no \u00e2mbito do mesmo Poder.<\/p>\n\n\n\n<p>Continuando, cabe citar que o controle administrativo pode manifestar-se <strong>de of\u00edcio ou mediante provoca\u00e7\u00e3o<\/strong> e que, quanto ao momento, pode ocorrer <strong>previamente, <\/strong><em><strong>pari passu<\/strong><\/em><strong> ou a posteriori<\/strong>.<\/p>\n\n\n\n<p>Al\u00e9m disso, tal esp\u00e9cie de controle <strong>pode decorrer tanto de rela\u00e7\u00f5es hier\u00e1rquicas,<\/strong> classificando-se como um controle por subordina\u00e7\u00e3o, <strong>como de vincula\u00e7\u00e3o<\/strong>.<\/p>\n\n\n\n<p>O <strong><mark style=\"background-color:rgba(0, 0, 0, 0);color:#00d084\" class=\"has-inline-color\">controle legislativo<\/mark><\/strong>, por outro lado, decorre da <strong>atua\u00e7\u00e3o controladora do Poder Legislativo com o aux\u00edlio dos Tribunais de Contas.<\/strong><\/p>\n\n\n\n<p>Consiste, portanto, em um <strong>controle externo <\/strong>\u2013 motivo pelo qual <strong>n\u00e3o h\u00e1 o que se falar em hierarquia entre controlador e controlado <\/strong>\u2013 que atua sobre aspectos de <strong>legalidade e de m\u00e9rito<\/strong>.<\/p>\n\n\n\n<p>O controle legislativo <strong>pode manifestar-se de of\u00edcio ou decorrer de provoca\u00e7\u00e3o, <\/strong>e pode ocorrer em qualquer momento (<strong>pr\u00e9vio, concomitante ou posterior<\/strong>).<\/p>\n\n\n\n<p>Conforme a doutrina, o controle legislativo classifica-se em: <strong>parlamentar direto (quando exercido pelas pr\u00f3prias casas legislativas) <\/strong>e <strong>parlamentar indireto (referindo-se ao controle t\u00e9cnico realizado pelos Tribunais de Contas)<\/strong>.<\/p>\n\n\n\n<p>Por fim, o <strong><mark style=\"background-color:rgba(0, 0, 0, 0);color:#cf2e2e\" class=\"has-inline-color\">controle judicial<\/mark><\/strong> refere-se ao <strong>realizado pelo Poder Judici\u00e1rio<\/strong>.<\/p>\n\n\n\n<p>Nesse sentido, vale pontuar que <strong>somente o controle judicial exerce jurisdi\u00e7\u00e3o em sentido estrito<\/strong>, haja vista o Brasil ter adorado o sistema ingl\u00eas de jurisdi\u00e7\u00e3o una.<\/p>\n\n\n\n<p>Como caracter\u00edsticas, trata-se de um controle <strong>externo, <\/strong>de <strong>legalidade<\/strong>, <strong>provocado<\/strong> e que, geralmente, ocorre <em><strong>a posteriori<\/strong><\/em>.<\/p>\n\n\n\n<h2 class=\"wp-block-heading\" id=\"h-conclusao\"><strong><mark style=\"background-color:rgba(0, 0, 0, 0);color:#0693e3\" class=\"has-inline-color\">Conclus\u00e3o<\/mark><\/strong><\/h2>\n\n\n\n<p>Pessoal, finalizamos aqui este resumo sobre o controle da administra\u00e7\u00e3o p\u00fablica.<\/p>\n\n\n\n<p>Grande abra\u00e7o.<\/p>\n\n\n\n<p><strong>Rafael Chaves<\/strong><\/p>\n\n\n\n<h2 class=\"wp-block-heading has-text-align-center\" id=\"h-quer-saber-tudo-sobre-concursos-previstos-confira-nossos-artigos\">Quer saber tudo sobre concursos previstos?<br \/>Confira nossos artigos!<\/h2>\n\n\n\n<p class=\"has-text-align-center has-pale-cyan-blue-background-color has-background\"><a href=\"https:\/\/www.estrategiaconcursos.com.br\/blog\/concursos-abertos\/\" target=\"_blank\" rel=\"noreferrer noopener\">Concursos abertos<\/a><\/p>\n\n\n\n<p class=\"has-text-align-center has-pale-cyan-blue-background-color has-background\"><a href=\"https:\/\/www.estrategiaconcursos.com.br\/blog\/concursos-2026\/#\" target=\"_blank\" rel=\"noreferrer noopener\">Concursos 2026<\/a><\/p>\n","protected":false},"excerpt":{"rendered":"<p>Ol\u00e1, pessoal, tudo bem? Apresentaremos, a seguir, um resumo sobre o controle da administra\u00e7\u00e3o p\u00fablica, com foco nas principais classifica\u00e7\u00f5es exigidas pelas bancas examinadoras de concursos p\u00fablicos (especialmente: FGV, FCC e CEBRASPE). Bons estudos! Introdu\u00e7\u00e3o Conforme o princ\u00edpio administrativo da sindicabilidade, todos os atos administrativos se submetem a alguma esp\u00e9cie de controle. Em resumo, o [&hellip;]<\/p>\n","protected":false},"author":2261,"featured_media":543750,"comment_status":"open","ping_status":"closed","sticky":false,"template":"","format":"standard","meta":{"post_tipo":"article","footnotes":""},"categories":[220216,220215,220192,2313,1,222233,222234,220180,164300,3766,220184,214992,220181,1983,220182,220183,6741,220185,2017,222238,220188,1988,220189,220190,220186,220187,222278,220191,1981,220737,1984,214710,222239,222235,222236,222237],"tags":[],"tax_estado":[219964,219965,219966,219967,219968,219969,219963,219970,219971,219972,219973,219974,219975,219976,219977,219978,219979,219980,219981,219982,219983,219984,219985,219986,219987,219988,222299,219989,219990],"class_list":["post-1723378","post","type-post","status-publish","format-standard","has-post-thumbnail","hentry","category-agencia-reguladora-agencia-reguladora","category-agencia-reguladora","category-anpad","category-carreiras-bancarias","category-cursos-e-concursos","category-conselhos-federais","category-conselhos-regionais","category-controle-gestao","category-concurso-diplomacia","category-educacional","category-engenharias-e-ti","category-concursos-administrativos","category-area-financeira","category-fiscal-estadual","category-fiscal-federal","category-fiscal-municipal","category-forcas-armadas-oficiais","category-forcas-armadas-pracas","category-concursos-legislativos","category-ministerio-publico","category-policial-agente-penitenciario","category-policia","category-policial-guarda-civis","category-policial-peritos","category-policial-oficial","category-policial-pracas","category-prefeituras","category-previdenciaria","category-saude","category-tribunais-tribunais","category-tribunais","category-tribunais-de-contas","category-tribunais-regionais-federais","category-tribunal-de-justica","category-tribunal-regional-do-trabalho","category-tribunal-regional-eleitoral","tax_estado-ac","tax_estado-al","tax_estado-am","tax_estado-ap","tax_estado-ba","tax_estado-ce","tax_estado-concursos-federais","tax_estado-df","tax_estado-es","tax_estado-go","tax_estado-ma","tax_estado-mg","tax_estado-ms","tax_estado-mt","tax_estado-pa","tax_estado-pb","tax_estado-pe","tax_estado-pi","tax_estado-pr","tax_estado-rj","tax_estado-rn","tax_estado-ro","tax_estado-rr","tax_estado-rs","tax_estado-sc","tax_estado-se","tax_estado-sem-estado-definido","tax_estado-sp","tax_estado-to"],"acf":[],"yoast_head":"<!-- This site is optimized with the Yoast SEO Premium plugin v27.2 (Yoast SEO v27.2) - https:\/\/yoast.com\/product\/yoast-seo-premium-wordpress\/ -->\n<title>Resumo sobre controle da administra\u00e7\u00e3o p\u00fablica<\/title>\n<meta name=\"description\" content=\"Estude, neste resumo, sobre o controle da administra\u00e7\u00e3o p\u00fablica, com foco nas principais classifica\u00e7\u00f5es cobradas pelas bancas examinadoras.\" \/>\n<meta name=\"robots\" content=\"index, follow, max-snippet:-1, max-image-preview:large, max-video-preview:-1\" \/>\n<link rel=\"canonical\" href=\"https:\/\/www.estrategiaconcursos.com.br\/blog\/resumo-controle-administracao\/\" \/>\n<meta property=\"og:locale\" content=\"pt_BR\" \/>\n<meta property=\"og:type\" content=\"article\" \/>\n<meta property=\"og:title\" content=\"Resumo sobre controle da administra\u00e7\u00e3o p\u00fablica\" \/>\n<meta property=\"og:description\" content=\"Estude, neste resumo, sobre o controle da administra\u00e7\u00e3o p\u00fablica, com foco nas principais classifica\u00e7\u00f5es cobradas pelas bancas examinadoras.\" \/>\n<meta property=\"og:url\" content=\"https:\/\/www.estrategiaconcursos.com.br\/blog\/resumo-controle-administracao\/\" \/>\n<meta property=\"og:site_name\" content=\"Estrat\u00e9gia Concursos\" \/>\n<meta property=\"article:published_time\" content=\"2026-03-16T14:12:00+00:00\" \/>\n<meta property=\"og:image\" content=\"https:\/\/dhg1h5j42swfq.cloudfront.net\/2020\/07\/18084944\/auditorias-publicas-1.jpg\" \/>\n\t<meta property=\"og:image:width\" content=\"1024\" \/>\n\t<meta property=\"og:image:height\" content=\"448\" \/>\n\t<meta property=\"og:image:type\" content=\"image\/jpeg\" \/>\n<meta name=\"author\" content=\"Rafael Ferreira Chaves\" \/>\n<meta name=\"twitter:card\" content=\"summary_large_image\" \/>\n<meta name=\"twitter:creator\" content=\"@EstratConcursos\" \/>\n<meta name=\"twitter:site\" content=\"@EstratConcursos\" \/>\n<meta name=\"twitter:label1\" content=\"Escrito por\" \/>\n\t<meta name=\"twitter:data1\" content=\"Rafael Ferreira Chaves\" \/>\n\t<meta name=\"twitter:label2\" content=\"Est. tempo de leitura\" \/>\n\t<meta name=\"twitter:data2\" content=\"8 minutos\" \/>\n<script type=\"application\/ld+json\" class=\"yoast-schema-graph\">{\"@context\":\"https:\/\/schema.org\",\"@graph\":[{\"@type\":\"NewsArticle\",\"@id\":\"https:\/\/www.estrategiaconcursos.com.br\/blog\/resumo-controle-administracao\/#article\",\"isPartOf\":{\"@id\":\"https:\/\/www.estrategiaconcursos.com.br\/blog\/resumo-controle-administracao\/\"},\"author\":{\"name\":\"Rafael Ferreira Chaves\",\"@id\":\"https:\/\/www.estrategiaconcursos.com.br\/blog\/#\/schema\/person\/545cce8f1c81268ec2ca202a954284e1\"},\"headline\":\"Resumo sobre controle da administra\u00e7\u00e3o p\u00fablica\",\"datePublished\":\"2026-03-16T14:12:00+00:00\",\"mainEntityOfPage\":{\"@id\":\"https:\/\/www.estrategiaconcursos.com.br\/blog\/resumo-controle-administracao\/\"},\"wordCount\":1654,\"commentCount\":0,\"publisher\":{\"@id\":\"https:\/\/www.estrategiaconcursos.com.br\/blog\/#organization\"},\"image\":{\"@id\":\"https:\/\/www.estrategiaconcursos.com.br\/blog\/resumo-controle-administracao\/#primaryimage\"},\"thumbnailUrl\":\"https:\/\/dhg1h5j42swfq.cloudfront.net\/2020\/07\/18084944\/auditorias-publicas-1.jpg\",\"articleSection\":[\"Ag\u00eancia Reguladora\",\"Ag\u00eancia Reguladora\",\"ANPAD\",\"Banc\u00e1ria (BB, CEF e Bancos Estaduais)\",\"Concursos P\u00fablicos\",\"Conselhos Federais\",\"Conselhos Regionais\",\"Controladorias\/Gest\u00e3o (CGU, CGE, STN, EPPGG)\",\"Diplomacia (CACD)\",\"Educa\u00e7\u00e3o\",\"Engenharias e TI\",\"Executivo (Administrativa)\",\"Financeira (BACEN, CVM, SUSEP e BNDES)\",\"Fiscal - Estadual (ICMS)\",\"Fiscal - Federal (RFB e AFT)\",\"Fiscal - Municipal (ISS)\",\"For\u00e7as Armadas (Oficiais)\",\"For\u00e7as Armadas (Pra\u00e7as)\",\"Legislativo\",\"Minist\u00e9rio P\u00fablico\",\"Policial (Agente Penitenci\u00e1rio)\",\"Policial (Agente, Escriv\u00e3o e Investigador)\",\"Policial (Guardas Civis)\",\"Policial (Peritos, Papiloscopistas)\",\"Policial (PM\/BM - Oficial)\",\"Policial (PM\/BM - Pra\u00e7as)\",\"Prefeituras\",\"Previdenci\u00e1ria (INSS, PREVIC)\",\"Sa\u00fade\",\"Tribunais\",\"Tribunais\",\"Tribunais de Contas (TCU, TCE, TCM)\",\"Tribunais Regionais Federais\",\"Tribunal de Justi\u00e7a\",\"Tribunal Regional do Trabalho\",\"Tribunal Regional Eleitoral\"],\"inLanguage\":\"pt-BR\",\"potentialAction\":[{\"@type\":\"CommentAction\",\"name\":\"Comment\",\"target\":[\"https:\/\/www.estrategiaconcursos.com.br\/blog\/resumo-controle-administracao\/#respond\"]}],\"copyrightYear\":\"2026\",\"copyrightHolder\":{\"@id\":\"https:\/\/www.estrategiaconcursos.com.br\/blog\/#organization\"}},{\"@type\":\"WebPage\",\"@id\":\"https:\/\/www.estrategiaconcursos.com.br\/blog\/resumo-controle-administracao\/\",\"url\":\"https:\/\/www.estrategiaconcursos.com.br\/blog\/resumo-controle-administracao\/\",\"name\":\"Resumo sobre controle da administra\u00e7\u00e3o p\u00fablica\",\"isPartOf\":{\"@id\":\"https:\/\/www.estrategiaconcursos.com.br\/blog\/#website\"},\"primaryImageOfPage\":{\"@id\":\"https:\/\/www.estrategiaconcursos.com.br\/blog\/resumo-controle-administracao\/#primaryimage\"},\"image\":{\"@id\":\"https:\/\/www.estrategiaconcursos.com.br\/blog\/resumo-controle-administracao\/#primaryimage\"},\"thumbnailUrl\":\"https:\/\/dhg1h5j42swfq.cloudfront.net\/2020\/07\/18084944\/auditorias-publicas-1.jpg\",\"datePublished\":\"2026-03-16T14:12:00+00:00\",\"description\":\"Estude, neste resumo, sobre o controle da administra\u00e7\u00e3o p\u00fablica, com foco nas principais classifica\u00e7\u00f5es cobradas pelas bancas examinadoras.\",\"breadcrumb\":{\"@id\":\"https:\/\/www.estrategiaconcursos.com.br\/blog\/resumo-controle-administracao\/#breadcrumb\"},\"inLanguage\":\"pt-BR\",\"potentialAction\":[{\"@type\":\"ReadAction\",\"target\":[\"https:\/\/www.estrategiaconcursos.com.br\/blog\/resumo-controle-administracao\/\"]}]},{\"@type\":\"ImageObject\",\"inLanguage\":\"pt-BR\",\"@id\":\"https:\/\/www.estrategiaconcursos.com.br\/blog\/resumo-controle-administracao\/#primaryimage\",\"url\":\"https:\/\/dhg1h5j42swfq.cloudfront.net\/2020\/07\/18084944\/auditorias-publicas-1.jpg\",\"contentUrl\":\"https:\/\/dhg1h5j42swfq.cloudfront.net\/2020\/07\/18084944\/auditorias-publicas-1.jpg\",\"width\":1024,\"height\":448,\"caption\":\"Conhe\u00e7a a carreira do Auditor de Controle Externo\"},{\"@type\":\"BreadcrumbList\",\"@id\":\"https:\/\/www.estrategiaconcursos.com.br\/blog\/resumo-controle-administracao\/#breadcrumb\",\"itemListElement\":[{\"@type\":\"ListItem\",\"position\":1,\"name\":\"In\u00edcio\",\"item\":\"https:\/\/www.estrategiaconcursos.com.br\/blog\/\"},{\"@type\":\"ListItem\",\"position\":2,\"name\":\"Resumo sobre controle da administra\u00e7\u00e3o p\u00fablica\"}]},{\"@type\":\"WebSite\",\"@id\":\"https:\/\/www.estrategiaconcursos.com.br\/blog\/#website\",\"url\":\"https:\/\/www.estrategiaconcursos.com.br\/blog\/\",\"name\":\"Estrat\u00e9gia Concursos\",\"description\":\"O blog da Estrat\u00e9gia Concursos traz not\u00edcias sobre concursos e artigos de professores oferecendo cursos para concursos (pdf + videaulas) no site.\",\"publisher\":{\"@id\":\"https:\/\/www.estrategiaconcursos.com.br\/blog\/#organization\"},\"potentialAction\":[{\"@type\":\"SearchAction\",\"target\":{\"@type\":\"EntryPoint\",\"urlTemplate\":\"https:\/\/www.estrategiaconcursos.com.br\/blog\/?s={search_term_string}\"},\"query-input\":{\"@type\":\"PropertyValueSpecification\",\"valueRequired\":true,\"valueName\":\"search_term_string\"}}],\"inLanguage\":\"pt-BR\"},{\"@type\":\"Organization\",\"@id\":\"https:\/\/www.estrategiaconcursos.com.br\/blog\/#organization\",\"name\":\"Estrat\u00e9gia Concursos\",\"url\":\"https:\/\/www.estrategiaconcursos.com.br\/blog\/\",\"logo\":{\"@type\":\"ImageObject\",\"inLanguage\":\"pt-BR\",\"@id\":\"https:\/\/www.estrategiaconcursos.com.br\/blog\/#\/schema\/logo\/image\/\",\"url\":\"https:\/\/dhg1h5j42swfq.cloudfront.net\/2025\/06\/03203428\/logo_concursos-1.jpg\",\"contentUrl\":\"https:\/\/dhg1h5j42swfq.cloudfront.net\/2025\/06\/03203428\/logo_concursos-1.jpg\",\"width\":230,\"height\":60,\"caption\":\"Estrat\u00e9gia Concursos\"},\"image\":{\"@id\":\"https:\/\/www.estrategiaconcursos.com.br\/blog\/#\/schema\/logo\/image\/\"},\"sameAs\":[\"https:\/\/x.com\/EstratConcursos\"]},{\"@type\":\"Person\",\"@id\":\"https:\/\/www.estrategiaconcursos.com.br\/blog\/#\/schema\/person\/545cce8f1c81268ec2ca202a954284e1\",\"name\":\"Rafael Ferreira Chaves\",\"image\":{\"@type\":\"ImageObject\",\"inLanguage\":\"pt-BR\",\"@id\":\"https:\/\/secure.gravatar.com\/avatar\/7d43172b7c8451a76fe991e14bf7b661f56fcd3e9d8f44dcd92c997cfaf1286f?s=96&d=mm&r=g\",\"url\":\"https:\/\/secure.gravatar.com\/avatar\/7d43172b7c8451a76fe991e14bf7b661f56fcd3e9d8f44dcd92c997cfaf1286f?s=96&d=mm&r=g\",\"contentUrl\":\"https:\/\/secure.gravatar.com\/avatar\/7d43172b7c8451a76fe991e14bf7b661f56fcd3e9d8f44dcd92c997cfaf1286f?s=96&d=mm&r=g\",\"caption\":\"Rafael Ferreira Chaves\"},\"description\":\"Engenheiro Civil formado pela Universidade Federal do Piau\u00ed - UFPI. Especialista em Engenharia Ambiental e Saneamento B\u00e1sico pela Faculdade Est\u00e1cio. Atualmente exerce o cargo de Auditor de Controle Externo do TCE\/AM. Aprovado e nomeado nos seguintes concursos: ARSETE\/PMT (1\u00ba lugar - Analista de Regula\u00e7\u00e3o - Eng. Civil), Prefeitura de Campinas\/SP (Eng. Civil) , CODEVASF (Analista de Desenvolvimento Regional - Eng. Civil), TCE\/AM (2\u00ba lugar - Auditor de Controle Externo - Obras P\u00fablicas \/ 14\u00ba lugar - Auditor de Controle Externo - Auditoria Governamental), TCE\/TO (2\u00ba lugar - Auditor de Controle Externo - Eng. Civil), TCE GO (Analista de Controle Externo - Controle Externo).\",\"url\":\"https:\/\/www.estrategiaconcursos.com.br\/blog\/author\/fchaves01gmail-com\/\"}]}<\/script>\n<!-- \/ Yoast SEO Premium plugin. -->","yoast_head_json":{"title":"Resumo sobre controle da administra\u00e7\u00e3o p\u00fablica","description":"Estude, neste resumo, sobre o controle da administra\u00e7\u00e3o p\u00fablica, com foco nas principais classifica\u00e7\u00f5es cobradas pelas bancas examinadoras.","robots":{"index":"index","follow":"follow","max-snippet":"max-snippet:-1","max-image-preview":"max-image-preview:large","max-video-preview":"max-video-preview:-1"},"canonical":"https:\/\/www.estrategiaconcursos.com.br\/blog\/resumo-controle-administracao\/","og_locale":"pt_BR","og_type":"article","og_title":"Resumo sobre controle da administra\u00e7\u00e3o p\u00fablica","og_description":"Estude, neste resumo, sobre o controle da administra\u00e7\u00e3o p\u00fablica, com foco nas principais classifica\u00e7\u00f5es cobradas pelas bancas examinadoras.","og_url":"https:\/\/www.estrategiaconcursos.com.br\/blog\/resumo-controle-administracao\/","og_site_name":"Estrat\u00e9gia Concursos","article_published_time":"2026-03-16T14:12:00+00:00","og_image":[{"width":1024,"height":448,"url":"https:\/\/dhg1h5j42swfq.cloudfront.net\/2020\/07\/18084944\/auditorias-publicas-1.jpg","type":"image\/jpeg"}],"author":"Rafael Ferreira Chaves","twitter_card":"summary_large_image","twitter_creator":"@EstratConcursos","twitter_site":"@EstratConcursos","twitter_misc":{"Escrito por":"Rafael Ferreira Chaves","Est. tempo de leitura":"8 minutos"},"schema":{"@context":"https:\/\/schema.org","@graph":[{"@type":"NewsArticle","@id":"https:\/\/www.estrategiaconcursos.com.br\/blog\/resumo-controle-administracao\/#article","isPartOf":{"@id":"https:\/\/www.estrategiaconcursos.com.br\/blog\/resumo-controle-administracao\/"},"author":{"name":"Rafael Ferreira Chaves","@id":"https:\/\/www.estrategiaconcursos.com.br\/blog\/#\/schema\/person\/545cce8f1c81268ec2ca202a954284e1"},"headline":"Resumo sobre controle da administra\u00e7\u00e3o p\u00fablica","datePublished":"2026-03-16T14:12:00+00:00","mainEntityOfPage":{"@id":"https:\/\/www.estrategiaconcursos.com.br\/blog\/resumo-controle-administracao\/"},"wordCount":1654,"commentCount":0,"publisher":{"@id":"https:\/\/www.estrategiaconcursos.com.br\/blog\/#organization"},"image":{"@id":"https:\/\/www.estrategiaconcursos.com.br\/blog\/resumo-controle-administracao\/#primaryimage"},"thumbnailUrl":"https:\/\/dhg1h5j42swfq.cloudfront.net\/2020\/07\/18084944\/auditorias-publicas-1.jpg","articleSection":["Ag\u00eancia Reguladora","Ag\u00eancia Reguladora","ANPAD","Banc\u00e1ria (BB, CEF e Bancos Estaduais)","Concursos P\u00fablicos","Conselhos Federais","Conselhos Regionais","Controladorias\/Gest\u00e3o (CGU, CGE, STN, EPPGG)","Diplomacia (CACD)","Educa\u00e7\u00e3o","Engenharias e TI","Executivo (Administrativa)","Financeira (BACEN, CVM, SUSEP e BNDES)","Fiscal - Estadual (ICMS)","Fiscal - Federal (RFB e AFT)","Fiscal - Municipal (ISS)","For\u00e7as Armadas (Oficiais)","For\u00e7as Armadas (Pra\u00e7as)","Legislativo","Minist\u00e9rio P\u00fablico","Policial (Agente Penitenci\u00e1rio)","Policial (Agente, Escriv\u00e3o e Investigador)","Policial (Guardas Civis)","Policial (Peritos, Papiloscopistas)","Policial (PM\/BM - Oficial)","Policial (PM\/BM - Pra\u00e7as)","Prefeituras","Previdenci\u00e1ria (INSS, PREVIC)","Sa\u00fade","Tribunais","Tribunais","Tribunais de Contas (TCU, TCE, TCM)","Tribunais Regionais Federais","Tribunal de Justi\u00e7a","Tribunal Regional do Trabalho","Tribunal Regional Eleitoral"],"inLanguage":"pt-BR","potentialAction":[{"@type":"CommentAction","name":"Comment","target":["https:\/\/www.estrategiaconcursos.com.br\/blog\/resumo-controle-administracao\/#respond"]}],"copyrightYear":"2026","copyrightHolder":{"@id":"https:\/\/www.estrategiaconcursos.com.br\/blog\/#organization"}},{"@type":"WebPage","@id":"https:\/\/www.estrategiaconcursos.com.br\/blog\/resumo-controle-administracao\/","url":"https:\/\/www.estrategiaconcursos.com.br\/blog\/resumo-controle-administracao\/","name":"Resumo sobre controle da administra\u00e7\u00e3o p\u00fablica","isPartOf":{"@id":"https:\/\/www.estrategiaconcursos.com.br\/blog\/#website"},"primaryImageOfPage":{"@id":"https:\/\/www.estrategiaconcursos.com.br\/blog\/resumo-controle-administracao\/#primaryimage"},"image":{"@id":"https:\/\/www.estrategiaconcursos.com.br\/blog\/resumo-controle-administracao\/#primaryimage"},"thumbnailUrl":"https:\/\/dhg1h5j42swfq.cloudfront.net\/2020\/07\/18084944\/auditorias-publicas-1.jpg","datePublished":"2026-03-16T14:12:00+00:00","description":"Estude, neste resumo, sobre o controle da administra\u00e7\u00e3o p\u00fablica, com foco nas principais classifica\u00e7\u00f5es cobradas pelas bancas examinadoras.","breadcrumb":{"@id":"https:\/\/www.estrategiaconcursos.com.br\/blog\/resumo-controle-administracao\/#breadcrumb"},"inLanguage":"pt-BR","potentialAction":[{"@type":"ReadAction","target":["https:\/\/www.estrategiaconcursos.com.br\/blog\/resumo-controle-administracao\/"]}]},{"@type":"ImageObject","inLanguage":"pt-BR","@id":"https:\/\/www.estrategiaconcursos.com.br\/blog\/resumo-controle-administracao\/#primaryimage","url":"https:\/\/dhg1h5j42swfq.cloudfront.net\/2020\/07\/18084944\/auditorias-publicas-1.jpg","contentUrl":"https:\/\/dhg1h5j42swfq.cloudfront.net\/2020\/07\/18084944\/auditorias-publicas-1.jpg","width":1024,"height":448,"caption":"Conhe\u00e7a a carreira do Auditor de Controle Externo"},{"@type":"BreadcrumbList","@id":"https:\/\/www.estrategiaconcursos.com.br\/blog\/resumo-controle-administracao\/#breadcrumb","itemListElement":[{"@type":"ListItem","position":1,"name":"In\u00edcio","item":"https:\/\/www.estrategiaconcursos.com.br\/blog\/"},{"@type":"ListItem","position":2,"name":"Resumo sobre controle da administra\u00e7\u00e3o p\u00fablica"}]},{"@type":"WebSite","@id":"https:\/\/www.estrategiaconcursos.com.br\/blog\/#website","url":"https:\/\/www.estrategiaconcursos.com.br\/blog\/","name":"Estrat\u00e9gia Concursos","description":"O blog da Estrat\u00e9gia Concursos traz not\u00edcias sobre concursos e artigos de professores oferecendo cursos para concursos (pdf + videaulas) no site.","publisher":{"@id":"https:\/\/www.estrategiaconcursos.com.br\/blog\/#organization"},"potentialAction":[{"@type":"SearchAction","target":{"@type":"EntryPoint","urlTemplate":"https:\/\/www.estrategiaconcursos.com.br\/blog\/?s={search_term_string}"},"query-input":{"@type":"PropertyValueSpecification","valueRequired":true,"valueName":"search_term_string"}}],"inLanguage":"pt-BR"},{"@type":"Organization","@id":"https:\/\/www.estrategiaconcursos.com.br\/blog\/#organization","name":"Estrat\u00e9gia Concursos","url":"https:\/\/www.estrategiaconcursos.com.br\/blog\/","logo":{"@type":"ImageObject","inLanguage":"pt-BR","@id":"https:\/\/www.estrategiaconcursos.com.br\/blog\/#\/schema\/logo\/image\/","url":"https:\/\/dhg1h5j42swfq.cloudfront.net\/2025\/06\/03203428\/logo_concursos-1.jpg","contentUrl":"https:\/\/dhg1h5j42swfq.cloudfront.net\/2025\/06\/03203428\/logo_concursos-1.jpg","width":230,"height":60,"caption":"Estrat\u00e9gia Concursos"},"image":{"@id":"https:\/\/www.estrategiaconcursos.com.br\/blog\/#\/schema\/logo\/image\/"},"sameAs":["https:\/\/x.com\/EstratConcursos"]},{"@type":"Person","@id":"https:\/\/www.estrategiaconcursos.com.br\/blog\/#\/schema\/person\/545cce8f1c81268ec2ca202a954284e1","name":"Rafael Ferreira Chaves","image":{"@type":"ImageObject","inLanguage":"pt-BR","@id":"https:\/\/secure.gravatar.com\/avatar\/7d43172b7c8451a76fe991e14bf7b661f56fcd3e9d8f44dcd92c997cfaf1286f?s=96&d=mm&r=g","url":"https:\/\/secure.gravatar.com\/avatar\/7d43172b7c8451a76fe991e14bf7b661f56fcd3e9d8f44dcd92c997cfaf1286f?s=96&d=mm&r=g","contentUrl":"https:\/\/secure.gravatar.com\/avatar\/7d43172b7c8451a76fe991e14bf7b661f56fcd3e9d8f44dcd92c997cfaf1286f?s=96&d=mm&r=g","caption":"Rafael Ferreira Chaves"},"description":"Engenheiro Civil formado pela Universidade Federal do Piau\u00ed - UFPI. Especialista em Engenharia Ambiental e Saneamento B\u00e1sico pela Faculdade Est\u00e1cio. Atualmente exerce o cargo de Auditor de Controle Externo do TCE\/AM. Aprovado e nomeado nos seguintes concursos: ARSETE\/PMT (1\u00ba lugar - Analista de Regula\u00e7\u00e3o - Eng. Civil), Prefeitura de Campinas\/SP (Eng. Civil) , CODEVASF (Analista de Desenvolvimento Regional - Eng. Civil), TCE\/AM (2\u00ba lugar - Auditor de Controle Externo - Obras P\u00fablicas \/ 14\u00ba lugar - Auditor de Controle Externo - Auditoria Governamental), TCE\/TO (2\u00ba lugar - Auditor de Controle Externo - Eng. Civil), TCE GO (Analista de Controle Externo - Controle Externo).","url":"https:\/\/www.estrategiaconcursos.com.br\/blog\/author\/fchaves01gmail-com\/"}]}},"_links":{"self":[{"href":"https:\/\/www.estrategiaconcursos.com.br\/blog\/wp-json\/wp\/v2\/posts\/1723378","targetHints":{"allow":["GET"]}}],"collection":[{"href":"https:\/\/www.estrategiaconcursos.com.br\/blog\/wp-json\/wp\/v2\/posts"}],"about":[{"href":"https:\/\/www.estrategiaconcursos.com.br\/blog\/wp-json\/wp\/v2\/types\/post"}],"author":[{"embeddable":true,"href":"https:\/\/www.estrategiaconcursos.com.br\/blog\/wp-json\/wp\/v2\/users\/2261"}],"replies":[{"embeddable":true,"href":"https:\/\/www.estrategiaconcursos.com.br\/blog\/wp-json\/wp\/v2\/comments?post=1723378"}],"version-history":[{"count":5,"href":"https:\/\/www.estrategiaconcursos.com.br\/blog\/wp-json\/wp\/v2\/posts\/1723378\/revisions"}],"predecessor-version":[{"id":1723965,"href":"https:\/\/www.estrategiaconcursos.com.br\/blog\/wp-json\/wp\/v2\/posts\/1723378\/revisions\/1723965"}],"wp:featuredmedia":[{"embeddable":true,"href":"https:\/\/www.estrategiaconcursos.com.br\/blog\/wp-json\/wp\/v2\/media\/543750"}],"wp:attachment":[{"href":"https:\/\/www.estrategiaconcursos.com.br\/blog\/wp-json\/wp\/v2\/media?parent=1723378"}],"wp:term":[{"taxonomy":"category","embeddable":true,"href":"https:\/\/www.estrategiaconcursos.com.br\/blog\/wp-json\/wp\/v2\/categories?post=1723378"},{"taxonomy":"post_tag","embeddable":true,"href":"https:\/\/www.estrategiaconcursos.com.br\/blog\/wp-json\/wp\/v2\/tags?post=1723378"},{"taxonomy":"tax_estado","embeddable":true,"href":"https:\/\/www.estrategiaconcursos.com.br\/blog\/wp-json\/wp\/v2\/tax_estado?post=1723378"}],"curies":[{"name":"wp","href":"https:\/\/api.w.org\/{rel}","templated":true}]}}