{"id":172332,"date":"2019-03-19T00:00:27","date_gmt":"2019-03-19T03:00:27","guid":{"rendered":"https:\/\/www.estrategiaconcursos.com.br\/blog\/?p=172332"},"modified":"2019-04-15T21:21:30","modified_gmt":"2019-04-16T00:21:30","slug":"gabarito-camara-municipal-sao-luis","status":"publish","type":"post","link":"https:\/\/www.estrategiaconcursos.com.br\/blog\/gabarito-camara-municipal-sao-luis\/","title":{"rendered":"Gabarito C\u00e2mara Municipal de S\u00e3o Luis, n\u00edvel m\u00e9dio e superior"},"content":{"rendered":"\n<p style=\"font-size:25px\"><em>Banca organizadora publica gabaritos preliminares.<\/em><\/p>\n\n\n\n<p>Ap\u00f3s realiza\u00e7\u00e3o das provas neste domingo, 17 de mar\u00e7o, a banca organizadora a&nbsp;Funda\u00e7\u00e3o Sous\u00e2ndrade de Apoio &#8211; Fsadu, divulgou os gabaritos preliminares oficiais. Foram ofertados no concurso o total de 342 vagas para diversos cargos.<\/p>\n\n\n\n<p>Para o cargo de Procurador, foram ofertadas 2 vagas imediatas e 3 para cadastro de reservas, sendo 412 pessoas inscritas no certame, ou seja, uma m\u00e9dia de 82 pessoas por vaga aproximadamente.<\/p>\n\n\n\n<p>Abaixo voc\u00ea poder\u00e1 conferir os gabaritos preliminares oficiais separadamente, de acordo com o cargo concorrido e suas especificidades.<\/p>\n\n\n\n<h4 class=\"wp-block-heading\">N\u00edvel superior<\/h4>\n\n\n\n<ul class=\"wp-block-list\"><li><strong><em>Procurador<\/em><\/strong><\/li><\/ul>\n\n\n\n<figure class=\"wp-block-image\"><img loading=\"lazy\" decoding=\"async\" width=\"551\" height=\"708\" src=\"https:\/\/dhg1h5j42swfq.cloudfront.net\/2019\/03\/18175829\/Gabarito-Conhecimentos-Gerais-CSL.png\" alt=\"\" class=\"wp-image-172335\" srcset=\"https:\/\/dhg1h5j42swfq.cloudfront.net\/2019\/03\/18175829\/Gabarito-Conhecimentos-Gerais-CSL.png 551w, https:\/\/dhg1h5j42swfq.cloudfront.net\/2019\/03\/18175829\/Gabarito-Conhecimentos-Gerais-CSL.png 233w\" sizes=\"auto, (max-width: 551px) 100vw, 551px\" \/><\/figure>\n\n\n\n<figure class=\"wp-block-image is-resized\"><img loading=\"lazy\" decoding=\"async\" src=\"https:\/\/dhg1h5j42swfq.cloudfront.net\/2019\/03\/18175836\/Gabarito-Conhecimentos-Espec%C3%ADficos-CSL.png\" alt=\"\" class=\"wp-image-172336\" width=\"560\" height=\"1001\" srcset=\"https:\/\/dhg1h5j42swfq.cloudfront.net\/2019\/03\/18175836\/Gabarito-Conhecimentos-Espec%C3%ADficos-CSL.png 444w, https:\/\/dhg1h5j42swfq.cloudfront.net\/2019\/03\/18175836\/Gabarito-Conhecimentos-Espec%C3%ADficos-CSL.png 168w\" sizes=\"auto, (max-width: 560px) 100vw, 560px\" \/><\/figure>\n\n\n\n<p>Nos demais cargos de <strong><em>n\u00edvel superior<\/em><\/strong>, foi aplicada uma prova de conhecimentos gerais, para todos os cargos, e outra de conhecimentos espec\u00edficos de acordo com cada cargo.<\/p>\n\n\n\n<figure class=\"wp-block-image is-resized\"><img loading=\"lazy\" decoding=\"async\" src=\"https:\/\/dhg1h5j42swfq.cloudfront.net\/2019\/03\/18183821\/image27.png\" alt=\"\" class=\"wp-image-172353\" width=\"563\" height=\"917\" srcset=\"https:\/\/dhg1h5j42swfq.cloudfront.net\/2019\/03\/18183821\/image27.png 468w, https:\/\/dhg1h5j42swfq.cloudfront.net\/2019\/03\/18183821\/image27.png 184w\" sizes=\"auto, (max-width: 563px) 100vw, 563px\" \/><\/figure>\n\n\n\n<ul class=\"wp-block-list\"><li><em><strong>Contador<\/strong><\/em><\/li><\/ul>\n\n\n\n<figure class=\"wp-block-image\"><img loading=\"lazy\" decoding=\"async\" width=\"640\" height=\"713\" src=\"https:\/\/dhg1h5j42swfq.cloudfront.net\/2019\/03\/18182730\/image24.png\" alt=\"\" class=\"wp-image-172350\" srcset=\"https:\/\/dhg1h5j42swfq.cloudfront.net\/2019\/03\/18182730\/image24.png 640w, https:\/\/dhg1h5j42swfq.cloudfront.net\/2019\/03\/18182730\/image24.png 269w\" sizes=\"auto, (max-width: 640px) 100vw, 640px\" \/><\/figure>\n\n\n\n<ul class=\"wp-block-list\"><li><em><strong>Administrador<\/strong><\/em><\/li><\/ul>\n\n\n\n<figure class=\"wp-block-image\"><img loading=\"lazy\" decoding=\"async\" width=\"620\" height=\"690\" src=\"https:\/\/dhg1h5j42swfq.cloudfront.net\/2019\/03\/18182839\/image25.png\" alt=\"\" class=\"wp-image-172351\" srcset=\"https:\/\/dhg1h5j42swfq.cloudfront.net\/2019\/03\/18182839\/image25.png 620w, https:\/\/dhg1h5j42swfq.cloudfront.net\/2019\/03\/18182839\/image25.png 270w\" sizes=\"auto, (max-width: 620px) 100vw, 620px\" \/><\/figure>\n\n\n\n<ul class=\"wp-block-list\"><li><strong><em>Analista Legislativo<\/em><\/strong><\/li><\/ul>\n\n\n\n<figure class=\"wp-block-image\"><img loading=\"lazy\" decoding=\"async\" width=\"726\" height=\"851\" src=\"https:\/\/dhg1h5j42swfq.cloudfront.net\/2019\/03\/18183408\/image26.png\" alt=\"\" class=\"wp-image-172352\" srcset=\"https:\/\/dhg1h5j42swfq.cloudfront.net\/2019\/03\/18183408\/image26.png 726w, https:\/\/dhg1h5j42swfq.cloudfront.net\/2019\/03\/18183408\/image26.png 256w\" sizes=\"auto, (max-width: 726px) 100vw, 726px\" \/><\/figure>\n\n\n\n<h4 class=\"wp-block-heading\">N\u00edvel m\u00e9dio<br \/><\/h4>\n\n\n\n<ul class=\"wp-block-list\"><li><strong><em>Assistente Administrativo<\/em><\/strong><\/li><\/ul>\n\n\n\n<figure class=\"wp-block-image\"><img loading=\"lazy\" decoding=\"async\" width=\"723\" height=\"834\" src=\"https:\/\/dhg1h5j42swfq.cloudfront.net\/2019\/03\/18182403\/image23.png\" alt=\"\" class=\"wp-image-172349\" srcset=\"https:\/\/dhg1h5j42swfq.cloudfront.net\/2019\/03\/18182403\/image23.png 723w, https:\/\/dhg1h5j42swfq.cloudfront.net\/2019\/03\/18182403\/image23.png 260w\" sizes=\"auto, (max-width: 723px) 100vw, 723px\" \/><\/figure>\n\n\n\n<p>Se voc\u00ea n\u00e3o se saiu bem neste concurso, n\u00e3o desanime! O ano de 2019 est\u00e1 s\u00f3 come\u00e7ando e a previs\u00e3o \u00e9 de muito concurso pela frente. Por isso, retome seus estudos agora mesmo e garanta um melhor aproveitamento em novos certames.<\/p>\n\n\n\n<p style=\"font-size:25px;text-align:center\"><em><strong>Assinatura Anual Ilimitada*<\/strong><\/em><\/p>\n\n\n\n<p style=\"text-align:center\"><em>Prepare-se com o melhor material e com quem mais aprova em&nbsp;Concursos P\u00fablicos de todo o pa\u00eds. Assine agora a nossa Assinatura Anual e tenha acesso ilimitado* a todos os nossos cursos.<\/em><\/p>\n\n\n\n<div class=\"wp-block-image\"><figure class=\"aligncenter\"><a href=\"https:\/\/www.estrategiaconcursos.com.br\/assinaturas\" target=\"_blank\" rel=\"noreferrer noopener\"><img decoding=\"async\" src=\"https:\/\/www.estrategiaconcursos.com.br\/assets\/img\/banner-assinaturas.jpg\" alt=\"Assinatura Ilimitada\" class=\"wp-image-157836\"\/><\/a><\/figure><\/div>\n\n\n\n<p>Confira a mat\u00e9ria que preparamos para voc\u00ea com a rela\u00e7\u00e3o de todos os concursos previstos para o ano de 2019.<\/p>\n\n\n\n<figure class=\"wp-block-image\"><a href=\"https:\/\/www.estrategiaconcursos.com.br\/blog\/concursos-tribunais-2019\/\" target=\"_blank\" rel=\"noreferrer noopener\"><img decoding=\"async\" src=\"https:\/\/dhg1h5j42swfq.cloudfront.net\/2018\/06\/09091720\/concursos-2019-1024x536.jpg\" alt=\"concursos abertos 2019\"\/><\/a><\/figure>\n\n\n\n<p><em>Ascom Estrat\u00e9gia<\/em><br \/>ascomestrategia@gmail.com<\/p>\n\n\n\n<p style=\"text-align:center\"><em><strong>Receba not\u00edcias de Concursos no seu WhatsApp e\/ou Telegram!<\/strong><\/em><\/p>\n\n\n\n<p style=\"text-align:center\"><em><strong>Cadastre-se clicando no \u00edcone abaixo<\/strong><\/em><\/p>\n\n\n\n<div class=\"wp-block-image\"><figure class=\"aligncenter\"><a href=\"https:\/\/www.estrategiaconcursos.com.br\/blog\/noticias-de-concursos-whatsapp-estrategia-concursos\/\" target=\"_blank\" rel=\"noreferrer noopener\"><img loading=\"lazy\" decoding=\"async\" width=\"320\" height=\"180\" src=\"https:\/\/dhg1h5j42swfq.cloudfront.net\/2018\/03\/22113932\/whatsapptelegram-e1548177162795.png\" alt=\"\" class=\"wp-image-112824\"\/><\/a><\/figure><\/div>\n\n\n\n<p style=\"text-align:center\"><a rel=\"noreferrer noopener\" href=\"https:\/\/www.estrategiaconcursos.com.br\/blog\/noticias-de-concursos-whatsapp-estrategia-concursos\/\" target=\"_blank\">Not\u00edcias de concursos no seu WhatsApp e\/ou Telegram<\/a><\/p>\n","protected":false},"excerpt":{"rendered":"<p>Banca organizadora publica gabaritos preliminares. Ap\u00f3s realiza\u00e7\u00e3o das provas neste domingo, 17 de mar\u00e7o, a banca organizadora a&nbsp;Funda\u00e7\u00e3o Sous\u00e2ndrade de Apoio &#8211; Fsadu, divulgou os gabaritos preliminares oficiais. Foram ofertados no concurso o total de 342 vagas para diversos cargos. Para o cargo de Procurador, foram ofertadas 2 vagas imediatas e 3 para cadastro de [&hellip;]<\/p>\n","protected":false},"author":1,"featured_media":172382,"comment_status":"open","ping_status":"closed","sticky":false,"template":"","format":"standard","meta":{"post_tipo":"news","footnotes":""},"categories":[1],"tags":[],"tax_estado":[],"class_list":["post-172332","post","type-post","status-publish","format-standard","has-post-thumbnail","hentry","category-cursos-e-concursos"],"acf":[],"yoast_head":"<!-- This site is optimized with the Yoast SEO Premium plugin v27.2 (Yoast SEO v27.2) - https:\/\/yoast.com\/product\/yoast-seo-premium-wordpress\/ -->\n<title>Gabarito C\u00e2mara Municipal de S\u00e3o Luis, n\u00edvel m\u00e9dio e superior<\/title>\n<meta name=\"description\" content=\"Gabarito preliminar do Concurso da C\u00e2mara Municipal de S\u00e3o Luis MA, publicado dia 18 de mar\u00e7o para n\u00edvel m\u00e9dio e superior.\" \/>\n<meta name=\"robots\" content=\"index, follow, max-snippet:-1, max-image-preview:large, max-video-preview:-1\" \/>\n<link rel=\"canonical\" href=\"https:\/\/www.estrategiaconcursos.com.br\/blog\/gabarito-camara-municipal-sao-luis\/\" \/>\n<meta property=\"og:locale\" content=\"pt_BR\" \/>\n<meta property=\"og:type\" content=\"article\" \/>\n<meta property=\"og:title\" content=\"Gabarito C\u00e2mara Municipal de S\u00e3o Luis, n\u00edvel m\u00e9dio e superior\" \/>\n<meta property=\"og:description\" content=\"Gabarito preliminar do Concurso da C\u00e2mara Municipal de S\u00e3o Luis MA, publicado dia 18 de mar\u00e7o para n\u00edvel m\u00e9dio e superior.\" \/>\n<meta property=\"og:url\" content=\"https:\/\/www.estrategiaconcursos.com.br\/blog\/gabarito-camara-municipal-sao-luis\/\" \/>\n<meta property=\"og:site_name\" content=\"Estrat\u00e9gia Concursos\" \/>\n<meta property=\"article:author\" content=\"https:\/\/www.facebook.com\/EstrategiaConcursos\" \/>\n<meta property=\"article:published_time\" content=\"2019-03-19T03:00:27+00:00\" \/>\n<meta property=\"article:modified_time\" content=\"2019-04-16T00:21:30+00:00\" \/>\n<meta property=\"og:image\" content=\"https:\/\/dhg1h5j42swfq.cloudfront.net\/2019\/03\/19060207\/CONCURSO-C%C3%82MARA-S%C3%83O-LU%C3%8DS.jpg\" \/>\n\t<meta property=\"og:image:width\" content=\"958\" \/>\n\t<meta property=\"og:image:height\" content=\"500\" \/>\n\t<meta property=\"og:image:type\" content=\"image\/jpeg\" \/>\n<meta name=\"author\" content=\"Coordena\u00e7\u00e3o\" \/>\n<meta name=\"twitter:card\" content=\"summary_large_image\" \/>\n<meta name=\"twitter:creator\" content=\"@EstratConcursos\" \/>\n<meta name=\"twitter:site\" content=\"@EstratConcursos\" \/>\n<meta name=\"twitter:label1\" content=\"Escrito por\" \/>\n\t<meta name=\"twitter:data1\" content=\"Coordena\u00e7\u00e3o\" \/>\n\t<meta name=\"twitter:label2\" content=\"Est. tempo de leitura\" \/>\n\t<meta name=\"twitter:data2\" content=\"1 minuto\" \/>\n<script type=\"application\/ld+json\" class=\"yoast-schema-graph\">{\"@context\":\"https:\/\/schema.org\",\"@graph\":[{\"@type\":\"NewsArticle\",\"@id\":\"https:\/\/www.estrategiaconcursos.com.br\/blog\/gabarito-camara-municipal-sao-luis\/#article\",\"isPartOf\":{\"@id\":\"https:\/\/www.estrategiaconcursos.com.br\/blog\/gabarito-camara-municipal-sao-luis\/\"},\"author\":{\"name\":\"Coordena\u00e7\u00e3o\",\"@id\":\"https:\/\/www.estrategiaconcursos.com.br\/blog\/#\/schema\/person\/b4a388c97673c5f483d72185668afa1f\"},\"headline\":\"Gabarito C\u00e2mara Municipal de S\u00e3o Luis, n\u00edvel m\u00e9dio e superior\",\"datePublished\":\"2019-03-19T03:00:27+00:00\",\"dateModified\":\"2019-04-16T00:21:30+00:00\",\"mainEntityOfPage\":{\"@id\":\"https:\/\/www.estrategiaconcursos.com.br\/blog\/gabarito-camara-municipal-sao-luis\/\"},\"wordCount\":283,\"commentCount\":2,\"publisher\":{\"@id\":\"https:\/\/www.estrategiaconcursos.com.br\/blog\/#organization\"},\"image\":{\"@id\":\"https:\/\/www.estrategiaconcursos.com.br\/blog\/gabarito-camara-municipal-sao-luis\/#primaryimage\"},\"thumbnailUrl\":\"https:\/\/dhg1h5j42swfq.cloudfront.net\/2019\/03\/19060207\/CONCURSO-C%C3%82MARA-S%C3%83O-LU%C3%8DS.jpg\",\"articleSection\":[\"Concursos P\u00fablicos\"],\"inLanguage\":\"pt-BR\",\"potentialAction\":[{\"@type\":\"CommentAction\",\"name\":\"Comment\",\"target\":[\"https:\/\/www.estrategiaconcursos.com.br\/blog\/gabarito-camara-municipal-sao-luis\/#respond\"]}],\"copyrightYear\":\"2019\",\"copyrightHolder\":{\"@id\":\"https:\/\/www.estrategiaconcursos.com.br\/blog\/#organization\"}},{\"@type\":\"WebPage\",\"@id\":\"https:\/\/www.estrategiaconcursos.com.br\/blog\/gabarito-camara-municipal-sao-luis\/\",\"url\":\"https:\/\/www.estrategiaconcursos.com.br\/blog\/gabarito-camara-municipal-sao-luis\/\",\"name\":\"Gabarito C\u00e2mara Municipal de S\u00e3o Luis, n\u00edvel m\u00e9dio e superior\",\"isPartOf\":{\"@id\":\"https:\/\/www.estrategiaconcursos.com.br\/blog\/#website\"},\"primaryImageOfPage\":{\"@id\":\"https:\/\/www.estrategiaconcursos.com.br\/blog\/gabarito-camara-municipal-sao-luis\/#primaryimage\"},\"image\":{\"@id\":\"https:\/\/www.estrategiaconcursos.com.br\/blog\/gabarito-camara-municipal-sao-luis\/#primaryimage\"},\"thumbnailUrl\":\"https:\/\/dhg1h5j42swfq.cloudfront.net\/2019\/03\/19060207\/CONCURSO-C%C3%82MARA-S%C3%83O-LU%C3%8DS.jpg\",\"datePublished\":\"2019-03-19T03:00:27+00:00\",\"dateModified\":\"2019-04-16T00:21:30+00:00\",\"description\":\"Gabarito preliminar do Concurso da C\u00e2mara Municipal de S\u00e3o Luis MA, publicado dia 18 de mar\u00e7o para n\u00edvel m\u00e9dio e superior.\",\"breadcrumb\":{\"@id\":\"https:\/\/www.estrategiaconcursos.com.br\/blog\/gabarito-camara-municipal-sao-luis\/#breadcrumb\"},\"inLanguage\":\"pt-BR\",\"potentialAction\":[{\"@type\":\"ReadAction\",\"target\":[\"https:\/\/www.estrategiaconcursos.com.br\/blog\/gabarito-camara-municipal-sao-luis\/\"]}]},{\"@type\":\"ImageObject\",\"inLanguage\":\"pt-BR\",\"@id\":\"https:\/\/www.estrategiaconcursos.com.br\/blog\/gabarito-camara-municipal-sao-luis\/#primaryimage\",\"url\":\"https:\/\/dhg1h5j42swfq.cloudfront.net\/2019\/03\/19060207\/CONCURSO-C%C3%82MARA-S%C3%83O-LU%C3%8DS.jpg\",\"contentUrl\":\"https:\/\/dhg1h5j42swfq.cloudfront.net\/2019\/03\/19060207\/CONCURSO-C%C3%82MARA-S%C3%83O-LU%C3%8DS.jpg\",\"width\":958,\"height\":500,\"caption\":\"concurso c\u00e2mara municipal s\u00e3o lu\u00eds\"},{\"@type\":\"BreadcrumbList\",\"@id\":\"https:\/\/www.estrategiaconcursos.com.br\/blog\/gabarito-camara-municipal-sao-luis\/#breadcrumb\",\"itemListElement\":[{\"@type\":\"ListItem\",\"position\":1,\"name\":\"In\u00edcio\",\"item\":\"https:\/\/www.estrategiaconcursos.com.br\/blog\/\"},{\"@type\":\"ListItem\",\"position\":2,\"name\":\"Gabarito C\u00e2mara Municipal de S\u00e3o Luis, n\u00edvel m\u00e9dio e superior\"}]},{\"@type\":\"WebSite\",\"@id\":\"https:\/\/www.estrategiaconcursos.com.br\/blog\/#website\",\"url\":\"https:\/\/www.estrategiaconcursos.com.br\/blog\/\",\"name\":\"Estrat\u00e9gia Concursos\",\"description\":\"O blog da Estrat\u00e9gia Concursos traz not\u00edcias sobre concursos e artigos de professores oferecendo cursos para concursos (pdf + videaulas) no site.\",\"publisher\":{\"@id\":\"https:\/\/www.estrategiaconcursos.com.br\/blog\/#organization\"},\"potentialAction\":[{\"@type\":\"SearchAction\",\"target\":{\"@type\":\"EntryPoint\",\"urlTemplate\":\"https:\/\/www.estrategiaconcursos.com.br\/blog\/?s={search_term_string}\"},\"query-input\":{\"@type\":\"PropertyValueSpecification\",\"valueRequired\":true,\"valueName\":\"search_term_string\"}}],\"inLanguage\":\"pt-BR\"},{\"@type\":\"Organization\",\"@id\":\"https:\/\/www.estrategiaconcursos.com.br\/blog\/#organization\",\"name\":\"Estrat\u00e9gia Concursos\",\"url\":\"https:\/\/www.estrategiaconcursos.com.br\/blog\/\",\"logo\":{\"@type\":\"ImageObject\",\"inLanguage\":\"pt-BR\",\"@id\":\"https:\/\/www.estrategiaconcursos.com.br\/blog\/#\/schema\/logo\/image\/\",\"url\":\"https:\/\/dhg1h5j42swfq.cloudfront.net\/2025\/06\/03203428\/logo_concursos-1.jpg\",\"contentUrl\":\"https:\/\/dhg1h5j42swfq.cloudfront.net\/2025\/06\/03203428\/logo_concursos-1.jpg\",\"width\":230,\"height\":60,\"caption\":\"Estrat\u00e9gia Concursos\"},\"image\":{\"@id\":\"https:\/\/www.estrategiaconcursos.com.br\/blog\/#\/schema\/logo\/image\/\"},\"sameAs\":[\"https:\/\/x.com\/EstratConcursos\"]},{\"@type\":\"Person\",\"@id\":\"https:\/\/www.estrategiaconcursos.com.br\/blog\/#\/schema\/person\/b4a388c97673c5f483d72185668afa1f\",\"name\":\"Coordena\u00e7\u00e3o\",\"image\":{\"@type\":\"ImageObject\",\"inLanguage\":\"pt-BR\",\"@id\":\"https:\/\/secure.gravatar.com\/avatar\/b720319e4c9a967eb58678d110f4fe35452fc5d5f97b202bac7b8acceb18c6ad?s=96&d=mm&r=g\",\"url\":\"https:\/\/secure.gravatar.com\/avatar\/b720319e4c9a967eb58678d110f4fe35452fc5d5f97b202bac7b8acceb18c6ad?s=96&d=mm&r=g\",\"contentUrl\":\"https:\/\/secure.gravatar.com\/avatar\/b720319e4c9a967eb58678d110f4fe35452fc5d5f97b202bac7b8acceb18c6ad?s=96&d=mm&r=g\",\"caption\":\"Coordena\u00e7\u00e3o\"},\"sameAs\":[\"https:\/\/www.facebook.com\/EstrategiaConcursos\",\"https:\/\/x.com\/EstratConcursos\"],\"url\":\"https:\/\/www.estrategiaconcursos.com.br\/blog\/author\/estrategia2013\/\"}]}<\/script>\n<!-- \/ Yoast SEO Premium plugin. -->","yoast_head_json":{"title":"Gabarito C\u00e2mara Municipal de S\u00e3o Luis, n\u00edvel m\u00e9dio e superior","description":"Gabarito preliminar do Concurso da C\u00e2mara Municipal de S\u00e3o Luis MA, publicado dia 18 de mar\u00e7o para n\u00edvel m\u00e9dio e superior.","robots":{"index":"index","follow":"follow","max-snippet":"max-snippet:-1","max-image-preview":"max-image-preview:large","max-video-preview":"max-video-preview:-1"},"canonical":"https:\/\/www.estrategiaconcursos.com.br\/blog\/gabarito-camara-municipal-sao-luis\/","og_locale":"pt_BR","og_type":"article","og_title":"Gabarito C\u00e2mara Municipal de S\u00e3o Luis, n\u00edvel m\u00e9dio e superior","og_description":"Gabarito preliminar do Concurso da C\u00e2mara Municipal de S\u00e3o Luis MA, publicado dia 18 de mar\u00e7o para n\u00edvel m\u00e9dio e superior.","og_url":"https:\/\/www.estrategiaconcursos.com.br\/blog\/gabarito-camara-municipal-sao-luis\/","og_site_name":"Estrat\u00e9gia Concursos","article_author":"https:\/\/www.facebook.com\/EstrategiaConcursos","article_published_time":"2019-03-19T03:00:27+00:00","article_modified_time":"2019-04-16T00:21:30+00:00","og_image":[{"width":958,"height":500,"url":"https:\/\/dhg1h5j42swfq.cloudfront.net\/2019\/03\/19060207\/CONCURSO-C%C3%82MARA-S%C3%83O-LU%C3%8DS.jpg","type":"image\/jpeg"}],"author":"Coordena\u00e7\u00e3o","twitter_card":"summary_large_image","twitter_creator":"@EstratConcursos","twitter_site":"@EstratConcursos","twitter_misc":{"Escrito por":"Coordena\u00e7\u00e3o","Est. tempo de leitura":"1 minuto"},"schema":{"@context":"https:\/\/schema.org","@graph":[{"@type":"NewsArticle","@id":"https:\/\/www.estrategiaconcursos.com.br\/blog\/gabarito-camara-municipal-sao-luis\/#article","isPartOf":{"@id":"https:\/\/www.estrategiaconcursos.com.br\/blog\/gabarito-camara-municipal-sao-luis\/"},"author":{"name":"Coordena\u00e7\u00e3o","@id":"https:\/\/www.estrategiaconcursos.com.br\/blog\/#\/schema\/person\/b4a388c97673c5f483d72185668afa1f"},"headline":"Gabarito C\u00e2mara Municipal de S\u00e3o Luis, n\u00edvel m\u00e9dio e superior","datePublished":"2019-03-19T03:00:27+00:00","dateModified":"2019-04-16T00:21:30+00:00","mainEntityOfPage":{"@id":"https:\/\/www.estrategiaconcursos.com.br\/blog\/gabarito-camara-municipal-sao-luis\/"},"wordCount":283,"commentCount":2,"publisher":{"@id":"https:\/\/www.estrategiaconcursos.com.br\/blog\/#organization"},"image":{"@id":"https:\/\/www.estrategiaconcursos.com.br\/blog\/gabarito-camara-municipal-sao-luis\/#primaryimage"},"thumbnailUrl":"https:\/\/dhg1h5j42swfq.cloudfront.net\/2019\/03\/19060207\/CONCURSO-C%C3%82MARA-S%C3%83O-LU%C3%8DS.jpg","articleSection":["Concursos P\u00fablicos"],"inLanguage":"pt-BR","potentialAction":[{"@type":"CommentAction","name":"Comment","target":["https:\/\/www.estrategiaconcursos.com.br\/blog\/gabarito-camara-municipal-sao-luis\/#respond"]}],"copyrightYear":"2019","copyrightHolder":{"@id":"https:\/\/www.estrategiaconcursos.com.br\/blog\/#organization"}},{"@type":"WebPage","@id":"https:\/\/www.estrategiaconcursos.com.br\/blog\/gabarito-camara-municipal-sao-luis\/","url":"https:\/\/www.estrategiaconcursos.com.br\/blog\/gabarito-camara-municipal-sao-luis\/","name":"Gabarito C\u00e2mara Municipal de S\u00e3o Luis, n\u00edvel m\u00e9dio e superior","isPartOf":{"@id":"https:\/\/www.estrategiaconcursos.com.br\/blog\/#website"},"primaryImageOfPage":{"@id":"https:\/\/www.estrategiaconcursos.com.br\/blog\/gabarito-camara-municipal-sao-luis\/#primaryimage"},"image":{"@id":"https:\/\/www.estrategiaconcursos.com.br\/blog\/gabarito-camara-municipal-sao-luis\/#primaryimage"},"thumbnailUrl":"https:\/\/dhg1h5j42swfq.cloudfront.net\/2019\/03\/19060207\/CONCURSO-C%C3%82MARA-S%C3%83O-LU%C3%8DS.jpg","datePublished":"2019-03-19T03:00:27+00:00","dateModified":"2019-04-16T00:21:30+00:00","description":"Gabarito preliminar do Concurso da C\u00e2mara Municipal de S\u00e3o Luis MA, publicado dia 18 de mar\u00e7o para n\u00edvel m\u00e9dio e superior.","breadcrumb":{"@id":"https:\/\/www.estrategiaconcursos.com.br\/blog\/gabarito-camara-municipal-sao-luis\/#breadcrumb"},"inLanguage":"pt-BR","potentialAction":[{"@type":"ReadAction","target":["https:\/\/www.estrategiaconcursos.com.br\/blog\/gabarito-camara-municipal-sao-luis\/"]}]},{"@type":"ImageObject","inLanguage":"pt-BR","@id":"https:\/\/www.estrategiaconcursos.com.br\/blog\/gabarito-camara-municipal-sao-luis\/#primaryimage","url":"https:\/\/dhg1h5j42swfq.cloudfront.net\/2019\/03\/19060207\/CONCURSO-C%C3%82MARA-S%C3%83O-LU%C3%8DS.jpg","contentUrl":"https:\/\/dhg1h5j42swfq.cloudfront.net\/2019\/03\/19060207\/CONCURSO-C%C3%82MARA-S%C3%83O-LU%C3%8DS.jpg","width":958,"height":500,"caption":"concurso c\u00e2mara municipal s\u00e3o lu\u00eds"},{"@type":"BreadcrumbList","@id":"https:\/\/www.estrategiaconcursos.com.br\/blog\/gabarito-camara-municipal-sao-luis\/#breadcrumb","itemListElement":[{"@type":"ListItem","position":1,"name":"In\u00edcio","item":"https:\/\/www.estrategiaconcursos.com.br\/blog\/"},{"@type":"ListItem","position":2,"name":"Gabarito C\u00e2mara Municipal de S\u00e3o Luis, n\u00edvel m\u00e9dio e superior"}]},{"@type":"WebSite","@id":"https:\/\/www.estrategiaconcursos.com.br\/blog\/#website","url":"https:\/\/www.estrategiaconcursos.com.br\/blog\/","name":"Estrat\u00e9gia Concursos","description":"O blog da Estrat\u00e9gia Concursos traz not\u00edcias sobre concursos e artigos de professores oferecendo cursos para concursos (pdf + videaulas) no site.","publisher":{"@id":"https:\/\/www.estrategiaconcursos.com.br\/blog\/#organization"},"potentialAction":[{"@type":"SearchAction","target":{"@type":"EntryPoint","urlTemplate":"https:\/\/www.estrategiaconcursos.com.br\/blog\/?s={search_term_string}"},"query-input":{"@type":"PropertyValueSpecification","valueRequired":true,"valueName":"search_term_string"}}],"inLanguage":"pt-BR"},{"@type":"Organization","@id":"https:\/\/www.estrategiaconcursos.com.br\/blog\/#organization","name":"Estrat\u00e9gia Concursos","url":"https:\/\/www.estrategiaconcursos.com.br\/blog\/","logo":{"@type":"ImageObject","inLanguage":"pt-BR","@id":"https:\/\/www.estrategiaconcursos.com.br\/blog\/#\/schema\/logo\/image\/","url":"https:\/\/dhg1h5j42swfq.cloudfront.net\/2025\/06\/03203428\/logo_concursos-1.jpg","contentUrl":"https:\/\/dhg1h5j42swfq.cloudfront.net\/2025\/06\/03203428\/logo_concursos-1.jpg","width":230,"height":60,"caption":"Estrat\u00e9gia Concursos"},"image":{"@id":"https:\/\/www.estrategiaconcursos.com.br\/blog\/#\/schema\/logo\/image\/"},"sameAs":["https:\/\/x.com\/EstratConcursos"]},{"@type":"Person","@id":"https:\/\/www.estrategiaconcursos.com.br\/blog\/#\/schema\/person\/b4a388c97673c5f483d72185668afa1f","name":"Coordena\u00e7\u00e3o","image":{"@type":"ImageObject","inLanguage":"pt-BR","@id":"https:\/\/secure.gravatar.com\/avatar\/b720319e4c9a967eb58678d110f4fe35452fc5d5f97b202bac7b8acceb18c6ad?s=96&d=mm&r=g","url":"https:\/\/secure.gravatar.com\/avatar\/b720319e4c9a967eb58678d110f4fe35452fc5d5f97b202bac7b8acceb18c6ad?s=96&d=mm&r=g","contentUrl":"https:\/\/secure.gravatar.com\/avatar\/b720319e4c9a967eb58678d110f4fe35452fc5d5f97b202bac7b8acceb18c6ad?s=96&d=mm&r=g","caption":"Coordena\u00e7\u00e3o"},"sameAs":["https:\/\/www.facebook.com\/EstrategiaConcursos","https:\/\/x.com\/EstratConcursos"],"url":"https:\/\/www.estrategiaconcursos.com.br\/blog\/author\/estrategia2013\/"}]}},"_links":{"self":[{"href":"https:\/\/www.estrategiaconcursos.com.br\/blog\/wp-json\/wp\/v2\/posts\/172332","targetHints":{"allow":["GET"]}}],"collection":[{"href":"https:\/\/www.estrategiaconcursos.com.br\/blog\/wp-json\/wp\/v2\/posts"}],"about":[{"href":"https:\/\/www.estrategiaconcursos.com.br\/blog\/wp-json\/wp\/v2\/types\/post"}],"author":[{"embeddable":true,"href":"https:\/\/www.estrategiaconcursos.com.br\/blog\/wp-json\/wp\/v2\/users\/1"}],"replies":[{"embeddable":true,"href":"https:\/\/www.estrategiaconcursos.com.br\/blog\/wp-json\/wp\/v2\/comments?post=172332"}],"version-history":[{"count":2,"href":"https:\/\/www.estrategiaconcursos.com.br\/blog\/wp-json\/wp\/v2\/posts\/172332\/revisions"}],"predecessor-version":[{"id":172383,"href":"https:\/\/www.estrategiaconcursos.com.br\/blog\/wp-json\/wp\/v2\/posts\/172332\/revisions\/172383"}],"wp:featuredmedia":[{"embeddable":true,"href":"https:\/\/www.estrategiaconcursos.com.br\/blog\/wp-json\/wp\/v2\/media\/172382"}],"wp:attachment":[{"href":"https:\/\/www.estrategiaconcursos.com.br\/blog\/wp-json\/wp\/v2\/media?parent=172332"}],"wp:term":[{"taxonomy":"category","embeddable":true,"href":"https:\/\/www.estrategiaconcursos.com.br\/blog\/wp-json\/wp\/v2\/categories?post=172332"},{"taxonomy":"post_tag","embeddable":true,"href":"https:\/\/www.estrategiaconcursos.com.br\/blog\/wp-json\/wp\/v2\/tags?post=172332"},{"taxonomy":"tax_estado","embeddable":true,"href":"https:\/\/www.estrategiaconcursos.com.br\/blog\/wp-json\/wp\/v2\/tax_estado?post=172332"}],"curies":[{"name":"wp","href":"https:\/\/api.w.org\/{rel}","templated":true}]}}