{"id":1723311,"date":"2026-03-13T14:15:00","date_gmt":"2026-03-13T17:15:00","guid":{"rendered":"https:\/\/www.estrategiaconcursos.com.br\/blog\/?p=1723311"},"modified":"2026-03-02T13:49:00","modified_gmt":"2026-03-02T16:49:00","slug":"ciclo-politicas-publicas","status":"publish","type":"post","link":"https:\/\/www.estrategiaconcursos.com.br\/blog\/ciclo-politicas-publicas\/","title":{"rendered":"Resumo sobre Ciclo de Pol\u00edticas P\u00fablicas"},"content":{"rendered":"\n<p>Entender o \u201cCiclo de Pol\u00edticas P\u00fablicas\u201d \u00e9 fundamental para fazer uma boa prova de Administra\u00e7\u00e3o P\u00fablica. Dessa forma, objetivando ajudar voc\u00ea, candidato, reunimos o essencial sobre essa tem\u00e1tica neste artigo!<\/p>\n\n\n\n<p>Sendo assim, organizamos este tema por meio dos seguintes t\u00f3picos:<\/p>\n\n\n\n<ul class=\"wp-block-list\">\n<li><a href=\"#_Conceito_de_Ciclo\">Conceito de Ciclo de Pol\u00edticas P\u00fablicas<\/a>;<\/li>\n\n\n\n<li><a href=\"#_Identifica\u00e7\u00e3o_do_Problema\">Identifica\u00e7\u00e3o do problema<\/a>;<\/li>\n\n\n\n<li><a href=\"#_Forma\u00e7\u00e3o_da_Agenda\">Forma\u00e7\u00e3o da agenda<\/a>;<\/li>\n\n\n\n<li><a href=\"#_Formula\u00e7\u00e3o_de_Alternativas\">Formula\u00e7\u00e3o de alternativas no \u00e2mbito do Ciclo de Pol\u00edticas P\u00fablicas;<\/a><\/li>\n\n\n\n<li><a href=\"#_Tomada_de_Decis\u00e3o\">Tomada de decis\u00e3o<\/a>;<\/li>\n\n\n\n<li><a href=\"#_Implementa\u00e7\u00e3o\">Implementa\u00e7\u00e3o<\/a>;<\/li>\n\n\n\n<li><a href=\"#_Execu\u00e7\u00e3o_no_\u00e2mbito\">Execu\u00e7\u00e3o no \u00e2mbito do Ciclo de Pol\u00edticas P\u00fablicas;<\/a><\/li>\n\n\n\n<li><a href=\"#_Acompanhamento\">Acompanhamento<\/a>;<\/li>\n\n\n\n<li><a href=\"#_Avalia\u00e7\u00e3o\">Avalia\u00e7\u00e3o<\/a>;<\/li>\n\n\n\n<li><a href=\"#_Conclus\u00e3o_do_Artigo\">Conclus\u00e3o do Artigo sobre Ciclo de Pol\u00edticas P\u00fablicas<\/a>.<\/li>\n<\/ul>\n\n\n\n<h2 class=\"wp-block-heading\" id=\"h-conceito-de-ciclo-de-politicas-publicas\"><a><\/a><a><\/a><a><\/a><a><\/a><a><\/a><a><\/a><a><\/a><a><\/a><a><\/a><a><\/a><a id=\"_Conceito_de_Ciclo\"><\/a>Conceito de Ciclo de Pol\u00edticas P\u00fablicas<\/h2>\n\n\n\n<p>Antes de tudo, salienta-se que o <strong>Ciclo de Pol\u00edticas P\u00fablicas<\/strong>, do ingl\u00eas <em>policy cycle<\/em>, <strong>\u00e9 um modelo conceitual que organiza o processo pol\u00edtico em etapas interdependentes<\/strong>. Essa segmenta\u00e7\u00e3o subsidia a an\u00e1lise das decis\u00f5es dos gestores em cada momento da pol\u00edtica p\u00fablica.<\/p>\n\n\n\n<p>Nesse contexto, pol\u00edtica p\u00fablica pode ser definida como o conjunto de processos, decis\u00f5es e a\u00e7\u00f5es quanto a aloca\u00e7\u00e3o de recursos, que congregam diferentes atores e concentram esfor\u00e7os, utilizados pelos governos com vistas a mudar a realidade, promover o desenvolvimento, efetivar direitos e atender necessidades p\u00fablicas, conforme o professor e autor de livros Agostinho Paludo.<\/p>\n\n\n\n<p>Al\u00e9m disso, destaca-se que esse \u00e9 um ciclo que n\u00e3o \u00e9 puramente linear, pois as etapas frequentemente se retroalimentam, ocorrem concomitante ou em ordem diferente da pedagogicamente estabelecida.<\/p>\n\n\n\n<p>Por fim, neste artigo, ser\u00e1 adotado o ciclo que abrange as seguintes fases:<\/p>\n\n\n\n<ul class=\"wp-block-list\">\n<li>Identifica\u00e7\u00e3o do problema;<\/li>\n\n\n\n<li>Forma\u00e7\u00e3o da agenda;<\/li>\n\n\n\n<li>Formula\u00e7\u00e3o de alternativas;<\/li>\n\n\n\n<li>Tomada de decis\u00e3o;<\/li>\n\n\n\n<li>Implementa\u00e7\u00e3o;<\/li>\n\n\n\n<li>Execu\u00e7\u00e3o;<\/li>\n\n\n\n<li>Acompanhamento;<\/li>\n\n\n\n<li>Avalia\u00e7\u00e3o.<\/li>\n<\/ul>\n\n\n\n<figure class=\"wp-block-image aligncenter size-full\"><img loading=\"lazy\" decoding=\"async\" width=\"907\" height=\"703\" src=\"https:\/\/dhg1h5j42swfq.cloudfront.net\/2026\/03\/01181552\/image-2.png\" alt=\"\" class=\"wp-image-1723313\" srcset=\"https:\/\/dhg1h5j42swfq.cloudfront.net\/2026\/03\/01181552\/image-2.png 907w, https:\/\/dhg1h5j42swfq.cloudfront.net\/2026\/03\/01181552\/image-2-300x233.png 300w, https:\/\/dhg1h5j42swfq.cloudfront.net\/2026\/03\/01181552\/image-2-768x595.png 768w, https:\/\/dhg1h5j42swfq.cloudfront.net\/2026\/03\/01181552\/image-2-150x116.png 150w\" sizes=\"auto, (max-width: 907px) 100vw, 907px\" \/><\/figure>\n\n\n\n<h2 class=\"wp-block-heading\" id=\"h-identificacao-do-problema\"><a><\/a><a id=\"_Identifica\u00e7\u00e3o_do_Problema\"><\/a>Identifica\u00e7\u00e3o do Problema<\/h2>\n\n\n\n<p>Primeiramente, nessa etapa, h\u00e1 a <strong>identifica\u00e7\u00e3o inicial da situa\u00e7\u00e3o-problema que poder\u00e1 ou n\u00e3o entrar na agenda<\/strong>. Desse modo, para ser considerado p\u00fablico, o problema deve afetar uma coletividade e ser pass\u00edvel de solu\u00e7\u00e3o pela a\u00e7\u00e3o estatal. Ou seja, nem toda demanda social alcan\u00e7a esse status. Por isso, muitas vezes, quest\u00f5es privadas permanecem fora do radar do Estado por falta de relev\u00e2ncia p\u00fablica ou viabilidade pol\u00edtica.<\/p>\n\n\n\n<h2 class=\"wp-block-heading\" id=\"h-formacao-da-agenda\"><a id=\"_Forma\u00e7\u00e3o_da_Agenda\"><\/a>Forma\u00e7\u00e3o da Agenda<\/h2>\n\n\n\n<p>A forma\u00e7\u00e3o da agenda \u00e9 o est\u00e1gio em que h\u00e1 a sele\u00e7\u00e3o dos problemas para atua\u00e7\u00e3o estatal. Al\u00e9m disso, a ocorr\u00eancia dessa sele\u00e7\u00e3o depende da coaliza\u00e7\u00e3o de tr\u00eas fluxos decis\u00f3rios (janela de oportunidade):<\/p>\n\n\n\n<ul class=\"wp-block-list\">\n<li><strong>Fluxo de problemas:<\/strong> para uma situa\u00e7\u00e3o ser um problema, ela deve ser relevante e atrair a aten\u00e7\u00e3o dos formuladores de pol\u00edticas p\u00fablicas, seja por decorr\u00eancia das informa\u00e7\u00f5es de indicadores, das crises ou das determina\u00e7\u00f5es de quem det\u00e9m o poder.<\/li>\n\n\n\n<li><strong>Fluxo de solu\u00e7\u00f5es<\/strong>: para que uma ideia sobreviva, ela deve possuir viabilidade, ou seja, deve ser aceit\u00e1vel quanto aos custos, valores sociais e meios para sua materializa\u00e7\u00e3o.<\/li>\n\n\n\n<li><strong>Fluxo pol\u00edtico:<\/strong> envolve o clima nacional, as mudan\u00e7as de governo, a press\u00e3o de grupos de interesse, as negocia\u00e7\u00f5es e as barganhas.<\/li>\n<\/ul>\n\n\n\n<h2 class=\"wp-block-heading\" id=\"h-formulacao-de-alternativas-no-ambito-do-ciclo-de-politicas-publicas\"><a id=\"_Formula\u00e7\u00e3o_de_Alternativas\"><\/a>Formula\u00e7\u00e3o de Alternativas no \u00e2mbito do Ciclo de Pol\u00edticas P\u00fablicas<\/h2>\n\n\n\n<p>Ap\u00f3s a defini\u00e7\u00e3o do problema, o governo passa a <strong>elaborar solu\u00e7\u00f5es poss\u00edveis<\/strong>. Assim, a fase de formula\u00e7\u00e3o envolve a defini\u00e7\u00e3o de objetivos e a sele\u00e7\u00e3o de meios para alcan\u00e7\u00e1-los. \u00c9 o momento de desenhar os programas e projetos que compor\u00e3o a pol\u00edtica, al\u00e9m de definir os benefici\u00e1rios e como os recursos ser\u00e3o distribu\u00eddos.<\/p>\n\n\n\n<p>Nesse est\u00e1gio, a an\u00e1lise t\u00e9cnica \u00e9 protagonista frente \u00e0 pol\u00edtica pura do fluxo pol\u00edtico. Dessa forma, os especialistas avaliam a viabilidade financeira, jur\u00eddica e operacional das poss\u00edveis solu\u00e7\u00f5es, de modo a maximizar os benef\u00edcios e a mitigar os custos sociais.<\/p>\n\n\n\n<h2 class=\"wp-block-heading\" id=\"h-tomada-de-decisao\"><a><\/a><a><\/a><a><\/a><a><\/a><a><\/a><a><\/a><a><\/a><a><\/a><a id=\"_Tomada_de_Decis\u00e3o\"><\/a>Tomada de Decis\u00e3o<\/h2>\n\n\n\n<p>\u00c9 o <strong>momento no qual se escolhe uma das alternativas formuladas<\/strong>. A tomada de decis\u00e3o confere legalidade e legitimidade \u00e0 pol\u00edtica p\u00fablica, por ser algo estabelecido pela autoridade competente na mat\u00e9ria. Em outras palavras, o governo define qual pol\u00edtica oficialmente adotar\u00e1.<\/p>\n\n\n\n<h2 class=\"wp-block-heading\" id=\"h-implementacao\"><a id=\"_Implementa\u00e7\u00e3o\"><\/a>Implementa\u00e7\u00e3o<\/h2>\n\n\n\n<p>A implementa\u00e7\u00e3o \u00e9 constitu\u00edda pelo planejamento e organiza\u00e7\u00e3o do aparelho administrativo e dos recursos humanos, financeiros e materiais necess\u00e1rios para executar uma pol\u00edtica p\u00fablica. Dessa forma, pode-se afirmar que ela corresponde ao est\u00e1gio <strong>de prepara\u00e7\u00e3o para colocar em pr\u00e1tica o que foi decidido<\/strong>. Al\u00e9m disso, ela abrange os planos, programas e projetos que permitir\u00e3o executar a pol\u00edtica, criando condi\u00e7\u00f5es favor\u00e1veis.<\/p>\n\n\n\n<p>Nesse contexto, existem duas abordagens principais para analisar a implementa\u00e7\u00e3o. A vis\u00e3o <strong><em>Top-down<\/em><\/strong> (de cima para baixo) <strong>foca no controle hier\u00e1rquico<\/strong> e no <strong>cumprimento estrito de ordens<\/strong>. J\u00e1 a vis\u00e3o <strong><em>Bottom-up<\/em><\/strong> (de baixo para cima) <strong>valoriza o papel dos burocratas de n\u00edvel de rua na adapta\u00e7\u00e3o da pol\u00edtica<\/strong>.<\/p>\n\n\n\n<h2 class=\"wp-block-heading\" id=\"h-execucao-no-ambito-do-ciclo-de-politicas-publicas\"><a><\/a><a><\/a><a><\/a><a id=\"_Execu\u00e7\u00e3o_no_\u00e2mbito\"><\/a>Execu\u00e7\u00e3o no \u00e2mbito do Ciclo de Pol\u00edticas P\u00fablicas<\/h2>\n\n\n\n<p>A execu\u00e7\u00e3o corresponde \u00e0s a\u00e7\u00f5es destinadas a atingir os objetivos estabelecidos, <strong>colocando em pr\u00e1tica o definido nas fases anteriores<\/strong>. Al\u00e9m disso, essa etapa compreende os estudos dos entraves que ocorrem ao executar o que est\u00e1 no planejamento, necessitando de uma an\u00e1lise do burocrata de rua.<\/p>\n\n\n\n<h2 class=\"wp-block-heading\" id=\"h-acompanhamento\"><a id=\"_Acompanhamento\"><\/a>Acompanhamento<\/h2>\n\n\n\n<p>O acompanhamento \u00e9 o <strong>processo de supervis\u00e3o da execu\u00e7\u00e3o da pol\u00edtica p\u00fablica<\/strong>, que tem como objetivo, caso necess\u00e1rio, aplicar eventuais corre\u00e7\u00f5es ou melhorias visando ao atingimento da finalidade determinada. Dessa forma, \u00e9 nesse est\u00e1gio que ocorre o controle concomitante da pol\u00edtica p\u00fablica.<\/p>\n\n\n\n<h2 class=\"wp-block-heading\" id=\"h-avaliacao\"><a id=\"_Avalia\u00e7\u00e3o\"><\/a>Avalia\u00e7\u00e3o<\/h2>\n\n\n\n<p>Por fim, a <strong><a href=\"https:\/\/www.gov.br\/planejamento\/pt-br\/assuntos\/avaliacao-de-politicas-publicas\" target=\"_blank\" rel=\"noreferrer noopener\">avalia\u00e7\u00e3o de pol\u00edticas p\u00fablicas<\/a> corresponde \u00e0 an\u00e1lise posterior dos efeitos produzidos<\/strong> nos cidad\u00e3os. Assim, essa fase proporciona informa\u00e7\u00f5es relevantes para decidir sobre a continuidade, o aperfei\u00e7oamento ou a extin\u00e7\u00e3o da pol\u00edtica p\u00fablica.<\/p>\n\n\n\n<h2 class=\"wp-block-heading\" id=\"h-conclusao-do-artigo-sobre-ciclo-de-politicas-publicas\"><a id=\"_Conclus\u00e3o_do_Artigo\"><\/a>Conclus\u00e3o do Artigo sobre Ciclo de Pol\u00edticas P\u00fablicas<\/h2>\n\n\n\n<p>Chegamos ao fim do nosso artigo \u201cResumo sobre Ciclo de Pol\u00edticas P\u00fablicas\u201d. Vimos que o tema \u00e9 fundamental para compreender as etapas das pol\u00edticas p\u00fablicas, desde a identifica\u00e7\u00e3o do problema at\u00e9 a avalia\u00e7\u00e3o dos resultados gerados.<\/p>\n\n\n\n<p>Al\u00e9m disso, destaca-se que o dom\u00ednio dos conceitos e, consequentemente, das diferen\u00e7as entre as fases \u00e9 essencial para um bom desempenho no assunto.<\/p>\n\n\n\n<p>Por fim, para consolidar o conhecimento aprendido neste artigo, v\u00e1 at\u00e9 o <a href=\"https:\/\/questoes.estrategiaconcursos.com.br\/\" target=\"_blank\" rel=\"noreferrer noopener\"><strong>Sistema de Quest\u00f5es do Estrat\u00e9gia<\/strong><\/a> e comece j\u00e1 o treinamento!<\/p>\n\n\n\n<p class=\"has-text-align-center has-very-light-gray-to-cyan-bluish-gray-gradient-background has-background\"><strong>ASSINE AGORA \u2013 <\/strong><a href=\"https:\/\/www.estrategiaconcursos.com.br\/assinaturas\" target=\"_blank\" rel=\"noreferrer noopener\"><strong>Assinaturas<\/strong><\/a><\/p>\n\n\n\n<p><strong><em>Assine agora a nossa Assinatura Anual e tenha acesso ilimitado a todos os nossos cursos.<\/em><\/strong><\/p>\n\n\n\n<p><strong><em>Fique por dentro de todos os <\/em><\/strong><a href=\"https:\/\/www.estrategiaconcursos.com.br\/blog\/comunidade-platinum-e-trilha-individualizada\/\" target=\"_blank\" rel=\"noreferrer noopener\"><strong><em>concursos<\/em>:<\/strong><\/a><\/p>\n\n\n\n<p class=\"has-text-align-center has-very-light-gray-to-cyan-bluish-gray-gradient-background has-background\"><a href=\"https:\/\/www.estrategiaconcursos.com.br\/blog\/concursos-abertos\/\" target=\"_blank\" rel=\"noreferrer noopener\"><strong>Concursos abertos<\/strong><\/a><\/p>\n\n\n\n<p class=\"has-text-align-center has-very-light-gray-to-cyan-bluish-gray-gradient-background has-background\"><strong><a href=\"https:\/\/www.estrategiaconcursos.com.br\/blog\/concursos-2026\/\" target=\"_blank\" rel=\"noreferrer noopener\">Concursos 2026<\/a><\/strong><\/p>\n","protected":false},"excerpt":{"rendered":"<p>Entender o \u201cCiclo de Pol\u00edticas P\u00fablicas\u201d \u00e9 fundamental para fazer uma boa prova de Administra\u00e7\u00e3o P\u00fablica. Dessa forma, objetivando ajudar voc\u00ea, candidato, reunimos o essencial sobre essa tem\u00e1tica neste artigo! Sendo assim, organizamos este tema por meio dos seguintes t\u00f3picos: Conceito de Ciclo de Pol\u00edticas P\u00fablicas Antes de tudo, salienta-se que o Ciclo de Pol\u00edticas [&hellip;]<\/p>\n","protected":false},"author":3082,"featured_media":388305,"comment_status":"open","ping_status":"closed","sticky":false,"template":"","format":"standard","meta":{"post_tipo":"article","footnotes":""},"categories":[1],"tags":[727,222392,40,222391],"tax_estado":[222299],"class_list":["post-1723311","post","type-post","status-publish","format-standard","has-post-thumbnail","hentry","category-cursos-e-concursos","tag-administracao-publica","tag-ciclo-de-politicas-publicas","tag-concurso","tag-politicas-publicas-2","tax_estado-sem-estado-definido"],"acf":[],"yoast_head":"<!-- This site is optimized with the Yoast SEO Premium plugin v27.2 (Yoast SEO v27.2) - https:\/\/yoast.com\/product\/yoast-seo-premium-wordpress\/ -->\n<title>Resumo sobre Ciclo de Pol\u00edticas P\u00fablicas<\/title>\n<meta name=\"description\" content=\"Entender o \u201cCiclo de Pol\u00edticas P\u00fablicas\u201d \u00e9 fundamental para fazer uma para fazer uma boa prova de Administra\u00e7\u00e3o P\u00fablica. Saiba mais aqui!\" \/>\n<meta name=\"robots\" content=\"index, follow, max-snippet:-1, max-image-preview:large, max-video-preview:-1\" \/>\n<link rel=\"canonical\" href=\"https:\/\/www.estrategiaconcursos.com.br\/blog\/ciclo-politicas-publicas\/\" \/>\n<meta property=\"og:locale\" content=\"pt_BR\" \/>\n<meta property=\"og:type\" content=\"article\" \/>\n<meta property=\"og:title\" content=\"Resumo sobre Ciclo de Pol\u00edticas P\u00fablicas\" \/>\n<meta property=\"og:description\" content=\"Entender o \u201cCiclo de Pol\u00edticas P\u00fablicas\u201d \u00e9 fundamental para fazer uma para fazer uma boa prova de Administra\u00e7\u00e3o P\u00fablica. Saiba mais aqui!\" \/>\n<meta property=\"og:url\" content=\"https:\/\/www.estrategiaconcursos.com.br\/blog\/ciclo-politicas-publicas\/\" \/>\n<meta property=\"og:site_name\" content=\"Estrat\u00e9gia Concursos\" \/>\n<meta property=\"article:published_time\" content=\"2026-03-13T17:15:00+00:00\" \/>\n<meta property=\"og:image\" content=\"https:\/\/dhg1h5j42swfq.cloudfront.net\/2019\/06\/16004057\/ciclo-de-estudos.jpg\" \/>\n\t<meta property=\"og:image:width\" content=\"635\" \/>\n\t<meta property=\"og:image:height\" content=\"640\" \/>\n\t<meta property=\"og:image:type\" content=\"image\/jpeg\" \/>\n<meta name=\"author\" content=\"Danilo Matheus da Silva\" \/>\n<meta name=\"twitter:card\" content=\"summary_large_image\" \/>\n<meta name=\"twitter:creator\" content=\"@EstratConcursos\" \/>\n<meta name=\"twitter:site\" content=\"@EstratConcursos\" \/>\n<meta name=\"twitter:label1\" content=\"Escrito por\" \/>\n\t<meta name=\"twitter:data1\" content=\"Danilo Matheus da Silva\" \/>\n\t<meta name=\"twitter:label2\" content=\"Est. tempo de leitura\" \/>\n\t<meta name=\"twitter:data2\" content=\"6 minutos\" \/>\n<script type=\"application\/ld+json\" class=\"yoast-schema-graph\">{\"@context\":\"https:\/\/schema.org\",\"@graph\":[{\"@type\":\"NewsArticle\",\"@id\":\"https:\/\/www.estrategiaconcursos.com.br\/blog\/ciclo-politicas-publicas\/#article\",\"isPartOf\":{\"@id\":\"https:\/\/www.estrategiaconcursos.com.br\/blog\/ciclo-politicas-publicas\/\"},\"author\":{\"name\":\"Danilo Matheus da Silva\",\"@id\":\"https:\/\/www.estrategiaconcursos.com.br\/blog\/#\/schema\/person\/eac2b6c86bd9f45309d91a52a5ea00f5\"},\"headline\":\"Resumo sobre Ciclo de Pol\u00edticas P\u00fablicas\",\"datePublished\":\"2026-03-13T17:15:00+00:00\",\"mainEntityOfPage\":{\"@id\":\"https:\/\/www.estrategiaconcursos.com.br\/blog\/ciclo-politicas-publicas\/\"},\"wordCount\":1114,\"commentCount\":0,\"publisher\":{\"@id\":\"https:\/\/www.estrategiaconcursos.com.br\/blog\/#organization\"},\"image\":{\"@id\":\"https:\/\/www.estrategiaconcursos.com.br\/blog\/ciclo-politicas-publicas\/#primaryimage\"},\"thumbnailUrl\":\"https:\/\/dhg1h5j42swfq.cloudfront.net\/2019\/06\/16004057\/ciclo-de-estudos.jpg\",\"keywords\":[\"Administra\u00e7\u00e3o P\u00fablica\",\"ciclo de politicas publicas\",\"Concurso\",\"politicas publicas\"],\"articleSection\":[\"Concursos P\u00fablicos\"],\"inLanguage\":\"pt-BR\",\"potentialAction\":[{\"@type\":\"CommentAction\",\"name\":\"Comment\",\"target\":[\"https:\/\/www.estrategiaconcursos.com.br\/blog\/ciclo-politicas-publicas\/#respond\"]}],\"copyrightYear\":\"2026\",\"copyrightHolder\":{\"@id\":\"https:\/\/www.estrategiaconcursos.com.br\/blog\/#organization\"}},{\"@type\":\"WebPage\",\"@id\":\"https:\/\/www.estrategiaconcursos.com.br\/blog\/ciclo-politicas-publicas\/\",\"url\":\"https:\/\/www.estrategiaconcursos.com.br\/blog\/ciclo-politicas-publicas\/\",\"name\":\"Resumo sobre Ciclo de Pol\u00edticas P\u00fablicas\",\"isPartOf\":{\"@id\":\"https:\/\/www.estrategiaconcursos.com.br\/blog\/#website\"},\"primaryImageOfPage\":{\"@id\":\"https:\/\/www.estrategiaconcursos.com.br\/blog\/ciclo-politicas-publicas\/#primaryimage\"},\"image\":{\"@id\":\"https:\/\/www.estrategiaconcursos.com.br\/blog\/ciclo-politicas-publicas\/#primaryimage\"},\"thumbnailUrl\":\"https:\/\/dhg1h5j42swfq.cloudfront.net\/2019\/06\/16004057\/ciclo-de-estudos.jpg\",\"datePublished\":\"2026-03-13T17:15:00+00:00\",\"description\":\"Entender o \u201cCiclo de Pol\u00edticas P\u00fablicas\u201d \u00e9 fundamental para fazer uma para fazer uma boa prova de Administra\u00e7\u00e3o P\u00fablica. Saiba mais aqui!\",\"breadcrumb\":{\"@id\":\"https:\/\/www.estrategiaconcursos.com.br\/blog\/ciclo-politicas-publicas\/#breadcrumb\"},\"inLanguage\":\"pt-BR\",\"potentialAction\":[{\"@type\":\"ReadAction\",\"target\":[\"https:\/\/www.estrategiaconcursos.com.br\/blog\/ciclo-politicas-publicas\/\"]}]},{\"@type\":\"ImageObject\",\"inLanguage\":\"pt-BR\",\"@id\":\"https:\/\/www.estrategiaconcursos.com.br\/blog\/ciclo-politicas-publicas\/#primaryimage\",\"url\":\"https:\/\/dhg1h5j42swfq.cloudfront.net\/2019\/06\/16004057\/ciclo-de-estudos.jpg\",\"contentUrl\":\"https:\/\/dhg1h5j42swfq.cloudfront.net\/2019\/06\/16004057\/ciclo-de-estudos.jpg\",\"width\":635,\"height\":640,\"caption\":\"Resumo sobre Ciclo de Pol\u00edticas P\u00fablicas\"},{\"@type\":\"BreadcrumbList\",\"@id\":\"https:\/\/www.estrategiaconcursos.com.br\/blog\/ciclo-politicas-publicas\/#breadcrumb\",\"itemListElement\":[{\"@type\":\"ListItem\",\"position\":1,\"name\":\"In\u00edcio\",\"item\":\"https:\/\/www.estrategiaconcursos.com.br\/blog\/\"},{\"@type\":\"ListItem\",\"position\":2,\"name\":\"Resumo sobre Ciclo de Pol\u00edticas P\u00fablicas\"}]},{\"@type\":\"WebSite\",\"@id\":\"https:\/\/www.estrategiaconcursos.com.br\/blog\/#website\",\"url\":\"https:\/\/www.estrategiaconcursos.com.br\/blog\/\",\"name\":\"Estrat\u00e9gia Concursos\",\"description\":\"O blog da Estrat\u00e9gia Concursos traz not\u00edcias sobre concursos e artigos de professores oferecendo cursos para concursos (pdf + videaulas) no site.\",\"publisher\":{\"@id\":\"https:\/\/www.estrategiaconcursos.com.br\/blog\/#organization\"},\"potentialAction\":[{\"@type\":\"SearchAction\",\"target\":{\"@type\":\"EntryPoint\",\"urlTemplate\":\"https:\/\/www.estrategiaconcursos.com.br\/blog\/?s={search_term_string}\"},\"query-input\":{\"@type\":\"PropertyValueSpecification\",\"valueRequired\":true,\"valueName\":\"search_term_string\"}}],\"inLanguage\":\"pt-BR\"},{\"@type\":\"Organization\",\"@id\":\"https:\/\/www.estrategiaconcursos.com.br\/blog\/#organization\",\"name\":\"Estrat\u00e9gia Concursos\",\"url\":\"https:\/\/www.estrategiaconcursos.com.br\/blog\/\",\"logo\":{\"@type\":\"ImageObject\",\"inLanguage\":\"pt-BR\",\"@id\":\"https:\/\/www.estrategiaconcursos.com.br\/blog\/#\/schema\/logo\/image\/\",\"url\":\"https:\/\/dhg1h5j42swfq.cloudfront.net\/2025\/06\/03203428\/logo_concursos-1.jpg\",\"contentUrl\":\"https:\/\/dhg1h5j42swfq.cloudfront.net\/2025\/06\/03203428\/logo_concursos-1.jpg\",\"width\":230,\"height\":60,\"caption\":\"Estrat\u00e9gia Concursos\"},\"image\":{\"@id\":\"https:\/\/www.estrategiaconcursos.com.br\/blog\/#\/schema\/logo\/image\/\"},\"sameAs\":[\"https:\/\/x.com\/EstratConcursos\"]},{\"@type\":\"Person\",\"@id\":\"https:\/\/www.estrategiaconcursos.com.br\/blog\/#\/schema\/person\/eac2b6c86bd9f45309d91a52a5ea00f5\",\"name\":\"Danilo Matheus da Silva\",\"image\":{\"@type\":\"ImageObject\",\"inLanguage\":\"pt-BR\",\"@id\":\"https:\/\/secure.gravatar.com\/avatar\/5d90504ef42466730a02da6c6b185b210fb5a85017042e1e0780e1612700f910?s=96&d=mm&r=g\",\"url\":\"https:\/\/secure.gravatar.com\/avatar\/5d90504ef42466730a02da6c6b185b210fb5a85017042e1e0780e1612700f910?s=96&d=mm&r=g\",\"contentUrl\":\"https:\/\/secure.gravatar.com\/avatar\/5d90504ef42466730a02da6c6b185b210fb5a85017042e1e0780e1612700f910?s=96&d=mm&r=g\",\"caption\":\"Danilo Matheus da Silva\"},\"url\":\"https:\/\/www.estrategiaconcursos.com.br\/blog\/author\/danilo-silvape23gmail-com\/\"}]}<\/script>\n<!-- \/ Yoast SEO Premium plugin. -->","yoast_head_json":{"title":"Resumo sobre Ciclo de Pol\u00edticas P\u00fablicas","description":"Entender o \u201cCiclo de Pol\u00edticas P\u00fablicas\u201d \u00e9 fundamental para fazer uma para fazer uma boa prova de Administra\u00e7\u00e3o P\u00fablica. Saiba mais aqui!","robots":{"index":"index","follow":"follow","max-snippet":"max-snippet:-1","max-image-preview":"max-image-preview:large","max-video-preview":"max-video-preview:-1"},"canonical":"https:\/\/www.estrategiaconcursos.com.br\/blog\/ciclo-politicas-publicas\/","og_locale":"pt_BR","og_type":"article","og_title":"Resumo sobre Ciclo de Pol\u00edticas P\u00fablicas","og_description":"Entender o \u201cCiclo de Pol\u00edticas P\u00fablicas\u201d \u00e9 fundamental para fazer uma para fazer uma boa prova de Administra\u00e7\u00e3o P\u00fablica. Saiba mais aqui!","og_url":"https:\/\/www.estrategiaconcursos.com.br\/blog\/ciclo-politicas-publicas\/","og_site_name":"Estrat\u00e9gia Concursos","article_published_time":"2026-03-13T17:15:00+00:00","og_image":[{"width":635,"height":640,"url":"https:\/\/dhg1h5j42swfq.cloudfront.net\/2019\/06\/16004057\/ciclo-de-estudos.jpg","type":"image\/jpeg"}],"author":"Danilo Matheus da Silva","twitter_card":"summary_large_image","twitter_creator":"@EstratConcursos","twitter_site":"@EstratConcursos","twitter_misc":{"Escrito por":"Danilo Matheus da Silva","Est. tempo de leitura":"6 minutos"},"schema":{"@context":"https:\/\/schema.org","@graph":[{"@type":"NewsArticle","@id":"https:\/\/www.estrategiaconcursos.com.br\/blog\/ciclo-politicas-publicas\/#article","isPartOf":{"@id":"https:\/\/www.estrategiaconcursos.com.br\/blog\/ciclo-politicas-publicas\/"},"author":{"name":"Danilo Matheus da Silva","@id":"https:\/\/www.estrategiaconcursos.com.br\/blog\/#\/schema\/person\/eac2b6c86bd9f45309d91a52a5ea00f5"},"headline":"Resumo sobre Ciclo de Pol\u00edticas P\u00fablicas","datePublished":"2026-03-13T17:15:00+00:00","mainEntityOfPage":{"@id":"https:\/\/www.estrategiaconcursos.com.br\/blog\/ciclo-politicas-publicas\/"},"wordCount":1114,"commentCount":0,"publisher":{"@id":"https:\/\/www.estrategiaconcursos.com.br\/blog\/#organization"},"image":{"@id":"https:\/\/www.estrategiaconcursos.com.br\/blog\/ciclo-politicas-publicas\/#primaryimage"},"thumbnailUrl":"https:\/\/dhg1h5j42swfq.cloudfront.net\/2019\/06\/16004057\/ciclo-de-estudos.jpg","keywords":["Administra\u00e7\u00e3o P\u00fablica","ciclo de politicas publicas","Concurso","politicas publicas"],"articleSection":["Concursos P\u00fablicos"],"inLanguage":"pt-BR","potentialAction":[{"@type":"CommentAction","name":"Comment","target":["https:\/\/www.estrategiaconcursos.com.br\/blog\/ciclo-politicas-publicas\/#respond"]}],"copyrightYear":"2026","copyrightHolder":{"@id":"https:\/\/www.estrategiaconcursos.com.br\/blog\/#organization"}},{"@type":"WebPage","@id":"https:\/\/www.estrategiaconcursos.com.br\/blog\/ciclo-politicas-publicas\/","url":"https:\/\/www.estrategiaconcursos.com.br\/blog\/ciclo-politicas-publicas\/","name":"Resumo sobre Ciclo de Pol\u00edticas P\u00fablicas","isPartOf":{"@id":"https:\/\/www.estrategiaconcursos.com.br\/blog\/#website"},"primaryImageOfPage":{"@id":"https:\/\/www.estrategiaconcursos.com.br\/blog\/ciclo-politicas-publicas\/#primaryimage"},"image":{"@id":"https:\/\/www.estrategiaconcursos.com.br\/blog\/ciclo-politicas-publicas\/#primaryimage"},"thumbnailUrl":"https:\/\/dhg1h5j42swfq.cloudfront.net\/2019\/06\/16004057\/ciclo-de-estudos.jpg","datePublished":"2026-03-13T17:15:00+00:00","description":"Entender o \u201cCiclo de Pol\u00edticas P\u00fablicas\u201d \u00e9 fundamental para fazer uma para fazer uma boa prova de Administra\u00e7\u00e3o P\u00fablica. Saiba mais aqui!","breadcrumb":{"@id":"https:\/\/www.estrategiaconcursos.com.br\/blog\/ciclo-politicas-publicas\/#breadcrumb"},"inLanguage":"pt-BR","potentialAction":[{"@type":"ReadAction","target":["https:\/\/www.estrategiaconcursos.com.br\/blog\/ciclo-politicas-publicas\/"]}]},{"@type":"ImageObject","inLanguage":"pt-BR","@id":"https:\/\/www.estrategiaconcursos.com.br\/blog\/ciclo-politicas-publicas\/#primaryimage","url":"https:\/\/dhg1h5j42swfq.cloudfront.net\/2019\/06\/16004057\/ciclo-de-estudos.jpg","contentUrl":"https:\/\/dhg1h5j42swfq.cloudfront.net\/2019\/06\/16004057\/ciclo-de-estudos.jpg","width":635,"height":640,"caption":"Resumo sobre Ciclo de Pol\u00edticas P\u00fablicas"},{"@type":"BreadcrumbList","@id":"https:\/\/www.estrategiaconcursos.com.br\/blog\/ciclo-politicas-publicas\/#breadcrumb","itemListElement":[{"@type":"ListItem","position":1,"name":"In\u00edcio","item":"https:\/\/www.estrategiaconcursos.com.br\/blog\/"},{"@type":"ListItem","position":2,"name":"Resumo sobre Ciclo de Pol\u00edticas P\u00fablicas"}]},{"@type":"WebSite","@id":"https:\/\/www.estrategiaconcursos.com.br\/blog\/#website","url":"https:\/\/www.estrategiaconcursos.com.br\/blog\/","name":"Estrat\u00e9gia Concursos","description":"O blog da Estrat\u00e9gia Concursos traz not\u00edcias sobre concursos e artigos de professores oferecendo cursos para concursos (pdf + videaulas) no site.","publisher":{"@id":"https:\/\/www.estrategiaconcursos.com.br\/blog\/#organization"},"potentialAction":[{"@type":"SearchAction","target":{"@type":"EntryPoint","urlTemplate":"https:\/\/www.estrategiaconcursos.com.br\/blog\/?s={search_term_string}"},"query-input":{"@type":"PropertyValueSpecification","valueRequired":true,"valueName":"search_term_string"}}],"inLanguage":"pt-BR"},{"@type":"Organization","@id":"https:\/\/www.estrategiaconcursos.com.br\/blog\/#organization","name":"Estrat\u00e9gia Concursos","url":"https:\/\/www.estrategiaconcursos.com.br\/blog\/","logo":{"@type":"ImageObject","inLanguage":"pt-BR","@id":"https:\/\/www.estrategiaconcursos.com.br\/blog\/#\/schema\/logo\/image\/","url":"https:\/\/dhg1h5j42swfq.cloudfront.net\/2025\/06\/03203428\/logo_concursos-1.jpg","contentUrl":"https:\/\/dhg1h5j42swfq.cloudfront.net\/2025\/06\/03203428\/logo_concursos-1.jpg","width":230,"height":60,"caption":"Estrat\u00e9gia Concursos"},"image":{"@id":"https:\/\/www.estrategiaconcursos.com.br\/blog\/#\/schema\/logo\/image\/"},"sameAs":["https:\/\/x.com\/EstratConcursos"]},{"@type":"Person","@id":"https:\/\/www.estrategiaconcursos.com.br\/blog\/#\/schema\/person\/eac2b6c86bd9f45309d91a52a5ea00f5","name":"Danilo Matheus da Silva","image":{"@type":"ImageObject","inLanguage":"pt-BR","@id":"https:\/\/secure.gravatar.com\/avatar\/5d90504ef42466730a02da6c6b185b210fb5a85017042e1e0780e1612700f910?s=96&d=mm&r=g","url":"https:\/\/secure.gravatar.com\/avatar\/5d90504ef42466730a02da6c6b185b210fb5a85017042e1e0780e1612700f910?s=96&d=mm&r=g","contentUrl":"https:\/\/secure.gravatar.com\/avatar\/5d90504ef42466730a02da6c6b185b210fb5a85017042e1e0780e1612700f910?s=96&d=mm&r=g","caption":"Danilo Matheus da Silva"},"url":"https:\/\/www.estrategiaconcursos.com.br\/blog\/author\/danilo-silvape23gmail-com\/"}]}},"_links":{"self":[{"href":"https:\/\/www.estrategiaconcursos.com.br\/blog\/wp-json\/wp\/v2\/posts\/1723311","targetHints":{"allow":["GET"]}}],"collection":[{"href":"https:\/\/www.estrategiaconcursos.com.br\/blog\/wp-json\/wp\/v2\/posts"}],"about":[{"href":"https:\/\/www.estrategiaconcursos.com.br\/blog\/wp-json\/wp\/v2\/types\/post"}],"author":[{"embeddable":true,"href":"https:\/\/www.estrategiaconcursos.com.br\/blog\/wp-json\/wp\/v2\/users\/3082"}],"replies":[{"embeddable":true,"href":"https:\/\/www.estrategiaconcursos.com.br\/blog\/wp-json\/wp\/v2\/comments?post=1723311"}],"version-history":[{"count":9,"href":"https:\/\/www.estrategiaconcursos.com.br\/blog\/wp-json\/wp\/v2\/posts\/1723311\/revisions"}],"predecessor-version":[{"id":1727346,"href":"https:\/\/www.estrategiaconcursos.com.br\/blog\/wp-json\/wp\/v2\/posts\/1723311\/revisions\/1727346"}],"wp:featuredmedia":[{"embeddable":true,"href":"https:\/\/www.estrategiaconcursos.com.br\/blog\/wp-json\/wp\/v2\/media\/388305"}],"wp:attachment":[{"href":"https:\/\/www.estrategiaconcursos.com.br\/blog\/wp-json\/wp\/v2\/media?parent=1723311"}],"wp:term":[{"taxonomy":"category","embeddable":true,"href":"https:\/\/www.estrategiaconcursos.com.br\/blog\/wp-json\/wp\/v2\/categories?post=1723311"},{"taxonomy":"post_tag","embeddable":true,"href":"https:\/\/www.estrategiaconcursos.com.br\/blog\/wp-json\/wp\/v2\/tags?post=1723311"},{"taxonomy":"tax_estado","embeddable":true,"href":"https:\/\/www.estrategiaconcursos.com.br\/blog\/wp-json\/wp\/v2\/tax_estado?post=1723311"}],"curies":[{"name":"wp","href":"https:\/\/api.w.org\/{rel}","templated":true}]}}