{"id":171996,"date":"2019-05-07T08:42:10","date_gmt":"2019-05-07T11:42:10","guid":{"rendered":"https:\/\/www.estrategiaconcursos.com.br\/blog\/?p=171996"},"modified":"2022-02-11T18:19:17","modified_gmt":"2022-02-11T21:19:17","slug":"edital-ufpe-2019","status":"publish","type":"post","link":"https:\/\/www.estrategiaconcursos.com.br\/blog\/edital-ufpe-2019\/","title":{"rendered":"Edital UFPE 2019 \u00e9 retificado com novo cronograma e novas vagas"},"content":{"rendered":"\n<p style=\"font-size:clamp(16.293px, 1.018rem + ((1vw - 3.2px) * 0.854), 25px);px\">Edital UFPE prev\u00ea provas em outubro de 2019<\/p>\n\n\n\n<p>A Universidade Federal de Pernambuco retificou nesta ter\u00e7a-feira, 7 de maio, o edital do seu novo concurso para o provimento de cargos de T\u00e9cnico Administrativo em Educa\u00e7\u00e3o, publicado em mar\u00e7o.<\/p>\n\n\n\n<p>S\u00e3o 36 vagas ofertadas para N\u00edvel M\u00e9dio, N\u00edvel M\u00e9dio\/T\u00e9cnico e N\u00edvel Superior. A remunera\u00e7\u00e3o inicial para os cargos de N\u00edvel M\u00e9dio e M\u00e9dio\/T\u00e9cnico \u00e9 de R$ 2.446,96  e para os de N\u00edvel Superior \u00e9 de  R$ 4.180,66.<\/p>\n\n\n\n<p>O certame ganhou um <strong>novo cronograma<\/strong> e ter\u00e1 a oferta de mais dois cargo: Assistente de Alunos e Assistente de TI.<\/p>\n\n\n\n<p>Os interessados poder\u00e3o se inscrever entre os dias <span style=\"background-color: rgb(232, 234, 235);\" class=\"underline\"><b>6 de agosto a 8 de setembro<\/b><\/span>, exclusivamente pela internet, no portal da Comiss\u00e3o Executora de Concursos da UFPE.<\/p>\n\n\n\n<p>O valor da taxa de inscri\u00e7\u00e3o foi fixado em R$ 78,00 para os cargos de N\u00edvel M\u00e9dio e M\u00e9dio\/T\u00e9cnico e R$ 125,00 para os cargos de N\u00edvel Superior. As vagas contemplam os <em>campi<\/em> de Recife, Vit\u00f3ria de Santo Ant\u00e3o e Caruaru.<\/p>\n\n\n\n<p>A aplica\u00e7\u00e3o das provas est\u00e1 prevista para o dia <strong>20 de outubro  de 2019<\/strong>, nos per\u00edodos da manh\u00e3 (N\u00edvel M\u00e9dio e M\u00e9dio\/T\u00e9cnico) e da tarde (N\u00edvel Superior).<\/p>\n\n\n\n<h2 class=\"wp-block-heading\" id=\"h-quadro-de-vagas\">Quadro de Vagas<\/h2>\n\n\n\n<p class=\"has-medium-font-size\"><strong>Ensino M\u00e9dio<\/strong><\/p>\n\n\n\n<ul class=\"wp-block-list\"><li> Assistente de Aluno (2):  experi\u00eancia comprovada de 6 meses na \u00e1rea.<\/li><li>Assistente de TI (1):  experi\u00eancia comprovada de 6 meses na \u00e1rea. <\/li><li>Confeccionador de Instrumentos Musicais  (1): experi\u00eancia comprovada de 12 meses na \u00e1rea.<\/li><li> Tradutor e Int\u00e9rprete de Linguagem de Sinais (8): certificado de profici\u00eancia em libras.<\/li><\/ul>\n\n\n\n<p class=\"has-medium-font-size\"><strong>Ensino&nbsp;M\u00e9dio\/T\u00e9cnico<\/strong><\/p>\n\n\n\n<ul class=\"wp-block-list\"><li> Editor de Imagem (2): experi\u00eancia comprovada de 12 meses na \u00e1rea.<\/li><li>T\u00e9cnico de Laborat\u00f3rio &#8211; \u00e1rea Mec\u00e2nica (2)<\/li><li>T\u00e9cnico de Laborat\u00f3rio &#8211; \u00e1rea Minera\u00e7\u00e3o  (1)<\/li><li>T\u00e9cnico de Laborat\u00f3rio &#8211; \u00e1rea Morfofuncional (2) <\/li><li>T\u00e9cnico em Audiovisual (5): experi\u00eancia comprovada de 12 meses na \u00e1rea.<\/li><li>T\u00e9cnico em Qu\u00edmica (1)<\/li><li>T\u00e9cnico em Seguran\u00e7a do Trabalho (3)<\/li><li> T\u00e9cnico de Laborat\u00f3rio &#8211; \u00e1rea Inform\u00e1tica  (6)<\/li><\/ul>\n\n\n\n<p class=\"has-medium-font-size\"><strong>Ensino Superior<\/strong><\/p>\n\n\n\n<ul class=\"wp-block-list\"><li> Analista de Tecnologia da Informa\u00e7\u00e3o  (1)<\/li><li> Engenheiro de Seguran\u00e7a do Trabalho  (2)<\/li><li>F\u00edsico (1)<\/li><\/ul>\n\n\n\n<h2 class=\"wp-block-heading\" id=\"h-provas\">Provas<\/h2>\n\n\n\n<p>As provas objetivas ter\u00e3o dura\u00e7\u00e3o de 4 horas para todos os cargos e ser\u00e1 composta, respectivamente, por 60 quest\u00f5es para os cargos de N\u00edvel M\u00e9dio e M\u00e9dio\/T\u00e9cnico e 80 quest\u00f5es para os cargos de N\u00edvel Superior. Cada quest\u00e3o ter\u00e1 quatro alternativas.<\/p>\n\n\n\n<p class=\"has-medium-font-size\"><strong>Ensino M\u00e9dio e M\u00e9dio\/T\u00e9cnico<\/strong><\/p>\n\n\n\n<figure class=\"wp-block-image\"><img loading=\"lazy\" decoding=\"async\" width=\"1189\" height=\"291\" src=\"https:\/\/dhg1h5j42swfq.cloudfront.net\/2019\/05\/07083316\/image51.png\" alt=\"\" class=\"wp-image-371983\" srcset=\"https:\/\/dhg1h5j42swfq.cloudfront.net\/2019\/05\/07083316\/image51.png 1189w, https:\/\/dhg1h5j42swfq.cloudfront.net\/2019\/05\/07083316\/image51.png 300w, https:\/\/dhg1h5j42swfq.cloudfront.net\/2019\/05\/07083316\/image51.png 768w, https:\/\/dhg1h5j42swfq.cloudfront.net\/2019\/05\/07083316\/image51.png 1024w, https:\/\/dhg1h5j42swfq.cloudfront.net\/2019\/05\/07083316\/image51.png 610w\" sizes=\"auto, (max-width: 1189px) 100vw, 1189px\" \/><\/figure>\n\n\n\n<p class=\"has-medium-font-size\"><strong>Ensino&nbsp;Superior<\/strong><\/p>\n\n\n\n<figure class=\"wp-block-image\"><img loading=\"lazy\" decoding=\"async\" width=\"1188\" height=\"137\" src=\"https:\/\/dhg1h5j42swfq.cloudfront.net\/2019\/03\/18065955\/UFPE-2.jpg\" alt=\"edital ufpe\" class=\"wp-image-171999\" srcset=\"https:\/\/dhg1h5j42swfq.cloudfront.net\/2019\/03\/18065955\/UFPE-2.jpg 1188w, https:\/\/dhg1h5j42swfq.cloudfront.net\/2019\/03\/18065955\/UFPE-2.jpg 300w, https:\/\/dhg1h5j42swfq.cloudfront.net\/2019\/03\/18065955\/UFPE-2.jpg 768w, https:\/\/dhg1h5j42swfq.cloudfront.net\/2019\/03\/18065955\/UFPE-2.jpg 1024w\" sizes=\"auto, (max-width: 1188px) 100vw, 1188px\" \/><\/figure>\n\n\n\n<h2 class=\"wp-block-heading\" id=\"h-prova-pratica-operacional\">Prova pr\u00e1tica\/operacional<\/h2>\n\n\n\n<p>Ser\u00e3o convocados para a prova pr\u00e1tica os melhores classificados para os cargos de T\u00e9cnico, Editor de Imagem,  Confeccionador de Instrumentos Musicais  e  Tradutor e Int\u00e9rprete de Linguagem de Sinais  os candidatos que obtiverem a nota m\u00ednima de 60 pontos e se classificarem de acordo com os quantitativos abaixo:<\/p>\n\n\n\n<p class=\"has-medium-font-size\"><em>Recife&nbsp;(PE)<\/em><\/p>\n\n\n\n<figure class=\"wp-block-image\"><img loading=\"lazy\" decoding=\"async\" width=\"1191\" height=\"235\" src=\"https:\/\/dhg1h5j42swfq.cloudfront.net\/2019\/03\/18070648\/UFPE-3.jpg\" alt=\"EDITAL UFPE\" class=\"wp-image-172000\" srcset=\"https:\/\/dhg1h5j42swfq.cloudfront.net\/2019\/03\/18070648\/UFPE-3.jpg 1191w, https:\/\/dhg1h5j42swfq.cloudfront.net\/2019\/03\/18070648\/UFPE-3.jpg 300w, https:\/\/dhg1h5j42swfq.cloudfront.net\/2019\/03\/18070648\/UFPE-3.jpg 768w, https:\/\/dhg1h5j42swfq.cloudfront.net\/2019\/03\/18070648\/UFPE-3.jpg 1024w\" sizes=\"auto, (max-width: 1191px) 100vw, 1191px\" \/><\/figure>\n\n\n\n<p class=\"has-medium-font-size\"><em>Vit\u00f3ria de Santo Ant\u00e3o (PE)<\/em><\/p>\n\n\n\n<figure class=\"wp-block-image\"><img loading=\"lazy\" decoding=\"async\" width=\"1194\" height=\"82\" src=\"https:\/\/dhg1h5j42swfq.cloudfront.net\/2019\/03\/18070720\/UFPE-4.jpg\" alt=\"EDITAL UFPE\" class=\"wp-image-172001\" srcset=\"https:\/\/dhg1h5j42swfq.cloudfront.net\/2019\/03\/18070720\/UFPE-4.jpg 1194w, https:\/\/dhg1h5j42swfq.cloudfront.net\/2019\/03\/18070720\/UFPE-4.jpg 300w, https:\/\/dhg1h5j42swfq.cloudfront.net\/2019\/03\/18070720\/UFPE-4.jpg 768w, https:\/\/dhg1h5j42swfq.cloudfront.net\/2019\/03\/18070720\/UFPE-4.jpg 1024w\" sizes=\"auto, (max-width: 1194px) 100vw, 1194px\" \/><\/figure>\n\n\n\n<p class=\"has-medium-font-size\"><em>Caruaru&nbsp;(PE)<\/em><\/p>\n\n\n\n<figure class=\"wp-block-image\"><img loading=\"lazy\" decoding=\"async\" width=\"1190\" height=\"86\" src=\"https:\/\/dhg1h5j42swfq.cloudfront.net\/2019\/03\/18070743\/UFPE-5.jpg\" alt=\"EDITAL UFPE\" class=\"wp-image-172002\" srcset=\"https:\/\/dhg1h5j42swfq.cloudfront.net\/2019\/03\/18070743\/UFPE-5.jpg 1190w, https:\/\/dhg1h5j42swfq.cloudfront.net\/2019\/03\/18070743\/UFPE-5.jpg 300w, https:\/\/dhg1h5j42swfq.cloudfront.net\/2019\/03\/18070743\/UFPE-5.jpg 768w, https:\/\/dhg1h5j42swfq.cloudfront.net\/2019\/03\/18070743\/UFPE-5.jpg 1024w\" sizes=\"auto, (max-width: 1190px) 100vw, 1190px\" \/><\/figure>\n\n\n\n<p>As provas pr\u00e1ticas ser\u00e3o realizadas entre os dias 7 a 15 de dezembro de 2019.<\/p>\n\n\n\n<p class=\"has-text-align-center has-very-light-gray-background-color has-background\" style=\"font-size:clamp(16.293px, 1.018rem + ((1vw - 3.2px) * 0.854), 25px);px\"><strong><a rel=\"noreferrer noopener\" aria-label=\"CURSOS PARA CONCURSO UFPE (opens in a new tab)\" href=\"https:\/\/www.estrategiaconcursos.com.br\/cursosPorConcurso\/ufpe-universidade-federal-de-pernambuco\/\" target=\"_blank\">CURSO UFPE<\/a><\/strong><\/p>\n\n\n\n<p class=\"has-text-align-center\" style=\"font-size:clamp(16.293px, 1.018rem + ((1vw - 3.2px) * 0.854), 25px);px\"><em><strong>Assinatura Anual Ilimitada*<\/strong><\/em><\/p>\n\n\n\n<p><em>Prepare-se com o melhor material e com quem mais aprova em Concursos P\u00fablicos em todo o pa\u00eds. Assine agora a nossa Assinatura Anual e tenha acesso ilimitado a todos os nossos cursos.<\/em><\/p>\n\n\n\n<p class=\"has-text-align-center has-light-green-cyan-background-color has-background\" style=\"font-size:clamp(16.293px, 1.018rem + ((1vw - 3.2px) * 0.854), 25px);px\"><strong>ASSINE AGORA<\/strong>&nbsp;\u2013&nbsp;<a rel=\"noreferrer noopener\" href=\"https:\/\/www.estrategiaconcursos.com.br\/assinaturas\" target=\"_blank\">Assinatura Ilimitada<\/a><\/p>\n\n\n\n<div class=\"wp-block-image\"><figure class=\"aligncenter\"><img loading=\"lazy\" decoding=\"async\" width=\"300\" height=\"102\" src=\"https:\/\/dhg1h5j42swfq.cloudfront.net\/2017\/03\/28152500\/coruja-ficha-tecnica-300x102.png\" alt=\"Ficha t\u00e9cnica Concurso ISS Campo Grande\" class=\"wp-image-68542\"\/><\/figure><\/div>\n\n\n\n<p><strong>Informa\u00e7\u00f5es do concurso UFPE<\/strong><\/p>\n\n\n\n<p>\u25baData prevista: 20 de outubro<br \/>\u25baVagas: 35 vagas<br \/>\u25baCargos: T\u00e9cnico Administrativo em Educa\u00e7\u00e3o <br \/>\u25baLota\u00e7\u00f5es: Recife, Vit\u00f3ria de Santo Ant\u00e3o e Caruaru<br \/>\u25baBanca: UFPE<br \/>\u25baEscolaridade: N\u00edvel superior, N\u00edvel M\u00e9dio e N\u00edvel M\u00e9dio\/T\u00e9cnico<br \/>\u25baCursos Estrat\u00e9gia Concursos: <a rel=\"noreferrer noopener\" aria-label=\"Cursos Concurso UFPE (opens in a new tab)\" href=\"https:\/\/www.estrategiaconcursos.com.br\/cursosPorConcurso\/ufpe-universidade-federal-de-pernambuco\/\" target=\"_blank\">Cursos Concurso UFPE<\/a><\/p>\n\n\n\n<div class=\"wp-block-file\"><a id=\"wp-block-file--media-053abc3f-1328-4923-91ea-be5b99d65370\" href=\"https:\/\/dhg1h5j42swfq.cloudfront.net\/2019\/05\/07082531\/Edital-UFPE-2019-RETIFICADO.pdf\" target=\"_blank\" rel=\"noreferrer noopener\">Edital UFPE 2019 <strong>RETIFICADO<\/strong><\/a><a href=\"https:\/\/dhg1h5j42swfq.cloudfront.net\/2019\/05\/07082531\/Edital-UFPE-2019-RETIFICADO.pdf\" class=\"wp-block-file__button\" download aria-describedby=\"wp-block-file--media-053abc3f-1328-4923-91ea-be5b99d65370\">Baixar<\/a><\/div>\n\n\n\n<p><em>Ricardo Brito<br \/><\/em><em>Ascom Estrat\u00e9gia<\/em><em><br \/>ascomestrategia@gmail.com <\/em><\/p>\n\n\n\n<p class=\"has-text-align-center\"><em><strong>Receba not\u00edcias de Concursos no seu WhatsApp e\/ou Telegram!<\/strong><\/em><\/p>\n\n\n\n<div class=\"wp-block-image\"><figure class=\"aligncenter is-resized\"><a href=\"https:\/\/www.estrategiaconcursos.com.br\/blog\/noticias-de-concursos-whatsapp-estrategia-concursos\/\" target=\"_blank\" rel=\"noreferrer noopener\"><img loading=\"lazy\" decoding=\"async\" src=\"https:\/\/dhg1h5j42swfq.cloudfront.net\/2018\/03\/22113932\/whatsapptelegram-e1548177162795.png\" alt=\"\" class=\"wp-image-112824\" width=\"270\" height=\"152\"\/><\/a><\/figure><\/div>\n\n\n\n<p class=\"has-text-align-center\"><em><strong>Cadastre-se clicando no \u00edcone abaixo<br \/><br \/><\/strong><\/em><a href=\"https:\/\/www.estrategiaconcursos.com.br\/blog\/noticias-de-concursos-whatsapp-estrategia-concursos\/\" target=\"_blank\" rel=\"noreferrer noopener\">Not\u00edcias de concursos no seu WhatsApp e\/ou Telegram<\/a><\/p>\n","protected":false},"excerpt":{"rendered":"<p>Edital UFPE prev\u00ea provas em outubro de 2019 A Universidade Federal de Pernambuco retificou nesta ter\u00e7a-feira, 7 de maio, o edital do seu novo concurso para o provimento de cargos de T\u00e9cnico Administrativo em Educa\u00e7\u00e3o, publicado em mar\u00e7o. S\u00e3o 36 vagas ofertadas para N\u00edvel M\u00e9dio, N\u00edvel M\u00e9dio\/T\u00e9cnico e N\u00edvel Superior. A remunera\u00e7\u00e3o inicial para os [&hellip;]<\/p>\n","protected":false},"author":1,"featured_media":371990,"comment_status":"open","ping_status":"closed","sticky":false,"template":"","format":"standard","meta":{"post_tipo":"news","footnotes":""},"categories":[1],"tags":[],"tax_estado":[219979],"class_list":["post-171996","post","type-post","status-publish","format-standard","has-post-thumbnail","hentry","category-cursos-e-concursos","tax_estado-pe"],"acf":[],"yoast_head":"<!-- This site is optimized with the Yoast SEO Premium plugin v27.2 (Yoast SEO v27.2) - https:\/\/yoast.com\/product\/yoast-seo-premium-wordpress\/ -->\n<title>Edital UFPE 2019 \u00e9 retificado com novo cronograma e novas vagas<\/title>\n<meta name=\"description\" content=\"Edital UFPE 2019 \u00e9 retificado com 36 vagas para N\u00edvel M\u00e9dio, M\u00e9dio Profissionalizante e Superior, com lota\u00e7\u00e3o em Recife, Vit\u00f3ria de Santo Ant\u00e3o e Caruaru.\" \/>\n<meta name=\"robots\" content=\"index, follow, max-snippet:-1, max-image-preview:large, max-video-preview:-1\" \/>\n<link rel=\"canonical\" href=\"https:\/\/www.estrategiaconcursos.com.br\/blog\/edital-ufpe-2019\/\" \/>\n<meta property=\"og:locale\" content=\"pt_BR\" \/>\n<meta property=\"og:type\" content=\"article\" \/>\n<meta property=\"og:title\" content=\"Edital UFPE 2019 \u00e9 retificado com novo cronograma e novas vagas\" \/>\n<meta property=\"og:description\" content=\"Edital UFPE 2019 \u00e9 retificado com 36 vagas para N\u00edvel M\u00e9dio, M\u00e9dio Profissionalizante e Superior, com lota\u00e7\u00e3o em Recife, Vit\u00f3ria de Santo Ant\u00e3o e Caruaru.\" \/>\n<meta property=\"og:url\" content=\"https:\/\/www.estrategiaconcursos.com.br\/blog\/edital-ufpe-2019\/\" \/>\n<meta property=\"og:site_name\" content=\"Estrat\u00e9gia Concursos\" \/>\n<meta property=\"article:author\" content=\"https:\/\/www.facebook.com\/EstrategiaConcursos\" \/>\n<meta property=\"article:published_time\" content=\"2019-05-07T11:42:10+00:00\" \/>\n<meta property=\"article:modified_time\" content=\"2022-02-11T21:19:17+00:00\" \/>\n<meta property=\"og:image\" content=\"https:\/\/dhg1h5j42swfq.cloudfront.net\/2019\/05\/07085134\/UFPE-1.jpeg\" \/>\n\t<meta property=\"og:image:width\" content=\"400\" \/>\n\t<meta property=\"og:image:height\" content=\"209\" \/>\n\t<meta property=\"og:image:type\" content=\"image\/jpeg\" \/>\n<meta name=\"author\" content=\"Coordena\u00e7\u00e3o\" \/>\n<meta name=\"twitter:card\" content=\"summary_large_image\" \/>\n<meta name=\"twitter:creator\" content=\"@EstratConcursos\" \/>\n<meta name=\"twitter:site\" content=\"@EstratConcursos\" \/>\n<meta name=\"twitter:label1\" content=\"Escrito por\" \/>\n\t<meta name=\"twitter:data1\" content=\"Coordena\u00e7\u00e3o\" \/>\n\t<meta name=\"twitter:label2\" content=\"Est. tempo de leitura\" \/>\n\t<meta name=\"twitter:data2\" content=\"5 minutos\" \/>\n<script type=\"application\/ld+json\" class=\"yoast-schema-graph\">{\"@context\":\"https:\/\/schema.org\",\"@graph\":[{\"@type\":\"NewsArticle\",\"@id\":\"https:\/\/www.estrategiaconcursos.com.br\/blog\/edital-ufpe-2019\/#article\",\"isPartOf\":{\"@id\":\"https:\/\/www.estrategiaconcursos.com.br\/blog\/edital-ufpe-2019\/\"},\"author\":{\"name\":\"Coordena\u00e7\u00e3o\",\"@id\":\"https:\/\/www.estrategiaconcursos.com.br\/blog\/#\/schema\/person\/b4a388c97673c5f483d72185668afa1f\"},\"headline\":\"Edital UFPE 2019 \u00e9 retificado com novo cronograma e novas vagas\",\"datePublished\":\"2019-05-07T11:42:10+00:00\",\"dateModified\":\"2022-02-11T21:19:17+00:00\",\"mainEntityOfPage\":{\"@id\":\"https:\/\/www.estrategiaconcursos.com.br\/blog\/edital-ufpe-2019\/\"},\"wordCount\":646,\"commentCount\":0,\"publisher\":{\"@id\":\"https:\/\/www.estrategiaconcursos.com.br\/blog\/#organization\"},\"image\":{\"@id\":\"https:\/\/www.estrategiaconcursos.com.br\/blog\/edital-ufpe-2019\/#primaryimage\"},\"thumbnailUrl\":\"https:\/\/dhg1h5j42swfq.cloudfront.net\/2019\/05\/07085134\/UFPE-1.jpeg\",\"articleSection\":[\"Concursos P\u00fablicos\"],\"inLanguage\":\"pt-BR\",\"potentialAction\":[{\"@type\":\"CommentAction\",\"name\":\"Comment\",\"target\":[\"https:\/\/www.estrategiaconcursos.com.br\/blog\/edital-ufpe-2019\/#respond\"]}],\"copyrightYear\":\"2019\",\"copyrightHolder\":{\"@id\":\"https:\/\/www.estrategiaconcursos.com.br\/blog\/#organization\"}},{\"@type\":\"WebPage\",\"@id\":\"https:\/\/www.estrategiaconcursos.com.br\/blog\/edital-ufpe-2019\/\",\"url\":\"https:\/\/www.estrategiaconcursos.com.br\/blog\/edital-ufpe-2019\/\",\"name\":\"Edital UFPE 2019 \u00e9 retificado com novo cronograma e novas vagas\",\"isPartOf\":{\"@id\":\"https:\/\/www.estrategiaconcursos.com.br\/blog\/#website\"},\"primaryImageOfPage\":{\"@id\":\"https:\/\/www.estrategiaconcursos.com.br\/blog\/edital-ufpe-2019\/#primaryimage\"},\"image\":{\"@id\":\"https:\/\/www.estrategiaconcursos.com.br\/blog\/edital-ufpe-2019\/#primaryimage\"},\"thumbnailUrl\":\"https:\/\/dhg1h5j42swfq.cloudfront.net\/2019\/05\/07085134\/UFPE-1.jpeg\",\"datePublished\":\"2019-05-07T11:42:10+00:00\",\"dateModified\":\"2022-02-11T21:19:17+00:00\",\"description\":\"Edital UFPE 2019 \u00e9 retificado com 36 vagas para N\u00edvel M\u00e9dio, M\u00e9dio Profissionalizante e Superior, com lota\u00e7\u00e3o em Recife, Vit\u00f3ria de Santo Ant\u00e3o e Caruaru.\",\"breadcrumb\":{\"@id\":\"https:\/\/www.estrategiaconcursos.com.br\/blog\/edital-ufpe-2019\/#breadcrumb\"},\"inLanguage\":\"pt-BR\",\"potentialAction\":[{\"@type\":\"ReadAction\",\"target\":[\"https:\/\/www.estrategiaconcursos.com.br\/blog\/edital-ufpe-2019\/\"]}]},{\"@type\":\"ImageObject\",\"inLanguage\":\"pt-BR\",\"@id\":\"https:\/\/www.estrategiaconcursos.com.br\/blog\/edital-ufpe-2019\/#primaryimage\",\"url\":\"https:\/\/dhg1h5j42swfq.cloudfront.net\/2019\/05\/07085134\/UFPE-1.jpeg\",\"contentUrl\":\"https:\/\/dhg1h5j42swfq.cloudfront.net\/2019\/05\/07085134\/UFPE-1.jpeg\",\"width\":400,\"height\":209,\"caption\":\"concurso UFPE\"},{\"@type\":\"BreadcrumbList\",\"@id\":\"https:\/\/www.estrategiaconcursos.com.br\/blog\/edital-ufpe-2019\/#breadcrumb\",\"itemListElement\":[{\"@type\":\"ListItem\",\"position\":1,\"name\":\"In\u00edcio\",\"item\":\"https:\/\/www.estrategiaconcursos.com.br\/blog\/\"},{\"@type\":\"ListItem\",\"position\":2,\"name\":\"Edital UFPE 2019 \u00e9 retificado com novo cronograma e novas vagas\"}]},{\"@type\":\"WebSite\",\"@id\":\"https:\/\/www.estrategiaconcursos.com.br\/blog\/#website\",\"url\":\"https:\/\/www.estrategiaconcursos.com.br\/blog\/\",\"name\":\"Estrat\u00e9gia Concursos\",\"description\":\"O blog da Estrat\u00e9gia Concursos traz not\u00edcias sobre concursos e artigos de professores oferecendo cursos para concursos (pdf + videaulas) no site.\",\"publisher\":{\"@id\":\"https:\/\/www.estrategiaconcursos.com.br\/blog\/#organization\"},\"potentialAction\":[{\"@type\":\"SearchAction\",\"target\":{\"@type\":\"EntryPoint\",\"urlTemplate\":\"https:\/\/www.estrategiaconcursos.com.br\/blog\/?s={search_term_string}\"},\"query-input\":{\"@type\":\"PropertyValueSpecification\",\"valueRequired\":true,\"valueName\":\"search_term_string\"}}],\"inLanguage\":\"pt-BR\"},{\"@type\":\"Organization\",\"@id\":\"https:\/\/www.estrategiaconcursos.com.br\/blog\/#organization\",\"name\":\"Estrat\u00e9gia Concursos\",\"url\":\"https:\/\/www.estrategiaconcursos.com.br\/blog\/\",\"logo\":{\"@type\":\"ImageObject\",\"inLanguage\":\"pt-BR\",\"@id\":\"https:\/\/www.estrategiaconcursos.com.br\/blog\/#\/schema\/logo\/image\/\",\"url\":\"https:\/\/dhg1h5j42swfq.cloudfront.net\/2025\/06\/03203428\/logo_concursos-1.jpg\",\"contentUrl\":\"https:\/\/dhg1h5j42swfq.cloudfront.net\/2025\/06\/03203428\/logo_concursos-1.jpg\",\"width\":230,\"height\":60,\"caption\":\"Estrat\u00e9gia Concursos\"},\"image\":{\"@id\":\"https:\/\/www.estrategiaconcursos.com.br\/blog\/#\/schema\/logo\/image\/\"},\"sameAs\":[\"https:\/\/x.com\/EstratConcursos\"]},{\"@type\":\"Person\",\"@id\":\"https:\/\/www.estrategiaconcursos.com.br\/blog\/#\/schema\/person\/b4a388c97673c5f483d72185668afa1f\",\"name\":\"Coordena\u00e7\u00e3o\",\"image\":{\"@type\":\"ImageObject\",\"inLanguage\":\"pt-BR\",\"@id\":\"https:\/\/secure.gravatar.com\/avatar\/b720319e4c9a967eb58678d110f4fe35452fc5d5f97b202bac7b8acceb18c6ad?s=96&d=mm&r=g\",\"url\":\"https:\/\/secure.gravatar.com\/avatar\/b720319e4c9a967eb58678d110f4fe35452fc5d5f97b202bac7b8acceb18c6ad?s=96&d=mm&r=g\",\"contentUrl\":\"https:\/\/secure.gravatar.com\/avatar\/b720319e4c9a967eb58678d110f4fe35452fc5d5f97b202bac7b8acceb18c6ad?s=96&d=mm&r=g\",\"caption\":\"Coordena\u00e7\u00e3o\"},\"sameAs\":[\"https:\/\/www.facebook.com\/EstrategiaConcursos\",\"https:\/\/x.com\/EstratConcursos\"],\"url\":\"https:\/\/www.estrategiaconcursos.com.br\/blog\/author\/estrategia2013\/\"}]}<\/script>\n<!-- \/ Yoast SEO Premium plugin. -->","yoast_head_json":{"title":"Edital UFPE 2019 \u00e9 retificado com novo cronograma e novas vagas","description":"Edital UFPE 2019 \u00e9 retificado com 36 vagas para N\u00edvel M\u00e9dio, M\u00e9dio Profissionalizante e Superior, com lota\u00e7\u00e3o em Recife, Vit\u00f3ria de Santo Ant\u00e3o e Caruaru.","robots":{"index":"index","follow":"follow","max-snippet":"max-snippet:-1","max-image-preview":"max-image-preview:large","max-video-preview":"max-video-preview:-1"},"canonical":"https:\/\/www.estrategiaconcursos.com.br\/blog\/edital-ufpe-2019\/","og_locale":"pt_BR","og_type":"article","og_title":"Edital UFPE 2019 \u00e9 retificado com novo cronograma e novas vagas","og_description":"Edital UFPE 2019 \u00e9 retificado com 36 vagas para N\u00edvel M\u00e9dio, M\u00e9dio Profissionalizante e Superior, com lota\u00e7\u00e3o em Recife, Vit\u00f3ria de Santo Ant\u00e3o e Caruaru.","og_url":"https:\/\/www.estrategiaconcursos.com.br\/blog\/edital-ufpe-2019\/","og_site_name":"Estrat\u00e9gia Concursos","article_author":"https:\/\/www.facebook.com\/EstrategiaConcursos","article_published_time":"2019-05-07T11:42:10+00:00","article_modified_time":"2022-02-11T21:19:17+00:00","og_image":[{"width":400,"height":209,"url":"https:\/\/dhg1h5j42swfq.cloudfront.net\/2019\/05\/07085134\/UFPE-1.jpeg","type":"image\/jpeg"}],"author":"Coordena\u00e7\u00e3o","twitter_card":"summary_large_image","twitter_creator":"@EstratConcursos","twitter_site":"@EstratConcursos","twitter_misc":{"Escrito por":"Coordena\u00e7\u00e3o","Est. tempo de leitura":"5 minutos"},"schema":{"@context":"https:\/\/schema.org","@graph":[{"@type":"NewsArticle","@id":"https:\/\/www.estrategiaconcursos.com.br\/blog\/edital-ufpe-2019\/#article","isPartOf":{"@id":"https:\/\/www.estrategiaconcursos.com.br\/blog\/edital-ufpe-2019\/"},"author":{"name":"Coordena\u00e7\u00e3o","@id":"https:\/\/www.estrategiaconcursos.com.br\/blog\/#\/schema\/person\/b4a388c97673c5f483d72185668afa1f"},"headline":"Edital UFPE 2019 \u00e9 retificado com novo cronograma e novas vagas","datePublished":"2019-05-07T11:42:10+00:00","dateModified":"2022-02-11T21:19:17+00:00","mainEntityOfPage":{"@id":"https:\/\/www.estrategiaconcursos.com.br\/blog\/edital-ufpe-2019\/"},"wordCount":646,"commentCount":0,"publisher":{"@id":"https:\/\/www.estrategiaconcursos.com.br\/blog\/#organization"},"image":{"@id":"https:\/\/www.estrategiaconcursos.com.br\/blog\/edital-ufpe-2019\/#primaryimage"},"thumbnailUrl":"https:\/\/dhg1h5j42swfq.cloudfront.net\/2019\/05\/07085134\/UFPE-1.jpeg","articleSection":["Concursos P\u00fablicos"],"inLanguage":"pt-BR","potentialAction":[{"@type":"CommentAction","name":"Comment","target":["https:\/\/www.estrategiaconcursos.com.br\/blog\/edital-ufpe-2019\/#respond"]}],"copyrightYear":"2019","copyrightHolder":{"@id":"https:\/\/www.estrategiaconcursos.com.br\/blog\/#organization"}},{"@type":"WebPage","@id":"https:\/\/www.estrategiaconcursos.com.br\/blog\/edital-ufpe-2019\/","url":"https:\/\/www.estrategiaconcursos.com.br\/blog\/edital-ufpe-2019\/","name":"Edital UFPE 2019 \u00e9 retificado com novo cronograma e novas vagas","isPartOf":{"@id":"https:\/\/www.estrategiaconcursos.com.br\/blog\/#website"},"primaryImageOfPage":{"@id":"https:\/\/www.estrategiaconcursos.com.br\/blog\/edital-ufpe-2019\/#primaryimage"},"image":{"@id":"https:\/\/www.estrategiaconcursos.com.br\/blog\/edital-ufpe-2019\/#primaryimage"},"thumbnailUrl":"https:\/\/dhg1h5j42swfq.cloudfront.net\/2019\/05\/07085134\/UFPE-1.jpeg","datePublished":"2019-05-07T11:42:10+00:00","dateModified":"2022-02-11T21:19:17+00:00","description":"Edital UFPE 2019 \u00e9 retificado com 36 vagas para N\u00edvel M\u00e9dio, M\u00e9dio Profissionalizante e Superior, com lota\u00e7\u00e3o em Recife, Vit\u00f3ria de Santo Ant\u00e3o e Caruaru.","breadcrumb":{"@id":"https:\/\/www.estrategiaconcursos.com.br\/blog\/edital-ufpe-2019\/#breadcrumb"},"inLanguage":"pt-BR","potentialAction":[{"@type":"ReadAction","target":["https:\/\/www.estrategiaconcursos.com.br\/blog\/edital-ufpe-2019\/"]}]},{"@type":"ImageObject","inLanguage":"pt-BR","@id":"https:\/\/www.estrategiaconcursos.com.br\/blog\/edital-ufpe-2019\/#primaryimage","url":"https:\/\/dhg1h5j42swfq.cloudfront.net\/2019\/05\/07085134\/UFPE-1.jpeg","contentUrl":"https:\/\/dhg1h5j42swfq.cloudfront.net\/2019\/05\/07085134\/UFPE-1.jpeg","width":400,"height":209,"caption":"concurso UFPE"},{"@type":"BreadcrumbList","@id":"https:\/\/www.estrategiaconcursos.com.br\/blog\/edital-ufpe-2019\/#breadcrumb","itemListElement":[{"@type":"ListItem","position":1,"name":"In\u00edcio","item":"https:\/\/www.estrategiaconcursos.com.br\/blog\/"},{"@type":"ListItem","position":2,"name":"Edital UFPE 2019 \u00e9 retificado com novo cronograma e novas vagas"}]},{"@type":"WebSite","@id":"https:\/\/www.estrategiaconcursos.com.br\/blog\/#website","url":"https:\/\/www.estrategiaconcursos.com.br\/blog\/","name":"Estrat\u00e9gia Concursos","description":"O blog da Estrat\u00e9gia Concursos traz not\u00edcias sobre concursos e artigos de professores oferecendo cursos para concursos (pdf + videaulas) no site.","publisher":{"@id":"https:\/\/www.estrategiaconcursos.com.br\/blog\/#organization"},"potentialAction":[{"@type":"SearchAction","target":{"@type":"EntryPoint","urlTemplate":"https:\/\/www.estrategiaconcursos.com.br\/blog\/?s={search_term_string}"},"query-input":{"@type":"PropertyValueSpecification","valueRequired":true,"valueName":"search_term_string"}}],"inLanguage":"pt-BR"},{"@type":"Organization","@id":"https:\/\/www.estrategiaconcursos.com.br\/blog\/#organization","name":"Estrat\u00e9gia Concursos","url":"https:\/\/www.estrategiaconcursos.com.br\/blog\/","logo":{"@type":"ImageObject","inLanguage":"pt-BR","@id":"https:\/\/www.estrategiaconcursos.com.br\/blog\/#\/schema\/logo\/image\/","url":"https:\/\/dhg1h5j42swfq.cloudfront.net\/2025\/06\/03203428\/logo_concursos-1.jpg","contentUrl":"https:\/\/dhg1h5j42swfq.cloudfront.net\/2025\/06\/03203428\/logo_concursos-1.jpg","width":230,"height":60,"caption":"Estrat\u00e9gia Concursos"},"image":{"@id":"https:\/\/www.estrategiaconcursos.com.br\/blog\/#\/schema\/logo\/image\/"},"sameAs":["https:\/\/x.com\/EstratConcursos"]},{"@type":"Person","@id":"https:\/\/www.estrategiaconcursos.com.br\/blog\/#\/schema\/person\/b4a388c97673c5f483d72185668afa1f","name":"Coordena\u00e7\u00e3o","image":{"@type":"ImageObject","inLanguage":"pt-BR","@id":"https:\/\/secure.gravatar.com\/avatar\/b720319e4c9a967eb58678d110f4fe35452fc5d5f97b202bac7b8acceb18c6ad?s=96&d=mm&r=g","url":"https:\/\/secure.gravatar.com\/avatar\/b720319e4c9a967eb58678d110f4fe35452fc5d5f97b202bac7b8acceb18c6ad?s=96&d=mm&r=g","contentUrl":"https:\/\/secure.gravatar.com\/avatar\/b720319e4c9a967eb58678d110f4fe35452fc5d5f97b202bac7b8acceb18c6ad?s=96&d=mm&r=g","caption":"Coordena\u00e7\u00e3o"},"sameAs":["https:\/\/www.facebook.com\/EstrategiaConcursos","https:\/\/x.com\/EstratConcursos"],"url":"https:\/\/www.estrategiaconcursos.com.br\/blog\/author\/estrategia2013\/"}]}},"_links":{"self":[{"href":"https:\/\/www.estrategiaconcursos.com.br\/blog\/wp-json\/wp\/v2\/posts\/171996","targetHints":{"allow":["GET"]}}],"collection":[{"href":"https:\/\/www.estrategiaconcursos.com.br\/blog\/wp-json\/wp\/v2\/posts"}],"about":[{"href":"https:\/\/www.estrategiaconcursos.com.br\/blog\/wp-json\/wp\/v2\/types\/post"}],"author":[{"embeddable":true,"href":"https:\/\/www.estrategiaconcursos.com.br\/blog\/wp-json\/wp\/v2\/users\/1"}],"replies":[{"embeddable":true,"href":"https:\/\/www.estrategiaconcursos.com.br\/blog\/wp-json\/wp\/v2\/comments?post=171996"}],"version-history":[{"count":5,"href":"https:\/\/www.estrategiaconcursos.com.br\/blog\/wp-json\/wp\/v2\/posts\/171996\/revisions"}],"predecessor-version":[{"id":967409,"href":"https:\/\/www.estrategiaconcursos.com.br\/blog\/wp-json\/wp\/v2\/posts\/171996\/revisions\/967409"}],"wp:featuredmedia":[{"embeddable":true,"href":"https:\/\/www.estrategiaconcursos.com.br\/blog\/wp-json\/wp\/v2\/media\/371990"}],"wp:attachment":[{"href":"https:\/\/www.estrategiaconcursos.com.br\/blog\/wp-json\/wp\/v2\/media?parent=171996"}],"wp:term":[{"taxonomy":"category","embeddable":true,"href":"https:\/\/www.estrategiaconcursos.com.br\/blog\/wp-json\/wp\/v2\/categories?post=171996"},{"taxonomy":"post_tag","embeddable":true,"href":"https:\/\/www.estrategiaconcursos.com.br\/blog\/wp-json\/wp\/v2\/tags?post=171996"},{"taxonomy":"tax_estado","embeddable":true,"href":"https:\/\/www.estrategiaconcursos.com.br\/blog\/wp-json\/wp\/v2\/tax_estado?post=171996"}],"curies":[{"name":"wp","href":"https:\/\/api.w.org\/{rel}","templated":true}]}}