{"id":1719321,"date":"2026-03-08T14:43:00","date_gmt":"2026-03-08T17:43:00","guid":{"rendered":"https:\/\/www.estrategiaconcursos.com.br\/blog\/?p=1719321"},"modified":"2026-03-02T13:36:40","modified_gmt":"2026-03-02T16:36:40","slug":"decadencia-credito-sefaz-go","status":"publish","type":"post","link":"https:\/\/www.estrategiaconcursos.com.br\/blog\/decadencia-credito-sefaz-go\/","title":{"rendered":"Decad\u00eancia do cr\u00e9dito tribut\u00e1rio para a SEFAZ GO"},"content":{"rendered":"\n<p>Ol\u00e1, pessoal, tudo bem? Neste artigo n\u00f3s estudaremos sobre a <strong><mark style=\"background-color:rgba(0, 0, 0, 0);color:#0693e3\" class=\"has-inline-color\">decad\u00eancia do cr\u00e9dito tribut\u00e1rio<\/mark><\/strong> para o concurso da <a href=\"https:\/\/goias.gov.br\/economia\/\">SEFAZ GO<\/a>.<\/p>\n\n\n\n<figure class=\"wp-block-image size-full\"><img loading=\"lazy\" decoding=\"async\" width=\"900\" height=\"507\" src=\"https:\/\/dhg1h5j42swfq.cloudfront.net\/2026\/02\/22085836\/image-111.png\" alt=\"Decad\u00eancia do cr\u00e9dito tribut\u00e1rio para a SEFAZ GO\" class=\"wp-image-1719076\" srcset=\"https:\/\/dhg1h5j42swfq.cloudfront.net\/2026\/02\/22085836\/image-111.png 900w, https:\/\/dhg1h5j42swfq.cloudfront.net\/2026\/02\/22085836\/image-111-300x169.png 300w, https:\/\/dhg1h5j42swfq.cloudfront.net\/2026\/02\/22085836\/image-111-768x433.png 768w, https:\/\/dhg1h5j42swfq.cloudfront.net\/2026\/02\/22085836\/image-111-150x85.png 150w\" sizes=\"auto, (max-width: 900px) 100vw, 900px\" \/><\/figure>\n\n\n\n<p>Bons estudos!<\/p>\n\n\n\n<h2 class=\"wp-block-heading\" id=\"h-introducao\"><strong><mark style=\"background-color:rgba(0, 0, 0, 0);color:#0693e3\" class=\"has-inline-color\">Introdu\u00e7\u00e3o<\/mark><\/strong><\/h2>\n\n\n\n<p>Conforme estabelece o art. 156 do C\u00f3digo Tribut\u00e1rio Nacional (CTN), a extin\u00e7\u00e3o do cr\u00e9dito tribut\u00e1rio decorre de uma das seguintes situa\u00e7\u00f5es:<\/p>\n\n\n\n<ul class=\"wp-block-list\">\n<li>Pagamento;<\/li>\n\n\n\n<li>Compensa\u00e7\u00e3o;<\/li>\n\n\n\n<li>Transa\u00e7\u00e3o;<\/li>\n\n\n\n<li>Remiss\u00e3o;<\/li>\n\n\n\n<li>Prescri\u00e7\u00e3o;<\/li>\n\n\n\n<li><strong><mark style=\"background-color:rgba(0, 0, 0, 0);color:#9b51e0\" class=\"has-inline-color\">Decad\u00eancia<\/mark><\/strong>;<\/li>\n\n\n\n<li>Convers\u00e3o de dep\u00f3sito em renda;<\/li>\n\n\n\n<li>Pagamento antecipado e a homologa\u00e7\u00e3o do lan\u00e7amento;<\/li>\n\n\n\n<li>Consigna\u00e7\u00e3o em pagamento;<\/li>\n\n\n\n<li>Decis\u00e3o administrativa irreform\u00e1vel;<\/li>\n\n\n\n<li>Decis\u00e3o judicial passada em julgado;<\/li>\n\n\n\n<li>Da\u00e7\u00e3o em pagamento em bens im\u00f3veis.<\/li>\n<\/ul>\n\n\n\n<p>Neste artigo, estudaremos sobre uma das hip\u00f3teses de extin\u00e7\u00e3o do cr\u00e9dito tribut\u00e1rio mais cobradas nas provas de concursos p\u00fablicos, a decad\u00eancia.<\/p>\n\n\n\n<h2 class=\"wp-block-heading\" id=\"h-decadencia-do-credito-tributario-para-a-sefaz-go\"><strong><mark style=\"background-color:rgba(0, 0, 0, 0);color:#0693e3\" class=\"has-inline-color\">Decad\u00eancia do cr\u00e9dito tribut\u00e1rio para a SEFAZ GO<\/mark><\/strong><\/h2>\n\n\n\n<p>Em resumo, a <mark style=\"background-color:rgba(0, 0, 0, 0);color:#9b51e0\" class=\"has-inline-color\"><strong>decad\u00eancia<\/strong> <\/mark>consiste na <strong><mark style=\"background-color:rgba(0, 0, 0, 0);color:#9b51e0\" class=\"has-inline-color\">perda do direito de constitui\u00e7\u00e3o do cr\u00e9dito tribut\u00e1rio<\/mark><\/strong>.<\/p>\n\n\n\n<p>Pessoal, sabemos que a ocorr\u00eancia do fato gerador faz surgir a obriga\u00e7\u00e3o tribut\u00e1ria, n\u00e3o \u00e9 mesmo?<\/p>\n\n\n\n<p>Ap\u00f3s o surgimento da obriga\u00e7\u00e3o, cabe \u00e0 autoridade administrativa promover o lan\u00e7amento para constituir o cr\u00e9dito tribut\u00e1rio, a fim de tornar exig\u00edvel a obriga\u00e7\u00e3o.<\/p>\n\n\n\n<p>Todavia, com fulcro no princ\u00edpio da seguran\u00e7a jur\u00eddica, <strong>o lan\u00e7amento somente pode ocorrer antes do t\u00e9rmino do prazo decadencial<\/strong>. Ou seja, n\u00e3o \u00e9 assegurado ao fisco, em regra, o direito <em>ad aeternum<\/em> de promover a inscri\u00e7\u00e3o do cr\u00e9dito tribut\u00e1rio.<\/p>\n\n\n\n<p>Nesse sentido, cabe ressaltar que, uma vez deca\u00eddo o direito de lan\u00e7ar, este n\u00e3o poder\u00e1 ser novamente restabelecido, nem mesmo pela confiss\u00e3o de d\u00edvida do sujeito passivo.<\/p>\n\n\n\n<p>A seguir, estudaremos os principais aspectos da decad\u00eancia do cr\u00e9dito tribut\u00e1rio, \u00e0 luz do CTN, com foco nas poss\u00edveis exig\u00eancias da FCC no concurso da SEFAZ GO.<\/p>\n\n\n\n<h2 class=\"wp-block-heading\" id=\"h-decadencia-do-credito-tributario-para-a-sefaz-go-prazos\"><strong><mark style=\"background-color:rgba(0, 0, 0, 0);color:#0693e3\" class=\"has-inline-color\">Decad\u00eancia do cr\u00e9dito tribut\u00e1rio para a SEFAZ GO: prazos<\/mark><\/strong><\/h2>\n\n\n\n<p>Pessoal, sobre a decad\u00eancia do cr\u00e9dito tribut\u00e1rio, o principal aspecto costumeiramente exigido nas provas de concursos p\u00fablicos refere-se aos <strong><mark style=\"background-color:rgba(0, 0, 0, 0);color:#9b51e0\" class=\"has-inline-color\">prazos decadenciais<\/mark><\/strong>.<\/p>\n\n\n\n<p>Nesse contexto, o CTN estabelece, como <strong><mark style=\"background-color:rgba(0, 0, 0, 0);color:#9b51e0\" class=\"has-inline-color\">regra<\/mark><\/strong>, o prazo de <strong><mark style=\"background-color:rgba(0, 0, 0, 0);color:#9b51e0\" class=\"has-inline-color\">5 (cinco) anos, iniciando-se a sua contagem a partir do primeiro dia do exerc\u00edcio subsequente \u00e0quele em que o lan\u00e7amento poderia ocorrer<\/mark><\/strong>.<\/p>\n\n\n\n<p>Por <strong>exemplo<\/strong>, imaginem que o <strong>fato gerador do tributo tenha ocorrido em 10\/01\/2024<\/strong>. Nesse sentido, <strong>mesmo considerando que o lan\u00e7amento poderia ter ocorrido desde o fato gerador, o prazo decadencial somente come\u00e7aria a correr a partir de 01\/01\/2025<\/strong>.<\/p>\n\n\n\n<p>Por outro lado, existem importantes <mark style=\"background-color:rgba(0, 0, 0, 0);color:#cf2e2e\" class=\"has-inline-color\"><strong>exce\u00e7\u00f5es<\/strong> <\/mark>a essa regra.<\/p>\n\n\n\n<p>Conforme o CTN, a <strong><mark style=\"background-color:rgba(0, 0, 0, 0);color:#cf2e2e\" class=\"has-inline-color\">notifica\u00e7\u00e3o do sujeito passivo acerca do in\u00edcio de procedimento fiscalizat\u00f3rio<\/mark><\/strong> possui, dentre os seus efeitos, o cond\u00e3o de antecipar a contagem do prazo decadencial. Dessa forma, a decad\u00eancia ocorre em <strong><mark style=\"background-color:rgba(0, 0, 0, 0);color:#ff6900\" class=\"has-inline-color\">5 (cinco) anos contados da data da notifica\u00e7\u00e3o do sujeito passivo<\/mark><\/strong>.<\/p>\n\n\n\n<p>Al\u00e9m disso, tamb\u00e9m representa exce\u00e7\u00e3o \u00e0 regra supracitada a <strong><mark style=\"background-color:rgba(0, 0, 0, 0);color:#cf2e2e\" class=\"has-inline-color\">anula\u00e7\u00e3o do lan\u00e7amento por v\u00edcio formal<\/mark><\/strong>. Nesse caso, o prazo decadencial ser\u00e1 de <strong><mark style=\"background-color:rgba(0, 0, 0, 0);color:#ff6900\" class=\"has-inline-color\">5 (cinco) anos da data em que se tornar definitiva a decis\u00e3o que houver anulado o lan\u00e7amento<\/mark><\/strong>.<\/p>\n\n\n\n<p>Ademais, em rela\u00e7\u00e3o aos <strong><mark style=\"background-color:rgba(0, 0, 0, 0);color:#cf2e2e\" class=\"has-inline-color\">tributos lan\u00e7ados por homologa\u00e7\u00e3o<\/mark><\/strong>, a <strong><mark style=\"background-color:rgba(0, 0, 0, 0);color:#ff6900\" class=\"has-inline-color\">contagem do prazo quinquenal de decad\u00eancia inicia com a ocorr\u00eancia do fato gerador<\/mark><\/strong>.<\/p>\n\n\n\n<p>Ainda sobre os tributos lan\u00e7ados por homologa\u00e7\u00e3o, cabe ressaltar a exist\u00eancia de alguns detalhes muito importantes para a prova da SEFAZ GO, sobre os quais trataremos no pr\u00f3ximo t\u00f3pico deste artigo.<\/p>\n\n\n\n<h2 class=\"wp-block-heading\" id=\"h-decadencia-do-credito-tributario-para-a-sefaz-go-tributos-lancados-por-homologacao\"><strong><mark style=\"background-color:rgba(0, 0, 0, 0);color:#0693e3\" class=\"has-inline-color\">Decad\u00eancia do cr\u00e9dito tribut\u00e1rio para a SEFAZ GO: tributos lan\u00e7ados por homologa\u00e7\u00e3o<\/mark><\/strong><\/h2>\n\n\n\n<p>Em rela\u00e7\u00e3o aos tributos lan\u00e7ados por homologa\u00e7\u00e3o, merecem destaque algumas <strong>peculiaridades acerca do cumprimento das obriga\u00e7\u00f5es acess\u00f3rias pelos sujeitos passivos<\/strong>.<\/p>\n\n\n\n<p>Al\u00e9m disso, a doutrina e a jurisprud\u00eancia esclarecem sobre a contagem do prazo decadencial nos casos em que os <strong>sujeitos passivos n\u00e3o realizam o pagamento antecipado do tributo<\/strong>.<\/p>\n\n\n\n<p>Em resumo, tratando-se de tributos lan\u00e7ados por homologa\u00e7\u00e3o, o prazo decadencial observa a regra de <strong><mark style=\"background-color:rgba(0, 0, 0, 0);color:#ff6900\" class=\"has-inline-color\">5 (cinco) anos contados do primeiro dia do exerc\u00edcio seguinte ao qual o lan\u00e7amento poderia ter sido efetuado<\/mark><\/strong> nos casos em que o sujeito passivo <strong><mark style=\"background-color:rgba(0, 0, 0, 0);color:#cf2e2e\" class=\"has-inline-color\">n\u00e3o apresenta as declara\u00e7\u00f5es cab\u00edveis<\/mark><\/strong> e <strong><mark style=\"background-color:rgba(0, 0, 0, 0);color:#cf2e2e\" class=\"has-inline-color\">n\u00e3o efetua o pagamento antecipado do tributo<\/mark><\/strong>.<\/p>\n\n\n\n<p>Por outro lado, caso o sujeito passivo <strong><mark style=\"background-color:rgba(0, 0, 0, 0);color:#00d084\" class=\"has-inline-color\">apresente declara\u00e7\u00f5es<\/mark><\/strong>, por\u00e9m, <strong><mark style=\"background-color:rgba(0, 0, 0, 0);color:#cf2e2e\" class=\"has-inline-color\">n\u00e3o efetue os pagamentos<\/mark><\/strong>, <strong><mark style=\"background-color:rgba(0, 0, 0, 0);color:#ff6900\" class=\"has-inline-color\">n\u00e3o h\u00e1 o que se falar em prazo decadencial<\/mark><\/strong>. <\/p>\n\n\n\n<p>Ocorre que, conforme a jurisprud\u00eancia do STF, a entrega de declara\u00e7\u00f5es pelo contribuinte constitui, por si s\u00f3, o cr\u00e9dito tribut\u00e1rio, n\u00e3o havendo necessidade de qualquer outro procedimento pelo fisco. Assim, tendo em vista a constitui\u00e7\u00e3o do cr\u00e9dito pelo pr\u00f3prio ato do sujeito passivo, passa a correr o <strong>prazo prescricional de 5 (cinco) anos a partir da declara\u00e7\u00e3o ou do vencimento da obriga\u00e7\u00e3o (o que for posterior)<\/strong>.<\/p>\n\n\n\n<p>Al\u00e9m disso, verificada a ocorr\u00eancia de <strong><mark style=\"background-color:rgba(0, 0, 0, 0)\" class=\"has-inline-color has-accent-3-color\">dolo, fraude ou simula\u00e7\u00e3o<\/mark><\/strong>, o prazo decadencial tamb\u00e9m dever\u00e1 observar a regra de <strong><mark style=\"background-color:rgba(0, 0, 0, 0);color:#ff6900\" class=\"has-inline-color\">5 (cinco) anos contados do primeiro dia do exerc\u00edcio seguinte ao qual o lan\u00e7amento poderia ter sido efetuado<\/mark>.<\/strong><\/p>\n\n\n\n<h2 class=\"wp-block-heading\" id=\"h-conclusao\"><strong><mark style=\"background-color:rgba(0, 0, 0, 0);color:#0693e3\" class=\"has-inline-color\">Conclus\u00e3o<\/mark><\/strong><\/h2>\n\n\n\n<p>Pessoal, finalizamos aqui este resumo sobre a decad\u00eancia do cr\u00e9dito tribut\u00e1rio para o concurso da SEFAZ GO.<\/p>\n\n\n\n<p>Espero que tenham gostado deste conte\u00fado.<\/p>\n\n\n\n<p>At\u00e9 o pr\u00f3ximo artigo.<\/p>\n\n\n\n<p>Grande abra\u00e7o.<\/p>\n\n\n\n<p><strong>Rafael Chaves<\/strong><\/p>\n\n\n\n<p class=\"has-text-align-center has-pale-cyan-blue-background-color has-background\"><strong>Saiba mais: <a href=\"https:\/\/www.estrategiaconcursos.com.br\/blog\/concurso-sefaz-go\/#\" target=\"_blank\" rel=\"noreferrer noopener\">SEFAZ GO<\/a><\/strong><\/p>\n\n\n\n<h2 class=\"wp-block-heading has-text-align-center\" id=\"h-quer-saber-tudo-sobre-concursos-previstos-confira-nossos-artigos\">Quer saber tudo sobre concursos previstos?<br \/>Confira nossos artigos!<\/h2>\n\n\n\n<p class=\"has-text-align-center has-pale-cyan-blue-background-color has-background\"><a href=\"https:\/\/www.estrategiaconcursos.com.br\/blog\/concursos-abertos\/\" target=\"_blank\" rel=\"noreferrer noopener\">Concursos abertos<\/a><\/p>\n\n\n\n<p class=\"has-text-align-center has-pale-cyan-blue-background-color has-background\"><a href=\"https:\/\/www.estrategiaconcursos.com.br\/blog\/concursos-2026\/#\" target=\"_blank\" rel=\"noreferrer noopener\">Concursos 2026<\/a><\/p>\n","protected":false},"excerpt":{"rendered":"<p>Ol\u00e1, pessoal, tudo bem? Neste artigo n\u00f3s estudaremos sobre a decad\u00eancia do cr\u00e9dito tribut\u00e1rio para o concurso da SEFAZ GO. Bons estudos! Introdu\u00e7\u00e3o Conforme estabelece o art. 156 do C\u00f3digo Tribut\u00e1rio Nacional (CTN), a extin\u00e7\u00e3o do cr\u00e9dito tribut\u00e1rio decorre de uma das seguintes situa\u00e7\u00f5es: Neste artigo, estudaremos sobre uma das hip\u00f3teses de extin\u00e7\u00e3o do cr\u00e9dito [&hellip;]<\/p>\n","protected":false},"author":2261,"featured_media":1719076,"comment_status":"open","ping_status":"closed","sticky":false,"template":"","format":"standard","meta":{"post_tipo":"article","footnotes":""},"categories":[1,1983],"tags":[],"tax_estado":[219972],"class_list":["post-1719321","post","type-post","status-publish","format-standard","has-post-thumbnail","hentry","category-cursos-e-concursos","category-fiscal-estadual","tax_estado-go"],"acf":[],"yoast_head":"<!-- This site is optimized with the Yoast SEO Premium plugin v27.2 (Yoast SEO v27.2) - https:\/\/yoast.com\/product\/yoast-seo-premium-wordpress\/ -->\n<title>Decad\u00eancia do cr\u00e9dito tribut\u00e1rio para a SEFAZ GO<\/title>\n<meta name=\"description\" content=\"Entenda tudo o que \u00e9 mais importante sobre a decad\u00eancia do cr\u00e9dito tribut\u00e1rio para o concurso da SEFAZ GO.\" \/>\n<meta name=\"robots\" content=\"index, follow, max-snippet:-1, max-image-preview:large, max-video-preview:-1\" \/>\n<link rel=\"canonical\" href=\"https:\/\/www.estrategiaconcursos.com.br\/blog\/decadencia-credito-sefaz-go\/\" \/>\n<meta property=\"og:locale\" content=\"pt_BR\" \/>\n<meta property=\"og:type\" content=\"article\" \/>\n<meta property=\"og:title\" content=\"Decad\u00eancia do cr\u00e9dito tribut\u00e1rio para a SEFAZ GO\" \/>\n<meta property=\"og:description\" content=\"Entenda tudo o que \u00e9 mais importante sobre a decad\u00eancia do cr\u00e9dito tribut\u00e1rio para o concurso da SEFAZ GO.\" \/>\n<meta property=\"og:url\" content=\"https:\/\/www.estrategiaconcursos.com.br\/blog\/decadencia-credito-sefaz-go\/\" \/>\n<meta property=\"og:site_name\" content=\"Estrat\u00e9gia Concursos\" \/>\n<meta property=\"article:published_time\" content=\"2026-03-08T17:43:00+00:00\" \/>\n<meta property=\"og:image\" content=\"https:\/\/dhg1h5j42swfq.cloudfront.net\/2026\/02\/22085836\/image-111.png\" \/>\n\t<meta property=\"og:image:width\" content=\"900\" \/>\n\t<meta property=\"og:image:height\" content=\"507\" \/>\n\t<meta property=\"og:image:type\" content=\"image\/png\" \/>\n<meta name=\"author\" content=\"Rafael Ferreira Chaves\" \/>\n<meta name=\"twitter:card\" content=\"summary_large_image\" \/>\n<meta name=\"twitter:creator\" content=\"@EstratConcursos\" \/>\n<meta name=\"twitter:site\" content=\"@EstratConcursos\" \/>\n<meta name=\"twitter:label1\" content=\"Escrito por\" \/>\n\t<meta name=\"twitter:data1\" content=\"Rafael Ferreira Chaves\" \/>\n\t<meta name=\"twitter:label2\" content=\"Est. tempo de leitura\" \/>\n\t<meta name=\"twitter:data2\" content=\"5 minutos\" \/>\n<script type=\"application\/ld+json\" class=\"yoast-schema-graph\">{\"@context\":\"https:\/\/schema.org\",\"@graph\":[{\"@type\":\"NewsArticle\",\"@id\":\"https:\/\/www.estrategiaconcursos.com.br\/blog\/decadencia-credito-sefaz-go\/#article\",\"isPartOf\":{\"@id\":\"https:\/\/www.estrategiaconcursos.com.br\/blog\/decadencia-credito-sefaz-go\/\"},\"author\":{\"name\":\"Rafael Ferreira Chaves\",\"@id\":\"https:\/\/www.estrategiaconcursos.com.br\/blog\/#\/schema\/person\/545cce8f1c81268ec2ca202a954284e1\"},\"headline\":\"Decad\u00eancia do cr\u00e9dito tribut\u00e1rio para a SEFAZ GO\",\"datePublished\":\"2026-03-08T17:43:00+00:00\",\"mainEntityOfPage\":{\"@id\":\"https:\/\/www.estrategiaconcursos.com.br\/blog\/decadencia-credito-sefaz-go\/\"},\"wordCount\":938,\"commentCount\":0,\"publisher\":{\"@id\":\"https:\/\/www.estrategiaconcursos.com.br\/blog\/#organization\"},\"image\":{\"@id\":\"https:\/\/www.estrategiaconcursos.com.br\/blog\/decadencia-credito-sefaz-go\/#primaryimage\"},\"thumbnailUrl\":\"https:\/\/dhg1h5j42swfq.cloudfront.net\/2026\/02\/22085836\/image-111.png\",\"articleSection\":[\"Concursos P\u00fablicos\",\"Fiscal - Estadual (ICMS)\"],\"inLanguage\":\"pt-BR\",\"potentialAction\":[{\"@type\":\"CommentAction\",\"name\":\"Comment\",\"target\":[\"https:\/\/www.estrategiaconcursos.com.br\/blog\/decadencia-credito-sefaz-go\/#respond\"]}],\"copyrightYear\":\"2026\",\"copyrightHolder\":{\"@id\":\"https:\/\/www.estrategiaconcursos.com.br\/blog\/#organization\"}},{\"@type\":\"WebPage\",\"@id\":\"https:\/\/www.estrategiaconcursos.com.br\/blog\/decadencia-credito-sefaz-go\/\",\"url\":\"https:\/\/www.estrategiaconcursos.com.br\/blog\/decadencia-credito-sefaz-go\/\",\"name\":\"Decad\u00eancia do cr\u00e9dito tribut\u00e1rio para a SEFAZ GO\",\"isPartOf\":{\"@id\":\"https:\/\/www.estrategiaconcursos.com.br\/blog\/#website\"},\"primaryImageOfPage\":{\"@id\":\"https:\/\/www.estrategiaconcursos.com.br\/blog\/decadencia-credito-sefaz-go\/#primaryimage\"},\"image\":{\"@id\":\"https:\/\/www.estrategiaconcursos.com.br\/blog\/decadencia-credito-sefaz-go\/#primaryimage\"},\"thumbnailUrl\":\"https:\/\/dhg1h5j42swfq.cloudfront.net\/2026\/02\/22085836\/image-111.png\",\"datePublished\":\"2026-03-08T17:43:00+00:00\",\"description\":\"Entenda tudo o que \u00e9 mais importante sobre a decad\u00eancia do cr\u00e9dito tribut\u00e1rio para o concurso da SEFAZ GO.\",\"breadcrumb\":{\"@id\":\"https:\/\/www.estrategiaconcursos.com.br\/blog\/decadencia-credito-sefaz-go\/#breadcrumb\"},\"inLanguage\":\"pt-BR\",\"potentialAction\":[{\"@type\":\"ReadAction\",\"target\":[\"https:\/\/www.estrategiaconcursos.com.br\/blog\/decadencia-credito-sefaz-go\/\"]}]},{\"@type\":\"ImageObject\",\"inLanguage\":\"pt-BR\",\"@id\":\"https:\/\/www.estrategiaconcursos.com.br\/blog\/decadencia-credito-sefaz-go\/#primaryimage\",\"url\":\"https:\/\/dhg1h5j42swfq.cloudfront.net\/2026\/02\/22085836\/image-111.png\",\"contentUrl\":\"https:\/\/dhg1h5j42swfq.cloudfront.net\/2026\/02\/22085836\/image-111.png\",\"width\":900,\"height\":507,\"caption\":\"Tributa\u00e7\u00e3o monof\u00e1sica sobre combust\u00edvel\u00a0para SEFAZ\/GO\"},{\"@type\":\"BreadcrumbList\",\"@id\":\"https:\/\/www.estrategiaconcursos.com.br\/blog\/decadencia-credito-sefaz-go\/#breadcrumb\",\"itemListElement\":[{\"@type\":\"ListItem\",\"position\":1,\"name\":\"In\u00edcio\",\"item\":\"https:\/\/www.estrategiaconcursos.com.br\/blog\/\"},{\"@type\":\"ListItem\",\"position\":2,\"name\":\"Decad\u00eancia do cr\u00e9dito tribut\u00e1rio para a SEFAZ GO\"}]},{\"@type\":\"WebSite\",\"@id\":\"https:\/\/www.estrategiaconcursos.com.br\/blog\/#website\",\"url\":\"https:\/\/www.estrategiaconcursos.com.br\/blog\/\",\"name\":\"Estrat\u00e9gia Concursos\",\"description\":\"O blog da Estrat\u00e9gia Concursos traz not\u00edcias sobre concursos e artigos de professores oferecendo cursos para concursos (pdf + videaulas) no site.\",\"publisher\":{\"@id\":\"https:\/\/www.estrategiaconcursos.com.br\/blog\/#organization\"},\"potentialAction\":[{\"@type\":\"SearchAction\",\"target\":{\"@type\":\"EntryPoint\",\"urlTemplate\":\"https:\/\/www.estrategiaconcursos.com.br\/blog\/?s={search_term_string}\"},\"query-input\":{\"@type\":\"PropertyValueSpecification\",\"valueRequired\":true,\"valueName\":\"search_term_string\"}}],\"inLanguage\":\"pt-BR\"},{\"@type\":\"Organization\",\"@id\":\"https:\/\/www.estrategiaconcursos.com.br\/blog\/#organization\",\"name\":\"Estrat\u00e9gia Concursos\",\"url\":\"https:\/\/www.estrategiaconcursos.com.br\/blog\/\",\"logo\":{\"@type\":\"ImageObject\",\"inLanguage\":\"pt-BR\",\"@id\":\"https:\/\/www.estrategiaconcursos.com.br\/blog\/#\/schema\/logo\/image\/\",\"url\":\"https:\/\/dhg1h5j42swfq.cloudfront.net\/2025\/06\/03203428\/logo_concursos-1.jpg\",\"contentUrl\":\"https:\/\/dhg1h5j42swfq.cloudfront.net\/2025\/06\/03203428\/logo_concursos-1.jpg\",\"width\":230,\"height\":60,\"caption\":\"Estrat\u00e9gia Concursos\"},\"image\":{\"@id\":\"https:\/\/www.estrategiaconcursos.com.br\/blog\/#\/schema\/logo\/image\/\"},\"sameAs\":[\"https:\/\/x.com\/EstratConcursos\"]},{\"@type\":\"Person\",\"@id\":\"https:\/\/www.estrategiaconcursos.com.br\/blog\/#\/schema\/person\/545cce8f1c81268ec2ca202a954284e1\",\"name\":\"Rafael Ferreira Chaves\",\"image\":{\"@type\":\"ImageObject\",\"inLanguage\":\"pt-BR\",\"@id\":\"https:\/\/secure.gravatar.com\/avatar\/7d43172b7c8451a76fe991e14bf7b661f56fcd3e9d8f44dcd92c997cfaf1286f?s=96&d=mm&r=g\",\"url\":\"https:\/\/secure.gravatar.com\/avatar\/7d43172b7c8451a76fe991e14bf7b661f56fcd3e9d8f44dcd92c997cfaf1286f?s=96&d=mm&r=g\",\"contentUrl\":\"https:\/\/secure.gravatar.com\/avatar\/7d43172b7c8451a76fe991e14bf7b661f56fcd3e9d8f44dcd92c997cfaf1286f?s=96&d=mm&r=g\",\"caption\":\"Rafael Ferreira Chaves\"},\"description\":\"Engenheiro Civil formado pela Universidade Federal do Piau\u00ed - UFPI. Especialista em Engenharia Ambiental e Saneamento B\u00e1sico pela Faculdade Est\u00e1cio. Atualmente exerce o cargo de Auditor de Controle Externo do TCE\/AM. Aprovado e nomeado nos seguintes concursos: ARSETE\/PMT (1\u00ba lugar - Analista de Regula\u00e7\u00e3o - Eng. Civil), Prefeitura de Campinas\/SP (Eng. Civil) , CODEVASF (Analista de Desenvolvimento Regional - Eng. Civil), TCE\/AM (2\u00ba lugar - Auditor de Controle Externo - Obras P\u00fablicas \/ 14\u00ba lugar - Auditor de Controle Externo - Auditoria Governamental), TCE\/TO (2\u00ba lugar - Auditor de Controle Externo - Eng. Civil), TCE GO (Analista de Controle Externo - Controle Externo).\",\"url\":\"https:\/\/www.estrategiaconcursos.com.br\/blog\/author\/fchaves01gmail-com\/\"}]}<\/script>\n<!-- \/ Yoast SEO Premium plugin. -->","yoast_head_json":{"title":"Decad\u00eancia do cr\u00e9dito tribut\u00e1rio para a SEFAZ GO","description":"Entenda tudo o que \u00e9 mais importante sobre a decad\u00eancia do cr\u00e9dito tribut\u00e1rio para o concurso da SEFAZ GO.","robots":{"index":"index","follow":"follow","max-snippet":"max-snippet:-1","max-image-preview":"max-image-preview:large","max-video-preview":"max-video-preview:-1"},"canonical":"https:\/\/www.estrategiaconcursos.com.br\/blog\/decadencia-credito-sefaz-go\/","og_locale":"pt_BR","og_type":"article","og_title":"Decad\u00eancia do cr\u00e9dito tribut\u00e1rio para a SEFAZ GO","og_description":"Entenda tudo o que \u00e9 mais importante sobre a decad\u00eancia do cr\u00e9dito tribut\u00e1rio para o concurso da SEFAZ GO.","og_url":"https:\/\/www.estrategiaconcursos.com.br\/blog\/decadencia-credito-sefaz-go\/","og_site_name":"Estrat\u00e9gia Concursos","article_published_time":"2026-03-08T17:43:00+00:00","og_image":[{"width":900,"height":507,"url":"https:\/\/dhg1h5j42swfq.cloudfront.net\/2026\/02\/22085836\/image-111.png","type":"image\/png"}],"author":"Rafael Ferreira Chaves","twitter_card":"summary_large_image","twitter_creator":"@EstratConcursos","twitter_site":"@EstratConcursos","twitter_misc":{"Escrito por":"Rafael Ferreira Chaves","Est. tempo de leitura":"5 minutos"},"schema":{"@context":"https:\/\/schema.org","@graph":[{"@type":"NewsArticle","@id":"https:\/\/www.estrategiaconcursos.com.br\/blog\/decadencia-credito-sefaz-go\/#article","isPartOf":{"@id":"https:\/\/www.estrategiaconcursos.com.br\/blog\/decadencia-credito-sefaz-go\/"},"author":{"name":"Rafael Ferreira Chaves","@id":"https:\/\/www.estrategiaconcursos.com.br\/blog\/#\/schema\/person\/545cce8f1c81268ec2ca202a954284e1"},"headline":"Decad\u00eancia do cr\u00e9dito tribut\u00e1rio para a SEFAZ GO","datePublished":"2026-03-08T17:43:00+00:00","mainEntityOfPage":{"@id":"https:\/\/www.estrategiaconcursos.com.br\/blog\/decadencia-credito-sefaz-go\/"},"wordCount":938,"commentCount":0,"publisher":{"@id":"https:\/\/www.estrategiaconcursos.com.br\/blog\/#organization"},"image":{"@id":"https:\/\/www.estrategiaconcursos.com.br\/blog\/decadencia-credito-sefaz-go\/#primaryimage"},"thumbnailUrl":"https:\/\/dhg1h5j42swfq.cloudfront.net\/2026\/02\/22085836\/image-111.png","articleSection":["Concursos P\u00fablicos","Fiscal - Estadual (ICMS)"],"inLanguage":"pt-BR","potentialAction":[{"@type":"CommentAction","name":"Comment","target":["https:\/\/www.estrategiaconcursos.com.br\/blog\/decadencia-credito-sefaz-go\/#respond"]}],"copyrightYear":"2026","copyrightHolder":{"@id":"https:\/\/www.estrategiaconcursos.com.br\/blog\/#organization"}},{"@type":"WebPage","@id":"https:\/\/www.estrategiaconcursos.com.br\/blog\/decadencia-credito-sefaz-go\/","url":"https:\/\/www.estrategiaconcursos.com.br\/blog\/decadencia-credito-sefaz-go\/","name":"Decad\u00eancia do cr\u00e9dito tribut\u00e1rio para a SEFAZ GO","isPartOf":{"@id":"https:\/\/www.estrategiaconcursos.com.br\/blog\/#website"},"primaryImageOfPage":{"@id":"https:\/\/www.estrategiaconcursos.com.br\/blog\/decadencia-credito-sefaz-go\/#primaryimage"},"image":{"@id":"https:\/\/www.estrategiaconcursos.com.br\/blog\/decadencia-credito-sefaz-go\/#primaryimage"},"thumbnailUrl":"https:\/\/dhg1h5j42swfq.cloudfront.net\/2026\/02\/22085836\/image-111.png","datePublished":"2026-03-08T17:43:00+00:00","description":"Entenda tudo o que \u00e9 mais importante sobre a decad\u00eancia do cr\u00e9dito tribut\u00e1rio para o concurso da SEFAZ GO.","breadcrumb":{"@id":"https:\/\/www.estrategiaconcursos.com.br\/blog\/decadencia-credito-sefaz-go\/#breadcrumb"},"inLanguage":"pt-BR","potentialAction":[{"@type":"ReadAction","target":["https:\/\/www.estrategiaconcursos.com.br\/blog\/decadencia-credito-sefaz-go\/"]}]},{"@type":"ImageObject","inLanguage":"pt-BR","@id":"https:\/\/www.estrategiaconcursos.com.br\/blog\/decadencia-credito-sefaz-go\/#primaryimage","url":"https:\/\/dhg1h5j42swfq.cloudfront.net\/2026\/02\/22085836\/image-111.png","contentUrl":"https:\/\/dhg1h5j42swfq.cloudfront.net\/2026\/02\/22085836\/image-111.png","width":900,"height":507,"caption":"Tributa\u00e7\u00e3o monof\u00e1sica sobre combust\u00edvel\u00a0para SEFAZ\/GO"},{"@type":"BreadcrumbList","@id":"https:\/\/www.estrategiaconcursos.com.br\/blog\/decadencia-credito-sefaz-go\/#breadcrumb","itemListElement":[{"@type":"ListItem","position":1,"name":"In\u00edcio","item":"https:\/\/www.estrategiaconcursos.com.br\/blog\/"},{"@type":"ListItem","position":2,"name":"Decad\u00eancia do cr\u00e9dito tribut\u00e1rio para a SEFAZ GO"}]},{"@type":"WebSite","@id":"https:\/\/www.estrategiaconcursos.com.br\/blog\/#website","url":"https:\/\/www.estrategiaconcursos.com.br\/blog\/","name":"Estrat\u00e9gia Concursos","description":"O blog da Estrat\u00e9gia Concursos traz not\u00edcias sobre concursos e artigos de professores oferecendo cursos para concursos (pdf + videaulas) no site.","publisher":{"@id":"https:\/\/www.estrategiaconcursos.com.br\/blog\/#organization"},"potentialAction":[{"@type":"SearchAction","target":{"@type":"EntryPoint","urlTemplate":"https:\/\/www.estrategiaconcursos.com.br\/blog\/?s={search_term_string}"},"query-input":{"@type":"PropertyValueSpecification","valueRequired":true,"valueName":"search_term_string"}}],"inLanguage":"pt-BR"},{"@type":"Organization","@id":"https:\/\/www.estrategiaconcursos.com.br\/blog\/#organization","name":"Estrat\u00e9gia Concursos","url":"https:\/\/www.estrategiaconcursos.com.br\/blog\/","logo":{"@type":"ImageObject","inLanguage":"pt-BR","@id":"https:\/\/www.estrategiaconcursos.com.br\/blog\/#\/schema\/logo\/image\/","url":"https:\/\/dhg1h5j42swfq.cloudfront.net\/2025\/06\/03203428\/logo_concursos-1.jpg","contentUrl":"https:\/\/dhg1h5j42swfq.cloudfront.net\/2025\/06\/03203428\/logo_concursos-1.jpg","width":230,"height":60,"caption":"Estrat\u00e9gia Concursos"},"image":{"@id":"https:\/\/www.estrategiaconcursos.com.br\/blog\/#\/schema\/logo\/image\/"},"sameAs":["https:\/\/x.com\/EstratConcursos"]},{"@type":"Person","@id":"https:\/\/www.estrategiaconcursos.com.br\/blog\/#\/schema\/person\/545cce8f1c81268ec2ca202a954284e1","name":"Rafael Ferreira Chaves","image":{"@type":"ImageObject","inLanguage":"pt-BR","@id":"https:\/\/secure.gravatar.com\/avatar\/7d43172b7c8451a76fe991e14bf7b661f56fcd3e9d8f44dcd92c997cfaf1286f?s=96&d=mm&r=g","url":"https:\/\/secure.gravatar.com\/avatar\/7d43172b7c8451a76fe991e14bf7b661f56fcd3e9d8f44dcd92c997cfaf1286f?s=96&d=mm&r=g","contentUrl":"https:\/\/secure.gravatar.com\/avatar\/7d43172b7c8451a76fe991e14bf7b661f56fcd3e9d8f44dcd92c997cfaf1286f?s=96&d=mm&r=g","caption":"Rafael Ferreira Chaves"},"description":"Engenheiro Civil formado pela Universidade Federal do Piau\u00ed - UFPI. Especialista em Engenharia Ambiental e Saneamento B\u00e1sico pela Faculdade Est\u00e1cio. Atualmente exerce o cargo de Auditor de Controle Externo do TCE\/AM. Aprovado e nomeado nos seguintes concursos: ARSETE\/PMT (1\u00ba lugar - Analista de Regula\u00e7\u00e3o - Eng. Civil), Prefeitura de Campinas\/SP (Eng. Civil) , CODEVASF (Analista de Desenvolvimento Regional - Eng. Civil), TCE\/AM (2\u00ba lugar - Auditor de Controle Externo - Obras P\u00fablicas \/ 14\u00ba lugar - Auditor de Controle Externo - Auditoria Governamental), TCE\/TO (2\u00ba lugar - Auditor de Controle Externo - Eng. Civil), TCE GO (Analista de Controle Externo - Controle Externo).","url":"https:\/\/www.estrategiaconcursos.com.br\/blog\/author\/fchaves01gmail-com\/"}]}},"_links":{"self":[{"href":"https:\/\/www.estrategiaconcursos.com.br\/blog\/wp-json\/wp\/v2\/posts\/1719321","targetHints":{"allow":["GET"]}}],"collection":[{"href":"https:\/\/www.estrategiaconcursos.com.br\/blog\/wp-json\/wp\/v2\/posts"}],"about":[{"href":"https:\/\/www.estrategiaconcursos.com.br\/blog\/wp-json\/wp\/v2\/types\/post"}],"author":[{"embeddable":true,"href":"https:\/\/www.estrategiaconcursos.com.br\/blog\/wp-json\/wp\/v2\/users\/2261"}],"replies":[{"embeddable":true,"href":"https:\/\/www.estrategiaconcursos.com.br\/blog\/wp-json\/wp\/v2\/comments?post=1719321"}],"version-history":[{"count":4,"href":"https:\/\/www.estrategiaconcursos.com.br\/blog\/wp-json\/wp\/v2\/posts\/1719321\/revisions"}],"predecessor-version":[{"id":1719329,"href":"https:\/\/www.estrategiaconcursos.com.br\/blog\/wp-json\/wp\/v2\/posts\/1719321\/revisions\/1719329"}],"wp:featuredmedia":[{"embeddable":true,"href":"https:\/\/www.estrategiaconcursos.com.br\/blog\/wp-json\/wp\/v2\/media\/1719076"}],"wp:attachment":[{"href":"https:\/\/www.estrategiaconcursos.com.br\/blog\/wp-json\/wp\/v2\/media?parent=1719321"}],"wp:term":[{"taxonomy":"category","embeddable":true,"href":"https:\/\/www.estrategiaconcursos.com.br\/blog\/wp-json\/wp\/v2\/categories?post=1719321"},{"taxonomy":"post_tag","embeddable":true,"href":"https:\/\/www.estrategiaconcursos.com.br\/blog\/wp-json\/wp\/v2\/tags?post=1719321"},{"taxonomy":"tax_estado","embeddable":true,"href":"https:\/\/www.estrategiaconcursos.com.br\/blog\/wp-json\/wp\/v2\/tax_estado?post=1719321"}],"curies":[{"name":"wp","href":"https:\/\/api.w.org\/{rel}","templated":true}]}}