{"id":171909,"date":"2019-03-17T18:29:53","date_gmt":"2019-03-17T21:29:53","guid":{"rendered":"https:\/\/www.estrategiaconcursos.com.br\/blog\/?p=171909"},"modified":"2020-12-05T08:46:11","modified_gmt":"2020-12-05T11:46:11","slug":"comentarios-as-questoes-de-direito-da-crianca-e-do-adolescente","status":"publish","type":"post","link":"https:\/\/www.estrategiaconcursos.com.br\/blog\/comentarios-as-questoes-de-direito-da-crianca-e-do-adolescente\/","title":{"rendered":"Coment\u00e1rios \u00e0s quest\u00f5es de Direito da Crian\u00e7a e do Adolescente"},"content":{"rendered":"\n<p>Ol\u00e1! Analisamos as quest\u00f5es de Direito da Crian\u00e7a e do\nAdolescente aplicadas na prova do XXVIII Exame de Ordem. S\u00e3o quest\u00f5es da FGV\nfresquinhas para voc\u00ea treinar. <\/p>\n\n\n\n<p>Caso voc\u00ea fique em d\u00favida, por favor, no contate:<\/p>\n\n\n\n<p>SITE:&nbsp;<a href=\"https:\/\/sites.google.com\/prod\/view\/proftorques\">https:\/\/sites.google.com\/prod\/view\/proftorques<\/a><\/p>\n\n\n\n<p>INSTAGRAM:&nbsp;<a href=\"https:\/\/www.instagram.com\/proftorques\/\">https:\/\/www.instagram.com\/proftorques\/<\/a><\/p>\n\n\n\n<p>FACEBOOK:&nbsp;<a href=\"https:\/\/www.facebook.com\/dpcparaconcursos\">https:\/\/www.facebook.com\/dpcparaconcursos<\/a><\/p>\n\n\n\n<p>E-MAIL:&nbsp;<a href=\"mailto:rst.estrategia@gmail.com\">rst.estrategia@gmail.com<\/a><\/p>\n\n\n\n<p>Vamos \u00e0s quest\u00f5es<\/p>\n\n\n\n<p>&#8212;<\/p>\n\n\n\n<p><strong>Quest\u00e3o 42<\/strong><\/p>\n\n\n\n<p>Bruno, com quase doze anos de idade, morador de Niter\u00f3i, na\nRegi\u00e3o Metropolitana do Rio de Janeiro, foi aprovado em um processo de sele\u00e7\u00e3o\nde jogadores de futebol, para a categoria de base de um grande clube, sediado\nno Rio de Janeiro, capital \u2013 cidade contigua \u00e0 de sua resid\u00eancia. <\/p>\n\n\n\n<p>Os treinamentos na nova equipe implicam deslocamento de\nNiter\u00f3i ao Rio de Janeiro todos os dias, ida e volta. Ocorre que os pais de\nBruno trabalham em hor\u00e1rio integral, e n\u00e3o poder\u00e3o acompanh\u00e1-lo. <\/p>\n\n\n\n<p>Os pais, buscando orienta\u00e7\u00e3o, consultam voc\u00ea, como\nadvogado(a), sobre qual a solu\u00e7\u00e3o jur\u00eddica para que Bruno frequentasse os\ntreinos, desacompanhado. <\/p>\n\n\n\n<p>Assinale a op\u00e7\u00e3o que apresente sua orienta\u00e7\u00e3o. <\/p>\n\n\n\n<p>A) Bruno precisar\u00e1 de um alvar\u00e1 judicial, que pode ter\nvalidade de at\u00e9 dois anos, para poder se deslocar sozinho entre as comarcas. <\/p>\n\n\n\n<p>B) Bruno pode, simplesmente, ir aos treinos sozinho, n\u00e3o\nsendo necess\u00e1ria qualquer autoriza\u00e7\u00e3o judicial para tanto. <\/p>\n\n\n\n<p>C) N\u00e3o \u00e9 poss\u00edvel a frequ\u00eancia aos treinos desacompanhado,\npois o adolescente n\u00e3o poder\u00e1 se deslocar entre comarcas sem a companhia de, ao\nmenos, um dos pais ou do respons\u00e1vel legal. <\/p>\n\n\n\n<p>D) Bruno poder\u00e1 ir aos treinos desacompanhado dos pais, mas\nser\u00e1 necess\u00e1rio obter autoriza\u00e7\u00e3o judicial ou a designa\u00e7\u00e3o de um tutor, que\npoder\u00e1 ser um representante do clube. <\/p>\n\n\n\n<p><strong>Coment\u00e1rios<\/strong> <\/p>\n\n\n\n<p>A <strong>alternativa B<\/strong> est\u00e1\ncorreta e \u00e9 o gabarito da quest\u00e3o. <\/p>\n\n\n\n<p>Art. 83. Nenhuma crian\u00e7a poder\u00e1 viajar para fora da comarca\nonde reside, desacompanhada dos pais ou respons\u00e1vel, sem expressa autoriza\u00e7\u00e3o\njudicial.<\/p>\n\n\n\n<p>\u00a7 1\u00ba A autoriza\u00e7\u00e3o n\u00e3o ser\u00e1 exigida quando:<\/p>\n\n\n\n<p>a) tratar-se de comarca cont\u00edgua \u00e0 da resid\u00eancia da crian\u00e7a, se\nna mesma unidade da Federa\u00e7\u00e3o, ou inclu\u00edda na mesma regi\u00e3o metropolitana;<\/p>\n\n\n\n<p>b) a crian\u00e7a estiver acompanhada:<\/p>\n\n\n\n<p>1) de ascendente ou colateral maior, at\u00e9 o terceiro grau,\ncomprovado documentalmente o parentesco;<\/p>\n\n\n\n<p>2) de pessoa maior, expressamente autorizada pelo pai, m\u00e3e ou\nrespons\u00e1vel.<\/p>\n\n\n\n<p>\u00a7 2\u00ba A autoridade judici\u00e1ria poder\u00e1, a pedido dos pais ou respons\u00e1vel, conceder autoriza\u00e7\u00e3o v\u00e1lida por dois anos.<\/p>\n\n\n\n<p>&#8212;<\/p>\n\n\n\n<p><strong>Quest\u00e3o 43<\/strong><\/p>\n\n\n\n<p>Carla, de 11 anos de idade, com os pais destitu\u00eddos do poder\nfamiliar, cresce em entidade de acolhimento institucional faz dois anos, sem\nnenhum interessado em sua ado\u00e7\u00e3o habilitado nos cadastros nacional ou\ninternacional. <\/p>\n\n\n\n<p>Sensibilizado com a situa\u00e7\u00e3o da crian\u00e7a, um advogado, que j\u00e1\npossui tr\u00eas filhos, sendo um adotado, deseja acompanhar o desenvolvimento de\nCarla, auxiliando-a nos estudos e, a fim de criar v\u00ednculos com sua fam\u00edlia, levando-a\npara casa nos feriados e f\u00e9rias escolares. <\/p>\n\n\n\n<p>De acordo com o Estatuto da Crian\u00e7a e do Adolescente, de que\nforma o advogado conseguir\u00e1 obter a conviv\u00eancia tempor\u00e1ria externo de Carla com\nsua fam\u00edlia?<\/p>\n\n\n\n<p>A) Acolhimento familiar. <\/p>\n\n\n\n<p>B) Guarda estatut\u00e1ria. <\/p>\n\n\n\n<p>C) Tutela.<\/p>\n\n\n\n<p>D) Apadrinhamento. <\/p>\n\n\n\n<p><strong>Coment\u00e1rios<\/strong> <\/p>\n\n\n\n<p>A <strong>alternativa D<\/strong> est\u00e1\ncorreta e \u00e9 o gabarito da quest\u00e3o. <\/p>\n\n\n\n<p>Art. 19-B.&nbsp; A crian\u00e7a e o\nadolescente em programa de acolhimento institucional ou familiar poder\u00e3o\nparticipar de programa de apadrinhamento. (Inclu\u00eddo pela Lei n\u00ba 13.509, de\n2017)<\/p>\n\n\n\n<p>\u00a7 1\u00ba&nbsp; O apadrinhamento\nconsiste em estabelecer e proporcionar \u00e0 crian\u00e7a e ao adolescente v\u00ednculos\nexternos \u00e0 institui\u00e7\u00e3o para fins de conviv\u00eancia familiar e comunit\u00e1ria e\ncolabora\u00e7\u00e3o com o seu desenvolvimento nos aspectos social, moral, f\u00edsico,\ncognitivo, educacional e financeiro.&nbsp;&nbsp;&nbsp;&nbsp;&nbsp;&nbsp;&nbsp;&nbsp;&nbsp;&nbsp;&nbsp;&nbsp;\n(Inclu\u00eddo pela Lei n\u00ba 13.509, de 2017)<\/p>\n\n\n\n<p>\u00a7 2\u00ba&nbsp; Podem ser padrinhos\nou madrinhas pessoas maiores de 18 (dezoito) anos n\u00e3o inscritas nos cadastros\nde ado\u00e7\u00e3o, desde que cumpram os requisitos exigidos pelo programa de\napadrinhamento de que fazem parte.&nbsp;\n(Inclu\u00eddo pela Lei n\u00ba 13.509, de 2017)<\/p>\n\n\n\n<p>\u00a7 4\u00ba&nbsp; O perfil da crian\u00e7a ou do adolescente a ser apadrinhado ser\u00e1 definido no \u00e2mbito de cada programa de apadrinhamento, com prioridade para crian\u00e7as ou adolescentes com remota possibilidade de reinser\u00e7\u00e3o familiar ou coloca\u00e7\u00e3o em fam\u00edlia adotiva.&nbsp; (Inclu\u00eddo pela Lei n\u00ba 13.509, de 2017)<\/p>\n\n\n\n<p>&#8212;<\/p>\n\n\n\n<p>\u00c9 isso. Bons estudos!<\/p>\n","protected":false},"excerpt":{"rendered":"<p>Ol\u00e1! Analisamos as quest\u00f5es de Direito da Crian\u00e7a e do Adolescente aplicadas na prova do XXVIII Exame de Ordem. S\u00e3o quest\u00f5es da FGV fresquinhas para voc\u00ea treinar. Caso voc\u00ea fique em d\u00favida, por favor, no contate: SITE:&nbsp;https:\/\/sites.google.com\/prod\/view\/proftorques INSTAGRAM:&nbsp;https:\/\/www.instagram.com\/proftorques\/ FACEBOOK:&nbsp;https:\/\/www.facebook.com\/dpcparaconcursos E-MAIL:&nbsp;rst.estrategia@gmail.com Vamos \u00e0s quest\u00f5es &#8212; Quest\u00e3o 42 Bruno, com quase doze anos de idade, morador de [&hellip;]<\/p>\n","protected":false},"author":180,"featured_media":0,"comment_status":"open","ping_status":"closed","sticky":false,"template":"","format":"standard","meta":{"post_tipo":"article","footnotes":""},"categories":[1],"tags":[3497,1119,71,867,61180],"tax_estado":[219963],"class_list":["post-171909","post","type-post","status-publish","format-standard","hentry","category-cursos-e-concursos","tag-direito-da-crianca-e-do-adolescente","tag-eca","tag-oab","tag-prova-comentada","tag-xxviii-exame-de-ordem","tax_estado-concursos-federais"],"acf":[],"yoast_head":"<!-- This site is optimized with the Yoast SEO Premium plugin v27.2 (Yoast SEO v27.2) - https:\/\/yoast.com\/product\/yoast-seo-premium-wordpress\/ -->\n<title>Coment\u00e1rios \u00e0s quest\u00f5es de Direito da Crian\u00e7a e do Adolescente<\/title>\n<meta name=\"robots\" content=\"index, follow, max-snippet:-1, max-image-preview:large, max-video-preview:-1\" \/>\n<link rel=\"canonical\" href=\"https:\/\/www.estrategiaconcursos.com.br\/blog\/comentarios-as-questoes-de-direito-da-crianca-e-do-adolescente\/\" \/>\n<meta property=\"og:locale\" content=\"pt_BR\" \/>\n<meta property=\"og:type\" content=\"article\" \/>\n<meta property=\"og:title\" content=\"Coment\u00e1rios \u00e0s quest\u00f5es de Direito da Crian\u00e7a e do Adolescente\" \/>\n<meta property=\"og:description\" content=\"Ol\u00e1! Analisamos as quest\u00f5es de Direito da Crian\u00e7a e do Adolescente aplicadas na prova do XXVIII Exame de Ordem. S\u00e3o quest\u00f5es da FGV fresquinhas para voc\u00ea treinar. Caso voc\u00ea fique em d\u00favida, por favor, no contate: SITE:&nbsp;https:\/\/sites.google.com\/prod\/view\/proftorques INSTAGRAM:&nbsp;https:\/\/www.instagram.com\/proftorques\/ FACEBOOK:&nbsp;https:\/\/www.facebook.com\/dpcparaconcursos E-MAIL:&nbsp;rst.estrategia@gmail.com Vamos \u00e0s quest\u00f5es &#8212; Quest\u00e3o 42 Bruno, com quase doze anos de idade, morador de [&hellip;]\" \/>\n<meta property=\"og:url\" content=\"https:\/\/www.estrategiaconcursos.com.br\/blog\/comentarios-as-questoes-de-direito-da-crianca-e-do-adolescente\/\" \/>\n<meta property=\"og:site_name\" content=\"Estrat\u00e9gia Concursos\" \/>\n<meta property=\"article:author\" content=\"https:\/\/www.facebook.com\/ricardo.s.torques\" \/>\n<meta property=\"article:published_time\" content=\"2019-03-17T21:29:53+00:00\" \/>\n<meta property=\"article:modified_time\" content=\"2020-12-05T11:46:11+00:00\" \/>\n<meta name=\"author\" content=\"Ricardo Torques\" \/>\n<meta name=\"twitter:card\" content=\"summary_large_image\" \/>\n<meta name=\"twitter:creator\" content=\"@EstratConcursos\" \/>\n<meta name=\"twitter:site\" content=\"@EstratConcursos\" \/>\n<meta name=\"twitter:label1\" content=\"Escrito por\" \/>\n\t<meta name=\"twitter:data1\" content=\"Ricardo Torques\" \/>\n\t<meta name=\"twitter:label2\" content=\"Est. tempo de leitura\" \/>\n\t<meta name=\"twitter:data2\" content=\"4 minutos\" \/>\n<script type=\"application\/ld+json\" class=\"yoast-schema-graph\">{\"@context\":\"https:\/\/schema.org\",\"@graph\":[{\"@type\":\"NewsArticle\",\"@id\":\"https:\/\/www.estrategiaconcursos.com.br\/blog\/comentarios-as-questoes-de-direito-da-crianca-e-do-adolescente\/#article\",\"isPartOf\":{\"@id\":\"https:\/\/www.estrategiaconcursos.com.br\/blog\/comentarios-as-questoes-de-direito-da-crianca-e-do-adolescente\/\"},\"author\":{\"name\":\"Ricardo Torques\",\"@id\":\"https:\/\/www.estrategiaconcursos.com.br\/blog\/#\/schema\/person\/aa39cf5ddb518e5bdce27c35788405e2\"},\"headline\":\"Coment\u00e1rios \u00e0s quest\u00f5es de Direito da Crian\u00e7a e do Adolescente\",\"datePublished\":\"2019-03-17T21:29:53+00:00\",\"dateModified\":\"2020-12-05T11:46:11+00:00\",\"mainEntityOfPage\":{\"@id\":\"https:\/\/www.estrategiaconcursos.com.br\/blog\/comentarios-as-questoes-de-direito-da-crianca-e-do-adolescente\/\"},\"wordCount\":767,\"commentCount\":3,\"publisher\":{\"@id\":\"https:\/\/www.estrategiaconcursos.com.br\/blog\/#organization\"},\"keywords\":[\"Direito da Crian\u00e7a e do Adolescente\",\"ECA\",\"OAB\",\"prova comentada\",\"XXVIII exame de ordem\"],\"articleSection\":[\"Concursos P\u00fablicos\"],\"inLanguage\":\"pt-BR\",\"potentialAction\":[{\"@type\":\"CommentAction\",\"name\":\"Comment\",\"target\":[\"https:\/\/www.estrategiaconcursos.com.br\/blog\/comentarios-as-questoes-de-direito-da-crianca-e-do-adolescente\/#respond\"]}],\"copyrightYear\":\"2019\",\"copyrightHolder\":{\"@id\":\"https:\/\/www.estrategiaconcursos.com.br\/blog\/#organization\"}},{\"@type\":\"WebPage\",\"@id\":\"https:\/\/www.estrategiaconcursos.com.br\/blog\/comentarios-as-questoes-de-direito-da-crianca-e-do-adolescente\/\",\"url\":\"https:\/\/www.estrategiaconcursos.com.br\/blog\/comentarios-as-questoes-de-direito-da-crianca-e-do-adolescente\/\",\"name\":\"Coment\u00e1rios \u00e0s quest\u00f5es de Direito da Crian\u00e7a e do Adolescente\",\"isPartOf\":{\"@id\":\"https:\/\/www.estrategiaconcursos.com.br\/blog\/#website\"},\"datePublished\":\"2019-03-17T21:29:53+00:00\",\"dateModified\":\"2020-12-05T11:46:11+00:00\",\"breadcrumb\":{\"@id\":\"https:\/\/www.estrategiaconcursos.com.br\/blog\/comentarios-as-questoes-de-direito-da-crianca-e-do-adolescente\/#breadcrumb\"},\"inLanguage\":\"pt-BR\",\"potentialAction\":[{\"@type\":\"ReadAction\",\"target\":[\"https:\/\/www.estrategiaconcursos.com.br\/blog\/comentarios-as-questoes-de-direito-da-crianca-e-do-adolescente\/\"]}]},{\"@type\":\"BreadcrumbList\",\"@id\":\"https:\/\/www.estrategiaconcursos.com.br\/blog\/comentarios-as-questoes-de-direito-da-crianca-e-do-adolescente\/#breadcrumb\",\"itemListElement\":[{\"@type\":\"ListItem\",\"position\":1,\"name\":\"In\u00edcio\",\"item\":\"https:\/\/www.estrategiaconcursos.com.br\/blog\/\"},{\"@type\":\"ListItem\",\"position\":2,\"name\":\"Coment\u00e1rios \u00e0s quest\u00f5es de Direito da Crian\u00e7a e do Adolescente\"}]},{\"@type\":\"WebSite\",\"@id\":\"https:\/\/www.estrategiaconcursos.com.br\/blog\/#website\",\"url\":\"https:\/\/www.estrategiaconcursos.com.br\/blog\/\",\"name\":\"Estrat\u00e9gia Concursos\",\"description\":\"O blog da Estrat\u00e9gia Concursos traz not\u00edcias sobre concursos e artigos de professores oferecendo cursos para concursos (pdf + videaulas) no site.\",\"publisher\":{\"@id\":\"https:\/\/www.estrategiaconcursos.com.br\/blog\/#organization\"},\"potentialAction\":[{\"@type\":\"SearchAction\",\"target\":{\"@type\":\"EntryPoint\",\"urlTemplate\":\"https:\/\/www.estrategiaconcursos.com.br\/blog\/?s={search_term_string}\"},\"query-input\":{\"@type\":\"PropertyValueSpecification\",\"valueRequired\":true,\"valueName\":\"search_term_string\"}}],\"inLanguage\":\"pt-BR\"},{\"@type\":\"Organization\",\"@id\":\"https:\/\/www.estrategiaconcursos.com.br\/blog\/#organization\",\"name\":\"Estrat\u00e9gia Concursos\",\"url\":\"https:\/\/www.estrategiaconcursos.com.br\/blog\/\",\"logo\":{\"@type\":\"ImageObject\",\"inLanguage\":\"pt-BR\",\"@id\":\"https:\/\/www.estrategiaconcursos.com.br\/blog\/#\/schema\/logo\/image\/\",\"url\":\"https:\/\/dhg1h5j42swfq.cloudfront.net\/2025\/06\/03203428\/logo_concursos-1.jpg\",\"contentUrl\":\"https:\/\/dhg1h5j42swfq.cloudfront.net\/2025\/06\/03203428\/logo_concursos-1.jpg\",\"width\":230,\"height\":60,\"caption\":\"Estrat\u00e9gia Concursos\"},\"image\":{\"@id\":\"https:\/\/www.estrategiaconcursos.com.br\/blog\/#\/schema\/logo\/image\/\"},\"sameAs\":[\"https:\/\/x.com\/EstratConcursos\"]},{\"@type\":\"Person\",\"@id\":\"https:\/\/www.estrategiaconcursos.com.br\/blog\/#\/schema\/person\/aa39cf5ddb518e5bdce27c35788405e2\",\"name\":\"Ricardo Torques\",\"image\":{\"@type\":\"ImageObject\",\"inLanguage\":\"pt-BR\",\"@id\":\"https:\/\/secure.gravatar.com\/avatar\/ce9ac6c3cff25fe86d15ed568ebc64d1724baf5c0693133bcb1f6073f712f92a?s=96&d=mm&r=g\",\"url\":\"https:\/\/secure.gravatar.com\/avatar\/ce9ac6c3cff25fe86d15ed568ebc64d1724baf5c0693133bcb1f6073f712f92a?s=96&d=mm&r=g\",\"contentUrl\":\"https:\/\/secure.gravatar.com\/avatar\/ce9ac6c3cff25fe86d15ed568ebc64d1724baf5c0693133bcb1f6073f712f92a?s=96&d=mm&r=g\",\"caption\":\"Ricardo Torques\"},\"sameAs\":[\"https:\/\/www.facebook.com\/ricardo.s.torques\"],\"url\":\"https:\/\/www.estrategiaconcursos.com.br\/blog\/author\/ricardotorquesestrategiaconcursos-com-br\/\"}]}<\/script>\n<!-- \/ Yoast SEO Premium plugin. -->","yoast_head_json":{"title":"Coment\u00e1rios \u00e0s quest\u00f5es de Direito da Crian\u00e7a e do Adolescente","robots":{"index":"index","follow":"follow","max-snippet":"max-snippet:-1","max-image-preview":"max-image-preview:large","max-video-preview":"max-video-preview:-1"},"canonical":"https:\/\/www.estrategiaconcursos.com.br\/blog\/comentarios-as-questoes-de-direito-da-crianca-e-do-adolescente\/","og_locale":"pt_BR","og_type":"article","og_title":"Coment\u00e1rios \u00e0s quest\u00f5es de Direito da Crian\u00e7a e do Adolescente","og_description":"Ol\u00e1! Analisamos as quest\u00f5es de Direito da Crian\u00e7a e do Adolescente aplicadas na prova do XXVIII Exame de Ordem. S\u00e3o quest\u00f5es da FGV fresquinhas para voc\u00ea treinar. Caso voc\u00ea fique em d\u00favida, por favor, no contate: SITE:&nbsp;https:\/\/sites.google.com\/prod\/view\/proftorques INSTAGRAM:&nbsp;https:\/\/www.instagram.com\/proftorques\/ FACEBOOK:&nbsp;https:\/\/www.facebook.com\/dpcparaconcursos E-MAIL:&nbsp;rst.estrategia@gmail.com Vamos \u00e0s quest\u00f5es &#8212; Quest\u00e3o 42 Bruno, com quase doze anos de idade, morador de [&hellip;]","og_url":"https:\/\/www.estrategiaconcursos.com.br\/blog\/comentarios-as-questoes-de-direito-da-crianca-e-do-adolescente\/","og_site_name":"Estrat\u00e9gia Concursos","article_author":"https:\/\/www.facebook.com\/ricardo.s.torques","article_published_time":"2019-03-17T21:29:53+00:00","article_modified_time":"2020-12-05T11:46:11+00:00","author":"Ricardo Torques","twitter_card":"summary_large_image","twitter_creator":"@EstratConcursos","twitter_site":"@EstratConcursos","twitter_misc":{"Escrito por":"Ricardo Torques","Est. tempo de leitura":"4 minutos"},"schema":{"@context":"https:\/\/schema.org","@graph":[{"@type":"NewsArticle","@id":"https:\/\/www.estrategiaconcursos.com.br\/blog\/comentarios-as-questoes-de-direito-da-crianca-e-do-adolescente\/#article","isPartOf":{"@id":"https:\/\/www.estrategiaconcursos.com.br\/blog\/comentarios-as-questoes-de-direito-da-crianca-e-do-adolescente\/"},"author":{"name":"Ricardo Torques","@id":"https:\/\/www.estrategiaconcursos.com.br\/blog\/#\/schema\/person\/aa39cf5ddb518e5bdce27c35788405e2"},"headline":"Coment\u00e1rios \u00e0s quest\u00f5es de Direito da Crian\u00e7a e do Adolescente","datePublished":"2019-03-17T21:29:53+00:00","dateModified":"2020-12-05T11:46:11+00:00","mainEntityOfPage":{"@id":"https:\/\/www.estrategiaconcursos.com.br\/blog\/comentarios-as-questoes-de-direito-da-crianca-e-do-adolescente\/"},"wordCount":767,"commentCount":3,"publisher":{"@id":"https:\/\/www.estrategiaconcursos.com.br\/blog\/#organization"},"keywords":["Direito da Crian\u00e7a e do Adolescente","ECA","OAB","prova comentada","XXVIII exame de ordem"],"articleSection":["Concursos P\u00fablicos"],"inLanguage":"pt-BR","potentialAction":[{"@type":"CommentAction","name":"Comment","target":["https:\/\/www.estrategiaconcursos.com.br\/blog\/comentarios-as-questoes-de-direito-da-crianca-e-do-adolescente\/#respond"]}],"copyrightYear":"2019","copyrightHolder":{"@id":"https:\/\/www.estrategiaconcursos.com.br\/blog\/#organization"}},{"@type":"WebPage","@id":"https:\/\/www.estrategiaconcursos.com.br\/blog\/comentarios-as-questoes-de-direito-da-crianca-e-do-adolescente\/","url":"https:\/\/www.estrategiaconcursos.com.br\/blog\/comentarios-as-questoes-de-direito-da-crianca-e-do-adolescente\/","name":"Coment\u00e1rios \u00e0s quest\u00f5es de Direito da Crian\u00e7a e do Adolescente","isPartOf":{"@id":"https:\/\/www.estrategiaconcursos.com.br\/blog\/#website"},"datePublished":"2019-03-17T21:29:53+00:00","dateModified":"2020-12-05T11:46:11+00:00","breadcrumb":{"@id":"https:\/\/www.estrategiaconcursos.com.br\/blog\/comentarios-as-questoes-de-direito-da-crianca-e-do-adolescente\/#breadcrumb"},"inLanguage":"pt-BR","potentialAction":[{"@type":"ReadAction","target":["https:\/\/www.estrategiaconcursos.com.br\/blog\/comentarios-as-questoes-de-direito-da-crianca-e-do-adolescente\/"]}]},{"@type":"BreadcrumbList","@id":"https:\/\/www.estrategiaconcursos.com.br\/blog\/comentarios-as-questoes-de-direito-da-crianca-e-do-adolescente\/#breadcrumb","itemListElement":[{"@type":"ListItem","position":1,"name":"In\u00edcio","item":"https:\/\/www.estrategiaconcursos.com.br\/blog\/"},{"@type":"ListItem","position":2,"name":"Coment\u00e1rios \u00e0s quest\u00f5es de Direito da Crian\u00e7a e do Adolescente"}]},{"@type":"WebSite","@id":"https:\/\/www.estrategiaconcursos.com.br\/blog\/#website","url":"https:\/\/www.estrategiaconcursos.com.br\/blog\/","name":"Estrat\u00e9gia Concursos","description":"O blog da Estrat\u00e9gia Concursos traz not\u00edcias sobre concursos e artigos de professores oferecendo cursos para concursos (pdf + videaulas) no site.","publisher":{"@id":"https:\/\/www.estrategiaconcursos.com.br\/blog\/#organization"},"potentialAction":[{"@type":"SearchAction","target":{"@type":"EntryPoint","urlTemplate":"https:\/\/www.estrategiaconcursos.com.br\/blog\/?s={search_term_string}"},"query-input":{"@type":"PropertyValueSpecification","valueRequired":true,"valueName":"search_term_string"}}],"inLanguage":"pt-BR"},{"@type":"Organization","@id":"https:\/\/www.estrategiaconcursos.com.br\/blog\/#organization","name":"Estrat\u00e9gia Concursos","url":"https:\/\/www.estrategiaconcursos.com.br\/blog\/","logo":{"@type":"ImageObject","inLanguage":"pt-BR","@id":"https:\/\/www.estrategiaconcursos.com.br\/blog\/#\/schema\/logo\/image\/","url":"https:\/\/dhg1h5j42swfq.cloudfront.net\/2025\/06\/03203428\/logo_concursos-1.jpg","contentUrl":"https:\/\/dhg1h5j42swfq.cloudfront.net\/2025\/06\/03203428\/logo_concursos-1.jpg","width":230,"height":60,"caption":"Estrat\u00e9gia Concursos"},"image":{"@id":"https:\/\/www.estrategiaconcursos.com.br\/blog\/#\/schema\/logo\/image\/"},"sameAs":["https:\/\/x.com\/EstratConcursos"]},{"@type":"Person","@id":"https:\/\/www.estrategiaconcursos.com.br\/blog\/#\/schema\/person\/aa39cf5ddb518e5bdce27c35788405e2","name":"Ricardo Torques","image":{"@type":"ImageObject","inLanguage":"pt-BR","@id":"https:\/\/secure.gravatar.com\/avatar\/ce9ac6c3cff25fe86d15ed568ebc64d1724baf5c0693133bcb1f6073f712f92a?s=96&d=mm&r=g","url":"https:\/\/secure.gravatar.com\/avatar\/ce9ac6c3cff25fe86d15ed568ebc64d1724baf5c0693133bcb1f6073f712f92a?s=96&d=mm&r=g","contentUrl":"https:\/\/secure.gravatar.com\/avatar\/ce9ac6c3cff25fe86d15ed568ebc64d1724baf5c0693133bcb1f6073f712f92a?s=96&d=mm&r=g","caption":"Ricardo Torques"},"sameAs":["https:\/\/www.facebook.com\/ricardo.s.torques"],"url":"https:\/\/www.estrategiaconcursos.com.br\/blog\/author\/ricardotorquesestrategiaconcursos-com-br\/"}]}},"_links":{"self":[{"href":"https:\/\/www.estrategiaconcursos.com.br\/blog\/wp-json\/wp\/v2\/posts\/171909","targetHints":{"allow":["GET"]}}],"collection":[{"href":"https:\/\/www.estrategiaconcursos.com.br\/blog\/wp-json\/wp\/v2\/posts"}],"about":[{"href":"https:\/\/www.estrategiaconcursos.com.br\/blog\/wp-json\/wp\/v2\/types\/post"}],"author":[{"embeddable":true,"href":"https:\/\/www.estrategiaconcursos.com.br\/blog\/wp-json\/wp\/v2\/users\/180"}],"replies":[{"embeddable":true,"href":"https:\/\/www.estrategiaconcursos.com.br\/blog\/wp-json\/wp\/v2\/comments?post=171909"}],"version-history":[{"count":3,"href":"https:\/\/www.estrategiaconcursos.com.br\/blog\/wp-json\/wp\/v2\/posts\/171909\/revisions"}],"predecessor-version":[{"id":623702,"href":"https:\/\/www.estrategiaconcursos.com.br\/blog\/wp-json\/wp\/v2\/posts\/171909\/revisions\/623702"}],"wp:attachment":[{"href":"https:\/\/www.estrategiaconcursos.com.br\/blog\/wp-json\/wp\/v2\/media?parent=171909"}],"wp:term":[{"taxonomy":"category","embeddable":true,"href":"https:\/\/www.estrategiaconcursos.com.br\/blog\/wp-json\/wp\/v2\/categories?post=171909"},{"taxonomy":"post_tag","embeddable":true,"href":"https:\/\/www.estrategiaconcursos.com.br\/blog\/wp-json\/wp\/v2\/tags?post=171909"},{"taxonomy":"tax_estado","embeddable":true,"href":"https:\/\/www.estrategiaconcursos.com.br\/blog\/wp-json\/wp\/v2\/tax_estado?post=171909"}],"curies":[{"name":"wp","href":"https:\/\/api.w.org\/{rel}","templated":true}]}}