{"id":1718638,"date":"2026-03-15T08:10:00","date_gmt":"2026-03-15T11:10:00","guid":{"rendered":"https:\/\/www.estrategiaconcursos.com.br\/blog\/?p=1718638"},"modified":"2026-03-02T13:51:47","modified_gmt":"2026-03-02T16:51:47","slug":"passiva-substituicao-tributaria-sefaz-go","status":"publish","type":"post","link":"https:\/\/www.estrategiaconcursos.com.br\/blog\/passiva-substituicao-tributaria-sefaz-go\/","title":{"rendered":"Sujei\u00e7\u00e3o passiva por substitui\u00e7\u00e3o tribut\u00e1ria\u00a0para SEFAZ\/GO"},"content":{"rendered":"\n<p>Oi,\u00a0galera!!\u00a0Neste\u00a0artigo\u00a0do Estrat\u00e9gia Concursos\u00a0buscamos\u00a0analisar\u00a0um assunto muito importante\u00a0para\u00a0a prova de\u00a0Auditor Fiscal de\u00a0Goi\u00e1s:\u00a0<strong>sujei\u00e7\u00e3o passiva por substitui\u00e7\u00e3o tribut\u00e1ria\u00a0para SEFAZ\/GO<\/strong>\u00a0de\u00a0acordo com\u00a0a legisla\u00e7\u00e3o\u00a0nacional e\u00a0estadual.\u00a0<\/p>\n\n\n\n<figure class=\"wp-block-image aligncenter size-full\"><img loading=\"lazy\" decoding=\"async\" width=\"900\" height=\"507\" src=\"https:\/\/dhg1h5j42swfq.cloudfront.net\/2026\/02\/20152628\/image-109.png\" alt=\"Sujei\u00e7\u00e3o passiva por substitui\u00e7\u00e3o tribut\u00e1ria\u00a0para SEFAZ\/GO\" class=\"wp-image-1718639\" srcset=\"https:\/\/dhg1h5j42swfq.cloudfront.net\/2026\/02\/20152628\/image-109.png 900w, https:\/\/dhg1h5j42swfq.cloudfront.net\/2026\/02\/20152628\/image-109-300x169.png 300w, https:\/\/dhg1h5j42swfq.cloudfront.net\/2026\/02\/20152628\/image-109-768x433.png 768w, https:\/\/dhg1h5j42swfq.cloudfront.net\/2026\/02\/20152628\/image-109-150x85.png 150w\" sizes=\"auto, (max-width: 900px) 100vw, 900px\" \/><figcaption class=\"wp-element-caption\">Sujei\u00e7\u00e3o passiva por substitui\u00e7\u00e3o tribut\u00e1ria\u00a0para SEFAZ\/GO<\/figcaption><\/figure>\n\n\n\n<p>Basicamente,&nbsp;iremos&nbsp;passar&nbsp;pelos seguintes t\u00f3picos:&nbsp;<\/p>\n\n\n\n<ul class=\"wp-block-list\">\n<li>Conhecer\u00a0disposi\u00e7\u00f5es\u00a0normativas sobre\u00a0sujei\u00e7\u00e3o passiva por substitui\u00e7\u00e3o tribut\u00e1ria\u00a0para SEFAZ\/GO;\u00a0<\/li>\n<\/ul>\n\n\n\n<ul class=\"wp-block-list\">\n<li>Entender\u00a0observa\u00e7\u00f5es relevantes sobre o tema;\u00a0<\/li>\n<\/ul>\n\n\n\n<ul class=\"wp-block-list\">\n<li>Trazer trechos da legisla\u00e7\u00e3o que podem cair na prova;\u00a0<\/li>\n<\/ul>\n\n\n\n<ul class=\"wp-block-list\">\n<li>Encerrar com considera\u00e7\u00f5es finais.\u00a0<\/li>\n<\/ul>\n\n\n\n<p>Nesse sentido,\u00a0tendo como refer\u00eancia\u00a0a\u00a0<a href=\"https:\/\/appasp.economia.go.gov.br\/legislacao\/arquivos\/CTE\/CTE.htm\" target=\"_blank\" rel=\"noreferrer noopener\">Lei estadual n\u00ba\u00a011.651\/1991,<\/a>\u00a0constante\u00a0no edital,\u00a0vamos\u00a0agora\u00a0estudar\u00a0um pouco mais sobre\u00a0sujei\u00e7\u00e3o passiva por substitui\u00e7\u00e3o tribut\u00e1ria\u00a0para SEFAZ\/GO.\u00a0<\/p>\n\n\n\n<p class=\"has-text-align-center\"><img loading=\"lazy\" decoding=\"async\" width=\"150\" height=\"229\" class=\"wp-image-1714331\" style=\"width: 150px;\" src=\"https:\/\/dhg1h5j42swfq.cloudfront.net\/2026\/02\/11100624\/tome_nota.jpg\" alt=\"\" srcset=\"https:\/\/dhg1h5j42swfq.cloudfront.net\/2026\/02\/11100624\/tome_nota.jpg 180w, https:\/\/dhg1h5j42swfq.cloudfront.net\/2026\/02\/11100624\/tome_nota-150x229.jpg 150w\" sizes=\"auto, (max-width: 150px) 100vw, 150px\" \/><\/p>\n\n\n\n<h2 class=\"wp-block-heading\" id=\"h-sujeicao-passiva-por-substituicao-tributaria-nbsp-para-sefaz-go-nbsp\"><strong>Sujei\u00e7\u00e3o passiva por substitui\u00e7\u00e3o tribut\u00e1ria&nbsp;para SEFAZ\/GO<\/strong>&nbsp;<\/h2>\n\n\n\n<p>Em regra, quem&nbsp;recolhe&nbsp;uma obriga\u00e7\u00e3o tribut\u00e1ria \u00e9 o&nbsp;<strong>contribuinte<\/strong>, que \u00e9 aquela pessoa ou entidade que, tendo liga\u00e7\u00e3o direta com o fato gerador do tributo, tem o dever de pag\u00e1-lo.&nbsp;<\/p>\n\n\n\n<p>Contudo, a legisla\u00e7\u00e3o pode, por raz\u00f5es diversas, estabelecer&nbsp;o instituto da&nbsp;<strong>substitui\u00e7\u00e3o tribut\u00e1ria,<\/strong>&nbsp;que se d\u00e1&nbsp;quando aquele contribuinte \u00e9 substitu\u00eddo por&nbsp;outra pessoa,&nbsp;passando&nbsp;esta \u00faltima&nbsp;a ter&nbsp;a obriga\u00e7\u00e3o de efetuar o recolhimento da taxa\u00e7\u00e3o aos cofres p\u00fablicos.&nbsp;<\/p>\n\n\n\n<p><mark style=\"background-color:#abb8c3\" class=\"has-inline-color\">Quando temos a efetiva\u00e7\u00e3o da substitui\u00e7\u00e3o tribut\u00e1ria, conforme a norma pertinente, essa\u00a0<strong>substitui\u00e7\u00e3o\u00a0<\/strong>pode gerar:\u00a0<\/mark><\/p>\n\n\n\n<ul class=\"wp-block-list\">\n<li><mark style=\"background-color:#abb8c3\" class=\"has-inline-color\"><strong>A\u00a0antecipa\u00e7\u00e3o\u00a0do recolhimento do tributo;<\/strong>\u00a0<\/mark><\/li>\n<\/ul>\n\n\n\n<ul class=\"wp-block-list\">\n<li><mark style=\"background-color:#abb8c3\" class=\"has-inline-color\"><strong>A concomit\u00e2ncia do momento do recolhimento do tributo; ou,<\/strong>\u00a0<\/mark><\/li>\n<\/ul>\n\n\n\n<ul class=\"wp-block-list\">\n<li><mark style=\"background-color:#abb8c3\" class=\"has-inline-color\"><strong>A posterga\u00e7\u00e3o do recolhimento do tributo;<\/strong>\u00a0<\/mark><\/li>\n<\/ul>\n\n\n\n<p>Nessa linha, atente-se sobre\u00a0cada uma dessas hip\u00f3teses\u00a0que citamos\u00a0acima, no que diz respeito \u00e0\u00a0<strong>sujei\u00e7\u00e3o\u00a0passiva por substitui\u00e7\u00e3o tribut\u00e1ria<\/strong>\u00a0para SEFAZ\/GO. Acompanhe com aten\u00e7\u00e3o a seguir&#8230;\u00a0<\/p>\n\n\n\n<p class=\"has-text-align-center\"><img loading=\"lazy\" decoding=\"async\" width=\"150\" height=\"71\" class=\"wp-image-1690448\" style=\"width: 150px;\" src=\"https:\/\/dhg1h5j42swfq.cloudfront.net\/2025\/12\/24182242\/despenca-na-prova.png\" alt=\"aten\u00e7\u00e3o\" srcset=\"https:\/\/dhg1h5j42swfq.cloudfront.net\/2025\/12\/24182242\/despenca-na-prova.png 382w, https:\/\/dhg1h5j42swfq.cloudfront.net\/2025\/12\/24182242\/despenca-na-prova-300x141.png 300w, https:\/\/dhg1h5j42swfq.cloudfront.net\/2025\/12\/24182242\/despenca-na-prova-150x71.png 150w\" sizes=\"auto, (max-width: 150px) 100vw, 150px\" \/><\/p>\n\n\n\n<p>Ocorre a\u00a0<mark style=\"background-color:rgba(0, 0, 0, 0);color:#00d084\" class=\"has-inline-color\"><strong>antecipa\u00e7\u00e3o\u00a0do recolhimento do tributo\u00a0quando<\/strong>,\u00a0<\/mark>na substitui\u00e7\u00e3o tribut\u00e1ria,\u00a0o substituto\u00a0\u00e9 obrigado a pagar\u00a0o tributo em momento anterior ao que pagaria o\u00a0substitu\u00eddo, caso n\u00e3o\u00a0ocorresse\u00a0a substitui\u00e7\u00e3o tribut\u00e1ria\u00a0naquele caso.\u00a0<\/p>\n\n\n\n<p>J\u00e1 a<strong>\u00a0<mark style=\"background-color:rgba(0, 0, 0, 0);color:#f78da7\" class=\"has-inline-color\">concomit\u00e2ncia do momento do recolhimento\u00a0<\/mark><\/strong>\u00e9 vista quando n\u00e3o h\u00e1 qualquer altera\u00e7\u00e3o, em rela\u00e7\u00e3o ao pagamento do tributo\u00a0pelo substituto,\u00a0quando comparado ao\u00a0momento em que\u00a0teria sido pago o mesmo tributo pelo substitu\u00eddo se n\u00e3o houvesse a substitui\u00e7\u00e3o tribut\u00e1ria.\u00a0<\/p>\n\n\n\n<p>Por outro lado, em rela\u00e7\u00e3o \u00e0\u00a0<mark style=\"background-color:rgba(0, 0, 0, 0);color:#9b51e0\" class=\"has-inline-color\"><strong>posterga\u00e7\u00e3o do recolhimento do tributo<\/strong>, <\/mark>essa \u00e9 percebida quando o recolhimento do tributo, pelo\u00a0substituto, ocorre em momento\u00a0posterior ao que teria acontecido pelo substitu\u00eddo\u00a0se este n\u00e3o tivesse\u00a0sido, como o pr\u00f3prio termo exprime,\u00a0substitu\u00eddo\u00a0por outra pessoa.\u00a0<\/p>\n\n\n\n<p>Em que pese a palavra substitui\u00e7\u00e3o e derivadas desta terem\u00a0sido bastante\u00a0utilizadas\u00a0nestes \u00faltimos 3\u00a0par\u00e1grafos, \u00e9 imprescind\u00edvel que voc\u00ea\u00a0os releia\u00a0novamente, quantas vezes for necess\u00e1rio,\u00a0para que possa compreender bem tudo que\u00a0acabamos\u00a0de explicar.\u00a0<\/p>\n\n\n\n<p><strong>Substitui\u00e7\u00e3o tribut\u00e1ria despenca em concursos da \u00e1rea fiscal!<\/strong>\u00a0E n\u00e3o tem jeito, para entender substitui\u00e7\u00e3o tribut\u00e1ria, \u00e9\u00a0preciso ler e reler essa express\u00e3o v\u00e1rias vezes, pois \u00e9 assim que lei traz, e \u00e9 assim\u00a0que\u00a0devemos interpret\u00e1-la para, afinal de contas, acertar as quest\u00f5es na prova.\u00a0<\/p>\n\n\n\n<p>Com isso, vamos analisar o que consta na lei 11651\/1991 sobre&nbsp;sujei\u00e7\u00e3o passiva por substitui\u00e7\u00e3o tribut\u00e1ria para SEFAZ\/GO:&nbsp;<\/p>\n\n\n\n<p>Art. 49. A&nbsp;<strong>sujei\u00e7\u00e3o passiva por substitui\u00e7\u00e3o<\/strong>&nbsp;tribut\u00e1ria&nbsp;para SEFAZ\/GO&nbsp;atender\u00e1 ao seguinte:&nbsp;&nbsp;<\/p>\n\n\n\n<p>I &#8211;&nbsp;fica&nbsp;assegurada, nos termos do disposto em&nbsp;<strong>regulamento:<\/strong>&nbsp;<\/p>\n\n\n\n<p>a) a&nbsp;<strong>complementa\u00e7\u00e3o ou a restitui\u00e7\u00e3o<\/strong>&nbsp;do valor do imposto pago a menor ou a maior por for\u00e7a da substitui\u00e7\u00e3o tribut\u00e1ria, caso ocorram eventuais diferen\u00e7as entre a base de c\u00e1lculo presumida e a base de c\u00e1lculo da opera\u00e7\u00e3o efetivamente realizada;&nbsp;<\/p>\n\n\n\n<p>b) a restitui\u00e7\u00e3o do valor do imposto pago por for\u00e7a da substitui\u00e7\u00e3o tribut\u00e1ria,&nbsp;<strong>caso n\u00e3o se efetive a opera\u00e7\u00e3o posterior;<\/strong>&nbsp;<\/p>\n\n\n\n<p>II &#8211;&nbsp;formulado&nbsp;o pedido de restitui\u00e7\u00e3o e n\u00e3o havendo delibera\u00e7\u00e3o no prazo de noventa dias, o&nbsp;<strong>contribuinte substitu\u00eddo poder\u00e1 se creditar<\/strong>, em sua escrita fiscal, do valor objeto do pedido, devidamente atualizado segundo os mesmos crit\u00e9rios aplic\u00e1veis ao tributo;&nbsp;&nbsp;<\/p>\n\n\n\n<p>III &#8211; na hip\u00f3tese do inciso anterior, sobrevindo<strong>&nbsp;decis\u00e3o contr\u00e1ria irrecorr\u00edvel<\/strong>, o contribuinte substitu\u00eddo, no prazo de quinze dias da respectiva notifica\u00e7\u00e3o, proceder\u00e1 ao estorno dos cr\u00e9ditos lan\u00e7ados, tamb\u00e9m devidamente atualizados, com o pagamento dos acr\u00e9scimos legais cab\u00edveis;&nbsp;&nbsp;<\/p>\n\n\n\n<p><mark style=\"background-color:color-mix(in srgb, currentColor 20%, transparent)\" class=\"has-inline-color\">IV &#8211;\u00a0no\u00a0interesse da Administra\u00e7\u00e3o Fazend\u00e1ria, fica o Chefe do Poder Executivo autorizado a estabelecer que, em rela\u00e7\u00e3o a quaisquer mercadorias relacionadas nos Anexos V e VI, n\u00e3o se aplique,\u00a0<strong>ainda que temporariamente ou sob determinadas condi\u00e7\u00f5es,\u00a0<\/strong>o regime de substitui\u00e7\u00e3o tribut\u00e1ria;\u00a0<\/mark><\/p>\n\n\n\n<p>V &#8211;&nbsp;caso&nbsp;o substituto tribut\u00e1rio ou o contribuinte&nbsp;<strong>n\u00e3o estejam localizados neste Estado,<\/strong>&nbsp;a substitui\u00e7\u00e3o depender\u00e1 de Conv\u00eanio a ser firmado com o Estado da localiza\u00e7\u00e3o do sujeito passivo, exceto na hip\u00f3tese prevista no art. 51-A;&nbsp;&nbsp;<\/p>\n\n\n\n<p>Por fim, para encerrarmos nosso texto sobre sujei\u00e7\u00e3o passiva por substitui\u00e7\u00e3o tribut\u00e1ria, leve ainda para sua prova que, por meio de&nbsp;regulamento,&nbsp;podem&nbsp;ser&nbsp;lan\u00e7adas&nbsp;disposi\u00e7\u00f5es&nbsp;para que, sob determinadas condi\u00e7\u00f5es, a complementa\u00e7\u00e3o ou a&nbsp;restitui\u00e7\u00e3o referidas&nbsp;no inciso I&nbsp;do artigo da lei que acabamos de estudar&nbsp;sejam efetivadas sob a forma&nbsp;de ressarcimento ou de d\u00e9bito complementar,&nbsp;<strong>sem o pr\u00e9vio exame&nbsp;<\/strong>da autoridade administrativa.&nbsp;<\/p>\n\n\n\n<p>Passamos, portanto, pelo&nbsp;tema&nbsp;sujei\u00e7\u00e3o passiva por substitui\u00e7\u00e3o tribut\u00e1ria&nbsp;para SEFAZ\/GO, assunto&nbsp;fundamental&nbsp;para o concurso de auditor fiscal deste Estado.&nbsp;<\/p>\n\n\n\n<h2 class=\"wp-block-heading\" id=\"h-consideracoes-finais-nbsp\"><strong>Considera\u00e7\u00f5es Finais<\/strong>&nbsp;<\/h2>\n\n\n\n<p>Chegamos ao final do nosso&nbsp;breve&nbsp;artigo&nbsp;sobre&nbsp;sujei\u00e7\u00e3o passiva por substitui\u00e7\u00e3o tribut\u00e1ria&nbsp;para SEFAZ\/GO,&nbsp;e esperamos que seja muito \u00fatil para a sua prepara\u00e7\u00e3o&nbsp;e aprova\u00e7\u00e3o.&nbsp;<\/p>\n\n\n\n<p>Temos neste concurso, bastante aguardado por muitos, uma grande oportunidade para ingressar no servi\u00e7o p\u00fablico, ocupando um cargo de destaque e que apresenta excelente remunera\u00e7\u00e3o, al\u00e9m de diversos outros pontos positivos! Vale a pena o esfor\u00e7o para alcan\u00e7ar essa conquista! Por isso, siga firme com os estudos e conte conosco em sua jornada!&nbsp;V\u00e1 adiante!!&nbsp;<\/p>\n\n\n\n<p><em>Lembre-se que \u00e9 essencial a&nbsp;<\/em><a href=\"https:\/\/www.estrategiaconcursos.com.br\/\" target=\"_blank\" rel=\"noreferrer noopener\"><em>leitura dos PDF\u2019s e a revis\u00e3o frequente dos conte\u00fados, para que assim os seus estudos fiquem cada vez mais avan\u00e7ados.<\/em><\/a><em>&nbsp;<\/em>&nbsp;&nbsp;<\/p>\n\n\n\n<p>Um grande abra\u00e7o e at\u00e9 mais!&nbsp;<\/p>\n\n\n\n<p class=\"has-text-align-center\"><strong>Quer saber quais ser\u00e3o os pr\u00f3ximos concursos?<\/strong>&nbsp;<\/p>\n\n\n\n<p class=\"has-text-align-center\"><strong>Confira nossos artigos!<\/strong>&nbsp;<\/p>\n\n\n\n<p class=\"has-text-align-center has-luminous-vivid-amber-background-color has-background\"><a href=\"https:\/\/www.estrategiaconcursos.com.br\/blog\/concursos-abertos\/\" target=\"_blank\" rel=\"noreferrer noopener\">Concursos abertos<\/a>&nbsp;<\/p>\n\n\n\n<p class=\"has-text-align-center has-luminous-vivid-amber-background-color has-background\"><a href=\"https:\/\/www.estrategiaconcursos.com.br\/blog\/concursos-2026\/\" target=\"_blank\" rel=\"noreferrer noopener\">Concursos 2026<\/a>&nbsp;<\/p>\n","protected":false},"excerpt":{"rendered":"<p>Oi,\u00a0galera!!\u00a0Neste\u00a0artigo\u00a0do Estrat\u00e9gia Concursos\u00a0buscamos\u00a0analisar\u00a0um assunto muito importante\u00a0para\u00a0a prova de\u00a0Auditor Fiscal de\u00a0Goi\u00e1s:\u00a0sujei\u00e7\u00e3o passiva por substitui\u00e7\u00e3o tribut\u00e1ria\u00a0para SEFAZ\/GO\u00a0de\u00a0acordo com\u00a0a legisla\u00e7\u00e3o\u00a0nacional e\u00a0estadual.\u00a0 Basicamente,&nbsp;iremos&nbsp;passar&nbsp;pelos seguintes t\u00f3picos:&nbsp; Nesse sentido,\u00a0tendo como refer\u00eancia\u00a0a\u00a0Lei estadual n\u00ba\u00a011.651\/1991,\u00a0constante\u00a0no edital,\u00a0vamos\u00a0agora\u00a0estudar\u00a0um pouco mais sobre\u00a0sujei\u00e7\u00e3o passiva por substitui\u00e7\u00e3o tribut\u00e1ria\u00a0para SEFAZ\/GO.\u00a0 Sujei\u00e7\u00e3o passiva por substitui\u00e7\u00e3o tribut\u00e1ria&nbsp;para SEFAZ\/GO&nbsp; Em regra, quem&nbsp;recolhe&nbsp;uma obriga\u00e7\u00e3o tribut\u00e1ria \u00e9 o&nbsp;contribuinte, que \u00e9 aquela pessoa ou entidade [&hellip;]<\/p>\n","protected":false},"author":2887,"featured_media":1718639,"comment_status":"open","ping_status":"closed","sticky":false,"template":"","format":"standard","meta":{"post_tipo":"article","footnotes":""},"categories":[1,1983],"tags":[],"tax_estado":[219963,219972],"class_list":["post-1718638","post","type-post","status-publish","format-standard","has-post-thumbnail","hentry","category-cursos-e-concursos","category-fiscal-estadual","tax_estado-concursos-federais","tax_estado-go"],"acf":[],"yoast_head":"<!-- This site is optimized with the Yoast SEO Premium plugin v27.2 (Yoast SEO v27.2) - https:\/\/yoast.com\/product\/yoast-seo-premium-wordpress\/ -->\n<title>Sujei\u00e7\u00e3o passiva por substitui\u00e7\u00e3o tribut\u00e1ria\u00a0para SEFAZ\/GO<\/title>\n<meta name=\"description\" content=\"Hoje veremos um assunto muito importante para a prova de Auditor Fiscal de Goi\u00e1s: sujei\u00e7\u00e3o passiva por substitui\u00e7\u00e3o tribut\u00e1ria para SEFAZ\/GO.\" \/>\n<meta name=\"robots\" content=\"index, follow, max-snippet:-1, max-image-preview:large, max-video-preview:-1\" \/>\n<link rel=\"canonical\" href=\"https:\/\/www.estrategiaconcursos.com.br\/blog\/passiva-substituicao-tributaria-sefaz-go\/\" \/>\n<meta property=\"og:locale\" content=\"pt_BR\" \/>\n<meta property=\"og:type\" content=\"article\" \/>\n<meta property=\"og:title\" content=\"Sujei\u00e7\u00e3o passiva por substitui\u00e7\u00e3o tribut\u00e1ria\u00a0para SEFAZ\/GO\" \/>\n<meta property=\"og:description\" content=\"Hoje veremos um assunto muito importante para a prova de Auditor Fiscal de Goi\u00e1s: sujei\u00e7\u00e3o passiva por substitui\u00e7\u00e3o tribut\u00e1ria para SEFAZ\/GO.\" \/>\n<meta property=\"og:url\" content=\"https:\/\/www.estrategiaconcursos.com.br\/blog\/passiva-substituicao-tributaria-sefaz-go\/\" \/>\n<meta property=\"og:site_name\" content=\"Estrat\u00e9gia Concursos\" \/>\n<meta property=\"article:published_time\" content=\"2026-03-15T11:10:00+00:00\" \/>\n<meta property=\"og:image\" content=\"https:\/\/dhg1h5j42swfq.cloudfront.net\/2026\/02\/20152628\/image-109.png\" \/>\n\t<meta property=\"og:image:width\" content=\"900\" \/>\n\t<meta property=\"og:image:height\" content=\"507\" \/>\n\t<meta property=\"og:image:type\" content=\"image\/png\" \/>\n<meta name=\"author\" content=\"F\u00e1bio Prado dos Santos Santana\" \/>\n<meta name=\"twitter:card\" content=\"summary_large_image\" \/>\n<meta name=\"twitter:creator\" content=\"@EstratConcursos\" \/>\n<meta name=\"twitter:site\" content=\"@EstratConcursos\" \/>\n<meta name=\"twitter:label1\" content=\"Escrito por\" \/>\n\t<meta name=\"twitter:data1\" content=\"F\u00e1bio Prado dos Santos Santana\" \/>\n\t<meta name=\"twitter:label2\" content=\"Est. tempo de leitura\" \/>\n\t<meta name=\"twitter:data2\" content=\"6 minutos\" \/>\n<script type=\"application\/ld+json\" class=\"yoast-schema-graph\">{\"@context\":\"https:\/\/schema.org\",\"@graph\":[{\"@type\":\"NewsArticle\",\"@id\":\"https:\/\/www.estrategiaconcursos.com.br\/blog\/passiva-substituicao-tributaria-sefaz-go\/#article\",\"isPartOf\":{\"@id\":\"https:\/\/www.estrategiaconcursos.com.br\/blog\/passiva-substituicao-tributaria-sefaz-go\/\"},\"author\":{\"name\":\"F\u00e1bio Prado dos Santos Santana\",\"@id\":\"https:\/\/www.estrategiaconcursos.com.br\/blog\/#\/schema\/person\/b1af3515254fed0a6861d754def3f005\"},\"headline\":\"Sujei\u00e7\u00e3o passiva por substitui\u00e7\u00e3o tribut\u00e1ria\u00a0para SEFAZ\/GO\",\"datePublished\":\"2026-03-15T11:10:00+00:00\",\"mainEntityOfPage\":{\"@id\":\"https:\/\/www.estrategiaconcursos.com.br\/blog\/passiva-substituicao-tributaria-sefaz-go\/\"},\"wordCount\":1188,\"commentCount\":0,\"publisher\":{\"@id\":\"https:\/\/www.estrategiaconcursos.com.br\/blog\/#organization\"},\"image\":{\"@id\":\"https:\/\/www.estrategiaconcursos.com.br\/blog\/passiva-substituicao-tributaria-sefaz-go\/#primaryimage\"},\"thumbnailUrl\":\"https:\/\/dhg1h5j42swfq.cloudfront.net\/2026\/02\/20152628\/image-109.png\",\"articleSection\":[\"Concursos P\u00fablicos\",\"Fiscal - Estadual (ICMS)\"],\"inLanguage\":\"pt-BR\",\"potentialAction\":[{\"@type\":\"CommentAction\",\"name\":\"Comment\",\"target\":[\"https:\/\/www.estrategiaconcursos.com.br\/blog\/passiva-substituicao-tributaria-sefaz-go\/#respond\"]}],\"copyrightYear\":\"2026\",\"copyrightHolder\":{\"@id\":\"https:\/\/www.estrategiaconcursos.com.br\/blog\/#organization\"}},{\"@type\":\"WebPage\",\"@id\":\"https:\/\/www.estrategiaconcursos.com.br\/blog\/passiva-substituicao-tributaria-sefaz-go\/\",\"url\":\"https:\/\/www.estrategiaconcursos.com.br\/blog\/passiva-substituicao-tributaria-sefaz-go\/\",\"name\":\"Sujei\u00e7\u00e3o passiva por substitui\u00e7\u00e3o tribut\u00e1ria\u00a0para SEFAZ\/GO\",\"isPartOf\":{\"@id\":\"https:\/\/www.estrategiaconcursos.com.br\/blog\/#website\"},\"primaryImageOfPage\":{\"@id\":\"https:\/\/www.estrategiaconcursos.com.br\/blog\/passiva-substituicao-tributaria-sefaz-go\/#primaryimage\"},\"image\":{\"@id\":\"https:\/\/www.estrategiaconcursos.com.br\/blog\/passiva-substituicao-tributaria-sefaz-go\/#primaryimage\"},\"thumbnailUrl\":\"https:\/\/dhg1h5j42swfq.cloudfront.net\/2026\/02\/20152628\/image-109.png\",\"datePublished\":\"2026-03-15T11:10:00+00:00\",\"description\":\"Hoje veremos um assunto muito importante para a prova de Auditor Fiscal de Goi\u00e1s: sujei\u00e7\u00e3o passiva por substitui\u00e7\u00e3o tribut\u00e1ria para SEFAZ\/GO.\",\"breadcrumb\":{\"@id\":\"https:\/\/www.estrategiaconcursos.com.br\/blog\/passiva-substituicao-tributaria-sefaz-go\/#breadcrumb\"},\"inLanguage\":\"pt-BR\",\"potentialAction\":[{\"@type\":\"ReadAction\",\"target\":[\"https:\/\/www.estrategiaconcursos.com.br\/blog\/passiva-substituicao-tributaria-sefaz-go\/\"]}]},{\"@type\":\"ImageObject\",\"inLanguage\":\"pt-BR\",\"@id\":\"https:\/\/www.estrategiaconcursos.com.br\/blog\/passiva-substituicao-tributaria-sefaz-go\/#primaryimage\",\"url\":\"https:\/\/dhg1h5j42swfq.cloudfront.net\/2026\/02\/20152628\/image-109.png\",\"contentUrl\":\"https:\/\/dhg1h5j42swfq.cloudfront.net\/2026\/02\/20152628\/image-109.png\",\"width\":900,\"height\":507,\"caption\":\"Sujei\u00e7\u00e3o passiva por substitui\u00e7\u00e3o tribut\u00e1ria\u00a0para SEFAZ\/GO\"},{\"@type\":\"BreadcrumbList\",\"@id\":\"https:\/\/www.estrategiaconcursos.com.br\/blog\/passiva-substituicao-tributaria-sefaz-go\/#breadcrumb\",\"itemListElement\":[{\"@type\":\"ListItem\",\"position\":1,\"name\":\"In\u00edcio\",\"item\":\"https:\/\/www.estrategiaconcursos.com.br\/blog\/\"},{\"@type\":\"ListItem\",\"position\":2,\"name\":\"Sujei\u00e7\u00e3o passiva por substitui\u00e7\u00e3o tribut\u00e1ria\u00a0para SEFAZ\/GO\"}]},{\"@type\":\"WebSite\",\"@id\":\"https:\/\/www.estrategiaconcursos.com.br\/blog\/#website\",\"url\":\"https:\/\/www.estrategiaconcursos.com.br\/blog\/\",\"name\":\"Estrat\u00e9gia Concursos\",\"description\":\"O blog da Estrat\u00e9gia Concursos traz not\u00edcias sobre concursos e artigos de professores oferecendo cursos para concursos (pdf + videaulas) no site.\",\"publisher\":{\"@id\":\"https:\/\/www.estrategiaconcursos.com.br\/blog\/#organization\"},\"potentialAction\":[{\"@type\":\"SearchAction\",\"target\":{\"@type\":\"EntryPoint\",\"urlTemplate\":\"https:\/\/www.estrategiaconcursos.com.br\/blog\/?s={search_term_string}\"},\"query-input\":{\"@type\":\"PropertyValueSpecification\",\"valueRequired\":true,\"valueName\":\"search_term_string\"}}],\"inLanguage\":\"pt-BR\"},{\"@type\":\"Organization\",\"@id\":\"https:\/\/www.estrategiaconcursos.com.br\/blog\/#organization\",\"name\":\"Estrat\u00e9gia Concursos\",\"url\":\"https:\/\/www.estrategiaconcursos.com.br\/blog\/\",\"logo\":{\"@type\":\"ImageObject\",\"inLanguage\":\"pt-BR\",\"@id\":\"https:\/\/www.estrategiaconcursos.com.br\/blog\/#\/schema\/logo\/image\/\",\"url\":\"https:\/\/dhg1h5j42swfq.cloudfront.net\/2025\/06\/03203428\/logo_concursos-1.jpg\",\"contentUrl\":\"https:\/\/dhg1h5j42swfq.cloudfront.net\/2025\/06\/03203428\/logo_concursos-1.jpg\",\"width\":230,\"height\":60,\"caption\":\"Estrat\u00e9gia Concursos\"},\"image\":{\"@id\":\"https:\/\/www.estrategiaconcursos.com.br\/blog\/#\/schema\/logo\/image\/\"},\"sameAs\":[\"https:\/\/x.com\/EstratConcursos\"]},{\"@type\":\"Person\",\"@id\":\"https:\/\/www.estrategiaconcursos.com.br\/blog\/#\/schema\/person\/b1af3515254fed0a6861d754def3f005\",\"name\":\"F\u00e1bio Prado dos Santos Santana\",\"image\":{\"@type\":\"ImageObject\",\"inLanguage\":\"pt-BR\",\"@id\":\"https:\/\/secure.gravatar.com\/avatar\/0e3399436850f804c1d7731313952ccf303887c14b1711595235048e3ec0299b?s=96&d=mm&r=g\",\"url\":\"https:\/\/secure.gravatar.com\/avatar\/0e3399436850f804c1d7731313952ccf303887c14b1711595235048e3ec0299b?s=96&d=mm&r=g\",\"contentUrl\":\"https:\/\/secure.gravatar.com\/avatar\/0e3399436850f804c1d7731313952ccf303887c14b1711595235048e3ec0299b?s=96&d=mm&r=g\",\"caption\":\"F\u00e1bio Prado dos Santos Santana\"},\"description\":\"Principais Aprova\u00e7\u00f5es em Concursos: Auditor Fiscal Tribut\u00e1rio Municipal - ISS S\u00e3o Paulo (2024); Auditor Fiscal - Receita Federal do Brasil (2023); Professor Efetivo - Universidade Federal de Sergipe (2014).\",\"url\":\"https:\/\/www.estrategiaconcursos.com.br\/blog\/author\/fabioprado-ufsgmail-com\/\"}]}<\/script>\n<!-- \/ Yoast SEO Premium plugin. -->","yoast_head_json":{"title":"Sujei\u00e7\u00e3o passiva por substitui\u00e7\u00e3o tribut\u00e1ria\u00a0para SEFAZ\/GO","description":"Hoje veremos um assunto muito importante para a prova de Auditor Fiscal de Goi\u00e1s: sujei\u00e7\u00e3o passiva por substitui\u00e7\u00e3o tribut\u00e1ria para SEFAZ\/GO.","robots":{"index":"index","follow":"follow","max-snippet":"max-snippet:-1","max-image-preview":"max-image-preview:large","max-video-preview":"max-video-preview:-1"},"canonical":"https:\/\/www.estrategiaconcursos.com.br\/blog\/passiva-substituicao-tributaria-sefaz-go\/","og_locale":"pt_BR","og_type":"article","og_title":"Sujei\u00e7\u00e3o passiva por substitui\u00e7\u00e3o tribut\u00e1ria\u00a0para SEFAZ\/GO","og_description":"Hoje veremos um assunto muito importante para a prova de Auditor Fiscal de Goi\u00e1s: sujei\u00e7\u00e3o passiva por substitui\u00e7\u00e3o tribut\u00e1ria para SEFAZ\/GO.","og_url":"https:\/\/www.estrategiaconcursos.com.br\/blog\/passiva-substituicao-tributaria-sefaz-go\/","og_site_name":"Estrat\u00e9gia Concursos","article_published_time":"2026-03-15T11:10:00+00:00","og_image":[{"width":900,"height":507,"url":"https:\/\/dhg1h5j42swfq.cloudfront.net\/2026\/02\/20152628\/image-109.png","type":"image\/png"}],"author":"F\u00e1bio Prado dos Santos Santana","twitter_card":"summary_large_image","twitter_creator":"@EstratConcursos","twitter_site":"@EstratConcursos","twitter_misc":{"Escrito por":"F\u00e1bio Prado dos Santos Santana","Est. tempo de leitura":"6 minutos"},"schema":{"@context":"https:\/\/schema.org","@graph":[{"@type":"NewsArticle","@id":"https:\/\/www.estrategiaconcursos.com.br\/blog\/passiva-substituicao-tributaria-sefaz-go\/#article","isPartOf":{"@id":"https:\/\/www.estrategiaconcursos.com.br\/blog\/passiva-substituicao-tributaria-sefaz-go\/"},"author":{"name":"F\u00e1bio Prado dos Santos Santana","@id":"https:\/\/www.estrategiaconcursos.com.br\/blog\/#\/schema\/person\/b1af3515254fed0a6861d754def3f005"},"headline":"Sujei\u00e7\u00e3o passiva por substitui\u00e7\u00e3o tribut\u00e1ria\u00a0para SEFAZ\/GO","datePublished":"2026-03-15T11:10:00+00:00","mainEntityOfPage":{"@id":"https:\/\/www.estrategiaconcursos.com.br\/blog\/passiva-substituicao-tributaria-sefaz-go\/"},"wordCount":1188,"commentCount":0,"publisher":{"@id":"https:\/\/www.estrategiaconcursos.com.br\/blog\/#organization"},"image":{"@id":"https:\/\/www.estrategiaconcursos.com.br\/blog\/passiva-substituicao-tributaria-sefaz-go\/#primaryimage"},"thumbnailUrl":"https:\/\/dhg1h5j42swfq.cloudfront.net\/2026\/02\/20152628\/image-109.png","articleSection":["Concursos P\u00fablicos","Fiscal - Estadual (ICMS)"],"inLanguage":"pt-BR","potentialAction":[{"@type":"CommentAction","name":"Comment","target":["https:\/\/www.estrategiaconcursos.com.br\/blog\/passiva-substituicao-tributaria-sefaz-go\/#respond"]}],"copyrightYear":"2026","copyrightHolder":{"@id":"https:\/\/www.estrategiaconcursos.com.br\/blog\/#organization"}},{"@type":"WebPage","@id":"https:\/\/www.estrategiaconcursos.com.br\/blog\/passiva-substituicao-tributaria-sefaz-go\/","url":"https:\/\/www.estrategiaconcursos.com.br\/blog\/passiva-substituicao-tributaria-sefaz-go\/","name":"Sujei\u00e7\u00e3o passiva por substitui\u00e7\u00e3o tribut\u00e1ria\u00a0para SEFAZ\/GO","isPartOf":{"@id":"https:\/\/www.estrategiaconcursos.com.br\/blog\/#website"},"primaryImageOfPage":{"@id":"https:\/\/www.estrategiaconcursos.com.br\/blog\/passiva-substituicao-tributaria-sefaz-go\/#primaryimage"},"image":{"@id":"https:\/\/www.estrategiaconcursos.com.br\/blog\/passiva-substituicao-tributaria-sefaz-go\/#primaryimage"},"thumbnailUrl":"https:\/\/dhg1h5j42swfq.cloudfront.net\/2026\/02\/20152628\/image-109.png","datePublished":"2026-03-15T11:10:00+00:00","description":"Hoje veremos um assunto muito importante para a prova de Auditor Fiscal de Goi\u00e1s: sujei\u00e7\u00e3o passiva por substitui\u00e7\u00e3o tribut\u00e1ria para SEFAZ\/GO.","breadcrumb":{"@id":"https:\/\/www.estrategiaconcursos.com.br\/blog\/passiva-substituicao-tributaria-sefaz-go\/#breadcrumb"},"inLanguage":"pt-BR","potentialAction":[{"@type":"ReadAction","target":["https:\/\/www.estrategiaconcursos.com.br\/blog\/passiva-substituicao-tributaria-sefaz-go\/"]}]},{"@type":"ImageObject","inLanguage":"pt-BR","@id":"https:\/\/www.estrategiaconcursos.com.br\/blog\/passiva-substituicao-tributaria-sefaz-go\/#primaryimage","url":"https:\/\/dhg1h5j42swfq.cloudfront.net\/2026\/02\/20152628\/image-109.png","contentUrl":"https:\/\/dhg1h5j42swfq.cloudfront.net\/2026\/02\/20152628\/image-109.png","width":900,"height":507,"caption":"Sujei\u00e7\u00e3o passiva por substitui\u00e7\u00e3o tribut\u00e1ria\u00a0para SEFAZ\/GO"},{"@type":"BreadcrumbList","@id":"https:\/\/www.estrategiaconcursos.com.br\/blog\/passiva-substituicao-tributaria-sefaz-go\/#breadcrumb","itemListElement":[{"@type":"ListItem","position":1,"name":"In\u00edcio","item":"https:\/\/www.estrategiaconcursos.com.br\/blog\/"},{"@type":"ListItem","position":2,"name":"Sujei\u00e7\u00e3o passiva por substitui\u00e7\u00e3o tribut\u00e1ria\u00a0para SEFAZ\/GO"}]},{"@type":"WebSite","@id":"https:\/\/www.estrategiaconcursos.com.br\/blog\/#website","url":"https:\/\/www.estrategiaconcursos.com.br\/blog\/","name":"Estrat\u00e9gia Concursos","description":"O blog da Estrat\u00e9gia Concursos traz not\u00edcias sobre concursos e artigos de professores oferecendo cursos para concursos (pdf + videaulas) no site.","publisher":{"@id":"https:\/\/www.estrategiaconcursos.com.br\/blog\/#organization"},"potentialAction":[{"@type":"SearchAction","target":{"@type":"EntryPoint","urlTemplate":"https:\/\/www.estrategiaconcursos.com.br\/blog\/?s={search_term_string}"},"query-input":{"@type":"PropertyValueSpecification","valueRequired":true,"valueName":"search_term_string"}}],"inLanguage":"pt-BR"},{"@type":"Organization","@id":"https:\/\/www.estrategiaconcursos.com.br\/blog\/#organization","name":"Estrat\u00e9gia Concursos","url":"https:\/\/www.estrategiaconcursos.com.br\/blog\/","logo":{"@type":"ImageObject","inLanguage":"pt-BR","@id":"https:\/\/www.estrategiaconcursos.com.br\/blog\/#\/schema\/logo\/image\/","url":"https:\/\/dhg1h5j42swfq.cloudfront.net\/2025\/06\/03203428\/logo_concursos-1.jpg","contentUrl":"https:\/\/dhg1h5j42swfq.cloudfront.net\/2025\/06\/03203428\/logo_concursos-1.jpg","width":230,"height":60,"caption":"Estrat\u00e9gia Concursos"},"image":{"@id":"https:\/\/www.estrategiaconcursos.com.br\/blog\/#\/schema\/logo\/image\/"},"sameAs":["https:\/\/x.com\/EstratConcursos"]},{"@type":"Person","@id":"https:\/\/www.estrategiaconcursos.com.br\/blog\/#\/schema\/person\/b1af3515254fed0a6861d754def3f005","name":"F\u00e1bio Prado dos Santos Santana","image":{"@type":"ImageObject","inLanguage":"pt-BR","@id":"https:\/\/secure.gravatar.com\/avatar\/0e3399436850f804c1d7731313952ccf303887c14b1711595235048e3ec0299b?s=96&d=mm&r=g","url":"https:\/\/secure.gravatar.com\/avatar\/0e3399436850f804c1d7731313952ccf303887c14b1711595235048e3ec0299b?s=96&d=mm&r=g","contentUrl":"https:\/\/secure.gravatar.com\/avatar\/0e3399436850f804c1d7731313952ccf303887c14b1711595235048e3ec0299b?s=96&d=mm&r=g","caption":"F\u00e1bio Prado dos Santos Santana"},"description":"Principais Aprova\u00e7\u00f5es em Concursos: Auditor Fiscal Tribut\u00e1rio Municipal - ISS S\u00e3o Paulo (2024); Auditor Fiscal - Receita Federal do Brasil (2023); Professor Efetivo - Universidade Federal de Sergipe (2014).","url":"https:\/\/www.estrategiaconcursos.com.br\/blog\/author\/fabioprado-ufsgmail-com\/"}]}},"_links":{"self":[{"href":"https:\/\/www.estrategiaconcursos.com.br\/blog\/wp-json\/wp\/v2\/posts\/1718638","targetHints":{"allow":["GET"]}}],"collection":[{"href":"https:\/\/www.estrategiaconcursos.com.br\/blog\/wp-json\/wp\/v2\/posts"}],"about":[{"href":"https:\/\/www.estrategiaconcursos.com.br\/blog\/wp-json\/wp\/v2\/types\/post"}],"author":[{"embeddable":true,"href":"https:\/\/www.estrategiaconcursos.com.br\/blog\/wp-json\/wp\/v2\/users\/2887"}],"replies":[{"embeddable":true,"href":"https:\/\/www.estrategiaconcursos.com.br\/blog\/wp-json\/wp\/v2\/comments?post=1718638"}],"version-history":[{"count":1,"href":"https:\/\/www.estrategiaconcursos.com.br\/blog\/wp-json\/wp\/v2\/posts\/1718638\/revisions"}],"predecessor-version":[{"id":1718645,"href":"https:\/\/www.estrategiaconcursos.com.br\/blog\/wp-json\/wp\/v2\/posts\/1718638\/revisions\/1718645"}],"wp:featuredmedia":[{"embeddable":true,"href":"https:\/\/www.estrategiaconcursos.com.br\/blog\/wp-json\/wp\/v2\/media\/1718639"}],"wp:attachment":[{"href":"https:\/\/www.estrategiaconcursos.com.br\/blog\/wp-json\/wp\/v2\/media?parent=1718638"}],"wp:term":[{"taxonomy":"category","embeddable":true,"href":"https:\/\/www.estrategiaconcursos.com.br\/blog\/wp-json\/wp\/v2\/categories?post=1718638"},{"taxonomy":"post_tag","embeddable":true,"href":"https:\/\/www.estrategiaconcursos.com.br\/blog\/wp-json\/wp\/v2\/tags?post=1718638"},{"taxonomy":"tax_estado","embeddable":true,"href":"https:\/\/www.estrategiaconcursos.com.br\/blog\/wp-json\/wp\/v2\/tax_estado?post=1718638"}],"curies":[{"name":"wp","href":"https:\/\/api.w.org\/{rel}","templated":true}]}}