{"id":1717047,"date":"2025-05-22T11:03:00","date_gmt":"2025-05-22T14:03:00","guid":{"rendered":"https:\/\/www.estrategiaconcursos.com.br\/blog\/?p=1717047"},"modified":"2026-02-18T11:31:44","modified_gmt":"2026-02-18T14:31:44","slug":"concurso-prefeitura-moncao","status":"publish","type":"post","link":"https:\/\/www.estrategiaconcursos.com.br\/blog\/concurso-prefeitura-moncao\/","title":{"rendered":"Concurso Mon\u00e7\u00e3o MA \u00e9 previsto ap\u00f3s anos sem edital!"},"content":{"rendered":"\n<p>A <strong>Prefeitura de Mon\u00e7\u00e3o<\/strong>, no Maranh\u00e3o, se prepara para realizar um novo concurso p\u00fablico em breve!<\/p>\n\n\n\n<p>A sele\u00e7\u00e3o \u00e9 muito aguardada, visto que o \u00faltimo edital foi publicado em 2008.<\/p>\n\n\n\n<figure class=\"wp-block-image aligncenter size-full\"><img loading=\"lazy\" decoding=\"async\" width=\"510\" height=\"433\" src=\"https:\/\/dhg1h5j42swfq.cloudfront.net\/2026\/02\/18111432\/moncao.jpg\" alt=\"Concurso Mon\u00e7\u00e3o MA \u00e9 previsto ap\u00f3s anos sem edital!\" class=\"wp-image-1717064\" srcset=\"https:\/\/dhg1h5j42swfq.cloudfront.net\/2026\/02\/18111432\/moncao.jpg 510w, https:\/\/dhg1h5j42swfq.cloudfront.net\/2026\/02\/18111432\/moncao-300x255.jpg 300w, https:\/\/dhg1h5j42swfq.cloudfront.net\/2026\/02\/18111432\/moncao-150x127.jpg 150w\" sizes=\"auto, (max-width: 510px) 100vw, 510px\" \/><\/figure>\n\n\n\n<p>Com isso, a sele\u00e7\u00e3o j\u00e1 conta uma comiss\u00e3o organizadora, integrada por quatro membros:<\/p>\n\n\n\n<ul class=\"wp-block-list\">\n<li>Laurindo Antonio Soares Neto\u00a0\u2013 Presidente;<\/li>\n\n\n\n<li>Edivana Ja\u00e7onara Serejo Mendon\u00e7a\u00a0\u2013 Membro;<\/li>\n\n\n\n<li>Emanoel Henrique de Araujo Silva\u00a0\u2013 Membro;<\/li>\n\n\n\n<li>Rosa Cl\u00e9ia Pereira da Concei\u00e7\u00e3o\u00a0\u2013 Membro;<\/li>\n\n\n\n<li><strong><a href=\"https:\/\/dhg1h5j42swfq.cloudfront.net\/2026\/02\/18111502\/ma.pdf\" target=\"_blank\" rel=\"noreferrer noopener nofollow\">Confira o Decreto de comiss\u00e3o na \u00edntegra<\/a><\/strong>.<\/li>\n<\/ul>\n\n\n\n<p>O grupo acima ficar\u00e1 respons\u00e1vel pelo levantamento de vagas , bem como pela defini\u00e7\u00e3o e contrata\u00e7\u00e3o da banca organizadora.<\/p>\n\n\n\n<p>A expectativa inicial e de que sejam ofertadas oportunidades para <a href=\"#cargos\">diversos cargos<\/a> nas \u00e1reas da educa\u00e7\u00e3o, sa\u00fade e administrativa.<\/p>\n\n\n\n<ul class=\"wp-block-list has-very-light-gray-to-cyan-bluish-gray-gradient-background has-background\">\n<li><strong>Prefeitura Municipal de Mon\u00e7\u00e3o <\/strong><\/li>\n\n\n\n<li><strong style=\"color: initial;\">Situa\u00e7\u00e3o:<\/strong><span style=\"color: initial;\">\u00a0<\/span>comiss\u00e3o formada<\/li>\n\n\n\n<li><strong>Banca:<\/strong>\u00a0a definir<\/li>\n\n\n\n<li><strong>Vagas:<\/strong>&nbsp;a definir<\/li>\n\n\n\n<li><strong>Sal\u00e1rio inicial:<\/strong> R$ 1.518,00 a R$ 4.750,00<\/li>\n\n\n\n<li><strong>\u00daltimo edital:<\/strong> <a href=\"https:\/\/dhg1h5j42swfq.cloudfront.net\/2026\/02\/18112710\/moncao_edital_10458.pdf\" target=\"_blank\" rel=\"noreferrer noopener nofollow\">Edital Mon\u00e7\u00e3o 2008<\/a><\/li>\n<\/ul>\n\n\n\n<p>Confira neste artigo mais informa\u00e7\u00f5es sobre o concurso Mon\u00e7\u00e3o e os detalhes de seu edital. Acompanhe pelos t\u00f3picos abaixo:<\/p>\n\n\n\n<ul id=\"indice\" class=\"wp-block-list\">\n<li><a href=\"#cargos\">Cargos previstos<\/a><\/li>\n\n\n\n<li><a href=\"#ultimo\">\u00daltimo concurso<\/a>\n<ul class=\"wp-block-list\">\n<li><a href=\"#etapas\">Etapas<\/a><\/li>\n<\/ul>\n<\/li>\n\n\n\n<li><a href=\"#cursos-assinatura\">Assinatura e cursos<\/a><\/li>\n\n\n\n<li><a href=\"#ficha-tecnica\">Ficha t\u00e9cnica<\/a><\/li>\n<\/ul>\n\n\n\n<div class=\"container\" id=\"boxes\">\n  <div class=\"row\">\n\n    <div class=\"col-sm\">\n      <div class=\"banner-prefeituras-ec\" id=\"box-assinatura\">\n        <h2 class=\"titulo-assinatura\" style=\"text-align: left;\">Concursos Prefeituras<\/h2>\n        <p class=\"subtitulo-assinatura\" style=\"text-align: left;\">Prepara\u00e7\u00e3o completa para a carreira!<\/p>\n        <div class=\"box-botao\" style=\"text-align: left;\">\n          <a class=\"btn-assinatura\" target=\"_blank\" href=\"https:\/\/www.estrategiaconcursos.com.br\/pesquisa\/?q=prefeitura+Moncao\/\" role=\"button\" rel=\"noopener noreferrer\">EXPLORAR CURSOS<\/a>\n        <\/div>\n      <\/div><\/div><\/div><\/div>\n\n\n\n<h2 class=\"wp-block-heading\" id=\"cargos\">Cargos previstos no novo concurso Mon\u00e7\u00e3o<\/h2>\n\n\n\n<p>A expectativa inicial e de que sejam ofertadas oportunidades para diversos cargos nas \u00e1reas da educa\u00e7\u00e3o, sa\u00fade e administrativa:<\/p>\n\n\n\n<h3 class=\"wp-block-heading\" id=\"h-ensino-fundamental\">Ensino fundamental<\/h3>\n\n\n\n<figure class=\"wp-block-table is-style-stripes\"><table class=\"has-fixed-layout\"><thead><tr><td class=\"has-text-align-center\" data-align=\"center\"><strong>Cargo<\/strong><\/td><td class=\"has-text-align-center\" data-align=\"center\"><strong>Vencimento<\/strong><\/td><\/tr><\/thead><tbody><tr><td class=\"has-text-align-center\" data-align=\"center\">Agente Operacional de Servi\u00e7os Diversos (AOSD)<\/td><td class=\"has-text-align-center\" data-align=\"center\">R$ 1.518,00<\/td><\/tr><tr><td class=\"has-text-align-center\" data-align=\"center\">Vigia<\/td><td class=\"has-text-align-center\" data-align=\"center\">R$ 1.518,00<\/td><\/tr><tr><td class=\"has-text-align-center\" data-align=\"center\">Encanador<\/td><td class=\"has-text-align-center\" data-align=\"center\">R$ 1.518,00<\/td><\/tr><\/tbody><\/table><\/figure>\n\n\n\n<h3 class=\"wp-block-heading\" id=\"h-ensino-medio\">Ensino m\u00e9dio<\/h3>\n\n\n\n<figure class=\"wp-block-table is-style-stripes\"><table class=\"has-fixed-layout\"><thead><tr><td class=\"has-text-align-center\" data-align=\"center\"><strong>Cargo<\/strong><\/td><td class=\"has-text-align-center\" data-align=\"center\"><strong>Vencimento<\/strong><\/td><\/tr><\/thead><tbody><tr><td class=\"has-text-align-center\" data-align=\"center\">Fiscal de Tributos<\/td><td class=\"has-text-align-center\" data-align=\"center\">R$ 2.000,00<\/td><\/tr><tr><td class=\"has-text-align-center\" data-align=\"center\">Operador de M\u00e1quina Pesada<\/td><td class=\"has-text-align-center\" data-align=\"center\">R$ 2.000,00<\/td><\/tr><tr><td class=\"has-text-align-center\" data-align=\"center\">Guarda Municipal<\/td><td class=\"has-text-align-center\" data-align=\"center\">R$ 1.800,00<\/td><\/tr><tr><td class=\"has-text-align-center\" data-align=\"center\">Mec\u00e2nico<\/td><td class=\"has-text-align-center\" data-align=\"center\">R$ 1.800,00<\/td><\/tr><tr><td class=\"has-text-align-center\" data-align=\"center\">Motorista de Transporte Escolar<\/td><td class=\"has-text-align-center\" data-align=\"center\">R$ 1.518,00<\/td><\/tr><tr><td class=\"has-text-align-center\" data-align=\"center\">Cuidador de Alunos Especiais<\/td><td class=\"has-text-align-center\" data-align=\"center\">R$ 1.518,00<\/td><\/tr><tr><td class=\"has-text-align-center\" data-align=\"center\">Cuidador de Alunos<\/td><td class=\"has-text-align-center\" data-align=\"center\">R$ 1.518,00<\/td><\/tr><tr><td class=\"has-text-align-center\" data-align=\"center\">Motorista<\/td><td class=\"has-text-align-center\" data-align=\"center\">R$ 1.518,00<\/td><\/tr><tr><td class=\"has-text-align-center\" data-align=\"center\">Operador de Trator Agr\u00edcola<\/td><td class=\"has-text-align-center\" data-align=\"center\">R$ 1.518,00<\/td><\/tr><tr><td class=\"has-text-align-center\" data-align=\"center\">Recepcionista<\/td><td class=\"has-text-align-center\" data-align=\"center\">R$ 1.518,00<\/td><\/tr><tr><td class=\"has-text-align-center\" data-align=\"center\">Orientador Social<\/td><td class=\"has-text-align-center\" data-align=\"center\">R$ 1.518,00<\/td><\/tr><\/tbody><\/table><\/figure>\n\n\n\n<h3 class=\"wp-block-heading\" id=\"h-nivel-tecnico\">N\u00edvel t\u00e9cnico<\/h3>\n\n\n\n<figure class=\"wp-block-table is-style-stripes\"><table class=\"has-fixed-layout\"><thead><tr><td class=\"has-text-align-center\" data-align=\"center\"><strong>Cargo<\/strong><\/td><td class=\"has-text-align-center\" data-align=\"center\"><strong>Vencimento <\/strong><\/td><\/tr><\/thead><tbody><tr><td class=\"has-text-align-center\" data-align=\"center\">T\u00e9cnico em Enfermagem<\/td><td class=\"has-text-align-center\" data-align=\"center\">R$ 3.325,00<\/td><\/tr><tr><td class=\"has-text-align-center\" data-align=\"center\">T\u00e9cnico em Agropecu\u00e1ria<\/td><td class=\"has-text-align-center\" data-align=\"center\">R$ 1.800,00<\/td><\/tr><tr><td class=\"has-text-align-center\" data-align=\"center\">T\u00e9cnico em Inform\u00e1tica<\/td><td class=\"has-text-align-center\" data-align=\"center\">R$ 1.518,00<\/td><\/tr><\/tbody><\/table><\/figure>\n\n\n\n<h3 class=\"wp-block-heading\" id=\"h-nivel-superior\">N\u00edvel superior<\/h3>\n\n\n\n<figure class=\"wp-block-table is-style-stripes\"><table class=\"has-fixed-layout\"><thead><tr><td class=\"has-text-align-center\" data-align=\"center\"><strong>Cargo<\/strong><\/td><td class=\"has-text-align-center\" data-align=\"center\"><strong>Vencimento<\/strong><\/td><\/tr><\/thead><tbody><tr><td class=\"has-text-align-center\" data-align=\"center\">Enfermeiro<\/td><td class=\"has-text-align-center\" data-align=\"center\">R$ 4.750,00<\/td><\/tr><tr><td class=\"has-text-align-center\" data-align=\"center\">M\u00e9dico Cl\u00ednico Geral<\/td><td class=\"has-text-align-center\" data-align=\"center\">R$ 4.000,00<\/td><\/tr><tr><td class=\"has-text-align-center\" data-align=\"center\">Pedagogo<\/td><td class=\"has-text-align-center\" data-align=\"center\">R$ 3.000,00<\/td><\/tr><tr><td class=\"has-text-align-center\" data-align=\"center\">Professor (Educa\u00e7\u00e3o Infantil, Especial, N\u00edvel II e Educa\u00e7\u00e3o F\u00edsica)<\/td><td class=\"has-text-align-center\" data-align=\"center\">R$ 3.042,00<\/td><\/tr><tr><td class=\"has-text-align-center\" data-align=\"center\">Assistente Social<\/td><td class=\"has-text-align-center\" data-align=\"center\">R$ 2.800,00<\/td><\/tr><tr><td class=\"has-text-align-center\" data-align=\"center\">Agr\u00f4nomo<\/td><td class=\"has-text-align-center\" data-align=\"center\">R$ 2.500,00<\/td><\/tr><tr><td class=\"has-text-align-center\" data-align=\"center\">Engenheiro Civil<\/td><td class=\"has-text-align-center\" data-align=\"center\">R$ 2.500,00<\/td><\/tr><\/tbody><\/table><\/figure>\n\n\n\n<h2 class=\"wp-block-heading\" id=\"ultimo\">Concurso Mon\u00e7\u00e3o: \u00faltimo edital<\/h2>\n\n\n\n<p>O \u00faltimo concurso p\u00fablico da prefeitura de Mon\u00e7\u00e3o foi realizado em <strong>2008<\/strong>, sob responsabilidade da <strong>Funda\u00e7\u00e3o Sous\u00e2ndrade (<a href=\"https:\/\/www.fsaduconcursos.org.br\/c\/central\/\" target=\"_blank\" rel=\"noreferrer noopener\">FSADU<\/a>)<\/strong>.<\/p>\n\n\n\n<h3 class=\"wp-block-heading\" id=\"etapas\">Etapas do concurso<\/h3>\n\n\n\n<p>O concurso foi estruturado com diferentes fases, dependendo da natureza do cargo:<\/p>\n\n\n\n<ul class=\"wp-block-list\">\n<li><strong>Prova objetiva (todos os cargos):<\/strong> car\u00e1ter eliminat\u00f3rio e classificat\u00f3rio, composta por quest\u00f5es de m\u00faltipla escolha com 5 op\u00e7\u00f5es e dura\u00e7\u00e3o de 4 horas;<\/li>\n\n\n\n<li><strong>Avalia\u00e7\u00e3o de t\u00edtulos:<\/strong> car\u00e1ter apenas classificat\u00f3rio, exclusiva para os cargos de <strong>Professor N\u00edvel I e II<\/strong>;<\/li>\n\n\n\n<li><strong>Avalia\u00e7\u00e3o psicol\u00f3gica:<\/strong> car\u00e1ter eliminat\u00f3rio, aplicada ao cargo de <strong>Guarda Municipal<\/strong>;<\/li>\n\n\n\n<li><strong>Teste de aptid\u00e3o f\u00edsica (TAF):<\/strong> car\u00e1ter eliminat\u00f3rio, tamb\u00e9m destinado ao cargo de <strong>Guarda Municipal<\/strong>;<\/li>\n\n\n\n<li><strong>Prova pr\u00e1tica:<\/strong> car\u00e1ter eliminat\u00f3rio e classificat\u00f3rio, voltada para os cargos de <strong>Agente Administrativo II e Eletricista<\/strong>;<\/li>\n\n\n\n<li><strong>Curso de forma\u00e7\u00e3o:<\/strong> car\u00e1ter eliminat\u00f3rio e classificat\u00f3rio para <strong>Guarda Municipal<\/strong>, com ajuda de custo de um sal\u00e1rio m\u00ednimo.<\/li>\n<\/ul>\n\n\n\n<hr class=\"wp-block-separator has-alpha-channel-opacity\"\/>\n\n\n\n<h2 class=\"wp-block-heading has-text-align-center\" id=\"cursos-assinatura\"><em>Quer estudar para o pr\u00f3ximo concurso Mon\u00e7\u00e3o?<\/em><\/h2>\n\n\n\n<div class=\"container\" id=\"boxes\">\n  <div class=\"row\">\n\n    <div class=\"col-sm\">\n      <div class=\"banner-prefeituras-ec\" id=\"box-assinatura\">\n        <h2 class=\"titulo-assinatura\" style=\"text-align: left;\">Concursos Prefeituras<\/h2>\n        <p class=\"subtitulo-assinatura\" style=\"text-align: left;\">Prepara\u00e7\u00e3o completa para a carreira!<\/p>\n        <div class=\"box-botao\" style=\"text-align: left;\">\n          <a class=\"btn-assinatura\" target=\"_blank\" href=\"https:\/\/www.estrategiaconcursos.com.br\/pesquisa\/?q=prefeitura+Moncao\/\" role=\"button\" rel=\"noopener noreferrer\">EXPLORAR CURSOS<\/a>\n        <\/div>\n      <\/div><\/div><\/div><\/div>\n\n\n\n<div class=\"container\" id=\"boxes\">\n  <div class=\"row\">\n\n    <div class=\"col-sm\">\n      <div class=\"estrategia\" id=\"box-assinatura\">\n        <h3 class=\"titulo-assinatura\">Assinatura Concursos<\/h3>\n        <p class=\"subtitulo-assinatura\">Assinatura de 1 ano ou 2 anos<\/p>\n        <div class=\"box-botao\">\n          <a class=\"btn-assinatura\" target=\"_blank\" href=\"https:\/\/www.estrategiaconcursos.com.br\/assinaturas\/\" role=\"button\" rel=\"noopener noreferrer\">ASSINE AGORA<\/a>\n        <\/div>\n      <\/div><\/div><\/div><\/div>\n\n\n\n<h2 class=\"wp-block-heading has-text-align-center\" id=\"h-quer-saber-tudo-sobre-concursos-previstos-confira-os-nossos-artigos\">Quer saber tudo sobre concursos previstos?<br \/>Confira os nossos artigos!<\/h2>\n\n\n\n<ul class=\"wp-block-list\">\n<li><a href=\"https:\/\/www.estrategiaconcursos.com.br\/blog\/concursos-abertos\/\" target=\"_blank\" rel=\"noreferrer noopener\">Concursos Abertos<\/a><\/li>\n\n\n\n<li><a href=\"https:\/\/www.estrategiaconcursos.com.br\/blog\/concursos-abertos-prefeituras\/\" target=\"_blank\" rel=\"noreferrer noopener\">Concursos Abertos de Prefeituras<\/a><\/li>\n\n\n\n<li><a href=\"https:\/\/www.estrategiaconcursos.com.br\/blog\/concursos-prefeituras\/\" target=\"_blank\" rel=\"noreferrer noopener\">Concursos de Prefeituras<\/a><\/li>\n\n\n\n<li><a href=\"https:\/\/www.estrategiaconcursos.com.br\/blog\/concursos-2026\/\" target=\"_blank\" rel=\"noreferrer noopener\">Concursos 2026<\/a><\/li>\n<\/ul>\n\n\n\n<figure class=\"wp-block-image is-resized\"><img loading=\"lazy\" decoding=\"async\" width=\"1024\" height=\"632\" src=\"https:\/\/dhg1h5j42swfq.cloudfront.net\/2021\/04\/01161145\/ficha-tecnica-5-1024x632.png\" alt=\"Informa\u00e7\u00f5es do pr\u00f3ximo concurso Mon\u00e7\u00e3o \" class=\"wp-image-706736\" style=\"width:236px;height:145px\" srcset=\"https:\/\/dhg1h5j42swfq.cloudfront.net\/2021\/04\/01161145\/ficha-tecnica-5-1024x632.png 1024w, https:\/\/dhg1h5j42swfq.cloudfront.net\/2021\/04\/01161145\/ficha-tecnica-5-300x185.png 300w, https:\/\/dhg1h5j42swfq.cloudfront.net\/2021\/04\/01161145\/ficha-tecnica-5-768x474.png 768w, https:\/\/dhg1h5j42swfq.cloudfront.net\/2021\/04\/01161145\/ficha-tecnica-5-1536x948.png 1536w, https:\/\/dhg1h5j42swfq.cloudfront.net\/2021\/04\/01161145\/ficha-tecnica-5-610x377.png 610w, https:\/\/dhg1h5j42swfq.cloudfront.net\/2021\/04\/01161145\/ficha-tecnica-5.png 1571w\" sizes=\"auto, (max-width: 1024px) 100vw, 1024px\" \/><\/figure>\n\n\n\n<h3 class=\"wp-block-heading\" id=\"ficha-tecnica\">Informa\u00e7\u00f5es do pr\u00f3ximo concurso Mon\u00e7\u00e3o <\/h3>\n\n\n\n<ul class=\"wp-block-list\">\n<li><strong>Data prevista<\/strong>: 2026<\/li>\n\n\n\n<li><strong>Banca<\/strong>: a definir<\/li>\n\n\n\n<li><strong>Escolaridade<\/strong>: n\u00edveis fundamental, m\u00e9dio e superior<\/li>\n\n\n\n<li><strong>Vagas:<\/strong> a definir<\/li>\n\n\n\n<li><strong>Cargos<\/strong>: diversos<\/li>\n\n\n\n<li><strong>\u00daltimo edital:<\/strong> <a href=\"https:\/\/dhg1h5j42swfq.cloudfront.net\/2026\/02\/18112710\/moncao_edital_10458.pdf\" target=\"_blank\" rel=\"noreferrer noopener nofollow\">Edital Mon\u00e7\u00e3o 2008<\/a><\/li>\n<\/ul>\n","protected":false},"excerpt":{"rendered":"<p>A Prefeitura de Mon\u00e7\u00e3o, no Maranh\u00e3o, se prepara para realizar um novo concurso p\u00fablico em breve! A sele\u00e7\u00e3o \u00e9 muito aguardada, visto que o \u00faltimo edital foi publicado em 2008. Com isso, a sele\u00e7\u00e3o j\u00e1 conta uma comiss\u00e3o organizadora, integrada por quatro membros: O grupo acima ficar\u00e1 respons\u00e1vel pelo levantamento de vagas , bem como [&hellip;]<\/p>\n","protected":false},"author":2991,"featured_media":710256,"comment_status":"open","ping_status":"closed","sticky":false,"template":"","format":"standard","meta":{"post_tipo":"news_page","footnotes":""},"categories":[222278],"tags":[],"tax_estado":[219973],"class_list":["post-1717047","post","type-post","status-publish","format-standard","has-post-thumbnail","hentry","category-prefeituras","tax_estado-ma"],"acf":[],"yoast_head":"<!-- This site is optimized with the Yoast SEO Premium plugin v27.2 (Yoast SEO v27.2) - https:\/\/yoast.com\/product\/yoast-seo-premium-wordpress\/ -->\n<title>Concurso Mon\u00e7\u00e3o MA \u00e9 previsto ap\u00f3s anos sem edital!<\/title>\n<meta name=\"description\" content=\"Aguardado Concurso da Prefeitura de Mon\u00e7\u00e3o anuncia comiss\u00e3o organizadora e futuras vagas. Fique por dentro das novidades e prepare-se!\" \/>\n<meta name=\"robots\" content=\"index, follow, max-snippet:-1, max-image-preview:large, max-video-preview:-1\" \/>\n<link rel=\"canonical\" href=\"https:\/\/www.estrategiaconcursos.com.br\/blog\/concurso-prefeitura-moncao\/\" \/>\n<meta property=\"og:locale\" content=\"pt_BR\" \/>\n<meta property=\"og:type\" content=\"article\" \/>\n<meta property=\"og:title\" content=\"Concurso Mon\u00e7\u00e3o MA \u00e9 previsto ap\u00f3s anos sem edital!\" \/>\n<meta property=\"og:description\" content=\"Aguardado Concurso da Prefeitura de Mon\u00e7\u00e3o anuncia comiss\u00e3o organizadora e futuras vagas. Fique por dentro das novidades e prepare-se!\" \/>\n<meta property=\"og:url\" content=\"https:\/\/www.estrategiaconcursos.com.br\/blog\/concurso-prefeitura-moncao\/\" \/>\n<meta property=\"og:site_name\" content=\"Estrat\u00e9gia Concursos\" \/>\n<meta property=\"article:published_time\" content=\"2025-05-22T14:03:00+00:00\" \/>\n<meta property=\"article:modified_time\" content=\"2026-02-18T14:31:44+00:00\" \/>\n<meta property=\"og:image\" content=\"https:\/\/dhg1h5j42swfq.cloudfront.net\/2021\/04\/08141822\/concursos-prefeituras.jpg\" \/>\n\t<meta property=\"og:image:width\" content=\"1200\" \/>\n\t<meta property=\"og:image:height\" content=\"628\" \/>\n\t<meta property=\"og:image:type\" content=\"image\/jpeg\" \/>\n<meta name=\"author\" content=\"Melmuara Thaiane Doneg\u00e1 C\u00e2ndido\" \/>\n<meta name=\"twitter:card\" content=\"summary_large_image\" \/>\n<meta name=\"twitter:creator\" content=\"@EstratConcursos\" \/>\n<meta name=\"twitter:site\" content=\"@EstratConcursos\" \/>\n<meta name=\"twitter:label1\" content=\"Escrito por\" \/>\n\t<meta name=\"twitter:data1\" content=\"Melmuara Thaiane Doneg\u00e1 C\u00e2ndido\" \/>\n\t<meta name=\"twitter:label2\" content=\"Est. tempo de leitura\" \/>\n\t<meta name=\"twitter:data2\" content=\"3 minutos\" \/>\n<script type=\"application\/ld+json\" class=\"yoast-schema-graph\">{\"@context\":\"https:\/\/schema.org\",\"@graph\":[{\"@type\":\"NewsArticle\",\"@id\":\"https:\/\/www.estrategiaconcursos.com.br\/blog\/concurso-prefeitura-moncao\/#article\",\"isPartOf\":{\"@id\":\"https:\/\/www.estrategiaconcursos.com.br\/blog\/concurso-prefeitura-moncao\/\"},\"author\":{\"name\":\"Melmuara Thaiane Doneg\u00e1 C\u00e2ndido\",\"@id\":\"https:\/\/www.estrategiaconcursos.com.br\/blog\/#\/schema\/person\/f33ffe5648e36a1ec7be14cb98aec31a\"},\"headline\":\"Concurso Mon\u00e7\u00e3o MA \u00e9 previsto ap\u00f3s anos sem edital!\",\"datePublished\":\"2025-05-22T14:03:00+00:00\",\"dateModified\":\"2026-02-18T14:31:44+00:00\",\"mainEntityOfPage\":{\"@id\":\"https:\/\/www.estrategiaconcursos.com.br\/blog\/concurso-prefeitura-moncao\/\"},\"wordCount\":603,\"commentCount\":0,\"publisher\":{\"@id\":\"https:\/\/www.estrategiaconcursos.com.br\/blog\/#organization\"},\"image\":{\"@id\":\"https:\/\/www.estrategiaconcursos.com.br\/blog\/concurso-prefeitura-moncao\/#primaryimage\"},\"thumbnailUrl\":\"https:\/\/dhg1h5j42swfq.cloudfront.net\/2021\/04\/08141822\/concursos-prefeituras.jpg\",\"articleSection\":[\"Prefeituras\"],\"inLanguage\":\"pt-BR\",\"potentialAction\":[{\"@type\":\"CommentAction\",\"name\":\"Comment\",\"target\":[\"https:\/\/www.estrategiaconcursos.com.br\/blog\/concurso-prefeitura-moncao\/#respond\"]}],\"copyrightYear\":\"2025\",\"copyrightHolder\":{\"@id\":\"https:\/\/www.estrategiaconcursos.com.br\/blog\/#organization\"}},{\"@type\":\"WebPage\",\"@id\":\"https:\/\/www.estrategiaconcursos.com.br\/blog\/concurso-prefeitura-moncao\/\",\"url\":\"https:\/\/www.estrategiaconcursos.com.br\/blog\/concurso-prefeitura-moncao\/\",\"name\":\"Concurso Mon\u00e7\u00e3o MA \u00e9 previsto ap\u00f3s anos sem edital!\",\"isPartOf\":{\"@id\":\"https:\/\/www.estrategiaconcursos.com.br\/blog\/#website\"},\"primaryImageOfPage\":{\"@id\":\"https:\/\/www.estrategiaconcursos.com.br\/blog\/concurso-prefeitura-moncao\/#primaryimage\"},\"image\":{\"@id\":\"https:\/\/www.estrategiaconcursos.com.br\/blog\/concurso-prefeitura-moncao\/#primaryimage\"},\"thumbnailUrl\":\"https:\/\/dhg1h5j42swfq.cloudfront.net\/2021\/04\/08141822\/concursos-prefeituras.jpg\",\"datePublished\":\"2025-05-22T14:03:00+00:00\",\"dateModified\":\"2026-02-18T14:31:44+00:00\",\"description\":\"Aguardado Concurso da Prefeitura de Mon\u00e7\u00e3o anuncia comiss\u00e3o organizadora e futuras vagas. Fique por dentro das novidades e prepare-se!\",\"breadcrumb\":{\"@id\":\"https:\/\/www.estrategiaconcursos.com.br\/blog\/concurso-prefeitura-moncao\/#breadcrumb\"},\"inLanguage\":\"pt-BR\",\"potentialAction\":[{\"@type\":\"ReadAction\",\"target\":[\"https:\/\/www.estrategiaconcursos.com.br\/blog\/concurso-prefeitura-moncao\/\"]}]},{\"@type\":\"ImageObject\",\"inLanguage\":\"pt-BR\",\"@id\":\"https:\/\/www.estrategiaconcursos.com.br\/blog\/concurso-prefeitura-moncao\/#primaryimage\",\"url\":\"https:\/\/dhg1h5j42swfq.cloudfront.net\/2021\/04\/08141822\/concursos-prefeituras.jpg\",\"contentUrl\":\"https:\/\/dhg1h5j42swfq.cloudfront.net\/2021\/04\/08141822\/concursos-prefeituras.jpg\",\"width\":1200,\"height\":628,\"caption\":\"Concurso Alvorada\"},{\"@type\":\"BreadcrumbList\",\"@id\":\"https:\/\/www.estrategiaconcursos.com.br\/blog\/concurso-prefeitura-moncao\/#breadcrumb\",\"itemListElement\":[{\"@type\":\"ListItem\",\"position\":1,\"name\":\"In\u00edcio\",\"item\":\"https:\/\/www.estrategiaconcursos.com.br\/blog\/\"},{\"@type\":\"ListItem\",\"position\":2,\"name\":\"Concurso Mon\u00e7\u00e3o MA \u00e9 previsto ap\u00f3s anos sem edital!\"}]},{\"@type\":\"WebSite\",\"@id\":\"https:\/\/www.estrategiaconcursos.com.br\/blog\/#website\",\"url\":\"https:\/\/www.estrategiaconcursos.com.br\/blog\/\",\"name\":\"Estrat\u00e9gia Concursos\",\"description\":\"O blog da Estrat\u00e9gia Concursos traz not\u00edcias sobre concursos e artigos de professores oferecendo cursos para concursos (pdf + videaulas) no site.\",\"publisher\":{\"@id\":\"https:\/\/www.estrategiaconcursos.com.br\/blog\/#organization\"},\"potentialAction\":[{\"@type\":\"SearchAction\",\"target\":{\"@type\":\"EntryPoint\",\"urlTemplate\":\"https:\/\/www.estrategiaconcursos.com.br\/blog\/?s={search_term_string}\"},\"query-input\":{\"@type\":\"PropertyValueSpecification\",\"valueRequired\":true,\"valueName\":\"search_term_string\"}}],\"inLanguage\":\"pt-BR\"},{\"@type\":\"Organization\",\"@id\":\"https:\/\/www.estrategiaconcursos.com.br\/blog\/#organization\",\"name\":\"Estrat\u00e9gia Concursos\",\"url\":\"https:\/\/www.estrategiaconcursos.com.br\/blog\/\",\"logo\":{\"@type\":\"ImageObject\",\"inLanguage\":\"pt-BR\",\"@id\":\"https:\/\/www.estrategiaconcursos.com.br\/blog\/#\/schema\/logo\/image\/\",\"url\":\"https:\/\/dhg1h5j42swfq.cloudfront.net\/2025\/06\/03203428\/logo_concursos-1.jpg\",\"contentUrl\":\"https:\/\/dhg1h5j42swfq.cloudfront.net\/2025\/06\/03203428\/logo_concursos-1.jpg\",\"width\":230,\"height\":60,\"caption\":\"Estrat\u00e9gia Concursos\"},\"image\":{\"@id\":\"https:\/\/www.estrategiaconcursos.com.br\/blog\/#\/schema\/logo\/image\/\"},\"sameAs\":[\"https:\/\/x.com\/EstratConcursos\"]},{\"@type\":\"Person\",\"@id\":\"https:\/\/www.estrategiaconcursos.com.br\/blog\/#\/schema\/person\/f33ffe5648e36a1ec7be14cb98aec31a\",\"name\":\"Melmuara Thaiane Doneg\u00e1 C\u00e2ndido\",\"image\":{\"@type\":\"ImageObject\",\"inLanguage\":\"pt-BR\",\"@id\":\"https:\/\/secure.gravatar.com\/avatar\/72c23c49ace6e781125178efe440f336ae4f50fbfb902780beb369688b387c4f?s=96&d=mm&r=g\",\"url\":\"https:\/\/secure.gravatar.com\/avatar\/72c23c49ace6e781125178efe440f336ae4f50fbfb902780beb369688b387c4f?s=96&d=mm&r=g\",\"contentUrl\":\"https:\/\/secure.gravatar.com\/avatar\/72c23c49ace6e781125178efe440f336ae4f50fbfb902780beb369688b387c4f?s=96&d=mm&r=g\",\"caption\":\"Melmuara Thaiane Doneg\u00e1 C\u00e2ndido\"},\"description\":\"Formada em Jornalismo em 2011 pela UniSEB-COC, Ribeir\u00e3o Preto-SP, atua desde 2017 na produ\u00e7\u00e3o de conte\u00fado para prefeituras, passando da \u00e1rea publicit\u00e1ria para a cria\u00e7\u00e3o de textos estrat\u00e9gicos e not\u00edcias sobre concursos, mantendo os concurseiros bem informados sobre os principais editais de prefeituras e concursos municipais.\",\"birthDate\":\"1990-04-21\",\"gender\":\"feminino\",\"url\":\"https:\/\/www.estrategiaconcursos.com.br\/blog\/author\/melmuara-candidoestrategia-com\/\"}]}<\/script>\n<!-- \/ Yoast SEO Premium plugin. -->","yoast_head_json":{"title":"Concurso Mon\u00e7\u00e3o MA \u00e9 previsto ap\u00f3s anos sem edital!","description":"Aguardado Concurso da Prefeitura de Mon\u00e7\u00e3o anuncia comiss\u00e3o organizadora e futuras vagas. Fique por dentro das novidades e prepare-se!","robots":{"index":"index","follow":"follow","max-snippet":"max-snippet:-1","max-image-preview":"max-image-preview:large","max-video-preview":"max-video-preview:-1"},"canonical":"https:\/\/www.estrategiaconcursos.com.br\/blog\/concurso-prefeitura-moncao\/","og_locale":"pt_BR","og_type":"article","og_title":"Concurso Mon\u00e7\u00e3o MA \u00e9 previsto ap\u00f3s anos sem edital!","og_description":"Aguardado Concurso da Prefeitura de Mon\u00e7\u00e3o anuncia comiss\u00e3o organizadora e futuras vagas. Fique por dentro das novidades e prepare-se!","og_url":"https:\/\/www.estrategiaconcursos.com.br\/blog\/concurso-prefeitura-moncao\/","og_site_name":"Estrat\u00e9gia Concursos","article_published_time":"2025-05-22T14:03:00+00:00","article_modified_time":"2026-02-18T14:31:44+00:00","og_image":[{"width":1200,"height":628,"url":"https:\/\/dhg1h5j42swfq.cloudfront.net\/2021\/04\/08141822\/concursos-prefeituras.jpg","type":"image\/jpeg"}],"author":"Melmuara Thaiane Doneg\u00e1 C\u00e2ndido","twitter_card":"summary_large_image","twitter_creator":"@EstratConcursos","twitter_site":"@EstratConcursos","twitter_misc":{"Escrito por":"Melmuara Thaiane Doneg\u00e1 C\u00e2ndido","Est. tempo de leitura":"3 minutos"},"schema":{"@context":"https:\/\/schema.org","@graph":[{"@type":"NewsArticle","@id":"https:\/\/www.estrategiaconcursos.com.br\/blog\/concurso-prefeitura-moncao\/#article","isPartOf":{"@id":"https:\/\/www.estrategiaconcursos.com.br\/blog\/concurso-prefeitura-moncao\/"},"author":{"name":"Melmuara Thaiane Doneg\u00e1 C\u00e2ndido","@id":"https:\/\/www.estrategiaconcursos.com.br\/blog\/#\/schema\/person\/f33ffe5648e36a1ec7be14cb98aec31a"},"headline":"Concurso Mon\u00e7\u00e3o MA \u00e9 previsto ap\u00f3s anos sem edital!","datePublished":"2025-05-22T14:03:00+00:00","dateModified":"2026-02-18T14:31:44+00:00","mainEntityOfPage":{"@id":"https:\/\/www.estrategiaconcursos.com.br\/blog\/concurso-prefeitura-moncao\/"},"wordCount":603,"commentCount":0,"publisher":{"@id":"https:\/\/www.estrategiaconcursos.com.br\/blog\/#organization"},"image":{"@id":"https:\/\/www.estrategiaconcursos.com.br\/blog\/concurso-prefeitura-moncao\/#primaryimage"},"thumbnailUrl":"https:\/\/dhg1h5j42swfq.cloudfront.net\/2021\/04\/08141822\/concursos-prefeituras.jpg","articleSection":["Prefeituras"],"inLanguage":"pt-BR","potentialAction":[{"@type":"CommentAction","name":"Comment","target":["https:\/\/www.estrategiaconcursos.com.br\/blog\/concurso-prefeitura-moncao\/#respond"]}],"copyrightYear":"2025","copyrightHolder":{"@id":"https:\/\/www.estrategiaconcursos.com.br\/blog\/#organization"}},{"@type":"WebPage","@id":"https:\/\/www.estrategiaconcursos.com.br\/blog\/concurso-prefeitura-moncao\/","url":"https:\/\/www.estrategiaconcursos.com.br\/blog\/concurso-prefeitura-moncao\/","name":"Concurso Mon\u00e7\u00e3o MA \u00e9 previsto ap\u00f3s anos sem edital!","isPartOf":{"@id":"https:\/\/www.estrategiaconcursos.com.br\/blog\/#website"},"primaryImageOfPage":{"@id":"https:\/\/www.estrategiaconcursos.com.br\/blog\/concurso-prefeitura-moncao\/#primaryimage"},"image":{"@id":"https:\/\/www.estrategiaconcursos.com.br\/blog\/concurso-prefeitura-moncao\/#primaryimage"},"thumbnailUrl":"https:\/\/dhg1h5j42swfq.cloudfront.net\/2021\/04\/08141822\/concursos-prefeituras.jpg","datePublished":"2025-05-22T14:03:00+00:00","dateModified":"2026-02-18T14:31:44+00:00","description":"Aguardado Concurso da Prefeitura de Mon\u00e7\u00e3o anuncia comiss\u00e3o organizadora e futuras vagas. Fique por dentro das novidades e prepare-se!","breadcrumb":{"@id":"https:\/\/www.estrategiaconcursos.com.br\/blog\/concurso-prefeitura-moncao\/#breadcrumb"},"inLanguage":"pt-BR","potentialAction":[{"@type":"ReadAction","target":["https:\/\/www.estrategiaconcursos.com.br\/blog\/concurso-prefeitura-moncao\/"]}]},{"@type":"ImageObject","inLanguage":"pt-BR","@id":"https:\/\/www.estrategiaconcursos.com.br\/blog\/concurso-prefeitura-moncao\/#primaryimage","url":"https:\/\/dhg1h5j42swfq.cloudfront.net\/2021\/04\/08141822\/concursos-prefeituras.jpg","contentUrl":"https:\/\/dhg1h5j42swfq.cloudfront.net\/2021\/04\/08141822\/concursos-prefeituras.jpg","width":1200,"height":628,"caption":"Concurso Alvorada"},{"@type":"BreadcrumbList","@id":"https:\/\/www.estrategiaconcursos.com.br\/blog\/concurso-prefeitura-moncao\/#breadcrumb","itemListElement":[{"@type":"ListItem","position":1,"name":"In\u00edcio","item":"https:\/\/www.estrategiaconcursos.com.br\/blog\/"},{"@type":"ListItem","position":2,"name":"Concurso Mon\u00e7\u00e3o MA \u00e9 previsto ap\u00f3s anos sem edital!"}]},{"@type":"WebSite","@id":"https:\/\/www.estrategiaconcursos.com.br\/blog\/#website","url":"https:\/\/www.estrategiaconcursos.com.br\/blog\/","name":"Estrat\u00e9gia Concursos","description":"O blog da Estrat\u00e9gia Concursos traz not\u00edcias sobre concursos e artigos de professores oferecendo cursos para concursos (pdf + videaulas) no site.","publisher":{"@id":"https:\/\/www.estrategiaconcursos.com.br\/blog\/#organization"},"potentialAction":[{"@type":"SearchAction","target":{"@type":"EntryPoint","urlTemplate":"https:\/\/www.estrategiaconcursos.com.br\/blog\/?s={search_term_string}"},"query-input":{"@type":"PropertyValueSpecification","valueRequired":true,"valueName":"search_term_string"}}],"inLanguage":"pt-BR"},{"@type":"Organization","@id":"https:\/\/www.estrategiaconcursos.com.br\/blog\/#organization","name":"Estrat\u00e9gia Concursos","url":"https:\/\/www.estrategiaconcursos.com.br\/blog\/","logo":{"@type":"ImageObject","inLanguage":"pt-BR","@id":"https:\/\/www.estrategiaconcursos.com.br\/blog\/#\/schema\/logo\/image\/","url":"https:\/\/dhg1h5j42swfq.cloudfront.net\/2025\/06\/03203428\/logo_concursos-1.jpg","contentUrl":"https:\/\/dhg1h5j42swfq.cloudfront.net\/2025\/06\/03203428\/logo_concursos-1.jpg","width":230,"height":60,"caption":"Estrat\u00e9gia Concursos"},"image":{"@id":"https:\/\/www.estrategiaconcursos.com.br\/blog\/#\/schema\/logo\/image\/"},"sameAs":["https:\/\/x.com\/EstratConcursos"]},{"@type":"Person","@id":"https:\/\/www.estrategiaconcursos.com.br\/blog\/#\/schema\/person\/f33ffe5648e36a1ec7be14cb98aec31a","name":"Melmuara Thaiane Doneg\u00e1 C\u00e2ndido","image":{"@type":"ImageObject","inLanguage":"pt-BR","@id":"https:\/\/secure.gravatar.com\/avatar\/72c23c49ace6e781125178efe440f336ae4f50fbfb902780beb369688b387c4f?s=96&d=mm&r=g","url":"https:\/\/secure.gravatar.com\/avatar\/72c23c49ace6e781125178efe440f336ae4f50fbfb902780beb369688b387c4f?s=96&d=mm&r=g","contentUrl":"https:\/\/secure.gravatar.com\/avatar\/72c23c49ace6e781125178efe440f336ae4f50fbfb902780beb369688b387c4f?s=96&d=mm&r=g","caption":"Melmuara Thaiane Doneg\u00e1 C\u00e2ndido"},"description":"Formada em Jornalismo em 2011 pela UniSEB-COC, Ribeir\u00e3o Preto-SP, atua desde 2017 na produ\u00e7\u00e3o de conte\u00fado para prefeituras, passando da \u00e1rea publicit\u00e1ria para a cria\u00e7\u00e3o de textos estrat\u00e9gicos e not\u00edcias sobre concursos, mantendo os concurseiros bem informados sobre os principais editais de prefeituras e concursos municipais.","birthDate":"1990-04-21","gender":"feminino","url":"https:\/\/www.estrategiaconcursos.com.br\/blog\/author\/melmuara-candidoestrategia-com\/"}]}},"_links":{"self":[{"href":"https:\/\/www.estrategiaconcursos.com.br\/blog\/wp-json\/wp\/v2\/posts\/1717047","targetHints":{"allow":["GET"]}}],"collection":[{"href":"https:\/\/www.estrategiaconcursos.com.br\/blog\/wp-json\/wp\/v2\/posts"}],"about":[{"href":"https:\/\/www.estrategiaconcursos.com.br\/blog\/wp-json\/wp\/v2\/types\/post"}],"author":[{"embeddable":true,"href":"https:\/\/www.estrategiaconcursos.com.br\/blog\/wp-json\/wp\/v2\/users\/2991"}],"replies":[{"embeddable":true,"href":"https:\/\/www.estrategiaconcursos.com.br\/blog\/wp-json\/wp\/v2\/comments?post=1717047"}],"version-history":[{"count":6,"href":"https:\/\/www.estrategiaconcursos.com.br\/blog\/wp-json\/wp\/v2\/posts\/1717047\/revisions"}],"predecessor-version":[{"id":1717076,"href":"https:\/\/www.estrategiaconcursos.com.br\/blog\/wp-json\/wp\/v2\/posts\/1717047\/revisions\/1717076"}],"wp:featuredmedia":[{"embeddable":true,"href":"https:\/\/www.estrategiaconcursos.com.br\/blog\/wp-json\/wp\/v2\/media\/710256"}],"wp:attachment":[{"href":"https:\/\/www.estrategiaconcursos.com.br\/blog\/wp-json\/wp\/v2\/media?parent=1717047"}],"wp:term":[{"taxonomy":"category","embeddable":true,"href":"https:\/\/www.estrategiaconcursos.com.br\/blog\/wp-json\/wp\/v2\/categories?post=1717047"},{"taxonomy":"post_tag","embeddable":true,"href":"https:\/\/www.estrategiaconcursos.com.br\/blog\/wp-json\/wp\/v2\/tags?post=1717047"},{"taxonomy":"tax_estado","embeddable":true,"href":"https:\/\/www.estrategiaconcursos.com.br\/blog\/wp-json\/wp\/v2\/tax_estado?post=1717047"}],"curies":[{"name":"wp","href":"https:\/\/api.w.org\/{rel}","templated":true}]}}