{"id":1716490,"date":"2026-03-04T08:58:00","date_gmt":"2026-03-04T11:58:00","guid":{"rendered":"https:\/\/www.estrategiaconcursos.com.br\/blog\/?p=1716490"},"modified":"2026-02-20T14:33:23","modified_gmt":"2026-02-20T17:33:23","slug":"mandado-seguranca-individual-coletivo","status":"publish","type":"post","link":"https:\/\/www.estrategiaconcursos.com.br\/blog\/mandado-seguranca-individual-coletivo\/","title":{"rendered":"Mandado de Seguran\u00e7a Individual e Coletivo"},"content":{"rendered":"\n<p>Ol\u00e1, nobres! Vamos, hoje, trata do t\u00e3o falado mandado de seguran\u00e7a, tanto individual quanto o coletivo. Tenho certeza de que, ao lado do <em>habeas corpus<\/em>, \u00e9 o rem\u00e9dio constitucional que voc\u00ea mais ouve falar no dia a dia. Explicaremos as principais nuances constitucionais, legais e jurisprudenciais que envolvem esse assunto.<\/p>\n\n\n<figure class=\"wp-block-post-featured-image\"><img loading=\"lazy\" decoding=\"async\" width=\"768\" height=\"432\" src=\"https:\/\/dhg1h5j42swfq.cloudfront.net\/2022\/05\/28120325\/o-que-e-mandado-de-seguranca.jpg\" class=\"attachment-post-thumbnail size-post-thumbnail wp-post-image\" alt=\"mandado de seguran\u00e7a\" style=\"object-fit:cover;\" srcset=\"https:\/\/dhg1h5j42swfq.cloudfront.net\/2022\/05\/28120325\/o-que-e-mandado-de-seguranca.jpg 768w, https:\/\/dhg1h5j42swfq.cloudfront.net\/2022\/05\/28120325\/o-que-e-mandado-de-seguranca-300x169.jpg 300w, https:\/\/dhg1h5j42swfq.cloudfront.net\/2022\/05\/28120325\/o-que-e-mandado-de-seguranca-150x84.jpg 150w\" sizes=\"auto, (max-width: 768px) 100vw, 768px\" \/><\/figure>\n\n\n<h2 class=\"wp-block-heading\" id=\"h-o-mandado-de-seguranca-individual-e-coletivo-na-constituicao-federal\">O Mandado de Seguran\u00e7a individual e coletivo na Constitui\u00e7\u00e3o Federal<\/h2>\n\n\n\n<p>Na <a href=\"https:\/\/www.planalto.gov.br\/ccivil_03\/constituicao\/constituicao.htm\" type=\"link\" id=\"https:\/\/www.planalto.gov.br\/ccivil_03\/constituicao\/constituicao.htm\">Constitui\u00e7\u00e3o Federal de 1988<\/a>(CF\/88), as principais passagens referentes ao mandado de seguran\u00e7a se encontram no Art. 5\u00ba, incisos LXIX e LXX, abaixo transcritos:<\/p>\n\n\n\n<blockquote class=\"wp-block-quote is-layout-flow wp-block-quote-is-layout-flow\">\n<p>LXIX &#8211; conceder-se-\u00e1 mandado de seguran\u00e7a para proteger direito l\u00edquido e certo, n\u00e3o amparado por&nbsp;<em>&#8220;habeas-corpus&#8221;&nbsp;<\/em>ou&nbsp;<em>&#8220;habeas-data&#8221;<\/em>, quando o respons\u00e1vel pela ilegalidade ou abuso de poder for autoridade p\u00fablica ou agente de pessoa jur\u00eddica no exerc\u00edcio de atribui\u00e7\u00f5es do Poder P\u00fablico;<\/p>\n\n\n\n<p><a><\/a><a><\/a>LXX &#8211; o mandado de seguran\u00e7a coletivo pode ser impetrado por:<\/p>\n\n\n\n<p><a><\/a><a><\/a>a) partido pol\u00edtico com representa\u00e7\u00e3o no Congresso Nacional;<\/p>\n\n\n\n<p><a><\/a><a><\/a>b) organiza\u00e7\u00e3o sindical, entidade de classe ou associa\u00e7\u00e3o legalmente constitu\u00edda e em funcionamento h\u00e1 pelo menos um ano, em defesa dos interesses de seus membros ou associados;<\/p>\n<\/blockquote>\n\n\n\n<p>Incialmente, o mandado de seguran\u00e7a foi previsto, pela primeira vez, na <a href=\"http:\/\/www.planalto.gov.br\/ccivil_03\/constituicao\/constituicao34.htm\" type=\"link\" id=\"http:\/\/www.planalto.gov.br\/ccivil_03\/constituicao\/constituicao34.htm\">Constitui\u00e7\u00e3o de 1934<\/a>, para &#8220;<em>defesa de direito, certo e incontest\u00e1vel<\/em>&#8221; <\/p>\n\n\n\n<p>J\u00e1 na CF\/88, visa a proteger &#8220;<em>direito l\u00edquido e certo, n\u00e3o amparado por habeas corpus ou habeas data<\/em>&#8220;<\/p>\n\n\n\n<p>Dessa defini\u00e7\u00e3o inicial tiramos algumas conclus\u00f5es importantes:<\/p>\n\n\n\n<ul class=\"wp-block-list\">\n<li><strong><mark style=\"background-color:rgba(0, 0, 0, 0);color:#9b51e0\" class=\"has-inline-color\">O mandado de seguran\u00e7a \u00e9 residual<\/mark><\/strong>. Ou seja, s\u00f3 ser\u00e1 cab\u00edvel se n\u00e3o for poss\u00edvel impetrar<em> habeas corpus<\/em> ou <em>habeas data.<\/em><\/li>\n\n\n\n<li>O direito deve ser <strong>l\u00edquido e certo<\/strong>. Logo, a prova do direito j\u00e1 deve estar pr\u00e9-constitu\u00edda. Assim, n\u00e3o se admite que voc\u00ea ingresse com um mandado de seguran\u00e7a afirmando que apresentar\u00e1 as provas ao longo do processo. Essas devem ser apresentadas de plano.<\/li>\n<\/ul>\n\n\n\n<p>Lembramos, quanto ao \u00faltimo ponto, que a prova deve estar pr\u00e9-constitu\u00edda, mas o &#8220;direito&#8221; em si n\u00e3o precisa ser inconteste. Mesmo nesse caso, poder\u00e1 ser usado o mandado de seguran\u00e7a. Segue S\u00famula 625 do Supremo Tribunal Federal<br \/><\/p>\n\n\n\n<blockquote class=\"wp-block-quote is-layout-flow wp-block-quote-is-layout-flow\">\n<p>CONTROV\u00c9RSIA SOBRE MAT\u00c9RIA DE DIREITO N\u00c3O IMPEDE CONCESS\u00c3O DE MANDADO DE SEGURAN\u00c7A.<\/p>\n\n\n\n<p><em><strong>Data de Aprova\u00e7\u00e3o &#8211; Sess\u00e3o Plen\u00e1ria de 24\/9\/2003.<\/strong><\/em><\/p>\n<\/blockquote>\n\n\n\n<p>Finalizando o inciso LXIX acima citado, o mandado de seguran\u00e7a \u00e9 cab\u00edvel contra atos de <strong>ilegalidade ou de abuso de poder, quando cometido por autoridade p\u00fablica ou agente de pessoa jur\u00eddica no exerc\u00edcio de atribui\u00e7\u00f5es do Poder P\u00fablico<\/strong>.<\/p>\n\n\n\n<p>Assim, o mandando de seguran\u00e7a caber\u00e1 contra atos ilegais praticados por autoridades p\u00fablicas ou agente de pessoas jur\u00eddicas no exerc\u00edcio de atribui\u00e7\u00f5es do Poder P\u00fablico.<\/p>\n\n\n\n<p>Nesse sentido, muito se discutia se caberia mandado de seguran\u00e7a contra atos de empresas p\u00fablicas e sociedade de economia mista, uma vez que s\u00e3o pessoas jur\u00eddicas de direito privado. <\/p>\n\n\n\n<p>O STJ(Superior Tribunal de Justi\u00e7a), ao partir de uma vis\u00e3o mais material do que formal, entendeu que se os atos praticados s\u00e3o regidos pelo direito p\u00fablico(Ex. licita\u00e7\u00f5es), cabe mandado de seguran\u00e7a.<\/p>\n\n\n\n<p>Segue teor da S\u00famula 333\/STJ:<\/p>\n\n\n\n<blockquote class=\"wp-block-quote is-layout-flow wp-block-quote-is-layout-flow\">\n<p>Cabe mandado de seguran\u00e7a contra ato praticado em licita\u00e7\u00e3o promovida por sociedade de economia mista ou empresa p\u00fablica<\/p>\n<\/blockquote>\n\n\n\n<h3 class=\"wp-block-heading\" id=\"h-mandado-de-seguranca-coletivo\">Mandado de Seguran\u00e7a Coletivo<\/h3>\n\n\n\n<p>Ainda no aspecto constitucional, temos o mandado de seguran\u00e7a coletivo. Essa a\u00e7\u00e3o visa proteger direito l\u00edquido e certo de grupos, classes ou categorias.<\/p>\n\n\n\n<p>Esse a\u00e7\u00e3o pode ser proposta por partido pol\u00edtico com representa\u00e7\u00e3o no Congresso Nacional (deputado ou senador). Nesse caso, s\u00e3o bem comuns a\u00e7\u00f5es de partidos em rela\u00e7\u00e3o \u00e0 distribui\u00e7\u00e3o de recursos do fundo eleitoral.<\/p>\n\n\n\n<p>Quanto ao mandado de seguran\u00e7a impetrado por organiza\u00e7\u00e3o sindical, entidade de classe ou associa\u00e7\u00e3o legalmente constitu\u00edda, <strong><mark style=\"background-color:rgba(0, 0, 0, 0);color:#0693e3\" class=\"has-inline-color\">frisamos que o tempo m\u00ednimo de 1(um) ano de funcionamento s\u00f3 \u00e9 necess\u00e1rio para as associa\u00e7\u00f5es.<\/mark><\/strong> <strong><mark style=\"background-color:rgba(0, 0, 0, 0);color:#cf2e2e\" class=\"has-inline-color\">N\u00e3o caiam nessa pegadinha famosa de concurso p\u00fablico que afirma que sindicato ou entidade de classe deve estar constitu\u00edda h\u00e1 pelo menos 1(um) ano para impetrar mandado de seguran\u00e7a &#8211; Est\u00e1 errado!!!<\/mark><\/strong><\/p>\n\n\n\n<p>Lembramos que a a\u00e7\u00e3o pode visar interesses de uma parte da categoria, apenas, n\u00e3o precisando ser a totalidade. <em>Ex. Mandado de seguran\u00e7a que beneficia apenas os servidores da ativa, excluindo os aposentados.<\/em><\/p>\n\n\n\n<h2 class=\"wp-block-heading\" id=\"h-lei-do-mandado-de-seguranca\">Lei do Mandado de Seguran\u00e7a<\/h2>\n\n\n\n<p>A lei <a href=\"https:\/\/www.planalto.gov.br\/ccivil_03\/_ato2007-2010\/2009\/lei\/l12016.htm\" type=\"link\" id=\"https:\/\/www.planalto.gov.br\/ccivil_03\/_ato2007-2010\/2009\/lei\/l12016.htm\">12.016\/009<\/a> disciplina o mandado de seguran\u00e7a individual e coletivo. \u00c9 uma lei curta, que vale a pena a leitura (apenas 29 artigos).<\/p>\n\n\n\n<p>Alguns pontos relevantes da lei s\u00e3o:<\/p>\n\n\n\n<p>Art. 1\u00ba, \u00a7 2\u00ba:<\/p>\n\n\n\n<blockquote class=\"wp-block-quote is-layout-flow wp-block-quote-is-layout-flow\">\n<p>2<sup>o<\/sup>&nbsp; N\u00e3o cabe mandado de seguran\u00e7a contra os atos de gest\u00e3o comercial praticados pelos administradores de empresas p\u00fablicas, de sociedade de economia mista e de concession\u00e1rias de servi\u00e7o p\u00fablico.<\/p>\n<\/blockquote>\n\n\n\n<p>Observem que aqui n\u00e3o s\u00e3o atos de natureza p\u00fablica, mas sim de natureza eminentemente privadas (de gest\u00e3o). Logo, n\u00e3o cabe mandado de seguran\u00e7a.<\/p>\n\n\n\n<p>Art 5\u00ba:<\/p>\n\n\n\n<blockquote class=\"wp-block-quote is-layout-flow wp-block-quote-is-layout-flow\">\n<div class=\"wp-block-group is-vertical is-layout-flex wp-container-core-group-is-layout-fe9cc265 wp-block-group-is-layout-flex\">\n<div class=\"wp-block-group is-vertical is-layout-flex wp-container-core-group-is-layout-fe9cc265 wp-block-group-is-layout-flex\">\n<p class=\"has-accent-2-background-color has-background\">Art. 5<sup>o<\/sup>&nbsp; <strong><mark style=\"background-color:rgba(0, 0, 0, 0);color:#cf2e2e\" class=\"has-inline-color\">N\u00e3o <\/mark><\/strong>se conceder\u00e1 mandado de seguran\u00e7a quando se tratar:&nbsp;<\/p>\n\n\n\n<p class=\"has-accent-2-background-color has-background\"><a><\/a>I &#8211; de ato do qual caiba recurso administrativo com efeito suspensivo, independentemente de cau\u00e7\u00e3o;&nbsp;<\/p>\n\n\n\n<p class=\"has-accent-2-background-color has-background\"><a><\/a>II &#8211; de decis\u00e3o judicial da qual caiba recurso com efeito suspensivo;&nbsp;<\/p>\n\n\n\n<p class=\"has-accent-2-background-color has-background\"><a><\/a>III &#8211; de decis\u00e3o judicial transitada em julgado.&nbsp;<\/p>\n<\/div>\n<\/div>\n<\/blockquote>\n\n\n\n<p>Esse artigo \u00e9 extremamente importante. Voc\u00eas precisam ter ele &#8220;<em>na ponta da l\u00edngua<\/em>&#8220;.<\/p>\n\n\n\n<p>Art. 14, \u00a7 1\u00ba:<\/p>\n\n\n\n<blockquote class=\"wp-block-quote is-layout-flow wp-block-quote-is-layout-flow\">\n<p>\u00a7 1<sup>o<\/sup>&nbsp; Concedida a seguran\u00e7a, a senten\u00e7a estar\u00e1 sujeita obrigatoriamente ao duplo grau de jurisdi\u00e7\u00e3o<\/p>\n<\/blockquote>\n\n\n\n<p>Aqui, pessoal, caso a &#8220;seguran\u00e7a&#8221; seja concedida por um juiz ou tribunal, ou seja, o impetrante saia vencedor, \u00e9 necess\u00e1ria a remessa em grau de recurso para a confirma\u00e7\u00e3o da medida ou a reforma da decis\u00e3o. <\/p>\n\n\n\n<p>Por fim, pessoal, a lei aduz que o prazo para requerer mandado de seguran\u00e7a \u00e9 de <strong>120(cento e vinte)<\/strong> dias corridos a <strong><mark style=\"background-color:rgba(0, 0, 0, 0);color:#ff6900\" class=\"has-inline-color\">contar da ci\u00eancia do ato<\/mark><\/strong> a ser impugnado pelo interessado.<\/p>\n\n\n\n<h2 class=\"wp-block-heading\" id=\"h-jurisprudencias\">Jurisprud\u00eancias<\/h2>\n\n\n\n<p>Nobres, aqui o campo \u00e9 &#8220;f\u00e9rtil&#8221;. S\u00e3o muitas s\u00famulas e decis\u00f5es das cortes superiores acerca do mandado de seguran\u00e7a &#8211; individual e coletivo.<\/p>\n\n\n\n<blockquote class=\"wp-block-quote is-layout-flow wp-block-quote-is-layout-flow\">\n<p><strong>S\u00famula 266 &#8211; STF.&nbsp;<\/strong>N\u00e3o cabe mandado de seguran\u00e7a contra lei em tese.<\/p>\n<\/blockquote>\n\n\n\n<p>A s\u00famula 266 pro\u00edbe que simples exist\u00eancia de uma lei, sem aplica\u00e7\u00e3o a um caso concreto que viole um direito l\u00edquido e certo, seja pass\u00edvel de a\u00e7\u00e3o de mandado de seguran\u00e7a.<\/p>\n\n\n\n<blockquote class=\"wp-block-quote is-layout-flow wp-block-quote-is-layout-flow\">\n<p><strong>S\u00famula 271 &#8211; STF.<\/strong>\u00a0Concess\u00e3o de mandado de seguran\u00e7a n\u00e3o produz efeitos patrimoniais em rela\u00e7\u00e3o a per\u00edodo pret\u00e9rito, os quais devem ser reclamados administrativamente ou pela via judicial pr\u00f3pria.<\/p>\n<\/blockquote>\n\n\n\n<p>Nesse caso, por exemplo, um servidor impetra mandado de seguran\u00e7a afirmando que n\u00e3o vem recebendo bonifica\u00e7\u00e3o prevista em lei desde 2020. Ao impetrar um mandado de seguran\u00e7a em 2025, sendo julgado favor\u00e1vel em 2026, o servidor s\u00f3 ter\u00e1 direito aos valores atrasados a partir de 2025(quando ajuizou a a\u00e7\u00e3o). Os valores anteriores devem ser pleiteados por a\u00e7\u00e3o pr\u00f3pria na justi\u00e7a. Lembramos, nobres, que o mandado de seguran\u00e7a tem rito processual mais c\u00e9lere do que diversas a\u00e7\u00f5es ordin\u00e1rias, por isso seu uso massivo nesse tipo de situa\u00e7\u00e3o.<\/p>\n\n\n\n<blockquote class=\"wp-block-quote is-layout-flow wp-block-quote-is-layout-flow\">\n<p><strong>S\u00famula 512 &#8211; STF.&nbsp;<\/strong>N\u00e3o cabe condena\u00e7\u00e3o em honor\u00e1rios de advogado na a\u00e7\u00e3o de mandado de seguran\u00e7a.<\/p>\n<\/blockquote>\n\n\n\n<p>Essa s\u00famula \u00e9 importante pois permite que, ao se ingressar com um mandado de seguran\u00e7a, caso venha a ser &#8220;vencido&#8221;, n\u00e3o ser\u00e1 necess\u00e1rio pagar honor\u00e1rios advocat\u00edcios da parte vencedora. As cortes superiores entendem que esse custo inviabilizaria o uso do rem\u00e9dio constitucional.<\/p>\n\n\n\n<h3 class=\"wp-block-heading\" id=\"h-mandado-de-seguranca-coletivo-0\">Mandado de seguran\u00e7a coletivo<\/h3>\n\n\n\n<p>No que tange a mandados de seguran\u00e7a coletivos, temos:<\/p>\n\n\n\n<ul class=\"wp-block-list\">\n<li>O STJ reconhece que associa\u00e7\u00f5es t\u00eam legitimidade para impetrar mandado de seguran\u00e7a coletivo em defesa de direitos difusos, coletivos e individuais homog\u00eaneos, <strong>sem necessidade de autoriza\u00e7\u00e3o expressa dos associados<\/strong>. STJ. 2\u00aa Turma. REsp 1796185\/RS, Rel. Min. Herman Benjamin, julgado em 28\/03\/2019<\/li>\n\n\n\n<li><strong>Benef\u00edcio a Todos os Associados<\/strong>: A decis\u00e3o em mandado de seguran\u00e7a coletivo impetrado por uma associa\u00e7\u00e3o beneficia todos os associados, <strong>mesmo <\/strong>aqueles que se filiaram ap\u00f3s a impetra\u00e7\u00e3o, conforme entendimento do STJ. STJ. 2\u00aa Turma. AgInt no REsp 1841604-RJ, Rel. Min. Mauro Campbell Marques, julgado em 22\/04\/2020 (Info 670)<\/li>\n\n\n\n<li><strong>A Defensoria P\u00fablica n\u00e3o det\u00e9m legitimidade<\/strong> para impetrar mandado de seguran\u00e7a coletivo. STJ. 1\u00aa Turma. RMS 51.949\/ES, Rel. Min. Benedito Gon\u00e7alves, julgado em 23\/11\/2021.<\/li>\n<\/ul>\n\n\n\n<h2 class=\"wp-block-heading\" id=\"h-conclusao\">Conclus\u00e3o<\/h2>\n\n\n\n<p>Pessoal, finalizamos aqui mais um artigo. O mandado de seguran\u00e7a, tanto individual quanto o coletivo, \u00e9 um tema sempre presente e com diversas min\u00facias e jurisprud\u00eancias que, nem de longe, forma esgotadas aqui.<\/p>\n\n\n\n<p>Por fim, refor\u00e7o que as a\u00e7\u00f5es em mandado de seguran\u00e7a, diferente do <em>habeas corpus<\/em> e do <em>habeas data<\/em>, <strong>N\u00c3O S\u00c3O GRATUITAS.<\/strong><\/p>\n\n\n\n<p>Desejo bons estudos!<\/p>\n\n\n\n<p class=\"has-text-align-left\"><em>Quer estar antenado aos pr\u00f3ximos concursos previstos? Confira nossos artigos!<\/em><\/p>\n\n\n\n<p class=\"has-text-align-center has-black-color has-vivid-cyan-blue-background-color has-text-color has-background has-link-color wp-elements-9603f785c0eec09bc6030dcf96ae9ff9\"><a href=\"https:\/\/www.estrategiaconcursos.com.br\/blog\/concursos-abertos\/\" target=\"_blank\" rel=\"noreferrer noopener\"><strong><mark style=\"background-color:rgba(0, 0, 0, 0)\" class=\"has-inline-color has-black-color\">Concursos Abertos<\/mark><\/strong><\/a><\/p>\n\n\n\n<p class=\"has-text-align-center has-black-color has-vivid-cyan-blue-background-color has-text-color has-background has-link-color wp-elements-035e8bba74ba04b5f8015d417e24c8dd\"><a href=\"https:\/\/www.estrategiaconcursos.com.br\/blog\/concursos-2026\/\" target=\"_blank\" rel=\"noreferrer noopener\"><strong><mark style=\"background-color:rgba(0, 0, 0, 0)\" class=\"has-inline-color has-black-color\">Concursos 2026<\/mark><\/strong><\/a><\/p>\n","protected":false},"excerpt":{"rendered":"<p>Ol\u00e1, nobres! Vamos, hoje, trata do t\u00e3o falado mandado de seguran\u00e7a, tanto individual quanto o coletivo. Tenho certeza de que, ao lado do habeas corpus, \u00e9 o rem\u00e9dio constitucional que voc\u00ea mais ouve falar no dia a dia. Explicaremos as principais nuances constitucionais, legais e jurisprudenciais que envolvem esse assunto. O Mandado de Seguran\u00e7a individual [&hellip;]<\/p>\n","protected":false},"author":2891,"featured_media":1496572,"comment_status":"open","ping_status":"closed","sticky":false,"template":"","format":"standard","meta":{"post_tipo":"article","footnotes":""},"categories":[1],"tags":[],"tax_estado":[],"class_list":["post-1716490","post","type-post","status-publish","format-standard","has-post-thumbnail","hentry","category-cursos-e-concursos"],"acf":[],"yoast_head":"<!-- This site is optimized with the Yoast SEO Premium plugin v27.2 (Yoast SEO v27.2) - https:\/\/yoast.com\/product\/yoast-seo-premium-wordpress\/ -->\n<title>Mandado de Seguran\u00e7a Individual e Coletivo<\/title>\n<meta name=\"description\" content=\"Trataremos do mandado de seguran\u00e7a individual e coletivo. Abordando aspectos constitucionais, legais e jurisprudenciais.\" \/>\n<meta name=\"robots\" content=\"index, follow, max-snippet:-1, max-image-preview:large, max-video-preview:-1\" \/>\n<link rel=\"canonical\" href=\"https:\/\/www.estrategiaconcursos.com.br\/blog\/mandado-seguranca-individual-coletivo\/\" \/>\n<meta property=\"og:locale\" content=\"pt_BR\" \/>\n<meta property=\"og:type\" content=\"article\" \/>\n<meta property=\"og:title\" content=\"Mandado de Seguran\u00e7a Individual e Coletivo\" \/>\n<meta property=\"og:description\" content=\"Trataremos do mandado de seguran\u00e7a individual e coletivo. Abordando aspectos constitucionais, legais e jurisprudenciais.\" \/>\n<meta property=\"og:url\" content=\"https:\/\/www.estrategiaconcursos.com.br\/blog\/mandado-seguranca-individual-coletivo\/\" \/>\n<meta property=\"og:site_name\" content=\"Estrat\u00e9gia Concursos\" \/>\n<meta property=\"article:published_time\" content=\"2026-03-04T11:58:00+00:00\" \/>\n<meta property=\"og:image\" content=\"https:\/\/dhg1h5j42swfq.cloudfront.net\/2022\/05\/28120325\/o-que-e-mandado-de-seguranca.jpg\" \/>\n\t<meta property=\"og:image:width\" content=\"768\" \/>\n\t<meta property=\"og:image:height\" content=\"432\" \/>\n\t<meta property=\"og:image:type\" content=\"image\/jpeg\" \/>\n<meta name=\"author\" content=\"Julian Silva da Costa\" \/>\n<meta name=\"twitter:card\" content=\"summary_large_image\" \/>\n<meta name=\"twitter:creator\" content=\"@EstratConcursos\" \/>\n<meta name=\"twitter:site\" content=\"@EstratConcursos\" \/>\n<meta name=\"twitter:label1\" content=\"Escrito por\" \/>\n\t<meta name=\"twitter:data1\" content=\"Julian Silva da Costa\" \/>\n\t<meta name=\"twitter:label2\" content=\"Est. tempo de leitura\" \/>\n\t<meta name=\"twitter:data2\" content=\"8 minutos\" \/>\n<script type=\"application\/ld+json\" class=\"yoast-schema-graph\">{\"@context\":\"https:\/\/schema.org\",\"@graph\":[{\"@type\":\"NewsArticle\",\"@id\":\"https:\/\/www.estrategiaconcursos.com.br\/blog\/mandado-seguranca-individual-coletivo\/#article\",\"isPartOf\":{\"@id\":\"https:\/\/www.estrategiaconcursos.com.br\/blog\/mandado-seguranca-individual-coletivo\/\"},\"author\":{\"name\":\"Julian Silva da Costa\",\"@id\":\"https:\/\/www.estrategiaconcursos.com.br\/blog\/#\/schema\/person\/a5ec86ed99d8fd925bce05c446c24029\"},\"headline\":\"Mandado de Seguran\u00e7a Individual e Coletivo\",\"datePublished\":\"2026-03-04T11:58:00+00:00\",\"mainEntityOfPage\":{\"@id\":\"https:\/\/www.estrategiaconcursos.com.br\/blog\/mandado-seguranca-individual-coletivo\/\"},\"wordCount\":1516,\"commentCount\":0,\"publisher\":{\"@id\":\"https:\/\/www.estrategiaconcursos.com.br\/blog\/#organization\"},\"image\":{\"@id\":\"https:\/\/www.estrategiaconcursos.com.br\/blog\/mandado-seguranca-individual-coletivo\/#primaryimage\"},\"thumbnailUrl\":\"https:\/\/dhg1h5j42swfq.cloudfront.net\/2022\/05\/28120325\/o-que-e-mandado-de-seguranca.jpg\",\"articleSection\":[\"Concursos P\u00fablicos\"],\"inLanguage\":\"pt-BR\",\"potentialAction\":[{\"@type\":\"CommentAction\",\"name\":\"Comment\",\"target\":[\"https:\/\/www.estrategiaconcursos.com.br\/blog\/mandado-seguranca-individual-coletivo\/#respond\"]}],\"copyrightYear\":\"2026\",\"copyrightHolder\":{\"@id\":\"https:\/\/www.estrategiaconcursos.com.br\/blog\/#organization\"}},{\"@type\":\"WebPage\",\"@id\":\"https:\/\/www.estrategiaconcursos.com.br\/blog\/mandado-seguranca-individual-coletivo\/\",\"url\":\"https:\/\/www.estrategiaconcursos.com.br\/blog\/mandado-seguranca-individual-coletivo\/\",\"name\":\"Mandado de Seguran\u00e7a Individual e Coletivo\",\"isPartOf\":{\"@id\":\"https:\/\/www.estrategiaconcursos.com.br\/blog\/#website\"},\"primaryImageOfPage\":{\"@id\":\"https:\/\/www.estrategiaconcursos.com.br\/blog\/mandado-seguranca-individual-coletivo\/#primaryimage\"},\"image\":{\"@id\":\"https:\/\/www.estrategiaconcursos.com.br\/blog\/mandado-seguranca-individual-coletivo\/#primaryimage\"},\"thumbnailUrl\":\"https:\/\/dhg1h5j42swfq.cloudfront.net\/2022\/05\/28120325\/o-que-e-mandado-de-seguranca.jpg\",\"datePublished\":\"2026-03-04T11:58:00+00:00\",\"description\":\"Trataremos do mandado de seguran\u00e7a individual e coletivo. Abordando aspectos constitucionais, legais e jurisprudenciais.\",\"breadcrumb\":{\"@id\":\"https:\/\/www.estrategiaconcursos.com.br\/blog\/mandado-seguranca-individual-coletivo\/#breadcrumb\"},\"inLanguage\":\"pt-BR\",\"potentialAction\":[{\"@type\":\"ReadAction\",\"target\":[\"https:\/\/www.estrategiaconcursos.com.br\/blog\/mandado-seguranca-individual-coletivo\/\"]}]},{\"@type\":\"ImageObject\",\"inLanguage\":\"pt-BR\",\"@id\":\"https:\/\/www.estrategiaconcursos.com.br\/blog\/mandado-seguranca-individual-coletivo\/#primaryimage\",\"url\":\"https:\/\/dhg1h5j42swfq.cloudfront.net\/2022\/05\/28120325\/o-que-e-mandado-de-seguranca.jpg\",\"contentUrl\":\"https:\/\/dhg1h5j42swfq.cloudfront.net\/2022\/05\/28120325\/o-que-e-mandado-de-seguranca.jpg\",\"width\":768,\"height\":432,\"caption\":\"mandado de seguran\u00e7a\"},{\"@type\":\"BreadcrumbList\",\"@id\":\"https:\/\/www.estrategiaconcursos.com.br\/blog\/mandado-seguranca-individual-coletivo\/#breadcrumb\",\"itemListElement\":[{\"@type\":\"ListItem\",\"position\":1,\"name\":\"In\u00edcio\",\"item\":\"https:\/\/www.estrategiaconcursos.com.br\/blog\/\"},{\"@type\":\"ListItem\",\"position\":2,\"name\":\"Mandado de Seguran\u00e7a Individual e Coletivo\"}]},{\"@type\":\"WebSite\",\"@id\":\"https:\/\/www.estrategiaconcursos.com.br\/blog\/#website\",\"url\":\"https:\/\/www.estrategiaconcursos.com.br\/blog\/\",\"name\":\"Estrat\u00e9gia Concursos\",\"description\":\"O blog da Estrat\u00e9gia Concursos traz not\u00edcias sobre concursos e artigos de professores oferecendo cursos para concursos (pdf + videaulas) no site.\",\"publisher\":{\"@id\":\"https:\/\/www.estrategiaconcursos.com.br\/blog\/#organization\"},\"potentialAction\":[{\"@type\":\"SearchAction\",\"target\":{\"@type\":\"EntryPoint\",\"urlTemplate\":\"https:\/\/www.estrategiaconcursos.com.br\/blog\/?s={search_term_string}\"},\"query-input\":{\"@type\":\"PropertyValueSpecification\",\"valueRequired\":true,\"valueName\":\"search_term_string\"}}],\"inLanguage\":\"pt-BR\"},{\"@type\":\"Organization\",\"@id\":\"https:\/\/www.estrategiaconcursos.com.br\/blog\/#organization\",\"name\":\"Estrat\u00e9gia Concursos\",\"url\":\"https:\/\/www.estrategiaconcursos.com.br\/blog\/\",\"logo\":{\"@type\":\"ImageObject\",\"inLanguage\":\"pt-BR\",\"@id\":\"https:\/\/www.estrategiaconcursos.com.br\/blog\/#\/schema\/logo\/image\/\",\"url\":\"https:\/\/dhg1h5j42swfq.cloudfront.net\/2025\/06\/03203428\/logo_concursos-1.jpg\",\"contentUrl\":\"https:\/\/dhg1h5j42swfq.cloudfront.net\/2025\/06\/03203428\/logo_concursos-1.jpg\",\"width\":230,\"height\":60,\"caption\":\"Estrat\u00e9gia Concursos\"},\"image\":{\"@id\":\"https:\/\/www.estrategiaconcursos.com.br\/blog\/#\/schema\/logo\/image\/\"},\"sameAs\":[\"https:\/\/x.com\/EstratConcursos\"]},{\"@type\":\"Person\",\"@id\":\"https:\/\/www.estrategiaconcursos.com.br\/blog\/#\/schema\/person\/a5ec86ed99d8fd925bce05c446c24029\",\"name\":\"Julian Silva da Costa\",\"image\":{\"@type\":\"ImageObject\",\"inLanguage\":\"pt-BR\",\"@id\":\"https:\/\/secure.gravatar.com\/avatar\/bdd6b68c7c5a37063a734a0fb5b7547b717c3909fd8740b8e2e6ecf1df91f3f0?s=96&d=mm&r=g\",\"url\":\"https:\/\/secure.gravatar.com\/avatar\/bdd6b68c7c5a37063a734a0fb5b7547b717c3909fd8740b8e2e6ecf1df91f3f0?s=96&d=mm&r=g\",\"contentUrl\":\"https:\/\/secure.gravatar.com\/avatar\/bdd6b68c7c5a37063a734a0fb5b7547b717c3909fd8740b8e2e6ecf1df91f3f0?s=96&d=mm&r=g\",\"caption\":\"Julian Silva da Costa\"},\"description\":\"Principais aprova\u00e7\u00f5es: Escola Preparat\u00f3ria de Cadetes do Ar(2006-2007); Escola de Sargento das Armas-EsSA(2008); T\u00e9cnico em Seguran\u00e7a do Banco Central do Brasil(2013); Analista em Planejamento e Finan\u00e7as - SEPOG RO(2017); Fiscal de Tributos Estaduais - SEFAZ MT(2023); Auditor Fiscal Tribut\u00e1rio Municipal - ISS\/SP(2023)\",\"url\":\"https:\/\/www.estrategiaconcursos.com.br\/blog\/author\/julian_aracatihotmail-com\/\"}]}<\/script>\n<!-- \/ Yoast SEO Premium plugin. -->","yoast_head_json":{"title":"Mandado de Seguran\u00e7a Individual e Coletivo","description":"Trataremos do mandado de seguran\u00e7a individual e coletivo. Abordando aspectos constitucionais, legais e jurisprudenciais.","robots":{"index":"index","follow":"follow","max-snippet":"max-snippet:-1","max-image-preview":"max-image-preview:large","max-video-preview":"max-video-preview:-1"},"canonical":"https:\/\/www.estrategiaconcursos.com.br\/blog\/mandado-seguranca-individual-coletivo\/","og_locale":"pt_BR","og_type":"article","og_title":"Mandado de Seguran\u00e7a Individual e Coletivo","og_description":"Trataremos do mandado de seguran\u00e7a individual e coletivo. Abordando aspectos constitucionais, legais e jurisprudenciais.","og_url":"https:\/\/www.estrategiaconcursos.com.br\/blog\/mandado-seguranca-individual-coletivo\/","og_site_name":"Estrat\u00e9gia Concursos","article_published_time":"2026-03-04T11:58:00+00:00","og_image":[{"width":768,"height":432,"url":"https:\/\/dhg1h5j42swfq.cloudfront.net\/2022\/05\/28120325\/o-que-e-mandado-de-seguranca.jpg","type":"image\/jpeg"}],"author":"Julian Silva da Costa","twitter_card":"summary_large_image","twitter_creator":"@EstratConcursos","twitter_site":"@EstratConcursos","twitter_misc":{"Escrito por":"Julian Silva da Costa","Est. tempo de leitura":"8 minutos"},"schema":{"@context":"https:\/\/schema.org","@graph":[{"@type":"NewsArticle","@id":"https:\/\/www.estrategiaconcursos.com.br\/blog\/mandado-seguranca-individual-coletivo\/#article","isPartOf":{"@id":"https:\/\/www.estrategiaconcursos.com.br\/blog\/mandado-seguranca-individual-coletivo\/"},"author":{"name":"Julian Silva da Costa","@id":"https:\/\/www.estrategiaconcursos.com.br\/blog\/#\/schema\/person\/a5ec86ed99d8fd925bce05c446c24029"},"headline":"Mandado de Seguran\u00e7a Individual e Coletivo","datePublished":"2026-03-04T11:58:00+00:00","mainEntityOfPage":{"@id":"https:\/\/www.estrategiaconcursos.com.br\/blog\/mandado-seguranca-individual-coletivo\/"},"wordCount":1516,"commentCount":0,"publisher":{"@id":"https:\/\/www.estrategiaconcursos.com.br\/blog\/#organization"},"image":{"@id":"https:\/\/www.estrategiaconcursos.com.br\/blog\/mandado-seguranca-individual-coletivo\/#primaryimage"},"thumbnailUrl":"https:\/\/dhg1h5j42swfq.cloudfront.net\/2022\/05\/28120325\/o-que-e-mandado-de-seguranca.jpg","articleSection":["Concursos P\u00fablicos"],"inLanguage":"pt-BR","potentialAction":[{"@type":"CommentAction","name":"Comment","target":["https:\/\/www.estrategiaconcursos.com.br\/blog\/mandado-seguranca-individual-coletivo\/#respond"]}],"copyrightYear":"2026","copyrightHolder":{"@id":"https:\/\/www.estrategiaconcursos.com.br\/blog\/#organization"}},{"@type":"WebPage","@id":"https:\/\/www.estrategiaconcursos.com.br\/blog\/mandado-seguranca-individual-coletivo\/","url":"https:\/\/www.estrategiaconcursos.com.br\/blog\/mandado-seguranca-individual-coletivo\/","name":"Mandado de Seguran\u00e7a Individual e Coletivo","isPartOf":{"@id":"https:\/\/www.estrategiaconcursos.com.br\/blog\/#website"},"primaryImageOfPage":{"@id":"https:\/\/www.estrategiaconcursos.com.br\/blog\/mandado-seguranca-individual-coletivo\/#primaryimage"},"image":{"@id":"https:\/\/www.estrategiaconcursos.com.br\/blog\/mandado-seguranca-individual-coletivo\/#primaryimage"},"thumbnailUrl":"https:\/\/dhg1h5j42swfq.cloudfront.net\/2022\/05\/28120325\/o-que-e-mandado-de-seguranca.jpg","datePublished":"2026-03-04T11:58:00+00:00","description":"Trataremos do mandado de seguran\u00e7a individual e coletivo. Abordando aspectos constitucionais, legais e jurisprudenciais.","breadcrumb":{"@id":"https:\/\/www.estrategiaconcursos.com.br\/blog\/mandado-seguranca-individual-coletivo\/#breadcrumb"},"inLanguage":"pt-BR","potentialAction":[{"@type":"ReadAction","target":["https:\/\/www.estrategiaconcursos.com.br\/blog\/mandado-seguranca-individual-coletivo\/"]}]},{"@type":"ImageObject","inLanguage":"pt-BR","@id":"https:\/\/www.estrategiaconcursos.com.br\/blog\/mandado-seguranca-individual-coletivo\/#primaryimage","url":"https:\/\/dhg1h5j42swfq.cloudfront.net\/2022\/05\/28120325\/o-que-e-mandado-de-seguranca.jpg","contentUrl":"https:\/\/dhg1h5j42swfq.cloudfront.net\/2022\/05\/28120325\/o-que-e-mandado-de-seguranca.jpg","width":768,"height":432,"caption":"mandado de seguran\u00e7a"},{"@type":"BreadcrumbList","@id":"https:\/\/www.estrategiaconcursos.com.br\/blog\/mandado-seguranca-individual-coletivo\/#breadcrumb","itemListElement":[{"@type":"ListItem","position":1,"name":"In\u00edcio","item":"https:\/\/www.estrategiaconcursos.com.br\/blog\/"},{"@type":"ListItem","position":2,"name":"Mandado de Seguran\u00e7a Individual e Coletivo"}]},{"@type":"WebSite","@id":"https:\/\/www.estrategiaconcursos.com.br\/blog\/#website","url":"https:\/\/www.estrategiaconcursos.com.br\/blog\/","name":"Estrat\u00e9gia Concursos","description":"O blog da Estrat\u00e9gia Concursos traz not\u00edcias sobre concursos e artigos de professores oferecendo cursos para concursos (pdf + videaulas) no site.","publisher":{"@id":"https:\/\/www.estrategiaconcursos.com.br\/blog\/#organization"},"potentialAction":[{"@type":"SearchAction","target":{"@type":"EntryPoint","urlTemplate":"https:\/\/www.estrategiaconcursos.com.br\/blog\/?s={search_term_string}"},"query-input":{"@type":"PropertyValueSpecification","valueRequired":true,"valueName":"search_term_string"}}],"inLanguage":"pt-BR"},{"@type":"Organization","@id":"https:\/\/www.estrategiaconcursos.com.br\/blog\/#organization","name":"Estrat\u00e9gia Concursos","url":"https:\/\/www.estrategiaconcursos.com.br\/blog\/","logo":{"@type":"ImageObject","inLanguage":"pt-BR","@id":"https:\/\/www.estrategiaconcursos.com.br\/blog\/#\/schema\/logo\/image\/","url":"https:\/\/dhg1h5j42swfq.cloudfront.net\/2025\/06\/03203428\/logo_concursos-1.jpg","contentUrl":"https:\/\/dhg1h5j42swfq.cloudfront.net\/2025\/06\/03203428\/logo_concursos-1.jpg","width":230,"height":60,"caption":"Estrat\u00e9gia Concursos"},"image":{"@id":"https:\/\/www.estrategiaconcursos.com.br\/blog\/#\/schema\/logo\/image\/"},"sameAs":["https:\/\/x.com\/EstratConcursos"]},{"@type":"Person","@id":"https:\/\/www.estrategiaconcursos.com.br\/blog\/#\/schema\/person\/a5ec86ed99d8fd925bce05c446c24029","name":"Julian Silva da Costa","image":{"@type":"ImageObject","inLanguage":"pt-BR","@id":"https:\/\/secure.gravatar.com\/avatar\/bdd6b68c7c5a37063a734a0fb5b7547b717c3909fd8740b8e2e6ecf1df91f3f0?s=96&d=mm&r=g","url":"https:\/\/secure.gravatar.com\/avatar\/bdd6b68c7c5a37063a734a0fb5b7547b717c3909fd8740b8e2e6ecf1df91f3f0?s=96&d=mm&r=g","contentUrl":"https:\/\/secure.gravatar.com\/avatar\/bdd6b68c7c5a37063a734a0fb5b7547b717c3909fd8740b8e2e6ecf1df91f3f0?s=96&d=mm&r=g","caption":"Julian Silva da Costa"},"description":"Principais aprova\u00e7\u00f5es: Escola Preparat\u00f3ria de Cadetes do Ar(2006-2007); Escola de Sargento das Armas-EsSA(2008); T\u00e9cnico em Seguran\u00e7a do Banco Central do Brasil(2013); Analista em Planejamento e Finan\u00e7as - SEPOG RO(2017); Fiscal de Tributos Estaduais - SEFAZ MT(2023); Auditor Fiscal Tribut\u00e1rio Municipal - ISS\/SP(2023)","url":"https:\/\/www.estrategiaconcursos.com.br\/blog\/author\/julian_aracatihotmail-com\/"}]}},"_links":{"self":[{"href":"https:\/\/www.estrategiaconcursos.com.br\/blog\/wp-json\/wp\/v2\/posts\/1716490","targetHints":{"allow":["GET"]}}],"collection":[{"href":"https:\/\/www.estrategiaconcursos.com.br\/blog\/wp-json\/wp\/v2\/posts"}],"about":[{"href":"https:\/\/www.estrategiaconcursos.com.br\/blog\/wp-json\/wp\/v2\/types\/post"}],"author":[{"embeddable":true,"href":"https:\/\/www.estrategiaconcursos.com.br\/blog\/wp-json\/wp\/v2\/users\/2891"}],"replies":[{"embeddable":true,"href":"https:\/\/www.estrategiaconcursos.com.br\/blog\/wp-json\/wp\/v2\/comments?post=1716490"}],"version-history":[{"count":33,"href":"https:\/\/www.estrategiaconcursos.com.br\/blog\/wp-json\/wp\/v2\/posts\/1716490\/revisions"}],"predecessor-version":[{"id":1716535,"href":"https:\/\/www.estrategiaconcursos.com.br\/blog\/wp-json\/wp\/v2\/posts\/1716490\/revisions\/1716535"}],"wp:featuredmedia":[{"embeddable":true,"href":"https:\/\/www.estrategiaconcursos.com.br\/blog\/wp-json\/wp\/v2\/media\/1496572"}],"wp:attachment":[{"href":"https:\/\/www.estrategiaconcursos.com.br\/blog\/wp-json\/wp\/v2\/media?parent=1716490"}],"wp:term":[{"taxonomy":"category","embeddable":true,"href":"https:\/\/www.estrategiaconcursos.com.br\/blog\/wp-json\/wp\/v2\/categories?post=1716490"},{"taxonomy":"post_tag","embeddable":true,"href":"https:\/\/www.estrategiaconcursos.com.br\/blog\/wp-json\/wp\/v2\/tags?post=1716490"},{"taxonomy":"tax_estado","embeddable":true,"href":"https:\/\/www.estrategiaconcursos.com.br\/blog\/wp-json\/wp\/v2\/tax_estado?post=1716490"}],"curies":[{"name":"wp","href":"https:\/\/api.w.org\/{rel}","templated":true}]}}