{"id":171173,"date":"2019-05-14T01:00:51","date_gmt":"2019-05-14T04:00:51","guid":{"rendered":"https:\/\/www.estrategiaconcursos.com.br\/blog\/?p=171173"},"modified":"2019-05-14T10:10:07","modified_gmt":"2019-05-14T13:10:07","slug":"edital-guarda-municipal-bh","status":"publish","type":"post","link":"https:\/\/www.estrategiaconcursos.com.br\/blog\/edital-guarda-municipal-bh\/","title":{"rendered":"Edital Guarda Municipal BH: \u00faltimo dia de inscri\u00e7\u00f5es com 500 vagas"},"content":{"rendered":"\n<p>Termina nesta ter\u00e7a-feira, 14 de maio, as inscri\u00e7\u00f5es do concurso da Guarda Municipal do Estado de Belo Horizonte com oferta de 500 vagas.<\/p>\n\n\n\n<p>Os candidatos interessados devem entrar no site da banca organizadora do certame, FGR concursos, e realizar o pagamento da taxa que est\u00e1 no valor de <strong>R$ 92,50. <\/strong><\/p>\n\n\n\n<p>O edital do concurso para a Guarda Municipal de Belo Horizonte est\u00e1 ofertando vagas imediatas com remunera\u00e7\u00e3o inicial de R$ 2.869,16.<\/p>\n\n\n\n<p>A primeira etapa do certame, que consistir\u00e1 em uma prova objetiva, ser\u00e1 aplicada no dia 23 de junho de 2019 em Belo Horizonte (MG).<\/p>\n\n\n\n<h2 class=\"wp-block-heading\">Vagas e remunera\u00e7\u00e3o<\/h2>\n\n\n\n<p>O concurso oferece 500 vagas distribu\u00eddas entre candidatos do sexo masculino e feminino, com reserva de vagas para candidatos negros.<\/p>\n\n\n\n<p>A jornada de trabalho \u00e9 de 40 horas semanais e poder\u00e1 ocorrer no turno diurno ou noturno. A remunera\u00e7\u00e3o inicial \u00e9 de  R$ 1.851,21, acrescida de Gratifica\u00e7\u00e3o de Disponibilidade Integral de  R$277,68  e Adicional de Risco de  R$740,48.<\/p>\n\n\n\n<p>Os Guardas Municipais tamb\u00e9m contam com  Vale-transporte, Vale-refei\u00e7\u00e3o no valor de R$ 20,50, vale-lanche no valor de R$ 3,80. Bonifica\u00e7\u00e3o por Cumprimento de Metas, Resultados e Indicadores.<\/p>\n\n\n\n<figure class=\"wp-block-image is-resized\"><img loading=\"lazy\" decoding=\"async\" src=\"https:\/\/dhg1h5j42swfq.cloudfront.net\/2019\/03\/13082625\/concurso-guarda-municipal-bh.jpg\" alt=\"concurso guarda municipal bh\" class=\"wp-image-171183\" width=\"508\" height=\"84\" srcset=\"https:\/\/dhg1h5j42swfq.cloudfront.net\/2019\/03\/13082625\/concurso-guarda-municipal-bh.jpg 1164w, https:\/\/dhg1h5j42swfq.cloudfront.net\/2019\/03\/13082625\/concurso-guarda-municipal-bh.jpg 300w, https:\/\/dhg1h5j42swfq.cloudfront.net\/2019\/03\/13082625\/concurso-guarda-municipal-bh.jpg 768w, https:\/\/dhg1h5j42swfq.cloudfront.net\/2019\/03\/13082625\/concurso-guarda-municipal-bh.jpg 1024w\" sizes=\"auto, (max-width: 508px) 100vw, 508px\" \/><\/figure>\n\n\n\n<h2 class=\"wp-block-heading\">Etapas do concurso Guarda Municipal MG<\/h2>\n\n\n\n<p>O certame contar\u00e1 com <strong>cinco&nbsp;etapas<\/strong>, todas aplicadas em Belo Horizonte (MG):<\/p>\n\n\n\n<p><strong>1\u00aa Etapa <\/strong>&#8211; Prova Objetiva de M\u00faltipla Escolha, de car\u00e1ter Eliminat\u00f3rio e Classificat\u00f3rio; <\/p>\n\n\n\n<p><strong> 2\u00aa Etapa<\/strong> \u2013 Prova de T\u00edtulos, de car\u00e1ter Classificat\u00f3rio; <\/p>\n\n\n\n<p><strong>3\u00aa Etapa<\/strong> \u2013 Prova de Capacidade F\u00edsica, de car\u00e1ter Eliminat\u00f3rio e Classificat\u00f3rio; <\/p>\n\n\n\n<p><strong>4\u00aa Etapa<\/strong> \u2013 Sindic\u00e2ncia Social, de car\u00e1ter Eliminat\u00f3rio;<\/p>\n\n\n\n<p><strong>5\u00aa Etapa <\/strong>\u2013 Avalia\u00e7\u00e3o Psicol\u00f3gica, de car\u00e1ter Eliminat\u00f3rio. <\/p>\n\n\n\n<h2 class=\"wp-block-heading\">Prova objetiva<\/h2>\n\n\n\n<p>A prova objetiva do concurso ser\u00e1 composta por  50 quest\u00f5es de m\u00faltipla escolha com 4 alternativas e exigir\u00e1 conhecimentos em cinco disciplinas:<\/p>\n\n\n\n<figure class=\"wp-block-image is-resized\"><img loading=\"lazy\" decoding=\"async\" src=\"https:\/\/dhg1h5j42swfq.cloudfront.net\/2019\/03\/13081437\/concurso-guarda-municipal-bh-2.jpg\" alt=\"concurso guarda municipal bh\" class=\"wp-image-171177\" width=\"491\" height=\"154\" srcset=\"https:\/\/dhg1h5j42swfq.cloudfront.net\/2019\/03\/13081437\/concurso-guarda-municipal-bh-2.jpg 1161w, https:\/\/dhg1h5j42swfq.cloudfront.net\/2019\/03\/13081437\/concurso-guarda-municipal-bh-2.jpg 300w, https:\/\/dhg1h5j42swfq.cloudfront.net\/2019\/03\/13081437\/concurso-guarda-municipal-bh-2.jpg 768w, https:\/\/dhg1h5j42swfq.cloudfront.net\/2019\/03\/13081437\/concurso-guarda-municipal-bh-2.jpg 1024w\" sizes=\"auto, (max-width: 491px) 100vw, 491px\" \/><\/figure>\n\n\n\n<p>Para ser aprovado, o candidato dever\u00e1 atingir o aproveitamento m\u00ednimo de 60% da prova e n\u00e3o zerar as quest\u00f5es de nenhuma disciplina. <\/p>\n\n\n\n<p>Ser\u00e3o convocados para a prova de t\u00edtulos os classificados nas seguintes posi\u00e7\u00f5es:<\/p>\n\n\n\n<figure class=\"wp-block-image is-resized\"><img loading=\"lazy\" decoding=\"async\" src=\"https:\/\/dhg1h5j42swfq.cloudfront.net\/2019\/03\/13081552\/concurso-guarda-municipal-bh-3.jpg\" alt=\"concurso guarda municipal bh\" class=\"wp-image-171178\" width=\"497\" height=\"97\" srcset=\"https:\/\/dhg1h5j42swfq.cloudfront.net\/2019\/03\/13081552\/concurso-guarda-municipal-bh-3.jpg 1161w, https:\/\/dhg1h5j42swfq.cloudfront.net\/2019\/03\/13081552\/concurso-guarda-municipal-bh-3.jpg 300w, https:\/\/dhg1h5j42swfq.cloudfront.net\/2019\/03\/13081552\/concurso-guarda-municipal-bh-3.jpg 768w, https:\/\/dhg1h5j42swfq.cloudfront.net\/2019\/03\/13081552\/concurso-guarda-municipal-bh-3.jpg 1024w\" sizes=\"auto, (max-width: 497px) 100vw, 497px\" \/><figcaption><br \/><\/figcaption><\/figure>\n\n\n\n<h2 class=\"wp-block-heading\">Prova de T\u00edtulos<\/h2>\n\n\n\n<p>Na segunda etapa do concurso, os candidatos poder\u00e3o apresentar uma s\u00e9rie de documentos comprobat\u00f3rios do exerc\u00edcio de atividades acad\u00eamicas e profissionais, totalizando <strong>15&nbsp;pontos:<\/strong><\/p>\n\n\n\n<figure class=\"wp-block-image\"><img loading=\"lazy\" decoding=\"async\" width=\"587\" height=\"676\" src=\"https:\/\/dhg1h5j42swfq.cloudfront.net\/2019\/03\/13081747\/concurso-guarda-municipal-bh-4.jpg\" alt=\"\" class=\"wp-image-171179\" srcset=\"https:\/\/dhg1h5j42swfq.cloudfront.net\/2019\/03\/13081747\/concurso-guarda-municipal-bh-4.jpg 587w, https:\/\/dhg1h5j42swfq.cloudfront.net\/2019\/03\/13081747\/concurso-guarda-municipal-bh-4.jpg 261w\" sizes=\"auto, (max-width: 587px) 100vw, 587px\" \/><\/figure>\n\n\n\n<h2 class=\"wp-block-heading\">Prova de capacidade f\u00edsica<\/h2>\n\n\n\n<p>Ser\u00e3o convocados para a Prova de Capacidade F\u00edsica os 4 mil melhores classificados, observando as seguintes coloca\u00e7\u00f5es:<\/p>\n\n\n\n<figure class=\"wp-block-image is-resized\"><img loading=\"lazy\" decoding=\"async\" src=\"https:\/\/dhg1h5j42swfq.cloudfront.net\/2019\/03\/13081941\/concurso-guarda-municipal-bh-5.jpg\" alt=\"concurso guarda municipal bh\" class=\"wp-image-171180\" width=\"480\" height=\"96\" srcset=\"https:\/\/dhg1h5j42swfq.cloudfront.net\/2019\/03\/13081941\/concurso-guarda-municipal-bh-5.jpg 1167w, https:\/\/dhg1h5j42swfq.cloudfront.net\/2019\/03\/13081941\/concurso-guarda-municipal-bh-5.jpg 300w, https:\/\/dhg1h5j42swfq.cloudfront.net\/2019\/03\/13081941\/concurso-guarda-municipal-bh-5.jpg 768w, https:\/\/dhg1h5j42swfq.cloudfront.net\/2019\/03\/13081941\/concurso-guarda-municipal-bh-5.jpg 1024w\" sizes=\"auto, (max-width: 480px) 100vw, 480px\" \/><figcaption><br \/><\/figcaption><\/figure>\n\n\n\n<p>A prova de capacidade f\u00edsica consistir\u00e1 em:<\/p>\n\n\n\n<p> a) Para homens: for\u00e7a muscular (flex\u00e3o abdominal), resist\u00eancia aer\u00f3bica (corrida de 2.400 metros) e barra horizontal; <\/p>\n\n\n\n<p>b) Para mulheres: for\u00e7a muscular (flex\u00e3o abdominal), resist\u00eancia aer\u00f3bica (corrida de 2.400 metros) e barra horizontal est\u00e1tica. <\/p>\n\n\n\n<p>A altura m\u00ednima exigida \u00e9 de 1,65m para o sexo masculino, e de 1,60m para o sexo feminino. <\/p>\n\n\n\n<p>Ser\u00e3o convocados para as <strong>fases&nbsp;seguintes<\/strong> apenas os 3 mil candidatos considerados aptos na prova de capacidade f\u00edsica, classificados nas seguintes coloca\u00e7\u00f5es:<\/p>\n\n\n\n<figure class=\"wp-block-image is-resized\"><img loading=\"lazy\" decoding=\"async\" src=\"https:\/\/dhg1h5j42swfq.cloudfront.net\/2019\/03\/13082138\/image9.png\" alt=\"concurso guarda municipal bh\" class=\"wp-image-171181\" width=\"493\" height=\"96\" srcset=\"https:\/\/dhg1h5j42swfq.cloudfront.net\/2019\/03\/13082138\/image9.png 1166w, https:\/\/dhg1h5j42swfq.cloudfront.net\/2019\/03\/13082138\/image9.png 300w, https:\/\/dhg1h5j42swfq.cloudfront.net\/2019\/03\/13082138\/image9.png 768w, https:\/\/dhg1h5j42swfq.cloudfront.net\/2019\/03\/13082138\/image9.png 1024w\" sizes=\"auto, (max-width: 493px) 100vw, 493px\" \/><\/figure>\n\n\n\n<p style=\"font-size:25px;text-align:center\" class=\"has-background has-very-light-gray-background-color\"><a href=\"https:\/\/www.estrategiaconcursos.com.br\/cursosPorConcurso\/prefeitura-de-belo-horizonte-guarda-municipal-de-belo-horizonte\/\" target=\"_blank\" rel=\"noreferrer noopener\" aria-label=\"Cursos Guarda Municipal BH (opens in a new tab)\">Cursos Guarda Municipal BH<\/a><\/p>\n\n\n\n<p style=\"text-align:center\"><em><strong>Assinatura Anual Ilimitada*<\/strong><\/em><\/p>\n\n\n\n<p><em>Prepare-se com o melhor material e com quem mais aprova em Concursos P\u00fablicos em todo o pa\u00eds. Assine agora a nossa Assinatura Anual e tenha acesso ilimitado a todos os nossos cursos.<\/em><\/p>\n\n\n\n<p style=\"text-align:center\" class=\"has-background has-light-green-cyan-background-color\"><strong>ASSINE AGORA<\/strong>&nbsp;\u2013&nbsp;<a rel=\"noreferrer noopener\" href=\"https:\/\/www.estrategiaconcursos.com.br\/assinaturas\" target=\"_blank\">Assinatura Ilimitada<\/a><\/p>\n\n\n\n<figure class=\"wp-block-image\"><img loading=\"lazy\" decoding=\"async\" width=\"300\" height=\"102\" src=\"https:\/\/dhg1h5j42swfq.cloudfront.net\/2017\/03\/28152500\/coruja-ficha-tecnica-300x102.png\" alt=\"Ficha t\u00e9cnica concurso \" class=\"wp-image-68542\"\/><\/figure>\n\n\n\n<p><strong>\u25baInforma\u00e7\u00f5es sobre o concurso Guarda&nbsp;Municipal&nbsp;BH<\/strong><\/p>\n\n\n\n<p>\u25ba<strong>Data prevista para prova<\/strong>: 23\/06\/2019<br \/>\u25ba<strong>Vagas<\/strong>: 500<br \/>\u25ba<strong>Cargos<\/strong>: Guarda Municipal <br \/>\u25ba<strong>Lota\u00e7\u00f5es<\/strong>: Belo Horizonte<br \/>\u25ba<strong>Banca<\/strong>: FGR Concursos<br \/>\u25ba<strong>Escolaridade<\/strong>: N\u00edvel M\u00e9dio<\/p>\n\n\n\n<p>\u25ba<strong>Cursos Estrat\u00e9gia Concursos<\/strong>:&nbsp;<a rel=\"noreferrer noopener\" aria-label=\"Cursos Concurso Guarda Municipal BH (opens in a new tab)\" href=\"https:\/\/www.estrategiaconcursos.com.br\/cursosPorConcurso\/prefeitura-de-belo-horizonte-guarda-municipal-de-belo-horizonte\/\" target=\"_blank\">Cursos Concurso Guarda Municipal BH<\/a><\/p>\n\n\n\n<div class=\"wp-block-file\"><a href=\"https:\/\/dhg1h5j42swfq.cloudfront.net\/2019\/03\/13101632\/Edital-Guarda-Municipal-BH-2019.pdf\" target=\"_blank\" rel=\"noreferrer noopener\"> \u25ba <strong>Edital Guarda Municipal BH 2019<\/strong><\/a><a href=\"https:\/\/dhg1h5j42swfq.cloudfront.net\/2019\/03\/13101632\/Edital-Guarda-Municipal-BH-2019.pdf\" class=\"wp-block-file__button\" download>Baixar<\/a><\/div>\n\n\n\n<p>\u25ba<strong>Inscri\u00e7\u00f5es<\/strong>: 15\/04\/2019<\/p>\n\n\n\n<p><em>Ricardo&nbsp;Brito<\/em><br \/><em>Ascom Estrat\u00e9gia<\/em><br \/>ascomestrategia@gmail.com<\/p>\n\n\n\n<p><em><strong>Receba not\u00edcias de Concursos no seu WhatsApp e\/ou Telegram!<\/strong><\/em><\/p>\n\n\n\n<p><em><strong>Cadastre-se clicando no \u00edcone abaixo<\/strong><\/em><\/p>\n\n\n\n<div class=\"wp-block-image\"><figure class=\"aligncenter is-resized\"><a href=\"https:\/\/www.estrategiaconcursos.com.br\/blog\/noticias-de-concursos-whatsapp-estrategia-concursos\/\" target=\"_blank\" rel=\"noreferrer noopener\"><img loading=\"lazy\" decoding=\"async\" src=\"https:\/\/dhg1h5j42swfq.cloudfront.net\/2018\/03\/22113932\/whatsapptelegram-e1548177162795.png\" alt=\"whatsapp e telegram\" class=\"wp-image-112824\" width=\"178\" height=\"100\"\/><\/a><\/figure><\/div>\n\n\n\n<p style=\"text-align:center\"><a rel=\"noreferrer noopener\" href=\"https:\/\/www.estrategiaconcursos.com.br\/blog\/noticias-de-concursos-whatsapp-estrategia-concursos\/\" target=\"_blank\">Not\u00edcias de concursos no seu WhatsApp e\/ou Telegram<\/a><\/p>\n\n\n\n<p><a href=\"https:\/\/www.estrategiaconcursos.com.br\/gratis\/cursos-extensivos\/\" target=\"_blank\" rel=\"noreferrer noopener\"><em><strong>Inscreva-se no Curso Online Gr\u00e1tis!<\/strong><\/em><\/a><\/p>\n\n\n\n<div class=\"wp-block-image\"><figure class=\"aligncenter\"><a href=\"https:\/\/www.estrategiaconcursos.com.br\/gratis\/cursos-extensivos\/\" target=\"_blank\" rel=\"noreferrer noopener\"><img loading=\"lazy\" decoding=\"async\" width=\"1200\" height=\"300\" src=\"https:\/\/dhg1h5j42swfq.cloudfront.net\/2017\/02\/07143618\/curso-online-gratis.jpg\" alt=\"curso online gratis\" class=\"wp-image-105661\" srcset=\"https:\/\/dhg1h5j42swfq.cloudfront.net\/2017\/02\/07143618\/curso-online-gratis.jpg 1200w, https:\/\/dhg1h5j42swfq.cloudfront.net\/2017\/02\/07143618\/curso-online-gratis.jpg 300w, https:\/\/dhg1h5j42swfq.cloudfront.net\/2017\/02\/07143618\/curso-online-gratis.jpg 768w, https:\/\/dhg1h5j42swfq.cloudfront.net\/2017\/02\/07143618\/curso-online-gratis.jpg 1024w, https:\/\/dhg1h5j42swfq.cloudfront.net\/2017\/02\/07143618\/curso-online-gratis.jpg 610w\" sizes=\"auto, (max-width: 1200px) 100vw, 1200px\" \/><\/a><\/figure><\/div>\n","protected":false},"excerpt":{"rendered":"<p>Termina nesta ter\u00e7a-feira, 14 de maio, as inscri\u00e7\u00f5es do concurso da Guarda Municipal do Estado de Belo Horizonte com oferta de 500 vagas. Os candidatos interessados devem entrar no site da banca organizadora do certame, FGR concursos, e realizar o pagamento da taxa que est\u00e1 no valor de R$ 92,50. O edital do concurso para [&hellip;]<\/p>\n","protected":false},"author":1,"featured_media":146145,"comment_status":"open","ping_status":"closed","sticky":false,"template":"","format":"standard","meta":{"post_tipo":"news","footnotes":""},"categories":[1,1988],"tags":[],"tax_estado":[],"class_list":["post-171173","post","type-post","status-publish","format-standard","has-post-thumbnail","hentry","category-cursos-e-concursos","category-policia"],"acf":[],"yoast_head":"<!-- This site is optimized with the Yoast SEO Premium plugin v27.2 (Yoast SEO v27.2) - https:\/\/yoast.com\/product\/yoast-seo-premium-wordpress\/ -->\n<title>Edital Guarda Municipal BH: \u00faltimo dia de inscri\u00e7\u00f5es com 500 vagas<\/title>\n<meta name=\"description\" content=\"Edital Guarda Municipal BH: \u00faltimo dia de inscri\u00e7\u00f5es do certame com 500 vagas para Guarda Municipal de Belo Horizonte. Provas em junho de 2019!\" \/>\n<meta name=\"robots\" content=\"index, follow, max-snippet:-1, max-image-preview:large, max-video-preview:-1\" \/>\n<link rel=\"canonical\" href=\"https:\/\/www.estrategiaconcursos.com.br\/blog\/edital-guarda-municipal-bh\/\" \/>\n<meta property=\"og:locale\" content=\"pt_BR\" \/>\n<meta property=\"og:type\" content=\"article\" \/>\n<meta property=\"og:title\" content=\"Edital Guarda Municipal BH: \u00faltimo dia de inscri\u00e7\u00f5es com 500 vagas\" \/>\n<meta property=\"og:description\" content=\"Edital Guarda Municipal BH: \u00faltimo dia de inscri\u00e7\u00f5es do certame com 500 vagas para Guarda Municipal de Belo Horizonte. Provas em junho de 2019!\" \/>\n<meta property=\"og:url\" content=\"https:\/\/www.estrategiaconcursos.com.br\/blog\/edital-guarda-municipal-bh\/\" \/>\n<meta property=\"og:site_name\" content=\"Estrat\u00e9gia Concursos\" \/>\n<meta property=\"article:author\" content=\"https:\/\/www.facebook.com\/EstrategiaConcursos\" \/>\n<meta property=\"article:published_time\" content=\"2019-05-14T04:00:51+00:00\" \/>\n<meta property=\"article:modified_time\" content=\"2019-05-14T13:10:07+00:00\" \/>\n<meta property=\"og:image\" content=\"https:\/\/dhg1h5j42swfq.cloudfront.net\/2018\/10\/08173802\/saiu-edital1.jpg\" \/>\n\t<meta property=\"og:image:width\" content=\"400\" \/>\n\t<meta property=\"og:image:height\" content=\"209\" \/>\n\t<meta property=\"og:image:type\" content=\"image\/jpeg\" \/>\n<meta name=\"author\" content=\"Coordena\u00e7\u00e3o\" \/>\n<meta name=\"twitter:card\" content=\"summary_large_image\" \/>\n<meta name=\"twitter:creator\" content=\"@EstratConcursos\" \/>\n<meta name=\"twitter:site\" content=\"@EstratConcursos\" \/>\n<meta name=\"twitter:label1\" content=\"Escrito por\" \/>\n\t<meta name=\"twitter:data1\" content=\"Coordena\u00e7\u00e3o\" \/>\n\t<meta name=\"twitter:label2\" content=\"Est. tempo de leitura\" \/>\n\t<meta name=\"twitter:data2\" content=\"3 minutos\" \/>\n<script type=\"application\/ld+json\" class=\"yoast-schema-graph\">{\"@context\":\"https:\/\/schema.org\",\"@graph\":[{\"@type\":\"NewsArticle\",\"@id\":\"https:\/\/www.estrategiaconcursos.com.br\/blog\/edital-guarda-municipal-bh\/#article\",\"isPartOf\":{\"@id\":\"https:\/\/www.estrategiaconcursos.com.br\/blog\/edital-guarda-municipal-bh\/\"},\"author\":{\"name\":\"Coordena\u00e7\u00e3o\",\"@id\":\"https:\/\/www.estrategiaconcursos.com.br\/blog\/#\/schema\/person\/b4a388c97673c5f483d72185668afa1f\"},\"headline\":\"Edital Guarda Municipal BH: \u00faltimo dia de inscri\u00e7\u00f5es com 500 vagas\",\"datePublished\":\"2019-05-14T04:00:51+00:00\",\"dateModified\":\"2019-05-14T13:10:07+00:00\",\"mainEntityOfPage\":{\"@id\":\"https:\/\/www.estrategiaconcursos.com.br\/blog\/edital-guarda-municipal-bh\/\"},\"wordCount\":615,\"commentCount\":14,\"publisher\":{\"@id\":\"https:\/\/www.estrategiaconcursos.com.br\/blog\/#organization\"},\"image\":{\"@id\":\"https:\/\/www.estrategiaconcursos.com.br\/blog\/edital-guarda-municipal-bh\/#primaryimage\"},\"thumbnailUrl\":\"https:\/\/dhg1h5j42swfq.cloudfront.net\/2018\/10\/08173802\/saiu-edital1.jpg\",\"articleSection\":[\"Concursos P\u00fablicos\",\"Policial (Agente, Escriv\u00e3o e Investigador)\"],\"inLanguage\":\"pt-BR\",\"potentialAction\":[{\"@type\":\"CommentAction\",\"name\":\"Comment\",\"target\":[\"https:\/\/www.estrategiaconcursos.com.br\/blog\/edital-guarda-municipal-bh\/#respond\"]}],\"copyrightYear\":\"2019\",\"copyrightHolder\":{\"@id\":\"https:\/\/www.estrategiaconcursos.com.br\/blog\/#organization\"}},{\"@type\":\"WebPage\",\"@id\":\"https:\/\/www.estrategiaconcursos.com.br\/blog\/edital-guarda-municipal-bh\/\",\"url\":\"https:\/\/www.estrategiaconcursos.com.br\/blog\/edital-guarda-municipal-bh\/\",\"name\":\"Edital Guarda Municipal BH: \u00faltimo dia de inscri\u00e7\u00f5es com 500 vagas\",\"isPartOf\":{\"@id\":\"https:\/\/www.estrategiaconcursos.com.br\/blog\/#website\"},\"primaryImageOfPage\":{\"@id\":\"https:\/\/www.estrategiaconcursos.com.br\/blog\/edital-guarda-municipal-bh\/#primaryimage\"},\"image\":{\"@id\":\"https:\/\/www.estrategiaconcursos.com.br\/blog\/edital-guarda-municipal-bh\/#primaryimage\"},\"thumbnailUrl\":\"https:\/\/dhg1h5j42swfq.cloudfront.net\/2018\/10\/08173802\/saiu-edital1.jpg\",\"datePublished\":\"2019-05-14T04:00:51+00:00\",\"dateModified\":\"2019-05-14T13:10:07+00:00\",\"description\":\"Edital Guarda Municipal BH: \u00faltimo dia de inscri\u00e7\u00f5es do certame com 500 vagas para Guarda Municipal de Belo Horizonte. Provas em junho de 2019!\",\"breadcrumb\":{\"@id\":\"https:\/\/www.estrategiaconcursos.com.br\/blog\/edital-guarda-municipal-bh\/#breadcrumb\"},\"inLanguage\":\"pt-BR\",\"potentialAction\":[{\"@type\":\"ReadAction\",\"target\":[\"https:\/\/www.estrategiaconcursos.com.br\/blog\/edital-guarda-municipal-bh\/\"]}]},{\"@type\":\"ImageObject\",\"inLanguage\":\"pt-BR\",\"@id\":\"https:\/\/www.estrategiaconcursos.com.br\/blog\/edital-guarda-municipal-bh\/#primaryimage\",\"url\":\"https:\/\/dhg1h5j42swfq.cloudfront.net\/2018\/10\/08173802\/saiu-edital1.jpg\",\"contentUrl\":\"https:\/\/dhg1h5j42swfq.cloudfront.net\/2018\/10\/08173802\/saiu-edital1.jpg\",\"width\":400,\"height\":209,\"caption\":\"concurso bombeiros Tocantins\"},{\"@type\":\"BreadcrumbList\",\"@id\":\"https:\/\/www.estrategiaconcursos.com.br\/blog\/edital-guarda-municipal-bh\/#breadcrumb\",\"itemListElement\":[{\"@type\":\"ListItem\",\"position\":1,\"name\":\"In\u00edcio\",\"item\":\"https:\/\/www.estrategiaconcursos.com.br\/blog\/\"},{\"@type\":\"ListItem\",\"position\":2,\"name\":\"Edital Guarda Municipal BH: \u00faltimo dia de inscri\u00e7\u00f5es com 500 vagas\"}]},{\"@type\":\"WebSite\",\"@id\":\"https:\/\/www.estrategiaconcursos.com.br\/blog\/#website\",\"url\":\"https:\/\/www.estrategiaconcursos.com.br\/blog\/\",\"name\":\"Estrat\u00e9gia Concursos\",\"description\":\"O blog da Estrat\u00e9gia Concursos traz not\u00edcias sobre concursos e artigos de professores oferecendo cursos para concursos (pdf + videaulas) no site.\",\"publisher\":{\"@id\":\"https:\/\/www.estrategiaconcursos.com.br\/blog\/#organization\"},\"potentialAction\":[{\"@type\":\"SearchAction\",\"target\":{\"@type\":\"EntryPoint\",\"urlTemplate\":\"https:\/\/www.estrategiaconcursos.com.br\/blog\/?s={search_term_string}\"},\"query-input\":{\"@type\":\"PropertyValueSpecification\",\"valueRequired\":true,\"valueName\":\"search_term_string\"}}],\"inLanguage\":\"pt-BR\"},{\"@type\":\"Organization\",\"@id\":\"https:\/\/www.estrategiaconcursos.com.br\/blog\/#organization\",\"name\":\"Estrat\u00e9gia Concursos\",\"url\":\"https:\/\/www.estrategiaconcursos.com.br\/blog\/\",\"logo\":{\"@type\":\"ImageObject\",\"inLanguage\":\"pt-BR\",\"@id\":\"https:\/\/www.estrategiaconcursos.com.br\/blog\/#\/schema\/logo\/image\/\",\"url\":\"https:\/\/dhg1h5j42swfq.cloudfront.net\/2025\/06\/03203428\/logo_concursos-1.jpg\",\"contentUrl\":\"https:\/\/dhg1h5j42swfq.cloudfront.net\/2025\/06\/03203428\/logo_concursos-1.jpg\",\"width\":230,\"height\":60,\"caption\":\"Estrat\u00e9gia Concursos\"},\"image\":{\"@id\":\"https:\/\/www.estrategiaconcursos.com.br\/blog\/#\/schema\/logo\/image\/\"},\"sameAs\":[\"https:\/\/x.com\/EstratConcursos\"]},{\"@type\":\"Person\",\"@id\":\"https:\/\/www.estrategiaconcursos.com.br\/blog\/#\/schema\/person\/b4a388c97673c5f483d72185668afa1f\",\"name\":\"Coordena\u00e7\u00e3o\",\"image\":{\"@type\":\"ImageObject\",\"inLanguage\":\"pt-BR\",\"@id\":\"https:\/\/secure.gravatar.com\/avatar\/b720319e4c9a967eb58678d110f4fe35452fc5d5f97b202bac7b8acceb18c6ad?s=96&d=mm&r=g\",\"url\":\"https:\/\/secure.gravatar.com\/avatar\/b720319e4c9a967eb58678d110f4fe35452fc5d5f97b202bac7b8acceb18c6ad?s=96&d=mm&r=g\",\"contentUrl\":\"https:\/\/secure.gravatar.com\/avatar\/b720319e4c9a967eb58678d110f4fe35452fc5d5f97b202bac7b8acceb18c6ad?s=96&d=mm&r=g\",\"caption\":\"Coordena\u00e7\u00e3o\"},\"sameAs\":[\"https:\/\/www.facebook.com\/EstrategiaConcursos\",\"https:\/\/x.com\/EstratConcursos\"],\"url\":\"https:\/\/www.estrategiaconcursos.com.br\/blog\/author\/estrategia2013\/\"}]}<\/script>\n<!-- \/ Yoast SEO Premium plugin. -->","yoast_head_json":{"title":"Edital Guarda Municipal BH: \u00faltimo dia de inscri\u00e7\u00f5es com 500 vagas","description":"Edital Guarda Municipal BH: \u00faltimo dia de inscri\u00e7\u00f5es do certame com 500 vagas para Guarda Municipal de Belo Horizonte. Provas em junho de 2019!","robots":{"index":"index","follow":"follow","max-snippet":"max-snippet:-1","max-image-preview":"max-image-preview:large","max-video-preview":"max-video-preview:-1"},"canonical":"https:\/\/www.estrategiaconcursos.com.br\/blog\/edital-guarda-municipal-bh\/","og_locale":"pt_BR","og_type":"article","og_title":"Edital Guarda Municipal BH: \u00faltimo dia de inscri\u00e7\u00f5es com 500 vagas","og_description":"Edital Guarda Municipal BH: \u00faltimo dia de inscri\u00e7\u00f5es do certame com 500 vagas para Guarda Municipal de Belo Horizonte. Provas em junho de 2019!","og_url":"https:\/\/www.estrategiaconcursos.com.br\/blog\/edital-guarda-municipal-bh\/","og_site_name":"Estrat\u00e9gia Concursos","article_author":"https:\/\/www.facebook.com\/EstrategiaConcursos","article_published_time":"2019-05-14T04:00:51+00:00","article_modified_time":"2019-05-14T13:10:07+00:00","og_image":[{"width":400,"height":209,"url":"https:\/\/dhg1h5j42swfq.cloudfront.net\/2018\/10\/08173802\/saiu-edital1.jpg","type":"image\/jpeg"}],"author":"Coordena\u00e7\u00e3o","twitter_card":"summary_large_image","twitter_creator":"@EstratConcursos","twitter_site":"@EstratConcursos","twitter_misc":{"Escrito por":"Coordena\u00e7\u00e3o","Est. tempo de leitura":"3 minutos"},"schema":{"@context":"https:\/\/schema.org","@graph":[{"@type":"NewsArticle","@id":"https:\/\/www.estrategiaconcursos.com.br\/blog\/edital-guarda-municipal-bh\/#article","isPartOf":{"@id":"https:\/\/www.estrategiaconcursos.com.br\/blog\/edital-guarda-municipal-bh\/"},"author":{"name":"Coordena\u00e7\u00e3o","@id":"https:\/\/www.estrategiaconcursos.com.br\/blog\/#\/schema\/person\/b4a388c97673c5f483d72185668afa1f"},"headline":"Edital Guarda Municipal BH: \u00faltimo dia de inscri\u00e7\u00f5es com 500 vagas","datePublished":"2019-05-14T04:00:51+00:00","dateModified":"2019-05-14T13:10:07+00:00","mainEntityOfPage":{"@id":"https:\/\/www.estrategiaconcursos.com.br\/blog\/edital-guarda-municipal-bh\/"},"wordCount":615,"commentCount":14,"publisher":{"@id":"https:\/\/www.estrategiaconcursos.com.br\/blog\/#organization"},"image":{"@id":"https:\/\/www.estrategiaconcursos.com.br\/blog\/edital-guarda-municipal-bh\/#primaryimage"},"thumbnailUrl":"https:\/\/dhg1h5j42swfq.cloudfront.net\/2018\/10\/08173802\/saiu-edital1.jpg","articleSection":["Concursos P\u00fablicos","Policial (Agente, Escriv\u00e3o e Investigador)"],"inLanguage":"pt-BR","potentialAction":[{"@type":"CommentAction","name":"Comment","target":["https:\/\/www.estrategiaconcursos.com.br\/blog\/edital-guarda-municipal-bh\/#respond"]}],"copyrightYear":"2019","copyrightHolder":{"@id":"https:\/\/www.estrategiaconcursos.com.br\/blog\/#organization"}},{"@type":"WebPage","@id":"https:\/\/www.estrategiaconcursos.com.br\/blog\/edital-guarda-municipal-bh\/","url":"https:\/\/www.estrategiaconcursos.com.br\/blog\/edital-guarda-municipal-bh\/","name":"Edital Guarda Municipal BH: \u00faltimo dia de inscri\u00e7\u00f5es com 500 vagas","isPartOf":{"@id":"https:\/\/www.estrategiaconcursos.com.br\/blog\/#website"},"primaryImageOfPage":{"@id":"https:\/\/www.estrategiaconcursos.com.br\/blog\/edital-guarda-municipal-bh\/#primaryimage"},"image":{"@id":"https:\/\/www.estrategiaconcursos.com.br\/blog\/edital-guarda-municipal-bh\/#primaryimage"},"thumbnailUrl":"https:\/\/dhg1h5j42swfq.cloudfront.net\/2018\/10\/08173802\/saiu-edital1.jpg","datePublished":"2019-05-14T04:00:51+00:00","dateModified":"2019-05-14T13:10:07+00:00","description":"Edital Guarda Municipal BH: \u00faltimo dia de inscri\u00e7\u00f5es do certame com 500 vagas para Guarda Municipal de Belo Horizonte. Provas em junho de 2019!","breadcrumb":{"@id":"https:\/\/www.estrategiaconcursos.com.br\/blog\/edital-guarda-municipal-bh\/#breadcrumb"},"inLanguage":"pt-BR","potentialAction":[{"@type":"ReadAction","target":["https:\/\/www.estrategiaconcursos.com.br\/blog\/edital-guarda-municipal-bh\/"]}]},{"@type":"ImageObject","inLanguage":"pt-BR","@id":"https:\/\/www.estrategiaconcursos.com.br\/blog\/edital-guarda-municipal-bh\/#primaryimage","url":"https:\/\/dhg1h5j42swfq.cloudfront.net\/2018\/10\/08173802\/saiu-edital1.jpg","contentUrl":"https:\/\/dhg1h5j42swfq.cloudfront.net\/2018\/10\/08173802\/saiu-edital1.jpg","width":400,"height":209,"caption":"concurso bombeiros Tocantins"},{"@type":"BreadcrumbList","@id":"https:\/\/www.estrategiaconcursos.com.br\/blog\/edital-guarda-municipal-bh\/#breadcrumb","itemListElement":[{"@type":"ListItem","position":1,"name":"In\u00edcio","item":"https:\/\/www.estrategiaconcursos.com.br\/blog\/"},{"@type":"ListItem","position":2,"name":"Edital Guarda Municipal BH: \u00faltimo dia de inscri\u00e7\u00f5es com 500 vagas"}]},{"@type":"WebSite","@id":"https:\/\/www.estrategiaconcursos.com.br\/blog\/#website","url":"https:\/\/www.estrategiaconcursos.com.br\/blog\/","name":"Estrat\u00e9gia Concursos","description":"O blog da Estrat\u00e9gia Concursos traz not\u00edcias sobre concursos e artigos de professores oferecendo cursos para concursos (pdf + videaulas) no site.","publisher":{"@id":"https:\/\/www.estrategiaconcursos.com.br\/blog\/#organization"},"potentialAction":[{"@type":"SearchAction","target":{"@type":"EntryPoint","urlTemplate":"https:\/\/www.estrategiaconcursos.com.br\/blog\/?s={search_term_string}"},"query-input":{"@type":"PropertyValueSpecification","valueRequired":true,"valueName":"search_term_string"}}],"inLanguage":"pt-BR"},{"@type":"Organization","@id":"https:\/\/www.estrategiaconcursos.com.br\/blog\/#organization","name":"Estrat\u00e9gia Concursos","url":"https:\/\/www.estrategiaconcursos.com.br\/blog\/","logo":{"@type":"ImageObject","inLanguage":"pt-BR","@id":"https:\/\/www.estrategiaconcursos.com.br\/blog\/#\/schema\/logo\/image\/","url":"https:\/\/dhg1h5j42swfq.cloudfront.net\/2025\/06\/03203428\/logo_concursos-1.jpg","contentUrl":"https:\/\/dhg1h5j42swfq.cloudfront.net\/2025\/06\/03203428\/logo_concursos-1.jpg","width":230,"height":60,"caption":"Estrat\u00e9gia Concursos"},"image":{"@id":"https:\/\/www.estrategiaconcursos.com.br\/blog\/#\/schema\/logo\/image\/"},"sameAs":["https:\/\/x.com\/EstratConcursos"]},{"@type":"Person","@id":"https:\/\/www.estrategiaconcursos.com.br\/blog\/#\/schema\/person\/b4a388c97673c5f483d72185668afa1f","name":"Coordena\u00e7\u00e3o","image":{"@type":"ImageObject","inLanguage":"pt-BR","@id":"https:\/\/secure.gravatar.com\/avatar\/b720319e4c9a967eb58678d110f4fe35452fc5d5f97b202bac7b8acceb18c6ad?s=96&d=mm&r=g","url":"https:\/\/secure.gravatar.com\/avatar\/b720319e4c9a967eb58678d110f4fe35452fc5d5f97b202bac7b8acceb18c6ad?s=96&d=mm&r=g","contentUrl":"https:\/\/secure.gravatar.com\/avatar\/b720319e4c9a967eb58678d110f4fe35452fc5d5f97b202bac7b8acceb18c6ad?s=96&d=mm&r=g","caption":"Coordena\u00e7\u00e3o"},"sameAs":["https:\/\/www.facebook.com\/EstrategiaConcursos","https:\/\/x.com\/EstratConcursos"],"url":"https:\/\/www.estrategiaconcursos.com.br\/blog\/author\/estrategia2013\/"}]}},"_links":{"self":[{"href":"https:\/\/www.estrategiaconcursos.com.br\/blog\/wp-json\/wp\/v2\/posts\/171173","targetHints":{"allow":["GET"]}}],"collection":[{"href":"https:\/\/www.estrategiaconcursos.com.br\/blog\/wp-json\/wp\/v2\/posts"}],"about":[{"href":"https:\/\/www.estrategiaconcursos.com.br\/blog\/wp-json\/wp\/v2\/types\/post"}],"author":[{"embeddable":true,"href":"https:\/\/www.estrategiaconcursos.com.br\/blog\/wp-json\/wp\/v2\/users\/1"}],"replies":[{"embeddable":true,"href":"https:\/\/www.estrategiaconcursos.com.br\/blog\/wp-json\/wp\/v2\/comments?post=171173"}],"version-history":[{"count":13,"href":"https:\/\/www.estrategiaconcursos.com.br\/blog\/wp-json\/wp\/v2\/posts\/171173\/revisions"}],"predecessor-version":[{"id":374007,"href":"https:\/\/www.estrategiaconcursos.com.br\/blog\/wp-json\/wp\/v2\/posts\/171173\/revisions\/374007"}],"wp:featuredmedia":[{"embeddable":true,"href":"https:\/\/www.estrategiaconcursos.com.br\/blog\/wp-json\/wp\/v2\/media\/146145"}],"wp:attachment":[{"href":"https:\/\/www.estrategiaconcursos.com.br\/blog\/wp-json\/wp\/v2\/media?parent=171173"}],"wp:term":[{"taxonomy":"category","embeddable":true,"href":"https:\/\/www.estrategiaconcursos.com.br\/blog\/wp-json\/wp\/v2\/categories?post=171173"},{"taxonomy":"post_tag","embeddable":true,"href":"https:\/\/www.estrategiaconcursos.com.br\/blog\/wp-json\/wp\/v2\/tags?post=171173"},{"taxonomy":"tax_estado","embeddable":true,"href":"https:\/\/www.estrategiaconcursos.com.br\/blog\/wp-json\/wp\/v2\/tax_estado?post=171173"}],"curies":[{"name":"wp","href":"https:\/\/api.w.org\/{rel}","templated":true}]}}