{"id":170879,"date":"2026-02-03T11:06:39","date_gmt":"2026-02-03T14:06:39","guid":{"rendered":"https:\/\/www.estrategiaconcursos.com.br\/blog\/?p=170879"},"modified":"2026-02-10T15:19:45","modified_gmt":"2026-02-10T18:19:45","slug":"concurso-prf","status":"publish","type":"post","link":"https:\/\/www.estrategiaconcursos.com.br\/blog\/concurso-prf\/","title":{"rendered":"Concurso PRF: editais com 511 vagas. Confira novidades!"},"content":{"rendered":"\n<p style=\"font-size:clamp(15.197px, 0.95rem + ((1vw - 3.2px) * 0.765), 23px);\"><strong><em>\u00daltimo concurso PRF segue vigente at\u00e9 2026. Diretor prev\u00ea edital ap\u00f3s a PEC da Seguran\u00e7a P\u00fablica!<\/em><\/strong><\/p>\n\n\n\n<div style=\"height:20px\" aria-hidden=\"true\" class=\"wp-block-spacer\"><\/div>\n\n\n\n<hr class=\"wp-block-separator has-alpha-channel-opacity\"\/>\n\n\n<p><center><a id=\"cta-icon\" href=\"https:\/\/sndflw.com\/i\/prf-grupo\" target=\"_blank\" style=\"background:#29a61a; display:inline-flex; align-items:center; padding:10px 15px; border-radius:6px; color:#fff; text-decoration:none; font-weight:500; font-size:15px;\"><img decoding=\"async\" src=\"https:\/\/dhg1h5j42swfq.cloudfront.net\/2023\/12\/07154107\/whatsapp_13851.png\" alt=\"\" style=\"width:20px; height:20px; margin-right:8px;\"><span>Acesse agora o Grupo de Estudos para o Concurso PRF<\/span><\/a><\/center><\/p>\n\n\n\n<div style=\"height:37px\" aria-hidden=\"true\" class=\"wp-block-spacer\"><\/div>\n\n\n\n<p>Um novo <strong>concurso PRF<\/strong> pode ocorrer em breve! Isso porque a <a href=\"https:\/\/www.estrategiaconcursos.com.br\/cursosPorConcurso\/prf-policial-rodoviario-federal\/\" target=\"_blank\" rel=\"noreferrer noopener\">Pol\u00edcia Rodovi\u00e1ria Federal<\/a> encaminhou os pedidos para <strong>provimento de 511 vagas em novos editais<\/strong>.<\/p>\n\n\n\n<p>Segundo os of\u00edcios encaminhados ao Minist\u00e9rio da Gest\u00e3o e da Inova\u00e7\u00e3o em Servi\u00e7os P\u00fablico, a solicita\u00e7\u00e3o contempla <strong>263&nbsp;vagas para Policial Rodovi\u00e1rio Federal e 248 vagas para Agente Administrativo<\/strong>.<\/p>\n\n\n\n<ul class=\"wp-block-list\">\n<li><a href=\"https:\/\/dhg1h5j42swfq.cloudfront.net\/2025\/08\/18190700\/sei_mj-31795423-oficio.pdf\" target=\"_blank\" rel=\"noreferrer noopener nofollow\">Veja o pedido para 263 vagas do concurso PRF<\/a><\/li>\n\n\n\n<li><a href=\"https:\/\/dhg1h5j42swfq.cloudfront.net\/2025\/06\/04105004\/pedido-concurso-prf-administrativo_2025.pdf\">Veja o pedido para 248 vagas de Agente Administrativo PRF<\/a><\/li>\n\n\n\n<li><a href=\"https:\/\/www.estrategiaconcursos.com.br\/blog\/concurso-prf-administrativo\/\" target=\"_blank\" rel=\"noreferrer noopener\">Saiba mais sobre o Concurso Agente Administrativo da PRF<\/a><\/li>\n<\/ul>\n\n\n\n<p>Ainda conforme a minuta, o ministro de Estado da Justi\u00e7a e Seguran\u00e7a P\u00fablica refor\u00e7a que as vagas para a carreira de n\u00edvel superior visa atingir o efetivo legal de 13.098 policiais rodovi\u00e1rios federais, com nomea\u00e7\u00e3o em julho de 2026.<\/p>\n\n\n\n<p>Al\u00e9m disso, conv\u00e9m destacar que foram divulgadas as <a href=\"https:\/\/www.estrategiaconcursos.com.br\/blog\/concurso-prf-disciplinas-proximo-edital\/\" target=\"_blank\" rel=\"noreferrer noopener\">poss\u00edveis disciplinas do pr\u00f3ximo concurso da PRF<\/a>. <\/p>\n\n\n\n<p>Tamb\u00e9m conv\u00e9m frisar que obtivemos acesso \u00e0 minuta de um projeto de lei que cria gratifica\u00e7\u00f5es e institui o Fundo Nacional de Combate \u00e0s Organiza\u00e7\u00f5es Criminosas (FUNCOC). <a href=\"https:\/\/www.estrategiaconcursos.com.br\/blog\/concursos-policiais-federais-minuta-de-gratificacao\/\" target=\"_blank\" rel=\"noreferrer noopener\">Veja aqui<\/a>.<\/p>\n\n\n\n<ul class=\"wp-block-list has-very-light-gray-to-cyan-bluish-gray-gradient-background has-background\">\n<li><strong>Concurso PRF<\/strong> &#8211; <strong>Policial Rodovi\u00e1rio Federal<\/strong><\/li>\n\n\n\n<li><strong>Situa\u00e7\u00e3o:<\/strong> novo concurso solicitado<\/li>\n\n\n\n<li><strong>Vagas:<\/strong> 511<\/li>\n\n\n\n<li><strong>Sal\u00e1rio<\/strong>: R$ 11.670,33<\/li>\n\n\n\n<li><strong>Banca do \u00faltimo concurso:<\/strong> Cebraspe<\/li>\n\n\n\n<li><strong>Edital:<\/strong> <a href=\"https:\/\/dhg1h5j42swfq.cloudfront.net\/2021\/01\/18184035\/edital-prf.pdf\" target=\"_blank\" rel=\"noreferrer noopener nofollow\">Edital PRF-2021<\/a><\/li>\n<\/ul>\n\n\n\n<p>Quanto ao \u00faltimo edital, <span style=\"text-decoration: underline;\">realizado em 2021<\/span> com <strong>1.500 vagas imediatas<\/strong> e <strong>sal\u00e1rio inicial de R$ 10.790,87<\/strong>, foi <a href=\"https:\/\/dhg1h5j42swfq.cloudfront.net\/2025\/11\/01061703\/decreto-no-12-765-de-28-de-novembro-de-2025-decreto-no-12-765-de-28-de-novembro-de-2025-dou-imprensa-nacional.pdf\" target=\"_blank\" rel=\"noreferrer noopener nofollow\">autorizada<\/a> a nomea\u00e7\u00e3o de <strong>321 candidatos aprovados fora do n\u00famero de vagas originalmente previsto<\/strong>.<\/p>\n\n\n\n<p>Inclusive, tamb\u00e9m j\u00e1 foram divulgados os <a href=\"https:\/\/dhg1h5j42swfq.cloudfront.net\/2025\/12\/18075252\/edital-concurso-prf-no-116-de-17-de-dezembro-de-2025-edital-concurso-prf-no-116-de-17-de-dezembro-de-2025-dou-imprensa-nacional.pdf\" target=\"_blank\" rel=\"noreferrer noopener nofollow\"><strong>resultados finais<\/strong><\/a> da quarta turma do Curso de Forma\u00e7\u00e3o Policial (CFP) e do concurso p\u00fablico.  <\/p>\n\n\n\n<div class=\"container\" id=\"boxes\">\n  <div class=\"row\"> \n\n    <div class=\"col-sm\">\n      <div class=\"banner-prf\" id=\"box-assinatura\">\n        <h2 class=\"titulo-assinatura\">Concurso PRF<\/h2>\n        <p class=\"subtitulo-assinatura\">Conquiste a farda da PRF: Comece sua jornada!<\/p>\n        <div class=\"box-botao\">\n          <a class=\"btn-assinatura\" target=\"_blank\" href=\"https:\/\/www.estrategiaconcursos.com.br\/cursosPorConcurso\/prf-policial-rodoviario-federal\/\" role=\"button\" rel=\"noopener noreferrer\">INICIAR AGORA<\/a>\n        <\/div>\n      <\/div>\n  <\/div>\n<\/div><\/div>\n\n\n\n<p>Vale lembrar que, em maio de 2025, o MJSP j\u00e1 havia informado que havia a possibilidade de <a href=\"https:\/\/www.estrategiaconcursos.com.br\/blog\/concurso-prf-mjsp-nova-turma-cfp-2025\/\" target=\"_blank\" rel=\"noreferrer noopener\"><strong>convocar mais aprovados <\/strong>no cadastro de reserva<\/a>.<\/p>\n\n\n\n<p>Al\u00e9m disso, o diretor-geral da Pol\u00edcia Rodovi\u00e1ria Federal, Ant\u00f4nio Fernando Oliveira, tamb\u00e9m comentou sobre a <a href=\"https:\/\/www.estrategiaconcursos.com.br\/blog\/concurso-prf-diretor-preve-edital-apos-pec\/\" target=\"_blank\" rel=\"noreferrer noopener\">possibilidade de um novo edital ap\u00f3s a PEC da Seguran\u00e7a P\u00fablica<\/a>: <em>\u201cCom certeza, no futuro breve, passada a PEC, o governo certamente far\u00e1 uma amplia\u00e7\u00e3o dos quadros da PRF atrav\u00e9s de concurso\u201d<\/em>.<\/p>\n\n\n\n<p>Tamb\u00e9m cabe ressaltar que segue em an\u00e1lise o texto sobre a PEC (Proposta de Emenda \u00e0 Constitui\u00e7\u00e3o) que visa <a href=\"https:\/\/www.estrategiaconcursos.com.br\/blog\/governo-propoe-transformar-prf-em-policia-viaria-federal\/\" target=\"_blank\" rel=\"noreferrer noopener\">transformar a PRF em Pol\u00edcia Vi\u00e1ria Federal<\/a>, elaborada pelo ministro da Justi\u00e7a, Ricardo Lewandowski.<\/p>\n\n\n\n<p>Por fim, \u00e9 importante destacar que a justi\u00e7a decidiu pela prorroga\u00e7\u00e3o da validade do certame, que era prevista inicialmente para dezembro de 2025, por mais 6 meses. <a href=\"https:\/\/www.estrategiaconcursos.com.br\/blog\/concurso-prf-justica-prorroga-mais-6-meses\/\" target=\"_blank\" rel=\"noreferrer noopener nofollow\">Confira os detalhes.<\/a><\/p>\n\n\n\n<p class=\"has-text-align-center has-very-light-gray-to-cyan-bluish-gray-gradient-background has-background\"><strong>Voc\u00ea sabia que dos 10 primeiros colocados, 7 s\u00e3o nossos alunos? Por isso, o Estrat\u00e9gia Concursos \u00e9 l\u00edder absoluto em aprova\u00e7\u00e3o. <a href=\"https:\/\/www.estrategiaconcursos.com.br\/blog\/estrategia-aprovacoes-concurso-prf\/\" target=\"_blank\" rel=\"noreferrer noopener\">Confira nossos resultados!<\/a><\/strong><\/p>\n\n\n\n<p>Confira neste artigo as principais informa\u00e7\u00f5es e novidades sobre o <strong>concurso PRF<\/strong>. Acompanhe os t\u00f3picos abaixo e n\u00e3o perca nenhum detalhe:<\/p>\n\n\n\n<ul id=\"indice\" class=\"wp-block-list\">\n<li><a href=\"#situacao-atual\">Situa\u00e7\u00e3o atual do concurso<\/a>\n<ul class=\"wp-block-list\">\n<li><a href=\"#pedido-2025\">Pedido 2025<\/a><\/li>\n\n\n\n<li><a href=\"#pedido-2023\">Pedido 2023<\/a><\/li>\n<\/ul>\n<\/li>\n\n\n\n<li><a href=\"#curiosidades\">\u00daltimas not\u00edcias do concurso PRF<\/a>\n<ul class=\"wp-block-list\">\n<li><a href=\"#h-principais-acontecimentos\">Principais acontecimentos<\/a><\/li>\n\n\n\n<li><a href=\"#salario\">Reestrutura\u00e7\u00e3o da carreira<\/a><\/li>\n\n\n\n<li><a href=\"#pec\">PEC da Seguran\u00e7a P\u00fablica<\/a><\/li>\n\n\n\n<li><a href=\"#vagos\">Cargos vagos<\/a><\/li>\n<\/ul>\n<\/li>\n\n\n\n<li><a href=\"#atual\">Informa\u00e7\u00f5es do edital 2021<\/a>\n\n\n\n\n\n\n\n\n\n\n\n\n\n\n\n\n\n\n\n\n\n\n\n\n\n\n\n\n\n\n\n\n\n\n\n\n\n\n\n\n\n\n\n\n\n\n\n\n\n\n\n\n\n\n\n\n\n\n\n\n\n\n\n\n\n\n\n\n<ul class=\"wp-block-list\">\n<li><a href=\"#vagas\">Cargos e vagas<\/a><\/li>\n\n\n\n<li><a href=\"#prova-novo\">Etapas de provas<\/a><\/li>\n<\/ul>\n<\/li>\n\n\n\n<li><a href=\"#ultimos-editais\">Informa\u00e7\u00f5es dos \u00faltimos concursos<\/a>\n<ul class=\"wp-block-list\">\n<li><a style=\"text-decoration-line: underline;\" href=\"#linha-tempo\">Linha do tempo<\/a><\/li>\n\n\n\n<li><a href=\"#historico-nomeacoes\">Hist\u00f3rico de nomea\u00e7\u00f5es<\/a><\/li>\n\n\n\n<li><a href=\"#corte-2018\">Nota de corte do edital 2018<\/a><\/li>\n<\/ul>\n<\/li>\n\n\n\n<li><a href=\"#h-artigos-tecnicos\">Materiais B\u00f4nus e Gratuitos<\/a><\/li>\n\n\n\n<li><a href=\"#cursos-assinatura\">Cursos e Assinatura<\/a><\/li>\n\n\n\n<li><a href=\"#ficha-tecnica\">Ficha T\u00e9cnica<\/a><\/li>\n<\/ul>\n\n\n\n<h2 class=\"wp-block-heading has-very-light-gray-to-cyan-bluish-gray-gradient-background has-background\" id=\"situacao-atual\">Concurso PRF: situa\u00e7\u00e3o atual <\/h2>\n\n\n\n<p>Veja as informa\u00e7\u00f5es mais recentes do Concurso PRF:<\/p>\n\n\n\n<h3 class=\"wp-block-heading\" id=\"pedido-2025\">Pedido de novo concurso PRF 2025<\/h3>\n\n\n\n<p>Foram encaminhados novos pedidos para realiza\u00e7\u00e3o de novo concurso PRF com<strong> 263 vagas para o cargo de Policial Rodovi\u00e1rio Federal<\/strong>, a fim de atingir o efetivo legal de 13.098 policiais, com nomea\u00e7\u00e3o em julho de 2026.<\/p>\n\n\n\n<p>Al\u00e9m disso, tamb\u00e9m foi solicitada autoriza\u00e7\u00e3o para o concurso com 248 vagas no cargo de Agente Administrativo. O of\u00edcio foi assinado pelo Secret\u00e1rio-Executivo, Manoel Carlos de Almeida Neto.<\/p>\n\n\n\n<ul class=\"wp-block-list\">\n<li><a href=\"https:\/\/dhg1h5j42swfq.cloudfront.net\/2025\/08\/18190700\/sei_mj-31795423-oficio.pdf\" target=\"_blank\" rel=\"noreferrer noopener nofollow\">Veja o pedido para 263 vagas do concurso PRF<\/a><\/li>\n\n\n\n<li><a href=\"https:\/\/dhg1h5j42swfq.cloudfront.net\/2025\/06\/04105004\/pedido-concurso-prf-administrativo_2025.pdf\" target=\"_blank\" rel=\"noreferrer noopener nofollow\">Veja o pedido para 248 vagas de Agente Administrativo PRF<\/a><\/li>\n<\/ul>\n\n\n\n<figure itemscope itemtype=\"https:\/\/schema.org\/ImageObject\"><img decoding=\"async\" src=\"https:\/\/dhg1h5j42swfq.cloudfront.net\/2025\/06\/04102036\/image-41.png\" alt=\"Pedido de concurso PRF para 263 vagas de Policial Rodovi\u00e1rio.\" itemprop=\"contentUrl\" title=\"Solicita\u00e7\u00e3o de 263 novas vagas para o cargo de Policial Rodovi\u00e1rio no Concurso PRF\" style=\"max-width: 100%; height: auto;\" \/><\/figure>\n\n\n\n<h3 class=\"wp-block-heading\" id=\"pedido-2023\">Pedido de concurso PRF 2023<\/h3>\n\n\n\n<p>Em 2023, a Pol\u00edcia Rodovi\u00e1ria Federal (PRF) encaminhou of\u00edcio ao Minist\u00e9rio de Justi\u00e7a e Seguran\u00e7a P\u00fablica (MJSP) <strong>com pedido de autoriza\u00e7\u00e3o de novo concurso<\/strong>.<\/p>\n\n\n\n<p>De acordo com o documento, foram solicitadas 4.902 vagas para a carreira de PRF, visando alcan\u00e7ar o efetivo de 18.000 policiais. Recentemente, o MJSP informou que a solicita\u00e7\u00e3o para um novo concurso em 2026 segue em an\u00e1lise.<\/p>\n\n\n\n<ul class=\"wp-block-list\">\n<li><a href=\"https:\/\/dhg1h5j42swfq.cloudfront.net\/2023\/05\/03212841\/prf-pedido-concurso-2023-novo-pdf-2-1-1.pdf\" target=\"_blank\" rel=\"noreferrer noopener nofollow\">Veja aqui o pedido<\/a><\/li>\n<\/ul>\n\n\n\n<h2 class=\"wp-block-heading has-very-light-gray-to-cyan-bluish-gray-gradient-background has-background\" id=\"curiosidades\">Concurso PRF: \u00faltimas not\u00edcias<\/h2>\n\n\n\n<p>Confira abaixo as principais not\u00edcias divulgadas sobre o Concurso PRF e os principais acontecimentos sobre da Pol\u00edcia Rodovi\u00e1ria Federal.<\/p>\n\n\n\n<h3 class=\"wp-block-heading\" id=\"h-principais-acontecimentos\">Principais acontecimentos<\/h3>\n\n\n\n<ul class=\"wp-block-list\">\n<li>04\/06\/2025: <a href=\"https:\/\/www.estrategiaconcursos.com.br\/blog\/concurso-prf-solicitado-511-vagas\/\" target=\"_blank\" rel=\"noreferrer noopener\">Concurso PRF solicitado com 511 vagas! Veja o pedido<\/a><\/li>\n<\/ul>\n\n\n\n<ul class=\"wp-block-list\">\n<li>28\/05\/2025: <a href=\"https:\/\/www.estrategiaconcursos.com.br\/blog\/concurso-prf-mjsp-nova-turma-cfp-2025\/\" target=\"_blank\" rel=\"noreferrer noopener\">MJSP quer nova turma no CFP e diz que edital para 2026 est\u00e1 em an\u00e1lise<\/a><\/li>\n<\/ul>\n\n\n\n<ul class=\"wp-block-list\">\n<li>20\/03\/2025: <a href=\"https:\/\/www.estrategiaconcursos.com.br\/blog\/concurso-prf-solicitada-a-inclusao-de-aprovados-no-orcamento\/\" target=\"_blank\" rel=\"noreferrer noopener\">Concurso PRF: solicitada a inclus\u00e3o de aprovados no or\u00e7amento<\/a><\/li>\n<\/ul>\n\n\n\n<ul class=\"wp-block-list\">\n<li>13\/03\/2025: <a href=\"https:\/\/www.estrategiaconcursos.com.br\/blog\/concurso-prf-regulamento-curso-de-formacao\/\" target=\"_blank\" rel=\"noreferrer noopener\">Concurso PRF: aprovado Regulamento do Curso de Forma\u00e7\u00e3o<\/a><\/li>\n<\/ul>\n\n\n\n<ul class=\"wp-block-list\">\n<li>27\/01\/2025: <a href=\"https:\/\/www.estrategiaconcursos.com.br\/blog\/concurso-prf-convocacao-terceira-turma\/\" target=\"_blank\" rel=\"noreferrer noopener\">Convoca\u00e7\u00e3o para terceira turma do Concurso PRF! 544 aprovados!<\/a><\/li>\n<\/ul>\n\n\n\n<ul class=\"wp-block-list\">\n<li>22\/01\/2025: <a href=\"https:\/\/www.estrategiaconcursos.com.br\/blog\/concurso-prf-diretor-preve-edital-apos-pec\/\" target=\"_blank\" rel=\"noreferrer noopener\">Diretor prev\u00ea novo edital ap\u00f3s PEC<\/a><\/li>\n<\/ul>\n\n\n\n<ul class=\"wp-block-list\">\n<li>15\/01\/2025: <a href=\"https:\/\/www.estrategiaconcursos.com.br\/blog\/governo-propoe-transformar-prf-em-policia-viaria-federal\/\">Governo prop\u00f5e transformar PRF em Pol\u00edcia Vi\u00e1ria Federal<\/a><\/li>\n<\/ul>\n\n\n\n<ul class=\"wp-block-list\">\n<li>06\/01\/2025: <a href=\"https:\/\/www.estrategiaconcursos.com.br\/blog\/concursos-pf-e-prf-editais-orcamento\/\" target=\"_blank\" rel=\"noreferrer noopener\">Concursos PF e PRF: editais aguardam or\u00e7amento! Entenda!<\/a><\/li>\n<\/ul>\n\n\n\n<ul class=\"wp-block-list\">\n<li>10\/12\/2024: <a href=\"https:\/\/www.estrategiaconcursos.com.br\/blog\/concurso-prf-autorizada-a-nomeacao-de-473-excedentes\/\" target=\"_blank\" rel=\"noreferrer noopener\">Autorizada nomea\u00e7\u00e3o de 473 excedentes<\/a><\/li>\n<\/ul>\n\n\n\n<ul class=\"wp-block-list\">\n<li>03\/12\/2024: <a href=\"https:\/\/www.estrategiaconcursos.com.br\/blog\/concurso-prf-mais-473-excedentes-nomeados\/\" target=\"_blank\" rel=\"noreferrer noopener\">Deputado solicita nomea\u00e7\u00e3o de 473 aprovados excedentes<\/a><\/li>\n<\/ul>\n\n\n\n<ul class=\"wp-block-list\">\n<li>31\/10\/2024: <a href=\"https:\/\/www.estrategiaconcursos.com.br\/blog\/ministerio-da-justica-pec-seguranca-publica\/\" target=\"_blank\" rel=\"noreferrer noopener\">Ministro da Justi\u00e7a apresenta PEC da Seguran\u00e7a P\u00fablica<\/a><\/li>\n<\/ul>\n\n\n\n<ul class=\"wp-block-list\"><\/ul>\n\n\n\n<ul class=\"wp-block-list\">\n<li>03\/10\/2024: <a href=\"https:\/\/www.estrategiaconcursos.com.br\/blog\/concurso-prf-ministro-defende-mudancas-categoria\/\" target=\"_blank\" rel=\"noreferrer noopener\">Ministro defende mudan\u00e7as na PRF<\/a><\/li>\n<\/ul>\n\n\n\n<ul class=\"wp-block-list\"><\/ul>\n\n\n\n<ul class=\"wp-block-list\">\n<li>30\/09\/2024: <a href=\"https:\/\/www.estrategiaconcursos.com.br\/blog\/proposta-de-unificacao-carreiras-mgi\/\" target=\"_blank\" rel=\"noreferrer noopener\">PF e PRF: proposta de unifica\u00e7\u00e3o de carreiras \u00e9 entregue<\/a><\/li>\n<\/ul>\n\n\n\n<ul class=\"wp-block-list\"><\/ul>\n\n\n\n<ul class=\"wp-block-list\">\n<li>13\/08\/2024: <a href=\"https:\/\/www.estrategiaconcursos.com.br\/blog\/concurso-prf-pof-sem-aumento-efetivo\/\" target=\"_blank\" rel=\"noreferrer noopener\">PRF sem recursos para ampliar efetivo se virar POF<\/a><\/li>\n<\/ul>\n\n\n\n<ul class=\"wp-block-list\"><\/ul>\n\n\n\n<ul class=\"wp-block-list\">\n<li>08\/08\/2024: <a href=\"https:\/\/www.estrategiaconcursos.com.br\/blog\/lula-ministros-pec-da-seguranca\/\" target=\"_blank\" rel=\"noreferrer noopener\">Lula e ministros se re\u00fanem para discutir PEC da Seguran\u00e7a<\/a><\/li>\n<\/ul>\n\n\n\n<ul class=\"wp-block-list\"><\/ul>\n\n\n\n<ul class=\"wp-block-list\">\n<li>15\/07\/2024: <a href=\"https:\/\/www.estrategiaconcursos.com.br\/blog\/sindicato-prf-pec-seguranca-publica\/\" target=\"_blank\" rel=\"noreferrer noopener\">Sindicato da PRF se manifesta sobre PEC<\/a><\/li>\n<\/ul>\n\n\n\n<ul class=\"wp-block-list\"><\/ul>\n\n\n\n<ul class=\"wp-block-list\">\n<li>10\/07\/2024: <a href=\"https:\/\/www.estrategiaconcursos.com.br\/blog\/concurso-prf-policia-ostensiva-federal\/\" target=\"_blank\" rel=\"noreferrer noopener\">Ministro elabora PEC que visa transformar PRF em Pol\u00edcia Ostensiva Federal<\/a><\/li>\n<\/ul>\n\n\n\n<ul class=\"wp-block-list\"><\/ul>\n\n\n\n<ul class=\"wp-block-list\">\n<li>04\/06\/2024: <a href=\"https:\/\/www.estrategiaconcursos.com.br\/blog\/concurso-prf-informacoes-mpf\/\" target=\"_blank\" rel=\"noreferrer noopener\">MPF solicita informa\u00e7\u00f5es sobre autoriza\u00e7\u00e3o do concurso PRF<\/a><\/li>\n<\/ul>\n\n\n\n<ul class=\"wp-block-list\"><\/ul>\n\n\n\n<ul class=\"wp-block-list\">\n<li>27\/05\/2024: <a href=\"https:\/\/www.estrategiaconcursos.com.br\/blog\/concurso-prf-provimento-adicional-473-cargos\/\" target=\"_blank\" rel=\"noreferrer noopener\">Solicitado provimento adicional de 473 cargos para PRF<\/a><\/li>\n<\/ul>\n\n\n\n<ul class=\"wp-block-list\"><\/ul>\n\n\n\n<ul class=\"wp-block-list\">\n<li>31\/05\/2024: <a href=\"https:\/\/www.estrategiaconcursos.com.br\/blog\/concursos-pf-prf-policia-penal-reajuste-salarial\/\" target=\"_blank\" rel=\"noreferrer noopener\">Sancionado reajuste salarial para PF, PRF e Pol\u00edcia Penal<\/a><\/li>\n<\/ul>\n\n\n\n<ul class=\"wp-block-list\"><\/ul>\n\n\n\n<ul class=\"wp-block-list\">\n<li>28\/12\/2023: <a href=\"https:\/\/www.estrategiaconcursos.com.br\/blog\/salarios-pf-e-prf-proposta-restruturacao-assinada\/\" target=\"_blank\" rel=\"noreferrer noopener\">Proposta de reestrutura\u00e7\u00e3o salarial para a PF e PRF assinada<\/a><\/li>\n<\/ul>\n\n\n\n<ul class=\"wp-block-list\"><\/ul>\n\n\n\n<ul class=\"wp-block-list\">\n<li>29\/03\/2023: <a href=\"https:\/\/www.estrategiaconcursos.com.br\/blog\/concurso-prf-minuta-carreira\/\" target=\"_blank\" rel=\"noreferrer noopener\">Minuta para cria\u00e7\u00e3o de carreir<\/a><a href=\"https:\/\/www.estrategiaconcursos.com.br\/blog\/concurso-prf-minuta-carreira\/\">a de Oficial da PRF<\/a><\/li>\n<\/ul>\n\n\n\n<ul class=\"wp-block-list\"><\/ul>\n\n\n\n<ul class=\"wp-block-list\">\n<li>03\/06\/2022: <a href=\"https:\/\/www.estrategiaconcursos.com.br\/blog\/concurso-prf-autorizadas-52-nomeacoes\/\" target=\"_blank\" rel=\"noreferrer noopener\">Novas 52 autoriza\u00e7\u00f5es de aprovados nomeados<\/a><\/li>\n<\/ul>\n\n\n\n<ul class=\"wp-block-list\"><\/ul>\n\n\n\n<ul class=\"wp-block-list\">\n<li>22\/12\/2021: <a href=\"https:\/\/dhg1h5j42swfq.cloudfront.net\/2024\/06\/17120330\/nomeacoes-concurso-prf-ultima-selecao.pdf\" target=\"_blank\" rel=\"noreferrer noopener\">Registro de nomea\u00e7\u00e3o de 1.448 aprovados no \u00faltimo certame<\/a><\/li>\n<\/ul>\n\n\n\n<h3 class=\"wp-block-heading\" id=\"salario\">Reestrutura\u00e7\u00e3o da carreira da PRF<\/h3>\n\n\n\n<p>Em 2023, o Minist\u00e9rio da Gest\u00e3o e da Inova\u00e7\u00e3o em Servi\u00e7os P\u00fablicos (MGI) assinou o acordo que prev\u00ea a reestrutura\u00e7\u00e3o remunerat\u00f3ria da carreira da Pol\u00edcia Rodovi\u00e1ria Federal (PRF). J\u00e1 em maio de 2024, foi sancionada a&nbsp;<strong>Lei n\u00ba 14.875<\/strong>.<\/p>\n\n\n\n<p>Segundo o texto, a reestrutura\u00e7\u00e3o salarial ocorre em tr\u00eas parcelas &#8211; pagas entre agosto de 2024 a maio de 2026, se dividindo da seguinte forma:<\/p>\n\n\n\n<ul class=\"wp-block-list\">\n<li>Agosto de 2024: 3%;<\/li>\n<\/ul>\n\n\n\n<ul class=\"wp-block-list\">\n<li>Maio de 2025: 5%; e<\/li>\n<\/ul>\n\n\n\n<ul class=\"wp-block-list\">\n<li>Maio de 2026: de 5% a 17,87%<\/li>\n<\/ul>\n\n\n\n<p>Com a nova estrutura, o vencimento inicial de um <strong>Policial Rodovi\u00e1rio Federal<\/strong> chega a R$ 11,1 mil. Confira abaixo os valores:<\/p>\n\n\n\n<ul class=\"wp-block-list\">\n<li>Vencimentos a partir de agosto de 2024 \u2013 acr\u00e9scimo de 3%: <strong>R$ 11.114,60<\/strong> <strong>a R$ 18.583,31<\/strong><\/li>\n<\/ul>\n\n\n\n<ul class=\"wp-block-list\">\n<li>Vencimentos a partir de maio de 2025 \u2013 acr\u00e9scimo de 5%: <strong>R$ 11.670,33<\/strong> <strong>a R$ 19.512,48<\/strong><\/li>\n<\/ul>\n\n\n\n<ul class=\"wp-block-list\">\n<li>Vencimentos a partir de maio de 2026 \u2013 acr\u00e9scimo de 5% a 17%: <strong>R$ 12.253,84 a R$ 23.000,00<\/strong><\/li>\n<\/ul>\n\n\n\n<ul class=\"wp-block-list\">\n<li><strong>>><a href=\"https:\/\/dhg1h5j42swfq.cloudfront.net\/2024\/05\/31223056\/2024_05_31_assinado_do1_extra_g.pdf\" target=\"_blank\" rel=\"noreferrer noopener nofollow\">Lei n\u00ba 14.875, de 31 de maio de 2024<\/a><\/strong><\/li>\n<\/ul>\n\n\n\n<ul class=\"wp-block-list\">\n<li>>><strong><a href=\"https:\/\/dhg1h5j42swfq.cloudfront.net\/2024\/10\/31174425\/tabela-remunset24-vol84-3-1.pdf\" target=\"_blank\" rel=\"noreferrer noopener nofollow\">Tabela Salarial &#8211; Agosto\/2024<\/a><\/strong><\/li>\n<\/ul>\n\n\n\n<h3 class=\"wp-block-heading\" id=\"pec\">PEC da Seguran\u00e7a P\u00fablica<\/h3>\n\n\n\n<p>O Minist\u00e9rio&nbsp;da&nbsp;Justi\u00e7a e Seguran\u00e7a P\u00fablica, que segue avan\u00e7ando na constru\u00e7\u00e3o da <strong>Proposta de Emenda \u00e0 Constitui\u00e7\u00e3o (PEC) da Seguran\u00e7a P\u00fablica<\/strong>, revelou detalhes do anteprojeto e ampla apresenta\u00e7\u00e3o da proposta.<\/p>\n\n\n\n<p>No material obtido pelo jornalismo do Estrat\u00e9gia Concursos, \u00e9 detalhado o plano de transforma\u00e7\u00e3o da Pol\u00edcia Rodovi\u00e1ria Federal (PRF) em Pol\u00edcia Ostensiva Federal (POF), novas atribui\u00e7\u00f5es da Pol\u00edcia Federal e outras mudan\u00e7as. Veja nos documentos abaixo!<\/p>\n\n\n\n<ul class=\"wp-block-list\">\n<li><a href=\"https:\/\/dhg1h5j42swfq.cloudfront.net\/2024\/12\/09150737\/anteprojeto-pec-da-seguranca-publica.pdf\" target=\"_blank\" rel=\"noreferrer noopener nofollow\">Anteprojeto PEC Seguran\u00e7a<\/a><\/li>\n<\/ul>\n\n\n\n<ul class=\"wp-block-list\">\n<li><a href=\"https:\/\/dhg1h5j42swfq.cloudfront.net\/2024\/12\/09151114\/pec-seguranca-publica.pdf\" target=\"_blank\" rel=\"noreferrer noopener nofollow\">Apresenta\u00e7\u00e3o da PEC da Seguran\u00e7a P\u00fablica<\/a><\/li>\n<\/ul>\n\n\n\n<h3 class=\"wp-block-heading\">Cargos vagos<\/h3>\n\n\n\n<p>Dados de novembro de 2025, obtidos pelo jornalismo do Estrat\u00e9gia Concursos, apontam uma <strong>vac\u00e2ncia de 351 vagas <\/strong>para a PRF.<\/p>\n\n\n\n<figure class=\"wp-block-image aligncenter size-large\"><img loading=\"lazy\" decoding=\"async\" width=\"1024\" height=\"512\" src=\"https:\/\/dhg1h5j42swfq.cloudfront.net\/2025\/11\/22111751\/design-sem-nome-1-1024x512.png\" alt=\"Cargos vagos da PRF\" class=\"wp-image-1673956\" srcset=\"https:\/\/dhg1h5j42swfq.cloudfront.net\/2025\/11\/22111751\/design-sem-nome-1-1024x512.png 1024w, https:\/\/dhg1h5j42swfq.cloudfront.net\/2025\/11\/22111751\/design-sem-nome-1-300x150.png 300w, https:\/\/dhg1h5j42swfq.cloudfront.net\/2025\/11\/22111751\/design-sem-nome-1-768x384.png 768w, https:\/\/dhg1h5j42swfq.cloudfront.net\/2025\/11\/22111751\/design-sem-nome-1-1536x768.png 1536w, https:\/\/dhg1h5j42swfq.cloudfront.net\/2025\/11\/22111751\/design-sem-nome-1-2048x1024.png 2048w, https:\/\/dhg1h5j42swfq.cloudfront.net\/2025\/11\/22111751\/design-sem-nome-1-150x75.png 150w\" sizes=\"auto, (max-width: 1024px) 100vw, 1024px\" \/><\/figure>\n\n\n\n<h2 class=\"wp-block-heading has-very-light-gray-to-cyan-bluish-gray-gradient-background has-background\" id=\"atual\">Concurso PRF: informa\u00e7\u00f5es do edital 2021<\/h2>\n\n\n\n<h3 class=\"wp-block-heading\" id=\"h-validade-do-concurso-prf-2021-prorrogada-para-2025\">Validade do Concurso PRF 2021 prorrogada para 2025<\/h3>\n\n\n\n<figure class=\"wp-block-image\"><img decoding=\"async\" src=\"https:\/\/dhg1h5j42swfq.cloudfront.net\/2023\/08\/28145425\/image-280.png\" alt=\"Prazo de validade do concurso PRF \u00e9 prorrogado at\u00e9 dezembro de 2025.\" title=\"Validade do Concurso PRF 2021 \u00e9 prorrogado at\u00e9 dezembro de 2025 \"\/><\/figure>\n\n\n\n<h3 class=\"wp-block-heading\" id=\"vagas\">Vagas ofertadas no concurso PRF<\/h3>\n\n\n\n<h4 class=\"wp-block-heading\" id=\"h-cargo-de-policial-rodoviario-federal\">CARGO DE POLICIAL RODOVI\u00c1RIO FEDERAL<\/h4>\n\n\n\n<figure class=\"wp-block-table is-style-stripes\">\n<table class=\"has-very-light-gray-to-cyan-bluish-gray-gradient-background has-background has-fixed-layout\">\n<tbody>\n<tr>\n<td class=\"has-text-align-center\" data-align=\"center\"><strong>Vagas AC<\/strong><\/td>\n<td class=\"has-text-align-center\" data-align=\"center\"><strong>Vagas Negros<\/strong><\/td>\n<td class=\"has-text-align-center\" data-align=\"center\"><strong>Vagas PcD<\/strong><\/td>\n<td class=\"has-text-align-center\" data-align=\"center\"><strong>TOTAL<\/strong><\/td>\n<\/tr>\n<tr>\n<td class=\"has-text-align-center\" data-align=\"center\">1.125<\/td>\n<td class=\"has-text-align-center\" data-align=\"center\">300<\/td>\n<td class=\"has-text-align-center\" data-align=\"center\">75<\/td>\n<td class=\"has-text-align-center\" data-align=\"center\">1.500<\/td>\n<\/tr>\n<\/tbody>\n<\/table>\n<figcaption class=\"wp-element-caption\">Quadro de divis\u00e3o das vagas no Concurso PRF<\/figcaption>\n<\/figure>\n\n\n\n<ul class=\"wp-block-list\">\n<li><strong>Sal\u00e1rio<\/strong>: R$ 9.899,88;<\/li>\n<\/ul>\n\n\n\n<ul class=\"wp-block-list\">\n<li><strong>Jornada de trabalho<\/strong>: 40 horas semanais;<\/li>\n<\/ul>\n\n\n\n<ul class=\"wp-block-list\">\n<li><strong>Lota\u00e7\u00e3o<\/strong>: Abrang\u00eancia nacional, sendo ofertadas aos novos policiais as oportunidades de lota\u00e7\u00e3o de acordo com a necessidade do servi\u00e7o e o interesse p\u00fablico.<\/li>\n<\/ul>\n\n\n\n<p><strong>\u25ba <a href=\"https:\/\/dhg1h5j42swfq.cloudfront.net\/2024\/08\/01101604\/ato-de-nomeacao-concurso-prf-policia-rodoviaria-federal.pdf\" target=\"_blank\" rel=\"noreferrer noopener nofollow\">Ato de nomea\u00e7\u00e3o<\/a><\/strong><\/p>\n\n\n\n<h4 class=\"wp-block-heading\" id=\"requisitos\">Requisitos<\/h4>\n\n\n\n<p>Para participar do concurso PRF <strong>\u00e9 necess\u00e1rio ter n\u00edvel superior em qualquer \u00e1rea de forma\u00e7\u00e3o<\/strong>, al\u00e9m de<strong> Carteira Nacional de Habilita\u00e7\u00e3o<\/strong> ou permiss\u00e3o para conduzir ve\u00edculos automotores na <strong>categoria \u201cB\u201d<\/strong>, no m\u00ednimo.<\/p>\n\n\n\n<p>E qual idade m\u00e1xima para entrar na PRF? <strong>N\u00e3o h\u00e1 idade m\u00e1xima<\/strong>&nbsp;para participar do concurso Pol\u00edcia Rodovi\u00e1ria Federal, havendo apenas uma&nbsp;idade m\u00ednima, que \u00e9 18 anos. A \u00fanica limita\u00e7\u00e3o que deve ser respeitada \u00e9 a da&nbsp;aposentadoria compuls\u00f3ria.<\/p>\n\n\n\n<h4 class=\"wp-block-heading\" id=\"atribuicoes\">Atribui\u00e7\u00f5es do cargo<\/h4>\n\n\n\n<p>A principal atribui\u00e7\u00e3o da PRF<strong> \u00e9 a fiscaliza\u00e7\u00e3o e o policiamento ostensivo das rodovias federais<\/strong>, mais conhecidas como BRs. Muitas vezes, a PRF atua em parceria com outros \u00f3rg\u00e3os, como MPT, PF, Anvisa, Receita Federal, Ibama e ICMBio.<\/p>\n\n\n\n<p>Entre as diversas a\u00e7\u00f5es desempenhadas pela PRF nas rodovias federais, est\u00e3o a fiscaliza\u00e7\u00e3o do tr\u00e2nsito, busca e apreens\u00e3o de drogas, averigua\u00e7\u00e3o de ve\u00edculos suspeitos e suporte aos motoristas que trafegam pelas BRs.<\/p>\n\n\n\n<h3 class=\"wp-block-heading\" id=\"prova-novo\">Etapas de provas do concurso PRF<\/h3>\n\n\n\n<p><strong>1\u00aa etapa<\/strong>:<\/p>\n\n\n\n<ul class=\"wp-block-list\">\n<li><strong>Prova objetiva e discursiva<\/strong>\u00a0\u2013 car\u00e1ter eliminat\u00f3rio e classificat\u00f3rio;<\/li>\n<\/ul>\n\n\n\n<ul class=\"wp-block-list\">\n<li><strong>Exame de aptid\u00e3o f\u00edsica\u00a0<\/strong>\u2013 car\u00e1ter eliminat\u00f3rio e classificat\u00f3rio;<\/li>\n<\/ul>\n\n\n\n<ul class=\"wp-block-list\">\n<li><strong>Avalia\u00e7\u00e3o de sa\u00fade<\/strong>\u00a0\u2013 car\u00e1ter eliminat\u00f3rio;<\/li>\n<\/ul>\n\n\n\n<ul class=\"wp-block-list\">\n<li><strong>Avalia\u00e7\u00e3o psicol\u00f3gica<\/strong>\u00a0\u2013 car\u00e1ter eliminat\u00f3rio;<\/li>\n<\/ul>\n\n\n\n<ul class=\"wp-block-list\">\n<li><strong>Avalia\u00e7\u00e3o de t\u00edtulos<\/strong>\u00a0\u2013 car\u00e1ter eliminat\u00f3rio;<\/li>\n<\/ul>\n\n\n\n<ul class=\"wp-block-list\">\n<li><strong>Investiga\u00e7\u00e3o social<\/strong>\u00a0\u2013 car\u00e1ter classificat\u00f3rio.<\/li>\n<\/ul>\n\n\n\n<p><strong>2\u00aa etapa<\/strong>:<\/p>\n\n\n\n<ul class=\"wp-block-list\">\n<li><strong>Curso de Forma\u00e7\u00e3o Profissional<\/strong>\u00a0\u2013 car\u00e1ter eliminat\u00f3rio.<\/li>\n<\/ul>\n\n\n\n<h4 class=\"wp-block-heading\" id=\"h-prova-objetiva\">Prova Objetiva<\/h4>\n\n\n\n<p>A prova objetiva, de car\u00e1ter eliminat\u00f3rio e classificat\u00f3rio, valeu 120,00 pontos. O julgamento de cada item foi CERTO ou ERRADO, de acordo com o(s) comando(s) a que se refere o item.<\/p>\n\n\n\n<p><strong>Bloco I &#8211; 55 itens<\/strong><\/p>\n\n\n\n<ul class=\"wp-block-list\">\n<li>L\u00edngua Portuguesa;<\/li>\n<\/ul>\n\n\n\n<ul class=\"wp-block-list\">\n<li>Racioc\u00ednio L\u00f3gico Matem\u00e1tico;<\/li>\n<\/ul>\n\n\n\n<ul class=\"wp-block-list\">\n<li>Inform\u00e1tica;<\/li>\n<\/ul>\n\n\n\n<ul class=\"wp-block-list\">\n<li><a href=\"https:\/\/www.estrategiaconcursos.com.br\/curso\/prf-policial-fisica\/\" target=\"_blank\" rel=\"noreferrer noopener\">F\u00edsica<\/a>;<\/li>\n<\/ul>\n\n\n\n<ul class=\"wp-block-list\">\n<li>\u00c9tica e Cidadania;<\/li>\n<\/ul>\n\n\n\n<ul class=\"wp-block-list\">\n<li>Geopol\u00edtica;<\/li>\n<\/ul>\n\n\n\n<ul class=\"wp-block-list\">\n<li>L\u00edngua Estrangeira (<a href=\"https:\/\/www.estrategiaconcursos.com.br\/curso\/prf-policial-ingles\/\" target=\"_blank\" rel=\"noreferrer noopener\">Ingl\u00eas<\/a> ou <a href=\"https:\/\/www.estrategiaconcursos.com.br\/curso\/prf-policial-espanhol\/\" target=\"_blank\" rel=\"noreferrer noopener\">Espanhol<\/a>).<\/li>\n<\/ul>\n\n\n\n<p><strong>Bloco II &#8211; 30 itens<\/strong><\/p>\n\n\n\n<ul class=\"wp-block-list\">\n<li><strong>*<\/strong>Legisla\u00e7\u00e3o de Tr\u00e2nsito (Novo C\u00f3digo de Tr\u00e2nsito Brasileiro &#8211; <a href=\"https:\/\/www.planalto.gov.br\/ccivil_03\/_ato2019-2022\/2020\/lei\/l14071.htm\" target=\"_blank\" rel=\"noreferrer noopener\">LEI N\u00ba 14.071, DE 13 DE OUTUBRO DE 2020<\/a>)<\/li>\n<\/ul>\n\n\n\n<p><strong>Bloco III &#8211; 35 itens<\/strong><\/p>\n\n\n\n<ul class=\"wp-block-list\">\n<li>Direito Administrativo;<\/li>\n<\/ul>\n\n\n\n<ul class=\"wp-block-list\">\n<li>Direito Constitucional;<\/li>\n<\/ul>\n\n\n\n<ul class=\"wp-block-list\">\n<li>Direito Penal;<\/li>\n<\/ul>\n\n\n\n<ul class=\"wp-block-list\">\n<li>Direito Processual Penal;<\/li>\n<\/ul>\n\n\n\n<ul class=\"wp-block-list\">\n<li>Legisla\u00e7\u00e3o Especial;<\/li>\n<\/ul>\n\n\n\n<ul class=\"wp-block-list\">\n<li>Direitos Humanos.<\/li>\n<\/ul>\n\n\n\n<h4 class=\"wp-block-heading\" id=\"h-cadernos-de-prova-do-concurso-prf\"><strong>Cadernos de prova do concurso PRF:<\/strong><\/h4>\n\n\n\n<ul class=\"wp-block-list\">\n<li><a href=\"https:\/\/dhg1h5j42swfq.cloudfront.net\/2024\/08\/01103051\/cadernos-de-provas-do-concurso-da-policia-rodoviaria-federal.pdf\" target=\"_blank\" rel=\"noreferrer noopener nofollow\">Itens 9 a 120<\/a> | <a href=\"https:\/\/dhg1h5j42swfq.cloudfront.net\/2024\/08\/01103242\/itens-lingua-espanhola-da-prf.pdf\" target=\"_blank\" rel=\"noreferrer noopener nofollow\">Itens L. Espanhola<\/a> | <a href=\"https:\/\/dhg1h5j42swfq.cloudfront.net\/2024\/08\/01103330\/itens-lingua-inglesa-da-prova-da-policia-rodoviaria-federal.pdf\" target=\"_blank\" rel=\"noreferrer noopener nofollow\">Itens L. Inglesa<\/a><\/li>\n<\/ul>\n\n\n\n<h4 class=\"wp-block-heading\" id=\"h-prova-discursiva\">Prova discursiva<\/h4>\n\n\n\n<p>A prova discursiva valeu 20,00 pontos e consistiu da reda\u00e7\u00e3o de texto dissertativo, de at\u00e9 30 linhas, a respeito de temas relacionados aos objetos de avalia\u00e7\u00e3o.<\/p>\n\n\n\n<p>A prova discursiva de cada candidato foi submetida a duas avalia\u00e7\u00f5es: uma avalia\u00e7\u00e3o de conte\u00fado e uma avalia\u00e7\u00e3o do dom\u00ednio da modalidade escrita da L\u00edngua Portuguesa.<\/p>\n\n\n\n<h4 class=\"wp-block-heading\" id=\"h-teste-de-aptidao-fisica-taf\">Teste de Aptid\u00e3o F\u00edsica (TAF)<\/h4>\n\n\n\n<p>Foram convocados para o <a href=\"https:\/\/www.estrategiaconcursos.com.br\/blog\/preparacao-teste-aptidao-fisica\/\" target=\"_blank\" rel=\"noreferrer noopener\">teste de aptid\u00e3o f\u00edsica<\/a> todos os candidatos aprovados na prova discursiva. O exame de aptid\u00e3o f\u00edsica constou de cinco testes, realizados na ordem a seguir e de acordo com as especifica\u00e7\u00f5es:<\/p>\n\n\n\n<ul class=\"wp-block-list\">\n<li><strong>a) <\/strong>teste de flex\u00e3o em barra fixa;<\/li>\n<\/ul>\n\n\n\n<ul class=\"wp-block-list\">\n<li><strong>b) <\/strong>teste de shuttle run (ir e vir);<\/li>\n<\/ul>\n\n\n\n<ul class=\"wp-block-list\">\n<li><strong>c) <\/strong>teste de impuls\u00e3o horizontal;<\/li>\n<\/ul>\n\n\n\n<ul class=\"wp-block-list\">\n<li><strong>d) <\/strong>teste de flex\u00e3o abdominal; e<\/li>\n<\/ul>\n\n\n\n<ul class=\"wp-block-list\">\n<li><strong>e) <\/strong>teste de corrida de 12 minutos.<\/li>\n<\/ul>\n\n\n\n<p class=\"has-text-align-center has-very-light-gray-to-cyan-bluish-gray-gradient-background has-background\"><a href=\"https:\/\/www.estrategiaconcursos.com.br\/blog\/como-sera-o-taf-da-prf\/\" target=\"_blank\" rel=\"noreferrer noopener\"><strong>Veja como foi o TAF do \u00faltimo concurso PRF<\/strong><\/a><\/p>\n\n\n\n<h4 class=\"wp-block-heading\" id=\"h-prova-de-titulos\">Prova de T\u00edtulos<\/h4>\n\n\n\n<figure class=\"wp-block-table is-style-stripes\">\n<table class=\"has-very-light-gray-to-cyan-bluish-gray-gradient-background has-background has-fixed-layout\">\n<tbody>\n<tr>\n<td class=\"has-text-align-center\" data-align=\"center\"><strong>T\u00cdTULO<\/strong><\/td>\n<td class=\"has-text-align-center\" data-align=\"center\"><strong>VALOR DE CADA T\u00cdTULO<\/strong><\/td>\n<td class=\"has-text-align-center\" data-align=\"center\"><strong>VALOR M\u00c1XIMO DOS T\u00cdTULOS<\/strong><\/td>\n<\/tr>\n<tr>\n<td class=\"has-text-align-center\" data-align=\"center\">Diploma, devidamente registrado, de conclus\u00e3o de curso de doutorado em qualquer \u00e1rea de conhecimento. Tamb\u00e9m ser\u00e1 aceito certificado\/declara\u00e7\u00e3o de conclus\u00e3o de curso de doutorado, desde que acompanhado de hist\u00f3rico escolar.<\/td>\n<td class=\"has-text-align-center\" data-align=\"center\">3,00<\/td>\n<td class=\"has-text-align-center\" data-align=\"center\">3,00<\/td>\n<\/tr>\n<tr>\n<td class=\"has-text-align-center\" data-align=\"center\">Diploma, devidamente registrado, de conclus\u00e3o de curso de mestrado em qualquer \u00e1rea de conhecimento. Tamb\u00e9m ser\u00e1 aceito certificado\/declara\u00e7\u00e3o de conclus\u00e3o de curso de mestrado, desde que acompanhado de hist\u00f3rico escolar.<\/td>\n<td class=\"has-text-align-center\" data-align=\"center\">2,00<\/td>\n<td class=\"has-text-align-center\" data-align=\"center\">2,00<\/td>\n<\/tr>\n<tr>\n<td class=\"has-text-align-center\" data-align=\"center\">Certificado de conclus\u00e3o de curso de p\u00f3s-gradua\u00e7\u00e3o em n\u00edvel de especializa\u00e7\u00e3o lato sensu, com carga hor\u00e1ria m\u00ednima de 360 horas, reconhecido pelo Minist\u00e9rio da Educa\u00e7\u00e3o. Tamb\u00e9m ser\u00e1 aceita a declara\u00e7\u00e3o de conclus\u00e3o de p\u00f3s-gradua\u00e7\u00e3o em n\u00edvel de especializa\u00e7\u00e3o, desde que acompanhada de hist\u00f3rico escolar.<\/td>\n<td class=\"has-text-align-center\" data-align=\"center\">1,00<\/td>\n<td class=\"has-text-align-center\" data-align=\"center\">2,00<\/td>\n<\/tr>\n<tr>\n<td class=\"has-text-align-center\" data-align=\"center\">Exerc\u00edcio em cargo p\u00fablico nas institui\u00e7\u00f5es previstas nos artigos 142 e 144 da Constitui\u00e7\u00e3o Federal, conforme Anexo VI deste edital.<\/td>\n<td class=\"has-text-align-center\" data-align=\"center\">0,30 por ano<br \/>completo, sem<br \/>sobreposi\u00e7\u00e3o de<br \/>tempo<\/td>\n<td class=\"has-text-align-center\" data-align=\"center\">3,00<\/td>\n<\/tr>\n<tr>\n<td class=\"has-text-align-center\" data-align=\"center\"><strong>TOTAL<\/strong><\/td>\n<td class=\"has-text-align-center\" data-align=\"center\">&#8212;&#8212;&#8212;&#8212;&#8212;&#8212;<\/td>\n<td class=\"has-text-align-center\" data-align=\"center\">10,00<\/td>\n<\/tr>\n<\/tbody>\n<\/table>\n<figcaption class=\"wp-element-caption\">Tabela de pontos da Prova de T\u00edtulos no Concurso PRF<\/figcaption>\n<\/figure>\n\n\n\n<h4 class=\"wp-block-heading\" id=\"curso-de-formacao\">Curso de Forma\u00e7\u00e3o<\/h4>\n\n\n\n<p>A PRF formou em 2021, quase todos os 1.500 aprovados. De acordo com o \u00f3rg\u00e3o, a maioria dos aprovados foi convocada tamb\u00e9m em 2021. O curso de forma\u00e7\u00e3o teve acr\u00e9scimo de pontua\u00e7\u00e3o, passando a contar com 50 pontos.<\/p>\n\n\n\n<p>O curso de forma\u00e7\u00e3o da PRF teve car\u00e1ter <strong>eliminat\u00f3rio<\/strong> e <strong>classificat\u00f3rio<\/strong>. O candidato matriculado no curso de forma\u00e7\u00e3o faz jus, a t\u00edtulo de aux\u00edlio financeiro, a 50% do subs\u00eddio da classe inicial do cargo de Policial Rodovi\u00e1rio Federal.<\/p>\n\n\n\n<h2 class=\"wp-block-heading has-very-light-gray-to-cyan-bluish-gray-gradient-background has-background\" id=\"ultimos-editais\">Concurso PRF: informa\u00e7\u00f5es dos \u00faltimos editais<\/h2>\n\n\n\n<h3 class=\"wp-block-heading\" id=\"linha-tempo\">Linha do tempo dos concursos da Pol\u00edcia Rodovi\u00e1ria Federal<\/h3>\n\n\n\n<p>\u00c9 interessante analisarmos a linha do tempo do Concurso PRF, que mostra os diversos concursos realizados desde o ano de 2002. No total, foram <strong><em>6 concursos<\/em><\/strong>, dentre os quais 5 foram organizados pela banca CESPE\/Cebraspe.<\/p>\n\n\n\n<figure class=\"wp-block-image\"><img decoding=\"async\" src=\"https:\/\/dhg1h5j42swfq.cloudfront.net\/2019\/05\/20102050\/concurso-prf.png\" alt=\"Sequ\u00eancia e linha do tempo dos Concursos da Pol\u00edcia Federal Rodovi\u00e1ria j\u00e1 realizados, de 2002 a 2018\" title=\"Linha do tempo dos concursos PRF j\u00e1 realizados\"\/><figcaption class=\"wp-element-caption\">Sequ\u00eancia e linha do tempo dos Concursos da Pol\u00edcia Federal Rodovi\u00e1ria j\u00e1 realizados, de 2002 a 2018<\/figcaption><\/figure>\n\n\n\n<p>Tradicionalmente, o <strong>concurso PRF<\/strong> sempre abre muitas vagas. Em 2004, 2013 e 2021 (1.500 vagas), o n\u00famero foi bem grande. Detalhe adicional: na edi\u00e7\u00e3o de 2013, <strong><em>v\u00e1rios excedentes foram convocados<\/em><\/strong>.<\/p>\n\n\n\n<h3 class=\"wp-block-heading\" id=\"historico-nomeacoes\">Hist\u00f3rico de nomea\u00e7\u00f5es do concurso PRF<\/h3>\n\n\n\n<figure class=\"wp-block-table is-style-stripes\">\n<table class=\"has-very-light-gray-to-cyan-bluish-gray-gradient-background has-background has-fixed-layout\">\n<tbody>\n<tr>\n<td class=\"has-text-align-center\" data-align=\"center\"><strong>ANO DO EDITAL<\/strong><\/td>\n<td class=\"has-text-align-center\" data-align=\"center\"><strong>VAGAS INICIAIS<\/strong><\/td>\n<td class=\"has-text-align-center\" data-align=\"center\"><strong>EXCEDENTES NOMEADOS<\/strong><\/td>\n<td class=\"has-text-align-center\" data-align=\"center\"><strong>TOTAL<\/strong><\/td>\n<\/tr>\n<tr>\n<td class=\"has-text-align-center\" data-align=\"center\">2002<\/td>\n<td class=\"has-text-align-center\" data-align=\"center\">600<\/td>\n<td class=\"has-text-align-center\" data-align=\"center\">&#8211;<\/td>\n<td class=\"has-text-align-center\" data-align=\"center\">600<\/td>\n<\/tr>\n<tr>\n<td class=\"has-text-align-center\" data-align=\"center\">2003<\/td>\n<td class=\"has-text-align-center\" data-align=\"center\">2.200<\/td>\n<td class=\"has-text-align-center\" data-align=\"center\">1.000<\/td>\n<td class=\"has-text-align-center\" data-align=\"center\">3.200<\/td>\n<\/tr>\n<tr>\n<td class=\"has-text-align-center\" data-align=\"center\">2008<\/td>\n<td class=\"has-text-align-center\" data-align=\"center\">320<\/td>\n<td class=\"has-text-align-center\" data-align=\"center\">170<\/td>\n<td class=\"has-text-align-center\" data-align=\"center\">490<\/td>\n<\/tr>\n<tr>\n<td class=\"has-text-align-center\" data-align=\"center\">2009<\/td>\n<td class=\"has-text-align-center\" data-align=\"center\">750<\/td>\n<td class=\"has-text-align-center\" data-align=\"center\">762<\/td>\n<td class=\"has-text-align-center\" data-align=\"center\">1.512<\/td>\n<\/tr>\n<tr>\n<td class=\"has-text-align-center\" data-align=\"center\">2013<\/td>\n<td class=\"has-text-align-center\" data-align=\"center\">1.000<\/td>\n<td class=\"has-text-align-center\" data-align=\"center\">500<\/td>\n<td class=\"has-text-align-center\" data-align=\"center\">1.500<\/td>\n<\/tr>\n<tr>\n<td class=\"has-text-align-center\" data-align=\"center\">2018<\/td>\n<td class=\"has-text-align-center\" data-align=\"center\">500<\/td>\n<td class=\"has-text-align-center\" data-align=\"center\">500 +614<\/td>\n<td class=\"has-text-align-center\" data-align=\"center\">1.614<\/td>\n<\/tr>\n<\/tbody>\n<\/table>\n<figcaption class=\"wp-element-caption\">Tabela do n\u00famero de nomeados do Concurso PRF<\/figcaption>\n<\/figure>\n\n\n\n<h3 class=\"wp-block-heading\" id=\"corte-2018\">Nota de corte do concurso 2018<\/h3>\n\n\n\n<p>O concurso PRF de 2018 ofereceu<strong> 500 vagas e registrou <\/strong><strong>129.152 inscri\u00e7\u00f5es<\/strong>. Al\u00e9m disso, mais <strong>500 aprovados foram convocados<\/strong> posteriormente, e, com autoriza\u00e7\u00e3o do presidente, mais <strong>614 excedentes<\/strong> foram chamados, totalizando <strong>1.614 aprovados<\/strong>.<\/p>\n\n\n\n<ul class=\"wp-block-list\">\n<li><strong>\u00daltimo edital:<\/strong>\u00a0<a href=\"https:\/\/dhg1h5j42swfq.cloudfront.net\/2018\/11\/28100200\/ED_1_PRF_2018_ABT.pdf\" target=\"_blank\" rel=\"noreferrer noopener nofollow\"><strong>Edital PRF 2018<\/strong><\/a><\/li>\n<\/ul>\n\n\n\n<h2 class=\"wp-block-heading has-very-light-gray-to-cyan-bluish-gray-gradient-background has-background\" id=\"materiais\">Concurso PRF: materiais B\u00f4nus e Gratuitos<\/h2>\n\n\n\n<h3 class=\"wp-block-heading\" id=\"h-artigos-tecnicos\">Artigos t\u00e9cnicos<\/h3>\n\n\n\n<p>Se voc\u00ea deseja obter uma an\u00e1lise mais t\u00e1tica sobre as disciplinas e t\u00e9cnicas de estudo do concurso PRF, n\u00e3o deixe de conferir os artigos feitos pelos nossos professores e coaches, especialistas no assunto:<\/p>\n\n\n\n<ul class=\"wp-block-list\">\n<li><a href=\"https:\/\/www.estrategiaconcursos.com.br\/blog\/pf-e-prf-e-possivel-conciliar\/\" target=\"_blank\" rel=\"noreferrer noopener\">PF e PRF: \u00e9 poss\u00edvel conciliar?<\/a><\/li>\n<\/ul>\n\n\n\n<ul class=\"wp-block-list\">\n<li><a href=\"https:\/\/www.estrategiaconcursos.com.br\/blog\/melhor-curso-superior-para-prf\/\" target=\"_blank\" rel=\"noreferrer noopener\">Qual o melhor curso superior para ingressar na PRF?<\/a><\/li>\n<\/ul>\n\n\n\n<ul class=\"wp-block-list\">\n<li><a href=\"https:\/\/www.estrategiaconcursos.com.br\/blog\/mulheres-prf\/\" target=\"_blank\" rel=\"noreferrer noopener\">Mulheres na PRF: saiba tudo neste artigo!<\/a><\/li>\n<\/ul>\n\n\n\n<ul class=\"wp-block-list\">\n<li><a href=\"https:\/\/www.estrategiaconcursos.com.br\/blog\/estatistica-de-cobranca-para-prf\/\" target=\"_blank\" rel=\"noreferrer noopener\">Assuntos mais cobrados no concurso PRF<\/a><\/li>\n<\/ul>\n\n\n\n<ul class=\"wp-block-list\">\n<li><a href=\"https:\/\/www.estrategiaconcursos.com.br\/blog\/aprenda-de-vez-sobre-a-responsabilidade-civil-do-estado-para-prf\/\" target=\"_blank\" rel=\"noreferrer noopener\">Aprenda de vez sobre a Responsabilidade Civil do Estado para PRF<\/a><\/li>\n<\/ul>\n\n\n\n<ul class=\"wp-block-list\">\n<li><a href=\"https:\/\/www.estrategiaconcursos.com.br\/blog\/ingles-para-a-prf-como-estudar-ate-o-dia-da-prova\/\" target=\"_blank\" rel=\"noreferrer noopener\">Ingl\u00eas para a PRF: como estudar at\u00e9 o dia da prova!<\/a><\/li>\n<\/ul>\n\n\n\n<ul class=\"wp-block-list\">\n<li><a href=\"https:\/\/www.estrategiaconcursos.com.br\/blog\/preparacao-teste-de-aptidao-fisica-taf-prf\/\" target=\"_blank\" rel=\"noreferrer noopener\">Prepare-se para o teste de Aptid\u00e3o F\u00edsica (TAF) da PRF<\/a><\/li>\n<\/ul>\n\n\n\n<ul class=\"wp-block-list\">\n<li><a href=\"https:\/\/www.estrategiaconcursos.com.br\/blog\/fisica-para-a-prf\/\" target=\"_blank\" rel=\"noreferrer noopener\">As principais f\u00f3rmulas de F\u00edsica para PRF para gabaritar a prova<\/a><\/li>\n<\/ul>\n\n\n\n<ul class=\"wp-block-list\">\n<li><a href=\"https:\/\/www.estrategiaconcursos.com.br\/blog\/ciclo-de-estudos-para-prf\/\" target=\"_blank\" rel=\"noreferrer noopener\">Ciclos de estudos para a PRF<\/a><\/li>\n<\/ul>\n\n\n\n<ul class=\"wp-block-list\">\n<li><a href=\"https:\/\/www.estrategiaconcursos.com.br\/blog\/resumo-de-fisica-lancamento-obliquo-para-a-prf\/\" target=\"_blank\" rel=\"noreferrer noopener\">Resumo de F\u00edsica &#8211; lan\u00e7amento obl\u00edquo para a PRF<\/a><\/li>\n<\/ul>\n\n\n\n<ul class=\"wp-block-list\">\n<li><a href=\"https:\/\/www.estrategiaconcursos.com.br\/blog\/como-estudar-os-topicos-de-espanhol-para-a-prova-da-prf\/\" target=\"_blank\" rel=\"noreferrer noopener\">Como estudar os t\u00f3picos de espanhol para a prova da PRF<\/a><\/li>\n<\/ul>\n\n\n\n<h3 class=\"wp-block-heading\" id=\"vade-mecum-legislacao-completa-policia-federal-rodoviaria\">Vade Mecum | Legisla\u00e7\u00e3o Completa Pol\u00edcia Federal Rodovi\u00e1ria<\/h3>\n\n\n\n<p>Pensando em voc\u00ea, concurseiro, os professores do Estrat\u00e9gia se reuniram para te auxiliar a poupar o seu tempo e compilar toda a legisla\u00e7\u00e3o prevista no edital.<\/p>\n\n\n\n<p>Por isso, estamos disponibilizando a legisla\u00e7\u00e3o completa prevista dos cargo de <strong>Pol\u00edcia Rodovi\u00e1ria<\/strong>&nbsp;<strong>Federal<\/strong> P\u00f3s-edital 2021. Acesse o conte\u00fado de forma gratuita clicando no link!<\/p>\n\n\n\n<ul class=\"wp-block-list\">\n<li><a href=\"https:\/\/gratis.estrategiaconcursos.com.br\/wp-content\/uploads\/2021\/05\/VM-PRF-2.pdf\" target=\"_blank\" rel=\"noreferrer noopener\">Vade Mecum \u2013 Policial Rodovi\u00e1rio Federal<\/a><\/li>\n<\/ul>\n\n\n\n<h3 class=\"wp-block-heading\" id=\"h-guia-de-estudos\">Guia de estudos<\/h3>\n\n\n\n<ul class=\"wp-block-list\">\n<li><a href=\"https:\/\/www.estrategiaconcursos.com.br\/blog\/guias-de-estudos-para-prf-2021\/\" target=\"_blank\" rel=\"noreferrer noopener\">Guia de Estudos (edital 2021)<\/a><\/li>\n<\/ul>\n\n\n\n<ul class=\"wp-block-list\">\n<li><a href=\"https:\/\/www.estrategiaconcursos.com.br\/blog\/guia-de-estudos-prf-2023\/\" target=\"_blank\" rel=\"noreferrer noopener\">Guia de Estudos PRF (2023)<\/a><\/li>\n<\/ul>\n\n\n\n<hr class=\"wp-block-separator has-alpha-channel-opacity\"\/>\n\n\n\n<h2 class=\"wp-block-heading has-text-align-center\" id=\"h-quer-saber-tudo-sobre-concursos-previstos-confira-nossos-artigos\">Quer saber tudo sobre concursos previstos?<br \/>Confira nossos artigos!<\/h2>\n\n\n\n<ul class=\"wp-block-list\">\n<li><a href=\"https:\/\/www.estrategiaconcursos.com.br\/blog\/concurso-policia-federal\/\" target=\"_blank\" rel=\"noreferrer noopener\">Concurso Pol\u00edcia Federal<\/a><\/li>\n\n\n\n<li><a href=\"https:\/\/www.estrategiaconcursos.com.br\/blog\/concurso-pf-administrativo\/\" target=\"_blank\" rel=\"noreferrer noopener\">Concurso PF Administrativo<\/a><\/li>\n\n\n\n<li><a href=\"https:\/\/www.estrategiaconcursos.com.br\/blog\/concursos-de-policia\/\" target=\"_blank\" rel=\"noreferrer noopener\">Concursos de pol\u00edcia<\/a><\/li>\n\n\n\n<li><a href=\"https:\/\/www.estrategiaconcursos.com.br\/blog\/concursos-abertos\/\" target=\"_blank\" rel=\"noreferrer noopener\">Concursos abertos<\/a><\/li>\n\n\n\n<li><a href=\"https:\/\/www.estrategiaconcursos.com.br\/blog\/concursos-2026\/\" target=\"_blank\" rel=\"noreferrer noopener\">Concursos 2026<\/a><\/li>\n<\/ul>\n\n\n\n<h2 class=\"wp-block-heading has-text-align-center\" id=\"cursos-assinatura\">Quer estudar para o concurso PRF?<\/h2>\n\n\n\n<div id=\"boxes\" class=\"container\">\n<div class=\"row\">\n<div class=\"col-sm\">\n<div id=\"box-assinatura\" class=\"banner-prf\">\n<h3 class=\"titulo-assinatura\">Concurso PRF<\/h3>\n<p class=\"subtitulo-assinatura\">Conquiste a farda da PRF: Comece sua jornada!<\/p>\n<div class=\"box-botao\"><a class=\"btn-assinatura\" role=\"button\" href=\"https:\/\/www.estrategiaconcursos.com.br\/cursosPorConcurso\/prf-policial-rodoviario-federal\/\" target=\"_blank\" rel=\"noopener noreferrer\">INICIAR AGORA<\/a><\/div>\n<\/div>\n<\/div>\n<\/div>\n<\/div>\n\n\n\n<div id=\"boxes\" class=\"container\">\n<div class=\"row\">\n<div class=\"col-sm\">\n<div id=\"box-assinatura\" class=\"estrategia\">\n<h3 class=\"titulo-assinatura\">Assinatura Concursos<\/h3>\n<p class=\"subtitulo-assinatura\">Assinatura de 1 ano ou 2 anos<\/p>\n<div class=\"box-botao\"><a class=\"btn-assinatura\" role=\"button\" href=\"https:\/\/www.estrategiaconcursos.com.br\/assinaturas\/\" target=\"_blank\" rel=\"noopener noreferrer\">ASSINE AGORA<\/a><\/div>\n<\/div>\n<\/div>\n<\/div>\n<\/div>\n\n\n\n<figure class=\"wp-block-image is-resized size-large\"><img loading=\"lazy\" decoding=\"async\" width=\"1024\" height=\"632\" src=\"https:\/\/dhg1h5j42swfq.cloudfront.net\/2021\/03\/27101326\/ficha-tecnica-1-1024x632.png\" alt=\"Ficha t\u00e9cnica\" class=\"wp-image-702736\" style=\"aspect-ratio:1.6202849629077207;width:312px;height:auto\" srcset=\"https:\/\/dhg1h5j42swfq.cloudfront.net\/2021\/03\/27101326\/ficha-tecnica-1-1024x632.png 1024w, https:\/\/dhg1h5j42swfq.cloudfront.net\/2021\/03\/27101326\/ficha-tecnica-1-300x185.png 300w, https:\/\/dhg1h5j42swfq.cloudfront.net\/2021\/03\/27101326\/ficha-tecnica-1-768x474.png 768w, https:\/\/dhg1h5j42swfq.cloudfront.net\/2021\/03\/27101326\/ficha-tecnica-1-1536x948.png 1536w, https:\/\/dhg1h5j42swfq.cloudfront.net\/2021\/03\/27101326\/ficha-tecnica-1-610x377.png 610w, https:\/\/dhg1h5j42swfq.cloudfront.net\/2021\/03\/27101326\/ficha-tecnica-1.png 1571w\" sizes=\"auto, (max-width: 1024px) 100vw, 1024px\" \/><\/figure>\n\n\n\n<h3 class=\"wp-block-heading\" id=\"ficha-tecnica\">Informa\u00e7\u00f5es do \u00faltimo concurso PRF<\/h3>\n\n\n\n<ul class=\"wp-block-list\">\n<li><strong>Data<\/strong>: 2021<\/li>\n\n\n\n<li><strong>Vagas:\u00a0<\/strong>1.500<\/li>\n\n\n\n<li><strong>Lota\u00e7\u00f5es:\u00a0<\/strong>capitais<\/li>\n\n\n\n<li><strong>Remunera\u00e7\u00e3o inicial:<\/strong>\u00a0R$ 9.899,88<\/li>\n\n\n\n<li><strong>Banca: <\/strong>Cebraspe<\/li>\n\n\n\n<li><strong>Edital:<\/strong> <a href=\"https:\/\/dhg1h5j42swfq.cloudfront.net\/2021\/01\/18184035\/edital-prf.pdf\" target=\"_blank\" rel=\"noreferrer noopener nofollow\">EDITAL 2021<\/a> | <a href=\"https:\/\/www.estrategiaconcursos.com.br\/blog\/regulamento-prf-publicado\/\" target=\"_blank\" rel=\"noreferrer noopener\">Regulamento PRF<\/a> | <a href=\"https:\/\/dhg1h5j42swfq.cloudfront.net\/2021\/01\/27084529\/prf-retificacao-1.pdf\" target=\"_blank\" rel=\"noreferrer noopener nofollow\">Retifica\u00e7\u00e3o 1<\/a> | <a href=\"https:\/\/dhg1h5j42swfq.cloudfront.net\/2024\/08\/01104546\/novo-cronograma-de-datas-do-ultimo-concurso-da-prf.pdf\" target=\"_blank\" rel=\"noreferrer noopener nofollow\">Novo cronograma<\/a><\/li>\n<\/ul>\n\n\n\n<p><\/p>\n\n\n\n<hr class=\"wp-block-separator has-alpha-channel-opacity\"\/>\n\n\n\n<div class=\"schema-faq wp-block-yoast-faq-block\">\n<div id=\"faq-question-1748543029559\" class=\"schema-faq-section\"><strong class=\"schema-faq-question\">Quando ser\u00e1 o pr\u00f3ximo Concurso PRF?<\/strong>\n<p class=\"schema-faq-answer\">Um of\u00edcio com uma nova solicita\u00e7\u00e3o de edital para a Pol\u00edcia Rodovi\u00e1ria Federal foi encaminhado ao Minist\u00e9rio da Justi\u00e7a (MJSP) em junho de 2025. Esse of\u00edcio solicitou <strong>263&nbsp;vagas para Policial Rodovi\u00e1rio Federal e 248 vagas para Agente Administrativo<\/strong>.<\/p>\n<\/div>\n<div id=\"faq-question-1748543229338\" class=\"schema-faq-section\"><strong class=\"schema-faq-question\">Quando foi a \u00faltima edi\u00e7\u00e3o do Concurso PRF?<\/strong>\n<p class=\"schema-faq-answer\">O \u00faltimo edital da PRF foi publicado em 2021, com 1.500 vagas para o cargo de Policial Rodovi\u00e1rio Federal. O concurso segue vigente at\u00e9 dezembro de 2025.<\/p>\n<\/div>\n<div id=\"faq-question-1748543335109\" class=\"schema-faq-section\"><strong class=\"schema-faq-question\">Quantas etapas tem o Concurso PRF?<\/strong>\n<p class=\"schema-faq-answer\">O Concurso PRF possui as seguintes etapas: prova objetiva e discursiva; exame de aptid\u00e3o f\u00edsica; avalia\u00e7\u00e3o de sa\u00fade; avalia\u00e7\u00e3o psicol\u00f3gica; avalia\u00e7\u00e3o de t\u00edtulos; e investiga\u00e7\u00e3o social.<\/p>\n<\/div>\n<\/div>\n","protected":false},"excerpt":{"rendered":"<p>\u00daltimo concurso PRF segue vigente at\u00e9 2026. Diretor prev\u00ea edital ap\u00f3s a PEC da Seguran\u00e7a P\u00fablica! Um novo concurso PRF pode ocorrer em breve! Isso porque a Pol\u00edcia Rodovi\u00e1ria Federal encaminhou os pedidos para provimento de 511 vagas em novos editais. Segundo os of\u00edcios encaminhados ao Minist\u00e9rio da Gest\u00e3o e da Inova\u00e7\u00e3o em Servi\u00e7os P\u00fablico, [&hellip;]<\/p>\n","protected":false},"author":1206,"featured_media":1026958,"comment_status":"open","ping_status":"closed","sticky":false,"template":"","format":"standard","meta":{"post_tipo":"news_page","footnotes":""},"categories":[1988],"tags":[910,1290,451],"tax_estado":[219963],"class_list":["post-170879","post","type-post","status-publish","format-standard","has-post-thumbnail","hentry","category-policia","tag-concurso-prf","tag-edital-prf","tag-prf","tax_estado-concursos-federais"],"acf":[],"yoast_head":"<!-- This site is optimized with the Yoast SEO Premium plugin v27.2 (Yoast SEO v27.2) - https:\/\/yoast.com\/product\/yoast-seo-premium-wordpress\/ -->\n<title>Concurso PRF: editais com 511 vagas. Confira novidades!<\/title>\n<meta name=\"description\" content=\"Concurso PRF segue vigente at\u00e9 2026, por\u00e9m of\u00edcio com solicita\u00e7\u00e3o de novo edital com mais de 500 vagas foi solicitado; acompanhe\" \/>\n<meta name=\"robots\" content=\"index, follow, max-snippet:-1, max-image-preview:large, max-video-preview:-1\" \/>\n<link rel=\"canonical\" href=\"https:\/\/www.estrategiaconcursos.com.br\/blog\/concurso-prf\/\" \/>\n<meta property=\"og:locale\" content=\"pt_BR\" \/>\n<meta property=\"og:type\" content=\"article\" \/>\n<meta property=\"og:title\" content=\"Concurso PRF: editais com 511 vagas. Confira novidades!\" \/>\n<meta property=\"og:description\" content=\"Concurso PRF segue vigente at\u00e9 2026, por\u00e9m of\u00edcio com solicita\u00e7\u00e3o de novo edital com mais de 500 vagas foi solicitado; acompanhe\" \/>\n<meta property=\"og:url\" content=\"https:\/\/www.estrategiaconcursos.com.br\/blog\/concurso-prf\/\" \/>\n<meta property=\"og:site_name\" content=\"Estrat\u00e9gia Concursos\" \/>\n<meta property=\"article:published_time\" content=\"2026-02-03T14:06:39+00:00\" \/>\n<meta property=\"article:modified_time\" content=\"2026-02-10T18:19:45+00:00\" \/>\n<meta property=\"og:image\" content=\"https:\/\/dhg1h5j42swfq.cloudfront.net\/2022\/05\/12134227\/prf.jpg\" \/>\n\t<meta property=\"og:image:width\" content=\"768\" \/>\n\t<meta property=\"og:image:height\" content=\"432\" \/>\n\t<meta property=\"og:image:type\" content=\"image\/jpeg\" \/>\n<meta name=\"author\" content=\"Bruna de Andrade Fran\u00e7a\" \/>\n<meta name=\"twitter:card\" content=\"summary_large_image\" \/>\n<meta name=\"twitter:creator\" content=\"@EstratConcursos\" \/>\n<meta name=\"twitter:site\" content=\"@EstratConcursos\" \/>\n<meta name=\"twitter:label1\" content=\"Escrito por\" \/>\n\t<meta name=\"twitter:data1\" content=\"Bruna de Andrade Fran\u00e7a\" \/>\n\t<meta name=\"twitter:label2\" content=\"Est. tempo de leitura\" \/>\n\t<meta name=\"twitter:data2\" content=\"16 minutos\" \/>\n<script type=\"application\/ld+json\" class=\"yoast-schema-graph\">{\"@context\":\"https:\/\/schema.org\",\"@graph\":[{\"@type\":\"NewsArticle\",\"@id\":\"https:\/\/www.estrategiaconcursos.com.br\/blog\/concurso-prf\/#article\",\"isPartOf\":{\"@id\":\"https:\/\/www.estrategiaconcursos.com.br\/blog\/concurso-prf\/\"},\"author\":{\"name\":\"Bruna de Andrade Fran\u00e7a\",\"@id\":\"https:\/\/www.estrategiaconcursos.com.br\/blog\/#\/schema\/person\/6630f91134abc08115cca62ce6372855\"},\"headline\":\"Concurso PRF: editais com 511 vagas. Confira novidades!\",\"datePublished\":\"2026-02-03T14:06:39+00:00\",\"dateModified\":\"2026-02-10T18:19:45+00:00\",\"mainEntityOfPage\":{\"@id\":\"https:\/\/www.estrategiaconcursos.com.br\/blog\/concurso-prf\/\"},\"wordCount\":2779,\"commentCount\":143,\"publisher\":{\"@id\":\"https:\/\/www.estrategiaconcursos.com.br\/blog\/#organization\"},\"image\":{\"@id\":\"https:\/\/www.estrategiaconcursos.com.br\/blog\/concurso-prf\/#primaryimage\"},\"thumbnailUrl\":\"https:\/\/dhg1h5j42swfq.cloudfront.net\/2022\/05\/12134227\/prf.jpg\",\"keywords\":[\"concurso prf\",\"edital PRF\",\"PRF\"],\"articleSection\":[\"Policial (Agente, Escriv\u00e3o e Investigador)\"],\"inLanguage\":\"pt-BR\",\"potentialAction\":[{\"@type\":\"CommentAction\",\"name\":\"Comment\",\"target\":[\"https:\/\/www.estrategiaconcursos.com.br\/blog\/concurso-prf\/#respond\"]}],\"copyrightYear\":\"2026\",\"copyrightHolder\":{\"@id\":\"https:\/\/www.estrategiaconcursos.com.br\/blog\/#organization\"}},{\"@type\":\"WebPage\",\"@id\":\"https:\/\/www.estrategiaconcursos.com.br\/blog\/concurso-prf\/\",\"url\":\"https:\/\/www.estrategiaconcursos.com.br\/blog\/concurso-prf\/\",\"name\":\"Concurso PRF: editais com 511 vagas. Confira novidades!\",\"isPartOf\":{\"@id\":\"https:\/\/www.estrategiaconcursos.com.br\/blog\/#website\"},\"primaryImageOfPage\":{\"@id\":\"https:\/\/www.estrategiaconcursos.com.br\/blog\/concurso-prf\/#primaryimage\"},\"image\":{\"@id\":\"https:\/\/www.estrategiaconcursos.com.br\/blog\/concurso-prf\/#primaryimage\"},\"thumbnailUrl\":\"https:\/\/dhg1h5j42swfq.cloudfront.net\/2022\/05\/12134227\/prf.jpg\",\"datePublished\":\"2026-02-03T14:06:39+00:00\",\"dateModified\":\"2026-02-10T18:19:45+00:00\",\"description\":\"Concurso PRF segue vigente at\u00e9 2026, por\u00e9m of\u00edcio com solicita\u00e7\u00e3o de novo edital com mais de 500 vagas foi solicitado; acompanhe\",\"breadcrumb\":{\"@id\":\"https:\/\/www.estrategiaconcursos.com.br\/blog\/concurso-prf\/#breadcrumb\"},\"inLanguage\":\"pt-BR\",\"potentialAction\":[{\"@type\":\"ReadAction\",\"target\":[\"https:\/\/www.estrategiaconcursos.com.br\/blog\/concurso-prf\/\"]}]},{\"@type\":\"ImageObject\",\"inLanguage\":\"pt-BR\",\"@id\":\"https:\/\/www.estrategiaconcursos.com.br\/blog\/concurso-prf\/#primaryimage\",\"url\":\"https:\/\/dhg1h5j42swfq.cloudfront.net\/2022\/05\/12134227\/prf.jpg\",\"contentUrl\":\"https:\/\/dhg1h5j42swfq.cloudfront.net\/2022\/05\/12134227\/prf.jpg\",\"width\":768,\"height\":432,\"caption\":\"concurso PRF\"},{\"@type\":\"BreadcrumbList\",\"@id\":\"https:\/\/www.estrategiaconcursos.com.br\/blog\/concurso-prf\/#breadcrumb\",\"itemListElement\":[{\"@type\":\"ListItem\",\"position\":1,\"name\":\"In\u00edcio\",\"item\":\"https:\/\/www.estrategiaconcursos.com.br\/blog\/\"},{\"@type\":\"ListItem\",\"position\":2,\"name\":\"Concurso PRF: editais com 511 vagas. Confira novidades!\"}]},{\"@type\":\"WebSite\",\"@id\":\"https:\/\/www.estrategiaconcursos.com.br\/blog\/#website\",\"url\":\"https:\/\/www.estrategiaconcursos.com.br\/blog\/\",\"name\":\"Estrat\u00e9gia Concursos\",\"description\":\"O blog da Estrat\u00e9gia Concursos traz not\u00edcias sobre concursos e artigos de professores oferecendo cursos para concursos (pdf + videaulas) no site.\",\"publisher\":{\"@id\":\"https:\/\/www.estrategiaconcursos.com.br\/blog\/#organization\"},\"potentialAction\":[{\"@type\":\"SearchAction\",\"target\":{\"@type\":\"EntryPoint\",\"urlTemplate\":\"https:\/\/www.estrategiaconcursos.com.br\/blog\/?s={search_term_string}\"},\"query-input\":{\"@type\":\"PropertyValueSpecification\",\"valueRequired\":true,\"valueName\":\"search_term_string\"}}],\"inLanguage\":\"pt-BR\"},{\"@type\":\"Organization\",\"@id\":\"https:\/\/www.estrategiaconcursos.com.br\/blog\/#organization\",\"name\":\"Estrat\u00e9gia Concursos\",\"url\":\"https:\/\/www.estrategiaconcursos.com.br\/blog\/\",\"logo\":{\"@type\":\"ImageObject\",\"inLanguage\":\"pt-BR\",\"@id\":\"https:\/\/www.estrategiaconcursos.com.br\/blog\/#\/schema\/logo\/image\/\",\"url\":\"https:\/\/dhg1h5j42swfq.cloudfront.net\/2025\/06\/03203428\/logo_concursos-1.jpg\",\"contentUrl\":\"https:\/\/dhg1h5j42swfq.cloudfront.net\/2025\/06\/03203428\/logo_concursos-1.jpg\",\"width\":230,\"height\":60,\"caption\":\"Estrat\u00e9gia Concursos\"},\"image\":{\"@id\":\"https:\/\/www.estrategiaconcursos.com.br\/blog\/#\/schema\/logo\/image\/\"},\"sameAs\":[\"https:\/\/x.com\/EstratConcursos\"]},{\"@type\":\"Person\",\"@id\":\"https:\/\/www.estrategiaconcursos.com.br\/blog\/#\/schema\/person\/6630f91134abc08115cca62ce6372855\",\"name\":\"Bruna de Andrade Fran\u00e7a\",\"image\":{\"@type\":\"ImageObject\",\"inLanguage\":\"pt-BR\",\"@id\":\"https:\/\/secure.gravatar.com\/avatar\/d6316d36d50cea0fadae28ed3015b8870cc90a2d3d8a95c37b44006af36a00e3?s=96&d=mm&r=g\",\"url\":\"https:\/\/secure.gravatar.com\/avatar\/d6316d36d50cea0fadae28ed3015b8870cc90a2d3d8a95c37b44006af36a00e3?s=96&d=mm&r=g\",\"contentUrl\":\"https:\/\/secure.gravatar.com\/avatar\/d6316d36d50cea0fadae28ed3015b8870cc90a2d3d8a95c37b44006af36a00e3?s=96&d=mm&r=g\",\"caption\":\"Bruna de Andrade Fran\u00e7a\"},\"description\":\"Bruna de Andrade Fran\u00e7a \u00e9 publicit\u00e1ria com p\u00f3s-gradua\u00e7\u00e3o em Marketing &amp; Growth, atuando h\u00e1 mais de 6 anos no universo dos concursos p\u00fablicos. Desde 2021, lidera no Blog do Estrat\u00e9gia Concursos a cobertura editorial especializada em Concursos Policiais (PF, PRF, PM, PC, etc.), al\u00e9m das frentes de concursos banc\u00e1rios, de sa\u00fade e da \u00e1rea legislativa. Especialista em reda\u00e7\u00e3o, com pr\u00e1ticas de SEO e Copywriting, possui tamb\u00e9m atua\u00e7\u00e3o pr\u00e1tica de contato direto com \u00f3rg\u00e3os p\u00fablicos respons\u00e1veis por editais, permitindo acesso antecipado a informa\u00e7\u00f5es, desdobramentos importantes e atualiza\u00e7\u00e3o eficiente dos concursos p\u00fablicos.\",\"url\":\"https:\/\/www.estrategiaconcursos.com.br\/blog\/author\/bruna-andrade\/\"}]}<\/script>\n<!-- \/ Yoast SEO Premium plugin. -->","yoast_head_json":{"title":"Concurso PRF: editais com 511 vagas. Confira novidades!","description":"Concurso PRF segue vigente at\u00e9 2026, por\u00e9m of\u00edcio com solicita\u00e7\u00e3o de novo edital com mais de 500 vagas foi solicitado; acompanhe","robots":{"index":"index","follow":"follow","max-snippet":"max-snippet:-1","max-image-preview":"max-image-preview:large","max-video-preview":"max-video-preview:-1"},"canonical":"https:\/\/www.estrategiaconcursos.com.br\/blog\/concurso-prf\/","og_locale":"pt_BR","og_type":"article","og_title":"Concurso PRF: editais com 511 vagas. Confira novidades!","og_description":"Concurso PRF segue vigente at\u00e9 2026, por\u00e9m of\u00edcio com solicita\u00e7\u00e3o de novo edital com mais de 500 vagas foi solicitado; acompanhe","og_url":"https:\/\/www.estrategiaconcursos.com.br\/blog\/concurso-prf\/","og_site_name":"Estrat\u00e9gia Concursos","article_published_time":"2026-02-03T14:06:39+00:00","article_modified_time":"2026-02-10T18:19:45+00:00","og_image":[{"width":768,"height":432,"url":"https:\/\/dhg1h5j42swfq.cloudfront.net\/2022\/05\/12134227\/prf.jpg","type":"image\/jpeg"}],"author":"Bruna de Andrade Fran\u00e7a","twitter_card":"summary_large_image","twitter_creator":"@EstratConcursos","twitter_site":"@EstratConcursos","twitter_misc":{"Escrito por":"Bruna de Andrade Fran\u00e7a","Est. tempo de leitura":"16 minutos"},"schema":{"@context":"https:\/\/schema.org","@graph":[{"@type":"NewsArticle","@id":"https:\/\/www.estrategiaconcursos.com.br\/blog\/concurso-prf\/#article","isPartOf":{"@id":"https:\/\/www.estrategiaconcursos.com.br\/blog\/concurso-prf\/"},"author":{"name":"Bruna de Andrade Fran\u00e7a","@id":"https:\/\/www.estrategiaconcursos.com.br\/blog\/#\/schema\/person\/6630f91134abc08115cca62ce6372855"},"headline":"Concurso PRF: editais com 511 vagas. Confira novidades!","datePublished":"2026-02-03T14:06:39+00:00","dateModified":"2026-02-10T18:19:45+00:00","mainEntityOfPage":{"@id":"https:\/\/www.estrategiaconcursos.com.br\/blog\/concurso-prf\/"},"wordCount":2779,"commentCount":143,"publisher":{"@id":"https:\/\/www.estrategiaconcursos.com.br\/blog\/#organization"},"image":{"@id":"https:\/\/www.estrategiaconcursos.com.br\/blog\/concurso-prf\/#primaryimage"},"thumbnailUrl":"https:\/\/dhg1h5j42swfq.cloudfront.net\/2022\/05\/12134227\/prf.jpg","keywords":["concurso prf","edital PRF","PRF"],"articleSection":["Policial (Agente, Escriv\u00e3o e Investigador)"],"inLanguage":"pt-BR","potentialAction":[{"@type":"CommentAction","name":"Comment","target":["https:\/\/www.estrategiaconcursos.com.br\/blog\/concurso-prf\/#respond"]}],"copyrightYear":"2026","copyrightHolder":{"@id":"https:\/\/www.estrategiaconcursos.com.br\/blog\/#organization"}},{"@type":"WebPage","@id":"https:\/\/www.estrategiaconcursos.com.br\/blog\/concurso-prf\/","url":"https:\/\/www.estrategiaconcursos.com.br\/blog\/concurso-prf\/","name":"Concurso PRF: editais com 511 vagas. Confira novidades!","isPartOf":{"@id":"https:\/\/www.estrategiaconcursos.com.br\/blog\/#website"},"primaryImageOfPage":{"@id":"https:\/\/www.estrategiaconcursos.com.br\/blog\/concurso-prf\/#primaryimage"},"image":{"@id":"https:\/\/www.estrategiaconcursos.com.br\/blog\/concurso-prf\/#primaryimage"},"thumbnailUrl":"https:\/\/dhg1h5j42swfq.cloudfront.net\/2022\/05\/12134227\/prf.jpg","datePublished":"2026-02-03T14:06:39+00:00","dateModified":"2026-02-10T18:19:45+00:00","description":"Concurso PRF segue vigente at\u00e9 2026, por\u00e9m of\u00edcio com solicita\u00e7\u00e3o de novo edital com mais de 500 vagas foi solicitado; acompanhe","breadcrumb":{"@id":"https:\/\/www.estrategiaconcursos.com.br\/blog\/concurso-prf\/#breadcrumb"},"inLanguage":"pt-BR","potentialAction":[{"@type":"ReadAction","target":["https:\/\/www.estrategiaconcursos.com.br\/blog\/concurso-prf\/"]}]},{"@type":"ImageObject","inLanguage":"pt-BR","@id":"https:\/\/www.estrategiaconcursos.com.br\/blog\/concurso-prf\/#primaryimage","url":"https:\/\/dhg1h5j42swfq.cloudfront.net\/2022\/05\/12134227\/prf.jpg","contentUrl":"https:\/\/dhg1h5j42swfq.cloudfront.net\/2022\/05\/12134227\/prf.jpg","width":768,"height":432,"caption":"concurso PRF"},{"@type":"BreadcrumbList","@id":"https:\/\/www.estrategiaconcursos.com.br\/blog\/concurso-prf\/#breadcrumb","itemListElement":[{"@type":"ListItem","position":1,"name":"In\u00edcio","item":"https:\/\/www.estrategiaconcursos.com.br\/blog\/"},{"@type":"ListItem","position":2,"name":"Concurso PRF: editais com 511 vagas. Confira novidades!"}]},{"@type":"WebSite","@id":"https:\/\/www.estrategiaconcursos.com.br\/blog\/#website","url":"https:\/\/www.estrategiaconcursos.com.br\/blog\/","name":"Estrat\u00e9gia Concursos","description":"O blog da Estrat\u00e9gia Concursos traz not\u00edcias sobre concursos e artigos de professores oferecendo cursos para concursos (pdf + videaulas) no site.","publisher":{"@id":"https:\/\/www.estrategiaconcursos.com.br\/blog\/#organization"},"potentialAction":[{"@type":"SearchAction","target":{"@type":"EntryPoint","urlTemplate":"https:\/\/www.estrategiaconcursos.com.br\/blog\/?s={search_term_string}"},"query-input":{"@type":"PropertyValueSpecification","valueRequired":true,"valueName":"search_term_string"}}],"inLanguage":"pt-BR"},{"@type":"Organization","@id":"https:\/\/www.estrategiaconcursos.com.br\/blog\/#organization","name":"Estrat\u00e9gia Concursos","url":"https:\/\/www.estrategiaconcursos.com.br\/blog\/","logo":{"@type":"ImageObject","inLanguage":"pt-BR","@id":"https:\/\/www.estrategiaconcursos.com.br\/blog\/#\/schema\/logo\/image\/","url":"https:\/\/dhg1h5j42swfq.cloudfront.net\/2025\/06\/03203428\/logo_concursos-1.jpg","contentUrl":"https:\/\/dhg1h5j42swfq.cloudfront.net\/2025\/06\/03203428\/logo_concursos-1.jpg","width":230,"height":60,"caption":"Estrat\u00e9gia Concursos"},"image":{"@id":"https:\/\/www.estrategiaconcursos.com.br\/blog\/#\/schema\/logo\/image\/"},"sameAs":["https:\/\/x.com\/EstratConcursos"]},{"@type":"Person","@id":"https:\/\/www.estrategiaconcursos.com.br\/blog\/#\/schema\/person\/6630f91134abc08115cca62ce6372855","name":"Bruna de Andrade Fran\u00e7a","image":{"@type":"ImageObject","inLanguage":"pt-BR","@id":"https:\/\/secure.gravatar.com\/avatar\/d6316d36d50cea0fadae28ed3015b8870cc90a2d3d8a95c37b44006af36a00e3?s=96&d=mm&r=g","url":"https:\/\/secure.gravatar.com\/avatar\/d6316d36d50cea0fadae28ed3015b8870cc90a2d3d8a95c37b44006af36a00e3?s=96&d=mm&r=g","contentUrl":"https:\/\/secure.gravatar.com\/avatar\/d6316d36d50cea0fadae28ed3015b8870cc90a2d3d8a95c37b44006af36a00e3?s=96&d=mm&r=g","caption":"Bruna de Andrade Fran\u00e7a"},"description":"Bruna de Andrade Fran\u00e7a \u00e9 publicit\u00e1ria com p\u00f3s-gradua\u00e7\u00e3o em Marketing &amp; Growth, atuando h\u00e1 mais de 6 anos no universo dos concursos p\u00fablicos. Desde 2021, lidera no Blog do Estrat\u00e9gia Concursos a cobertura editorial especializada em Concursos Policiais (PF, PRF, PM, PC, etc.), al\u00e9m das frentes de concursos banc\u00e1rios, de sa\u00fade e da \u00e1rea legislativa. Especialista em reda\u00e7\u00e3o, com pr\u00e1ticas de SEO e Copywriting, possui tamb\u00e9m atua\u00e7\u00e3o pr\u00e1tica de contato direto com \u00f3rg\u00e3os p\u00fablicos respons\u00e1veis por editais, permitindo acesso antecipado a informa\u00e7\u00f5es, desdobramentos importantes e atualiza\u00e7\u00e3o eficiente dos concursos p\u00fablicos.","url":"https:\/\/www.estrategiaconcursos.com.br\/blog\/author\/bruna-andrade\/"}]}},"_links":{"self":[{"href":"https:\/\/www.estrategiaconcursos.com.br\/blog\/wp-json\/wp\/v2\/posts\/170879","targetHints":{"allow":["GET"]}}],"collection":[{"href":"https:\/\/www.estrategiaconcursos.com.br\/blog\/wp-json\/wp\/v2\/posts"}],"about":[{"href":"https:\/\/www.estrategiaconcursos.com.br\/blog\/wp-json\/wp\/v2\/types\/post"}],"author":[{"embeddable":true,"href":"https:\/\/www.estrategiaconcursos.com.br\/blog\/wp-json\/wp\/v2\/users\/1206"}],"replies":[{"embeddable":true,"href":"https:\/\/www.estrategiaconcursos.com.br\/blog\/wp-json\/wp\/v2\/comments?post=170879"}],"version-history":[{"count":954,"href":"https:\/\/www.estrategiaconcursos.com.br\/blog\/wp-json\/wp\/v2\/posts\/170879\/revisions"}],"predecessor-version":[{"id":1733856,"href":"https:\/\/www.estrategiaconcursos.com.br\/blog\/wp-json\/wp\/v2\/posts\/170879\/revisions\/1733856"}],"wp:featuredmedia":[{"embeddable":true,"href":"https:\/\/www.estrategiaconcursos.com.br\/blog\/wp-json\/wp\/v2\/media\/1026958"}],"wp:attachment":[{"href":"https:\/\/www.estrategiaconcursos.com.br\/blog\/wp-json\/wp\/v2\/media?parent=170879"}],"wp:term":[{"taxonomy":"category","embeddable":true,"href":"https:\/\/www.estrategiaconcursos.com.br\/blog\/wp-json\/wp\/v2\/categories?post=170879"},{"taxonomy":"post_tag","embeddable":true,"href":"https:\/\/www.estrategiaconcursos.com.br\/blog\/wp-json\/wp\/v2\/tags?post=170879"},{"taxonomy":"tax_estado","embeddable":true,"href":"https:\/\/www.estrategiaconcursos.com.br\/blog\/wp-json\/wp\/v2\/tax_estado?post=170879"}],"curies":[{"name":"wp","href":"https:\/\/api.w.org\/{rel}","templated":true}]}}