{"id":1708218,"date":"2026-05-01T06:45:00","date_gmt":"2026-05-01T09:45:00","guid":{"rendered":"https:\/\/www.estrategiaconcursos.com.br\/blog\/?p=1708218"},"modified":"2026-05-01T10:31:31","modified_gmt":"2026-05-01T13:31:31","slug":"concurso-gcm-santo-antonio-de-padua-rj","status":"publish","type":"post","link":"https:\/\/www.estrategiaconcursos.com.br\/blog\/concurso-gcm-santo-antonio-de-padua-rj\/","title":{"rendered":"Concurso GCM Santo Ant\u00f4nio de P\u00e1dua: inscri\u00e7\u00f5es reabertas"},"content":{"rendered":"\n<p style=\"font-size:clamp(15.747px, 0.984rem + ((1vw - 3.2px) * 0.809), 24px);\"><strong><em>Novo concurso GCM Santo Ant\u00f4nio de P\u00e1dua RJ oferece vagas de n\u00edvel m\u00e9dio para Guarda Civil!<\/em><\/strong><\/p>\n\n\n\n<p>Est\u00e3o reabertas as inscri\u00e7\u00f5es do <strong>concurso GCM Santo Ant\u00f4nio de P\u00e1dua<\/strong>, munic\u00edpio localizado no estado do Rio de Janeiro, com oferta de 18 vagas.<\/p>\n\n\n\n<p>Organizado pelo <strong>Instituto Refer\u00eancia<\/strong>, as inscri\u00e7\u00f5es poder\u00e3o ser feitas <strong>at\u00e9 o dia 18 de maio<\/strong>. A reabertura do prazo se deu ap\u00f3s <a href=\"https:\/\/dhg1h5j42swfq.cloudfront.net\/2026\/05\/01102125\/34502ee9-0816-4252-b641-7a72d21d53b8.pdf\" target=\"_blank\" rel=\"noreferrer noopener nofollow\">determina\u00e7\u00e3o<\/a> acerca dos crit\u00e9rios de reserva de vagas para pessoas pretas e pardas, ind\u00edgenas e quilombolas, assim como procedimentos de autodeclara\u00e7\u00e3o e heteroidentifica\u00e7\u00e3o.<\/p>\n\n\n\n<figure class=\"wp-block-image aligncenter size-full\"><img loading=\"lazy\" decoding=\"async\" width=\"308\" height=\"218\" src=\"https:\/\/dhg1h5j42swfq.cloudfront.net\/2026\/05\/01103123\/gcm-2.jpg\" alt=\"\" class=\"wp-image-1759330\" srcset=\"https:\/\/dhg1h5j42swfq.cloudfront.net\/2026\/05\/01103123\/gcm-2.jpg 308w, https:\/\/dhg1h5j42swfq.cloudfront.net\/2026\/05\/01103123\/gcm-2-300x212.jpg 300w, https:\/\/dhg1h5j42swfq.cloudfront.net\/2026\/05\/01103123\/gcm-2-150x106.jpg 150w\" sizes=\"auto, (max-width: 308px) 100vw, 308px\" \/><\/figure>\n\n\n\n<p>As oportunidades s\u00e3o distribu\u00eddas na fun\u00e7\u00e3o de <strong>Guarda Civil Municipal<\/strong>, de n\u00edvel m\u00e9dio. O sal\u00e1rio inicial \u00e9 de R$ 2.120,00.<\/p>\n\n\n\n<ul class=\"wp-block-list has-very-light-gray-to-cyan-bluish-gray-gradient-background has-background\">\n<li><strong>GCM Santo Ant\u00f4nio de P\u00e1dua<\/strong><\/li>\n\n\n\n<li><strong style=\"color: initial;\">Situa\u00e7\u00e3o:<\/strong><span style=\"color: initial;\">\u00a0<\/span>inscri\u00e7\u00f5es reabertas at\u00e9 18\/5<\/li>\n\n\n\n<li><strong>Banca:<\/strong>\u00a0<a href=\"https:\/\/institutoreferencia.org.br\/concurso\/39\/concurso-publico-02-2026-prefeitura-municipal-de-santo-antonio-de-padua\" target=\"_blank\" rel=\"noreferrer noopener nofollow\">Instituto Refer\u00eancia<\/a><\/li>\n\n\n\n<li><strong>Vagas:<\/strong>&nbsp;18<\/li>\n\n\n\n<li><strong>Sal\u00e1rio inicial:<\/strong>&nbsp;R$ 2.120,00<\/li>\n\n\n\n<li><strong>Edital:<\/strong> <a href=\"https:\/\/dhg1h5j42swfq.cloudfront.net\/2026\/01\/31093526\/edital-2-1.pdf\" target=\"_blank\" rel=\"noreferrer noopener nofollow\">GCM Santo Ant\u00f4nio de P\u00e1dua 2026<\/a><\/li>\n<\/ul>\n\n\n\n<p>A fim de te deixar sempre bem informado, elaboramos este artigo com as principais informa\u00e7\u00f5es e novidades sobre o concurso. Acompanhe os t\u00f3picos abaixo e n\u00e3o perca nenhum detalhe:<\/p>\n\n\n\n<ul id=\"indice\" class=\"wp-block-list\">\n<li><a href=\"#datas\">Principais datas<\/a><\/li>\n\n\n\n<li><a href=\"#retificacoes\">Retifica\u00e7\u00f5es<\/a><\/li>\n\n\n\n<li><a href=\"#cargos-vagas\">Cargos e vagas<\/a><\/li>\n\n\n\n<li><a href=\"#etapas\">Etapas e provas<\/a>\n<ul class=\"wp-block-list\">\n<li><a href=\"#objetiva\">Prova objetiva<\/a><\/li>\n\n\n\n<li><a href=\"#taf\">Teste de aptid\u00e3o f\u00edsica<\/a><\/li>\n<\/ul>\n<\/li>\n\n\n\n<li><a href=\"#cursos\">Cursos e assinaturas<\/a><\/li>\n\n\n\n<li><a href=\"#ficha\">Ficha t\u00e9cnica<\/a><\/li>\n<\/ul>\n\n\n\n<div class=\"container\" id=\"boxes\">\n  <div class=\"row\">\n\n    <div class=\"col-sm\">\n      <div class=\"banner-guarda-gcm\" id=\"box-assinatura\">\n        <h3 class=\"titulo-assinatura\">Concurso GCM Santo Ant\u00f4nio de P\u00e1dua RJ<\/h3>\n        <p class=\"subtitulo-assinatura\">Conhe\u00e7a os cursos<\/p>\n        <div class=\"box-botao\">\n          <a class=\"btn-assinatura\" target=\"_blank\" href=\"https:\/\/www.estrategiaconcursos.com.br\/pesquisa\/?q=guarda+de+santo+antonio+de+padua+rj\" role=\"button\" rel=\"noopener noreferrer\">Saiba mais<\/a>\n        <\/div>\n      <\/div>\n     \n    <\/div>\n\n  <\/div>\n<\/div>\n\n\n\n<h2 class=\"wp-block-heading\" id=\"2\">Principais datas do edital<\/h2>\n\n\n\n<ul class=\"wp-block-list\">\n<li><strong>Inscri\u00e7\u00f5es:<\/strong> <s>5 de fevereiro a 20 de mar\u00e7o [<a href=\"https:\/\/dhg1h5j42swfq.cloudfront.net\/2026\/02\/07112019\/4f6ec951-d949-4fba-b9fb-46157f16044c.pdf\" target=\"_blank\" rel=\"noreferrer noopener nofollow\">prorrogadas<\/a>]<\/s> | 1\u00ba a 18 de maio<\/li>\n\n\n\n<li><strong>Isen\u00e7\u00e3o da taxa:<\/strong> <s>5 a 9 de fevereiro<\/s><\/li>\n\n\n\n<li><strong>Pagamento da taxa:<\/strong> expresso no boleto<\/li>\n\n\n\n<li><strong>Data da prova:<\/strong> nova data a definir<\/li>\n<\/ul>\n\n\n\n<h2 class=\"wp-block-heading\" id=\"retificacoes\">Retifica\u00e7\u00f5es divulgadas<\/h2>\n\n\n\n<ul class=\"wp-block-list\">\n<li><a href=\"https:\/\/dhg1h5j42swfq.cloudfront.net\/2026\/02\/07111544\/376c67a0-7e67-4a4f-99f5-e427b32e90ed.pdf\" target=\"_blank\" rel=\"noreferrer noopener nofollow\">1\u00aa retifica\u00e7\u00e3o<\/a> [quadro de vagas];<\/li>\n\n\n\n<li><a href=\"https:\/\/dhg1h5j42swfq.cloudfront.net\/2026\/02\/07111931\/5ddfe2a1-d510-4e0d-913c-627ee1ace3f6.pdf\" target=\"_blank\" rel=\"noreferrer noopener nofollow\">2\u00aa retifica\u00e7\u00e3o<\/a> [prova de t\u00edtulos e cronograma].<\/li>\n<\/ul>\n\n\n\n<h2 class=\"wp-block-heading\" id=\"h-cargos-e-vagas-do-concurso-gcm-santo-antonio-de-padua\">Cargos e vagas do concurso GCM Santo Ant\u00f4nio de P\u00e1dua<\/h2>\n\n\n\n<p>O edital oferta <strong>18 vagas<\/strong>, exclusivamente para o cargo de Guarda Municipal, de n\u00edvel m\u00e9dio.<\/p>\n\n\n\n<figure class=\"wp-block-table is-style-stripes\"><table class=\"has-very-light-gray-to-cyan-bluish-gray-gradient-background has-background has-fixed-layout\"><thead><tr><th class=\"has-text-align-center\" data-align=\"center\">Cargos<\/th><th class=\"has-text-align-center\" data-align=\"center\">Vencimento<\/th><th class=\"has-text-align-center\" data-align=\"center\">Vagas<\/th><\/tr><\/thead><tbody><tr><td class=\"has-text-align-center\" data-align=\"center\">Guarda Civil Municipal <\/td><td class=\"has-text-align-center\" data-align=\"center\">2.120,00<\/td><td class=\"has-text-align-center\" data-align=\"center\">18<\/td><\/tr><\/tbody><\/table><\/figure>\n\n\n\n<ul class=\"wp-block-list\">\n<li><em>Ficam reservadas 5% das vagas exclusivamente para o sexo feminino, em observ\u00e2ncia ao disposto no Art. 14 da Lei Municipal n\u00ba 4.315\/2024.<\/em><\/li>\n<\/ul>\n\n\n\n<h2 class=\"wp-block-heading\" id=\"ultimo\">Etapas e provas do concurso GCM Santo Ant\u00f4nio de P\u00e1dua<\/h2>\n\n\n\n<p>O concurso p\u00fablico para o cargo de Guarda Civil Municipal ser\u00e1 composto de:<\/p>\n\n\n\n<ul class=\"wp-block-list\">\n<li><strong>1\u00aa Etapa: Prova Objetiva (PO) <\/strong>de car\u00e1ter eliminat\u00f3rio e classificat\u00f3rio, para todos os candidatos;<\/li>\n\n\n\n<li><strong>2\u00aa Etapa: Teste de Aptid\u00e3o F\u00edsica (TAF)<\/strong>, de car\u00e1ter eliminat\u00f3rio e classificat\u00f3rio;<\/li>\n\n\n\n<li><strong>3\u00aa Etapa: Avalia\u00e7\u00e3o Psicol\u00f3gica (AP)<\/strong>, de car\u00e1ter eliminat\u00f3rio;<\/li>\n\n\n\n<li><strong>4\u00aa Etapa: Investiga\u00e7\u00e3o de Conduta<\/strong>, de car\u00e1ter eliminat\u00f3rio;<\/li>\n\n\n\n<li><strong>5\u00aa Etapa: Curso Espec\u00edfico de Forma\u00e7\u00e3o Profissional<\/strong>, de car\u00e1ter eliminat\u00f3rio; e<\/li>\n\n\n\n<li><strong>6\u00aa Etapa: Exame M\u00e9dico Ocupacional<\/strong>, de car\u00e1ter eliminat\u00f3rio.<\/li>\n<\/ul>\n\n\n\n<h3 class=\"wp-block-heading\" id=\"objetiva\">Provas Objetivas<\/h3>\n\n\n\n<p>Com dura\u00e7\u00e3o de&nbsp;<strong>3 horas<\/strong>, a prova objetiva compreender\u00e1<strong>&nbsp;40 quest\u00f5es&nbsp;<\/strong>de m\u00faltipla escolha \u2013 A, B, C, D, conforme abaixo:<\/p>\n\n\n\n<figure class=\"wp-block-image aligncenter size-full\"><img loading=\"lazy\" decoding=\"async\" width=\"936\" height=\"276\" src=\"https:\/\/dhg1h5j42swfq.cloudfront.net\/2026\/01\/31113749\/image-308.png\" alt=\"Prova objetiva do concurso GCM Santo Ant\u00f4nio de P\u00e1dua RJ\" class=\"wp-image-1708267\" srcset=\"https:\/\/dhg1h5j42swfq.cloudfront.net\/2026\/01\/31113749\/image-308.png 936w, https:\/\/dhg1h5j42swfq.cloudfront.net\/2026\/01\/31113749\/image-308-300x88.png 300w, https:\/\/dhg1h5j42swfq.cloudfront.net\/2026\/01\/31113749\/image-308-768x226.png 768w, https:\/\/dhg1h5j42swfq.cloudfront.net\/2026\/01\/31113749\/image-308-150x44.png 150w\" sizes=\"auto, (max-width: 936px) 100vw, 936px\" \/><figcaption class=\"wp-element-caption\">Prova objetiva do concurso GCM Santo Ant\u00f4nio de P\u00e1dua RJ<\/figcaption><\/figure>\n\n\n\n<p>Ser\u00e1 considerado aprovado na etapa do concurso GCM Santo Ant\u00f4nio de P\u00e1dua o candidato que:<\/p>\n\n\n\n<ul class=\"wp-block-list\">\n<li>obtiver o m\u00ednimo de 50% do total de pontos; e<\/li>\n\n\n\n<li>n\u00e3o obtenha nota zero em nenhuma disciplina<\/li>\n<\/ul>\n\n\n\n<h3 class=\"wp-block-heading\" id=\"taf\">Teste de Aptid\u00e3o F\u00edsica<\/h3>\n\n\n\n<p>Ser\u00e3o aplicados os seguintes teste no certame:<\/p>\n\n\n\n<ul class=\"wp-block-list\">\n<li>Resist\u00eancia Abdominal (Tipo Remador);<\/li>\n\n\n\n<li>Resist\u00eancia de membros superiores: Flex\u00e3o e extens\u00e3o de bra\u00e7o e antebra\u00e7o; e<\/li>\n\n\n\n<li>Teste de corrida de 12 minutos.<\/li>\n<\/ul>\n\n\n\n<hr class=\"wp-block-separator has-css-opacity\"\/>\n\n\n\n<h2 class=\"wp-block-heading has-text-align-center\" id=\"h-quer-saber-tudo-sobre-concursos-previstos-confira-nossos-artigos\">Quer saber tudo sobre concursos previstos?<br \/>Confira  nossos artigos!<\/h2>\n\n\n\n<ul class=\"wp-block-list\">\n<li><a href=\"https:\/\/www.estrategiaconcursos.com.br\/blog\/concursos-abertos\/\" target=\"_blank\" rel=\"noreferrer noopener\">Concursos abertos<\/a><\/li>\n\n\n\n<li><a href=\"https:\/\/www.estrategiaconcursos.com.br\/blog\/concursos-2026\/\" target=\"_blank\" rel=\"noreferrer noopener\">Concursos 2026<\/a><\/li>\n\n\n\n<li><a href=\"https:\/\/www.estrategiaconcursos.com.br\/blog\/concursos-guarda-municipal\/\" target=\"_blank\" rel=\"noreferrer noopener\">Concursos Guarda<\/a><\/li>\n<\/ul>\n\n\n\n<h2 class=\"wp-block-heading has-text-align-center\" id=\"cursos\">Quer estudar para o concurso Guarda de Santo Ant\u00f4nio de P\u00e1dua RJ?<\/h2>\n\n\n\n<div class=\"container\" id=\"boxes\">\n  <div class=\"row\">\n\n    <div class=\"col-sm\">\n      <div class=\"banner-guarda-gcm\" id=\"box-assinatura\">\n        <h3 class=\"titulo-assinatura\">Concurso Guarda Santo Ant\u00f4nio de P\u00e1dua<\/h3>\n        <p class=\"subtitulo-assinatura\">Conhe\u00e7a os cursos<\/p>\n        <div class=\"box-botao\">\n          <a class=\"btn-assinatura\" target=\"_blank\" href=\"https:\/\/www.estrategiaconcursos.com.br\/pesquisa\/?q=guarda+de+santo+antonio+de+padua+rj\" role=\"button\" rel=\"noopener noreferrer\">Saiba mais<\/a>\n        <\/div>\n      <\/div>\n     \n    <\/div>\n\n  <\/div>\n<\/div>\n\n\n\n<div class=\"container\" id=\"boxes\">\n  <div class=\"row\">\n\n    <div class=\"col-sm\">\n      <div class=\"estrategia\" id=\"box-assinatura\">\n        <h3 class=\"titulo-assinatura\">Assinatura Concursos<\/h3>\n        <p class=\"subtitulo-assinatura\">Assinatura de 1 ano ou 2 anos<\/p>\n        <div class=\"box-botao\">\n          <a class=\"btn-assinatura\" target=\"_blank\" href=\"https:\/\/www.estrategiaconcursos.com.br\/assinaturas\/\" role=\"button\" rel=\"noopener noreferrer\">ASSINE AGORA<\/a>\n        <\/div>\n      <\/div><\/div><\/div><\/div>\n\n\n\n<figure class=\"wp-block-image size-large is-resized\"><img loading=\"lazy\" decoding=\"async\" width=\"1024\" height=\"632\" src=\"https:\/\/dhg1h5j42swfq.cloudfront.net\/2025\/06\/27101122\/ficha-tecnica-1-1024x632.png\" alt=\"Ficha t\u00e9cnica\" class=\"wp-image-702728\" style=\"aspect-ratio:1.620253164556962;width:282px;height:auto\" srcset=\"https:\/\/dhg1h5j42swfq.cloudfront.net\/2025\/06\/27101122\/ficha-tecnica-1-1024x632.png 1024w, https:\/\/dhg1h5j42swfq.cloudfront.net\/2025\/06\/27101122\/ficha-tecnica-1-300x185.png 300w, https:\/\/dhg1h5j42swfq.cloudfront.net\/2025\/06\/27101122\/ficha-tecnica-1-768x474.png 768w, https:\/\/dhg1h5j42swfq.cloudfront.net\/2025\/06\/27101122\/ficha-tecnica-1-1536x948.png 1536w, https:\/\/dhg1h5j42swfq.cloudfront.net\/2025\/06\/27101122\/ficha-tecnica-1-610x377.png 610w, https:\/\/dhg1h5j42swfq.cloudfront.net\/2025\/06\/27101122\/ficha-tecnica-1.png 1571w\" sizes=\"auto, (max-width: 1024px) 100vw, 1024px\" \/><\/figure>\n\n\n\n<h3 class=\"wp-block-heading\" id=\"ficha\">Informa\u00e7\u00f5es do concurso Guarda de Santo Ant\u00f4nio de P\u00e1dua RJ<\/h3>\n\n\n\n<ul class=\"wp-block-list\">\n<li><strong>Provas<\/strong>: nova data a definir<\/li>\n\n\n\n<li><strong>Vagas<\/strong>: 18<\/li>\n\n\n\n<li><strong>Cargos<\/strong>: Guarda Civil Municipal<\/li>\n\n\n\n<li><strong>Banca<\/strong>: Instituto Refer\u00eancia<\/li>\n\n\n\n<li><strong>Escolaridade<\/strong>: n\u00edvel m\u00e9dio<\/li>\n\n\n\n<li><strong>Edital:<\/strong> <a href=\"https:\/\/dhg1h5j42swfq.cloudfront.net\/2026\/01\/31093526\/edital-2-1.pdf\" target=\"_blank\" rel=\"noreferrer noopener nofollow\">GCM Santo Ant\u00f4nio de P\u00e1dua 2026<\/a><\/li>\n<\/ul>\n","protected":false},"excerpt":{"rendered":"<p>Novo concurso GCM Santo Ant\u00f4nio de P\u00e1dua RJ oferece vagas de n\u00edvel m\u00e9dio para Guarda Civil! Est\u00e3o reabertas as inscri\u00e7\u00f5es do concurso GCM Santo Ant\u00f4nio de P\u00e1dua, munic\u00edpio localizado no estado do Rio de Janeiro, com oferta de 18 vagas. Organizado pelo Instituto Refer\u00eancia, as inscri\u00e7\u00f5es poder\u00e3o ser feitas at\u00e9 o dia 18 de maio. [&hellip;]<\/p>\n","protected":false},"author":1,"featured_media":1709583,"comment_status":"open","ping_status":"closed","sticky":false,"template":"","format":"standard","meta":{"post_tipo":"news_page","footnotes":""},"categories":[220189],"tags":[],"tax_estado":[219982],"class_list":["post-1708218","post","type-post","status-publish","format-standard","has-post-thumbnail","hentry","category-policial-guarda-civis","tax_estado-rj"],"acf":[],"yoast_head":"<!-- This site is optimized with the Yoast SEO Premium plugin v27.2 (Yoast SEO v27.2) - https:\/\/yoast.com\/product\/yoast-seo-premium-wordpress\/ -->\n<title>Concurso GCM Santo Ant\u00f4nio de P\u00e1dua: inscri\u00e7\u00f5es reabertas<\/title>\n<meta name=\"description\" content=\"Novo concurso GCM Santo Ant\u00f4nio de P\u00e1dua RJ oferece vagas de n\u00edvel m\u00e9dio para Guarda Civil. Inscri\u00e7\u00f5es reabertas!\" \/>\n<meta name=\"robots\" content=\"index, follow, max-snippet:-1, max-image-preview:large, max-video-preview:-1\" \/>\n<link rel=\"canonical\" href=\"https:\/\/www.estrategiaconcursos.com.br\/blog\/concurso-gcm-santo-antonio-de-padua-rj\/\" \/>\n<meta property=\"og:locale\" content=\"pt_BR\" \/>\n<meta property=\"og:type\" content=\"article\" \/>\n<meta property=\"og:title\" content=\"Concurso GCM Santo Ant\u00f4nio de P\u00e1dua: inscri\u00e7\u00f5es reabertas\" \/>\n<meta property=\"og:description\" content=\"Novo concurso GCM Santo Ant\u00f4nio de P\u00e1dua RJ oferece vagas de n\u00edvel m\u00e9dio para Guarda Civil. Inscri\u00e7\u00f5es reabertas!\" \/>\n<meta property=\"og:url\" content=\"https:\/\/www.estrategiaconcursos.com.br\/blog\/concurso-gcm-santo-antonio-de-padua-rj\/\" \/>\n<meta property=\"og:site_name\" content=\"Estrat\u00e9gia Concursos\" \/>\n<meta property=\"article:author\" content=\"https:\/\/www.facebook.com\/EstrategiaConcursos\" \/>\n<meta property=\"article:published_time\" content=\"2026-05-01T09:45:00+00:00\" \/>\n<meta property=\"article:modified_time\" content=\"2026-05-01T13:31:31+00:00\" \/>\n<meta property=\"og:image\" content=\"https:\/\/dhg1h5j42swfq.cloudfront.net\/2026\/01\/03131406\/gcm-santo-antonio-de-padua-rj.jpg\" \/>\n\t<meta property=\"og:image:width\" content=\"768\" \/>\n\t<meta property=\"og:image:height\" content=\"432\" \/>\n\t<meta property=\"og:image:type\" content=\"image\/jpeg\" \/>\n<meta name=\"author\" content=\"Coordena\u00e7\u00e3o\" \/>\n<meta name=\"twitter:card\" content=\"summary_large_image\" \/>\n<meta name=\"twitter:creator\" content=\"@EstratConcursos\" \/>\n<meta name=\"twitter:site\" content=\"@EstratConcursos\" \/>\n<meta name=\"twitter:label1\" content=\"Escrito por\" \/>\n\t<meta name=\"twitter:data1\" content=\"Coordena\u00e7\u00e3o\" \/>\n\t<meta name=\"twitter:label2\" content=\"Est. tempo de leitura\" \/>\n\t<meta name=\"twitter:data2\" content=\"3 minutos\" \/>\n<script type=\"application\/ld+json\" class=\"yoast-schema-graph\">{\"@context\":\"https:\/\/schema.org\",\"@graph\":[{\"@type\":\"NewsArticle\",\"@id\":\"https:\/\/www.estrategiaconcursos.com.br\/blog\/concurso-gcm-santo-antonio-de-padua-rj\/#article\",\"isPartOf\":{\"@id\":\"https:\/\/www.estrategiaconcursos.com.br\/blog\/concurso-gcm-santo-antonio-de-padua-rj\/\"},\"author\":{\"name\":\"Coordena\u00e7\u00e3o\",\"@id\":\"https:\/\/www.estrategiaconcursos.com.br\/blog\/#\/schema\/person\/b4a388c97673c5f483d72185668afa1f\"},\"headline\":\"Concurso GCM Santo Ant\u00f4nio de P\u00e1dua: inscri\u00e7\u00f5es reabertas\",\"datePublished\":\"2026-05-01T09:45:00+00:00\",\"dateModified\":\"2026-05-01T13:31:31+00:00\",\"mainEntityOfPage\":{\"@id\":\"https:\/\/www.estrategiaconcursos.com.br\/blog\/concurso-gcm-santo-antonio-de-padua-rj\/\"},\"wordCount\":653,\"commentCount\":0,\"publisher\":{\"@id\":\"https:\/\/www.estrategiaconcursos.com.br\/blog\/#organization\"},\"image\":{\"@id\":\"https:\/\/www.estrategiaconcursos.com.br\/blog\/concurso-gcm-santo-antonio-de-padua-rj\/#primaryimage\"},\"thumbnailUrl\":\"https:\/\/dhg1h5j42swfq.cloudfront.net\/2026\/01\/03131406\/gcm-santo-antonio-de-padua-rj.jpg\",\"articleSection\":[\"Policial (Guardas Civis)\"],\"inLanguage\":\"pt-BR\",\"potentialAction\":[{\"@type\":\"CommentAction\",\"name\":\"Comment\",\"target\":[\"https:\/\/www.estrategiaconcursos.com.br\/blog\/concurso-gcm-santo-antonio-de-padua-rj\/#respond\"]}],\"copyrightYear\":\"2026\",\"copyrightHolder\":{\"@id\":\"https:\/\/www.estrategiaconcursos.com.br\/blog\/#organization\"}},{\"@type\":\"WebPage\",\"@id\":\"https:\/\/www.estrategiaconcursos.com.br\/blog\/concurso-gcm-santo-antonio-de-padua-rj\/\",\"url\":\"https:\/\/www.estrategiaconcursos.com.br\/blog\/concurso-gcm-santo-antonio-de-padua-rj\/\",\"name\":\"Concurso GCM Santo Ant\u00f4nio de P\u00e1dua: inscri\u00e7\u00f5es reabertas\",\"isPartOf\":{\"@id\":\"https:\/\/www.estrategiaconcursos.com.br\/blog\/#website\"},\"primaryImageOfPage\":{\"@id\":\"https:\/\/www.estrategiaconcursos.com.br\/blog\/concurso-gcm-santo-antonio-de-padua-rj\/#primaryimage\"},\"image\":{\"@id\":\"https:\/\/www.estrategiaconcursos.com.br\/blog\/concurso-gcm-santo-antonio-de-padua-rj\/#primaryimage\"},\"thumbnailUrl\":\"https:\/\/dhg1h5j42swfq.cloudfront.net\/2026\/01\/03131406\/gcm-santo-antonio-de-padua-rj.jpg\",\"datePublished\":\"2026-05-01T09:45:00+00:00\",\"dateModified\":\"2026-05-01T13:31:31+00:00\",\"description\":\"Novo concurso GCM Santo Ant\u00f4nio de P\u00e1dua RJ oferece vagas de n\u00edvel m\u00e9dio para Guarda Civil. Inscri\u00e7\u00f5es reabertas!\",\"breadcrumb\":{\"@id\":\"https:\/\/www.estrategiaconcursos.com.br\/blog\/concurso-gcm-santo-antonio-de-padua-rj\/#breadcrumb\"},\"inLanguage\":\"pt-BR\",\"potentialAction\":[{\"@type\":\"ReadAction\",\"target\":[\"https:\/\/www.estrategiaconcursos.com.br\/blog\/concurso-gcm-santo-antonio-de-padua-rj\/\"]}]},{\"@type\":\"ImageObject\",\"inLanguage\":\"pt-BR\",\"@id\":\"https:\/\/www.estrategiaconcursos.com.br\/blog\/concurso-gcm-santo-antonio-de-padua-rj\/#primaryimage\",\"url\":\"https:\/\/dhg1h5j42swfq.cloudfront.net\/2026\/01\/03131406\/gcm-santo-antonio-de-padua-rj.jpg\",\"contentUrl\":\"https:\/\/dhg1h5j42swfq.cloudfront.net\/2026\/01\/03131406\/gcm-santo-antonio-de-padua-rj.jpg\",\"width\":768,\"height\":432,\"caption\":\"Concurso GCM Santo Ant\u00f4nio de P\u00e1dua\"},{\"@type\":\"BreadcrumbList\",\"@id\":\"https:\/\/www.estrategiaconcursos.com.br\/blog\/concurso-gcm-santo-antonio-de-padua-rj\/#breadcrumb\",\"itemListElement\":[{\"@type\":\"ListItem\",\"position\":1,\"name\":\"In\u00edcio\",\"item\":\"https:\/\/www.estrategiaconcursos.com.br\/blog\/\"},{\"@type\":\"ListItem\",\"position\":2,\"name\":\"Concurso GCM Santo Ant\u00f4nio de P\u00e1dua: inscri\u00e7\u00f5es reabertas\"}]},{\"@type\":\"WebSite\",\"@id\":\"https:\/\/www.estrategiaconcursos.com.br\/blog\/#website\",\"url\":\"https:\/\/www.estrategiaconcursos.com.br\/blog\/\",\"name\":\"Estrat\u00e9gia Concursos\",\"description\":\"O blog da Estrat\u00e9gia Concursos traz not\u00edcias sobre concursos e artigos de professores oferecendo cursos para concursos (pdf + videaulas) no site.\",\"publisher\":{\"@id\":\"https:\/\/www.estrategiaconcursos.com.br\/blog\/#organization\"},\"potentialAction\":[{\"@type\":\"SearchAction\",\"target\":{\"@type\":\"EntryPoint\",\"urlTemplate\":\"https:\/\/www.estrategiaconcursos.com.br\/blog\/?s={search_term_string}\"},\"query-input\":{\"@type\":\"PropertyValueSpecification\",\"valueRequired\":true,\"valueName\":\"search_term_string\"}}],\"inLanguage\":\"pt-BR\"},{\"@type\":\"Organization\",\"@id\":\"https:\/\/www.estrategiaconcursos.com.br\/blog\/#organization\",\"name\":\"Estrat\u00e9gia Concursos\",\"url\":\"https:\/\/www.estrategiaconcursos.com.br\/blog\/\",\"logo\":{\"@type\":\"ImageObject\",\"inLanguage\":\"pt-BR\",\"@id\":\"https:\/\/www.estrategiaconcursos.com.br\/blog\/#\/schema\/logo\/image\/\",\"url\":\"https:\/\/dhg1h5j42swfq.cloudfront.net\/2025\/06\/03203428\/logo_concursos-1.jpg\",\"contentUrl\":\"https:\/\/dhg1h5j42swfq.cloudfront.net\/2025\/06\/03203428\/logo_concursos-1.jpg\",\"width\":230,\"height\":60,\"caption\":\"Estrat\u00e9gia Concursos\"},\"image\":{\"@id\":\"https:\/\/www.estrategiaconcursos.com.br\/blog\/#\/schema\/logo\/image\/\"},\"sameAs\":[\"https:\/\/x.com\/EstratConcursos\"]},{\"@type\":\"Person\",\"@id\":\"https:\/\/www.estrategiaconcursos.com.br\/blog\/#\/schema\/person\/b4a388c97673c5f483d72185668afa1f\",\"name\":\"Coordena\u00e7\u00e3o\",\"image\":{\"@type\":\"ImageObject\",\"inLanguage\":\"pt-BR\",\"@id\":\"https:\/\/secure.gravatar.com\/avatar\/b720319e4c9a967eb58678d110f4fe35452fc5d5f97b202bac7b8acceb18c6ad?s=96&d=mm&r=g\",\"url\":\"https:\/\/secure.gravatar.com\/avatar\/b720319e4c9a967eb58678d110f4fe35452fc5d5f97b202bac7b8acceb18c6ad?s=96&d=mm&r=g\",\"contentUrl\":\"https:\/\/secure.gravatar.com\/avatar\/b720319e4c9a967eb58678d110f4fe35452fc5d5f97b202bac7b8acceb18c6ad?s=96&d=mm&r=g\",\"caption\":\"Coordena\u00e7\u00e3o\"},\"sameAs\":[\"https:\/\/www.facebook.com\/EstrategiaConcursos\",\"https:\/\/x.com\/EstratConcursos\"],\"url\":\"https:\/\/www.estrategiaconcursos.com.br\/blog\/author\/estrategia2013\/\"}]}<\/script>\n<!-- \/ Yoast SEO Premium plugin. -->","yoast_head_json":{"title":"Concurso GCM Santo Ant\u00f4nio de P\u00e1dua: inscri\u00e7\u00f5es reabertas","description":"Novo concurso GCM Santo Ant\u00f4nio de P\u00e1dua RJ oferece vagas de n\u00edvel m\u00e9dio para Guarda Civil. Inscri\u00e7\u00f5es reabertas!","robots":{"index":"index","follow":"follow","max-snippet":"max-snippet:-1","max-image-preview":"max-image-preview:large","max-video-preview":"max-video-preview:-1"},"canonical":"https:\/\/www.estrategiaconcursos.com.br\/blog\/concurso-gcm-santo-antonio-de-padua-rj\/","og_locale":"pt_BR","og_type":"article","og_title":"Concurso GCM Santo Ant\u00f4nio de P\u00e1dua: inscri\u00e7\u00f5es reabertas","og_description":"Novo concurso GCM Santo Ant\u00f4nio de P\u00e1dua RJ oferece vagas de n\u00edvel m\u00e9dio para Guarda Civil. Inscri\u00e7\u00f5es reabertas!","og_url":"https:\/\/www.estrategiaconcursos.com.br\/blog\/concurso-gcm-santo-antonio-de-padua-rj\/","og_site_name":"Estrat\u00e9gia Concursos","article_author":"https:\/\/www.facebook.com\/EstrategiaConcursos","article_published_time":"2026-05-01T09:45:00+00:00","article_modified_time":"2026-05-01T13:31:31+00:00","og_image":[{"width":768,"height":432,"url":"https:\/\/dhg1h5j42swfq.cloudfront.net\/2026\/01\/03131406\/gcm-santo-antonio-de-padua-rj.jpg","type":"image\/jpeg"}],"author":"Coordena\u00e7\u00e3o","twitter_card":"summary_large_image","twitter_creator":"@EstratConcursos","twitter_site":"@EstratConcursos","twitter_misc":{"Escrito por":"Coordena\u00e7\u00e3o","Est. tempo de leitura":"3 minutos"},"schema":{"@context":"https:\/\/schema.org","@graph":[{"@type":"NewsArticle","@id":"https:\/\/www.estrategiaconcursos.com.br\/blog\/concurso-gcm-santo-antonio-de-padua-rj\/#article","isPartOf":{"@id":"https:\/\/www.estrategiaconcursos.com.br\/blog\/concurso-gcm-santo-antonio-de-padua-rj\/"},"author":{"name":"Coordena\u00e7\u00e3o","@id":"https:\/\/www.estrategiaconcursos.com.br\/blog\/#\/schema\/person\/b4a388c97673c5f483d72185668afa1f"},"headline":"Concurso GCM Santo Ant\u00f4nio de P\u00e1dua: inscri\u00e7\u00f5es reabertas","datePublished":"2026-05-01T09:45:00+00:00","dateModified":"2026-05-01T13:31:31+00:00","mainEntityOfPage":{"@id":"https:\/\/www.estrategiaconcursos.com.br\/blog\/concurso-gcm-santo-antonio-de-padua-rj\/"},"wordCount":653,"commentCount":0,"publisher":{"@id":"https:\/\/www.estrategiaconcursos.com.br\/blog\/#organization"},"image":{"@id":"https:\/\/www.estrategiaconcursos.com.br\/blog\/concurso-gcm-santo-antonio-de-padua-rj\/#primaryimage"},"thumbnailUrl":"https:\/\/dhg1h5j42swfq.cloudfront.net\/2026\/01\/03131406\/gcm-santo-antonio-de-padua-rj.jpg","articleSection":["Policial (Guardas Civis)"],"inLanguage":"pt-BR","potentialAction":[{"@type":"CommentAction","name":"Comment","target":["https:\/\/www.estrategiaconcursos.com.br\/blog\/concurso-gcm-santo-antonio-de-padua-rj\/#respond"]}],"copyrightYear":"2026","copyrightHolder":{"@id":"https:\/\/www.estrategiaconcursos.com.br\/blog\/#organization"}},{"@type":"WebPage","@id":"https:\/\/www.estrategiaconcursos.com.br\/blog\/concurso-gcm-santo-antonio-de-padua-rj\/","url":"https:\/\/www.estrategiaconcursos.com.br\/blog\/concurso-gcm-santo-antonio-de-padua-rj\/","name":"Concurso GCM Santo Ant\u00f4nio de P\u00e1dua: inscri\u00e7\u00f5es reabertas","isPartOf":{"@id":"https:\/\/www.estrategiaconcursos.com.br\/blog\/#website"},"primaryImageOfPage":{"@id":"https:\/\/www.estrategiaconcursos.com.br\/blog\/concurso-gcm-santo-antonio-de-padua-rj\/#primaryimage"},"image":{"@id":"https:\/\/www.estrategiaconcursos.com.br\/blog\/concurso-gcm-santo-antonio-de-padua-rj\/#primaryimage"},"thumbnailUrl":"https:\/\/dhg1h5j42swfq.cloudfront.net\/2026\/01\/03131406\/gcm-santo-antonio-de-padua-rj.jpg","datePublished":"2026-05-01T09:45:00+00:00","dateModified":"2026-05-01T13:31:31+00:00","description":"Novo concurso GCM Santo Ant\u00f4nio de P\u00e1dua RJ oferece vagas de n\u00edvel m\u00e9dio para Guarda Civil. Inscri\u00e7\u00f5es reabertas!","breadcrumb":{"@id":"https:\/\/www.estrategiaconcursos.com.br\/blog\/concurso-gcm-santo-antonio-de-padua-rj\/#breadcrumb"},"inLanguage":"pt-BR","potentialAction":[{"@type":"ReadAction","target":["https:\/\/www.estrategiaconcursos.com.br\/blog\/concurso-gcm-santo-antonio-de-padua-rj\/"]}]},{"@type":"ImageObject","inLanguage":"pt-BR","@id":"https:\/\/www.estrategiaconcursos.com.br\/blog\/concurso-gcm-santo-antonio-de-padua-rj\/#primaryimage","url":"https:\/\/dhg1h5j42swfq.cloudfront.net\/2026\/01\/03131406\/gcm-santo-antonio-de-padua-rj.jpg","contentUrl":"https:\/\/dhg1h5j42swfq.cloudfront.net\/2026\/01\/03131406\/gcm-santo-antonio-de-padua-rj.jpg","width":768,"height":432,"caption":"Concurso GCM Santo Ant\u00f4nio de P\u00e1dua"},{"@type":"BreadcrumbList","@id":"https:\/\/www.estrategiaconcursos.com.br\/blog\/concurso-gcm-santo-antonio-de-padua-rj\/#breadcrumb","itemListElement":[{"@type":"ListItem","position":1,"name":"In\u00edcio","item":"https:\/\/www.estrategiaconcursos.com.br\/blog\/"},{"@type":"ListItem","position":2,"name":"Concurso GCM Santo Ant\u00f4nio de P\u00e1dua: inscri\u00e7\u00f5es reabertas"}]},{"@type":"WebSite","@id":"https:\/\/www.estrategiaconcursos.com.br\/blog\/#website","url":"https:\/\/www.estrategiaconcursos.com.br\/blog\/","name":"Estrat\u00e9gia Concursos","description":"O blog da Estrat\u00e9gia Concursos traz not\u00edcias sobre concursos e artigos de professores oferecendo cursos para concursos (pdf + videaulas) no site.","publisher":{"@id":"https:\/\/www.estrategiaconcursos.com.br\/blog\/#organization"},"potentialAction":[{"@type":"SearchAction","target":{"@type":"EntryPoint","urlTemplate":"https:\/\/www.estrategiaconcursos.com.br\/blog\/?s={search_term_string}"},"query-input":{"@type":"PropertyValueSpecification","valueRequired":true,"valueName":"search_term_string"}}],"inLanguage":"pt-BR"},{"@type":"Organization","@id":"https:\/\/www.estrategiaconcursos.com.br\/blog\/#organization","name":"Estrat\u00e9gia Concursos","url":"https:\/\/www.estrategiaconcursos.com.br\/blog\/","logo":{"@type":"ImageObject","inLanguage":"pt-BR","@id":"https:\/\/www.estrategiaconcursos.com.br\/blog\/#\/schema\/logo\/image\/","url":"https:\/\/dhg1h5j42swfq.cloudfront.net\/2025\/06\/03203428\/logo_concursos-1.jpg","contentUrl":"https:\/\/dhg1h5j42swfq.cloudfront.net\/2025\/06\/03203428\/logo_concursos-1.jpg","width":230,"height":60,"caption":"Estrat\u00e9gia Concursos"},"image":{"@id":"https:\/\/www.estrategiaconcursos.com.br\/blog\/#\/schema\/logo\/image\/"},"sameAs":["https:\/\/x.com\/EstratConcursos"]},{"@type":"Person","@id":"https:\/\/www.estrategiaconcursos.com.br\/blog\/#\/schema\/person\/b4a388c97673c5f483d72185668afa1f","name":"Coordena\u00e7\u00e3o","image":{"@type":"ImageObject","inLanguage":"pt-BR","@id":"https:\/\/secure.gravatar.com\/avatar\/b720319e4c9a967eb58678d110f4fe35452fc5d5f97b202bac7b8acceb18c6ad?s=96&d=mm&r=g","url":"https:\/\/secure.gravatar.com\/avatar\/b720319e4c9a967eb58678d110f4fe35452fc5d5f97b202bac7b8acceb18c6ad?s=96&d=mm&r=g","contentUrl":"https:\/\/secure.gravatar.com\/avatar\/b720319e4c9a967eb58678d110f4fe35452fc5d5f97b202bac7b8acceb18c6ad?s=96&d=mm&r=g","caption":"Coordena\u00e7\u00e3o"},"sameAs":["https:\/\/www.facebook.com\/EstrategiaConcursos","https:\/\/x.com\/EstratConcursos"],"url":"https:\/\/www.estrategiaconcursos.com.br\/blog\/author\/estrategia2013\/"}]}},"_links":{"self":[{"href":"https:\/\/www.estrategiaconcursos.com.br\/blog\/wp-json\/wp\/v2\/posts\/1708218","targetHints":{"allow":["GET"]}}],"collection":[{"href":"https:\/\/www.estrategiaconcursos.com.br\/blog\/wp-json\/wp\/v2\/posts"}],"about":[{"href":"https:\/\/www.estrategiaconcursos.com.br\/blog\/wp-json\/wp\/v2\/types\/post"}],"author":[{"embeddable":true,"href":"https:\/\/www.estrategiaconcursos.com.br\/blog\/wp-json\/wp\/v2\/users\/1"}],"replies":[{"embeddable":true,"href":"https:\/\/www.estrategiaconcursos.com.br\/blog\/wp-json\/wp\/v2\/comments?post=1708218"}],"version-history":[{"count":13,"href":"https:\/\/www.estrategiaconcursos.com.br\/blog\/wp-json\/wp\/v2\/posts\/1708218\/revisions"}],"predecessor-version":[{"id":1759331,"href":"https:\/\/www.estrategiaconcursos.com.br\/blog\/wp-json\/wp\/v2\/posts\/1708218\/revisions\/1759331"}],"wp:featuredmedia":[{"embeddable":true,"href":"https:\/\/www.estrategiaconcursos.com.br\/blog\/wp-json\/wp\/v2\/media\/1709583"}],"wp:attachment":[{"href":"https:\/\/www.estrategiaconcursos.com.br\/blog\/wp-json\/wp\/v2\/media?parent=1708218"}],"wp:term":[{"taxonomy":"category","embeddable":true,"href":"https:\/\/www.estrategiaconcursos.com.br\/blog\/wp-json\/wp\/v2\/categories?post=1708218"},{"taxonomy":"post_tag","embeddable":true,"href":"https:\/\/www.estrategiaconcursos.com.br\/blog\/wp-json\/wp\/v2\/tags?post=1708218"},{"taxonomy":"tax_estado","embeddable":true,"href":"https:\/\/www.estrategiaconcursos.com.br\/blog\/wp-json\/wp\/v2\/tax_estado?post=1708218"}],"curies":[{"name":"wp","href":"https:\/\/api.w.org\/{rel}","templated":true}]}}