{"id":170770,"date":"2019-03-12T06:25:23","date_gmt":"2019-03-12T09:25:23","guid":{"rendered":"https:\/\/www.estrategiaconcursos.com.br\/blog\/?p=170770"},"modified":"2019-06-12T16:46:37","modified_gmt":"2019-06-12T19:46:37","slug":"concurso-trt-pr-orcamento-2019","status":"publish","type":"post","link":"https:\/\/www.estrategiaconcursos.com.br\/blog\/concurso-trt-pr-orcamento-2019\/","title":{"rendered":"Concurso TRT PR: \u00f3rg\u00e3o n\u00e3o realizar\u00e1 concurso em 2019"},"content":{"rendered":"\n<p style=\"font-size:25px\"><em>Novo&nbsp;concurso&nbsp;TRT&nbsp;PR&nbsp;deve&nbsp;ficar&nbsp;para&nbsp;2020<\/em><\/p>\n\n\n\n<p>O Tribunal Regional do Trabalho da 9\u00aa Regi\u00e3o (Paran\u00e1) n\u00e3o realizar\u00e1 um novo concurso em 2019. A informa\u00e7\u00e3o foi divulgada em uma resolu\u00e7\u00e3o administrativa editada pela presid\u00eancia da corte e publicada  no Di\u00e1rio da Justi\u00e7a do Trabalho nesta segunda-feira, 11 de mar\u00e7o.<\/p>\n\n\n\n<p>Segundo o documento,  em reuni\u00e3o realizada  em 25 de fevereiro de 2019, a presid\u00eancia da corte informou aos membros do \u00d3rg\u00e3o Especial a indisponibilidade de recursos no or\u00e7amento para a realiza\u00e7\u00e3o de um novo certame.<\/p>\n\n\n\n<p>No in\u00edcio de mar\u00e7o o Tribunal j\u00e1 havia informado \u00e0 equipe de jornalismo do Estrat\u00e9gia Concursos de que um novo concurso n\u00e3o seria realizado em 2019 por falta de or\u00e7amento.<\/p>\n\n\n\n<p>Vale lembrar que o \u00faltimo concurso do TRT PR, realizado em 2015, est\u00e1 v\u00e1lido at\u00e9 junho de 2019. O Tribunal tradicionalmente inicia o planejamento de um novo certame com anteced\u00eancia e por isso nomeou uma comiss\u00e3o para realizar estudos em janeiro de 2019.<\/p>\n\n\n\n<p>Com isso, espera-se que um novo certame possa ocorrer a partir de 2020. A elabora\u00e7\u00e3o das propostas or\u00e7ament\u00e1rias do Tribunal para o pr\u00f3ximo ano se iniciam ainda em 2019.<\/p>\n\n\n\n<p>Confira abaixo a \u00edntegra da resolu\u00e7\u00e3o:<\/p>\n\n\n\n<figure class=\"wp-block-image\"><img loading=\"lazy\" decoding=\"async\" width=\"922\" height=\"636\" src=\"https:\/\/dhg1h5j42swfq.cloudfront.net\/2019\/03\/12062310\/concurso-trt-pr.jpg\" alt=\"concurso trt pr\" class=\"wp-image-170778\" srcset=\"https:\/\/dhg1h5j42swfq.cloudfront.net\/2019\/03\/12062310\/concurso-trt-pr.jpg 922w, https:\/\/dhg1h5j42swfq.cloudfront.net\/2019\/03\/12062310\/concurso-trt-pr.jpg 300w, https:\/\/dhg1h5j42swfq.cloudfront.net\/2019\/03\/12062310\/concurso-trt-pr.jpg 768w\" sizes=\"auto, (max-width: 922px) 100vw, 922px\" \/><\/figure>\n\n\n\n<p style=\"font-size:25px;text-align:center\" class=\"has-background has-very-light-gray-background-color\"><a rel=\"noreferrer noopener\" aria-label=\"Clique aqui para saber mais sobre o concurso TRT PR (opens in a new tab)\" href=\"https:\/\/www.estrategiaconcursos.com.br\/blog\/concurso-trt-pr\/\" target=\"_blank\">Clique aqui para saber mais sobre o concurso TRT PR<\/a><\/p>\n\n\n\n<p><em>Ascom&nbsp;Estrat\u00e9gia<\/em><br \/>ascomestrategia@gmail.com<\/p>\n\n\n\n<p style=\"text-align:center\" class=\"has-medium-font-size\"><strong><u><a rel=\"noreferrer noopener\" aria-label=\"Cursos para Concurso TRT-PR (opens in a new tab)\" href=\"https:\/\/www.estrategiaconcursos.com.br\/cursosPorConcurso\/trt-9-regiao-parana-122\/\" target=\"_blank\">Cursos para Concurso TRT-PR<\/a><\/u><\/strong><\/p>\n\n\n\n<p style=\"text-align:center\"><em><strong>Assinatura Anual Ilimitada*<\/strong><\/em><\/p>\n\n\n\n<p style=\"text-align:center\"><em>Prepare-se com o melhor material e com quem mais aprova em&nbsp;Concursos P\u00fablicos de todo o pa\u00eds. Assine agora a nossa Assinatura Anual e tenha acesso ilimitado* a todos os nossos cursos.<\/em><\/p>\n\n\n\n<figure class=\"wp-block-image\"><a href=\"https:\/\/www.estrategiaconcursos.com.br\/assinaturas\" target=\"_blank\" rel=\"noreferrer noopener\"><img decoding=\"async\" src=\"https:\/\/www.estrategiaconcursos.com.br\/assets\/img\/banner-assinaturas.jpg\" alt=\"Assinatura Ilimitada Concurso BRB\" class=\"wp-image-157836\"\/><\/a><\/figure>\n","protected":false},"excerpt":{"rendered":"<p>Novo&nbsp;concurso&nbsp;TRT&nbsp;PR&nbsp;deve&nbsp;ficar&nbsp;para&nbsp;2020 O Tribunal Regional do Trabalho da 9\u00aa Regi\u00e3o (Paran\u00e1) n\u00e3o realizar\u00e1 um novo concurso em 2019. A informa\u00e7\u00e3o foi divulgada em uma resolu\u00e7\u00e3o administrativa editada pela presid\u00eancia da corte e publicada no Di\u00e1rio da Justi\u00e7a do Trabalho nesta segunda-feira, 11 de mar\u00e7o. Segundo o documento, em reuni\u00e3o realizada em 25 de fevereiro de 2019, [&hellip;]<\/p>\n","protected":false},"author":1,"featured_media":168802,"comment_status":"open","ping_status":"closed","sticky":false,"template":"","format":"standard","meta":{"post_tipo":"news","footnotes":""},"categories":[1],"tags":[],"tax_estado":[],"class_list":["post-170770","post","type-post","status-publish","format-standard","has-post-thumbnail","hentry","category-cursos-e-concursos"],"acf":[],"yoast_head":"<!-- This site is optimized with the Yoast SEO Premium plugin v27.2 (Yoast SEO v27.2) - https:\/\/yoast.com\/product\/yoast-seo-premium-wordpress\/ -->\n<title>Concurso TRT PR: \u00f3rg\u00e3o n\u00e3o realizar\u00e1 concurso em 2019<\/title>\n<meta name=\"description\" content=\"Concurso TRT PR: \u00f3rg\u00e3o edita resolu\u00e7\u00e3o para informar a falta de disponibilidade or\u00e7ament\u00e1ria para novo concurso em 2019. Saiba mais aqui!\" \/>\n<meta name=\"robots\" content=\"index, follow, max-snippet:-1, max-image-preview:large, max-video-preview:-1\" \/>\n<link rel=\"canonical\" href=\"https:\/\/www.estrategiaconcursos.com.br\/blog\/concurso-trt-pr-orcamento-2019\/\" \/>\n<meta property=\"og:locale\" content=\"pt_BR\" \/>\n<meta property=\"og:type\" content=\"article\" \/>\n<meta property=\"og:title\" content=\"Concurso TRT PR: \u00f3rg\u00e3o n\u00e3o realizar\u00e1 concurso em 2019\" \/>\n<meta property=\"og:description\" content=\"Concurso TRT PR: \u00f3rg\u00e3o edita resolu\u00e7\u00e3o para informar a falta de disponibilidade or\u00e7ament\u00e1ria para novo concurso em 2019. Saiba mais aqui!\" \/>\n<meta property=\"og:url\" content=\"https:\/\/www.estrategiaconcursos.com.br\/blog\/concurso-trt-pr-orcamento-2019\/\" \/>\n<meta property=\"og:site_name\" content=\"Estrat\u00e9gia Concursos\" \/>\n<meta property=\"article:author\" content=\"https:\/\/www.facebook.com\/EstrategiaConcursos\" \/>\n<meta property=\"article:published_time\" content=\"2019-03-12T09:25:23+00:00\" \/>\n<meta property=\"article:modified_time\" content=\"2019-06-12T19:46:37+00:00\" \/>\n<meta property=\"og:image\" content=\"https:\/\/dhg1h5j42swfq.cloudfront.net\/2019\/03\/01084934\/TRT-PR-e1551440982554.jpg\" \/>\n\t<meta property=\"og:image:width\" content=\"400\" \/>\n\t<meta property=\"og:image:height\" content=\"209\" \/>\n\t<meta property=\"og:image:type\" content=\"image\/jpeg\" \/>\n<meta name=\"author\" content=\"Coordena\u00e7\u00e3o\" \/>\n<meta name=\"twitter:card\" content=\"summary_large_image\" \/>\n<meta name=\"twitter:creator\" content=\"@EstratConcursos\" \/>\n<meta name=\"twitter:site\" content=\"@EstratConcursos\" \/>\n<meta name=\"twitter:label1\" content=\"Escrito por\" \/>\n\t<meta name=\"twitter:data1\" content=\"Coordena\u00e7\u00e3o\" \/>\n\t<meta name=\"twitter:label2\" content=\"Est. tempo de leitura\" \/>\n\t<meta name=\"twitter:data2\" content=\"1 minuto\" \/>\n<script type=\"application\/ld+json\" class=\"yoast-schema-graph\">{\"@context\":\"https:\/\/schema.org\",\"@graph\":[{\"@type\":\"NewsArticle\",\"@id\":\"https:\/\/www.estrategiaconcursos.com.br\/blog\/concurso-trt-pr-orcamento-2019\/#article\",\"isPartOf\":{\"@id\":\"https:\/\/www.estrategiaconcursos.com.br\/blog\/concurso-trt-pr-orcamento-2019\/\"},\"author\":{\"name\":\"Coordena\u00e7\u00e3o\",\"@id\":\"https:\/\/www.estrategiaconcursos.com.br\/blog\/#\/schema\/person\/b4a388c97673c5f483d72185668afa1f\"},\"headline\":\"Concurso TRT PR: \u00f3rg\u00e3o n\u00e3o realizar\u00e1 concurso em 2019\",\"datePublished\":\"2019-03-12T09:25:23+00:00\",\"dateModified\":\"2019-06-12T19:46:37+00:00\",\"mainEntityOfPage\":{\"@id\":\"https:\/\/www.estrategiaconcursos.com.br\/blog\/concurso-trt-pr-orcamento-2019\/\"},\"wordCount\":282,\"commentCount\":0,\"publisher\":{\"@id\":\"https:\/\/www.estrategiaconcursos.com.br\/blog\/#organization\"},\"image\":{\"@id\":\"https:\/\/www.estrategiaconcursos.com.br\/blog\/concurso-trt-pr-orcamento-2019\/#primaryimage\"},\"thumbnailUrl\":\"https:\/\/dhg1h5j42swfq.cloudfront.net\/2019\/03\/01084934\/TRT-PR-e1551440982554.jpg\",\"articleSection\":[\"Concursos P\u00fablicos\"],\"inLanguage\":\"pt-BR\",\"potentialAction\":[{\"@type\":\"CommentAction\",\"name\":\"Comment\",\"target\":[\"https:\/\/www.estrategiaconcursos.com.br\/blog\/concurso-trt-pr-orcamento-2019\/#respond\"]}],\"copyrightYear\":\"2019\",\"copyrightHolder\":{\"@id\":\"https:\/\/www.estrategiaconcursos.com.br\/blog\/#organization\"}},{\"@type\":\"WebPage\",\"@id\":\"https:\/\/www.estrategiaconcursos.com.br\/blog\/concurso-trt-pr-orcamento-2019\/\",\"url\":\"https:\/\/www.estrategiaconcursos.com.br\/blog\/concurso-trt-pr-orcamento-2019\/\",\"name\":\"Concurso TRT PR: \u00f3rg\u00e3o n\u00e3o realizar\u00e1 concurso em 2019\",\"isPartOf\":{\"@id\":\"https:\/\/www.estrategiaconcursos.com.br\/blog\/#website\"},\"primaryImageOfPage\":{\"@id\":\"https:\/\/www.estrategiaconcursos.com.br\/blog\/concurso-trt-pr-orcamento-2019\/#primaryimage\"},\"image\":{\"@id\":\"https:\/\/www.estrategiaconcursos.com.br\/blog\/concurso-trt-pr-orcamento-2019\/#primaryimage\"},\"thumbnailUrl\":\"https:\/\/dhg1h5j42swfq.cloudfront.net\/2019\/03\/01084934\/TRT-PR-e1551440982554.jpg\",\"datePublished\":\"2019-03-12T09:25:23+00:00\",\"dateModified\":\"2019-06-12T19:46:37+00:00\",\"description\":\"Concurso TRT PR: \u00f3rg\u00e3o edita resolu\u00e7\u00e3o para informar a falta de disponibilidade or\u00e7ament\u00e1ria para novo concurso em 2019. Saiba mais aqui!\",\"breadcrumb\":{\"@id\":\"https:\/\/www.estrategiaconcursos.com.br\/blog\/concurso-trt-pr-orcamento-2019\/#breadcrumb\"},\"inLanguage\":\"pt-BR\",\"potentialAction\":[{\"@type\":\"ReadAction\",\"target\":[\"https:\/\/www.estrategiaconcursos.com.br\/blog\/concurso-trt-pr-orcamento-2019\/\"]}]},{\"@type\":\"ImageObject\",\"inLanguage\":\"pt-BR\",\"@id\":\"https:\/\/www.estrategiaconcursos.com.br\/blog\/concurso-trt-pr-orcamento-2019\/#primaryimage\",\"url\":\"https:\/\/dhg1h5j42swfq.cloudfront.net\/2019\/03\/01084934\/TRT-PR-e1551440982554.jpg\",\"contentUrl\":\"https:\/\/dhg1h5j42swfq.cloudfront.net\/2019\/03\/01084934\/TRT-PR-e1551440982554.jpg\",\"width\":400,\"height\":209,\"caption\":\"concurso trt pr\"},{\"@type\":\"BreadcrumbList\",\"@id\":\"https:\/\/www.estrategiaconcursos.com.br\/blog\/concurso-trt-pr-orcamento-2019\/#breadcrumb\",\"itemListElement\":[{\"@type\":\"ListItem\",\"position\":1,\"name\":\"In\u00edcio\",\"item\":\"https:\/\/www.estrategiaconcursos.com.br\/blog\/\"},{\"@type\":\"ListItem\",\"position\":2,\"name\":\"Concurso TRT PR: \u00f3rg\u00e3o n\u00e3o realizar\u00e1 concurso em 2019\"}]},{\"@type\":\"WebSite\",\"@id\":\"https:\/\/www.estrategiaconcursos.com.br\/blog\/#website\",\"url\":\"https:\/\/www.estrategiaconcursos.com.br\/blog\/\",\"name\":\"Estrat\u00e9gia Concursos\",\"description\":\"O blog da Estrat\u00e9gia Concursos traz not\u00edcias sobre concursos e artigos de professores oferecendo cursos para concursos (pdf + videaulas) no site.\",\"publisher\":{\"@id\":\"https:\/\/www.estrategiaconcursos.com.br\/blog\/#organization\"},\"potentialAction\":[{\"@type\":\"SearchAction\",\"target\":{\"@type\":\"EntryPoint\",\"urlTemplate\":\"https:\/\/www.estrategiaconcursos.com.br\/blog\/?s={search_term_string}\"},\"query-input\":{\"@type\":\"PropertyValueSpecification\",\"valueRequired\":true,\"valueName\":\"search_term_string\"}}],\"inLanguage\":\"pt-BR\"},{\"@type\":\"Organization\",\"@id\":\"https:\/\/www.estrategiaconcursos.com.br\/blog\/#organization\",\"name\":\"Estrat\u00e9gia Concursos\",\"url\":\"https:\/\/www.estrategiaconcursos.com.br\/blog\/\",\"logo\":{\"@type\":\"ImageObject\",\"inLanguage\":\"pt-BR\",\"@id\":\"https:\/\/www.estrategiaconcursos.com.br\/blog\/#\/schema\/logo\/image\/\",\"url\":\"https:\/\/dhg1h5j42swfq.cloudfront.net\/2025\/06\/03203428\/logo_concursos-1.jpg\",\"contentUrl\":\"https:\/\/dhg1h5j42swfq.cloudfront.net\/2025\/06\/03203428\/logo_concursos-1.jpg\",\"width\":230,\"height\":60,\"caption\":\"Estrat\u00e9gia Concursos\"},\"image\":{\"@id\":\"https:\/\/www.estrategiaconcursos.com.br\/blog\/#\/schema\/logo\/image\/\"},\"sameAs\":[\"https:\/\/x.com\/EstratConcursos\"]},{\"@type\":\"Person\",\"@id\":\"https:\/\/www.estrategiaconcursos.com.br\/blog\/#\/schema\/person\/b4a388c97673c5f483d72185668afa1f\",\"name\":\"Coordena\u00e7\u00e3o\",\"image\":{\"@type\":\"ImageObject\",\"inLanguage\":\"pt-BR\",\"@id\":\"https:\/\/secure.gravatar.com\/avatar\/b720319e4c9a967eb58678d110f4fe35452fc5d5f97b202bac7b8acceb18c6ad?s=96&d=mm&r=g\",\"url\":\"https:\/\/secure.gravatar.com\/avatar\/b720319e4c9a967eb58678d110f4fe35452fc5d5f97b202bac7b8acceb18c6ad?s=96&d=mm&r=g\",\"contentUrl\":\"https:\/\/secure.gravatar.com\/avatar\/b720319e4c9a967eb58678d110f4fe35452fc5d5f97b202bac7b8acceb18c6ad?s=96&d=mm&r=g\",\"caption\":\"Coordena\u00e7\u00e3o\"},\"sameAs\":[\"https:\/\/www.facebook.com\/EstrategiaConcursos\",\"https:\/\/x.com\/EstratConcursos\"],\"url\":\"https:\/\/www.estrategiaconcursos.com.br\/blog\/author\/estrategia2013\/\"}]}<\/script>\n<!-- \/ Yoast SEO Premium plugin. -->","yoast_head_json":{"title":"Concurso TRT PR: \u00f3rg\u00e3o n\u00e3o realizar\u00e1 concurso em 2019","description":"Concurso TRT PR: \u00f3rg\u00e3o edita resolu\u00e7\u00e3o para informar a falta de disponibilidade or\u00e7ament\u00e1ria para novo concurso em 2019. Saiba mais aqui!","robots":{"index":"index","follow":"follow","max-snippet":"max-snippet:-1","max-image-preview":"max-image-preview:large","max-video-preview":"max-video-preview:-1"},"canonical":"https:\/\/www.estrategiaconcursos.com.br\/blog\/concurso-trt-pr-orcamento-2019\/","og_locale":"pt_BR","og_type":"article","og_title":"Concurso TRT PR: \u00f3rg\u00e3o n\u00e3o realizar\u00e1 concurso em 2019","og_description":"Concurso TRT PR: \u00f3rg\u00e3o edita resolu\u00e7\u00e3o para informar a falta de disponibilidade or\u00e7ament\u00e1ria para novo concurso em 2019. Saiba mais aqui!","og_url":"https:\/\/www.estrategiaconcursos.com.br\/blog\/concurso-trt-pr-orcamento-2019\/","og_site_name":"Estrat\u00e9gia Concursos","article_author":"https:\/\/www.facebook.com\/EstrategiaConcursos","article_published_time":"2019-03-12T09:25:23+00:00","article_modified_time":"2019-06-12T19:46:37+00:00","og_image":[{"width":400,"height":209,"url":"https:\/\/dhg1h5j42swfq.cloudfront.net\/2019\/03\/01084934\/TRT-PR-e1551440982554.jpg","type":"image\/jpeg"}],"author":"Coordena\u00e7\u00e3o","twitter_card":"summary_large_image","twitter_creator":"@EstratConcursos","twitter_site":"@EstratConcursos","twitter_misc":{"Escrito por":"Coordena\u00e7\u00e3o","Est. tempo de leitura":"1 minuto"},"schema":{"@context":"https:\/\/schema.org","@graph":[{"@type":"NewsArticle","@id":"https:\/\/www.estrategiaconcursos.com.br\/blog\/concurso-trt-pr-orcamento-2019\/#article","isPartOf":{"@id":"https:\/\/www.estrategiaconcursos.com.br\/blog\/concurso-trt-pr-orcamento-2019\/"},"author":{"name":"Coordena\u00e7\u00e3o","@id":"https:\/\/www.estrategiaconcursos.com.br\/blog\/#\/schema\/person\/b4a388c97673c5f483d72185668afa1f"},"headline":"Concurso TRT PR: \u00f3rg\u00e3o n\u00e3o realizar\u00e1 concurso em 2019","datePublished":"2019-03-12T09:25:23+00:00","dateModified":"2019-06-12T19:46:37+00:00","mainEntityOfPage":{"@id":"https:\/\/www.estrategiaconcursos.com.br\/blog\/concurso-trt-pr-orcamento-2019\/"},"wordCount":282,"commentCount":0,"publisher":{"@id":"https:\/\/www.estrategiaconcursos.com.br\/blog\/#organization"},"image":{"@id":"https:\/\/www.estrategiaconcursos.com.br\/blog\/concurso-trt-pr-orcamento-2019\/#primaryimage"},"thumbnailUrl":"https:\/\/dhg1h5j42swfq.cloudfront.net\/2019\/03\/01084934\/TRT-PR-e1551440982554.jpg","articleSection":["Concursos P\u00fablicos"],"inLanguage":"pt-BR","potentialAction":[{"@type":"CommentAction","name":"Comment","target":["https:\/\/www.estrategiaconcursos.com.br\/blog\/concurso-trt-pr-orcamento-2019\/#respond"]}],"copyrightYear":"2019","copyrightHolder":{"@id":"https:\/\/www.estrategiaconcursos.com.br\/blog\/#organization"}},{"@type":"WebPage","@id":"https:\/\/www.estrategiaconcursos.com.br\/blog\/concurso-trt-pr-orcamento-2019\/","url":"https:\/\/www.estrategiaconcursos.com.br\/blog\/concurso-trt-pr-orcamento-2019\/","name":"Concurso TRT PR: \u00f3rg\u00e3o n\u00e3o realizar\u00e1 concurso em 2019","isPartOf":{"@id":"https:\/\/www.estrategiaconcursos.com.br\/blog\/#website"},"primaryImageOfPage":{"@id":"https:\/\/www.estrategiaconcursos.com.br\/blog\/concurso-trt-pr-orcamento-2019\/#primaryimage"},"image":{"@id":"https:\/\/www.estrategiaconcursos.com.br\/blog\/concurso-trt-pr-orcamento-2019\/#primaryimage"},"thumbnailUrl":"https:\/\/dhg1h5j42swfq.cloudfront.net\/2019\/03\/01084934\/TRT-PR-e1551440982554.jpg","datePublished":"2019-03-12T09:25:23+00:00","dateModified":"2019-06-12T19:46:37+00:00","description":"Concurso TRT PR: \u00f3rg\u00e3o edita resolu\u00e7\u00e3o para informar a falta de disponibilidade or\u00e7ament\u00e1ria para novo concurso em 2019. Saiba mais aqui!","breadcrumb":{"@id":"https:\/\/www.estrategiaconcursos.com.br\/blog\/concurso-trt-pr-orcamento-2019\/#breadcrumb"},"inLanguage":"pt-BR","potentialAction":[{"@type":"ReadAction","target":["https:\/\/www.estrategiaconcursos.com.br\/blog\/concurso-trt-pr-orcamento-2019\/"]}]},{"@type":"ImageObject","inLanguage":"pt-BR","@id":"https:\/\/www.estrategiaconcursos.com.br\/blog\/concurso-trt-pr-orcamento-2019\/#primaryimage","url":"https:\/\/dhg1h5j42swfq.cloudfront.net\/2019\/03\/01084934\/TRT-PR-e1551440982554.jpg","contentUrl":"https:\/\/dhg1h5j42swfq.cloudfront.net\/2019\/03\/01084934\/TRT-PR-e1551440982554.jpg","width":400,"height":209,"caption":"concurso trt pr"},{"@type":"BreadcrumbList","@id":"https:\/\/www.estrategiaconcursos.com.br\/blog\/concurso-trt-pr-orcamento-2019\/#breadcrumb","itemListElement":[{"@type":"ListItem","position":1,"name":"In\u00edcio","item":"https:\/\/www.estrategiaconcursos.com.br\/blog\/"},{"@type":"ListItem","position":2,"name":"Concurso TRT PR: \u00f3rg\u00e3o n\u00e3o realizar\u00e1 concurso em 2019"}]},{"@type":"WebSite","@id":"https:\/\/www.estrategiaconcursos.com.br\/blog\/#website","url":"https:\/\/www.estrategiaconcursos.com.br\/blog\/","name":"Estrat\u00e9gia Concursos","description":"O blog da Estrat\u00e9gia Concursos traz not\u00edcias sobre concursos e artigos de professores oferecendo cursos para concursos (pdf + videaulas) no site.","publisher":{"@id":"https:\/\/www.estrategiaconcursos.com.br\/blog\/#organization"},"potentialAction":[{"@type":"SearchAction","target":{"@type":"EntryPoint","urlTemplate":"https:\/\/www.estrategiaconcursos.com.br\/blog\/?s={search_term_string}"},"query-input":{"@type":"PropertyValueSpecification","valueRequired":true,"valueName":"search_term_string"}}],"inLanguage":"pt-BR"},{"@type":"Organization","@id":"https:\/\/www.estrategiaconcursos.com.br\/blog\/#organization","name":"Estrat\u00e9gia Concursos","url":"https:\/\/www.estrategiaconcursos.com.br\/blog\/","logo":{"@type":"ImageObject","inLanguage":"pt-BR","@id":"https:\/\/www.estrategiaconcursos.com.br\/blog\/#\/schema\/logo\/image\/","url":"https:\/\/dhg1h5j42swfq.cloudfront.net\/2025\/06\/03203428\/logo_concursos-1.jpg","contentUrl":"https:\/\/dhg1h5j42swfq.cloudfront.net\/2025\/06\/03203428\/logo_concursos-1.jpg","width":230,"height":60,"caption":"Estrat\u00e9gia Concursos"},"image":{"@id":"https:\/\/www.estrategiaconcursos.com.br\/blog\/#\/schema\/logo\/image\/"},"sameAs":["https:\/\/x.com\/EstratConcursos"]},{"@type":"Person","@id":"https:\/\/www.estrategiaconcursos.com.br\/blog\/#\/schema\/person\/b4a388c97673c5f483d72185668afa1f","name":"Coordena\u00e7\u00e3o","image":{"@type":"ImageObject","inLanguage":"pt-BR","@id":"https:\/\/secure.gravatar.com\/avatar\/b720319e4c9a967eb58678d110f4fe35452fc5d5f97b202bac7b8acceb18c6ad?s=96&d=mm&r=g","url":"https:\/\/secure.gravatar.com\/avatar\/b720319e4c9a967eb58678d110f4fe35452fc5d5f97b202bac7b8acceb18c6ad?s=96&d=mm&r=g","contentUrl":"https:\/\/secure.gravatar.com\/avatar\/b720319e4c9a967eb58678d110f4fe35452fc5d5f97b202bac7b8acceb18c6ad?s=96&d=mm&r=g","caption":"Coordena\u00e7\u00e3o"},"sameAs":["https:\/\/www.facebook.com\/EstrategiaConcursos","https:\/\/x.com\/EstratConcursos"],"url":"https:\/\/www.estrategiaconcursos.com.br\/blog\/author\/estrategia2013\/"}]}},"_links":{"self":[{"href":"https:\/\/www.estrategiaconcursos.com.br\/blog\/wp-json\/wp\/v2\/posts\/170770","targetHints":{"allow":["GET"]}}],"collection":[{"href":"https:\/\/www.estrategiaconcursos.com.br\/blog\/wp-json\/wp\/v2\/posts"}],"about":[{"href":"https:\/\/www.estrategiaconcursos.com.br\/blog\/wp-json\/wp\/v2\/types\/post"}],"author":[{"embeddable":true,"href":"https:\/\/www.estrategiaconcursos.com.br\/blog\/wp-json\/wp\/v2\/users\/1"}],"replies":[{"embeddable":true,"href":"https:\/\/www.estrategiaconcursos.com.br\/blog\/wp-json\/wp\/v2\/comments?post=170770"}],"version-history":[{"count":5,"href":"https:\/\/www.estrategiaconcursos.com.br\/blog\/wp-json\/wp\/v2\/posts\/170770\/revisions"}],"predecessor-version":[{"id":386977,"href":"https:\/\/www.estrategiaconcursos.com.br\/blog\/wp-json\/wp\/v2\/posts\/170770\/revisions\/386977"}],"wp:featuredmedia":[{"embeddable":true,"href":"https:\/\/www.estrategiaconcursos.com.br\/blog\/wp-json\/wp\/v2\/media\/168802"}],"wp:attachment":[{"href":"https:\/\/www.estrategiaconcursos.com.br\/blog\/wp-json\/wp\/v2\/media?parent=170770"}],"wp:term":[{"taxonomy":"category","embeddable":true,"href":"https:\/\/www.estrategiaconcursos.com.br\/blog\/wp-json\/wp\/v2\/categories?post=170770"},{"taxonomy":"post_tag","embeddable":true,"href":"https:\/\/www.estrategiaconcursos.com.br\/blog\/wp-json\/wp\/v2\/tags?post=170770"},{"taxonomy":"tax_estado","embeddable":true,"href":"https:\/\/www.estrategiaconcursos.com.br\/blog\/wp-json\/wp\/v2\/tax_estado?post=170770"}],"curies":[{"name":"wp","href":"https:\/\/api.w.org\/{rel}","templated":true}]}}