{"id":1707222,"date":"2026-04-22T07:00:00","date_gmt":"2026-04-22T10:00:00","guid":{"rendered":"https:\/\/www.estrategiaconcursos.com.br\/blog\/?p=1707222"},"modified":"2026-04-22T08:40:05","modified_gmt":"2026-04-22T11:40:05","slug":"concurso-ses-go","status":"publish","type":"post","link":"https:\/\/www.estrategiaconcursos.com.br\/blog\/concurso-ses-go\/","title":{"rendered":"Concurso SES GO: inicial de R$ 10,1 mil. Provas em maio!"},"content":{"rendered":"\n<p style=\"font-size:clamp(15.197px, 0.95rem + ((1vw - 3.2px) * 0.765), 23px);\"><strong><em>Novo concurso SES GO oferta oportunidades de n\u00edvel superior!<\/em><\/strong><\/p>\n\n\n\n<p>Est\u00e3o encerradas as inscri\u00e7\u00f5es do novo <strong>concurso SES GO<\/strong> (<a href=\"https:\/\/www.estrategiaconcursos.com.br\/cursosPorConcurso\/ses-go\/\" target=\"_blank\" rel=\"noreferrer noopener\">Secretaria de Estado de Sa\u00fade de Goi\u00e1s<\/a>) com oferta de 50 vagas imediatas.<\/p>\n\n\n\n<p>Os interessados na sele\u00e7\u00e3o puderam se candidatar at\u00e9 o dia 21 de abril, no site da banca organizadora, IADES, ao custo de R$ 160,00. As <strong>provas s\u00e3o previstas em 10 de maio<\/strong>.<\/p>\n\n\n\n<p>As oportunidades s\u00e3o para diferentes cargos de n\u00edvel superior, separados por categoria. O <strong>sal\u00e1rio inicial \u00e9 de R$ 10.118,44<\/strong>, al\u00e9m de pr\u00eamio de incentivo individual.<\/p>\n\n\n\n<ul class=\"wp-block-list has-very-light-gray-to-cyan-bluish-gray-gradient-background has-background\">\n<li><strong>Concurso SES GO 2026<\/strong><\/li>\n\n\n\n<li><strong style=\"color: initial;\">Situa\u00e7\u00e3o:<\/strong> inscri\u00e7\u00f5es encerradas <\/li>\n\n\n\n<li><strong>Banca:<\/strong> <a href=\"https:\/\/iades.com.br\/inscricao\/ProcessoSeletivo.aspx?id=1f140e1409\" target=\"_blank\" rel=\"noreferrer noopener\">IADES<\/a><\/li>\n\n\n\n<li><strong style=\"color: initial;\">Vagas:<\/strong> 50<\/li>\n\n\n\n<li><strong>Sal\u00e1rio inicial:<\/strong> R$ 10.118,44<\/li>\n\n\n\n<li><strong>Edital:<\/strong> <a href=\"https:\/\/dhg1h5j42swfq.cloudfront.net\/2026\/02\/27091644\/edital-ses-go.pdf\" target=\"_blank\" rel=\"noreferrer noopener nofollow\">SES GO-2026<\/a><\/li>\n<\/ul>\n\n\n\n<p>A fim de te deixar sempre bem informado, elaboramos este artigo com as principais informa\u00e7\u00f5es e novidades sobre o concurso. Acompanhe os t\u00f3picos abaixo e n\u00e3o perca nenhum detalhe:<\/p>\n\n\n\n<ul id=\"indice\" class=\"wp-block-list\">\n<li><strong><a href=\"#concurso-2026\">Informa\u00e7\u00f5es do novo concurso<\/a><\/strong>\n<ul class=\"wp-block-list\">\n<li><a href=\"#datas\">Principais datas<\/a><\/li>\n\n\n\n<li><a href=\"#retificacoes\">Retifica\u00e7\u00f5es<\/a><\/li>\n\n\n\n<li><a href=\"#cargos-vagas\">Cargos e vagas<\/a><\/li>\n\n\n\n<li><a href=\"#etapas\">Etapas e provas<\/a><\/li>\n<\/ul>\n<\/li>\n\n\n\n<li><strong><a href=\"#plano-carreira\">Plano de carreira e sal\u00e1rios<\/a><\/strong>\n<ul class=\"wp-block-list\">\n<li><a href=\"#cargos\">Cargos<\/a><\/li>\n\n\n\n<li><a href=\"#remuneracao\">Remunera\u00e7\u00f5es<\/a><\/li>\n<\/ul>\n<\/li>\n\n\n\n<li><strong><a href=\"#ses-go-ulti\">\u00daltimo concurso<\/a><\/strong>\n<ul class=\"wp-block-list\">\n<li><a href=\"#et-ult\">Etapas do \u00faltimo concurso<\/a><\/li>\n<\/ul>\n<\/li>\n\n\n\n<li><strong><span style=\"text-decoration: underline;\"><a href=\"#cursos\">Cursos e Assinatura<\/a><\/span><\/strong><\/li>\n\n\n\n<li><strong><span style=\"text-decoration: underline;\"><a href=\"#ficha-tecnica\">Ficha t\u00e9cnica<\/a><\/span><\/strong><\/li>\n<\/ul>\n\n\n\n<div class=\"container\" id=\"boxes\">\n  <div class=\"row\">\n\n    <div class=\"col-sm\">\n      <div class=\"banner-residencia-medica\" id=\"box-assinatura\">\n        <h2 class=\"titulo-assinatura\">Concurso SES GO<\/h2>\n        <p class=\"subtitulo-assinatura\">Oportunidade \u00fanica para sua carreira na sa\u00fade<\/p>\n        <div class=\"box-botao\">\n          <a class=\"btn-assinatura\" target=\"_blank\" href=\"https:\/\/www.estrategiaconcursos.com.br\/cursosPorConcurso\/ses-go\/\" role=\"button\" rel=\"noopener noreferrer\">VER CURSOS<\/a>\n        <\/div>\n      <\/div>\n    \n\n  <\/div>\n<\/div><\/div>\n\n\n\n<h2 class=\"wp-block-heading\" id=\"concurso-2026\">Informa\u00e7\u00f5es do novo concurso SES GO<\/h2>\n\n\n\n<h3 class=\"wp-block-heading\" id=\"datas\">Principais datas do edital<\/h3>\n\n\n\n<ul class=\"wp-block-list\">\n<li><strong>Inscri\u00e7\u00f5es<\/strong>: <s>20 de mar\u00e7o a 21 de abril<\/s><\/li>\n\n\n\n<li><strong>Isen\u00e7\u00e3o da taxa<\/strong>: <s>10 a 12 de mar\u00e7o<\/s><\/li>\n\n\n\n<li><strong>\u00daltimo dia para pagamento<\/strong>: 22 de abril<\/li>\n\n\n\n<li><strong>Prova<\/strong>: 10 de maio<\/li>\n<\/ul>\n\n\n\n<h3 class=\"wp-block-heading\" id=\"retificacoes\">Retifica\u00e7\u00f5es divulgadas<\/h3>\n\n\n\n<ul class=\"wp-block-list\">\n<li><a href=\"https:\/\/dhg1h5j42swfq.cloudfront.net\/2026\/03\/09175759\/2026030995436548.pdf\" target=\"_blank\" rel=\"noreferrer noopener nofollow\">1\u00aa retifica\u00e7\u00e3o<\/a> [requisitos para Farm\u00e1cia, exclus\u00e3o de conte\u00fado program\u00e1tico em Direito Administrativo, dentre outros].<\/li>\n<\/ul>\n\n\n\n<h3 class=\"wp-block-heading\" id=\"cargos-vagas\">Cargos e vagas do concurso SES GO<\/h3>\n\n\n\n<figure class=\"wp-block-table is-style-stripes\"><table class=\"has-very-light-gray-to-cyan-bluish-gray-gradient-background has-background has-fixed-layout\"><thead><tr><th class=\"has-text-align-center\" data-align=\"center\">Cargos<\/th><th class=\"has-text-align-center\" data-align=\"center\">Vagas<\/th><\/tr><\/thead><tbody><tr><td class=\"has-text-align-center\" data-align=\"center\">Categoria I: Biom\u00e9dico, Enfermeiro, M\u00e9dico ou Cirurgi\u00e3o-Dentista<\/td><td class=\"has-text-align-center\" data-align=\"center\">15<\/td><\/tr><tr><td class=\"has-text-align-center\" data-align=\"center\">Categoria II: Farmec\u00eautico-<br \/>&#8211; Bioqu\u00edmico ou Farmac\u00eautico<\/td><td class=\"has-text-align-center\" data-align=\"center\">15<\/td><\/tr><tr><td class=\"has-text-align-center\" data-align=\"center\">Categoria III: Gradua\u00e7\u00e3o em qualquer \u00e1rea, com especializa\u00e7\u00e3o na \u00e1rea de Sa\u00fade<\/td><td class=\"has-text-align-center\" data-align=\"center\">10<\/td><\/tr><tr><td class=\"has-text-align-center\" data-align=\"center\">Categoria IV: Nutricionista, Engenheiro de Alimentos ou M\u00e9dico-veterin\u00e1rio, com especializa\u00e7\u00e3o na \u00e1rea de Sa\u00fade<\/td><td class=\"has-text-align-center\" data-align=\"center\">9<\/td><\/tr><tr><td class=\"has-text-align-center\" data-align=\"center\">Categoria V: Engenheiro Civil ou Arquiteto com especializa\u00e7\u00e3o na \u00e1rea de Sa\u00fade<\/td><td class=\"has-text-align-center\" data-align=\"center\">1<\/td><\/tr><\/tbody><\/table><\/figure>\n\n\n\n<p><strong>Remunera\u00e7\u00e3o<\/strong>: R$ 10.118,44 e Pr\u00eamio de Incentivo Individual, nos termos da Lei estadual n\u00ba 14.600\/2003.<\/p>\n\n\n\n<p><strong>Jornada de Trabalho<\/strong>: 40 horas semanais. A jornada estabelecida poder\u00e1 ser exercida em dias \u00fateis, s\u00e1bados, domingos e feriados, nos per\u00edodos diurno e noturno, assegurado o descanso semanal remunerado, n\u00e3o sendo considerado servi\u00e7o extraordin\u00e1rio a jornada de trabalho na forma prevista.<\/p>\n\n\n\n<p><strong>Lota\u00e7\u00e3o<\/strong>: O candidato nomeado ser\u00e1 lotado na Secretaria de Estado da Sa\u00fade \u2013 SES, em Goi\u00e2nia-GO.<\/p>\n\n\n\n<p><strong>Posse<\/strong>: O ingresso dar-se-\u00e1 no cargo de Fiscal de Sa\u00fade P\u00fablica, N\u00edvel A, de acordo com a Lei estadual n\u00ba 22.524\/2024 (que disp\u00f5e sobre o Plano de Carreira e Remunera\u00e7\u00e3o da Secretaria de Estado da Sa\u00fade).<\/p>\n\n\n\n<h3 class=\"wp-block-heading\" id=\"etapas\">Etapas e provas do concurso SES GO<\/h3>\n\n\n\n<p>Os candidatos do concurso ser\u00e3o avaliados mediante aplica\u00e7\u00e3o das seguintes etapas:<\/p>\n\n\n\n<ul class=\"wp-block-list\">\n<li><strong>1\u00aa fase<\/strong> &#8211; Prova objetiva, de car\u00e1ter eliminat\u00f3rio e classificat\u00f3rio;<\/li>\n\n\n\n<li><strong>2\u00aa fase<\/strong> &#8211; Verifica\u00e7\u00e3o do enquadramento da autodeclara\u00e7\u00e3o como pessoa negra, de car\u00e1ter eliminat\u00f3rio;<\/li>\n\n\n\n<li><strong>3\u00aa fase<\/strong> &#8211; Avalia\u00e7\u00e3o da equipe multiprofissional (exclusiva para candidatos que se declararam com defici\u00eancia), de car\u00e1ter eliminat\u00f3rio; <\/li>\n\n\n\n<li><strong>4\u00aa fase<\/strong> &#8211; Prova discursiva, de car\u00e1ter eliminat\u00f3rio e classificat\u00f3rio.<\/li>\n<\/ul>\n\n\n\n<p>A <strong>prova objetiva<\/strong> ser\u00e1 composta de 80 quest\u00f5es, do tipo m\u00faltipla escolha, com cinco alternativas (A, B, C, D e E). A dura\u00e7\u00e3o ser\u00e1 de 5 horas.<\/p>\n\n\n\n<p>Ser\u00e3o aprovados os candidatos que atingirem o m\u00ednimo de 50% do total da pontua\u00e7\u00e3o de cada uma das provas (conhecimentos gerais e conhecimentos espec\u00edficos).<\/p>\n\n\n\n<ul class=\"wp-block-list\">\n<li><strong>Conhecimentos Gerais<\/strong>\n<ul class=\"wp-block-list\">\n<li>L\u00edngua Portuguesa &#8211; 10<\/li>\n\n\n\n<li>Realidade \u00e9tnica, social, hist\u00f3rica, geogr\u00e1fica, cultural, pol\u00edtica e econ\u00f4mica do Estado de Goi\u00e1s &#8211; 2 <\/li>\n\n\n\n<li>Direito Administrativo e Constitucional &#8211; 6 <\/li>\n\n\n\n<li>Administra\u00e7\u00e3o P\u00fablica &#8211; 6 <\/li>\n\n\n\n<li>Racioc\u00ednio L\u00f3gico-Matem\u00e1tico &#8211; 3 <\/li>\n\n\n\n<li>Inform\u00e1tica &#8211; 3<\/li>\n<\/ul>\n<\/li>\n\n\n\n<li><strong>Conhecimentos Espec\u00edficos <\/strong>\n<ul class=\"wp-block-list\">\n<li>Conhecimentos Espec\u00edficos do cargo &#8211; 50<\/li>\n<\/ul>\n<\/li>\n<\/ul>\n\n\n\n<p>A aplica\u00e7\u00e3o da <strong>prova discursiva<\/strong> ocorrer\u00e1 no mesmo dia, turno e dentro dos prazos de dura\u00e7\u00e3o previstos para a realiza\u00e7\u00e3o da prova objetiva.<\/p>\n\n\n\n<p>A etapa consistir\u00e1 na elabora\u00e7\u00e3o de texto dissertativo-argumentativo, com extens\u00e3o m\u00ednima de 20 linhas e m\u00e1xima de 40 linhas, com base no conhecimento espec\u00edfico.<\/p>\n\n\n\n<p>Valendo de 0,00 a 30,00 pontos, ser\u00e1 eliminado o candidato que obtiver pontua\u00e7\u00e3o final inferior a 15,00 pontos, ou seja, NPD &lt; 15,00.<\/p>\n\n\n\n<h2 class=\"wp-block-heading\" id=\"plano-carreira\">Plano de carreira e sal\u00e1rios da SES GO<\/h2>\n\n\n\n<p>Em janeiro de 2024, foi sancionada a <a href=\"https:\/\/dhg1h5j42swfq.cloudfront.net\/2026\/01\/29132510\/lei-ordinaria-22-524.pdf\" target=\"_blank\" rel=\"noreferrer noopener nofollow\">Lei N\u00ba 22.524<\/a> que instituiu o Plano de Carreira e Remunera\u00e7\u00e3o da Secretaria de Estado da Sa\u00fade.<\/p>\n\n\n\n<h3 class=\"wp-block-heading\" id=\"cargos\">Conhe\u00e7a os cargos<\/h3>\n\n\n\n<p>O PCR \u00e9 constitu\u00eddo pelos seguintes Grupos Ocupacionais:<\/p>\n\n\n\n<ul class=\"wp-block-list\">\n<li>I \u2013 Fiscal;<\/li>\n\n\n\n<li>II \u2013 Auditor;<\/li>\n\n\n\n<li>III \u2013 Regulador;<\/li>\n\n\n\n<li>IV \u2013 M\u00e9dico e Cirurgi\u00e3o-Dentista;<\/li>\n\n\n\n<li>V \u2013 Analista de Sa\u00fade; e<\/li>\n\n\n\n<li>VI \u2013 Assistente de Sa\u00fade.<\/li>\n<\/ul>\n\n\n\n<p><strong>Quadro permanente de cargos efetivos<\/strong><\/p>\n\n\n\n<ul class=\"wp-block-list\">\n<li><strong>I \u2013 Grupo Ocupacional Fiscal<\/strong> &#8211; Fiscal de Sa\u00fade P\u00fablica, com os cargos de:\n<ul class=\"wp-block-list\">\n<li>Biom\u00e9dico;<\/li>\n\n\n\n<li>Cirurgi\u00e3o-Dentista;<\/li>\n\n\n\n<li>Enfermeiro;<\/li>\n\n\n\n<li>Farmac\u00eautico-Bioqu\u00edmico;<\/li>\n\n\n\n<li>M\u00e9dico;<\/li>\n\n\n\n<li>Bi\u00f3logo;<\/li>\n\n\n\n<li>Profissionais de n\u00edvel superior com especializa\u00e7\u00e3o na \u00e1rea da sa\u00fade.<\/li>\n<\/ul>\n<\/li>\n\n\n\n<li><strong>II \u2013 Grupo Ocupacional Auditor<\/strong> &#8211; Auditor de Sistemas e Servi\u00e7os de Sa\u00fade, com os cargos de:\n<ul class=\"wp-block-list\">\n<li>Auditor Advogado;<\/li>\n\n\n\n<li>Auditor Assistente Social;<\/li>\n\n\n\n<li>Auditor Biom\u00e9dico;<\/li>\n\n\n\n<li>Auditor Cirurgi\u00e3o-Dentista;<\/li>\n\n\n\n<li>Auditor Cont\u00e1bil;<\/li>\n\n\n\n<li>Auditor Farmac\u00eautico;<\/li>\n\n\n\n<li>Auditor Farmac\u00eautico-Bioqu\u00edmico;<\/li>\n\n\n\n<li>Auditor Fisioterapeuta;<\/li>\n\n\n\n<li>Auditor Fonoaudi\u00f3logo;<\/li>\n\n\n\n<li>Auditor Enfermeiro;<\/li>\n\n\n\n<li>Auditor M\u00e9dico;<\/li>\n\n\n\n<li>Auditor Nutricionista;<\/li>\n\n\n\n<li>Auditor Psic\u00f3logo.<\/li>\n<\/ul>\n<\/li>\n\n\n\n<li><strong>III \u2013 Grupo Ocupacional Regulador<\/strong> &#8211; M\u00e9dico Regulador;<\/li>\n\n\n\n<li><strong>IV \u2013 Grupo Ocupacional M\u00e9dico e Cirurgi\u00e3o-Dentista<\/strong> &#8211; Cirurgi\u00e3o-Dentista e M\u00e9dico;<\/li>\n\n\n\n<li><strong>V \u2013 Grupo Ocupacional Analista de Sa\u00fade<\/strong>, com os cargos de:\n<ul class=\"wp-block-list\">\n<li>Analista T\u00e9cnico de Sa\u00fade;<\/li>\n\n\n\n<li>Assistente Social;<\/li>\n\n\n\n<li>Bi\u00f3logo;<\/li>\n\n\n\n<li>Biom\u00e9dico;<\/li>\n\n\n\n<li>Enfermeiro;<\/li>\n\n\n\n<li>Farmac\u00eautico;<\/li>\n\n\n\n<li>Farmac\u00eautico-Bioqu\u00edmico;<\/li>\n\n\n\n<li>Fisioterapeuta;<\/li>\n\n\n\n<li>F\u00edsico;<\/li>\n\n\n\n<li>Fonoaudi\u00f3logo;<\/li>\n\n\n\n<li>M\u00e9dico-Veterin\u00e1rio;<\/li>\n\n\n\n<li>Nutricionista;<\/li>\n\n\n\n<li>Psic\u00f3logo;<\/li>\n\n\n\n<li>Profissional de Educa\u00e7\u00e3o F\u00edsica;<\/li>\n\n\n\n<li>Terapeuta Ocupacional; <\/li>\n\n\n\n<li>Qu\u00edmico.<\/li>\n<\/ul>\n<\/li>\n\n\n\n<li><strong>VI \u2013 Grupo Ocupacional Assistente de Sa\u00fade<\/strong>, com os cargos de:\n<ul class=\"wp-block-list\">\n<li>Assistente T\u00e9cnico de Sa\u00fade;<\/li>\n\n\n\n<li>T\u00e9cnico em Enfermagem;<\/li>\n\n\n\n<li>T\u00e9cnico em Imobiliza\u00e7\u00e3o Ortop\u00e9dica;<\/li>\n\n\n\n<li>T\u00e9cnico em Laborat\u00f3rio;<\/li>\n\n\n\n<li>T\u00e9cnico em Pr\u00f3tese Dent\u00e1ria;<\/li>\n\n\n\n<li>T\u00e9cnico em Radiologia; <\/li>\n\n\n\n<li>T\u00e9cnico em Sa\u00fade Bucal.<\/li>\n<\/ul>\n<\/li>\n<\/ul>\n\n\n\n<h3 class=\"wp-block-heading\" id=\"remuneracao\">Tabela remunerat\u00f3ria atual<\/h3>\n\n\n\n<p>A partir de 1\u00ba de setembro de 2025, foi institu\u00eddo reajuste salarial para as categorias. Veja as remunera\u00e7\u00f5es correspondentes!<\/p>\n\n\n\n<figure class=\"wp-block-image aligncenter size-full\"><img loading=\"lazy\" decoding=\"async\" width=\"510\" height=\"730\" src=\"https:\/\/dhg1h5j42swfq.cloudfront.net\/2026\/01\/29133113\/image-296.png\" alt=\"Tabela de sal\u00e1rios iniciais do concurso SES GO\" class=\"wp-image-1707245\" srcset=\"https:\/\/dhg1h5j42swfq.cloudfront.net\/2026\/01\/29133113\/image-296.png 510w, https:\/\/dhg1h5j42swfq.cloudfront.net\/2026\/01\/29133113\/image-296-210x300.png 210w, https:\/\/dhg1h5j42swfq.cloudfront.net\/2026\/01\/29133113\/image-296-150x215.png 150w\" sizes=\"auto, (max-width: 510px) 100vw, 510px\" \/><figcaption class=\"wp-element-caption\">Sal\u00e1rios iniciais do concurso SES GO<\/figcaption><\/figure>\n\n\n\n<h2 class=\"wp-block-heading\" id=\"ses-go-ulti\">\u00daltimo concurso SES GO<\/h2>\n\n\n\n<p>Sob organiza\u00e7\u00e3o da banca FUNCAB, o \u00faltimo concurso do \u00f3rg\u00e3o foi realizado no ano de 2010 e ofertou oportunidades em cadastro de reserva.<\/p>\n\n\n\n<h3 class=\"wp-block-heading\" id=\"et-ult\">Etapas do \u00faltimo concurso<\/h3>\n\n\n\n<p>Os candidatos foram avaliados por meio de provas objetivas, de car\u00e1ter eliminat\u00f3rio e classificat\u00f3rio.<\/p>\n\n\n\n<p>A etapa foi constitu\u00edda por 30 a 60 quest\u00f5es do tipo m\u00faltipla escolha, com 5 alternativas cada (A, B, C, D e E). <\/p>\n\n\n\n<ul class=\"wp-block-list\">\n<li><a href=\"https:\/\/dhg1h5j42swfq.cloudfront.net\/2026\/01\/29134047\/edital-ses-go-2010-1-1-1.pdf\" target=\"_blank\" rel=\"noreferrer noopener nofollow\">Disciplinas cobradas por n\u00edvel de escolaridade<\/a><\/li>\n<\/ul>\n\n\n\n<p>Com dura\u00e7\u00e3o de 4 horas, a avalia\u00e7\u00e3o foi aplicada apenas na capital, Goi\u00e2nia. <\/p>\n\n\n\n<p>Foi aprovado o candidato que obteve, no m\u00ednimo, 50% da pontua\u00e7\u00e3o dispon\u00edvel e que n\u00e3o zerou em nenhuma disciplina.<\/p>\n\n\n\n<hr class=\"wp-block-separator has-css-opacity\"\/>\n\n\n\n<p class=\"has-text-align-center\" id=\"h-quer-saber-tudo-sobre-concursos-previstos-confira-nossos-artigos\" style=\"font-size:clamp(16.834px, 1.052rem + ((1vw - 3.2px) * 0.899), 26px);\"><strong>Quer saber tudo sobre concursos previstos?<br \/>Confira nossos artigos!<\/strong><\/p>\n\n\n\n<ul class=\"wp-block-list\">\n<li><a href=\"https:\/\/www.estrategiaconcursos.com.br\/blog\/concursos-abertos\/\" target=\"_blank\" rel=\"noreferrer noopener\">Concursos abertos<\/a><\/li>\n\n\n\n<li><a href=\"https:\/\/www.estrategiaconcursos.com.br\/blog\/concursos-area-da-saude\/\" target=\"_blank\" rel=\"noreferrer noopener\">Concursos sa\u00fade<\/a><\/li>\n\n\n\n<li><a href=\"https:\/\/www.estrategiaconcursos.com.br\/blog\/concursos-2026\/\" target=\"_blank\" rel=\"noreferrer noopener\">Concursos 2026<\/a><\/li>\n<\/ul>\n\n\n\n<p class=\"has-text-align-center\" id=\"cursos\" style=\"font-size:clamp(17.905px, 1.119rem + ((1vw - 3.2px) * 0.99), 28px);\"><strong>Quer estudar para o concurso Secretaria de Sa\u00fade GO?<\/strong><\/p>\n\n\n\n<div class=\"container\" id=\"boxes\">\n  <div class=\"row\">\n\n    <div class=\"col-sm\">\n      <div class=\"banner-residencia-medica\" id=\"box-assinatura\">\n        <h3 class=\"titulo-assinatura\">Concurso SES GO<\/h3>\n        <p class=\"subtitulo-assinatura\">Oportunidade \u00fanica para sua carreira na sa\u00fade<\/p>\n        <div class=\"box-botao\">\n          <a class=\"btn-assinatura\" target=\"_blank\" href=\"https:\/\/www.estrategiaconcursos.com.br\/cursosPorConcurso\/ses-go\/\" role=\"button\" rel=\"noopener noreferrer\">VER CURSOS<\/a>\n        <\/div>\n      <\/div>\n    \n\n  <\/div>\n<\/div><\/div>\n\n\n\n<div class=\"container\" id=\"boxes\">\n  <div class=\"row\">\n\n    <div class=\"col-sm\">\n      <div class=\"estrategia\" id=\"box-assinatura\">\n        <h3 class=\"titulo-assinatura\">Assinatura Concursos<\/h3>\n        <p class=\"subtitulo-assinatura\">Assinatura de 1 ano ou 2 anos<\/p>\n        <div class=\"box-botao\">\n          <a class=\"btn-assinatura\" target=\"_blank\" href=\"https:\/\/www.estrategiaconcursos.com.br\/assinaturas\/\" role=\"button\" rel=\"noopener noreferrer\">ASSINE AGORA<\/a>\n        <\/div>\n      <\/div>\n     \n    <\/div><\/div><\/div>\n\n\n\n<figure class=\"wp-block-image size-large is-resized\"><img loading=\"lazy\" decoding=\"async\" width=\"1024\" height=\"632\" src=\"https:\/\/dhg1h5j42swfq.cloudfront.net\/2021\/06\/29115502\/ficha-tecnica-7-1024x632.png\" alt=\"Ficha t\u00e9cnica\" class=\"wp-image-780263\" style=\"aspect-ratio:1.6268295367007812;width:273px;height:auto\" srcset=\"https:\/\/dhg1h5j42swfq.cloudfront.net\/2021\/06\/29115502\/ficha-tecnica-7-1024x632.png 1024w, https:\/\/dhg1h5j42swfq.cloudfront.net\/2021\/06\/29115502\/ficha-tecnica-7-300x185.png 300w, https:\/\/dhg1h5j42swfq.cloudfront.net\/2021\/06\/29115502\/ficha-tecnica-7-768x474.png 768w, https:\/\/dhg1h5j42swfq.cloudfront.net\/2021\/06\/29115502\/ficha-tecnica-7-1536x948.png 1536w, https:\/\/dhg1h5j42swfq.cloudfront.net\/2021\/06\/29115502\/ficha-tecnica-7-610x377.png 610w, https:\/\/dhg1h5j42swfq.cloudfront.net\/2021\/06\/29115502\/ficha-tecnica-7.png 1571w\" sizes=\"auto, (max-width: 1024px) 100vw, 1024px\" \/><\/figure>\n\n\n\n<h3 class=\"wp-block-heading\" id=\"ficha-tecnica\">Informa\u00e7\u00f5es do concurso SES GO<\/h3>\n\n\n\n<ul class=\"wp-block-list\">\n<li><strong>Provas<\/strong>: 10\/05\/2026<\/li>\n\n\n\n<li><strong>Vagas<\/strong>: 50 <\/li>\n\n\n\n<li><strong>Cargos<\/strong>: Fiscal em Sa\u00fade P\u00fablica<\/li>\n\n\n\n<li><strong>Banca: <\/strong>IADES<\/li>\n\n\n\n<li><strong>Forma\u00e7\u00e3o: <\/strong>n\u00edvel superior<\/li>\n\n\n\n<li><strong>Edital:<\/strong> <a href=\"https:\/\/dhg1h5j42swfq.cloudfront.net\/2026\/02\/27091644\/edital-ses-go.pdf\" target=\"_blank\" rel=\"noreferrer noopener nofollow\">SES GO-2026<\/a><\/li>\n<\/ul>\n\n\n\n<p><\/p>\n","protected":false},"excerpt":{"rendered":"<p>Novo concurso SES GO oferta oportunidades de n\u00edvel superior! Est\u00e3o encerradas as inscri\u00e7\u00f5es do novo concurso SES GO (Secretaria de Estado de Sa\u00fade de Goi\u00e1s) com oferta de 50 vagas imediatas. Os interessados na sele\u00e7\u00e3o puderam se candidatar at\u00e9 o dia 21 de abril, no site da banca organizadora, IADES, ao custo de R$ 160,00. [&hellip;]<\/p>\n","protected":false},"author":2134,"featured_media":1707368,"comment_status":"open","ping_status":"closed","sticky":false,"template":"","format":"standard","meta":{"post_tipo":"news_page","footnotes":""},"categories":[1981],"tags":[],"tax_estado":[219972],"class_list":["post-1707222","post","type-post","status-publish","format-standard","has-post-thumbnail","hentry","category-saude","tax_estado-go"],"acf":[],"yoast_head":"<!-- This site is optimized with the Yoast SEO Premium plugin v27.2 (Yoast SEO v27.2) - https:\/\/yoast.com\/product\/yoast-seo-premium-wordpress\/ -->\n<title>Concurso SES GO: inicial de R$ 10,1 mil. Provas em maio!<\/title>\n<meta name=\"description\" content=\"Concurso SES GO oferece 50 vagas de n\u00edvel superior em seu novo edital. Inscri\u00e7\u00f5es encerradas e provas em maio. Confira!\" \/>\n<meta name=\"robots\" content=\"index, follow, max-snippet:-1, max-image-preview:large, max-video-preview:-1\" \/>\n<link rel=\"canonical\" href=\"https:\/\/www.estrategiaconcursos.com.br\/blog\/concurso-ses-go\/\" \/>\n<meta property=\"og:locale\" content=\"pt_BR\" \/>\n<meta property=\"og:type\" content=\"article\" \/>\n<meta property=\"og:title\" content=\"Concurso SES GO: inicial de R$ 10,1 mil. Provas em maio!\" \/>\n<meta property=\"og:description\" content=\"Concurso SES GO oferece 50 vagas de n\u00edvel superior em seu novo edital. Inscri\u00e7\u00f5es encerradas e provas em maio. Confira!\" \/>\n<meta property=\"og:url\" content=\"https:\/\/www.estrategiaconcursos.com.br\/blog\/concurso-ses-go\/\" \/>\n<meta property=\"og:site_name\" content=\"Estrat\u00e9gia Concursos\" \/>\n<meta property=\"article:published_time\" content=\"2026-04-22T10:00:00+00:00\" \/>\n<meta property=\"article:modified_time\" content=\"2026-04-22T11:40:05+00:00\" \/>\n<meta property=\"og:image\" content=\"https:\/\/dhg1h5j42swfq.cloudfront.net\/2026\/01\/29160150\/ses-go.jpg\" \/>\n\t<meta property=\"og:image:width\" content=\"768\" \/>\n\t<meta property=\"og:image:height\" content=\"432\" \/>\n\t<meta property=\"og:image:type\" content=\"image\/jpeg\" \/>\n<meta name=\"author\" content=\"Rafaela Teixeira\" \/>\n<meta name=\"twitter:card\" content=\"summary_large_image\" \/>\n<meta name=\"twitter:creator\" content=\"@EstratConcursos\" \/>\n<meta name=\"twitter:site\" content=\"@EstratConcursos\" \/>\n<meta name=\"twitter:label1\" content=\"Escrito por\" \/>\n\t<meta name=\"twitter:data1\" content=\"Rafaela Teixeira\" \/>\n\t<meta name=\"twitter:label2\" content=\"Est. tempo de leitura\" \/>\n\t<meta name=\"twitter:data2\" content=\"6 minutos\" \/>\n<script type=\"application\/ld+json\" class=\"yoast-schema-graph\">{\"@context\":\"https:\/\/schema.org\",\"@graph\":[{\"@type\":\"NewsArticle\",\"@id\":\"https:\/\/www.estrategiaconcursos.com.br\/blog\/concurso-ses-go\/#article\",\"isPartOf\":{\"@id\":\"https:\/\/www.estrategiaconcursos.com.br\/blog\/concurso-ses-go\/\"},\"author\":{\"name\":\"Rafaela Teixeira\",\"@id\":\"https:\/\/www.estrategiaconcursos.com.br\/blog\/#\/schema\/person\/e75352021ea7f60781c599934f916eb1\"},\"headline\":\"Concurso SES GO: inicial de R$ 10,1 mil. Provas em maio!\",\"datePublished\":\"2026-04-22T10:00:00+00:00\",\"dateModified\":\"2026-04-22T11:40:05+00:00\",\"mainEntityOfPage\":{\"@id\":\"https:\/\/www.estrategiaconcursos.com.br\/blog\/concurso-ses-go\/\"},\"wordCount\":1224,\"commentCount\":0,\"publisher\":{\"@id\":\"https:\/\/www.estrategiaconcursos.com.br\/blog\/#organization\"},\"image\":{\"@id\":\"https:\/\/www.estrategiaconcursos.com.br\/blog\/concurso-ses-go\/#primaryimage\"},\"thumbnailUrl\":\"https:\/\/dhg1h5j42swfq.cloudfront.net\/2026\/01\/29160150\/ses-go.jpg\",\"articleSection\":[\"Sa\u00fade\"],\"inLanguage\":\"pt-BR\",\"potentialAction\":[{\"@type\":\"CommentAction\",\"name\":\"Comment\",\"target\":[\"https:\/\/www.estrategiaconcursos.com.br\/blog\/concurso-ses-go\/#respond\"]}],\"copyrightYear\":\"2026\",\"copyrightHolder\":{\"@id\":\"https:\/\/www.estrategiaconcursos.com.br\/blog\/#organization\"}},{\"@type\":\"WebPage\",\"@id\":\"https:\/\/www.estrategiaconcursos.com.br\/blog\/concurso-ses-go\/\",\"url\":\"https:\/\/www.estrategiaconcursos.com.br\/blog\/concurso-ses-go\/\",\"name\":\"Concurso SES GO: inicial de R$ 10,1 mil. Provas em maio!\",\"isPartOf\":{\"@id\":\"https:\/\/www.estrategiaconcursos.com.br\/blog\/#website\"},\"primaryImageOfPage\":{\"@id\":\"https:\/\/www.estrategiaconcursos.com.br\/blog\/concurso-ses-go\/#primaryimage\"},\"image\":{\"@id\":\"https:\/\/www.estrategiaconcursos.com.br\/blog\/concurso-ses-go\/#primaryimage\"},\"thumbnailUrl\":\"https:\/\/dhg1h5j42swfq.cloudfront.net\/2026\/01\/29160150\/ses-go.jpg\",\"datePublished\":\"2026-04-22T10:00:00+00:00\",\"dateModified\":\"2026-04-22T11:40:05+00:00\",\"description\":\"Concurso SES GO oferece 50 vagas de n\u00edvel superior em seu novo edital. Inscri\u00e7\u00f5es encerradas e provas em maio. Confira!\",\"breadcrumb\":{\"@id\":\"https:\/\/www.estrategiaconcursos.com.br\/blog\/concurso-ses-go\/#breadcrumb\"},\"inLanguage\":\"pt-BR\",\"potentialAction\":[{\"@type\":\"ReadAction\",\"target\":[\"https:\/\/www.estrategiaconcursos.com.br\/blog\/concurso-ses-go\/\"]}]},{\"@type\":\"ImageObject\",\"inLanguage\":\"pt-BR\",\"@id\":\"https:\/\/www.estrategiaconcursos.com.br\/blog\/concurso-ses-go\/#primaryimage\",\"url\":\"https:\/\/dhg1h5j42swfq.cloudfront.net\/2026\/01\/29160150\/ses-go.jpg\",\"contentUrl\":\"https:\/\/dhg1h5j42swfq.cloudfront.net\/2026\/01\/29160150\/ses-go.jpg\",\"width\":768,\"height\":432,\"caption\":\"concurso SES GO\"},{\"@type\":\"BreadcrumbList\",\"@id\":\"https:\/\/www.estrategiaconcursos.com.br\/blog\/concurso-ses-go\/#breadcrumb\",\"itemListElement\":[{\"@type\":\"ListItem\",\"position\":1,\"name\":\"In\u00edcio\",\"item\":\"https:\/\/www.estrategiaconcursos.com.br\/blog\/\"},{\"@type\":\"ListItem\",\"position\":2,\"name\":\"Concurso SES GO: inicial de R$ 10,1 mil. Provas em maio!\"}]},{\"@type\":\"WebSite\",\"@id\":\"https:\/\/www.estrategiaconcursos.com.br\/blog\/#website\",\"url\":\"https:\/\/www.estrategiaconcursos.com.br\/blog\/\",\"name\":\"Estrat\u00e9gia Concursos\",\"description\":\"O blog da Estrat\u00e9gia Concursos traz not\u00edcias sobre concursos e artigos de professores oferecendo cursos para concursos (pdf + videaulas) no site.\",\"publisher\":{\"@id\":\"https:\/\/www.estrategiaconcursos.com.br\/blog\/#organization\"},\"potentialAction\":[{\"@type\":\"SearchAction\",\"target\":{\"@type\":\"EntryPoint\",\"urlTemplate\":\"https:\/\/www.estrategiaconcursos.com.br\/blog\/?s={search_term_string}\"},\"query-input\":{\"@type\":\"PropertyValueSpecification\",\"valueRequired\":true,\"valueName\":\"search_term_string\"}}],\"inLanguage\":\"pt-BR\"},{\"@type\":\"Organization\",\"@id\":\"https:\/\/www.estrategiaconcursos.com.br\/blog\/#organization\",\"name\":\"Estrat\u00e9gia Concursos\",\"url\":\"https:\/\/www.estrategiaconcursos.com.br\/blog\/\",\"logo\":{\"@type\":\"ImageObject\",\"inLanguage\":\"pt-BR\",\"@id\":\"https:\/\/www.estrategiaconcursos.com.br\/blog\/#\/schema\/logo\/image\/\",\"url\":\"https:\/\/dhg1h5j42swfq.cloudfront.net\/2025\/06\/03203428\/logo_concursos-1.jpg\",\"contentUrl\":\"https:\/\/dhg1h5j42swfq.cloudfront.net\/2025\/06\/03203428\/logo_concursos-1.jpg\",\"width\":230,\"height\":60,\"caption\":\"Estrat\u00e9gia Concursos\"},\"image\":{\"@id\":\"https:\/\/www.estrategiaconcursos.com.br\/blog\/#\/schema\/logo\/image\/\"},\"sameAs\":[\"https:\/\/x.com\/EstratConcursos\"]},{\"@type\":\"Person\",\"@id\":\"https:\/\/www.estrategiaconcursos.com.br\/blog\/#\/schema\/person\/e75352021ea7f60781c599934f916eb1\",\"name\":\"Rafaela Teixeira\",\"image\":{\"@type\":\"ImageObject\",\"inLanguage\":\"pt-BR\",\"@id\":\"https:\/\/secure.gravatar.com\/avatar\/8a349a2b22039b1ee88fc06461487c950fd6aa411ea8af8633314b43334ae793?s=96&d=mm&r=g\",\"url\":\"https:\/\/secure.gravatar.com\/avatar\/8a349a2b22039b1ee88fc06461487c950fd6aa411ea8af8633314b43334ae793?s=96&d=mm&r=g\",\"contentUrl\":\"https:\/\/secure.gravatar.com\/avatar\/8a349a2b22039b1ee88fc06461487c950fd6aa411ea8af8633314b43334ae793?s=96&d=mm&r=g\",\"caption\":\"Rafaela Teixeira\"},\"description\":\"Rafaela Teixeira \u00e9 advogada conveniada \u00e0 Defensoria P\u00fablica de S\u00e3o Paulo pela OAB, com experi\u00eancia em reda\u00e7\u00e3o jur\u00eddica e atua\u00e7\u00e3o em institui\u00e7\u00f5es p\u00fablicas, incluindo est\u00e1gio no TRE-SP. Possui mais de 7 anos de experi\u00eancia na produ\u00e7\u00e3o de conte\u00fados voltados ao nicho de concursos p\u00fablicos, com foco em apura\u00e7\u00e3o jornal\u00edstica cont\u00ednua, an\u00e1lise de editais e obten\u00e7\u00e3o de informa\u00e7\u00f5es diretamente junto a \u00f3rg\u00e3os e fontes oficiais. No Blog do Estrat\u00e9gia Concursos, atua como Analista de Conte\u00fado S\u00eanior, respons\u00e1vel pelo jornalismo do per\u00edodo noturno e da madrugada, com atua\u00e7\u00e3o transversal na cobertura de concursos p\u00fablicos, garantindo a continuidade, fluidez e confiabilidade das publica\u00e7\u00f5es e dos bastidores dos certames.\",\"url\":\"https:\/\/www.estrategiaconcursos.com.br\/blog\/author\/rafaela-teixeira\/\"}]}<\/script>\n<!-- \/ Yoast SEO Premium plugin. -->","yoast_head_json":{"title":"Concurso SES GO: inicial de R$ 10,1 mil. Provas em maio!","description":"Concurso SES GO oferece 50 vagas de n\u00edvel superior em seu novo edital. Inscri\u00e7\u00f5es encerradas e provas em maio. Confira!","robots":{"index":"index","follow":"follow","max-snippet":"max-snippet:-1","max-image-preview":"max-image-preview:large","max-video-preview":"max-video-preview:-1"},"canonical":"https:\/\/www.estrategiaconcursos.com.br\/blog\/concurso-ses-go\/","og_locale":"pt_BR","og_type":"article","og_title":"Concurso SES GO: inicial de R$ 10,1 mil. Provas em maio!","og_description":"Concurso SES GO oferece 50 vagas de n\u00edvel superior em seu novo edital. Inscri\u00e7\u00f5es encerradas e provas em maio. Confira!","og_url":"https:\/\/www.estrategiaconcursos.com.br\/blog\/concurso-ses-go\/","og_site_name":"Estrat\u00e9gia Concursos","article_published_time":"2026-04-22T10:00:00+00:00","article_modified_time":"2026-04-22T11:40:05+00:00","og_image":[{"width":768,"height":432,"url":"https:\/\/dhg1h5j42swfq.cloudfront.net\/2026\/01\/29160150\/ses-go.jpg","type":"image\/jpeg"}],"author":"Rafaela Teixeira","twitter_card":"summary_large_image","twitter_creator":"@EstratConcursos","twitter_site":"@EstratConcursos","twitter_misc":{"Escrito por":"Rafaela Teixeira","Est. tempo de leitura":"6 minutos"},"schema":{"@context":"https:\/\/schema.org","@graph":[{"@type":"NewsArticle","@id":"https:\/\/www.estrategiaconcursos.com.br\/blog\/concurso-ses-go\/#article","isPartOf":{"@id":"https:\/\/www.estrategiaconcursos.com.br\/blog\/concurso-ses-go\/"},"author":{"name":"Rafaela Teixeira","@id":"https:\/\/www.estrategiaconcursos.com.br\/blog\/#\/schema\/person\/e75352021ea7f60781c599934f916eb1"},"headline":"Concurso SES GO: inicial de R$ 10,1 mil. Provas em maio!","datePublished":"2026-04-22T10:00:00+00:00","dateModified":"2026-04-22T11:40:05+00:00","mainEntityOfPage":{"@id":"https:\/\/www.estrategiaconcursos.com.br\/blog\/concurso-ses-go\/"},"wordCount":1224,"commentCount":0,"publisher":{"@id":"https:\/\/www.estrategiaconcursos.com.br\/blog\/#organization"},"image":{"@id":"https:\/\/www.estrategiaconcursos.com.br\/blog\/concurso-ses-go\/#primaryimage"},"thumbnailUrl":"https:\/\/dhg1h5j42swfq.cloudfront.net\/2026\/01\/29160150\/ses-go.jpg","articleSection":["Sa\u00fade"],"inLanguage":"pt-BR","potentialAction":[{"@type":"CommentAction","name":"Comment","target":["https:\/\/www.estrategiaconcursos.com.br\/blog\/concurso-ses-go\/#respond"]}],"copyrightYear":"2026","copyrightHolder":{"@id":"https:\/\/www.estrategiaconcursos.com.br\/blog\/#organization"}},{"@type":"WebPage","@id":"https:\/\/www.estrategiaconcursos.com.br\/blog\/concurso-ses-go\/","url":"https:\/\/www.estrategiaconcursos.com.br\/blog\/concurso-ses-go\/","name":"Concurso SES GO: inicial de R$ 10,1 mil. Provas em maio!","isPartOf":{"@id":"https:\/\/www.estrategiaconcursos.com.br\/blog\/#website"},"primaryImageOfPage":{"@id":"https:\/\/www.estrategiaconcursos.com.br\/blog\/concurso-ses-go\/#primaryimage"},"image":{"@id":"https:\/\/www.estrategiaconcursos.com.br\/blog\/concurso-ses-go\/#primaryimage"},"thumbnailUrl":"https:\/\/dhg1h5j42swfq.cloudfront.net\/2026\/01\/29160150\/ses-go.jpg","datePublished":"2026-04-22T10:00:00+00:00","dateModified":"2026-04-22T11:40:05+00:00","description":"Concurso SES GO oferece 50 vagas de n\u00edvel superior em seu novo edital. Inscri\u00e7\u00f5es encerradas e provas em maio. Confira!","breadcrumb":{"@id":"https:\/\/www.estrategiaconcursos.com.br\/blog\/concurso-ses-go\/#breadcrumb"},"inLanguage":"pt-BR","potentialAction":[{"@type":"ReadAction","target":["https:\/\/www.estrategiaconcursos.com.br\/blog\/concurso-ses-go\/"]}]},{"@type":"ImageObject","inLanguage":"pt-BR","@id":"https:\/\/www.estrategiaconcursos.com.br\/blog\/concurso-ses-go\/#primaryimage","url":"https:\/\/dhg1h5j42swfq.cloudfront.net\/2026\/01\/29160150\/ses-go.jpg","contentUrl":"https:\/\/dhg1h5j42swfq.cloudfront.net\/2026\/01\/29160150\/ses-go.jpg","width":768,"height":432,"caption":"concurso SES GO"},{"@type":"BreadcrumbList","@id":"https:\/\/www.estrategiaconcursos.com.br\/blog\/concurso-ses-go\/#breadcrumb","itemListElement":[{"@type":"ListItem","position":1,"name":"In\u00edcio","item":"https:\/\/www.estrategiaconcursos.com.br\/blog\/"},{"@type":"ListItem","position":2,"name":"Concurso SES GO: inicial de R$ 10,1 mil. Provas em maio!"}]},{"@type":"WebSite","@id":"https:\/\/www.estrategiaconcursos.com.br\/blog\/#website","url":"https:\/\/www.estrategiaconcursos.com.br\/blog\/","name":"Estrat\u00e9gia Concursos","description":"O blog da Estrat\u00e9gia Concursos traz not\u00edcias sobre concursos e artigos de professores oferecendo cursos para concursos (pdf + videaulas) no site.","publisher":{"@id":"https:\/\/www.estrategiaconcursos.com.br\/blog\/#organization"},"potentialAction":[{"@type":"SearchAction","target":{"@type":"EntryPoint","urlTemplate":"https:\/\/www.estrategiaconcursos.com.br\/blog\/?s={search_term_string}"},"query-input":{"@type":"PropertyValueSpecification","valueRequired":true,"valueName":"search_term_string"}}],"inLanguage":"pt-BR"},{"@type":"Organization","@id":"https:\/\/www.estrategiaconcursos.com.br\/blog\/#organization","name":"Estrat\u00e9gia Concursos","url":"https:\/\/www.estrategiaconcursos.com.br\/blog\/","logo":{"@type":"ImageObject","inLanguage":"pt-BR","@id":"https:\/\/www.estrategiaconcursos.com.br\/blog\/#\/schema\/logo\/image\/","url":"https:\/\/dhg1h5j42swfq.cloudfront.net\/2025\/06\/03203428\/logo_concursos-1.jpg","contentUrl":"https:\/\/dhg1h5j42swfq.cloudfront.net\/2025\/06\/03203428\/logo_concursos-1.jpg","width":230,"height":60,"caption":"Estrat\u00e9gia Concursos"},"image":{"@id":"https:\/\/www.estrategiaconcursos.com.br\/blog\/#\/schema\/logo\/image\/"},"sameAs":["https:\/\/x.com\/EstratConcursos"]},{"@type":"Person","@id":"https:\/\/www.estrategiaconcursos.com.br\/blog\/#\/schema\/person\/e75352021ea7f60781c599934f916eb1","name":"Rafaela Teixeira","image":{"@type":"ImageObject","inLanguage":"pt-BR","@id":"https:\/\/secure.gravatar.com\/avatar\/8a349a2b22039b1ee88fc06461487c950fd6aa411ea8af8633314b43334ae793?s=96&d=mm&r=g","url":"https:\/\/secure.gravatar.com\/avatar\/8a349a2b22039b1ee88fc06461487c950fd6aa411ea8af8633314b43334ae793?s=96&d=mm&r=g","contentUrl":"https:\/\/secure.gravatar.com\/avatar\/8a349a2b22039b1ee88fc06461487c950fd6aa411ea8af8633314b43334ae793?s=96&d=mm&r=g","caption":"Rafaela Teixeira"},"description":"Rafaela Teixeira \u00e9 advogada conveniada \u00e0 Defensoria P\u00fablica de S\u00e3o Paulo pela OAB, com experi\u00eancia em reda\u00e7\u00e3o jur\u00eddica e atua\u00e7\u00e3o em institui\u00e7\u00f5es p\u00fablicas, incluindo est\u00e1gio no TRE-SP. Possui mais de 7 anos de experi\u00eancia na produ\u00e7\u00e3o de conte\u00fados voltados ao nicho de concursos p\u00fablicos, com foco em apura\u00e7\u00e3o jornal\u00edstica cont\u00ednua, an\u00e1lise de editais e obten\u00e7\u00e3o de informa\u00e7\u00f5es diretamente junto a \u00f3rg\u00e3os e fontes oficiais. No Blog do Estrat\u00e9gia Concursos, atua como Analista de Conte\u00fado S\u00eanior, respons\u00e1vel pelo jornalismo do per\u00edodo noturno e da madrugada, com atua\u00e7\u00e3o transversal na cobertura de concursos p\u00fablicos, garantindo a continuidade, fluidez e confiabilidade das publica\u00e7\u00f5es e dos bastidores dos certames.","url":"https:\/\/www.estrategiaconcursos.com.br\/blog\/author\/rafaela-teixeira\/"}]}},"_links":{"self":[{"href":"https:\/\/www.estrategiaconcursos.com.br\/blog\/wp-json\/wp\/v2\/posts\/1707222","targetHints":{"allow":["GET"]}}],"collection":[{"href":"https:\/\/www.estrategiaconcursos.com.br\/blog\/wp-json\/wp\/v2\/posts"}],"about":[{"href":"https:\/\/www.estrategiaconcursos.com.br\/blog\/wp-json\/wp\/v2\/types\/post"}],"author":[{"embeddable":true,"href":"https:\/\/www.estrategiaconcursos.com.br\/blog\/wp-json\/wp\/v2\/users\/2134"}],"replies":[{"embeddable":true,"href":"https:\/\/www.estrategiaconcursos.com.br\/blog\/wp-json\/wp\/v2\/comments?post=1707222"}],"version-history":[{"count":24,"href":"https:\/\/www.estrategiaconcursos.com.br\/blog\/wp-json\/wp\/v2\/posts\/1707222\/revisions"}],"predecessor-version":[{"id":1756354,"href":"https:\/\/www.estrategiaconcursos.com.br\/blog\/wp-json\/wp\/v2\/posts\/1707222\/revisions\/1756354"}],"wp:featuredmedia":[{"embeddable":true,"href":"https:\/\/www.estrategiaconcursos.com.br\/blog\/wp-json\/wp\/v2\/media\/1707368"}],"wp:attachment":[{"href":"https:\/\/www.estrategiaconcursos.com.br\/blog\/wp-json\/wp\/v2\/media?parent=1707222"}],"wp:term":[{"taxonomy":"category","embeddable":true,"href":"https:\/\/www.estrategiaconcursos.com.br\/blog\/wp-json\/wp\/v2\/categories?post=1707222"},{"taxonomy":"post_tag","embeddable":true,"href":"https:\/\/www.estrategiaconcursos.com.br\/blog\/wp-json\/wp\/v2\/tags?post=1707222"},{"taxonomy":"tax_estado","embeddable":true,"href":"https:\/\/www.estrategiaconcursos.com.br\/blog\/wp-json\/wp\/v2\/tax_estado?post=1707222"}],"curies":[{"name":"wp","href":"https:\/\/api.w.org\/{rel}","templated":true}]}}