{"id":170721,"date":"2019-03-12T06:35:54","date_gmt":"2019-03-12T09:35:54","guid":{"rendered":"https:\/\/www.estrategiaconcursos.com.br\/blog\/?p=170721"},"modified":"2021-01-14T13:34:37","modified_gmt":"2021-01-14T16:34:37","slug":"entrevista-daniel-mendonca-carvalho-aprovado-no-concurso-prf","status":"publish","type":"post","link":"https:\/\/www.estrategiaconcursos.com.br\/blog\/entrevista-daniel-mendonca-carvalho-aprovado-no-concurso-prf\/","title":{"rendered":"ENTREVISTA: Daniel Mendon\u00e7a Carvalho &#8211; Aprovado em 1\u00ba lugar no concurso PRF para o estado do Rio de Janeiro"},"content":{"rendered":"\n<div class=\"wp-block-image\"><figure class=\"alignleft is-resized\"><img loading=\"lazy\" decoding=\"async\" src=\"https:\/\/dhg1h5j42swfq.cloudfront.net\/2019\/03\/11173239\/WhatsApp-Image-2019-03-04-at-13.16.54-1.jpeg\" alt=\"\" class=\"wp-image-170720\" width=\"192\" height=\"192\" srcset=\"https:\/\/dhg1h5j42swfq.cloudfront.net\/2019\/03\/11173239\/WhatsApp-Image-2019-03-04-at-13.16.54-1.jpeg 640w, https:\/\/dhg1h5j42swfq.cloudfront.net\/2019\/03\/11173239\/WhatsApp-Image-2019-03-04-at-13.16.54-1.jpeg 150w, https:\/\/dhg1h5j42swfq.cloudfront.net\/2019\/03\/11173239\/WhatsApp-Image-2019-03-04-at-13.16.54-1.jpeg 300w\" sizes=\"auto, (max-width: 192px) 100vw, 192px\" \/><\/figure><\/div>\n\n\n\n<p class=\"has-text-align-center\"><em><strong>&#8220;N\u00e3o desista! Concurso p\u00fablico \u00e9 10% intelig\u00eancia e 90% persist\u00eancia. Sempre que bater o des\u00e2nimo, pense nos motivos que te fizeram come\u00e7ar a estudar e responda mentalmente a pergunta: o que \u00e9 mais forte, seus motivos para desistir ou os motivos que te fizeram iniciar?&#8221; <\/strong><\/em><\/p>\n\n\n\n<p>Confira nossa entrevista com Daniel Mendon\u00e7a Carvalho, aprovado em 1\u00ba lugar no concurso da Pol\u00edcia Rodovi\u00e1ria Federal para o estado do Rio de Janeiro (provas objetiva e discursiva):  <\/p>\n\n\n\n<p><strong>Estrat\u00e9gia Concursos: Conte-nos um pouco\nsobre voc\u00ea, para que nossos leitores possam te conhecer melhor. Voc\u00ea\n\u00e9 formado em que \u00e1rea? Qual sua idade? De onde voc\u00ea \u00e9? <\/strong>\n<\/p>\n\n\n\n<p><strong>Daniel Mendon\u00e7a Carvalho:<\/strong> tenho\n26 anos e sou formado em Engenharia de Produ\u00e7\u00e3o Automotiva. Sou\nnatural de Volta Redonda-RJ e atualmente moro em Resende, sul do\nestado do Rio de Janeiro.<\/p>\n\n\n\n<p><strong>Estrat\u00e9gia: O que te levou a tomar a\ndecis\u00e3o de come\u00e7ar a estudar para concursos? Porque a \u00e1rea\nPolicial?<\/strong><\/p>\n\n\n\n<p><strong>Daniel: <\/strong>Foram dois os principais\nmotivos: o primeiro motivo foi por maior disponibilidade de tempo e\nqualidade de vida proporcionada pelo servi\u00e7o p\u00fablico em rela\u00e7\u00e3o \u00e0\nind\u00fastria (\u00e1rea em que eu trabalhava); o segundo pela excelente\noferta salarial em compara\u00e7\u00e3o com a iniciativa privada. \n<\/p>\n\n\n\n<p>A escolha pela \u00e1rea policial \u00e9 um desejo antigo, em especial pela PRF, pois \u00e9 uma profiss\u00e3o que n\u00e3o h\u00e1 uma rotina de trabalho. Cada dia algo diferente te espera e sempre trabalhando em favor da popula\u00e7\u00e3o, seja salvando vidas, evitando acidentes ou combatendo o tr\u00e1fico.<\/p>\n\n\n\n<p><strong>Estrat\u00e9gia: Durante sua caminhada como\nconcurseiro, voc\u00ea trabalhava e estudava (como conciliava trabalho e\nestudos?), ou se dedicava inteiramente aos estudos para concurso? <\/strong>\n<\/p>\n\n\n\n<p><strong>Daniel: <\/strong>Antes de iniciar minha caminhada como concurseiro, eu trabalhava como Engenheiro numa empresa em minha cidade, Dessa forma, consegui realizar certas economias. <\/p>\n\n\n\n<p>Em Junho de 2018, com o concurso da PRF na imin\u00eancia de sair, decidi pedir demiss\u00e3o do cargo e me dedicar inteiramente aos estudos. Utilizei das minhas economias para me manter nesse per\u00edodo.<\/p>\n\n\n\n<p><strong>Estrat\u00e9gia:<\/strong> <strong>Quantos e em\nquais concursos j\u00e1 foi aprovado? Qual o \u00faltimo? Em qual cargo e em\nque coloca\u00e7\u00e3o?<\/strong><\/p>\n\n\n\n<p><strong>Daniel: <\/strong>Desde que iniciei meus estudos, o foco foi exclusivamente a PRF. Por\u00e9m estava sempre de olho em oportunidades com edital semelhante na \u00e1rea policial. Foi assim que decidi realizar o concurso da Pol\u00edcia Civil do Paran\u00e1, para o cargo de escriv\u00e3o. A prova ocorreu em novembro de 2018 e consegui a aprova\u00e7\u00e3o em 4\u00ba lugar na prova objetiva concorrendo para as vagas de Curitiba.<\/p>\n\n\n\n<p><strong>Estrat\u00e9gia: Qual foi sua sensa\u00e7\u00e3o ao\nver seu nome na lista dos aprovados\/classificados na primeira fase do\ncertame?<\/strong><\/p>\n\n\n\n<p><strong>Daniel: <\/strong>N\u00e3o me lembro de sensa\u00e7\u00e3o melhor na vida! Muito gratificante quando um sonho \u00e9 realizado atrav\u00e9s de seu pr\u00f3prio esfor\u00e7o. Minha rea\u00e7\u00e3o foi come\u00e7ar a pular, igual a um doido, e com isso acordei a casa toda. Estou escrevendo essa entrevista agora, mas ainda n\u00e3o tenho certeza se a ficha j\u00e1 caiu (risos).<\/p>\n\n\n\n<p><strong>Estrat\u00e9gia: Como era sua vida social\ndurante a prepara\u00e7\u00e3o para concursos? Voc\u00ea sa\u00eda com amigos,\nfam\u00edlia, etc? Ou adotou uma postura radical, abdicando do conv\u00edvio\nsocial?<\/strong><\/p>\n\n\n\n<p><strong>Daniel:<\/strong> Vida social? O que \u00e9 isso? Brincadeiras \u00e0 parte (risos), minha rotina de estudos foi bem puxada. Acordava todos os dias \u00e0s 5h e dormia entre 22h e meia noite. Parava para as necessidades b\u00e1sicas. Geralmente tirava os finais de semana como recompensa para descansar e dar aten\u00e7\u00e3o a minha namorada sen\u00e3o, ela me largava (risos).<\/p>\n\n\n\n<p><strong>Estrat\u00e9gia: Voc\u00ea \u00e9 casado? Tem filhos?\nNamora? Mora com seus pais? Sua fam\u00edlia entendeu e apoiou sua\ncaminhada como concurseiro? Se sim, de que forma? <\/strong>\n<\/p>\n\n\n\n<p><strong>Daniel: <\/strong>Sou solteiro, n\u00e3o tenho\nfilhos e namoro (amor, agora o casamento sai, rs). Meu pai \u00e9\nfalecido, moro com a minha m\u00e3e. Gra\u00e7as a Deus sempre tive o apoio\nda minha fam\u00edlia. Desde o momento que tomei a decis\u00e3o de iniciar os\nestudos, minha m\u00e3e sempre fez de tudo para me deixar o mais\ntranquilo poss\u00edvel para estudar. Ela sempre acreditou que eu seria\naprovado, mais do que eu mesmo acreditava. Devo tudo a ela.<\/p>\n\n\n\n<p><strong>Estrat\u00e9gia: Voc\u00ea acha que vale a pena fazer outros concursos, com foco diferente daquele concurso que \u00e9 realmente seu objetivo maior? <\/strong><\/p>\n\n\n\n<p><strong>Daniel: <\/strong>Eu acredito que o foco\ndeva ser estudar para o concurso que \u00e9 o seu objetivo maior e\naproveitar outros concursos que tenham o edital parecido com o do seu\nobjetivo. A minha opini\u00e3o \u00e9: se voc\u00ea ficar mudando o foco, pode\nacabar se perdendo e n\u00e3o ser aprovado em nenhum deles.<\/p>\n\n\n\n<p><strong>Estrat\u00e9gia: Voc\u00ea estudou por quanto\ntempo direcionado ao concurso que foi aprovado? <\/strong>\n<\/p>\n\n\n\n<p><strong>Daniel: <\/strong>Estudei durante 8 meses\nexclusivamente para a PRF.<\/p>\n\n\n\n<p><strong>Estrat\u00e9gia: Chegou a estudar sem ter\nedital na pra\u00e7a? Durante esse tempo, como voc\u00ea fazia para manter a\ndisciplina nos estudos?<\/strong><\/p>\n\n\n\n<p><strong>Daniel: <\/strong>Sim! Estudei 6 meses sem\nedital publicado, tirando como padr\u00e3o o edital do certame realizado\nem 2013. Para manter minha disciplina, eu montei meu pr\u00f3prio\ncronograma de estudos, seguindo-o a risca para manter o foco e\nfinalizar minha meta di\u00e1ria de acordo com o planejado.<\/p>\n\n\n\n<p><strong>Estrat\u00e9gia: Que materiais voc\u00ea usou em\nsua prepara\u00e7\u00e3o para o concurso? Aulas presenciais, telepresenciais,\nlivros, cursos em PDF, videoaulas? Quais foram as principais\nvantagens e desvantagens de cada um?<\/strong><\/p>\n\n\n\n<p><strong>Daniel: <\/strong>Sempre preferi estudar em casa a aulas presenciais. Nesse sentido, o Estrat\u00e9gia caiu como uma luva. Eu estudei exclusivamente pelos materiais do Estrat\u00e9gia: foi um mix de videoaulas, PDF\u2019s e muitas quest\u00f5es. No in\u00edcio, como nunca havia estudado para concursos, assisti muitas videoaulas para ter uma primeira no\u00e7\u00e3o do conte\u00fado. Depois o foco maior foi na leitura de PDF\u2019s e resolu\u00e7\u00e3o de exerc\u00edcios.<\/p>\n\n\n\n<p>A vantagem da videoaula \u00e9 que ela te d\u00e1 um\nentendimento inicial da mat\u00e9ria, te situando melhor em rela\u00e7\u00e3o ao\nconte\u00fado, mostrando os pontos mais importantes. Por\u00e9m, a\ndesvantagem \u00e9 que consome muito tempo para minimizar isso. Eu\ncostumava sempre assistir as aulas na velocidade 2x. Em\ncontrapartida, o PDF tem a vantagem de ser muito mais completo. Dessa\nforma, passar o dia todo lendo me cansava a vista. Era por essa raz\u00e3o\nque eu gostava de intercalar com as videoaulas.<\/p>\n\n\n\n<p><strong>Estrat\u00e9gia: Como conheceu o Estrat\u00e9gia\nConcursos? <\/strong>\n<\/p>\n\n\n\n<p><strong>Daniel: <\/strong>Conheci o Estrat\u00e9gia atrav\u00e9s de um grande amigo, que tamb\u00e9m estava estudando para PRF. Adquiri o material e n\u00e3o troco por nenhum outro.<\/p>\n\n\n\n<p><strong>Estrat\u00e9gia:<\/strong> <strong>Uma das principais dificuldades de todo o concursando \u00e9 a quantidade de assuntos que devem ser memorizados. Como voc\u00ea fez para estudar todo o conte\u00fado do concurso? Falando de modo mais espec\u00edfico: voc\u00ea estudava v\u00e1rias mat\u00e9rias ao mesmo tempo? Quantas? Costumava fazer resumos? Focava mais em exerc\u00edcios, ou na leitura e releitura da teoria? Como montou seu plano de estudos? Quantas horas por dia costumava estudar?<\/strong><\/p>\n\n\n\n<p><strong>Daniel: <\/strong>Eu mesmo montei meu plano de estudos. Estudava, em m\u00e9dia, 5 mat\u00e9rias por vez. Conforme passava pelos conte\u00fados, fazia ciclos de revis\u00e3o atrav\u00e9s de resumos e exerc\u00edcios. Por conta disso, as mat\u00e9rias aumentavam e geravam um novo plano de estudo. Minha rotina di\u00e1ria era entre 12 e 15h l\u00edquidas de estudo.<\/p>\n\n\n\n<p><strong>Estrat\u00e9gia: Voc\u00ea tinha mais dificuldades\nem alguma(s) disciplina(s)? Quais? Como voc\u00ea fez para superar estas\ndificuldades?<\/strong><\/p>\n\n\n\n<p><strong>Daniel:<\/strong> N\u00e3o sei se posso chamar de dificuldade, mas eu diria que tinha um pouco de preconceito com F\u00edsica, por isso acabei procrastinando um pouco o estudo dessa mat\u00e9ria. Para superar, foi s\u00f3 estudar (risos). Percebi que a dificuldade estava na minha cabe\u00e7a.<\/p>\n\n\n\n<p>Tamb\u00e9m considero Inform\u00e1tica como uma mat\u00e9ria um pouco mais complicada, devido \u00e0 abrang\u00eancia que ela possui.  <\/p>\n\n\n\n<p><strong>Estrat\u00e9gia: A reta final \u00e9 sempre um\nper\u00edodo estressante. Como foi sua rotina de estudos na semana que\nantecedeu a prova? E v\u00e9spera de prova: foi dia de descanso ou dia de\nestudo?<\/strong><\/p>\n\n\n\n<p><strong>Daniel: <\/strong>Minha rotina de estudos\nse manteve. Acordava \u00e0s 5h e dormia entre 22h e meia noite. Tive que\ncortar o final de semana da namorada (risos). A v\u00e9spera de prova foi\nde revis\u00e3o.<\/p>\n\n\n\n<p><strong>Estrat\u00e9gia: No seu concurso, tivemos,\nal\u00e9m das provas objetivas, as provas discursivas. Como foi seu\nestudo para esta importante parte do certame? O que voc\u00ea aconselha?<\/strong><\/p>\n\n\n\n<p><strong>Daniel: <\/strong>Meu conselho \u00e9: N\u00e3o fa\u00e7a o que eu fiz (gargalhadas). Eu acabei dando mais import\u00e2ncia para a prova objetiva e deixei a discursiva um pouco de lado. S\u00f3 peguei para estudar a discursiva faltando 15 dias para prova. Apesar de n\u00e3o ter tirado uma nota ruim (16.64), sei que poderia ter me sa\u00eddo melhor estudando mais.<\/p>\n\n\n\n<p><strong>Estrat\u00e9gia: Como est\u00e1 sendo sua\nprepara\u00e7\u00e3o para o TAF e para as demais etapas? <\/strong>\n<\/p>\n\n\n\n<p><strong>Daniel: <\/strong>Como fui aprovado na\nprova da Pol\u00edcia Civil do Paran\u00e1, venho treinando a parte f\u00edsica\ncom um pouco de anteced\u00eancia. Logo, estou conseguindo executar todos\nos testes exigidos para o TAF da PRF. Em rela\u00e7\u00e3o ao exame\npsicol\u00f3gico, eu n\u00e3o fiz nenhum tipo de prepara\u00e7\u00e3o ainda.<\/p>\n\n\n\n<p><strong>Estrat\u00e9gia: Se voc\u00ea tivesse que apontar\nERROS em sua prepara\u00e7\u00e3o (se \u00e9 que houve), quais seriam? Diga-nos\ntamb\u00e9m quais foram os maiores ACERTOS?<\/strong><\/p>\n\n\n\n<p><strong>Daniel:<\/strong> Meu maior erro &#8211; Estudar discursiva somente pr\u00f3ximo da prova.<\/p>\n\n\n\n<p>Maiores acertos &#8211; Dedicar-me somente aos estudos; montar meu plano de estudos e metas di\u00e1rias; revis\u00f5es por resumos e muitas quest\u00f5es.<\/p>\n\n\n\n<p><strong>Estrat\u00e9gia: O que foi mais dif\u00edcil nessa\ncaminhada rumo \u00e0 aprova\u00e7\u00e3o? Chegou a pensar, por algum momento, em\ndesistir? Se sim, como fez para seguir em frente?<\/strong><\/p>\n\n\n\n<p><strong>Daniel: <\/strong>O mais dif\u00edcil foi me manter sempre motivado. Em v\u00e1rios momentos o cansa\u00e7o bateu. Tinha vontade de largar tudo e desistir, mas a vontade de vencer foi maior. Para ajudar a me motivar eu gostava de assistir v\u00eddeos da PRF, hist\u00f3rias de pessoas que estavam em situa\u00e7\u00f5es mais dif\u00edceis que a minha e mesmo assim venceram. A hist\u00f3ria do Professor Herbert Almeida foi uma delas, perdi a conta de quantas vezes assisti.<\/p>\n\n\n\n<p><strong>Estrat\u00e9gia: Qual foi sua principal\nmotiva\u00e7\u00e3o?<\/strong><\/p>\n\n\n\n<p><strong>Daniel: <\/strong>A minha principal\nmotiva\u00e7\u00e3o foi a vontade de mudar de vida e ajudar a mudar a vida\ndas pessoas com meu trabalho.<\/p>\n\n\n\n<p><strong>Estrat\u00e9gia: Por fim, o que voc\u00ea\naconselharia a algu\u00e9m que est\u00e1 iniciando seus estudos para\nconcurso. Deixe-nos sua mensagem para todos aqueles que um dia\nalmejam chegar aonde voc\u00ea chegou!<\/strong><\/p>\n\n\n\n<p><strong>Daniel:<\/strong> N\u00e3o desista! Concurso p\u00fablico \u00e9 10% intelig\u00eancia e 90% persist\u00eancia. Sempre que bater o des\u00e2nimo, pense nos motivos que te fizeram come\u00e7ar a estudar e responda mentalmente a pergunta: o que \u00e9 mais forte, seus motivos para desistir ou os motivos que te fizeram iniciar?<\/p>\n\n\n\n<p class=\"has-text-align-center has-black-background-color has-background\"><a rel=\"noreferrer noopener\" href=\"https:\/\/www.estrategiaconcursos.com.br\/depoimentos\/\" target=\"_blank\"><strong>Depoimentos de Aprovados<\/strong><\/a><\/p>\n\n\n\n<p class=\"has-text-align-center has-vivid-cyan-blue-background-color has-background\"><a href=\"https:\/\/www.estrategiaconcursos.com.br\/curso\/pacote-completo-p-prf-policial-rodoviario-federal-com-videoaulas-2020\/\/\" target=\"_blank\" rel=\"noreferrer noopener\"><strong>Cursos Online para PRF<\/strong><\/a><\/p>\n\n\n\n<p class=\"has-text-align-center has-luminous-vivid-amber-background-color has-background\"><a href=\"https:\/\/www.estrategiaconcursos.com.br\/blog\/concurso-prf-3\/\"><strong>CONFIRA AQUI o nosso artigo principal com todas as informa\u00e7\u00f5es do Concurso PRF<\/strong><\/a><\/p>\n\n\n\n<p class=\"has-text-align-center\"><em><strong>Foi aprovado e deseja dividir com a gente e com outros concurseiros como foi sua trajet\u00f3ria at\u00e9 a aprova\u00e7\u00e3o?! Mande um e-mail para:&nbsp;<\/strong><\/em><strong>comunicacao@estrategiaconcursos.com.br<\/strong><\/p>\n\n\n\n<p>Abra\u00e7os,<\/p>\n\n\n\n<p>Tha\u00eds Mendes<\/p>\n\n\n<p><!--EndFragment--><\/p>","protected":false},"excerpt":{"rendered":"<p>&#8220;N\u00e3o desista! Concurso p\u00fablico \u00e9 10% intelig\u00eancia e 90% persist\u00eancia. Sempre que bater o des\u00e2nimo, pense nos motivos que te fizeram come\u00e7ar a estudar e responda mentalmente a pergunta: o que \u00e9 mais forte, seus motivos para desistir ou os motivos que te fizeram iniciar?&#8221; Confira nossa entrevista com Daniel Mendon\u00e7a Carvalho, aprovado em 1\u00ba [&hellip;]<\/p>\n","protected":false},"author":1,"featured_media":170722,"comment_status":"open","ping_status":"closed","sticky":false,"template":"","format":"standard","meta":{"post_tipo":"news","footnotes":""},"categories":[1],"tags":[],"tax_estado":[219963],"class_list":["post-170721","post","type-post","status-publish","format-standard","has-post-thumbnail","hentry","category-cursos-e-concursos","tax_estado-concursos-federais"],"acf":[],"yoast_head":"<!-- This site is optimized with the Yoast SEO Premium plugin v27.2 (Yoast SEO v27.2) - https:\/\/yoast.com\/product\/yoast-seo-premium-wordpress\/ -->\n<title>ENTREVISTA: Daniel Mendon\u00e7a Carvalho - Aprovado em 1\u00ba lugar no concurso PRF para o estado do Rio de Janeiro<\/title>\n<meta name=\"description\" content=\"Confira nossa entrevista com Daniel Mendon\u00e7a Carvalho, aprovado em 1\u00ba lugar no concurso Pol\u00edcia Rodovi\u00e1ria Federal para o estado do Rio de Janeiro\" \/>\n<meta name=\"robots\" content=\"index, follow, max-snippet:-1, max-image-preview:large, max-video-preview:-1\" \/>\n<link rel=\"canonical\" href=\"https:\/\/www.estrategiaconcursos.com.br\/blog\/entrevista-daniel-mendonca-carvalho-aprovado-no-concurso-prf\/\" \/>\n<meta property=\"og:locale\" content=\"pt_BR\" \/>\n<meta property=\"og:type\" content=\"article\" \/>\n<meta property=\"og:title\" content=\"ENTREVISTA: Daniel Mendon\u00e7a Carvalho - Aprovado em 1\u00ba lugar no concurso PRF para o estado do Rio de Janeiro\" \/>\n<meta property=\"og:description\" content=\"Confira nossa entrevista com Daniel Mendon\u00e7a Carvalho, aprovado em 1\u00ba lugar no concurso Pol\u00edcia Rodovi\u00e1ria Federal para o estado do Rio de Janeiro\" \/>\n<meta property=\"og:url\" content=\"https:\/\/www.estrategiaconcursos.com.br\/blog\/entrevista-daniel-mendonca-carvalho-aprovado-no-concurso-prf\/\" \/>\n<meta property=\"og:site_name\" content=\"Estrat\u00e9gia Concursos\" \/>\n<meta property=\"article:author\" content=\"https:\/\/www.facebook.com\/EstrategiaConcursos\" \/>\n<meta property=\"article:published_time\" content=\"2019-03-12T09:35:54+00:00\" \/>\n<meta property=\"article:modified_time\" content=\"2021-01-14T16:34:37+00:00\" \/>\n<meta property=\"og:image\" content=\"https:\/\/dhg1h5j42swfq.cloudfront.net\/2019\/03\/11173942\/Daniel-Home.jpeg\" \/>\n\t<meta property=\"og:image:width\" content=\"639\" \/>\n\t<meta property=\"og:image:height\" content=\"343\" \/>\n\t<meta property=\"og:image:type\" content=\"image\/jpeg\" \/>\n<meta name=\"author\" content=\"Coordena\u00e7\u00e3o\" \/>\n<meta name=\"twitter:card\" content=\"summary_large_image\" \/>\n<meta name=\"twitter:creator\" content=\"@EstratConcursos\" \/>\n<meta name=\"twitter:site\" content=\"@EstratConcursos\" \/>\n<meta name=\"twitter:label1\" content=\"Escrito por\" \/>\n\t<meta name=\"twitter:data1\" content=\"Coordena\u00e7\u00e3o\" \/>\n\t<meta name=\"twitter:label2\" content=\"Est. tempo de leitura\" \/>\n\t<meta name=\"twitter:data2\" content=\"9 minutos\" \/>\n<script type=\"application\/ld+json\" class=\"yoast-schema-graph\">{\"@context\":\"https:\/\/schema.org\",\"@graph\":[{\"@type\":\"NewsArticle\",\"@id\":\"https:\/\/www.estrategiaconcursos.com.br\/blog\/entrevista-daniel-mendonca-carvalho-aprovado-no-concurso-prf\/#article\",\"isPartOf\":{\"@id\":\"https:\/\/www.estrategiaconcursos.com.br\/blog\/entrevista-daniel-mendonca-carvalho-aprovado-no-concurso-prf\/\"},\"author\":{\"name\":\"Coordena\u00e7\u00e3o\",\"@id\":\"https:\/\/www.estrategiaconcursos.com.br\/blog\/#\/schema\/person\/b4a388c97673c5f483d72185668afa1f\"},\"headline\":\"ENTREVISTA: Daniel Mendon\u00e7a Carvalho &#8211; Aprovado em 1\u00ba lugar no concurso PRF para o estado do Rio de Janeiro\",\"datePublished\":\"2019-03-12T09:35:54+00:00\",\"dateModified\":\"2021-01-14T16:34:37+00:00\",\"mainEntityOfPage\":{\"@id\":\"https:\/\/www.estrategiaconcursos.com.br\/blog\/entrevista-daniel-mendonca-carvalho-aprovado-no-concurso-prf\/\"},\"wordCount\":1895,\"commentCount\":3,\"publisher\":{\"@id\":\"https:\/\/www.estrategiaconcursos.com.br\/blog\/#organization\"},\"image\":{\"@id\":\"https:\/\/www.estrategiaconcursos.com.br\/blog\/entrevista-daniel-mendonca-carvalho-aprovado-no-concurso-prf\/#primaryimage\"},\"thumbnailUrl\":\"https:\/\/dhg1h5j42swfq.cloudfront.net\/2019\/03\/11173942\/Daniel-Home.jpeg\",\"articleSection\":[\"Concursos P\u00fablicos\"],\"inLanguage\":\"pt-BR\",\"potentialAction\":[{\"@type\":\"CommentAction\",\"name\":\"Comment\",\"target\":[\"https:\/\/www.estrategiaconcursos.com.br\/blog\/entrevista-daniel-mendonca-carvalho-aprovado-no-concurso-prf\/#respond\"]}],\"copyrightYear\":\"2019\",\"copyrightHolder\":{\"@id\":\"https:\/\/www.estrategiaconcursos.com.br\/blog\/#organization\"}},{\"@type\":\"WebPage\",\"@id\":\"https:\/\/www.estrategiaconcursos.com.br\/blog\/entrevista-daniel-mendonca-carvalho-aprovado-no-concurso-prf\/\",\"url\":\"https:\/\/www.estrategiaconcursos.com.br\/blog\/entrevista-daniel-mendonca-carvalho-aprovado-no-concurso-prf\/\",\"name\":\"ENTREVISTA: Daniel Mendon\u00e7a Carvalho - Aprovado em 1\u00ba lugar no concurso PRF para o estado do Rio de Janeiro\",\"isPartOf\":{\"@id\":\"https:\/\/www.estrategiaconcursos.com.br\/blog\/#website\"},\"primaryImageOfPage\":{\"@id\":\"https:\/\/www.estrategiaconcursos.com.br\/blog\/entrevista-daniel-mendonca-carvalho-aprovado-no-concurso-prf\/#primaryimage\"},\"image\":{\"@id\":\"https:\/\/www.estrategiaconcursos.com.br\/blog\/entrevista-daniel-mendonca-carvalho-aprovado-no-concurso-prf\/#primaryimage\"},\"thumbnailUrl\":\"https:\/\/dhg1h5j42swfq.cloudfront.net\/2019\/03\/11173942\/Daniel-Home.jpeg\",\"datePublished\":\"2019-03-12T09:35:54+00:00\",\"dateModified\":\"2021-01-14T16:34:37+00:00\",\"description\":\"Confira nossa entrevista com Daniel Mendon\u00e7a Carvalho, aprovado em 1\u00ba lugar no concurso Pol\u00edcia Rodovi\u00e1ria Federal para o estado do Rio de Janeiro\",\"breadcrumb\":{\"@id\":\"https:\/\/www.estrategiaconcursos.com.br\/blog\/entrevista-daniel-mendonca-carvalho-aprovado-no-concurso-prf\/#breadcrumb\"},\"inLanguage\":\"pt-BR\",\"potentialAction\":[{\"@type\":\"ReadAction\",\"target\":[\"https:\/\/www.estrategiaconcursos.com.br\/blog\/entrevista-daniel-mendonca-carvalho-aprovado-no-concurso-prf\/\"]}]},{\"@type\":\"ImageObject\",\"inLanguage\":\"pt-BR\",\"@id\":\"https:\/\/www.estrategiaconcursos.com.br\/blog\/entrevista-daniel-mendonca-carvalho-aprovado-no-concurso-prf\/#primaryimage\",\"url\":\"https:\/\/dhg1h5j42swfq.cloudfront.net\/2019\/03\/11173942\/Daniel-Home.jpeg\",\"contentUrl\":\"https:\/\/dhg1h5j42swfq.cloudfront.net\/2019\/03\/11173942\/Daniel-Home.jpeg\",\"width\":639,\"height\":343},{\"@type\":\"BreadcrumbList\",\"@id\":\"https:\/\/www.estrategiaconcursos.com.br\/blog\/entrevista-daniel-mendonca-carvalho-aprovado-no-concurso-prf\/#breadcrumb\",\"itemListElement\":[{\"@type\":\"ListItem\",\"position\":1,\"name\":\"In\u00edcio\",\"item\":\"https:\/\/www.estrategiaconcursos.com.br\/blog\/\"},{\"@type\":\"ListItem\",\"position\":2,\"name\":\"ENTREVISTA: Daniel Mendon\u00e7a Carvalho &#8211; Aprovado em 1\u00ba lugar no concurso PRF para o estado do Rio de Janeiro\"}]},{\"@type\":\"WebSite\",\"@id\":\"https:\/\/www.estrategiaconcursos.com.br\/blog\/#website\",\"url\":\"https:\/\/www.estrategiaconcursos.com.br\/blog\/\",\"name\":\"Estrat\u00e9gia Concursos\",\"description\":\"O blog da Estrat\u00e9gia Concursos traz not\u00edcias sobre concursos e artigos de professores oferecendo cursos para concursos (pdf + videaulas) no site.\",\"publisher\":{\"@id\":\"https:\/\/www.estrategiaconcursos.com.br\/blog\/#organization\"},\"potentialAction\":[{\"@type\":\"SearchAction\",\"target\":{\"@type\":\"EntryPoint\",\"urlTemplate\":\"https:\/\/www.estrategiaconcursos.com.br\/blog\/?s={search_term_string}\"},\"query-input\":{\"@type\":\"PropertyValueSpecification\",\"valueRequired\":true,\"valueName\":\"search_term_string\"}}],\"inLanguage\":\"pt-BR\"},{\"@type\":\"Organization\",\"@id\":\"https:\/\/www.estrategiaconcursos.com.br\/blog\/#organization\",\"name\":\"Estrat\u00e9gia Concursos\",\"url\":\"https:\/\/www.estrategiaconcursos.com.br\/blog\/\",\"logo\":{\"@type\":\"ImageObject\",\"inLanguage\":\"pt-BR\",\"@id\":\"https:\/\/www.estrategiaconcursos.com.br\/blog\/#\/schema\/logo\/image\/\",\"url\":\"https:\/\/dhg1h5j42swfq.cloudfront.net\/2025\/06\/03203428\/logo_concursos-1.jpg\",\"contentUrl\":\"https:\/\/dhg1h5j42swfq.cloudfront.net\/2025\/06\/03203428\/logo_concursos-1.jpg\",\"width\":230,\"height\":60,\"caption\":\"Estrat\u00e9gia Concursos\"},\"image\":{\"@id\":\"https:\/\/www.estrategiaconcursos.com.br\/blog\/#\/schema\/logo\/image\/\"},\"sameAs\":[\"https:\/\/x.com\/EstratConcursos\"]},{\"@type\":\"Person\",\"@id\":\"https:\/\/www.estrategiaconcursos.com.br\/blog\/#\/schema\/person\/b4a388c97673c5f483d72185668afa1f\",\"name\":\"Coordena\u00e7\u00e3o\",\"image\":{\"@type\":\"ImageObject\",\"inLanguage\":\"pt-BR\",\"@id\":\"https:\/\/secure.gravatar.com\/avatar\/b720319e4c9a967eb58678d110f4fe35452fc5d5f97b202bac7b8acceb18c6ad?s=96&d=mm&r=g\",\"url\":\"https:\/\/secure.gravatar.com\/avatar\/b720319e4c9a967eb58678d110f4fe35452fc5d5f97b202bac7b8acceb18c6ad?s=96&d=mm&r=g\",\"contentUrl\":\"https:\/\/secure.gravatar.com\/avatar\/b720319e4c9a967eb58678d110f4fe35452fc5d5f97b202bac7b8acceb18c6ad?s=96&d=mm&r=g\",\"caption\":\"Coordena\u00e7\u00e3o\"},\"sameAs\":[\"https:\/\/www.facebook.com\/EstrategiaConcursos\",\"https:\/\/x.com\/EstratConcursos\"],\"url\":\"https:\/\/www.estrategiaconcursos.com.br\/blog\/author\/estrategia2013\/\"}]}<\/script>\n<!-- \/ Yoast SEO Premium plugin. -->","yoast_head_json":{"title":"ENTREVISTA: Daniel Mendon\u00e7a Carvalho - Aprovado em 1\u00ba lugar no concurso PRF para o estado do Rio de Janeiro","description":"Confira nossa entrevista com Daniel Mendon\u00e7a Carvalho, aprovado em 1\u00ba lugar no concurso Pol\u00edcia Rodovi\u00e1ria Federal para o estado do Rio de Janeiro","robots":{"index":"index","follow":"follow","max-snippet":"max-snippet:-1","max-image-preview":"max-image-preview:large","max-video-preview":"max-video-preview:-1"},"canonical":"https:\/\/www.estrategiaconcursos.com.br\/blog\/entrevista-daniel-mendonca-carvalho-aprovado-no-concurso-prf\/","og_locale":"pt_BR","og_type":"article","og_title":"ENTREVISTA: Daniel Mendon\u00e7a Carvalho - Aprovado em 1\u00ba lugar no concurso PRF para o estado do Rio de Janeiro","og_description":"Confira nossa entrevista com Daniel Mendon\u00e7a Carvalho, aprovado em 1\u00ba lugar no concurso Pol\u00edcia Rodovi\u00e1ria Federal para o estado do Rio de Janeiro","og_url":"https:\/\/www.estrategiaconcursos.com.br\/blog\/entrevista-daniel-mendonca-carvalho-aprovado-no-concurso-prf\/","og_site_name":"Estrat\u00e9gia Concursos","article_author":"https:\/\/www.facebook.com\/EstrategiaConcursos","article_published_time":"2019-03-12T09:35:54+00:00","article_modified_time":"2021-01-14T16:34:37+00:00","og_image":[{"width":639,"height":343,"url":"https:\/\/dhg1h5j42swfq.cloudfront.net\/2019\/03\/11173942\/Daniel-Home.jpeg","type":"image\/jpeg"}],"author":"Coordena\u00e7\u00e3o","twitter_card":"summary_large_image","twitter_creator":"@EstratConcursos","twitter_site":"@EstratConcursos","twitter_misc":{"Escrito por":"Coordena\u00e7\u00e3o","Est. tempo de leitura":"9 minutos"},"schema":{"@context":"https:\/\/schema.org","@graph":[{"@type":"NewsArticle","@id":"https:\/\/www.estrategiaconcursos.com.br\/blog\/entrevista-daniel-mendonca-carvalho-aprovado-no-concurso-prf\/#article","isPartOf":{"@id":"https:\/\/www.estrategiaconcursos.com.br\/blog\/entrevista-daniel-mendonca-carvalho-aprovado-no-concurso-prf\/"},"author":{"name":"Coordena\u00e7\u00e3o","@id":"https:\/\/www.estrategiaconcursos.com.br\/blog\/#\/schema\/person\/b4a388c97673c5f483d72185668afa1f"},"headline":"ENTREVISTA: Daniel Mendon\u00e7a Carvalho &#8211; Aprovado em 1\u00ba lugar no concurso PRF para o estado do Rio de Janeiro","datePublished":"2019-03-12T09:35:54+00:00","dateModified":"2021-01-14T16:34:37+00:00","mainEntityOfPage":{"@id":"https:\/\/www.estrategiaconcursos.com.br\/blog\/entrevista-daniel-mendonca-carvalho-aprovado-no-concurso-prf\/"},"wordCount":1895,"commentCount":3,"publisher":{"@id":"https:\/\/www.estrategiaconcursos.com.br\/blog\/#organization"},"image":{"@id":"https:\/\/www.estrategiaconcursos.com.br\/blog\/entrevista-daniel-mendonca-carvalho-aprovado-no-concurso-prf\/#primaryimage"},"thumbnailUrl":"https:\/\/dhg1h5j42swfq.cloudfront.net\/2019\/03\/11173942\/Daniel-Home.jpeg","articleSection":["Concursos P\u00fablicos"],"inLanguage":"pt-BR","potentialAction":[{"@type":"CommentAction","name":"Comment","target":["https:\/\/www.estrategiaconcursos.com.br\/blog\/entrevista-daniel-mendonca-carvalho-aprovado-no-concurso-prf\/#respond"]}],"copyrightYear":"2019","copyrightHolder":{"@id":"https:\/\/www.estrategiaconcursos.com.br\/blog\/#organization"}},{"@type":"WebPage","@id":"https:\/\/www.estrategiaconcursos.com.br\/blog\/entrevista-daniel-mendonca-carvalho-aprovado-no-concurso-prf\/","url":"https:\/\/www.estrategiaconcursos.com.br\/blog\/entrevista-daniel-mendonca-carvalho-aprovado-no-concurso-prf\/","name":"ENTREVISTA: Daniel Mendon\u00e7a Carvalho - Aprovado em 1\u00ba lugar no concurso PRF para o estado do Rio de Janeiro","isPartOf":{"@id":"https:\/\/www.estrategiaconcursos.com.br\/blog\/#website"},"primaryImageOfPage":{"@id":"https:\/\/www.estrategiaconcursos.com.br\/blog\/entrevista-daniel-mendonca-carvalho-aprovado-no-concurso-prf\/#primaryimage"},"image":{"@id":"https:\/\/www.estrategiaconcursos.com.br\/blog\/entrevista-daniel-mendonca-carvalho-aprovado-no-concurso-prf\/#primaryimage"},"thumbnailUrl":"https:\/\/dhg1h5j42swfq.cloudfront.net\/2019\/03\/11173942\/Daniel-Home.jpeg","datePublished":"2019-03-12T09:35:54+00:00","dateModified":"2021-01-14T16:34:37+00:00","description":"Confira nossa entrevista com Daniel Mendon\u00e7a Carvalho, aprovado em 1\u00ba lugar no concurso Pol\u00edcia Rodovi\u00e1ria Federal para o estado do Rio de Janeiro","breadcrumb":{"@id":"https:\/\/www.estrategiaconcursos.com.br\/blog\/entrevista-daniel-mendonca-carvalho-aprovado-no-concurso-prf\/#breadcrumb"},"inLanguage":"pt-BR","potentialAction":[{"@type":"ReadAction","target":["https:\/\/www.estrategiaconcursos.com.br\/blog\/entrevista-daniel-mendonca-carvalho-aprovado-no-concurso-prf\/"]}]},{"@type":"ImageObject","inLanguage":"pt-BR","@id":"https:\/\/www.estrategiaconcursos.com.br\/blog\/entrevista-daniel-mendonca-carvalho-aprovado-no-concurso-prf\/#primaryimage","url":"https:\/\/dhg1h5j42swfq.cloudfront.net\/2019\/03\/11173942\/Daniel-Home.jpeg","contentUrl":"https:\/\/dhg1h5j42swfq.cloudfront.net\/2019\/03\/11173942\/Daniel-Home.jpeg","width":639,"height":343},{"@type":"BreadcrumbList","@id":"https:\/\/www.estrategiaconcursos.com.br\/blog\/entrevista-daniel-mendonca-carvalho-aprovado-no-concurso-prf\/#breadcrumb","itemListElement":[{"@type":"ListItem","position":1,"name":"In\u00edcio","item":"https:\/\/www.estrategiaconcursos.com.br\/blog\/"},{"@type":"ListItem","position":2,"name":"ENTREVISTA: Daniel Mendon\u00e7a Carvalho &#8211; Aprovado em 1\u00ba lugar no concurso PRF para o estado do Rio de Janeiro"}]},{"@type":"WebSite","@id":"https:\/\/www.estrategiaconcursos.com.br\/blog\/#website","url":"https:\/\/www.estrategiaconcursos.com.br\/blog\/","name":"Estrat\u00e9gia Concursos","description":"O blog da Estrat\u00e9gia Concursos traz not\u00edcias sobre concursos e artigos de professores oferecendo cursos para concursos (pdf + videaulas) no site.","publisher":{"@id":"https:\/\/www.estrategiaconcursos.com.br\/blog\/#organization"},"potentialAction":[{"@type":"SearchAction","target":{"@type":"EntryPoint","urlTemplate":"https:\/\/www.estrategiaconcursos.com.br\/blog\/?s={search_term_string}"},"query-input":{"@type":"PropertyValueSpecification","valueRequired":true,"valueName":"search_term_string"}}],"inLanguage":"pt-BR"},{"@type":"Organization","@id":"https:\/\/www.estrategiaconcursos.com.br\/blog\/#organization","name":"Estrat\u00e9gia Concursos","url":"https:\/\/www.estrategiaconcursos.com.br\/blog\/","logo":{"@type":"ImageObject","inLanguage":"pt-BR","@id":"https:\/\/www.estrategiaconcursos.com.br\/blog\/#\/schema\/logo\/image\/","url":"https:\/\/dhg1h5j42swfq.cloudfront.net\/2025\/06\/03203428\/logo_concursos-1.jpg","contentUrl":"https:\/\/dhg1h5j42swfq.cloudfront.net\/2025\/06\/03203428\/logo_concursos-1.jpg","width":230,"height":60,"caption":"Estrat\u00e9gia Concursos"},"image":{"@id":"https:\/\/www.estrategiaconcursos.com.br\/blog\/#\/schema\/logo\/image\/"},"sameAs":["https:\/\/x.com\/EstratConcursos"]},{"@type":"Person","@id":"https:\/\/www.estrategiaconcursos.com.br\/blog\/#\/schema\/person\/b4a388c97673c5f483d72185668afa1f","name":"Coordena\u00e7\u00e3o","image":{"@type":"ImageObject","inLanguage":"pt-BR","@id":"https:\/\/secure.gravatar.com\/avatar\/b720319e4c9a967eb58678d110f4fe35452fc5d5f97b202bac7b8acceb18c6ad?s=96&d=mm&r=g","url":"https:\/\/secure.gravatar.com\/avatar\/b720319e4c9a967eb58678d110f4fe35452fc5d5f97b202bac7b8acceb18c6ad?s=96&d=mm&r=g","contentUrl":"https:\/\/secure.gravatar.com\/avatar\/b720319e4c9a967eb58678d110f4fe35452fc5d5f97b202bac7b8acceb18c6ad?s=96&d=mm&r=g","caption":"Coordena\u00e7\u00e3o"},"sameAs":["https:\/\/www.facebook.com\/EstrategiaConcursos","https:\/\/x.com\/EstratConcursos"],"url":"https:\/\/www.estrategiaconcursos.com.br\/blog\/author\/estrategia2013\/"}]}},"_links":{"self":[{"href":"https:\/\/www.estrategiaconcursos.com.br\/blog\/wp-json\/wp\/v2\/posts\/170721","targetHints":{"allow":["GET"]}}],"collection":[{"href":"https:\/\/www.estrategiaconcursos.com.br\/blog\/wp-json\/wp\/v2\/posts"}],"about":[{"href":"https:\/\/www.estrategiaconcursos.com.br\/blog\/wp-json\/wp\/v2\/types\/post"}],"author":[{"embeddable":true,"href":"https:\/\/www.estrategiaconcursos.com.br\/blog\/wp-json\/wp\/v2\/users\/1"}],"replies":[{"embeddable":true,"href":"https:\/\/www.estrategiaconcursos.com.br\/blog\/wp-json\/wp\/v2\/comments?post=170721"}],"version-history":[{"count":4,"href":"https:\/\/www.estrategiaconcursos.com.br\/blog\/wp-json\/wp\/v2\/posts\/170721\/revisions"}],"predecessor-version":[{"id":650506,"href":"https:\/\/www.estrategiaconcursos.com.br\/blog\/wp-json\/wp\/v2\/posts\/170721\/revisions\/650506"}],"wp:featuredmedia":[{"embeddable":true,"href":"https:\/\/www.estrategiaconcursos.com.br\/blog\/wp-json\/wp\/v2\/media\/170722"}],"wp:attachment":[{"href":"https:\/\/www.estrategiaconcursos.com.br\/blog\/wp-json\/wp\/v2\/media?parent=170721"}],"wp:term":[{"taxonomy":"category","embeddable":true,"href":"https:\/\/www.estrategiaconcursos.com.br\/blog\/wp-json\/wp\/v2\/categories?post=170721"},{"taxonomy":"post_tag","embeddable":true,"href":"https:\/\/www.estrategiaconcursos.com.br\/blog\/wp-json\/wp\/v2\/tags?post=170721"},{"taxonomy":"tax_estado","embeddable":true,"href":"https:\/\/www.estrategiaconcursos.com.br\/blog\/wp-json\/wp\/v2\/tax_estado?post=170721"}],"curies":[{"name":"wp","href":"https:\/\/api.w.org\/{rel}","templated":true}]}}