{"id":1706943,"date":"2026-01-28T21:55:23","date_gmt":"2026-01-29T00:55:23","guid":{"rendered":"https:\/\/www.estrategiaconcursos.com.br\/blog\/?p=1706943"},"modified":"2026-01-28T21:57:11","modified_gmt":"2026-01-29T00:57:11","slug":"concurso-seplad-pa-edital-2026","status":"publish","type":"post","link":"https:\/\/www.estrategiaconcursos.com.br\/blog\/concurso-seplad-pa-edital-2026\/","title":{"rendered":"Concurso Seplad PA: novo edital em 2026; estudos previstos!"},"content":{"rendered":"\n<p style=\"font-size:clamp(16.293px, 1.018rem + ((1vw - 3.2px) * 0.854), 25px);\"><strong><em>Metas para 1\u00ba semestre preveem novo edital do concurso Seplad PA em 2026!<\/em><\/strong><\/p>\n\n\n\n<p>Novidade para os interessados no <strong>concurso<\/strong> da Secretaria de Estado de Planejamento e Administra\u00e7\u00e3o do Par\u00e1 (<strong>SEPLAD PA)!<\/strong><\/p>\n\n\n\n<p>Em decreto governamental que estipula as metas do 1\u00ba semestre de 2026 da Seplad PA, \u00e9 prevista a realiza\u00e7\u00e3o de um Estudo T\u00e9cnico Preliminar (ETP) para a contrata\u00e7\u00e3o de uma banca respons\u00e1vel por um novo edital.<\/p>\n\n\n\n<p>A medida consta no Di\u00e1rio Oficial do Estado desta quarta-feira (28). <em>&#8220;Com o objetivo de atender \u00e0 necessidade p\u00fablica descrita no Documento de Formaliza\u00e7\u00e3o da Demanda&#8221;<\/em>, declara ainda no documento.<\/p>\n\n\n\n<p>>>> <a href=\"https:\/\/dhg1h5j42swfq.cloudfront.net\/2026\/01\/28215627\/sead-pa-1.pdf\" target=\"_blank\" rel=\"noreferrer noopener nofollow\">Confira o documento<\/a><\/p>\n\n\n\n<p>As informa\u00e7\u00f5es sobre o quantitativo de vagas, cargos e sal\u00e1rios a serem contemplados, no entanto, n\u00e3o foram revelados.<\/p>\n\n\n\n<div class=\"container\" id=\"boxes\">\n  <div class=\"row\">\n\n    <div class=\"col-sm\">\n      <div class=\"banner-adm-ec\" id=\"box-assinatura\">\n        <h2 class=\"titulo-assinatura\" style=\"text-align: left;\">Concursos SEPLAD PA<\/h2>\n        <p class=\"subtitulo-assinatura\" style=\"text-align: left;\">Prepara\u00e7\u00e3o completa para os concursos<\/p>\n        <div class=\"box-botao\" style=\"text-align: left;\">\n          <a class=\"btn-assinatura\" target=\"_blank\" href=\"https:\/\/www.estrategiaconcursos.com.br\/cursosPorConcurso\/secretaria-de-estado-de-planejamento-e-administracao-do-para-seplad-pa\/\" role=\"button\" rel=\"noopener noreferrer\">VER CURSOS<\/a>\n        <\/div>\n      <\/div><\/div><\/div><\/div>\n\n\n\n<h2 class=\"wp-block-heading\" id=\"h-ultimo-concurso-seplad-pa-aconteceu-em-2021\">\u00daltimo concurso Seplad PA aconteceu em 2021<\/h2>\n\n\n\n<p>Com vig\u00eancia at\u00e9 mar\u00e7o de 2026, o \u00faltimo edital do concurso Seplad PA aconteceu em 2021, quando foram contempladas 24 vagas para os seguintes cargos:<\/p>\n\n\n\n<figure class=\"wp-block-table is-style-stripes\"><table class=\"has-fixed-layout\"><thead><tr><th class=\"has-text-align-center\" data-align=\"center\">Cargos<\/th><th class=\"has-text-align-center\" data-align=\"center\">Vagas<\/th><th class=\"has-text-align-center\" data-align=\"center\">Escolaridade<\/th><\/tr><\/thead><tbody><tr><td class=\"has-text-align-center\" data-align=\"center\">T\u00e9cnico em Gest\u00e3o P\u00fablica<\/td><td class=\"has-text-align-center\" data-align=\"center\">15<\/td><td class=\"has-text-align-center\" data-align=\"center\">N\u00edvel superior<\/td><\/tr><tr><td class=\"has-text-align-center\" data-align=\"center\">T\u00e9cnico em Gest\u00e3o de Infraestrutura<\/td><td class=\"has-text-align-center\" data-align=\"center\">06<\/td><td class=\"has-text-align-center\" data-align=\"center\">N\u00edvel superior<\/td><\/tr><tr><td class=\"has-text-align-center\" data-align=\"center\">T\u00e9cnico em Gest\u00e3o de Inform\u00e1tica<\/td><td class=\"has-text-align-center\" data-align=\"center\">03<\/td><td class=\"has-text-align-center\" data-align=\"center\">N\u00edvel superior<\/td><\/tr><\/tbody><\/table><\/figure>\n\n\n\n<h2 class=\"wp-block-heading\" id=\"sobre\">Sobre a SEPLAD PA<\/h2>\n\n\n\n<p>A Secretaria de Estado de Planejamento e Coordena\u00e7\u00e3o Geral (Seplan) foi criada em 24 de setembro de 1975, atrav\u00e9s da Lei n\u00b0 4.583, como \u00d3rg\u00e3o Central do Sistema Estadual de Planejamento, que foi institu\u00eddo no mesmo ato. Cabe a SEPLAD as seguintes atividades:<\/p>\n\n\n\n<p>I \u2013 Propor e assegurar a execu\u00e7\u00e3o da Pol\u00edtica Estadual de Planejamento e Desenvolvimento;<br \/>II \u2013 Promover a integra\u00e7\u00e3o intersist\u00eamica na execu\u00e7\u00e3o da Pol\u00edtica de Planejamento e Desenvolvimento do Estado;<br \/>III \u2013 Administrar a atividade de Planejamento governamental, atrav\u00e9s da orienta\u00e7\u00e3o normativa e metodol\u00f3gica \u00e0s Secretarias de Estado, na concep\u00e7\u00e3o e desenvolvimento das respectivas programa\u00e7\u00f5es;<br \/>IV \u2013 Acompanhar, controlar e avaliar de forma sistem\u00e1tica o desempenho das Secretarias, na obten\u00e7\u00e3o dos objetivos consubstanciados em seus planos, programas, projetos e conv\u00eanios interinstitucionais e or\u00e7amentos;<br \/>V \u2013 Orientar os \u00f3rg\u00e3os governamentais na elabora\u00e7\u00e3o de seus or\u00e7amentos anuais, efetuando a consolida\u00e7\u00e3o cr\u00edtica desses or\u00e7amentos no or\u00e7amento do Estado, bem como, o acompanhamento de execu\u00e7\u00e3o or\u00e7ament\u00e1ria;<br \/>VI \u2013 Promover estudos, pesquisas e projetos sociais, econ\u00f4micos e institucionais ligados \u00e0 sua \u00e1rea de atua\u00e7\u00e3o, ou de car\u00e1ter multidisciplinar ou de prioridade especial;<br \/>VII \u2013 Efetuar a pesquisa de dados e informa\u00e7\u00f5es t\u00e9cnicas, sua consolida\u00e7\u00e3o e divulga\u00e7\u00e3o sistem\u00e1tica entre a Secretaria e demais \u00f3rg\u00e3os;<\/p>\n\n\n\n<p class=\"has-text-align-center\"><em>Para ficar por dentro de todas as informa\u00e7\u00f5es sobre o concurso <a href=\"https:\/\/www.seplad.pa.gov.br\/\" target=\"_blank\" rel=\"noreferrer noopener\">Seplad PA<\/a>, que pode ter novo edital em 2026, n\u00e3o deixe de conferir nosso artigo completo sobre a sele\u00e7\u00e3o:<\/em><\/p>\n\n\n\n<p class=\"has-text-align-center has-background has-medium-font-size\" style=\"background-color:#e0e5e7\"><strong><a href=\"https:\/\/www.estrategiaconcursos.com.br\/blog\/concurso-seplad-pa\/\" target=\"_blank\" rel=\"noreferrer noopener\">Mais informa\u00e7\u00f5es do concurso Seplad PA<\/a><\/strong><\/p>\n\n\n\n<hr class=\"wp-block-separator has-alpha-channel-opacity\"\/>\n\n\n\n<h2 class=\"wp-block-heading has-text-align-center\" id=\"cursos\"><em>Quer estudar para o concurso SEPLAD PA?<\/em><\/h2>\n\n\n\n<div class=\"container\" id=\"boxes\">\n  <div class=\"row\">\n\n    <div class=\"col-sm\">\n      <div class=\"banner-adm-ec\" id=\"box-assinatura\">\n        <h2 class=\"titulo-assinatura\" style=\"text-align: left;\">Concursos SEPLAD PA<\/h2>\n        <p class=\"subtitulo-assinatura\" style=\"text-align: left;\">Prepara\u00e7\u00e3o completa para os concursos<\/p>\n        <div class=\"box-botao\" style=\"text-align: left;\">\n          <a class=\"btn-assinatura\" target=\"_blank\" href=\"https:\/\/www.estrategiaconcursos.com.br\/cursosPorConcurso\/secretaria-de-estado-de-planejamento-e-administracao-do-para-seplad-pa\/\" role=\"button\" rel=\"noopener noreferrer\">VER CURSOS<\/a>\n        <\/div>\n      <\/div><\/div><\/div><\/div>\n\n\n\n<div class=\"container\" id=\"boxes\">\n  <div class=\"row\">\n\n    <div class=\"col-sm\">\n      <div class=\"banner-estrat-corj\" id=\"box-assinatura\">\n        <h2 class=\"titulo-assinatura\" style=\"text-align: left;\">Cursos para Concursos<\/h2>\n        <p class=\"subtitulo-assinatura\" style=\"text-align: left;\">Conhe\u00e7a os cursos<\/p>\n        <div class=\"box-botao\" style=\"text-align: left;\">\n          <a class=\"btn-assinatura\" target=\"_blank\" href=\"https:\/\/www.estrategiaconcursos.com.br\/cursos\/concurso\/\" role=\"button\" rel=\"noopener noreferrer\">CLIQUE AQUI<\/a>\n        <\/div>\n      <\/div><\/div><\/div><\/div>\n\n\n\n<h2 class=\"wp-block-heading has-text-align-center\" id=\"h-quer-saber-tudo-sobre-concursos-previstos-confira-nossos-artigos\">Quer saber tudo sobre concursos previstos?<br \/>Confira nossos artigos!<\/h2>\n\n\n\n<ul class=\"wp-block-list\">\n<li><a href=\"https:\/\/www.estrategiaconcursos.com.br\/blog\/concursos-abertos\/\" target=\"_blank\" rel=\"noreferrer noopener\">Concursos Abertos<\/a><\/li>\n\n\n\n<li><a href=\"https:\/\/www.estrategiaconcursos.com.br\/blog\/concursos-2026\/\" target=\"_blank\" rel=\"noreferrer noopener\">Concursos 2026<\/a><\/li>\n<\/ul>\n","protected":false},"excerpt":{"rendered":"<p>Metas para 1\u00ba semestre preveem novo edital do concurso Seplad PA em 2026! Novidade para os interessados no concurso da Secretaria de Estado de Planejamento e Administra\u00e7\u00e3o do Par\u00e1 (SEPLAD PA)! Em decreto governamental que estipula as metas do 1\u00ba semestre de 2026 da Seplad PA, \u00e9 prevista a realiza\u00e7\u00e3o de um Estudo T\u00e9cnico Preliminar [&hellip;]<\/p>\n","protected":false},"author":2692,"featured_media":704513,"comment_status":"open","ping_status":"closed","sticky":false,"template":"","format":"standard","meta":{"post_tipo":"news","footnotes":""},"categories":[214992,220219],"tags":[],"tax_estado":[219977],"class_list":["post-1706943","post","type-post","status-publish","format-standard","has-post-thumbnail","hentry","category-concursos-administrativos","category-noticias","tax_estado-pa"],"acf":[],"yoast_head":"<!-- This site is optimized with the Yoast SEO Premium plugin v27.2 (Yoast SEO v27.2) - https:\/\/yoast.com\/product\/yoast-seo-premium-wordpress\/ -->\n<title>Concurso Seplad PA: novo edital em 2026; estudos previstos!<\/title>\n<meta name=\"description\" content=\"Est\u00e3o previstos novos estudos para a realiza\u00e7\u00e3o de um edital de concurso p\u00fablico em 2026 para a Seplad PA.\" \/>\n<meta name=\"robots\" content=\"index, follow, max-snippet:-1, max-image-preview:large, max-video-preview:-1\" \/>\n<link rel=\"canonical\" href=\"https:\/\/www.estrategiaconcursos.com.br\/blog\/concurso-seplad-pa-edital-2026\/\" \/>\n<meta property=\"og:locale\" content=\"pt_BR\" \/>\n<meta property=\"og:type\" content=\"article\" \/>\n<meta property=\"og:title\" content=\"Concurso Seplad PA: novo edital em 2026; estudos previstos!\" \/>\n<meta property=\"og:description\" content=\"Est\u00e3o previstos novos estudos para a realiza\u00e7\u00e3o de um edital de concurso p\u00fablico em 2026 para a Seplad PA.\" \/>\n<meta property=\"og:url\" content=\"https:\/\/www.estrategiaconcursos.com.br\/blog\/concurso-seplad-pa-edital-2026\/\" \/>\n<meta property=\"og:site_name\" content=\"Estrat\u00e9gia Concursos\" \/>\n<meta property=\"article:published_time\" content=\"2026-01-29T00:55:23+00:00\" \/>\n<meta property=\"article:modified_time\" content=\"2026-01-29T00:57:11+00:00\" \/>\n<meta property=\"og:image\" content=\"https:\/\/dhg1h5j42swfq.cloudfront.net\/2021\/03\/30113709\/seplad-pa.jpg\" \/>\n\t<meta property=\"og:image:width\" content=\"1200\" \/>\n\t<meta property=\"og:image:height\" content=\"628\" \/>\n\t<meta property=\"og:image:type\" content=\"image\/jpeg\" \/>\n<meta name=\"author\" content=\"Ronaldo Scanavini Neto\" \/>\n<meta name=\"twitter:card\" content=\"summary_large_image\" \/>\n<meta name=\"twitter:creator\" content=\"@EstratConcursos\" \/>\n<meta name=\"twitter:site\" content=\"@EstratConcursos\" \/>\n<meta name=\"twitter:label1\" content=\"Escrito por\" \/>\n\t<meta name=\"twitter:data1\" content=\"Ronaldo Scanavini Neto\" \/>\n\t<meta name=\"twitter:label2\" content=\"Est. tempo de leitura\" \/>\n\t<meta name=\"twitter:data2\" content=\"3 minutos\" \/>\n<script type=\"application\/ld+json\" class=\"yoast-schema-graph\">{\"@context\":\"https:\/\/schema.org\",\"@graph\":[{\"@type\":\"NewsArticle\",\"@id\":\"https:\/\/www.estrategiaconcursos.com.br\/blog\/concurso-seplad-pa-edital-2026\/#article\",\"isPartOf\":{\"@id\":\"https:\/\/www.estrategiaconcursos.com.br\/blog\/concurso-seplad-pa-edital-2026\/\"},\"author\":{\"name\":\"Ronaldo Scanavini Neto\",\"@id\":\"https:\/\/www.estrategiaconcursos.com.br\/blog\/#\/schema\/person\/70c2ad4297aa24ff8815b08215b23a76\"},\"headline\":\"Concurso Seplad PA: novo edital em 2026; estudos previstos!\",\"datePublished\":\"2026-01-29T00:55:23+00:00\",\"dateModified\":\"2026-01-29T00:57:11+00:00\",\"mainEntityOfPage\":{\"@id\":\"https:\/\/www.estrategiaconcursos.com.br\/blog\/concurso-seplad-pa-edital-2026\/\"},\"wordCount\":515,\"commentCount\":0,\"publisher\":{\"@id\":\"https:\/\/www.estrategiaconcursos.com.br\/blog\/#organization\"},\"image\":{\"@id\":\"https:\/\/www.estrategiaconcursos.com.br\/blog\/concurso-seplad-pa-edital-2026\/#primaryimage\"},\"thumbnailUrl\":\"https:\/\/dhg1h5j42swfq.cloudfront.net\/2021\/03\/30113709\/seplad-pa.jpg\",\"articleSection\":[\"Executivo (Administrativa)\",\"\u00daltimas not\u00edcias\"],\"inLanguage\":\"pt-BR\",\"potentialAction\":[{\"@type\":\"CommentAction\",\"name\":\"Comment\",\"target\":[\"https:\/\/www.estrategiaconcursos.com.br\/blog\/concurso-seplad-pa-edital-2026\/#respond\"]}],\"copyrightYear\":\"2026\",\"copyrightHolder\":{\"@id\":\"https:\/\/www.estrategiaconcursos.com.br\/blog\/#organization\"}},{\"@type\":\"WebPage\",\"@id\":\"https:\/\/www.estrategiaconcursos.com.br\/blog\/concurso-seplad-pa-edital-2026\/\",\"url\":\"https:\/\/www.estrategiaconcursos.com.br\/blog\/concurso-seplad-pa-edital-2026\/\",\"name\":\"Concurso Seplad PA: novo edital em 2026; estudos previstos!\",\"isPartOf\":{\"@id\":\"https:\/\/www.estrategiaconcursos.com.br\/blog\/#website\"},\"primaryImageOfPage\":{\"@id\":\"https:\/\/www.estrategiaconcursos.com.br\/blog\/concurso-seplad-pa-edital-2026\/#primaryimage\"},\"image\":{\"@id\":\"https:\/\/www.estrategiaconcursos.com.br\/blog\/concurso-seplad-pa-edital-2026\/#primaryimage\"},\"thumbnailUrl\":\"https:\/\/dhg1h5j42swfq.cloudfront.net\/2021\/03\/30113709\/seplad-pa.jpg\",\"datePublished\":\"2026-01-29T00:55:23+00:00\",\"dateModified\":\"2026-01-29T00:57:11+00:00\",\"description\":\"Est\u00e3o previstos novos estudos para a realiza\u00e7\u00e3o de um edital de concurso p\u00fablico em 2026 para a Seplad PA.\",\"breadcrumb\":{\"@id\":\"https:\/\/www.estrategiaconcursos.com.br\/blog\/concurso-seplad-pa-edital-2026\/#breadcrumb\"},\"inLanguage\":\"pt-BR\",\"potentialAction\":[{\"@type\":\"ReadAction\",\"target\":[\"https:\/\/www.estrategiaconcursos.com.br\/blog\/concurso-seplad-pa-edital-2026\/\"]}]},{\"@type\":\"ImageObject\",\"inLanguage\":\"pt-BR\",\"@id\":\"https:\/\/www.estrategiaconcursos.com.br\/blog\/concurso-seplad-pa-edital-2026\/#primaryimage\",\"url\":\"https:\/\/dhg1h5j42swfq.cloudfront.net\/2021\/03\/30113709\/seplad-pa.jpg\",\"contentUrl\":\"https:\/\/dhg1h5j42swfq.cloudfront.net\/2021\/03\/30113709\/seplad-pa.jpg\",\"width\":1200,\"height\":628,\"caption\":\"Concurso SEPLAD PA t\u00edtulos\"},{\"@type\":\"BreadcrumbList\",\"@id\":\"https:\/\/www.estrategiaconcursos.com.br\/blog\/concurso-seplad-pa-edital-2026\/#breadcrumb\",\"itemListElement\":[{\"@type\":\"ListItem\",\"position\":1,\"name\":\"In\u00edcio\",\"item\":\"https:\/\/www.estrategiaconcursos.com.br\/blog\/\"},{\"@type\":\"ListItem\",\"position\":2,\"name\":\"Concurso Seplad PA: novo edital em 2026; estudos previstos!\"}]},{\"@type\":\"WebSite\",\"@id\":\"https:\/\/www.estrategiaconcursos.com.br\/blog\/#website\",\"url\":\"https:\/\/www.estrategiaconcursos.com.br\/blog\/\",\"name\":\"Estrat\u00e9gia Concursos\",\"description\":\"O blog da Estrat\u00e9gia Concursos traz not\u00edcias sobre concursos e artigos de professores oferecendo cursos para concursos (pdf + videaulas) no site.\",\"publisher\":{\"@id\":\"https:\/\/www.estrategiaconcursos.com.br\/blog\/#organization\"},\"potentialAction\":[{\"@type\":\"SearchAction\",\"target\":{\"@type\":\"EntryPoint\",\"urlTemplate\":\"https:\/\/www.estrategiaconcursos.com.br\/blog\/?s={search_term_string}\"},\"query-input\":{\"@type\":\"PropertyValueSpecification\",\"valueRequired\":true,\"valueName\":\"search_term_string\"}}],\"inLanguage\":\"pt-BR\"},{\"@type\":\"Organization\",\"@id\":\"https:\/\/www.estrategiaconcursos.com.br\/blog\/#organization\",\"name\":\"Estrat\u00e9gia Concursos\",\"url\":\"https:\/\/www.estrategiaconcursos.com.br\/blog\/\",\"logo\":{\"@type\":\"ImageObject\",\"inLanguage\":\"pt-BR\",\"@id\":\"https:\/\/www.estrategiaconcursos.com.br\/blog\/#\/schema\/logo\/image\/\",\"url\":\"https:\/\/dhg1h5j42swfq.cloudfront.net\/2025\/06\/03203428\/logo_concursos-1.jpg\",\"contentUrl\":\"https:\/\/dhg1h5j42swfq.cloudfront.net\/2025\/06\/03203428\/logo_concursos-1.jpg\",\"width\":230,\"height\":60,\"caption\":\"Estrat\u00e9gia Concursos\"},\"image\":{\"@id\":\"https:\/\/www.estrategiaconcursos.com.br\/blog\/#\/schema\/logo\/image\/\"},\"sameAs\":[\"https:\/\/x.com\/EstratConcursos\"]},{\"@type\":\"Person\",\"@id\":\"https:\/\/www.estrategiaconcursos.com.br\/blog\/#\/schema\/person\/70c2ad4297aa24ff8815b08215b23a76\",\"name\":\"Ronaldo Scanavini Neto\",\"image\":{\"@type\":\"ImageObject\",\"inLanguage\":\"pt-BR\",\"@id\":\"https:\/\/secure.gravatar.com\/avatar\/f93d8e56fe264596e94aee6b3feb737d98ad0fc5bac7eb0a245f04723c5c8f21?s=96&d=mm&r=g\",\"url\":\"https:\/\/secure.gravatar.com\/avatar\/f93d8e56fe264596e94aee6b3feb737d98ad0fc5bac7eb0a245f04723c5c8f21?s=96&d=mm&r=g\",\"contentUrl\":\"https:\/\/secure.gravatar.com\/avatar\/f93d8e56fe264596e94aee6b3feb737d98ad0fc5bac7eb0a245f04723c5c8f21?s=96&d=mm&r=g\",\"caption\":\"Ronaldo Scanavini Neto\"},\"description\":\"Graduando em Comunica\u00e7\u00e3o Social \u2013 Jornalismo pela Universidade Federal de Vi\u00e7osa (UFV). Integra a equipe de jornalismo do Estrat\u00e9gia Concursos desde 2023, atuando com \u00eanfase na cobertura da \u00e1rea fiscal. Tamb\u00e9m realiza a apura\u00e7\u00e3o e produ\u00e7\u00e3o de not\u00edcias sobre concursos federais, \u00f3rg\u00e3os participantes do CNU e das \u00e1reas de controle, gest\u00e3o, engenharia, Exame CFC, comunica\u00e7\u00e3o social TI e \u00e1rea de concursos administrativos.\",\"url\":\"https:\/\/www.estrategiaconcursos.com.br\/blog\/author\/ronaldo-netoestrategia-com\/\"}]}<\/script>\n<!-- \/ Yoast SEO Premium plugin. -->","yoast_head_json":{"title":"Concurso Seplad PA: novo edital em 2026; estudos previstos!","description":"Est\u00e3o previstos novos estudos para a realiza\u00e7\u00e3o de um edital de concurso p\u00fablico em 2026 para a Seplad PA.","robots":{"index":"index","follow":"follow","max-snippet":"max-snippet:-1","max-image-preview":"max-image-preview:large","max-video-preview":"max-video-preview:-1"},"canonical":"https:\/\/www.estrategiaconcursos.com.br\/blog\/concurso-seplad-pa-edital-2026\/","og_locale":"pt_BR","og_type":"article","og_title":"Concurso Seplad PA: novo edital em 2026; estudos previstos!","og_description":"Est\u00e3o previstos novos estudos para a realiza\u00e7\u00e3o de um edital de concurso p\u00fablico em 2026 para a Seplad PA.","og_url":"https:\/\/www.estrategiaconcursos.com.br\/blog\/concurso-seplad-pa-edital-2026\/","og_site_name":"Estrat\u00e9gia Concursos","article_published_time":"2026-01-29T00:55:23+00:00","article_modified_time":"2026-01-29T00:57:11+00:00","og_image":[{"width":1200,"height":628,"url":"https:\/\/dhg1h5j42swfq.cloudfront.net\/2021\/03\/30113709\/seplad-pa.jpg","type":"image\/jpeg"}],"author":"Ronaldo Scanavini Neto","twitter_card":"summary_large_image","twitter_creator":"@EstratConcursos","twitter_site":"@EstratConcursos","twitter_misc":{"Escrito por":"Ronaldo Scanavini Neto","Est. tempo de leitura":"3 minutos"},"schema":{"@context":"https:\/\/schema.org","@graph":[{"@type":"NewsArticle","@id":"https:\/\/www.estrategiaconcursos.com.br\/blog\/concurso-seplad-pa-edital-2026\/#article","isPartOf":{"@id":"https:\/\/www.estrategiaconcursos.com.br\/blog\/concurso-seplad-pa-edital-2026\/"},"author":{"name":"Ronaldo Scanavini Neto","@id":"https:\/\/www.estrategiaconcursos.com.br\/blog\/#\/schema\/person\/70c2ad4297aa24ff8815b08215b23a76"},"headline":"Concurso Seplad PA: novo edital em 2026; estudos previstos!","datePublished":"2026-01-29T00:55:23+00:00","dateModified":"2026-01-29T00:57:11+00:00","mainEntityOfPage":{"@id":"https:\/\/www.estrategiaconcursos.com.br\/blog\/concurso-seplad-pa-edital-2026\/"},"wordCount":515,"commentCount":0,"publisher":{"@id":"https:\/\/www.estrategiaconcursos.com.br\/blog\/#organization"},"image":{"@id":"https:\/\/www.estrategiaconcursos.com.br\/blog\/concurso-seplad-pa-edital-2026\/#primaryimage"},"thumbnailUrl":"https:\/\/dhg1h5j42swfq.cloudfront.net\/2021\/03\/30113709\/seplad-pa.jpg","articleSection":["Executivo (Administrativa)","\u00daltimas not\u00edcias"],"inLanguage":"pt-BR","potentialAction":[{"@type":"CommentAction","name":"Comment","target":["https:\/\/www.estrategiaconcursos.com.br\/blog\/concurso-seplad-pa-edital-2026\/#respond"]}],"copyrightYear":"2026","copyrightHolder":{"@id":"https:\/\/www.estrategiaconcursos.com.br\/blog\/#organization"}},{"@type":"WebPage","@id":"https:\/\/www.estrategiaconcursos.com.br\/blog\/concurso-seplad-pa-edital-2026\/","url":"https:\/\/www.estrategiaconcursos.com.br\/blog\/concurso-seplad-pa-edital-2026\/","name":"Concurso Seplad PA: novo edital em 2026; estudos previstos!","isPartOf":{"@id":"https:\/\/www.estrategiaconcursos.com.br\/blog\/#website"},"primaryImageOfPage":{"@id":"https:\/\/www.estrategiaconcursos.com.br\/blog\/concurso-seplad-pa-edital-2026\/#primaryimage"},"image":{"@id":"https:\/\/www.estrategiaconcursos.com.br\/blog\/concurso-seplad-pa-edital-2026\/#primaryimage"},"thumbnailUrl":"https:\/\/dhg1h5j42swfq.cloudfront.net\/2021\/03\/30113709\/seplad-pa.jpg","datePublished":"2026-01-29T00:55:23+00:00","dateModified":"2026-01-29T00:57:11+00:00","description":"Est\u00e3o previstos novos estudos para a realiza\u00e7\u00e3o de um edital de concurso p\u00fablico em 2026 para a Seplad PA.","breadcrumb":{"@id":"https:\/\/www.estrategiaconcursos.com.br\/blog\/concurso-seplad-pa-edital-2026\/#breadcrumb"},"inLanguage":"pt-BR","potentialAction":[{"@type":"ReadAction","target":["https:\/\/www.estrategiaconcursos.com.br\/blog\/concurso-seplad-pa-edital-2026\/"]}]},{"@type":"ImageObject","inLanguage":"pt-BR","@id":"https:\/\/www.estrategiaconcursos.com.br\/blog\/concurso-seplad-pa-edital-2026\/#primaryimage","url":"https:\/\/dhg1h5j42swfq.cloudfront.net\/2021\/03\/30113709\/seplad-pa.jpg","contentUrl":"https:\/\/dhg1h5j42swfq.cloudfront.net\/2021\/03\/30113709\/seplad-pa.jpg","width":1200,"height":628,"caption":"Concurso SEPLAD PA t\u00edtulos"},{"@type":"BreadcrumbList","@id":"https:\/\/www.estrategiaconcursos.com.br\/blog\/concurso-seplad-pa-edital-2026\/#breadcrumb","itemListElement":[{"@type":"ListItem","position":1,"name":"In\u00edcio","item":"https:\/\/www.estrategiaconcursos.com.br\/blog\/"},{"@type":"ListItem","position":2,"name":"Concurso Seplad PA: novo edital em 2026; estudos previstos!"}]},{"@type":"WebSite","@id":"https:\/\/www.estrategiaconcursos.com.br\/blog\/#website","url":"https:\/\/www.estrategiaconcursos.com.br\/blog\/","name":"Estrat\u00e9gia Concursos","description":"O blog da Estrat\u00e9gia Concursos traz not\u00edcias sobre concursos e artigos de professores oferecendo cursos para concursos (pdf + videaulas) no site.","publisher":{"@id":"https:\/\/www.estrategiaconcursos.com.br\/blog\/#organization"},"potentialAction":[{"@type":"SearchAction","target":{"@type":"EntryPoint","urlTemplate":"https:\/\/www.estrategiaconcursos.com.br\/blog\/?s={search_term_string}"},"query-input":{"@type":"PropertyValueSpecification","valueRequired":true,"valueName":"search_term_string"}}],"inLanguage":"pt-BR"},{"@type":"Organization","@id":"https:\/\/www.estrategiaconcursos.com.br\/blog\/#organization","name":"Estrat\u00e9gia Concursos","url":"https:\/\/www.estrategiaconcursos.com.br\/blog\/","logo":{"@type":"ImageObject","inLanguage":"pt-BR","@id":"https:\/\/www.estrategiaconcursos.com.br\/blog\/#\/schema\/logo\/image\/","url":"https:\/\/dhg1h5j42swfq.cloudfront.net\/2025\/06\/03203428\/logo_concursos-1.jpg","contentUrl":"https:\/\/dhg1h5j42swfq.cloudfront.net\/2025\/06\/03203428\/logo_concursos-1.jpg","width":230,"height":60,"caption":"Estrat\u00e9gia Concursos"},"image":{"@id":"https:\/\/www.estrategiaconcursos.com.br\/blog\/#\/schema\/logo\/image\/"},"sameAs":["https:\/\/x.com\/EstratConcursos"]},{"@type":"Person","@id":"https:\/\/www.estrategiaconcursos.com.br\/blog\/#\/schema\/person\/70c2ad4297aa24ff8815b08215b23a76","name":"Ronaldo Scanavini Neto","image":{"@type":"ImageObject","inLanguage":"pt-BR","@id":"https:\/\/secure.gravatar.com\/avatar\/f93d8e56fe264596e94aee6b3feb737d98ad0fc5bac7eb0a245f04723c5c8f21?s=96&d=mm&r=g","url":"https:\/\/secure.gravatar.com\/avatar\/f93d8e56fe264596e94aee6b3feb737d98ad0fc5bac7eb0a245f04723c5c8f21?s=96&d=mm&r=g","contentUrl":"https:\/\/secure.gravatar.com\/avatar\/f93d8e56fe264596e94aee6b3feb737d98ad0fc5bac7eb0a245f04723c5c8f21?s=96&d=mm&r=g","caption":"Ronaldo Scanavini Neto"},"description":"Graduando em Comunica\u00e7\u00e3o Social \u2013 Jornalismo pela Universidade Federal de Vi\u00e7osa (UFV). Integra a equipe de jornalismo do Estrat\u00e9gia Concursos desde 2023, atuando com \u00eanfase na cobertura da \u00e1rea fiscal. Tamb\u00e9m realiza a apura\u00e7\u00e3o e produ\u00e7\u00e3o de not\u00edcias sobre concursos federais, \u00f3rg\u00e3os participantes do CNU e das \u00e1reas de controle, gest\u00e3o, engenharia, Exame CFC, comunica\u00e7\u00e3o social TI e \u00e1rea de concursos administrativos.","url":"https:\/\/www.estrategiaconcursos.com.br\/blog\/author\/ronaldo-netoestrategia-com\/"}]}},"_links":{"self":[{"href":"https:\/\/www.estrategiaconcursos.com.br\/blog\/wp-json\/wp\/v2\/posts\/1706943","targetHints":{"allow":["GET"]}}],"collection":[{"href":"https:\/\/www.estrategiaconcursos.com.br\/blog\/wp-json\/wp\/v2\/posts"}],"about":[{"href":"https:\/\/www.estrategiaconcursos.com.br\/blog\/wp-json\/wp\/v2\/types\/post"}],"author":[{"embeddable":true,"href":"https:\/\/www.estrategiaconcursos.com.br\/blog\/wp-json\/wp\/v2\/users\/2692"}],"replies":[{"embeddable":true,"href":"https:\/\/www.estrategiaconcursos.com.br\/blog\/wp-json\/wp\/v2\/comments?post=1706943"}],"version-history":[{"count":6,"href":"https:\/\/www.estrategiaconcursos.com.br\/blog\/wp-json\/wp\/v2\/posts\/1706943\/revisions"}],"predecessor-version":[{"id":1706953,"href":"https:\/\/www.estrategiaconcursos.com.br\/blog\/wp-json\/wp\/v2\/posts\/1706943\/revisions\/1706953"}],"wp:featuredmedia":[{"embeddable":true,"href":"https:\/\/www.estrategiaconcursos.com.br\/blog\/wp-json\/wp\/v2\/media\/704513"}],"wp:attachment":[{"href":"https:\/\/www.estrategiaconcursos.com.br\/blog\/wp-json\/wp\/v2\/media?parent=1706943"}],"wp:term":[{"taxonomy":"category","embeddable":true,"href":"https:\/\/www.estrategiaconcursos.com.br\/blog\/wp-json\/wp\/v2\/categories?post=1706943"},{"taxonomy":"post_tag","embeddable":true,"href":"https:\/\/www.estrategiaconcursos.com.br\/blog\/wp-json\/wp\/v2\/tags?post=1706943"},{"taxonomy":"tax_estado","embeddable":true,"href":"https:\/\/www.estrategiaconcursos.com.br\/blog\/wp-json\/wp\/v2\/tax_estado?post=1706943"}],"curies":[{"name":"wp","href":"https:\/\/api.w.org\/{rel}","templated":true}]}}