{"id":1706888,"date":"2026-01-28T19:33:03","date_gmt":"2026-01-28T22:33:03","guid":{"rendered":"https:\/\/www.estrategiaconcursos.com.br\/blog\/?p=1706888"},"modified":"2026-01-28T19:59:28","modified_gmt":"2026-01-28T22:59:28","slug":"concurso-tj-sc-detalhes-novo-edital","status":"publish","type":"post","link":"https:\/\/www.estrategiaconcursos.com.br\/blog\/concurso-tj-sc-detalhes-novo-edital\/","title":{"rendered":"Concurso TJ SC: veja detalhes do contrato com a FGV"},"content":{"rendered":"\n<p class=\"has-medium-font-size\"><strong><em>Contrato com a banca FGV trouxe detalhes acerca do novo concurso TJ SC; veja tudo neste artigo!<\/em><\/strong><\/p>\n\n\n\n<details class='resumo-estrategia-noticias'> <summary>Resumo da not\u00edcia<\/summary> <div class='content'> <ul> <li>O novo concurso TJ SC ter\u00e1 edital publicado em breve com oferta de vagas para diversos cargos de n\u00edveis m\u00e9dio e superior.<\/li> <li>A banca organizadora do certame j\u00e1 foi definida, sendo a Funda\u00e7\u00e3o Get\u00falio Vargas respons\u00e1vel pela execu\u00e7\u00e3o das provas.<\/li> <li>As oportunidades contemplam sal\u00e1rios iniciais entre R$ 6.034,81 a R$ 10.388,29.<\/li> <\/ul> <\/div> <\/details>\n\n\n\n<p>A equipe de jornalismo do Estrat\u00e9gia Concursos obteve acesso ao contrato com a FGV, banca organizadora do novo concurso <strong>TJ SC<\/strong> (<a href=\"https:\/\/www.estrategiaconcursos.com.br\/cursosPorConcurso\/tribunal-de-justica-de-santa-catarina-tj-sc\/\" target=\"_blank\" rel=\"noreferrer noopener\">Tribunal de Justi\u00e7a de Santa Catarina<\/a>).<\/p>\n\n\n\n<p>O documento trouxe detalhes importantes sobre a sele\u00e7\u00e3o, como distribui\u00e7\u00e3o das vagas, especialidades, requisitos dos cargos e etapas de provas.<\/p>\n\n\n\n<p>Ademais, \u00e9 importante ressaltar que o contrato foi assinado no dia 26 de janeiro, o que indica que o edital pode ser publicado a qualquer momento.<\/p>\n\n\n\n<div class=\"container\" id=\"boxes\">\n  <div class=\"row\">\n\n    <div class=\"col-sm\">\n      <div class=\"banner-tribunal\" id=\"box-assinatura\">\n        <h3 class=\"titulo-assinatura\">Curso TJ SC<\/h3>\n        <p class=\"subtitulo-assinatura\">Conhe\u00e7a os cursos<\/p>\n        <div class=\"box-botao\">\n          <a class=\"btn-assinatura\" target=\"_blank\" href=\"https:\/\/www.estrategiaconcursos.com.br\/cursosPorConcurso\/tribunal-de-justica-de-santa-catarina-tj-sc\/\" role=\"button\" rel=\"noopener noreferrer\">Conhe\u00e7a mais<\/a>\n        <\/div>\n      <\/div>\n      <p class=\"texto-auxiliar\"><\/p>\n    <\/div>\n\n  <\/div>\n<\/div>\n\n\n\n<h2 class=\"wp-block-heading\" id=\"h-e-como-sera-o-novo-concurso-tj-sc\">E como ser\u00e1 o novo concurso TJ SC?<\/h2>\n\n\n\n<p>Ser\u00e3o ofertadas 2 vagas imediatas, al\u00e9m da forma\u00e7\u00e3o de cadastro de reserva, para os seguintes cargos:<\/p>\n\n\n\n<ul class=\"wp-block-list\">\n<li><strong>N\u00edvel m\u00e9dio<\/strong>\n<ul class=\"wp-block-list\">\n<li><strong>T\u00e9cnico Judici\u00e1rio \u2013 Auxiliar<\/strong><em> (CR)<\/em>\n<ul class=\"wp-block-list\">\n<li>Exigido certificado de conclus\u00e3o do Ensino M\u00e9dio<\/li>\n<\/ul>\n<\/li>\n<\/ul>\n<\/li>\n\n\n\n<li><strong>N\u00edvel Superior (sem exig\u00eancia de registro profissional)<\/strong>\n<ul class=\"wp-block-list\">\n<li><strong>Analista Administrativo<\/strong><em> (CR)<\/em>\n<ul class=\"wp-block-list\">\n<li>Gradua\u00e7\u00e3o em Administra\u00e7\u00e3o de Empresas, Administra\u00e7\u00e3o P\u00fablica ou Direito<\/li>\n<\/ul>\n<\/li>\n\n\n\n<li><strong>Analista Jur\u00eddico <\/strong><em>(CR)<\/em>\n<ul class=\"wp-block-list\">\n<li>Bacharelado em Direito<\/li>\n<\/ul>\n<\/li>\n\n\n\n<li><strong>Oficial de Justi\u00e7a e Avaliador<\/strong><em> (CR)<\/em>\n<ul class=\"wp-block-list\">\n<li>Diploma de bacharel em Direito<\/li>\n<\/ul>\n<\/li>\n\n\n\n<li><strong>Analista de Sistemas<\/strong><em> (CR)<\/em><\/li>\n<\/ul>\n<\/li>\n\n\n\n<li><strong>N\u00edvel superior (com registro em conselho profissional)<\/strong>\n<ul class=\"wp-block-list\">\n<li><strong>Analista Cont\u00e1bil-Econ\u00f4mico<\/strong><em> (2 vagas + CR)<\/em>\n<ul class=\"wp-block-list\">\n<li>Forma\u00e7\u00e3o em Ci\u00eancias Cont\u00e1beis ou Ci\u00eancias Econ\u00f4micas<\/li>\n\n\n\n<li>Registro ativo no <strong>CRC<\/strong> ou <strong>Corecon<\/strong><\/li>\n<\/ul>\n<\/li>\n\n\n\n<li><strong>Arquiteto<\/strong><em> (CR)<\/em>\n<ul class=\"wp-block-list\">\n<li>Gradua\u00e7\u00e3o em Arquitetura e Urbanismo<\/li>\n\n\n\n<li>Registro no <strong>CAU<\/strong><\/li>\n<\/ul>\n<\/li>\n\n\n\n<li><strong>Assistente Social<\/strong><em> (CR)<\/em>\n<ul class=\"wp-block-list\">\n<li>Curso superior em Servi\u00e7o Social<\/li>\n\n\n\n<li>Inscri\u00e7\u00e3o no <strong>CRESS<\/strong><\/li>\n<\/ul>\n<\/li>\n\n\n\n<li><strong>Enfermeiro<\/strong><em> (CR)<\/em>\n<ul class=\"wp-block-list\">\n<li>Diploma em Enfermagem<\/li>\n\n\n\n<li>Registro no <strong>Coren<\/strong><\/li>\n<\/ul>\n<\/li>\n\n\n\n<li><strong>Engenheiro Civil<\/strong><em> (CR)<\/em>\n<ul class=\"wp-block-list\">\n<li>Gradua\u00e7\u00e3o em Engenharia Civil<\/li>\n\n\n\n<li>Registro no <strong>CREA<\/strong><\/li>\n<\/ul>\n<\/li>\n\n\n\n<li><strong>Engenheiro Eletricista<\/strong><em> (CR)<\/em>\n<ul class=\"wp-block-list\">\n<li>Forma\u00e7\u00e3o em Engenharia El\u00e9trica<\/li>\n\n\n\n<li>Registro no <strong>CREA<\/strong><\/li>\n<\/ul>\n<\/li>\n\n\n\n<li><strong>M\u00e9dico<\/strong><em> (CR)<\/em>\n<ul class=\"wp-block-list\">\n<li>Curso superior em Medicina<\/li>\n\n\n\n<li>Registro no <strong>CRM<\/strong><\/li>\n<\/ul>\n<\/li>\n\n\n\n<li><strong>Odont\u00f3logo<\/strong><em> (CR)<\/em>\n<ul class=\"wp-block-list\">\n<li>Gradua\u00e7\u00e3o em Odontologia<\/li>\n\n\n\n<li>Registro no <strong>CRO<\/strong><\/li>\n<\/ul>\n<\/li>\n\n\n\n<li><strong>Psic\u00f3logo<\/strong><em> (CR)<\/em><\/li>\n<\/ul>\n<\/li>\n<\/ul>\n\n\n\n<p>As fun\u00e7\u00f5es contemplam sal\u00e1rios iniciais entre R$ 6.034,81 a R$ 10.388,29, conforme <a href=\"https:\/\/dhg1h5j42swfq.cloudfront.net\/2026\/01\/28193514\/tabela_vencimentos_agosto_2025.pdf\" target=\"_blank\" rel=\"noreferrer noopener nofollow\">tabela atual de vencimentos<\/a> do \u00f3rg\u00e3o.<\/p>\n\n\n\n<p>Os candidatos ser\u00e3o avaliados por meio das seguintes etapas: prova objetiva, per\u00edcia m\u00e9dica; e heteroidentifica\u00e7\u00e3o para candidatos negros, ind\u00edgenas e quilombolas.<\/p>\n\n\n\n<ul class=\"wp-block-list\">\n<li><a href=\"https:\/\/dhg1h5j42swfq.cloudfront.net\/2026\/01\/28192302\/public_contrato_contrato_2026_01_6_2026_20260128143354863.pdf\" target=\"_blank\" rel=\"noreferrer noopener nofollow\">Confira o contrato do concurso TJ SC<\/a><\/li>\n<\/ul>\n\n\n\n<p><em>Para ficar por dentro de todas as informa\u00e7\u00f5es do concurso <a href=\"https:\/\/www.tjsc.jus.br\/web\/concursos\" target=\"_blank\" rel=\"noreferrer noopener\">TJ SC<\/a>, bem como do contrato com a banca, n\u00e3o deixe de conferir nosso artigo completo sobre a sele\u00e7\u00e3o:<\/em><\/p>\n\n\n\n<h2 class=\"wp-block-heading has-text-align-center has-cyan-bluish-gray-background-color has-background has-medium-font-size\" id=\"h-saiba-mais-tj-sc\">Saiba mais: <a href=\"https:\/\/www.estrategiaconcursos.com.br\/blog\/concurso-tj-sc\/\" target=\"_blank\" rel=\"noreferrer noopener nofollow\">TJ SC<\/a><\/h2>\n\n\n\n<h2 class=\"wp-block-heading has-text-align-center\" id=\"h-quer-saber-tudo-sobre-concursos-previstos-confira-nossos-artigos\">Quer saber tudo sobre concursos previstos?<br \/>Confira nossos artigos!<\/h2>\n\n\n\n<ul class=\"wp-block-list\">\n<li><a href=\"https:\/\/www.estrategiaconcursos.com.br\/blog\/concursos-abertos\/\" target=\"_blank\" rel=\"noreferrer noopener\">Concursos abertos<\/a><\/li>\n\n\n\n<li><a href=\"https:\/\/www.estrategiaconcursos.com.br\/blog\/concursos-tribunais-2022\/\" target=\"_blank\" rel=\"noreferrer noopener\">Concursos Tribunais<\/a><\/li>\n\n\n\n<li><a href=\"https:\/\/www.estrategiaconcursos.com.br\/blog\/concursos-2026\/\" target=\"_blank\" rel=\"noreferrer noopener\">Concursos 2026<\/a><\/li>\n<\/ul>\n\n\n\n<h2 class=\"wp-block-heading has-text-align-center\" id=\"cursos-tj-sc\"><em><strong>Quer estudar para o concurso TJ SC?<\/strong><\/em><\/h2>\n\n\n\n<div class=\"container\" id=\"boxes\">\n  <div class=\"row\">\n\n    <div class=\"col-sm\">\n      <div class=\"banner-tribunal\" id=\"box-assinatura\">\n        <h3 class=\"titulo-assinatura\">Curso TJ SC<\/h3>\n        <p class=\"subtitulo-assinatura\">Conhe\u00e7a os cursos<\/p>\n        <div class=\"box-botao\">\n          <a class=\"btn-assinatura\" target=\"_blank\" href=\"https:\/\/www.estrategiaconcursos.com.br\/cursosPorConcurso\/tribunal-de-justica-de-santa-catarina-tj-sc\/\" role=\"button\" rel=\"noopener noreferrer\">Conhe\u00e7a mais<\/a>\n        <\/div>\n      <\/div>\n      <p class=\"texto-auxiliar\"><\/p>\n    <\/div>\n\n  <\/div>\n<\/div>\n\n\n\n<div class=\"container\" id=\"boxes\">\n  <div class=\"row\">\n    <div class=\"col-sm\">\n      <div class=\"estrategia\" id=\"box-assinatura\">\n        <h3 class=\"titulo-assinatura\">Assinatura Concursos<\/h3>\n        <p class=\"subtitulo-assinatura\">Assinatura de 1 ano ou 2 anos*<\/p>\n        <div class=\"box-botao\">\n          <a class=\"btn-assinatura\" target=\"_blank\" href=\"https:\/\/www.estrategiaconcursos.com.br\/assinaturas\/\" role=\"button\" rel=\"noopener noreferrer\">ASSINE AGORA<\/a>\n        <\/div>\n      <\/div>\n      <p class=\"texto-auxiliar\"><\/p><\/div><\/div><\/div>\n\n\n\n<p><\/p>\n","protected":false},"excerpt":{"rendered":"<p>Contrato com a banca FGV trouxe detalhes acerca do novo concurso TJ SC; veja tudo neste artigo! Resumo da not\u00edcia O novo concurso TJ SC ter\u00e1 edital publicado em breve com oferta de vagas para diversos cargos de n\u00edveis m\u00e9dio e superior. A banca organizadora do certame j\u00e1 foi definida, sendo a Funda\u00e7\u00e3o Get\u00falio Vargas [&hellip;]<\/p>\n","protected":false},"author":2134,"featured_media":1349315,"comment_status":"open","ping_status":"closed","sticky":false,"template":"","format":"standard","meta":{"post_tipo":"news","footnotes":""},"categories":[222235,220219],"tags":[],"tax_estado":[219987],"class_list":["post-1706888","post","type-post","status-publish","format-standard","has-post-thumbnail","hentry","category-tribunal-de-justica","category-noticias","tax_estado-sc"],"acf":[],"yoast_head":"<!-- This site is optimized with the Yoast SEO Premium plugin v27.2 (Yoast SEO v27.2) - https:\/\/yoast.com\/product\/yoast-seo-premium-wordpress\/ -->\n<title>Concurso TJ SC: veja detalhes do contrato com a FGV<\/title>\n<meta name=\"description\" content=\"Contrato com a banca FGV trouxe detalhes acerca do novo concurso TJ SC; veja tudo neste artigo e fique sempre bem informado!\" \/>\n<meta name=\"robots\" content=\"index, follow, max-snippet:-1, max-image-preview:large, max-video-preview:-1\" \/>\n<link rel=\"canonical\" href=\"https:\/\/www.estrategiaconcursos.com.br\/blog\/concurso-tj-sc-detalhes-novo-edital\/\" \/>\n<meta property=\"og:locale\" content=\"pt_BR\" \/>\n<meta property=\"og:type\" content=\"article\" \/>\n<meta property=\"og:title\" content=\"Concurso TJ SC: veja detalhes do contrato com a FGV\" \/>\n<meta property=\"og:description\" content=\"Contrato com a banca FGV trouxe detalhes acerca do novo concurso TJ SC; veja tudo neste artigo e fique sempre bem informado!\" \/>\n<meta property=\"og:url\" content=\"https:\/\/www.estrategiaconcursos.com.br\/blog\/concurso-tj-sc-detalhes-novo-edital\/\" \/>\n<meta property=\"og:site_name\" content=\"Estrat\u00e9gia Concursos\" \/>\n<meta property=\"article:published_time\" content=\"2026-01-28T22:33:03+00:00\" \/>\n<meta property=\"article:modified_time\" content=\"2026-01-28T22:59:28+00:00\" \/>\n<meta property=\"og:image\" content=\"https:\/\/dhg1h5j42swfq.cloudfront.net\/2024\/02\/07165705\/tj-sc.jpg\" \/>\n\t<meta property=\"og:image:width\" content=\"768\" \/>\n\t<meta property=\"og:image:height\" content=\"432\" \/>\n\t<meta property=\"og:image:type\" content=\"image\/jpeg\" \/>\n<meta name=\"author\" content=\"Rafaela Teixeira\" \/>\n<meta name=\"twitter:card\" content=\"summary_large_image\" \/>\n<meta name=\"twitter:creator\" content=\"@EstratConcursos\" \/>\n<meta name=\"twitter:site\" content=\"@EstratConcursos\" \/>\n<meta name=\"twitter:label1\" content=\"Escrito por\" \/>\n\t<meta name=\"twitter:data1\" content=\"Rafaela Teixeira\" \/>\n\t<meta name=\"twitter:label2\" content=\"Est. tempo de leitura\" \/>\n\t<meta name=\"twitter:data2\" content=\"2 minutos\" \/>\n<script type=\"application\/ld+json\" class=\"yoast-schema-graph\">{\"@context\":\"https:\/\/schema.org\",\"@graph\":[{\"@type\":\"NewsArticle\",\"@id\":\"https:\/\/www.estrategiaconcursos.com.br\/blog\/concurso-tj-sc-detalhes-novo-edital\/#article\",\"isPartOf\":{\"@id\":\"https:\/\/www.estrategiaconcursos.com.br\/blog\/concurso-tj-sc-detalhes-novo-edital\/\"},\"author\":{\"name\":\"Rafaela Teixeira\",\"@id\":\"https:\/\/www.estrategiaconcursos.com.br\/blog\/#\/schema\/person\/e75352021ea7f60781c599934f916eb1\"},\"headline\":\"Concurso TJ SC: veja detalhes do contrato com a FGV\",\"datePublished\":\"2026-01-28T22:33:03+00:00\",\"dateModified\":\"2026-01-28T22:59:28+00:00\",\"mainEntityOfPage\":{\"@id\":\"https:\/\/www.estrategiaconcursos.com.br\/blog\/concurso-tj-sc-detalhes-novo-edital\/\"},\"wordCount\":503,\"commentCount\":0,\"publisher\":{\"@id\":\"https:\/\/www.estrategiaconcursos.com.br\/blog\/#organization\"},\"image\":{\"@id\":\"https:\/\/www.estrategiaconcursos.com.br\/blog\/concurso-tj-sc-detalhes-novo-edital\/#primaryimage\"},\"thumbnailUrl\":\"https:\/\/dhg1h5j42swfq.cloudfront.net\/2024\/02\/07165705\/tj-sc.jpg\",\"articleSection\":[\"Tribunal de Justi\u00e7a\",\"\u00daltimas not\u00edcias\"],\"inLanguage\":\"pt-BR\",\"potentialAction\":[{\"@type\":\"CommentAction\",\"name\":\"Comment\",\"target\":[\"https:\/\/www.estrategiaconcursos.com.br\/blog\/concurso-tj-sc-detalhes-novo-edital\/#respond\"]}],\"copyrightYear\":\"2026\",\"copyrightHolder\":{\"@id\":\"https:\/\/www.estrategiaconcursos.com.br\/blog\/#organization\"}},{\"@type\":\"WebPage\",\"@id\":\"https:\/\/www.estrategiaconcursos.com.br\/blog\/concurso-tj-sc-detalhes-novo-edital\/\",\"url\":\"https:\/\/www.estrategiaconcursos.com.br\/blog\/concurso-tj-sc-detalhes-novo-edital\/\",\"name\":\"Concurso TJ SC: veja detalhes do contrato com a FGV\",\"isPartOf\":{\"@id\":\"https:\/\/www.estrategiaconcursos.com.br\/blog\/#website\"},\"primaryImageOfPage\":{\"@id\":\"https:\/\/www.estrategiaconcursos.com.br\/blog\/concurso-tj-sc-detalhes-novo-edital\/#primaryimage\"},\"image\":{\"@id\":\"https:\/\/www.estrategiaconcursos.com.br\/blog\/concurso-tj-sc-detalhes-novo-edital\/#primaryimage\"},\"thumbnailUrl\":\"https:\/\/dhg1h5j42swfq.cloudfront.net\/2024\/02\/07165705\/tj-sc.jpg\",\"datePublished\":\"2026-01-28T22:33:03+00:00\",\"dateModified\":\"2026-01-28T22:59:28+00:00\",\"description\":\"Contrato com a banca FGV trouxe detalhes acerca do novo concurso TJ SC; veja tudo neste artigo e fique sempre bem informado!\",\"breadcrumb\":{\"@id\":\"https:\/\/www.estrategiaconcursos.com.br\/blog\/concurso-tj-sc-detalhes-novo-edital\/#breadcrumb\"},\"inLanguage\":\"pt-BR\",\"potentialAction\":[{\"@type\":\"ReadAction\",\"target\":[\"https:\/\/www.estrategiaconcursos.com.br\/blog\/concurso-tj-sc-detalhes-novo-edital\/\"]}]},{\"@type\":\"ImageObject\",\"inLanguage\":\"pt-BR\",\"@id\":\"https:\/\/www.estrategiaconcursos.com.br\/blog\/concurso-tj-sc-detalhes-novo-edital\/#primaryimage\",\"url\":\"https:\/\/dhg1h5j42swfq.cloudfront.net\/2024\/02\/07165705\/tj-sc.jpg\",\"contentUrl\":\"https:\/\/dhg1h5j42swfq.cloudfront.net\/2024\/02\/07165705\/tj-sc.jpg\",\"width\":768,\"height\":432,\"caption\":\"EDITAL TJ SC\"},{\"@type\":\"BreadcrumbList\",\"@id\":\"https:\/\/www.estrategiaconcursos.com.br\/blog\/concurso-tj-sc-detalhes-novo-edital\/#breadcrumb\",\"itemListElement\":[{\"@type\":\"ListItem\",\"position\":1,\"name\":\"In\u00edcio\",\"item\":\"https:\/\/www.estrategiaconcursos.com.br\/blog\/\"},{\"@type\":\"ListItem\",\"position\":2,\"name\":\"Concurso TJ SC: veja detalhes do contrato com a FGV\"}]},{\"@type\":\"WebSite\",\"@id\":\"https:\/\/www.estrategiaconcursos.com.br\/blog\/#website\",\"url\":\"https:\/\/www.estrategiaconcursos.com.br\/blog\/\",\"name\":\"Estrat\u00e9gia Concursos\",\"description\":\"O blog da Estrat\u00e9gia Concursos traz not\u00edcias sobre concursos e artigos de professores oferecendo cursos para concursos (pdf + videaulas) no site.\",\"publisher\":{\"@id\":\"https:\/\/www.estrategiaconcursos.com.br\/blog\/#organization\"},\"potentialAction\":[{\"@type\":\"SearchAction\",\"target\":{\"@type\":\"EntryPoint\",\"urlTemplate\":\"https:\/\/www.estrategiaconcursos.com.br\/blog\/?s={search_term_string}\"},\"query-input\":{\"@type\":\"PropertyValueSpecification\",\"valueRequired\":true,\"valueName\":\"search_term_string\"}}],\"inLanguage\":\"pt-BR\"},{\"@type\":\"Organization\",\"@id\":\"https:\/\/www.estrategiaconcursos.com.br\/blog\/#organization\",\"name\":\"Estrat\u00e9gia Concursos\",\"url\":\"https:\/\/www.estrategiaconcursos.com.br\/blog\/\",\"logo\":{\"@type\":\"ImageObject\",\"inLanguage\":\"pt-BR\",\"@id\":\"https:\/\/www.estrategiaconcursos.com.br\/blog\/#\/schema\/logo\/image\/\",\"url\":\"https:\/\/dhg1h5j42swfq.cloudfront.net\/2025\/06\/03203428\/logo_concursos-1.jpg\",\"contentUrl\":\"https:\/\/dhg1h5j42swfq.cloudfront.net\/2025\/06\/03203428\/logo_concursos-1.jpg\",\"width\":230,\"height\":60,\"caption\":\"Estrat\u00e9gia Concursos\"},\"image\":{\"@id\":\"https:\/\/www.estrategiaconcursos.com.br\/blog\/#\/schema\/logo\/image\/\"},\"sameAs\":[\"https:\/\/x.com\/EstratConcursos\"]},{\"@type\":\"Person\",\"@id\":\"https:\/\/www.estrategiaconcursos.com.br\/blog\/#\/schema\/person\/e75352021ea7f60781c599934f916eb1\",\"name\":\"Rafaela Teixeira\",\"image\":{\"@type\":\"ImageObject\",\"inLanguage\":\"pt-BR\",\"@id\":\"https:\/\/secure.gravatar.com\/avatar\/8a349a2b22039b1ee88fc06461487c950fd6aa411ea8af8633314b43334ae793?s=96&d=mm&r=g\",\"url\":\"https:\/\/secure.gravatar.com\/avatar\/8a349a2b22039b1ee88fc06461487c950fd6aa411ea8af8633314b43334ae793?s=96&d=mm&r=g\",\"contentUrl\":\"https:\/\/secure.gravatar.com\/avatar\/8a349a2b22039b1ee88fc06461487c950fd6aa411ea8af8633314b43334ae793?s=96&d=mm&r=g\",\"caption\":\"Rafaela Teixeira\"},\"description\":\"Rafaela Teixeira \u00e9 advogada conveniada \u00e0 Defensoria P\u00fablica de S\u00e3o Paulo pela OAB, com experi\u00eancia em reda\u00e7\u00e3o jur\u00eddica e atua\u00e7\u00e3o em institui\u00e7\u00f5es p\u00fablicas, incluindo est\u00e1gio no TRE-SP. Possui mais de 7 anos de experi\u00eancia na produ\u00e7\u00e3o de conte\u00fados voltados ao nicho de concursos p\u00fablicos, com foco em apura\u00e7\u00e3o jornal\u00edstica cont\u00ednua, an\u00e1lise de editais e obten\u00e7\u00e3o de informa\u00e7\u00f5es diretamente junto a \u00f3rg\u00e3os e fontes oficiais. No Blog do Estrat\u00e9gia Concursos, atua como Analista de Conte\u00fado S\u00eanior, respons\u00e1vel pelo jornalismo do per\u00edodo noturno e da madrugada, com atua\u00e7\u00e3o transversal na cobertura de concursos p\u00fablicos, garantindo a continuidade, fluidez e confiabilidade das publica\u00e7\u00f5es e dos bastidores dos certames.\",\"url\":\"https:\/\/www.estrategiaconcursos.com.br\/blog\/author\/rafaela-teixeira\/\"}]}<\/script>\n<!-- \/ Yoast SEO Premium plugin. -->","yoast_head_json":{"title":"Concurso TJ SC: veja detalhes do contrato com a FGV","description":"Contrato com a banca FGV trouxe detalhes acerca do novo concurso TJ SC; veja tudo neste artigo e fique sempre bem informado!","robots":{"index":"index","follow":"follow","max-snippet":"max-snippet:-1","max-image-preview":"max-image-preview:large","max-video-preview":"max-video-preview:-1"},"canonical":"https:\/\/www.estrategiaconcursos.com.br\/blog\/concurso-tj-sc-detalhes-novo-edital\/","og_locale":"pt_BR","og_type":"article","og_title":"Concurso TJ SC: veja detalhes do contrato com a FGV","og_description":"Contrato com a banca FGV trouxe detalhes acerca do novo concurso TJ SC; veja tudo neste artigo e fique sempre bem informado!","og_url":"https:\/\/www.estrategiaconcursos.com.br\/blog\/concurso-tj-sc-detalhes-novo-edital\/","og_site_name":"Estrat\u00e9gia Concursos","article_published_time":"2026-01-28T22:33:03+00:00","article_modified_time":"2026-01-28T22:59:28+00:00","og_image":[{"width":768,"height":432,"url":"https:\/\/dhg1h5j42swfq.cloudfront.net\/2024\/02\/07165705\/tj-sc.jpg","type":"image\/jpeg"}],"author":"Rafaela Teixeira","twitter_card":"summary_large_image","twitter_creator":"@EstratConcursos","twitter_site":"@EstratConcursos","twitter_misc":{"Escrito por":"Rafaela Teixeira","Est. tempo de leitura":"2 minutos"},"schema":{"@context":"https:\/\/schema.org","@graph":[{"@type":"NewsArticle","@id":"https:\/\/www.estrategiaconcursos.com.br\/blog\/concurso-tj-sc-detalhes-novo-edital\/#article","isPartOf":{"@id":"https:\/\/www.estrategiaconcursos.com.br\/blog\/concurso-tj-sc-detalhes-novo-edital\/"},"author":{"name":"Rafaela Teixeira","@id":"https:\/\/www.estrategiaconcursos.com.br\/blog\/#\/schema\/person\/e75352021ea7f60781c599934f916eb1"},"headline":"Concurso TJ SC: veja detalhes do contrato com a FGV","datePublished":"2026-01-28T22:33:03+00:00","dateModified":"2026-01-28T22:59:28+00:00","mainEntityOfPage":{"@id":"https:\/\/www.estrategiaconcursos.com.br\/blog\/concurso-tj-sc-detalhes-novo-edital\/"},"wordCount":503,"commentCount":0,"publisher":{"@id":"https:\/\/www.estrategiaconcursos.com.br\/blog\/#organization"},"image":{"@id":"https:\/\/www.estrategiaconcursos.com.br\/blog\/concurso-tj-sc-detalhes-novo-edital\/#primaryimage"},"thumbnailUrl":"https:\/\/dhg1h5j42swfq.cloudfront.net\/2024\/02\/07165705\/tj-sc.jpg","articleSection":["Tribunal de Justi\u00e7a","\u00daltimas not\u00edcias"],"inLanguage":"pt-BR","potentialAction":[{"@type":"CommentAction","name":"Comment","target":["https:\/\/www.estrategiaconcursos.com.br\/blog\/concurso-tj-sc-detalhes-novo-edital\/#respond"]}],"copyrightYear":"2026","copyrightHolder":{"@id":"https:\/\/www.estrategiaconcursos.com.br\/blog\/#organization"}},{"@type":"WebPage","@id":"https:\/\/www.estrategiaconcursos.com.br\/blog\/concurso-tj-sc-detalhes-novo-edital\/","url":"https:\/\/www.estrategiaconcursos.com.br\/blog\/concurso-tj-sc-detalhes-novo-edital\/","name":"Concurso TJ SC: veja detalhes do contrato com a FGV","isPartOf":{"@id":"https:\/\/www.estrategiaconcursos.com.br\/blog\/#website"},"primaryImageOfPage":{"@id":"https:\/\/www.estrategiaconcursos.com.br\/blog\/concurso-tj-sc-detalhes-novo-edital\/#primaryimage"},"image":{"@id":"https:\/\/www.estrategiaconcursos.com.br\/blog\/concurso-tj-sc-detalhes-novo-edital\/#primaryimage"},"thumbnailUrl":"https:\/\/dhg1h5j42swfq.cloudfront.net\/2024\/02\/07165705\/tj-sc.jpg","datePublished":"2026-01-28T22:33:03+00:00","dateModified":"2026-01-28T22:59:28+00:00","description":"Contrato com a banca FGV trouxe detalhes acerca do novo concurso TJ SC; veja tudo neste artigo e fique sempre bem informado!","breadcrumb":{"@id":"https:\/\/www.estrategiaconcursos.com.br\/blog\/concurso-tj-sc-detalhes-novo-edital\/#breadcrumb"},"inLanguage":"pt-BR","potentialAction":[{"@type":"ReadAction","target":["https:\/\/www.estrategiaconcursos.com.br\/blog\/concurso-tj-sc-detalhes-novo-edital\/"]}]},{"@type":"ImageObject","inLanguage":"pt-BR","@id":"https:\/\/www.estrategiaconcursos.com.br\/blog\/concurso-tj-sc-detalhes-novo-edital\/#primaryimage","url":"https:\/\/dhg1h5j42swfq.cloudfront.net\/2024\/02\/07165705\/tj-sc.jpg","contentUrl":"https:\/\/dhg1h5j42swfq.cloudfront.net\/2024\/02\/07165705\/tj-sc.jpg","width":768,"height":432,"caption":"EDITAL TJ SC"},{"@type":"BreadcrumbList","@id":"https:\/\/www.estrategiaconcursos.com.br\/blog\/concurso-tj-sc-detalhes-novo-edital\/#breadcrumb","itemListElement":[{"@type":"ListItem","position":1,"name":"In\u00edcio","item":"https:\/\/www.estrategiaconcursos.com.br\/blog\/"},{"@type":"ListItem","position":2,"name":"Concurso TJ SC: veja detalhes do contrato com a FGV"}]},{"@type":"WebSite","@id":"https:\/\/www.estrategiaconcursos.com.br\/blog\/#website","url":"https:\/\/www.estrategiaconcursos.com.br\/blog\/","name":"Estrat\u00e9gia Concursos","description":"O blog da Estrat\u00e9gia Concursos traz not\u00edcias sobre concursos e artigos de professores oferecendo cursos para concursos (pdf + videaulas) no site.","publisher":{"@id":"https:\/\/www.estrategiaconcursos.com.br\/blog\/#organization"},"potentialAction":[{"@type":"SearchAction","target":{"@type":"EntryPoint","urlTemplate":"https:\/\/www.estrategiaconcursos.com.br\/blog\/?s={search_term_string}"},"query-input":{"@type":"PropertyValueSpecification","valueRequired":true,"valueName":"search_term_string"}}],"inLanguage":"pt-BR"},{"@type":"Organization","@id":"https:\/\/www.estrategiaconcursos.com.br\/blog\/#organization","name":"Estrat\u00e9gia Concursos","url":"https:\/\/www.estrategiaconcursos.com.br\/blog\/","logo":{"@type":"ImageObject","inLanguage":"pt-BR","@id":"https:\/\/www.estrategiaconcursos.com.br\/blog\/#\/schema\/logo\/image\/","url":"https:\/\/dhg1h5j42swfq.cloudfront.net\/2025\/06\/03203428\/logo_concursos-1.jpg","contentUrl":"https:\/\/dhg1h5j42swfq.cloudfront.net\/2025\/06\/03203428\/logo_concursos-1.jpg","width":230,"height":60,"caption":"Estrat\u00e9gia Concursos"},"image":{"@id":"https:\/\/www.estrategiaconcursos.com.br\/blog\/#\/schema\/logo\/image\/"},"sameAs":["https:\/\/x.com\/EstratConcursos"]},{"@type":"Person","@id":"https:\/\/www.estrategiaconcursos.com.br\/blog\/#\/schema\/person\/e75352021ea7f60781c599934f916eb1","name":"Rafaela Teixeira","image":{"@type":"ImageObject","inLanguage":"pt-BR","@id":"https:\/\/secure.gravatar.com\/avatar\/8a349a2b22039b1ee88fc06461487c950fd6aa411ea8af8633314b43334ae793?s=96&d=mm&r=g","url":"https:\/\/secure.gravatar.com\/avatar\/8a349a2b22039b1ee88fc06461487c950fd6aa411ea8af8633314b43334ae793?s=96&d=mm&r=g","contentUrl":"https:\/\/secure.gravatar.com\/avatar\/8a349a2b22039b1ee88fc06461487c950fd6aa411ea8af8633314b43334ae793?s=96&d=mm&r=g","caption":"Rafaela Teixeira"},"description":"Rafaela Teixeira \u00e9 advogada conveniada \u00e0 Defensoria P\u00fablica de S\u00e3o Paulo pela OAB, com experi\u00eancia em reda\u00e7\u00e3o jur\u00eddica e atua\u00e7\u00e3o em institui\u00e7\u00f5es p\u00fablicas, incluindo est\u00e1gio no TRE-SP. Possui mais de 7 anos de experi\u00eancia na produ\u00e7\u00e3o de conte\u00fados voltados ao nicho de concursos p\u00fablicos, com foco em apura\u00e7\u00e3o jornal\u00edstica cont\u00ednua, an\u00e1lise de editais e obten\u00e7\u00e3o de informa\u00e7\u00f5es diretamente junto a \u00f3rg\u00e3os e fontes oficiais. No Blog do Estrat\u00e9gia Concursos, atua como Analista de Conte\u00fado S\u00eanior, respons\u00e1vel pelo jornalismo do per\u00edodo noturno e da madrugada, com atua\u00e7\u00e3o transversal na cobertura de concursos p\u00fablicos, garantindo a continuidade, fluidez e confiabilidade das publica\u00e7\u00f5es e dos bastidores dos certames.","url":"https:\/\/www.estrategiaconcursos.com.br\/blog\/author\/rafaela-teixeira\/"}]}},"_links":{"self":[{"href":"https:\/\/www.estrategiaconcursos.com.br\/blog\/wp-json\/wp\/v2\/posts\/1706888","targetHints":{"allow":["GET"]}}],"collection":[{"href":"https:\/\/www.estrategiaconcursos.com.br\/blog\/wp-json\/wp\/v2\/posts"}],"about":[{"href":"https:\/\/www.estrategiaconcursos.com.br\/blog\/wp-json\/wp\/v2\/types\/post"}],"author":[{"embeddable":true,"href":"https:\/\/www.estrategiaconcursos.com.br\/blog\/wp-json\/wp\/v2\/users\/2134"}],"replies":[{"embeddable":true,"href":"https:\/\/www.estrategiaconcursos.com.br\/blog\/wp-json\/wp\/v2\/comments?post=1706888"}],"version-history":[{"count":10,"href":"https:\/\/www.estrategiaconcursos.com.br\/blog\/wp-json\/wp\/v2\/posts\/1706888\/revisions"}],"predecessor-version":[{"id":1706919,"href":"https:\/\/www.estrategiaconcursos.com.br\/blog\/wp-json\/wp\/v2\/posts\/1706888\/revisions\/1706919"}],"wp:featuredmedia":[{"embeddable":true,"href":"https:\/\/www.estrategiaconcursos.com.br\/blog\/wp-json\/wp\/v2\/media\/1349315"}],"wp:attachment":[{"href":"https:\/\/www.estrategiaconcursos.com.br\/blog\/wp-json\/wp\/v2\/media?parent=1706888"}],"wp:term":[{"taxonomy":"category","embeddable":true,"href":"https:\/\/www.estrategiaconcursos.com.br\/blog\/wp-json\/wp\/v2\/categories?post=1706888"},{"taxonomy":"post_tag","embeddable":true,"href":"https:\/\/www.estrategiaconcursos.com.br\/blog\/wp-json\/wp\/v2\/tags?post=1706888"},{"taxonomy":"tax_estado","embeddable":true,"href":"https:\/\/www.estrategiaconcursos.com.br\/blog\/wp-json\/wp\/v2\/tax_estado?post=1706888"}],"curies":[{"name":"wp","href":"https:\/\/api.w.org\/{rel}","templated":true}]}}