{"id":1706106,"date":"2026-01-28T01:37:57","date_gmt":"2026-01-28T04:37:57","guid":{"rendered":"https:\/\/www.estrategiaconcursos.com.br\/blog\/?p=1706106"},"modified":"2026-01-28T01:37:59","modified_gmt":"2026-01-28T04:37:59","slug":"informativo-stf-revisao-2025-parte-4","status":"publish","type":"post","link":"https:\/\/www.estrategiaconcursos.com.br\/blog\/informativo-stf-revisao-2025-parte-4\/","title":{"rendered":"Informativo STF &#8211; Revis\u00e3o 2025 Parte 4"},"content":{"rendered":"\n<p class=\"has-text-align-center\"><strong><a href=\"https:\/\/dhg1h5j42swfq.cloudfront.net\/2026\/01\/28013735\/stf-rev-2025-4.pdf\">DOWNLOAD do PDF<\/a><\/strong><\/p>\n\n\n\n<figure class=\"wp-block-embed is-type-video is-provider-youtube wp-block-embed-youtube wp-embed-aspect-16-9 wp-has-aspect-ratio\"><div class=\"wp-block-embed__wrapper\">\n<div class=\"lyte-wrapper\" style=\"width:853px;max-width:100%;margin:5px;\"><div class=\"lyMe\" id=\"WYL__-mT0i6F0Lg\"><div id=\"lyte__-mT0i6F0Lg\" data-src=\"\/\/i.ytimg.com\/vi\/_-mT0i6F0Lg\/hqdefault.jpg\" class=\"pL\"><div class=\"tC\"><div class=\"tT\"><\/div><\/div><div class=\"play\"><\/div><div class=\"ctrl\"><div class=\"Lctrl\"><\/div><div class=\"Rctrl\"><\/div><\/div><\/div><noscript><a href=\"https:\/\/youtu.be\/_-mT0i6F0Lg\" rel=\"nofollow\"><img loading=\"lazy\" decoding=\"async\" src=\"https:\/\/i.ytimg.com\/vi\/_-mT0i6F0Lg\/0.jpg\" alt=\"YouTube video thumbnail\" width=\"853\" height=\"460\" \/><br \/>Assista a este v\u00eddeo no YouTube<\/a><\/noscript><\/div><\/div><div class=\"lL\" style=\"max-width:100%;width:853px;margin:5px;\"><\/div>\n<\/div><\/figure>\n\n\n\n<h2 class=\"wp-block-heading\" id=\"h-1-nbsp-nbsp-nbsp-nbsp-nbsp-nbsp-nbsp-nbsp-nbsp-transporte-aereo-internacional-de-cargas-e-convencoes-de-varsovia-e-montreal\">1.&nbsp;&nbsp;&nbsp;&nbsp;&nbsp;&nbsp;&nbsp;&nbsp;&nbsp; Transporte a\u00e9reo internacional de cargas e Conven\u00e7\u00f5es de Vars\u00f3via e Montreal<\/h2>\n\n\n\n<h3 class=\"wp-block-heading\" id=\"h-destaque\">Destaque<\/h3>\n\n\n\n<p>As Conven\u00e7\u00f5es de Vars\u00f3via e Montreal s\u00e3o aplicadas \u00e0s hip\u00f3teses de danos materiais decorrentes de contrato de transporte a\u00e9reo internacional de cargas e mercadorias.<\/p>\n\n\n\n<p>RE 1.520.841\/SP, relator Ministro Presidente, julgamento finalizado no Plen\u00e1rio Virtual em 03.02.2025 (Info 1164).<\/p>\n\n\n\n<p><strong>Entenda o Julgado<\/strong><\/p>\n\n\n\n<p>\u2022 O caso discutiu o regime jur\u00eddico aplic\u00e1vel aos danos materiais decorrentes de contrato de transporte a\u00e9reo internacional de cargas e mercadorias.<\/p>\n\n\n\n<p>\u2022 Questionou-se a incid\u00eancia das Conven\u00e7\u00f5es de Vars\u00f3via e de Montreal nesses contratos.<\/p>\n\n\n\n<p>\u2022 O STF reafirmou a preval\u00eancia dos tratados internacionais ratificados pelo Brasil.<\/p>\n\n\n\n<p>\u2022 As Conven\u00e7\u00f5es de Vars\u00f3via e Montreal regulam de forma espec\u00edfica a responsabilidade no transporte a\u00e9reo internacional.<\/p>\n\n\n\n<p>\u2022 O regime convencional estabelece limites indenizat\u00f3rios e regras pr\u00f3prias de responsabilidade.<\/p>\n\n\n\n<p>\u2022 As normas internacionais afastam a aplica\u00e7\u00e3o de legisla\u00e7\u00e3o interna incompat\u00edvel (CC e CDC).<\/p>\n\n\n\n<p>\u2022 A incid\u00eancia das Conven\u00e7\u00f5es assegura uniformidade e previsibilidade nas rela\u00e7\u00f5es de transporte internacional.<\/p>\n\n\n\n<p>\u2022 O entendimento promove seguran\u00e7a jur\u00eddica e alinhamento do Brasil aos padr\u00f5es internacionais.<\/p>\n\n\n\n<p><strong>Conclus\u00e3o<\/strong>: aplicam-se as Conven\u00e7\u00f5es de Vars\u00f3via e de Montreal \u00e0s hip\u00f3teses de danos materiais decorrentes de contrato de transporte a\u00e9reo internacional de cargas e mercadorias. &nbsp;&nbsp;&nbsp;&nbsp;<\/p>\n\n\n\n<h2 class=\"wp-block-heading\" id=\"h-2-nbsp-nbsp-nbsp-nbsp-nbsp-nbsp-nbsp-anualidade-eleitoral-seguranca-juridica-e-viragem-jurisprudencial\">2.&nbsp;&nbsp;&nbsp;&nbsp;&nbsp;&nbsp;&nbsp; Anualidade eleitoral, seguran\u00e7a jur\u00eddica e viragem jurisprudencial<\/h2>\n\n\n\n<h3 class=\"wp-block-heading\" id=\"h-destaque-0\">Destaque<\/h3>\n\n\n\n<p>Inexiste viragem jurisprudencial ou ofensa aos princ\u00edpios constitucionais da anualidade eleitoral e da seguran\u00e7a jur\u00eddica quando n\u00e3o demonstrada <strong>(i)<\/strong> a exist\u00eancia de orienta\u00e7\u00e3o anterior reiterada e consolidada pelo TSE em certo sentido acerca de tema espec\u00edfico; e (ii) a presen\u00e7a, no novo entendimento, de elementos que revelem modifica\u00e7\u00e3o, ineditismo e discrep\u00e2ncia em rela\u00e7\u00e3o \u00e0 orienta\u00e7\u00e3o at\u00e9 ent\u00e3o adotada.<\/p>\n\n\n\n<p>ADPF 824\/DF, relator Ministro Nunes Marques, julgamento virtual finalizado em 14.02.2025 (Info 1165).<\/p>\n\n\n\n<p><strong>Entenda o Julgado<\/strong><\/p>\n\n\n\n<p>\u2022 O caso discutiu a alega\u00e7\u00e3o de viola\u00e7\u00e3o aos princ\u00edpios da anualidade eleitoral e da seguran\u00e7a jur\u00eddica em raz\u00e3o de suposta mudan\u00e7a de entendimento do TSE.<\/p>\n\n\n\n<p>\u2022 A controv\u00e9rsia girou em torno da exist\u00eancia, ou n\u00e3o, de viragem jurisprudencial apta a justificar a incid\u00eancia desses princ\u00edpios.<\/p>\n\n\n\n<p>\u2022 O STF afirmou que a caracteriza\u00e7\u00e3o de viragem jurisprudencial exige requisitos cumulativos.<\/p>\n\n\n\n<p>\u2022 \u00c9 indispens\u00e1vel a demonstra\u00e7\u00e3o de <strong>orienta\u00e7\u00e3o anterior reiterada, est\u00e1vel e consolidada<\/strong> do TSE sobre o tema espec\u00edfico.<\/p>\n\n\n\n<p>\u2022 A inexist\u00eancia de jurisprud\u00eancia firme afasta a alega\u00e7\u00e3o de quebra de confian\u00e7a leg\u00edtima.<\/p>\n\n\n\n<p>\u2022 Tamb\u00e9m se exige que o novo entendimento revele modifica\u00e7\u00e3o efetiva, ineditismo e discrep\u00e2ncia em rela\u00e7\u00e3o \u00e0 orienta\u00e7\u00e3o at\u00e9 ent\u00e3o adotada.<\/p>\n\n\n\n<p>\u2022 A simples explicita\u00e7\u00e3o, densifica\u00e7\u00e3o ou aplica\u00e7\u00e3o distinta de precedente n\u00e3o configura viragem jurisprudencial.<\/p>\n\n\n\n<p>\u2022 Ausentes esses elementos, n\u00e3o h\u00e1 ofensa \u00e0 anualidade eleitoral nem \u00e0 seguran\u00e7a jur\u00eddica.<\/p>\n\n\n\n<p><strong>Conclus\u00e3o<\/strong>: inexiste viragem jurisprudencial \u2014 e, portanto, n\u00e3o h\u00e1 viola\u00e7\u00e3o aos princ\u00edpios da anualidade eleitoral e da seguran\u00e7a jur\u00eddica \u2014 quando n\u00e3o demonstrada orienta\u00e7\u00e3o anterior consolidada do TSE nem efetiva ruptura com o entendimento ent\u00e3o vigente.&nbsp;&nbsp;&nbsp;&nbsp;<\/p>\n\n\n\n<h2 class=\"wp-block-heading\" id=\"h-3-nbsp-nbsp-nbsp-nbsp-nbsp-nbsp-nbsp-prestacao-de-contas-de-campanha-e-certidao-de-quitacao-eleitoral\">3.&nbsp;&nbsp;&nbsp;&nbsp;&nbsp;&nbsp;&nbsp; Presta\u00e7\u00e3o de contas de campanha e certid\u00e3o de quita\u00e7\u00e3o eleitoral<\/h2>\n\n\n\n<h3 class=\"wp-block-heading\" id=\"h-destaque-1\">Destaque<\/h3>\n\n\n\n<p>\u00c9 constitucional a norma que impede a emiss\u00e3o da certid\u00e3o de quita\u00e7\u00e3o eleitoral at\u00e9 o fim da legislatura para candidatos que n\u00e3o prestarem contas de campanha, sem que isso configure nova hip\u00f3tese de inelegibilidade.<\/p>\n\n\n\n<p>ADI 7.677\/DF, Rel. Min. Alexandre de Moraes, Plen\u00e1rio, julgado em 21\/5\/2025.<\/p>\n\n\n\n<p><strong>Entenda o Julgado<\/strong><\/p>\n\n\n\n<p>\u2022 A a\u00e7\u00e3o questionou a constitucionalidade de norma que condiciona a emiss\u00e3o da certid\u00e3o de quita\u00e7\u00e3o eleitoral \u00e0 presta\u00e7\u00e3o de contas de campanha.<\/p>\n\n\n\n<p>\u2022 A restri\u00e7\u00e3o perdura at\u00e9 o t\u00e9rmino da legislatura para candidatos que deixaram de prestar contas.<\/p>\n\n\n\n<p>\u2022 Alegou-se cria\u00e7\u00e3o indireta de nova hip\u00f3tese de inelegibilidade.<\/p>\n\n\n\n<p>\u2022 O STF distinguiu inelegibilidade de requisito de regularidade eleitoral.<\/p>\n\n\n\n<p>\u2022 A certid\u00e3o de quita\u00e7\u00e3o eleitoral comprova o adimplemento de deveres legais do candidato.<\/p>\n\n\n\n<p>\u2022 A exig\u00eancia decorre do dever constitucional de transpar\u00eancia e fiscaliza\u00e7\u00e3o do processo eleitoral.<\/p>\n\n\n\n<p>\u2022 A restri\u00e7\u00e3o tem natureza administrativa e tempor\u00e1ria.<\/p>\n\n\n\n<p>\u2022 N\u00e3o impede o exerc\u00edcio de direitos pol\u00edticos de forma definitiva.<\/p>\n\n\n\n<p>\u2022 N\u00e3o h\u00e1 amplia\u00e7\u00e3o do rol taxativo de inelegibilidades previsto na Constitui\u00e7\u00e3o.<\/p>\n\n\n\n<p>\u2022 A medida \u00e9 proporcional e adequada ao controle da regularidade das campanhas.<\/p>\n\n\n\n<p><strong>Conclus\u00e3o<\/strong>: \u00e9 constitucional a norma que impede a emiss\u00e3o da certid\u00e3o de quita\u00e7\u00e3o eleitoral at\u00e9 o fim da legislatura para candidatos que n\u00e3o prestarem contas de campanha, sem configurar nova hip\u00f3tese de inelegibilidade.&nbsp;&nbsp;&nbsp;&nbsp;<\/p>\n\n\n\n<h2 class=\"wp-block-heading\" id=\"h-4-nbsp-nbsp-nbsp-nbsp-nbsp-nbsp-orgaos-provisorios-partidarios-e-democracia-interna\">4.&nbsp;&nbsp;&nbsp;&nbsp;&nbsp;&nbsp; \u00d3rg\u00e3os provis\u00f3rios partid\u00e1rios e democracia interna<\/h2>\n\n\n\n<h3 class=\"wp-block-heading\" id=\"h-destaque-2\">Destaque<\/h3>\n\n\n\n<p>\u00c9 constitucional a limita\u00e7\u00e3o temporal de at\u00e9 quatro anos para a vig\u00eancia de \u00f3rg\u00e3os provis\u00f3rios partid\u00e1rios, devendo os partidos substitu\u00ed-los por diret\u00f3rios permanentes com elei\u00e7\u00f5es peri\u00f3dicas, sob pena de suspens\u00e3o de repasses dos fundos partid\u00e1rio e eleitoral.<\/p>\n\n\n\n<p>ADI 5.875\/DF, Rel. Min. Luiz Fux, Plen\u00e1rio, julgado em 28\/5\/2025.<\/p>\n\n\n\n<p><strong>Entenda o Julgado<\/strong><\/p>\n\n\n\n<p>\u2022 A a\u00e7\u00e3o questionou a constitucionalidade da limita\u00e7\u00e3o temporal para a vig\u00eancia de \u00f3rg\u00e3os provis\u00f3rios partid\u00e1rios.<\/p>\n\n\n\n<p>\u2022 A norma fixou prazo m\u00e1ximo de quatro anos para funcionamento desses \u00f3rg\u00e3os.<\/p>\n\n\n\n<p>\u2022 Ap\u00f3s esse per\u00edodo, os partidos devem instituir diret\u00f3rios permanentes mediante elei\u00e7\u00f5es peri\u00f3dicas.<\/p>\n\n\n\n<p>\u2022 O STF afirmou que a autonomia partid\u00e1ria n\u00e3o \u00e9 absoluta.<\/p>\n\n\n\n<p>\u2022 A Constitui\u00e7\u00e3o exige observ\u00e2ncia de princ\u00edpios democr\u00e1ticos na organiza\u00e7\u00e3o interna dos partidos.<\/p>\n\n\n\n<p>\u2022 \u00d3rg\u00e3os provis\u00f3rios possuem natureza excepcional e transit\u00f3ria.<\/p>\n\n\n\n<p>\u2022 A perpetua\u00e7\u00e3o desses \u00f3rg\u00e3os compromete a democracia interna e a participa\u00e7\u00e3o dos filiados.<\/p>\n\n\n\n<p>\u2022 A limita\u00e7\u00e3o temporal estimula a institucionaliza\u00e7\u00e3o e a transpar\u00eancia partid\u00e1ria.<\/p>\n\n\n\n<p>\u2022 A san\u00e7\u00e3o prevista \u2014 suspens\u00e3o do repasse dos fundos partid\u00e1rio e eleitoral \u2014 foi considerada leg\u00edtima e proporcional.<\/p>\n\n\n\n<p>\u2022 N\u00e3o h\u00e1 viola\u00e7\u00e3o ao pluralismo pol\u00edtico nem \u00e0 liberdade partid\u00e1ria.<\/p>\n\n\n\n<p><strong>Conclus\u00e3o<\/strong>: \u00e9 constitucional a limita\u00e7\u00e3o de at\u00e9 quatro anos para \u00f3rg\u00e3os provis\u00f3rios partid\u00e1rios, com exig\u00eancia de substitui\u00e7\u00e3o por diret\u00f3rios permanentes eleitos, sob pena de suspens\u00e3o de recursos p\u00fablicos.&nbsp;&nbsp;&nbsp;&nbsp;&nbsp;&nbsp;&nbsp;&nbsp;<\/p>\n\n\n\n<h2 class=\"wp-block-heading\" id=\"h-5-nbsp-nbsp-nbsp-nbsp-nbsp-nbsp-nbsp-candidaturas-avulsas-e-filiacao-partidaria\">5.&nbsp;&nbsp;&nbsp;&nbsp;&nbsp;&nbsp;&nbsp; Candidaturas avulsas e filia\u00e7\u00e3o partid\u00e1ria<\/h2>\n\n\n\n<h3 class=\"wp-block-heading\" id=\"h-destaque-3\">Destaque<\/h3>\n\n\n\n<p>N\u00e3o s\u00e3o admitidas candidaturas avulsas no sistema eleitoral brasileiro; a filia\u00e7\u00e3o partid\u00e1ria \u00e9 condi\u00e7\u00e3o constitucional de elegibilidade.<\/p>\n\n\n\n<p>RE 1.238.853\/RJ (Tema 974 RG), Rel. Min. Lu\u00eds Roberto Barroso, Plen\u00e1rio.<\/p>\n\n\n\n<p><strong>Entenda o Julgado<\/strong><\/p>\n\n\n\n<p>\u2022 O caso discutiu a possibilidade de candidaturas avulsas no sistema eleitoral brasileiro.<\/p>\n\n\n\n<p>\u2022 Questionou-se a compatibilidade dessas candidaturas com o modelo constitucional vigente.<\/p>\n\n\n\n<p>\u2022 O STF afirmou que a Constitui\u00e7\u00e3o adotou sistema eleitoral fundado nos partidos pol\u00edticos.<\/p>\n\n\n\n<p>\u2022 A filia\u00e7\u00e3o partid\u00e1ria \u00e9 condi\u00e7\u00e3o constitucional expressa de elegibilidade.<\/p>\n\n\n\n<p>\u2022 O texto constitucional n\u00e3o admite candidaturas independentes.<\/p>\n\n\n\n<p>\u2022 A exig\u00eancia refor\u00e7a a democracia representativa e o pluralismo pol\u00edtico organizado.<\/p>\n\n\n\n<p>\u2022 Eventual mudan\u00e7a do modelo depende de reforma constitucional.<\/p>\n\n\n\n<p>\u2022 N\u00e3o cabe ao Poder Judici\u00e1rio afastar requisito constitucional expl\u00edcito.<\/p>\n\n\n\n<p><strong>Conclus\u00e3o<\/strong>: n\u00e3o s\u00e3o admitidas candidaturas avulsas no sistema eleitoral brasileiro, sendo a filia\u00e7\u00e3o partid\u00e1ria condi\u00e7\u00e3o constitucional de elegibilidade.&nbsp;&nbsp;&nbsp;&nbsp;<\/p>\n\n\n\n<h2 class=\"wp-block-heading\" id=\"h-6-nbsp-nbsp-nbsp-nbsp-nbsp-nbsp-nbsp-licenciamento-ambiental-e-protecao-constitucional-do-meio-ambiente\">6.&nbsp;&nbsp;&nbsp;&nbsp;&nbsp;&nbsp;&nbsp; Licenciamento ambiental e prote\u00e7\u00e3o constitucional do meio ambiente<\/h2>\n\n\n\n<h3 class=\"wp-block-heading\" id=\"h-destaque-4\">Destaque<\/h3>\n\n\n\n<p>\u00c9 inconstitucional norma estadual que flexibiliza o licenciamento ambiental de forma gen\u00e9rica, sem crit\u00e9rios t\u00e9cnicos definidos, ou que transfere quest\u00f5es sociais relevantes para fases finais do procedimento, em viola\u00e7\u00e3o ao art. 225 da Constitui\u00e7\u00e3o Federal.<\/p>\n\n\n\n<p>ADI 6.618\/RS, rel. Min. Cristiano Zanin, Plen\u00e1rio, julgamento finalizado em 4\/4\/2025.<\/p>\n\n\n\n<p><strong>Entenda o Julgado<\/strong><\/p>\n\n\n\n<p>\u2022 A a\u00e7\u00e3o questionou norma estadual que promoveu flexibiliza\u00e7\u00e3o ampla do licenciamento ambiental.<\/p>\n\n\n\n<p>\u2022 A lei permitiu dispensa ou simplifica\u00e7\u00e3o gen\u00e9rica do procedimento, sem defini\u00e7\u00e3o pr\u00e9via de crit\u00e9rios t\u00e9cnicos objetivos.<\/p>\n\n\n\n<p>\u2022 O STF afirmou que o licenciamento ambiental \u00e9 instrumento central da pol\u00edtica ambiental.<\/p>\n\n\n\n<p>\u2022 O art. 225 da Constitui\u00e7\u00e3o imp\u00f5e deveres de prote\u00e7\u00e3o preventiva ao Poder P\u00fablico.<\/p>\n\n\n\n<p>\u2022 A flexibiliza\u00e7\u00e3o normativa n\u00e3o pode esvaziar a an\u00e1lise t\u00e9cnica dos impactos ambientais.<\/p>\n\n\n\n<p>\u2022 A aus\u00eancia de par\u00e2metros t\u00e9cnicos viola o princ\u00edpio da preven\u00e7\u00e3o.<\/p>\n\n\n\n<p>\u2022 A norma tamb\u00e9m transferiu a an\u00e1lise de impactos sociais relevantes para fases posteriores do procedimento.<\/p>\n\n\n\n<p>\u2022 O STF entendeu que tais impactos devem ser avaliados desde o in\u00edcio do licenciamento.<\/p>\n\n\n\n<p>\u2022 A posterga\u00e7\u00e3o compromete a participa\u00e7\u00e3o informada e a efetividade do controle ambiental.<\/p>\n\n\n\n<p>\u2022 A lei estadual violou o dever constitucional de tutela adequada do meio ambiente.<\/p>\n\n\n\n<p><strong>Conclus\u00e3o<\/strong>: \u00e9 inconstitucional norma estadual que flexibiliza genericamente o licenciamento ambiental sem crit\u00e9rios t\u00e9cnicos definidos ou que posterga a an\u00e1lise de impactos sociais relevantes, em afronta ao art. 225 da Constitui\u00e7\u00e3o Federal.&nbsp;&nbsp;&nbsp;&nbsp;<\/p>\n\n\n\n<h2 class=\"wp-block-heading\" id=\"h-7-nbsp-nbsp-nbsp-nbsp-nbsp-nbsp-nbsp-protecao-do-bioma-amazonico-e-vedacao-ao-retrocesso-ambiental\">7.&nbsp;&nbsp;&nbsp;&nbsp;&nbsp;&nbsp;&nbsp; Prote\u00e7\u00e3o do Bioma Amaz\u00f4nico e veda\u00e7\u00e3o ao retrocesso ambiental<\/h2>\n\n\n\n<h3 class=\"wp-block-heading\" id=\"h-destaque-5\">Destaque<\/h3>\n\n\n\n<p>S\u00e3o inconstitucionais normas estaduais que redefinem o conceito de floresta e reduzem \u00e1reas de reserva legal no Bioma Amaz\u00f4nico, por violarem normas gerais federais e o princ\u00edpio da veda\u00e7\u00e3o ao retrocesso ambiental.<\/p>\n\n\n\n<p>ADI 7.841\/MA, Rel. Min. Dias Toffoli, Plen\u00e1rio, julgamento virtual finalizado em 01\/12\/2025.<\/p>\n\n\n\n<p><strong>Entenda o Julgado<\/strong><\/p>\n\n\n\n<p>\u2022 A a\u00e7\u00e3o impugnou normas estaduais que redefiniram o conceito de floresta no Bioma Amaz\u00f4nico.<\/p>\n\n\n\n<p>\u2022 As leis estaduais reduziram, de forma indireta, as \u00e1reas sujeitas a reserva legal.<\/p>\n\n\n\n<p>\u2022 A altera\u00e7\u00e3o normativa contrariou os par\u00e2metros estabelecidos na legisla\u00e7\u00e3o ambiental federal.<\/p>\n\n\n\n<p>\u2022 O STF reafirmou que cabe \u00e0 Uni\u00e3o editar normas gerais sobre prote\u00e7\u00e3o ambiental.<\/p>\n\n\n\n<p>\u2022 <strong>Estados podem suplementar a legisla\u00e7\u00e3o ambiental federal, mas n\u00e3o flexibiliz\u00e1-la ou esvazi\u00e1-la<\/strong>.<\/p>\n\n\n\n<p>\u2022 A redefini\u00e7\u00e3o do conceito de floresta produziu redu\u00e7\u00e3o do n\u00edvel de prote\u00e7\u00e3o ambiental.<\/p>\n\n\n\n<p>\u2022 A diminui\u00e7\u00e3o de \u00e1reas de reserva legal compromete a integridade ecol\u00f3gica do Bioma Amaz\u00f4nico.<\/p>\n\n\n\n<p>\u2022 O STF aplicou o princ\u00edpio da veda\u00e7\u00e3o ao retrocesso ambiental.<\/p>\n\n\n\n<p>\u2022 \u00c9 vedada a ado\u00e7\u00e3o de medidas normativas que impliquem regress\u00e3o injustificada na tutela do meio ambiente.<\/p>\n\n\n\n<p>\u2022 A prote\u00e7\u00e3o ambiental deve observar patamar m\u00ednimo uniforme em todo o territ\u00f3rio nacional.<\/p>\n\n\n\n<p><strong>Conclus\u00e3o<\/strong>: s\u00e3o inconstitucionais normas estaduais que redefinem o conceito de floresta e reduzem \u00e1reas de reserva legal no Bioma Amaz\u00f4nico, por viola\u00e7\u00e3o \u00e0s normas gerais federais e ao princ\u00edpio da veda\u00e7\u00e3o ao retrocesso ambiental.&nbsp;&nbsp;&nbsp;&nbsp;<\/p>\n\n\n\n<h2 class=\"wp-block-heading\" id=\"h-8-nbsp-nbsp-nbsp-nbsp-nbsp-nbsp-nbsp-revisao-da-vida-toda-e-irrepetibilidade-de-verbas-previdenciarias\">8.&nbsp;&nbsp;&nbsp;&nbsp;&nbsp;&nbsp;&nbsp; Revis\u00e3o da vida toda e irrepetibilidade de verbas previdenci\u00e1rias<\/h2>\n\n\n\n<h3 class=\"wp-block-heading\" id=\"h-destaque-6\">Destaque<\/h3>\n\n\n\n<p>\u00c9 vedada a devolu\u00e7\u00e3o dos valores recebidos at\u00e9 5 de abril de 2024 por segurados do INSS com base na tese da \u201crevis\u00e3o da vida toda\u201d, em respeito \u00e0 seguran\u00e7a jur\u00eddica e ao princ\u00edpio da irrepetibilidade das verbas alimentares.<\/p>\n\n\n\n<p>ADI 2.111 ED-ED\/DF, Rel. Min. Nunes Marques, Plen\u00e1rio, julgamento em 10\/4\/2025.<\/p>\n\n\n\n<p><strong>Entenda o Julgado<\/strong><\/p>\n\n\n\n<p>\u2022 O caso tratou dos efeitos patrimoniais da altera\u00e7\u00e3o de entendimento do STF sobre a chamada \u201c<em>revis\u00e3o da vida toda\u201d.<\/em><\/p>\n\n\n\n<p>\u2022 Discutiu-se a possibilidade de devolu\u00e7\u00e3o dos valores j\u00e1 recebidos por segurados do INSS com base na tese anteriormente acolhida.<\/p>\n\n\n\n<p>\u2022 O STF considerou a boa-f\u00e9 dos segurados que obtiveram pagamentos por decis\u00e3o judicial ou administrativa v\u00e1lida \u00e0 \u00e9poca.<\/p>\n\n\n\n<p>\u2022 As presta\u00e7\u00f5es previdenci\u00e1rias possuem natureza alimentar.<\/p>\n\n\n\n<p>\u2022 Aplica-se o princ\u00edpio da irrepetibilidade das verbas alimentares.<\/p>\n\n\n\n<p>\u2022 A Corte destacou a necessidade de preserva\u00e7\u00e3o da seguran\u00e7a jur\u00eddica e da confian\u00e7a leg\u00edtima.<\/p>\n\n\n\n<p>\u2022 Fixou-se marco temporal objetivo para a prote\u00e7\u00e3o dos valores recebidos.<\/p>\n\n\n\n<p>\u2022 \u00c9 vedada a devolu\u00e7\u00e3o das quantias percebidas at\u00e9 5 de abril de 2024.<\/p>\n\n\n\n<p>\u2022 A veda\u00e7\u00e3o alcan\u00e7a pagamentos efetuados antes da mudan\u00e7a definitiva de entendimento do Tribunal.<\/p>\n\n\n\n<p><strong>Conclus\u00e3o<\/strong>: \u00e9 vedada a devolu\u00e7\u00e3o dos valores recebidos at\u00e9 5 de abril de 2024 por segurados do INSS com base na tese da \u201crevis\u00e3o da vida toda\u201d, em respeito \u00e0 seguran\u00e7a jur\u00eddica e \u00e0 irrepetibilidade das verbas alimentares. &nbsp;&nbsp;&nbsp;&nbsp;<\/p>\n\n\n\n<h2 class=\"wp-block-heading\" id=\"h-9-nbsp-nbsp-nbsp-nbsp-nbsp-nbsp-nbsp-empresas-estatais-e-regime-falimentar\">9.&nbsp;&nbsp;&nbsp;&nbsp;&nbsp;&nbsp;&nbsp; Empresas estatais e regime falimentar<\/h2>\n\n\n\n<h3 class=\"wp-block-heading\" id=\"h-destaque-7\">Destaque<\/h3>\n\n\n\n<p>\u00c9 constitucional o art. 2\u00ba, I, da Lei 11.101\/2005, que exclui as empresas p\u00fablicas e sociedades de economia mista do regime de fal\u00eancia e recupera\u00e7\u00e3o judicial, ainda que desempenhem atividades em concorr\u00eancia com a iniciativa privada, em raz\u00e3o do interesse p\u00fablico envolvido e do princ\u00edpio do paralelismo das formas.<\/p>\n\n\n\n<p>RE 1.249.945\/MG (Tema 1.101 RG), Rel. Min. Fl\u00e1vio Dino, Plen\u00e1rio, julgamento virtual finalizado em 17\/10\/2025.<\/p>\n\n\n\n<p><strong>Entenda o Julgado<\/strong><\/p>\n\n\n\n<p>\u2022 O caso discutiu a constitucionalidade do art. 2\u00ba, I, da Lei n\u00ba 11.101\/2005, que exclui empresas p\u00fablicas e sociedades de economia mista do regime de fal\u00eancia e recupera\u00e7\u00e3o judicial.<\/p>\n\n\n\n<p>\u2022 Questionou-se a aplica\u00e7\u00e3o da exclus\u00e3o a estatais que atuam em regime de concorr\u00eancia com a iniciativa privada.<\/p>\n\n\n\n<p>\u2022 O STF afirmou que a Constitui\u00e7\u00e3o confere tratamento jur\u00eddico diferenciado \u00e0s empresas estatais.<\/p>\n\n\n\n<p>\u2022 A exclus\u00e3o do regime falimentar decorre da natureza p\u00fablica do capital e das finalidades institucionais envolvidas.<\/p>\n\n\n\n<p>\u2022 A submiss\u00e3o \u00e0 fal\u00eancia comprometeria a continuidade de servi\u00e7os e interesses p\u00fablicos relevantes.<\/p>\n\n\n\n<p>\u2022 O princ\u00edpio do paralelismo das formas justifica que a extin\u00e7\u00e3o dessas entidades observe procedimentos pr\u00f3prios de direito p\u00fablico.<\/p>\n\n\n\n<p>\u2022 <strong>A eventual concorr\u00eancia com a iniciativa privada n\u00e3o afasta o interesse p\u00fablico subjacente<\/strong>.<\/p>\n\n\n\n<p>\u2022 O legislador possui margem para definir regimes jur\u00eddicos compat\u00edveis com a fun\u00e7\u00e3o estatal desempenhada.<\/p>\n\n\n\n<p>\u2022 A norma n\u00e3o viola a livre concorr\u00eancia nem a isonomia de forma inconstitucional.<\/p>\n\n\n\n<p><strong>Conclus\u00e3o<\/strong>: \u00e9 constitucional o art. 2\u00ba, I, da Lei n\u00ba 11.101\/2005, que exclui empresas p\u00fablicas e sociedades de economia mista do regime de fal\u00eancia e recupera\u00e7\u00e3o judicial, ainda que atuem em concorr\u00eancia com a iniciativa privada, em raz\u00e3o do interesse p\u00fablico envolvido e do paralelismo das formas.&nbsp;&nbsp;&nbsp;&nbsp;<\/p>\n\n\n\n<p>***<\/p>\n\n\n\n<div data-wp-interactive=\"core\/file\" class=\"wp-block-file\"><object aria-label=\"Incorporar PDF\" data-wp-bind--hidden=\"!state.hasPdfPreview\" hidden><\/object><a id=\"wp-block-file--media-572201e9-8dbf-4bf0-a91f-a66a53a509c8\" href=\"https:\/\/dhg1h5j42swfq.cloudfront.net\/2026\/01\/28013735\/stf-rev-2025-4.pdf\">STF &#8211; Rev 2025.4<\/a><a href=\"https:\/\/dhg1h5j42swfq.cloudfront.net\/2026\/01\/28013735\/stf-rev-2025-4.pdf\" class=\"wp-block-file__button wp-element-button\" download aria-describedby=\"wp-block-file--media-572201e9-8dbf-4bf0-a91f-a66a53a509c8\">Baixar<\/a><\/div>\n\n\n\n<p><\/p>\n","protected":false},"excerpt":{"rendered":"<p>DOWNLOAD do PDF 1.&nbsp;&nbsp;&nbsp;&nbsp;&nbsp;&nbsp;&nbsp;&nbsp;&nbsp; Transporte a\u00e9reo internacional de cargas e Conven\u00e7\u00f5es de Vars\u00f3via e Montreal Destaque As Conven\u00e7\u00f5es de Vars\u00f3via e Montreal s\u00e3o aplicadas \u00e0s hip\u00f3teses de danos materiais decorrentes de contrato de transporte a\u00e9reo internacional de cargas e mercadorias. RE 1.520.841\/SP, relator Ministro Presidente, julgamento finalizado no Plen\u00e1rio Virtual em 03.02.2025 (Info 1164). Entenda [&hellip;]<\/p>\n","protected":false},"author":833,"featured_media":0,"comment_status":"open","ping_status":"closed","sticky":false,"template":"","format":"standard","meta":{"post_tipo":"article","footnotes":""},"categories":[1],"tags":[],"tax_estado":[],"class_list":["post-1706106","post","type-post","status-publish","format-standard","hentry","category-cursos-e-concursos"],"acf":[],"yoast_head":"<!-- This site is optimized with the Yoast SEO Premium plugin v27.2 (Yoast SEO v27.2) - https:\/\/yoast.com\/product\/yoast-seo-premium-wordpress\/ -->\n<title>Informativo STF - Revis\u00e3o 2025 Parte 4<\/title>\n<meta name=\"robots\" content=\"index, follow, max-snippet:-1, max-image-preview:large, max-video-preview:-1\" \/>\n<link rel=\"canonical\" href=\"https:\/\/www.estrategiaconcursos.com.br\/blog\/informativo-stf-revisao-2025-parte-4\/\" \/>\n<meta property=\"og:locale\" content=\"pt_BR\" \/>\n<meta property=\"og:type\" content=\"article\" \/>\n<meta property=\"og:title\" content=\"Informativo STF - Revis\u00e3o 2025 Parte 4\" \/>\n<meta property=\"og:description\" content=\"DOWNLOAD do PDF 1.&nbsp;&nbsp;&nbsp;&nbsp;&nbsp;&nbsp;&nbsp;&nbsp;&nbsp; Transporte a\u00e9reo internacional de cargas e Conven\u00e7\u00f5es de Vars\u00f3via e Montreal Destaque As Conven\u00e7\u00f5es de Vars\u00f3via e Montreal s\u00e3o aplicadas \u00e0s hip\u00f3teses de danos materiais decorrentes de contrato de transporte a\u00e9reo internacional de cargas e mercadorias. RE 1.520.841\/SP, relator Ministro Presidente, julgamento finalizado no Plen\u00e1rio Virtual em 03.02.2025 (Info 1164). Entenda [&hellip;]\" \/>\n<meta property=\"og:url\" content=\"https:\/\/www.estrategiaconcursos.com.br\/blog\/informativo-stf-revisao-2025-parte-4\/\" \/>\n<meta property=\"og:site_name\" content=\"Estrat\u00e9gia Concursos\" \/>\n<meta property=\"article:published_time\" content=\"2026-01-28T04:37:57+00:00\" \/>\n<meta property=\"article:modified_time\" content=\"2026-01-28T04:37:59+00:00\" \/>\n<meta name=\"author\" content=\"Jean Vilbert\" \/>\n<meta name=\"twitter:card\" content=\"summary_large_image\" \/>\n<meta name=\"twitter:creator\" content=\"@EstratConcursos\" \/>\n<meta name=\"twitter:site\" content=\"@EstratConcursos\" \/>\n<meta name=\"twitter:label1\" content=\"Escrito por\" \/>\n\t<meta name=\"twitter:data1\" content=\"Jean Vilbert\" \/>\n\t<meta name=\"twitter:label2\" content=\"Est. tempo de leitura\" \/>\n\t<meta name=\"twitter:data2\" content=\"12 minutos\" \/>\n<script type=\"application\/ld+json\" class=\"yoast-schema-graph\">{\"@context\":\"https:\/\/schema.org\",\"@graph\":[{\"@type\":\"NewsArticle\",\"@id\":\"https:\/\/www.estrategiaconcursos.com.br\/blog\/informativo-stf-revisao-2025-parte-4\/#article\",\"isPartOf\":{\"@id\":\"https:\/\/www.estrategiaconcursos.com.br\/blog\/informativo-stf-revisao-2025-parte-4\/\"},\"author\":{\"name\":\"Jean Vilbert\",\"@id\":\"https:\/\/www.estrategiaconcursos.com.br\/blog\/#\/schema\/person\/475a0922f10cff0d1bc8bfecde05f999\"},\"headline\":\"Informativo STF &#8211; Revis\u00e3o 2025 Parte 4\",\"datePublished\":\"2026-01-28T04:37:57+00:00\",\"dateModified\":\"2026-01-28T04:37:59+00:00\",\"mainEntityOfPage\":{\"@id\":\"https:\/\/www.estrategiaconcursos.com.br\/blog\/informativo-stf-revisao-2025-parte-4\/\"},\"wordCount\":2356,\"commentCount\":0,\"publisher\":{\"@id\":\"https:\/\/www.estrategiaconcursos.com.br\/blog\/#organization\"},\"articleSection\":[\"Concursos P\u00fablicos\"],\"inLanguage\":\"pt-BR\",\"potentialAction\":[{\"@type\":\"CommentAction\",\"name\":\"Comment\",\"target\":[\"https:\/\/www.estrategiaconcursos.com.br\/blog\/informativo-stf-revisao-2025-parte-4\/#respond\"]}],\"copyrightYear\":\"2026\",\"copyrightHolder\":{\"@id\":\"https:\/\/www.estrategiaconcursos.com.br\/blog\/#organization\"}},{\"@type\":\"WebPage\",\"@id\":\"https:\/\/www.estrategiaconcursos.com.br\/blog\/informativo-stf-revisao-2025-parte-4\/\",\"url\":\"https:\/\/www.estrategiaconcursos.com.br\/blog\/informativo-stf-revisao-2025-parte-4\/\",\"name\":\"Informativo STF - Revis\u00e3o 2025 Parte 4\",\"isPartOf\":{\"@id\":\"https:\/\/www.estrategiaconcursos.com.br\/blog\/#website\"},\"datePublished\":\"2026-01-28T04:37:57+00:00\",\"dateModified\":\"2026-01-28T04:37:59+00:00\",\"breadcrumb\":{\"@id\":\"https:\/\/www.estrategiaconcursos.com.br\/blog\/informativo-stf-revisao-2025-parte-4\/#breadcrumb\"},\"inLanguage\":\"pt-BR\",\"potentialAction\":[{\"@type\":\"ReadAction\",\"target\":[\"https:\/\/www.estrategiaconcursos.com.br\/blog\/informativo-stf-revisao-2025-parte-4\/\"]}]},{\"@type\":\"BreadcrumbList\",\"@id\":\"https:\/\/www.estrategiaconcursos.com.br\/blog\/informativo-stf-revisao-2025-parte-4\/#breadcrumb\",\"itemListElement\":[{\"@type\":\"ListItem\",\"position\":1,\"name\":\"In\u00edcio\",\"item\":\"https:\/\/www.estrategiaconcursos.com.br\/blog\/\"},{\"@type\":\"ListItem\",\"position\":2,\"name\":\"Informativo STF &#8211; Revis\u00e3o 2025 Parte 4\"}]},{\"@type\":\"WebSite\",\"@id\":\"https:\/\/www.estrategiaconcursos.com.br\/blog\/#website\",\"url\":\"https:\/\/www.estrategiaconcursos.com.br\/blog\/\",\"name\":\"Estrat\u00e9gia Concursos\",\"description\":\"O blog da Estrat\u00e9gia Concursos traz not\u00edcias sobre concursos e artigos de professores oferecendo cursos para concursos (pdf + videaulas) no site.\",\"publisher\":{\"@id\":\"https:\/\/www.estrategiaconcursos.com.br\/blog\/#organization\"},\"potentialAction\":[{\"@type\":\"SearchAction\",\"target\":{\"@type\":\"EntryPoint\",\"urlTemplate\":\"https:\/\/www.estrategiaconcursos.com.br\/blog\/?s={search_term_string}\"},\"query-input\":{\"@type\":\"PropertyValueSpecification\",\"valueRequired\":true,\"valueName\":\"search_term_string\"}}],\"inLanguage\":\"pt-BR\"},{\"@type\":\"Organization\",\"@id\":\"https:\/\/www.estrategiaconcursos.com.br\/blog\/#organization\",\"name\":\"Estrat\u00e9gia Concursos\",\"url\":\"https:\/\/www.estrategiaconcursos.com.br\/blog\/\",\"logo\":{\"@type\":\"ImageObject\",\"inLanguage\":\"pt-BR\",\"@id\":\"https:\/\/www.estrategiaconcursos.com.br\/blog\/#\/schema\/logo\/image\/\",\"url\":\"https:\/\/dhg1h5j42swfq.cloudfront.net\/2025\/06\/03203428\/logo_concursos-1.jpg\",\"contentUrl\":\"https:\/\/dhg1h5j42swfq.cloudfront.net\/2025\/06\/03203428\/logo_concursos-1.jpg\",\"width\":230,\"height\":60,\"caption\":\"Estrat\u00e9gia Concursos\"},\"image\":{\"@id\":\"https:\/\/www.estrategiaconcursos.com.br\/blog\/#\/schema\/logo\/image\/\"},\"sameAs\":[\"https:\/\/x.com\/EstratConcursos\"]},{\"@type\":\"Person\",\"@id\":\"https:\/\/www.estrategiaconcursos.com.br\/blog\/#\/schema\/person\/475a0922f10cff0d1bc8bfecde05f999\",\"name\":\"Jean Vilbert\",\"image\":{\"@type\":\"ImageObject\",\"inLanguage\":\"pt-BR\",\"@id\":\"https:\/\/secure.gravatar.com\/avatar\/1667694e4ebdd32feeac9ea2794de3f0470b5c55c6198181ab0b0c333b121921?s=96&d=mm&r=g\",\"url\":\"https:\/\/secure.gravatar.com\/avatar\/1667694e4ebdd32feeac9ea2794de3f0470b5c55c6198181ab0b0c333b121921?s=96&d=mm&r=g\",\"contentUrl\":\"https:\/\/secure.gravatar.com\/avatar\/1667694e4ebdd32feeac9ea2794de3f0470b5c55c6198181ab0b0c333b121921?s=96&d=mm&r=g\",\"caption\":\"Jean Vilbert\"},\"url\":\"https:\/\/www.estrategiaconcursos.com.br\/blog\/author\/jeanvilbertgmail-com\/\"}]}<\/script>\n<!-- \/ Yoast SEO Premium plugin. -->","yoast_head_json":{"title":"Informativo STF - Revis\u00e3o 2025 Parte 4","robots":{"index":"index","follow":"follow","max-snippet":"max-snippet:-1","max-image-preview":"max-image-preview:large","max-video-preview":"max-video-preview:-1"},"canonical":"https:\/\/www.estrategiaconcursos.com.br\/blog\/informativo-stf-revisao-2025-parte-4\/","og_locale":"pt_BR","og_type":"article","og_title":"Informativo STF - Revis\u00e3o 2025 Parte 4","og_description":"DOWNLOAD do PDF 1.&nbsp;&nbsp;&nbsp;&nbsp;&nbsp;&nbsp;&nbsp;&nbsp;&nbsp; Transporte a\u00e9reo internacional de cargas e Conven\u00e7\u00f5es de Vars\u00f3via e Montreal Destaque As Conven\u00e7\u00f5es de Vars\u00f3via e Montreal s\u00e3o aplicadas \u00e0s hip\u00f3teses de danos materiais decorrentes de contrato de transporte a\u00e9reo internacional de cargas e mercadorias. RE 1.520.841\/SP, relator Ministro Presidente, julgamento finalizado no Plen\u00e1rio Virtual em 03.02.2025 (Info 1164). Entenda [&hellip;]","og_url":"https:\/\/www.estrategiaconcursos.com.br\/blog\/informativo-stf-revisao-2025-parte-4\/","og_site_name":"Estrat\u00e9gia Concursos","article_published_time":"2026-01-28T04:37:57+00:00","article_modified_time":"2026-01-28T04:37:59+00:00","author":"Jean Vilbert","twitter_card":"summary_large_image","twitter_creator":"@EstratConcursos","twitter_site":"@EstratConcursos","twitter_misc":{"Escrito por":"Jean Vilbert","Est. tempo de leitura":"12 minutos"},"schema":{"@context":"https:\/\/schema.org","@graph":[{"@type":"NewsArticle","@id":"https:\/\/www.estrategiaconcursos.com.br\/blog\/informativo-stf-revisao-2025-parte-4\/#article","isPartOf":{"@id":"https:\/\/www.estrategiaconcursos.com.br\/blog\/informativo-stf-revisao-2025-parte-4\/"},"author":{"name":"Jean Vilbert","@id":"https:\/\/www.estrategiaconcursos.com.br\/blog\/#\/schema\/person\/475a0922f10cff0d1bc8bfecde05f999"},"headline":"Informativo STF &#8211; Revis\u00e3o 2025 Parte 4","datePublished":"2026-01-28T04:37:57+00:00","dateModified":"2026-01-28T04:37:59+00:00","mainEntityOfPage":{"@id":"https:\/\/www.estrategiaconcursos.com.br\/blog\/informativo-stf-revisao-2025-parte-4\/"},"wordCount":2356,"commentCount":0,"publisher":{"@id":"https:\/\/www.estrategiaconcursos.com.br\/blog\/#organization"},"articleSection":["Concursos P\u00fablicos"],"inLanguage":"pt-BR","potentialAction":[{"@type":"CommentAction","name":"Comment","target":["https:\/\/www.estrategiaconcursos.com.br\/blog\/informativo-stf-revisao-2025-parte-4\/#respond"]}],"copyrightYear":"2026","copyrightHolder":{"@id":"https:\/\/www.estrategiaconcursos.com.br\/blog\/#organization"}},{"@type":"WebPage","@id":"https:\/\/www.estrategiaconcursos.com.br\/blog\/informativo-stf-revisao-2025-parte-4\/","url":"https:\/\/www.estrategiaconcursos.com.br\/blog\/informativo-stf-revisao-2025-parte-4\/","name":"Informativo STF - Revis\u00e3o 2025 Parte 4","isPartOf":{"@id":"https:\/\/www.estrategiaconcursos.com.br\/blog\/#website"},"datePublished":"2026-01-28T04:37:57+00:00","dateModified":"2026-01-28T04:37:59+00:00","breadcrumb":{"@id":"https:\/\/www.estrategiaconcursos.com.br\/blog\/informativo-stf-revisao-2025-parte-4\/#breadcrumb"},"inLanguage":"pt-BR","potentialAction":[{"@type":"ReadAction","target":["https:\/\/www.estrategiaconcursos.com.br\/blog\/informativo-stf-revisao-2025-parte-4\/"]}]},{"@type":"BreadcrumbList","@id":"https:\/\/www.estrategiaconcursos.com.br\/blog\/informativo-stf-revisao-2025-parte-4\/#breadcrumb","itemListElement":[{"@type":"ListItem","position":1,"name":"In\u00edcio","item":"https:\/\/www.estrategiaconcursos.com.br\/blog\/"},{"@type":"ListItem","position":2,"name":"Informativo STF &#8211; Revis\u00e3o 2025 Parte 4"}]},{"@type":"WebSite","@id":"https:\/\/www.estrategiaconcursos.com.br\/blog\/#website","url":"https:\/\/www.estrategiaconcursos.com.br\/blog\/","name":"Estrat\u00e9gia Concursos","description":"O blog da Estrat\u00e9gia Concursos traz not\u00edcias sobre concursos e artigos de professores oferecendo cursos para concursos (pdf + videaulas) no site.","publisher":{"@id":"https:\/\/www.estrategiaconcursos.com.br\/blog\/#organization"},"potentialAction":[{"@type":"SearchAction","target":{"@type":"EntryPoint","urlTemplate":"https:\/\/www.estrategiaconcursos.com.br\/blog\/?s={search_term_string}"},"query-input":{"@type":"PropertyValueSpecification","valueRequired":true,"valueName":"search_term_string"}}],"inLanguage":"pt-BR"},{"@type":"Organization","@id":"https:\/\/www.estrategiaconcursos.com.br\/blog\/#organization","name":"Estrat\u00e9gia Concursos","url":"https:\/\/www.estrategiaconcursos.com.br\/blog\/","logo":{"@type":"ImageObject","inLanguage":"pt-BR","@id":"https:\/\/www.estrategiaconcursos.com.br\/blog\/#\/schema\/logo\/image\/","url":"https:\/\/dhg1h5j42swfq.cloudfront.net\/2025\/06\/03203428\/logo_concursos-1.jpg","contentUrl":"https:\/\/dhg1h5j42swfq.cloudfront.net\/2025\/06\/03203428\/logo_concursos-1.jpg","width":230,"height":60,"caption":"Estrat\u00e9gia Concursos"},"image":{"@id":"https:\/\/www.estrategiaconcursos.com.br\/blog\/#\/schema\/logo\/image\/"},"sameAs":["https:\/\/x.com\/EstratConcursos"]},{"@type":"Person","@id":"https:\/\/www.estrategiaconcursos.com.br\/blog\/#\/schema\/person\/475a0922f10cff0d1bc8bfecde05f999","name":"Jean Vilbert","image":{"@type":"ImageObject","inLanguage":"pt-BR","@id":"https:\/\/secure.gravatar.com\/avatar\/1667694e4ebdd32feeac9ea2794de3f0470b5c55c6198181ab0b0c333b121921?s=96&d=mm&r=g","url":"https:\/\/secure.gravatar.com\/avatar\/1667694e4ebdd32feeac9ea2794de3f0470b5c55c6198181ab0b0c333b121921?s=96&d=mm&r=g","contentUrl":"https:\/\/secure.gravatar.com\/avatar\/1667694e4ebdd32feeac9ea2794de3f0470b5c55c6198181ab0b0c333b121921?s=96&d=mm&r=g","caption":"Jean Vilbert"},"url":"https:\/\/www.estrategiaconcursos.com.br\/blog\/author\/jeanvilbertgmail-com\/"}]}},"_links":{"self":[{"href":"https:\/\/www.estrategiaconcursos.com.br\/blog\/wp-json\/wp\/v2\/posts\/1706106","targetHints":{"allow":["GET"]}}],"collection":[{"href":"https:\/\/www.estrategiaconcursos.com.br\/blog\/wp-json\/wp\/v2\/posts"}],"about":[{"href":"https:\/\/www.estrategiaconcursos.com.br\/blog\/wp-json\/wp\/v2\/types\/post"}],"author":[{"embeddable":true,"href":"https:\/\/www.estrategiaconcursos.com.br\/blog\/wp-json\/wp\/v2\/users\/833"}],"replies":[{"embeddable":true,"href":"https:\/\/www.estrategiaconcursos.com.br\/blog\/wp-json\/wp\/v2\/comments?post=1706106"}],"version-history":[{"count":1,"href":"https:\/\/www.estrategiaconcursos.com.br\/blog\/wp-json\/wp\/v2\/posts\/1706106\/revisions"}],"predecessor-version":[{"id":1706108,"href":"https:\/\/www.estrategiaconcursos.com.br\/blog\/wp-json\/wp\/v2\/posts\/1706106\/revisions\/1706108"}],"wp:attachment":[{"href":"https:\/\/www.estrategiaconcursos.com.br\/blog\/wp-json\/wp\/v2\/media?parent=1706106"}],"wp:term":[{"taxonomy":"category","embeddable":true,"href":"https:\/\/www.estrategiaconcursos.com.br\/blog\/wp-json\/wp\/v2\/categories?post=1706106"},{"taxonomy":"post_tag","embeddable":true,"href":"https:\/\/www.estrategiaconcursos.com.br\/blog\/wp-json\/wp\/v2\/tags?post=1706106"},{"taxonomy":"tax_estado","embeddable":true,"href":"https:\/\/www.estrategiaconcursos.com.br\/blog\/wp-json\/wp\/v2\/tax_estado?post=1706106"}],"curies":[{"name":"wp","href":"https:\/\/api.w.org\/{rel}","templated":true}]}}