{"id":1705853,"date":"2026-01-27T15:30:47","date_gmt":"2026-01-27T18:30:47","guid":{"rendered":"https:\/\/www.estrategiaconcursos.com.br\/blog\/?p=1705853"},"modified":"2026-01-29T16:32:29","modified_gmt":"2026-01-29T19:32:29","slug":"concurso-sefaz-pr-2026-sugestoes-recursos","status":"publish","type":"post","link":"https:\/\/www.estrategiaconcursos.com.br\/blog\/concurso-sefaz-pr-2026-sugestoes-recursos\/","title":{"rendered":"Concurso Sefaz PR: confira as sugest\u00f5es de recursos!"},"content":{"rendered":"\n<p><em><strong>Quer interpor recursos contra os gabaritos do concurso Sefaz PR? Confira as possibilidades neste artigo!<\/strong><\/em><\/p>\n\n\n\n<p><strong>Foram aplicadas as <\/strong><strong>provas objetivas (P1) do concurso Sefaz PR<\/strong> (<a href=\"https:\/\/www.estrategiaconcursos.com.br\/cursosPorConcurso\/secretaria-da-fazenda-do-estado-do-parana-sefaz-pr\/\" target=\"_blank\" rel=\"noreferrer noopener\">Secretaria de Estado da Fazenda do Paran\u00e1<\/a> no \u00faltimo domingo, 25 de janeiro. Com isso, j\u00e1 foram divulgados os gabaritos preliminares da etapa.&nbsp;<\/p>\n\n\n\n<p>O acesso deve ser feito por meio de um&nbsp;<a href=\"https:\/\/security.cebraspe.org.br\/SEFA_PR_25\/Recursos\/Objetiva\/GabaritoPreliminar_0D38E633-8895-4396-9E4A\/\" target=\"_blank\" rel=\"noreferrer noopener\">link espec\u00edfico<\/a>, que direciona para o site da banca organizadora, o Cebraspe.<\/p>\n\n\n\n<p>Pretende&nbsp;<strong>interpor recurso contra o gabarito do concurso Sefaz PR &#8211; Analista Fazend\u00e1rio<\/strong>? Ent\u00e3o, aten\u00e7\u00e3o: todo o processo deve ser realizado em link espec\u00edfico no site do <a href=\"https:\/\/www.cebraspe.org.br\/concursos\/TCE_MG_25?utm_source=google&amp;utm_medium=cpc&amp;utm_campaign=ec-tri-vd-gsh-guiatjrj-semesp-260525\" target=\"_blank\" rel=\"noreferrer noopener\">Cebraspe<\/a>.<\/p>\n\n\n\n<p>E, para te ajudar, nossos professores analisaram as respostas e identificaram algumas possibilidades de recursos. Confira abaixo e n\u00e3o perca o prazo!<\/p>\n\n\n\n<div class=\"container\" id=\"boxes\">\n  <div class=\"row\">\n\n    <div class=\"col-sm\">\n      <div class=\"estrategia\" id=\"box-assinatura\">\n        <h3 class=\"titulo-assinatura\">Assinatura Concursos<\/h3>\n        <p class=\"subtitulo-assinatura\">Assinatura de 1 ano ou 2 anos<\/p>\n        <div class=\"box-botao\">\n          <a class=\"btn-assinatura\" target=\"_blank\" href=\"https:\/\/www.estrategiaconcursos.com.br\/assinaturas\/\" role=\"button\" rel=\"noopener noreferrer\">ASSINE AGORA<\/a>\n        <\/div>\n      <\/div><\/div><\/div><\/div>\n\n\n\n<h2 class=\"wp-block-heading has-text-align-center has-very-light-gray-to-cyan-bluish-gray-gradient-background has-background\" id=\"h-saiba-os-recursos-possiveis-para-o-concurso-sefaz-pr\" style=\"font-size:clamp(18.959px, 1.185rem + ((1vw - 3.2px) * 1.082), 30px);\">Saiba os recursos poss\u00edveis para o concurso Sefaz PR!<\/h2>\n\n\n\n<p><strong>Professor Felipe Luccas &#8211; Quest\u00e3o 2<\/strong><\/p>\n\n\n\n<p>Pessoal, \u00e9 muito comum em prova haver pol\u00eamica na diferen\u00e7a entre expositivo e argumentativo. O pr\u00f3prio CEBRASPE \u00e9 bem inconstante nessas an\u00e1lises.<\/p>\n\n\n\n<p>O texto abaixo \u00e9 primordialmente informativo, pois \u00e9 um artigo de ve\u00edculo oficial, traz dados, estat\u00edsticas e uma informa\u00e7\u00e3o que \u00e9 objetiva:<\/p>\n\n\n\n<p>\u201c<strong>mesmo estados bem administrados n\u00e3o est\u00e3o imunes aos efeitos macroecon\u00f4micos\u201d<\/strong><\/p>\n\n\n\n<p>A controv\u00e9rsia da quest\u00e3o reside em considerar essa informa\u00e7\u00e3o acima como opini\u00e3o ou fato. Toda a descri\u00e7\u00e3o da gest\u00e3o paranaense pode ser analisada como fato, pois os n\u00fameros apresentados confirmam isso:<\/p>\n\n\n\n<p><em>Sua base tribut\u00e1vel diversificada \u2014 agroneg\u00f3cio, ind\u00fastria automotiva, energia, combust\u00edveis, log\u00edstica \u2014 tamb\u00e9m registra desacelera\u00e7\u00e3o, especialmente em segmentos sens\u00edveis a juros, como ve\u00edculos e materiais de constru\u00e7\u00e3o.<\/em><\/p>\n\n\n\n<p><strong><em>Refer\u00eancia em gest\u00e3o fiscal, com super\u00e1vit de R$ 6,4 bilh\u00f5es em 2024 e mantendo a nota A+ na classifica\u00e7\u00e3o m\u00e1xima de capacidade de pagamento (CAPAG) do Tesouro Nacional pelo segundo ano consecutivo<\/em><\/strong><\/p>\n\n\n\n<p>O texto argumentativo deve ter uma tese clara e argumentos que a comprovem. Se a declara\u00e7\u00e3o \u00e9 um fato, numericamente comprovado, n\u00e3o pode ser considerado \u201ctese\u201d, mas, sim, dado.<\/p>\n\n\n\n<p>Portanto, sugere-se anula\u00e7\u00e3o da quest\u00e3o por haver informa\u00e7\u00f5es concretas no texto que permitem a an\u00e1lise do texto como predominantemente expositivo.<\/p>\n\n\n\n<p>Segue a quest\u00e3o abaixo.<\/p>\n\n\n\n<p>Refer\u00eancia em gest\u00e3o fiscal, com super\u00e1vit de R$ 6,4 bilh\u00f5es em 2024 e mantendo a nota A+ na classifica\u00e7\u00e3o m\u00e1xima de capacidade de pagamento (CAPAG) do Tesouro Nacional pelo segundo ano consecutivo, o estado do Paran\u00e1 demonstra que <strong>mesmo estados bem administrados n\u00e3o est\u00e3o imunes aos efeitos macroecon\u00f4micos. <\/strong>Sua base tribut\u00e1vel diversificada \u2014 agroneg\u00f3cio, ind\u00fastria automotiva, energia, combust\u00edveis, log\u00edstica \u2014 tamb\u00e9m registra desacelera\u00e7\u00e3o, especialmente em segmentos sens\u00edveis a juros, como ve\u00edculos e materiais de constru\u00e7\u00e3o. O que se pode inferir desse comportamento \u00e9 que <strong>mesmo a gest\u00e3o fiscal respons\u00e1vel n\u00e3o est\u00e1 imune a choques macroecon\u00f4micos<\/strong>, mas prepara o estado para atravessar per\u00edodos adversos com menor risco de desequil\u00edbrio.<\/p>\n\n\n\n<p>A experi\u00eancia de estados como o Paran\u00e1, que consolidaram suas finan\u00e7as p\u00fablicas e alcan\u00e7aram as melhores classifica\u00e7\u00f5es de capacidade de pagamento, oferece li\u00e7\u00f5es importantes. A disciplina fiscal em per\u00edodos de abund\u00e2ncia criou uma margem de seguran\u00e7a para o estado atravessar per\u00edodos de menor dinamismo sem rupturas. O controle rigoroso de gastos correntes preserva espa\u00e7o fiscal para investimentos priorit\u00e1rios. A transpar\u00eancia na gest\u00e3o or\u00e7ament\u00e1ria e o planejamento de longo prazo permitem a antecipa\u00e7\u00e3o de cen\u00e1rios adversos e a implementa\u00e7\u00e3o de ajustes graduais, evitando corre\u00e7\u00f5es abruptas que comprometem a presta\u00e7\u00e3o de servi\u00e7os p\u00fablicos. Contudo, mesmo para estados bem-preparados, o cen\u00e1rio de 2026 exige postura cautelosa. O fim da fase de abund\u00e2ncia n\u00e3o significa crise fiscal, mas demanda prud\u00eancia nas decis\u00f5es de gasto e foco na sustentabilidade de longo prazo das finan\u00e7as p\u00fablicas estaduais.<\/p>\n\n\n\n<p>Internet: &lt;fazenda.pr.gov.br&gt; (com adapta\u00e7\u00f5es).<\/p>\n\n\n\n<p>No primeiro par\u00e1grafo do texto CG1A1-I, predomina a tipologia textual<\/p>\n\n\n\n<p>A) narrativa.<\/p>\n\n\n\n<p>B) dissertativo-argumentativa.<\/p>\n\n\n\n<p>C) injuntiva.<\/p>\n\n\n\n<p>D) descritiva.<\/p>\n\n\n\n<p>E) dissertativo-expositiva.<\/p>\n\n\n\n<p><em><strong>Professor F\u00e1bio Dutra<\/strong><\/em> &#8211; <strong>Quest\u00e3o 21 <\/strong><\/p>\n\n\n\n<p>A alternativa D, indicada como gabarito da quest\u00e3o, afirma que:<\/p>\n\n\n\n<p>\u201cA imunidade tribut\u00e1ria rec\u00edproca assegurada aos partidos pol\u00edticos, inclusive suas funda\u00e7\u00f5es, e \u00e0s entidades sindicais dos trabalhadores, bem como \u00e0s institui\u00e7\u00f5es de educa\u00e7\u00e3o e de assist\u00eancia social sem fins lucrativos, alcan\u00e7a a incid\u00eancia do IOF, inclusive sobre aplica\u00e7\u00f5es financeiras.\u201d<\/p>\n\n\n\n<p>Ocorre que a assertiva est\u00e1 incorreta logo em sua premissa, pois a denominada imunidade rec\u00edproca, referida na Letra D, encontra-se prevista no art. 150, VI, \u201ca\u201d, da CF\/88, e refere-se \u00e0 veda\u00e7\u00e3o de tributa\u00e7\u00e3o entre entes federativos (Uni\u00e3o, Estados, DF e Munic\u00edpios) e, em situa\u00e7\u00f5es espec\u00edficas, suas autarquias e funda\u00e7\u00f5es p\u00fablicas e empresa p\u00fablica prestadora de servi\u00e7o postal.<\/p>\n\n\n\n<p>J\u00e1 a imunidade aplic\u00e1vel a partidos pol\u00edticos (inclusive suas funda\u00e7\u00f5es), entidades sindicais e institui\u00e7\u00f5es de educa\u00e7\u00e3o e assist\u00eancia social sem fins lucrativos \u00e9 a do art. 150, VI, \u201cc\u201d, da CF\/88, condicionada ao v\u00ednculo com suas finalidades essenciais.<\/p>\n\n\n\n<p>Assim, a alternativa D incorre em erro conceitual essencial, ao atribuir imunidade rec\u00edproca (art. 150, VI, \u201ca\u201d) a sujeitos constitucionalmente protegidos por imunidade diversa (art. 150, VI, \u201cc\u201d).<\/p>\n\n\n\n<p>Por n\u00e3o haver alternativa correta, requer-se a anula\u00e7\u00e3o da quest\u00e3o.<\/p>\n\n\n\n<p><em><strong>Professor Celso Natale<\/strong><\/em> &#8211; <strong>Quest\u00e3o 53 (ANULA\u00c7\u00c3O)<\/strong><\/p>\n\n\n\n<p>Ilustre Banca Examinadora,<\/p>\n\n\n\n<p>Respeitosamente, solicita-se a ANULA\u00c7\u00c3O da Quest\u00e3o 53, em raz\u00e3o da inexist\u00eancia de alternativa que represente corretamente o conjunto de afirmativas verdadeiras, conforme se demonstra a seguir.<\/p>\n\n\n\n<p>Preliminarmente, em rela\u00e7\u00e3o aos itens I (correto) e II (incorreto), concorda-se com o gabarito preliminar da banca.<\/p>\n\n\n\n<p>Contudo, o item III est\u00e1 incorreto, ao contr\u00e1rio do que indica o gabarito preliminar, pois TELEBRAS e INFRAERO foram criadas por leis em 1972, e n\u00e3o em 1964, tampouco no \u00e2mbito do PAEG (1964 a 1967).<\/p>\n\n\n\n<p>LEI N\u00ba 5.792, DE 11 DE JULHO DE 1972.<\/p>\n\n\n\n<p>Institui pol\u00edtica de explora\u00e7\u00e3o de servi\u00e7os de telecomunica\u00e7\u00f5es, autoriza o Poder Executivo a constituir a empresa Telecomunica\u00e7\u00f5es Brasileiras S\/A. &#8211; TELEBR\u00c1S, e d\u00e1 outras provid\u00eancias.<\/p>\n\n\n\n<p>Dispon\u00edvel em: <a href=\"https:\/\/www.planalto.gov.br\/ccivil_03\/leis\/L5792.htm\">https:\/\/www.planalto.gov.br\/ccivil_03\/leis\/L5792.htm<\/a><\/p>\n\n\n\n<p>&#8212;&#8211;<\/p>\n\n\n\n<p>LEI N\u00ba 5.862, DE 12 DE DEZEMBRO DE 1972.<\/p>\n\n\n\n<p>Autoriza o Poder Executivo a constituir a empresa p\u00fablica denominada Empresa Brasileira de Infra-Estrutura Aeroportu\u00e1ria &#8211; INFRAERO, e d\u00e1 outras provid\u00eancias.<\/p>\n\n\n\n<p>Dispon\u00edvel em: <a href=\"https:\/\/www.planalto.gov.br\/ccivil_03\/leis\/1970-1979\/L5862.htm\">https:\/\/www.planalto.gov.br\/ccivil_03\/leis\/1970-1979\/L5862.htm<\/a><\/p>\n\n\n\n<p>&#8212;-<\/p>\n\n\n\n<p>\u201cOs anos 1964-67 foram marcados pela implementa\u00e7\u00e3o de um plano de estabiliza\u00e7\u00e3o de pre\u00e7os de inspira\u00e7\u00e3o ortodoxa \u2014 o Plano de A\u00e7\u00e3o Econ\u00f4mica do Governo (Paeg) (&#8230;)\u201d<\/p>\n\n\n\n<p>Fabio Giambiagi. Economia Brasileira Contempor\u00e2nea: 1945-2015 (Portuguese Edition) (p. 50). GEN Atlas. Edi\u00e7\u00e3o do Kindle.<\/p>\n\n\n\n<p>&#8212;-<\/p>\n\n\n\n<p>O pr\u00f3prio PAEG est\u00e1 dispon\u00edvel em publica\u00e7\u00e3o oficial do governo da \u00e9poca, e evidencia as datas, em https:\/\/bibliotecadigital.gestao.gov.br\/bitstream\/123456789\/1073\/1\/1964_Programa_Acao_Economica_Governo%20.pdf<\/p>\n\n\n\n<p>Diante desse anacronismo presente na afirmativa III, verifica-se que apenas o item I est\u00e1 correto. Contudo, n\u00e3o h\u00e1 alternativa que represente exclusivamente essa situa\u00e7\u00e3o, o que torna invi\u00e1vel a manuten\u00e7\u00e3o do gabarito preliminar (letra D).<\/p>\n\n\n\n<p>Requer-se, portanto, a ANULA\u00c7\u00c3O da quest\u00e3o, por aus\u00eancia de alternativa correta.<\/p>\n\n\n\n<p><strong><em>Professora Emannuelle Gouveia &#8211; Quest\u00e3o 63<\/em><\/strong><\/p>\n\n\n\n<p>Enunciado:<br \/>No contexto apresentado pelo texto CG1A12-1, uma ferramenta importante \u00e9 o <em>analytics<\/em>. Em analytics, a an\u00e1lise preditiva \u00e9 respons\u00e1vel por<\/p>\n\n\n\n<p>A) coletar dados para o entendimento do que aconteceu ou do que est\u00e1 acontecendo no ambiente de dados. <\/p>\n\n\n\n<p>B) prever o que provavelmente acontecer\u00e1 e analisar as potenciais implica\u00e7\u00f5es de diferentes desdobramentos. <\/p>\n\n\n\n<p>C) avaliar as potenciais implica\u00e7\u00f5es de diferentes escolhas e recomendar o melhor plano de a\u00e7\u00e3o. <\/p>\n\n\n\n<p>D) utilizar dados hist\u00f3ricos para fazer previs\u00f5es precisas sobre tend\u00eancias futuras. <\/p>\n\n\n\n<p>E) processar dados aprofundados e(ou) detalhados para o entendimento do motivo de algo ter acontecido.<\/p>\n\n\n\n<p><strong>Gabarito Oficial: B <\/strong><\/p>\n\n\n\n<p><strong>Gabarito Proposto: Anula\u00e7\u00e3o da quest\u00e3o.<\/strong><\/p>\n\n\n\n<p>Poder\u00edamos pegar diversas defini\u00e7\u00f5es da An\u00e1lise Descritiva como:<\/p>\n\n\n\n<p>\u201cA an\u00e1lise preditiva \u00e9 o processo de usar dados para prever resultados futuros. O processo usa an\u00e1lise de dados, machine learning, intelig\u00eancia artificial e modelos estat\u00edsticos para encontrar padr\u00f5es que possam prever comportamentos futuros. As organiza\u00e7\u00f5es podem usar dados hist\u00f3ricos e atuais para prever tend\u00eancias e comportamentos com segundos, dias ou anos de anteced\u00eancia, com muita precis\u00e3o. &#8212; https:\/\/cloud.google.com\/learn\/what-ispredictive-analytics?hl=pt-BR\u201d<\/p>\n\n\n\n<p>Dessa forma, fica claro que a an\u00e1lise preditiva an\u00e1lise dados hist\u00f3ricos e atuais para prever ocorr\u00eancias futuras, o que deixa a alternativa D, cujo texto \u00e9: \u201c utilizar dados hist\u00f3ricos para fazer previs\u00f5es precisas sobre tend\u00eancias futuras.\u201d indubitavelmente correta.<\/p>\n\n\n\n<p>Por\u00e9m, a alternativa B, cujo texto \u00e9: \u201cprever o que provavelmente acontecer\u00e1 e analisar as potenciais implica\u00e7\u00f5es de diferentes desdobramentos.\u201d Tamb\u00e9m est\u00e1 correta. A an\u00e1lise descritiva prev\u00ea o que provavelmente acontecer\u00e1, visto que \u00e9 um m\u00e9todo probabil\u00edstico com alta precis\u00e3o, e analisa pode analisar os desdobramentos, ou seja, efeitos causados pelo fato que acontecer\u00e1. Por exemplo: \u201co pre\u00e7o do petr\u00f3leo deve permanecer est\u00e1vel nos pr\u00f3ximos 6 meses e ajuda a manter os estoques\u201d<\/p>\n\n\n\n<p>Talvez, o elaborador tenha imaginado a palavra desdobramentos como sin\u00f4nimo de poss\u00edveis indica\u00e7\u00f5es de a\u00e7\u00f5es futuras, o que nos levaria a an\u00e1lise prescritiva, mas o dicion\u00e1rio afirma que o significado de desdobramento \u00e9:<\/p>\n\n\n\n<p>desdobramento &#8211;> des\u00b7do\u00b7bra\u00b7men\u00b7to<\/p>\n\n\n\n<p>sm<\/p>\n\n\n\n<p>1 Ato ou efeito de desdobrar(-se); desdobre, desdobro. <\/p>\n\n\n\n<p>2 Divis\u00e3o, em duas ou mais partes, daquilo que constitu\u00eda uma unidade; desmembramento, fracionamento, segmenta\u00e7\u00e3o. <\/p>\n\n\n\n<p>3 Ato ou efeito de desembrulhar; abertura, desembrulhamento, desempacotamento. <\/p>\n\n\n\n<p>4 Divis\u00e3o ou corte de troncos de madeira em t\u00e1buas: O carpinteiro vai fazer o desdobramento dos troncos. <\/p>\n\n\n\n<p>5 fig Desenvolvimento seguido; desenrolamento: Com a chegada do novo diretor, houve um desdobramento de reuni\u00f5es. <\/p>\n\n\n\n<p>6 fig Insist\u00eancia obstinada; aplica\u00e7\u00e3o, dedica\u00e7\u00e3o, empenho.<\/p>\n\n\n\n<p> 7 fig Ato ou efeito de perpetuar(-se); difus\u00e3o, gera\u00e7\u00e3o, perpetua\u00e7\u00e3o. <\/p>\n\n\n\n<p>8 Mil Forma\u00e7\u00e3o de novas unidades, valendo-se daquelas j\u00e1 existentes. <\/p>\n\n\n\n<p>9 fig Ato ou efeito de considerar sob dois aspectos uma s\u00f3 e mesma pessoa ou coisa.<\/p>\n\n\n\n<p>Dessa forma, desdobramento n\u00e3o \u00e9 sugest\u00e3o de atos futuros e n\u00e3o nos leva a a\u00e7\u00e3o da an\u00e1lise prescritiva e sim da descritiva. Como a quest\u00e3o possui ent\u00e3o duas alternativas que atendem ao descrito no enunciado, solicitamos a anula\u00e7\u00e3o da quest\u00e3o.<\/p>\n\n\n\n<p class=\"has-text-align-center\"><em>Para ficar por dentro de todas as informa\u00e7\u00f5es sobre o concurso <a href=\"https:\/\/www.cebraspe.org.br\/concursos\/sefa_pr_25\" target=\"_blank\" rel=\"noreferrer noopener\">Sefaz PR,<\/a> al\u00e9m dos recursos, n\u00e3o deixe de conferir nosso artigo completo sobre a sele\u00e7\u00e3o:<\/em><\/p>\n\n\n\n<p class=\"has-text-align-center has-background has-medium-font-size\" style=\"background-color:#d8dee3\"><strong><a href=\"https:\/\/www.estrategiaconcursos.com.br\/blog\/concurso-sefaz-pr\/\" target=\"_blank\" rel=\"noreferrer noopener\">Concurso Sefaz PR<\/a><\/strong><\/p>\n\n\n\n<hr class=\"wp-block-separator has-alpha-channel-opacity\"\/>\n\n\n\n<h2 class=\"wp-block-heading has-text-align-center\" id=\"cursos-assinatura\"><em>Quer estudar para o concurso Sefaz PR 2026?<\/em><\/h2>\n\n\n\n<div class=\"container\" id=\"boxes\">\n  <div class=\"row\">\n\n    <div class=\"col-sm\">\n      <div class=\"estrategia\" id=\"box-assinatura\">\n        <h3 class=\"titulo-assinatura\">Assinatura Concursos<\/h3>\n        <p class=\"subtitulo-assinatura\">Assinatura de 1 ano ou 2 anos<\/p>\n        <div class=\"box-botao\">\n          <a class=\"btn-assinatura\" target=\"_blank\" href=\"https:\/\/www.estrategiaconcursos.com.br\/assinaturas\/\" role=\"button\" rel=\"noopener noreferrer\">ASSINE AGORA<\/a>\n        <\/div>\n      <\/div><\/div><\/div><\/div>\n\n\n\n<h2 class=\"wp-block-heading has-text-align-center\" id=\"h-quer-saber-tudo-sobre-concursos-previstos-confira-nossos-artigos\">Quer saber tudo sobre concursos previstos?<br \/>Confira nossos artigos!<\/h2>\n\n\n\n<ul class=\"wp-block-list\">\n<li><a href=\"https:\/\/www.estrategiaconcursos.com.br\/blog\/concursos-abertos\/\" target=\"_blank\" rel=\"noreferrer noopener\">Concursos Abertos<\/a><\/li>\n\n\n\n<li><a href=\"https:\/\/www.estrategiaconcursos.com.br\/blog\/concursos-fiscais\/\" target=\"_blank\" rel=\"noreferrer noopener\">Concursos Fiscais<\/a><\/li>\n\n\n\n<li><a href=\"https:\/\/www.estrategiaconcursos.com.br\/blog\/concursos-2026\/\" target=\"_blank\" rel=\"noreferrer noopener\">Concursos 2026<\/a><\/li>\n\n\n\n<li><a href=\"https:\/\/www.estrategiaconcursos.com.br\/blog\/concursos-pr\/\" target=\"_blank\" rel=\"noreferrer noopener\">Concursos PR<\/a><\/li>\n<\/ul>\n","protected":false},"excerpt":{"rendered":"<p>Quer interpor recursos contra os gabaritos do concurso Sefaz PR? Confira as possibilidades neste artigo! Foram aplicadas as provas objetivas (P1) do concurso Sefaz PR (Secretaria de Estado da Fazenda do Paran\u00e1 no \u00faltimo domingo, 25 de janeiro. Com isso, j\u00e1 foram divulgados os gabaritos preliminares da etapa.&nbsp; O acesso deve ser feito por meio [&hellip;]<\/p>\n","protected":false},"author":2692,"featured_media":1666665,"comment_status":"open","ping_status":"closed","sticky":false,"template":"","format":"standard","meta":{"post_tipo":"article","footnotes":""},"categories":[1983,220219],"tags":[],"tax_estado":[219981],"class_list":["post-1705853","post","type-post","status-publish","format-standard","has-post-thumbnail","hentry","category-fiscal-estadual","category-noticias","tax_estado-pr"],"acf":[],"yoast_head":"<!-- This site is optimized with the Yoast SEO Premium plugin v27.2 (Yoast SEO v27.2) - https:\/\/yoast.com\/product\/yoast-seo-premium-wordpress\/ -->\n<title>Concurso Sefaz PR: confira as sugest\u00f5es de recursos!<\/title>\n<meta name=\"description\" content=\"Saiba como interpor recursos contra os gabaritos do concurso Sefaz PR. Confira as possibilidades e n\u00e3o perca o prazo!\" \/>\n<meta name=\"robots\" content=\"index, follow, max-snippet:-1, max-image-preview:large, max-video-preview:-1\" \/>\n<link rel=\"canonical\" href=\"https:\/\/www.estrategiaconcursos.com.br\/blog\/concurso-sefaz-pr-2026-sugestoes-recursos\/\" \/>\n<meta property=\"og:locale\" content=\"pt_BR\" \/>\n<meta property=\"og:type\" content=\"article\" \/>\n<meta property=\"og:title\" content=\"Concurso Sefaz PR: confira as sugest\u00f5es de recursos!\" \/>\n<meta property=\"og:description\" content=\"Saiba como interpor recursos contra os gabaritos do concurso Sefaz PR. Confira as possibilidades e n\u00e3o perca o prazo!\" \/>\n<meta property=\"og:url\" content=\"https:\/\/www.estrategiaconcursos.com.br\/blog\/concurso-sefaz-pr-2026-sugestoes-recursos\/\" \/>\n<meta property=\"og:site_name\" content=\"Estrat\u00e9gia Concursos\" \/>\n<meta property=\"article:published_time\" content=\"2026-01-27T18:30:47+00:00\" \/>\n<meta property=\"article:modified_time\" content=\"2026-01-29T19:32:29+00:00\" \/>\n<meta property=\"og:image\" content=\"https:\/\/dhg1h5j42swfq.cloudfront.net\/2025\/11\/06171859\/sefaz-pr.jpg\" \/>\n\t<meta property=\"og:image:width\" content=\"1200\" \/>\n\t<meta property=\"og:image:height\" content=\"628\" \/>\n\t<meta property=\"og:image:type\" content=\"image\/jpeg\" \/>\n<meta name=\"author\" content=\"Ronaldo Scanavini Neto\" \/>\n<meta name=\"twitter:card\" content=\"summary_large_image\" \/>\n<meta name=\"twitter:creator\" content=\"@EstratConcursos\" \/>\n<meta name=\"twitter:site\" content=\"@EstratConcursos\" \/>\n<meta name=\"twitter:label1\" content=\"Escrito por\" \/>\n\t<meta name=\"twitter:data1\" content=\"Ronaldo Scanavini Neto\" \/>\n\t<meta name=\"twitter:label2\" content=\"Est. tempo de leitura\" \/>\n\t<meta name=\"twitter:data2\" content=\"9 minutos\" \/>\n<script type=\"application\/ld+json\" class=\"yoast-schema-graph\">{\"@context\":\"https:\/\/schema.org\",\"@graph\":[{\"@type\":\"NewsArticle\",\"@id\":\"https:\/\/www.estrategiaconcursos.com.br\/blog\/concurso-sefaz-pr-2026-sugestoes-recursos\/#article\",\"isPartOf\":{\"@id\":\"https:\/\/www.estrategiaconcursos.com.br\/blog\/concurso-sefaz-pr-2026-sugestoes-recursos\/\"},\"author\":{\"name\":\"Ronaldo Scanavini Neto\",\"@id\":\"https:\/\/www.estrategiaconcursos.com.br\/blog\/#\/schema\/person\/70c2ad4297aa24ff8815b08215b23a76\"},\"headline\":\"Concurso Sefaz PR: confira as sugest\u00f5es de recursos!\",\"datePublished\":\"2026-01-27T18:30:47+00:00\",\"dateModified\":\"2026-01-29T19:32:29+00:00\",\"mainEntityOfPage\":{\"@id\":\"https:\/\/www.estrategiaconcursos.com.br\/blog\/concurso-sefaz-pr-2026-sugestoes-recursos\/\"},\"wordCount\":1851,\"commentCount\":0,\"publisher\":{\"@id\":\"https:\/\/www.estrategiaconcursos.com.br\/blog\/#organization\"},\"image\":{\"@id\":\"https:\/\/www.estrategiaconcursos.com.br\/blog\/concurso-sefaz-pr-2026-sugestoes-recursos\/#primaryimage\"},\"thumbnailUrl\":\"https:\/\/dhg1h5j42swfq.cloudfront.net\/2025\/11\/06171859\/sefaz-pr.jpg\",\"articleSection\":[\"Fiscal - Estadual (ICMS)\",\"\u00daltimas not\u00edcias\"],\"inLanguage\":\"pt-BR\",\"potentialAction\":[{\"@type\":\"CommentAction\",\"name\":\"Comment\",\"target\":[\"https:\/\/www.estrategiaconcursos.com.br\/blog\/concurso-sefaz-pr-2026-sugestoes-recursos\/#respond\"]}],\"copyrightYear\":\"2026\",\"copyrightHolder\":{\"@id\":\"https:\/\/www.estrategiaconcursos.com.br\/blog\/#organization\"}},{\"@type\":\"WebPage\",\"@id\":\"https:\/\/www.estrategiaconcursos.com.br\/blog\/concurso-sefaz-pr-2026-sugestoes-recursos\/\",\"url\":\"https:\/\/www.estrategiaconcursos.com.br\/blog\/concurso-sefaz-pr-2026-sugestoes-recursos\/\",\"name\":\"Concurso Sefaz PR: confira as sugest\u00f5es de recursos!\",\"isPartOf\":{\"@id\":\"https:\/\/www.estrategiaconcursos.com.br\/blog\/#website\"},\"primaryImageOfPage\":{\"@id\":\"https:\/\/www.estrategiaconcursos.com.br\/blog\/concurso-sefaz-pr-2026-sugestoes-recursos\/#primaryimage\"},\"image\":{\"@id\":\"https:\/\/www.estrategiaconcursos.com.br\/blog\/concurso-sefaz-pr-2026-sugestoes-recursos\/#primaryimage\"},\"thumbnailUrl\":\"https:\/\/dhg1h5j42swfq.cloudfront.net\/2025\/11\/06171859\/sefaz-pr.jpg\",\"datePublished\":\"2026-01-27T18:30:47+00:00\",\"dateModified\":\"2026-01-29T19:32:29+00:00\",\"description\":\"Saiba como interpor recursos contra os gabaritos do concurso Sefaz PR. Confira as possibilidades e n\u00e3o perca o prazo!\",\"breadcrumb\":{\"@id\":\"https:\/\/www.estrategiaconcursos.com.br\/blog\/concurso-sefaz-pr-2026-sugestoes-recursos\/#breadcrumb\"},\"inLanguage\":\"pt-BR\",\"potentialAction\":[{\"@type\":\"ReadAction\",\"target\":[\"https:\/\/www.estrategiaconcursos.com.br\/blog\/concurso-sefaz-pr-2026-sugestoes-recursos\/\"]}]},{\"@type\":\"ImageObject\",\"inLanguage\":\"pt-BR\",\"@id\":\"https:\/\/www.estrategiaconcursos.com.br\/blog\/concurso-sefaz-pr-2026-sugestoes-recursos\/#primaryimage\",\"url\":\"https:\/\/dhg1h5j42swfq.cloudfront.net\/2025\/11\/06171859\/sefaz-pr.jpg\",\"contentUrl\":\"https:\/\/dhg1h5j42swfq.cloudfront.net\/2025\/11\/06171859\/sefaz-pr.jpg\",\"width\":1200,\"height\":628,\"caption\":\"Sefaz PR gabaritos provas\"},{\"@type\":\"BreadcrumbList\",\"@id\":\"https:\/\/www.estrategiaconcursos.com.br\/blog\/concurso-sefaz-pr-2026-sugestoes-recursos\/#breadcrumb\",\"itemListElement\":[{\"@type\":\"ListItem\",\"position\":1,\"name\":\"In\u00edcio\",\"item\":\"https:\/\/www.estrategiaconcursos.com.br\/blog\/\"},{\"@type\":\"ListItem\",\"position\":2,\"name\":\"Concurso Sefaz PR: confira as sugest\u00f5es de recursos!\"}]},{\"@type\":\"WebSite\",\"@id\":\"https:\/\/www.estrategiaconcursos.com.br\/blog\/#website\",\"url\":\"https:\/\/www.estrategiaconcursos.com.br\/blog\/\",\"name\":\"Estrat\u00e9gia Concursos\",\"description\":\"O blog da Estrat\u00e9gia Concursos traz not\u00edcias sobre concursos e artigos de professores oferecendo cursos para concursos (pdf + videaulas) no site.\",\"publisher\":{\"@id\":\"https:\/\/www.estrategiaconcursos.com.br\/blog\/#organization\"},\"potentialAction\":[{\"@type\":\"SearchAction\",\"target\":{\"@type\":\"EntryPoint\",\"urlTemplate\":\"https:\/\/www.estrategiaconcursos.com.br\/blog\/?s={search_term_string}\"},\"query-input\":{\"@type\":\"PropertyValueSpecification\",\"valueRequired\":true,\"valueName\":\"search_term_string\"}}],\"inLanguage\":\"pt-BR\"},{\"@type\":\"Organization\",\"@id\":\"https:\/\/www.estrategiaconcursos.com.br\/blog\/#organization\",\"name\":\"Estrat\u00e9gia Concursos\",\"url\":\"https:\/\/www.estrategiaconcursos.com.br\/blog\/\",\"logo\":{\"@type\":\"ImageObject\",\"inLanguage\":\"pt-BR\",\"@id\":\"https:\/\/www.estrategiaconcursos.com.br\/blog\/#\/schema\/logo\/image\/\",\"url\":\"https:\/\/dhg1h5j42swfq.cloudfront.net\/2025\/06\/03203428\/logo_concursos-1.jpg\",\"contentUrl\":\"https:\/\/dhg1h5j42swfq.cloudfront.net\/2025\/06\/03203428\/logo_concursos-1.jpg\",\"width\":230,\"height\":60,\"caption\":\"Estrat\u00e9gia Concursos\"},\"image\":{\"@id\":\"https:\/\/www.estrategiaconcursos.com.br\/blog\/#\/schema\/logo\/image\/\"},\"sameAs\":[\"https:\/\/x.com\/EstratConcursos\"]},{\"@type\":\"Person\",\"@id\":\"https:\/\/www.estrategiaconcursos.com.br\/blog\/#\/schema\/person\/70c2ad4297aa24ff8815b08215b23a76\",\"name\":\"Ronaldo Scanavini Neto\",\"image\":{\"@type\":\"ImageObject\",\"inLanguage\":\"pt-BR\",\"@id\":\"https:\/\/secure.gravatar.com\/avatar\/f93d8e56fe264596e94aee6b3feb737d98ad0fc5bac7eb0a245f04723c5c8f21?s=96&d=mm&r=g\",\"url\":\"https:\/\/secure.gravatar.com\/avatar\/f93d8e56fe264596e94aee6b3feb737d98ad0fc5bac7eb0a245f04723c5c8f21?s=96&d=mm&r=g\",\"contentUrl\":\"https:\/\/secure.gravatar.com\/avatar\/f93d8e56fe264596e94aee6b3feb737d98ad0fc5bac7eb0a245f04723c5c8f21?s=96&d=mm&r=g\",\"caption\":\"Ronaldo Scanavini Neto\"},\"description\":\"Graduando em Comunica\u00e7\u00e3o Social \u2013 Jornalismo pela Universidade Federal de Vi\u00e7osa (UFV). Integra a equipe de jornalismo do Estrat\u00e9gia Concursos desde 2023, atuando com \u00eanfase na cobertura da \u00e1rea fiscal. Tamb\u00e9m realiza a apura\u00e7\u00e3o e produ\u00e7\u00e3o de not\u00edcias sobre concursos federais, \u00f3rg\u00e3os participantes do CNU e das \u00e1reas de controle, gest\u00e3o, engenharia, Exame CFC, comunica\u00e7\u00e3o social TI e \u00e1rea de concursos administrativos.\",\"url\":\"https:\/\/www.estrategiaconcursos.com.br\/blog\/author\/ronaldo-netoestrategia-com\/\"}]}<\/script>\n<!-- \/ Yoast SEO Premium plugin. -->","yoast_head_json":{"title":"Concurso Sefaz PR: confira as sugest\u00f5es de recursos!","description":"Saiba como interpor recursos contra os gabaritos do concurso Sefaz PR. Confira as possibilidades e n\u00e3o perca o prazo!","robots":{"index":"index","follow":"follow","max-snippet":"max-snippet:-1","max-image-preview":"max-image-preview:large","max-video-preview":"max-video-preview:-1"},"canonical":"https:\/\/www.estrategiaconcursos.com.br\/blog\/concurso-sefaz-pr-2026-sugestoes-recursos\/","og_locale":"pt_BR","og_type":"article","og_title":"Concurso Sefaz PR: confira as sugest\u00f5es de recursos!","og_description":"Saiba como interpor recursos contra os gabaritos do concurso Sefaz PR. Confira as possibilidades e n\u00e3o perca o prazo!","og_url":"https:\/\/www.estrategiaconcursos.com.br\/blog\/concurso-sefaz-pr-2026-sugestoes-recursos\/","og_site_name":"Estrat\u00e9gia Concursos","article_published_time":"2026-01-27T18:30:47+00:00","article_modified_time":"2026-01-29T19:32:29+00:00","og_image":[{"width":1200,"height":628,"url":"https:\/\/dhg1h5j42swfq.cloudfront.net\/2025\/11\/06171859\/sefaz-pr.jpg","type":"image\/jpeg"}],"author":"Ronaldo Scanavini Neto","twitter_card":"summary_large_image","twitter_creator":"@EstratConcursos","twitter_site":"@EstratConcursos","twitter_misc":{"Escrito por":"Ronaldo Scanavini Neto","Est. tempo de leitura":"9 minutos"},"schema":{"@context":"https:\/\/schema.org","@graph":[{"@type":"NewsArticle","@id":"https:\/\/www.estrategiaconcursos.com.br\/blog\/concurso-sefaz-pr-2026-sugestoes-recursos\/#article","isPartOf":{"@id":"https:\/\/www.estrategiaconcursos.com.br\/blog\/concurso-sefaz-pr-2026-sugestoes-recursos\/"},"author":{"name":"Ronaldo Scanavini Neto","@id":"https:\/\/www.estrategiaconcursos.com.br\/blog\/#\/schema\/person\/70c2ad4297aa24ff8815b08215b23a76"},"headline":"Concurso Sefaz PR: confira as sugest\u00f5es de recursos!","datePublished":"2026-01-27T18:30:47+00:00","dateModified":"2026-01-29T19:32:29+00:00","mainEntityOfPage":{"@id":"https:\/\/www.estrategiaconcursos.com.br\/blog\/concurso-sefaz-pr-2026-sugestoes-recursos\/"},"wordCount":1851,"commentCount":0,"publisher":{"@id":"https:\/\/www.estrategiaconcursos.com.br\/blog\/#organization"},"image":{"@id":"https:\/\/www.estrategiaconcursos.com.br\/blog\/concurso-sefaz-pr-2026-sugestoes-recursos\/#primaryimage"},"thumbnailUrl":"https:\/\/dhg1h5j42swfq.cloudfront.net\/2025\/11\/06171859\/sefaz-pr.jpg","articleSection":["Fiscal - Estadual (ICMS)","\u00daltimas not\u00edcias"],"inLanguage":"pt-BR","potentialAction":[{"@type":"CommentAction","name":"Comment","target":["https:\/\/www.estrategiaconcursos.com.br\/blog\/concurso-sefaz-pr-2026-sugestoes-recursos\/#respond"]}],"copyrightYear":"2026","copyrightHolder":{"@id":"https:\/\/www.estrategiaconcursos.com.br\/blog\/#organization"}},{"@type":"WebPage","@id":"https:\/\/www.estrategiaconcursos.com.br\/blog\/concurso-sefaz-pr-2026-sugestoes-recursos\/","url":"https:\/\/www.estrategiaconcursos.com.br\/blog\/concurso-sefaz-pr-2026-sugestoes-recursos\/","name":"Concurso Sefaz PR: confira as sugest\u00f5es de recursos!","isPartOf":{"@id":"https:\/\/www.estrategiaconcursos.com.br\/blog\/#website"},"primaryImageOfPage":{"@id":"https:\/\/www.estrategiaconcursos.com.br\/blog\/concurso-sefaz-pr-2026-sugestoes-recursos\/#primaryimage"},"image":{"@id":"https:\/\/www.estrategiaconcursos.com.br\/blog\/concurso-sefaz-pr-2026-sugestoes-recursos\/#primaryimage"},"thumbnailUrl":"https:\/\/dhg1h5j42swfq.cloudfront.net\/2025\/11\/06171859\/sefaz-pr.jpg","datePublished":"2026-01-27T18:30:47+00:00","dateModified":"2026-01-29T19:32:29+00:00","description":"Saiba como interpor recursos contra os gabaritos do concurso Sefaz PR. Confira as possibilidades e n\u00e3o perca o prazo!","breadcrumb":{"@id":"https:\/\/www.estrategiaconcursos.com.br\/blog\/concurso-sefaz-pr-2026-sugestoes-recursos\/#breadcrumb"},"inLanguage":"pt-BR","potentialAction":[{"@type":"ReadAction","target":["https:\/\/www.estrategiaconcursos.com.br\/blog\/concurso-sefaz-pr-2026-sugestoes-recursos\/"]}]},{"@type":"ImageObject","inLanguage":"pt-BR","@id":"https:\/\/www.estrategiaconcursos.com.br\/blog\/concurso-sefaz-pr-2026-sugestoes-recursos\/#primaryimage","url":"https:\/\/dhg1h5j42swfq.cloudfront.net\/2025\/11\/06171859\/sefaz-pr.jpg","contentUrl":"https:\/\/dhg1h5j42swfq.cloudfront.net\/2025\/11\/06171859\/sefaz-pr.jpg","width":1200,"height":628,"caption":"Sefaz PR gabaritos provas"},{"@type":"BreadcrumbList","@id":"https:\/\/www.estrategiaconcursos.com.br\/blog\/concurso-sefaz-pr-2026-sugestoes-recursos\/#breadcrumb","itemListElement":[{"@type":"ListItem","position":1,"name":"In\u00edcio","item":"https:\/\/www.estrategiaconcursos.com.br\/blog\/"},{"@type":"ListItem","position":2,"name":"Concurso Sefaz PR: confira as sugest\u00f5es de recursos!"}]},{"@type":"WebSite","@id":"https:\/\/www.estrategiaconcursos.com.br\/blog\/#website","url":"https:\/\/www.estrategiaconcursos.com.br\/blog\/","name":"Estrat\u00e9gia Concursos","description":"O blog da Estrat\u00e9gia Concursos traz not\u00edcias sobre concursos e artigos de professores oferecendo cursos para concursos (pdf + videaulas) no site.","publisher":{"@id":"https:\/\/www.estrategiaconcursos.com.br\/blog\/#organization"},"potentialAction":[{"@type":"SearchAction","target":{"@type":"EntryPoint","urlTemplate":"https:\/\/www.estrategiaconcursos.com.br\/blog\/?s={search_term_string}"},"query-input":{"@type":"PropertyValueSpecification","valueRequired":true,"valueName":"search_term_string"}}],"inLanguage":"pt-BR"},{"@type":"Organization","@id":"https:\/\/www.estrategiaconcursos.com.br\/blog\/#organization","name":"Estrat\u00e9gia Concursos","url":"https:\/\/www.estrategiaconcursos.com.br\/blog\/","logo":{"@type":"ImageObject","inLanguage":"pt-BR","@id":"https:\/\/www.estrategiaconcursos.com.br\/blog\/#\/schema\/logo\/image\/","url":"https:\/\/dhg1h5j42swfq.cloudfront.net\/2025\/06\/03203428\/logo_concursos-1.jpg","contentUrl":"https:\/\/dhg1h5j42swfq.cloudfront.net\/2025\/06\/03203428\/logo_concursos-1.jpg","width":230,"height":60,"caption":"Estrat\u00e9gia Concursos"},"image":{"@id":"https:\/\/www.estrategiaconcursos.com.br\/blog\/#\/schema\/logo\/image\/"},"sameAs":["https:\/\/x.com\/EstratConcursos"]},{"@type":"Person","@id":"https:\/\/www.estrategiaconcursos.com.br\/blog\/#\/schema\/person\/70c2ad4297aa24ff8815b08215b23a76","name":"Ronaldo Scanavini Neto","image":{"@type":"ImageObject","inLanguage":"pt-BR","@id":"https:\/\/secure.gravatar.com\/avatar\/f93d8e56fe264596e94aee6b3feb737d98ad0fc5bac7eb0a245f04723c5c8f21?s=96&d=mm&r=g","url":"https:\/\/secure.gravatar.com\/avatar\/f93d8e56fe264596e94aee6b3feb737d98ad0fc5bac7eb0a245f04723c5c8f21?s=96&d=mm&r=g","contentUrl":"https:\/\/secure.gravatar.com\/avatar\/f93d8e56fe264596e94aee6b3feb737d98ad0fc5bac7eb0a245f04723c5c8f21?s=96&d=mm&r=g","caption":"Ronaldo Scanavini Neto"},"description":"Graduando em Comunica\u00e7\u00e3o Social \u2013 Jornalismo pela Universidade Federal de Vi\u00e7osa (UFV). Integra a equipe de jornalismo do Estrat\u00e9gia Concursos desde 2023, atuando com \u00eanfase na cobertura da \u00e1rea fiscal. Tamb\u00e9m realiza a apura\u00e7\u00e3o e produ\u00e7\u00e3o de not\u00edcias sobre concursos federais, \u00f3rg\u00e3os participantes do CNU e das \u00e1reas de controle, gest\u00e3o, engenharia, Exame CFC, comunica\u00e7\u00e3o social TI e \u00e1rea de concursos administrativos.","url":"https:\/\/www.estrategiaconcursos.com.br\/blog\/author\/ronaldo-netoestrategia-com\/"}]}},"_links":{"self":[{"href":"https:\/\/www.estrategiaconcursos.com.br\/blog\/wp-json\/wp\/v2\/posts\/1705853","targetHints":{"allow":["GET"]}}],"collection":[{"href":"https:\/\/www.estrategiaconcursos.com.br\/blog\/wp-json\/wp\/v2\/posts"}],"about":[{"href":"https:\/\/www.estrategiaconcursos.com.br\/blog\/wp-json\/wp\/v2\/types\/post"}],"author":[{"embeddable":true,"href":"https:\/\/www.estrategiaconcursos.com.br\/blog\/wp-json\/wp\/v2\/users\/2692"}],"replies":[{"embeddable":true,"href":"https:\/\/www.estrategiaconcursos.com.br\/blog\/wp-json\/wp\/v2\/comments?post=1705853"}],"version-history":[{"count":3,"href":"https:\/\/www.estrategiaconcursos.com.br\/blog\/wp-json\/wp\/v2\/posts\/1705853\/revisions"}],"predecessor-version":[{"id":1707389,"href":"https:\/\/www.estrategiaconcursos.com.br\/blog\/wp-json\/wp\/v2\/posts\/1705853\/revisions\/1707389"}],"wp:featuredmedia":[{"embeddable":true,"href":"https:\/\/www.estrategiaconcursos.com.br\/blog\/wp-json\/wp\/v2\/media\/1666665"}],"wp:attachment":[{"href":"https:\/\/www.estrategiaconcursos.com.br\/blog\/wp-json\/wp\/v2\/media?parent=1705853"}],"wp:term":[{"taxonomy":"category","embeddable":true,"href":"https:\/\/www.estrategiaconcursos.com.br\/blog\/wp-json\/wp\/v2\/categories?post=1705853"},{"taxonomy":"post_tag","embeddable":true,"href":"https:\/\/www.estrategiaconcursos.com.br\/blog\/wp-json\/wp\/v2\/tags?post=1705853"},{"taxonomy":"tax_estado","embeddable":true,"href":"https:\/\/www.estrategiaconcursos.com.br\/blog\/wp-json\/wp\/v2\/tax_estado?post=1705853"}],"curies":[{"name":"wp","href":"https:\/\/api.w.org\/{rel}","templated":true}]}}