{"id":1705829,"date":"2026-01-27T15:10:15","date_gmt":"2026-01-27T18:10:15","guid":{"rendered":"https:\/\/www.estrategiaconcursos.com.br\/blog\/?p=1705829"},"modified":"2026-01-27T15:11:04","modified_gmt":"2026-01-27T18:11:04","slug":"ibfc-divulga-nota-sobre-anulacao-de-provas-do-concurso-tj-pe","status":"publish","type":"post","link":"https:\/\/www.estrategiaconcursos.com.br\/blog\/ibfc-divulga-nota-sobre-anulacao-de-provas-do-concurso-tj-pe\/","title":{"rendered":"IBFC divulga nota sobre anula\u00e7\u00e3o envolvendo o concurso TJ PE"},"content":{"rendered":"\n<p><strong><em>Nota esclarece pontos sobre a anula\u00e7\u00e3o parcial do concurso TJ PE<\/em><\/strong><\/p>\n\n\n\n<p>A Comiss\u00e3o Especial de Acompanhamento do Concurso P\u00fablico do <a href=\"https:\/\/www.estrategiaconcursos.com.br\/cursosPorConcurso\/tj-pe-tribunal-de-justica-de-pernambuco\/\" target=\"_blank\" rel=\"noreferrer noopener\">Tribunal de Justi\u00e7a de Pernambuco (TJ PE)<\/a>, em conjunto com o Instituto Brasileiro de Forma\u00e7\u00e3o e Capacita\u00e7\u00e3o (IBFC), emitiu uma nota oficial, nesta ter\u00e7a-feira (26), comunicando medidas dr\u00e1sticas em rela\u00e7\u00e3o ao concurso para servidores.<\/p>\n\n\n\n<p>A principal resolu\u00e7\u00e3o anunciada foi a <strong>anula\u00e7\u00e3o das provas referentes ao cargo de T\u00e9cnico Judici\u00e1rio<\/strong>. A decis\u00e3o abrange <strong>todas as especialidades e todos os polos<\/strong> de aplica\u00e7\u00e3o. <\/p>\n\n\n\n<p>Segundo a nota, a medida foi tomada ap\u00f3s uma an\u00e1lise t\u00e9cnica e administrativa motivada por fatos revelados em investiga\u00e7\u00f5es policiais, que identificaram a atua\u00e7\u00e3o de uma organiza\u00e7\u00e3o criminosa no dia da aplica\u00e7\u00e3o das provas, em 21 de setembro de 2025.<\/p>\n\n\n\n<p>\u00c9 importante destacar que o concurso <strong>n\u00e3o foi anulado integralmente<\/strong>. <\/p>\n\n\n\n<p>A nota ressalta que as provas para os cargos de <strong>Analista Judici\u00e1rio<\/strong> e <strong>Oficial de Justi\u00e7a<\/strong> permanecem <strong>v\u00e1lidas<\/strong>. Segundo as investiga\u00e7\u00f5es policiais, n\u00e3o houve ind\u00edcios de comprometimento para estes cargos espec\u00edficos.<\/p>\n\n\n\n<h2 class=\"wp-block-heading\" id=\"h-novo-cronograma-para-o-concurso-tj-pe\">Novo cronograma para o concurso TJ PE<\/h2>\n\n\n\n<p>Em rela\u00e7\u00e3o ao cronograma futuro:<\/p>\n\n\n\n<p>\u2022 <strong>Para T\u00e9cnico Judici\u00e1rio:<\/strong> Um novo calend\u00e1rio para a <strong>reaplica\u00e7\u00e3o das provas<\/strong> ser\u00e1 divulgado oportunamente.<\/p>\n\n\n\n<p>\u2022 <strong>Para Analista e Oficial de Justi\u00e7a:<\/strong> Os resultados ser\u00e3o divulgados nos pr\u00f3ximos dias, seguindo um cronograma a ser informado.<\/p>\n\n\n\n<p><\/p>\n\n\n\n<p>Quer ficar por dentro de todas as novidades e atualiza\u00e7\u00f5es sobre o&nbsp;<strong>concurso <\/strong><a href=\"https:\/\/portal.tjpe.jus.br\/\" target=\"_blank\" rel=\"noreferrer noopener\"><strong>TJ<\/strong>&nbsp;<strong>PE<\/strong><\/a>? Preparamos um artigo completo para voc\u00ea:<\/p>\n\n\n\n<h2 class=\"wp-block-heading has-text-align-center has-very-light-gray-to-cyan-bluish-gray-gradient-background has-background has-medium-font-size\" id=\"h-saiba-mais-nbsp-concurso-tj-pernambuco\">Saiba mais:&nbsp;<a href=\"https:\/\/www.estrategiaconcursos.com.br\/blog\/concurso-tj-pe\/\" target=\"_blank\" rel=\"noreferrer noopener\">concurso TJ Pernambuco<\/a><\/h2>\n\n\n\n<h2 class=\"wp-block-heading has-text-align-center\" id=\"h-quer-saber-tudo-sobre-concursos-previstos-confira-nossos-artigos\">Quer saber tudo sobre concursos previstos?<br \/>Confira nossos artigos!<\/h2>\n\n\n\n<ul class=\"wp-block-list\">\n<li><a href=\"https:\/\/www.estrategiaconcursos.com.br\/blog\/concursos-abertos\/\" target=\"_blank\" rel=\"noreferrer noopener\">Concursos abertos<\/a><\/li>\n\n\n\n<li><a href=\"https:\/\/www.estrategiaconcursos.com.br\/blog\/concursos-2026\/\" target=\"_blank\" rel=\"noreferrer noopener\">Concursos 2026<\/a><\/li>\n\n\n\n<li><a href=\"https:\/\/www.estrategiaconcursos.com.br\/blog\/concursos-tribunais\/\">Concursos tribunais<\/a><\/li>\n<\/ul>\n","protected":false},"excerpt":{"rendered":"<p>Nota esclarece pontos sobre a anula\u00e7\u00e3o parcial do concurso TJ PE A Comiss\u00e3o Especial de Acompanhamento do Concurso P\u00fablico do Tribunal de Justi\u00e7a de Pernambuco (TJ PE), em conjunto com o Instituto Brasileiro de Forma\u00e7\u00e3o e Capacita\u00e7\u00e3o (IBFC), emitiu uma nota oficial, nesta ter\u00e7a-feira (26), comunicando medidas dr\u00e1sticas em rela\u00e7\u00e3o ao concurso para servidores. A [&hellip;]<\/p>\n","protected":false},"author":2319,"featured_media":1600525,"comment_status":"open","ping_status":"closed","sticky":false,"template":"","format":"standard","meta":{"post_tipo":"news","footnotes":""},"categories":[1984,220737,220219],"tags":[],"tax_estado":[219979],"class_list":["post-1705829","post","type-post","status-publish","format-standard","has-post-thumbnail","hentry","category-tribunais","category-tribunais-tribunais","category-noticias","tax_estado-pe"],"acf":[],"yoast_head":"<!-- This site is optimized with the Yoast SEO Premium plugin v27.2 (Yoast SEO v27.2) - https:\/\/yoast.com\/product\/yoast-seo-premium-wordpress\/ -->\n<title>IBFC divulga nota sobre anula\u00e7\u00e3o envolvendo o concurso TJ PE<\/title>\n<meta name=\"description\" content=\"A principal resolu\u00e7\u00e3o anunciada foi a anula\u00e7\u00e3o das provas referentes ao cargo de T\u00e9cnico Judici\u00e1rio.\" \/>\n<meta name=\"robots\" content=\"index, follow, max-snippet:-1, max-image-preview:large, max-video-preview:-1\" \/>\n<link rel=\"canonical\" href=\"https:\/\/www.estrategiaconcursos.com.br\/blog\/ibfc-divulga-nota-sobre-anulacao-de-provas-do-concurso-tj-pe\/\" \/>\n<meta property=\"og:locale\" content=\"pt_BR\" \/>\n<meta property=\"og:type\" content=\"article\" \/>\n<meta property=\"og:title\" content=\"IBFC divulga nota sobre anula\u00e7\u00e3o envolvendo o concurso TJ PE\" \/>\n<meta property=\"og:description\" content=\"A principal resolu\u00e7\u00e3o anunciada foi a anula\u00e7\u00e3o das provas referentes ao cargo de T\u00e9cnico Judici\u00e1rio.\" \/>\n<meta property=\"og:url\" content=\"https:\/\/www.estrategiaconcursos.com.br\/blog\/ibfc-divulga-nota-sobre-anulacao-de-provas-do-concurso-tj-pe\/\" \/>\n<meta property=\"og:site_name\" content=\"Estrat\u00e9gia Concursos\" \/>\n<meta property=\"article:published_time\" content=\"2026-01-27T18:10:15+00:00\" \/>\n<meta property=\"article:modified_time\" content=\"2026-01-27T18:11:04+00:00\" \/>\n<meta property=\"og:image\" content=\"https:\/\/dhg1h5j42swfq.cloudfront.net\/2025\/06\/02114834\/tj-pe.jpg\" \/>\n\t<meta property=\"og:image:width\" content=\"768\" \/>\n\t<meta property=\"og:image:height\" content=\"432\" \/>\n\t<meta property=\"og:image:type\" content=\"image\/jpeg\" \/>\n<meta name=\"author\" content=\"Let\u00edcia Teixeira\" \/>\n<meta name=\"twitter:card\" content=\"summary_large_image\" \/>\n<meta name=\"twitter:creator\" content=\"@EstratConcursos\" \/>\n<meta name=\"twitter:site\" content=\"@EstratConcursos\" \/>\n<meta name=\"twitter:label1\" content=\"Escrito por\" \/>\n\t<meta name=\"twitter:data1\" content=\"Let\u00edcia Teixeira\" \/>\n\t<meta name=\"twitter:label2\" content=\"Est. tempo de leitura\" \/>\n\t<meta name=\"twitter:data2\" content=\"1 minuto\" \/>\n<script type=\"application\/ld+json\" class=\"yoast-schema-graph\">{\"@context\":\"https:\/\/schema.org\",\"@graph\":[{\"@type\":\"NewsArticle\",\"@id\":\"https:\/\/www.estrategiaconcursos.com.br\/blog\/ibfc-divulga-nota-sobre-anulacao-de-provas-do-concurso-tj-pe\/#article\",\"isPartOf\":{\"@id\":\"https:\/\/www.estrategiaconcursos.com.br\/blog\/ibfc-divulga-nota-sobre-anulacao-de-provas-do-concurso-tj-pe\/\"},\"author\":{\"name\":\"Let\u00edcia Teixeira\",\"@id\":\"https:\/\/www.estrategiaconcursos.com.br\/blog\/#\/schema\/person\/9b94727dcf4410f4a7931c83966c843b\"},\"headline\":\"IBFC divulga nota sobre anula\u00e7\u00e3o envolvendo o concurso TJ PE\",\"datePublished\":\"2026-01-27T18:10:15+00:00\",\"dateModified\":\"2026-01-27T18:11:04+00:00\",\"mainEntityOfPage\":{\"@id\":\"https:\/\/www.estrategiaconcursos.com.br\/blog\/ibfc-divulga-nota-sobre-anulacao-de-provas-do-concurso-tj-pe\/\"},\"wordCount\":296,\"commentCount\":0,\"publisher\":{\"@id\":\"https:\/\/www.estrategiaconcursos.com.br\/blog\/#organization\"},\"image\":{\"@id\":\"https:\/\/www.estrategiaconcursos.com.br\/blog\/ibfc-divulga-nota-sobre-anulacao-de-provas-do-concurso-tj-pe\/#primaryimage\"},\"thumbnailUrl\":\"https:\/\/dhg1h5j42swfq.cloudfront.net\/2025\/06\/02114834\/tj-pe.jpg\",\"articleSection\":[\"Tribunais\",\"Tribunais\",\"\u00daltimas not\u00edcias\"],\"inLanguage\":\"pt-BR\",\"potentialAction\":[{\"@type\":\"CommentAction\",\"name\":\"Comment\",\"target\":[\"https:\/\/www.estrategiaconcursos.com.br\/blog\/ibfc-divulga-nota-sobre-anulacao-de-provas-do-concurso-tj-pe\/#respond\"]}],\"copyrightYear\":\"2026\",\"copyrightHolder\":{\"@id\":\"https:\/\/www.estrategiaconcursos.com.br\/blog\/#organization\"}},{\"@type\":\"WebPage\",\"@id\":\"https:\/\/www.estrategiaconcursos.com.br\/blog\/ibfc-divulga-nota-sobre-anulacao-de-provas-do-concurso-tj-pe\/\",\"url\":\"https:\/\/www.estrategiaconcursos.com.br\/blog\/ibfc-divulga-nota-sobre-anulacao-de-provas-do-concurso-tj-pe\/\",\"name\":\"IBFC divulga nota sobre anula\u00e7\u00e3o envolvendo o concurso TJ PE\",\"isPartOf\":{\"@id\":\"https:\/\/www.estrategiaconcursos.com.br\/blog\/#website\"},\"primaryImageOfPage\":{\"@id\":\"https:\/\/www.estrategiaconcursos.com.br\/blog\/ibfc-divulga-nota-sobre-anulacao-de-provas-do-concurso-tj-pe\/#primaryimage\"},\"image\":{\"@id\":\"https:\/\/www.estrategiaconcursos.com.br\/blog\/ibfc-divulga-nota-sobre-anulacao-de-provas-do-concurso-tj-pe\/#primaryimage\"},\"thumbnailUrl\":\"https:\/\/dhg1h5j42swfq.cloudfront.net\/2025\/06\/02114834\/tj-pe.jpg\",\"datePublished\":\"2026-01-27T18:10:15+00:00\",\"dateModified\":\"2026-01-27T18:11:04+00:00\",\"description\":\"A principal resolu\u00e7\u00e3o anunciada foi a anula\u00e7\u00e3o das provas referentes ao cargo de T\u00e9cnico Judici\u00e1rio.\",\"breadcrumb\":{\"@id\":\"https:\/\/www.estrategiaconcursos.com.br\/blog\/ibfc-divulga-nota-sobre-anulacao-de-provas-do-concurso-tj-pe\/#breadcrumb\"},\"inLanguage\":\"pt-BR\",\"potentialAction\":[{\"@type\":\"ReadAction\",\"target\":[\"https:\/\/www.estrategiaconcursos.com.br\/blog\/ibfc-divulga-nota-sobre-anulacao-de-provas-do-concurso-tj-pe\/\"]}]},{\"@type\":\"ImageObject\",\"inLanguage\":\"pt-BR\",\"@id\":\"https:\/\/www.estrategiaconcursos.com.br\/blog\/ibfc-divulga-nota-sobre-anulacao-de-provas-do-concurso-tj-pe\/#primaryimage\",\"url\":\"https:\/\/dhg1h5j42swfq.cloudfront.net\/2025\/06\/02114834\/tj-pe.jpg\",\"contentUrl\":\"https:\/\/dhg1h5j42swfq.cloudfront.net\/2025\/06\/02114834\/tj-pe.jpg\",\"width\":768,\"height\":432,\"caption\":\"concurso TJ PE para T\u00e9cnico\"},{\"@type\":\"BreadcrumbList\",\"@id\":\"https:\/\/www.estrategiaconcursos.com.br\/blog\/ibfc-divulga-nota-sobre-anulacao-de-provas-do-concurso-tj-pe\/#breadcrumb\",\"itemListElement\":[{\"@type\":\"ListItem\",\"position\":1,\"name\":\"In\u00edcio\",\"item\":\"https:\/\/www.estrategiaconcursos.com.br\/blog\/\"},{\"@type\":\"ListItem\",\"position\":2,\"name\":\"IBFC divulga nota sobre anula\u00e7\u00e3o envolvendo o concurso TJ PE\"}]},{\"@type\":\"WebSite\",\"@id\":\"https:\/\/www.estrategiaconcursos.com.br\/blog\/#website\",\"url\":\"https:\/\/www.estrategiaconcursos.com.br\/blog\/\",\"name\":\"Estrat\u00e9gia Concursos\",\"description\":\"O blog da Estrat\u00e9gia Concursos traz not\u00edcias sobre concursos e artigos de professores oferecendo cursos para concursos (pdf + videaulas) no site.\",\"publisher\":{\"@id\":\"https:\/\/www.estrategiaconcursos.com.br\/blog\/#organization\"},\"potentialAction\":[{\"@type\":\"SearchAction\",\"target\":{\"@type\":\"EntryPoint\",\"urlTemplate\":\"https:\/\/www.estrategiaconcursos.com.br\/blog\/?s={search_term_string}\"},\"query-input\":{\"@type\":\"PropertyValueSpecification\",\"valueRequired\":true,\"valueName\":\"search_term_string\"}}],\"inLanguage\":\"pt-BR\"},{\"@type\":\"Organization\",\"@id\":\"https:\/\/www.estrategiaconcursos.com.br\/blog\/#organization\",\"name\":\"Estrat\u00e9gia Concursos\",\"url\":\"https:\/\/www.estrategiaconcursos.com.br\/blog\/\",\"logo\":{\"@type\":\"ImageObject\",\"inLanguage\":\"pt-BR\",\"@id\":\"https:\/\/www.estrategiaconcursos.com.br\/blog\/#\/schema\/logo\/image\/\",\"url\":\"https:\/\/dhg1h5j42swfq.cloudfront.net\/2025\/06\/03203428\/logo_concursos-1.jpg\",\"contentUrl\":\"https:\/\/dhg1h5j42swfq.cloudfront.net\/2025\/06\/03203428\/logo_concursos-1.jpg\",\"width\":230,\"height\":60,\"caption\":\"Estrat\u00e9gia Concursos\"},\"image\":{\"@id\":\"https:\/\/www.estrategiaconcursos.com.br\/blog\/#\/schema\/logo\/image\/\"},\"sameAs\":[\"https:\/\/x.com\/EstratConcursos\"]},{\"@type\":\"Person\",\"@id\":\"https:\/\/www.estrategiaconcursos.com.br\/blog\/#\/schema\/person\/9b94727dcf4410f4a7931c83966c843b\",\"name\":\"Let\u00edcia Teixeira\",\"image\":{\"@type\":\"ImageObject\",\"inLanguage\":\"pt-BR\",\"@id\":\"https:\/\/secure.gravatar.com\/avatar\/fb589b06b881e20b676d08f9d03226d1e3291ba2f90e751ddc9ccb21abf0244d?s=96&d=mm&r=g\",\"url\":\"https:\/\/secure.gravatar.com\/avatar\/fb589b06b881e20b676d08f9d03226d1e3291ba2f90e751ddc9ccb21abf0244d?s=96&d=mm&r=g\",\"contentUrl\":\"https:\/\/secure.gravatar.com\/avatar\/fb589b06b881e20b676d08f9d03226d1e3291ba2f90e751ddc9ccb21abf0244d?s=96&d=mm&r=g\",\"caption\":\"Let\u00edcia Teixeira\"},\"description\":\"Jornalista com experi\u00eancia de mais de quatro anos no segmento de concursos p\u00fablicos. Especializada em Narrativa Transm\u00eddia e Storytelling pela Universidade Cat\u00f3lica de Bras\u00edlia, com atua\u00e7\u00e3o nas \u00e1reas de SEO, conte\u00fado, Webwriting e Copywriting.\",\"url\":\"https:\/\/www.estrategiaconcursos.com.br\/blog\/author\/leticia-teixeiraestrategia-com\/\"}]}<\/script>\n<!-- \/ Yoast SEO Premium plugin. -->","yoast_head_json":{"title":"IBFC divulga nota sobre anula\u00e7\u00e3o envolvendo o concurso TJ PE","description":"A principal resolu\u00e7\u00e3o anunciada foi a anula\u00e7\u00e3o das provas referentes ao cargo de T\u00e9cnico Judici\u00e1rio.","robots":{"index":"index","follow":"follow","max-snippet":"max-snippet:-1","max-image-preview":"max-image-preview:large","max-video-preview":"max-video-preview:-1"},"canonical":"https:\/\/www.estrategiaconcursos.com.br\/blog\/ibfc-divulga-nota-sobre-anulacao-de-provas-do-concurso-tj-pe\/","og_locale":"pt_BR","og_type":"article","og_title":"IBFC divulga nota sobre anula\u00e7\u00e3o envolvendo o concurso TJ PE","og_description":"A principal resolu\u00e7\u00e3o anunciada foi a anula\u00e7\u00e3o das provas referentes ao cargo de T\u00e9cnico Judici\u00e1rio.","og_url":"https:\/\/www.estrategiaconcursos.com.br\/blog\/ibfc-divulga-nota-sobre-anulacao-de-provas-do-concurso-tj-pe\/","og_site_name":"Estrat\u00e9gia Concursos","article_published_time":"2026-01-27T18:10:15+00:00","article_modified_time":"2026-01-27T18:11:04+00:00","og_image":[{"width":768,"height":432,"url":"https:\/\/dhg1h5j42swfq.cloudfront.net\/2025\/06\/02114834\/tj-pe.jpg","type":"image\/jpeg"}],"author":"Let\u00edcia Teixeira","twitter_card":"summary_large_image","twitter_creator":"@EstratConcursos","twitter_site":"@EstratConcursos","twitter_misc":{"Escrito por":"Let\u00edcia Teixeira","Est. tempo de leitura":"1 minuto"},"schema":{"@context":"https:\/\/schema.org","@graph":[{"@type":"NewsArticle","@id":"https:\/\/www.estrategiaconcursos.com.br\/blog\/ibfc-divulga-nota-sobre-anulacao-de-provas-do-concurso-tj-pe\/#article","isPartOf":{"@id":"https:\/\/www.estrategiaconcursos.com.br\/blog\/ibfc-divulga-nota-sobre-anulacao-de-provas-do-concurso-tj-pe\/"},"author":{"name":"Let\u00edcia Teixeira","@id":"https:\/\/www.estrategiaconcursos.com.br\/blog\/#\/schema\/person\/9b94727dcf4410f4a7931c83966c843b"},"headline":"IBFC divulga nota sobre anula\u00e7\u00e3o envolvendo o concurso TJ PE","datePublished":"2026-01-27T18:10:15+00:00","dateModified":"2026-01-27T18:11:04+00:00","mainEntityOfPage":{"@id":"https:\/\/www.estrategiaconcursos.com.br\/blog\/ibfc-divulga-nota-sobre-anulacao-de-provas-do-concurso-tj-pe\/"},"wordCount":296,"commentCount":0,"publisher":{"@id":"https:\/\/www.estrategiaconcursos.com.br\/blog\/#organization"},"image":{"@id":"https:\/\/www.estrategiaconcursos.com.br\/blog\/ibfc-divulga-nota-sobre-anulacao-de-provas-do-concurso-tj-pe\/#primaryimage"},"thumbnailUrl":"https:\/\/dhg1h5j42swfq.cloudfront.net\/2025\/06\/02114834\/tj-pe.jpg","articleSection":["Tribunais","Tribunais","\u00daltimas not\u00edcias"],"inLanguage":"pt-BR","potentialAction":[{"@type":"CommentAction","name":"Comment","target":["https:\/\/www.estrategiaconcursos.com.br\/blog\/ibfc-divulga-nota-sobre-anulacao-de-provas-do-concurso-tj-pe\/#respond"]}],"copyrightYear":"2026","copyrightHolder":{"@id":"https:\/\/www.estrategiaconcursos.com.br\/blog\/#organization"}},{"@type":"WebPage","@id":"https:\/\/www.estrategiaconcursos.com.br\/blog\/ibfc-divulga-nota-sobre-anulacao-de-provas-do-concurso-tj-pe\/","url":"https:\/\/www.estrategiaconcursos.com.br\/blog\/ibfc-divulga-nota-sobre-anulacao-de-provas-do-concurso-tj-pe\/","name":"IBFC divulga nota sobre anula\u00e7\u00e3o envolvendo o concurso TJ PE","isPartOf":{"@id":"https:\/\/www.estrategiaconcursos.com.br\/blog\/#website"},"primaryImageOfPage":{"@id":"https:\/\/www.estrategiaconcursos.com.br\/blog\/ibfc-divulga-nota-sobre-anulacao-de-provas-do-concurso-tj-pe\/#primaryimage"},"image":{"@id":"https:\/\/www.estrategiaconcursos.com.br\/blog\/ibfc-divulga-nota-sobre-anulacao-de-provas-do-concurso-tj-pe\/#primaryimage"},"thumbnailUrl":"https:\/\/dhg1h5j42swfq.cloudfront.net\/2025\/06\/02114834\/tj-pe.jpg","datePublished":"2026-01-27T18:10:15+00:00","dateModified":"2026-01-27T18:11:04+00:00","description":"A principal resolu\u00e7\u00e3o anunciada foi a anula\u00e7\u00e3o das provas referentes ao cargo de T\u00e9cnico Judici\u00e1rio.","breadcrumb":{"@id":"https:\/\/www.estrategiaconcursos.com.br\/blog\/ibfc-divulga-nota-sobre-anulacao-de-provas-do-concurso-tj-pe\/#breadcrumb"},"inLanguage":"pt-BR","potentialAction":[{"@type":"ReadAction","target":["https:\/\/www.estrategiaconcursos.com.br\/blog\/ibfc-divulga-nota-sobre-anulacao-de-provas-do-concurso-tj-pe\/"]}]},{"@type":"ImageObject","inLanguage":"pt-BR","@id":"https:\/\/www.estrategiaconcursos.com.br\/blog\/ibfc-divulga-nota-sobre-anulacao-de-provas-do-concurso-tj-pe\/#primaryimage","url":"https:\/\/dhg1h5j42swfq.cloudfront.net\/2025\/06\/02114834\/tj-pe.jpg","contentUrl":"https:\/\/dhg1h5j42swfq.cloudfront.net\/2025\/06\/02114834\/tj-pe.jpg","width":768,"height":432,"caption":"concurso TJ PE para T\u00e9cnico"},{"@type":"BreadcrumbList","@id":"https:\/\/www.estrategiaconcursos.com.br\/blog\/ibfc-divulga-nota-sobre-anulacao-de-provas-do-concurso-tj-pe\/#breadcrumb","itemListElement":[{"@type":"ListItem","position":1,"name":"In\u00edcio","item":"https:\/\/www.estrategiaconcursos.com.br\/blog\/"},{"@type":"ListItem","position":2,"name":"IBFC divulga nota sobre anula\u00e7\u00e3o envolvendo o concurso TJ PE"}]},{"@type":"WebSite","@id":"https:\/\/www.estrategiaconcursos.com.br\/blog\/#website","url":"https:\/\/www.estrategiaconcursos.com.br\/blog\/","name":"Estrat\u00e9gia Concursos","description":"O blog da Estrat\u00e9gia Concursos traz not\u00edcias sobre concursos e artigos de professores oferecendo cursos para concursos (pdf + videaulas) no site.","publisher":{"@id":"https:\/\/www.estrategiaconcursos.com.br\/blog\/#organization"},"potentialAction":[{"@type":"SearchAction","target":{"@type":"EntryPoint","urlTemplate":"https:\/\/www.estrategiaconcursos.com.br\/blog\/?s={search_term_string}"},"query-input":{"@type":"PropertyValueSpecification","valueRequired":true,"valueName":"search_term_string"}}],"inLanguage":"pt-BR"},{"@type":"Organization","@id":"https:\/\/www.estrategiaconcursos.com.br\/blog\/#organization","name":"Estrat\u00e9gia Concursos","url":"https:\/\/www.estrategiaconcursos.com.br\/blog\/","logo":{"@type":"ImageObject","inLanguage":"pt-BR","@id":"https:\/\/www.estrategiaconcursos.com.br\/blog\/#\/schema\/logo\/image\/","url":"https:\/\/dhg1h5j42swfq.cloudfront.net\/2025\/06\/03203428\/logo_concursos-1.jpg","contentUrl":"https:\/\/dhg1h5j42swfq.cloudfront.net\/2025\/06\/03203428\/logo_concursos-1.jpg","width":230,"height":60,"caption":"Estrat\u00e9gia Concursos"},"image":{"@id":"https:\/\/www.estrategiaconcursos.com.br\/blog\/#\/schema\/logo\/image\/"},"sameAs":["https:\/\/x.com\/EstratConcursos"]},{"@type":"Person","@id":"https:\/\/www.estrategiaconcursos.com.br\/blog\/#\/schema\/person\/9b94727dcf4410f4a7931c83966c843b","name":"Let\u00edcia Teixeira","image":{"@type":"ImageObject","inLanguage":"pt-BR","@id":"https:\/\/secure.gravatar.com\/avatar\/fb589b06b881e20b676d08f9d03226d1e3291ba2f90e751ddc9ccb21abf0244d?s=96&d=mm&r=g","url":"https:\/\/secure.gravatar.com\/avatar\/fb589b06b881e20b676d08f9d03226d1e3291ba2f90e751ddc9ccb21abf0244d?s=96&d=mm&r=g","contentUrl":"https:\/\/secure.gravatar.com\/avatar\/fb589b06b881e20b676d08f9d03226d1e3291ba2f90e751ddc9ccb21abf0244d?s=96&d=mm&r=g","caption":"Let\u00edcia Teixeira"},"description":"Jornalista com experi\u00eancia de mais de quatro anos no segmento de concursos p\u00fablicos. Especializada em Narrativa Transm\u00eddia e Storytelling pela Universidade Cat\u00f3lica de Bras\u00edlia, com atua\u00e7\u00e3o nas \u00e1reas de SEO, conte\u00fado, Webwriting e Copywriting.","url":"https:\/\/www.estrategiaconcursos.com.br\/blog\/author\/leticia-teixeiraestrategia-com\/"}]}},"_links":{"self":[{"href":"https:\/\/www.estrategiaconcursos.com.br\/blog\/wp-json\/wp\/v2\/posts\/1705829","targetHints":{"allow":["GET"]}}],"collection":[{"href":"https:\/\/www.estrategiaconcursos.com.br\/blog\/wp-json\/wp\/v2\/posts"}],"about":[{"href":"https:\/\/www.estrategiaconcursos.com.br\/blog\/wp-json\/wp\/v2\/types\/post"}],"author":[{"embeddable":true,"href":"https:\/\/www.estrategiaconcursos.com.br\/blog\/wp-json\/wp\/v2\/users\/2319"}],"replies":[{"embeddable":true,"href":"https:\/\/www.estrategiaconcursos.com.br\/blog\/wp-json\/wp\/v2\/comments?post=1705829"}],"version-history":[{"count":6,"href":"https:\/\/www.estrategiaconcursos.com.br\/blog\/wp-json\/wp\/v2\/posts\/1705829\/revisions"}],"predecessor-version":[{"id":1705845,"href":"https:\/\/www.estrategiaconcursos.com.br\/blog\/wp-json\/wp\/v2\/posts\/1705829\/revisions\/1705845"}],"wp:featuredmedia":[{"embeddable":true,"href":"https:\/\/www.estrategiaconcursos.com.br\/blog\/wp-json\/wp\/v2\/media\/1600525"}],"wp:attachment":[{"href":"https:\/\/www.estrategiaconcursos.com.br\/blog\/wp-json\/wp\/v2\/media?parent=1705829"}],"wp:term":[{"taxonomy":"category","embeddable":true,"href":"https:\/\/www.estrategiaconcursos.com.br\/blog\/wp-json\/wp\/v2\/categories?post=1705829"},{"taxonomy":"post_tag","embeddable":true,"href":"https:\/\/www.estrategiaconcursos.com.br\/blog\/wp-json\/wp\/v2\/tags?post=1705829"},{"taxonomy":"tax_estado","embeddable":true,"href":"https:\/\/www.estrategiaconcursos.com.br\/blog\/wp-json\/wp\/v2\/tax_estado?post=1705829"}],"curies":[{"name":"wp","href":"https:\/\/api.w.org\/{rel}","templated":true}]}}