{"id":1705822,"date":"2026-01-27T15:02:57","date_gmt":"2026-01-27T18:02:57","guid":{"rendered":"https:\/\/www.estrategiaconcursos.com.br\/blog\/?p=1705822"},"modified":"2026-01-27T17:47:49","modified_gmt":"2026-01-27T20:47:49","slug":"concurso-sefaz-pr-provas-remarcadas","status":"publish","type":"post","link":"https:\/\/www.estrategiaconcursos.com.br\/blog\/concurso-sefaz-pr-provas-remarcadas\/","title":{"rendered":"Concurso Sefaz PR: provas P2 e P3 remarcadas; saiba a data!"},"content":{"rendered":"\n<p>O <strong>concurso p\u00fablico Sefaz PR<\/strong>&nbsp;(<a href=\"https:\/\/www.estrategiaconcursos.com.br\/cursosPorConcurso\/secretaria-da-fazenda-do-estado-do-parana-sefaz-pr\/\" target=\"_blank\" rel=\"noreferrer noopener\">Secretaria de Estado da Fazenda do Paran\u00e1<\/a>) teve as suas provas P2 (objetiva) e P3 (discursiva) remarcadas!<\/p>\n\n\n\n<p>Conforme novo cronograma divulgado pela banca Cebraspe, ambas as etapas ser\u00e3o aplicadas no dia <strong>22 de fevereiro.<\/strong><\/p>\n\n\n\n<p>Logo ap\u00f3s a aplica\u00e7\u00e3o, haver\u00e1 a consulta individual aos gabaritos oficiais preliminares entre os dias 24 e 26 de fevereiro.<\/p>\n\n\n\n<ul class=\"wp-block-list\">\n<li><a href=\"https:\/\/dhg1h5j42swfq.cloudfront.net\/2026\/01\/27150049\/376eab7bb6d1da7dacecfd190778a3311419bbd4e088352aaf28f08f9bd77433.pdf\" target=\"_blank\" rel=\"noreferrer noopener nofollow\">Veja as demais datas do cronograma!<\/a><\/li>\n<\/ul>\n\n\n\n<p>Lembrando que a prova objetiva (P2) ser\u00e1 composta por&nbsp;<strong>50 quest\u00f5es<\/strong>&nbsp;de m\u00faltipla escolha, com cinco alternativas, sendo apenas uma a correta.<\/p>\n\n\n\n<p>J\u00e1 a prova discursiva valer\u00e1 15 pontos e consistir\u00e1 em uma quest\u00e3o discursiva, comum a todos os cargos\/fun\u00e7\u00f5es, a ser respondida em, no m\u00ednimo, 20 linhas e, no m\u00e1ximo, 30 linhas, a respeito de tema relacionado \u00e0 Gest\u00e3o P\u00fablica.<\/p>\n\n\n\n<div id=\"boxes\" class=\"container\">\n<div class=\"row\">\n<div class=\"col-sm\">\n<div id=\"box-assinatura\" class=\"banner-sefaz-ec\">\n<h2 class=\"titulo-assinatura\">Curso Concurso Sefaz PR<\/h2>\n<p class=\"subtitulo-assinatura\">Conhe\u00e7a os cursos para a Sefaz PR<\/p>\n<div class=\"box-botao\"><a class=\"btn-assinatura\" role=\"button\" href=\"https:\/\/www.estrategiaconcursos.com.br\/cursosPorConcurso\/secretaria-da-fazenda-do-estado-do-parana-sefaz-pr\/\" target=\"_blank\" rel=\"noopener noreferrer\">INICIAR PREPARA\u00c7\u00c3O<\/a><\/div>\n<\/div>\n<\/div>\n<\/div>\n<\/div>\n\n\n\n<h2 class=\"wp-block-heading\" id=\"h-concurso-sefaz-pr-libera-consulta-aos-gabaritos-do-concurso\">Concurso Sefaz PR libera consulta aos gabaritos do concurso<\/h2>\n\n\n\n<p>Inclusive, j\u00e1 est\u00e1 dispon\u00edvel a consulta <strong>individual aos gabaritos preliminares.<\/strong> Vale lembrar que os gabaritos divulgados referem-se \u00e0s provas P1, aplicadas no dia 25 de janeiro.<\/p>\n\n\n\n<p>Como de praxe, os candidatos poder\u00e3o interpor recursos entre os dias 28 e 29 de janeiro, por meio do site da organizadora. <\/p>\n\n\n\n<figure class=\"wp-block-image aligncenter size-large\"><img loading=\"lazy\" decoding=\"async\" width=\"1024\" height=\"530\" src=\"https:\/\/dhg1h5j42swfq.cloudfront.net\/2026\/01\/27112922\/image-262-1024x530.png\" alt=\"Concurso Sefaz PR: provas P2 e P3 remarcadas; saiba a data!\" class=\"wp-image-1705674\" srcset=\"https:\/\/dhg1h5j42swfq.cloudfront.net\/2026\/01\/27112922\/image-262-1024x530.png 1024w, https:\/\/dhg1h5j42swfq.cloudfront.net\/2026\/01\/27112922\/image-262-300x155.png 300w, https:\/\/dhg1h5j42swfq.cloudfront.net\/2026\/01\/27112922\/image-262-768x397.png 768w, https:\/\/dhg1h5j42swfq.cloudfront.net\/2026\/01\/27112922\/image-262-150x78.png 150w, https:\/\/dhg1h5j42swfq.cloudfront.net\/2026\/01\/27112922\/image-262.png 1229w\" sizes=\"auto, (max-width: 1024px) 100vw, 1024px\" \/><figcaption class=\"wp-element-caption\">Concurso Sefaz PR: provas P2 e P3 remarcadas; saiba a data!<\/figcaption><\/figure>\n\n\n\n<ul class=\"wp-block-list\">\n<li><a href=\"https:\/\/security.cebraspe.org.br\/SEFA_PR_25\/Recursos\/Objetiva\/GabaritoPreliminar_0D38E633-8895-4396-9E4A\/\" target=\"_blank\" rel=\"noreferrer noopener\">Consulte os gabaritos aqui<\/a><\/li>\n\n\n\n<li><a href=\"https:\/\/www.estrategiaconcursos.com.br\/blog\/concurso-sefaz-pr-2026-sugestoes-recursos\/\" target=\"_blank\" rel=\"noreferrer noopener\">Confira as sugest\u00f5es de recursos<\/a><\/li>\n<\/ul>\n\n\n\n<p>Esta prova, por sua vez, teve quest\u00f5es de m\u00faltipla escolha com as seguintes disciplinas:<br \/>L\u00edngua Portuguesa;<\/p>\n\n\n\n<ul class=\"wp-block-list\">\n<li>Direito Constitucional;<\/li>\n\n\n\n<li>Direito Administrativo;<\/li>\n\n\n\n<li>Estatuto da Crian\u00e7a e do Adolescente;<\/li>\n\n\n\n<li>Direito Tribut\u00e1rio;<\/li>\n\n\n\n<li>Racioc\u00ednio L\u00f3gico e Matem\u00e1tico;<\/li>\n\n\n\n<li>Matem\u00e1tica Financeira;<\/li>\n\n\n\n<li>Administra\u00e7\u00e3o P\u00fablica;<\/li>\n\n\n\n<li>Administra\u00e7\u00e3o Financeira e Or\u00e7ament\u00e1ria (AFO);<\/li>\n\n\n\n<li>No\u00e7\u00f5es de Economia;<\/li>\n\n\n\n<li>No\u00e7\u00f5es de Finan\u00e7as P\u00fablicas;<\/li>\n\n\n\n<li>No\u00e7\u00f5es de Tecnologia da Informa\u00e7\u00e3o;<\/li>\n\n\n\n<li>No\u00e7\u00f5es de Contabilidade Aplicada ao Setor P\u00fablico (CASP).<\/li>\n<\/ul>\n\n\n\n<p class=\"has-text-align-center\"><em>Quer saber mais informa\u00e7\u00f5es sobre o concurso Sefaz PR, al\u00e9m das provas remarcadas? Ent\u00e3o, confira o nosso artigo:<\/em><\/p>\n\n\n\n<p class=\"has-text-align-center has-background\" style=\"background-color:#f1f1f2;font-size:clamp(16.293px, 1.018rem + ((1vw - 3.2px) * 0.854), 25px);\"><strong>Saiba mais: <a href=\"https:\/\/www.estrategiaconcursos.com.br\/blog\/concurso-sefaz-pr\/\" target=\"_blank\" rel=\"noreferrer noopener\">Concurso Sefaz PR<\/a><\/strong><\/p>\n\n\n\n<hr class=\"wp-block-separator has-alpha-channel-opacity\"\/>\n\n\n\n<h2 class=\"wp-block-heading has-text-align-center wp-embed-aspect-16-9 wp-has-aspect-ratio\" id=\"cursos-assinatura\"><em>Cursos e Assinaturas para o concurso Sefaz PR<\/em><\/h2>\n\n\n\n<div id=\"boxes\" class=\"container\">\n<div class=\"row\">\n<div class=\"col-sm\">\n<div id=\"box-assinatura\" class=\"banner-sefaz-ec\">\n<h2 class=\"titulo-assinatura\">Curso Concurso Sefaz PR<\/h2>\n<p class=\"subtitulo-assinatura\">Conhe\u00e7a os cursos para a Sefaz PR<\/p>\n<div class=\"box-botao\"><a class=\"btn-assinatura\" role=\"button\" href=\"https:\/\/www.estrategiaconcursos.com.br\/cursosPorConcurso\/secretaria-da-fazenda-do-estado-do-parana-sefaz-pr\/\" target=\"_blank\" rel=\"noopener noreferrer\">INICIAR PREPARA\u00c7\u00c3O<\/a><\/div>\n<\/div>\n<\/div>\n<\/div>\n<\/div>\n\n\n\n<div class=\"container\" id=\"boxes\">\n  <div class=\"row\">\n\n    <div class=\"col-sm\">\n      <div class=\"estrategia\" id=\"box-assinatura\">\n        <h3 class=\"titulo-assinatura\">Assinatura Concursos<\/h3>\n        <p class=\"subtitulo-assinatura\">Assinatura de 1 ano ou 2 anos<\/p>\n        <div class=\"box-botao\">\n          <a class=\"btn-assinatura\" target=\"_blank\" href=\"https:\/\/www.estrategiaconcursos.com.br\/assinaturas\/\" role=\"button\" rel=\"noopener noreferrer\">ASSINE AGORA<\/a>\n        <\/div>\n      <\/div><\/div><\/div><\/div>\n\n\n\n<h2 class=\"wp-block-heading has-text-align-center\" id=\"quer-saber-tudo-sobre-concursos-previstos-confira-nossos-artigos\">Quer saber tudo sobre concursos previstos?<br \/>Confira nossos artigos!<\/h2>\n\n\n\n<ul class=\"wp-block-list\">\n<li><a href=\"https:\/\/www.estrategiaconcursos.com.br\/blog\/concursos-abertos\/\" target=\"_blank\" rel=\"noreferrer noopener\">Concursos Abertos<\/a><\/li>\n\n\n\n<li><a href=\"https:\/\/www.estrategiaconcursos.com.br\/blog\/concursos-fiscais\/\" target=\"_blank\" rel=\"noreferrer noopener\">Concursos Fiscais<\/a><\/li>\n\n\n\n<li><a href=\"https:\/\/www.estrategiaconcursos.com.br\/blog\/concursos-2026\/\" target=\"_blank\" rel=\"noreferrer noopener\">Concursos 2026<\/a><\/li>\n<\/ul>\n","protected":false},"excerpt":{"rendered":"<p>O concurso p\u00fablico Sefaz PR&nbsp;(Secretaria de Estado da Fazenda do Paran\u00e1) teve as suas provas P2 (objetiva) e P3 (discursiva) remarcadas! Conforme novo cronograma divulgado pela banca Cebraspe, ambas as etapas ser\u00e3o aplicadas no dia 22 de fevereiro. Logo ap\u00f3s a aplica\u00e7\u00e3o, haver\u00e1 a consulta individual aos gabaritos oficiais preliminares entre os dias 24 e [&hellip;]<\/p>\n","protected":false},"author":2692,"featured_media":1666665,"comment_status":"open","ping_status":"closed","sticky":false,"template":"","format":"standard","meta":{"post_tipo":"news","footnotes":""},"categories":[1983,220219],"tags":[],"tax_estado":[219981],"class_list":["post-1705822","post","type-post","status-publish","format-standard","has-post-thumbnail","hentry","category-fiscal-estadual","category-noticias","tax_estado-pr"],"acf":[],"yoast_head":"<!-- This site is optimized with the Yoast SEO Premium plugin v27.2 (Yoast SEO v27.2) - https:\/\/yoast.com\/product\/yoast-seo-premium-wordpress\/ -->\n<title>Concurso Sefaz PR: provas P2 e P3 remarcadas; saiba a data!<\/title>\n<meta name=\"description\" content=\"Ap\u00f3s suspens\u00e3o por problemas na aplica\u00e7\u00e3o, o Cebraspe confirmou que as provas do concurso Sefaz PR est\u00e3o remarcadas!\" \/>\n<meta name=\"robots\" content=\"index, follow, max-snippet:-1, max-image-preview:large, max-video-preview:-1\" \/>\n<link rel=\"canonical\" href=\"https:\/\/www.estrategiaconcursos.com.br\/blog\/concurso-sefaz-pr-provas-remarcadas\/\" \/>\n<meta property=\"og:locale\" content=\"pt_BR\" \/>\n<meta property=\"og:type\" content=\"article\" \/>\n<meta property=\"og:title\" content=\"Concurso Sefaz PR: provas P2 e P3 remarcadas; saiba a data!\" \/>\n<meta property=\"og:description\" content=\"Ap\u00f3s suspens\u00e3o por problemas na aplica\u00e7\u00e3o, o Cebraspe confirmou que as provas do concurso Sefaz PR est\u00e3o remarcadas!\" \/>\n<meta property=\"og:url\" content=\"https:\/\/www.estrategiaconcursos.com.br\/blog\/concurso-sefaz-pr-provas-remarcadas\/\" \/>\n<meta property=\"og:site_name\" content=\"Estrat\u00e9gia Concursos\" \/>\n<meta property=\"article:published_time\" content=\"2026-01-27T18:02:57+00:00\" \/>\n<meta property=\"article:modified_time\" content=\"2026-01-27T20:47:49+00:00\" \/>\n<meta property=\"og:image\" content=\"https:\/\/dhg1h5j42swfq.cloudfront.net\/2025\/11\/06171859\/sefaz-pr.jpg\" \/>\n\t<meta property=\"og:image:width\" content=\"1200\" \/>\n\t<meta property=\"og:image:height\" content=\"628\" \/>\n\t<meta property=\"og:image:type\" content=\"image\/jpeg\" \/>\n<meta name=\"author\" content=\"Ronaldo Scanavini Neto\" \/>\n<meta name=\"twitter:card\" content=\"summary_large_image\" \/>\n<meta name=\"twitter:creator\" content=\"@EstratConcursos\" \/>\n<meta name=\"twitter:site\" content=\"@EstratConcursos\" \/>\n<meta name=\"twitter:label1\" content=\"Escrito por\" \/>\n\t<meta name=\"twitter:data1\" content=\"Ronaldo Scanavini Neto\" \/>\n\t<meta name=\"twitter:label2\" content=\"Est. tempo de leitura\" \/>\n\t<meta name=\"twitter:data2\" content=\"2 minutos\" \/>\n<script type=\"application\/ld+json\" class=\"yoast-schema-graph\">{\"@context\":\"https:\/\/schema.org\",\"@graph\":[{\"@type\":\"NewsArticle\",\"@id\":\"https:\/\/www.estrategiaconcursos.com.br\/blog\/concurso-sefaz-pr-provas-remarcadas\/#article\",\"isPartOf\":{\"@id\":\"https:\/\/www.estrategiaconcursos.com.br\/blog\/concurso-sefaz-pr-provas-remarcadas\/\"},\"author\":{\"name\":\"Ronaldo Scanavini Neto\",\"@id\":\"https:\/\/www.estrategiaconcursos.com.br\/blog\/#\/schema\/person\/70c2ad4297aa24ff8815b08215b23a76\"},\"headline\":\"Concurso Sefaz PR: provas P2 e P3 remarcadas; saiba a data!\",\"datePublished\":\"2026-01-27T18:02:57+00:00\",\"dateModified\":\"2026-01-27T20:47:49+00:00\",\"mainEntityOfPage\":{\"@id\":\"https:\/\/www.estrategiaconcursos.com.br\/blog\/concurso-sefaz-pr-provas-remarcadas\/\"},\"wordCount\":392,\"commentCount\":0,\"publisher\":{\"@id\":\"https:\/\/www.estrategiaconcursos.com.br\/blog\/#organization\"},\"image\":{\"@id\":\"https:\/\/www.estrategiaconcursos.com.br\/blog\/concurso-sefaz-pr-provas-remarcadas\/#primaryimage\"},\"thumbnailUrl\":\"https:\/\/dhg1h5j42swfq.cloudfront.net\/2025\/11\/06171859\/sefaz-pr.jpg\",\"articleSection\":[\"Fiscal - Estadual (ICMS)\",\"\u00daltimas not\u00edcias\"],\"inLanguage\":\"pt-BR\",\"potentialAction\":[{\"@type\":\"CommentAction\",\"name\":\"Comment\",\"target\":[\"https:\/\/www.estrategiaconcursos.com.br\/blog\/concurso-sefaz-pr-provas-remarcadas\/#respond\"]}],\"copyrightYear\":\"2026\",\"copyrightHolder\":{\"@id\":\"https:\/\/www.estrategiaconcursos.com.br\/blog\/#organization\"}},{\"@type\":\"WebPage\",\"@id\":\"https:\/\/www.estrategiaconcursos.com.br\/blog\/concurso-sefaz-pr-provas-remarcadas\/\",\"url\":\"https:\/\/www.estrategiaconcursos.com.br\/blog\/concurso-sefaz-pr-provas-remarcadas\/\",\"name\":\"Concurso Sefaz PR: provas P2 e P3 remarcadas; saiba a data!\",\"isPartOf\":{\"@id\":\"https:\/\/www.estrategiaconcursos.com.br\/blog\/#website\"},\"primaryImageOfPage\":{\"@id\":\"https:\/\/www.estrategiaconcursos.com.br\/blog\/concurso-sefaz-pr-provas-remarcadas\/#primaryimage\"},\"image\":{\"@id\":\"https:\/\/www.estrategiaconcursos.com.br\/blog\/concurso-sefaz-pr-provas-remarcadas\/#primaryimage\"},\"thumbnailUrl\":\"https:\/\/dhg1h5j42swfq.cloudfront.net\/2025\/11\/06171859\/sefaz-pr.jpg\",\"datePublished\":\"2026-01-27T18:02:57+00:00\",\"dateModified\":\"2026-01-27T20:47:49+00:00\",\"description\":\"Ap\u00f3s suspens\u00e3o por problemas na aplica\u00e7\u00e3o, o Cebraspe confirmou que as provas do concurso Sefaz PR est\u00e3o remarcadas!\",\"breadcrumb\":{\"@id\":\"https:\/\/www.estrategiaconcursos.com.br\/blog\/concurso-sefaz-pr-provas-remarcadas\/#breadcrumb\"},\"inLanguage\":\"pt-BR\",\"potentialAction\":[{\"@type\":\"ReadAction\",\"target\":[\"https:\/\/www.estrategiaconcursos.com.br\/blog\/concurso-sefaz-pr-provas-remarcadas\/\"]}]},{\"@type\":\"ImageObject\",\"inLanguage\":\"pt-BR\",\"@id\":\"https:\/\/www.estrategiaconcursos.com.br\/blog\/concurso-sefaz-pr-provas-remarcadas\/#primaryimage\",\"url\":\"https:\/\/dhg1h5j42swfq.cloudfront.net\/2025\/11\/06171859\/sefaz-pr.jpg\",\"contentUrl\":\"https:\/\/dhg1h5j42swfq.cloudfront.net\/2025\/11\/06171859\/sefaz-pr.jpg\",\"width\":1200,\"height\":628,\"caption\":\"Sefaz PR gabaritos provas\"},{\"@type\":\"BreadcrumbList\",\"@id\":\"https:\/\/www.estrategiaconcursos.com.br\/blog\/concurso-sefaz-pr-provas-remarcadas\/#breadcrumb\",\"itemListElement\":[{\"@type\":\"ListItem\",\"position\":1,\"name\":\"In\u00edcio\",\"item\":\"https:\/\/www.estrategiaconcursos.com.br\/blog\/\"},{\"@type\":\"ListItem\",\"position\":2,\"name\":\"Concurso Sefaz PR: provas P2 e P3 remarcadas; saiba a data!\"}]},{\"@type\":\"WebSite\",\"@id\":\"https:\/\/www.estrategiaconcursos.com.br\/blog\/#website\",\"url\":\"https:\/\/www.estrategiaconcursos.com.br\/blog\/\",\"name\":\"Estrat\u00e9gia Concursos\",\"description\":\"O blog da Estrat\u00e9gia Concursos traz not\u00edcias sobre concursos e artigos de professores oferecendo cursos para concursos (pdf + videaulas) no site.\",\"publisher\":{\"@id\":\"https:\/\/www.estrategiaconcursos.com.br\/blog\/#organization\"},\"potentialAction\":[{\"@type\":\"SearchAction\",\"target\":{\"@type\":\"EntryPoint\",\"urlTemplate\":\"https:\/\/www.estrategiaconcursos.com.br\/blog\/?s={search_term_string}\"},\"query-input\":{\"@type\":\"PropertyValueSpecification\",\"valueRequired\":true,\"valueName\":\"search_term_string\"}}],\"inLanguage\":\"pt-BR\"},{\"@type\":\"Organization\",\"@id\":\"https:\/\/www.estrategiaconcursos.com.br\/blog\/#organization\",\"name\":\"Estrat\u00e9gia Concursos\",\"url\":\"https:\/\/www.estrategiaconcursos.com.br\/blog\/\",\"logo\":{\"@type\":\"ImageObject\",\"inLanguage\":\"pt-BR\",\"@id\":\"https:\/\/www.estrategiaconcursos.com.br\/blog\/#\/schema\/logo\/image\/\",\"url\":\"https:\/\/dhg1h5j42swfq.cloudfront.net\/2025\/06\/03203428\/logo_concursos-1.jpg\",\"contentUrl\":\"https:\/\/dhg1h5j42swfq.cloudfront.net\/2025\/06\/03203428\/logo_concursos-1.jpg\",\"width\":230,\"height\":60,\"caption\":\"Estrat\u00e9gia Concursos\"},\"image\":{\"@id\":\"https:\/\/www.estrategiaconcursos.com.br\/blog\/#\/schema\/logo\/image\/\"},\"sameAs\":[\"https:\/\/x.com\/EstratConcursos\"]},{\"@type\":\"Person\",\"@id\":\"https:\/\/www.estrategiaconcursos.com.br\/blog\/#\/schema\/person\/70c2ad4297aa24ff8815b08215b23a76\",\"name\":\"Ronaldo Scanavini Neto\",\"image\":{\"@type\":\"ImageObject\",\"inLanguage\":\"pt-BR\",\"@id\":\"https:\/\/secure.gravatar.com\/avatar\/f93d8e56fe264596e94aee6b3feb737d98ad0fc5bac7eb0a245f04723c5c8f21?s=96&d=mm&r=g\",\"url\":\"https:\/\/secure.gravatar.com\/avatar\/f93d8e56fe264596e94aee6b3feb737d98ad0fc5bac7eb0a245f04723c5c8f21?s=96&d=mm&r=g\",\"contentUrl\":\"https:\/\/secure.gravatar.com\/avatar\/f93d8e56fe264596e94aee6b3feb737d98ad0fc5bac7eb0a245f04723c5c8f21?s=96&d=mm&r=g\",\"caption\":\"Ronaldo Scanavini Neto\"},\"description\":\"Graduando em Comunica\u00e7\u00e3o Social \u2013 Jornalismo pela Universidade Federal de Vi\u00e7osa (UFV). Integra a equipe de jornalismo do Estrat\u00e9gia Concursos desde 2023, atuando com \u00eanfase na cobertura da \u00e1rea fiscal. Tamb\u00e9m realiza a apura\u00e7\u00e3o e produ\u00e7\u00e3o de not\u00edcias sobre concursos federais, \u00f3rg\u00e3os participantes do CNU e das \u00e1reas de controle, gest\u00e3o, engenharia, Exame CFC, comunica\u00e7\u00e3o social TI e \u00e1rea de concursos administrativos.\",\"url\":\"https:\/\/www.estrategiaconcursos.com.br\/blog\/author\/ronaldo-netoestrategia-com\/\"}]}<\/script>\n<!-- \/ Yoast SEO Premium plugin. -->","yoast_head_json":{"title":"Concurso Sefaz PR: provas P2 e P3 remarcadas; saiba a data!","description":"Ap\u00f3s suspens\u00e3o por problemas na aplica\u00e7\u00e3o, o Cebraspe confirmou que as provas do concurso Sefaz PR est\u00e3o remarcadas!","robots":{"index":"index","follow":"follow","max-snippet":"max-snippet:-1","max-image-preview":"max-image-preview:large","max-video-preview":"max-video-preview:-1"},"canonical":"https:\/\/www.estrategiaconcursos.com.br\/blog\/concurso-sefaz-pr-provas-remarcadas\/","og_locale":"pt_BR","og_type":"article","og_title":"Concurso Sefaz PR: provas P2 e P3 remarcadas; saiba a data!","og_description":"Ap\u00f3s suspens\u00e3o por problemas na aplica\u00e7\u00e3o, o Cebraspe confirmou que as provas do concurso Sefaz PR est\u00e3o remarcadas!","og_url":"https:\/\/www.estrategiaconcursos.com.br\/blog\/concurso-sefaz-pr-provas-remarcadas\/","og_site_name":"Estrat\u00e9gia Concursos","article_published_time":"2026-01-27T18:02:57+00:00","article_modified_time":"2026-01-27T20:47:49+00:00","og_image":[{"width":1200,"height":628,"url":"https:\/\/dhg1h5j42swfq.cloudfront.net\/2025\/11\/06171859\/sefaz-pr.jpg","type":"image\/jpeg"}],"author":"Ronaldo Scanavini Neto","twitter_card":"summary_large_image","twitter_creator":"@EstratConcursos","twitter_site":"@EstratConcursos","twitter_misc":{"Escrito por":"Ronaldo Scanavini Neto","Est. tempo de leitura":"2 minutos"},"schema":{"@context":"https:\/\/schema.org","@graph":[{"@type":"NewsArticle","@id":"https:\/\/www.estrategiaconcursos.com.br\/blog\/concurso-sefaz-pr-provas-remarcadas\/#article","isPartOf":{"@id":"https:\/\/www.estrategiaconcursos.com.br\/blog\/concurso-sefaz-pr-provas-remarcadas\/"},"author":{"name":"Ronaldo Scanavini Neto","@id":"https:\/\/www.estrategiaconcursos.com.br\/blog\/#\/schema\/person\/70c2ad4297aa24ff8815b08215b23a76"},"headline":"Concurso Sefaz PR: provas P2 e P3 remarcadas; saiba a data!","datePublished":"2026-01-27T18:02:57+00:00","dateModified":"2026-01-27T20:47:49+00:00","mainEntityOfPage":{"@id":"https:\/\/www.estrategiaconcursos.com.br\/blog\/concurso-sefaz-pr-provas-remarcadas\/"},"wordCount":392,"commentCount":0,"publisher":{"@id":"https:\/\/www.estrategiaconcursos.com.br\/blog\/#organization"},"image":{"@id":"https:\/\/www.estrategiaconcursos.com.br\/blog\/concurso-sefaz-pr-provas-remarcadas\/#primaryimage"},"thumbnailUrl":"https:\/\/dhg1h5j42swfq.cloudfront.net\/2025\/11\/06171859\/sefaz-pr.jpg","articleSection":["Fiscal - Estadual (ICMS)","\u00daltimas not\u00edcias"],"inLanguage":"pt-BR","potentialAction":[{"@type":"CommentAction","name":"Comment","target":["https:\/\/www.estrategiaconcursos.com.br\/blog\/concurso-sefaz-pr-provas-remarcadas\/#respond"]}],"copyrightYear":"2026","copyrightHolder":{"@id":"https:\/\/www.estrategiaconcursos.com.br\/blog\/#organization"}},{"@type":"WebPage","@id":"https:\/\/www.estrategiaconcursos.com.br\/blog\/concurso-sefaz-pr-provas-remarcadas\/","url":"https:\/\/www.estrategiaconcursos.com.br\/blog\/concurso-sefaz-pr-provas-remarcadas\/","name":"Concurso Sefaz PR: provas P2 e P3 remarcadas; saiba a data!","isPartOf":{"@id":"https:\/\/www.estrategiaconcursos.com.br\/blog\/#website"},"primaryImageOfPage":{"@id":"https:\/\/www.estrategiaconcursos.com.br\/blog\/concurso-sefaz-pr-provas-remarcadas\/#primaryimage"},"image":{"@id":"https:\/\/www.estrategiaconcursos.com.br\/blog\/concurso-sefaz-pr-provas-remarcadas\/#primaryimage"},"thumbnailUrl":"https:\/\/dhg1h5j42swfq.cloudfront.net\/2025\/11\/06171859\/sefaz-pr.jpg","datePublished":"2026-01-27T18:02:57+00:00","dateModified":"2026-01-27T20:47:49+00:00","description":"Ap\u00f3s suspens\u00e3o por problemas na aplica\u00e7\u00e3o, o Cebraspe confirmou que as provas do concurso Sefaz PR est\u00e3o remarcadas!","breadcrumb":{"@id":"https:\/\/www.estrategiaconcursos.com.br\/blog\/concurso-sefaz-pr-provas-remarcadas\/#breadcrumb"},"inLanguage":"pt-BR","potentialAction":[{"@type":"ReadAction","target":["https:\/\/www.estrategiaconcursos.com.br\/blog\/concurso-sefaz-pr-provas-remarcadas\/"]}]},{"@type":"ImageObject","inLanguage":"pt-BR","@id":"https:\/\/www.estrategiaconcursos.com.br\/blog\/concurso-sefaz-pr-provas-remarcadas\/#primaryimage","url":"https:\/\/dhg1h5j42swfq.cloudfront.net\/2025\/11\/06171859\/sefaz-pr.jpg","contentUrl":"https:\/\/dhg1h5j42swfq.cloudfront.net\/2025\/11\/06171859\/sefaz-pr.jpg","width":1200,"height":628,"caption":"Sefaz PR gabaritos provas"},{"@type":"BreadcrumbList","@id":"https:\/\/www.estrategiaconcursos.com.br\/blog\/concurso-sefaz-pr-provas-remarcadas\/#breadcrumb","itemListElement":[{"@type":"ListItem","position":1,"name":"In\u00edcio","item":"https:\/\/www.estrategiaconcursos.com.br\/blog\/"},{"@type":"ListItem","position":2,"name":"Concurso Sefaz PR: provas P2 e P3 remarcadas; saiba a data!"}]},{"@type":"WebSite","@id":"https:\/\/www.estrategiaconcursos.com.br\/blog\/#website","url":"https:\/\/www.estrategiaconcursos.com.br\/blog\/","name":"Estrat\u00e9gia Concursos","description":"O blog da Estrat\u00e9gia Concursos traz not\u00edcias sobre concursos e artigos de professores oferecendo cursos para concursos (pdf + videaulas) no site.","publisher":{"@id":"https:\/\/www.estrategiaconcursos.com.br\/blog\/#organization"},"potentialAction":[{"@type":"SearchAction","target":{"@type":"EntryPoint","urlTemplate":"https:\/\/www.estrategiaconcursos.com.br\/blog\/?s={search_term_string}"},"query-input":{"@type":"PropertyValueSpecification","valueRequired":true,"valueName":"search_term_string"}}],"inLanguage":"pt-BR"},{"@type":"Organization","@id":"https:\/\/www.estrategiaconcursos.com.br\/blog\/#organization","name":"Estrat\u00e9gia Concursos","url":"https:\/\/www.estrategiaconcursos.com.br\/blog\/","logo":{"@type":"ImageObject","inLanguage":"pt-BR","@id":"https:\/\/www.estrategiaconcursos.com.br\/blog\/#\/schema\/logo\/image\/","url":"https:\/\/dhg1h5j42swfq.cloudfront.net\/2025\/06\/03203428\/logo_concursos-1.jpg","contentUrl":"https:\/\/dhg1h5j42swfq.cloudfront.net\/2025\/06\/03203428\/logo_concursos-1.jpg","width":230,"height":60,"caption":"Estrat\u00e9gia Concursos"},"image":{"@id":"https:\/\/www.estrategiaconcursos.com.br\/blog\/#\/schema\/logo\/image\/"},"sameAs":["https:\/\/x.com\/EstratConcursos"]},{"@type":"Person","@id":"https:\/\/www.estrategiaconcursos.com.br\/blog\/#\/schema\/person\/70c2ad4297aa24ff8815b08215b23a76","name":"Ronaldo Scanavini Neto","image":{"@type":"ImageObject","inLanguage":"pt-BR","@id":"https:\/\/secure.gravatar.com\/avatar\/f93d8e56fe264596e94aee6b3feb737d98ad0fc5bac7eb0a245f04723c5c8f21?s=96&d=mm&r=g","url":"https:\/\/secure.gravatar.com\/avatar\/f93d8e56fe264596e94aee6b3feb737d98ad0fc5bac7eb0a245f04723c5c8f21?s=96&d=mm&r=g","contentUrl":"https:\/\/secure.gravatar.com\/avatar\/f93d8e56fe264596e94aee6b3feb737d98ad0fc5bac7eb0a245f04723c5c8f21?s=96&d=mm&r=g","caption":"Ronaldo Scanavini Neto"},"description":"Graduando em Comunica\u00e7\u00e3o Social \u2013 Jornalismo pela Universidade Federal de Vi\u00e7osa (UFV). Integra a equipe de jornalismo do Estrat\u00e9gia Concursos desde 2023, atuando com \u00eanfase na cobertura da \u00e1rea fiscal. Tamb\u00e9m realiza a apura\u00e7\u00e3o e produ\u00e7\u00e3o de not\u00edcias sobre concursos federais, \u00f3rg\u00e3os participantes do CNU e das \u00e1reas de controle, gest\u00e3o, engenharia, Exame CFC, comunica\u00e7\u00e3o social TI e \u00e1rea de concursos administrativos.","url":"https:\/\/www.estrategiaconcursos.com.br\/blog\/author\/ronaldo-netoestrategia-com\/"}]}},"_links":{"self":[{"href":"https:\/\/www.estrategiaconcursos.com.br\/blog\/wp-json\/wp\/v2\/posts\/1705822","targetHints":{"allow":["GET"]}}],"collection":[{"href":"https:\/\/www.estrategiaconcursos.com.br\/blog\/wp-json\/wp\/v2\/posts"}],"about":[{"href":"https:\/\/www.estrategiaconcursos.com.br\/blog\/wp-json\/wp\/v2\/types\/post"}],"author":[{"embeddable":true,"href":"https:\/\/www.estrategiaconcursos.com.br\/blog\/wp-json\/wp\/v2\/users\/2692"}],"replies":[{"embeddable":true,"href":"https:\/\/www.estrategiaconcursos.com.br\/blog\/wp-json\/wp\/v2\/comments?post=1705822"}],"version-history":[{"count":3,"href":"https:\/\/www.estrategiaconcursos.com.br\/blog\/wp-json\/wp\/v2\/posts\/1705822\/revisions"}],"predecessor-version":[{"id":1705977,"href":"https:\/\/www.estrategiaconcursos.com.br\/blog\/wp-json\/wp\/v2\/posts\/1705822\/revisions\/1705977"}],"wp:featuredmedia":[{"embeddable":true,"href":"https:\/\/www.estrategiaconcursos.com.br\/blog\/wp-json\/wp\/v2\/media\/1666665"}],"wp:attachment":[{"href":"https:\/\/www.estrategiaconcursos.com.br\/blog\/wp-json\/wp\/v2\/media?parent=1705822"}],"wp:term":[{"taxonomy":"category","embeddable":true,"href":"https:\/\/www.estrategiaconcursos.com.br\/blog\/wp-json\/wp\/v2\/categories?post=1705822"},{"taxonomy":"post_tag","embeddable":true,"href":"https:\/\/www.estrategiaconcursos.com.br\/blog\/wp-json\/wp\/v2\/tags?post=1705822"},{"taxonomy":"tax_estado","embeddable":true,"href":"https:\/\/www.estrategiaconcursos.com.br\/blog\/wp-json\/wp\/v2\/tax_estado?post=1705822"}],"curies":[{"name":"wp","href":"https:\/\/api.w.org\/{rel}","templated":true}]}}