{"id":1705472,"date":"2026-01-30T12:00:00","date_gmt":"2026-01-30T15:00:00","guid":{"rendered":"https:\/\/www.estrategiaconcursos.com.br\/blog\/?p=1705472"},"modified":"2026-01-30T12:37:57","modified_gmt":"2026-01-30T15:37:57","slug":"quando-sai-a-classificacao-final-do-concurso-inss","status":"publish","type":"post","link":"https:\/\/www.estrategiaconcursos.com.br\/blog\/quando-sai-a-classificacao-final-do-concurso-inss\/","title":{"rendered":"Quando sai a classifica\u00e7\u00e3o final do concurso INSS?"},"content":{"rendered":"\n<p style=\"font-size:clamp(16.293px, 1.018rem + ((1vw - 3.2px) * 0.854), 25px);\"><strong><em>Saiba quando sai a classifica\u00e7\u00e3o final do mais novo concurso INSS; veja o cronograma!<\/em><\/strong><\/p>\n\n\n\n<p>Foi publicado o resultado preliminar da prova discursiva do <strong><a href=\"https:\/\/www.estrategiaconcursos.com.br\/cursosPorConcurso\/inss-tecnico-do-seguro-social-101\/\" target=\"_blank\" rel=\"noreferrer noopener\">Concurso INSS<\/a>, contemplado na segunda edi\u00e7\u00e3o do <a href=\"https:\/\/www.estrategiaconcursos.com.br\/cursosPorConcurso\/concurso-nacional-unificado-cnu\/\" target=\"_blank\" rel=\"noreferrer noopener\">CNU<\/a><\/strong>.<\/p>\n\n\n\n<ul class=\"wp-block-list\">\n<li><a href=\"https:\/\/dhg1h5j42swfq.cloudfront.net\/2026\/01\/23203406\/edital-no-14-de-22-de-janeiro-de-2026-edital-no-14-de-22-de-janeiro-de-2026-dou-imprensa-nacional.html\" target=\"_blank\" rel=\"noreferrer noopener nofollow\">Confira os resultados da prova;<\/a><\/li>\n<\/ul>\n\n\n\n<p>Com a aplica\u00e7\u00e3o da \u00faltima etapa e divulga\u00e7\u00e3o de sua nota preliminar, muitos candidatos podem se questionar <strong>quando sai a classifica\u00e7\u00e3o final do concurso INSS.<\/strong><\/p>\n\n\n\n<p>Mas, primeiro, outros resultados ser\u00e3o publicados, como \u00e9 o caso do resultado final da avalia\u00e7\u00e3o de t\u00edtulos e da prova discursiva.<\/p>\n\n\n\n<p>Ainda assim, a data de divulga\u00e7\u00e3o das classifica\u00e7\u00f5es finais n\u00e3o est\u00e1 t\u00e3o longe quanto outros pensam.<\/p>\n\n\n\n<p>Segundo a FGV e o MGI, a previs\u00e3o de divulga\u00e7\u00e3o das listas de classifica\u00e7\u00e3o, seja de vagas imediatas ou lista de espera, est\u00e1 prevista para <strong>20 de fevereiro.<\/strong><\/p>\n\n\n\n<p>O documento ser\u00e1 publicado junto com a 1\u00aa convoca\u00e7\u00e3o para confirma\u00e7\u00e3o de interesse dos candidatos.<\/p>\n\n\n\n<p>Logo depois, abrir-se-\u00e1 o prazo para confirmar o seu interesse entre os dias <strong>21 e 23 de fevereiro.<\/strong> Quer saber todas as datas? Veja abaixo:<\/p>\n\n\n\n<ul class=\"wp-block-list\">\n<li>2\u00aa Convoca\u00e7\u00e3o para confirma\u00e7\u00e3o de interesse:&nbsp;<strong>27\/02\/2026<\/strong><\/li>\n\n\n\n<li>Per\u00edodo da 2\u00aa confirma\u00e7\u00e3o de interesse:&nbsp;<strong>28\/02 a 02\/03\/2026<\/strong><\/li>\n\n\n\n<li>Previs\u00e3o das listas p\u00f3s-2\u00aa confirma\u00e7\u00e3o de interesse: <strong>06\/03\/2026<\/strong><\/li>\n\n\n\n<li>3\u00aa Convoca\u00e7\u00e3o para confirma\u00e7\u00e3o de interesse:&nbsp;<strong>06\/03\/2026<\/strong><\/li>\n\n\n\n<li>Per\u00edodo da 3\u00aa confirma\u00e7\u00e3o de interesse:&nbsp;<strong>07 a 09\/03\/2026<\/strong><\/li>\n\n\n\n<li>Previs\u00e3o das listas p\u00f3s-3\u00aa confirma\u00e7\u00e3o de interesse: <strong>16\/03\/2026<\/strong><\/li>\n\n\n\n<li>In\u00edcio das convoca\u00e7\u00f5es para nomea\u00e7\u00e3o:&nbsp;<strong>16\/03\/2026<\/strong><\/li>\n<\/ul>\n\n\n\n<div class=\"container\" id=\"boxes\">\n  <div class=\"row\">\n\n    <div class=\"col-sm\">\n      <div class=\"banner-inss-ec\" id=\"box-assinatura\">\n        <h2 class=\"titulo-assinatura\">Concurso INSS<\/h2>\n        <p class=\"subtitulo-assinatura\">Conhe\u00e7a os cursos para T\u00e9cnico e Analista!<\/p>\n        <div class=\"box-botao\">\n          <a class=\"btn-assinatura\" target=\"_blank\" href=\"https:\/\/www.estrategiaconcursos.com.br\/cursosPorConcurso\/inss-tecnico-do-seguro-social-101\/\" role=\"button\" rel=\"noopener noreferrer\">INICIAR PREPARA\u00c7\u00c3O<\/a>\n        <\/div>\n      <\/div>\n     \n    <\/div>\n\n  <\/div>\n<\/div>\n\n\n\n<h2 class=\"wp-block-heading\" id=\"h-vai-ter-novo-concurso-inss-2026-a-previsao-e-os-proximos-passos\">Vai ter novo concurso INSS 2026? A previs\u00e3o e os pr\u00f3ximos passos<\/h2>\n\n\n\n<p>O <strong>INSS (<a href=\"https:\/\/www.estrategiaconcursos.com.br\/cursosPorConcurso\/inss-tecnico-do-seguro-social-101\/\" target=\"_blank\" rel=\"noreferrer noopener\">Instituto Nacional do Seguro Social<\/a>)<\/strong> \u00e9 considerado por muitos um dos melhores caminhos para aqueles que sonham em integrar a carreira p\u00fablica no Brasil.<\/p>\n\n\n\n<p>Com muita concorr\u00eancia, o Instituto \u00e9 visado justamente pelas vantagens que, aliadas \u00e0s do funcionalismo p\u00fablico, tornam-se \u00fanicas, mesmo em um \u00e2mbito com tantos benef\u00edcios.<\/p>\n\n\n\n<p>Afinal, s\u00e3o <strong>diversas especialidades <\/strong>dos cargos de <strong>T\u00e9cnico e Analista do Seguro Social<\/strong>, de n\u00edveis m\u00e9dio e superior.<\/p>\n\n\n\n<p>Estas carreiras garantem sal\u00e1rios de <strong>R$ 7,2 mil<\/strong> para concurseiros de n\u00edvel m\u00e9dio e <strong>R$ 10,5 mil<\/strong> para interessados de n\u00edvel superior.<\/p>\n\n\n\n<p>Esses valores, por sua vez, s\u00e3o apenas <strong>iniciais<\/strong>, aumentando cada vez mais ao longo da carreira como servidor p\u00fablico.<\/p>\n\n\n\n<p>E o melhor: o INSS possui uma rede de atendimento que abrange todo o pa\u00eds, o que torna poss\u00edvel a sua aprova\u00e7\u00e3o em uma lota\u00e7\u00e3o pr\u00f3xima de sua casa.<\/p>\n\n\n\n<p><strong>Mas, a quest\u00e3o em si \u00e9: ser\u00e1 que teremos um novo concurso INSS na pra\u00e7a no ano de 2026?<\/strong> Essa d\u00favida deve estar na cabe\u00e7a de muitos futuros candidatos. <\/p>\n\n\n\n<p>A resposta, inclusive, \u00e9 bem <strong>positiva<\/strong> para os interessados. Isso porque o pr\u00f3prio Instituto <a href=\"https:\/\/www.estrategiaconcursos.com.br\/blog\/concurso-inss-2026-solicitado\/\" target=\"_blank\" rel=\"noreferrer noopener\">j\u00e1 manifestou interesse em realizar um novo concurso p\u00fablico<\/a> e encaminhou ao MGI um pedido com <strong>8,5 mil vagas<\/strong>.<\/p>\n\n\n\n<p>Desse total, o \u00f3rg\u00e3o solicita 7 mil vagas para T\u00e9cnico do Seguro Social, cargo de n\u00edvel m\u00e9dio, al\u00e9m de 1,5 mil para Analista, de n\u00edvel superior.<\/p>\n\n\n\n<p>Al\u00e9m disso, a <strong>LOA 2026<\/strong> prev\u00ea <strong>mais de 42 mil vagas no Poder Executivo<\/strong>, refor\u00e7ando as chances de nomea\u00e7\u00f5es e novos concursos federais no pr\u00f3ximo ano.<\/p>\n\n\n\n<h2 class=\"wp-block-heading\" id=\"h-quando-foi-o-ultimo-edital-do-inss\">Quando foi o \u00faltimo edital do INSS?<\/h2>\n\n\n\n<p>O \u00faltimo concurso INSS, al\u00e9m da recente sele\u00e7\u00e3o para Perito M\u00e9dico, ocorreu em 2022 e <a href=\"https:\/\/www.estrategiaconcursos.com.br\/blog\/concurso-inss-convocar-excedentes\/\" target=\"_blank\" rel=\"noreferrer noopener\">ofereceu 1.000 vagas imediatas para o cargo de T\u00e9cnico do Seguro Social<\/a>, al\u00e9m de 2.373 vagas em cadastro de reserva.  O resultado final do certame foi homologado e sua validade estendida at\u00e9 maio de 2025.<\/p>\n\n\n\n<p>J\u00e1 a \u00faltima sele\u00e7\u00e3o para <a href=\"https:\/\/www.estrategiaconcursos.com.br\/blog\/ultimo-concurso-analista-inss\/\" target=\"_blank\" rel=\"noreferrer noopener\">Analista do Seguro Social ocorreu em 2015<\/a>, sendo organizada pela banca Cebraspe, ofertou 150 vagas de n\u00edvel superior.<\/p>\n\n\n\n<p class=\"has-text-align-center\"><em>N\u00e3o fique de fora! Para mais informa\u00e7\u00f5es sobre o concurso <a href=\"https:\/\/conhecimento.fgv.br\/cpnu2\" target=\"_blank\" rel=\"noreferrer noopener\">INSS<\/a>, al\u00e9m de quando sai a classifica\u00e7\u00e3o final, acesse o link abaixo!<\/em><\/p>\n\n\n\n<p class=\"has-text-align-center has-very-light-gray-to-cyan-bluish-gray-gradient-background has-background\"><strong>Saiba mais: <a href=\"https:\/\/www.estrategiaconcursos.com.br\/blog\/concurso-inss\/\" target=\"_blank\" rel=\"noreferrer noopener\">Concurso INSS 2026<\/a><\/strong><\/p>\n\n\n\n<h2 class=\"wp-block-heading has-text-align-center\" id=\"h-quer-saber-tudo-sobre-concursos-previstos-confira-nossos-artigos\">Quer saber tudo sobre concursos previstos?<br \/>Confira nossos artigos:<\/h2>\n\n\n\n<ul class=\"wp-block-list\">\n<li><a href=\"https:\/\/www.estrategiaconcursos.com.br\/blog\/concursos-abertos\/\" target=\"_blank\" rel=\"noreferrer noopener\">Concursos Abertos<\/a><\/li>\n\n\n\n<li><a href=\"https:\/\/www.estrategiaconcursos.com.br\/blog\/concurso-federais\/\" target=\"_blank\" rel=\"noreferrer noopener\">Concursos Federais<\/a><\/li>\n\n\n\n<li><a href=\"https:\/\/www.estrategiaconcursos.com.br\/blog\/concursos-2026\/\" target=\"_blank\" rel=\"noreferrer noopener\">Concursos 2026<\/a><\/li>\n\n\n\n<li><a href=\"https:\/\/www.estrategiaconcursos.com.br\/blog\/concurso-nacional-unificado\/\" target=\"_blank\" rel=\"noreferrer noopener\">CNU<\/a><\/li>\n<\/ul>\n\n\n\n<div class=\"container\" id=\"boxes\">\n  <div class=\"row\">\n\n    <div class=\"col-sm\">\n      <div class=\"estrategia\" id=\"box-assinatura\">\n        <h3 class=\"titulo-assinatura\">Assinatura Concursos<\/h3>\n        <p class=\"subtitulo-assinatura\">Assinatura de 1 ano ou 2 anos<\/p>\n        <div class=\"box-botao\">\n          <a class=\"btn-assinatura\" target=\"_blank\" href=\"https:\/\/www.estrategiaconcursos.com.br\/assinaturas\/\" role=\"button\" rel=\"noopener noreferrer\">ASSINE AGORA<\/a>\n        <\/div>\n      <\/div><\/div><\/div><\/div>\n\n\n\n<p>Confira as <a href=\"https:\/\/www.estrategiaconcursos.com.br\/blog\/concurso-inss-ultimas-noticias\/\" target=\"_blank\" rel=\"noreferrer noopener\">\u00faltimas not\u00edcias sobre o concurso INSS<\/a>.<\/p>\n","protected":false},"excerpt":{"rendered":"<p>Saiba quando sai a classifica\u00e7\u00e3o final do mais novo concurso INSS; veja o cronograma! Foi publicado o resultado preliminar da prova discursiva do Concurso INSS, contemplado na segunda edi\u00e7\u00e3o do CNU. Com a aplica\u00e7\u00e3o da \u00faltima etapa e divulga\u00e7\u00e3o de sua nota preliminar, muitos candidatos podem se questionar quando sai a classifica\u00e7\u00e3o final do concurso [&hellip;]<\/p>\n","protected":false},"author":2692,"featured_media":1590406,"comment_status":"open","ping_status":"closed","sticky":false,"template":"","format":"standard","meta":{"post_tipo":"news","footnotes":""},"categories":[220191,220219],"tags":[],"tax_estado":[219963],"class_list":["post-1705472","post","type-post","status-publish","format-standard","has-post-thumbnail","hentry","category-previdenciaria","category-noticias","tax_estado-concursos-federais"],"acf":[],"yoast_head":"<!-- This site is optimized with the Yoast SEO Premium plugin v27.2 (Yoast SEO v27.2) - https:\/\/yoast.com\/product\/yoast-seo-premium-wordpress\/ -->\n<title>Quando sai a classifica\u00e7\u00e3o final do concurso INSS?<\/title>\n<meta name=\"description\" content=\"Afinal, quando sai a classifica\u00e7\u00e3o final do concurso INSS? Confira todos os detalhes aqui e n\u00e3o fique de fora!\" \/>\n<meta name=\"robots\" content=\"index, follow, max-snippet:-1, max-image-preview:large, max-video-preview:-1\" \/>\n<link rel=\"canonical\" href=\"https:\/\/www.estrategiaconcursos.com.br\/blog\/quando-sai-a-classificacao-final-do-concurso-inss\/\" \/>\n<meta property=\"og:locale\" content=\"pt_BR\" \/>\n<meta property=\"og:type\" content=\"article\" \/>\n<meta property=\"og:title\" content=\"Quando sai a classifica\u00e7\u00e3o final do concurso INSS?\" \/>\n<meta property=\"og:description\" content=\"Afinal, quando sai a classifica\u00e7\u00e3o final do concurso INSS? Confira todos os detalhes aqui e n\u00e3o fique de fora!\" \/>\n<meta property=\"og:url\" content=\"https:\/\/www.estrategiaconcursos.com.br\/blog\/quando-sai-a-classificacao-final-do-concurso-inss\/\" \/>\n<meta property=\"og:site_name\" content=\"Estrat\u00e9gia Concursos\" \/>\n<meta property=\"article:published_time\" content=\"2026-01-30T15:00:00+00:00\" \/>\n<meta property=\"article:modified_time\" content=\"2026-01-30T15:37:57+00:00\" \/>\n<meta property=\"og:image\" content=\"https:\/\/dhg1h5j42swfq.cloudfront.net\/2025\/06\/12135056\/inss-1024x536-1.jpg\" \/>\n\t<meta property=\"og:image:width\" content=\"1024\" \/>\n\t<meta property=\"og:image:height\" content=\"536\" \/>\n\t<meta property=\"og:image:type\" content=\"image\/jpeg\" \/>\n<meta name=\"author\" content=\"Ronaldo Scanavini Neto\" \/>\n<meta name=\"twitter:card\" content=\"summary_large_image\" \/>\n<meta name=\"twitter:creator\" content=\"@EstratConcursos\" \/>\n<meta name=\"twitter:site\" content=\"@EstratConcursos\" \/>\n<meta name=\"twitter:label1\" content=\"Escrito por\" \/>\n\t<meta name=\"twitter:data1\" content=\"Ronaldo Scanavini Neto\" \/>\n\t<meta name=\"twitter:label2\" content=\"Est. tempo de leitura\" \/>\n\t<meta name=\"twitter:data2\" content=\"3 minutos\" \/>\n<script type=\"application\/ld+json\" class=\"yoast-schema-graph\">{\"@context\":\"https:\/\/schema.org\",\"@graph\":[{\"@type\":\"NewsArticle\",\"@id\":\"https:\/\/www.estrategiaconcursos.com.br\/blog\/quando-sai-a-classificacao-final-do-concurso-inss\/#article\",\"isPartOf\":{\"@id\":\"https:\/\/www.estrategiaconcursos.com.br\/blog\/quando-sai-a-classificacao-final-do-concurso-inss\/\"},\"author\":{\"name\":\"Ronaldo Scanavini Neto\",\"@id\":\"https:\/\/www.estrategiaconcursos.com.br\/blog\/#\/schema\/person\/70c2ad4297aa24ff8815b08215b23a76\"},\"headline\":\"Quando sai a classifica\u00e7\u00e3o final do concurso INSS?\",\"datePublished\":\"2026-01-30T15:00:00+00:00\",\"dateModified\":\"2026-01-30T15:37:57+00:00\",\"mainEntityOfPage\":{\"@id\":\"https:\/\/www.estrategiaconcursos.com.br\/blog\/quando-sai-a-classificacao-final-do-concurso-inss\/\"},\"wordCount\":697,\"commentCount\":0,\"publisher\":{\"@id\":\"https:\/\/www.estrategiaconcursos.com.br\/blog\/#organization\"},\"image\":{\"@id\":\"https:\/\/www.estrategiaconcursos.com.br\/blog\/quando-sai-a-classificacao-final-do-concurso-inss\/#primaryimage\"},\"thumbnailUrl\":\"https:\/\/dhg1h5j42swfq.cloudfront.net\/2025\/06\/12135056\/inss-1024x536-1.jpg\",\"articleSection\":[\"Previdenci\u00e1ria (INSS, PREVIC)\",\"\u00daltimas not\u00edcias\"],\"inLanguage\":\"pt-BR\",\"potentialAction\":[{\"@type\":\"CommentAction\",\"name\":\"Comment\",\"target\":[\"https:\/\/www.estrategiaconcursos.com.br\/blog\/quando-sai-a-classificacao-final-do-concurso-inss\/#respond\"]}],\"copyrightYear\":\"2026\",\"copyrightHolder\":{\"@id\":\"https:\/\/www.estrategiaconcursos.com.br\/blog\/#organization\"}},{\"@type\":\"WebPage\",\"@id\":\"https:\/\/www.estrategiaconcursos.com.br\/blog\/quando-sai-a-classificacao-final-do-concurso-inss\/\",\"url\":\"https:\/\/www.estrategiaconcursos.com.br\/blog\/quando-sai-a-classificacao-final-do-concurso-inss\/\",\"name\":\"Quando sai a classifica\u00e7\u00e3o final do concurso INSS?\",\"isPartOf\":{\"@id\":\"https:\/\/www.estrategiaconcursos.com.br\/blog\/#website\"},\"primaryImageOfPage\":{\"@id\":\"https:\/\/www.estrategiaconcursos.com.br\/blog\/quando-sai-a-classificacao-final-do-concurso-inss\/#primaryimage\"},\"image\":{\"@id\":\"https:\/\/www.estrategiaconcursos.com.br\/blog\/quando-sai-a-classificacao-final-do-concurso-inss\/#primaryimage\"},\"thumbnailUrl\":\"https:\/\/dhg1h5j42swfq.cloudfront.net\/2025\/06\/12135056\/inss-1024x536-1.jpg\",\"datePublished\":\"2026-01-30T15:00:00+00:00\",\"dateModified\":\"2026-01-30T15:37:57+00:00\",\"description\":\"Afinal, quando sai a classifica\u00e7\u00e3o final do concurso INSS? Confira todos os detalhes aqui e n\u00e3o fique de fora!\",\"breadcrumb\":{\"@id\":\"https:\/\/www.estrategiaconcursos.com.br\/blog\/quando-sai-a-classificacao-final-do-concurso-inss\/#breadcrumb\"},\"inLanguage\":\"pt-BR\",\"potentialAction\":[{\"@type\":\"ReadAction\",\"target\":[\"https:\/\/www.estrategiaconcursos.com.br\/blog\/quando-sai-a-classificacao-final-do-concurso-inss\/\"]}]},{\"@type\":\"ImageObject\",\"inLanguage\":\"pt-BR\",\"@id\":\"https:\/\/www.estrategiaconcursos.com.br\/blog\/quando-sai-a-classificacao-final-do-concurso-inss\/#primaryimage\",\"url\":\"https:\/\/dhg1h5j42swfq.cloudfront.net\/2025\/06\/12135056\/inss-1024x536-1.jpg\",\"contentUrl\":\"https:\/\/dhg1h5j42swfq.cloudfront.net\/2025\/06\/12135056\/inss-1024x536-1.jpg\",\"width\":1024,\"height\":536,\"caption\":\"Concurso INSS: 300 convoca\u00e7\u00f5es s\u00e3o autorizadas pelo CNU\"},{\"@type\":\"BreadcrumbList\",\"@id\":\"https:\/\/www.estrategiaconcursos.com.br\/blog\/quando-sai-a-classificacao-final-do-concurso-inss\/#breadcrumb\",\"itemListElement\":[{\"@type\":\"ListItem\",\"position\":1,\"name\":\"In\u00edcio\",\"item\":\"https:\/\/www.estrategiaconcursos.com.br\/blog\/\"},{\"@type\":\"ListItem\",\"position\":2,\"name\":\"Quando sai a classifica\u00e7\u00e3o final do concurso INSS?\"}]},{\"@type\":\"WebSite\",\"@id\":\"https:\/\/www.estrategiaconcursos.com.br\/blog\/#website\",\"url\":\"https:\/\/www.estrategiaconcursos.com.br\/blog\/\",\"name\":\"Estrat\u00e9gia Concursos\",\"description\":\"O blog da Estrat\u00e9gia Concursos traz not\u00edcias sobre concursos e artigos de professores oferecendo cursos para concursos (pdf + videaulas) no site.\",\"publisher\":{\"@id\":\"https:\/\/www.estrategiaconcursos.com.br\/blog\/#organization\"},\"potentialAction\":[{\"@type\":\"SearchAction\",\"target\":{\"@type\":\"EntryPoint\",\"urlTemplate\":\"https:\/\/www.estrategiaconcursos.com.br\/blog\/?s={search_term_string}\"},\"query-input\":{\"@type\":\"PropertyValueSpecification\",\"valueRequired\":true,\"valueName\":\"search_term_string\"}}],\"inLanguage\":\"pt-BR\"},{\"@type\":\"Organization\",\"@id\":\"https:\/\/www.estrategiaconcursos.com.br\/blog\/#organization\",\"name\":\"Estrat\u00e9gia Concursos\",\"url\":\"https:\/\/www.estrategiaconcursos.com.br\/blog\/\",\"logo\":{\"@type\":\"ImageObject\",\"inLanguage\":\"pt-BR\",\"@id\":\"https:\/\/www.estrategiaconcursos.com.br\/blog\/#\/schema\/logo\/image\/\",\"url\":\"https:\/\/dhg1h5j42swfq.cloudfront.net\/2025\/06\/03203428\/logo_concursos-1.jpg\",\"contentUrl\":\"https:\/\/dhg1h5j42swfq.cloudfront.net\/2025\/06\/03203428\/logo_concursos-1.jpg\",\"width\":230,\"height\":60,\"caption\":\"Estrat\u00e9gia Concursos\"},\"image\":{\"@id\":\"https:\/\/www.estrategiaconcursos.com.br\/blog\/#\/schema\/logo\/image\/\"},\"sameAs\":[\"https:\/\/x.com\/EstratConcursos\"]},{\"@type\":\"Person\",\"@id\":\"https:\/\/www.estrategiaconcursos.com.br\/blog\/#\/schema\/person\/70c2ad4297aa24ff8815b08215b23a76\",\"name\":\"Ronaldo Scanavini Neto\",\"image\":{\"@type\":\"ImageObject\",\"inLanguage\":\"pt-BR\",\"@id\":\"https:\/\/secure.gravatar.com\/avatar\/f93d8e56fe264596e94aee6b3feb737d98ad0fc5bac7eb0a245f04723c5c8f21?s=96&d=mm&r=g\",\"url\":\"https:\/\/secure.gravatar.com\/avatar\/f93d8e56fe264596e94aee6b3feb737d98ad0fc5bac7eb0a245f04723c5c8f21?s=96&d=mm&r=g\",\"contentUrl\":\"https:\/\/secure.gravatar.com\/avatar\/f93d8e56fe264596e94aee6b3feb737d98ad0fc5bac7eb0a245f04723c5c8f21?s=96&d=mm&r=g\",\"caption\":\"Ronaldo Scanavini Neto\"},\"description\":\"Graduando em Comunica\u00e7\u00e3o Social \u2013 Jornalismo pela Universidade Federal de Vi\u00e7osa (UFV). Integra a equipe de jornalismo do Estrat\u00e9gia Concursos desde 2023, atuando com \u00eanfase na cobertura da \u00e1rea fiscal. Tamb\u00e9m realiza a apura\u00e7\u00e3o e produ\u00e7\u00e3o de not\u00edcias sobre concursos federais, \u00f3rg\u00e3os participantes do CNU e das \u00e1reas de controle, gest\u00e3o, engenharia, Exame CFC, comunica\u00e7\u00e3o social TI e \u00e1rea de concursos administrativos.\",\"url\":\"https:\/\/www.estrategiaconcursos.com.br\/blog\/author\/ronaldo-netoestrategia-com\/\"}]}<\/script>\n<!-- \/ Yoast SEO Premium plugin. -->","yoast_head_json":{"title":"Quando sai a classifica\u00e7\u00e3o final do concurso INSS?","description":"Afinal, quando sai a classifica\u00e7\u00e3o final do concurso INSS? Confira todos os detalhes aqui e n\u00e3o fique de fora!","robots":{"index":"index","follow":"follow","max-snippet":"max-snippet:-1","max-image-preview":"max-image-preview:large","max-video-preview":"max-video-preview:-1"},"canonical":"https:\/\/www.estrategiaconcursos.com.br\/blog\/quando-sai-a-classificacao-final-do-concurso-inss\/","og_locale":"pt_BR","og_type":"article","og_title":"Quando sai a classifica\u00e7\u00e3o final do concurso INSS?","og_description":"Afinal, quando sai a classifica\u00e7\u00e3o final do concurso INSS? Confira todos os detalhes aqui e n\u00e3o fique de fora!","og_url":"https:\/\/www.estrategiaconcursos.com.br\/blog\/quando-sai-a-classificacao-final-do-concurso-inss\/","og_site_name":"Estrat\u00e9gia Concursos","article_published_time":"2026-01-30T15:00:00+00:00","article_modified_time":"2026-01-30T15:37:57+00:00","og_image":[{"width":1024,"height":536,"url":"https:\/\/dhg1h5j42swfq.cloudfront.net\/2025\/06\/12135056\/inss-1024x536-1.jpg","type":"image\/jpeg"}],"author":"Ronaldo Scanavini Neto","twitter_card":"summary_large_image","twitter_creator":"@EstratConcursos","twitter_site":"@EstratConcursos","twitter_misc":{"Escrito por":"Ronaldo Scanavini Neto","Est. tempo de leitura":"3 minutos"},"schema":{"@context":"https:\/\/schema.org","@graph":[{"@type":"NewsArticle","@id":"https:\/\/www.estrategiaconcursos.com.br\/blog\/quando-sai-a-classificacao-final-do-concurso-inss\/#article","isPartOf":{"@id":"https:\/\/www.estrategiaconcursos.com.br\/blog\/quando-sai-a-classificacao-final-do-concurso-inss\/"},"author":{"name":"Ronaldo Scanavini Neto","@id":"https:\/\/www.estrategiaconcursos.com.br\/blog\/#\/schema\/person\/70c2ad4297aa24ff8815b08215b23a76"},"headline":"Quando sai a classifica\u00e7\u00e3o final do concurso INSS?","datePublished":"2026-01-30T15:00:00+00:00","dateModified":"2026-01-30T15:37:57+00:00","mainEntityOfPage":{"@id":"https:\/\/www.estrategiaconcursos.com.br\/blog\/quando-sai-a-classificacao-final-do-concurso-inss\/"},"wordCount":697,"commentCount":0,"publisher":{"@id":"https:\/\/www.estrategiaconcursos.com.br\/blog\/#organization"},"image":{"@id":"https:\/\/www.estrategiaconcursos.com.br\/blog\/quando-sai-a-classificacao-final-do-concurso-inss\/#primaryimage"},"thumbnailUrl":"https:\/\/dhg1h5j42swfq.cloudfront.net\/2025\/06\/12135056\/inss-1024x536-1.jpg","articleSection":["Previdenci\u00e1ria (INSS, PREVIC)","\u00daltimas not\u00edcias"],"inLanguage":"pt-BR","potentialAction":[{"@type":"CommentAction","name":"Comment","target":["https:\/\/www.estrategiaconcursos.com.br\/blog\/quando-sai-a-classificacao-final-do-concurso-inss\/#respond"]}],"copyrightYear":"2026","copyrightHolder":{"@id":"https:\/\/www.estrategiaconcursos.com.br\/blog\/#organization"}},{"@type":"WebPage","@id":"https:\/\/www.estrategiaconcursos.com.br\/blog\/quando-sai-a-classificacao-final-do-concurso-inss\/","url":"https:\/\/www.estrategiaconcursos.com.br\/blog\/quando-sai-a-classificacao-final-do-concurso-inss\/","name":"Quando sai a classifica\u00e7\u00e3o final do concurso INSS?","isPartOf":{"@id":"https:\/\/www.estrategiaconcursos.com.br\/blog\/#website"},"primaryImageOfPage":{"@id":"https:\/\/www.estrategiaconcursos.com.br\/blog\/quando-sai-a-classificacao-final-do-concurso-inss\/#primaryimage"},"image":{"@id":"https:\/\/www.estrategiaconcursos.com.br\/blog\/quando-sai-a-classificacao-final-do-concurso-inss\/#primaryimage"},"thumbnailUrl":"https:\/\/dhg1h5j42swfq.cloudfront.net\/2025\/06\/12135056\/inss-1024x536-1.jpg","datePublished":"2026-01-30T15:00:00+00:00","dateModified":"2026-01-30T15:37:57+00:00","description":"Afinal, quando sai a classifica\u00e7\u00e3o final do concurso INSS? Confira todos os detalhes aqui e n\u00e3o fique de fora!","breadcrumb":{"@id":"https:\/\/www.estrategiaconcursos.com.br\/blog\/quando-sai-a-classificacao-final-do-concurso-inss\/#breadcrumb"},"inLanguage":"pt-BR","potentialAction":[{"@type":"ReadAction","target":["https:\/\/www.estrategiaconcursos.com.br\/blog\/quando-sai-a-classificacao-final-do-concurso-inss\/"]}]},{"@type":"ImageObject","inLanguage":"pt-BR","@id":"https:\/\/www.estrategiaconcursos.com.br\/blog\/quando-sai-a-classificacao-final-do-concurso-inss\/#primaryimage","url":"https:\/\/dhg1h5j42swfq.cloudfront.net\/2025\/06\/12135056\/inss-1024x536-1.jpg","contentUrl":"https:\/\/dhg1h5j42swfq.cloudfront.net\/2025\/06\/12135056\/inss-1024x536-1.jpg","width":1024,"height":536,"caption":"Concurso INSS: 300 convoca\u00e7\u00f5es s\u00e3o autorizadas pelo CNU"},{"@type":"BreadcrumbList","@id":"https:\/\/www.estrategiaconcursos.com.br\/blog\/quando-sai-a-classificacao-final-do-concurso-inss\/#breadcrumb","itemListElement":[{"@type":"ListItem","position":1,"name":"In\u00edcio","item":"https:\/\/www.estrategiaconcursos.com.br\/blog\/"},{"@type":"ListItem","position":2,"name":"Quando sai a classifica\u00e7\u00e3o final do concurso INSS?"}]},{"@type":"WebSite","@id":"https:\/\/www.estrategiaconcursos.com.br\/blog\/#website","url":"https:\/\/www.estrategiaconcursos.com.br\/blog\/","name":"Estrat\u00e9gia Concursos","description":"O blog da Estrat\u00e9gia Concursos traz not\u00edcias sobre concursos e artigos de professores oferecendo cursos para concursos (pdf + videaulas) no site.","publisher":{"@id":"https:\/\/www.estrategiaconcursos.com.br\/blog\/#organization"},"potentialAction":[{"@type":"SearchAction","target":{"@type":"EntryPoint","urlTemplate":"https:\/\/www.estrategiaconcursos.com.br\/blog\/?s={search_term_string}"},"query-input":{"@type":"PropertyValueSpecification","valueRequired":true,"valueName":"search_term_string"}}],"inLanguage":"pt-BR"},{"@type":"Organization","@id":"https:\/\/www.estrategiaconcursos.com.br\/blog\/#organization","name":"Estrat\u00e9gia Concursos","url":"https:\/\/www.estrategiaconcursos.com.br\/blog\/","logo":{"@type":"ImageObject","inLanguage":"pt-BR","@id":"https:\/\/www.estrategiaconcursos.com.br\/blog\/#\/schema\/logo\/image\/","url":"https:\/\/dhg1h5j42swfq.cloudfront.net\/2025\/06\/03203428\/logo_concursos-1.jpg","contentUrl":"https:\/\/dhg1h5j42swfq.cloudfront.net\/2025\/06\/03203428\/logo_concursos-1.jpg","width":230,"height":60,"caption":"Estrat\u00e9gia Concursos"},"image":{"@id":"https:\/\/www.estrategiaconcursos.com.br\/blog\/#\/schema\/logo\/image\/"},"sameAs":["https:\/\/x.com\/EstratConcursos"]},{"@type":"Person","@id":"https:\/\/www.estrategiaconcursos.com.br\/blog\/#\/schema\/person\/70c2ad4297aa24ff8815b08215b23a76","name":"Ronaldo Scanavini Neto","image":{"@type":"ImageObject","inLanguage":"pt-BR","@id":"https:\/\/secure.gravatar.com\/avatar\/f93d8e56fe264596e94aee6b3feb737d98ad0fc5bac7eb0a245f04723c5c8f21?s=96&d=mm&r=g","url":"https:\/\/secure.gravatar.com\/avatar\/f93d8e56fe264596e94aee6b3feb737d98ad0fc5bac7eb0a245f04723c5c8f21?s=96&d=mm&r=g","contentUrl":"https:\/\/secure.gravatar.com\/avatar\/f93d8e56fe264596e94aee6b3feb737d98ad0fc5bac7eb0a245f04723c5c8f21?s=96&d=mm&r=g","caption":"Ronaldo Scanavini Neto"},"description":"Graduando em Comunica\u00e7\u00e3o Social \u2013 Jornalismo pela Universidade Federal de Vi\u00e7osa (UFV). Integra a equipe de jornalismo do Estrat\u00e9gia Concursos desde 2023, atuando com \u00eanfase na cobertura da \u00e1rea fiscal. Tamb\u00e9m realiza a apura\u00e7\u00e3o e produ\u00e7\u00e3o de not\u00edcias sobre concursos federais, \u00f3rg\u00e3os participantes do CNU e das \u00e1reas de controle, gest\u00e3o, engenharia, Exame CFC, comunica\u00e7\u00e3o social TI e \u00e1rea de concursos administrativos.","url":"https:\/\/www.estrategiaconcursos.com.br\/blog\/author\/ronaldo-netoestrategia-com\/"}]}},"_links":{"self":[{"href":"https:\/\/www.estrategiaconcursos.com.br\/blog\/wp-json\/wp\/v2\/posts\/1705472","targetHints":{"allow":["GET"]}}],"collection":[{"href":"https:\/\/www.estrategiaconcursos.com.br\/blog\/wp-json\/wp\/v2\/posts"}],"about":[{"href":"https:\/\/www.estrategiaconcursos.com.br\/blog\/wp-json\/wp\/v2\/types\/post"}],"author":[{"embeddable":true,"href":"https:\/\/www.estrategiaconcursos.com.br\/blog\/wp-json\/wp\/v2\/users\/2692"}],"replies":[{"embeddable":true,"href":"https:\/\/www.estrategiaconcursos.com.br\/blog\/wp-json\/wp\/v2\/comments?post=1705472"}],"version-history":[{"count":4,"href":"https:\/\/www.estrategiaconcursos.com.br\/blog\/wp-json\/wp\/v2\/posts\/1705472\/revisions"}],"predecessor-version":[{"id":1707762,"href":"https:\/\/www.estrategiaconcursos.com.br\/blog\/wp-json\/wp\/v2\/posts\/1705472\/revisions\/1707762"}],"wp:featuredmedia":[{"embeddable":true,"href":"https:\/\/www.estrategiaconcursos.com.br\/blog\/wp-json\/wp\/v2\/media\/1590406"}],"wp:attachment":[{"href":"https:\/\/www.estrategiaconcursos.com.br\/blog\/wp-json\/wp\/v2\/media?parent=1705472"}],"wp:term":[{"taxonomy":"category","embeddable":true,"href":"https:\/\/www.estrategiaconcursos.com.br\/blog\/wp-json\/wp\/v2\/categories?post=1705472"},{"taxonomy":"post_tag","embeddable":true,"href":"https:\/\/www.estrategiaconcursos.com.br\/blog\/wp-json\/wp\/v2\/tags?post=1705472"},{"taxonomy":"tax_estado","embeddable":true,"href":"https:\/\/www.estrategiaconcursos.com.br\/blog\/wp-json\/wp\/v2\/tax_estado?post=1705472"}],"curies":[{"name":"wp","href":"https:\/\/api.w.org\/{rel}","templated":true}]}}