{"id":1705255,"date":"2026-01-27T08:00:00","date_gmt":"2026-01-27T11:00:00","guid":{"rendered":"https:\/\/www.estrategiaconcursos.com.br\/blog\/?p=1705255"},"modified":"2026-01-27T15:47:06","modified_gmt":"2026-01-27T18:47:06","slug":"inscricoes-do-concurso-sefaz-mt","status":"publish","type":"post","link":"https:\/\/www.estrategiaconcursos.com.br\/blog\/inscricoes-do-concurso-sefaz-mt\/","title":{"rendered":"Inscri\u00e7\u00f5es do concurso Sefaz MT terminam hoje (27)"},"content":{"rendered":"\n<p>Para quem sonha em ingressar no cora\u00e7\u00e3o financeiro e tribut\u00e1rio do Governo do Estado de Mato Grosso, <strong>a hora \u00e9 agora!<\/strong><\/p>\n\n\n\n<p>O concurso p\u00fablico da <strong>Sefaz MT<\/strong> (<em><a href=\"https:\/\/www.estrategiaconcursos.com.br\/cursosPorConcurso\/secretaria-da-fazenda-do-mato-grosso-sefaz-mt\/\" target=\"_blank\" rel=\"noreferrer noopener\">Secretaria de Estado da Fazenda do Mato Grosso<\/a><\/em>) <strong>ter\u00e1 o seu prazo de inscri\u00e7\u00f5es encerrado ao final desta ter\u00e7a-feira (27).<\/strong><\/p>\n\n\n\n<p>Por isso, se voc\u00ea ainda n\u00e3o garantiu a sua inscri\u00e7\u00e3o, n\u00e3o perca mais tempo! Os interessados devem se inscrever no site da banca, a FCC, e pagar a taxa no valor de R$ 250,00.<\/p>\n\n\n\n<p>Importante ressaltar que <strong>a inscri\u00e7\u00e3o somente ser\u00e1 considerada efetivada ap\u00f3s a confirma\u00e7\u00e3o do pagamento da taxa<\/strong>. <\/p>\n\n\n\n<figure class=\"wp-block-image aligncenter size-large\"><img loading=\"lazy\" decoding=\"async\" width=\"1024\" height=\"560\" src=\"https:\/\/dhg1h5j42swfq.cloudfront.net\/2026\/01\/21163548\/image-233-1024x560.png\" alt=\"Inscri\u00e7\u00f5es do concurso Sefaz MT terminam nesta ter\u00e7a (27)\" class=\"wp-image-1703127\" srcset=\"https:\/\/dhg1h5j42swfq.cloudfront.net\/2026\/01\/21163548\/image-233-1024x560.png 1024w, https:\/\/dhg1h5j42swfq.cloudfront.net\/2026\/01\/21163548\/image-233-300x164.png 300w, https:\/\/dhg1h5j42swfq.cloudfront.net\/2026\/01\/21163548\/image-233-768x420.png 768w, https:\/\/dhg1h5j42swfq.cloudfront.net\/2026\/01\/21163548\/image-233-150x82.png 150w, https:\/\/dhg1h5j42swfq.cloudfront.net\/2026\/01\/21163548\/image-233.png 1455w\" sizes=\"auto, (max-width: 1024px) 100vw, 1024px\" \/><figcaption class=\"wp-element-caption\">Inscri\u00e7\u00f5es do concurso Sefaz MT terminam nesta ter\u00e7a (27)<\/figcaption><\/figure>\n\n\n\n<ul class=\"wp-block-list\">\n<li><a href=\"https:\/\/www.concursosfcc.com.br\/concursos\/sefmt125\/index.html\" target=\"_blank\" rel=\"noreferrer noopener\"><strong>Fa\u00e7a a sua inscri\u00e7\u00e3o!<\/strong><\/a><\/li>\n<\/ul>\n\n\n\n<p>O candidato dever\u00e1 efetuar o pagamento da taxa de inscri\u00e7\u00e3o do concurso Sefaz MT at\u00e9 o dia 28 de janeiro, sob pena de cancelamento da participa\u00e7\u00e3o.<\/p>\n\n\n\n<h2 class=\"wp-block-heading has-text-align-center\" id=\"assinatura-e-cursos\">Ap\u00f3s se inscrever no concurso Sefaz MT, adquira os cursos de quem mais aprova no mercado!<\/h2>\n\n\n\n<div class=\"container\" id=\"boxes\">\n  <div class=\"row\">\n\n    <div class=\"col-sm\">\n      <div class=\"banner-sefaz-ec\" id=\"box-assinatura\">\n        <h2 class=\"titulo-assinatura\">Curso Concurso Sefaz MT<\/h2>\n        <p class=\"subtitulo-assinatura\">Conhe\u00e7a os cursos para a Sefaz MT<\/p>\n        <div class=\"box-botao\">\n          <a class=\"btn-assinatura\" target=\"_blank\" href=\"https:\/\/www.estrategiaconcursos.com.br\/cursosPorConcurso\/secretaria-da-fazenda-do-mato-grosso-sefaz-mt\/\" role=\"button\" rel=\"noopener noreferrer\">EXPLORAR CURSOS<\/a>\n        <\/div>\n      <\/div>\n     \n    <\/div>\n\n  <\/div>\n<\/div>\n\n\n\n<p>Ademais, as provas objetivas do concurso est\u00e3o previstas para o dia 15 de mar\u00e7o, nos per\u00edodos matutino e vespertino, em Cuiab\u00e1. <\/p>\n\n\n\n<p>De acordo com o edital, as avalia\u00e7\u00f5es ser\u00e3o divididas em duas partes: conhecimentos gerais e b\u00e1sicos, e conhecimentos espec\u00edficos<\/p>\n\n\n\n<p>Entre os conte\u00fados de conhecimentos gerais e b\u00e1sicos est\u00e3o l<em>\u00edngua portuguesa, l\u00edngua inglesa, geografia e hist\u00f3ria pol\u00edtica de Mato Grosso, Direito Tribut\u00e1rio, auditoria, economia e finan\u00e7as p\u00fablicas, estat\u00edstica e no\u00e7\u00f5es de Direito.<\/em><\/p>\n\n\n\n<p>J\u00e1 na parte de conhecimentos espec\u00edficos, ser\u00e3o abordados temas como <em>legisla\u00e7\u00e3o tribut\u00e1ria estadual, contabilidade, tecnologia da informa\u00e7\u00e3o e matem\u00e1tica financeira<\/em>.<\/p>\n\n\n\n<p>Ficou interessado nas informa\u00e7\u00f5es sobre as inscri\u00e7\u00f5es do concurso Sefaz MT? Quer conferir mais detalhes do edital, incluindo as atribui\u00e7\u00f5es do cargo de Fiscal de Tributos? Ent\u00e3o, acesse abaixo:<\/p>\n\n\n\n<p class=\"has-text-align-center has-background\" style=\"background-color:#f6f6f6;font-size:clamp(16.293px, 1.018rem + ((1vw - 3.2px) * 0.854), 25px);\"><strong>Saiba mais: <a href=\"https:\/\/www.estrategiaconcursos.com.br\/blog\/concurso-sefaz-mt\/\" target=\"_blank\" rel=\"noreferrer noopener\">Concurso Sefaz MT<\/a><\/strong><\/p>\n\n\n\n<hr class=\"wp-block-separator has-alpha-channel-opacity\"\/>\n\n\n\n<h2 class=\"wp-block-heading has-text-align-center\" id=\"h-cursos-e-assinaturas-para-o-concurso-sefaz-mt\"><strong><em>Cursos e assinaturas para o concurso Sefaz MT:<\/em><\/strong><\/h2>\n\n\n\n<div class=\"container\" id=\"boxes\">\n  <div class=\"row\">\n\n    <div class=\"col-sm\">\n      <div class=\"estrategia\" id=\"box-assinatura\">\n        <h3 class=\"titulo-assinatura\">Assinatura Concursos<\/h3>\n        <p class=\"subtitulo-assinatura\">Assinatura de 1 ano ou 2 anos<\/p>\n        <div class=\"box-botao\">\n          <a class=\"btn-assinatura\" target=\"_blank\" href=\"https:\/\/www.estrategiaconcursos.com.br\/assinaturas\/\" role=\"button\" rel=\"noopener noreferrer\">ASSINE AGORA<\/a>\n        <\/div>\n      <\/div><\/div><\/div><\/div>\n\n\n\n<h2 class=\"wp-block-heading has-text-align-center\" id=\"h-quer-saber-tudo-sobre-concursos-previstos-confira-os-nossos-artigos\">Quer saber tudo sobre concursos previstos?<br \/>Confira os nossos artigos!<\/h2>\n\n\n\n<ul class=\"wp-block-list\">\n<li><a href=\"https:\/\/www.estrategiaconcursos.com.br\/blog\/concursos-abertos\/\" target=\"_blank\" rel=\"noreferrer noopener\">Concursos Abertos<\/a><\/li>\n\n\n\n<li><a href=\"https:\/\/www.estrategiaconcursos.com.br\/blog\/concursos-fiscais\/\" target=\"_blank\" rel=\"noreferrer noopener\">Concursos Fiscais<\/a><\/li>\n\n\n\n<li><a href=\"https:\/\/www.estrategiaconcursos.com.br\/blog\/concursos-2026\/\" target=\"_blank\" rel=\"noreferrer noopener\">Concursos 2026<\/a><\/li>\n<\/ul>\n","protected":false},"excerpt":{"rendered":"<p>Para quem sonha em ingressar no cora\u00e7\u00e3o financeiro e tribut\u00e1rio do Governo do Estado de Mato Grosso, a hora \u00e9 agora! O concurso p\u00fablico da Sefaz MT (Secretaria de Estado da Fazenda do Mato Grosso) ter\u00e1 o seu prazo de inscri\u00e7\u00f5es encerrado ao final desta ter\u00e7a-feira (27). Por isso, se voc\u00ea ainda n\u00e3o garantiu a [&hellip;]<\/p>\n","protected":false},"author":656,"featured_media":834647,"comment_status":"open","ping_status":"closed","sticky":false,"template":"","format":"standard","meta":{"post_tipo":"news","footnotes":""},"categories":[1983,220219],"tags":[],"tax_estado":[219976],"class_list":["post-1705255","post","type-post","status-publish","format-standard","has-post-thumbnail","hentry","category-fiscal-estadual","category-noticias","tax_estado-mt"],"acf":[],"yoast_head":"<!-- This site is optimized with the Yoast SEO Premium plugin v27.2 (Yoast SEO v27.2) - https:\/\/yoast.com\/product\/yoast-seo-premium-wordpress\/ -->\n<title>Inscri\u00e7\u00f5es do concurso Sefaz MT terminam hoje (27)<\/title>\n<meta name=\"description\" content=\"Inscri\u00e7\u00f5es do concurso Sefaz MT terminam nesta ter\u00e7a-feira, 27 de janeiro. Os candidatos devem participar no site da FCC. Saiba aqui!\" \/>\n<meta name=\"robots\" content=\"index, follow, max-snippet:-1, max-image-preview:large, max-video-preview:-1\" \/>\n<link rel=\"canonical\" href=\"https:\/\/www.estrategiaconcursos.com.br\/blog\/inscricoes-do-concurso-sefaz-mt\/\" \/>\n<meta property=\"og:locale\" content=\"pt_BR\" \/>\n<meta property=\"og:type\" content=\"article\" \/>\n<meta property=\"og:title\" content=\"Inscri\u00e7\u00f5es do concurso Sefaz MT terminam hoje (27)\" \/>\n<meta property=\"og:description\" content=\"Inscri\u00e7\u00f5es do concurso Sefaz MT terminam nesta ter\u00e7a-feira, 27 de janeiro. Os candidatos devem participar no site da FCC. Saiba aqui!\" \/>\n<meta property=\"og:url\" content=\"https:\/\/www.estrategiaconcursos.com.br\/blog\/inscricoes-do-concurso-sefaz-mt\/\" \/>\n<meta property=\"og:site_name\" content=\"Estrat\u00e9gia Concursos\" \/>\n<meta property=\"article:published_time\" content=\"2026-01-27T11:00:00+00:00\" \/>\n<meta property=\"article:modified_time\" content=\"2026-01-27T18:47:06+00:00\" \/>\n<meta property=\"og:image\" content=\"https:\/\/dhg1h5j42swfq.cloudfront.net\/2021\/08\/12152153\/sefaz-mt-1.jpg\" \/>\n\t<meta property=\"og:image:width\" content=\"769\" \/>\n\t<meta property=\"og:image:height\" content=\"434\" \/>\n\t<meta property=\"og:image:type\" content=\"image\/jpeg\" \/>\n<meta name=\"author\" content=\"F\u00e1bio Scaldelai\" \/>\n<meta name=\"twitter:card\" content=\"summary_large_image\" \/>\n<meta name=\"twitter:creator\" content=\"@EstratConcursos\" \/>\n<meta name=\"twitter:site\" content=\"@EstratConcursos\" \/>\n<meta name=\"twitter:label1\" content=\"Escrito por\" \/>\n\t<meta name=\"twitter:data1\" content=\"F\u00e1bio Scaldelai\" \/>\n\t<meta name=\"twitter:label2\" content=\"Est. tempo de leitura\" \/>\n\t<meta name=\"twitter:data2\" content=\"2 minutos\" \/>\n<script type=\"application\/ld+json\" class=\"yoast-schema-graph\">{\"@context\":\"https:\/\/schema.org\",\"@graph\":[{\"@type\":\"NewsArticle\",\"@id\":\"https:\/\/www.estrategiaconcursos.com.br\/blog\/inscricoes-do-concurso-sefaz-mt\/#article\",\"isPartOf\":{\"@id\":\"https:\/\/www.estrategiaconcursos.com.br\/blog\/inscricoes-do-concurso-sefaz-mt\/\"},\"author\":{\"name\":\"F\u00e1bio Scaldelai\",\"@id\":\"https:\/\/www.estrategiaconcursos.com.br\/blog\/#\/schema\/person\/e3b6b7ce0192dd4ad270655969d61750\"},\"headline\":\"Inscri\u00e7\u00f5es do concurso Sefaz MT terminam hoje (27)\",\"datePublished\":\"2026-01-27T11:00:00+00:00\",\"dateModified\":\"2026-01-27T18:47:06+00:00\",\"mainEntityOfPage\":{\"@id\":\"https:\/\/www.estrategiaconcursos.com.br\/blog\/inscricoes-do-concurso-sefaz-mt\/\"},\"wordCount\":373,\"commentCount\":0,\"publisher\":{\"@id\":\"https:\/\/www.estrategiaconcursos.com.br\/blog\/#organization\"},\"image\":{\"@id\":\"https:\/\/www.estrategiaconcursos.com.br\/blog\/inscricoes-do-concurso-sefaz-mt\/#primaryimage\"},\"thumbnailUrl\":\"https:\/\/dhg1h5j42swfq.cloudfront.net\/2021\/08\/12152153\/sefaz-mt-1.jpg\",\"articleSection\":[\"Fiscal - Estadual (ICMS)\",\"\u00daltimas not\u00edcias\"],\"inLanguage\":\"pt-BR\",\"potentialAction\":[{\"@type\":\"CommentAction\",\"name\":\"Comment\",\"target\":[\"https:\/\/www.estrategiaconcursos.com.br\/blog\/inscricoes-do-concurso-sefaz-mt\/#respond\"]}],\"copyrightYear\":\"2026\",\"copyrightHolder\":{\"@id\":\"https:\/\/www.estrategiaconcursos.com.br\/blog\/#organization\"}},{\"@type\":\"WebPage\",\"@id\":\"https:\/\/www.estrategiaconcursos.com.br\/blog\/inscricoes-do-concurso-sefaz-mt\/\",\"url\":\"https:\/\/www.estrategiaconcursos.com.br\/blog\/inscricoes-do-concurso-sefaz-mt\/\",\"name\":\"Inscri\u00e7\u00f5es do concurso Sefaz MT terminam hoje (27)\",\"isPartOf\":{\"@id\":\"https:\/\/www.estrategiaconcursos.com.br\/blog\/#website\"},\"primaryImageOfPage\":{\"@id\":\"https:\/\/www.estrategiaconcursos.com.br\/blog\/inscricoes-do-concurso-sefaz-mt\/#primaryimage\"},\"image\":{\"@id\":\"https:\/\/www.estrategiaconcursos.com.br\/blog\/inscricoes-do-concurso-sefaz-mt\/#primaryimage\"},\"thumbnailUrl\":\"https:\/\/dhg1h5j42swfq.cloudfront.net\/2021\/08\/12152153\/sefaz-mt-1.jpg\",\"datePublished\":\"2026-01-27T11:00:00+00:00\",\"dateModified\":\"2026-01-27T18:47:06+00:00\",\"description\":\"Inscri\u00e7\u00f5es do concurso Sefaz MT terminam nesta ter\u00e7a-feira, 27 de janeiro. Os candidatos devem participar no site da FCC. Saiba aqui!\",\"breadcrumb\":{\"@id\":\"https:\/\/www.estrategiaconcursos.com.br\/blog\/inscricoes-do-concurso-sefaz-mt\/#breadcrumb\"},\"inLanguage\":\"pt-BR\",\"potentialAction\":[{\"@type\":\"ReadAction\",\"target\":[\"https:\/\/www.estrategiaconcursos.com.br\/blog\/inscricoes-do-concurso-sefaz-mt\/\"]}]},{\"@type\":\"ImageObject\",\"inLanguage\":\"pt-BR\",\"@id\":\"https:\/\/www.estrategiaconcursos.com.br\/blog\/inscricoes-do-concurso-sefaz-mt\/#primaryimage\",\"url\":\"https:\/\/dhg1h5j42swfq.cloudfront.net\/2021\/08\/12152153\/sefaz-mt-1.jpg\",\"contentUrl\":\"https:\/\/dhg1h5j42swfq.cloudfront.net\/2021\/08\/12152153\/sefaz-mt-1.jpg\",\"width\":769,\"height\":434,\"caption\":\"Inscri\u00e7\u00f5es concurso sefaz mt\"},{\"@type\":\"BreadcrumbList\",\"@id\":\"https:\/\/www.estrategiaconcursos.com.br\/blog\/inscricoes-do-concurso-sefaz-mt\/#breadcrumb\",\"itemListElement\":[{\"@type\":\"ListItem\",\"position\":1,\"name\":\"In\u00edcio\",\"item\":\"https:\/\/www.estrategiaconcursos.com.br\/blog\/\"},{\"@type\":\"ListItem\",\"position\":2,\"name\":\"Inscri\u00e7\u00f5es do concurso Sefaz MT terminam hoje (27)\"}]},{\"@type\":\"WebSite\",\"@id\":\"https:\/\/www.estrategiaconcursos.com.br\/blog\/#website\",\"url\":\"https:\/\/www.estrategiaconcursos.com.br\/blog\/\",\"name\":\"Estrat\u00e9gia Concursos\",\"description\":\"O blog da Estrat\u00e9gia Concursos traz not\u00edcias sobre concursos e artigos de professores oferecendo cursos para concursos (pdf + videaulas) no site.\",\"publisher\":{\"@id\":\"https:\/\/www.estrategiaconcursos.com.br\/blog\/#organization\"},\"potentialAction\":[{\"@type\":\"SearchAction\",\"target\":{\"@type\":\"EntryPoint\",\"urlTemplate\":\"https:\/\/www.estrategiaconcursos.com.br\/blog\/?s={search_term_string}\"},\"query-input\":{\"@type\":\"PropertyValueSpecification\",\"valueRequired\":true,\"valueName\":\"search_term_string\"}}],\"inLanguage\":\"pt-BR\"},{\"@type\":\"Organization\",\"@id\":\"https:\/\/www.estrategiaconcursos.com.br\/blog\/#organization\",\"name\":\"Estrat\u00e9gia Concursos\",\"url\":\"https:\/\/www.estrategiaconcursos.com.br\/blog\/\",\"logo\":{\"@type\":\"ImageObject\",\"inLanguage\":\"pt-BR\",\"@id\":\"https:\/\/www.estrategiaconcursos.com.br\/blog\/#\/schema\/logo\/image\/\",\"url\":\"https:\/\/dhg1h5j42swfq.cloudfront.net\/2025\/06\/03203428\/logo_concursos-1.jpg\",\"contentUrl\":\"https:\/\/dhg1h5j42swfq.cloudfront.net\/2025\/06\/03203428\/logo_concursos-1.jpg\",\"width\":230,\"height\":60,\"caption\":\"Estrat\u00e9gia Concursos\"},\"image\":{\"@id\":\"https:\/\/www.estrategiaconcursos.com.br\/blog\/#\/schema\/logo\/image\/\"},\"sameAs\":[\"https:\/\/x.com\/EstratConcursos\"]},{\"@type\":\"Person\",\"@id\":\"https:\/\/www.estrategiaconcursos.com.br\/blog\/#\/schema\/person\/e3b6b7ce0192dd4ad270655969d61750\",\"name\":\"F\u00e1bio Scaldelai\",\"image\":{\"@type\":\"ImageObject\",\"inLanguage\":\"pt-BR\",\"@id\":\"https:\/\/secure.gravatar.com\/avatar\/8ed7492c4d88d8495bc0cb24cda6847b8ae23eec459a919e08e77d0ca0fd79ec?s=96&d=mm&r=g\",\"url\":\"https:\/\/secure.gravatar.com\/avatar\/8ed7492c4d88d8495bc0cb24cda6847b8ae23eec459a919e08e77d0ca0fd79ec?s=96&d=mm&r=g\",\"contentUrl\":\"https:\/\/secure.gravatar.com\/avatar\/8ed7492c4d88d8495bc0cb24cda6847b8ae23eec459a919e08e77d0ca0fd79ec?s=96&d=mm&r=g\",\"caption\":\"F\u00e1bio Scaldelai\"},\"description\":\"Jornalista no Estrat\u00e9gia Concursos e Produtor de Televis\u00e3o, formado em Jornalismo, R\u00e1dio e TV pela Faculdade Integrada Rio Branco, com especializa\u00e7\u00f5es em Gest\u00e3o Empresarial e Marketing pelo M\u00f3dulo. Atuou como produtor no SBT, TV Bandeirantes e R\u00e1dio Band FM, al\u00e9m de acumular tr\u00eas anos de experi\u00eancia no setor de concursos p\u00fablicos pela LFG (Luiz Fl\u00e1vio Gomes). No Estrat\u00e9gia Concursos, atua na apura\u00e7\u00e3o de not\u00edcias da \u00e1rea fiscal, al\u00e9m de coberturas sobre concursos das \u00e1reas de controle (TCU, TCE, etc), concurso AFT, \u00e1rea de gest\u00e3o e administrativa, bem como dos \u00f3rg\u00e3os participantes do CNU. Tamb\u00e9m possui experi\u00eancia em link building e an\u00e1lise de m\u00eddia, adquirida durante sua atua\u00e7\u00e3o na ag\u00eancia SEO Marketing.\",\"url\":\"https:\/\/www.estrategiaconcursos.com.br\/blog\/author\/fabio-scaldelaiestrategiaconcursos-com-br\/\"}]}<\/script>\n<!-- \/ Yoast SEO Premium plugin. -->","yoast_head_json":{"title":"Inscri\u00e7\u00f5es do concurso Sefaz MT terminam hoje (27)","description":"Inscri\u00e7\u00f5es do concurso Sefaz MT terminam nesta ter\u00e7a-feira, 27 de janeiro. Os candidatos devem participar no site da FCC. Saiba aqui!","robots":{"index":"index","follow":"follow","max-snippet":"max-snippet:-1","max-image-preview":"max-image-preview:large","max-video-preview":"max-video-preview:-1"},"canonical":"https:\/\/www.estrategiaconcursos.com.br\/blog\/inscricoes-do-concurso-sefaz-mt\/","og_locale":"pt_BR","og_type":"article","og_title":"Inscri\u00e7\u00f5es do concurso Sefaz MT terminam hoje (27)","og_description":"Inscri\u00e7\u00f5es do concurso Sefaz MT terminam nesta ter\u00e7a-feira, 27 de janeiro. Os candidatos devem participar no site da FCC. Saiba aqui!","og_url":"https:\/\/www.estrategiaconcursos.com.br\/blog\/inscricoes-do-concurso-sefaz-mt\/","og_site_name":"Estrat\u00e9gia Concursos","article_published_time":"2026-01-27T11:00:00+00:00","article_modified_time":"2026-01-27T18:47:06+00:00","og_image":[{"width":769,"height":434,"url":"https:\/\/dhg1h5j42swfq.cloudfront.net\/2021\/08\/12152153\/sefaz-mt-1.jpg","type":"image\/jpeg"}],"author":"F\u00e1bio Scaldelai","twitter_card":"summary_large_image","twitter_creator":"@EstratConcursos","twitter_site":"@EstratConcursos","twitter_misc":{"Escrito por":"F\u00e1bio Scaldelai","Est. tempo de leitura":"2 minutos"},"schema":{"@context":"https:\/\/schema.org","@graph":[{"@type":"NewsArticle","@id":"https:\/\/www.estrategiaconcursos.com.br\/blog\/inscricoes-do-concurso-sefaz-mt\/#article","isPartOf":{"@id":"https:\/\/www.estrategiaconcursos.com.br\/blog\/inscricoes-do-concurso-sefaz-mt\/"},"author":{"name":"F\u00e1bio Scaldelai","@id":"https:\/\/www.estrategiaconcursos.com.br\/blog\/#\/schema\/person\/e3b6b7ce0192dd4ad270655969d61750"},"headline":"Inscri\u00e7\u00f5es do concurso Sefaz MT terminam hoje (27)","datePublished":"2026-01-27T11:00:00+00:00","dateModified":"2026-01-27T18:47:06+00:00","mainEntityOfPage":{"@id":"https:\/\/www.estrategiaconcursos.com.br\/blog\/inscricoes-do-concurso-sefaz-mt\/"},"wordCount":373,"commentCount":0,"publisher":{"@id":"https:\/\/www.estrategiaconcursos.com.br\/blog\/#organization"},"image":{"@id":"https:\/\/www.estrategiaconcursos.com.br\/blog\/inscricoes-do-concurso-sefaz-mt\/#primaryimage"},"thumbnailUrl":"https:\/\/dhg1h5j42swfq.cloudfront.net\/2021\/08\/12152153\/sefaz-mt-1.jpg","articleSection":["Fiscal - Estadual (ICMS)","\u00daltimas not\u00edcias"],"inLanguage":"pt-BR","potentialAction":[{"@type":"CommentAction","name":"Comment","target":["https:\/\/www.estrategiaconcursos.com.br\/blog\/inscricoes-do-concurso-sefaz-mt\/#respond"]}],"copyrightYear":"2026","copyrightHolder":{"@id":"https:\/\/www.estrategiaconcursos.com.br\/blog\/#organization"}},{"@type":"WebPage","@id":"https:\/\/www.estrategiaconcursos.com.br\/blog\/inscricoes-do-concurso-sefaz-mt\/","url":"https:\/\/www.estrategiaconcursos.com.br\/blog\/inscricoes-do-concurso-sefaz-mt\/","name":"Inscri\u00e7\u00f5es do concurso Sefaz MT terminam hoje (27)","isPartOf":{"@id":"https:\/\/www.estrategiaconcursos.com.br\/blog\/#website"},"primaryImageOfPage":{"@id":"https:\/\/www.estrategiaconcursos.com.br\/blog\/inscricoes-do-concurso-sefaz-mt\/#primaryimage"},"image":{"@id":"https:\/\/www.estrategiaconcursos.com.br\/blog\/inscricoes-do-concurso-sefaz-mt\/#primaryimage"},"thumbnailUrl":"https:\/\/dhg1h5j42swfq.cloudfront.net\/2021\/08\/12152153\/sefaz-mt-1.jpg","datePublished":"2026-01-27T11:00:00+00:00","dateModified":"2026-01-27T18:47:06+00:00","description":"Inscri\u00e7\u00f5es do concurso Sefaz MT terminam nesta ter\u00e7a-feira, 27 de janeiro. Os candidatos devem participar no site da FCC. Saiba aqui!","breadcrumb":{"@id":"https:\/\/www.estrategiaconcursos.com.br\/blog\/inscricoes-do-concurso-sefaz-mt\/#breadcrumb"},"inLanguage":"pt-BR","potentialAction":[{"@type":"ReadAction","target":["https:\/\/www.estrategiaconcursos.com.br\/blog\/inscricoes-do-concurso-sefaz-mt\/"]}]},{"@type":"ImageObject","inLanguage":"pt-BR","@id":"https:\/\/www.estrategiaconcursos.com.br\/blog\/inscricoes-do-concurso-sefaz-mt\/#primaryimage","url":"https:\/\/dhg1h5j42swfq.cloudfront.net\/2021\/08\/12152153\/sefaz-mt-1.jpg","contentUrl":"https:\/\/dhg1h5j42swfq.cloudfront.net\/2021\/08\/12152153\/sefaz-mt-1.jpg","width":769,"height":434,"caption":"Inscri\u00e7\u00f5es concurso sefaz mt"},{"@type":"BreadcrumbList","@id":"https:\/\/www.estrategiaconcursos.com.br\/blog\/inscricoes-do-concurso-sefaz-mt\/#breadcrumb","itemListElement":[{"@type":"ListItem","position":1,"name":"In\u00edcio","item":"https:\/\/www.estrategiaconcursos.com.br\/blog\/"},{"@type":"ListItem","position":2,"name":"Inscri\u00e7\u00f5es do concurso Sefaz MT terminam hoje (27)"}]},{"@type":"WebSite","@id":"https:\/\/www.estrategiaconcursos.com.br\/blog\/#website","url":"https:\/\/www.estrategiaconcursos.com.br\/blog\/","name":"Estrat\u00e9gia Concursos","description":"O blog da Estrat\u00e9gia Concursos traz not\u00edcias sobre concursos e artigos de professores oferecendo cursos para concursos (pdf + videaulas) no site.","publisher":{"@id":"https:\/\/www.estrategiaconcursos.com.br\/blog\/#organization"},"potentialAction":[{"@type":"SearchAction","target":{"@type":"EntryPoint","urlTemplate":"https:\/\/www.estrategiaconcursos.com.br\/blog\/?s={search_term_string}"},"query-input":{"@type":"PropertyValueSpecification","valueRequired":true,"valueName":"search_term_string"}}],"inLanguage":"pt-BR"},{"@type":"Organization","@id":"https:\/\/www.estrategiaconcursos.com.br\/blog\/#organization","name":"Estrat\u00e9gia Concursos","url":"https:\/\/www.estrategiaconcursos.com.br\/blog\/","logo":{"@type":"ImageObject","inLanguage":"pt-BR","@id":"https:\/\/www.estrategiaconcursos.com.br\/blog\/#\/schema\/logo\/image\/","url":"https:\/\/dhg1h5j42swfq.cloudfront.net\/2025\/06\/03203428\/logo_concursos-1.jpg","contentUrl":"https:\/\/dhg1h5j42swfq.cloudfront.net\/2025\/06\/03203428\/logo_concursos-1.jpg","width":230,"height":60,"caption":"Estrat\u00e9gia Concursos"},"image":{"@id":"https:\/\/www.estrategiaconcursos.com.br\/blog\/#\/schema\/logo\/image\/"},"sameAs":["https:\/\/x.com\/EstratConcursos"]},{"@type":"Person","@id":"https:\/\/www.estrategiaconcursos.com.br\/blog\/#\/schema\/person\/e3b6b7ce0192dd4ad270655969d61750","name":"F\u00e1bio Scaldelai","image":{"@type":"ImageObject","inLanguage":"pt-BR","@id":"https:\/\/secure.gravatar.com\/avatar\/8ed7492c4d88d8495bc0cb24cda6847b8ae23eec459a919e08e77d0ca0fd79ec?s=96&d=mm&r=g","url":"https:\/\/secure.gravatar.com\/avatar\/8ed7492c4d88d8495bc0cb24cda6847b8ae23eec459a919e08e77d0ca0fd79ec?s=96&d=mm&r=g","contentUrl":"https:\/\/secure.gravatar.com\/avatar\/8ed7492c4d88d8495bc0cb24cda6847b8ae23eec459a919e08e77d0ca0fd79ec?s=96&d=mm&r=g","caption":"F\u00e1bio Scaldelai"},"description":"Jornalista no Estrat\u00e9gia Concursos e Produtor de Televis\u00e3o, formado em Jornalismo, R\u00e1dio e TV pela Faculdade Integrada Rio Branco, com especializa\u00e7\u00f5es em Gest\u00e3o Empresarial e Marketing pelo M\u00f3dulo. Atuou como produtor no SBT, TV Bandeirantes e R\u00e1dio Band FM, al\u00e9m de acumular tr\u00eas anos de experi\u00eancia no setor de concursos p\u00fablicos pela LFG (Luiz Fl\u00e1vio Gomes). No Estrat\u00e9gia Concursos, atua na apura\u00e7\u00e3o de not\u00edcias da \u00e1rea fiscal, al\u00e9m de coberturas sobre concursos das \u00e1reas de controle (TCU, TCE, etc), concurso AFT, \u00e1rea de gest\u00e3o e administrativa, bem como dos \u00f3rg\u00e3os participantes do CNU. Tamb\u00e9m possui experi\u00eancia em link building e an\u00e1lise de m\u00eddia, adquirida durante sua atua\u00e7\u00e3o na ag\u00eancia SEO Marketing.","url":"https:\/\/www.estrategiaconcursos.com.br\/blog\/author\/fabio-scaldelaiestrategiaconcursos-com-br\/"}]}},"_links":{"self":[{"href":"https:\/\/www.estrategiaconcursos.com.br\/blog\/wp-json\/wp\/v2\/posts\/1705255","targetHints":{"allow":["GET"]}}],"collection":[{"href":"https:\/\/www.estrategiaconcursos.com.br\/blog\/wp-json\/wp\/v2\/posts"}],"about":[{"href":"https:\/\/www.estrategiaconcursos.com.br\/blog\/wp-json\/wp\/v2\/types\/post"}],"author":[{"embeddable":true,"href":"https:\/\/www.estrategiaconcursos.com.br\/blog\/wp-json\/wp\/v2\/users\/656"}],"replies":[{"embeddable":true,"href":"https:\/\/www.estrategiaconcursos.com.br\/blog\/wp-json\/wp\/v2\/comments?post=1705255"}],"version-history":[{"count":4,"href":"https:\/\/www.estrategiaconcursos.com.br\/blog\/wp-json\/wp\/v2\/posts\/1705255\/revisions"}],"predecessor-version":[{"id":1705867,"href":"https:\/\/www.estrategiaconcursos.com.br\/blog\/wp-json\/wp\/v2\/posts\/1705255\/revisions\/1705867"}],"wp:featuredmedia":[{"embeddable":true,"href":"https:\/\/www.estrategiaconcursos.com.br\/blog\/wp-json\/wp\/v2\/media\/834647"}],"wp:attachment":[{"href":"https:\/\/www.estrategiaconcursos.com.br\/blog\/wp-json\/wp\/v2\/media?parent=1705255"}],"wp:term":[{"taxonomy":"category","embeddable":true,"href":"https:\/\/www.estrategiaconcursos.com.br\/blog\/wp-json\/wp\/v2\/categories?post=1705255"},{"taxonomy":"post_tag","embeddable":true,"href":"https:\/\/www.estrategiaconcursos.com.br\/blog\/wp-json\/wp\/v2\/tags?post=1705255"},{"taxonomy":"tax_estado","embeddable":true,"href":"https:\/\/www.estrategiaconcursos.com.br\/blog\/wp-json\/wp\/v2\/tax_estado?post=1705255"}],"curies":[{"name":"wp","href":"https:\/\/api.w.org\/{rel}","templated":true}]}}