{"id":170491,"date":"2019-03-10T19:52:14","date_gmt":"2019-03-10T22:52:14","guid":{"rendered":"https:\/\/www.estrategiaconcursos.com.br\/blog\/?p=170491"},"modified":"2019-11-08T16:35:18","modified_gmt":"2019-11-08T19:35:18","slug":"questoes-comentadas-de-direito-processual-civil-do-tj-pr-2019-gabarito-extraoficial","status":"publish","type":"post","link":"https:\/\/www.estrategiaconcursos.com.br\/blog\/questoes-comentadas-de-direito-processual-civil-do-tj-pr-2019-gabarito-extraoficial\/","title":{"rendered":"Quest\u00f5es Comentadas de Direito Processual Civil do TJ-PR &#8211; 2019 &#8211; Gabarito Extraoficial"},"content":{"rendered":"\n<p>Ol\u00e1, pessoal!<\/p>\n\n\n\n<p>Meu nome \u00e9 Rodrigo Vaslin,\nsou Juiz Federal do TRF4 e Professor de Processo Civil do Estrat\u00e9gia Concursos.<\/p>\n\n\n\n<p>Neste artigo iremos\ncomentar as quest\u00f5es do concurso para Juiz de Direito do TJPR, 2019, aferindo\nse h\u00e1 alguma possibilidade de recurso.<\/p>\n\n\n\n<p>Adianto que n\u00e3o vislumbro\ngrandes possibilidades de \u00eaxito em impugna\u00e7\u00f5es ao gabarito. Isso porque as\nquest\u00f5es foram elaboradas com base na lei seca e na jurisprud\u00eancia, sem margem\npara discuss\u00f5es.<\/p>\n\n\n\n<p>Sempre fa\u00e7o o alerta aos\nalunos de Carreiras Jur\u00eddicas que as provas sobre o Novo CPC, desde 2016 at\u00e9 os\ndias atuais, t\u00eam exigido, prioritariamente, a lei seca, bem como alguns\njulgados pontuais do STJ e do STF a respeito das inova\u00e7\u00f5es do C\u00f3digo.<\/p>\n\n\n\n<p>Portanto, voc\u00ea que est\u00e1 na\nluta, n\u00e3o deixe de lado a leitura detida do CPC. Em nosso curso, sempre ao\nexplicar um assunto, fa\u00e7o quest\u00e3o de transcrever os dispositivos, pois eles s\u00e3o\nreproduzidos, <em>ipsis litteris<\/em>, nos\ncertames.<\/p>\n\n\n\n<p>Vamos \u00e0s quest\u00f5es!<\/p>\n\n\n\n<p>QUEST\u00c3O 11<\/p>\n\n\n\n<p>\u00c0 luz do entendimento\njurisprudencial do STJ a respeito de aplica\u00e7\u00e3o da lei processual, de atos\nprocessuais e de execu\u00e7\u00e3o fiscal, julgue os itens a seguir.<\/p>\n\n\n\n<p>I. Nos processos\njudiciais, a fixa\u00e7\u00e3o de honor\u00e1rios advocat\u00edcios sucumbenciais \u00e9 regida pela lei\nvigente na data de prola\u00e7\u00e3o da senten\u00e7a.<\/p>\n\n\n\n<p>II. O prazo recursal da\nparte que for intimada, por oficial de justi\u00e7a, a respeito da decis\u00e3o judicial\nse inicia na data de cumprimento do mandado, e n\u00e3o com a juntada do mandado ao\nprocesso.<\/p>\n\n\n\n<p>III. Na execu\u00e7\u00e3o fiscal, o\nprazo de um ano de suspens\u00e3o do processo, previsto na Lei de Execu\u00e7\u00e3o Fiscal, e\nda respectiva prescri\u00e7\u00e3o intercorrente se inicia automaticamente na data da\nci\u00eancia da fazenda p\u00fablica a respeito da n\u00e3o localiza\u00e7\u00e3o do devedor ou da\ninexist\u00eancia de bens penhor\u00e1veis no endere\u00e7o fornecido. <\/p>\n\n\n\n<p>Assinale a op\u00e7\u00e3o correta.<\/p>\n\n\n\n<ol class=\"wp-block-list\"><li>Apenas\nos itens I e II est\u00e3o certos.<\/li><li>Apenas\nos itens I e III est\u00e3o certos.<\/li><li>Apenas\nos itens II e III est\u00e3o certos.<\/li><li>Todos\nos itens est\u00e3o certos.<\/li><\/ol>\n\n\n\n<p>Gabarito Extraoficial:\nLetra B.<\/p>\n\n\n\n<p>O item I est\u00e1 correto.<\/p>\n\n\n\n<p>O STJ, aplicando o <em>tempus regit actum <\/em>e o princ\u00edpio do isolamento\ndos atos processuais, decidiu o seguinte:<\/p>\n\n\n\n<p><em>Os honor\u00e1rios advocat\u00edcios nascem contemporaneamente \u00e0 senten\u00e7a e n\u00e3o preexistem \u00e0 propositura da demanda, <strong>devendo observar as normas do CPC\/2015 nos casos de decis\u00f5es proferidas a partir de 18\/3\/2016<\/strong>. STJ. 2\u00aa Turma. <\/em><\/p>\n\n\n\n<p><em>De in\u00edcio, destaca-se que a Corte Especial do STJ se posicionou que o arbitramento dos honor\u00e1rios n\u00e3o configura quest\u00e3o meramente processual, mas sim quest\u00e3o de m\u00e9rito apta a formar um cap\u00edtulo da senten\u00e7a (REsp 1.113.175-DF, Rel. Min. Castro Meira, DJe 7\/8\/2012). Estabelecida a natureza jur\u00eddica dos honor\u00e1rios de sucumb\u00eancia, mister fixar o marco temporal para a aplica\u00e7\u00e3o das novas regras previstas no CPC\/2015. Neste ponto, a jurisprud\u00eancia desta Corte \u00e9 pac\u00edfica no sentido de que a sucumb\u00eancia \u00e9 regida pela lei vigente na data da senten\u00e7a (REsp 783.208-SP, Rel. Min. Teori Zavascki, DJe 21\/11\/2005). Verifica-se, portanto, que os honor\u00e1rios nascem contemporaneamente \u00e0 senten\u00e7a e n\u00e3o preexistem \u00e0 propositura da demanda. Assim sendo, aplicar-se-\u00e3o as normas do CPC\/2015 nos casos de senten\u00e7a proferida a partir de sua vig\u00eancia (18\/3\/2016).<\/em> <em>REsp 1.636.124-AL, Rel. Min. Herman Benjamin, julgado em 6\/12\/2016 (Info 602).<\/em> <\/p>\n\n\n\n<p>A t\u00edtulo de\ncomplementa\u00e7\u00e3o, seria diferente se a quest\u00e3o falasse dos honor\u00e1rios sucumbenciais\nrecursais, em que s\u00f3 haveria aplica\u00e7\u00e3o do NCPC (art. 85, \u00a711) se o processo\ntivesse se iniciado a partir de 18\/3\/2016.<\/p>\n\n\n\n<p><strong><em>Enunciado\nadministrativo n\u00famero 7: <\/em><\/strong><em>Somente\nnos recursos interpostos contra decis\u00e3o publicada a partir de 18 de mar\u00e7o de\n2016, ser\u00e1 poss\u00edvel o arbitramento de honor\u00e1rios sucumbenciais recursais, na\nforma do art.&nbsp;85,&nbsp;\u00a7 11, do&nbsp;novo CPC.<\/em><\/p>\n\n\n\n<p>O item II est\u00e1 incorreto.<\/p>\n\n\n\n<p><em>Nos\ncasos de intima\u00e7\u00e3o\/cita\u00e7\u00e3o realizadas por correio, oficial de justi\u00e7a, ou por\ncarta de ordem, precat\u00f3ria ou rogat\u00f3ria, <strong>o\nprazo recursal inicia-se com a juntada aos autos <\/strong>do aviso de\nrecebimento, <strong>do mandado cumprido<\/strong>,\nou da juntada da carta. STJ. Corte Especial. REsp 1.632.777-SP, Rel. Min.\nNapole\u00e3o Nunes Maia Filho, julgado em 17\/5\/2017 (recurso repetitivo &#8211; Info\n604).<\/em><\/p>\n\n\n\n<p>O item III est\u00e1 correto.<\/p>\n\n\n\n<p>No informativo 635, o STJ\nafirmou que: <\/p>\n\n\n\n<p><strong><em>O prazo de 1 (um) ano de\nsuspens\u00e3o do processo e do respectivo prazo prescricional previsto no art. 40,\n\u00a7\u00a7 1\u00ba e 2\u00ba da Lei n. 6.830\/1980 &#8211; LEF tem in\u00edcio automaticamente na data da\nci\u00eancia da Fazenda P\u00fablica a respeito da n\u00e3o localiza\u00e7\u00e3o do devedor ou da\ninexist\u00eancia de bens penhor\u00e1veis no endere\u00e7o fornecido<\/em><\/strong><em>, havendo, sem preju\u00edzo dessa contagem\nautom\u00e1tica, o dever de o magistrado declarar ter ocorrido a suspens\u00e3o da\nexecu\u00e7\u00e3o.<\/em><\/p>\n\n\n\n<p>Portanto, o gabarito\ncorreto \u00e9 a alternativa B.<\/p>\n\n\n\n<p>Quest\u00e3o 12<\/p>\n\n\n\n<p>Paulo requereu o\ncumprimento provis\u00f3rio da senten\u00e7a que condenou Fernando a lhe pagar a quantia\nde cinquenta mil reais em uma demanda que tramitou pelo procedimento comum. \u00c1\npeti\u00e7\u00e3o em que requereu o in\u00edcio do cumprimento de senten\u00e7a, Paulo juntou c\u00f3pia\nda decis\u00e3o exequenda, certid\u00e3o de interposi\u00e7\u00e3o do recurso de Fernando n\u00e3o\ndotado de efeito suspensivo e outros documentos necess\u00e1rios ao cumprimento.\nEle, ainda, requereu ao ju\u00edzo no qual o t\u00edtulo foi formado que:<\/p>\n\n\n\n<ul class=\"wp-block-list\"><li>O\n     cumprimento de senten\u00e7a fosse remetido ao ju\u00edzo da localidade onde\n     Fernando possui bens;<\/li><li>Fossem\n     fixados honor\u00e1rios para a fase de cumprimento da senten\u00e7a;<\/li><li>Fosse\n     imposta multa por eventual inadimplemento de Fernando;<\/li><li>Dispensassem-no\n     do pagamento de cau\u00e7\u00e3o, em raz\u00e3o da sua situa\u00e7\u00e3o de necessidade, que foi\n     demonstrada.<\/li><\/ul>\n\n\n\n<p>Com rela\u00e7\u00e3o a essa situa\u00e7\u00e3o hipot\u00e9tica, \u00e9 correto afirmar que<\/p>\n\n\n\n<p>a) O pedido de remessa \u00e0 localidade onde Fernando possui bens deve ser rejeitado, porque o cumprimento de senten\u00e7a \u00e9 de compet\u00eancia exclusiva do ju\u00edzo que profere a senten\u00e7a.<\/p>\n\n\n\n<p>b) N\u00e3o cabe o arbitramento de honor\u00e1rios na fase de cumprimento provis\u00f3rio da senten\u00e7a, porque essa fase processual \u00e9 um ato facultativo de Paulo<\/p>\n\n\n\n<p>c) Fernando poder\u00e1 depositar o referido valor com o \u00fanico intuito de evitar a incid\u00eancia da multa, ato que n\u00e3o ser\u00e1 tido como incompat\u00edvel com o recurso interposto por ele.<\/p>\n\n\n\n<p>d) Paulo poder\u00e1 ser dispensado do pagamento de cau\u00e7\u00e3o apenas se tiver firmado com Fernando neg\u00f3cio processual com essa finalidade e devidamente homologado pelo ju\u00edzo competente. <\/p>\n\n\n\n<p>Gabarito Extraoficial:\nLetra C.<\/p>\n\n\n\n<p><em>Art.\n520, \u00a7 3<sup>o<\/sup>&nbsp;Se o <strong>executado<\/strong>\n<strong>comparecer tempestivamente e depositar o\nvalor, com a finalidade de isentar-se da multa, o ato n\u00e3o ser\u00e1 havido como\nincompat\u00edvel com o recurso por ele interposto<\/strong>.<\/em><\/p>\n\n\n\n<p>Para dar uma resposta\ncompleta aos senhores, resolvi tamb\u00e9m comentar os quatro pontos elencados pelo\nexequente na quest\u00e3o.<\/p>\n\n\n\n<p><strong>1\u00ba\nponto<\/strong><\/p>\n\n\n\n<p>A compet\u00eancia destrin\u00e7ada\nno art. 516 \u00e9 aplicada a <strong>todos os\ncumprimentos de senten\u00e7a<\/strong>, inclusive ao cumprimento de senten\u00e7a de pagar quantia\ncerta contra a Fazenda P\u00fablica e o cumprimento de senten\u00e7a de alimentos\n(hip\u00f3teses de execu\u00e7\u00f5es especiais).<\/p>\n\n\n\n<p><em>Art.\n516. &nbsp;O cumprimento da senten\u00e7a efetuar-se-\u00e1 perante:<\/em><\/p>\n\n\n\n<p><em>I\n&#8211; os tribunais, nas causas de sua compet\u00eancia origin\u00e1ria;<\/em><\/p>\n\n\n\n<p><em>II\n&#8211; o ju\u00edzo que decidiu a causa no primeiro grau de jurisdi\u00e7\u00e3o;<\/em><\/p>\n\n\n\n<p><em>III\n&#8211; o ju\u00edzo c\u00edvel competente, quando se tratar de senten\u00e7a penal condenat\u00f3ria, de\nsenten\u00e7a arbitral, de senten\u00e7a estrangeira ou de ac\u00f3rd\u00e3o proferido pelo\nTribunal Mar\u00edtimo.<\/em><\/p>\n\n\n\n<p><em>Par\u00e1grafo\n\u00fanico. &nbsp;Nas hip\u00f3teses dos incisos II e III, o exequente poder\u00e1 optar pelo\nju\u00edzo do atual domic\u00edlio do executado, pelo ju\u00edzo do local onde se encontrem os\nbens sujeitos \u00e0 execu\u00e7\u00e3o ou pelo ju\u00edzo do local onde deva ser executada a\nobriga\u00e7\u00e3o de fazer ou de n\u00e3o fazer, casos em que a remessa dos autos do\nprocesso ser\u00e1 solicitada ao ju\u00edzo de origem.<\/em><\/p>\n\n\n\n<p>No\ncaso da quest\u00e3o, em regra, o cumprimento de senten\u00e7a seria requerido perante o\nju\u00edzo que prolatou a decis\u00e3o (art. 516, II, CPC).<\/p>\n\n\n\n<p>Contudo,\nno CPC\/15, o inciso II tem que ser interpretado em conjunto com o artigo 516,\npar\u00e1grafo \u00fanico do CPC, que abre outras 3 possibilidades ao exequente:<\/p>\n\n\n\n<p><em>Art.\n516, Par\u00e1grafo \u00fanico.&nbsp; Nas hip\u00f3teses dos <strong>incisos II<\/strong> e III, o exequente poder\u00e1 optar pelo <strong>ju\u00edzo do atual domic\u00edlio do executado<\/strong>,\npelo <strong>ju\u00edzo do local onde se encontrem\nos bens sujeitos \u00e0 execu\u00e7\u00e3o<\/strong> ou pelo <strong>ju\u00edzo do local onde deva ser executada a obriga\u00e7\u00e3o de fazer ou de\nn\u00e3o fazer<\/strong>, casos em que a remessa dos autos do processo ser\u00e1 solicitada\nao ju\u00edzo de origem.<\/em><\/p>\n\n\n\n<p>Portanto,\nem suma, temos 4 possibilidades:<\/p>\n\n\n\n<ol class=\"wp-block-list\"><li>ju\u00edzo que decidiu\na causa (art. 516, II, CPC);<\/li><li>ju\u00edzo do atual\ndomic\u00edlio do executado;<\/li><li><strong>ju\u00edzo do local dos bens do executado<a href=\"#_ftn1\"><sup><strong><sup>[1]<\/sup><\/strong><\/sup><\/a>;<\/strong><\/li><li>ju\u00edzo onde deva\nser executada a obriga\u00e7\u00e3o de fazer ou n\u00e3o fazer (op\u00e7\u00e3o inclu\u00edda pelo NCPC).<\/li><\/ol>\n\n\n\n<p>A gente j\u00e1 havia alertado\no aluno que a cobran\u00e7a do tema era constante.<\/p>\n\n\n\n<p>MPE-PR\/MPE-PR \u2013 Promotor\nSubstituto\/2016 &#8211; Assinale a alternativa correta sobre o cumprimento de\nsenten\u00e7a, do C\u00f3digo de Processo Civil de 2015: a) Quando o cumprimento de\nsenten\u00e7a se efetuar perante ju\u00edzo de primeiro grau de jurisdi\u00e7\u00e3o, o exequente\npoder\u00e1 optar pelo ju\u00edzo do atual domic\u00edlio do executado, pelo ju\u00edzo do local\nonde se encontrem os bens sujeitos \u00e0 execu\u00e7\u00e3o ou pelo ju\u00edzo do local onde deva\nser executada a obriga\u00e7\u00e3o de fazer ou de n\u00e3o fazer;<\/p>\n\n\n\n<p>E isso caiu novamente.<\/p>\n\n\n\n<p>O 1\u00ba ponto alegado por\nPaulo est\u00e1 correto.<\/p>\n\n\n\n<p><strong>2\u00ba\nponto<\/strong><\/p>\n\n\n\n<p>O 2\u00ba ponto alegado por\nPaulo tamb\u00e9m est\u00e1 correto.<\/p>\n\n\n\n<p>Na execu\u00e7\u00e3o provis\u00f3ria, o <strong>NCPC inovou<\/strong>. <\/p>\n\n\n\n<p>O STJ entendia que n\u00e3o\ncabia honor\u00e1rios em cumprimento provis\u00f3rio na vig\u00eancia do CPC\/73.<\/p>\n\n\n\n<p>Vejam julgado sob rito de\nrecurso repetitivo:<\/p>\n\n\n\n<p><em>DIREITO\nPROCESSUAL CIVIL. HONOR\u00c1RIOS ADVOCAT\u00cdCIOS EM SEDE DE EXECU\u00c7\u00c3O PROVIS\u00d3RIA.\nRECURSO REPETITIVO (ART. 543-C DO CPC E RES. 8\/2008-STJ). <strong>Em execu\u00e7\u00e3o provis\u00f3ria, descabe o arbitramento de honor\u00e1rios\nadvocat\u00edcios em benef\u00edcio do exequente. <\/strong>REsp 1.291.736-PR, Rel. Min. Luis\nFelipe Salom\u00e3o, julgado em 20\/11\/2013.<\/em><\/p>\n\n\n\n<p>Com o NCPC, isso mudou:<\/p>\n\n\n\n<p><em>Art.\n85. A senten\u00e7a condenar\u00e1 o vencido a pagar honor\u00e1rios ao advogado do vencedor.<\/em><\/p>\n\n\n\n<p><em>\u00a7\n1o <strong>S\u00e3o devidos honor\u00e1rios advocat\u00edcios<\/strong>\nna reconven\u00e7\u00e3o, no <strong>cumprimento de\nsenten\u00e7a, provis\u00f3rio ou definitivo<\/strong>, na execu\u00e7\u00e3o, resistida ou\nn\u00e3o, e nos recursos interpostos, cumulativamente.<\/em><\/p>\n\n\n\n<p><em>Art.\n520. &nbsp;O cumprimento provis\u00f3rio da senten\u00e7a impugnada por recurso\ndesprovido de efeito suspensivo ser\u00e1 realizado da mesma forma que o cumprimento\ndefinitivo, sujeitando-se ao seguinte regime:<\/em><\/p>\n\n\n\n<p><em>\u00a7\n2<sup>o<\/sup>&nbsp;A multa e os <strong>honor\u00e1rios<\/strong> a que se refere o&nbsp;\u00a7 1<sup>o<\/sup>&nbsp;do art.\n523&nbsp;<strong>s\u00e3o devidos no cumprimento provis\u00f3rio\nde senten\u00e7a<\/strong> condenat\u00f3ria ao pagamento de quantia certa.<\/em><\/p>\n\n\n\n<p>Isso vem caindo muito: <\/p>\n\n\n\n<p>VUNESP\/TJ-RS \u2013 Juiz de\nDireito Substituto\/2018 &#8211; S\u00e3o devidos honor\u00e1rios advocat\u00edcios, nos termos do\nC\u00f3digo de Processo Civil: e) no cumprimento provis\u00f3rio de senten\u00e7a.<\/p>\n\n\n\n<p><strong>3\u00ba\nponto<\/strong><\/p>\n\n\n\n<p>O 3\u00ba ponto aventado por\nPaulo tamb\u00e9m est\u00e1 escorreito.<\/p>\n\n\n\n<p>Sob a \u00e9gide do CPC\/73,\nparcela doutrin\u00e1ria significativa e jurisprud\u00eancia pac\u00edfica do STJ entendiam\npelo n\u00e3o cabimento da multa do art. 475-J (atual art. 523, par. 1<sup>o<\/sup>,\nCPC\/15) na execu\u00e7\u00e3o provis\u00f3ria.<\/p>\n\n\n\n<p>EXECU\u00c7\u00c3O PROVIS\u00d3RIA.\nMULTA. ART. 475-J DO CPC. <strong>A Corte\nEspecial, ao prosseguir o julgamento, decidiu, por maioria, que, na execu\u00e7\u00e3o\nprovis\u00f3ria, n\u00e3o pode incidir a multa de 10% prevista no art. 475-J do CPC<\/strong>\n(acrescentado pela Lei n. 11.232\/2005).<strong>REsp 1.059.478-RS, Rel. origin\u00e1rio\nMin. Luis Felipe Salom\u00e3o, Rel. para ac\u00f3rd\u00e3o Min. Aldir Passarinho Junior,\njulgado em 15\/12\/2010 (informativo 460).<\/strong><\/p>\n\n\n\n<p>Entretanto, o NCPC disp\u00f4s\nde forma diferente, entendendo pela aplica\u00e7\u00e3o da multa de 10% + honor\u00e1rios\nadvocat\u00edcios de 10%.<\/p>\n\n\n\n<p><em>Art.\n520, \u00a7 2<sup>o<\/sup> A multa e os honor\u00e1rios a que se refere o \u00a7 1<sup>o<\/sup>\ndo art. 523 s\u00e3o devidos no cumprimento provis\u00f3rio de senten\u00e7a condenat\u00f3ria ao\npagamento de quantia certa.<\/em><\/p>\n\n\n\n<p><em>Art.\n523. &nbsp;No caso de condena\u00e7\u00e3o em quantia certa, ou j\u00e1 fixada em liquida\u00e7\u00e3o,\ne no caso de decis\u00e3o sobre parcela incontroversa, o cumprimento definitivo da\nsenten\u00e7a far-se-\u00e1 a requerimento do exequente, sendo o executado intimado para\npagar o d\u00e9bito, no prazo de 15 (quinze) dias, acrescido de custas, se houver.<\/em><\/p>\n\n\n\n<p><em>\u00a7\n1<sup>o<\/sup> N\u00e3o ocorrendo pagamento volunt\u00e1rio no prazo do caput, o\nd\u00e9bito ser\u00e1 acrescido de multa de dez por cento e, tamb\u00e9m, de honor\u00e1rios de\nadvogado de dez por cento.<\/em><\/p>\n\n\n\n<p><strong>4\u00ba\nponto<\/strong><\/p>\n\n\n\n<p>Esse ponto suscitado\ntamb\u00e9m merecia acolhimento.<\/p>\n\n\n\n<p><em>Art.\n521. &nbsp;A cau\u00e7\u00e3o prevista no inciso IV do art. 520 poder\u00e1 ser dispensada nos\ncasos em que: II &#8211; o credor demonstrar situa\u00e7\u00e3o de necessidade;<\/em><\/p>\n\n\n\n<p>Quest\u00e3o 13<\/p>\n\n\n\n<p>Renato, rec\u00e9m-nascido, e Ant\u00f4nia, sua m\u00e3e, s\u00e3o autores de a\u00e7\u00e3o ajuizada em desfavor de Luiz, suposto pai de Renato. Na a\u00e7\u00e3o, s\u00e3o pleiteados a declara\u00e7\u00e3o de paternidade de Luiz em favor de Renato e o ressarcimento de despesas decorrentes do parto em favor de Ant\u00f4nia.\u00a0 Essa situa\u00e7\u00e3o configura hip\u00f3tese de litiscons\u00f3rcio facultativo e<\/p>\n\n\n\n<p>a) Unit\u00e1rio<\/p>\n\n\n\n<p>b) Eventual<\/p>\n\n\n\n<p>c) Sucessivo<\/p>\n\n\n\n<p>d) Alternativo <\/p>\n\n\n\n<p>Gabarito extraoficial:\nLetra C.<\/p>\n\n\n\n<p>\u00c9 o exemplo <em>ipsis litteris <\/em>dado em nosso curso, com\nbase em Fredie Didier. Vejam o trecho do nosso caderno pdf:<\/p>\n\n\n\n<p><strong>Modalidades\nEspeciais de Litiscons\u00f3rcio Facultativo<\/strong><\/p>\n\n\n\n<p>Sabe-se que a doutrina\ndivide a cumula\u00e7\u00e3o de pedidos em cumula\u00e7\u00e3o <strong>pr\u00f3pria<\/strong>\n(simples e sucessiva) e cumula\u00e7\u00e3o <strong>impr\u00f3pria<\/strong>\n(subsidi\u00e1ria e alternativa).<\/p>\n\n\n\n<p>Na primeira (cumula\u00e7\u00e3o\npr\u00f3pria), o autor tem interesse no acolhimento de todos os pedidos. <\/p>\n\n\n\n<p>Na cumula\u00e7\u00e3o pr\u00f3pria <strong>simples<\/strong>, os pedidos s\u00e3o independentes\nentre si, podendo ser objeto de a\u00e7\u00e3o aut\u00f4noma. Ex: pedido de condena\u00e7\u00e3o em\ndanos materiais E danos morais E danos est\u00e9ticos.<\/p>\n\n\n\n<p>Na cumula\u00e7\u00e3o pr\u00f3pria <strong>sucessiva<\/strong>, os pedidos s\u00e3o dependentes\nentre si, havendo uma rela\u00e7\u00e3o de prejudicialidade entre eles. Ex: investiga\u00e7\u00e3o\nde paternidade e pedido de alimentos. O segundo s\u00f3 ser\u00e1 analisado se o primeiro\nfor acolhido.<\/p>\n\n\n\n<p>Na segunda (cumula\u00e7\u00e3o impr\u00f3pria),\nformulam-se v\u00e1rios pedidos, mas apenas um ser\u00e1 acolhido. <\/p>\n\n\n\n<p>Na cumula\u00e7\u00e3o impr\u00f3pria <strong>subsidi\u00e1ria (eventual<\/strong>) de pedidos, o\nsujeito formula dois pedidos, mas com ordem de prefer\u00eancia (quero A e, se o\njuiz n\u00e3o entender desse jeito, quero B).<\/p>\n\n\n\n<p>Na cumula\u00e7\u00e3o <strong>alternativa<\/strong>, o autor formula mais de um\npedido, mas n\u00e3o estabelece ordem de prefer\u00eancia (quero A ou B).<\/p>\n\n\n\n<p>Dito isso, vamos ver qual\na correla\u00e7\u00e3o dessa classifica\u00e7\u00e3o sobre os pedidos com a classifica\u00e7\u00e3o\nsobre os <strong>litiscons\u00f3rcios<\/strong>.<\/p>\n\n\n\n<p><a>Litiscons\u00f3rcio\nSucessivo<\/a><\/p>\n\n\n\n<p>Neste, verifica-se que a\ncumula\u00e7\u00e3o sucessiva (pedido de um s\u00f3 pode ser acolhido se o primeiro tamb\u00e9m o\nfor) pode dar origem a um litiscons\u00f3rcio.<\/p>\n\n\n\n<p><strong>Ex1:\nm\u00e3e e filho, em que este pleiteia a investiga\u00e7\u00e3o de paternidade e aquela o ressarcimento\npelas despesas do parto. Ambos podem ser acolhidos (cumula\u00e7\u00e3o pr\u00f3pria), mas o\npedido do filho \u00e9 prejudicial ao da m\u00e3e (pedidos sucessivos).<\/strong><\/p>\n\n\n\n<p>Ex2:&nbsp; vendedor cede seu cr\u00e9dito em uma compra e\nvenda a um terceiro. O cession\u00e1rio cria obst\u00e1culos ao recebimento do pre\u00e7o.<\/p>\n\n\n\n<p>O comprador pode entrar\ncom consigna\u00e7\u00e3o em pagamento em rela\u00e7\u00e3o ao cession\u00e1rio e adjudica\u00e7\u00e3o\ncompuls\u00f3ria em rela\u00e7\u00e3o ao vendedor. A adjudica\u00e7\u00e3o somente poder\u00e1 ser concedida\nse a consigna\u00e7\u00e3o for procedente.<\/p>\n\n\n\n<p>(&#8230;)<\/p>\n\n\n\n<p>Quest\u00e3o 14<\/p>\n\n\n\n<p>Um indiv\u00edduo impetrou mandado\nde seguran\u00e7a junto ao STJ para questionar ato coator que, conforme afirmava na\npeti\u00e7\u00e3o inicial, teria sido praticado por um ministro de Estado. Ap\u00f3s a\nautoridade supostamente coatora apresentar informa\u00e7\u00f5es sobre o m\u00e9rito da\nquest\u00e3o, o relator verificou que o ato, na realidade, havia sido praticado\nexclusivamente por um servidor subordinado ao ministro e ocupante do cargo de\nchefe de divis\u00e3o na pasta ministerial. <\/p>\n\n\n\n<p>Nessa situa\u00e7\u00e3o hipot\u00e9tica, de acordo com a jurisprud\u00eancia do STJ, a denominada teoria da encampa\u00e7\u00e3o<\/p>\n\n\n\n<p>a) N\u00e3o deve ser aplicada, porque a utiliza\u00e7\u00e3o desta teoria na via mandamental implica sempre em viola\u00e7\u00e3o do devido processo legal.<\/p>\n\n\n\n<p>b) N\u00e3o deve ser aplicada, porque nesse caso o v\u00edcio de legitimidade implica a modifica\u00e7\u00e3o de compet\u00eancia constitucionalmente prevista.<\/p>\n\n\n\n<p>c) Deve ser aplicada, porque h\u00e1 hierarquia entre a autoridade que prestou as informa\u00e7\u00f5es e a que determinou a pr\u00e1tica do ato.<\/p>\n\n\n\n<p>d) Deve ser aplicada, porque, a o apresentar informa\u00e7\u00f5es sobre o m\u00e9rito, a autoridade indicada como coatora tacitamente concordou com a pr\u00e1tica do ato. <\/p>\n\n\n\n<p>Gabarito extraoficial:\nLetra B.<\/p>\n\n\n\n<p>A teoria da encampa\u00e7\u00e3o\nmitiga a err\u00f4nea indica\u00e7\u00e3o da autoridade coatora, exigindo <strong>tr\u00eas requisitos<\/strong> para sua aplica\u00e7\u00e3o.<\/p>\n\n\n\n<p><strong>1\u00ba\nrequisito<\/strong>: Autoridade apontada como coatora dever\u00e1 ser da mesma estrutura\njur\u00eddica (ex: gerente e superintendente), hierarquicamente superior \u00e0quela\nautoridade que seria a correta. Ex: a autoridade coatora foi Secret\u00e1rio\nestadual, mas o impetrante indica como autoridade o Governador. <\/p>\n\n\n\n<p><strong>2\u00ba\nrequisito<\/strong>: A autoridade apontada (erroneamente) promove a defesa\ndo ato reputado ilegal (manifesta-se sobre o m\u00e9rito do MS). Ex: o Governador,\npor exemplo, defende a legalidade do ato (naquela peti\u00e7\u00e3o de informa\u00e7\u00f5es<a href=\"#_ftn2\"><sup>[2]<\/sup><\/a>).<\/p>\n\n\n\n<p><strong>3\u00ba\nrequisito<\/strong>: Aus\u00eancia de modifica\u00e7\u00e3o de compet\u00eancia. Ex: Pela\nConstitui\u00e7\u00e3o Estadual, o TJ \u00e9 competente para julgar tanto MS contra\nGovernador, quanto MS contra Secret\u00e1rio Estadual.<\/p>\n\n\n\n<p>Vejam julgado do STJ\nacerca da teoria da encampa\u00e7\u00e3o.<\/p>\n\n\n\n<p><em>PROCESSUAL&nbsp;&nbsp; CIVIL.&nbsp;&nbsp;\nADMINISTRATIVO.&nbsp;&nbsp; AGRAVO&nbsp; INTERNO&nbsp;\nNO&nbsp; RECURSO ORDIN\u00c1RIO EM MANDADO\nDE SEGURAN\u00c7A. C\u00d3DIGO DE PROCESSO CIVIL DE 2015. APLICABILIDADE.&nbsp; PROFISSIONAIS&nbsp;\nDA EDUCA\u00c7\u00c3O B\u00c1SICA. INOBSERV\u00c2NCIA DO PISO&nbsp; SALARIAL&nbsp;\nESTABELECIDO&nbsp; EM&nbsp; LEI FEDERAL. MANDADO DE SEGURAN\u00c7A.\nILEGITIMIDADE&nbsp;&nbsp; PASSIVA.&nbsp;&nbsp; TEORIA&nbsp;\n&nbsp;DA&nbsp; ENCAMPA\u00c7\u00c3O.&nbsp;\nAPLICABILIDADE. ARGUMENTOS INSUFICIENTES PARA DESCONSTITUIR A DECIS\u00c3O\nATACADA.<\/em><\/p>\n\n\n\n<p><em>I&nbsp; &#8211;&nbsp;\nConsoante&nbsp; o&nbsp; decidido&nbsp;\npelo&nbsp; Plen\u00e1rio&nbsp; desta&nbsp;\nCorte na sess\u00e3o realizada&nbsp; em&nbsp; 09.03.2016,&nbsp;\no&nbsp; regime recursal ser\u00e1\ndeterminado pela data&nbsp; da&nbsp; publica\u00e7\u00e3o do provimento jurisdicional\nimpugnado. In casu, aplica-se o C\u00f3digo de Processo Civil de 2015.<\/em><\/p>\n\n\n\n<p><em>II&nbsp; &#8211;&nbsp;\nA&nbsp; jurisprud\u00eancia&nbsp; desta&nbsp;\nCorte firmou entendimento segundo o qual,&nbsp; a&nbsp; <strong>aplica\u00e7\u00e3o&nbsp; da teoria da encampa\u00e7\u00e3o<\/strong>, que mitiga a\nindica\u00e7\u00e3o err\u00f4nea&nbsp; da&nbsp; autoridade &nbsp;coatora&nbsp;\nem mandado de seguran\u00e7a, tem lugar quando&nbsp; presentes&nbsp;\nos&nbsp; <strong>seguintes requisitos<\/strong>: (i) <strong>v\u00ednculo\nhier\u00e1rquico<\/strong> entre&nbsp;&nbsp; a&nbsp; autoridade&nbsp;\nque&nbsp; prestou&nbsp; as&nbsp;\ninforma\u00e7\u00f5es&nbsp; e&nbsp; aquela&nbsp;\nque determinou&nbsp; a&nbsp; pr\u00e1tica&nbsp;\ndo ato; (ii) <strong>manifesta\u00e7\u00e3o\nsobre o m\u00e9rito<\/strong> nas informa\u00e7\u00f5es&nbsp;&nbsp;\nprestadas,&nbsp;&nbsp; e;&nbsp;&nbsp; (iii)&nbsp;\n<strong>aus\u00eancia&nbsp; de&nbsp;\nmodifica\u00e7\u00e3o&nbsp; na compet\u00eancia\nconstitucionalmente estabelecida<\/strong>.<\/em><\/p>\n\n\n\n<p><em>III&nbsp; &#8211;&nbsp;\nIn&nbsp; casu,&nbsp; observo&nbsp;\nser&nbsp; cab\u00edvel&nbsp; a&nbsp;\naplica\u00e7\u00e3o&nbsp; da teoria da\nencampa\u00e7\u00e3o,&nbsp; porquanto:&nbsp; (i)&nbsp;\nexiste&nbsp; v\u00ednculo&nbsp; hier\u00e1rquico&nbsp;\nentre&nbsp; a autoridade&nbsp; apontada&nbsp;\nno&nbsp; mandamus&nbsp; e&nbsp;\naquela que seria legitimada a figurar&nbsp;\nno polo passivo (Governador do Estado e Secret\u00e1rio Estadual de&nbsp; Planejamento&nbsp;\ne&nbsp; Gest\u00e3o);&nbsp; (ii)&nbsp; a\nautoridade Impetrada, em suas informa\u00e7\u00f5es, manifestou-se sobre o m\u00e9rito do\nmandamus (fl. 111e), e; (iii)&nbsp; conforme o\nart. 106, I, c, da Constitui\u00e7\u00e3o do Estado de Minas Gerais, n\u00e3o h\u00e1 modifica\u00e7\u00e3o\nda compet\u00eancia do Tribunal de Justi\u00e7a.<\/em><\/p>\n\n\n\n<p><em>IV&nbsp; &#8211;&nbsp;\nO&nbsp; Agravante n\u00e3o apresenta, no\nagravo, argumentos suficientes para desconstituir a decis\u00e3o recorrida. <\/em><\/p>\n\n\n\n<p><em>V\n&#8211; Agravo Interno improvido. (AgInt no RMS 42.563\/MG, Rel. Ministra REGINA\nHELENA COSTA, PRIMEIRA TURMA, julgado em 23\/05\/2017, DJe 29\/05\/2017)<\/em><\/p>\n\n\n\n<p>O entendimento est\u00e1 t\u00e3o\npacificado que o STJ editou s\u00famula a respeito.<\/p>\n\n\n\n<p><em>S\u00famula\n628-STJ: A teoria da encampa\u00e7\u00e3o \u00e9 aplicada no mandado de seguran\u00e7a quando\npresentes, cumulativamente, os seguintes requisitos: <\/em><\/p>\n\n\n\n<p><em>a)\nexist\u00eancia de v\u00ednculo hier\u00e1rquico entre a autoridade que prestou informa\u00e7\u00f5es e\na que ordenou a pr\u00e1tica do ato impugnado; <\/em><\/p>\n\n\n\n<p><em>b)\nmanifesta\u00e7\u00e3o a respeito do m\u00e9rito nas informa\u00e7\u00f5es prestadas; e <\/em><\/p>\n\n\n\n<p><em>c)\naus\u00eancia de modifica\u00e7\u00e3o de compet\u00eancia estabelecida na Constitui\u00e7\u00e3o Federal.<\/em><\/p>\n\n\n\n<p><em>STJ.\n1\u00aa Se\u00e7\u00e3o. Aprovada em 12\/12\/2018, DJe 17\/12\/2018.<\/em><\/p>\n\n\n\n<p>No caso da quest\u00e3o, a\ncompet\u00eancia constitucional para apreciar MS em face de ato coator praticado\npelo <strong>Ministro de Estado \u00e9 do STJ<\/strong>.<\/p>\n\n\n\n<p><em>Art.\n105. Compete ao Superior Tribunal de Justi\u00e7a:<\/em><\/p>\n\n\n\n<p><em>I\n&#8211; processar e julgar, originariamente:<\/em><\/p>\n\n\n\n<p><em>b)\nos <strong>mandados de seguran\u00e7a<\/strong> e os&nbsp;habeas data&nbsp;<strong>contra ato de Ministro de Estado<\/strong>, dos\nComandantes da Marinha, do Ex\u00e9rcito e da Aeron\u00e1utica ou do pr\u00f3prio\nTribunal;&nbsp;(Reda\u00e7\u00e3o dada pela Emenda Constitucional n\u00ba 23, de 1999)<\/em><\/p>\n\n\n\n<p>J\u00e1 a compet\u00eancia para\nprocessar e julgar MS contra ato coator praticado pelo servidor seria do <strong>ju\u00edzo federal de 1\u00ba grau<\/strong>.<\/p>\n\n\n\n<p><em>Art.\n109. Aos ju\u00edzes federais compete processar e julgar:<\/em><\/p>\n\n\n\n<p><em>VIII\n&#8211; os mandados de seguran\u00e7a e os&nbsp;habeas\ndata&nbsp;contra ato de autoridade federal, excetuados os casos de\ncompet\u00eancia dos tribunais federais;<\/em><\/p>\n\n\n\n<p>O que \u00e9 autoridade federal\npara fins de MS e HD? Esse inciso \u00e9 necess\u00e1rio? N\u00e3o bastaria a previs\u00e3o do art.\n109, I?<\/p>\n\n\n\n<p>A autoridade federal \u00e9\ndefinida pela lei do MS (art. 2\u00ba, <em>caput<\/em>,\nLei n. 12.016\/2009).<\/p>\n\n\n\n<p><em>Art.\n2<sup>o<\/sup>&nbsp; Considerar-se-\u00e1 <strong>federal\na autoridade <\/strong>coatora<strong> se as\nconsequ\u00eancias de ordem patrimonial do ato contra o qual se requer o mandado\nhouverem de ser suportadas pela Uni\u00e3o ou entidade por ela controlada<\/strong>.&nbsp;<\/em><\/p>\n\n\n\n<p>Percebam, portanto, que\nesse art. 109, VIII, CRFB \u00e9 necess\u00e1rio, na medida em que alarga as hip\u00f3teses do\nart. 109, I, para admitir a compet\u00eancia da JF para MS e HD em que a autoridade\ncoatora possa fazer parte de uma pessoa jur\u00eddica n\u00e3o pertencente \u00e0 Uni\u00e3o,\nentidades aut\u00e1rquicas ou empresas p\u00fablicas federais.<\/p>\n\n\n\n<p>D\u00ea-me alguns exemplos?<\/p>\n\n\n\n<p>Claro. <\/p>\n\n\n\n<p>As Sociedades de Economia\nMista (SEM) n\u00e3o s\u00e3o abarcadas na compet\u00eancia do inciso I, mas, por essa\ndisposi\u00e7\u00e3o, litigam na Justi\u00e7a Federal, j\u00e1 que os reflexos patrimoniais de\num MS impetrado contra uma SEM podem recair sobre a Uni\u00e3o, pois a Uni\u00e3o \u00e9\ncontroladora de algumas SEM, a exemplo do Banco do Brasil.<\/p>\n\n\n\n<p>Ex: BB faz concurso\np\u00fablico. Candidato se sente lesado pela preteri\u00e7\u00e3o na ordem dos classificados.\nEle tem duas sa\u00eddas: <\/p>\n\n\n\n<p>a) ajuizar uma a\u00e7\u00e3o\nordin\u00e1ria, cuja compet\u00eancia seria da JE, por n\u00e3o estarem as sociedades de\neconomia mista no rol do art. 109, I, CRFB;<\/p>\n\n\n\n<p>b) impetrar MS. Como se\ntrata de SEM controlada pela Uni\u00e3o, que sofreria consequ\u00eancias de ordem\npatrimonial, a compet\u00eancia seria da JF. <\/p>\n\n\n\n<p>Assim, como o servidor \u00e9\nfederal, lotado em um Minist\u00e9rio, as repercuss\u00f5es de ordem patrimonial seriam\narcadas pela Uni\u00e3o.<\/p>\n\n\n\n<p>Portanto, aplica-se o art. 109, VIII, CRFB.<\/p>\n\n\n\n<p>Quest\u00e3o 15<\/p>\n\n\n\n<p>Andr\u00e9 interp\u00f4s recurso\nextraordin\u00e1rio contra ac\u00f3rd\u00e3o proferido pelo tribunal de justi\u00e7a. Em sequ\u00eancia,\nao realizar o ju\u00edzo de admissibilidade do recurso, o presidente do tribunal de\njusti\u00e7a prolatou decis\u00e3o inadmitindo o recurso, por entender que n\u00e3o havia sido\ncumprido o requisito do prequestionamento de mat\u00e9ria constitucional. Dois dias\nap\u00f3s ter sido intimado da decis\u00e3o de inadmiss\u00e3o, Andr\u00e9 op\u00f4s embargos de declara\u00e7\u00e3o,\nalegando haver obscuridade na decis\u00e3o monocr\u00e1tica proferida na origem. <\/p>\n\n\n\n<p>Nessa situa\u00e7\u00e3o hipot\u00e9tica, de acordo com a jurisprud\u00eancia do STF, os embargos de declara\u00e7\u00e3o <\/p>\n\n\n\n<p>a) N\u00e3o s\u00e3o cab\u00edveis e, por isso, n\u00e3o haver\u00e1 interrup\u00e7\u00e3o do prazo recursal pra a a interposi\u00e7\u00e3o de agravo em recurso extraordin\u00e1rio.<\/p>\n\n\n\n<p>b) Interrompem o prazo recursal para a interposi\u00e7\u00e3o de agravo em recurso extraordin\u00e1rio, ainda que n\u00e3o venham a ser conhecidos. <\/p>\n\n\n\n<p>c) Devem ser recebidos como agravo em recurso extraordin\u00e1rio, em decorr\u00eancia do princ\u00edpio da fungibilidade recursal.<\/p>\n\n\n\n<p>d) Devem ser julgados pelo prolator da decis\u00e3o de origem, mas, somente se forem promovidos, ser\u00e1 poss\u00edvel a interposi\u00e7\u00e3o de novo recurso ao STF.<\/p>\n\n\n\n<p>Gabarito extraoficial: Letra A.<\/p>\n\n\n\n<p>Vejam o que o STF decidiu no informativo 886.<\/p>\n\n\n\n<p>\n\nOs embargos de declara\u00e7\u00e3o opostos contra a decis\u00e3o de presidente do tribunal que n\u00e3o admite recurso extraordin\u00e1rio n\u00e3o suspendem ou interrompem o prazo para interposi\u00e7\u00e3o de agravo, por serem incab\u00edveis.<\/p>\n\n\n\n<p>Esse \u00e9 o entendimento da Primeira Turma que, por maioria e em conclus\u00e3o, converteu embargos declarat\u00f3rios em agravos regimentais e a eles negou provimento (vide&nbsp;<a target=\"_blank\" href=\"http:\/\/www.stf.jus.br\/arquivo\/informativo\/documento\/informativo700.htm\" rel=\"noreferrer noopener\">Informativo 700<\/a>).<\/p>\n\n\n\n<p>Vencidos os ministros Marco Aur\u00e9lio e Luiz Fux, que deram provimento aos agravos, por entenderem que todo pronunciamento com carga decis\u00f3ria desafia embargos declarat\u00f3rios.<\/p>\n\n\n\n<p><strong><a href=\"http:\/\/www.stf.jus.br\/portal\/processo\/verProcessoAndamento.asp?numero=688776&amp;classe=ARE&amp;origem=AP&amp;recurso=0&amp;tipoJulgamento=M\">ARE 688776 ED\/RS, rel. Min. Dias Toffoli, julgamento em 28.11.2017. (ARE-688776)<\/a><\/strong><br \/><strong><a href=\"http:\/\/www.stf.jus.br\/portal\/processo\/verProcessoAndamento.asp?numero=685997&amp;classe=ARE&amp;origem=AP&amp;recurso=0&amp;tipoJulgamento=M\">ARE 685997 ED\/RS, rel. Min. Dias Toffoli, julgamento em 28.11.2017. ARE-685997)<\/a><\/strong><\/p>\n\n\n\n<p><\/p>\n\n\n\n<p>Quest\u00e3o 16<\/p>\n\n\n\n<p>16) De acordo com o C\u00f3digo de Processo Civil, no que concerne ao julgamento de a\u00e7\u00e3o reivindicat\u00f3ria da propriedade de bem im\u00f3vel localizado em territ\u00f3rio nacional, a compet\u00eancia internacional da justi\u00e7a brasileira e a compet\u00eancia territorial do foro do local do im\u00f3vel s\u00e3o consideradas, respectivamente, como<\/p>\n\n\n\n<p>a) Concorrente e relativa<\/p>\n\n\n\n<p>b) Exclusiva e absoluta<\/p>\n\n\n\n<p>c) Exclusiva e relativa<\/p>\n\n\n\n<p>d) Concorrente e absoluta<\/p>\n\n\n\n<p>Gabarito extraoficial:\nLetra B.<\/p>\n\n\n\n<p>No \u00e2mbito internacional, a\ncompet\u00eancia \u00e9 exclusiva da Justi\u00e7a Brasileira.<\/p>\n\n\n\n<p><em>Art.\n23. &nbsp;Compete \u00e0 autoridade judici\u00e1ria brasileira, com exclus\u00e3o de qualquer\noutra:<\/em><\/p>\n\n\n\n<p><em>I &#8211; conhecer de a\u00e7\u00f5es relativas a\nim\u00f3veis situados no Brasil;<\/em><\/p>\n\n\n\n<p>J\u00e1 no \u00e2mbito da\ncompet\u00eancia territorial, a compet\u00eancia \u00e9 absoluta, com base no art. 47, \u00a71\u00ba,\nCPC.<\/p>\n\n\n\n<p>Art. 47. &nbsp;Para as\na\u00e7\u00f5es fundadas em direito real sobre im\u00f3veis \u00e9 <strong>competente o foro de situa\u00e7\u00e3o da coisa<\/strong>.<\/p>\n\n\n\n<p>\u00a7 1<sup>o<\/sup>&nbsp;O\nautor pode optar pelo foro de domic\u00edlio do r\u00e9u ou pelo foro de elei\u00e7\u00e3o <strong>se o lit\u00edgio n\u00e3o recair sobre<\/strong> <strong>direito de propriedade, <\/strong>vizinhan\u00e7a,\nservid\u00e3o, divis\u00e3o e demarca\u00e7\u00e3o de terras e de nuncia\u00e7\u00e3o de obra nova.<\/p>\n\n\n\n<p>No dispositivo colacionado,\n<strong>estabelece-se o <em>f\u00f3rum rei sitae \u2013 <\/em>foro da situa\u00e7\u00e3o do Im\u00f3vel como o competente para\nas demandas que versem sobre direito real<\/strong> <strong>Imobili\u00e1rio<\/strong>.<\/p>\n\n\n\n<p>Acontece que o CPC\nestabelece tamb\u00e9m foros concorrentes a ele. <\/p>\n\n\n\n<p>Uma a\u00e7\u00e3o real imobili\u00e1ria,\nsegundo o art. 47, \u00a71\u00ba pode ser propostas em 3 lugares:<\/p>\n\n\n\n<p>i- situa\u00e7\u00e3o da coisa<\/p>\n\n\n\n<p>ii- domic\u00edlio do r\u00e9u<\/p>\n\n\n\n<p>iii- foro de elei\u00e7\u00e3o, se\nhouver<\/p>\n\n\n\n<p>Havendo essas 3 hip\u00f3teses,\nconclui-se que se trata de compet\u00eancia <strong>relativa<\/strong>.<\/p>\n\n\n\n<p>O legislador, no entanto,\nestabeleceu <strong>sete casos<\/strong> em que n\u00e3o se\npode optar. Nesses 7 casos, a <strong>compet\u00eancia\n\u00e9 absoluta.<\/strong><\/p>\n\n\n\n<p>Quais s\u00e3o os sete?<\/p>\n\n\n\n<p><strong>Direito\nde propriedade<\/strong>, direito de vizinhan\u00e7a, servid\u00e3o, divis\u00e3o\nde terras, demarca\u00e7\u00e3o de terras, nuncia\u00e7\u00e3o de obra nova (\u00a71\u00ba) e posse (\u00a72\u00ba).<\/p>\n\n\n\n<p><strong>Obs1<\/strong>: N\u00e3o\ns\u00e3o todas as a\u00e7\u00f5es reais imobili\u00e1rias que est\u00e3o aqui no art. 47, \u00a71\u00ba, CPC.\nExistem ainda a anticrese, enfiteuse, usufruto, superf\u00edcie etc. Nesses casos, a\ncompet\u00eancia \u00e9 relativa.<\/p>\n\n\n\n<p><strong>Obs2<\/strong>:\nVejam o quadro abaixo.<\/p>\n\n\n\n<p>Portanto, no caso de <strong>demanda versando sobre propriedade de bem\nIM\u00d3VEL, a compet\u00eancia \u00e9 absoluta do foro da situa\u00e7\u00e3o da coisa<\/strong>.<\/p>\n\n\n\n<p>Quest\u00e3o 17<\/p>\n\n\n\n<p>17) De acordo com as normas previstas no C\u00f3digo de Processo Civil para os procedimentos especiais, assinale a op\u00e7\u00e3o correta. <\/p>\n\n\n\n<p>a) O magistrado que verificar a exist\u00eancia de terceiro titular de interesse em embargar ao tratado em ju\u00edzo dever\u00e1 ordenar a sua intima\u00e7\u00e3o pessoal. <\/p>\n\n\n\n<p>b) Em a\u00e7\u00e3o monit\u00f3ria, o magistrado dever\u00e1 determinar, em regra, a cita\u00e7\u00e3o do r\u00e9u por meio de oficial de justi\u00e7a, porque naquele procedimento \u00e9 vedada a cita\u00e7\u00e3o pelo correio. <\/p>\n\n\n\n<p>c) Em procedimento de inventario e partilha, o magistrado est\u00e1 proibido de deferir antecipadamente a um herdeiro o direito de uso e frui\u00e7\u00e3o de bem do esp\u00f3lio. <\/p>\n\n\n\n<p>d) O magistrado que, em a\u00e7\u00e3o de consigna\u00e7\u00e3o e pagamento, concluir pela insufici\u00eancia do dep\u00f3sito, somente poder\u00e1 condenar, em senten\u00e7a, o autor ao pagamento da diferen\u00e7a percebida caso tenha sido apresentada reconven\u00e7\u00e3o pelo r\u00e9u. <\/p>\n\n\n\n<p>Gabarito extraoficial:\nLetra A.<\/p>\n\n\n\n<p>A alternativa A est\u00e1\ncorreta.<\/p>\n\n\n\n<p><em>Art.\n675, Par\u00e1grafo \u00fanico. &nbsp;Caso identifique a exist\u00eancia de terceiro titular\nde interesse em embargar o ato, o juiz mandar\u00e1 intim\u00e1-lo pessoalmente.<\/em><\/p>\n\n\n\n<p>A alternativa B est\u00e1\nincorreta.<\/p>\n\n\n\n<p>Admite-se a cita\u00e7\u00e3o por\nqualquer dos meios permitidos para o procedimento comum.<\/p>\n\n\n\n<p><em>Art. 700, \u00a7 7<sup>o<\/sup>&nbsp;Na a\u00e7\u00e3o\nmonit\u00f3ria, admite-se cita\u00e7\u00e3o por qualquer dos meios permitidos para o\nprocedimento comum.<\/em><\/p>\n\n\n\n<p><em>S\u00famula 282, STJ: Cabe a cita\u00e7\u00e3o por edital em a\u00e7\u00e3o\nmonit\u00f3ria.<\/em><\/p>\n\n\n\n<p>A alternativa C est\u00e1\nincorreta.<\/p>\n\n\n\n<p><em>Art.\n647, Par\u00e1grafo \u00fanico. &nbsp;O juiz poder\u00e1, em decis\u00e3o fundamentada,\ndeferir antecipadamente a qualquer dos herdeiros o exerc\u00edcio dos direitos de\nusar e de fruir de determinado bem, com a condi\u00e7\u00e3o de que, ao t\u00e9rmino do\ninvent\u00e1rio, tal bem integre a cota desse herdeiro, cabendo a este, desde\no deferimento, todos os \u00f4nus e b\u00f4nus decorrentes do exerc\u00edcio daqueles\ndireitos.<\/em><\/p>\n\n\n\n<p>Vejam\ntamb\u00e9m os enunciados do FPPC a respeito do assunto.<\/p>\n\n\n\n<p><strong><em>Enunciado\n181, FPPC: <\/em><\/strong><em>(arts.\n645, I, 647, par\u00e1grafo \u00fanico, 651) A previs\u00e3o do par\u00e1grafo \u00fanico do art. 647 \u00e9\naplic\u00e1vel aos legat\u00e1rios na hip\u00f3tese do inciso I do art. 645, desde que\nreservado patrim\u00f4nio que garanta o pagamento do esp\u00f3lio. <\/em><\/p>\n\n\n\n<p><strong><em>Enunciado\n182, FPPC: <\/em><\/strong><em>(arts.\n647 e 651) Aplica-se aos legat\u00e1rios o disposto no par\u00e1grafo \u00fanico do art. 647,\nquando ficar evidenciado que os pagamentos do esp\u00f3lio n\u00e3o ir\u00e3o reduzir os\nlegados. <\/em><\/p>\n\n\n\n<p>A alternativa D est\u00e1\nincorreta.<\/p>\n\n\n\n<p>O r\u00e9u na consigna\u00e7\u00e3o pode\napenas alegar, na defesa, que o dep\u00f3sito n\u00e3o \u00e9 integral (art. 544, IV, CPC),\nn\u00e3o necessitando de reconven\u00e7\u00e3o.<\/p>\n\n\n\n<p><em>Art.\n544. &nbsp;Na contesta\u00e7\u00e3o, o r\u00e9u poder\u00e1 alegar que: IV &#8211; o dep\u00f3sito n\u00e3o \u00e9\nintegral.<\/em><\/p>\n\n\n\n<p><em>Par\u00e1grafo\n\u00fanico. &nbsp;No caso do inciso IV, a alega\u00e7\u00e3o somente ser\u00e1 admiss\u00edvel se o <strong>r\u00e9u indicar o montante que entende devido<\/strong>.<\/em><\/p>\n\n\n\n<p>Se o r\u00e9u alegar que o\ndep\u00f3sito n\u00e3o foi integral, se a presta\u00e7\u00e3o n\u00e3o tiver se tornado imprest\u00e1vel<a href=\"#_ftn3\"><sup>[3]<\/sup><\/a>\npara o credor, ser\u00e1 dada a oportunidade ao autor para complement\u00e1-la, em 10\ndias.<\/p>\n\n\n\n<p><em>Art.\n545. &nbsp;Alegada a insufici\u00eancia do dep\u00f3sito, <strong>\u00e9 l\u00edcito ao autor complet\u00e1-lo, em 10 (dez) dias<\/strong>, salvo se\ncorresponder a presta\u00e7\u00e3o cujo inadimplemento acarrete a rescis\u00e3o do contrato.<\/em><\/p>\n\n\n\n<p>Se a insufici\u00eancia for\na \u00fanica alega\u00e7\u00e3o, <strong>havendo a\ncomplementa\u00e7\u00e3o<\/strong>, o magistrado resolve o <strong>m\u00e9rito<\/strong>\nda demanda, declarando <strong>extinta a\nobriga\u00e7\u00e3o<\/strong> e <strong>condenando o autor nas\nverbas de sucumb\u00eancia<\/strong> (pois ele que deu causa \u00e0 demanda, j\u00e1 que oferecera\nvalor menor que o devido).<\/p>\n\n\n\n<p>Doutro lado, se n\u00e3o\nhouver complementa\u00e7\u00e3o pelo autor, o juiz permitir\u00e1 que o r\u00e9u levante a quantia j\u00e1\ndepositada, prosseguindo a demanda quanto \u00e0 parcela controversa.<\/p>\n\n\n\n<p><em>Art.\n545, \u00a7 1<sup>o<\/sup>&nbsp;No caso do&nbsp;caput, poder\u00e1 o r\u00e9u\nlevantar, desde logo, a quantia ou a coisa depositada, com a consequente\nlibera\u00e7\u00e3o parcial do autor, prosseguindo o processo quanto \u00e0 parcela controvertida.<\/em><\/p>\n\n\n\n<p>No caso, se o devedor n\u00e3o\ncomplementar e o juiz entender devido, a senten\u00e7a julgar\u00e1 o pedido autoral <strong>improcedente<a href=\"#_ftn4\"><sup><strong><sup>[4]<\/sup><\/strong><\/sup><\/a><\/strong>,certificar\u00e1 o montante faltante e o\ncredor (r\u00e9u na consignat\u00f3ria) poder\u00e1 promover o cumprimento desse t\u00edtulo\njudicial nos mesmos autos.<\/p>\n\n\n\n<p><strong><em>Art. 545, \u00a7 2<sup>o<\/sup>&nbsp;A\nsenten\u00e7a que concluir pela insufici\u00eancia do dep\u00f3sito determinar\u00e1, sempre que\nposs\u00edvel, o montante devido e valer\u00e1 como t\u00edtulo executivo, facultado ao credor\npromover-lhe o cumprimento nos mesmos autos, ap\u00f3s liquida\u00e7\u00e3o, se necess\u00e1ria.<\/em><\/strong><\/p>\n\n\n\n<p><strong>Aten\u00e7\u00e3o<\/strong>: O\nSTJ entendia que nos casos de dep\u00f3sito insuficiente, o julgamento deveria ser\nde parcial proced\u00eancia.<\/p>\n\n\n\n<p>Entretanto, em julgado em\nsede de repetitivo, o STJ mudou sua jurisprud\u00eancia e concluiu que:<\/p>\n\n\n\n<p>Em a\u00e7\u00e3o consignat\u00f3ria, a insufici\u00eancia\ndo dep\u00f3sito realizado pelo devedor <strong>conduz\nao julgamento de improced\u00eancia do pedido<\/strong>, pois o pagamento\nparcial da d\u00edvida n\u00e3o extingue o v\u00ednculo obrigacional (REsp. 1.108.058\/DF,\nd.j. 10\/10\/2018).<\/p>\n\n\n\n<p>Quest\u00e3o 18<\/p>\n\n\n\n<p>18) De acordo com o C\u00f3digo de Processo Civil, a produ\u00e7\u00e3o antecipada da prova requerida antes do ajuizamento da demanda principal<\/p>\n\n\n\n<p>a) Pode ser utilizada somente na hip\u00f3tese de o autor provar que o pr\u00e9vio conhecimento dos fatos \u00e9 imprescind\u00edvel para o ajuizamento de a\u00e7\u00e3o. <\/p>\n\n\n\n<p>b) \u00c9 da compet\u00eancia exclusiva do foro onde a prova deva ser produzida.<\/p>\n\n\n\n<p>c) Acarreta a preven\u00e7\u00e3o do ju\u00edzo para a a\u00e7\u00e3o que venha a ser proposta com base na prova produzida.<\/p>\n\n\n\n<p>d) Segue procedimento no qual \u00e9 admitida a interposi\u00e7\u00e3o de apela\u00e7\u00e3o contra a decis\u00e3o que indeferir totalmente a produ\u00e7\u00e3o da prova pleiteada. <\/p>\n\n\n\n<p>Gabarito extraoficial:\nLetra D.<\/p>\n\n\n\n<p>A alternativa A est\u00e1\nincorreta. Apresenta apenas a hip\u00f3tese do art. 318, III, mas h\u00e1 outras duas\npossibilidades.<\/p>\n\n\n\n<p><em>Art.\n381. &nbsp;A produ\u00e7\u00e3o antecipada da prova ser\u00e1 admitida nos casos em que:<\/em><\/p>\n\n\n\n<p><em>I &#8211; haja fundado receio de que venha a\ntornar-se imposs\u00edvel ou muito dif\u00edcil a verifica\u00e7\u00e3o de certos fatos na\npend\u00eancia da a\u00e7\u00e3o;<\/em><\/p>\n\n\n\n<p><em>II &#8211; a prova a ser produzida seja\nsuscet\u00edvel de viabilizar a autocomposi\u00e7\u00e3o ou outro meio adequado de solu\u00e7\u00e3o de\nconflito;<\/em><\/p>\n\n\n\n<p><em>III &#8211; o pr\u00e9vio conhecimento dos fatos\npossa justificar ou evitar o ajuizamento de a\u00e7\u00e3o.<\/em><\/p>\n\n\n\n<p>A alternativa B est\u00e1\nincorreta. H\u00e1 dois foros poss\u00edveis.<\/p>\n\n\n\n<p><em>Art.\n381, \u00a7 2<sup>o<\/sup>&nbsp;A produ\u00e7\u00e3o antecipada da prova \u00e9 da\ncompet\u00eancia do ju\u00edzo do foro onde est\u00e1 deva ser produzida <strong>OU<\/strong> do foro de domic\u00edlio do r\u00e9u.<\/em><\/p>\n\n\n\n<p>A alternativa C est\u00e1\nincorreta.<\/p>\n\n\n\n<p><em>Art.\n381, \u00a7 3<sup>o<\/sup>&nbsp;A produ\u00e7\u00e3o antecipada da prova <strong>n\u00e3o previne a compet\u00eancia do ju\u00edzo para\na a\u00e7\u00e3o que venha a ser proposta<\/strong>.<\/em><\/p>\n\n\n\n<p>A alternativa D est\u00e1\ncorreta.<\/p>\n\n\n\n<p><em>Art.\n382, \u00a7 4o&nbsp;Neste procedimento, n\u00e3o se admitir\u00e1 defesa ou recurso, <strong>salvo contra decis\u00e3o que indeferir\ntotalmente a produ\u00e7\u00e3o da prova<\/strong> pleiteada pelo requerente origin\u00e1rio.<\/em><\/p>\n\n\n\n<p>O dispositivo autorizou\napenas o manejo da <strong>apela\u00e7\u00e3o<\/strong>\ncontra senten\u00e7a que rejeita totalmente a produ\u00e7\u00e3o de prova (art. 1.009, <em>caput, <\/em>CPC). <\/p>\n\n\n\n<p><strong>Aten\u00e7\u00e3o<\/strong>:\nAcho dif\u00edcil haver qualquer modifica\u00e7\u00e3o de gabarito, mas apenas pontuo que o\nart. 382, \u00a74\u00ba, CPC \u00e9 muito criticado pela doutrina.<\/p>\n\n\n\n<p>Segundo Assump\u00e7\u00e3o, \u00e9 um\ndos piores dispositivos do NCPC.<\/p>\n\n\n\n<p>O autor salienta que, ao repetir um dispositivo que\nregulamenta a justifica\u00e7\u00e3o no CPC\/1973, o legislador n\u00e3o considerou que a\nmaioria das a\u00e7\u00f5es probat\u00f3rias n\u00e3o se desenvolve pela justifica\u00e7\u00e3o, mas pela\nprodu\u00e7\u00e3o antecipada de provas. Significa que <strong>a maioria das a\u00e7\u00f5es probat\u00f3rias aut\u00f4nomas ser\u00e1 de natureza contenciosa,\nsendo flagrantemente contr\u00e1rio ao princ\u00edpio do contradit\u00f3rio impedir o\nexerc\u00edcio de defesa e a interposi\u00e7\u00e3o de recursos<\/strong>. <\/p>\n\n\n\n<p>Para Assump\u00e7\u00e3o, mesmo\nquando a natureza da demanda for volunt\u00e1ria n\u00e3o teria raz\u00e3o para restringir\ndessa forma o contradit\u00f3rio.<\/p>\n\n\n\n<p>Didier complementa dizendo\nque o dispositivo \u00e9 incoerente, porquanto prev\u00ea a cita\u00e7\u00e3o dos interessados\nat\u00e9 de of\u00edcio e, ao mesmo tempo, diz para esses interessados que eles ser\u00e3o\nmeros espectadores.<\/p>\n\n\n\n<p>Diante desse absurdo,\nDidier prop\u00f5e uma interpreta\u00e7\u00e3o n\u00e3o literal.<\/p>\n\n\n\n<p>Assevera que h\u00e1 um\ncontradit\u00f3rio <strong>reduzido<\/strong>, mas n\u00e3o\nzerado. Poder\u00e1 ser discutido o direito \u00e0 prova, a compet\u00eancia\ndo \u00f3rg\u00e3o jurisdicional, legitimidade, interesse, modo de\nprodu\u00e7\u00e3o da per\u00edcia, suspei\u00e7\u00e3o e impedimento de testemunhas <strong>etc<\/strong>., n\u00e3o se autorizando, por\u00e9m, discuss\u00e3o\nno tocante \u00e0 <strong>valora\u00e7\u00e3o da prova e dos\nefeitos jur\u00eddicos dos fatos probandos<\/strong>.<\/p>\n\n\n\n<p><strong><em>Enunciado 32, I Jornada CJF: <\/em><\/strong><em>A veda\u00e7\u00e3o \u00e0 apresenta\u00e7\u00e3o de defesa prevista no art. 382, \u00a7 4\u00ba, do CPC, <\/em><strong><em>n\u00e3o impede a alega\u00e7\u00e3o pelo r\u00e9u de mat\u00e9rias defensivas conhec\u00edveis de of\u00edcio<\/em><\/strong><em>. <\/em><\/p>\n\n\n\n<p>Quanto ao <strong>recurso<\/strong>, o dispositivo autorizou apenas\no manejo da apela\u00e7\u00e3o contra senten\u00e7a que rejeita totalmente a\nprodu\u00e7\u00e3o de prova. Essa previs\u00e3o \u00fanica privilegia o autor (com\npossibilidade recursal) em detrimento do r\u00e9u.<\/p>\n\n\n\n<p>Todavia, parcela\ndoutrin\u00e1ria significativa j\u00e1 vem defendendo posi\u00e7\u00e3o <em>contra legem<\/em>, isto \u00e9, a <strong>possibilidade\nde recurso tamb\u00e9m do r\u00e9u<\/strong>.<\/p>\n\n\n\n<p>Ainda, acrescentam a\npossibilidade de agravo de instrumento para decis\u00e3o interlocut\u00f3ria do juiz que\ninadmitir a produ\u00e7\u00e3o de apenas uma das diversas provas pleiteadas (art. 1.015,\nII, CPC).<\/p>\n\n\n\n<p><em>Art. 1.015. \u00a0Cabe agravo de instrumento contra as decis\u00f5es interlocut\u00f3rias que versarem sobre: II &#8211; m\u00e9rito do processo;<\/em><\/p>\n\n\n\n<p>Quest\u00e3o 19<\/p>\n\n\n\n<p>No que concerne \u00e0s regras estabelecidas para a tutela provis\u00f3ria, o C\u00f3digo de Processo Civil determina que a concess\u00e3o, pelo magistrado, da tutela de evid\u00eancia<\/p>\n\n\n\n<p>a) Poder\u00e1 ser deferida liminarmente caso os fatos sejam comprovados apenas pela via documental e exista tese firmada em julgamento de casos repetitivos. <\/p>\n\n\n\n<p>b) Ser\u00e1 realizada na forma da decis\u00e3o interlocut\u00f3ria de m\u00e9rito e produzir\u00e1 coisa julgada material caso n\u00e3o seja impugnada pelo r\u00e9u. <\/p>\n\n\n\n<p>c) Ser\u00e1 cab\u00edvel somente na hip\u00f3tese de verifica\u00e7\u00e3o de abuso do direito de defesa da parte r\u00e9, haja vista a natureza punitiva dessa modalidade de tutela provis\u00f3ria. <\/p>\n\n\n\n<p>d) Depender\u00e1 da demonstra\u00e7\u00e3o de perigo de dano ou de risco ao resultado \u00fatil do processo e ocorrer\u00e1 nas situa\u00e7\u00f5es em que os efeitos da decis\u00e3o sejam revers\u00edveis. <\/p>\n\n\n\n<p>Gabarito extraoficial:\nLetra A.<\/p>\n\n\n\n<p>A alternativa A est\u00e1\ncorreta.<\/p>\n\n\n\n<p><em>Art.\n311. &nbsp;A tutela da evid\u00eancia ser\u00e1 concedida, independentemente da\ndemonstra\u00e7\u00e3o de perigo de dano ou de risco ao resultado \u00fatil do processo,\nquando:<\/em><\/p>\n\n\n\n<p><em>II &#8211; as <strong>alega\u00e7\u00f5es de fato puderem ser comprovadas\napenas documentalmente<\/strong> E <strong>houver tese\nfirmada em julgamento de casos repetitivos<\/strong> ou em s\u00famula vinculante;<\/em><\/p>\n\n\n\n<p><em>Par\u00e1grafo \u00fanico. Nas\nhip\u00f3teses dos incisos II e III, o juiz poder\u00e1 decidir liminarmente.<\/em><\/p>\n\n\n\n<p>A alternativa B est\u00e1\nincorreta. N\u00e3o haver\u00e1 coisa julgada material, pois esta incide nas tutelas\ndefinitivas, que s\u00e3o aquelas fundadas em cogni\u00e7\u00e3o exauriente, com aptid\u00e3o para\nse tornarem est\u00e1veis.<\/p>\n\n\n\n<p><a>J\u00e1\na tutela provis\u00f3ria (urg\u00eancia ou de <strong>evid\u00eancia<\/strong>)\n\u00e9 uma decis\u00e3o fundada em cogni\u00e7\u00e3o sum\u00e1ria e, por isso, \u00e9 provis\u00f3ria, ou\nseja, <em>precisa ser substitu\u00edda por outra<\/em>,\nprecisa ser ratificada, confirmada. N\u00e3o h\u00e1 coisa julgada<\/a>\nmaterial.<\/p>\n\n\n\n<p>Vejam que o art. 296,\ncontido nas disposi\u00e7\u00f5es gerais pertinentes a todas as tutelas provis\u00f3rias\n(urg\u00eancia e evid\u00eancia) ressalta a caracter\u00edstica not\u00e1vel da precariedade.<\/p>\n\n\n\n<p><em>Art.\n296. &nbsp;A <strong>tutela provis\u00f3ria<\/strong>\nconserva sua efic\u00e1cia na pend\u00eancia do processo, mas <strong>pode, a qualquer tempo, ser revogada ou modificada<\/strong>.<\/em><\/p>\n\n\n\n<p><em>Par\u00e1grafo \u00fanico. &nbsp;Salvo decis\u00e3o\njudicial em contr\u00e1rio, a tutela provis\u00f3ria conservar\u00e1 a efic\u00e1cia durante o\nper\u00edodo de suspens\u00e3o do processo.<\/em><\/p>\n\n\n\n<p>Em acr\u00e9scimo, lembrem-se\nque o NCPC, de forma inovadora, previu a estabiliza\u00e7\u00e3o da tutela provis\u00f3ria de\nurg\u00eancia antecipada concedida antecipadamente (art. 304, CPC).<\/p>\n\n\n\n<p>Contudo, <strong>nem mesmo esse novo instituto n\u00e3o \u00e9 similar \u00e0 coisa julgada material<\/strong> (art. 304, \u00a76\u00ba, CPC).<\/p>\n\n\n\n<p>A alternativa C est\u00e1\nincorreta, pois prev\u00ea apenas a hip\u00f3tese do art. 311, I, CPC. <\/p>\n\n\n\n<p>E o pr\u00f3prio dispositivo\nelenca outras tr\u00eas hip\u00f3teses (art. 311, II, III e IV, CPC), al\u00e9m de a pr\u00f3pria doutrina\nacrescentar outras, a exemplo dos seguintes enunciados:<\/p>\n\n\n\n<p><strong><em>Enunciado\n30, Enfam<\/em><\/strong><em>: \u00c9 poss\u00edvel a concess\u00e3o da tutela\nde evid\u00eancia prevista no art. 311, II, do CPC\/2015 quando a pretens\u00e3o autoral\nestiver de acordo com orienta\u00e7\u00e3o firmada pelo Supremo Tribunal Federal em sede\nde controle abstrato de constitucionalidade ou com tese prevista em s\u00famula\ndos tribunais, independentemente de car\u00e1ter vinculante. <\/em><\/p>\n\n\n\n<p><strong><em>ENUNCIADO 48, I\nJornada CJF: <\/em><\/strong><em>\u00c9 admiss\u00edvel a tutela provis\u00f3ria da\nevid\u00eancia, prevista no art. 311, II, do CPC, tamb\u00e9m em casos de tese firmada em\nrepercuss\u00e3o geral ou em s\u00famulas dos tribunais superiores. <\/em><\/p>\n\n\n\n<p><strong><em>Enunciado 135, II\nJornada CJF:&nbsp;<\/em><\/strong><em>\u00c9 admiss\u00edvel a concess\u00e3o de tutela da\nevid\u00eancia fundada em tese firmada em incidente de assun\u00e7\u00e3o de compet\u00eancia. <\/em><\/p>\n\n\n\n<p>A alternativa D est\u00e1\nincorreta. O pr\u00f3prio <em>caput <\/em>do art.\n311 dispensa a da demonstra\u00e7\u00e3o de perigo de dano ou de risco ao resultado \u00fatil\ndo processo.<\/p>\n\n\n\n<p><em>Art.\n311. &nbsp;A tutela da evid\u00eancia ser\u00e1 concedida, <strong>independentemente da demonstra\u00e7\u00e3o de perigo de dano ou de risco\nao resultado \u00fatil do processo<\/strong>, quando:<\/em><\/p>\n\n\n\n<p>Assim, a tutela de\nevid\u00eancia <strong>n\u00e3o depende do perigo\nna demora (perigo de dano ou risco ao resultado \u00fatil do processo)<\/strong>,\nnecessitando apenas a <strong>probabilidade\ndo direito<\/strong>, que se caracteriza pela subsun\u00e7\u00e3o do caso aos incisos (I\na IV) do art. 311, CPC. <\/p>\n\n\n\n<p>Ademais, o requisito\nnegativo da irreversibilidade \u00e9 exigido, segundo a lei seca, <strong>apenas para tutela provis\u00f3ria de\nurg\u00eancia antecipada<\/strong>.<\/p>\n\n\n\n<p><em>Art. 300, \u00a7 3<sup>o<\/sup>&nbsp;A\ntutela de urg\u00eancia de natureza <strong>antecipada<\/strong>\nn\u00e3o ser\u00e1 concedida quando houver <strong>perigo\nde irreversibilidade<\/strong> dos efeitos da decis\u00e3o.<\/em><\/p>\n\n\n\n<p>Lembrem-se aqui que n\u00e3o\nh\u00e1 preceito absoluto. Em casos extremos (ex: direito \u00e0 sa\u00fade), \u00e9 poss\u00edvel\naplicar a t\u00e9cnica da <strong>pondera\u00e7\u00e3o de\ndireitos<\/strong> e conceder a tutela antecipada mesmo que haja irreversibilidade.<\/p>\n\n\n\n<p><strong>Ex1<\/strong>:\ncirurgia para coloca\u00e7\u00e3o de <em>stent<\/em>; por\n\u00f3bvio, se revogada a tutela, n\u00e3o ser\u00e1 tirado o <em>stent <\/em>do sujeito.<\/p>\n\n\n\n<p>Assim, em casos\nexcepcionais, em que h\u00e1 uma irreversibilidade do outro lado tamb\u00e9m (ex: se o\nsujeito n\u00e3o fizer a cirurgia, ir\u00e1 falecer \u2013 efeito irrevers\u00edvel), \u00e9 poss\u00edvel a\nconcess\u00e3o da tutela de urg\u00eancia antecipada.<\/p>\n\n\n\n<p>Esse \u00e9 o entendimento\ndoutrin\u00e1rio e jurisprudencial:<\/p>\n\n\n\n<p><strong><em>ENUNCIADO 40, I\nJornada CJF \u2013 <\/em><\/strong><em>A irreversibilidade dos efeitos da tutela\nde urg\u00eancia n\u00e3o impede sua concess\u00e3o, em se tratando de direito\nprov\u00e1vel, cuja les\u00e3o seja irrevers\u00edvel.<\/em><\/p>\n\n\n\n<p><strong><em>Enunciado\n25, Enfam<\/em><\/strong><em>: A veda\u00e7\u00e3o da concess\u00e3o de tutela\nde urg\u00eancia cujos efeitos possam ser irrevers\u00edveis (art. 300, \u00a7 3\u00ba, do\nCPC\/2015) pode ser afastada no caso concreto com base na garantia do acesso\n\u00e0 Justi\u00e7a (art. 5\u00ba, XXXV, da CRFB).<\/em><\/p>\n\n\n\n<p><strong><em>Enunciado 419,\nFPPC: <\/em><\/strong><em>(art. 300, \u00a7 3\u00ba) N\u00e3o \u00e9 absoluta a\nregra que pro\u00edbe tutela provis\u00f3ria com efeitos irrevers\u00edveis. <\/em><\/p>\n\n\n\n<p>Quest\u00e3o 20<\/p>\n\n\n\n<p>20) De acordo com o STF, a legitimidade ativa para execu\u00e7\u00e3o de condena\u00e7\u00e3o patrimonial imposta por tribunal de contas estadual \u00e9 do<\/p>\n\n\n\n<p>a) Tribunal de contas prolator da decis\u00e3o<\/p>\n\n\n\n<p>b) Ente p\u00fablico beneficiado com a condena\u00e7\u00e3o<\/p>\n\n\n\n<p>c) Minist\u00e9rio P\u00fablico do respectivo estado<\/p>\n\n\n\n<p>d) Minist\u00e9rio P\u00fablico junto ao tribunal de contas estadual<\/p>\n\n\n\n<p>Gabarito extraoficial:\nLetra B.<\/p>\n\n\n\n<p>A jurisprud\u00eancia diz que a\ndecis\u00e3o do Tribunal de Contas \u00e9 t\u00edtulo executivo extrajudicial e n\u00e3o precisa\nser inscrita em d\u00edvida ativa.<\/p>\n\n\n\n<p><em>DIREITO\nPROCESSUAL CIVIL. EXECU\u00c7\u00c3O DE DECIS\u00c3O DO TCU.&nbsp;&nbsp;<strong>A execu\u00e7\u00e3o de\ndecis\u00e3o condenat\u00f3ria proferida pelo TCU, quando n\u00e3o houver inscri\u00e7\u00e3o em d\u00edvida\nativa, rege-se pelo CPC.&nbsp;<\/strong>De fato, nessa situa\u00e7\u00e3o, n\u00e3o se aplica a Lei\n6.830\/1980 (Lei de Execu\u00e7\u00f5es Fiscais). Essas decis\u00f5es <strong>j\u00e1 s\u00e3o t\u00edtulos executivos extrajudiciais, de modo que prescindem da\nemiss\u00e3o de Certid\u00e3o de D\u00edvida Ativa<\/strong>. Precedentes citados: REsp\n1.112.617-PR, Primeira Turma, DJe de 3\/6\/2009; e REsp 1.149.390-DF, Segunda\nTurma, DJe de 6\/8\/2010.&nbsp;<\/em><strong><em>REsp 1.390.993-RJ, Rel.&nbsp;<\/em><\/strong><strong><em>Min. Mauro Campbell Marques, julgado\nem 10\/9\/2013.<\/em><\/strong><\/p>\n\n\n\n<p><em>1.\nO art. 1\u00ba da Lei n. 6.822\/80 confere for\u00e7a executiva \u00e0s decis\u00f5es condenat\u00f3rias\nproferidas pelo Tribunal de Contas da Uni\u00e3o, <strong>raz\u00e3o pela qual \u00e9 sup\u00e9rflua e anti-econ\u00f4mica a submiss\u00e3o \u00e0 inscri\u00e7\u00e3o em\nd\u00edvida ativa.<\/strong><\/em><\/p>\n\n\n\n<p><em>2.\nInclusive, de se notar que for\u00e7ar a Fazenda a submeter t\u00edtulo que j\u00e1 possui\nfor\u00e7a executiva ao rito da Lei de Execu\u00e7\u00f5es Fiscais, demandando, assim, pr\u00e9via\ninscri\u00e7\u00e3o em d\u00edvida ativa &#8211; ao inv\u00e9s de simplesmente aplicar-se o rito do\nC\u00f3digo de Processo Civil para a execu\u00e7\u00e3o de t\u00edtulos executivos extrajudiciais\n-, equivale a impor contra ela mais \u00f4nus, quando a proposta da cria\u00e7\u00e3o de um\nregime pr\u00f3prio objetivava conferir maior agilidade e efetividade \u00e0s execu\u00e7\u00f5es\np\u00fablicas.3. Precedente: REsp 1.059.393\/RN, Rel. Min. Castro Meira, Segunda\nTurma, DJe 23.10.1998. (STJ, REsp 1149390 \/ DF, Rel. Min. Mauro Campbell, d.j.\n22\/06\/2010).<\/em><\/p>\n\n\n\n<p>Ademais, <strong>a jurisprud\u00eancia tamb\u00e9m \u00e9 assente no\nsentido de que a legitimidade para promover a execu\u00e7\u00e3o desse TEE ser\u00e1 do ente\np\u00fablico a ser beneficiado<\/strong>.<\/p>\n\n\n\n<p>Ex1: Se \u00e9 o Estado que\ndeve ser ressarcido, a PGE daquele estado ter\u00e1 legitimidade para executar o\nt\u00edtulo.<\/p>\n\n\n\n<p>O MP tem legitimidade?\nN\u00e3o.<\/p>\n\n\n\n<p><strong>DIREITO PROCESSUAL CIVIL.\nLEGITIMIDADE PARA A EXECU\u00c7\u00c3O DE T\u00cdTULO EXECUTIVO EXTRAJUDICIAL PROVENIENTE DE\nDECIS\u00c3O DO TRIBUNAL DE CONTAS.<\/strong><\/p>\n\n\n\n<p><strong>A execu\u00e7\u00e3o de t\u00edtulo\nexecutivo extrajudicial decorrente de condena\u00e7\u00e3o patrimonial proferida por\ntribunal de contas somente pode ser proposta pelo ente p\u00fablico benefici\u00e1rio\nda condena\u00e7\u00e3o, n\u00e3o possuindo o Minist\u00e9rio P\u00fablico legitimidade ativa para\ntanto.&nbsp;<\/strong>De fato, a Primeira Se\u00e7\u00e3o do STJ pacificou\no entendimento no sentido de que o Minist\u00e9rio P\u00fablico teria legitimidade, ainda\nque em car\u00e1ter excepcional, para promover execu\u00e7\u00e3o de t\u00edtulo executivo\nextrajudicial decorrente de decis\u00e3o de tribunal de contas, nas hip\u00f3teses de\nfalha do sistema de legitima\u00e7\u00e3o ordin\u00e1ria de defesa do er\u00e1rio (REsp\n1.119.377-SP, DJe 4\/9\/2009). Entretanto, <strong>o\nPleno do STF, em julgamento de recurso submetido ao rito de repercuss\u00e3o geral<\/strong>,\nestabeleceu que a execu\u00e7\u00e3o de t\u00edtulo executivo extrajudicial decorrente de\ndecis\u00e3o de condena\u00e7\u00e3o patrimonial proferida por tribunal de contas <strong>pode ser proposta apenas pelo ente\np\u00fablic647o benefici\u00e1rio da condena\u00e7\u00e3o<\/strong>, bem como expressamente afastou a\nlegitimidade ativa do Minist\u00e9rio P\u00fablico para a referida execu\u00e7\u00e3o (ARE\n823.347-MA, DJe 28\/10\/2014). Al\u00e9m disso, a Primeira Turma do STJ tamb\u00e9m j\u00e1 se\nmanifestou neste \u00faltimo sentido (REsp 1.194.670-MA, DJe 2\/8\/2013). Precedentes\ncitados do STF: RE 791.575-MA AgR, Primeira Turma, DJe 27\/6\/2014; e ARE\n791.577-MA AgR, Segunda Turma, DJe 21\/8\/2014.&nbsp;<strong>REsp 1.464.226-MA, Rel.\nMin. Mauro Campbell Marques, julgado em 20\/11\/2014.<\/strong><\/p>\n\n\n\n<p>\u201cRecurso extraordin\u00e1rio\ncom agravo. Repercuss\u00e3o geral da quest\u00e3o constitucional reconhecida.\nReafirma\u00e7\u00e3o de jurisprud\u00eancia. 2. Direito Constitucional e Direito Processual\nCivil. Execu\u00e7\u00e3o das decis\u00f5es de condena\u00e7\u00e3o patrimonial proferidas pelos\nTribunais de Contas. <strong>Legitimidade\npara propositura da a\u00e7\u00e3o executiva pelo ente p\u00fablico benefici\u00e1rio<\/strong>. 3.\nIlegitimidade ativa do Minist\u00e9rio P\u00fablico, atuante ou n\u00e3o junto \u00e0s Cortes de\nContas, seja federal, seja estadual. Recurso n\u00e3o provido.\u201d (STF. Plen\u00e1rio. ARE\n823347 RG, Rel. Min. Gilmar Mendes, julgado em 02\/10\/2014 (repercuss\u00e3o geral).<\/p>\n\n\n\n<p>Terminamos, meus amigos.<\/p>\n\n\n\n<p>Ressalto, novamente, que\nse trata de gabarito extraoficial, sujeito a equ\u00edvocos e posteriores corre\u00e7\u00f5es.\nAli\u00e1s, assim que sair o gabarito oficial, estarei plenamente aberto a\ndiscuss\u00f5es e debates. Qualquer d\u00favida ou sugest\u00e3o, sigo absolutamente \u00e0\ndisposi\u00e7\u00e3o (rodrigovaslin@gmail.com e em nosso F\u00f3rum de D\u00favidas \u2013 para os\nalunos).<\/p>\n\n\n\n<p>Grande abra\u00e7o,<\/p>\n\n\n\n<p>Rodrigo Vaslin<br \/><\/p>\n\n\n\n<hr class=\"wp-block-separator\" \/>\n\n\n\n<p><a href=\"#_ftnref1\">[1]<\/a>\nQuando \u00e9 uma obriga\u00e7\u00e3o de pagar\nquantia, \u00e9 uma escolha inteligente, pois a execu\u00e7\u00e3o vai entrar nos bens do\nexecutado, sendo de dif\u00edcil realiza\u00e7\u00e3o por carta precat\u00f3ria. <\/p>\n\n\n\n<p><a href=\"#_ftnref2\">[2]<\/a>\nArt. 7<sup>o<\/sup>&nbsp; Ao despachar a inicial, o juiz ordenar\u00e1:&nbsp;<\/p>\n\n\n\n<p>I &#8211; que se notifique o <strong>coator<\/strong> do conte\u00fado da peti\u00e7\u00e3o inicial, enviando-lhe a segunda\nvia apresentada com as c\u00f3pias dos documentos, a fim de que, <strong>no prazo de 10 (dez) dias, preste as\ninforma\u00e7\u00f5es<\/strong>;&nbsp; <\/p>\n\n\n\n<p><a href=\"#_ftnref3\">[3]<\/a>\nO que pode ocorrer apenas na obriga\u00e7\u00e3o de entregar coisa, pois na obriga\u00e7\u00e3o de\npagar quantia, o pagamento sempre ser\u00e1 \u00fatil ao credor.<\/p>\n\n\n\n<p><a href=\"#_ftnref4\">[4]<\/a>\n\u00c9 o entendimento mais atual do STJ (<strong>Tema\n967<\/strong>).<\/p>\n","protected":false},"excerpt":{"rendered":"<p>Ol\u00e1, pessoal! Meu nome \u00e9 Rodrigo Vaslin, sou Juiz Federal do TRF4 e Professor de Processo Civil do Estrat\u00e9gia Concursos. Neste artigo iremos comentar as quest\u00f5es do concurso para Juiz de Direito do TJPR, 2019, aferindo se h\u00e1 alguma possibilidade de recurso. Adianto que n\u00e3o vislumbro grandes possibilidades de \u00eaxito em impugna\u00e7\u00f5es ao gabarito. Isso [&hellip;]<\/p>\n","protected":false},"author":541,"featured_media":0,"comment_status":"open","ping_status":"closed","sticky":false,"template":"","format":"standard","meta":{"post_tipo":"article","footnotes":""},"categories":[1,1984],"tags":[],"tax_estado":[],"class_list":["post-170491","post","type-post","status-publish","format-standard","hentry","category-cursos-e-concursos","category-tribunais"],"acf":[],"yoast_head":"<!-- This site is optimized with the Yoast SEO Premium plugin v27.2 (Yoast SEO v27.2) - https:\/\/yoast.com\/product\/yoast-seo-premium-wordpress\/ -->\n<title>Quest\u00f5es Comentadas de Direito Processual Civil do TJ-PR - 2019 - Gabarito Extraoficial<\/title>\n<meta name=\"robots\" content=\"index, follow, max-snippet:-1, max-image-preview:large, max-video-preview:-1\" \/>\n<link rel=\"canonical\" href=\"https:\/\/www.estrategiaconcursos.com.br\/blog\/questoes-comentadas-de-direito-processual-civil-do-tj-pr-2019-gabarito-extraoficial\/\" \/>\n<meta property=\"og:locale\" content=\"pt_BR\" \/>\n<meta property=\"og:type\" content=\"article\" \/>\n<meta property=\"og:title\" content=\"Quest\u00f5es Comentadas de Direito Processual Civil do TJ-PR - 2019 - Gabarito Extraoficial\" \/>\n<meta property=\"og:description\" content=\"Ol\u00e1, pessoal! Meu nome \u00e9 Rodrigo Vaslin, sou Juiz Federal do TRF4 e Professor de Processo Civil do Estrat\u00e9gia Concursos. Neste artigo iremos comentar as quest\u00f5es do concurso para Juiz de Direito do TJPR, 2019, aferindo se h\u00e1 alguma possibilidade de recurso. Adianto que n\u00e3o vislumbro grandes possibilidades de \u00eaxito em impugna\u00e7\u00f5es ao gabarito. Isso [&hellip;]\" \/>\n<meta property=\"og:url\" content=\"https:\/\/www.estrategiaconcursos.com.br\/blog\/questoes-comentadas-de-direito-processual-civil-do-tj-pr-2019-gabarito-extraoficial\/\" \/>\n<meta property=\"og:site_name\" content=\"Estrat\u00e9gia Concursos\" \/>\n<meta property=\"article:published_time\" content=\"2019-03-10T22:52:14+00:00\" \/>\n<meta property=\"article:modified_time\" content=\"2019-11-08T19:35:18+00:00\" \/>\n<meta name=\"author\" content=\"Rodrigo Vaslin\" \/>\n<meta name=\"twitter:card\" content=\"summary_large_image\" \/>\n<meta name=\"twitter:creator\" content=\"@EstratConcursos\" \/>\n<meta name=\"twitter:site\" content=\"@EstratConcursos\" \/>\n<meta name=\"twitter:label1\" content=\"Escrito por\" \/>\n\t<meta name=\"twitter:data1\" content=\"Rodrigo Vaslin\" \/>\n\t<meta name=\"twitter:label2\" content=\"Est. tempo de leitura\" \/>\n\t<meta name=\"twitter:data2\" content=\"40 minutos\" \/>\n<script type=\"application\/ld+json\" class=\"yoast-schema-graph\">{\"@context\":\"https:\/\/schema.org\",\"@graph\":[{\"@type\":\"NewsArticle\",\"@id\":\"https:\/\/www.estrategiaconcursos.com.br\/blog\/questoes-comentadas-de-direito-processual-civil-do-tj-pr-2019-gabarito-extraoficial\/#article\",\"isPartOf\":{\"@id\":\"https:\/\/www.estrategiaconcursos.com.br\/blog\/questoes-comentadas-de-direito-processual-civil-do-tj-pr-2019-gabarito-extraoficial\/\"},\"author\":{\"name\":\"Rodrigo Vaslin\",\"@id\":\"https:\/\/www.estrategiaconcursos.com.br\/blog\/#\/schema\/person\/24b24eaf8afb633c0a2feb899d337975\"},\"headline\":\"Quest\u00f5es Comentadas de Direito Processual Civil do TJ-PR &#8211; 2019 &#8211; Gabarito Extraoficial\",\"datePublished\":\"2019-03-10T22:52:14+00:00\",\"dateModified\":\"2019-11-08T19:35:18+00:00\",\"mainEntityOfPage\":{\"@id\":\"https:\/\/www.estrategiaconcursos.com.br\/blog\/questoes-comentadas-de-direito-processual-civil-do-tj-pr-2019-gabarito-extraoficial\/\"},\"wordCount\":8013,\"commentCount\":0,\"publisher\":{\"@id\":\"https:\/\/www.estrategiaconcursos.com.br\/blog\/#organization\"},\"articleSection\":[\"Concursos P\u00fablicos\",\"Tribunais\"],\"inLanguage\":\"pt-BR\",\"potentialAction\":[{\"@type\":\"CommentAction\",\"name\":\"Comment\",\"target\":[\"https:\/\/www.estrategiaconcursos.com.br\/blog\/questoes-comentadas-de-direito-processual-civil-do-tj-pr-2019-gabarito-extraoficial\/#respond\"]}],\"copyrightYear\":\"2019\",\"copyrightHolder\":{\"@id\":\"https:\/\/www.estrategiaconcursos.com.br\/blog\/#organization\"}},{\"@type\":\"WebPage\",\"@id\":\"https:\/\/www.estrategiaconcursos.com.br\/blog\/questoes-comentadas-de-direito-processual-civil-do-tj-pr-2019-gabarito-extraoficial\/\",\"url\":\"https:\/\/www.estrategiaconcursos.com.br\/blog\/questoes-comentadas-de-direito-processual-civil-do-tj-pr-2019-gabarito-extraoficial\/\",\"name\":\"Quest\u00f5es Comentadas de Direito Processual Civil do TJ-PR - 2019 - Gabarito Extraoficial\",\"isPartOf\":{\"@id\":\"https:\/\/www.estrategiaconcursos.com.br\/blog\/#website\"},\"datePublished\":\"2019-03-10T22:52:14+00:00\",\"dateModified\":\"2019-11-08T19:35:18+00:00\",\"breadcrumb\":{\"@id\":\"https:\/\/www.estrategiaconcursos.com.br\/blog\/questoes-comentadas-de-direito-processual-civil-do-tj-pr-2019-gabarito-extraoficial\/#breadcrumb\"},\"inLanguage\":\"pt-BR\",\"potentialAction\":[{\"@type\":\"ReadAction\",\"target\":[\"https:\/\/www.estrategiaconcursos.com.br\/blog\/questoes-comentadas-de-direito-processual-civil-do-tj-pr-2019-gabarito-extraoficial\/\"]}]},{\"@type\":\"BreadcrumbList\",\"@id\":\"https:\/\/www.estrategiaconcursos.com.br\/blog\/questoes-comentadas-de-direito-processual-civil-do-tj-pr-2019-gabarito-extraoficial\/#breadcrumb\",\"itemListElement\":[{\"@type\":\"ListItem\",\"position\":1,\"name\":\"In\u00edcio\",\"item\":\"https:\/\/www.estrategiaconcursos.com.br\/blog\/\"},{\"@type\":\"ListItem\",\"position\":2,\"name\":\"Quest\u00f5es Comentadas de Direito Processual Civil do TJ-PR &#8211; 2019 &#8211; Gabarito Extraoficial\"}]},{\"@type\":\"WebSite\",\"@id\":\"https:\/\/www.estrategiaconcursos.com.br\/blog\/#website\",\"url\":\"https:\/\/www.estrategiaconcursos.com.br\/blog\/\",\"name\":\"Estrat\u00e9gia Concursos\",\"description\":\"O blog da Estrat\u00e9gia Concursos traz not\u00edcias sobre concursos e artigos de professores oferecendo cursos para concursos (pdf + videaulas) no site.\",\"publisher\":{\"@id\":\"https:\/\/www.estrategiaconcursos.com.br\/blog\/#organization\"},\"potentialAction\":[{\"@type\":\"SearchAction\",\"target\":{\"@type\":\"EntryPoint\",\"urlTemplate\":\"https:\/\/www.estrategiaconcursos.com.br\/blog\/?s={search_term_string}\"},\"query-input\":{\"@type\":\"PropertyValueSpecification\",\"valueRequired\":true,\"valueName\":\"search_term_string\"}}],\"inLanguage\":\"pt-BR\"},{\"@type\":\"Organization\",\"@id\":\"https:\/\/www.estrategiaconcursos.com.br\/blog\/#organization\",\"name\":\"Estrat\u00e9gia Concursos\",\"url\":\"https:\/\/www.estrategiaconcursos.com.br\/blog\/\",\"logo\":{\"@type\":\"ImageObject\",\"inLanguage\":\"pt-BR\",\"@id\":\"https:\/\/www.estrategiaconcursos.com.br\/blog\/#\/schema\/logo\/image\/\",\"url\":\"https:\/\/dhg1h5j42swfq.cloudfront.net\/2025\/06\/03203428\/logo_concursos-1.jpg\",\"contentUrl\":\"https:\/\/dhg1h5j42swfq.cloudfront.net\/2025\/06\/03203428\/logo_concursos-1.jpg\",\"width\":230,\"height\":60,\"caption\":\"Estrat\u00e9gia Concursos\"},\"image\":{\"@id\":\"https:\/\/www.estrategiaconcursos.com.br\/blog\/#\/schema\/logo\/image\/\"},\"sameAs\":[\"https:\/\/x.com\/EstratConcursos\"]},{\"@type\":\"Person\",\"@id\":\"https:\/\/www.estrategiaconcursos.com.br\/blog\/#\/schema\/person\/24b24eaf8afb633c0a2feb899d337975\",\"name\":\"Rodrigo Vaslin\",\"image\":{\"@type\":\"ImageObject\",\"inLanguage\":\"pt-BR\",\"@id\":\"https:\/\/secure.gravatar.com\/avatar\/900d9bf4a7f52b9297b94123a5958634e71b1a6be7409343477893fbeac702c5?s=96&d=mm&r=g\",\"url\":\"https:\/\/secure.gravatar.com\/avatar\/900d9bf4a7f52b9297b94123a5958634e71b1a6be7409343477893fbeac702c5?s=96&d=mm&r=g\",\"contentUrl\":\"https:\/\/secure.gravatar.com\/avatar\/900d9bf4a7f52b9297b94123a5958634e71b1a6be7409343477893fbeac702c5?s=96&d=mm&r=g\",\"caption\":\"Rodrigo Vaslin\"},\"url\":\"https:\/\/www.estrategiaconcursos.com.br\/blog\/author\/rodrigovaslingmail-com\/\"}]}<\/script>\n<!-- \/ Yoast SEO Premium plugin. -->","yoast_head_json":{"title":"Quest\u00f5es Comentadas de Direito Processual Civil do TJ-PR - 2019 - Gabarito Extraoficial","robots":{"index":"index","follow":"follow","max-snippet":"max-snippet:-1","max-image-preview":"max-image-preview:large","max-video-preview":"max-video-preview:-1"},"canonical":"https:\/\/www.estrategiaconcursos.com.br\/blog\/questoes-comentadas-de-direito-processual-civil-do-tj-pr-2019-gabarito-extraoficial\/","og_locale":"pt_BR","og_type":"article","og_title":"Quest\u00f5es Comentadas de Direito Processual Civil do TJ-PR - 2019 - Gabarito Extraoficial","og_description":"Ol\u00e1, pessoal! Meu nome \u00e9 Rodrigo Vaslin, sou Juiz Federal do TRF4 e Professor de Processo Civil do Estrat\u00e9gia Concursos. Neste artigo iremos comentar as quest\u00f5es do concurso para Juiz de Direito do TJPR, 2019, aferindo se h\u00e1 alguma possibilidade de recurso. Adianto que n\u00e3o vislumbro grandes possibilidades de \u00eaxito em impugna\u00e7\u00f5es ao gabarito. Isso [&hellip;]","og_url":"https:\/\/www.estrategiaconcursos.com.br\/blog\/questoes-comentadas-de-direito-processual-civil-do-tj-pr-2019-gabarito-extraoficial\/","og_site_name":"Estrat\u00e9gia Concursos","article_published_time":"2019-03-10T22:52:14+00:00","article_modified_time":"2019-11-08T19:35:18+00:00","author":"Rodrigo Vaslin","twitter_card":"summary_large_image","twitter_creator":"@EstratConcursos","twitter_site":"@EstratConcursos","twitter_misc":{"Escrito por":"Rodrigo Vaslin","Est. tempo de leitura":"40 minutos"},"schema":{"@context":"https:\/\/schema.org","@graph":[{"@type":"NewsArticle","@id":"https:\/\/www.estrategiaconcursos.com.br\/blog\/questoes-comentadas-de-direito-processual-civil-do-tj-pr-2019-gabarito-extraoficial\/#article","isPartOf":{"@id":"https:\/\/www.estrategiaconcursos.com.br\/blog\/questoes-comentadas-de-direito-processual-civil-do-tj-pr-2019-gabarito-extraoficial\/"},"author":{"name":"Rodrigo Vaslin","@id":"https:\/\/www.estrategiaconcursos.com.br\/blog\/#\/schema\/person\/24b24eaf8afb633c0a2feb899d337975"},"headline":"Quest\u00f5es Comentadas de Direito Processual Civil do TJ-PR &#8211; 2019 &#8211; Gabarito Extraoficial","datePublished":"2019-03-10T22:52:14+00:00","dateModified":"2019-11-08T19:35:18+00:00","mainEntityOfPage":{"@id":"https:\/\/www.estrategiaconcursos.com.br\/blog\/questoes-comentadas-de-direito-processual-civil-do-tj-pr-2019-gabarito-extraoficial\/"},"wordCount":8013,"commentCount":0,"publisher":{"@id":"https:\/\/www.estrategiaconcursos.com.br\/blog\/#organization"},"articleSection":["Concursos P\u00fablicos","Tribunais"],"inLanguage":"pt-BR","potentialAction":[{"@type":"CommentAction","name":"Comment","target":["https:\/\/www.estrategiaconcursos.com.br\/blog\/questoes-comentadas-de-direito-processual-civil-do-tj-pr-2019-gabarito-extraoficial\/#respond"]}],"copyrightYear":"2019","copyrightHolder":{"@id":"https:\/\/www.estrategiaconcursos.com.br\/blog\/#organization"}},{"@type":"WebPage","@id":"https:\/\/www.estrategiaconcursos.com.br\/blog\/questoes-comentadas-de-direito-processual-civil-do-tj-pr-2019-gabarito-extraoficial\/","url":"https:\/\/www.estrategiaconcursos.com.br\/blog\/questoes-comentadas-de-direito-processual-civil-do-tj-pr-2019-gabarito-extraoficial\/","name":"Quest\u00f5es Comentadas de Direito Processual Civil do TJ-PR - 2019 - Gabarito Extraoficial","isPartOf":{"@id":"https:\/\/www.estrategiaconcursos.com.br\/blog\/#website"},"datePublished":"2019-03-10T22:52:14+00:00","dateModified":"2019-11-08T19:35:18+00:00","breadcrumb":{"@id":"https:\/\/www.estrategiaconcursos.com.br\/blog\/questoes-comentadas-de-direito-processual-civil-do-tj-pr-2019-gabarito-extraoficial\/#breadcrumb"},"inLanguage":"pt-BR","potentialAction":[{"@type":"ReadAction","target":["https:\/\/www.estrategiaconcursos.com.br\/blog\/questoes-comentadas-de-direito-processual-civil-do-tj-pr-2019-gabarito-extraoficial\/"]}]},{"@type":"BreadcrumbList","@id":"https:\/\/www.estrategiaconcursos.com.br\/blog\/questoes-comentadas-de-direito-processual-civil-do-tj-pr-2019-gabarito-extraoficial\/#breadcrumb","itemListElement":[{"@type":"ListItem","position":1,"name":"In\u00edcio","item":"https:\/\/www.estrategiaconcursos.com.br\/blog\/"},{"@type":"ListItem","position":2,"name":"Quest\u00f5es Comentadas de Direito Processual Civil do TJ-PR &#8211; 2019 &#8211; Gabarito Extraoficial"}]},{"@type":"WebSite","@id":"https:\/\/www.estrategiaconcursos.com.br\/blog\/#website","url":"https:\/\/www.estrategiaconcursos.com.br\/blog\/","name":"Estrat\u00e9gia Concursos","description":"O blog da Estrat\u00e9gia Concursos traz not\u00edcias sobre concursos e artigos de professores oferecendo cursos para concursos (pdf + videaulas) no site.","publisher":{"@id":"https:\/\/www.estrategiaconcursos.com.br\/blog\/#organization"},"potentialAction":[{"@type":"SearchAction","target":{"@type":"EntryPoint","urlTemplate":"https:\/\/www.estrategiaconcursos.com.br\/blog\/?s={search_term_string}"},"query-input":{"@type":"PropertyValueSpecification","valueRequired":true,"valueName":"search_term_string"}}],"inLanguage":"pt-BR"},{"@type":"Organization","@id":"https:\/\/www.estrategiaconcursos.com.br\/blog\/#organization","name":"Estrat\u00e9gia Concursos","url":"https:\/\/www.estrategiaconcursos.com.br\/blog\/","logo":{"@type":"ImageObject","inLanguage":"pt-BR","@id":"https:\/\/www.estrategiaconcursos.com.br\/blog\/#\/schema\/logo\/image\/","url":"https:\/\/dhg1h5j42swfq.cloudfront.net\/2025\/06\/03203428\/logo_concursos-1.jpg","contentUrl":"https:\/\/dhg1h5j42swfq.cloudfront.net\/2025\/06\/03203428\/logo_concursos-1.jpg","width":230,"height":60,"caption":"Estrat\u00e9gia Concursos"},"image":{"@id":"https:\/\/www.estrategiaconcursos.com.br\/blog\/#\/schema\/logo\/image\/"},"sameAs":["https:\/\/x.com\/EstratConcursos"]},{"@type":"Person","@id":"https:\/\/www.estrategiaconcursos.com.br\/blog\/#\/schema\/person\/24b24eaf8afb633c0a2feb899d337975","name":"Rodrigo Vaslin","image":{"@type":"ImageObject","inLanguage":"pt-BR","@id":"https:\/\/secure.gravatar.com\/avatar\/900d9bf4a7f52b9297b94123a5958634e71b1a6be7409343477893fbeac702c5?s=96&d=mm&r=g","url":"https:\/\/secure.gravatar.com\/avatar\/900d9bf4a7f52b9297b94123a5958634e71b1a6be7409343477893fbeac702c5?s=96&d=mm&r=g","contentUrl":"https:\/\/secure.gravatar.com\/avatar\/900d9bf4a7f52b9297b94123a5958634e71b1a6be7409343477893fbeac702c5?s=96&d=mm&r=g","caption":"Rodrigo Vaslin"},"url":"https:\/\/www.estrategiaconcursos.com.br\/blog\/author\/rodrigovaslingmail-com\/"}]}},"_links":{"self":[{"href":"https:\/\/www.estrategiaconcursos.com.br\/blog\/wp-json\/wp\/v2\/posts\/170491","targetHints":{"allow":["GET"]}}],"collection":[{"href":"https:\/\/www.estrategiaconcursos.com.br\/blog\/wp-json\/wp\/v2\/posts"}],"about":[{"href":"https:\/\/www.estrategiaconcursos.com.br\/blog\/wp-json\/wp\/v2\/types\/post"}],"author":[{"embeddable":true,"href":"https:\/\/www.estrategiaconcursos.com.br\/blog\/wp-json\/wp\/v2\/users\/541"}],"replies":[{"embeddable":true,"href":"https:\/\/www.estrategiaconcursos.com.br\/blog\/wp-json\/wp\/v2\/comments?post=170491"}],"version-history":[{"count":1,"href":"https:\/\/www.estrategiaconcursos.com.br\/blog\/wp-json\/wp\/v2\/posts\/170491\/revisions"}],"predecessor-version":[{"id":170495,"href":"https:\/\/www.estrategiaconcursos.com.br\/blog\/wp-json\/wp\/v2\/posts\/170491\/revisions\/170495"}],"wp:attachment":[{"href":"https:\/\/www.estrategiaconcursos.com.br\/blog\/wp-json\/wp\/v2\/media?parent=170491"}],"wp:term":[{"taxonomy":"category","embeddable":true,"href":"https:\/\/www.estrategiaconcursos.com.br\/blog\/wp-json\/wp\/v2\/categories?post=170491"},{"taxonomy":"post_tag","embeddable":true,"href":"https:\/\/www.estrategiaconcursos.com.br\/blog\/wp-json\/wp\/v2\/tags?post=170491"},{"taxonomy":"tax_estado","embeddable":true,"href":"https:\/\/www.estrategiaconcursos.com.br\/blog\/wp-json\/wp\/v2\/tax_estado?post=170491"}],"curies":[{"name":"wp","href":"https:\/\/api.w.org\/{rel}","templated":true}]}}