{"id":1704796,"date":"2026-01-25T13:26:32","date_gmt":"2026-01-25T16:26:32","guid":{"rendered":"https:\/\/www.estrategiaconcursos.com.br\/blog\/?p=1704796"},"modified":"2026-01-27T16:08:03","modified_gmt":"2026-01-27T19:08:03","slug":"concurso-sefaz-pr-suspensao-provas","status":"publish","type":"post","link":"https:\/\/www.estrategiaconcursos.com.br\/blog\/concurso-sefaz-pr-suspensao-provas\/","title":{"rendered":"Concurso Sefaz PR: suspens\u00e3o das provas P2 e P3!"},"content":{"rendered":"\n<p style=\"font-size:clamp(16.293px, 1.018rem + ((1vw - 3.2px) * 0.854), 25px);\"><strong>Suspens\u00e3o das provas do concurso Sefaz PR se deu devido a falhas na aplica\u00e7\u00e3o.<\/strong><\/p>\n\n\n\n<p>A banca do concurso <strong>Sefaz PR<\/strong> (<a href=\"https:\/\/www.estrategiaconcursos.com.br\/cursosPorConcurso\/secretaria-da-fazenda-do-estado-do-parana-sefaz-pr\/\" target=\"_blank\" rel=\"noreferrer noopener\">Secretaria de Estado da Fazenda do Paran\u00e1<\/a>), o Cebraspe, divulgou neste domingo (25), durante aplica\u00e7\u00e3o da prova objetiva (P1), que as provas objetiva (P2) e discursiva (P3) foram suspensas.<\/p>\n\n\n\n<p>Em comunicado enviado por e-mail, a banca informou que o motivo da suspens\u00e3o \u00e9 a necessidade de ajustes nos procedimentos de aplica\u00e7\u00e3o.<\/p>\n\n\n\n<figure class=\"wp-block-image aligncenter size-full\"><img loading=\"lazy\" decoding=\"async\" width=\"451\" height=\"593\" src=\"https:\/\/dhg1h5j42swfq.cloudfront.net\/2026\/01\/25132217\/image-251.png\" alt=\"Concurso Sefaz PR: suspens\u00e3o das provas P2 e P3!\" class=\"wp-image-1704802\" srcset=\"https:\/\/dhg1h5j42swfq.cloudfront.net\/2026\/01\/25132217\/image-251.png 451w, https:\/\/dhg1h5j42swfq.cloudfront.net\/2026\/01\/25132217\/image-251-228x300.png 228w, https:\/\/dhg1h5j42swfq.cloudfront.net\/2026\/01\/25132217\/image-251-150x197.png 150w\" sizes=\"auto, (max-width: 451px) 100vw, 451px\" \/><figcaption class=\"wp-element-caption\">Concurso Sefaz PR: suspens\u00e3o das provas P2 e P3!<\/figcaption><\/figure>\n\n\n\n<p><br \/>No mesmo comunicado, o Cebraspe disse que a P1, realizada nesta manh\u00e3, transcorreu normalmente e as notas ser\u00e3o mantidas. Um novo documento informando sobre a futura aplica\u00e7\u00e3o ser\u00e1 divulgado nesta segunda-feira (26).<\/p>\n\n\n\n<p>Lembrando que a prova objetiva (P2) seria composta por <strong>50 quest\u00f5es<\/strong> de m\u00faltipla escolha, com cinco alternativas, sendo apenas uma a correta.<\/p>\n\n\n\n<p>J\u00e1 a prova discursiva valeria 15 pontos e consistiria em uma quest\u00e3o discursiva, comum a todos os cargos\/fun\u00e7\u00f5es, a ser respondida em, no m\u00ednimo, 20 linhas e, no m\u00e1ximo, 30 linhas, a respeito de tema relacionado \u00e0 Gest\u00e3o P\u00fablica.<\/p>\n\n\n\n<div id=\"boxes\" class=\"container\">\n<div class=\"row\">\n<div class=\"col-sm\">\n<div id=\"box-assinatura\" class=\"banner-sefaz-ec\">\n<h2 class=\"titulo-assinatura\">Curso Concurso Sefaz PR<\/h2>\n<p class=\"subtitulo-assinatura\">Conhe\u00e7a os cursos para a Sefaz PR<\/p>\n<div class=\"box-botao\"><a class=\"btn-assinatura\" role=\"button\" href=\"https:\/\/www.estrategiaconcursos.com.br\/cursosPorConcurso\/secretaria-da-fazenda-do-estado-do-parana-sefaz-pr\/\" target=\"_blank\" rel=\"noopener noreferrer\">INICIAR PREPARA\u00c7\u00c3O<\/a><\/div>\n<\/div>\n<\/div>\n<\/div>\n<\/div>\n\n\n\n<p>A banca do concurso <strong>Sefaz PR<\/strong> (<a href=\"https:\/\/www.estrategiaconcursos.com.br\/cursosPorConcurso\/secretaria-da-fazenda-do-estado-do-parana-sefaz-pr\/\" target=\"_blank\" rel=\"noreferrer noopener\">Secretaria de Estado da Fazenda do Paran\u00e1<\/a>, o Cebraspe, divulgou na \u00faltima segunda-feira (19) a demanda de inscritos do respectivo edital, que contempla <strong>60 vagas mais cadastro reserva<\/strong> para o cargo de Agente Fazend\u00e1rio.<\/p>\n\n\n\n<p>Segundo o documento, foram registradas um total de <strong>13.050 candidaturas<\/strong>, sendo que a especialidade mais procurada foi a de <strong>Analista Fazend\u00e1rio<\/strong>, com <strong>5.481<\/strong> interessados pelas 7 vagas imediatas (783 x vaga). Confira abaixo o <em>ranking<\/em> das especialidades mais visadas:<\/p>\n\n\n\n<figure class=\"wp-block-table is-style-stripes\"><table class=\"has-fixed-layout\"><thead><tr><th class=\"has-text-align-center\" data-align=\"center\">Cargo\/Especialidade<\/th><th class=\"has-text-align-center\" data-align=\"center\">Vagas<\/th><th class=\"has-text-align-center\" data-align=\"center\">N\u00ba de inscritos (demanda x vaga)<\/th><\/tr><\/thead><tbody><tr><td class=\"has-text-align-center\" data-align=\"center\">Agente Fazend\u00e1rio Estadual \u2013 Fun\u00e7\u00e3o: Analista Fazend\u00e1rio<\/td><td class=\"has-text-align-center\" data-align=\"center\">7<\/td><td class=\"has-text-align-center\" data-align=\"center\">5.481 (783.00 x vaga)<\/td><\/tr><tr><td class=\"has-text-align-center\" data-align=\"center\">Agente Fazend\u00e1rio Estadual \u2013 Fun\u00e7\u00e3o: Administrador<\/td><td class=\"has-text-align-center\" data-align=\"center\">10<\/td><td class=\"has-text-align-center\" data-align=\"center\">2.847 (284.70 x vaga)<\/td><\/tr><tr><td class=\"has-text-align-center\" data-align=\"center\">Agente Fazend\u00e1rio Estadual \u2013 Fun\u00e7\u00e3o: Contador<\/td><td class=\"has-text-align-center\" data-align=\"center\">20<\/td><td class=\"has-text-align-center\" data-align=\"center\">2.550  (127.50 x vaga)<\/td><\/tr><tr><td class=\"has-text-align-center\" data-align=\"center\">Agente Fazend\u00e1rio Estadual \u2013 Fun\u00e7\u00e3o: Profissional de Tecnologia da Informa\u00e7\u00e3o<\/td><td class=\"has-text-align-center\" data-align=\"center\">4<\/td><td class=\"has-text-align-center\" data-align=\"center\">1.452 (363.00 x vaga)<\/td><\/tr><tr><td class=\"has-text-align-center\" data-align=\"center\">Agente Fazend\u00e1rio Estadual \u2013 Fun\u00e7\u00e3o: Economista<\/td><td class=\"has-text-align-center\" data-align=\"center\">5<\/td><td class=\"has-text-align-center\" data-align=\"center\">648 (129.60 x vaga)<\/td><\/tr><tr><td class=\"has-text-align-center\" data-align=\"center\">Agente Fazend\u00e1rio Estadual \u2013 Fun\u00e7\u00e3o: Estat\u00edstico<\/td><td class=\"has-text-align-center\" data-align=\"center\">1<\/td><td class=\"has-text-align-center\" data-align=\"center\">72 (72.00 x vaga)<\/td><\/tr><\/tbody><\/table><\/figure>\n\n\n\n<p class=\"has-text-align-center\"><em>Para ficar por dentro de todas as informa\u00e7\u00f5es sobre o concurso <a href=\"https:\/\/www.cebraspe.org.br\/concursos\/sefa_pr_25\" target=\"_blank\" rel=\"noreferrer noopener\">Sefaz PR,<\/a> al\u00e9m da suspens\u00e3o parcial das provas, n\u00e3o deixe de conferir nosso artigo completo sobre a sele\u00e7\u00e3o:<\/em><\/p>\n\n\n\n<p class=\"has-text-align-center has-background has-medium-font-size\" style=\"background-color:#d8dee3\"><strong><a href=\"https:\/\/www.estrategiaconcursos.com.br\/blog\/concurso-sefaz-pr\/\" target=\"_blank\" rel=\"noreferrer noopener\">Concurso Sefaz PR<\/a><\/strong><\/p>\n\n\n\n<hr class=\"wp-block-separator has-alpha-channel-opacity\"\/>\n\n\n\n<h2 class=\"wp-block-heading has-text-align-center\" id=\"cursos-assinatura\"><em>Quer estudar para o concurso Sefaz PR 2026?<\/em><\/h2>\n\n\n\n<div class=\"container\" id=\"boxes\">\n  <div class=\"row\">\n\n    <div class=\"col-sm\">\n      <div class=\"estrategia\" id=\"box-assinatura\">\n        <h3 class=\"titulo-assinatura\">Assinatura Concursos<\/h3>\n        <p class=\"subtitulo-assinatura\">Assinatura de 1 ano ou 2 anos<\/p>\n        <div class=\"box-botao\">\n          <a class=\"btn-assinatura\" target=\"_blank\" href=\"https:\/\/www.estrategiaconcursos.com.br\/assinaturas\/\" role=\"button\" rel=\"noopener noreferrer\">ASSINE AGORA<\/a>\n        <\/div>\n      <\/div><\/div><\/div><\/div>\n\n\n\n<h2 class=\"wp-block-heading has-text-align-center\" id=\"h-quer-saber-tudo-sobre-concursos-previstos-confira-nossos-artigos\">Quer saber tudo sobre concursos previstos?<br \/>Confira nossos artigos!<\/h2>\n\n\n\n<ul class=\"wp-block-list\">\n<li><a href=\"https:\/\/www.estrategiaconcursos.com.br\/blog\/concursos-abertos\/\" target=\"_blank\" rel=\"noreferrer noopener\">Concursos Abertos<\/a><\/li>\n\n\n\n<li><a href=\"https:\/\/www.estrategiaconcursos.com.br\/blog\/concursos-fiscais\/\" target=\"_blank\" rel=\"noreferrer noopener\">Concursos Fiscais<\/a><\/li>\n\n\n\n<li><a href=\"https:\/\/www.estrategiaconcursos.com.br\/blog\/concursos-2026\/\" target=\"_blank\" rel=\"noreferrer noopener\">Concursos 2026<\/a><\/li>\n\n\n\n<li><a href=\"https:\/\/www.estrategiaconcursos.com.br\/blog\/concursos-pr\/\" target=\"_blank\" rel=\"noreferrer noopener\">Concursos PR<\/a><\/li>\n<\/ul>\n","protected":false},"excerpt":{"rendered":"<p>Suspens\u00e3o das provas do concurso Sefaz PR se deu devido a falhas na aplica\u00e7\u00e3o. A banca do concurso Sefaz PR (Secretaria de Estado da Fazenda do Paran\u00e1), o Cebraspe, divulgou neste domingo (25), durante aplica\u00e7\u00e3o da prova objetiva (P1), que as provas objetiva (P2) e discursiva (P3) foram suspensas. Em comunicado enviado por e-mail, a [&hellip;]<\/p>\n","protected":false},"author":2692,"featured_media":1557945,"comment_status":"open","ping_status":"closed","sticky":false,"template":"","format":"standard","meta":{"post_tipo":"news","footnotes":""},"categories":[1983,220219],"tags":[],"tax_estado":[219981],"class_list":["post-1704796","post","type-post","status-publish","format-standard","has-post-thumbnail","hentry","category-fiscal-estadual","category-noticias","tax_estado-pr"],"acf":[],"yoast_head":"<!-- This site is optimized with the Yoast SEO Premium plugin v27.2 (Yoast SEO v27.2) - https:\/\/yoast.com\/product\/yoast-seo-premium-wordpress\/ -->\n<title>Concurso Sefaz PR: suspens\u00e3o das provas P2 e P3!<\/title>\n<meta name=\"description\" content=\"Concurso Sefaz PR teria aplica\u00e7\u00e3o das provas P2 e P3 na tarde deste domingo (25), mas banca divulgou suspens\u00e3o das etapas.\" \/>\n<meta name=\"robots\" content=\"index, follow, max-snippet:-1, max-image-preview:large, max-video-preview:-1\" \/>\n<link rel=\"canonical\" href=\"https:\/\/www.estrategiaconcursos.com.br\/blog\/concurso-sefaz-pr-suspensao-provas\/\" \/>\n<meta property=\"og:locale\" content=\"pt_BR\" \/>\n<meta property=\"og:type\" content=\"article\" \/>\n<meta property=\"og:title\" content=\"Concurso Sefaz PR: suspens\u00e3o das provas P2 e P3!\" \/>\n<meta property=\"og:description\" content=\"Concurso Sefaz PR teria aplica\u00e7\u00e3o das provas P2 e P3 na tarde deste domingo (25), mas banca divulgou suspens\u00e3o das etapas.\" \/>\n<meta property=\"og:url\" content=\"https:\/\/www.estrategiaconcursos.com.br\/blog\/concurso-sefaz-pr-suspensao-provas\/\" \/>\n<meta property=\"og:site_name\" content=\"Estrat\u00e9gia Concursos\" \/>\n<meta property=\"article:published_time\" content=\"2026-01-25T16:26:32+00:00\" \/>\n<meta property=\"article:modified_time\" content=\"2026-01-27T19:08:03+00:00\" \/>\n<meta property=\"og:image\" content=\"https:\/\/dhg1h5j42swfq.cloudfront.net\/2025\/04\/04122902\/concurso-sefaz-pr.jpg\" \/>\n\t<meta property=\"og:image:width\" content=\"1024\" \/>\n\t<meta property=\"og:image:height\" content=\"536\" \/>\n\t<meta property=\"og:image:type\" content=\"image\/jpeg\" \/>\n<meta name=\"author\" content=\"Ronaldo Scanavini Neto\" \/>\n<meta name=\"twitter:card\" content=\"summary_large_image\" \/>\n<meta name=\"twitter:creator\" content=\"@EstratConcursos\" \/>\n<meta name=\"twitter:site\" content=\"@EstratConcursos\" \/>\n<meta name=\"twitter:label1\" content=\"Escrito por\" \/>\n\t<meta name=\"twitter:data1\" content=\"Ronaldo Scanavini Neto\" \/>\n\t<meta name=\"twitter:label2\" content=\"Est. tempo de leitura\" \/>\n\t<meta name=\"twitter:data2\" content=\"2 minutos\" \/>\n<script type=\"application\/ld+json\" class=\"yoast-schema-graph\">{\"@context\":\"https:\/\/schema.org\",\"@graph\":[{\"@type\":\"NewsArticle\",\"@id\":\"https:\/\/www.estrategiaconcursos.com.br\/blog\/concurso-sefaz-pr-suspensao-provas\/#article\",\"isPartOf\":{\"@id\":\"https:\/\/www.estrategiaconcursos.com.br\/blog\/concurso-sefaz-pr-suspensao-provas\/\"},\"author\":{\"name\":\"Ronaldo Scanavini Neto\",\"@id\":\"https:\/\/www.estrategiaconcursos.com.br\/blog\/#\/schema\/person\/70c2ad4297aa24ff8815b08215b23a76\"},\"headline\":\"Concurso Sefaz PR: suspens\u00e3o das provas P2 e P3!\",\"datePublished\":\"2026-01-25T16:26:32+00:00\",\"dateModified\":\"2026-01-27T19:08:03+00:00\",\"mainEntityOfPage\":{\"@id\":\"https:\/\/www.estrategiaconcursos.com.br\/blog\/concurso-sefaz-pr-suspensao-provas\/\"},\"wordCount\":422,\"commentCount\":0,\"publisher\":{\"@id\":\"https:\/\/www.estrategiaconcursos.com.br\/blog\/#organization\"},\"image\":{\"@id\":\"https:\/\/www.estrategiaconcursos.com.br\/blog\/concurso-sefaz-pr-suspensao-provas\/#primaryimage\"},\"thumbnailUrl\":\"https:\/\/dhg1h5j42swfq.cloudfront.net\/2025\/04\/04122902\/concurso-sefaz-pr.jpg\",\"articleSection\":[\"Fiscal - Estadual (ICMS)\",\"\u00daltimas not\u00edcias\"],\"inLanguage\":\"pt-BR\",\"potentialAction\":[{\"@type\":\"CommentAction\",\"name\":\"Comment\",\"target\":[\"https:\/\/www.estrategiaconcursos.com.br\/blog\/concurso-sefaz-pr-suspensao-provas\/#respond\"]}],\"copyrightYear\":\"2026\",\"copyrightHolder\":{\"@id\":\"https:\/\/www.estrategiaconcursos.com.br\/blog\/#organization\"}},{\"@type\":\"WebPage\",\"@id\":\"https:\/\/www.estrategiaconcursos.com.br\/blog\/concurso-sefaz-pr-suspensao-provas\/\",\"url\":\"https:\/\/www.estrategiaconcursos.com.br\/blog\/concurso-sefaz-pr-suspensao-provas\/\",\"name\":\"Concurso Sefaz PR: suspens\u00e3o das provas P2 e P3!\",\"isPartOf\":{\"@id\":\"https:\/\/www.estrategiaconcursos.com.br\/blog\/#website\"},\"primaryImageOfPage\":{\"@id\":\"https:\/\/www.estrategiaconcursos.com.br\/blog\/concurso-sefaz-pr-suspensao-provas\/#primaryimage\"},\"image\":{\"@id\":\"https:\/\/www.estrategiaconcursos.com.br\/blog\/concurso-sefaz-pr-suspensao-provas\/#primaryimage\"},\"thumbnailUrl\":\"https:\/\/dhg1h5j42swfq.cloudfront.net\/2025\/04\/04122902\/concurso-sefaz-pr.jpg\",\"datePublished\":\"2026-01-25T16:26:32+00:00\",\"dateModified\":\"2026-01-27T19:08:03+00:00\",\"description\":\"Concurso Sefaz PR teria aplica\u00e7\u00e3o das provas P2 e P3 na tarde deste domingo (25), mas banca divulgou suspens\u00e3o das etapas.\",\"breadcrumb\":{\"@id\":\"https:\/\/www.estrategiaconcursos.com.br\/blog\/concurso-sefaz-pr-suspensao-provas\/#breadcrumb\"},\"inLanguage\":\"pt-BR\",\"potentialAction\":[{\"@type\":\"ReadAction\",\"target\":[\"https:\/\/www.estrategiaconcursos.com.br\/blog\/concurso-sefaz-pr-suspensao-provas\/\"]}]},{\"@type\":\"ImageObject\",\"inLanguage\":\"pt-BR\",\"@id\":\"https:\/\/www.estrategiaconcursos.com.br\/blog\/concurso-sefaz-pr-suspensao-provas\/#primaryimage\",\"url\":\"https:\/\/dhg1h5j42swfq.cloudfront.net\/2025\/04\/04122902\/concurso-sefaz-pr.jpg\",\"contentUrl\":\"https:\/\/dhg1h5j42swfq.cloudfront.net\/2025\/04\/04122902\/concurso-sefaz-pr.jpg\",\"width\":1024,\"height\":536,\"caption\":\"Sefaz PR resultado final\"},{\"@type\":\"BreadcrumbList\",\"@id\":\"https:\/\/www.estrategiaconcursos.com.br\/blog\/concurso-sefaz-pr-suspensao-provas\/#breadcrumb\",\"itemListElement\":[{\"@type\":\"ListItem\",\"position\":1,\"name\":\"In\u00edcio\",\"item\":\"https:\/\/www.estrategiaconcursos.com.br\/blog\/\"},{\"@type\":\"ListItem\",\"position\":2,\"name\":\"Concurso Sefaz PR: suspens\u00e3o das provas P2 e P3!\"}]},{\"@type\":\"WebSite\",\"@id\":\"https:\/\/www.estrategiaconcursos.com.br\/blog\/#website\",\"url\":\"https:\/\/www.estrategiaconcursos.com.br\/blog\/\",\"name\":\"Estrat\u00e9gia Concursos\",\"description\":\"O blog da Estrat\u00e9gia Concursos traz not\u00edcias sobre concursos e artigos de professores oferecendo cursos para concursos (pdf + videaulas) no site.\",\"publisher\":{\"@id\":\"https:\/\/www.estrategiaconcursos.com.br\/blog\/#organization\"},\"potentialAction\":[{\"@type\":\"SearchAction\",\"target\":{\"@type\":\"EntryPoint\",\"urlTemplate\":\"https:\/\/www.estrategiaconcursos.com.br\/blog\/?s={search_term_string}\"},\"query-input\":{\"@type\":\"PropertyValueSpecification\",\"valueRequired\":true,\"valueName\":\"search_term_string\"}}],\"inLanguage\":\"pt-BR\"},{\"@type\":\"Organization\",\"@id\":\"https:\/\/www.estrategiaconcursos.com.br\/blog\/#organization\",\"name\":\"Estrat\u00e9gia Concursos\",\"url\":\"https:\/\/www.estrategiaconcursos.com.br\/blog\/\",\"logo\":{\"@type\":\"ImageObject\",\"inLanguage\":\"pt-BR\",\"@id\":\"https:\/\/www.estrategiaconcursos.com.br\/blog\/#\/schema\/logo\/image\/\",\"url\":\"https:\/\/dhg1h5j42swfq.cloudfront.net\/2025\/06\/03203428\/logo_concursos-1.jpg\",\"contentUrl\":\"https:\/\/dhg1h5j42swfq.cloudfront.net\/2025\/06\/03203428\/logo_concursos-1.jpg\",\"width\":230,\"height\":60,\"caption\":\"Estrat\u00e9gia Concursos\"},\"image\":{\"@id\":\"https:\/\/www.estrategiaconcursos.com.br\/blog\/#\/schema\/logo\/image\/\"},\"sameAs\":[\"https:\/\/x.com\/EstratConcursos\"]},{\"@type\":\"Person\",\"@id\":\"https:\/\/www.estrategiaconcursos.com.br\/blog\/#\/schema\/person\/70c2ad4297aa24ff8815b08215b23a76\",\"name\":\"Ronaldo Scanavini Neto\",\"image\":{\"@type\":\"ImageObject\",\"inLanguage\":\"pt-BR\",\"@id\":\"https:\/\/secure.gravatar.com\/avatar\/f93d8e56fe264596e94aee6b3feb737d98ad0fc5bac7eb0a245f04723c5c8f21?s=96&d=mm&r=g\",\"url\":\"https:\/\/secure.gravatar.com\/avatar\/f93d8e56fe264596e94aee6b3feb737d98ad0fc5bac7eb0a245f04723c5c8f21?s=96&d=mm&r=g\",\"contentUrl\":\"https:\/\/secure.gravatar.com\/avatar\/f93d8e56fe264596e94aee6b3feb737d98ad0fc5bac7eb0a245f04723c5c8f21?s=96&d=mm&r=g\",\"caption\":\"Ronaldo Scanavini Neto\"},\"description\":\"Graduando em Comunica\u00e7\u00e3o Social \u2013 Jornalismo pela Universidade Federal de Vi\u00e7osa (UFV). Integra a equipe de jornalismo do Estrat\u00e9gia Concursos desde 2023, atuando com \u00eanfase na cobertura da \u00e1rea fiscal. Tamb\u00e9m realiza a apura\u00e7\u00e3o e produ\u00e7\u00e3o de not\u00edcias sobre concursos federais, \u00f3rg\u00e3os participantes do CNU e das \u00e1reas de controle, gest\u00e3o, engenharia, Exame CFC, comunica\u00e7\u00e3o social TI e \u00e1rea de concursos administrativos.\",\"url\":\"https:\/\/www.estrategiaconcursos.com.br\/blog\/author\/ronaldo-netoestrategia-com\/\"}]}<\/script>\n<!-- \/ Yoast SEO Premium plugin. -->","yoast_head_json":{"title":"Concurso Sefaz PR: suspens\u00e3o das provas P2 e P3!","description":"Concurso Sefaz PR teria aplica\u00e7\u00e3o das provas P2 e P3 na tarde deste domingo (25), mas banca divulgou suspens\u00e3o das etapas.","robots":{"index":"index","follow":"follow","max-snippet":"max-snippet:-1","max-image-preview":"max-image-preview:large","max-video-preview":"max-video-preview:-1"},"canonical":"https:\/\/www.estrategiaconcursos.com.br\/blog\/concurso-sefaz-pr-suspensao-provas\/","og_locale":"pt_BR","og_type":"article","og_title":"Concurso Sefaz PR: suspens\u00e3o das provas P2 e P3!","og_description":"Concurso Sefaz PR teria aplica\u00e7\u00e3o das provas P2 e P3 na tarde deste domingo (25), mas banca divulgou suspens\u00e3o das etapas.","og_url":"https:\/\/www.estrategiaconcursos.com.br\/blog\/concurso-sefaz-pr-suspensao-provas\/","og_site_name":"Estrat\u00e9gia Concursos","article_published_time":"2026-01-25T16:26:32+00:00","article_modified_time":"2026-01-27T19:08:03+00:00","og_image":[{"width":1024,"height":536,"url":"https:\/\/dhg1h5j42swfq.cloudfront.net\/2025\/04\/04122902\/concurso-sefaz-pr.jpg","type":"image\/jpeg"}],"author":"Ronaldo Scanavini Neto","twitter_card":"summary_large_image","twitter_creator":"@EstratConcursos","twitter_site":"@EstratConcursos","twitter_misc":{"Escrito por":"Ronaldo Scanavini Neto","Est. tempo de leitura":"2 minutos"},"schema":{"@context":"https:\/\/schema.org","@graph":[{"@type":"NewsArticle","@id":"https:\/\/www.estrategiaconcursos.com.br\/blog\/concurso-sefaz-pr-suspensao-provas\/#article","isPartOf":{"@id":"https:\/\/www.estrategiaconcursos.com.br\/blog\/concurso-sefaz-pr-suspensao-provas\/"},"author":{"name":"Ronaldo Scanavini Neto","@id":"https:\/\/www.estrategiaconcursos.com.br\/blog\/#\/schema\/person\/70c2ad4297aa24ff8815b08215b23a76"},"headline":"Concurso Sefaz PR: suspens\u00e3o das provas P2 e P3!","datePublished":"2026-01-25T16:26:32+00:00","dateModified":"2026-01-27T19:08:03+00:00","mainEntityOfPage":{"@id":"https:\/\/www.estrategiaconcursos.com.br\/blog\/concurso-sefaz-pr-suspensao-provas\/"},"wordCount":422,"commentCount":0,"publisher":{"@id":"https:\/\/www.estrategiaconcursos.com.br\/blog\/#organization"},"image":{"@id":"https:\/\/www.estrategiaconcursos.com.br\/blog\/concurso-sefaz-pr-suspensao-provas\/#primaryimage"},"thumbnailUrl":"https:\/\/dhg1h5j42swfq.cloudfront.net\/2025\/04\/04122902\/concurso-sefaz-pr.jpg","articleSection":["Fiscal - Estadual (ICMS)","\u00daltimas not\u00edcias"],"inLanguage":"pt-BR","potentialAction":[{"@type":"CommentAction","name":"Comment","target":["https:\/\/www.estrategiaconcursos.com.br\/blog\/concurso-sefaz-pr-suspensao-provas\/#respond"]}],"copyrightYear":"2026","copyrightHolder":{"@id":"https:\/\/www.estrategiaconcursos.com.br\/blog\/#organization"}},{"@type":"WebPage","@id":"https:\/\/www.estrategiaconcursos.com.br\/blog\/concurso-sefaz-pr-suspensao-provas\/","url":"https:\/\/www.estrategiaconcursos.com.br\/blog\/concurso-sefaz-pr-suspensao-provas\/","name":"Concurso Sefaz PR: suspens\u00e3o das provas P2 e P3!","isPartOf":{"@id":"https:\/\/www.estrategiaconcursos.com.br\/blog\/#website"},"primaryImageOfPage":{"@id":"https:\/\/www.estrategiaconcursos.com.br\/blog\/concurso-sefaz-pr-suspensao-provas\/#primaryimage"},"image":{"@id":"https:\/\/www.estrategiaconcursos.com.br\/blog\/concurso-sefaz-pr-suspensao-provas\/#primaryimage"},"thumbnailUrl":"https:\/\/dhg1h5j42swfq.cloudfront.net\/2025\/04\/04122902\/concurso-sefaz-pr.jpg","datePublished":"2026-01-25T16:26:32+00:00","dateModified":"2026-01-27T19:08:03+00:00","description":"Concurso Sefaz PR teria aplica\u00e7\u00e3o das provas P2 e P3 na tarde deste domingo (25), mas banca divulgou suspens\u00e3o das etapas.","breadcrumb":{"@id":"https:\/\/www.estrategiaconcursos.com.br\/blog\/concurso-sefaz-pr-suspensao-provas\/#breadcrumb"},"inLanguage":"pt-BR","potentialAction":[{"@type":"ReadAction","target":["https:\/\/www.estrategiaconcursos.com.br\/blog\/concurso-sefaz-pr-suspensao-provas\/"]}]},{"@type":"ImageObject","inLanguage":"pt-BR","@id":"https:\/\/www.estrategiaconcursos.com.br\/blog\/concurso-sefaz-pr-suspensao-provas\/#primaryimage","url":"https:\/\/dhg1h5j42swfq.cloudfront.net\/2025\/04\/04122902\/concurso-sefaz-pr.jpg","contentUrl":"https:\/\/dhg1h5j42swfq.cloudfront.net\/2025\/04\/04122902\/concurso-sefaz-pr.jpg","width":1024,"height":536,"caption":"Sefaz PR resultado final"},{"@type":"BreadcrumbList","@id":"https:\/\/www.estrategiaconcursos.com.br\/blog\/concurso-sefaz-pr-suspensao-provas\/#breadcrumb","itemListElement":[{"@type":"ListItem","position":1,"name":"In\u00edcio","item":"https:\/\/www.estrategiaconcursos.com.br\/blog\/"},{"@type":"ListItem","position":2,"name":"Concurso Sefaz PR: suspens\u00e3o das provas P2 e P3!"}]},{"@type":"WebSite","@id":"https:\/\/www.estrategiaconcursos.com.br\/blog\/#website","url":"https:\/\/www.estrategiaconcursos.com.br\/blog\/","name":"Estrat\u00e9gia Concursos","description":"O blog da Estrat\u00e9gia Concursos traz not\u00edcias sobre concursos e artigos de professores oferecendo cursos para concursos (pdf + videaulas) no site.","publisher":{"@id":"https:\/\/www.estrategiaconcursos.com.br\/blog\/#organization"},"potentialAction":[{"@type":"SearchAction","target":{"@type":"EntryPoint","urlTemplate":"https:\/\/www.estrategiaconcursos.com.br\/blog\/?s={search_term_string}"},"query-input":{"@type":"PropertyValueSpecification","valueRequired":true,"valueName":"search_term_string"}}],"inLanguage":"pt-BR"},{"@type":"Organization","@id":"https:\/\/www.estrategiaconcursos.com.br\/blog\/#organization","name":"Estrat\u00e9gia Concursos","url":"https:\/\/www.estrategiaconcursos.com.br\/blog\/","logo":{"@type":"ImageObject","inLanguage":"pt-BR","@id":"https:\/\/www.estrategiaconcursos.com.br\/blog\/#\/schema\/logo\/image\/","url":"https:\/\/dhg1h5j42swfq.cloudfront.net\/2025\/06\/03203428\/logo_concursos-1.jpg","contentUrl":"https:\/\/dhg1h5j42swfq.cloudfront.net\/2025\/06\/03203428\/logo_concursos-1.jpg","width":230,"height":60,"caption":"Estrat\u00e9gia Concursos"},"image":{"@id":"https:\/\/www.estrategiaconcursos.com.br\/blog\/#\/schema\/logo\/image\/"},"sameAs":["https:\/\/x.com\/EstratConcursos"]},{"@type":"Person","@id":"https:\/\/www.estrategiaconcursos.com.br\/blog\/#\/schema\/person\/70c2ad4297aa24ff8815b08215b23a76","name":"Ronaldo Scanavini Neto","image":{"@type":"ImageObject","inLanguage":"pt-BR","@id":"https:\/\/secure.gravatar.com\/avatar\/f93d8e56fe264596e94aee6b3feb737d98ad0fc5bac7eb0a245f04723c5c8f21?s=96&d=mm&r=g","url":"https:\/\/secure.gravatar.com\/avatar\/f93d8e56fe264596e94aee6b3feb737d98ad0fc5bac7eb0a245f04723c5c8f21?s=96&d=mm&r=g","contentUrl":"https:\/\/secure.gravatar.com\/avatar\/f93d8e56fe264596e94aee6b3feb737d98ad0fc5bac7eb0a245f04723c5c8f21?s=96&d=mm&r=g","caption":"Ronaldo Scanavini Neto"},"description":"Graduando em Comunica\u00e7\u00e3o Social \u2013 Jornalismo pela Universidade Federal de Vi\u00e7osa (UFV). Integra a equipe de jornalismo do Estrat\u00e9gia Concursos desde 2023, atuando com \u00eanfase na cobertura da \u00e1rea fiscal. Tamb\u00e9m realiza a apura\u00e7\u00e3o e produ\u00e7\u00e3o de not\u00edcias sobre concursos federais, \u00f3rg\u00e3os participantes do CNU e das \u00e1reas de controle, gest\u00e3o, engenharia, Exame CFC, comunica\u00e7\u00e3o social TI e \u00e1rea de concursos administrativos.","url":"https:\/\/www.estrategiaconcursos.com.br\/blog\/author\/ronaldo-netoestrategia-com\/"}]}},"_links":{"self":[{"href":"https:\/\/www.estrategiaconcursos.com.br\/blog\/wp-json\/wp\/v2\/posts\/1704796","targetHints":{"allow":["GET"]}}],"collection":[{"href":"https:\/\/www.estrategiaconcursos.com.br\/blog\/wp-json\/wp\/v2\/posts"}],"about":[{"href":"https:\/\/www.estrategiaconcursos.com.br\/blog\/wp-json\/wp\/v2\/types\/post"}],"author":[{"embeddable":true,"href":"https:\/\/www.estrategiaconcursos.com.br\/blog\/wp-json\/wp\/v2\/users\/2692"}],"replies":[{"embeddable":true,"href":"https:\/\/www.estrategiaconcursos.com.br\/blog\/wp-json\/wp\/v2\/comments?post=1704796"}],"version-history":[{"count":3,"href":"https:\/\/www.estrategiaconcursos.com.br\/blog\/wp-json\/wp\/v2\/posts\/1704796\/revisions"}],"predecessor-version":[{"id":1705883,"href":"https:\/\/www.estrategiaconcursos.com.br\/blog\/wp-json\/wp\/v2\/posts\/1704796\/revisions\/1705883"}],"wp:featuredmedia":[{"embeddable":true,"href":"https:\/\/www.estrategiaconcursos.com.br\/blog\/wp-json\/wp\/v2\/media\/1557945"}],"wp:attachment":[{"href":"https:\/\/www.estrategiaconcursos.com.br\/blog\/wp-json\/wp\/v2\/media?parent=1704796"}],"wp:term":[{"taxonomy":"category","embeddable":true,"href":"https:\/\/www.estrategiaconcursos.com.br\/blog\/wp-json\/wp\/v2\/categories?post=1704796"},{"taxonomy":"post_tag","embeddable":true,"href":"https:\/\/www.estrategiaconcursos.com.br\/blog\/wp-json\/wp\/v2\/tags?post=1704796"},{"taxonomy":"tax_estado","embeddable":true,"href":"https:\/\/www.estrategiaconcursos.com.br\/blog\/wp-json\/wp\/v2\/tax_estado?post=1704796"}],"curies":[{"name":"wp","href":"https:\/\/api.w.org\/{rel}","templated":true}]}}