{"id":1704544,"date":"2026-01-23T20:24:39","date_gmt":"2026-01-23T23:24:39","guid":{"rendered":"https:\/\/www.estrategiaconcursos.com.br\/blog\/?p=1704544"},"modified":"2026-01-23T20:24:42","modified_gmt":"2026-01-23T23:24:42","slug":"concurso-pc-to-edital-2026","status":"publish","type":"post","link":"https:\/\/www.estrategiaconcursos.com.br\/blog\/concurso-pc-to-edital-2026\/","title":{"rendered":"Concurso PC TO: secret\u00e1rio confirma edital em 2026!"},"content":{"rendered":"\n<p>Na \u00faltima quinta-feira (22), o secret\u00e1rio de Seguran\u00e7a P\u00fablica do Tocantins, Bruno Azevedo, falou novamente sobre o <strong>edital de concurso p\u00fablico da Pol\u00edcia Civil do Estado (PC TO) em 2026.<\/strong><\/p>\n\n\n\n<p>Segundo Bruno, em um contexto marcado por d\u00e9ficit de efetivo,&nbsp; o concurso \u00e9 a principal medida para enfrentar a car\u00eancia de profissionais e contextualizou o atraso no andamento do certame.<\/p>\n\n\n\n<p>Conforme o <a href=\"https:\/\/tocantins.jornalopcao.com.br\/noticias\/concurso-da-policia-civil-secretario-diz-que-certame-ficou-parado-na-gestao-interina-e-preve-lancamento-do-edital-ainda-este-ano-579207\/\" target=\"_blank\" rel=\"noreferrer noopener\">secret\u00e1rio<\/a>, o concurso \u201cficou parado na gest\u00e3o interina\u201d e \u201cagora voltou novamente\u201d, sinalizando que o processo s\u00f3 voltou a avan\u00e7ar depois da reorganiza\u00e7\u00e3o administrativa que incluiu sua exonera\u00e7\u00e3o e recondu\u00e7\u00e3o ao cargo.<\/p>\n\n\n\n<p>Esse movimento ocorreu no per\u00edodo de transi\u00e7\u00e3o envolvendo a condu\u00e7\u00e3o tempor\u00e1ria de Laurez Moreira (PSD) e o retorno de Wanderlei Barbosa ao comando do Executivo.<\/p>\n\n\n\n<p>Al\u00e9m disso, o governador Wanderlei Barbosa confirmou que o concurso \u00e9 uma das prioridades do Executivo. Ele ainda disse que a sele\u00e7\u00e3o \u00e9 &#8220;desejo&#8221; do governo. <\/p>\n\n\n\n<p>Lembrando que os tr\u00e2mites para viabiliza\u00e7\u00e3o do certame j\u00e1 est\u00e3o autorizados. <\/p>\n\n\n\n<p>Segundo an\u00fancio do governador Wanderlei Barbosa, ser\u00e3o <strong>ofertadas 381 vagas imediatas e 71 em cadastro de reserva<\/strong>.<\/p>\n\n\n\n<p>Inclusive, o <strong>Projeto de Lei Or\u00e7ament\u00e1ria Anual (PLOA), para o exerc\u00edcio de 2026<\/strong>, e a <strong>Lei de Diretrizes Or\u00e7ament\u00e1rias (<a href=\"https:\/\/www.estrategiaconcursos.com.br\/blog\/ldo-2026-concursos-to\/\" target=\"_blank\" rel=\"noreferrer noopener\">LDO<\/a>) de 2026<\/strong> tamb\u00e9m preveem a realiza\u00e7\u00e3o do certame.<\/p>\n\n\n\n<div class=\"container\" id=\"boxes\">\n  <div class=\"row\">\n\n    <div class=\"col-sm\">\n      <div class=\"banner-policia-civil\" id=\"box-assinatura\">\n        <h3 class=\"titulo-assinatura\">Concurso PC TO<\/h3>\n        <p class=\"subtitulo-assinatura\">Rumo \u00e0 carreira policial dos seus sonhos! \u2b50<\/p>\n        <div class=\"box-botao\">\n          <a class=\"btn-assinatura\" target=\"_blank\" href=\"https:\/\/www.estrategiaconcursos.com.br\/cursosPorConcurso\/policia-civil-do-tocantins-pc-to\/\" role=\"button\" rel=\"noopener noreferrer\">VER CURSOS<\/a>\n        <\/div>\n      <\/div>\n     \n    <\/div>\n\n  <\/div>\n<\/div>\n\n\n\n<h2 class=\"wp-block-heading\" id=\"h-tabelas-remuneratorias-da-pc-to\">Tabelas remunerat\u00f3rias da PC TO<\/h2>\n\n\n\n<p><strong>Oficial Investigador (antigo Agente e Investigador), Agente de Seguran\u00e7a Socioeducativo, Papiloscopista e Agente de Necrotomia<\/strong><\/p>\n\n\n\n<figure class=\"wp-block-image aligncenter size-large\"><img loading=\"lazy\" decoding=\"async\" width=\"1024\" height=\"516\" src=\"https:\/\/dhg1h5j42swfq.cloudfront.net\/2025\/09\/25184108\/image-415-1024x516.png\" alt=\"Remunera\u00e7\u00f5es Oficial Investigador, Papiloscopista, Agente de Necrotomia e Agente de Seguran\u00e7a Socioeducativo da pc to\" class=\"wp-image-1645169\" srcset=\"https:\/\/dhg1h5j42swfq.cloudfront.net\/2025\/09\/25184108\/image-415-1024x516.png 1024w, https:\/\/dhg1h5j42swfq.cloudfront.net\/2025\/09\/25184108\/image-415-300x151.png 300w, https:\/\/dhg1h5j42swfq.cloudfront.net\/2025\/09\/25184108\/image-415-768x387.png 768w, https:\/\/dhg1h5j42swfq.cloudfront.net\/2025\/09\/25184108\/image-415-150x76.png 150w, https:\/\/dhg1h5j42swfq.cloudfront.net\/2025\/09\/25184108\/image-415.png 1092w\" sizes=\"auto, (max-width: 1024px) 100vw, 1024px\" \/><figcaption class=\"wp-element-caption\">Remunera\u00e7\u00f5es Oficial Investigador, Papiloscopista, Agente de Necrotomia e Agente de Seguran\u00e7a Socioeducativo<\/figcaption><\/figure>\n\n\n\n<p><strong>Perito Oficial<\/strong>:<\/p>\n\n\n\n<figure class=\"wp-block-image aligncenter size-large\"><img loading=\"lazy\" decoding=\"async\" width=\"1024\" height=\"554\" src=\"https:\/\/dhg1h5j42swfq.cloudfront.net\/2025\/09\/25190541\/image-417-1024x554.png\" alt=\"Remunera\u00e7\u00e3o de Perito da PC TO\" class=\"wp-image-1645189\" srcset=\"https:\/\/dhg1h5j42swfq.cloudfront.net\/2025\/09\/25190541\/image-417-1024x554.png 1024w, https:\/\/dhg1h5j42swfq.cloudfront.net\/2025\/09\/25190541\/image-417-300x162.png 300w, https:\/\/dhg1h5j42swfq.cloudfront.net\/2025\/09\/25190541\/image-417-768x416.png 768w, https:\/\/dhg1h5j42swfq.cloudfront.net\/2025\/09\/25190541\/image-417-150x81.png 150w, https:\/\/dhg1h5j42swfq.cloudfront.net\/2025\/09\/25190541\/image-417.png 1103w\" sizes=\"auto, (max-width: 1024px) 100vw, 1024px\" \/><figcaption class=\"wp-element-caption\">Remunera\u00e7\u00e3o de Perito da PC TO<\/figcaption><\/figure>\n\n\n\n<p><strong>Delegado<\/strong>:<\/p>\n\n\n\n<figure class=\"wp-block-image aligncenter size-full is-resized\"><img loading=\"lazy\" decoding=\"async\" width=\"842\" height=\"326\" src=\"https:\/\/dhg1h5j42swfq.cloudfront.net\/2025\/09\/25191515\/image-418.png\" alt=\"Remunera\u00e7\u00e3o de Delegado da PC TO\" class=\"wp-image-1645197\" style=\"width:726px;height:auto\" srcset=\"https:\/\/dhg1h5j42swfq.cloudfront.net\/2025\/09\/25191515\/image-418.png 842w, https:\/\/dhg1h5j42swfq.cloudfront.net\/2025\/09\/25191515\/image-418-300x116.png 300w, https:\/\/dhg1h5j42swfq.cloudfront.net\/2025\/09\/25191515\/image-418-768x297.png 768w, https:\/\/dhg1h5j42swfq.cloudfront.net\/2025\/09\/25191515\/image-418-150x58.png 150w\" sizes=\"auto, (max-width: 842px) 100vw, 842px\" \/><figcaption class=\"wp-element-caption\">Remunera\u00e7\u00e3o de Delegado da PC TO<\/figcaption><\/figure>\n\n\n\n<h2 class=\"wp-block-heading\" id=\"h-remuneracao-real-da-pc-to-no-portal-da-transparencia\">Remunera\u00e7\u00e3o real da PC TO no Portal da Transpar\u00eancia<\/h2>\n\n\n\n<p><strong>Oficial Investigador<\/strong><\/p>\n\n\n\n<figure class=\"wp-block-image aligncenter size-full is-resized\"><img loading=\"lazy\" decoding=\"async\" width=\"615\" height=\"509\" src=\"https:\/\/dhg1h5j42swfq.cloudfront.net\/2025\/09\/25182831\/image-412.png\" alt=\"\" class=\"wp-image-1645157\" style=\"width:567px;height:auto\" srcset=\"https:\/\/dhg1h5j42swfq.cloudfront.net\/2025\/09\/25182831\/image-412.png 615w, https:\/\/dhg1h5j42swfq.cloudfront.net\/2025\/09\/25182831\/image-412-300x248.png 300w, https:\/\/dhg1h5j42swfq.cloudfront.net\/2025\/09\/25182831\/image-412-150x124.png 150w\" sizes=\"auto, (max-width: 615px) 100vw, 615px\" \/><\/figure>\n\n\n\n<p><strong>Perito<\/strong> <strong>Oficial<\/strong><\/p>\n\n\n\n<figure class=\"wp-block-image aligncenter size-full\"><img loading=\"lazy\" decoding=\"async\" width=\"577\" height=\"520\" src=\"https:\/\/dhg1h5j42swfq.cloudfront.net\/2025\/09\/25182024\/image-410.png\" alt=\"Remunera\u00e7\u00e3o pc to perito\" class=\"wp-image-1645148\" srcset=\"https:\/\/dhg1h5j42swfq.cloudfront.net\/2025\/09\/25182024\/image-410.png 577w, https:\/\/dhg1h5j42swfq.cloudfront.net\/2025\/09\/25182024\/image-410-300x270.png 300w, https:\/\/dhg1h5j42swfq.cloudfront.net\/2025\/09\/25182024\/image-410-150x135.png 150w\" sizes=\"auto, (max-width: 577px) 100vw, 577px\" \/><\/figure>\n\n\n\n<p><strong>Agente de Seguran\u00e7a Socioeducativo e Agente de Necrotomia<\/strong><\/p>\n\n\n\n<figure class=\"wp-block-image aligncenter size-full is-resized\"><img loading=\"lazy\" decoding=\"async\" width=\"662\" height=\"517\" src=\"https:\/\/dhg1h5j42swfq.cloudfront.net\/2025\/09\/25183211\/image-413.png\" alt=\"\" class=\"wp-image-1645161\" style=\"width:636px;height:auto\" srcset=\"https:\/\/dhg1h5j42swfq.cloudfront.net\/2025\/09\/25183211\/image-413.png 662w, https:\/\/dhg1h5j42swfq.cloudfront.net\/2025\/09\/25183211\/image-413-300x234.png 300w, https:\/\/dhg1h5j42swfq.cloudfront.net\/2025\/09\/25183211\/image-413-150x117.png 150w\" sizes=\"auto, (max-width: 662px) 100vw, 662px\" \/><\/figure>\n\n\n\n<p><strong>Papiloscopista<\/strong>:<\/p>\n\n\n\n<figure class=\"wp-block-image aligncenter size-full\"><img loading=\"lazy\" decoding=\"async\" width=\"658\" height=\"506\" src=\"https:\/\/dhg1h5j42swfq.cloudfront.net\/2025\/09\/25183316\/image-414.png\" alt=\"\" class=\"wp-image-1645163\" srcset=\"https:\/\/dhg1h5j42swfq.cloudfront.net\/2025\/09\/25183316\/image-414.png 658w, https:\/\/dhg1h5j42swfq.cloudfront.net\/2025\/09\/25183316\/image-414-300x231.png 300w, https:\/\/dhg1h5j42swfq.cloudfront.net\/2025\/09\/25183316\/image-414-150x115.png 150w\" sizes=\"auto, (max-width: 658px) 100vw, 658px\" \/><\/figure>\n\n\n\n<p><strong>Delegado:<\/strong><\/p>\n\n\n\n<figure class=\"wp-block-image aligncenter size-full\"><img loading=\"lazy\" decoding=\"async\" width=\"562\" height=\"516\" src=\"https:\/\/dhg1h5j42swfq.cloudfront.net\/2025\/09\/25182713\/image-411.png\" alt=\"\" class=\"wp-image-1645154\" srcset=\"https:\/\/dhg1h5j42swfq.cloudfront.net\/2025\/09\/25182713\/image-411.png 562w, https:\/\/dhg1h5j42swfq.cloudfront.net\/2025\/09\/25182713\/image-411-300x275.png 300w, https:\/\/dhg1h5j42swfq.cloudfront.net\/2025\/09\/25182713\/image-411-150x138.png 150w\" sizes=\"auto, (max-width: 562px) 100vw, 562px\" \/><\/figure>\n\n\n\n<p class=\"has-text-align-center\"><em>Para saber de todos os detalhes do pr\u00f3ximo concurso PC TO, al\u00e9m do edital em 2026 basta acessar o link abaixo e ficar sempre bem informado:<\/em><\/p>\n\n\n\n<p class=\"has-text-align-center has-cyan-bluish-gray-background-color has-background has-medium-font-size\"><strong>Saiba mais: <a href=\"https:\/\/www.estrategiaconcursos.com.br\/blog\/concurso-pc-to\/\" target=\"_blank\" rel=\"noreferrer noopener\">concurso PC Tocantins<\/a><\/strong><\/p>\n\n\n\n<h2 class=\"wp-block-heading has-text-align-center\" id=\"h-quer-saber-tudo-sobre-concursos-previstos-confira-nossos-artigos\">Quer saber tudo sobre concursos previstos?<br \/>Confira nossos artigos!<\/h2>\n\n\n\n<ul class=\"wp-block-list\">\n<li><a href=\"https:\/\/www.estrategiaconcursos.com.br\/blog\/concursos-policia-civil\/\" target=\"_blank\" rel=\"noreferrer noopener\">Concursos pol\u00edcia civil<\/a><\/li>\n\n\n\n<li><a href=\"https:\/\/www.estrategiaconcursos.com.br\/blog\/concursos-abertos\/\" target=\"_blank\" rel=\"noreferrer noopener\">Concursos abertos<\/a><\/li>\n\n\n\n<li><a href=\"https:\/\/www.estrategiaconcursos.com.br\/blog\/concursos-2026\/\" target=\"_blank\" rel=\"noreferrer noopener\">Concursos 2026<\/a><\/li>\n<\/ul>\n\n\n\n<h2 class=\"wp-block-heading has-text-align-center\" id=\"curso\">Quer estudar para o concurso Policia Civil de Tocantins?<\/h2>\n\n\n\n<div class=\"container\" id=\"boxes\">\n  <div class=\"row\">\n\n    <div class=\"col-sm\">\n      <div class=\"estrategia\" id=\"box-assinatura\">\n        <h3 class=\"titulo-assinatura\">Assinatura Concursos<\/h3>\n        <p class=\"subtitulo-assinatura\">Assinatura de 1 ano ou 2 anos<\/p>\n        <div class=\"box-botao\">\n          <a class=\"btn-assinatura\" target=\"_blank\" href=\"https:\/\/www.estrategiaconcursos.com.br\/assinaturas\/\" role=\"button\" rel=\"noopener noreferrer\">ASSINE AGORA<\/a>\n        <\/div>\n      <\/div>\n     \n    <\/div><\/div><\/div>\n\n\n\n<p><\/p>\n","protected":false},"excerpt":{"rendered":"<p>Na \u00faltima quinta-feira (22), o secret\u00e1rio de Seguran\u00e7a P\u00fablica do Tocantins, Bruno Azevedo, falou novamente sobre o edital de concurso p\u00fablico da Pol\u00edcia Civil do Estado (PC TO) em 2026. Segundo Bruno, em um contexto marcado por d\u00e9ficit de efetivo,&nbsp; o concurso \u00e9 a principal medida para enfrentar a car\u00eancia de profissionais e contextualizou o [&hellip;]<\/p>\n","protected":false},"author":2692,"featured_media":759795,"comment_status":"open","ping_status":"closed","sticky":false,"template":"","format":"standard","meta":{"post_tipo":"news","footnotes":""},"categories":[220188,1988,220219],"tags":[],"tax_estado":[219990],"class_list":["post-1704544","post","type-post","status-publish","format-standard","has-post-thumbnail","hentry","category-policial-agente-penitenciario","category-policia","category-noticias","tax_estado-to"],"acf":[],"yoast_head":"<!-- This site is optimized with the Yoast SEO Premium plugin v27.2 (Yoast SEO v27.2) - https:\/\/yoast.com\/product\/yoast-seo-premium-wordpress\/ -->\n<title>Concurso PC TO: secret\u00e1rio confirma edital em 2026!<\/title>\n<meta name=\"description\" content=\"Um novo edital de concurso p\u00fablico para a Pol\u00edcia Civil do Tocantins (PC TO) ser\u00e1 publicado em 2026. Medida \u00e9 uma das prioridades do governo.\" \/>\n<meta name=\"robots\" content=\"index, follow, max-snippet:-1, max-image-preview:large, max-video-preview:-1\" \/>\n<link rel=\"canonical\" href=\"https:\/\/www.estrategiaconcursos.com.br\/blog\/concurso-pc-to-edital-2026\/\" \/>\n<meta property=\"og:locale\" content=\"pt_BR\" \/>\n<meta property=\"og:type\" content=\"article\" \/>\n<meta property=\"og:title\" content=\"Concurso PC TO: secret\u00e1rio confirma edital em 2026!\" \/>\n<meta property=\"og:description\" content=\"Um novo edital de concurso p\u00fablico para a Pol\u00edcia Civil do Tocantins (PC TO) ser\u00e1 publicado em 2026. Medida \u00e9 uma das prioridades do governo.\" \/>\n<meta property=\"og:url\" content=\"https:\/\/www.estrategiaconcursos.com.br\/blog\/concurso-pc-to-edital-2026\/\" \/>\n<meta property=\"og:site_name\" content=\"Estrat\u00e9gia Concursos\" \/>\n<meta property=\"article:published_time\" content=\"2026-01-23T23:24:39+00:00\" \/>\n<meta property=\"article:modified_time\" content=\"2026-01-23T23:24:42+00:00\" \/>\n<meta property=\"og:image\" content=\"https:\/\/dhg1h5j42swfq.cloudfront.net\/2021\/05\/04191413\/pc-to.jpg\" \/>\n\t<meta property=\"og:image:width\" content=\"768\" \/>\n\t<meta property=\"og:image:height\" content=\"432\" \/>\n\t<meta property=\"og:image:type\" content=\"image\/jpeg\" \/>\n<meta name=\"author\" content=\"Ronaldo Scanavini Neto\" \/>\n<meta name=\"twitter:card\" content=\"summary_large_image\" \/>\n<meta name=\"twitter:creator\" content=\"@EstratConcursos\" \/>\n<meta name=\"twitter:site\" content=\"@EstratConcursos\" \/>\n<meta name=\"twitter:label1\" content=\"Escrito por\" \/>\n\t<meta name=\"twitter:data1\" content=\"Ronaldo Scanavini Neto\" \/>\n\t<meta name=\"twitter:label2\" content=\"Est. tempo de leitura\" \/>\n\t<meta name=\"twitter:data2\" content=\"2 minutos\" \/>\n<script type=\"application\/ld+json\" class=\"yoast-schema-graph\">{\"@context\":\"https:\/\/schema.org\",\"@graph\":[{\"@type\":\"NewsArticle\",\"@id\":\"https:\/\/www.estrategiaconcursos.com.br\/blog\/concurso-pc-to-edital-2026\/#article\",\"isPartOf\":{\"@id\":\"https:\/\/www.estrategiaconcursos.com.br\/blog\/concurso-pc-to-edital-2026\/\"},\"author\":{\"name\":\"Ronaldo Scanavini Neto\",\"@id\":\"https:\/\/www.estrategiaconcursos.com.br\/blog\/#\/schema\/person\/70c2ad4297aa24ff8815b08215b23a76\"},\"headline\":\"Concurso PC TO: secret\u00e1rio confirma edital em 2026!\",\"datePublished\":\"2026-01-23T23:24:39+00:00\",\"dateModified\":\"2026-01-23T23:24:42+00:00\",\"mainEntityOfPage\":{\"@id\":\"https:\/\/www.estrategiaconcursos.com.br\/blog\/concurso-pc-to-edital-2026\/\"},\"wordCount\":388,\"commentCount\":0,\"publisher\":{\"@id\":\"https:\/\/www.estrategiaconcursos.com.br\/blog\/#organization\"},\"image\":{\"@id\":\"https:\/\/www.estrategiaconcursos.com.br\/blog\/concurso-pc-to-edital-2026\/#primaryimage\"},\"thumbnailUrl\":\"https:\/\/dhg1h5j42swfq.cloudfront.net\/2021\/05\/04191413\/pc-to.jpg\",\"articleSection\":[\"Policial (Agente Penitenci\u00e1rio)\",\"Policial (Agente, Escriv\u00e3o e Investigador)\",\"\u00daltimas not\u00edcias\"],\"inLanguage\":\"pt-BR\",\"potentialAction\":[{\"@type\":\"CommentAction\",\"name\":\"Comment\",\"target\":[\"https:\/\/www.estrategiaconcursos.com.br\/blog\/concurso-pc-to-edital-2026\/#respond\"]}],\"copyrightYear\":\"2026\",\"copyrightHolder\":{\"@id\":\"https:\/\/www.estrategiaconcursos.com.br\/blog\/#organization\"}},{\"@type\":\"WebPage\",\"@id\":\"https:\/\/www.estrategiaconcursos.com.br\/blog\/concurso-pc-to-edital-2026\/\",\"url\":\"https:\/\/www.estrategiaconcursos.com.br\/blog\/concurso-pc-to-edital-2026\/\",\"name\":\"Concurso PC TO: secret\u00e1rio confirma edital em 2026!\",\"isPartOf\":{\"@id\":\"https:\/\/www.estrategiaconcursos.com.br\/blog\/#website\"},\"primaryImageOfPage\":{\"@id\":\"https:\/\/www.estrategiaconcursos.com.br\/blog\/concurso-pc-to-edital-2026\/#primaryimage\"},\"image\":{\"@id\":\"https:\/\/www.estrategiaconcursos.com.br\/blog\/concurso-pc-to-edital-2026\/#primaryimage\"},\"thumbnailUrl\":\"https:\/\/dhg1h5j42swfq.cloudfront.net\/2021\/05\/04191413\/pc-to.jpg\",\"datePublished\":\"2026-01-23T23:24:39+00:00\",\"dateModified\":\"2026-01-23T23:24:42+00:00\",\"description\":\"Um novo edital de concurso p\u00fablico para a Pol\u00edcia Civil do Tocantins (PC TO) ser\u00e1 publicado em 2026. Medida \u00e9 uma das prioridades do governo.\",\"breadcrumb\":{\"@id\":\"https:\/\/www.estrategiaconcursos.com.br\/blog\/concurso-pc-to-edital-2026\/#breadcrumb\"},\"inLanguage\":\"pt-BR\",\"potentialAction\":[{\"@type\":\"ReadAction\",\"target\":[\"https:\/\/www.estrategiaconcursos.com.br\/blog\/concurso-pc-to-edital-2026\/\"]}]},{\"@type\":\"ImageObject\",\"inLanguage\":\"pt-BR\",\"@id\":\"https:\/\/www.estrategiaconcursos.com.br\/blog\/concurso-pc-to-edital-2026\/#primaryimage\",\"url\":\"https:\/\/dhg1h5j42swfq.cloudfront.net\/2021\/05\/04191413\/pc-to.jpg\",\"contentUrl\":\"https:\/\/dhg1h5j42swfq.cloudfront.net\/2021\/05\/04191413\/pc-to.jpg\",\"width\":768,\"height\":432,\"caption\":\"PC TO\"},{\"@type\":\"BreadcrumbList\",\"@id\":\"https:\/\/www.estrategiaconcursos.com.br\/blog\/concurso-pc-to-edital-2026\/#breadcrumb\",\"itemListElement\":[{\"@type\":\"ListItem\",\"position\":1,\"name\":\"In\u00edcio\",\"item\":\"https:\/\/www.estrategiaconcursos.com.br\/blog\/\"},{\"@type\":\"ListItem\",\"position\":2,\"name\":\"Concurso PC TO: secret\u00e1rio confirma edital em 2026!\"}]},{\"@type\":\"WebSite\",\"@id\":\"https:\/\/www.estrategiaconcursos.com.br\/blog\/#website\",\"url\":\"https:\/\/www.estrategiaconcursos.com.br\/blog\/\",\"name\":\"Estrat\u00e9gia Concursos\",\"description\":\"O blog da Estrat\u00e9gia Concursos traz not\u00edcias sobre concursos e artigos de professores oferecendo cursos para concursos (pdf + videaulas) no site.\",\"publisher\":{\"@id\":\"https:\/\/www.estrategiaconcursos.com.br\/blog\/#organization\"},\"potentialAction\":[{\"@type\":\"SearchAction\",\"target\":{\"@type\":\"EntryPoint\",\"urlTemplate\":\"https:\/\/www.estrategiaconcursos.com.br\/blog\/?s={search_term_string}\"},\"query-input\":{\"@type\":\"PropertyValueSpecification\",\"valueRequired\":true,\"valueName\":\"search_term_string\"}}],\"inLanguage\":\"pt-BR\"},{\"@type\":\"Organization\",\"@id\":\"https:\/\/www.estrategiaconcursos.com.br\/blog\/#organization\",\"name\":\"Estrat\u00e9gia Concursos\",\"url\":\"https:\/\/www.estrategiaconcursos.com.br\/blog\/\",\"logo\":{\"@type\":\"ImageObject\",\"inLanguage\":\"pt-BR\",\"@id\":\"https:\/\/www.estrategiaconcursos.com.br\/blog\/#\/schema\/logo\/image\/\",\"url\":\"https:\/\/dhg1h5j42swfq.cloudfront.net\/2025\/06\/03203428\/logo_concursos-1.jpg\",\"contentUrl\":\"https:\/\/dhg1h5j42swfq.cloudfront.net\/2025\/06\/03203428\/logo_concursos-1.jpg\",\"width\":230,\"height\":60,\"caption\":\"Estrat\u00e9gia Concursos\"},\"image\":{\"@id\":\"https:\/\/www.estrategiaconcursos.com.br\/blog\/#\/schema\/logo\/image\/\"},\"sameAs\":[\"https:\/\/x.com\/EstratConcursos\"]},{\"@type\":\"Person\",\"@id\":\"https:\/\/www.estrategiaconcursos.com.br\/blog\/#\/schema\/person\/70c2ad4297aa24ff8815b08215b23a76\",\"name\":\"Ronaldo Scanavini Neto\",\"image\":{\"@type\":\"ImageObject\",\"inLanguage\":\"pt-BR\",\"@id\":\"https:\/\/secure.gravatar.com\/avatar\/f93d8e56fe264596e94aee6b3feb737d98ad0fc5bac7eb0a245f04723c5c8f21?s=96&d=mm&r=g\",\"url\":\"https:\/\/secure.gravatar.com\/avatar\/f93d8e56fe264596e94aee6b3feb737d98ad0fc5bac7eb0a245f04723c5c8f21?s=96&d=mm&r=g\",\"contentUrl\":\"https:\/\/secure.gravatar.com\/avatar\/f93d8e56fe264596e94aee6b3feb737d98ad0fc5bac7eb0a245f04723c5c8f21?s=96&d=mm&r=g\",\"caption\":\"Ronaldo Scanavini Neto\"},\"description\":\"Graduando em Comunica\u00e7\u00e3o Social \u2013 Jornalismo pela Universidade Federal de Vi\u00e7osa (UFV). Integra a equipe de jornalismo do Estrat\u00e9gia Concursos desde 2023, atuando com \u00eanfase na cobertura da \u00e1rea fiscal. Tamb\u00e9m realiza a apura\u00e7\u00e3o e produ\u00e7\u00e3o de not\u00edcias sobre concursos federais, \u00f3rg\u00e3os participantes do CNU e das \u00e1reas de controle, gest\u00e3o, engenharia, Exame CFC, comunica\u00e7\u00e3o social TI e \u00e1rea de concursos administrativos.\",\"url\":\"https:\/\/www.estrategiaconcursos.com.br\/blog\/author\/ronaldo-netoestrategia-com\/\"}]}<\/script>\n<!-- \/ Yoast SEO Premium plugin. -->","yoast_head_json":{"title":"Concurso PC TO: secret\u00e1rio confirma edital em 2026!","description":"Um novo edital de concurso p\u00fablico para a Pol\u00edcia Civil do Tocantins (PC TO) ser\u00e1 publicado em 2026. Medida \u00e9 uma das prioridades do governo.","robots":{"index":"index","follow":"follow","max-snippet":"max-snippet:-1","max-image-preview":"max-image-preview:large","max-video-preview":"max-video-preview:-1"},"canonical":"https:\/\/www.estrategiaconcursos.com.br\/blog\/concurso-pc-to-edital-2026\/","og_locale":"pt_BR","og_type":"article","og_title":"Concurso PC TO: secret\u00e1rio confirma edital em 2026!","og_description":"Um novo edital de concurso p\u00fablico para a Pol\u00edcia Civil do Tocantins (PC TO) ser\u00e1 publicado em 2026. Medida \u00e9 uma das prioridades do governo.","og_url":"https:\/\/www.estrategiaconcursos.com.br\/blog\/concurso-pc-to-edital-2026\/","og_site_name":"Estrat\u00e9gia Concursos","article_published_time":"2026-01-23T23:24:39+00:00","article_modified_time":"2026-01-23T23:24:42+00:00","og_image":[{"width":768,"height":432,"url":"https:\/\/dhg1h5j42swfq.cloudfront.net\/2021\/05\/04191413\/pc-to.jpg","type":"image\/jpeg"}],"author":"Ronaldo Scanavini Neto","twitter_card":"summary_large_image","twitter_creator":"@EstratConcursos","twitter_site":"@EstratConcursos","twitter_misc":{"Escrito por":"Ronaldo Scanavini Neto","Est. tempo de leitura":"2 minutos"},"schema":{"@context":"https:\/\/schema.org","@graph":[{"@type":"NewsArticle","@id":"https:\/\/www.estrategiaconcursos.com.br\/blog\/concurso-pc-to-edital-2026\/#article","isPartOf":{"@id":"https:\/\/www.estrategiaconcursos.com.br\/blog\/concurso-pc-to-edital-2026\/"},"author":{"name":"Ronaldo Scanavini Neto","@id":"https:\/\/www.estrategiaconcursos.com.br\/blog\/#\/schema\/person\/70c2ad4297aa24ff8815b08215b23a76"},"headline":"Concurso PC TO: secret\u00e1rio confirma edital em 2026!","datePublished":"2026-01-23T23:24:39+00:00","dateModified":"2026-01-23T23:24:42+00:00","mainEntityOfPage":{"@id":"https:\/\/www.estrategiaconcursos.com.br\/blog\/concurso-pc-to-edital-2026\/"},"wordCount":388,"commentCount":0,"publisher":{"@id":"https:\/\/www.estrategiaconcursos.com.br\/blog\/#organization"},"image":{"@id":"https:\/\/www.estrategiaconcursos.com.br\/blog\/concurso-pc-to-edital-2026\/#primaryimage"},"thumbnailUrl":"https:\/\/dhg1h5j42swfq.cloudfront.net\/2021\/05\/04191413\/pc-to.jpg","articleSection":["Policial (Agente Penitenci\u00e1rio)","Policial (Agente, Escriv\u00e3o e Investigador)","\u00daltimas not\u00edcias"],"inLanguage":"pt-BR","potentialAction":[{"@type":"CommentAction","name":"Comment","target":["https:\/\/www.estrategiaconcursos.com.br\/blog\/concurso-pc-to-edital-2026\/#respond"]}],"copyrightYear":"2026","copyrightHolder":{"@id":"https:\/\/www.estrategiaconcursos.com.br\/blog\/#organization"}},{"@type":"WebPage","@id":"https:\/\/www.estrategiaconcursos.com.br\/blog\/concurso-pc-to-edital-2026\/","url":"https:\/\/www.estrategiaconcursos.com.br\/blog\/concurso-pc-to-edital-2026\/","name":"Concurso PC TO: secret\u00e1rio confirma edital em 2026!","isPartOf":{"@id":"https:\/\/www.estrategiaconcursos.com.br\/blog\/#website"},"primaryImageOfPage":{"@id":"https:\/\/www.estrategiaconcursos.com.br\/blog\/concurso-pc-to-edital-2026\/#primaryimage"},"image":{"@id":"https:\/\/www.estrategiaconcursos.com.br\/blog\/concurso-pc-to-edital-2026\/#primaryimage"},"thumbnailUrl":"https:\/\/dhg1h5j42swfq.cloudfront.net\/2021\/05\/04191413\/pc-to.jpg","datePublished":"2026-01-23T23:24:39+00:00","dateModified":"2026-01-23T23:24:42+00:00","description":"Um novo edital de concurso p\u00fablico para a Pol\u00edcia Civil do Tocantins (PC TO) ser\u00e1 publicado em 2026. Medida \u00e9 uma das prioridades do governo.","breadcrumb":{"@id":"https:\/\/www.estrategiaconcursos.com.br\/blog\/concurso-pc-to-edital-2026\/#breadcrumb"},"inLanguage":"pt-BR","potentialAction":[{"@type":"ReadAction","target":["https:\/\/www.estrategiaconcursos.com.br\/blog\/concurso-pc-to-edital-2026\/"]}]},{"@type":"ImageObject","inLanguage":"pt-BR","@id":"https:\/\/www.estrategiaconcursos.com.br\/blog\/concurso-pc-to-edital-2026\/#primaryimage","url":"https:\/\/dhg1h5j42swfq.cloudfront.net\/2021\/05\/04191413\/pc-to.jpg","contentUrl":"https:\/\/dhg1h5j42swfq.cloudfront.net\/2021\/05\/04191413\/pc-to.jpg","width":768,"height":432,"caption":"PC TO"},{"@type":"BreadcrumbList","@id":"https:\/\/www.estrategiaconcursos.com.br\/blog\/concurso-pc-to-edital-2026\/#breadcrumb","itemListElement":[{"@type":"ListItem","position":1,"name":"In\u00edcio","item":"https:\/\/www.estrategiaconcursos.com.br\/blog\/"},{"@type":"ListItem","position":2,"name":"Concurso PC TO: secret\u00e1rio confirma edital em 2026!"}]},{"@type":"WebSite","@id":"https:\/\/www.estrategiaconcursos.com.br\/blog\/#website","url":"https:\/\/www.estrategiaconcursos.com.br\/blog\/","name":"Estrat\u00e9gia Concursos","description":"O blog da Estrat\u00e9gia Concursos traz not\u00edcias sobre concursos e artigos de professores oferecendo cursos para concursos (pdf + videaulas) no site.","publisher":{"@id":"https:\/\/www.estrategiaconcursos.com.br\/blog\/#organization"},"potentialAction":[{"@type":"SearchAction","target":{"@type":"EntryPoint","urlTemplate":"https:\/\/www.estrategiaconcursos.com.br\/blog\/?s={search_term_string}"},"query-input":{"@type":"PropertyValueSpecification","valueRequired":true,"valueName":"search_term_string"}}],"inLanguage":"pt-BR"},{"@type":"Organization","@id":"https:\/\/www.estrategiaconcursos.com.br\/blog\/#organization","name":"Estrat\u00e9gia Concursos","url":"https:\/\/www.estrategiaconcursos.com.br\/blog\/","logo":{"@type":"ImageObject","inLanguage":"pt-BR","@id":"https:\/\/www.estrategiaconcursos.com.br\/blog\/#\/schema\/logo\/image\/","url":"https:\/\/dhg1h5j42swfq.cloudfront.net\/2025\/06\/03203428\/logo_concursos-1.jpg","contentUrl":"https:\/\/dhg1h5j42swfq.cloudfront.net\/2025\/06\/03203428\/logo_concursos-1.jpg","width":230,"height":60,"caption":"Estrat\u00e9gia Concursos"},"image":{"@id":"https:\/\/www.estrategiaconcursos.com.br\/blog\/#\/schema\/logo\/image\/"},"sameAs":["https:\/\/x.com\/EstratConcursos"]},{"@type":"Person","@id":"https:\/\/www.estrategiaconcursos.com.br\/blog\/#\/schema\/person\/70c2ad4297aa24ff8815b08215b23a76","name":"Ronaldo Scanavini Neto","image":{"@type":"ImageObject","inLanguage":"pt-BR","@id":"https:\/\/secure.gravatar.com\/avatar\/f93d8e56fe264596e94aee6b3feb737d98ad0fc5bac7eb0a245f04723c5c8f21?s=96&d=mm&r=g","url":"https:\/\/secure.gravatar.com\/avatar\/f93d8e56fe264596e94aee6b3feb737d98ad0fc5bac7eb0a245f04723c5c8f21?s=96&d=mm&r=g","contentUrl":"https:\/\/secure.gravatar.com\/avatar\/f93d8e56fe264596e94aee6b3feb737d98ad0fc5bac7eb0a245f04723c5c8f21?s=96&d=mm&r=g","caption":"Ronaldo Scanavini Neto"},"description":"Graduando em Comunica\u00e7\u00e3o Social \u2013 Jornalismo pela Universidade Federal de Vi\u00e7osa (UFV). Integra a equipe de jornalismo do Estrat\u00e9gia Concursos desde 2023, atuando com \u00eanfase na cobertura da \u00e1rea fiscal. Tamb\u00e9m realiza a apura\u00e7\u00e3o e produ\u00e7\u00e3o de not\u00edcias sobre concursos federais, \u00f3rg\u00e3os participantes do CNU e das \u00e1reas de controle, gest\u00e3o, engenharia, Exame CFC, comunica\u00e7\u00e3o social TI e \u00e1rea de concursos administrativos.","url":"https:\/\/www.estrategiaconcursos.com.br\/blog\/author\/ronaldo-netoestrategia-com\/"}]}},"_links":{"self":[{"href":"https:\/\/www.estrategiaconcursos.com.br\/blog\/wp-json\/wp\/v2\/posts\/1704544","targetHints":{"allow":["GET"]}}],"collection":[{"href":"https:\/\/www.estrategiaconcursos.com.br\/blog\/wp-json\/wp\/v2\/posts"}],"about":[{"href":"https:\/\/www.estrategiaconcursos.com.br\/blog\/wp-json\/wp\/v2\/types\/post"}],"author":[{"embeddable":true,"href":"https:\/\/www.estrategiaconcursos.com.br\/blog\/wp-json\/wp\/v2\/users\/2692"}],"replies":[{"embeddable":true,"href":"https:\/\/www.estrategiaconcursos.com.br\/blog\/wp-json\/wp\/v2\/comments?post=1704544"}],"version-history":[{"count":2,"href":"https:\/\/www.estrategiaconcursos.com.br\/blog\/wp-json\/wp\/v2\/posts\/1704544\/revisions"}],"predecessor-version":[{"id":1704546,"href":"https:\/\/www.estrategiaconcursos.com.br\/blog\/wp-json\/wp\/v2\/posts\/1704544\/revisions\/1704546"}],"wp:featuredmedia":[{"embeddable":true,"href":"https:\/\/www.estrategiaconcursos.com.br\/blog\/wp-json\/wp\/v2\/media\/759795"}],"wp:attachment":[{"href":"https:\/\/www.estrategiaconcursos.com.br\/blog\/wp-json\/wp\/v2\/media?parent=1704544"}],"wp:term":[{"taxonomy":"category","embeddable":true,"href":"https:\/\/www.estrategiaconcursos.com.br\/blog\/wp-json\/wp\/v2\/categories?post=1704544"},{"taxonomy":"post_tag","embeddable":true,"href":"https:\/\/www.estrategiaconcursos.com.br\/blog\/wp-json\/wp\/v2\/tags?post=1704544"},{"taxonomy":"tax_estado","embeddable":true,"href":"https:\/\/www.estrategiaconcursos.com.br\/blog\/wp-json\/wp\/v2\/tax_estado?post=1704544"}],"curies":[{"name":"wp","href":"https:\/\/api.w.org\/{rel}","templated":true}]}}