{"id":1704524,"date":"2026-01-23T19:24:03","date_gmt":"2026-01-23T22:24:03","guid":{"rendered":"https:\/\/www.estrategiaconcursos.com.br\/blog\/?p=1704524"},"modified":"2026-01-23T19:24:06","modified_gmt":"2026-01-23T22:24:06","slug":"concurso-alece-convocacao","status":"publish","type":"post","link":"https:\/\/www.estrategiaconcursos.com.br\/blog\/concurso-alece-convocacao\/","title":{"rendered":"Concurso ALECE: nova convoca\u00e7\u00e3o divulgada!"},"content":{"rendered":"\n<p>A  <strong>ALECE<\/strong> (<a href=\"https:\/\/www.estrategiaconcursos.com.br\/cursosPorConcurso\/assembleia-legislativa-do-estado-do-ceara-alce\/\" target=\"_blank\" rel=\"noreferrer noopener\">Assembleia Legislativa do Estado do Cear\u00e1<\/a>) anunciou que, no Di\u00e1rio Oficial do Estado (DOE) desta sexta-feira (23), os candidatos aprovados no cadastro reserva do <strong>concurso<\/strong> de 2021 ser\u00e3o convocados.<\/p>\n\n\n\n<p>A posse coletiva dos convocados est\u00e1 marcada para o dia 3 de fevereiro de 2026, \u00e0s 10 horas, no Departamento de Gest\u00e3o de Pessoas da Alece, localizado no Edif\u00edcio Senador C\u00e9sar Cals (anexo I da Alece), no bairro Dion\u00edsio Torres, em Fortaleza.<\/p>\n\n\n\n<p>Ainda assim, um novo concurso p\u00fablico para a Assembleia pode ser realizado em 2026. Isso porque a comiss\u00e3o j\u00e1 est\u00e1 formada e a Lei Or\u00e7ament\u00e1ria Anual (LOA) para 2026 prev\u00ea a realiza\u00e7\u00e3o do novo certame.<\/p>\n\n\n\n<p>Al\u00e9m disso, durante seu quadro semanal \u201cPapo Reto com Romeu\u201d, o presidente da ALECE destacou o quantitativo de, no m\u00ednimo, 200 vagas: &#8220;Queremos fazer o maior concurso p\u00fablico da hist\u00f3ria da Assembleia. No m\u00ednimo, implantaremos 200 vagas.&#8221;<\/p>\n\n\n\n<div class=\"container\" id=\"boxes\">\n  <div class=\"row\">\n\n    <div class=\"col-sm\">\n      <div class=\"banner-ale\" id=\"box-assinatura\">\n        <h3 class=\"titulo-assinatura\">Concurso ALECE<\/h3>\n        <p class=\"subtitulo-assinatura\">Prepara\u00e7\u00e3o completa para a carreira na AL CE<\/p>\n        <div class=\"box-botao\">\n          <a class=\"btn-assinatura\" target=\"_blank\" href=\"https:\/\/www.estrategiaconcursos.com.br\/cursosPorConcurso\/assembleia-legislativa-do-estado-do-ceara-alce\/\" role=\"button\" rel=\"noopener noreferrer\">VER CURSOS<\/a>\n        <\/div>\n      <\/div>\n    \n    <\/div>\n\n  <\/div>\n<\/div>\n\n\n\n<h2 class=\"wp-block-heading\" id=\"ultimo-concurso\">Concurso ALECE: \u00faltimo edital &#8211; 2021<\/h2>\n\n\n\n<p>O concurso AL CE ofereceu aos candidatos<strong>&nbsp;100 vagas <\/strong>para n\u00edvel m\u00e9dio e superior, nos cargos de Analista e T\u00e9cnico Legislativo, sendo 30 para T\u00e9cnico e 70 vagas para Analista Legislativo.<\/p>\n\n\n\n<p>Para n\u00edvel m\u00e9dio a remunera\u00e7\u00e3o inicial foi de R$ 2.224,90 para uma jornada de 30 horas. J\u00e1 para n\u00edvel superior, o valor foi de R$ 4.455,29. Confira abaixo os cargos e vagas!<\/p>\n\n\n\n<ul class=\"wp-block-list\">\n<li><strong>N\u00edvel m\u00e9dio<\/strong>\n<ul class=\"wp-block-list\">\n<li>T\u00e9cnico Legislativo (28 Vagas)<\/li>\n<\/ul>\n<\/li>\n<\/ul>\n\n\n\n<ul class=\"wp-block-list\">\n<li><strong>N\u00edvel superior<\/strong>:\n<ul class=\"wp-block-list\">\n<li>Analista Legislativo \u2013 Administra\u00e7\u00e3o (05 Vagas)<\/li>\n\n\n\n<li>Analista Legislativo \u2013 Arquitetura e Urbanismo (01 Vaga)<\/li>\n\n\n\n<li>Analista Legislativo \u2013 Biblioteconomia (1 Vaga)<\/li>\n\n\n\n<li>Analista Legislativo \u2013 Ci\u00eancias Cont\u00e1beis (04 Vagas)<\/li>\n\n\n\n<li>Analista Legislativo \u2013 Ci\u00eancias Econ\u00f4micas (1 Vaga)<\/li>\n\n\n\n<li>Analista Legislativo \u2013 Consultoria T\u00e9cnica Legislativa (09 Vagas)<\/li>\n\n\n\n<li>Analista Legislativo \u2013 Controle Interno (4 Vagas)<\/li>\n\n\n\n<li>Analista Legislativo \u2013 Design Gr\u00e1fico (2 Vagas)<\/li>\n\n\n\n<li>Analista Legislativo \u2013 Direito (22 Vagas)<\/li>\n\n\n\n<li>Analista Legislativo \u2013 Engenharia Civil (01 Vagas)<\/li>\n\n\n\n<li>Analista Legislativo \u2013 Engenharia El\u00e9trica (01 Vagas)<\/li>\n\n\n\n<li>Analista Legislativo \u2013 Inform\u00e1tica (04 Vagas)<\/li>\n\n\n\n<li>Analista Legislativo \u2013 Jornalismo (02 Vagas)<\/li>\n\n\n\n<li>Analista Legislativo \u2013 L\u00edngua Portuguesa \u2013 Gram\u00e1tica Normativa e Revis\u00e3o Ortogr\u00e1fica (3 Vagas)<\/li>\n\n\n\n<li>Analista Legislativo \u2013 Psicologia (01 Vagas)<\/li>\n\n\n\n<li>Analista Legislativo \u2013 Publicidade e Propaganda (3 Vagas)<\/li>\n<\/ul>\n<\/li>\n<\/ul>\n\n\n\n<p>Segundo demanda de inscritos divulgada pelo Cebraspe, foram confirmadas 30.601 inscri\u00e7\u00f5es. O cargo com maior procura foi de T\u00e9cnico Legislativo com 15.850 candidaturas.<\/p>\n\n\n\n<p class=\"has-text-align-center\"><em>Quer saber mais detalhes do concurso ALECE, al\u00e9m da convoca\u00e7\u00e3o do \u00faltimo edital? Ent\u00e3o, confira os detalhes:<\/em><\/p>\n\n\n\n<p class=\"has-text-align-center has-luminous-vivid-amber-background-color has-background\"><a href=\"https:\/\/www.estrategiaconcursos.com.br\/blog\/concurso-assembleia-legislativa-ce\/\"><strong>Para saber mais, acesse: Concurso ALECE<\/strong><\/a><\/p>\n\n\n\n<h2 class=\"wp-block-heading has-text-align-center\" id=\"h-quer-ficar-por-dentro-de-todos-os-concursos-confira-nossos-artigos\">Quer ficar por dentro de todos os concursos?<br \/>Confira nossos artigos:<\/h2>\n\n\n\n<ul class=\"wp-block-list\">\n<li><a href=\"https:\/\/www.estrategiaconcursos.com.br\/blog\/concursos-abertos\/\" target=\"_blank\" rel=\"noreferrer noopener\">Concursos abertos<\/a><\/li>\n\n\n\n<li><a href=\"https:\/\/www.estrategiaconcursos.com.br\/blog\/concursos-area-legislativa\" target=\"_blank\" rel=\"noreferrer noopener\">Concursos legislativos<\/a><\/li>\n\n\n\n<li><a href=\"https:\/\/www.estrategiaconcursos.com.br\/blog\/concursos-2026\/\" target=\"_blank\" rel=\"noreferrer noopener\">Concursos 2026<\/a><\/li>\n<\/ul>\n\n\n\n<h2 class=\"wp-block-heading has-text-align-center\" id=\"cursos\">Quer estudar para o concurso ALECE?<\/h2>\n\n\n\n<div class=\"container\" id=\"boxes\">\n  <div class=\"row\">\n\n    <div class=\"col-sm\">\n      <div class=\"banner-ale\" id=\"box-assinatura\">\n        <h3 class=\"titulo-assinatura\">Concurso AL CE<\/h3>\n        <p class=\"subtitulo-assinatura\">Prepara\u00e7\u00e3o completa para a carreira na AL CE<\/p>\n        <div class=\"box-botao\">\n          <a class=\"btn-assinatura\" target=\"_blank\" href=\"https:\/\/www.estrategiaconcursos.com.br\/cursosPorConcurso\/assembleia-legislativa-do-estado-do-ceara-alce\/\" role=\"button\" rel=\"noopener noreferrer\">VER CURSOS<\/a>\n        <\/div>\n      <\/div>\n    \n    <\/div>\n\n  <\/div>\n<\/div>\n\n\n\n<div class=\"container\" id=\"boxes\">\n  <div class=\"row\">\n\n    <div class=\"col-sm\">\n      <div class=\"estrategia\" id=\"box-assinatura\">\n        <h3 class=\"titulo-assinatura\">Assinatura de Concursos<\/h3>\n        <p class=\"subtitulo-assinatura\">Assinatura de 1 ou 2 anos<\/p>\n        <div class=\"box-botao\">\n          <a class=\"btn-assinatura\" target=\"_blank\" href=\"https:\/\/www.estrategiaconcursos.com.br\/assinaturas\/\" role=\"button\" rel=\"noopener noreferrer\">ASSINE AGORA<\/a>\n        <\/div>\n      <\/div>\n      <p class=\"texto-auxiliar\"><\/p>\n    <\/div><\/div><\/div>\n\n\n\n<p><\/p>\n","protected":false},"excerpt":{"rendered":"<p>A ALECE (Assembleia Legislativa do Estado do Cear\u00e1) anunciou que, no Di\u00e1rio Oficial do Estado (DOE) desta sexta-feira (23), os candidatos aprovados no cadastro reserva do concurso de 2021 ser\u00e3o convocados. A posse coletiva dos convocados est\u00e1 marcada para o dia 3 de fevereiro de 2026, \u00e0s 10 horas, no Departamento de Gest\u00e3o de Pessoas [&hellip;]<\/p>\n","protected":false},"author":2692,"featured_media":852494,"comment_status":"open","ping_status":"closed","sticky":false,"template":"","format":"standard","meta":{"post_tipo":"news","footnotes":""},"categories":[2017,220219],"tags":[],"tax_estado":[219969],"class_list":["post-1704524","post","type-post","status-publish","format-standard","has-post-thumbnail","hentry","category-concursos-legislativos","category-noticias","tax_estado-ce"],"acf":[],"yoast_head":"<!-- This site is optimized with the Yoast SEO Premium plugin v27.2 (Yoast SEO v27.2) - https:\/\/yoast.com\/product\/yoast-seo-premium-wordpress\/ -->\n<title>Concurso ALECE: nova convoca\u00e7\u00e3o divulgada!<\/title>\n<meta name=\"description\" content=\"Convoca\u00e7\u00e3o \u00e9 divulgada para candidatos aprovados no \u00faltimo edital de concurso da ALECE, realizado em 2021.\" \/>\n<meta name=\"robots\" content=\"index, follow, max-snippet:-1, max-image-preview:large, max-video-preview:-1\" \/>\n<link rel=\"canonical\" href=\"https:\/\/www.estrategiaconcursos.com.br\/blog\/concurso-alece-convocacao\/\" \/>\n<meta property=\"og:locale\" content=\"pt_BR\" \/>\n<meta property=\"og:type\" content=\"article\" \/>\n<meta property=\"og:title\" content=\"Concurso ALECE: nova convoca\u00e7\u00e3o divulgada!\" \/>\n<meta property=\"og:description\" content=\"Convoca\u00e7\u00e3o \u00e9 divulgada para candidatos aprovados no \u00faltimo edital de concurso da ALECE, realizado em 2021.\" \/>\n<meta property=\"og:url\" content=\"https:\/\/www.estrategiaconcursos.com.br\/blog\/concurso-alece-convocacao\/\" \/>\n<meta property=\"og:site_name\" content=\"Estrat\u00e9gia Concursos\" \/>\n<meta property=\"article:published_time\" content=\"2026-01-23T22:24:03+00:00\" \/>\n<meta property=\"article:modified_time\" content=\"2026-01-23T22:24:06+00:00\" \/>\n<meta property=\"og:image\" content=\"https:\/\/dhg1h5j42swfq.cloudfront.net\/2021\/09\/02132051\/al-ce.jpg\" \/>\n\t<meta property=\"og:image:width\" content=\"768\" \/>\n\t<meta property=\"og:image:height\" content=\"432\" \/>\n\t<meta property=\"og:image:type\" content=\"image\/jpeg\" \/>\n<meta name=\"author\" content=\"Ronaldo Scanavini Neto\" \/>\n<meta name=\"twitter:card\" content=\"summary_large_image\" \/>\n<meta name=\"twitter:creator\" content=\"@EstratConcursos\" \/>\n<meta name=\"twitter:site\" content=\"@EstratConcursos\" \/>\n<meta name=\"twitter:label1\" content=\"Escrito por\" \/>\n\t<meta name=\"twitter:data1\" content=\"Ronaldo Scanavini Neto\" \/>\n\t<meta name=\"twitter:label2\" content=\"Est. tempo de leitura\" \/>\n\t<meta name=\"twitter:data2\" content=\"2 minutos\" \/>\n<script type=\"application\/ld+json\" class=\"yoast-schema-graph\">{\"@context\":\"https:\/\/schema.org\",\"@graph\":[{\"@type\":\"NewsArticle\",\"@id\":\"https:\/\/www.estrategiaconcursos.com.br\/blog\/concurso-alece-convocacao\/#article\",\"isPartOf\":{\"@id\":\"https:\/\/www.estrategiaconcursos.com.br\/blog\/concurso-alece-convocacao\/\"},\"author\":{\"name\":\"Ronaldo Scanavini Neto\",\"@id\":\"https:\/\/www.estrategiaconcursos.com.br\/blog\/#\/schema\/person\/70c2ad4297aa24ff8815b08215b23a76\"},\"headline\":\"Concurso ALECE: nova convoca\u00e7\u00e3o divulgada!\",\"datePublished\":\"2026-01-23T22:24:03+00:00\",\"dateModified\":\"2026-01-23T22:24:06+00:00\",\"mainEntityOfPage\":{\"@id\":\"https:\/\/www.estrategiaconcursos.com.br\/blog\/concurso-alece-convocacao\/\"},\"wordCount\":442,\"commentCount\":0,\"publisher\":{\"@id\":\"https:\/\/www.estrategiaconcursos.com.br\/blog\/#organization\"},\"image\":{\"@id\":\"https:\/\/www.estrategiaconcursos.com.br\/blog\/concurso-alece-convocacao\/#primaryimage\"},\"thumbnailUrl\":\"https:\/\/dhg1h5j42swfq.cloudfront.net\/2021\/09\/02132051\/al-ce.jpg\",\"articleSection\":[\"Legislativo\",\"\u00daltimas not\u00edcias\"],\"inLanguage\":\"pt-BR\",\"potentialAction\":[{\"@type\":\"CommentAction\",\"name\":\"Comment\",\"target\":[\"https:\/\/www.estrategiaconcursos.com.br\/blog\/concurso-alece-convocacao\/#respond\"]}],\"copyrightYear\":\"2026\",\"copyrightHolder\":{\"@id\":\"https:\/\/www.estrategiaconcursos.com.br\/blog\/#organization\"}},{\"@type\":\"WebPage\",\"@id\":\"https:\/\/www.estrategiaconcursos.com.br\/blog\/concurso-alece-convocacao\/\",\"url\":\"https:\/\/www.estrategiaconcursos.com.br\/blog\/concurso-alece-convocacao\/\",\"name\":\"Concurso ALECE: nova convoca\u00e7\u00e3o divulgada!\",\"isPartOf\":{\"@id\":\"https:\/\/www.estrategiaconcursos.com.br\/blog\/#website\"},\"primaryImageOfPage\":{\"@id\":\"https:\/\/www.estrategiaconcursos.com.br\/blog\/concurso-alece-convocacao\/#primaryimage\"},\"image\":{\"@id\":\"https:\/\/www.estrategiaconcursos.com.br\/blog\/concurso-alece-convocacao\/#primaryimage\"},\"thumbnailUrl\":\"https:\/\/dhg1h5j42swfq.cloudfront.net\/2021\/09\/02132051\/al-ce.jpg\",\"datePublished\":\"2026-01-23T22:24:03+00:00\",\"dateModified\":\"2026-01-23T22:24:06+00:00\",\"description\":\"Convoca\u00e7\u00e3o \u00e9 divulgada para candidatos aprovados no \u00faltimo edital de concurso da ALECE, realizado em 2021.\",\"breadcrumb\":{\"@id\":\"https:\/\/www.estrategiaconcursos.com.br\/blog\/concurso-alece-convocacao\/#breadcrumb\"},\"inLanguage\":\"pt-BR\",\"potentialAction\":[{\"@type\":\"ReadAction\",\"target\":[\"https:\/\/www.estrategiaconcursos.com.br\/blog\/concurso-alece-convocacao\/\"]}]},{\"@type\":\"ImageObject\",\"inLanguage\":\"pt-BR\",\"@id\":\"https:\/\/www.estrategiaconcursos.com.br\/blog\/concurso-alece-convocacao\/#primaryimage\",\"url\":\"https:\/\/dhg1h5j42swfq.cloudfront.net\/2021\/09\/02132051\/al-ce.jpg\",\"contentUrl\":\"https:\/\/dhg1h5j42swfq.cloudfront.net\/2021\/09\/02132051\/al-ce.jpg\",\"width\":768,\"height\":432,\"caption\":\"concurso al ce\"},{\"@type\":\"BreadcrumbList\",\"@id\":\"https:\/\/www.estrategiaconcursos.com.br\/blog\/concurso-alece-convocacao\/#breadcrumb\",\"itemListElement\":[{\"@type\":\"ListItem\",\"position\":1,\"name\":\"In\u00edcio\",\"item\":\"https:\/\/www.estrategiaconcursos.com.br\/blog\/\"},{\"@type\":\"ListItem\",\"position\":2,\"name\":\"Concurso ALECE: nova convoca\u00e7\u00e3o divulgada!\"}]},{\"@type\":\"WebSite\",\"@id\":\"https:\/\/www.estrategiaconcursos.com.br\/blog\/#website\",\"url\":\"https:\/\/www.estrategiaconcursos.com.br\/blog\/\",\"name\":\"Estrat\u00e9gia Concursos\",\"description\":\"O blog da Estrat\u00e9gia Concursos traz not\u00edcias sobre concursos e artigos de professores oferecendo cursos para concursos (pdf + videaulas) no site.\",\"publisher\":{\"@id\":\"https:\/\/www.estrategiaconcursos.com.br\/blog\/#organization\"},\"potentialAction\":[{\"@type\":\"SearchAction\",\"target\":{\"@type\":\"EntryPoint\",\"urlTemplate\":\"https:\/\/www.estrategiaconcursos.com.br\/blog\/?s={search_term_string}\"},\"query-input\":{\"@type\":\"PropertyValueSpecification\",\"valueRequired\":true,\"valueName\":\"search_term_string\"}}],\"inLanguage\":\"pt-BR\"},{\"@type\":\"Organization\",\"@id\":\"https:\/\/www.estrategiaconcursos.com.br\/blog\/#organization\",\"name\":\"Estrat\u00e9gia Concursos\",\"url\":\"https:\/\/www.estrategiaconcursos.com.br\/blog\/\",\"logo\":{\"@type\":\"ImageObject\",\"inLanguage\":\"pt-BR\",\"@id\":\"https:\/\/www.estrategiaconcursos.com.br\/blog\/#\/schema\/logo\/image\/\",\"url\":\"https:\/\/dhg1h5j42swfq.cloudfront.net\/2025\/06\/03203428\/logo_concursos-1.jpg\",\"contentUrl\":\"https:\/\/dhg1h5j42swfq.cloudfront.net\/2025\/06\/03203428\/logo_concursos-1.jpg\",\"width\":230,\"height\":60,\"caption\":\"Estrat\u00e9gia Concursos\"},\"image\":{\"@id\":\"https:\/\/www.estrategiaconcursos.com.br\/blog\/#\/schema\/logo\/image\/\"},\"sameAs\":[\"https:\/\/x.com\/EstratConcursos\"]},{\"@type\":\"Person\",\"@id\":\"https:\/\/www.estrategiaconcursos.com.br\/blog\/#\/schema\/person\/70c2ad4297aa24ff8815b08215b23a76\",\"name\":\"Ronaldo Scanavini Neto\",\"image\":{\"@type\":\"ImageObject\",\"inLanguage\":\"pt-BR\",\"@id\":\"https:\/\/secure.gravatar.com\/avatar\/f93d8e56fe264596e94aee6b3feb737d98ad0fc5bac7eb0a245f04723c5c8f21?s=96&d=mm&r=g\",\"url\":\"https:\/\/secure.gravatar.com\/avatar\/f93d8e56fe264596e94aee6b3feb737d98ad0fc5bac7eb0a245f04723c5c8f21?s=96&d=mm&r=g\",\"contentUrl\":\"https:\/\/secure.gravatar.com\/avatar\/f93d8e56fe264596e94aee6b3feb737d98ad0fc5bac7eb0a245f04723c5c8f21?s=96&d=mm&r=g\",\"caption\":\"Ronaldo Scanavini Neto\"},\"description\":\"Graduando em Comunica\u00e7\u00e3o Social \u2013 Jornalismo pela Universidade Federal de Vi\u00e7osa (UFV). Integra a equipe de jornalismo do Estrat\u00e9gia Concursos desde 2023, atuando com \u00eanfase na cobertura da \u00e1rea fiscal. Tamb\u00e9m realiza a apura\u00e7\u00e3o e produ\u00e7\u00e3o de not\u00edcias sobre concursos federais, \u00f3rg\u00e3os participantes do CNU e das \u00e1reas de controle, gest\u00e3o, engenharia, Exame CFC, comunica\u00e7\u00e3o social TI e \u00e1rea de concursos administrativos.\",\"url\":\"https:\/\/www.estrategiaconcursos.com.br\/blog\/author\/ronaldo-netoestrategia-com\/\"}]}<\/script>\n<!-- \/ Yoast SEO Premium plugin. -->","yoast_head_json":{"title":"Concurso ALECE: nova convoca\u00e7\u00e3o divulgada!","description":"Convoca\u00e7\u00e3o \u00e9 divulgada para candidatos aprovados no \u00faltimo edital de concurso da ALECE, realizado em 2021.","robots":{"index":"index","follow":"follow","max-snippet":"max-snippet:-1","max-image-preview":"max-image-preview:large","max-video-preview":"max-video-preview:-1"},"canonical":"https:\/\/www.estrategiaconcursos.com.br\/blog\/concurso-alece-convocacao\/","og_locale":"pt_BR","og_type":"article","og_title":"Concurso ALECE: nova convoca\u00e7\u00e3o divulgada!","og_description":"Convoca\u00e7\u00e3o \u00e9 divulgada para candidatos aprovados no \u00faltimo edital de concurso da ALECE, realizado em 2021.","og_url":"https:\/\/www.estrategiaconcursos.com.br\/blog\/concurso-alece-convocacao\/","og_site_name":"Estrat\u00e9gia Concursos","article_published_time":"2026-01-23T22:24:03+00:00","article_modified_time":"2026-01-23T22:24:06+00:00","og_image":[{"width":768,"height":432,"url":"https:\/\/dhg1h5j42swfq.cloudfront.net\/2021\/09\/02132051\/al-ce.jpg","type":"image\/jpeg"}],"author":"Ronaldo Scanavini Neto","twitter_card":"summary_large_image","twitter_creator":"@EstratConcursos","twitter_site":"@EstratConcursos","twitter_misc":{"Escrito por":"Ronaldo Scanavini Neto","Est. tempo de leitura":"2 minutos"},"schema":{"@context":"https:\/\/schema.org","@graph":[{"@type":"NewsArticle","@id":"https:\/\/www.estrategiaconcursos.com.br\/blog\/concurso-alece-convocacao\/#article","isPartOf":{"@id":"https:\/\/www.estrategiaconcursos.com.br\/blog\/concurso-alece-convocacao\/"},"author":{"name":"Ronaldo Scanavini Neto","@id":"https:\/\/www.estrategiaconcursos.com.br\/blog\/#\/schema\/person\/70c2ad4297aa24ff8815b08215b23a76"},"headline":"Concurso ALECE: nova convoca\u00e7\u00e3o divulgada!","datePublished":"2026-01-23T22:24:03+00:00","dateModified":"2026-01-23T22:24:06+00:00","mainEntityOfPage":{"@id":"https:\/\/www.estrategiaconcursos.com.br\/blog\/concurso-alece-convocacao\/"},"wordCount":442,"commentCount":0,"publisher":{"@id":"https:\/\/www.estrategiaconcursos.com.br\/blog\/#organization"},"image":{"@id":"https:\/\/www.estrategiaconcursos.com.br\/blog\/concurso-alece-convocacao\/#primaryimage"},"thumbnailUrl":"https:\/\/dhg1h5j42swfq.cloudfront.net\/2021\/09\/02132051\/al-ce.jpg","articleSection":["Legislativo","\u00daltimas not\u00edcias"],"inLanguage":"pt-BR","potentialAction":[{"@type":"CommentAction","name":"Comment","target":["https:\/\/www.estrategiaconcursos.com.br\/blog\/concurso-alece-convocacao\/#respond"]}],"copyrightYear":"2026","copyrightHolder":{"@id":"https:\/\/www.estrategiaconcursos.com.br\/blog\/#organization"}},{"@type":"WebPage","@id":"https:\/\/www.estrategiaconcursos.com.br\/blog\/concurso-alece-convocacao\/","url":"https:\/\/www.estrategiaconcursos.com.br\/blog\/concurso-alece-convocacao\/","name":"Concurso ALECE: nova convoca\u00e7\u00e3o divulgada!","isPartOf":{"@id":"https:\/\/www.estrategiaconcursos.com.br\/blog\/#website"},"primaryImageOfPage":{"@id":"https:\/\/www.estrategiaconcursos.com.br\/blog\/concurso-alece-convocacao\/#primaryimage"},"image":{"@id":"https:\/\/www.estrategiaconcursos.com.br\/blog\/concurso-alece-convocacao\/#primaryimage"},"thumbnailUrl":"https:\/\/dhg1h5j42swfq.cloudfront.net\/2021\/09\/02132051\/al-ce.jpg","datePublished":"2026-01-23T22:24:03+00:00","dateModified":"2026-01-23T22:24:06+00:00","description":"Convoca\u00e7\u00e3o \u00e9 divulgada para candidatos aprovados no \u00faltimo edital de concurso da ALECE, realizado em 2021.","breadcrumb":{"@id":"https:\/\/www.estrategiaconcursos.com.br\/blog\/concurso-alece-convocacao\/#breadcrumb"},"inLanguage":"pt-BR","potentialAction":[{"@type":"ReadAction","target":["https:\/\/www.estrategiaconcursos.com.br\/blog\/concurso-alece-convocacao\/"]}]},{"@type":"ImageObject","inLanguage":"pt-BR","@id":"https:\/\/www.estrategiaconcursos.com.br\/blog\/concurso-alece-convocacao\/#primaryimage","url":"https:\/\/dhg1h5j42swfq.cloudfront.net\/2021\/09\/02132051\/al-ce.jpg","contentUrl":"https:\/\/dhg1h5j42swfq.cloudfront.net\/2021\/09\/02132051\/al-ce.jpg","width":768,"height":432,"caption":"concurso al ce"},{"@type":"BreadcrumbList","@id":"https:\/\/www.estrategiaconcursos.com.br\/blog\/concurso-alece-convocacao\/#breadcrumb","itemListElement":[{"@type":"ListItem","position":1,"name":"In\u00edcio","item":"https:\/\/www.estrategiaconcursos.com.br\/blog\/"},{"@type":"ListItem","position":2,"name":"Concurso ALECE: nova convoca\u00e7\u00e3o divulgada!"}]},{"@type":"WebSite","@id":"https:\/\/www.estrategiaconcursos.com.br\/blog\/#website","url":"https:\/\/www.estrategiaconcursos.com.br\/blog\/","name":"Estrat\u00e9gia Concursos","description":"O blog da Estrat\u00e9gia Concursos traz not\u00edcias sobre concursos e artigos de professores oferecendo cursos para concursos (pdf + videaulas) no site.","publisher":{"@id":"https:\/\/www.estrategiaconcursos.com.br\/blog\/#organization"},"potentialAction":[{"@type":"SearchAction","target":{"@type":"EntryPoint","urlTemplate":"https:\/\/www.estrategiaconcursos.com.br\/blog\/?s={search_term_string}"},"query-input":{"@type":"PropertyValueSpecification","valueRequired":true,"valueName":"search_term_string"}}],"inLanguage":"pt-BR"},{"@type":"Organization","@id":"https:\/\/www.estrategiaconcursos.com.br\/blog\/#organization","name":"Estrat\u00e9gia Concursos","url":"https:\/\/www.estrategiaconcursos.com.br\/blog\/","logo":{"@type":"ImageObject","inLanguage":"pt-BR","@id":"https:\/\/www.estrategiaconcursos.com.br\/blog\/#\/schema\/logo\/image\/","url":"https:\/\/dhg1h5j42swfq.cloudfront.net\/2025\/06\/03203428\/logo_concursos-1.jpg","contentUrl":"https:\/\/dhg1h5j42swfq.cloudfront.net\/2025\/06\/03203428\/logo_concursos-1.jpg","width":230,"height":60,"caption":"Estrat\u00e9gia Concursos"},"image":{"@id":"https:\/\/www.estrategiaconcursos.com.br\/blog\/#\/schema\/logo\/image\/"},"sameAs":["https:\/\/x.com\/EstratConcursos"]},{"@type":"Person","@id":"https:\/\/www.estrategiaconcursos.com.br\/blog\/#\/schema\/person\/70c2ad4297aa24ff8815b08215b23a76","name":"Ronaldo Scanavini Neto","image":{"@type":"ImageObject","inLanguage":"pt-BR","@id":"https:\/\/secure.gravatar.com\/avatar\/f93d8e56fe264596e94aee6b3feb737d98ad0fc5bac7eb0a245f04723c5c8f21?s=96&d=mm&r=g","url":"https:\/\/secure.gravatar.com\/avatar\/f93d8e56fe264596e94aee6b3feb737d98ad0fc5bac7eb0a245f04723c5c8f21?s=96&d=mm&r=g","contentUrl":"https:\/\/secure.gravatar.com\/avatar\/f93d8e56fe264596e94aee6b3feb737d98ad0fc5bac7eb0a245f04723c5c8f21?s=96&d=mm&r=g","caption":"Ronaldo Scanavini Neto"},"description":"Graduando em Comunica\u00e7\u00e3o Social \u2013 Jornalismo pela Universidade Federal de Vi\u00e7osa (UFV). Integra a equipe de jornalismo do Estrat\u00e9gia Concursos desde 2023, atuando com \u00eanfase na cobertura da \u00e1rea fiscal. Tamb\u00e9m realiza a apura\u00e7\u00e3o e produ\u00e7\u00e3o de not\u00edcias sobre concursos federais, \u00f3rg\u00e3os participantes do CNU e das \u00e1reas de controle, gest\u00e3o, engenharia, Exame CFC, comunica\u00e7\u00e3o social TI e \u00e1rea de concursos administrativos.","url":"https:\/\/www.estrategiaconcursos.com.br\/blog\/author\/ronaldo-netoestrategia-com\/"}]}},"_links":{"self":[{"href":"https:\/\/www.estrategiaconcursos.com.br\/blog\/wp-json\/wp\/v2\/posts\/1704524","targetHints":{"allow":["GET"]}}],"collection":[{"href":"https:\/\/www.estrategiaconcursos.com.br\/blog\/wp-json\/wp\/v2\/posts"}],"about":[{"href":"https:\/\/www.estrategiaconcursos.com.br\/blog\/wp-json\/wp\/v2\/types\/post"}],"author":[{"embeddable":true,"href":"https:\/\/www.estrategiaconcursos.com.br\/blog\/wp-json\/wp\/v2\/users\/2692"}],"replies":[{"embeddable":true,"href":"https:\/\/www.estrategiaconcursos.com.br\/blog\/wp-json\/wp\/v2\/comments?post=1704524"}],"version-history":[{"count":2,"href":"https:\/\/www.estrategiaconcursos.com.br\/blog\/wp-json\/wp\/v2\/posts\/1704524\/revisions"}],"predecessor-version":[{"id":1704529,"href":"https:\/\/www.estrategiaconcursos.com.br\/blog\/wp-json\/wp\/v2\/posts\/1704524\/revisions\/1704529"}],"wp:featuredmedia":[{"embeddable":true,"href":"https:\/\/www.estrategiaconcursos.com.br\/blog\/wp-json\/wp\/v2\/media\/852494"}],"wp:attachment":[{"href":"https:\/\/www.estrategiaconcursos.com.br\/blog\/wp-json\/wp\/v2\/media?parent=1704524"}],"wp:term":[{"taxonomy":"category","embeddable":true,"href":"https:\/\/www.estrategiaconcursos.com.br\/blog\/wp-json\/wp\/v2\/categories?post=1704524"},{"taxonomy":"post_tag","embeddable":true,"href":"https:\/\/www.estrategiaconcursos.com.br\/blog\/wp-json\/wp\/v2\/tags?post=1704524"},{"taxonomy":"tax_estado","embeddable":true,"href":"https:\/\/www.estrategiaconcursos.com.br\/blog\/wp-json\/wp\/v2\/tax_estado?post=1704524"}],"curies":[{"name":"wp","href":"https:\/\/api.w.org\/{rel}","templated":true}]}}