{"id":1704457,"date":"2026-02-16T07:00:00","date_gmt":"2026-02-16T10:00:00","guid":{"rendered":"https:\/\/www.estrategiaconcursos.com.br\/blog\/?p=1704457"},"modified":"2026-02-23T08:10:29","modified_gmt":"2026-02-23T11:10:29","slug":"concurso-camara-dos-deputados-2026-edital-policial-legislativo","status":"publish","type":"post","link":"https:\/\/www.estrategiaconcursos.com.br\/blog\/concurso-camara-dos-deputados-2026-edital-policial-legislativo\/","title":{"rendered":"Edital C\u00e2mara dos Deputados Policial SAIU! Inicial R$ 21,3 mil"},"content":{"rendered":"\n<p style=\"font-size:clamp(15.197px, 0.95rem + ((1vw - 3.2px) * 0.765), 23px);\"><strong><em><strong><em>Novo edital do concurso C\u00e2mara dos Deputados 2026 \u00e9 publicado com 40 vagas para Policial Legislativo. Provas em abril!<\/em><\/strong><\/em><\/strong><\/p>\n\n\n<p><center><a id=\"cta-icon\" href=\"https:\/\/sndflw.com\/i\/camara-deputados-grupo\" target=\"_blank\" style=\"background:#29a61a; display:inline-flex; align-items:center; padding:10px 15px; border-radius:6px; color:#fff; text-decoration:none; font-weight:500; font-size:15px;\"><img decoding=\"async\" src=\"https:\/\/dhg1h5j42swfq.cloudfront.net\/2023\/12\/07154107\/whatsapp_13851.png\" alt=\"\" style=\"width:20px; height:20px; margin-right:8px;\"><span>Acesse agora o Grupo de Estudos para o Concurso C\u00e2mara dos Deputados 2026<\/span><\/a><\/center><\/p>\n\n\n\n<p>Est\u00e1 na pra\u00e7a o novo <strong>edital <a href=\"https:\/\/www.estrategiaconcursos.com.br\/blog\/concurso-camara-dos-deputados\/\" target=\"_blank\" rel=\"noreferrer noopener\">C\u00e2mara dos Deputados<\/a><\/strong> para provimento de <strong>40 vagas imediatas<\/strong> e <strong>40 em cadastro de reserva<\/strong> ao cargo de <strong>Policial Legislativo<\/strong>.<\/p>\n\n\n\n<p>A carreira exige escolaridade de <strong>n\u00edvel superior em qualquer \u00e1rea<\/strong> e CNH na categoria B ou superior, com jornada de trabalho de 40 horas semanais, exclusivamente em Bras\u00edlia. O <strong>sal\u00e1rio inicial \u00e9 de R$ 21.328,08<\/strong>.<\/p>\n\n\n\n<p>As inscri\u00e7\u00f5es j\u00e1 est\u00e3o encerradas e puderam ser realizadas at\u00e9 o dia 20 de fevereiro, no site da banca organizadora, <strong>Cebraspe<\/strong>, ao custo de R$ 150,00. As <strong>provas s\u00e3o previstas em 26 de abril<\/strong>.<\/p>\n\n\n\n<ul class=\"wp-block-list has-very-light-gray-to-cyan-bluish-gray-gradient-background has-background\">\n<li><strong>C\u00e2mara dos Deputados &#8211; Policial Legislativo<\/strong><\/li>\n\n\n\n<li><strong>Banca:<\/strong> <a href=\"https:\/\/www.cebraspe.org.br\/concursos\/CD_26_PL\" target=\"_blank\" rel=\"noreferrer noopener\">Cebraspe<\/a><\/li>\n\n\n\n<li><strong>Vagas:<\/strong> 40 + 40 CR<\/li>\n\n\n\n<li><strong>Sal\u00e1rio inicial:<\/strong> R$ 21.328,08<\/li>\n\n\n\n<li><strong>Edital:<\/strong> <a href=\"https:\/\/dhg1h5j42swfq.cloudfront.net\/2026\/01\/23181747\/c78734d46b60be29ba54fa925df4ebc2a2c49315b5903c2f1ca0bb1ac43129da-1.pdf\" target=\"_blank\" rel=\"noreferrer noopener\">C\u00e2mara dos Deputados Policial-2026<\/a><\/li>\n<\/ul>\n\n\n\n<div class=\"container\" id=\"boxes\">\n  <div class=\"row\">\n\n    <div class=\"col-sm\">\n      <div class=\"banner-legislativo\" id=\"box-assinatura\">\n        <h3 class=\"titulo-assinatura\">Concurso C\u00e2mara dos Deputados<\/h3>\n        <p class=\"subtitulo-assinatura\">Prepara\u00e7\u00e3o completa para a carreira!<\/p>\n        <div class=\"box-botao\">\n          <a class=\"btn-assinatura\" target=\"_blank\" href=\"https:\/\/www.estrategiaconcursos.com.br\/cursosPorConcurso\/camara-dos-deputados-tecnico-legislativo-322\/\" rel=\"noopener noreferrer\">EXPLORAR CURSOS<\/a>\n        <\/div>\n      <\/div>\n    \n    <\/div>\n\n  <\/div>\n<\/div>\n\n\n\n<h2 class=\"wp-block-heading\" id=\"datas\">Principais datas do concurso C\u00e2mara dos Deputados<\/h2>\n\n\n\n<ul class=\"wp-block-list\">\n<li><strong>Inscri\u00e7\u00f5es<\/strong>: <s>29 de janeiro a 20 de fevereiro<\/s><\/li>\n\n\n\n<li><strong>Isen\u00e7\u00e3o da taxa<\/strong>: <s>29 de janeiro a 20 de fevereiro<\/s><\/li>\n\n\n\n<li><strong>\u00daltimo dia para pagamento<\/strong>: 12 de mar\u00e7o<\/li>\n\n\n\n<li><strong>Prova<\/strong>: 26 de abril<\/li>\n<\/ul>\n\n\n\n<h2 class=\"wp-block-heading\" id=\"cargos-vagas\">Cargos e vagas do edital C\u00e2mara dos Deputados<\/h2>\n\n\n\n<p>Veja as vagas para o cargo de Policial Legislativo do Concurso C\u00e2mara dos Deputados 2026:<\/p>\n\n\n\n<figure class=\"wp-block-table is-style-stripes\"><table class=\"has-very-light-gray-to-cyan-bluish-gray-gradient-background has-background has-fixed-layout\"><thead><tr><th class=\"has-text-align-center\" data-align=\"center\">AC<\/th><th class=\"has-text-align-center\" data-align=\"center\">PCD<\/th><th class=\"has-text-align-center\" data-align=\"center\">PP<\/th><th class=\"has-text-align-center\" data-align=\"center\">PI<\/th><th class=\"has-text-align-center\" data-align=\"center\">PQ<\/th><th class=\"has-text-align-center\" data-align=\"center\">Total<\/th><\/tr><\/thead><tbody><tr><td class=\"has-text-align-center\" data-align=\"center\">26 + 26 CR<\/td><td class=\"has-text-align-center\" data-align=\"center\">2 + 2 CR<\/td><td class=\"has-text-align-center\" data-align=\"center\">10 + 10 CR<\/td><td class=\"has-text-align-center\" data-align=\"center\">1 + 1 CR<\/td><td class=\"has-text-align-center\" data-align=\"center\">1 + 1 CR<\/td><td class=\"has-text-align-center\" data-align=\"center\">40 + 40 CR<\/td><\/tr><\/tbody><\/table><\/figure>\n\n\n\n<p style=\"font-size:clamp(14px, 0.875rem + ((1vw - 3.2px) * 0.098), 15px);\"><strong>Legenda:<\/strong><\/p>\n\n\n\n<ul style=\"font-size:clamp(14px, 0.875rem + ((1vw - 3.2px) * 0.098), 15px);\" class=\"wp-block-list\">\n<li><strong>AC:<\/strong> Ampla Concorr\u00eancia<\/li>\n\n\n\n<li><strong>PCD:<\/strong> Pessoa com Defici\u00eancia<\/li>\n\n\n\n<li><strong>PP:<\/strong> Pretos e Pardos (negros)<\/li>\n\n\n\n<li><strong>PI:<\/strong> Pessoa Ind\u00edgena<\/li>\n\n\n\n<li><strong>PQ:<\/strong> Pessoa Quilombola<\/li>\n<\/ul>\n\n\n\n<h3 class=\"wp-block-heading\" id=\"h-quais-os-requisitos-para-policial-legislativo-da-camara-dos-deputados\">Quais os requisitos para Policial Legislativo da C\u00e2mara dos Deputados?<\/h3>\n\n\n\n<ul class=\"wp-block-list\">\n<li>Ter a nacionalidade brasileira ou portuguesa; no caso de nacionalidade portuguesa, estar amparado pelo Estatuto de Igualdade entre Brasileiros e Portugueses, com reconhecimento do gozo dos direitos pol\u00edticos, conforme \u00a7 1\u00ba do art. 12 da Constitui\u00e7\u00e3o Federal;<\/li>\n\n\n\n<li>Possuir diploma, devidamente registrado, de conclus\u00e3o de curso de gradua\u00e7\u00e3o em qualquer \u00e1rea de forma\u00e7\u00e3o;<\/li>\n\n\n\n<li>Estar em gozo dos direitos pol\u00edticos;<\/li>\n\n\n\n<li>Estar quite com as obriga\u00e7\u00f5es militares (para candidatos do sexo masculino);<\/li>\n\n\n\n<li>Estar quite com as obriga\u00e7\u00f5es eleitorais;<\/li>\n\n\n\n<li>Ter idade m\u00ednima de 18 anos completos na data da posse;<\/li>\n\n\n\n<li>Ter Carteira Nacional de Habilita\u00e7\u00e3o (CNH) ou Permiss\u00e3o para Dirigir ve\u00edculos automotores, de, no m\u00ednimo, categoria B, v\u00e1lida e sem impedimentos.<\/li>\n<\/ul>\n\n\n\n<h3 class=\"wp-block-heading\" id=\"h-atribuicoes-do-cargo-de-policia-legislativa-federal\">Atribui\u00e7\u00f5es do cargo de Pol\u00edcia Legislativa Federal<\/h3>\n\n\n\n<ul class=\"wp-block-list\">\n<li>Desempenhar atividades t\u00edpicas da Pol\u00edcia Legislativa Federal da C\u00e2mara dos Deputados, conforme art. 3\u00ba da Resolu\u00e7\u00e3o n\u00ba 18\/2003, atualizada pelas Resolu\u00e7\u00f5es n\u00ba 8\/2023 e n\u00ba 31\/2025;<\/li>\n\n\n\n<li>Realizar policiamento e garantir a seguran\u00e7a institucional;<\/li>\n\n\n\n<li>Prestar seguran\u00e7a pessoal;<\/li>\n\n\n\n<li>Executar investiga\u00e7\u00e3o criminal;<\/li>\n\n\n\n<li>Desenvolver atividades de intelig\u00eancia;<\/li>\n\n\n\n<li>Atuar na preven\u00e7\u00e3o e combate a sinistros.<\/li>\n<\/ul>\n\n\n\n<h2 class=\"wp-block-heading\" id=\"etapas\">Etapas e provas do edital C\u00e2mara dos Deputados Policial<\/h2>\n\n\n\n<p>Os candidatos do concurso da C\u00e2mara dos Deputados ser\u00e3o avaliados mediante aplica\u00e7\u00e3o das seguintes etapas: <\/p>\n\n\n\n<ul class=\"wp-block-list\">\n<li><strong>1\u00aa etapa<\/strong>\n<ul class=\"wp-block-list\">\n<li>Prova objetiva e prova discursiva, de car\u00e1ter eliminat\u00f3rio e classificat\u00f3rio;<\/li>\n\n\n\n<li>Teste de aptid\u00e3o f\u00edsica, de car\u00e1ter eliminat\u00f3rio;<\/li>\n\n\n\n<li>Sindic\u00e2ncia de vida pregressa e investiga\u00e7\u00e3o social, de car\u00e1ter eliminat\u00f3rio;<\/li>\n\n\n\n<li>Avalia\u00e7\u00e3o psicol\u00f3gica (primeiro momento), sem car\u00e1ter eliminat\u00f3rio e de presen\u00e7a obrigat\u00f3ria;<\/li>\n\n\n\n<li>Avalia\u00e7\u00e3o de sa\u00fade f\u00edsica e mental, de car\u00e1ter eliminat\u00f3rio.<\/li>\n<\/ul>\n<\/li>\n\n\n\n<li><strong>2\u00aa etapa<\/strong>\n<ul class=\"wp-block-list\">\n<li>Programa de forma\u00e7\u00e3o profissional, de car\u00e1ter eliminat\u00f3rio;<\/li>\n\n\n\n<li>Avalia\u00e7\u00e3o psicol\u00f3gica (segundo momento), de car\u00e1ter eliminat\u00f3rio e de presen\u00e7a obrigat\u00f3ria.<\/li>\n<\/ul>\n<\/li>\n<\/ul>\n\n\n\n<h3 class=\"wp-block-heading\" id=\"h-prova-objetiva\">Prova objetiva<\/h3>\n\n\n\n<p>As provas objetivas, de car\u00e1ter eliminat\u00f3rio e classificat\u00f3rio, valer\u00e3o 180,00 pontos, constitu\u00eddas de itens para julgamento de Certo ou Errado.<\/p>\n\n\n\n<ul class=\"wp-block-list\">\n<li><strong>Conhecimentos Gerais &#8211; 90 quest\u00f5es<\/strong>\n<ul class=\"wp-block-list\">\n<li>L\u00edngua Portuguesa<\/li>\n\n\n\n<li>L\u00edngua Inglesa<\/li>\n\n\n\n<li>Racioc\u00ednio L\u00f3gico e No\u00e7\u00f5es de Estat\u00edstica<\/li>\n\n\n\n<li>Direito Constitucional e Legisla\u00e7\u00e3o Interna da C\u00e2mara dos Deputados<\/li>\n\n\n\n<li>Direito Administrativo<\/li>\n\n\n\n<li>Inform\u00e1tica e Dados<\/li>\n<\/ul>\n<\/li>\n\n\n\n<li><strong>Conhecimentos Espec\u00edficos &#8211; 90 quest\u00f5es<\/strong>\n<ul class=\"wp-block-list\">\n<li>Direito Penal e Direito Processual Penal<\/li>\n\n\n\n<li>Criminologia e No\u00e7\u00f5es de Criminal\u00edstica<\/li>\n\n\n\n<li>Direitos Humanos e Legisla\u00e7\u00e3o Correlata<\/li>\n\n\n\n<li>Atividade de Intelig\u00eancia<\/li>\n<\/ul>\n<\/li>\n<\/ul>\n\n\n\n<p>Ser\u00e1 reprovado nas provas objetivas e eliminado do concurso C\u00e2mara dos Deputados Policial o candidato que se enquadrar em pelo menos um dos itens a seguir:<\/p>\n\n\n\n<ul class=\"wp-block-list\">\n<li><strong>a) <\/strong>obtiver nota inferior a 18,00 pontos na prova objetiva de conhecimentos gerais P1;<\/li>\n\n\n\n<li><strong>b)<\/strong> obtiver nota inferior a 27,00 pontos na prova objetiva de conhecimentos espec\u00edficos P2;<\/li>\n\n\n\n<li><strong>c)<\/strong> obtiver nota inferior a 54,00 pontos no conjunto das provas objetivas.<\/li>\n<\/ul>\n\n\n\n<h3 class=\"wp-block-heading\" id=\"h-prova-discursiva\">Prova discursiva<\/h3>\n\n\n\n<p>A prova discursiva do edital C\u00e2mara dos Deputados para o cargo de Policial valer\u00e1 o total de 60,00 pontos e consistir\u00e1 em:<\/p>\n\n\n\n<ul class=\"wp-block-list\">\n<li><strong>a)<\/strong> duas quest\u00f5es, sendo uma sobre os objetos de avalia\u00e7\u00e3o de Atividade de Intelig\u00eancia e a outra sobre os objetos de avalia\u00e7\u00e3o de Criminologia e No\u00e7\u00f5es de Criminal\u00edstica ou Direitos Humanos e Legisla\u00e7\u00e3o correlata, a serem respondidas em at\u00e9 20 linhas cada, no valor de 15,00 pontos cada;<\/li>\n\n\n\n<li><strong>b) <\/strong>uma pe\u00e7a de natureza t\u00e9cnica sobre os objetos de avalia\u00e7\u00e3o de Direito Penal e Direito Processual Penal, a ser respondida em at\u00e9 50 linhas, no valor de 30,00 pontos.<\/li>\n<\/ul>\n\n\n\n<p>As quest\u00f5es discursivas valer\u00e3o 15,00 pontos cada e a pe\u00e7a de natureza t\u00e9cnica valer\u00e1 30,00 pontos. Ser\u00e1 aprovado na prova discursiva o candidato que obtiver nota inferior a 30,00 pontos.<\/p>\n\n\n\n<h3 class=\"wp-block-heading\" id=\"h-teste-de-aptidao-fisica\">Teste de Aptid\u00e3o F\u00edsica<\/h3>\n\n\n\n<p>Ser\u00e3o convocados para o teste de aptid\u00e3o f\u00edsica todos os candidatos aprovados na prova discursiva. A etapa consistir\u00e1 dos seguintes testes:<\/p>\n\n\n\n<ul class=\"wp-block-list\">\n<li><strong>a) <\/strong>teste din\u00e2mico de flex\u00e3o de bra\u00e7o em barra fixa (para candidatos do sexo masculino) ou teste est\u00e1tico de flex\u00e3o de bra\u00e7o em barra fixa (para candidatas do sexo feminino);<\/li>\n\n\n\n<li><strong>b) <\/strong>teste de impuls\u00e3o horizontal;<\/li>\n\n\n\n<li><strong>c) <\/strong>teste de shuttle run (ir e vir);<\/li>\n\n\n\n<li><strong>d)<\/strong> teste de nata\u00e7\u00e3o de 50 metros;<\/li>\n\n\n\n<li><strong>e)<\/strong> teste de corrida de 12 minutos.<\/li>\n<\/ul>\n\n\n\n<figure class=\"wp-block-table is-style-stripes\"><table class=\"has-very-light-gray-to-cyan-bluish-gray-gradient-background has-background has-fixed-layout\"><thead><tr><th class=\"has-text-align-center\" data-align=\"center\">Teste<\/th><th class=\"has-text-align-center\" data-align=\"center\">Feminino<\/th><th class=\"has-text-align-center\" data-align=\"center\">Masculino<\/th><\/tr><\/thead><tbody><tr><td class=\"has-text-align-center\" data-align=\"center\">flex\u00e3o em barra fixa<\/td><td class=\"has-text-align-center\" data-align=\"center\">15 segundos<\/td><td class=\"has-text-align-center\" data-align=\"center\">5 repeti\u00e7\u00f5es<\/td><\/tr><tr><td class=\"has-text-align-center\" data-align=\"center\">impuls\u00e3o horizontal<\/td><td class=\"has-text-align-center\" data-align=\"center\">1,60 metros<\/td><td class=\"has-text-align-center\" data-align=\"center\">2,05 metros<\/td><\/tr><tr><td class=\"has-text-align-center\" data-align=\"center\">shuttle run<\/td><td class=\"has-text-align-center\" data-align=\"center\">at\u00e9 15 segundos<\/td><td class=\"has-text-align-center\" data-align=\"center\">at\u00e9 13 segundos<\/td><\/tr><tr><td class=\"has-text-align-center\" data-align=\"center\">nata\u00e7\u00e3o <\/td><td class=\"has-text-align-center\" data-align=\"center\">64 segundos<\/td><td class=\"has-text-align-center\" data-align=\"center\">56 segundos<\/td><\/tr><tr><td class=\"has-text-align-center\" data-align=\"center\">corrida<\/td><td class=\"has-text-align-center\" data-align=\"center\">1.800 metros<\/td><td class=\"has-text-align-center\" data-align=\"center\">2.200 metros<\/td><\/tr><\/tbody><\/table><\/figure>\n\n\n\n<h2 class=\"wp-block-heading\" id=\"etapas\">Guia de estudos Policial C\u00e2mara dos Deputados<\/h2>\n\n\n\n<ul class=\"wp-block-list\">\n<li><a href=\"https:\/\/www.estrategiaconcursos.com.br\/blog\/guia-estudos-camara-dos-deputados-policial-2026\/\" target=\"_blank\" rel=\"noreferrer noopener\">Guia de Estudos &#8211; C\u00e2mara dos Deputados Policial 2026<\/a><\/li>\n<\/ul>\n\n\n\n<p class=\"has-text-align-center has-background\" style=\"background-color:#abb7c24d;font-size:clamp(15.197px, 0.95rem + ((1vw - 3.2px) * 0.765), 23px);\"><strong>Saiba mais: <a href=\"https:\/\/www.estrategiaconcursos.com.br\/blog\/concurso-camara-dos-deputados\/\" target=\"_blank\" rel=\"noopener\">Concurso C\u00e2mara dos Deputados 2026<\/a><\/strong><\/p>\n\n\n\n<hr class=\"wp-block-separator has-alpha-channel-opacity\"\/>\n\n\n\n<h2 class=\"wp-block-heading has-text-align-center\" id=\"h-quer-saber-tudo-sobre-concursos-previstos-confira-nossos-artigos\">Quer saber tudo sobre concursos previstos?<br \/>Confira nossos artigos!<\/h2>\n\n\n\n<ul class=\"wp-block-list\">\n<li><a href=\"https:\/\/www.estrategiaconcursos.com.br\/blog\/concursos-abertos\/\" target=\"_blank\" rel=\"noreferrer noopener\">Concursos abertos<\/a><\/li>\n\n\n\n<li><a href=\"https:\/\/www.estrategiaconcursos.com.br\/blog\/concursos-2026\/\" target=\"_blank\" rel=\"noreferrer noopener\">Concursos 2026<\/a><\/li>\n\n\n\n<li><a href=\"https:\/\/www.estrategiaconcursos.com.br\/blog\/concursos-area-legislativa\/\" target=\"_blank\" rel=\"noreferrer noopener\">Concursos legislativos<\/a><\/li>\n<\/ul>\n\n\n\n<h2 class=\"wp-block-heading has-text-align-center\" id=\"h-prepare-se-agora-para-o-edital-do-camara-dos-deputados-policial\">Prepare-se agora para o edital do C\u00e2mara dos Deputados Policial!<\/h2>\n\n\n\n<div class=\"container\" id=\"boxes\">\n  <div class=\"row\">\n\n    <div class=\"col-sm\">\n      <div class=\"banner-legislativo\" id=\"box-assinatura\">\n        <h3 class=\"titulo-assinatura\">Edital C\u00e2mara dos Deputados<\/h3>\n        <p class=\"subtitulo-assinatura\">Estude conosco<\/p>\n        <div class=\"box-botao\">\n          <a class=\"btn-assinatura\" target=\"_blank\" href=\"https:\/\/www.estrategiaconcursos.com.br\/cursosPorConcurso\/camara-dos-deputados\/\" rel=\"noopener noreferrer\">Conhe\u00e7a os cursos<\/a>\n        <\/div>\n      <\/div>\n    \n    <\/div>\n\n  <\/div>\n<\/div>\n\n\n\n<div class=\"container\" id=\"boxes\">\n  <div class=\"row\">\n\n    <div class=\"col-sm\">\n      <div class=\"estrategia\" id=\"box-assinatura\">\n        <h3 class=\"titulo-assinatura\">Assinatura Concursos<\/h3>\n        <p class=\"subtitulo-assinatura\">Assinatura de 1 ano ou 2 anos<\/p>\n        <div class=\"box-botao\">\n          <a class=\"btn-assinatura\" target=\"_blank\" href=\"https:\/\/www.estrategiaconcursos.com.br\/assinaturas\/\" role=\"button\" rel=\"noopener noreferrer\">ASSINE AGORA<\/a>\n        <\/div>\n      <\/div>\n     \n    <\/div><\/div><\/div>\n\n\n\n<figure class=\"wp-block-image size-large is-resized\"><img loading=\"lazy\" decoding=\"async\" width=\"1024\" height=\"632\" src=\"https:\/\/dhg1h5j42swfq.cloudfront.net\/2025\/06\/27101122\/ficha-tecnica-1-1024x632.png\" alt=\"Ficha t\u00e9cnica \" class=\"wp-image-702728\" style=\"width:269px;height:166px\" srcset=\"https:\/\/dhg1h5j42swfq.cloudfront.net\/2025\/06\/27101122\/ficha-tecnica-1-1024x632.png 1024w, https:\/\/dhg1h5j42swfq.cloudfront.net\/2025\/06\/27101122\/ficha-tecnica-1-300x185.png 300w, https:\/\/dhg1h5j42swfq.cloudfront.net\/2025\/06\/27101122\/ficha-tecnica-1-768x474.png 768w, https:\/\/dhg1h5j42swfq.cloudfront.net\/2025\/06\/27101122\/ficha-tecnica-1-1536x948.png 1536w, https:\/\/dhg1h5j42swfq.cloudfront.net\/2025\/06\/27101122\/ficha-tecnica-1-610x377.png 610w, https:\/\/dhg1h5j42swfq.cloudfront.net\/2025\/06\/27101122\/ficha-tecnica-1.png 1571w\" sizes=\"auto, (max-width: 1024px) 100vw, 1024px\" \/><\/figure>\n\n\n\n<h3 class=\"wp-block-heading\" id=\"block-ba1614b5-988b-41ef-892d-f4c9f7e9dd42\">Informa\u00e7\u00f5es do edital C\u00e2mara dos Deputados<\/h3>\n\n\n\n<ul id=\"block-46dd482c-33cf-409c-8762-75c111403f14\" class=\"wp-block-list\">\n<li><strong>Provas<\/strong>: 26\/04\/2026<\/li>\n\n\n\n<li><strong>Vagas<\/strong>: 40 + 40 CR<\/li>\n\n\n\n<li><strong>Cargos<\/strong>: Policial Legislativo Federal (PLF)<\/li>\n\n\n\n<li><strong>Banca<\/strong>: Cebraspe<\/li>\n\n\n\n<li><strong>Escolaridade<\/strong>: n\u00edvel superior<\/li>\n\n\n\n<li><strong>Edital:<\/strong> <a href=\"https:\/\/dhg1h5j42swfq.cloudfront.net\/2026\/01\/23181747\/c78734d46b60be29ba54fa925df4ebc2a2c49315b5903c2f1ca0bb1ac43129da-1.pdf\" target=\"_blank\" rel=\"noreferrer noopener\">C\u00e2mara dos Deputados Policial-2026<\/a><\/li>\n<\/ul>\n","protected":false},"excerpt":{"rendered":"<p>Novo edital do concurso C\u00e2mara dos Deputados 2026 \u00e9 publicado com 40 vagas para Policial Legislativo. Provas em abril! Est\u00e1 na pra\u00e7a o novo edital C\u00e2mara dos Deputados para provimento de 40 vagas imediatas e 40 em cadastro de reserva ao cargo de Policial Legislativo. A carreira exige escolaridade de n\u00edvel superior em qualquer \u00e1rea [&hellip;]<\/p>\n","protected":false},"author":1206,"featured_media":948559,"comment_status":"open","ping_status":"closed","sticky":false,"template":"","format":"standard","meta":{"post_tipo":"news","footnotes":""},"categories":[2017,1988,220219],"tags":[519],"tax_estado":[219963,219970],"class_list":["post-1704457","post","type-post","status-publish","format-standard","has-post-thumbnail","hentry","category-concursos-legislativos","category-policia","category-noticias","tag-camara-dos-deputados","tax_estado-concursos-federais","tax_estado-df"],"acf":[],"yoast_head":"<!-- This site is optimized with the Yoast SEO Premium plugin v27.2 (Yoast SEO v27.2) - https:\/\/yoast.com\/product\/yoast-seo-premium-wordpress\/ -->\n<title>Edital C\u00e2mara dos Deputados Policial SAIU! Inicial R$ 21,3 mil<\/title>\n<meta name=\"description\" content=\"Edital C\u00e2mara dos Deputados Policial Legislativo 2026 \u00e9 publicado! S\u00e3o 40 vagas e cadastro de reserva; sal\u00e1rio at\u00e9 R$ 21,3 mil\" \/>\n<meta name=\"robots\" content=\"index, follow, max-snippet:-1, max-image-preview:large, max-video-preview:-1\" \/>\n<link rel=\"canonical\" href=\"https:\/\/www.estrategiaconcursos.com.br\/blog\/concurso-camara-dos-deputados-2026-edital-policial-legislativo\/\" \/>\n<meta property=\"og:locale\" content=\"pt_BR\" \/>\n<meta property=\"og:type\" content=\"article\" \/>\n<meta property=\"og:title\" content=\"Edital C\u00e2mara dos Deputados Policial SAIU! Inicial R$ 21,3 mil\" \/>\n<meta property=\"og:description\" content=\"Edital C\u00e2mara dos Deputados Policial Legislativo 2026 \u00e9 publicado! S\u00e3o 40 vagas e cadastro de reserva; sal\u00e1rio at\u00e9 R$ 21,3 mil\" \/>\n<meta property=\"og:url\" content=\"https:\/\/www.estrategiaconcursos.com.br\/blog\/concurso-camara-dos-deputados-2026-edital-policial-legislativo\/\" \/>\n<meta property=\"og:site_name\" content=\"Estrat\u00e9gia Concursos\" \/>\n<meta property=\"article:published_time\" content=\"2026-02-16T10:00:00+00:00\" \/>\n<meta property=\"article:modified_time\" content=\"2026-02-23T11:10:29+00:00\" \/>\n<meta property=\"og:image\" content=\"https:\/\/dhg1h5j42swfq.cloudfront.net\/2022\/01\/17085617\/camara_dos_deputados.jpg\" \/>\n\t<meta property=\"og:image:width\" content=\"768\" \/>\n\t<meta property=\"og:image:height\" content=\"432\" \/>\n\t<meta property=\"og:image:type\" content=\"image\/jpeg\" \/>\n<meta name=\"author\" content=\"Bruna de Andrade Fran\u00e7a\" \/>\n<meta name=\"twitter:card\" content=\"summary_large_image\" \/>\n<meta name=\"twitter:creator\" content=\"@EstratConcursos\" \/>\n<meta name=\"twitter:site\" content=\"@EstratConcursos\" \/>\n<meta name=\"twitter:label1\" content=\"Escrito por\" \/>\n\t<meta name=\"twitter:data1\" content=\"Bruna de Andrade Fran\u00e7a\" \/>\n\t<meta name=\"twitter:label2\" content=\"Est. tempo de leitura\" \/>\n\t<meta name=\"twitter:data2\" content=\"5 minutos\" \/>\n<script type=\"application\/ld+json\" class=\"yoast-schema-graph\">{\"@context\":\"https:\/\/schema.org\",\"@graph\":[{\"@type\":\"NewsArticle\",\"@id\":\"https:\/\/www.estrategiaconcursos.com.br\/blog\/concurso-camara-dos-deputados-2026-edital-policial-legislativo\/#article\",\"isPartOf\":{\"@id\":\"https:\/\/www.estrategiaconcursos.com.br\/blog\/concurso-camara-dos-deputados-2026-edital-policial-legislativo\/\"},\"author\":{\"name\":\"Bruna de Andrade Fran\u00e7a\",\"@id\":\"https:\/\/www.estrategiaconcursos.com.br\/blog\/#\/schema\/person\/6630f91134abc08115cca62ce6372855\"},\"headline\":\"Edital C\u00e2mara dos Deputados Policial SAIU! Inicial R$ 21,3 mil\",\"datePublished\":\"2026-02-16T10:00:00+00:00\",\"dateModified\":\"2026-02-23T11:10:29+00:00\",\"mainEntityOfPage\":{\"@id\":\"https:\/\/www.estrategiaconcursos.com.br\/blog\/concurso-camara-dos-deputados-2026-edital-policial-legislativo\/\"},\"wordCount\":1118,\"commentCount\":0,\"publisher\":{\"@id\":\"https:\/\/www.estrategiaconcursos.com.br\/blog\/#organization\"},\"image\":{\"@id\":\"https:\/\/www.estrategiaconcursos.com.br\/blog\/concurso-camara-dos-deputados-2026-edital-policial-legislativo\/#primaryimage\"},\"thumbnailUrl\":\"https:\/\/dhg1h5j42swfq.cloudfront.net\/2022\/01\/17085617\/camara_dos_deputados.jpg\",\"keywords\":[\"C\u00e2mara dos Deputados\"],\"articleSection\":[\"Legislativo\",\"Policial (Agente, Escriv\u00e3o e Investigador)\",\"\u00daltimas not\u00edcias\"],\"inLanguage\":\"pt-BR\",\"potentialAction\":[{\"@type\":\"CommentAction\",\"name\":\"Comment\",\"target\":[\"https:\/\/www.estrategiaconcursos.com.br\/blog\/concurso-camara-dos-deputados-2026-edital-policial-legislativo\/#respond\"]}],\"copyrightYear\":\"2026\",\"copyrightHolder\":{\"@id\":\"https:\/\/www.estrategiaconcursos.com.br\/blog\/#organization\"}},{\"@type\":\"WebPage\",\"@id\":\"https:\/\/www.estrategiaconcursos.com.br\/blog\/concurso-camara-dos-deputados-2026-edital-policial-legislativo\/\",\"url\":\"https:\/\/www.estrategiaconcursos.com.br\/blog\/concurso-camara-dos-deputados-2026-edital-policial-legislativo\/\",\"name\":\"Edital C\u00e2mara dos Deputados Policial SAIU! Inicial R$ 21,3 mil\",\"isPartOf\":{\"@id\":\"https:\/\/www.estrategiaconcursos.com.br\/blog\/#website\"},\"primaryImageOfPage\":{\"@id\":\"https:\/\/www.estrategiaconcursos.com.br\/blog\/concurso-camara-dos-deputados-2026-edital-policial-legislativo\/#primaryimage\"},\"image\":{\"@id\":\"https:\/\/www.estrategiaconcursos.com.br\/blog\/concurso-camara-dos-deputados-2026-edital-policial-legislativo\/#primaryimage\"},\"thumbnailUrl\":\"https:\/\/dhg1h5j42swfq.cloudfront.net\/2022\/01\/17085617\/camara_dos_deputados.jpg\",\"datePublished\":\"2026-02-16T10:00:00+00:00\",\"dateModified\":\"2026-02-23T11:10:29+00:00\",\"description\":\"Edital C\u00e2mara dos Deputados Policial Legislativo 2026 \u00e9 publicado! S\u00e3o 40 vagas e cadastro de reserva; sal\u00e1rio at\u00e9 R$ 21,3 mil\",\"breadcrumb\":{\"@id\":\"https:\/\/www.estrategiaconcursos.com.br\/blog\/concurso-camara-dos-deputados-2026-edital-policial-legislativo\/#breadcrumb\"},\"inLanguage\":\"pt-BR\",\"potentialAction\":[{\"@type\":\"ReadAction\",\"target\":[\"https:\/\/www.estrategiaconcursos.com.br\/blog\/concurso-camara-dos-deputados-2026-edital-policial-legislativo\/\"]}]},{\"@type\":\"ImageObject\",\"inLanguage\":\"pt-BR\",\"@id\":\"https:\/\/www.estrategiaconcursos.com.br\/blog\/concurso-camara-dos-deputados-2026-edital-policial-legislativo\/#primaryimage\",\"url\":\"https:\/\/dhg1h5j42swfq.cloudfront.net\/2022\/01\/17085617\/camara_dos_deputados.jpg\",\"contentUrl\":\"https:\/\/dhg1h5j42swfq.cloudfront.net\/2022\/01\/17085617\/camara_dos_deputados.jpg\",\"width\":768,\"height\":432,\"caption\":\"concurso c\u00e2mara dos deputados\"},{\"@type\":\"BreadcrumbList\",\"@id\":\"https:\/\/www.estrategiaconcursos.com.br\/blog\/concurso-camara-dos-deputados-2026-edital-policial-legislativo\/#breadcrumb\",\"itemListElement\":[{\"@type\":\"ListItem\",\"position\":1,\"name\":\"In\u00edcio\",\"item\":\"https:\/\/www.estrategiaconcursos.com.br\/blog\/\"},{\"@type\":\"ListItem\",\"position\":2,\"name\":\"Edital C\u00e2mara dos Deputados Policial SAIU! Inicial R$ 21,3 mil\"}]},{\"@type\":\"WebSite\",\"@id\":\"https:\/\/www.estrategiaconcursos.com.br\/blog\/#website\",\"url\":\"https:\/\/www.estrategiaconcursos.com.br\/blog\/\",\"name\":\"Estrat\u00e9gia Concursos\",\"description\":\"O blog da Estrat\u00e9gia Concursos traz not\u00edcias sobre concursos e artigos de professores oferecendo cursos para concursos (pdf + videaulas) no site.\",\"publisher\":{\"@id\":\"https:\/\/www.estrategiaconcursos.com.br\/blog\/#organization\"},\"potentialAction\":[{\"@type\":\"SearchAction\",\"target\":{\"@type\":\"EntryPoint\",\"urlTemplate\":\"https:\/\/www.estrategiaconcursos.com.br\/blog\/?s={search_term_string}\"},\"query-input\":{\"@type\":\"PropertyValueSpecification\",\"valueRequired\":true,\"valueName\":\"search_term_string\"}}],\"inLanguage\":\"pt-BR\"},{\"@type\":\"Organization\",\"@id\":\"https:\/\/www.estrategiaconcursos.com.br\/blog\/#organization\",\"name\":\"Estrat\u00e9gia Concursos\",\"url\":\"https:\/\/www.estrategiaconcursos.com.br\/blog\/\",\"logo\":{\"@type\":\"ImageObject\",\"inLanguage\":\"pt-BR\",\"@id\":\"https:\/\/www.estrategiaconcursos.com.br\/blog\/#\/schema\/logo\/image\/\",\"url\":\"https:\/\/dhg1h5j42swfq.cloudfront.net\/2025\/06\/03203428\/logo_concursos-1.jpg\",\"contentUrl\":\"https:\/\/dhg1h5j42swfq.cloudfront.net\/2025\/06\/03203428\/logo_concursos-1.jpg\",\"width\":230,\"height\":60,\"caption\":\"Estrat\u00e9gia Concursos\"},\"image\":{\"@id\":\"https:\/\/www.estrategiaconcursos.com.br\/blog\/#\/schema\/logo\/image\/\"},\"sameAs\":[\"https:\/\/x.com\/EstratConcursos\"]},{\"@type\":\"Person\",\"@id\":\"https:\/\/www.estrategiaconcursos.com.br\/blog\/#\/schema\/person\/6630f91134abc08115cca62ce6372855\",\"name\":\"Bruna de Andrade Fran\u00e7a\",\"image\":{\"@type\":\"ImageObject\",\"inLanguage\":\"pt-BR\",\"@id\":\"https:\/\/secure.gravatar.com\/avatar\/d6316d36d50cea0fadae28ed3015b8870cc90a2d3d8a95c37b44006af36a00e3?s=96&d=mm&r=g\",\"url\":\"https:\/\/secure.gravatar.com\/avatar\/d6316d36d50cea0fadae28ed3015b8870cc90a2d3d8a95c37b44006af36a00e3?s=96&d=mm&r=g\",\"contentUrl\":\"https:\/\/secure.gravatar.com\/avatar\/d6316d36d50cea0fadae28ed3015b8870cc90a2d3d8a95c37b44006af36a00e3?s=96&d=mm&r=g\",\"caption\":\"Bruna de Andrade Fran\u00e7a\"},\"description\":\"Bruna de Andrade Fran\u00e7a \u00e9 publicit\u00e1ria com p\u00f3s-gradua\u00e7\u00e3o em Marketing &amp; Growth, atuando h\u00e1 mais de 6 anos no universo dos concursos p\u00fablicos. Desde 2021, lidera no Blog do Estrat\u00e9gia Concursos a cobertura editorial especializada em Concursos Policiais (PF, PRF, PM, PC, etc.), al\u00e9m das frentes de concursos banc\u00e1rios, de sa\u00fade e da \u00e1rea legislativa. Especialista em reda\u00e7\u00e3o, com pr\u00e1ticas de SEO e Copywriting, possui tamb\u00e9m atua\u00e7\u00e3o pr\u00e1tica de contato direto com \u00f3rg\u00e3os p\u00fablicos respons\u00e1veis por editais, permitindo acesso antecipado a informa\u00e7\u00f5es, desdobramentos importantes e atualiza\u00e7\u00e3o eficiente dos concursos p\u00fablicos.\",\"url\":\"https:\/\/www.estrategiaconcursos.com.br\/blog\/author\/bruna-andrade\/\"}]}<\/script>\n<!-- \/ Yoast SEO Premium plugin. -->","yoast_head_json":{"title":"Edital C\u00e2mara dos Deputados Policial SAIU! Inicial R$ 21,3 mil","description":"Edital C\u00e2mara dos Deputados Policial Legislativo 2026 \u00e9 publicado! S\u00e3o 40 vagas e cadastro de reserva; sal\u00e1rio at\u00e9 R$ 21,3 mil","robots":{"index":"index","follow":"follow","max-snippet":"max-snippet:-1","max-image-preview":"max-image-preview:large","max-video-preview":"max-video-preview:-1"},"canonical":"https:\/\/www.estrategiaconcursos.com.br\/blog\/concurso-camara-dos-deputados-2026-edital-policial-legislativo\/","og_locale":"pt_BR","og_type":"article","og_title":"Edital C\u00e2mara dos Deputados Policial SAIU! Inicial R$ 21,3 mil","og_description":"Edital C\u00e2mara dos Deputados Policial Legislativo 2026 \u00e9 publicado! S\u00e3o 40 vagas e cadastro de reserva; sal\u00e1rio at\u00e9 R$ 21,3 mil","og_url":"https:\/\/www.estrategiaconcursos.com.br\/blog\/concurso-camara-dos-deputados-2026-edital-policial-legislativo\/","og_site_name":"Estrat\u00e9gia Concursos","article_published_time":"2026-02-16T10:00:00+00:00","article_modified_time":"2026-02-23T11:10:29+00:00","og_image":[{"width":768,"height":432,"url":"https:\/\/dhg1h5j42swfq.cloudfront.net\/2022\/01\/17085617\/camara_dos_deputados.jpg","type":"image\/jpeg"}],"author":"Bruna de Andrade Fran\u00e7a","twitter_card":"summary_large_image","twitter_creator":"@EstratConcursos","twitter_site":"@EstratConcursos","twitter_misc":{"Escrito por":"Bruna de Andrade Fran\u00e7a","Est. tempo de leitura":"5 minutos"},"schema":{"@context":"https:\/\/schema.org","@graph":[{"@type":"NewsArticle","@id":"https:\/\/www.estrategiaconcursos.com.br\/blog\/concurso-camara-dos-deputados-2026-edital-policial-legislativo\/#article","isPartOf":{"@id":"https:\/\/www.estrategiaconcursos.com.br\/blog\/concurso-camara-dos-deputados-2026-edital-policial-legislativo\/"},"author":{"name":"Bruna de Andrade Fran\u00e7a","@id":"https:\/\/www.estrategiaconcursos.com.br\/blog\/#\/schema\/person\/6630f91134abc08115cca62ce6372855"},"headline":"Edital C\u00e2mara dos Deputados Policial SAIU! Inicial R$ 21,3 mil","datePublished":"2026-02-16T10:00:00+00:00","dateModified":"2026-02-23T11:10:29+00:00","mainEntityOfPage":{"@id":"https:\/\/www.estrategiaconcursos.com.br\/blog\/concurso-camara-dos-deputados-2026-edital-policial-legislativo\/"},"wordCount":1118,"commentCount":0,"publisher":{"@id":"https:\/\/www.estrategiaconcursos.com.br\/blog\/#organization"},"image":{"@id":"https:\/\/www.estrategiaconcursos.com.br\/blog\/concurso-camara-dos-deputados-2026-edital-policial-legislativo\/#primaryimage"},"thumbnailUrl":"https:\/\/dhg1h5j42swfq.cloudfront.net\/2022\/01\/17085617\/camara_dos_deputados.jpg","keywords":["C\u00e2mara dos Deputados"],"articleSection":["Legislativo","Policial (Agente, Escriv\u00e3o e Investigador)","\u00daltimas not\u00edcias"],"inLanguage":"pt-BR","potentialAction":[{"@type":"CommentAction","name":"Comment","target":["https:\/\/www.estrategiaconcursos.com.br\/blog\/concurso-camara-dos-deputados-2026-edital-policial-legislativo\/#respond"]}],"copyrightYear":"2026","copyrightHolder":{"@id":"https:\/\/www.estrategiaconcursos.com.br\/blog\/#organization"}},{"@type":"WebPage","@id":"https:\/\/www.estrategiaconcursos.com.br\/blog\/concurso-camara-dos-deputados-2026-edital-policial-legislativo\/","url":"https:\/\/www.estrategiaconcursos.com.br\/blog\/concurso-camara-dos-deputados-2026-edital-policial-legislativo\/","name":"Edital C\u00e2mara dos Deputados Policial SAIU! Inicial R$ 21,3 mil","isPartOf":{"@id":"https:\/\/www.estrategiaconcursos.com.br\/blog\/#website"},"primaryImageOfPage":{"@id":"https:\/\/www.estrategiaconcursos.com.br\/blog\/concurso-camara-dos-deputados-2026-edital-policial-legislativo\/#primaryimage"},"image":{"@id":"https:\/\/www.estrategiaconcursos.com.br\/blog\/concurso-camara-dos-deputados-2026-edital-policial-legislativo\/#primaryimage"},"thumbnailUrl":"https:\/\/dhg1h5j42swfq.cloudfront.net\/2022\/01\/17085617\/camara_dos_deputados.jpg","datePublished":"2026-02-16T10:00:00+00:00","dateModified":"2026-02-23T11:10:29+00:00","description":"Edital C\u00e2mara dos Deputados Policial Legislativo 2026 \u00e9 publicado! S\u00e3o 40 vagas e cadastro de reserva; sal\u00e1rio at\u00e9 R$ 21,3 mil","breadcrumb":{"@id":"https:\/\/www.estrategiaconcursos.com.br\/blog\/concurso-camara-dos-deputados-2026-edital-policial-legislativo\/#breadcrumb"},"inLanguage":"pt-BR","potentialAction":[{"@type":"ReadAction","target":["https:\/\/www.estrategiaconcursos.com.br\/blog\/concurso-camara-dos-deputados-2026-edital-policial-legislativo\/"]}]},{"@type":"ImageObject","inLanguage":"pt-BR","@id":"https:\/\/www.estrategiaconcursos.com.br\/blog\/concurso-camara-dos-deputados-2026-edital-policial-legislativo\/#primaryimage","url":"https:\/\/dhg1h5j42swfq.cloudfront.net\/2022\/01\/17085617\/camara_dos_deputados.jpg","contentUrl":"https:\/\/dhg1h5j42swfq.cloudfront.net\/2022\/01\/17085617\/camara_dos_deputados.jpg","width":768,"height":432,"caption":"concurso c\u00e2mara dos deputados"},{"@type":"BreadcrumbList","@id":"https:\/\/www.estrategiaconcursos.com.br\/blog\/concurso-camara-dos-deputados-2026-edital-policial-legislativo\/#breadcrumb","itemListElement":[{"@type":"ListItem","position":1,"name":"In\u00edcio","item":"https:\/\/www.estrategiaconcursos.com.br\/blog\/"},{"@type":"ListItem","position":2,"name":"Edital C\u00e2mara dos Deputados Policial SAIU! Inicial R$ 21,3 mil"}]},{"@type":"WebSite","@id":"https:\/\/www.estrategiaconcursos.com.br\/blog\/#website","url":"https:\/\/www.estrategiaconcursos.com.br\/blog\/","name":"Estrat\u00e9gia Concursos","description":"O blog da Estrat\u00e9gia Concursos traz not\u00edcias sobre concursos e artigos de professores oferecendo cursos para concursos (pdf + videaulas) no site.","publisher":{"@id":"https:\/\/www.estrategiaconcursos.com.br\/blog\/#organization"},"potentialAction":[{"@type":"SearchAction","target":{"@type":"EntryPoint","urlTemplate":"https:\/\/www.estrategiaconcursos.com.br\/blog\/?s={search_term_string}"},"query-input":{"@type":"PropertyValueSpecification","valueRequired":true,"valueName":"search_term_string"}}],"inLanguage":"pt-BR"},{"@type":"Organization","@id":"https:\/\/www.estrategiaconcursos.com.br\/blog\/#organization","name":"Estrat\u00e9gia Concursos","url":"https:\/\/www.estrategiaconcursos.com.br\/blog\/","logo":{"@type":"ImageObject","inLanguage":"pt-BR","@id":"https:\/\/www.estrategiaconcursos.com.br\/blog\/#\/schema\/logo\/image\/","url":"https:\/\/dhg1h5j42swfq.cloudfront.net\/2025\/06\/03203428\/logo_concursos-1.jpg","contentUrl":"https:\/\/dhg1h5j42swfq.cloudfront.net\/2025\/06\/03203428\/logo_concursos-1.jpg","width":230,"height":60,"caption":"Estrat\u00e9gia Concursos"},"image":{"@id":"https:\/\/www.estrategiaconcursos.com.br\/blog\/#\/schema\/logo\/image\/"},"sameAs":["https:\/\/x.com\/EstratConcursos"]},{"@type":"Person","@id":"https:\/\/www.estrategiaconcursos.com.br\/blog\/#\/schema\/person\/6630f91134abc08115cca62ce6372855","name":"Bruna de Andrade Fran\u00e7a","image":{"@type":"ImageObject","inLanguage":"pt-BR","@id":"https:\/\/secure.gravatar.com\/avatar\/d6316d36d50cea0fadae28ed3015b8870cc90a2d3d8a95c37b44006af36a00e3?s=96&d=mm&r=g","url":"https:\/\/secure.gravatar.com\/avatar\/d6316d36d50cea0fadae28ed3015b8870cc90a2d3d8a95c37b44006af36a00e3?s=96&d=mm&r=g","contentUrl":"https:\/\/secure.gravatar.com\/avatar\/d6316d36d50cea0fadae28ed3015b8870cc90a2d3d8a95c37b44006af36a00e3?s=96&d=mm&r=g","caption":"Bruna de Andrade Fran\u00e7a"},"description":"Bruna de Andrade Fran\u00e7a \u00e9 publicit\u00e1ria com p\u00f3s-gradua\u00e7\u00e3o em Marketing &amp; Growth, atuando h\u00e1 mais de 6 anos no universo dos concursos p\u00fablicos. Desde 2021, lidera no Blog do Estrat\u00e9gia Concursos a cobertura editorial especializada em Concursos Policiais (PF, PRF, PM, PC, etc.), al\u00e9m das frentes de concursos banc\u00e1rios, de sa\u00fade e da \u00e1rea legislativa. Especialista em reda\u00e7\u00e3o, com pr\u00e1ticas de SEO e Copywriting, possui tamb\u00e9m atua\u00e7\u00e3o pr\u00e1tica de contato direto com \u00f3rg\u00e3os p\u00fablicos respons\u00e1veis por editais, permitindo acesso antecipado a informa\u00e7\u00f5es, desdobramentos importantes e atualiza\u00e7\u00e3o eficiente dos concursos p\u00fablicos.","url":"https:\/\/www.estrategiaconcursos.com.br\/blog\/author\/bruna-andrade\/"}]}},"_links":{"self":[{"href":"https:\/\/www.estrategiaconcursos.com.br\/blog\/wp-json\/wp\/v2\/posts\/1704457","targetHints":{"allow":["GET"]}}],"collection":[{"href":"https:\/\/www.estrategiaconcursos.com.br\/blog\/wp-json\/wp\/v2\/posts"}],"about":[{"href":"https:\/\/www.estrategiaconcursos.com.br\/blog\/wp-json\/wp\/v2\/types\/post"}],"author":[{"embeddable":true,"href":"https:\/\/www.estrategiaconcursos.com.br\/blog\/wp-json\/wp\/v2\/users\/1206"}],"replies":[{"embeddable":true,"href":"https:\/\/www.estrategiaconcursos.com.br\/blog\/wp-json\/wp\/v2\/comments?post=1704457"}],"version-history":[{"count":44,"href":"https:\/\/www.estrategiaconcursos.com.br\/blog\/wp-json\/wp\/v2\/posts\/1704457\/revisions"}],"predecessor-version":[{"id":1719173,"href":"https:\/\/www.estrategiaconcursos.com.br\/blog\/wp-json\/wp\/v2\/posts\/1704457\/revisions\/1719173"}],"wp:featuredmedia":[{"embeddable":true,"href":"https:\/\/www.estrategiaconcursos.com.br\/blog\/wp-json\/wp\/v2\/media\/948559"}],"wp:attachment":[{"href":"https:\/\/www.estrategiaconcursos.com.br\/blog\/wp-json\/wp\/v2\/media?parent=1704457"}],"wp:term":[{"taxonomy":"category","embeddable":true,"href":"https:\/\/www.estrategiaconcursos.com.br\/blog\/wp-json\/wp\/v2\/categories?post=1704457"},{"taxonomy":"post_tag","embeddable":true,"href":"https:\/\/www.estrategiaconcursos.com.br\/blog\/wp-json\/wp\/v2\/tags?post=1704457"},{"taxonomy":"tax_estado","embeddable":true,"href":"https:\/\/www.estrategiaconcursos.com.br\/blog\/wp-json\/wp\/v2\/tax_estado?post=1704457"}],"curies":[{"name":"wp","href":"https:\/\/api.w.org\/{rel}","templated":true}]}}