{"id":1704111,"date":"2026-01-23T11:26:55","date_gmt":"2026-01-23T14:26:55","guid":{"rendered":"https:\/\/www.estrategiaconcursos.com.br\/blog\/?p=1704111"},"modified":"2026-01-23T12:21:01","modified_gmt":"2026-01-23T15:21:01","slug":"concurso-sape-sc-edital-em-fevereiro","status":"publish","type":"post","link":"https:\/\/www.estrategiaconcursos.com.br\/blog\/concurso-sape-sc-edital-em-fevereiro\/","title":{"rendered":"EXCLUSIVO! Concurso SAPE SC: edital em fevereiro!"},"content":{"rendered":"\n<p style=\"font-size:clamp(15.747px, 0.984rem + ((1vw - 3.2px) * 0.809), 24px);\"><em><strong>Ap\u00f3s revis\u00e3o t\u00e9cnica das vagas, o edital do concurso SAPE SC vai contemplar oportunidades para T\u00e9cnico Administrativo! <\/strong><\/em><\/p>\n\n\n\n<p>Aten\u00e7\u00e3o, caro leitor: trago not\u00edcias <strong>exclusivas<\/strong> sobre o concurso p\u00fablico da <strong>Secretaria de Estado da Agricultura e Pecu\u00e1ria<\/strong><em>&nbsp;<\/em>(SAPE SC)<em>.<\/em><\/p>\n\n\n\n<p>Em contato com uma fonte interna da SAPE, recebemos a informa\u00e7\u00e3o de que <strong>o edital do concurso ser\u00e1 publicado em fevereiro. <\/strong><\/p>\n\n\n\n<p>A princ\u00edpio, a Secretaria at\u00e9 gostaria de ter publicado o documento antes, mas, em raz\u00e3o de imprevistos jur\u00eddicos e administrativos relacionados \u00e0 defini\u00e7\u00e3o das vagas, n\u00e3o foi poss\u00edvel.<\/p>\n\n\n\n<p>Inicialmente, a ideia era contemplar cargos espec\u00edficos, como <strong>Engenheiro, Jornalista e em \u00e1reas administrativas<\/strong>.<\/p>\n\n\n\n<p>No entanto, como a lei n\u00e3o permite, a SAPE precisou realizar um novo estudo t\u00e9cnico, para adequar o certame \u00e0s normas existentes.<\/p>\n\n\n\n<p>Agora, a sele\u00e7\u00e3o dever\u00e1 oferecer 20 vagas para a fun\u00e7\u00e3o de <strong>T\u00e9cnico Administrativo<\/strong>, carreira que permite <strong>forma\u00e7\u00e3o de n\u00edvel superior, em qualquer \u00e1rea.<\/strong><\/p>\n\n\n\n<p>E n\u00e3o para por a\u00ed: a fonte ainda informou que na pr\u00f3xima semana ser\u00e1 iniciado o processo de dispensa de licita\u00e7\u00e3o para a escolha da banca organizadora.<\/p>\n\n\n\n<p>J\u00e1 a etapa de <strong>provas<\/strong>, de car\u00e1ter classificat\u00f3rio e eliminat\u00f3rio, dever\u00e1 ocorrer no <strong>in\u00edcio do m\u00eas de mar\u00e7o. <\/strong><\/p>\n\n\n\n<p>Os tr\u00e2mites para a abertura do certame seguem em ritmo acelerado, j\u00e1 que a Secretaria est\u00e1 focada em <strong>nomear e contratar os aprovados at\u00e9 o m\u00eas de abril.<\/strong><\/p>\n\n\n\n<h2 class=\"wp-block-heading\" id=\"h-o-que-e-a-sape-sc\"><strong> O que \u00e9 a SAPE SC? <\/strong><\/h2>\n\n\n\n<p>A <a href=\"https:\/\/www.agricultura.sc.gov.br\/\" target=\"_blank\" rel=\"noreferrer noopener\">Secretaria <\/a>\u00e9 respons\u00e1vel por quatro grandes eixos: pesquisa agropecu\u00e1ria, extens\u00e3o rural, defesa sanit\u00e1ria animal e vegetal e fomento agropecu\u00e1rio, al\u00e9m de coordenar o Programa SC Rural, que tem papel decisivo na alavancagem da competitividade da agricultura familiar e da pesca no Estado.<\/p>\n\n\n\n<h2 class=\"wp-block-heading\" id=\"h-entenda-o-que-faz-o-tecnico-administrativo-da-sape-sc\"><strong>Entenda o que faz o T\u00e9cnico Administrativo da SAPE SC!<\/strong><\/h2>\n\n\n\n<p>A carreira de T\u00e9cnico Administrativo da SAPE SC possui diversas fun\u00e7\u00f5es que s\u00e3o de suma import\u00e2ncia para o funcionamento interno do \u00f3rg\u00e3o.<\/p>\n\n\n\n<p>A seguir, voc\u00ea confere as principais atribui\u00e7\u00f5es do cargo, conforme previsto em lei:<\/p>\n\n\n\n<ul class=\"wp-block-list\">\n<li><strong>Apoio \u00e0s \u00e1reas t\u00e9cnicas da Secretaria<\/strong>, como agricultura, pecu\u00e1ria, defesa sanit\u00e1ria, pol\u00edticas p\u00fablicas rurais e programas governamentais<\/li>\n\n\n\n<li><strong>Execu\u00e7\u00e3o de atividades administrativas<\/strong> (rotinas de escrit\u00f3rio, controle de documentos e processos)<\/li>\n\n\n\n<li><strong>Elabora\u00e7\u00e3o e confer\u00eancia de relat\u00f3rios, of\u00edcios, memorandos e planilhas<\/strong><\/li>\n\n\n\n<li><strong>Apoio na tramita\u00e7\u00e3o de processos administrativos<\/strong>, inclusive contratos, conv\u00eanios e projetos<\/li>\n\n\n\n<li><strong>Controle de dados, cadastros e sistemas internos<\/strong><\/li>\n\n\n\n<li><strong>Organiza\u00e7\u00e3o de arquivos f\u00edsicos e digitais<\/strong><\/li>\n\n\n\n<li><strong>Atendimento a servidores, produtores rurais, entidades e p\u00fablico externo<\/strong>.<\/li>\n<\/ul>\n\n\n\n<p class=\"has-text-align-center\"><em>Para saber mais detalhes do concurso SAPE SC, cujo edital est\u00e1 previsto para fevereiro, acesse agora mesmo o artigo completo que preparamos para voc\u00ea:<\/em><\/p>\n\n\n\n<p class=\"has-text-align-center has-background\" style=\"background-color:#ededed;font-size:clamp(16.834px, 1.052rem + ((1vw - 3.2px) * 0.899), 26px);\">Saiba mais: <a href=\"https:\/\/www.estrategiaconcursos.com.br\/blog\/concurso-agricultura-sc\/\" target=\"_blank\" rel=\"noreferrer noopener\">Concurso SAPE SC<\/a><\/p>\n\n\n\n<hr class=\"wp-block-separator has-alpha-channel-opacity\"\/>\n\n\n\n<h2 class=\"wp-block-heading has-text-align-center\" id=\"cursos-assinatura\">Quer estudar para o concurso SAPE SC?<\/h2>\n\n\n\n<div class=\"container\" id=\"boxes\">\n  <div class=\"row\">\n\n    <div class=\"col-sm\">\n      <div class=\"banner-estrat-corj\" id=\"box-assinatura\">\n        <h2 class=\"titulo-assinatura\" style=\"text-align: left;\">Cursos para Concursos<\/h2>\n        <p class=\"subtitulo-assinatura\" style=\"text-align: left;\">Conhe\u00e7a os cursos<\/p>\n        <div class=\"box-botao\" style=\"text-align: left;\">\n          <a class=\"btn-assinatura\" target=\"_blank\" href=\"https:\/\/www.estrategiaconcursos.com.br\/pesquisa\/?q=sape+sc\/\" role=\"button\" rel=\"noopener noreferrer\">CLIQUE AQUI<\/a>\n        <\/div>\n      <\/div><\/div><\/div><\/div>\n\n\n\n<div class=\"container\" id=\"boxes\">\n  <div class=\"row\">\n\n    <div class=\"col-sm\">\n      <div class=\"estrategia\" id=\"box-assinatura\">\n        <h3 class=\"titulo-assinatura\">Assinatura Concursos<\/h3>\n        <p class=\"subtitulo-assinatura\">Assinatura de 1 ano ou 2 anos<\/p>\n        <div class=\"box-botao\">\n          <a class=\"btn-assinatura\" target=\"_blank\" href=\"https:\/\/www.estrategiaconcursos.com.br\/assinaturas\/\" role=\"button\" rel=\"noopener noreferrer\">ASSINE AGORA<\/a>\n        <\/div>\n      <\/div><\/div><\/div><\/div>\n\n\n\n<h2 class=\"wp-block-heading has-text-align-center\" id=\"h-quer-saber-tudo-sobre-concursos-previstos-confira-nossos-artigos\">Quer saber tudo sobre concursos previstos?<br \/>Confira  nossos artigos!<\/h2>\n\n\n\n<ul class=\"wp-block-list\">\n<li><a href=\"https:\/\/www.estrategiaconcursos.com.br\/blog\/concursos-abertos\/\" target=\"_blank\" rel=\"noreferrer noopener\">Concursos Abertos<\/a><\/li>\n\n\n\n<li><a href=\"https:\/\/www.estrategiaconcursos.com.br\/blog\/concursos-2026\/\" target=\"_blank\" rel=\"noreferrer noopener\">Concursos 2026<\/a><\/li>\n\n\n\n<li><a href=\"https:\/\/www.estrategiaconcursos.com.br\/blog\/concursos-sc\/\" target=\"_blank\" rel=\"noreferrer noopener\">Concursos SC<\/a><\/li>\n<\/ul>\n\n\n\n<p><\/p>\n","protected":false},"excerpt":{"rendered":"<p>Ap\u00f3s revis\u00e3o t\u00e9cnica das vagas, o edital do concurso SAPE SC vai contemplar oportunidades para T\u00e9cnico Administrativo! Aten\u00e7\u00e3o, caro leitor: trago not\u00edcias exclusivas sobre o concurso p\u00fablico da Secretaria de Estado da Agricultura e Pecu\u00e1ria&nbsp;(SAPE SC). Em contato com uma fonte interna da SAPE, recebemos a informa\u00e7\u00e3o de que o edital do concurso ser\u00e1 publicado [&hellip;]<\/p>\n","protected":false},"author":656,"featured_media":1132687,"comment_status":"open","ping_status":"closed","sticky":false,"template":"","format":"standard","meta":{"post_tipo":"news","footnotes":""},"categories":[214992,220219],"tags":[],"tax_estado":[219987],"class_list":["post-1704111","post","type-post","status-publish","format-standard","has-post-thumbnail","hentry","category-concursos-administrativos","category-noticias","tax_estado-sc"],"acf":[],"yoast_head":"<!-- This site is optimized with the Yoast SEO Premium plugin v27.2 (Yoast SEO v27.2) - https:\/\/yoast.com\/product\/yoast-seo-premium-wordpress\/ -->\n<title>EXCLUSIVO! Concurso SAPE SC: edital em fevereiro!<\/title>\n<meta name=\"description\" content=\"EXCLUSIVO! Concurso SAPE SC ter\u00e1 edital no m\u00eas de fevereiro! Ser\u00e3o ofertadas 20 vagas para T\u00e9cnico Administrativo. Provas no m\u00eas de mar\u00e7o!\" \/>\n<meta name=\"robots\" content=\"index, follow, max-snippet:-1, max-image-preview:large, max-video-preview:-1\" \/>\n<link rel=\"canonical\" href=\"https:\/\/www.estrategiaconcursos.com.br\/blog\/concurso-sape-sc-edital-em-fevereiro\/\" \/>\n<meta property=\"og:locale\" content=\"pt_BR\" \/>\n<meta property=\"og:type\" content=\"article\" \/>\n<meta property=\"og:title\" content=\"EXCLUSIVO! Concurso SAPE SC: edital em fevereiro!\" \/>\n<meta property=\"og:description\" content=\"EXCLUSIVO! Concurso SAPE SC ter\u00e1 edital no m\u00eas de fevereiro! Ser\u00e3o ofertadas 20 vagas para T\u00e9cnico Administrativo. Provas no m\u00eas de mar\u00e7o!\" \/>\n<meta property=\"og:url\" content=\"https:\/\/www.estrategiaconcursos.com.br\/blog\/concurso-sape-sc-edital-em-fevereiro\/\" \/>\n<meta property=\"og:site_name\" content=\"Estrat\u00e9gia Concursos\" \/>\n<meta property=\"article:published_time\" content=\"2026-01-23T14:26:55+00:00\" \/>\n<meta property=\"article:modified_time\" content=\"2026-01-23T15:21:01+00:00\" \/>\n<meta property=\"og:image\" content=\"https:\/\/dhg1h5j42swfq.cloudfront.net\/2022\/12\/01110338\/concursos-sc.jpg\" \/>\n\t<meta property=\"og:image:width\" content=\"1024\" \/>\n\t<meta property=\"og:image:height\" content=\"536\" \/>\n\t<meta property=\"og:image:type\" content=\"image\/jpeg\" \/>\n<meta name=\"author\" content=\"F\u00e1bio Scaldelai\" \/>\n<meta name=\"twitter:card\" content=\"summary_large_image\" \/>\n<meta name=\"twitter:creator\" content=\"@EstratConcursos\" \/>\n<meta name=\"twitter:site\" content=\"@EstratConcursos\" \/>\n<meta name=\"twitter:label1\" content=\"Escrito por\" \/>\n\t<meta name=\"twitter:data1\" content=\"F\u00e1bio Scaldelai\" \/>\n\t<meta name=\"twitter:label2\" content=\"Est. tempo de leitura\" \/>\n\t<meta name=\"twitter:data2\" content=\"3 minutos\" \/>\n<script type=\"application\/ld+json\" class=\"yoast-schema-graph\">{\"@context\":\"https:\/\/schema.org\",\"@graph\":[{\"@type\":\"NewsArticle\",\"@id\":\"https:\/\/www.estrategiaconcursos.com.br\/blog\/concurso-sape-sc-edital-em-fevereiro\/#article\",\"isPartOf\":{\"@id\":\"https:\/\/www.estrategiaconcursos.com.br\/blog\/concurso-sape-sc-edital-em-fevereiro\/\"},\"author\":{\"name\":\"F\u00e1bio Scaldelai\",\"@id\":\"https:\/\/www.estrategiaconcursos.com.br\/blog\/#\/schema\/person\/e3b6b7ce0192dd4ad270655969d61750\"},\"headline\":\"EXCLUSIVO! Concurso SAPE SC: edital em fevereiro!\",\"datePublished\":\"2026-01-23T14:26:55+00:00\",\"dateModified\":\"2026-01-23T15:21:01+00:00\",\"mainEntityOfPage\":{\"@id\":\"https:\/\/www.estrategiaconcursos.com.br\/blog\/concurso-sape-sc-edital-em-fevereiro\/\"},\"wordCount\":518,\"commentCount\":0,\"publisher\":{\"@id\":\"https:\/\/www.estrategiaconcursos.com.br\/blog\/#organization\"},\"image\":{\"@id\":\"https:\/\/www.estrategiaconcursos.com.br\/blog\/concurso-sape-sc-edital-em-fevereiro\/#primaryimage\"},\"thumbnailUrl\":\"https:\/\/dhg1h5j42swfq.cloudfront.net\/2022\/12\/01110338\/concursos-sc.jpg\",\"articleSection\":[\"Executivo (Administrativa)\",\"\u00daltimas not\u00edcias\"],\"inLanguage\":\"pt-BR\",\"potentialAction\":[{\"@type\":\"CommentAction\",\"name\":\"Comment\",\"target\":[\"https:\/\/www.estrategiaconcursos.com.br\/blog\/concurso-sape-sc-edital-em-fevereiro\/#respond\"]}],\"copyrightYear\":\"2026\",\"copyrightHolder\":{\"@id\":\"https:\/\/www.estrategiaconcursos.com.br\/blog\/#organization\"}},{\"@type\":\"WebPage\",\"@id\":\"https:\/\/www.estrategiaconcursos.com.br\/blog\/concurso-sape-sc-edital-em-fevereiro\/\",\"url\":\"https:\/\/www.estrategiaconcursos.com.br\/blog\/concurso-sape-sc-edital-em-fevereiro\/\",\"name\":\"EXCLUSIVO! Concurso SAPE SC: edital em fevereiro!\",\"isPartOf\":{\"@id\":\"https:\/\/www.estrategiaconcursos.com.br\/blog\/#website\"},\"primaryImageOfPage\":{\"@id\":\"https:\/\/www.estrategiaconcursos.com.br\/blog\/concurso-sape-sc-edital-em-fevereiro\/#primaryimage\"},\"image\":{\"@id\":\"https:\/\/www.estrategiaconcursos.com.br\/blog\/concurso-sape-sc-edital-em-fevereiro\/#primaryimage\"},\"thumbnailUrl\":\"https:\/\/dhg1h5j42swfq.cloudfront.net\/2022\/12\/01110338\/concursos-sc.jpg\",\"datePublished\":\"2026-01-23T14:26:55+00:00\",\"dateModified\":\"2026-01-23T15:21:01+00:00\",\"description\":\"EXCLUSIVO! Concurso SAPE SC ter\u00e1 edital no m\u00eas de fevereiro! Ser\u00e3o ofertadas 20 vagas para T\u00e9cnico Administrativo. Provas no m\u00eas de mar\u00e7o!\",\"breadcrumb\":{\"@id\":\"https:\/\/www.estrategiaconcursos.com.br\/blog\/concurso-sape-sc-edital-em-fevereiro\/#breadcrumb\"},\"inLanguage\":\"pt-BR\",\"potentialAction\":[{\"@type\":\"ReadAction\",\"target\":[\"https:\/\/www.estrategiaconcursos.com.br\/blog\/concurso-sape-sc-edital-em-fevereiro\/\"]}]},{\"@type\":\"ImageObject\",\"inLanguage\":\"pt-BR\",\"@id\":\"https:\/\/www.estrategiaconcursos.com.br\/blog\/concurso-sape-sc-edital-em-fevereiro\/#primaryimage\",\"url\":\"https:\/\/dhg1h5j42swfq.cloudfront.net\/2022\/12\/01110338\/concursos-sc.jpg\",\"contentUrl\":\"https:\/\/dhg1h5j42swfq.cloudfront.net\/2022\/12\/01110338\/concursos-sc.jpg\",\"width\":1024,\"height\":536,\"caption\":\"Concurso Laurentino\"},{\"@type\":\"BreadcrumbList\",\"@id\":\"https:\/\/www.estrategiaconcursos.com.br\/blog\/concurso-sape-sc-edital-em-fevereiro\/#breadcrumb\",\"itemListElement\":[{\"@type\":\"ListItem\",\"position\":1,\"name\":\"In\u00edcio\",\"item\":\"https:\/\/www.estrategiaconcursos.com.br\/blog\/\"},{\"@type\":\"ListItem\",\"position\":2,\"name\":\"EXCLUSIVO! Concurso SAPE SC: edital em fevereiro!\"}]},{\"@type\":\"WebSite\",\"@id\":\"https:\/\/www.estrategiaconcursos.com.br\/blog\/#website\",\"url\":\"https:\/\/www.estrategiaconcursos.com.br\/blog\/\",\"name\":\"Estrat\u00e9gia Concursos\",\"description\":\"O blog da Estrat\u00e9gia Concursos traz not\u00edcias sobre concursos e artigos de professores oferecendo cursos para concursos (pdf + videaulas) no site.\",\"publisher\":{\"@id\":\"https:\/\/www.estrategiaconcursos.com.br\/blog\/#organization\"},\"potentialAction\":[{\"@type\":\"SearchAction\",\"target\":{\"@type\":\"EntryPoint\",\"urlTemplate\":\"https:\/\/www.estrategiaconcursos.com.br\/blog\/?s={search_term_string}\"},\"query-input\":{\"@type\":\"PropertyValueSpecification\",\"valueRequired\":true,\"valueName\":\"search_term_string\"}}],\"inLanguage\":\"pt-BR\"},{\"@type\":\"Organization\",\"@id\":\"https:\/\/www.estrategiaconcursos.com.br\/blog\/#organization\",\"name\":\"Estrat\u00e9gia Concursos\",\"url\":\"https:\/\/www.estrategiaconcursos.com.br\/blog\/\",\"logo\":{\"@type\":\"ImageObject\",\"inLanguage\":\"pt-BR\",\"@id\":\"https:\/\/www.estrategiaconcursos.com.br\/blog\/#\/schema\/logo\/image\/\",\"url\":\"https:\/\/dhg1h5j42swfq.cloudfront.net\/2025\/06\/03203428\/logo_concursos-1.jpg\",\"contentUrl\":\"https:\/\/dhg1h5j42swfq.cloudfront.net\/2025\/06\/03203428\/logo_concursos-1.jpg\",\"width\":230,\"height\":60,\"caption\":\"Estrat\u00e9gia Concursos\"},\"image\":{\"@id\":\"https:\/\/www.estrategiaconcursos.com.br\/blog\/#\/schema\/logo\/image\/\"},\"sameAs\":[\"https:\/\/x.com\/EstratConcursos\"]},{\"@type\":\"Person\",\"@id\":\"https:\/\/www.estrategiaconcursos.com.br\/blog\/#\/schema\/person\/e3b6b7ce0192dd4ad270655969d61750\",\"name\":\"F\u00e1bio Scaldelai\",\"image\":{\"@type\":\"ImageObject\",\"inLanguage\":\"pt-BR\",\"@id\":\"https:\/\/secure.gravatar.com\/avatar\/8ed7492c4d88d8495bc0cb24cda6847b8ae23eec459a919e08e77d0ca0fd79ec?s=96&d=mm&r=g\",\"url\":\"https:\/\/secure.gravatar.com\/avatar\/8ed7492c4d88d8495bc0cb24cda6847b8ae23eec459a919e08e77d0ca0fd79ec?s=96&d=mm&r=g\",\"contentUrl\":\"https:\/\/secure.gravatar.com\/avatar\/8ed7492c4d88d8495bc0cb24cda6847b8ae23eec459a919e08e77d0ca0fd79ec?s=96&d=mm&r=g\",\"caption\":\"F\u00e1bio Scaldelai\"},\"description\":\"Jornalista no Estrat\u00e9gia Concursos e Produtor de Televis\u00e3o, formado em Jornalismo, R\u00e1dio e TV pela Faculdade Integrada Rio Branco, com especializa\u00e7\u00f5es em Gest\u00e3o Empresarial e Marketing pelo M\u00f3dulo. Atuou como produtor no SBT, TV Bandeirantes e R\u00e1dio Band FM, al\u00e9m de acumular tr\u00eas anos de experi\u00eancia no setor de concursos p\u00fablicos pela LFG (Luiz Fl\u00e1vio Gomes). No Estrat\u00e9gia Concursos, atua na apura\u00e7\u00e3o de not\u00edcias da \u00e1rea fiscal, al\u00e9m de coberturas sobre concursos das \u00e1reas de controle (TCU, TCE, etc), concurso AFT, \u00e1rea de gest\u00e3o e administrativa, bem como dos \u00f3rg\u00e3os participantes do CNU. Tamb\u00e9m possui experi\u00eancia em link building e an\u00e1lise de m\u00eddia, adquirida durante sua atua\u00e7\u00e3o na ag\u00eancia SEO Marketing.\",\"url\":\"https:\/\/www.estrategiaconcursos.com.br\/blog\/author\/fabio-scaldelaiestrategiaconcursos-com-br\/\"}]}<\/script>\n<!-- \/ Yoast SEO Premium plugin. -->","yoast_head_json":{"title":"EXCLUSIVO! Concurso SAPE SC: edital em fevereiro!","description":"EXCLUSIVO! Concurso SAPE SC ter\u00e1 edital no m\u00eas de fevereiro! Ser\u00e3o ofertadas 20 vagas para T\u00e9cnico Administrativo. Provas no m\u00eas de mar\u00e7o!","robots":{"index":"index","follow":"follow","max-snippet":"max-snippet:-1","max-image-preview":"max-image-preview:large","max-video-preview":"max-video-preview:-1"},"canonical":"https:\/\/www.estrategiaconcursos.com.br\/blog\/concurso-sape-sc-edital-em-fevereiro\/","og_locale":"pt_BR","og_type":"article","og_title":"EXCLUSIVO! Concurso SAPE SC: edital em fevereiro!","og_description":"EXCLUSIVO! Concurso SAPE SC ter\u00e1 edital no m\u00eas de fevereiro! Ser\u00e3o ofertadas 20 vagas para T\u00e9cnico Administrativo. Provas no m\u00eas de mar\u00e7o!","og_url":"https:\/\/www.estrategiaconcursos.com.br\/blog\/concurso-sape-sc-edital-em-fevereiro\/","og_site_name":"Estrat\u00e9gia Concursos","article_published_time":"2026-01-23T14:26:55+00:00","article_modified_time":"2026-01-23T15:21:01+00:00","og_image":[{"width":1024,"height":536,"url":"https:\/\/dhg1h5j42swfq.cloudfront.net\/2022\/12\/01110338\/concursos-sc.jpg","type":"image\/jpeg"}],"author":"F\u00e1bio Scaldelai","twitter_card":"summary_large_image","twitter_creator":"@EstratConcursos","twitter_site":"@EstratConcursos","twitter_misc":{"Escrito por":"F\u00e1bio Scaldelai","Est. tempo de leitura":"3 minutos"},"schema":{"@context":"https:\/\/schema.org","@graph":[{"@type":"NewsArticle","@id":"https:\/\/www.estrategiaconcursos.com.br\/blog\/concurso-sape-sc-edital-em-fevereiro\/#article","isPartOf":{"@id":"https:\/\/www.estrategiaconcursos.com.br\/blog\/concurso-sape-sc-edital-em-fevereiro\/"},"author":{"name":"F\u00e1bio Scaldelai","@id":"https:\/\/www.estrategiaconcursos.com.br\/blog\/#\/schema\/person\/e3b6b7ce0192dd4ad270655969d61750"},"headline":"EXCLUSIVO! Concurso SAPE SC: edital em fevereiro!","datePublished":"2026-01-23T14:26:55+00:00","dateModified":"2026-01-23T15:21:01+00:00","mainEntityOfPage":{"@id":"https:\/\/www.estrategiaconcursos.com.br\/blog\/concurso-sape-sc-edital-em-fevereiro\/"},"wordCount":518,"commentCount":0,"publisher":{"@id":"https:\/\/www.estrategiaconcursos.com.br\/blog\/#organization"},"image":{"@id":"https:\/\/www.estrategiaconcursos.com.br\/blog\/concurso-sape-sc-edital-em-fevereiro\/#primaryimage"},"thumbnailUrl":"https:\/\/dhg1h5j42swfq.cloudfront.net\/2022\/12\/01110338\/concursos-sc.jpg","articleSection":["Executivo (Administrativa)","\u00daltimas not\u00edcias"],"inLanguage":"pt-BR","potentialAction":[{"@type":"CommentAction","name":"Comment","target":["https:\/\/www.estrategiaconcursos.com.br\/blog\/concurso-sape-sc-edital-em-fevereiro\/#respond"]}],"copyrightYear":"2026","copyrightHolder":{"@id":"https:\/\/www.estrategiaconcursos.com.br\/blog\/#organization"}},{"@type":"WebPage","@id":"https:\/\/www.estrategiaconcursos.com.br\/blog\/concurso-sape-sc-edital-em-fevereiro\/","url":"https:\/\/www.estrategiaconcursos.com.br\/blog\/concurso-sape-sc-edital-em-fevereiro\/","name":"EXCLUSIVO! Concurso SAPE SC: edital em fevereiro!","isPartOf":{"@id":"https:\/\/www.estrategiaconcursos.com.br\/blog\/#website"},"primaryImageOfPage":{"@id":"https:\/\/www.estrategiaconcursos.com.br\/blog\/concurso-sape-sc-edital-em-fevereiro\/#primaryimage"},"image":{"@id":"https:\/\/www.estrategiaconcursos.com.br\/blog\/concurso-sape-sc-edital-em-fevereiro\/#primaryimage"},"thumbnailUrl":"https:\/\/dhg1h5j42swfq.cloudfront.net\/2022\/12\/01110338\/concursos-sc.jpg","datePublished":"2026-01-23T14:26:55+00:00","dateModified":"2026-01-23T15:21:01+00:00","description":"EXCLUSIVO! Concurso SAPE SC ter\u00e1 edital no m\u00eas de fevereiro! Ser\u00e3o ofertadas 20 vagas para T\u00e9cnico Administrativo. Provas no m\u00eas de mar\u00e7o!","breadcrumb":{"@id":"https:\/\/www.estrategiaconcursos.com.br\/blog\/concurso-sape-sc-edital-em-fevereiro\/#breadcrumb"},"inLanguage":"pt-BR","potentialAction":[{"@type":"ReadAction","target":["https:\/\/www.estrategiaconcursos.com.br\/blog\/concurso-sape-sc-edital-em-fevereiro\/"]}]},{"@type":"ImageObject","inLanguage":"pt-BR","@id":"https:\/\/www.estrategiaconcursos.com.br\/blog\/concurso-sape-sc-edital-em-fevereiro\/#primaryimage","url":"https:\/\/dhg1h5j42swfq.cloudfront.net\/2022\/12\/01110338\/concursos-sc.jpg","contentUrl":"https:\/\/dhg1h5j42swfq.cloudfront.net\/2022\/12\/01110338\/concursos-sc.jpg","width":1024,"height":536,"caption":"Concurso Laurentino"},{"@type":"BreadcrumbList","@id":"https:\/\/www.estrategiaconcursos.com.br\/blog\/concurso-sape-sc-edital-em-fevereiro\/#breadcrumb","itemListElement":[{"@type":"ListItem","position":1,"name":"In\u00edcio","item":"https:\/\/www.estrategiaconcursos.com.br\/blog\/"},{"@type":"ListItem","position":2,"name":"EXCLUSIVO! Concurso SAPE SC: edital em fevereiro!"}]},{"@type":"WebSite","@id":"https:\/\/www.estrategiaconcursos.com.br\/blog\/#website","url":"https:\/\/www.estrategiaconcursos.com.br\/blog\/","name":"Estrat\u00e9gia Concursos","description":"O blog da Estrat\u00e9gia Concursos traz not\u00edcias sobre concursos e artigos de professores oferecendo cursos para concursos (pdf + videaulas) no site.","publisher":{"@id":"https:\/\/www.estrategiaconcursos.com.br\/blog\/#organization"},"potentialAction":[{"@type":"SearchAction","target":{"@type":"EntryPoint","urlTemplate":"https:\/\/www.estrategiaconcursos.com.br\/blog\/?s={search_term_string}"},"query-input":{"@type":"PropertyValueSpecification","valueRequired":true,"valueName":"search_term_string"}}],"inLanguage":"pt-BR"},{"@type":"Organization","@id":"https:\/\/www.estrategiaconcursos.com.br\/blog\/#organization","name":"Estrat\u00e9gia Concursos","url":"https:\/\/www.estrategiaconcursos.com.br\/blog\/","logo":{"@type":"ImageObject","inLanguage":"pt-BR","@id":"https:\/\/www.estrategiaconcursos.com.br\/blog\/#\/schema\/logo\/image\/","url":"https:\/\/dhg1h5j42swfq.cloudfront.net\/2025\/06\/03203428\/logo_concursos-1.jpg","contentUrl":"https:\/\/dhg1h5j42swfq.cloudfront.net\/2025\/06\/03203428\/logo_concursos-1.jpg","width":230,"height":60,"caption":"Estrat\u00e9gia Concursos"},"image":{"@id":"https:\/\/www.estrategiaconcursos.com.br\/blog\/#\/schema\/logo\/image\/"},"sameAs":["https:\/\/x.com\/EstratConcursos"]},{"@type":"Person","@id":"https:\/\/www.estrategiaconcursos.com.br\/blog\/#\/schema\/person\/e3b6b7ce0192dd4ad270655969d61750","name":"F\u00e1bio Scaldelai","image":{"@type":"ImageObject","inLanguage":"pt-BR","@id":"https:\/\/secure.gravatar.com\/avatar\/8ed7492c4d88d8495bc0cb24cda6847b8ae23eec459a919e08e77d0ca0fd79ec?s=96&d=mm&r=g","url":"https:\/\/secure.gravatar.com\/avatar\/8ed7492c4d88d8495bc0cb24cda6847b8ae23eec459a919e08e77d0ca0fd79ec?s=96&d=mm&r=g","contentUrl":"https:\/\/secure.gravatar.com\/avatar\/8ed7492c4d88d8495bc0cb24cda6847b8ae23eec459a919e08e77d0ca0fd79ec?s=96&d=mm&r=g","caption":"F\u00e1bio Scaldelai"},"description":"Jornalista no Estrat\u00e9gia Concursos e Produtor de Televis\u00e3o, formado em Jornalismo, R\u00e1dio e TV pela Faculdade Integrada Rio Branco, com especializa\u00e7\u00f5es em Gest\u00e3o Empresarial e Marketing pelo M\u00f3dulo. Atuou como produtor no SBT, TV Bandeirantes e R\u00e1dio Band FM, al\u00e9m de acumular tr\u00eas anos de experi\u00eancia no setor de concursos p\u00fablicos pela LFG (Luiz Fl\u00e1vio Gomes). No Estrat\u00e9gia Concursos, atua na apura\u00e7\u00e3o de not\u00edcias da \u00e1rea fiscal, al\u00e9m de coberturas sobre concursos das \u00e1reas de controle (TCU, TCE, etc), concurso AFT, \u00e1rea de gest\u00e3o e administrativa, bem como dos \u00f3rg\u00e3os participantes do CNU. Tamb\u00e9m possui experi\u00eancia em link building e an\u00e1lise de m\u00eddia, adquirida durante sua atua\u00e7\u00e3o na ag\u00eancia SEO Marketing.","url":"https:\/\/www.estrategiaconcursos.com.br\/blog\/author\/fabio-scaldelaiestrategiaconcursos-com-br\/"}]}},"_links":{"self":[{"href":"https:\/\/www.estrategiaconcursos.com.br\/blog\/wp-json\/wp\/v2\/posts\/1704111","targetHints":{"allow":["GET"]}}],"collection":[{"href":"https:\/\/www.estrategiaconcursos.com.br\/blog\/wp-json\/wp\/v2\/posts"}],"about":[{"href":"https:\/\/www.estrategiaconcursos.com.br\/blog\/wp-json\/wp\/v2\/types\/post"}],"author":[{"embeddable":true,"href":"https:\/\/www.estrategiaconcursos.com.br\/blog\/wp-json\/wp\/v2\/users\/656"}],"replies":[{"embeddable":true,"href":"https:\/\/www.estrategiaconcursos.com.br\/blog\/wp-json\/wp\/v2\/comments?post=1704111"}],"version-history":[{"count":5,"href":"https:\/\/www.estrategiaconcursos.com.br\/blog\/wp-json\/wp\/v2\/posts\/1704111\/revisions"}],"predecessor-version":[{"id":1704177,"href":"https:\/\/www.estrategiaconcursos.com.br\/blog\/wp-json\/wp\/v2\/posts\/1704111\/revisions\/1704177"}],"wp:featuredmedia":[{"embeddable":true,"href":"https:\/\/www.estrategiaconcursos.com.br\/blog\/wp-json\/wp\/v2\/media\/1132687"}],"wp:attachment":[{"href":"https:\/\/www.estrategiaconcursos.com.br\/blog\/wp-json\/wp\/v2\/media?parent=1704111"}],"wp:term":[{"taxonomy":"category","embeddable":true,"href":"https:\/\/www.estrategiaconcursos.com.br\/blog\/wp-json\/wp\/v2\/categories?post=1704111"},{"taxonomy":"post_tag","embeddable":true,"href":"https:\/\/www.estrategiaconcursos.com.br\/blog\/wp-json\/wp\/v2\/tags?post=1704111"},{"taxonomy":"tax_estado","embeddable":true,"href":"https:\/\/www.estrategiaconcursos.com.br\/blog\/wp-json\/wp\/v2\/tax_estado?post=1704111"}],"curies":[{"name":"wp","href":"https:\/\/api.w.org\/{rel}","templated":true}]}}